{"id":1205,"date":"2015-12-03T08:36:54","date_gmt":"2015-12-03T07:36:54","guid":{"rendered":"https:\/\/tuplice.pl\/proba-syren\/"},"modified":"2015-12-03T08:36:54","modified_gmt":"2015-12-03T07:36:54","slug":"proba-syren","status":"publish","type":"post","link":"https:\/\/tuplice.pl\/index.php\/2015\/12\/03\/proba-syren\/","title":{"rendered":"Pr\u00f3ba syren"},"content":{"rendered":"<p><img decoding=\"async\" loading=\"lazy\" class=\" alignleft size-full wp-image-1202\" src=\"https:\/\/tuplice.pl\/wp-content\/uploads\/2015\/12\/syrena.JPG\" border=\"0\" style=\"border: 0; float: left; margin: 10px;\" width=\"150\" height=\"120\" \/>W dniu 10 grudnia 2015 roku, w godz. 12.00 &#8211; 12.30 na terenie Gminy Tuplice zostanie przeprowadzona g\u0142o\u015bna pr\u00f3ba syren alarmowych.<br \/>Podczas pr\u00f3by zostanie wyemitowany d\u017awi\u0119k modulowany trwaj\u0105cy trzy minuty \u2013 oznaczaj\u0105cy og\u0142oszenie alarmu oraz d\u017awi\u0119k ci\u0105g\u0142y trwaj\u0105cy trzy minuty \u2013 oznaczaj\u0105cy odwo\u0142anie alarmu.<br \/>Apelujemy do mieszka\u0144c\u00f3w o traktowanie nadawanych sygna\u0142\u00f3w jako \u0107wiczenia, a nie rzeczywistego zagro\u017cenia.<\/p>\n","protected":false},"excerpt":{"rendered":"<p>W dniu 10 grudnia 2015 roku, w godz. 12.00 &#8211; 12.30 na terenie Gminy Tuplice zostanie przeprowadzona g\u0142o\u015bna pr\u00f3ba syren alarmowych.Podczas pr\u00f3by zostanie wyemitowany d\u017awi\u0119k modulowany trwaj\u0105cy trzy minuty \u2013 oznaczaj\u0105cy og\u0142oszenie alarmu oraz d\u017awi\u0119k ci\u0105g\u0142y trwaj\u0105cy trzy minuty \u2013 oznaczaj\u0105cy odwo\u0142anie alarmu.Apelujemy do mieszka\u0144c\u00f3w o traktowanie nadawanych sygna\u0142\u00f3w jako \u0107wiczenia, a nie rzeczywistego zagro\u017cenia.<\/p>\n","protected":false},"author":4,"featured_media":1203,"comment_status":"closed","ping_status":"closed","sticky":false,"template":"","format":"standard","meta":{"_et_pb_use_builder":"","_et_pb_old_content":"","_et_gb_content_width":"","_monsterinsights_skip_tracking":false},"categories":[82],"tags":[],"aioseo_notices":[],"aioseo_head":"\n\t\t<!-- All in One SEO 4.9.10 - aioseo.com -->\n\t<meta name=\"description\" content=\"W dniu 10 grudnia 2015 roku, w godz. 12.00 - 12.30 na terenie Gminy Tuplice zostanie przeprowadzona g\u0142o\u015bna pr\u00f3ba syren alarmowych.Podczas pr\u00f3by zostanie wyemitowany d\u017awi\u0119k modulowany trwaj\u0105cy trzy minuty \u2013 oznaczaj\u0105cy og\u0142oszenie alarmu oraz d\u017awi\u0119k ci\u0105g\u0142y trwaj\u0105cy trzy minuty \u2013 oznaczaj\u0105cy odwo\u0142anie alarmu.Apelujemy do mieszka\u0144c\u00f3w o traktowanie nadawanych sygna\u0142\u00f3w jako \u0107wiczenia, a nie rzeczywistego zagro\u017cenia.\" \/>\n\t<meta name=\"robots\" content=\"max-image-preview:large\" \/>\n\t<meta name=\"author\" content=\"admin\"\/>\n\t<link rel=\"canonical\" href=\"https:\/\/tuplice.pl\/index.php\/2015\/12\/03\/proba-syren\/\" \/>\n\t<meta name=\"generator\" content=\"All in One SEO (AIOSEO) 4.9.10\" \/>\n\t\t<meta property=\"og:locale\" content=\"pl_PL\" \/>\n\t\t<meta property=\"og:site_name\" content=\"Gmina Tuplice - Strona Gminy Tuplice\" \/>\n\t\t<meta property=\"og:type\" content=\"article\" \/>\n\t\t<meta property=\"og:title\" content=\"Pr\u00f3ba syren - Gmina Tuplice\" \/>\n\t\t<meta property=\"og:description\" content=\"W dniu 10 grudnia 2015 roku, w godz. 12.00 - 12.30 na terenie Gminy Tuplice zostanie przeprowadzona g\u0142o\u015bna pr\u00f3ba syren alarmowych.Podczas pr\u00f3by zostanie wyemitowany d\u017awi\u0119k modulowany trwaj\u0105cy trzy minuty \u2013 oznaczaj\u0105cy og\u0142oszenie alarmu oraz d\u017awi\u0119k ci\u0105g\u0142y trwaj\u0105cy trzy minuty \u2013 oznaczaj\u0105cy odwo\u0142anie alarmu.Apelujemy do mieszka\u0144c\u00f3w o traktowanie nadawanych sygna\u0142\u00f3w jako \u0107wiczenia, a nie rzeczywistego zagro\u017cenia.\" \/>\n\t\t<meta property=\"og:url\" content=\"https:\/\/tuplice.pl\/index.php\/2015\/12\/03\/proba-syren\/\" \/>\n\t\t<meta property=\"article:published_time\" content=\"2015-12-03T07:36:54+00:00\" \/>\n\t\t<meta property=\"article:modified_time\" content=\"2015-12-03T07:36:54+00:00\" \/>\n\t\t<meta property=\"article:publisher\" content=\"https:\/\/facebook.com\/Tuplicki Biuletyn Informacyjny\" \/>\n\t\t<meta name=\"twitter:card\" content=\"summary_large_image\" \/>\n\t\t<meta name=\"twitter:title\" content=\"Pr\u00f3ba syren - Gmina Tuplice\" \/>\n\t\t<meta name=\"twitter:description\" content=\"W dniu 10 grudnia 2015 roku, w godz. 12.00 - 12.30 na terenie Gminy Tuplice zostanie przeprowadzona g\u0142o\u015bna pr\u00f3ba syren alarmowych.Podczas pr\u00f3by zostanie wyemitowany d\u017awi\u0119k modulowany trwaj\u0105cy trzy minuty \u2013 oznaczaj\u0105cy og\u0142oszenie alarmu oraz d\u017awi\u0119k ci\u0105g\u0142y trwaj\u0105cy trzy minuty \u2013 oznaczaj\u0105cy odwo\u0142anie alarmu.Apelujemy do mieszka\u0144c\u00f3w o traktowanie nadawanych sygna\u0142\u00f3w jako \u0107wiczenia, a nie rzeczywistego zagro\u017cenia.\" \/>\n\t\t<script type=\"application\/ld+json\" class=\"aioseo-schema\">\n\t\t\t{\"@context\":\"https:\\\/\\\/schema.org\",\"@graph\":[{\"@type\":\"BlogPosting\",\"@id\":\"https:\\\/\\\/tuplice.pl\\\/index.php\\\/2015\\\/12\\\/03\\\/proba-syren\\\/#blogposting\",\"name\":\"Pr\\u00f3ba syren - Gmina Tuplice\",\"headline\":\"Pr\\u00f3ba syren\",\"author\":{\"@id\":\"https:\\\/\\\/tuplice.pl\\\/index.php\\\/author\\\/admin-2\\\/#author\"},\"publisher\":{\"@id\":\"https:\\\/\\\/tuplice.pl\\\/#organization\"},\"image\":{\"@type\":\"ImageObject\",\"url\":1203},\"datePublished\":\"2015-12-03T08:36:54+01:00\",\"dateModified\":\"2015-12-03T08:36:54+01:00\",\"inLanguage\":\"pl-PL\",\"mainEntityOfPage\":{\"@id\":\"https:\\\/\\\/tuplice.pl\\\/index.php\\\/2015\\\/12\\\/03\\\/proba-syren\\\/#webpage\"},\"isPartOf\":{\"@id\":\"https:\\\/\\\/tuplice.pl\\\/index.php\\\/2015\\\/12\\\/03\\\/proba-syren\\\/#webpage\"},\"articleSection\":\"Aktualno\\u015bci\"},{\"@type\":\"BreadcrumbList\",\"@id\":\"https:\\\/\\\/tuplice.pl\\\/index.php\\\/2015\\\/12\\\/03\\\/proba-syren\\\/#breadcrumblist\",\"itemListElement\":[{\"@type\":\"ListItem\",\"@id\":\"https:\\\/\\\/tuplice.pl#listItem\",\"position\":1,\"name\":\"Home\",\"item\":\"https:\\\/\\\/tuplice.pl\",\"nextItem\":{\"@type\":\"ListItem\",\"@id\":\"https:\\\/\\\/tuplice.pl\\\/index.php\\\/category\\\/aktualnosci\\\/#listItem\",\"name\":\"Aktualno\\u015bci\"}},{\"@type\":\"ListItem\",\"@id\":\"https:\\\/\\\/tuplice.pl\\\/index.php\\\/category\\\/aktualnosci\\\/#listItem\",\"position\":2,\"name\":\"Aktualno\\u015bci\",\"item\":\"https:\\\/\\\/tuplice.pl\\\/index.php\\\/category\\\/aktualnosci\\\/\",\"nextItem\":{\"@type\":\"ListItem\",\"@id\":\"https:\\\/\\\/tuplice.pl\\\/index.php\\\/2015\\\/12\\\/03\\\/proba-syren\\\/#listItem\",\"name\":\"Pr\\u00f3ba syren\"},\"previousItem\":{\"@type\":\"ListItem\",\"@id\":\"https:\\\/\\\/tuplice.pl#listItem\",\"name\":\"Home\"}},{\"@type\":\"ListItem\",\"@id\":\"https:\\\/\\\/tuplice.pl\\\/index.php\\\/2015\\\/12\\\/03\\\/proba-syren\\\/#listItem\",\"position\":3,\"name\":\"Pr\\u00f3ba syren\",\"previousItem\":{\"@type\":\"ListItem\",\"@id\":\"https:\\\/\\\/tuplice.pl\\\/index.php\\\/category\\\/aktualnosci\\\/#listItem\",\"name\":\"Aktualno\\u015bci\"}}]},{\"@type\":\"Organization\",\"@id\":\"https:\\\/\\\/tuplice.pl\\\/#organization\",\"name\":\"Gmina Tuplice Gmina Tuplice\",\"description\":\"Strona Gminy Tuplice Strona Urz\\u0119du Gminy Tuplice\",\"url\":\"https:\\\/\\\/tuplice.pl\\\/\",\"telephone\":\"+48683625720\",\"logo\":{\"@type\":\"ImageObject\",\"url\":\"https:\\\/\\\/tuplice.pl\\\/wp-content\\\/uploads\\\/2025\\\/07\\\/images.png\",\"@id\":\"https:\\\/\\\/tuplice.pl\\\/index.php\\\/2015\\\/12\\\/03\\\/proba-syren\\\/#organizationLogo\",\"width\":282,\"height\":179},\"image\":{\"@id\":\"https:\\\/\\\/tuplice.pl\\\/index.php\\\/2015\\\/12\\\/03\\\/proba-syren\\\/#organizationLogo\"},\"sameAs\":[\"https:\\\/\\\/facebook.com\\\/Tuplicki Biuletyn Informacyjny\",\"https:\\\/\\\/pinterest.com\\\/Tuplicki Biuletyn Informacyjny\",\"https:\\\/\\\/youtube.com\\\/Tuplicki Biuletyn Informacyjny\"]},{\"@type\":\"Person\",\"@id\":\"https:\\\/\\\/tuplice.pl\\\/index.php\\\/author\\\/admin-2\\\/#author\",\"url\":\"https:\\\/\\\/tuplice.pl\\\/index.php\\\/author\\\/admin-2\\\/\",\"name\":\"admin\",\"image\":{\"@type\":\"ImageObject\",\"@id\":\"https:\\\/\\\/tuplice.pl\\\/index.php\\\/2015\\\/12\\\/03\\\/proba-syren\\\/#authorImage\",\"url\":\"https:\\\/\\\/secure.gravatar.com\\\/avatar\\\/8a55bb0a6c2b7d7d608f6e5c7d99e391?s=96&d=mm&r=g\",\"width\":96,\"height\":96,\"caption\":\"admin\"}},{\"@type\":\"WebPage\",\"@id\":\"https:\\\/\\\/tuplice.pl\\\/index.php\\\/2015\\\/12\\\/03\\\/proba-syren\\\/#webpage\",\"url\":\"https:\\\/\\\/tuplice.pl\\\/index.php\\\/2015\\\/12\\\/03\\\/proba-syren\\\/\",\"name\":\"Pr\\u00f3ba syren - Gmina Tuplice\",\"description\":\"W dniu 10 grudnia 2015 roku, w godz. 12.00 - 12.30 na terenie Gminy Tuplice zostanie przeprowadzona g\\u0142o\\u015bna pr\\u00f3ba syren alarmowych.Podczas pr\\u00f3by zostanie wyemitowany d\\u017awi\\u0119k modulowany trwaj\\u0105cy trzy minuty \\u2013 oznaczaj\\u0105cy og\\u0142oszenie alarmu oraz d\\u017awi\\u0119k ci\\u0105g\\u0142y trwaj\\u0105cy trzy minuty \\u2013 oznaczaj\\u0105cy odwo\\u0142anie alarmu.Apelujemy do mieszka\\u0144c\\u00f3w o traktowanie nadawanych sygna\\u0142\\u00f3w jako \\u0107wiczenia, a nie rzeczywistego zagro\\u017cenia.\",\"inLanguage\":\"pl-PL\",\"isPartOf\":{\"@id\":\"https:\\\/\\\/tuplice.pl\\\/#website\"},\"breadcrumb\":{\"@id\":\"https:\\\/\\\/tuplice.pl\\\/index.php\\\/2015\\\/12\\\/03\\\/proba-syren\\\/#breadcrumblist\"},\"author\":{\"@id\":\"https:\\\/\\\/tuplice.pl\\\/index.php\\\/author\\\/admin-2\\\/#author\"},\"creator\":{\"@id\":\"https:\\\/\\\/tuplice.pl\\\/index.php\\\/author\\\/admin-2\\\/#author\"},\"image\":{\"@type\":\"ImageObject\",\"url\":1203,\"@id\":\"https:\\\/\\\/tuplice.pl\\\/index.php\\\/2015\\\/12\\\/03\\\/proba-syren\\\/#mainImage\"},\"primaryImageOfPage\":{\"@id\":\"https:\\\/\\\/tuplice.pl\\\/index.php\\\/2015\\\/12\\\/03\\\/proba-syren\\\/#mainImage\"},\"datePublished\":\"2015-12-03T08:36:54+01:00\",\"dateModified\":\"2015-12-03T08:36:54+01:00\"},{\"@type\":\"WebSite\",\"@id\":\"https:\\\/\\\/tuplice.pl\\\/#website\",\"url\":\"https:\\\/\\\/tuplice.pl\\\/\",\"name\":\"Gmina Tuplice\",\"description\":\"Strona Gminy Tuplice\",\"inLanguage\":\"pl-PL\",\"publisher\":{\"@id\":\"https:\\\/\\\/tuplice.pl\\\/#organization\"}}]}\n\t\t<\/script>\n\t\t<!-- All in One SEO -->\n\n","aioseo_head_json":{"title":"Pr\u00f3ba syren - Gmina Tuplice","description":"W dniu 10 grudnia 2015 roku, w godz. 12.00 - 12.30 na terenie Gminy Tuplice zostanie przeprowadzona g\u0142o\u015bna pr\u00f3ba syren alarmowych.Podczas pr\u00f3by zostanie wyemitowany d\u017awi\u0119k modulowany trwaj\u0105cy trzy minuty \u2013 oznaczaj\u0105cy og\u0142oszenie alarmu oraz d\u017awi\u0119k ci\u0105g\u0142y trwaj\u0105cy trzy minuty \u2013 oznaczaj\u0105cy odwo\u0142anie alarmu.Apelujemy do mieszka\u0144c\u00f3w o traktowanie nadawanych sygna\u0142\u00f3w jako \u0107wiczenia, a nie rzeczywistego zagro\u017cenia.","canonical_url":"https:\/\/tuplice.pl\/index.php\/2015\/12\/03\/proba-syren\/","robots":"max-image-preview:large","keywords":"","webmasterTools":{"miscellaneous":""},"schema":{"@context":"https:\/\/schema.org","@graph":[{"@type":"BlogPosting","@id":"https:\/\/tuplice.pl\/index.php\/2015\/12\/03\/proba-syren\/#blogposting","name":"Pr\u00f3ba syren - Gmina Tuplice","headline":"Pr\u00f3ba syren","author":{"@id":"https:\/\/tuplice.pl\/index.php\/author\/admin-2\/#author"},"publisher":{"@id":"https:\/\/tuplice.pl\/#organization"},"image":{"@type":"ImageObject","url":1203},"datePublished":"2015-12-03T08:36:54+01:00","dateModified":"2015-12-03T08:36:54+01:00","inLanguage":"pl-PL","mainEntityOfPage":{"@id":"https:\/\/tuplice.pl\/index.php\/2015\/12\/03\/proba-syren\/#webpage"},"isPartOf":{"@id":"https:\/\/tuplice.pl\/index.php\/2015\/12\/03\/proba-syren\/#webpage"},"articleSection":"Aktualno\u015bci"},{"@type":"BreadcrumbList","@id":"https:\/\/tuplice.pl\/index.php\/2015\/12\/03\/proba-syren\/#breadcrumblist","itemListElement":[{"@type":"ListItem","@id":"https:\/\/tuplice.pl#listItem","position":1,"name":"Home","item":"https:\/\/tuplice.pl","nextItem":{"@type":"ListItem","@id":"https:\/\/tuplice.pl\/index.php\/category\/aktualnosci\/#listItem","name":"Aktualno\u015bci"}},{"@type":"ListItem","@id":"https:\/\/tuplice.pl\/index.php\/category\/aktualnosci\/#listItem","position":2,"name":"Aktualno\u015bci","item":"https:\/\/tuplice.pl\/index.php\/category\/aktualnosci\/","nextItem":{"@type":"ListItem","@id":"https:\/\/tuplice.pl\/index.php\/2015\/12\/03\/proba-syren\/#listItem","name":"Pr\u00f3ba syren"},"previousItem":{"@type":"ListItem","@id":"https:\/\/tuplice.pl#listItem","name":"Home"}},{"@type":"ListItem","@id":"https:\/\/tuplice.pl\/index.php\/2015\/12\/03\/proba-syren\/#listItem","position":3,"name":"Pr\u00f3ba syren","previousItem":{"@type":"ListItem","@id":"https:\/\/tuplice.pl\/index.php\/category\/aktualnosci\/#listItem","name":"Aktualno\u015bci"}}]},{"@type":"Organization","@id":"https:\/\/tuplice.pl\/#organization","name":"Gmina Tuplice Gmina Tuplice","description":"Strona Gminy Tuplice Strona Urz\u0119du Gminy Tuplice","url":"https:\/\/tuplice.pl\/","telephone":"+48683625720","logo":{"@type":"ImageObject","url":"https:\/\/tuplice.pl\/wp-content\/uploads\/2025\/07\/images.png","@id":"https:\/\/tuplice.pl\/index.php\/2015\/12\/03\/proba-syren\/#organizationLogo","width":282,"height":179},"image":{"@id":"https:\/\/tuplice.pl\/index.php\/2015\/12\/03\/proba-syren\/#organizationLogo"},"sameAs":["https:\/\/facebook.com\/Tuplicki Biuletyn Informacyjny","https:\/\/pinterest.com\/Tuplicki Biuletyn Informacyjny","https:\/\/youtube.com\/Tuplicki Biuletyn Informacyjny"]},{"@type":"Person","@id":"https:\/\/tuplice.pl\/index.php\/author\/admin-2\/#author","url":"https:\/\/tuplice.pl\/index.php\/author\/admin-2\/","name":"admin","image":{"@type":"ImageObject","@id":"https:\/\/tuplice.pl\/index.php\/2015\/12\/03\/proba-syren\/#authorImage","url":"https:\/\/secure.gravatar.com\/avatar\/8a55bb0a6c2b7d7d608f6e5c7d99e391?s=96&d=mm&r=g","width":96,"height":96,"caption":"admin"}},{"@type":"WebPage","@id":"https:\/\/tuplice.pl\/index.php\/2015\/12\/03\/proba-syren\/#webpage","url":"https:\/\/tuplice.pl\/index.php\/2015\/12\/03\/proba-syren\/","name":"Pr\u00f3ba syren - Gmina Tuplice","description":"W dniu 10 grudnia 2015 roku, w godz. 12.00 - 12.30 na terenie Gminy Tuplice zostanie przeprowadzona g\u0142o\u015bna pr\u00f3ba syren alarmowych.Podczas pr\u00f3by zostanie wyemitowany d\u017awi\u0119k modulowany trwaj\u0105cy trzy minuty \u2013 oznaczaj\u0105cy og\u0142oszenie alarmu oraz d\u017awi\u0119k ci\u0105g\u0142y trwaj\u0105cy trzy minuty \u2013 oznaczaj\u0105cy odwo\u0142anie alarmu.Apelujemy do mieszka\u0144c\u00f3w o traktowanie nadawanych sygna\u0142\u00f3w jako \u0107wiczenia, a nie rzeczywistego zagro\u017cenia.","inLanguage":"pl-PL","isPartOf":{"@id":"https:\/\/tuplice.pl\/#website"},"breadcrumb":{"@id":"https:\/\/tuplice.pl\/index.php\/2015\/12\/03\/proba-syren\/#breadcrumblist"},"author":{"@id":"https:\/\/tuplice.pl\/index.php\/author\/admin-2\/#author"},"creator":{"@id":"https:\/\/tuplice.pl\/index.php\/author\/admin-2\/#author"},"image":{"@type":"ImageObject","url":1203,"@id":"https:\/\/tuplice.pl\/index.php\/2015\/12\/03\/proba-syren\/#mainImage"},"primaryImageOfPage":{"@id":"https:\/\/tuplice.pl\/index.php\/2015\/12\/03\/proba-syren\/#mainImage"},"datePublished":"2015-12-03T08:36:54+01:00","dateModified":"2015-12-03T08:36:54+01:00"},{"@type":"WebSite","@id":"https:\/\/tuplice.pl\/#website","url":"https:\/\/tuplice.pl\/","name":"Gmina Tuplice","description":"Strona Gminy Tuplice","inLanguage":"pl-PL","publisher":{"@id":"https:\/\/tuplice.pl\/#organization"}}]},"og:locale":"pl_PL","og:site_name":"Gmina Tuplice - Strona Gminy Tuplice","og:type":"article","og:title":"Pr\u00f3ba syren - Gmina Tuplice","og:description":"W dniu 10 grudnia 2015 roku, w godz. 12.00 - 12.30 na terenie Gminy Tuplice zostanie przeprowadzona g\u0142o\u015bna pr\u00f3ba syren alarmowych.Podczas pr\u00f3by zostanie wyemitowany d\u017awi\u0119k modulowany trwaj\u0105cy trzy minuty \u2013 oznaczaj\u0105cy og\u0142oszenie alarmu oraz d\u017awi\u0119k ci\u0105g\u0142y trwaj\u0105cy trzy minuty \u2013 oznaczaj\u0105cy odwo\u0142anie alarmu.Apelujemy do mieszka\u0144c\u00f3w o traktowanie nadawanych sygna\u0142\u00f3w jako \u0107wiczenia, a nie rzeczywistego zagro\u017cenia.","og:url":"https:\/\/tuplice.pl\/index.php\/2015\/12\/03\/proba-syren\/","article:published_time":"2015-12-03T07:36:54+00:00","article:modified_time":"2015-12-03T07:36:54+00:00","article:publisher":"https:\/\/facebook.com\/Tuplicki Biuletyn Informacyjny","twitter:card":"summary_large_image","twitter:title":"Pr\u00f3ba syren - Gmina Tuplice","twitter:description":"W dniu 10 grudnia 2015 roku, w godz. 12.00 - 12.30 na terenie Gminy Tuplice zostanie przeprowadzona g\u0142o\u015bna pr\u00f3ba syren alarmowych.Podczas pr\u00f3by zostanie wyemitowany d\u017awi\u0119k modulowany trwaj\u0105cy trzy minuty \u2013 oznaczaj\u0105cy og\u0142oszenie alarmu oraz d\u017awi\u0119k ci\u0105g\u0142y trwaj\u0105cy trzy minuty \u2013 oznaczaj\u0105cy odwo\u0142anie alarmu.Apelujemy do mieszka\u0144c\u00f3w o traktowanie nadawanych sygna\u0142\u00f3w jako \u0107wiczenia, a nie rzeczywistego zagro\u017cenia."},"aioseo_meta_data":{"post_id":"1205","title":null,"description":null,"keywords":null,"keyphrases":null,"primary_term":null,"canonical_url":null,"og_title":null,"og_description":null,"og_object_type":"default","og_image_type":"default","og_image_url":null,"og_image_width":null,"og_image_height":null,"og_image_custom_url":null,"og_image_custom_fields":null,"og_video":null,"og_custom_url":null,"og_article_section":null,"og_article_tags":null,"twitter_use_og":false,"twitter_card":"default","twitter_image_type":"default","twitter_image_url":null,"twitter_image_custom_url":null,"twitter_image_custom_fields":null,"twitter_title":null,"twitter_description":null,"schema":{"blockGraphs":[],"customGraphs":[],"default":{"data":{"Article":[],"Course":[],"Dataset":[],"FAQPage":[],"Movie":[],"Person":[],"Product":[],"ProductReview":[],"Car":[],"Recipe":[],"Service":[],"SoftwareApplication":[],"WebPage":[]},"graphName":"","isEnabled":true},"graphs":[]},"schema_type":"default","schema_type_options":null,"pillar_content":false,"robots_default":true,"robots_noindex":false,"robots_noarchive":false,"robots_nosnippet":false,"robots_nofollow":false,"robots_noimageindex":false,"robots_noodp":false,"robots_notranslate":false,"robots_max_snippet":null,"robots_max_videopreview":null,"robots_max_imagepreview":"large","priority":null,"frequency":null,"local_seo":null,"breadcrumb_settings":null,"limit_modified_date":false,"ai":null,"created":"2025-07-22 20:44:42","updated":"2025-07-22 20:44:42","seo_analyzer_scan_date":null},"aioseo_breadcrumb":"<div class=\"aioseo-breadcrumbs\"><span class=\"aioseo-breadcrumb\">\n\t\t\t<a href=\"https:\/\/tuplice.pl\" title=\"Home\">Home<\/a>\n\t\t<\/span><span class=\"aioseo-breadcrumb-separator\">&raquo;<\/span><span class=\"aioseo-breadcrumb\">\n\t\t\t<a href=\"https:\/\/tuplice.pl\/index.php\/category\/aktualnosci\/\" title=\"Aktualno\u015bci\">Aktualno\u015bci<\/a>\n\t\t<\/span><span class=\"aioseo-breadcrumb-separator\">&raquo;<\/span><span class=\"aioseo-breadcrumb\">\n\t\t\tPr\u00f3ba syren\n\t\t<\/span><\/div>","aioseo_breadcrumb_json":[{"label":"Home","link":"https:\/\/tuplice.pl"},{"label":"Aktualno\u015bci","link":"https:\/\/tuplice.pl\/index.php\/category\/aktualnosci\/"},{"label":"Pr\u00f3ba syren","link":"https:\/\/tuplice.pl\/index.php\/2015\/12\/03\/proba-syren\/"}],"a3_pvc":{"activated":false,"total_views":0,"today_views":0},"_links":{"self":[{"href":"https:\/\/tuplice.pl\/index.php\/wp-json\/wp\/v2\/posts\/1205"}],"collection":[{"href":"https:\/\/tuplice.pl\/index.php\/wp-json\/wp\/v2\/posts"}],"about":[{"href":"https:\/\/tuplice.pl\/index.php\/wp-json\/wp\/v2\/types\/post"}],"author":[{"embeddable":true,"href":"https:\/\/tuplice.pl\/index.php\/wp-json\/wp\/v2\/users\/4"}],"replies":[{"embeddable":true,"href":"https:\/\/tuplice.pl\/index.php\/wp-json\/wp\/v2\/comments?post=1205"}],"version-history":[{"count":0,"href":"https:\/\/tuplice.pl\/index.php\/wp-json\/wp\/v2\/posts\/1205\/revisions"}],"wp:featuredmedia":[{"embeddable":true,"href":"https:\/\/tuplice.pl\/index.php\/wp-json\/"}],"wp:attachment":[{"href":"https:\/\/tuplice.pl\/index.php\/wp-json\/wp\/v2\/media?parent=1205"}],"wp:term":[{"taxonomy":"category","embeddable":true,"href":"https:\/\/tuplice.pl\/index.php\/wp-json\/wp\/v2\/categories?post=1205"},{"taxonomy":"post_tag","embeddable":true,"href":"https:\/\/tuplice.pl\/index.php\/wp-json\/wp\/v2\/tags?post=1205"}],"curies":[{"name":"wp","href":"https:\/\/api.w.org\/{rel}","templated":true}]}}