{"id":1220,"date":"2015-12-15T09:30:55","date_gmt":"2015-12-15T08:30:55","guid":{"rendered":"https:\/\/tuplice.pl\/zmiana-przedsiebiorcy-odbierajacego-odpady-komunalne-z-nieruchomosci-zamieszkalych-od-1-stycznia-2016r-2\/"},"modified":"2015-12-15T09:30:55","modified_gmt":"2015-12-15T08:30:55","slug":"zmiana-przedsiebiorcy-odbierajacego-odpady-komunalne-z-nieruchomosci-zamieszkalych-od-1-stycznia-2016r-2","status":"publish","type":"post","link":"https:\/\/tuplice.pl\/index.php\/2015\/12\/15\/zmiana-przedsiebiorcy-odbierajacego-odpady-komunalne-z-nieruchomosci-zamieszkalych-od-1-stycznia-2016r-2\/","title":{"rendered":"Zmiana przedsi\u0119biorcy odbieraj\u0105cego odpady komunalne z nieruchomo\u015bci zamieszka\u0142ych od 1 stycznia 2016r."},"content":{"rendered":"<p>Od 1 stycznia 2016 r. nast\u0105pi zmiana Przedsi\u0119biorcy \u015bwiadcz\u0105cego us\u0142ug\u0119 odbierania odpad\u00f3w komunalnych od w\u0142a\u015bcicieli nieruchomo\u015bci na terenie Gminy Tuplice. Umowa z obecnym Wykonawc\u0105 us\u0142ugi zawarta na czas okre\u015blony zako\u0144czy si\u0119\u00a0 31 grudnia 2015 r. Od 1 stycznia 2016 r. us\u0142ug\u0119 w zakresie odbioru odpad\u00f3w od w\u0142a\u015bcicieli nieruchomo\u015bci zamieszka\u0142ych b\u0119dzie \u015bwiadczy\u0142 nowy Wykonawca wy\u0142oniony w drodze przetargu nieograniczonego.<\/p>\n<p>W zwi\u0105zku ze zmian\u0105 Przedsi\u0119biorcy dzia\u0142aj\u0105cego w zakresie odbioru odpad\u00f3w komunalnych z nieruchomo\u015bci zamieszka\u0142ych, W\u00f3jt Gminy Tuplice przypomina, i\u017c w przypadku u\u017cyczania b\u0105d\u017a dzier\u017cawienia pojemnik\u00f3w lub kontener\u00f3w na czas wykonywania us\u0142ugi od dotychczasowego przedsi\u0119biorcy konieczna b\u0119dzie wymiana pojemnik\u00f3w na odpady zmieszane, kt\u00f3re udost\u0119pnia\u0107 b\u0119dzie mieszka\u0144com aktualny Wykonawca us\u0142ugi.<\/p>\n<p>Nowy Przedsi\u0119biorca r\u00f3wnie\u017c b\u0119dzie dostarcza\u0107 harmonogramy odbioru odpad\u00f3w komunalnych.<\/p>\n<p>Informacje o nowym dostawcy us\u0142ugi zostan\u0105 podane do publicznej wiadomo\u015bci po podpisaniu umowy.<\/p>\n","protected":false},"excerpt":{"rendered":"<p>Od 1 stycznia 2016 r. nast\u0105pi zmiana Przedsi\u0119biorcy \u015bwiadcz\u0105cego us\u0142ug\u0119 odbierania odpad\u00f3w komunalnych od w\u0142a\u015bcicieli nieruchomo\u015bci na terenie Gminy Tuplice. Umowa z obecnym Wykonawc\u0105 us\u0142ugi zawarta na czas okre\u015blony zako\u0144czy si\u0119\u00a0 31 grudnia 2015 r. Od 1 stycznia 2016 r. us\u0142ug\u0119 w zakresie odbioru odpad\u00f3w od w\u0142a\u015bcicieli nieruchomo\u015bci zamieszka\u0142ych b\u0119dzie \u015bwiadczy\u0142 nowy Wykonawca wy\u0142oniony w [&hellip;]<\/p>\n","protected":false},"author":4,"featured_media":0,"comment_status":"closed","ping_status":"closed","sticky":false,"template":"","format":"standard","meta":{"_et_pb_use_builder":"","_et_pb_old_content":"","_et_gb_content_width":"","_monsterinsights_skip_tracking":false},"categories":[82],"tags":[],"aioseo_notices":[],"aioseo_head":"\n\t\t<!-- All in One SEO 4.9.10 - aioseo.com -->\n\t<meta name=\"description\" content=\"Od 1 stycznia 2016 r. nast\u0105pi zmiana Przedsi\u0119biorcy \u015bwiadcz\u0105cego us\u0142ug\u0119 odbierania odpad\u00f3w komunalnych od w\u0142a\u015bcicieli nieruchomo\u015bci na terenie Gminy Tuplice. Umowa z obecnym Wykonawc\u0105 us\u0142ugi zawarta na czas okre\u015blony zako\u0144czy si\u0119 31 grudnia 2015 r. Od 1 stycznia 2016 r. us\u0142ug\u0119 w zakresie odbioru odpad\u00f3w od w\u0142a\u015bcicieli nieruchomo\u015bci zamieszka\u0142ych b\u0119dzie \u015bwiadczy\u0142 nowy Wykonawca wy\u0142oniony w\" \/>\n\t<meta name=\"robots\" content=\"max-image-preview:large\" \/>\n\t<meta name=\"author\" content=\"admin\"\/>\n\t<link rel=\"canonical\" href=\"https:\/\/tuplice.pl\/index.php\/2015\/12\/15\/zmiana-przedsiebiorcy-odbierajacego-odpady-komunalne-z-nieruchomosci-zamieszkalych-od-1-stycznia-2016r-2\/\" \/>\n\t<meta name=\"generator\" content=\"All in One SEO (AIOSEO) 4.9.10\" \/>\n\t\t<meta property=\"og:locale\" content=\"pl_PL\" \/>\n\t\t<meta property=\"og:site_name\" content=\"Gmina Tuplice - Strona Gminy Tuplice\" \/>\n\t\t<meta property=\"og:type\" content=\"article\" \/>\n\t\t<meta property=\"og:title\" content=\"Zmiana przedsi\u0119biorcy odbieraj\u0105cego odpady komunalne z nieruchomo\u015bci zamieszka\u0142ych od 1 stycznia 2016r. - Gmina Tuplice\" \/>\n\t\t<meta property=\"og:description\" content=\"Od 1 stycznia 2016 r. nast\u0105pi zmiana Przedsi\u0119biorcy \u015bwiadcz\u0105cego us\u0142ug\u0119 odbierania odpad\u00f3w komunalnych od w\u0142a\u015bcicieli nieruchomo\u015bci na terenie Gminy Tuplice. Umowa z obecnym Wykonawc\u0105 us\u0142ugi zawarta na czas okre\u015blony zako\u0144czy si\u0119 31 grudnia 2015 r. Od 1 stycznia 2016 r. us\u0142ug\u0119 w zakresie odbioru odpad\u00f3w od w\u0142a\u015bcicieli nieruchomo\u015bci zamieszka\u0142ych b\u0119dzie \u015bwiadczy\u0142 nowy Wykonawca wy\u0142oniony w\" \/>\n\t\t<meta property=\"og:url\" content=\"https:\/\/tuplice.pl\/index.php\/2015\/12\/15\/zmiana-przedsiebiorcy-odbierajacego-odpady-komunalne-z-nieruchomosci-zamieszkalych-od-1-stycznia-2016r-2\/\" \/>\n\t\t<meta property=\"article:published_time\" content=\"2015-12-15T08:30:55+00:00\" \/>\n\t\t<meta property=\"article:modified_time\" content=\"2015-12-15T08:30:55+00:00\" \/>\n\t\t<meta property=\"article:publisher\" content=\"https:\/\/facebook.com\/Tuplicki Biuletyn Informacyjny\" \/>\n\t\t<meta name=\"twitter:card\" content=\"summary_large_image\" \/>\n\t\t<meta name=\"twitter:title\" content=\"Zmiana przedsi\u0119biorcy odbieraj\u0105cego odpady komunalne z nieruchomo\u015bci zamieszka\u0142ych od 1 stycznia 2016r. - Gmina Tuplice\" \/>\n\t\t<meta name=\"twitter:description\" content=\"Od 1 stycznia 2016 r. nast\u0105pi zmiana Przedsi\u0119biorcy \u015bwiadcz\u0105cego us\u0142ug\u0119 odbierania odpad\u00f3w komunalnych od w\u0142a\u015bcicieli nieruchomo\u015bci na terenie Gminy Tuplice. Umowa z obecnym Wykonawc\u0105 us\u0142ugi zawarta na czas okre\u015blony zako\u0144czy si\u0119 31 grudnia 2015 r. Od 1 stycznia 2016 r. us\u0142ug\u0119 w zakresie odbioru odpad\u00f3w od w\u0142a\u015bcicieli nieruchomo\u015bci zamieszka\u0142ych b\u0119dzie \u015bwiadczy\u0142 nowy Wykonawca wy\u0142oniony w\" \/>\n\t\t<script type=\"application\/ld+json\" class=\"aioseo-schema\">\n\t\t\t{\"@context\":\"https:\\\/\\\/schema.org\",\"@graph\":[{\"@type\":\"BlogPosting\",\"@id\":\"https:\\\/\\\/tuplice.pl\\\/index.php\\\/2015\\\/12\\\/15\\\/zmiana-przedsiebiorcy-odbierajacego-odpady-komunalne-z-nieruchomosci-zamieszkalych-od-1-stycznia-2016r-2\\\/#blogposting\",\"name\":\"Zmiana przedsi\\u0119biorcy odbieraj\\u0105cego odpady komunalne z nieruchomo\\u015bci zamieszka\\u0142ych od 1 stycznia 2016r. - Gmina Tuplice\",\"headline\":\"Zmiana przedsi\\u0119biorcy odbieraj\\u0105cego odpady komunalne z nieruchomo\\u015bci zamieszka\\u0142ych od 1 stycznia 2016r.\",\"author\":{\"@id\":\"https:\\\/\\\/tuplice.pl\\\/index.php\\\/author\\\/admin-2\\\/#author\"},\"publisher\":{\"@id\":\"https:\\\/\\\/tuplice.pl\\\/#organization\"},\"image\":{\"@type\":\"ImageObject\",\"url\":\"https:\\\/\\\/tuplice.pl\\\/wp-content\\\/uploads\\\/2025\\\/07\\\/images.png\",\"@id\":\"https:\\\/\\\/tuplice.pl\\\/#articleImage\",\"width\":282,\"height\":179},\"datePublished\":\"2015-12-15T09:30:55+01:00\",\"dateModified\":\"2015-12-15T09:30:55+01:00\",\"inLanguage\":\"pl-PL\",\"mainEntityOfPage\":{\"@id\":\"https:\\\/\\\/tuplice.pl\\\/index.php\\\/2015\\\/12\\\/15\\\/zmiana-przedsiebiorcy-odbierajacego-odpady-komunalne-z-nieruchomosci-zamieszkalych-od-1-stycznia-2016r-2\\\/#webpage\"},\"isPartOf\":{\"@id\":\"https:\\\/\\\/tuplice.pl\\\/index.php\\\/2015\\\/12\\\/15\\\/zmiana-przedsiebiorcy-odbierajacego-odpady-komunalne-z-nieruchomosci-zamieszkalych-od-1-stycznia-2016r-2\\\/#webpage\"},\"articleSection\":\"Aktualno\\u015bci\"},{\"@type\":\"BreadcrumbList\",\"@id\":\"https:\\\/\\\/tuplice.pl\\\/index.php\\\/2015\\\/12\\\/15\\\/zmiana-przedsiebiorcy-odbierajacego-odpady-komunalne-z-nieruchomosci-zamieszkalych-od-1-stycznia-2016r-2\\\/#breadcrumblist\",\"itemListElement\":[{\"@type\":\"ListItem\",\"@id\":\"https:\\\/\\\/tuplice.pl#listItem\",\"position\":1,\"name\":\"Home\",\"item\":\"https:\\\/\\\/tuplice.pl\",\"nextItem\":{\"@type\":\"ListItem\",\"@id\":\"https:\\\/\\\/tuplice.pl\\\/index.php\\\/category\\\/aktualnosci\\\/#listItem\",\"name\":\"Aktualno\\u015bci\"}},{\"@type\":\"ListItem\",\"@id\":\"https:\\\/\\\/tuplice.pl\\\/index.php\\\/category\\\/aktualnosci\\\/#listItem\",\"position\":2,\"name\":\"Aktualno\\u015bci\",\"item\":\"https:\\\/\\\/tuplice.pl\\\/index.php\\\/category\\\/aktualnosci\\\/\",\"nextItem\":{\"@type\":\"ListItem\",\"@id\":\"https:\\\/\\\/tuplice.pl\\\/index.php\\\/2015\\\/12\\\/15\\\/zmiana-przedsiebiorcy-odbierajacego-odpady-komunalne-z-nieruchomosci-zamieszkalych-od-1-stycznia-2016r-2\\\/#listItem\",\"name\":\"Zmiana przedsi\\u0119biorcy odbieraj\\u0105cego odpady komunalne z nieruchomo\\u015bci zamieszka\\u0142ych od 1 stycznia 2016r.\"},\"previousItem\":{\"@type\":\"ListItem\",\"@id\":\"https:\\\/\\\/tuplice.pl#listItem\",\"name\":\"Home\"}},{\"@type\":\"ListItem\",\"@id\":\"https:\\\/\\\/tuplice.pl\\\/index.php\\\/2015\\\/12\\\/15\\\/zmiana-przedsiebiorcy-odbierajacego-odpady-komunalne-z-nieruchomosci-zamieszkalych-od-1-stycznia-2016r-2\\\/#listItem\",\"position\":3,\"name\":\"Zmiana przedsi\\u0119biorcy odbieraj\\u0105cego odpady komunalne z nieruchomo\\u015bci zamieszka\\u0142ych od 1 stycznia 2016r.\",\"previousItem\":{\"@type\":\"ListItem\",\"@id\":\"https:\\\/\\\/tuplice.pl\\\/index.php\\\/category\\\/aktualnosci\\\/#listItem\",\"name\":\"Aktualno\\u015bci\"}}]},{\"@type\":\"Organization\",\"@id\":\"https:\\\/\\\/tuplice.pl\\\/#organization\",\"name\":\"Gmina Tuplice Gmina Tuplice\",\"description\":\"Strona Gminy Tuplice Strona Urz\\u0119du Gminy Tuplice\",\"url\":\"https:\\\/\\\/tuplice.pl\\\/\",\"telephone\":\"+48683625720\",\"logo\":{\"@type\":\"ImageObject\",\"url\":\"https:\\\/\\\/tuplice.pl\\\/wp-content\\\/uploads\\\/2025\\\/07\\\/images.png\",\"@id\":\"https:\\\/\\\/tuplice.pl\\\/index.php\\\/2015\\\/12\\\/15\\\/zmiana-przedsiebiorcy-odbierajacego-odpady-komunalne-z-nieruchomosci-zamieszkalych-od-1-stycznia-2016r-2\\\/#organizationLogo\",\"width\":282,\"height\":179},\"image\":{\"@id\":\"https:\\\/\\\/tuplice.pl\\\/index.php\\\/2015\\\/12\\\/15\\\/zmiana-przedsiebiorcy-odbierajacego-odpady-komunalne-z-nieruchomosci-zamieszkalych-od-1-stycznia-2016r-2\\\/#organizationLogo\"},\"sameAs\":[\"https:\\\/\\\/facebook.com\\\/Tuplicki Biuletyn Informacyjny\",\"https:\\\/\\\/pinterest.com\\\/Tuplicki Biuletyn Informacyjny\",\"https:\\\/\\\/youtube.com\\\/Tuplicki Biuletyn Informacyjny\"]},{\"@type\":\"Person\",\"@id\":\"https:\\\/\\\/tuplice.pl\\\/index.php\\\/author\\\/admin-2\\\/#author\",\"url\":\"https:\\\/\\\/tuplice.pl\\\/index.php\\\/author\\\/admin-2\\\/\",\"name\":\"admin\",\"image\":{\"@type\":\"ImageObject\",\"@id\":\"https:\\\/\\\/tuplice.pl\\\/index.php\\\/2015\\\/12\\\/15\\\/zmiana-przedsiebiorcy-odbierajacego-odpady-komunalne-z-nieruchomosci-zamieszkalych-od-1-stycznia-2016r-2\\\/#authorImage\",\"url\":\"https:\\\/\\\/secure.gravatar.com\\\/avatar\\\/8a55bb0a6c2b7d7d608f6e5c7d99e391?s=96&d=mm&r=g\",\"width\":96,\"height\":96,\"caption\":\"admin\"}},{\"@type\":\"WebPage\",\"@id\":\"https:\\\/\\\/tuplice.pl\\\/index.php\\\/2015\\\/12\\\/15\\\/zmiana-przedsiebiorcy-odbierajacego-odpady-komunalne-z-nieruchomosci-zamieszkalych-od-1-stycznia-2016r-2\\\/#webpage\",\"url\":\"https:\\\/\\\/tuplice.pl\\\/index.php\\\/2015\\\/12\\\/15\\\/zmiana-przedsiebiorcy-odbierajacego-odpady-komunalne-z-nieruchomosci-zamieszkalych-od-1-stycznia-2016r-2\\\/\",\"name\":\"Zmiana przedsi\\u0119biorcy odbieraj\\u0105cego odpady komunalne z nieruchomo\\u015bci zamieszka\\u0142ych od 1 stycznia 2016r. - Gmina Tuplice\",\"description\":\"Od 1 stycznia 2016 r. nast\\u0105pi zmiana Przedsi\\u0119biorcy \\u015bwiadcz\\u0105cego us\\u0142ug\\u0119 odbierania odpad\\u00f3w komunalnych od w\\u0142a\\u015bcicieli nieruchomo\\u015bci na terenie Gminy Tuplice. Umowa z obecnym Wykonawc\\u0105 us\\u0142ugi zawarta na czas okre\\u015blony zako\\u0144czy si\\u0119 31 grudnia 2015 r. Od 1 stycznia 2016 r. us\\u0142ug\\u0119 w zakresie odbioru odpad\\u00f3w od w\\u0142a\\u015bcicieli nieruchomo\\u015bci zamieszka\\u0142ych b\\u0119dzie \\u015bwiadczy\\u0142 nowy Wykonawca wy\\u0142oniony w\",\"inLanguage\":\"pl-PL\",\"isPartOf\":{\"@id\":\"https:\\\/\\\/tuplice.pl\\\/#website\"},\"breadcrumb\":{\"@id\":\"https:\\\/\\\/tuplice.pl\\\/index.php\\\/2015\\\/12\\\/15\\\/zmiana-przedsiebiorcy-odbierajacego-odpady-komunalne-z-nieruchomosci-zamieszkalych-od-1-stycznia-2016r-2\\\/#breadcrumblist\"},\"author\":{\"@id\":\"https:\\\/\\\/tuplice.pl\\\/index.php\\\/author\\\/admin-2\\\/#author\"},\"creator\":{\"@id\":\"https:\\\/\\\/tuplice.pl\\\/index.php\\\/author\\\/admin-2\\\/#author\"},\"datePublished\":\"2015-12-15T09:30:55+01:00\",\"dateModified\":\"2015-12-15T09:30:55+01:00\"},{\"@type\":\"WebSite\",\"@id\":\"https:\\\/\\\/tuplice.pl\\\/#website\",\"url\":\"https:\\\/\\\/tuplice.pl\\\/\",\"name\":\"Gmina Tuplice\",\"description\":\"Strona Gminy Tuplice\",\"inLanguage\":\"pl-PL\",\"publisher\":{\"@id\":\"https:\\\/\\\/tuplice.pl\\\/#organization\"}}]}\n\t\t<\/script>\n\t\t<!-- All in One SEO -->\n\n","aioseo_head_json":{"title":"Zmiana przedsi\u0119biorcy odbieraj\u0105cego odpady komunalne z nieruchomo\u015bci zamieszka\u0142ych od 1 stycznia 2016r. - Gmina Tuplice","description":"Od 1 stycznia 2016 r. nast\u0105pi zmiana Przedsi\u0119biorcy \u015bwiadcz\u0105cego us\u0142ug\u0119 odbierania odpad\u00f3w komunalnych od w\u0142a\u015bcicieli nieruchomo\u015bci na terenie Gminy Tuplice. Umowa z obecnym Wykonawc\u0105 us\u0142ugi zawarta na czas okre\u015blony zako\u0144czy si\u0119 31 grudnia 2015 r. Od 1 stycznia 2016 r. us\u0142ug\u0119 w zakresie odbioru odpad\u00f3w od w\u0142a\u015bcicieli nieruchomo\u015bci zamieszka\u0142ych b\u0119dzie \u015bwiadczy\u0142 nowy Wykonawca wy\u0142oniony w","canonical_url":"https:\/\/tuplice.pl\/index.php\/2015\/12\/15\/zmiana-przedsiebiorcy-odbierajacego-odpady-komunalne-z-nieruchomosci-zamieszkalych-od-1-stycznia-2016r-2\/","robots":"max-image-preview:large","keywords":"","webmasterTools":{"miscellaneous":""},"schema":{"@context":"https:\/\/schema.org","@graph":[{"@type":"BlogPosting","@id":"https:\/\/tuplice.pl\/index.php\/2015\/12\/15\/zmiana-przedsiebiorcy-odbierajacego-odpady-komunalne-z-nieruchomosci-zamieszkalych-od-1-stycznia-2016r-2\/#blogposting","name":"Zmiana przedsi\u0119biorcy odbieraj\u0105cego odpady komunalne z nieruchomo\u015bci zamieszka\u0142ych od 1 stycznia 2016r. - Gmina Tuplice","headline":"Zmiana przedsi\u0119biorcy odbieraj\u0105cego odpady komunalne z nieruchomo\u015bci zamieszka\u0142ych od 1 stycznia 2016r.","author":{"@id":"https:\/\/tuplice.pl\/index.php\/author\/admin-2\/#author"},"publisher":{"@id":"https:\/\/tuplice.pl\/#organization"},"image":{"@type":"ImageObject","url":"https:\/\/tuplice.pl\/wp-content\/uploads\/2025\/07\/images.png","@id":"https:\/\/tuplice.pl\/#articleImage","width":282,"height":179},"datePublished":"2015-12-15T09:30:55+01:00","dateModified":"2015-12-15T09:30:55+01:00","inLanguage":"pl-PL","mainEntityOfPage":{"@id":"https:\/\/tuplice.pl\/index.php\/2015\/12\/15\/zmiana-przedsiebiorcy-odbierajacego-odpady-komunalne-z-nieruchomosci-zamieszkalych-od-1-stycznia-2016r-2\/#webpage"},"isPartOf":{"@id":"https:\/\/tuplice.pl\/index.php\/2015\/12\/15\/zmiana-przedsiebiorcy-odbierajacego-odpady-komunalne-z-nieruchomosci-zamieszkalych-od-1-stycznia-2016r-2\/#webpage"},"articleSection":"Aktualno\u015bci"},{"@type":"BreadcrumbList","@id":"https:\/\/tuplice.pl\/index.php\/2015\/12\/15\/zmiana-przedsiebiorcy-odbierajacego-odpady-komunalne-z-nieruchomosci-zamieszkalych-od-1-stycznia-2016r-2\/#breadcrumblist","itemListElement":[{"@type":"ListItem","@id":"https:\/\/tuplice.pl#listItem","position":1,"name":"Home","item":"https:\/\/tuplice.pl","nextItem":{"@type":"ListItem","@id":"https:\/\/tuplice.pl\/index.php\/category\/aktualnosci\/#listItem","name":"Aktualno\u015bci"}},{"@type":"ListItem","@id":"https:\/\/tuplice.pl\/index.php\/category\/aktualnosci\/#listItem","position":2,"name":"Aktualno\u015bci","item":"https:\/\/tuplice.pl\/index.php\/category\/aktualnosci\/","nextItem":{"@type":"ListItem","@id":"https:\/\/tuplice.pl\/index.php\/2015\/12\/15\/zmiana-przedsiebiorcy-odbierajacego-odpady-komunalne-z-nieruchomosci-zamieszkalych-od-1-stycznia-2016r-2\/#listItem","name":"Zmiana przedsi\u0119biorcy odbieraj\u0105cego odpady komunalne z nieruchomo\u015bci zamieszka\u0142ych od 1 stycznia 2016r."},"previousItem":{"@type":"ListItem","@id":"https:\/\/tuplice.pl#listItem","name":"Home"}},{"@type":"ListItem","@id":"https:\/\/tuplice.pl\/index.php\/2015\/12\/15\/zmiana-przedsiebiorcy-odbierajacego-odpady-komunalne-z-nieruchomosci-zamieszkalych-od-1-stycznia-2016r-2\/#listItem","position":3,"name":"Zmiana przedsi\u0119biorcy odbieraj\u0105cego odpady komunalne z nieruchomo\u015bci zamieszka\u0142ych od 1 stycznia 2016r.","previousItem":{"@type":"ListItem","@id":"https:\/\/tuplice.pl\/index.php\/category\/aktualnosci\/#listItem","name":"Aktualno\u015bci"}}]},{"@type":"Organization","@id":"https:\/\/tuplice.pl\/#organization","name":"Gmina Tuplice Gmina Tuplice","description":"Strona Gminy Tuplice Strona Urz\u0119du Gminy Tuplice","url":"https:\/\/tuplice.pl\/","telephone":"+48683625720","logo":{"@type":"ImageObject","url":"https:\/\/tuplice.pl\/wp-content\/uploads\/2025\/07\/images.png","@id":"https:\/\/tuplice.pl\/index.php\/2015\/12\/15\/zmiana-przedsiebiorcy-odbierajacego-odpady-komunalne-z-nieruchomosci-zamieszkalych-od-1-stycznia-2016r-2\/#organizationLogo","width":282,"height":179},"image":{"@id":"https:\/\/tuplice.pl\/index.php\/2015\/12\/15\/zmiana-przedsiebiorcy-odbierajacego-odpady-komunalne-z-nieruchomosci-zamieszkalych-od-1-stycznia-2016r-2\/#organizationLogo"},"sameAs":["https:\/\/facebook.com\/Tuplicki Biuletyn Informacyjny","https:\/\/pinterest.com\/Tuplicki Biuletyn Informacyjny","https:\/\/youtube.com\/Tuplicki Biuletyn Informacyjny"]},{"@type":"Person","@id":"https:\/\/tuplice.pl\/index.php\/author\/admin-2\/#author","url":"https:\/\/tuplice.pl\/index.php\/author\/admin-2\/","name":"admin","image":{"@type":"ImageObject","@id":"https:\/\/tuplice.pl\/index.php\/2015\/12\/15\/zmiana-przedsiebiorcy-odbierajacego-odpady-komunalne-z-nieruchomosci-zamieszkalych-od-1-stycznia-2016r-2\/#authorImage","url":"https:\/\/secure.gravatar.com\/avatar\/8a55bb0a6c2b7d7d608f6e5c7d99e391?s=96&d=mm&r=g","width":96,"height":96,"caption":"admin"}},{"@type":"WebPage","@id":"https:\/\/tuplice.pl\/index.php\/2015\/12\/15\/zmiana-przedsiebiorcy-odbierajacego-odpady-komunalne-z-nieruchomosci-zamieszkalych-od-1-stycznia-2016r-2\/#webpage","url":"https:\/\/tuplice.pl\/index.php\/2015\/12\/15\/zmiana-przedsiebiorcy-odbierajacego-odpady-komunalne-z-nieruchomosci-zamieszkalych-od-1-stycznia-2016r-2\/","name":"Zmiana przedsi\u0119biorcy odbieraj\u0105cego odpady komunalne z nieruchomo\u015bci zamieszka\u0142ych od 1 stycznia 2016r. - Gmina Tuplice","description":"Od 1 stycznia 2016 r. nast\u0105pi zmiana Przedsi\u0119biorcy \u015bwiadcz\u0105cego us\u0142ug\u0119 odbierania odpad\u00f3w komunalnych od w\u0142a\u015bcicieli nieruchomo\u015bci na terenie Gminy Tuplice. Umowa z obecnym Wykonawc\u0105 us\u0142ugi zawarta na czas okre\u015blony zako\u0144czy si\u0119 31 grudnia 2015 r. Od 1 stycznia 2016 r. us\u0142ug\u0119 w zakresie odbioru odpad\u00f3w od w\u0142a\u015bcicieli nieruchomo\u015bci zamieszka\u0142ych b\u0119dzie \u015bwiadczy\u0142 nowy Wykonawca wy\u0142oniony w","inLanguage":"pl-PL","isPartOf":{"@id":"https:\/\/tuplice.pl\/#website"},"breadcrumb":{"@id":"https:\/\/tuplice.pl\/index.php\/2015\/12\/15\/zmiana-przedsiebiorcy-odbierajacego-odpady-komunalne-z-nieruchomosci-zamieszkalych-od-1-stycznia-2016r-2\/#breadcrumblist"},"author":{"@id":"https:\/\/tuplice.pl\/index.php\/author\/admin-2\/#author"},"creator":{"@id":"https:\/\/tuplice.pl\/index.php\/author\/admin-2\/#author"},"datePublished":"2015-12-15T09:30:55+01:00","dateModified":"2015-12-15T09:30:55+01:00"},{"@type":"WebSite","@id":"https:\/\/tuplice.pl\/#website","url":"https:\/\/tuplice.pl\/","name":"Gmina Tuplice","description":"Strona Gminy Tuplice","inLanguage":"pl-PL","publisher":{"@id":"https:\/\/tuplice.pl\/#organization"}}]},"og:locale":"pl_PL","og:site_name":"Gmina Tuplice - Strona Gminy Tuplice","og:type":"article","og:title":"Zmiana przedsi\u0119biorcy odbieraj\u0105cego odpady komunalne z nieruchomo\u015bci zamieszka\u0142ych od 1 stycznia 2016r. - Gmina Tuplice","og:description":"Od 1 stycznia 2016 r. nast\u0105pi zmiana Przedsi\u0119biorcy \u015bwiadcz\u0105cego us\u0142ug\u0119 odbierania odpad\u00f3w komunalnych od w\u0142a\u015bcicieli nieruchomo\u015bci na terenie Gminy Tuplice. Umowa z obecnym Wykonawc\u0105 us\u0142ugi zawarta na czas okre\u015blony zako\u0144czy si\u0119 31 grudnia 2015 r. Od 1 stycznia 2016 r. us\u0142ug\u0119 w zakresie odbioru odpad\u00f3w od w\u0142a\u015bcicieli nieruchomo\u015bci zamieszka\u0142ych b\u0119dzie \u015bwiadczy\u0142 nowy Wykonawca wy\u0142oniony w","og:url":"https:\/\/tuplice.pl\/index.php\/2015\/12\/15\/zmiana-przedsiebiorcy-odbierajacego-odpady-komunalne-z-nieruchomosci-zamieszkalych-od-1-stycznia-2016r-2\/","article:published_time":"2015-12-15T08:30:55+00:00","article:modified_time":"2015-12-15T08:30:55+00:00","article:publisher":"https:\/\/facebook.com\/Tuplicki Biuletyn Informacyjny","twitter:card":"summary_large_image","twitter:title":"Zmiana przedsi\u0119biorcy odbieraj\u0105cego odpady komunalne z nieruchomo\u015bci zamieszka\u0142ych od 1 stycznia 2016r. - Gmina Tuplice","twitter:description":"Od 1 stycznia 2016 r. nast\u0105pi zmiana Przedsi\u0119biorcy \u015bwiadcz\u0105cego us\u0142ug\u0119 odbierania odpad\u00f3w komunalnych od w\u0142a\u015bcicieli nieruchomo\u015bci na terenie Gminy Tuplice. Umowa z obecnym Wykonawc\u0105 us\u0142ugi zawarta na czas okre\u015blony zako\u0144czy si\u0119 31 grudnia 2015 r. Od 1 stycznia 2016 r. us\u0142ug\u0119 w zakresie odbioru odpad\u00f3w od w\u0142a\u015bcicieli nieruchomo\u015bci zamieszka\u0142ych b\u0119dzie \u015bwiadczy\u0142 nowy Wykonawca wy\u0142oniony w"},"aioseo_meta_data":{"post_id":"1220","title":null,"description":null,"keywords":null,"keyphrases":null,"primary_term":null,"canonical_url":null,"og_title":null,"og_description":null,"og_object_type":"default","og_image_type":"default","og_image_url":null,"og_image_width":null,"og_image_height":null,"og_image_custom_url":null,"og_image_custom_fields":null,"og_video":null,"og_custom_url":null,"og_article_section":null,"og_article_tags":null,"twitter_use_og":false,"twitter_card":"default","twitter_image_type":"default","twitter_image_url":null,"twitter_image_custom_url":null,"twitter_image_custom_fields":null,"twitter_title":null,"twitter_description":null,"schema":{"blockGraphs":[],"customGraphs":[],"default":{"data":{"Article":[],"Course":[],"Dataset":[],"FAQPage":[],"Movie":[],"Person":[],"Product":[],"ProductReview":[],"Car":[],"Recipe":[],"Service":[],"SoftwareApplication":[],"WebPage":[]},"graphName":"","isEnabled":true},"graphs":[]},"schema_type":"default","schema_type_options":null,"pillar_content":false,"robots_default":true,"robots_noindex":false,"robots_noarchive":false,"robots_nosnippet":false,"robots_nofollow":false,"robots_noimageindex":false,"robots_noodp":false,"robots_notranslate":false,"robots_max_snippet":null,"robots_max_videopreview":null,"robots_max_imagepreview":"large","priority":null,"frequency":null,"local_seo":null,"breadcrumb_settings":null,"limit_modified_date":false,"ai":null,"created":"2025-07-22 20:46:08","updated":"2025-07-22 20:46:08","seo_analyzer_scan_date":null},"aioseo_breadcrumb":"<div class=\"aioseo-breadcrumbs\"><span class=\"aioseo-breadcrumb\">\n\t\t\t<a href=\"https:\/\/tuplice.pl\" title=\"Home\">Home<\/a>\n\t\t<\/span><span class=\"aioseo-breadcrumb-separator\">&raquo;<\/span><span class=\"aioseo-breadcrumb\">\n\t\t\t<a href=\"https:\/\/tuplice.pl\/index.php\/category\/aktualnosci\/\" title=\"Aktualno\u015bci\">Aktualno\u015bci<\/a>\n\t\t<\/span><span class=\"aioseo-breadcrumb-separator\">&raquo;<\/span><span class=\"aioseo-breadcrumb\">\n\t\t\tZmiana przedsi\u0119biorcy odbieraj\u0105cego odpady komunalne z nieruchomo\u015bci zamieszka\u0142ych od 1 stycznia 2016r.\n\t\t<\/span><\/div>","aioseo_breadcrumb_json":[{"label":"Home","link":"https:\/\/tuplice.pl"},{"label":"Aktualno\u015bci","link":"https:\/\/tuplice.pl\/index.php\/category\/aktualnosci\/"},{"label":"Zmiana przedsi\u0119biorcy odbieraj\u0105cego odpady komunalne z nieruchomo\u015bci zamieszka\u0142ych od 1 stycznia 2016r.","link":"https:\/\/tuplice.pl\/index.php\/2015\/12\/15\/zmiana-przedsiebiorcy-odbierajacego-odpady-komunalne-z-nieruchomosci-zamieszkalych-od-1-stycznia-2016r-2\/"}],"a3_pvc":{"activated":false,"total_views":0,"today_views":0},"_links":{"self":[{"href":"https:\/\/tuplice.pl\/index.php\/wp-json\/wp\/v2\/posts\/1220"}],"collection":[{"href":"https:\/\/tuplice.pl\/index.php\/wp-json\/wp\/v2\/posts"}],"about":[{"href":"https:\/\/tuplice.pl\/index.php\/wp-json\/wp\/v2\/types\/post"}],"author":[{"embeddable":true,"href":"https:\/\/tuplice.pl\/index.php\/wp-json\/wp\/v2\/users\/4"}],"replies":[{"embeddable":true,"href":"https:\/\/tuplice.pl\/index.php\/wp-json\/wp\/v2\/comments?post=1220"}],"version-history":[{"count":0,"href":"https:\/\/tuplice.pl\/index.php\/wp-json\/wp\/v2\/posts\/1220\/revisions"}],"wp:attachment":[{"href":"https:\/\/tuplice.pl\/index.php\/wp-json\/wp\/v2\/media?parent=1220"}],"wp:term":[{"taxonomy":"category","embeddable":true,"href":"https:\/\/tuplice.pl\/index.php\/wp-json\/wp\/v2\/categories?post=1220"},{"taxonomy":"post_tag","embeddable":true,"href":"https:\/\/tuplice.pl\/index.php\/wp-json\/wp\/v2\/tags?post=1220"}],"curies":[{"name":"wp","href":"https:\/\/api.w.org\/{rel}","templated":true}]}}