{"id":1263,"date":"2016-01-21T08:11:43","date_gmt":"2016-01-21T07:11:43","guid":{"rendered":"https:\/\/tuplice.pl\/ferie-w-gok-tuplice-2016\/"},"modified":"2016-01-21T08:11:43","modified_gmt":"2016-01-21T07:11:43","slug":"ferie-w-gok-tuplice-2016","status":"publish","type":"post","link":"https:\/\/tuplice.pl\/index.php\/2016\/01\/21\/ferie-w-gok-tuplice-2016\/","title":{"rendered":"Ferie w GOK Tuplice."},"content":{"rendered":"<p>Urz\u0105d Gminy Tuplice w tym roku organizuje par\u0119 niespodzianek dla naszych najm\u0142odszych i m\u0142odzie\u017cy. Wszystko b\u0119dzie mia\u0142o miejsce w du\u017cej sali Gminnego O\u015brodka Kultury. Zapraszamy!<\/p>\n<p>Program przedstawia si\u0119 nast\u0119puj\u0105co:<\/p>\n<div class=\"text_exposed_show\">\n<p>DZIECI PRZEDSZKOLNE ORAZ KLASY I-III SZKO\u0141Y PODSTAWOWEJ <br \/> \u2022 CZWARTEK 21.01 15:00 &#8211; Bal Przebiera\u0144c\u00f3w <br \/> \u2022 PONIEDZIA\u0141EK 25.01, 15:00 &#8211; Popo\u0142udnie z bajkami &#8211; seans<br \/> \u2022 \u015aRODA 27.01, 15:00 &#8211; Popo\u0142udnie z bajkami &#8211; seans<\/p>\n<p>KLASY IV-VI SZKO\u0141Y PODSTAWOWEJ ORAZ M\u0141ODZIE\u017b GIMNAZJALNA <br \/> \u2022 PONIEDZIA\u0141EK 25.01, 17:30 &#8211; Wiecz\u00f3r filmowy &#8211; komedie<br \/> \u2022 \u015aRODA 27.01, 17:30 &#8211; Dyskoteka<br \/> \u2022 PI\u0104TEK 29.01, 17:30 &#8211; Wiecz\u00f3r filmowy &#8211; horrory<\/p>\n<p>Serdecznie zapraszamy do uczestnictwa i do zobaczenia<\/p>\n<p><a href=\"https:\/\/tuplice.pl\/wp-content\/uploads\/2016\/01\/ferie_odjazdy_podstawowka.pdf\" target=\"_blank\" rel=\"noopener noreferrer\">&#8211; godziny przywoz\u00f3w podstaw\u00f3wka<\/a><\/p>\n<p><a href=\"https:\/\/tuplice.pl\/wp-content\/uploads\/2016\/01\/ferie_odjazdy_gimnazjum.pdf\" target=\"_blank\" rel=\"noopener noreferrer\">&#8211; godziny przywoz\u00f3w gimnazjum<\/a><\/p>\n<p>\u00a0<\/p>\n<\/p><\/div>\n","protected":false},"excerpt":{"rendered":"<p>Urz\u0105d Gminy Tuplice w tym roku organizuje par\u0119 niespodzianek dla naszych najm\u0142odszych i m\u0142odzie\u017cy. Wszystko b\u0119dzie mia\u0142o miejsce w du\u017cej sali Gminnego O\u015brodka Kultury. Zapraszamy! Program przedstawia si\u0119 nast\u0119puj\u0105co: DZIECI PRZEDSZKOLNE ORAZ KLASY I-III SZKO\u0141Y PODSTAWOWEJ \u2022 CZWARTEK 21.01 15:00 &#8211; Bal Przebiera\u0144c\u00f3w \u2022 PONIEDZIA\u0141EK 25.01, 15:00 &#8211; Popo\u0142udnie z bajkami &#8211; seans \u2022 \u015aRODA [&hellip;]<\/p>\n","protected":false},"author":4,"featured_media":0,"comment_status":"closed","ping_status":"closed","sticky":false,"template":"","format":"standard","meta":{"_et_pb_use_builder":"","_et_pb_old_content":"","_et_gb_content_width":"","_monsterinsights_skip_tracking":false},"categories":[82],"tags":[],"aioseo_notices":[],"aioseo_head":"\n\t\t<!-- All in One SEO 4.9.10 - aioseo.com -->\n\t<meta name=\"description\" content=\"Urz\u0105d Gminy Tuplice w tym roku organizuje par\u0119 niespodzianek dla naszych najm\u0142odszych i m\u0142odzie\u017cy. Wszystko b\u0119dzie mia\u0142o miejsce w du\u017cej sali Gminnego O\u015brodka Kultury. Zapraszamy! Program przedstawia si\u0119 nast\u0119puj\u0105co: DZIECI PRZEDSZKOLNE ORAZ KLASY I-III SZKO\u0141Y PODSTAWOWEJ \u2022 CZWARTEK 21.01 15:00 - Bal Przebiera\u0144c\u00f3w \u2022 PONIEDZIA\u0141EK 25.01, 15:00 - Popo\u0142udnie z bajkami - seans \u2022 \u015aRODA\" \/>\n\t<meta name=\"robots\" content=\"max-image-preview:large\" \/>\n\t<meta name=\"author\" content=\"admin\"\/>\n\t<link rel=\"canonical\" href=\"https:\/\/tuplice.pl\/index.php\/2016\/01\/21\/ferie-w-gok-tuplice-2016\/\" \/>\n\t<meta name=\"generator\" content=\"All in One SEO (AIOSEO) 4.9.10\" \/>\n\t\t<meta property=\"og:locale\" content=\"pl_PL\" \/>\n\t\t<meta property=\"og:site_name\" content=\"Gmina Tuplice - Strona Gminy Tuplice\" \/>\n\t\t<meta property=\"og:type\" content=\"article\" \/>\n\t\t<meta property=\"og:title\" content=\"Ferie w GOK Tuplice. - Gmina Tuplice\" \/>\n\t\t<meta property=\"og:description\" content=\"Urz\u0105d Gminy Tuplice w tym roku organizuje par\u0119 niespodzianek dla naszych najm\u0142odszych i m\u0142odzie\u017cy. Wszystko b\u0119dzie mia\u0142o miejsce w du\u017cej sali Gminnego O\u015brodka Kultury. Zapraszamy! Program przedstawia si\u0119 nast\u0119puj\u0105co: DZIECI PRZEDSZKOLNE ORAZ KLASY I-III SZKO\u0141Y PODSTAWOWEJ \u2022 CZWARTEK 21.01 15:00 - Bal Przebiera\u0144c\u00f3w \u2022 PONIEDZIA\u0141EK 25.01, 15:00 - Popo\u0142udnie z bajkami - seans \u2022 \u015aRODA\" \/>\n\t\t<meta property=\"og:url\" content=\"https:\/\/tuplice.pl\/index.php\/2016\/01\/21\/ferie-w-gok-tuplice-2016\/\" \/>\n\t\t<meta property=\"article:published_time\" content=\"2016-01-21T07:11:43+00:00\" \/>\n\t\t<meta property=\"article:modified_time\" content=\"2016-01-21T07:11:43+00:00\" \/>\n\t\t<meta property=\"article:publisher\" content=\"https:\/\/facebook.com\/Tuplicki Biuletyn Informacyjny\" \/>\n\t\t<meta name=\"twitter:card\" content=\"summary_large_image\" \/>\n\t\t<meta name=\"twitter:title\" content=\"Ferie w GOK Tuplice. - Gmina Tuplice\" \/>\n\t\t<meta name=\"twitter:description\" content=\"Urz\u0105d Gminy Tuplice w tym roku organizuje par\u0119 niespodzianek dla naszych najm\u0142odszych i m\u0142odzie\u017cy. Wszystko b\u0119dzie mia\u0142o miejsce w du\u017cej sali Gminnego O\u015brodka Kultury. Zapraszamy! Program przedstawia si\u0119 nast\u0119puj\u0105co: DZIECI PRZEDSZKOLNE ORAZ KLASY I-III SZKO\u0141Y PODSTAWOWEJ \u2022 CZWARTEK 21.01 15:00 - Bal Przebiera\u0144c\u00f3w \u2022 PONIEDZIA\u0141EK 25.01, 15:00 - Popo\u0142udnie z bajkami - seans \u2022 \u015aRODA\" \/>\n\t\t<script type=\"application\/ld+json\" class=\"aioseo-schema\">\n\t\t\t{\"@context\":\"https:\\\/\\\/schema.org\",\"@graph\":[{\"@type\":\"BlogPosting\",\"@id\":\"https:\\\/\\\/tuplice.pl\\\/index.php\\\/2016\\\/01\\\/21\\\/ferie-w-gok-tuplice-2016\\\/#blogposting\",\"name\":\"Ferie w GOK Tuplice. - Gmina Tuplice\",\"headline\":\"Ferie w GOK Tuplice.\",\"author\":{\"@id\":\"https:\\\/\\\/tuplice.pl\\\/index.php\\\/author\\\/admin-2\\\/#author\"},\"publisher\":{\"@id\":\"https:\\\/\\\/tuplice.pl\\\/#organization\"},\"image\":{\"@type\":\"ImageObject\",\"url\":\"https:\\\/\\\/tuplice.pl\\\/wp-content\\\/uploads\\\/2025\\\/07\\\/images.png\",\"@id\":\"https:\\\/\\\/tuplice.pl\\\/#articleImage\",\"width\":282,\"height\":179},\"datePublished\":\"2016-01-21T08:11:43+01:00\",\"dateModified\":\"2016-01-21T08:11:43+01:00\",\"inLanguage\":\"pl-PL\",\"mainEntityOfPage\":{\"@id\":\"https:\\\/\\\/tuplice.pl\\\/index.php\\\/2016\\\/01\\\/21\\\/ferie-w-gok-tuplice-2016\\\/#webpage\"},\"isPartOf\":{\"@id\":\"https:\\\/\\\/tuplice.pl\\\/index.php\\\/2016\\\/01\\\/21\\\/ferie-w-gok-tuplice-2016\\\/#webpage\"},\"articleSection\":\"Aktualno\\u015bci\"},{\"@type\":\"BreadcrumbList\",\"@id\":\"https:\\\/\\\/tuplice.pl\\\/index.php\\\/2016\\\/01\\\/21\\\/ferie-w-gok-tuplice-2016\\\/#breadcrumblist\",\"itemListElement\":[{\"@type\":\"ListItem\",\"@id\":\"https:\\\/\\\/tuplice.pl#listItem\",\"position\":1,\"name\":\"Home\",\"item\":\"https:\\\/\\\/tuplice.pl\",\"nextItem\":{\"@type\":\"ListItem\",\"@id\":\"https:\\\/\\\/tuplice.pl\\\/index.php\\\/category\\\/aktualnosci\\\/#listItem\",\"name\":\"Aktualno\\u015bci\"}},{\"@type\":\"ListItem\",\"@id\":\"https:\\\/\\\/tuplice.pl\\\/index.php\\\/category\\\/aktualnosci\\\/#listItem\",\"position\":2,\"name\":\"Aktualno\\u015bci\",\"item\":\"https:\\\/\\\/tuplice.pl\\\/index.php\\\/category\\\/aktualnosci\\\/\",\"nextItem\":{\"@type\":\"ListItem\",\"@id\":\"https:\\\/\\\/tuplice.pl\\\/index.php\\\/2016\\\/01\\\/21\\\/ferie-w-gok-tuplice-2016\\\/#listItem\",\"name\":\"Ferie w GOK Tuplice.\"},\"previousItem\":{\"@type\":\"ListItem\",\"@id\":\"https:\\\/\\\/tuplice.pl#listItem\",\"name\":\"Home\"}},{\"@type\":\"ListItem\",\"@id\":\"https:\\\/\\\/tuplice.pl\\\/index.php\\\/2016\\\/01\\\/21\\\/ferie-w-gok-tuplice-2016\\\/#listItem\",\"position\":3,\"name\":\"Ferie w GOK Tuplice.\",\"previousItem\":{\"@type\":\"ListItem\",\"@id\":\"https:\\\/\\\/tuplice.pl\\\/index.php\\\/category\\\/aktualnosci\\\/#listItem\",\"name\":\"Aktualno\\u015bci\"}}]},{\"@type\":\"Organization\",\"@id\":\"https:\\\/\\\/tuplice.pl\\\/#organization\",\"name\":\"Gmina Tuplice Gmina Tuplice\",\"description\":\"Strona Gminy Tuplice Strona Urz\\u0119du Gminy Tuplice\",\"url\":\"https:\\\/\\\/tuplice.pl\\\/\",\"telephone\":\"+48683625720\",\"logo\":{\"@type\":\"ImageObject\",\"url\":\"https:\\\/\\\/tuplice.pl\\\/wp-content\\\/uploads\\\/2025\\\/07\\\/images.png\",\"@id\":\"https:\\\/\\\/tuplice.pl\\\/index.php\\\/2016\\\/01\\\/21\\\/ferie-w-gok-tuplice-2016\\\/#organizationLogo\",\"width\":282,\"height\":179},\"image\":{\"@id\":\"https:\\\/\\\/tuplice.pl\\\/index.php\\\/2016\\\/01\\\/21\\\/ferie-w-gok-tuplice-2016\\\/#organizationLogo\"},\"sameAs\":[\"https:\\\/\\\/facebook.com\\\/Tuplicki Biuletyn Informacyjny\",\"https:\\\/\\\/pinterest.com\\\/Tuplicki Biuletyn Informacyjny\",\"https:\\\/\\\/youtube.com\\\/Tuplicki Biuletyn Informacyjny\"]},{\"@type\":\"Person\",\"@id\":\"https:\\\/\\\/tuplice.pl\\\/index.php\\\/author\\\/admin-2\\\/#author\",\"url\":\"https:\\\/\\\/tuplice.pl\\\/index.php\\\/author\\\/admin-2\\\/\",\"name\":\"admin\",\"image\":{\"@type\":\"ImageObject\",\"@id\":\"https:\\\/\\\/tuplice.pl\\\/index.php\\\/2016\\\/01\\\/21\\\/ferie-w-gok-tuplice-2016\\\/#authorImage\",\"url\":\"https:\\\/\\\/secure.gravatar.com\\\/avatar\\\/8a55bb0a6c2b7d7d608f6e5c7d99e391?s=96&d=mm&r=g\",\"width\":96,\"height\":96,\"caption\":\"admin\"}},{\"@type\":\"WebPage\",\"@id\":\"https:\\\/\\\/tuplice.pl\\\/index.php\\\/2016\\\/01\\\/21\\\/ferie-w-gok-tuplice-2016\\\/#webpage\",\"url\":\"https:\\\/\\\/tuplice.pl\\\/index.php\\\/2016\\\/01\\\/21\\\/ferie-w-gok-tuplice-2016\\\/\",\"name\":\"Ferie w GOK Tuplice. - Gmina Tuplice\",\"description\":\"Urz\\u0105d Gminy Tuplice w tym roku organizuje par\\u0119 niespodzianek dla naszych najm\\u0142odszych i m\\u0142odzie\\u017cy. Wszystko b\\u0119dzie mia\\u0142o miejsce w du\\u017cej sali Gminnego O\\u015brodka Kultury. Zapraszamy! Program przedstawia si\\u0119 nast\\u0119puj\\u0105co: DZIECI PRZEDSZKOLNE ORAZ KLASY I-III SZKO\\u0141Y PODSTAWOWEJ \\u2022 CZWARTEK 21.01 15:00 - Bal Przebiera\\u0144c\\u00f3w \\u2022 PONIEDZIA\\u0141EK 25.01, 15:00 - Popo\\u0142udnie z bajkami - seans \\u2022 \\u015aRODA\",\"inLanguage\":\"pl-PL\",\"isPartOf\":{\"@id\":\"https:\\\/\\\/tuplice.pl\\\/#website\"},\"breadcrumb\":{\"@id\":\"https:\\\/\\\/tuplice.pl\\\/index.php\\\/2016\\\/01\\\/21\\\/ferie-w-gok-tuplice-2016\\\/#breadcrumblist\"},\"author\":{\"@id\":\"https:\\\/\\\/tuplice.pl\\\/index.php\\\/author\\\/admin-2\\\/#author\"},\"creator\":{\"@id\":\"https:\\\/\\\/tuplice.pl\\\/index.php\\\/author\\\/admin-2\\\/#author\"},\"datePublished\":\"2016-01-21T08:11:43+01:00\",\"dateModified\":\"2016-01-21T08:11:43+01:00\"},{\"@type\":\"WebSite\",\"@id\":\"https:\\\/\\\/tuplice.pl\\\/#website\",\"url\":\"https:\\\/\\\/tuplice.pl\\\/\",\"name\":\"Gmina Tuplice\",\"description\":\"Strona Gminy Tuplice\",\"inLanguage\":\"pl-PL\",\"publisher\":{\"@id\":\"https:\\\/\\\/tuplice.pl\\\/#organization\"}}]}\n\t\t<\/script>\n\t\t<!-- All in One SEO -->\n\n","aioseo_head_json":{"title":"Ferie w GOK Tuplice. - Gmina Tuplice","description":"Urz\u0105d Gminy Tuplice w tym roku organizuje par\u0119 niespodzianek dla naszych najm\u0142odszych i m\u0142odzie\u017cy. Wszystko b\u0119dzie mia\u0142o miejsce w du\u017cej sali Gminnego O\u015brodka Kultury. Zapraszamy! Program przedstawia si\u0119 nast\u0119puj\u0105co: DZIECI PRZEDSZKOLNE ORAZ KLASY I-III SZKO\u0141Y PODSTAWOWEJ \u2022 CZWARTEK 21.01 15:00 - Bal Przebiera\u0144c\u00f3w \u2022 PONIEDZIA\u0141EK 25.01, 15:00 - Popo\u0142udnie z bajkami - seans \u2022 \u015aRODA","canonical_url":"https:\/\/tuplice.pl\/index.php\/2016\/01\/21\/ferie-w-gok-tuplice-2016\/","robots":"max-image-preview:large","keywords":"","webmasterTools":{"miscellaneous":""},"schema":{"@context":"https:\/\/schema.org","@graph":[{"@type":"BlogPosting","@id":"https:\/\/tuplice.pl\/index.php\/2016\/01\/21\/ferie-w-gok-tuplice-2016\/#blogposting","name":"Ferie w GOK Tuplice. - Gmina Tuplice","headline":"Ferie w GOK Tuplice.","author":{"@id":"https:\/\/tuplice.pl\/index.php\/author\/admin-2\/#author"},"publisher":{"@id":"https:\/\/tuplice.pl\/#organization"},"image":{"@type":"ImageObject","url":"https:\/\/tuplice.pl\/wp-content\/uploads\/2025\/07\/images.png","@id":"https:\/\/tuplice.pl\/#articleImage","width":282,"height":179},"datePublished":"2016-01-21T08:11:43+01:00","dateModified":"2016-01-21T08:11:43+01:00","inLanguage":"pl-PL","mainEntityOfPage":{"@id":"https:\/\/tuplice.pl\/index.php\/2016\/01\/21\/ferie-w-gok-tuplice-2016\/#webpage"},"isPartOf":{"@id":"https:\/\/tuplice.pl\/index.php\/2016\/01\/21\/ferie-w-gok-tuplice-2016\/#webpage"},"articleSection":"Aktualno\u015bci"},{"@type":"BreadcrumbList","@id":"https:\/\/tuplice.pl\/index.php\/2016\/01\/21\/ferie-w-gok-tuplice-2016\/#breadcrumblist","itemListElement":[{"@type":"ListItem","@id":"https:\/\/tuplice.pl#listItem","position":1,"name":"Home","item":"https:\/\/tuplice.pl","nextItem":{"@type":"ListItem","@id":"https:\/\/tuplice.pl\/index.php\/category\/aktualnosci\/#listItem","name":"Aktualno\u015bci"}},{"@type":"ListItem","@id":"https:\/\/tuplice.pl\/index.php\/category\/aktualnosci\/#listItem","position":2,"name":"Aktualno\u015bci","item":"https:\/\/tuplice.pl\/index.php\/category\/aktualnosci\/","nextItem":{"@type":"ListItem","@id":"https:\/\/tuplice.pl\/index.php\/2016\/01\/21\/ferie-w-gok-tuplice-2016\/#listItem","name":"Ferie w GOK Tuplice."},"previousItem":{"@type":"ListItem","@id":"https:\/\/tuplice.pl#listItem","name":"Home"}},{"@type":"ListItem","@id":"https:\/\/tuplice.pl\/index.php\/2016\/01\/21\/ferie-w-gok-tuplice-2016\/#listItem","position":3,"name":"Ferie w GOK Tuplice.","previousItem":{"@type":"ListItem","@id":"https:\/\/tuplice.pl\/index.php\/category\/aktualnosci\/#listItem","name":"Aktualno\u015bci"}}]},{"@type":"Organization","@id":"https:\/\/tuplice.pl\/#organization","name":"Gmina Tuplice Gmina Tuplice","description":"Strona Gminy Tuplice Strona Urz\u0119du Gminy Tuplice","url":"https:\/\/tuplice.pl\/","telephone":"+48683625720","logo":{"@type":"ImageObject","url":"https:\/\/tuplice.pl\/wp-content\/uploads\/2025\/07\/images.png","@id":"https:\/\/tuplice.pl\/index.php\/2016\/01\/21\/ferie-w-gok-tuplice-2016\/#organizationLogo","width":282,"height":179},"image":{"@id":"https:\/\/tuplice.pl\/index.php\/2016\/01\/21\/ferie-w-gok-tuplice-2016\/#organizationLogo"},"sameAs":["https:\/\/facebook.com\/Tuplicki Biuletyn Informacyjny","https:\/\/pinterest.com\/Tuplicki Biuletyn Informacyjny","https:\/\/youtube.com\/Tuplicki Biuletyn Informacyjny"]},{"@type":"Person","@id":"https:\/\/tuplice.pl\/index.php\/author\/admin-2\/#author","url":"https:\/\/tuplice.pl\/index.php\/author\/admin-2\/","name":"admin","image":{"@type":"ImageObject","@id":"https:\/\/tuplice.pl\/index.php\/2016\/01\/21\/ferie-w-gok-tuplice-2016\/#authorImage","url":"https:\/\/secure.gravatar.com\/avatar\/8a55bb0a6c2b7d7d608f6e5c7d99e391?s=96&d=mm&r=g","width":96,"height":96,"caption":"admin"}},{"@type":"WebPage","@id":"https:\/\/tuplice.pl\/index.php\/2016\/01\/21\/ferie-w-gok-tuplice-2016\/#webpage","url":"https:\/\/tuplice.pl\/index.php\/2016\/01\/21\/ferie-w-gok-tuplice-2016\/","name":"Ferie w GOK Tuplice. - Gmina Tuplice","description":"Urz\u0105d Gminy Tuplice w tym roku organizuje par\u0119 niespodzianek dla naszych najm\u0142odszych i m\u0142odzie\u017cy. Wszystko b\u0119dzie mia\u0142o miejsce w du\u017cej sali Gminnego O\u015brodka Kultury. Zapraszamy! Program przedstawia si\u0119 nast\u0119puj\u0105co: DZIECI PRZEDSZKOLNE ORAZ KLASY I-III SZKO\u0141Y PODSTAWOWEJ \u2022 CZWARTEK 21.01 15:00 - Bal Przebiera\u0144c\u00f3w \u2022 PONIEDZIA\u0141EK 25.01, 15:00 - Popo\u0142udnie z bajkami - seans \u2022 \u015aRODA","inLanguage":"pl-PL","isPartOf":{"@id":"https:\/\/tuplice.pl\/#website"},"breadcrumb":{"@id":"https:\/\/tuplice.pl\/index.php\/2016\/01\/21\/ferie-w-gok-tuplice-2016\/#breadcrumblist"},"author":{"@id":"https:\/\/tuplice.pl\/index.php\/author\/admin-2\/#author"},"creator":{"@id":"https:\/\/tuplice.pl\/index.php\/author\/admin-2\/#author"},"datePublished":"2016-01-21T08:11:43+01:00","dateModified":"2016-01-21T08:11:43+01:00"},{"@type":"WebSite","@id":"https:\/\/tuplice.pl\/#website","url":"https:\/\/tuplice.pl\/","name":"Gmina Tuplice","description":"Strona Gminy Tuplice","inLanguage":"pl-PL","publisher":{"@id":"https:\/\/tuplice.pl\/#organization"}}]},"og:locale":"pl_PL","og:site_name":"Gmina Tuplice - Strona Gminy Tuplice","og:type":"article","og:title":"Ferie w GOK Tuplice. - Gmina Tuplice","og:description":"Urz\u0105d Gminy Tuplice w tym roku organizuje par\u0119 niespodzianek dla naszych najm\u0142odszych i m\u0142odzie\u017cy. Wszystko b\u0119dzie mia\u0142o miejsce w du\u017cej sali Gminnego O\u015brodka Kultury. Zapraszamy! Program przedstawia si\u0119 nast\u0119puj\u0105co: DZIECI PRZEDSZKOLNE ORAZ KLASY I-III SZKO\u0141Y PODSTAWOWEJ \u2022 CZWARTEK 21.01 15:00 - Bal Przebiera\u0144c\u00f3w \u2022 PONIEDZIA\u0141EK 25.01, 15:00 - Popo\u0142udnie z bajkami - seans \u2022 \u015aRODA","og:url":"https:\/\/tuplice.pl\/index.php\/2016\/01\/21\/ferie-w-gok-tuplice-2016\/","article:published_time":"2016-01-21T07:11:43+00:00","article:modified_time":"2016-01-21T07:11:43+00:00","article:publisher":"https:\/\/facebook.com\/Tuplicki Biuletyn Informacyjny","twitter:card":"summary_large_image","twitter:title":"Ferie w GOK Tuplice. - Gmina Tuplice","twitter:description":"Urz\u0105d Gminy Tuplice w tym roku organizuje par\u0119 niespodzianek dla naszych najm\u0142odszych i m\u0142odzie\u017cy. Wszystko b\u0119dzie mia\u0142o miejsce w du\u017cej sali Gminnego O\u015brodka Kultury. Zapraszamy! Program przedstawia si\u0119 nast\u0119puj\u0105co: DZIECI PRZEDSZKOLNE ORAZ KLASY I-III SZKO\u0141Y PODSTAWOWEJ \u2022 CZWARTEK 21.01 15:00 - Bal Przebiera\u0144c\u00f3w \u2022 PONIEDZIA\u0141EK 25.01, 15:00 - Popo\u0142udnie z bajkami - seans \u2022 \u015aRODA"},"aioseo_meta_data":{"post_id":"1263","title":null,"description":null,"keywords":null,"keyphrases":null,"primary_term":null,"canonical_url":null,"og_title":null,"og_description":null,"og_object_type":"default","og_image_type":"default","og_image_url":null,"og_image_width":null,"og_image_height":null,"og_image_custom_url":null,"og_image_custom_fields":null,"og_video":null,"og_custom_url":null,"og_article_section":null,"og_article_tags":null,"twitter_use_og":false,"twitter_card":"default","twitter_image_type":"default","twitter_image_url":null,"twitter_image_custom_url":null,"twitter_image_custom_fields":null,"twitter_title":null,"twitter_description":null,"schema":{"blockGraphs":[],"customGraphs":[],"default":{"data":{"Article":[],"Course":[],"Dataset":[],"FAQPage":[],"Movie":[],"Person":[],"Product":[],"ProductReview":[],"Car":[],"Recipe":[],"Service":[],"SoftwareApplication":[],"WebPage":[]},"graphName":"","isEnabled":true},"graphs":[]},"schema_type":"default","schema_type_options":null,"pillar_content":false,"robots_default":true,"robots_noindex":false,"robots_noarchive":false,"robots_nosnippet":false,"robots_nofollow":false,"robots_noimageindex":false,"robots_noodp":false,"robots_notranslate":false,"robots_max_snippet":null,"robots_max_videopreview":null,"robots_max_imagepreview":"large","priority":null,"frequency":null,"local_seo":null,"breadcrumb_settings":null,"limit_modified_date":false,"ai":null,"created":"2025-07-22 20:50:29","updated":"2025-07-22 20:50:29","seo_analyzer_scan_date":null},"aioseo_breadcrumb":"<div class=\"aioseo-breadcrumbs\"><span class=\"aioseo-breadcrumb\">\n\t\t\t<a href=\"https:\/\/tuplice.pl\" title=\"Home\">Home<\/a>\n\t\t<\/span><span class=\"aioseo-breadcrumb-separator\">&raquo;<\/span><span class=\"aioseo-breadcrumb\">\n\t\t\t<a href=\"https:\/\/tuplice.pl\/index.php\/category\/aktualnosci\/\" title=\"Aktualno\u015bci\">Aktualno\u015bci<\/a>\n\t\t<\/span><span class=\"aioseo-breadcrumb-separator\">&raquo;<\/span><span class=\"aioseo-breadcrumb\">\n\t\t\tFerie w GOK Tuplice.\n\t\t<\/span><\/div>","aioseo_breadcrumb_json":[{"label":"Home","link":"https:\/\/tuplice.pl"},{"label":"Aktualno\u015bci","link":"https:\/\/tuplice.pl\/index.php\/category\/aktualnosci\/"},{"label":"Ferie w GOK Tuplice.","link":"https:\/\/tuplice.pl\/index.php\/2016\/01\/21\/ferie-w-gok-tuplice-2016\/"}],"a3_pvc":{"activated":false,"total_views":0,"today_views":0},"_links":{"self":[{"href":"https:\/\/tuplice.pl\/index.php\/wp-json\/wp\/v2\/posts\/1263"}],"collection":[{"href":"https:\/\/tuplice.pl\/index.php\/wp-json\/wp\/v2\/posts"}],"about":[{"href":"https:\/\/tuplice.pl\/index.php\/wp-json\/wp\/v2\/types\/post"}],"author":[{"embeddable":true,"href":"https:\/\/tuplice.pl\/index.php\/wp-json\/wp\/v2\/users\/4"}],"replies":[{"embeddable":true,"href":"https:\/\/tuplice.pl\/index.php\/wp-json\/wp\/v2\/comments?post=1263"}],"version-history":[{"count":0,"href":"https:\/\/tuplice.pl\/index.php\/wp-json\/wp\/v2\/posts\/1263\/revisions"}],"wp:attachment":[{"href":"https:\/\/tuplice.pl\/index.php\/wp-json\/wp\/v2\/media?parent=1263"}],"wp:term":[{"taxonomy":"category","embeddable":true,"href":"https:\/\/tuplice.pl\/index.php\/wp-json\/wp\/v2\/categories?post=1263"},{"taxonomy":"post_tag","embeddable":true,"href":"https:\/\/tuplice.pl\/index.php\/wp-json\/wp\/v2\/tags?post=1263"}],"curies":[{"name":"wp","href":"https:\/\/api.w.org\/{rel}","templated":true}]}}