{"id":1316,"date":"2016-04-07T12:07:40","date_gmt":"2016-04-07T10:07:40","guid":{"rendered":"https:\/\/tuplice.pl\/konkurs-plastyczny-pola-nadziei\/"},"modified":"2016-04-07T12:07:40","modified_gmt":"2016-04-07T10:07:40","slug":"konkurs-plastyczny-pola-nadziei","status":"publish","type":"post","link":"https:\/\/tuplice.pl\/index.php\/2016\/04\/07\/konkurs-plastyczny-pola-nadziei\/","title":{"rendered":"Konkurs plastyczny &#8222;Pola nadziei&#8221;"},"content":{"rendered":"<p>Ko\u0142o \u017barskie Towarzystwa Pomocy im. Brata Alberta og\u0142asza konkurs plastyczny w ramach akcji: &#8222;Pola nadziei&#8221; dla hospicjum \u015bw. Brata Alberta pt. &#8222;\u017bonkilowe ogrody nadziei&#8221;. Wyczaruj na swojej karcie ogrody pe\u0142ne mi\u0142o\u015bci, rado\u015bci i blisko\u015bci, wra\u017cliwo\u015bci na drugiego cz\u0142owieka.<\/p>\n<p><a href=\"https:\/\/tuplice.pl\/wp-content\/uploads\/2016\/04\/Konkurs-plastyczny-1.pdf\" target=\"_blank\" rel=\"noopener noreferrer\">&#8211; regulamin konkursu<\/a><\/p>\n<p>Ko\u0142o \u017barskie Towarzystwa Pomocy im. Brata Alberta og\u0142asza konkurs plastyczny w ramach akcji: &#8222;Pola nadziei&#8221; dla hospicjum \u015bw. Brata Alberta pt. &#8222;\u017bonkilowi wolontariusze&#8221;. Wykonaj prezentacj\u0119, film ukazuj\u0105cy ide\u0119 niesienia pomocy osobom potrzebuj\u0105cym.<\/p>\n<p><a href=\"https:\/\/tuplice.pl\/wp-content\/uploads\/2016\/04\/Konkurs-plastyczny-2.pdf\" target=\"_blank\" rel=\"noopener noreferrer\">&#8211; regulamin konkursu<\/a><\/p>\n<p>Ko\u0142o \u017barskie Towarzystwa Pomocy im. Brata Alberta og\u0142asza konkurs plastyczny w ramach akcji: &#8222;Pola nadziei&#8221; dla hospicjum \u015bw. Brata Alberta pt. &#8222;\u015awiat wok\u00f3\u0142 nas z \u017conkilem w tle&#8221;. Rozejrzyj si\u0119 wok\u00f3\u0142 siebie. Czy dostrzegasz ju\u017c wiosn\u0119? Czy widzisz, jak ludzie\u00a0 dziel\u0105 si\u0119 mi\u0142o\u015bci\u0105 i trosk\u0105 z potrzebuj\u0105cym cz\u0142owiekiem. Zatrzymaj t\u0119 chwil\u0119 na zawsze w wykonanej przez siebie fotografii.<\/p>\n<p><a href=\"https:\/\/tuplice.pl\/wp-content\/uploads\/2016\/04\/Konkurs-plastyczny-3.pdf\" target=\"_blank\" rel=\"noopener noreferrer\">&#8211; regulamin konkursu<\/a><\/p>\n<p>Formularz zg\u0142oszenia dla wszystkich konkurs\u00f3w<\/p>\n<p><a href=\"https:\/\/tuplice.pl\/wp-content\/uploads\/2016\/04\/zgloszenie-formularz.pdf\" target=\"_blank\" rel=\"noopener noreferrer\">&#8211; zg\u0142oszenie do udzia\u0142u<br \/><\/a><\/p>\n<p>\u00a0<\/p>\n","protected":false},"excerpt":{"rendered":"<p>Ko\u0142o \u017barskie Towarzystwa Pomocy im. Brata Alberta og\u0142asza konkurs plastyczny w ramach akcji: &#8222;Pola nadziei&#8221; dla hospicjum \u015bw. Brata Alberta pt. &#8222;\u017bonkilowe ogrody nadziei&#8221;. Wyczaruj na swojej karcie ogrody pe\u0142ne mi\u0142o\u015bci, rado\u015bci i blisko\u015bci, wra\u017cliwo\u015bci na drugiego cz\u0142owieka. &#8211; regulamin konkursu Ko\u0142o \u017barskie Towarzystwa Pomocy im. Brata Alberta og\u0142asza konkurs plastyczny w ramach akcji: &#8222;Pola [&hellip;]<\/p>\n","protected":false},"author":4,"featured_media":0,"comment_status":"closed","ping_status":"closed","sticky":false,"template":"","format":"standard","meta":{"_et_pb_use_builder":"","_et_pb_old_content":"","_et_gb_content_width":"","_monsterinsights_skip_tracking":false},"categories":[82],"tags":[],"aioseo_notices":[],"aioseo_head":"\n\t\t<!-- All in One SEO 4.9.10 - aioseo.com -->\n\t<meta name=\"description\" content=\"Ko\u0142o \u017barskie Towarzystwa Pomocy im. Brata Alberta og\u0142asza konkurs plastyczny w ramach akcji: &quot;Pola nadziei&quot; dla hospicjum \u015bw. Brata Alberta pt. &quot;\u017bonkilowe ogrody nadziei&quot;. Wyczaruj na swojej karcie ogrody pe\u0142ne mi\u0142o\u015bci, rado\u015bci i blisko\u015bci, wra\u017cliwo\u015bci na drugiego cz\u0142owieka. - regulamin konkursu Ko\u0142o \u017barskie Towarzystwa Pomocy im. Brata Alberta og\u0142asza konkurs plastyczny w ramach akcji: &quot;Pola\" \/>\n\t<meta name=\"robots\" content=\"max-image-preview:large\" \/>\n\t<meta name=\"author\" content=\"admin\"\/>\n\t<link rel=\"canonical\" href=\"https:\/\/tuplice.pl\/index.php\/2016\/04\/07\/konkurs-plastyczny-pola-nadziei\/\" \/>\n\t<meta name=\"generator\" content=\"All in One SEO (AIOSEO) 4.9.10\" \/>\n\t\t<meta property=\"og:locale\" content=\"pl_PL\" \/>\n\t\t<meta property=\"og:site_name\" content=\"Gmina Tuplice - Strona Gminy Tuplice\" \/>\n\t\t<meta property=\"og:type\" content=\"article\" \/>\n\t\t<meta property=\"og:title\" content=\"Konkurs plastyczny \u201ePola nadziei\u201d - Gmina Tuplice\" \/>\n\t\t<meta property=\"og:description\" content=\"Ko\u0142o \u017barskie Towarzystwa Pomocy im. Brata Alberta og\u0142asza konkurs plastyczny w ramach akcji: &quot;Pola nadziei&quot; dla hospicjum \u015bw. Brata Alberta pt. &quot;\u017bonkilowe ogrody nadziei&quot;. Wyczaruj na swojej karcie ogrody pe\u0142ne mi\u0142o\u015bci, rado\u015bci i blisko\u015bci, wra\u017cliwo\u015bci na drugiego cz\u0142owieka. - regulamin konkursu Ko\u0142o \u017barskie Towarzystwa Pomocy im. Brata Alberta og\u0142asza konkurs plastyczny w ramach akcji: &quot;Pola\" \/>\n\t\t<meta property=\"og:url\" content=\"https:\/\/tuplice.pl\/index.php\/2016\/04\/07\/konkurs-plastyczny-pola-nadziei\/\" \/>\n\t\t<meta property=\"article:published_time\" content=\"2016-04-07T10:07:40+00:00\" \/>\n\t\t<meta property=\"article:modified_time\" content=\"2016-04-07T10:07:40+00:00\" \/>\n\t\t<meta property=\"article:publisher\" content=\"https:\/\/facebook.com\/Tuplicki Biuletyn Informacyjny\" \/>\n\t\t<meta name=\"twitter:card\" content=\"summary_large_image\" \/>\n\t\t<meta name=\"twitter:title\" content=\"Konkurs plastyczny \u201ePola nadziei\u201d - Gmina Tuplice\" \/>\n\t\t<meta name=\"twitter:description\" content=\"Ko\u0142o \u017barskie Towarzystwa Pomocy im. Brata Alberta og\u0142asza konkurs plastyczny w ramach akcji: &quot;Pola nadziei&quot; dla hospicjum \u015bw. Brata Alberta pt. &quot;\u017bonkilowe ogrody nadziei&quot;. Wyczaruj na swojej karcie ogrody pe\u0142ne mi\u0142o\u015bci, rado\u015bci i blisko\u015bci, wra\u017cliwo\u015bci na drugiego cz\u0142owieka. - regulamin konkursu Ko\u0142o \u017barskie Towarzystwa Pomocy im. Brata Alberta og\u0142asza konkurs plastyczny w ramach akcji: &quot;Pola\" \/>\n\t\t<script type=\"application\/ld+json\" class=\"aioseo-schema\">\n\t\t\t{\"@context\":\"https:\\\/\\\/schema.org\",\"@graph\":[{\"@type\":\"BlogPosting\",\"@id\":\"https:\\\/\\\/tuplice.pl\\\/index.php\\\/2016\\\/04\\\/07\\\/konkurs-plastyczny-pola-nadziei\\\/#blogposting\",\"name\":\"Konkurs plastyczny \\u201ePola nadziei\\u201d - Gmina Tuplice\",\"headline\":\"Konkurs plastyczny &#8222;Pola nadziei&#8221;\",\"author\":{\"@id\":\"https:\\\/\\\/tuplice.pl\\\/index.php\\\/author\\\/admin-2\\\/#author\"},\"publisher\":{\"@id\":\"https:\\\/\\\/tuplice.pl\\\/#organization\"},\"image\":{\"@type\":\"ImageObject\",\"url\":\"https:\\\/\\\/tuplice.pl\\\/wp-content\\\/uploads\\\/2025\\\/07\\\/images.png\",\"@id\":\"https:\\\/\\\/tuplice.pl\\\/#articleImage\",\"width\":282,\"height\":179},\"datePublished\":\"2016-04-07T12:07:40+02:00\",\"dateModified\":\"2016-04-07T12:07:40+02:00\",\"inLanguage\":\"pl-PL\",\"mainEntityOfPage\":{\"@id\":\"https:\\\/\\\/tuplice.pl\\\/index.php\\\/2016\\\/04\\\/07\\\/konkurs-plastyczny-pola-nadziei\\\/#webpage\"},\"isPartOf\":{\"@id\":\"https:\\\/\\\/tuplice.pl\\\/index.php\\\/2016\\\/04\\\/07\\\/konkurs-plastyczny-pola-nadziei\\\/#webpage\"},\"articleSection\":\"Aktualno\\u015bci\"},{\"@type\":\"BreadcrumbList\",\"@id\":\"https:\\\/\\\/tuplice.pl\\\/index.php\\\/2016\\\/04\\\/07\\\/konkurs-plastyczny-pola-nadziei\\\/#breadcrumblist\",\"itemListElement\":[{\"@type\":\"ListItem\",\"@id\":\"https:\\\/\\\/tuplice.pl#listItem\",\"position\":1,\"name\":\"Home\",\"item\":\"https:\\\/\\\/tuplice.pl\",\"nextItem\":{\"@type\":\"ListItem\",\"@id\":\"https:\\\/\\\/tuplice.pl\\\/index.php\\\/category\\\/aktualnosci\\\/#listItem\",\"name\":\"Aktualno\\u015bci\"}},{\"@type\":\"ListItem\",\"@id\":\"https:\\\/\\\/tuplice.pl\\\/index.php\\\/category\\\/aktualnosci\\\/#listItem\",\"position\":2,\"name\":\"Aktualno\\u015bci\",\"item\":\"https:\\\/\\\/tuplice.pl\\\/index.php\\\/category\\\/aktualnosci\\\/\",\"nextItem\":{\"@type\":\"ListItem\",\"@id\":\"https:\\\/\\\/tuplice.pl\\\/index.php\\\/2016\\\/04\\\/07\\\/konkurs-plastyczny-pola-nadziei\\\/#listItem\",\"name\":\"Konkurs plastyczny &#8222;Pola nadziei&#8221;\"},\"previousItem\":{\"@type\":\"ListItem\",\"@id\":\"https:\\\/\\\/tuplice.pl#listItem\",\"name\":\"Home\"}},{\"@type\":\"ListItem\",\"@id\":\"https:\\\/\\\/tuplice.pl\\\/index.php\\\/2016\\\/04\\\/07\\\/konkurs-plastyczny-pola-nadziei\\\/#listItem\",\"position\":3,\"name\":\"Konkurs plastyczny &#8222;Pola nadziei&#8221;\",\"previousItem\":{\"@type\":\"ListItem\",\"@id\":\"https:\\\/\\\/tuplice.pl\\\/index.php\\\/category\\\/aktualnosci\\\/#listItem\",\"name\":\"Aktualno\\u015bci\"}}]},{\"@type\":\"Organization\",\"@id\":\"https:\\\/\\\/tuplice.pl\\\/#organization\",\"name\":\"Gmina Tuplice Gmina Tuplice\",\"description\":\"Strona Gminy Tuplice Strona Urz\\u0119du Gminy Tuplice\",\"url\":\"https:\\\/\\\/tuplice.pl\\\/\",\"telephone\":\"+48683625720\",\"logo\":{\"@type\":\"ImageObject\",\"url\":\"https:\\\/\\\/tuplice.pl\\\/wp-content\\\/uploads\\\/2025\\\/07\\\/images.png\",\"@id\":\"https:\\\/\\\/tuplice.pl\\\/index.php\\\/2016\\\/04\\\/07\\\/konkurs-plastyczny-pola-nadziei\\\/#organizationLogo\",\"width\":282,\"height\":179},\"image\":{\"@id\":\"https:\\\/\\\/tuplice.pl\\\/index.php\\\/2016\\\/04\\\/07\\\/konkurs-plastyczny-pola-nadziei\\\/#organizationLogo\"},\"sameAs\":[\"https:\\\/\\\/facebook.com\\\/Tuplicki Biuletyn Informacyjny\",\"https:\\\/\\\/pinterest.com\\\/Tuplicki Biuletyn Informacyjny\",\"https:\\\/\\\/youtube.com\\\/Tuplicki Biuletyn Informacyjny\"]},{\"@type\":\"Person\",\"@id\":\"https:\\\/\\\/tuplice.pl\\\/index.php\\\/author\\\/admin-2\\\/#author\",\"url\":\"https:\\\/\\\/tuplice.pl\\\/index.php\\\/author\\\/admin-2\\\/\",\"name\":\"admin\",\"image\":{\"@type\":\"ImageObject\",\"@id\":\"https:\\\/\\\/tuplice.pl\\\/index.php\\\/2016\\\/04\\\/07\\\/konkurs-plastyczny-pola-nadziei\\\/#authorImage\",\"url\":\"https:\\\/\\\/secure.gravatar.com\\\/avatar\\\/8a55bb0a6c2b7d7d608f6e5c7d99e391?s=96&d=mm&r=g\",\"width\":96,\"height\":96,\"caption\":\"admin\"}},{\"@type\":\"WebPage\",\"@id\":\"https:\\\/\\\/tuplice.pl\\\/index.php\\\/2016\\\/04\\\/07\\\/konkurs-plastyczny-pola-nadziei\\\/#webpage\",\"url\":\"https:\\\/\\\/tuplice.pl\\\/index.php\\\/2016\\\/04\\\/07\\\/konkurs-plastyczny-pola-nadziei\\\/\",\"name\":\"Konkurs plastyczny \\u201ePola nadziei\\u201d - Gmina Tuplice\",\"description\":\"Ko\\u0142o \\u017barskie Towarzystwa Pomocy im. Brata Alberta og\\u0142asza konkurs plastyczny w ramach akcji: \\\"Pola nadziei\\\" dla hospicjum \\u015bw. Brata Alberta pt. \\\"\\u017bonkilowe ogrody nadziei\\\". Wyczaruj na swojej karcie ogrody pe\\u0142ne mi\\u0142o\\u015bci, rado\\u015bci i blisko\\u015bci, wra\\u017cliwo\\u015bci na drugiego cz\\u0142owieka. - regulamin konkursu Ko\\u0142o \\u017barskie Towarzystwa Pomocy im. Brata Alberta og\\u0142asza konkurs plastyczny w ramach akcji: \\\"Pola\",\"inLanguage\":\"pl-PL\",\"isPartOf\":{\"@id\":\"https:\\\/\\\/tuplice.pl\\\/#website\"},\"breadcrumb\":{\"@id\":\"https:\\\/\\\/tuplice.pl\\\/index.php\\\/2016\\\/04\\\/07\\\/konkurs-plastyczny-pola-nadziei\\\/#breadcrumblist\"},\"author\":{\"@id\":\"https:\\\/\\\/tuplice.pl\\\/index.php\\\/author\\\/admin-2\\\/#author\"},\"creator\":{\"@id\":\"https:\\\/\\\/tuplice.pl\\\/index.php\\\/author\\\/admin-2\\\/#author\"},\"datePublished\":\"2016-04-07T12:07:40+02:00\",\"dateModified\":\"2016-04-07T12:07:40+02:00\"},{\"@type\":\"WebSite\",\"@id\":\"https:\\\/\\\/tuplice.pl\\\/#website\",\"url\":\"https:\\\/\\\/tuplice.pl\\\/\",\"name\":\"Gmina Tuplice\",\"description\":\"Strona Gminy Tuplice\",\"inLanguage\":\"pl-PL\",\"publisher\":{\"@id\":\"https:\\\/\\\/tuplice.pl\\\/#organization\"}}]}\n\t\t<\/script>\n\t\t<!-- All in One SEO -->\n\n","aioseo_head_json":{"title":"Konkurs plastyczny \u201ePola nadziei\u201d - Gmina Tuplice","description":"Ko\u0142o \u017barskie Towarzystwa Pomocy im. Brata Alberta og\u0142asza konkurs plastyczny w ramach akcji: \"Pola nadziei\" dla hospicjum \u015bw. Brata Alberta pt. \"\u017bonkilowe ogrody nadziei\". Wyczaruj na swojej karcie ogrody pe\u0142ne mi\u0142o\u015bci, rado\u015bci i blisko\u015bci, wra\u017cliwo\u015bci na drugiego cz\u0142owieka. - regulamin konkursu Ko\u0142o \u017barskie Towarzystwa Pomocy im. Brata Alberta og\u0142asza konkurs plastyczny w ramach akcji: \"Pola","canonical_url":"https:\/\/tuplice.pl\/index.php\/2016\/04\/07\/konkurs-plastyczny-pola-nadziei\/","robots":"max-image-preview:large","keywords":"","webmasterTools":{"miscellaneous":""},"schema":{"@context":"https:\/\/schema.org","@graph":[{"@type":"BlogPosting","@id":"https:\/\/tuplice.pl\/index.php\/2016\/04\/07\/konkurs-plastyczny-pola-nadziei\/#blogposting","name":"Konkurs plastyczny \u201ePola nadziei\u201d - Gmina Tuplice","headline":"Konkurs plastyczny &#8222;Pola nadziei&#8221;","author":{"@id":"https:\/\/tuplice.pl\/index.php\/author\/admin-2\/#author"},"publisher":{"@id":"https:\/\/tuplice.pl\/#organization"},"image":{"@type":"ImageObject","url":"https:\/\/tuplice.pl\/wp-content\/uploads\/2025\/07\/images.png","@id":"https:\/\/tuplice.pl\/#articleImage","width":282,"height":179},"datePublished":"2016-04-07T12:07:40+02:00","dateModified":"2016-04-07T12:07:40+02:00","inLanguage":"pl-PL","mainEntityOfPage":{"@id":"https:\/\/tuplice.pl\/index.php\/2016\/04\/07\/konkurs-plastyczny-pola-nadziei\/#webpage"},"isPartOf":{"@id":"https:\/\/tuplice.pl\/index.php\/2016\/04\/07\/konkurs-plastyczny-pola-nadziei\/#webpage"},"articleSection":"Aktualno\u015bci"},{"@type":"BreadcrumbList","@id":"https:\/\/tuplice.pl\/index.php\/2016\/04\/07\/konkurs-plastyczny-pola-nadziei\/#breadcrumblist","itemListElement":[{"@type":"ListItem","@id":"https:\/\/tuplice.pl#listItem","position":1,"name":"Home","item":"https:\/\/tuplice.pl","nextItem":{"@type":"ListItem","@id":"https:\/\/tuplice.pl\/index.php\/category\/aktualnosci\/#listItem","name":"Aktualno\u015bci"}},{"@type":"ListItem","@id":"https:\/\/tuplice.pl\/index.php\/category\/aktualnosci\/#listItem","position":2,"name":"Aktualno\u015bci","item":"https:\/\/tuplice.pl\/index.php\/category\/aktualnosci\/","nextItem":{"@type":"ListItem","@id":"https:\/\/tuplice.pl\/index.php\/2016\/04\/07\/konkurs-plastyczny-pola-nadziei\/#listItem","name":"Konkurs plastyczny &#8222;Pola nadziei&#8221;"},"previousItem":{"@type":"ListItem","@id":"https:\/\/tuplice.pl#listItem","name":"Home"}},{"@type":"ListItem","@id":"https:\/\/tuplice.pl\/index.php\/2016\/04\/07\/konkurs-plastyczny-pola-nadziei\/#listItem","position":3,"name":"Konkurs plastyczny &#8222;Pola nadziei&#8221;","previousItem":{"@type":"ListItem","@id":"https:\/\/tuplice.pl\/index.php\/category\/aktualnosci\/#listItem","name":"Aktualno\u015bci"}}]},{"@type":"Organization","@id":"https:\/\/tuplice.pl\/#organization","name":"Gmina Tuplice Gmina Tuplice","description":"Strona Gminy Tuplice Strona Urz\u0119du Gminy Tuplice","url":"https:\/\/tuplice.pl\/","telephone":"+48683625720","logo":{"@type":"ImageObject","url":"https:\/\/tuplice.pl\/wp-content\/uploads\/2025\/07\/images.png","@id":"https:\/\/tuplice.pl\/index.php\/2016\/04\/07\/konkurs-plastyczny-pola-nadziei\/#organizationLogo","width":282,"height":179},"image":{"@id":"https:\/\/tuplice.pl\/index.php\/2016\/04\/07\/konkurs-plastyczny-pola-nadziei\/#organizationLogo"},"sameAs":["https:\/\/facebook.com\/Tuplicki Biuletyn Informacyjny","https:\/\/pinterest.com\/Tuplicki Biuletyn Informacyjny","https:\/\/youtube.com\/Tuplicki Biuletyn Informacyjny"]},{"@type":"Person","@id":"https:\/\/tuplice.pl\/index.php\/author\/admin-2\/#author","url":"https:\/\/tuplice.pl\/index.php\/author\/admin-2\/","name":"admin","image":{"@type":"ImageObject","@id":"https:\/\/tuplice.pl\/index.php\/2016\/04\/07\/konkurs-plastyczny-pola-nadziei\/#authorImage","url":"https:\/\/secure.gravatar.com\/avatar\/8a55bb0a6c2b7d7d608f6e5c7d99e391?s=96&d=mm&r=g","width":96,"height":96,"caption":"admin"}},{"@type":"WebPage","@id":"https:\/\/tuplice.pl\/index.php\/2016\/04\/07\/konkurs-plastyczny-pola-nadziei\/#webpage","url":"https:\/\/tuplice.pl\/index.php\/2016\/04\/07\/konkurs-plastyczny-pola-nadziei\/","name":"Konkurs plastyczny \u201ePola nadziei\u201d - Gmina Tuplice","description":"Ko\u0142o \u017barskie Towarzystwa Pomocy im. Brata Alberta og\u0142asza konkurs plastyczny w ramach akcji: \"Pola nadziei\" dla hospicjum \u015bw. Brata Alberta pt. \"\u017bonkilowe ogrody nadziei\". Wyczaruj na swojej karcie ogrody pe\u0142ne mi\u0142o\u015bci, rado\u015bci i blisko\u015bci, wra\u017cliwo\u015bci na drugiego cz\u0142owieka. - regulamin konkursu Ko\u0142o \u017barskie Towarzystwa Pomocy im. Brata Alberta og\u0142asza konkurs plastyczny w ramach akcji: \"Pola","inLanguage":"pl-PL","isPartOf":{"@id":"https:\/\/tuplice.pl\/#website"},"breadcrumb":{"@id":"https:\/\/tuplice.pl\/index.php\/2016\/04\/07\/konkurs-plastyczny-pola-nadziei\/#breadcrumblist"},"author":{"@id":"https:\/\/tuplice.pl\/index.php\/author\/admin-2\/#author"},"creator":{"@id":"https:\/\/tuplice.pl\/index.php\/author\/admin-2\/#author"},"datePublished":"2016-04-07T12:07:40+02:00","dateModified":"2016-04-07T12:07:40+02:00"},{"@type":"WebSite","@id":"https:\/\/tuplice.pl\/#website","url":"https:\/\/tuplice.pl\/","name":"Gmina Tuplice","description":"Strona Gminy Tuplice","inLanguage":"pl-PL","publisher":{"@id":"https:\/\/tuplice.pl\/#organization"}}]},"og:locale":"pl_PL","og:site_name":"Gmina Tuplice - Strona Gminy Tuplice","og:type":"article","og:title":"Konkurs plastyczny \u201ePola nadziei\u201d - Gmina Tuplice","og:description":"Ko\u0142o \u017barskie Towarzystwa Pomocy im. Brata Alberta og\u0142asza konkurs plastyczny w ramach akcji: &quot;Pola nadziei&quot; dla hospicjum \u015bw. Brata Alberta pt. &quot;\u017bonkilowe ogrody nadziei&quot;. Wyczaruj na swojej karcie ogrody pe\u0142ne mi\u0142o\u015bci, rado\u015bci i blisko\u015bci, wra\u017cliwo\u015bci na drugiego cz\u0142owieka. - regulamin konkursu Ko\u0142o \u017barskie Towarzystwa Pomocy im. Brata Alberta og\u0142asza konkurs plastyczny w ramach akcji: &quot;Pola","og:url":"https:\/\/tuplice.pl\/index.php\/2016\/04\/07\/konkurs-plastyczny-pola-nadziei\/","article:published_time":"2016-04-07T10:07:40+00:00","article:modified_time":"2016-04-07T10:07:40+00:00","article:publisher":"https:\/\/facebook.com\/Tuplicki Biuletyn Informacyjny","twitter:card":"summary_large_image","twitter:title":"Konkurs plastyczny \u201ePola nadziei\u201d - Gmina Tuplice","twitter:description":"Ko\u0142o \u017barskie Towarzystwa Pomocy im. Brata Alberta og\u0142asza konkurs plastyczny w ramach akcji: &quot;Pola nadziei&quot; dla hospicjum \u015bw. Brata Alberta pt. &quot;\u017bonkilowe ogrody nadziei&quot;. Wyczaruj na swojej karcie ogrody pe\u0142ne mi\u0142o\u015bci, rado\u015bci i blisko\u015bci, wra\u017cliwo\u015bci na drugiego cz\u0142owieka. - regulamin konkursu Ko\u0142o \u017barskie Towarzystwa Pomocy im. Brata Alberta og\u0142asza konkurs plastyczny w ramach akcji: &quot;Pola"},"aioseo_meta_data":{"post_id":"1316","title":null,"description":null,"keywords":null,"keyphrases":null,"primary_term":null,"canonical_url":null,"og_title":null,"og_description":null,"og_object_type":"default","og_image_type":"default","og_image_url":null,"og_image_width":null,"og_image_height":null,"og_image_custom_url":null,"og_image_custom_fields":null,"og_video":null,"og_custom_url":null,"og_article_section":null,"og_article_tags":null,"twitter_use_og":false,"twitter_card":"default","twitter_image_type":"default","twitter_image_url":null,"twitter_image_custom_url":null,"twitter_image_custom_fields":null,"twitter_title":null,"twitter_description":null,"schema":{"blockGraphs":[],"customGraphs":[],"default":{"data":{"Article":[],"Course":[],"Dataset":[],"FAQPage":[],"Movie":[],"Person":[],"Product":[],"ProductReview":[],"Car":[],"Recipe":[],"Service":[],"SoftwareApplication":[],"WebPage":[]},"graphName":"","isEnabled":true},"graphs":[]},"schema_type":"default","schema_type_options":null,"pillar_content":false,"robots_default":true,"robots_noindex":false,"robots_noarchive":false,"robots_nosnippet":false,"robots_nofollow":false,"robots_noimageindex":false,"robots_noodp":false,"robots_notranslate":false,"robots_max_snippet":null,"robots_max_videopreview":null,"robots_max_imagepreview":"large","priority":null,"frequency":null,"local_seo":null,"breadcrumb_settings":null,"limit_modified_date":false,"ai":null,"created":"2025-07-22 20:52:30","updated":"2025-07-22 20:52:30","seo_analyzer_scan_date":null},"aioseo_breadcrumb":"<div class=\"aioseo-breadcrumbs\"><span class=\"aioseo-breadcrumb\">\n\t\t\t<a href=\"https:\/\/tuplice.pl\" title=\"Home\">Home<\/a>\n\t\t<\/span><span class=\"aioseo-breadcrumb-separator\">&raquo;<\/span><span class=\"aioseo-breadcrumb\">\n\t\t\t<a href=\"https:\/\/tuplice.pl\/index.php\/category\/aktualnosci\/\" title=\"Aktualno\u015bci\">Aktualno\u015bci<\/a>\n\t\t<\/span><span class=\"aioseo-breadcrumb-separator\">&raquo;<\/span><span class=\"aioseo-breadcrumb\">\n\t\t\tKonkurs plastyczny \u201ePola nadziei\u201d\n\t\t<\/span><\/div>","aioseo_breadcrumb_json":[{"label":"Home","link":"https:\/\/tuplice.pl"},{"label":"Aktualno\u015bci","link":"https:\/\/tuplice.pl\/index.php\/category\/aktualnosci\/"},{"label":"Konkurs plastyczny &#8222;Pola nadziei&#8221;","link":"https:\/\/tuplice.pl\/index.php\/2016\/04\/07\/konkurs-plastyczny-pola-nadziei\/"}],"a3_pvc":{"activated":false,"total_views":0,"today_views":0},"_links":{"self":[{"href":"https:\/\/tuplice.pl\/index.php\/wp-json\/wp\/v2\/posts\/1316"}],"collection":[{"href":"https:\/\/tuplice.pl\/index.php\/wp-json\/wp\/v2\/posts"}],"about":[{"href":"https:\/\/tuplice.pl\/index.php\/wp-json\/wp\/v2\/types\/post"}],"author":[{"embeddable":true,"href":"https:\/\/tuplice.pl\/index.php\/wp-json\/wp\/v2\/users\/4"}],"replies":[{"embeddable":true,"href":"https:\/\/tuplice.pl\/index.php\/wp-json\/wp\/v2\/comments?post=1316"}],"version-history":[{"count":0,"href":"https:\/\/tuplice.pl\/index.php\/wp-json\/wp\/v2\/posts\/1316\/revisions"}],"wp:attachment":[{"href":"https:\/\/tuplice.pl\/index.php\/wp-json\/wp\/v2\/media?parent=1316"}],"wp:term":[{"taxonomy":"category","embeddable":true,"href":"https:\/\/tuplice.pl\/index.php\/wp-json\/wp\/v2\/categories?post=1316"},{"taxonomy":"post_tag","embeddable":true,"href":"https:\/\/tuplice.pl\/index.php\/wp-json\/wp\/v2\/tags?post=1316"}],"curies":[{"name":"wp","href":"https:\/\/api.w.org\/{rel}","templated":true}]}}