{"id":1335,"date":"2016-04-21T10:47:09","date_gmt":"2016-04-21T08:47:09","guid":{"rendered":"https:\/\/tuplice.pl\/xv-nadzwyczajna-sesja-rg-tuplice-2\/"},"modified":"2016-04-21T10:47:09","modified_gmt":"2016-04-21T08:47:09","slug":"xv-nadzwyczajna-sesja-rg-tuplice-2","status":"publish","type":"post","link":"https:\/\/tuplice.pl\/index.php\/2016\/04\/21\/xv-nadzwyczajna-sesja-rg-tuplice-2\/","title":{"rendered":"XV nadzwyczajna Sesja RG Tuplice"},"content":{"rendered":"<p style=\"text-align: right;\">Tuplice, dnia 21 kwietnia 2016 r.<\/p>\n<p style=\"text-align: center;\">ZAWIADOMIENIE<\/p>\n<p>Na podstawie art. 20 ust. 3 ustawy z dnia 8 marca 1990 r. o samorz\u0105dzie gminnym (Dz. U. z 2013 r. poz. 594 ze zmianami) oraz \u00a7 18 ust. 2 i \u00a7 19 ust. 5 Statutu Gminy Tuplice \u2013 zwo\u0142uj\u0119 XV Nadzwyczajn\u0105 Sesj\u0119 Rady Gminy Tuplice w dniu 26 kwietnia 2016 r. (wtorek) o godzinie 1430 w Du\u017cej Sali GOK w Tuplicach przy ul. Mickiewicza.<\/p>\n<p>Proponowany porz\u0105dek sesji:<\/p>\n<p>1. Otwarcie obrad.<\/p>\n<p>2. Przyj\u0119cie porz\u0105dku obrad.<\/p>\n<p>3. Podj\u0119cie uchwa\u0142y:<\/p>\n<p>&#8211; w sprawie: akceptacji\/odmowy uzgodnienia projektu uchwa\u0142y Sejmiku Wojew\u00f3dztwa Lubuskiego w sprawie Parku Krajobrazowego \u201e\u0141uk Mu\u017cakowa\u201d.<\/p>\n<p>4. Zamkni\u0119cie obrad.<\/p>\n<p>Projekt uchwa\u0142y przekazuj\u0119 w za\u0142\u0105czeniu.<\/p>\n<p style=\"text-align: right;\">Przewodnicz\u0105cy Rady Gminy<\/p>\n<p>Sylwester Mazurkiewicz<\/p>\n<p>Szanowni Pa\u0144stwo.<\/p>\n<p>Po zamkni\u0119ciu obrad sesji odb\u0119dzie si\u0119 spotkanie z przedstawicielem firmy Zero Emission Sp. z o.o. oraz prezentacja multimedialna nt. Wykorzystanie energii wiatru<br \/>w Gminie Tuplice.<\/p>\n","protected":false},"excerpt":{"rendered":"<p>Tuplice, dnia 21 kwietnia 2016 r. ZAWIADOMIENIE Na podstawie art. 20 ust. 3 ustawy z dnia 8 marca 1990 r. o samorz\u0105dzie gminnym (Dz. U. z 2013 r. poz. 594 ze zmianami) oraz \u00a7 18 ust. 2 i \u00a7 19 ust. 5 Statutu Gminy Tuplice \u2013 zwo\u0142uj\u0119 XV Nadzwyczajn\u0105 Sesj\u0119 Rady Gminy Tuplice w dniu [&hellip;]<\/p>\n","protected":false},"author":4,"featured_media":0,"comment_status":"closed","ping_status":"closed","sticky":false,"template":"","format":"standard","meta":{"_et_pb_use_builder":"","_et_pb_old_content":"","_et_gb_content_width":"","_monsterinsights_skip_tracking":false},"categories":[82],"tags":[],"aioseo_notices":[],"aioseo_head":"\n\t\t<!-- All in One SEO 4.9.10 - aioseo.com -->\n\t<meta name=\"description\" content=\"Tuplice, dnia 21 kwietnia 2016 r. ZAWIADOMIENIE Na podstawie art. 20 ust. 3 ustawy z dnia 8 marca 1990 r. o samorz\u0105dzie gminnym (Dz. U. z 2013 r. poz. 594 ze zmianami) oraz \u00a7 18 ust. 2 i \u00a7 19 ust. 5 Statutu Gminy Tuplice \u2013 zwo\u0142uj\u0119 XV Nadzwyczajn\u0105 Sesj\u0119 Rady Gminy Tuplice w dniu\" \/>\n\t<meta name=\"robots\" content=\"max-image-preview:large\" \/>\n\t<meta name=\"author\" content=\"admin\"\/>\n\t<link rel=\"canonical\" href=\"https:\/\/tuplice.pl\/index.php\/2016\/04\/21\/xv-nadzwyczajna-sesja-rg-tuplice-2\/\" \/>\n\t<meta name=\"generator\" content=\"All in One SEO (AIOSEO) 4.9.10\" \/>\n\t\t<meta property=\"og:locale\" content=\"pl_PL\" \/>\n\t\t<meta property=\"og:site_name\" content=\"Gmina Tuplice - Strona Gminy Tuplice\" \/>\n\t\t<meta property=\"og:type\" content=\"article\" \/>\n\t\t<meta property=\"og:title\" content=\"XV nadzwyczajna Sesja RG Tuplice - Gmina Tuplice\" \/>\n\t\t<meta property=\"og:description\" content=\"Tuplice, dnia 21 kwietnia 2016 r. ZAWIADOMIENIE Na podstawie art. 20 ust. 3 ustawy z dnia 8 marca 1990 r. o samorz\u0105dzie gminnym (Dz. U. z 2013 r. poz. 594 ze zmianami) oraz \u00a7 18 ust. 2 i \u00a7 19 ust. 5 Statutu Gminy Tuplice \u2013 zwo\u0142uj\u0119 XV Nadzwyczajn\u0105 Sesj\u0119 Rady Gminy Tuplice w dniu\" \/>\n\t\t<meta property=\"og:url\" content=\"https:\/\/tuplice.pl\/index.php\/2016\/04\/21\/xv-nadzwyczajna-sesja-rg-tuplice-2\/\" \/>\n\t\t<meta property=\"article:published_time\" content=\"2016-04-21T08:47:09+00:00\" \/>\n\t\t<meta property=\"article:modified_time\" content=\"2016-04-21T08:47:09+00:00\" \/>\n\t\t<meta property=\"article:publisher\" content=\"https:\/\/facebook.com\/Tuplicki Biuletyn Informacyjny\" \/>\n\t\t<meta name=\"twitter:card\" content=\"summary_large_image\" \/>\n\t\t<meta name=\"twitter:title\" content=\"XV nadzwyczajna Sesja RG Tuplice - Gmina Tuplice\" \/>\n\t\t<meta name=\"twitter:description\" content=\"Tuplice, dnia 21 kwietnia 2016 r. ZAWIADOMIENIE Na podstawie art. 20 ust. 3 ustawy z dnia 8 marca 1990 r. o samorz\u0105dzie gminnym (Dz. U. z 2013 r. poz. 594 ze zmianami) oraz \u00a7 18 ust. 2 i \u00a7 19 ust. 5 Statutu Gminy Tuplice \u2013 zwo\u0142uj\u0119 XV Nadzwyczajn\u0105 Sesj\u0119 Rady Gminy Tuplice w dniu\" \/>\n\t\t<script type=\"application\/ld+json\" class=\"aioseo-schema\">\n\t\t\t{\"@context\":\"https:\\\/\\\/schema.org\",\"@graph\":[{\"@type\":\"BlogPosting\",\"@id\":\"https:\\\/\\\/tuplice.pl\\\/index.php\\\/2016\\\/04\\\/21\\\/xv-nadzwyczajna-sesja-rg-tuplice-2\\\/#blogposting\",\"name\":\"XV nadzwyczajna Sesja RG Tuplice - Gmina Tuplice\",\"headline\":\"XV nadzwyczajna Sesja RG Tuplice\",\"author\":{\"@id\":\"https:\\\/\\\/tuplice.pl\\\/index.php\\\/author\\\/admin-2\\\/#author\"},\"publisher\":{\"@id\":\"https:\\\/\\\/tuplice.pl\\\/#organization\"},\"image\":{\"@type\":\"ImageObject\",\"url\":\"https:\\\/\\\/tuplice.pl\\\/wp-content\\\/uploads\\\/2025\\\/07\\\/images.png\",\"@id\":\"https:\\\/\\\/tuplice.pl\\\/#articleImage\",\"width\":282,\"height\":179},\"datePublished\":\"2016-04-21T10:47:09+02:00\",\"dateModified\":\"2016-04-21T10:47:09+02:00\",\"inLanguage\":\"pl-PL\",\"mainEntityOfPage\":{\"@id\":\"https:\\\/\\\/tuplice.pl\\\/index.php\\\/2016\\\/04\\\/21\\\/xv-nadzwyczajna-sesja-rg-tuplice-2\\\/#webpage\"},\"isPartOf\":{\"@id\":\"https:\\\/\\\/tuplice.pl\\\/index.php\\\/2016\\\/04\\\/21\\\/xv-nadzwyczajna-sesja-rg-tuplice-2\\\/#webpage\"},\"articleSection\":\"Aktualno\\u015bci\"},{\"@type\":\"BreadcrumbList\",\"@id\":\"https:\\\/\\\/tuplice.pl\\\/index.php\\\/2016\\\/04\\\/21\\\/xv-nadzwyczajna-sesja-rg-tuplice-2\\\/#breadcrumblist\",\"itemListElement\":[{\"@type\":\"ListItem\",\"@id\":\"https:\\\/\\\/tuplice.pl#listItem\",\"position\":1,\"name\":\"Home\",\"item\":\"https:\\\/\\\/tuplice.pl\",\"nextItem\":{\"@type\":\"ListItem\",\"@id\":\"https:\\\/\\\/tuplice.pl\\\/index.php\\\/category\\\/aktualnosci\\\/#listItem\",\"name\":\"Aktualno\\u015bci\"}},{\"@type\":\"ListItem\",\"@id\":\"https:\\\/\\\/tuplice.pl\\\/index.php\\\/category\\\/aktualnosci\\\/#listItem\",\"position\":2,\"name\":\"Aktualno\\u015bci\",\"item\":\"https:\\\/\\\/tuplice.pl\\\/index.php\\\/category\\\/aktualnosci\\\/\",\"nextItem\":{\"@type\":\"ListItem\",\"@id\":\"https:\\\/\\\/tuplice.pl\\\/index.php\\\/2016\\\/04\\\/21\\\/xv-nadzwyczajna-sesja-rg-tuplice-2\\\/#listItem\",\"name\":\"XV nadzwyczajna Sesja RG Tuplice\"},\"previousItem\":{\"@type\":\"ListItem\",\"@id\":\"https:\\\/\\\/tuplice.pl#listItem\",\"name\":\"Home\"}},{\"@type\":\"ListItem\",\"@id\":\"https:\\\/\\\/tuplice.pl\\\/index.php\\\/2016\\\/04\\\/21\\\/xv-nadzwyczajna-sesja-rg-tuplice-2\\\/#listItem\",\"position\":3,\"name\":\"XV nadzwyczajna Sesja RG Tuplice\",\"previousItem\":{\"@type\":\"ListItem\",\"@id\":\"https:\\\/\\\/tuplice.pl\\\/index.php\\\/category\\\/aktualnosci\\\/#listItem\",\"name\":\"Aktualno\\u015bci\"}}]},{\"@type\":\"Organization\",\"@id\":\"https:\\\/\\\/tuplice.pl\\\/#organization\",\"name\":\"Gmina Tuplice Gmina Tuplice\",\"description\":\"Strona Gminy Tuplice Strona Urz\\u0119du Gminy Tuplice\",\"url\":\"https:\\\/\\\/tuplice.pl\\\/\",\"telephone\":\"+48683625720\",\"logo\":{\"@type\":\"ImageObject\",\"url\":\"https:\\\/\\\/tuplice.pl\\\/wp-content\\\/uploads\\\/2025\\\/07\\\/images.png\",\"@id\":\"https:\\\/\\\/tuplice.pl\\\/index.php\\\/2016\\\/04\\\/21\\\/xv-nadzwyczajna-sesja-rg-tuplice-2\\\/#organizationLogo\",\"width\":282,\"height\":179},\"image\":{\"@id\":\"https:\\\/\\\/tuplice.pl\\\/index.php\\\/2016\\\/04\\\/21\\\/xv-nadzwyczajna-sesja-rg-tuplice-2\\\/#organizationLogo\"},\"sameAs\":[\"https:\\\/\\\/facebook.com\\\/Tuplicki Biuletyn Informacyjny\",\"https:\\\/\\\/pinterest.com\\\/Tuplicki Biuletyn Informacyjny\",\"https:\\\/\\\/youtube.com\\\/Tuplicki Biuletyn Informacyjny\"]},{\"@type\":\"Person\",\"@id\":\"https:\\\/\\\/tuplice.pl\\\/index.php\\\/author\\\/admin-2\\\/#author\",\"url\":\"https:\\\/\\\/tuplice.pl\\\/index.php\\\/author\\\/admin-2\\\/\",\"name\":\"admin\",\"image\":{\"@type\":\"ImageObject\",\"@id\":\"https:\\\/\\\/tuplice.pl\\\/index.php\\\/2016\\\/04\\\/21\\\/xv-nadzwyczajna-sesja-rg-tuplice-2\\\/#authorImage\",\"url\":\"https:\\\/\\\/secure.gravatar.com\\\/avatar\\\/8a55bb0a6c2b7d7d608f6e5c7d99e391?s=96&d=mm&r=g\",\"width\":96,\"height\":96,\"caption\":\"admin\"}},{\"@type\":\"WebPage\",\"@id\":\"https:\\\/\\\/tuplice.pl\\\/index.php\\\/2016\\\/04\\\/21\\\/xv-nadzwyczajna-sesja-rg-tuplice-2\\\/#webpage\",\"url\":\"https:\\\/\\\/tuplice.pl\\\/index.php\\\/2016\\\/04\\\/21\\\/xv-nadzwyczajna-sesja-rg-tuplice-2\\\/\",\"name\":\"XV nadzwyczajna Sesja RG Tuplice - Gmina Tuplice\",\"description\":\"Tuplice, dnia 21 kwietnia 2016 r. ZAWIADOMIENIE Na podstawie art. 20 ust. 3 ustawy z dnia 8 marca 1990 r. o samorz\\u0105dzie gminnym (Dz. U. z 2013 r. poz. 594 ze zmianami) oraz \\u00a7 18 ust. 2 i \\u00a7 19 ust. 5 Statutu Gminy Tuplice \\u2013 zwo\\u0142uj\\u0119 XV Nadzwyczajn\\u0105 Sesj\\u0119 Rady Gminy Tuplice w dniu\",\"inLanguage\":\"pl-PL\",\"isPartOf\":{\"@id\":\"https:\\\/\\\/tuplice.pl\\\/#website\"},\"breadcrumb\":{\"@id\":\"https:\\\/\\\/tuplice.pl\\\/index.php\\\/2016\\\/04\\\/21\\\/xv-nadzwyczajna-sesja-rg-tuplice-2\\\/#breadcrumblist\"},\"author\":{\"@id\":\"https:\\\/\\\/tuplice.pl\\\/index.php\\\/author\\\/admin-2\\\/#author\"},\"creator\":{\"@id\":\"https:\\\/\\\/tuplice.pl\\\/index.php\\\/author\\\/admin-2\\\/#author\"},\"datePublished\":\"2016-04-21T10:47:09+02:00\",\"dateModified\":\"2016-04-21T10:47:09+02:00\"},{\"@type\":\"WebSite\",\"@id\":\"https:\\\/\\\/tuplice.pl\\\/#website\",\"url\":\"https:\\\/\\\/tuplice.pl\\\/\",\"name\":\"Gmina Tuplice\",\"description\":\"Strona Gminy Tuplice\",\"inLanguage\":\"pl-PL\",\"publisher\":{\"@id\":\"https:\\\/\\\/tuplice.pl\\\/#organization\"}}]}\n\t\t<\/script>\n\t\t<!-- All in One SEO -->\n\n","aioseo_head_json":{"title":"XV nadzwyczajna Sesja RG Tuplice - Gmina Tuplice","description":"Tuplice, dnia 21 kwietnia 2016 r. ZAWIADOMIENIE Na podstawie art. 20 ust. 3 ustawy z dnia 8 marca 1990 r. o samorz\u0105dzie gminnym (Dz. U. z 2013 r. poz. 594 ze zmianami) oraz \u00a7 18 ust. 2 i \u00a7 19 ust. 5 Statutu Gminy Tuplice \u2013 zwo\u0142uj\u0119 XV Nadzwyczajn\u0105 Sesj\u0119 Rady Gminy Tuplice w dniu","canonical_url":"https:\/\/tuplice.pl\/index.php\/2016\/04\/21\/xv-nadzwyczajna-sesja-rg-tuplice-2\/","robots":"max-image-preview:large","keywords":"","webmasterTools":{"miscellaneous":""},"schema":{"@context":"https:\/\/schema.org","@graph":[{"@type":"BlogPosting","@id":"https:\/\/tuplice.pl\/index.php\/2016\/04\/21\/xv-nadzwyczajna-sesja-rg-tuplice-2\/#blogposting","name":"XV nadzwyczajna Sesja RG Tuplice - Gmina Tuplice","headline":"XV nadzwyczajna Sesja RG Tuplice","author":{"@id":"https:\/\/tuplice.pl\/index.php\/author\/admin-2\/#author"},"publisher":{"@id":"https:\/\/tuplice.pl\/#organization"},"image":{"@type":"ImageObject","url":"https:\/\/tuplice.pl\/wp-content\/uploads\/2025\/07\/images.png","@id":"https:\/\/tuplice.pl\/#articleImage","width":282,"height":179},"datePublished":"2016-04-21T10:47:09+02:00","dateModified":"2016-04-21T10:47:09+02:00","inLanguage":"pl-PL","mainEntityOfPage":{"@id":"https:\/\/tuplice.pl\/index.php\/2016\/04\/21\/xv-nadzwyczajna-sesja-rg-tuplice-2\/#webpage"},"isPartOf":{"@id":"https:\/\/tuplice.pl\/index.php\/2016\/04\/21\/xv-nadzwyczajna-sesja-rg-tuplice-2\/#webpage"},"articleSection":"Aktualno\u015bci"},{"@type":"BreadcrumbList","@id":"https:\/\/tuplice.pl\/index.php\/2016\/04\/21\/xv-nadzwyczajna-sesja-rg-tuplice-2\/#breadcrumblist","itemListElement":[{"@type":"ListItem","@id":"https:\/\/tuplice.pl#listItem","position":1,"name":"Home","item":"https:\/\/tuplice.pl","nextItem":{"@type":"ListItem","@id":"https:\/\/tuplice.pl\/index.php\/category\/aktualnosci\/#listItem","name":"Aktualno\u015bci"}},{"@type":"ListItem","@id":"https:\/\/tuplice.pl\/index.php\/category\/aktualnosci\/#listItem","position":2,"name":"Aktualno\u015bci","item":"https:\/\/tuplice.pl\/index.php\/category\/aktualnosci\/","nextItem":{"@type":"ListItem","@id":"https:\/\/tuplice.pl\/index.php\/2016\/04\/21\/xv-nadzwyczajna-sesja-rg-tuplice-2\/#listItem","name":"XV nadzwyczajna Sesja RG Tuplice"},"previousItem":{"@type":"ListItem","@id":"https:\/\/tuplice.pl#listItem","name":"Home"}},{"@type":"ListItem","@id":"https:\/\/tuplice.pl\/index.php\/2016\/04\/21\/xv-nadzwyczajna-sesja-rg-tuplice-2\/#listItem","position":3,"name":"XV nadzwyczajna Sesja RG Tuplice","previousItem":{"@type":"ListItem","@id":"https:\/\/tuplice.pl\/index.php\/category\/aktualnosci\/#listItem","name":"Aktualno\u015bci"}}]},{"@type":"Organization","@id":"https:\/\/tuplice.pl\/#organization","name":"Gmina Tuplice Gmina Tuplice","description":"Strona Gminy Tuplice Strona Urz\u0119du Gminy Tuplice","url":"https:\/\/tuplice.pl\/","telephone":"+48683625720","logo":{"@type":"ImageObject","url":"https:\/\/tuplice.pl\/wp-content\/uploads\/2025\/07\/images.png","@id":"https:\/\/tuplice.pl\/index.php\/2016\/04\/21\/xv-nadzwyczajna-sesja-rg-tuplice-2\/#organizationLogo","width":282,"height":179},"image":{"@id":"https:\/\/tuplice.pl\/index.php\/2016\/04\/21\/xv-nadzwyczajna-sesja-rg-tuplice-2\/#organizationLogo"},"sameAs":["https:\/\/facebook.com\/Tuplicki Biuletyn Informacyjny","https:\/\/pinterest.com\/Tuplicki Biuletyn Informacyjny","https:\/\/youtube.com\/Tuplicki Biuletyn Informacyjny"]},{"@type":"Person","@id":"https:\/\/tuplice.pl\/index.php\/author\/admin-2\/#author","url":"https:\/\/tuplice.pl\/index.php\/author\/admin-2\/","name":"admin","image":{"@type":"ImageObject","@id":"https:\/\/tuplice.pl\/index.php\/2016\/04\/21\/xv-nadzwyczajna-sesja-rg-tuplice-2\/#authorImage","url":"https:\/\/secure.gravatar.com\/avatar\/8a55bb0a6c2b7d7d608f6e5c7d99e391?s=96&d=mm&r=g","width":96,"height":96,"caption":"admin"}},{"@type":"WebPage","@id":"https:\/\/tuplice.pl\/index.php\/2016\/04\/21\/xv-nadzwyczajna-sesja-rg-tuplice-2\/#webpage","url":"https:\/\/tuplice.pl\/index.php\/2016\/04\/21\/xv-nadzwyczajna-sesja-rg-tuplice-2\/","name":"XV nadzwyczajna Sesja RG Tuplice - Gmina Tuplice","description":"Tuplice, dnia 21 kwietnia 2016 r. ZAWIADOMIENIE Na podstawie art. 20 ust. 3 ustawy z dnia 8 marca 1990 r. o samorz\u0105dzie gminnym (Dz. U. z 2013 r. poz. 594 ze zmianami) oraz \u00a7 18 ust. 2 i \u00a7 19 ust. 5 Statutu Gminy Tuplice \u2013 zwo\u0142uj\u0119 XV Nadzwyczajn\u0105 Sesj\u0119 Rady Gminy Tuplice w dniu","inLanguage":"pl-PL","isPartOf":{"@id":"https:\/\/tuplice.pl\/#website"},"breadcrumb":{"@id":"https:\/\/tuplice.pl\/index.php\/2016\/04\/21\/xv-nadzwyczajna-sesja-rg-tuplice-2\/#breadcrumblist"},"author":{"@id":"https:\/\/tuplice.pl\/index.php\/author\/admin-2\/#author"},"creator":{"@id":"https:\/\/tuplice.pl\/index.php\/author\/admin-2\/#author"},"datePublished":"2016-04-21T10:47:09+02:00","dateModified":"2016-04-21T10:47:09+02:00"},{"@type":"WebSite","@id":"https:\/\/tuplice.pl\/#website","url":"https:\/\/tuplice.pl\/","name":"Gmina Tuplice","description":"Strona Gminy Tuplice","inLanguage":"pl-PL","publisher":{"@id":"https:\/\/tuplice.pl\/#organization"}}]},"og:locale":"pl_PL","og:site_name":"Gmina Tuplice - Strona Gminy Tuplice","og:type":"article","og:title":"XV nadzwyczajna Sesja RG Tuplice - Gmina Tuplice","og:description":"Tuplice, dnia 21 kwietnia 2016 r. ZAWIADOMIENIE Na podstawie art. 20 ust. 3 ustawy z dnia 8 marca 1990 r. o samorz\u0105dzie gminnym (Dz. U. z 2013 r. poz. 594 ze zmianami) oraz \u00a7 18 ust. 2 i \u00a7 19 ust. 5 Statutu Gminy Tuplice \u2013 zwo\u0142uj\u0119 XV Nadzwyczajn\u0105 Sesj\u0119 Rady Gminy Tuplice w dniu","og:url":"https:\/\/tuplice.pl\/index.php\/2016\/04\/21\/xv-nadzwyczajna-sesja-rg-tuplice-2\/","article:published_time":"2016-04-21T08:47:09+00:00","article:modified_time":"2016-04-21T08:47:09+00:00","article:publisher":"https:\/\/facebook.com\/Tuplicki Biuletyn Informacyjny","twitter:card":"summary_large_image","twitter:title":"XV nadzwyczajna Sesja RG Tuplice - Gmina Tuplice","twitter:description":"Tuplice, dnia 21 kwietnia 2016 r. ZAWIADOMIENIE Na podstawie art. 20 ust. 3 ustawy z dnia 8 marca 1990 r. o samorz\u0105dzie gminnym (Dz. U. z 2013 r. poz. 594 ze zmianami) oraz \u00a7 18 ust. 2 i \u00a7 19 ust. 5 Statutu Gminy Tuplice \u2013 zwo\u0142uj\u0119 XV Nadzwyczajn\u0105 Sesj\u0119 Rady Gminy Tuplice w dniu"},"aioseo_meta_data":{"post_id":"1335","title":null,"description":null,"keywords":null,"keyphrases":null,"primary_term":null,"canonical_url":null,"og_title":null,"og_description":null,"og_object_type":"default","og_image_type":"default","og_image_url":null,"og_image_width":null,"og_image_height":null,"og_image_custom_url":null,"og_image_custom_fields":null,"og_video":null,"og_custom_url":null,"og_article_section":null,"og_article_tags":null,"twitter_use_og":false,"twitter_card":"default","twitter_image_type":"default","twitter_image_url":null,"twitter_image_custom_url":null,"twitter_image_custom_fields":null,"twitter_title":null,"twitter_description":null,"schema":{"blockGraphs":[],"customGraphs":[],"default":{"data":{"Article":[],"Course":[],"Dataset":[],"FAQPage":[],"Movie":[],"Person":[],"Product":[],"ProductReview":[],"Car":[],"Recipe":[],"Service":[],"SoftwareApplication":[],"WebPage":[]},"graphName":"","isEnabled":true},"graphs":[]},"schema_type":"default","schema_type_options":null,"pillar_content":false,"robots_default":true,"robots_noindex":false,"robots_noarchive":false,"robots_nosnippet":false,"robots_nofollow":false,"robots_noimageindex":false,"robots_noodp":false,"robots_notranslate":false,"robots_max_snippet":null,"robots_max_videopreview":null,"robots_max_imagepreview":"large","priority":null,"frequency":null,"local_seo":null,"breadcrumb_settings":null,"limit_modified_date":false,"ai":null,"created":"2025-07-22 20:52:30","updated":"2025-07-22 20:52:30","seo_analyzer_scan_date":null},"aioseo_breadcrumb":"<div class=\"aioseo-breadcrumbs\"><span class=\"aioseo-breadcrumb\">\n\t\t\t<a href=\"https:\/\/tuplice.pl\" title=\"Home\">Home<\/a>\n\t\t<\/span><span class=\"aioseo-breadcrumb-separator\">&raquo;<\/span><span class=\"aioseo-breadcrumb\">\n\t\t\t<a href=\"https:\/\/tuplice.pl\/index.php\/category\/aktualnosci\/\" title=\"Aktualno\u015bci\">Aktualno\u015bci<\/a>\n\t\t<\/span><span class=\"aioseo-breadcrumb-separator\">&raquo;<\/span><span class=\"aioseo-breadcrumb\">\n\t\t\tXV nadzwyczajna Sesja RG Tuplice\n\t\t<\/span><\/div>","aioseo_breadcrumb_json":[{"label":"Home","link":"https:\/\/tuplice.pl"},{"label":"Aktualno\u015bci","link":"https:\/\/tuplice.pl\/index.php\/category\/aktualnosci\/"},{"label":"XV nadzwyczajna Sesja RG Tuplice","link":"https:\/\/tuplice.pl\/index.php\/2016\/04\/21\/xv-nadzwyczajna-sesja-rg-tuplice-2\/"}],"a3_pvc":{"activated":false,"total_views":0,"today_views":0},"_links":{"self":[{"href":"https:\/\/tuplice.pl\/index.php\/wp-json\/wp\/v2\/posts\/1335"}],"collection":[{"href":"https:\/\/tuplice.pl\/index.php\/wp-json\/wp\/v2\/posts"}],"about":[{"href":"https:\/\/tuplice.pl\/index.php\/wp-json\/wp\/v2\/types\/post"}],"author":[{"embeddable":true,"href":"https:\/\/tuplice.pl\/index.php\/wp-json\/wp\/v2\/users\/4"}],"replies":[{"embeddable":true,"href":"https:\/\/tuplice.pl\/index.php\/wp-json\/wp\/v2\/comments?post=1335"}],"version-history":[{"count":0,"href":"https:\/\/tuplice.pl\/index.php\/wp-json\/wp\/v2\/posts\/1335\/revisions"}],"wp:attachment":[{"href":"https:\/\/tuplice.pl\/index.php\/wp-json\/wp\/v2\/media?parent=1335"}],"wp:term":[{"taxonomy":"category","embeddable":true,"href":"https:\/\/tuplice.pl\/index.php\/wp-json\/wp\/v2\/categories?post=1335"},{"taxonomy":"post_tag","embeddable":true,"href":"https:\/\/tuplice.pl\/index.php\/wp-json\/wp\/v2\/tags?post=1335"}],"curies":[{"name":"wp","href":"https:\/\/api.w.org\/{rel}","templated":true}]}}