{"id":1347,"date":"2016-04-29T06:14:53","date_gmt":"2016-04-29T04:14:53","guid":{"rendered":"https:\/\/tuplice.pl\/luzycki-zwiazek-gmin-laureatem-konkursu-z-zakresu-edukacji-ekologicznej-2\/"},"modified":"2016-04-29T06:14:53","modified_gmt":"2016-04-29T04:14:53","slug":"luzycki-zwiazek-gmin-laureatem-konkursu-z-zakresu-edukacji-ekologicznej-2","status":"publish","type":"post","link":"https:\/\/tuplice.pl\/index.php\/2016\/04\/29\/luzycki-zwiazek-gmin-laureatem-konkursu-z-zakresu-edukacji-ekologicznej-2\/","title":{"rendered":"\u0141u\u017cycki Zwi\u0105zek Gmin laureatem konkursu z zakresu edukacji ekologicznej"},"content":{"rendered":"<p>\u0141u\u017cycki Zwi\u0105zek Gmin laureatem konkursu z zakresu edukacji ekologicznej pn. \u201dGospodarka odpadami w wojew\u00f3dztwie lubuskim\u201d Wniosek o dofinansowanie kampanii edukacyjnej z\u0142o\u017cony przez \u0141u\u017cycki Zwi\u0105zek Gmin zosta\u0142 pozytywnie oceniony przez Wojew\u00f3dzki Fundusz Ochrony \u015arodowiska i Gospodarki Wodnej i zosta\u0142 wpisany na list\u0119 zada\u0144 do dofinansowania w 2016 r.<br \/>26 kwietnia 2016 r. Wojew\u00f3dzki Fundusz Ochrony \u015arodowiska i Gospodarki Wodnej w Zielonej G\u00f3rze og\u0142osi\u0142 wyniki konkursu z zakresu edukacji ekologicznej na dofinansowanie w formie dotacji na zadania o tematyce pn. \u201eGospodarowanie odpadami komunalnymi w wojew\u00f3dztwie lubuskim\u201d.<\/p>\n<p>  <!--more-->  <\/p>\n<p>Przedmiotem Konkursu by\u0142o przygotowanie i przeprowadzenie w 2016 r. na terenie wojew\u00f3dztwa lubuskiego kampanii edukacyjno-informacyjnych, o charakterze aktywnej edukacji ekologicznej w zakresie gospodarowania odpadami, kreuj\u0105cych po\u017c\u0105dane postawy i zachowania u najwi\u0119kszej liczby mieszka\u0144c\u00f3w.<br \/>Projekt zg\u0142oszony przez \u0141ZG pn. \u201eM\u0105drze kupujesz i segregujesz \u2013 odpady redukujesz\u201d znalaz\u0142 si\u0119 w gronie 5 laureat\u00f3w, kt\u00f3rzy otrzymaj\u0105 dofinansowanie ze \u015brodk\u00f3w WFO\u015aiGW. Opr\u00f3cz \u0141ZG dofinansowanie otrzymaj\u0105: PR Regionalna Rozg\u0142o\u015bnia Radiowa w Zielonej G\u00f3rze \u2013 Radio Zach\u00f3d S.A. Gmina S\u0142ubice, Mi\u0119dzygminny Zwi\u0105zek Gospodarki Odpadami Komunalnymi \u201eOdra \u2013 Nysa \u2013 B\u00f3br\u201d, Gmina Lubsko.<\/p>\n<p>Celem Kampanii pn. \u201eM\u0105drze kupujesz i segregujesz \u2013 odpady redukujesz\u201d jest podniesienie \u015bwiadomo\u015bci ekologicznej mieszka\u0144c\u00f3w gmin nale\u017c\u0105cych do \u0141u\u017cyckiego Zwi\u0105zku Gmin poprzez odpowiednie ukszta\u0142towanie przyzwyczaje\u0144 i zmian\u0119 codziennych nawyk\u00f3w zmierzaj\u0105cych do ograniczania ilo\u015bci wytwarzanych odpad\u00f3w oraz prawid\u0142owej segregacji <br \/>u \u017ar\u00f3d\u0142a. <br \/>Kampania b\u0119dzie realizowana od czerwca do wrze\u015bnia 2016 r. W jej ramach zaplanowano nast\u0119puj\u0105ce dzia\u0142ania: opracowanie Kodeksu Dobrych Praktyk, warsztaty ekologiczne <br \/>w ZZO Marsz\u00f3w, konkursy ekologiczne, wykonanie pomocy dydaktycznych (plansze edukacyjne, kolorowanki, zestaw interaktywny do segregacji odpad\u00f3w), eventy \u201eEkostacje\u201d zwi\u0105zanych z obchodami Sprz\u0105tania \u015awiata w \u017barach i w \u017baganiu, emisj\u0119 publikacji edukacyjno-informacyjnych w prasie, opracowanie podstrony internetowej.<br \/>Pomys\u0142odawc\u0105 i wykonawc\u0105 Kampanii jest Zak\u0142ad Zagospodarowania Odpad\u00f3w <br \/>w Marszowie Sp. z o.o.<\/p>\n<p>O szczeg\u00f3\u0142ach Kampanii b\u0119dziemy informowa\u0107 na stronie www.marszow.pl, www.lzg.pl, stronach urz\u0119d\u00f3w gmin nale\u017c\u0105cych do \u0141u\u017cyckiego Zwi\u0105zku Gmin, na stronie Kampanii oraz na portalu spo\u0142eczno\u015bciowym https:\/\/www.facebook.com\/ekoszkola.marszow\/.<\/p>\n<p><\/p>\n","protected":false},"excerpt":{"rendered":"<p>\u0141u\u017cycki Zwi\u0105zek Gmin laureatem konkursu z zakresu edukacji ekologicznej pn. \u201dGospodarka odpadami w wojew\u00f3dztwie lubuskim\u201d Wniosek o dofinansowanie kampanii edukacyjnej z\u0142o\u017cony przez \u0141u\u017cycki Zwi\u0105zek Gmin zosta\u0142 pozytywnie oceniony przez Wojew\u00f3dzki Fundusz Ochrony \u015arodowiska i Gospodarki Wodnej i zosta\u0142 wpisany na list\u0119 zada\u0144 do dofinansowania w 2016 r.26 kwietnia 2016 r. Wojew\u00f3dzki Fundusz Ochrony \u015arodowiska i [&hellip;]<\/p>\n","protected":false},"author":4,"featured_media":0,"comment_status":"closed","ping_status":"closed","sticky":false,"template":"","format":"standard","meta":{"_et_pb_use_builder":"","_et_pb_old_content":"","_et_gb_content_width":"","_monsterinsights_skip_tracking":false},"categories":[82],"tags":[],"aioseo_notices":[],"aioseo_head":"\n\t\t<!-- All in One SEO 4.9.10 - aioseo.com -->\n\t<meta name=\"description\" content=\"\u0141u\u017cycki Zwi\u0105zek Gmin laureatem konkursu z zakresu edukacji ekologicznej pn. \u201dGospodarka odpadami w wojew\u00f3dztwie lubuskim\u201d Wniosek o dofinansowanie kampanii edukacyjnej z\u0142o\u017cony przez \u0141u\u017cycki Zwi\u0105zek Gmin zosta\u0142 pozytywnie oceniony przez Wojew\u00f3dzki Fundusz Ochrony \u015arodowiska i Gospodarki Wodnej i zosta\u0142 wpisany na list\u0119 zada\u0144 do dofinansowania w 2016 r.26 kwietnia 2016 r. Wojew\u00f3dzki Fundusz Ochrony \u015arodowiska i\" \/>\n\t<meta name=\"robots\" content=\"max-image-preview:large\" \/>\n\t<meta name=\"author\" content=\"admin\"\/>\n\t<link rel=\"canonical\" href=\"https:\/\/tuplice.pl\/index.php\/2016\/04\/29\/luzycki-zwiazek-gmin-laureatem-konkursu-z-zakresu-edukacji-ekologicznej-2\/\" \/>\n\t<meta name=\"generator\" content=\"All in One SEO (AIOSEO) 4.9.10\" \/>\n\t\t<meta property=\"og:locale\" content=\"pl_PL\" \/>\n\t\t<meta property=\"og:site_name\" content=\"Gmina Tuplice - Strona Gminy Tuplice\" \/>\n\t\t<meta property=\"og:type\" content=\"article\" \/>\n\t\t<meta property=\"og:title\" content=\"\u0141u\u017cycki Zwi\u0105zek Gmin laureatem konkursu z zakresu edukacji ekologicznej - Gmina Tuplice\" \/>\n\t\t<meta property=\"og:description\" content=\"\u0141u\u017cycki Zwi\u0105zek Gmin laureatem konkursu z zakresu edukacji ekologicznej pn. \u201dGospodarka odpadami w wojew\u00f3dztwie lubuskim\u201d Wniosek o dofinansowanie kampanii edukacyjnej z\u0142o\u017cony przez \u0141u\u017cycki Zwi\u0105zek Gmin zosta\u0142 pozytywnie oceniony przez Wojew\u00f3dzki Fundusz Ochrony \u015arodowiska i Gospodarki Wodnej i zosta\u0142 wpisany na list\u0119 zada\u0144 do dofinansowania w 2016 r.26 kwietnia 2016 r. Wojew\u00f3dzki Fundusz Ochrony \u015arodowiska i\" \/>\n\t\t<meta property=\"og:url\" content=\"https:\/\/tuplice.pl\/index.php\/2016\/04\/29\/luzycki-zwiazek-gmin-laureatem-konkursu-z-zakresu-edukacji-ekologicznej-2\/\" \/>\n\t\t<meta property=\"article:published_time\" content=\"2016-04-29T04:14:53+00:00\" \/>\n\t\t<meta property=\"article:modified_time\" content=\"2016-04-29T04:14:53+00:00\" \/>\n\t\t<meta property=\"article:publisher\" content=\"https:\/\/facebook.com\/Tuplicki Biuletyn Informacyjny\" \/>\n\t\t<meta name=\"twitter:card\" content=\"summary_large_image\" \/>\n\t\t<meta name=\"twitter:title\" content=\"\u0141u\u017cycki Zwi\u0105zek Gmin laureatem konkursu z zakresu edukacji ekologicznej - Gmina Tuplice\" \/>\n\t\t<meta name=\"twitter:description\" content=\"\u0141u\u017cycki Zwi\u0105zek Gmin laureatem konkursu z zakresu edukacji ekologicznej pn. \u201dGospodarka odpadami w wojew\u00f3dztwie lubuskim\u201d Wniosek o dofinansowanie kampanii edukacyjnej z\u0142o\u017cony przez \u0141u\u017cycki Zwi\u0105zek Gmin zosta\u0142 pozytywnie oceniony przez Wojew\u00f3dzki Fundusz Ochrony \u015arodowiska i Gospodarki Wodnej i zosta\u0142 wpisany na list\u0119 zada\u0144 do dofinansowania w 2016 r.26 kwietnia 2016 r. Wojew\u00f3dzki Fundusz Ochrony \u015arodowiska i\" \/>\n\t\t<script type=\"application\/ld+json\" class=\"aioseo-schema\">\n\t\t\t{\"@context\":\"https:\\\/\\\/schema.org\",\"@graph\":[{\"@type\":\"BlogPosting\",\"@id\":\"https:\\\/\\\/tuplice.pl\\\/index.php\\\/2016\\\/04\\\/29\\\/luzycki-zwiazek-gmin-laureatem-konkursu-z-zakresu-edukacji-ekologicznej-2\\\/#blogposting\",\"name\":\"\\u0141u\\u017cycki Zwi\\u0105zek Gmin laureatem konkursu z zakresu edukacji ekologicznej - Gmina Tuplice\",\"headline\":\"\\u0141u\\u017cycki Zwi\\u0105zek Gmin laureatem konkursu z zakresu edukacji ekologicznej\",\"author\":{\"@id\":\"https:\\\/\\\/tuplice.pl\\\/index.php\\\/author\\\/admin-2\\\/#author\"},\"publisher\":{\"@id\":\"https:\\\/\\\/tuplice.pl\\\/#organization\"},\"image\":{\"@type\":\"ImageObject\",\"url\":\"https:\\\/\\\/tuplice.pl\\\/wp-content\\\/uploads\\\/2025\\\/07\\\/images.png\",\"@id\":\"https:\\\/\\\/tuplice.pl\\\/#articleImage\",\"width\":282,\"height\":179},\"datePublished\":\"2016-04-29T06:14:53+02:00\",\"dateModified\":\"2016-04-29T06:14:53+02:00\",\"inLanguage\":\"pl-PL\",\"mainEntityOfPage\":{\"@id\":\"https:\\\/\\\/tuplice.pl\\\/index.php\\\/2016\\\/04\\\/29\\\/luzycki-zwiazek-gmin-laureatem-konkursu-z-zakresu-edukacji-ekologicznej-2\\\/#webpage\"},\"isPartOf\":{\"@id\":\"https:\\\/\\\/tuplice.pl\\\/index.php\\\/2016\\\/04\\\/29\\\/luzycki-zwiazek-gmin-laureatem-konkursu-z-zakresu-edukacji-ekologicznej-2\\\/#webpage\"},\"articleSection\":\"Aktualno\\u015bci\"},{\"@type\":\"BreadcrumbList\",\"@id\":\"https:\\\/\\\/tuplice.pl\\\/index.php\\\/2016\\\/04\\\/29\\\/luzycki-zwiazek-gmin-laureatem-konkursu-z-zakresu-edukacji-ekologicznej-2\\\/#breadcrumblist\",\"itemListElement\":[{\"@type\":\"ListItem\",\"@id\":\"https:\\\/\\\/tuplice.pl#listItem\",\"position\":1,\"name\":\"Home\",\"item\":\"https:\\\/\\\/tuplice.pl\",\"nextItem\":{\"@type\":\"ListItem\",\"@id\":\"https:\\\/\\\/tuplice.pl\\\/index.php\\\/category\\\/aktualnosci\\\/#listItem\",\"name\":\"Aktualno\\u015bci\"}},{\"@type\":\"ListItem\",\"@id\":\"https:\\\/\\\/tuplice.pl\\\/index.php\\\/category\\\/aktualnosci\\\/#listItem\",\"position\":2,\"name\":\"Aktualno\\u015bci\",\"item\":\"https:\\\/\\\/tuplice.pl\\\/index.php\\\/category\\\/aktualnosci\\\/\",\"nextItem\":{\"@type\":\"ListItem\",\"@id\":\"https:\\\/\\\/tuplice.pl\\\/index.php\\\/2016\\\/04\\\/29\\\/luzycki-zwiazek-gmin-laureatem-konkursu-z-zakresu-edukacji-ekologicznej-2\\\/#listItem\",\"name\":\"\\u0141u\\u017cycki Zwi\\u0105zek Gmin laureatem konkursu z zakresu edukacji ekologicznej\"},\"previousItem\":{\"@type\":\"ListItem\",\"@id\":\"https:\\\/\\\/tuplice.pl#listItem\",\"name\":\"Home\"}},{\"@type\":\"ListItem\",\"@id\":\"https:\\\/\\\/tuplice.pl\\\/index.php\\\/2016\\\/04\\\/29\\\/luzycki-zwiazek-gmin-laureatem-konkursu-z-zakresu-edukacji-ekologicznej-2\\\/#listItem\",\"position\":3,\"name\":\"\\u0141u\\u017cycki Zwi\\u0105zek Gmin laureatem konkursu z zakresu edukacji ekologicznej\",\"previousItem\":{\"@type\":\"ListItem\",\"@id\":\"https:\\\/\\\/tuplice.pl\\\/index.php\\\/category\\\/aktualnosci\\\/#listItem\",\"name\":\"Aktualno\\u015bci\"}}]},{\"@type\":\"Organization\",\"@id\":\"https:\\\/\\\/tuplice.pl\\\/#organization\",\"name\":\"Gmina Tuplice Gmina Tuplice\",\"description\":\"Strona Gminy Tuplice Strona Urz\\u0119du Gminy Tuplice\",\"url\":\"https:\\\/\\\/tuplice.pl\\\/\",\"telephone\":\"+48683625720\",\"logo\":{\"@type\":\"ImageObject\",\"url\":\"https:\\\/\\\/tuplice.pl\\\/wp-content\\\/uploads\\\/2025\\\/07\\\/images.png\",\"@id\":\"https:\\\/\\\/tuplice.pl\\\/index.php\\\/2016\\\/04\\\/29\\\/luzycki-zwiazek-gmin-laureatem-konkursu-z-zakresu-edukacji-ekologicznej-2\\\/#organizationLogo\",\"width\":282,\"height\":179},\"image\":{\"@id\":\"https:\\\/\\\/tuplice.pl\\\/index.php\\\/2016\\\/04\\\/29\\\/luzycki-zwiazek-gmin-laureatem-konkursu-z-zakresu-edukacji-ekologicznej-2\\\/#organizationLogo\"},\"sameAs\":[\"https:\\\/\\\/facebook.com\\\/Tuplicki Biuletyn Informacyjny\",\"https:\\\/\\\/pinterest.com\\\/Tuplicki Biuletyn Informacyjny\",\"https:\\\/\\\/youtube.com\\\/Tuplicki Biuletyn Informacyjny\"]},{\"@type\":\"Person\",\"@id\":\"https:\\\/\\\/tuplice.pl\\\/index.php\\\/author\\\/admin-2\\\/#author\",\"url\":\"https:\\\/\\\/tuplice.pl\\\/index.php\\\/author\\\/admin-2\\\/\",\"name\":\"admin\",\"image\":{\"@type\":\"ImageObject\",\"@id\":\"https:\\\/\\\/tuplice.pl\\\/index.php\\\/2016\\\/04\\\/29\\\/luzycki-zwiazek-gmin-laureatem-konkursu-z-zakresu-edukacji-ekologicznej-2\\\/#authorImage\",\"url\":\"https:\\\/\\\/secure.gravatar.com\\\/avatar\\\/8a55bb0a6c2b7d7d608f6e5c7d99e391?s=96&d=mm&r=g\",\"width\":96,\"height\":96,\"caption\":\"admin\"}},{\"@type\":\"WebPage\",\"@id\":\"https:\\\/\\\/tuplice.pl\\\/index.php\\\/2016\\\/04\\\/29\\\/luzycki-zwiazek-gmin-laureatem-konkursu-z-zakresu-edukacji-ekologicznej-2\\\/#webpage\",\"url\":\"https:\\\/\\\/tuplice.pl\\\/index.php\\\/2016\\\/04\\\/29\\\/luzycki-zwiazek-gmin-laureatem-konkursu-z-zakresu-edukacji-ekologicznej-2\\\/\",\"name\":\"\\u0141u\\u017cycki Zwi\\u0105zek Gmin laureatem konkursu z zakresu edukacji ekologicznej - Gmina Tuplice\",\"description\":\"\\u0141u\\u017cycki Zwi\\u0105zek Gmin laureatem konkursu z zakresu edukacji ekologicznej pn. \\u201dGospodarka odpadami w wojew\\u00f3dztwie lubuskim\\u201d Wniosek o dofinansowanie kampanii edukacyjnej z\\u0142o\\u017cony przez \\u0141u\\u017cycki Zwi\\u0105zek Gmin zosta\\u0142 pozytywnie oceniony przez Wojew\\u00f3dzki Fundusz Ochrony \\u015arodowiska i Gospodarki Wodnej i zosta\\u0142 wpisany na list\\u0119 zada\\u0144 do dofinansowania w 2016 r.26 kwietnia 2016 r. Wojew\\u00f3dzki Fundusz Ochrony \\u015arodowiska i\",\"inLanguage\":\"pl-PL\",\"isPartOf\":{\"@id\":\"https:\\\/\\\/tuplice.pl\\\/#website\"},\"breadcrumb\":{\"@id\":\"https:\\\/\\\/tuplice.pl\\\/index.php\\\/2016\\\/04\\\/29\\\/luzycki-zwiazek-gmin-laureatem-konkursu-z-zakresu-edukacji-ekologicznej-2\\\/#breadcrumblist\"},\"author\":{\"@id\":\"https:\\\/\\\/tuplice.pl\\\/index.php\\\/author\\\/admin-2\\\/#author\"},\"creator\":{\"@id\":\"https:\\\/\\\/tuplice.pl\\\/index.php\\\/author\\\/admin-2\\\/#author\"},\"datePublished\":\"2016-04-29T06:14:53+02:00\",\"dateModified\":\"2016-04-29T06:14:53+02:00\"},{\"@type\":\"WebSite\",\"@id\":\"https:\\\/\\\/tuplice.pl\\\/#website\",\"url\":\"https:\\\/\\\/tuplice.pl\\\/\",\"name\":\"Gmina Tuplice\",\"description\":\"Strona Gminy Tuplice\",\"inLanguage\":\"pl-PL\",\"publisher\":{\"@id\":\"https:\\\/\\\/tuplice.pl\\\/#organization\"}}]}\n\t\t<\/script>\n\t\t<!-- All in One SEO -->\n\n","aioseo_head_json":{"title":"\u0141u\u017cycki Zwi\u0105zek Gmin laureatem konkursu z zakresu edukacji ekologicznej - Gmina Tuplice","description":"\u0141u\u017cycki Zwi\u0105zek Gmin laureatem konkursu z zakresu edukacji ekologicznej pn. \u201dGospodarka odpadami w wojew\u00f3dztwie lubuskim\u201d Wniosek o dofinansowanie kampanii edukacyjnej z\u0142o\u017cony przez \u0141u\u017cycki Zwi\u0105zek Gmin zosta\u0142 pozytywnie oceniony przez Wojew\u00f3dzki Fundusz Ochrony \u015arodowiska i Gospodarki Wodnej i zosta\u0142 wpisany na list\u0119 zada\u0144 do dofinansowania w 2016 r.26 kwietnia 2016 r. Wojew\u00f3dzki Fundusz Ochrony \u015arodowiska i","canonical_url":"https:\/\/tuplice.pl\/index.php\/2016\/04\/29\/luzycki-zwiazek-gmin-laureatem-konkursu-z-zakresu-edukacji-ekologicznej-2\/","robots":"max-image-preview:large","keywords":"","webmasterTools":{"miscellaneous":""},"schema":{"@context":"https:\/\/schema.org","@graph":[{"@type":"BlogPosting","@id":"https:\/\/tuplice.pl\/index.php\/2016\/04\/29\/luzycki-zwiazek-gmin-laureatem-konkursu-z-zakresu-edukacji-ekologicznej-2\/#blogposting","name":"\u0141u\u017cycki Zwi\u0105zek Gmin laureatem konkursu z zakresu edukacji ekologicznej - Gmina Tuplice","headline":"\u0141u\u017cycki Zwi\u0105zek Gmin laureatem konkursu z zakresu edukacji ekologicznej","author":{"@id":"https:\/\/tuplice.pl\/index.php\/author\/admin-2\/#author"},"publisher":{"@id":"https:\/\/tuplice.pl\/#organization"},"image":{"@type":"ImageObject","url":"https:\/\/tuplice.pl\/wp-content\/uploads\/2025\/07\/images.png","@id":"https:\/\/tuplice.pl\/#articleImage","width":282,"height":179},"datePublished":"2016-04-29T06:14:53+02:00","dateModified":"2016-04-29T06:14:53+02:00","inLanguage":"pl-PL","mainEntityOfPage":{"@id":"https:\/\/tuplice.pl\/index.php\/2016\/04\/29\/luzycki-zwiazek-gmin-laureatem-konkursu-z-zakresu-edukacji-ekologicznej-2\/#webpage"},"isPartOf":{"@id":"https:\/\/tuplice.pl\/index.php\/2016\/04\/29\/luzycki-zwiazek-gmin-laureatem-konkursu-z-zakresu-edukacji-ekologicznej-2\/#webpage"},"articleSection":"Aktualno\u015bci"},{"@type":"BreadcrumbList","@id":"https:\/\/tuplice.pl\/index.php\/2016\/04\/29\/luzycki-zwiazek-gmin-laureatem-konkursu-z-zakresu-edukacji-ekologicznej-2\/#breadcrumblist","itemListElement":[{"@type":"ListItem","@id":"https:\/\/tuplice.pl#listItem","position":1,"name":"Home","item":"https:\/\/tuplice.pl","nextItem":{"@type":"ListItem","@id":"https:\/\/tuplice.pl\/index.php\/category\/aktualnosci\/#listItem","name":"Aktualno\u015bci"}},{"@type":"ListItem","@id":"https:\/\/tuplice.pl\/index.php\/category\/aktualnosci\/#listItem","position":2,"name":"Aktualno\u015bci","item":"https:\/\/tuplice.pl\/index.php\/category\/aktualnosci\/","nextItem":{"@type":"ListItem","@id":"https:\/\/tuplice.pl\/index.php\/2016\/04\/29\/luzycki-zwiazek-gmin-laureatem-konkursu-z-zakresu-edukacji-ekologicznej-2\/#listItem","name":"\u0141u\u017cycki Zwi\u0105zek Gmin laureatem konkursu z zakresu edukacji ekologicznej"},"previousItem":{"@type":"ListItem","@id":"https:\/\/tuplice.pl#listItem","name":"Home"}},{"@type":"ListItem","@id":"https:\/\/tuplice.pl\/index.php\/2016\/04\/29\/luzycki-zwiazek-gmin-laureatem-konkursu-z-zakresu-edukacji-ekologicznej-2\/#listItem","position":3,"name":"\u0141u\u017cycki Zwi\u0105zek Gmin laureatem konkursu z zakresu edukacji ekologicznej","previousItem":{"@type":"ListItem","@id":"https:\/\/tuplice.pl\/index.php\/category\/aktualnosci\/#listItem","name":"Aktualno\u015bci"}}]},{"@type":"Organization","@id":"https:\/\/tuplice.pl\/#organization","name":"Gmina Tuplice Gmina Tuplice","description":"Strona Gminy Tuplice Strona Urz\u0119du Gminy Tuplice","url":"https:\/\/tuplice.pl\/","telephone":"+48683625720","logo":{"@type":"ImageObject","url":"https:\/\/tuplice.pl\/wp-content\/uploads\/2025\/07\/images.png","@id":"https:\/\/tuplice.pl\/index.php\/2016\/04\/29\/luzycki-zwiazek-gmin-laureatem-konkursu-z-zakresu-edukacji-ekologicznej-2\/#organizationLogo","width":282,"height":179},"image":{"@id":"https:\/\/tuplice.pl\/index.php\/2016\/04\/29\/luzycki-zwiazek-gmin-laureatem-konkursu-z-zakresu-edukacji-ekologicznej-2\/#organizationLogo"},"sameAs":["https:\/\/facebook.com\/Tuplicki Biuletyn Informacyjny","https:\/\/pinterest.com\/Tuplicki Biuletyn Informacyjny","https:\/\/youtube.com\/Tuplicki Biuletyn Informacyjny"]},{"@type":"Person","@id":"https:\/\/tuplice.pl\/index.php\/author\/admin-2\/#author","url":"https:\/\/tuplice.pl\/index.php\/author\/admin-2\/","name":"admin","image":{"@type":"ImageObject","@id":"https:\/\/tuplice.pl\/index.php\/2016\/04\/29\/luzycki-zwiazek-gmin-laureatem-konkursu-z-zakresu-edukacji-ekologicznej-2\/#authorImage","url":"https:\/\/secure.gravatar.com\/avatar\/8a55bb0a6c2b7d7d608f6e5c7d99e391?s=96&d=mm&r=g","width":96,"height":96,"caption":"admin"}},{"@type":"WebPage","@id":"https:\/\/tuplice.pl\/index.php\/2016\/04\/29\/luzycki-zwiazek-gmin-laureatem-konkursu-z-zakresu-edukacji-ekologicznej-2\/#webpage","url":"https:\/\/tuplice.pl\/index.php\/2016\/04\/29\/luzycki-zwiazek-gmin-laureatem-konkursu-z-zakresu-edukacji-ekologicznej-2\/","name":"\u0141u\u017cycki Zwi\u0105zek Gmin laureatem konkursu z zakresu edukacji ekologicznej - Gmina Tuplice","description":"\u0141u\u017cycki Zwi\u0105zek Gmin laureatem konkursu z zakresu edukacji ekologicznej pn. \u201dGospodarka odpadami w wojew\u00f3dztwie lubuskim\u201d Wniosek o dofinansowanie kampanii edukacyjnej z\u0142o\u017cony przez \u0141u\u017cycki Zwi\u0105zek Gmin zosta\u0142 pozytywnie oceniony przez Wojew\u00f3dzki Fundusz Ochrony \u015arodowiska i Gospodarki Wodnej i zosta\u0142 wpisany na list\u0119 zada\u0144 do dofinansowania w 2016 r.26 kwietnia 2016 r. Wojew\u00f3dzki Fundusz Ochrony \u015arodowiska i","inLanguage":"pl-PL","isPartOf":{"@id":"https:\/\/tuplice.pl\/#website"},"breadcrumb":{"@id":"https:\/\/tuplice.pl\/index.php\/2016\/04\/29\/luzycki-zwiazek-gmin-laureatem-konkursu-z-zakresu-edukacji-ekologicznej-2\/#breadcrumblist"},"author":{"@id":"https:\/\/tuplice.pl\/index.php\/author\/admin-2\/#author"},"creator":{"@id":"https:\/\/tuplice.pl\/index.php\/author\/admin-2\/#author"},"datePublished":"2016-04-29T06:14:53+02:00","dateModified":"2016-04-29T06:14:53+02:00"},{"@type":"WebSite","@id":"https:\/\/tuplice.pl\/#website","url":"https:\/\/tuplice.pl\/","name":"Gmina Tuplice","description":"Strona Gminy Tuplice","inLanguage":"pl-PL","publisher":{"@id":"https:\/\/tuplice.pl\/#organization"}}]},"og:locale":"pl_PL","og:site_name":"Gmina Tuplice - Strona Gminy Tuplice","og:type":"article","og:title":"\u0141u\u017cycki Zwi\u0105zek Gmin laureatem konkursu z zakresu edukacji ekologicznej - Gmina Tuplice","og:description":"\u0141u\u017cycki Zwi\u0105zek Gmin laureatem konkursu z zakresu edukacji ekologicznej pn. \u201dGospodarka odpadami w wojew\u00f3dztwie lubuskim\u201d Wniosek o dofinansowanie kampanii edukacyjnej z\u0142o\u017cony przez \u0141u\u017cycki Zwi\u0105zek Gmin zosta\u0142 pozytywnie oceniony przez Wojew\u00f3dzki Fundusz Ochrony \u015arodowiska i Gospodarki Wodnej i zosta\u0142 wpisany na list\u0119 zada\u0144 do dofinansowania w 2016 r.26 kwietnia 2016 r. Wojew\u00f3dzki Fundusz Ochrony \u015arodowiska i","og:url":"https:\/\/tuplice.pl\/index.php\/2016\/04\/29\/luzycki-zwiazek-gmin-laureatem-konkursu-z-zakresu-edukacji-ekologicznej-2\/","article:published_time":"2016-04-29T04:14:53+00:00","article:modified_time":"2016-04-29T04:14:53+00:00","article:publisher":"https:\/\/facebook.com\/Tuplicki Biuletyn Informacyjny","twitter:card":"summary_large_image","twitter:title":"\u0141u\u017cycki Zwi\u0105zek Gmin laureatem konkursu z zakresu edukacji ekologicznej - Gmina Tuplice","twitter:description":"\u0141u\u017cycki Zwi\u0105zek Gmin laureatem konkursu z zakresu edukacji ekologicznej pn. \u201dGospodarka odpadami w wojew\u00f3dztwie lubuskim\u201d Wniosek o dofinansowanie kampanii edukacyjnej z\u0142o\u017cony przez \u0141u\u017cycki Zwi\u0105zek Gmin zosta\u0142 pozytywnie oceniony przez Wojew\u00f3dzki Fundusz Ochrony \u015arodowiska i Gospodarki Wodnej i zosta\u0142 wpisany na list\u0119 zada\u0144 do dofinansowania w 2016 r.26 kwietnia 2016 r. Wojew\u00f3dzki Fundusz Ochrony \u015arodowiska i"},"aioseo_meta_data":{"post_id":"1347","title":null,"description":null,"keywords":null,"keyphrases":null,"primary_term":null,"canonical_url":null,"og_title":null,"og_description":null,"og_object_type":"default","og_image_type":"default","og_image_url":null,"og_image_width":null,"og_image_height":null,"og_image_custom_url":null,"og_image_custom_fields":null,"og_video":null,"og_custom_url":null,"og_article_section":null,"og_article_tags":null,"twitter_use_og":false,"twitter_card":"default","twitter_image_type":"default","twitter_image_url":null,"twitter_image_custom_url":null,"twitter_image_custom_fields":null,"twitter_title":null,"twitter_description":null,"schema":{"blockGraphs":[],"customGraphs":[],"default":{"data":{"Article":[],"Course":[],"Dataset":[],"FAQPage":[],"Movie":[],"Person":[],"Product":[],"ProductReview":[],"Car":[],"Recipe":[],"Service":[],"SoftwareApplication":[],"WebPage":[]},"graphName":"","isEnabled":true},"graphs":[]},"schema_type":"default","schema_type_options":null,"pillar_content":false,"robots_default":true,"robots_noindex":false,"robots_noarchive":false,"robots_nosnippet":false,"robots_nofollow":false,"robots_noimageindex":false,"robots_noodp":false,"robots_notranslate":false,"robots_max_snippet":null,"robots_max_videopreview":null,"robots_max_imagepreview":"large","priority":null,"frequency":null,"local_seo":null,"breadcrumb_settings":null,"limit_modified_date":false,"ai":null,"created":"2025-07-22 20:52:30","updated":"2025-07-22 20:52:30","seo_analyzer_scan_date":null},"aioseo_breadcrumb":"<div class=\"aioseo-breadcrumbs\"><span class=\"aioseo-breadcrumb\">\n\t\t\t<a href=\"https:\/\/tuplice.pl\" title=\"Home\">Home<\/a>\n\t\t<\/span><span class=\"aioseo-breadcrumb-separator\">&raquo;<\/span><span class=\"aioseo-breadcrumb\">\n\t\t\t<a href=\"https:\/\/tuplice.pl\/index.php\/category\/aktualnosci\/\" title=\"Aktualno\u015bci\">Aktualno\u015bci<\/a>\n\t\t<\/span><span class=\"aioseo-breadcrumb-separator\">&raquo;<\/span><span class=\"aioseo-breadcrumb\">\n\t\t\t\u0141u\u017cycki Zwi\u0105zek Gmin laureatem konkursu z zakresu edukacji ekologicznej\n\t\t<\/span><\/div>","aioseo_breadcrumb_json":[{"label":"Home","link":"https:\/\/tuplice.pl"},{"label":"Aktualno\u015bci","link":"https:\/\/tuplice.pl\/index.php\/category\/aktualnosci\/"},{"label":"\u0141u\u017cycki Zwi\u0105zek Gmin laureatem konkursu z zakresu edukacji ekologicznej","link":"https:\/\/tuplice.pl\/index.php\/2016\/04\/29\/luzycki-zwiazek-gmin-laureatem-konkursu-z-zakresu-edukacji-ekologicznej-2\/"}],"a3_pvc":{"activated":false,"total_views":0,"today_views":0},"_links":{"self":[{"href":"https:\/\/tuplice.pl\/index.php\/wp-json\/wp\/v2\/posts\/1347"}],"collection":[{"href":"https:\/\/tuplice.pl\/index.php\/wp-json\/wp\/v2\/posts"}],"about":[{"href":"https:\/\/tuplice.pl\/index.php\/wp-json\/wp\/v2\/types\/post"}],"author":[{"embeddable":true,"href":"https:\/\/tuplice.pl\/index.php\/wp-json\/wp\/v2\/users\/4"}],"replies":[{"embeddable":true,"href":"https:\/\/tuplice.pl\/index.php\/wp-json\/wp\/v2\/comments?post=1347"}],"version-history":[{"count":0,"href":"https:\/\/tuplice.pl\/index.php\/wp-json\/wp\/v2\/posts\/1347\/revisions"}],"wp:attachment":[{"href":"https:\/\/tuplice.pl\/index.php\/wp-json\/wp\/v2\/media?parent=1347"}],"wp:term":[{"taxonomy":"category","embeddable":true,"href":"https:\/\/tuplice.pl\/index.php\/wp-json\/wp\/v2\/categories?post=1347"},{"taxonomy":"post_tag","embeddable":true,"href":"https:\/\/tuplice.pl\/index.php\/wp-json\/wp\/v2\/tags?post=1347"}],"curies":[{"name":"wp","href":"https:\/\/api.w.org\/{rel}","templated":true}]}}