{"id":1370,"date":"2016-05-23T06:45:36","date_gmt":"2016-05-23T04:45:36","guid":{"rendered":"https:\/\/tuplice.pl\/xvii-sesja-rg-tuplice\/"},"modified":"2016-05-23T06:45:36","modified_gmt":"2016-05-23T04:45:36","slug":"xvii-sesja-rg-tuplice","status":"publish","type":"post","link":"https:\/\/tuplice.pl\/index.php\/2016\/05\/23\/xvii-sesja-rg-tuplice\/","title":{"rendered":"XVII Sesja RG Tuplice"},"content":{"rendered":"<p>Zgodnie z art. 20 ust. 1 ustawy z dnia 8 marca 1990 r. o samorz\u0105dzie gminnym (Dz. U. z 2016 r., poz. 446) zwo\u0142uj\u0119 XVII Sesj\u0119 Rady Gminy Tuplice VII Kadencji w dniu\u00a0 30 maja 2016 roku (poniedzia\u0142ek)\u00a0 o godz. 900\u00a0 w Du\u017cej Sali GOK w Tuplicach, przy ul. Mickiewicza.<\/p>\n<p>  <!--more-->  <\/p>\n<p>Proponowany porz\u0105dek obrad:<br \/>1. Otwarcie obrad XVII sesji rady gminy.<br \/>2. Wnioski do porz\u0105dku obrad.<br \/>3. Przyj\u0119cie protoko\u0142u z XIV sesji rady gminy.<br \/>4. Przyj\u0119cie protoko\u0142u z XV nadzwyczajnej sesji rady gminy.<br \/>5. Przyj\u0119cie protoko\u0142u z XVI nadzwyczajnej sesji rady gminy.<br \/>6. Informacja na temat bie\u017c\u0105cej pracy W\u00f3jta w okresie mi\u0119dzysesyjnym.<br \/>7. Informacja na temat bie\u017c\u0105cej pracy Przewodnicz\u0105cego Rady w okresie mi\u0119dzysesyjnym.<br \/>8. Informacja z prac komisji sta\u0142ych w okresie mi\u0119dzysesyjnym.<br \/>9. Przyj\u0119cie sprawozdania Komisji Rewizyjnej z kontroli przeprowadzonej w okresie mi\u0119dzysesyjnym.<br \/>9.1 Podj\u0119cie uchwa\u0142y w sprawie: przyj\u0119cia sprawozdania Komisji Rewizyjnej Rady Gminy Tuplice <br \/>z \u201eOceny realizacji uwag i wniosk\u00f3w zawartych w protoko\u0142ach pokontrolnych Komisji Rewizyjnej oraz uchwa\u0142 Rady Gminy Tuplice podj\u0119tych w 2015 r.\u201d.<br \/>10. Interpelacje, zapytania i wnioski radnych.<br \/>11. Odpowiedzi na interpelacje, zapytania\u00a0 i wnioski radnych.<br \/>12. Rozpatrzenie projekt\u00f3w uchwa\u0142:<br \/>\u00a0\u00a0\u00a0 \u00a0\u00a0\u00a0 12.1. w sprawie: nadania statutu \u015awietlicy \u015arodowiskowej w Tuplicach.<br \/>\u00a0\u00a0\u00a0 \u00a0\u00a0\u00a0 12.2. w sprawie: zmiany Uchwa\u0142y Nr XVIII\/111\/2012 Rady Gminy Tuplice z dnia 30 listopada 2012 r. <br \/>w sprawie szczeg\u00f3\u0142owych warunk\u00f3w przyznawania i odp\u0142atno\u015bci za us\u0142ugi opieku\u0144cze <br \/>i specjalistyczne us\u0142ugi opieku\u0144cze, z wy\u0142\u0105czeniem specjalistycznych us\u0142ug opieku\u0144czych dla os\u00f3b<br \/>z zaburzeniami psychicznymi, oraz szczeg\u00f3\u0142owych warunk\u00f3w cz\u0119\u015bciowego lub ca\u0142kowitego zwolnienia od op\u0142at i trybu ich pobierania.<br \/>12.3. w sprawie: wyposa\u017cenia w maj\u0105tek O\u015brodka Pomocy Spo\u0142ecznej w Tuplicach oraz wyra\u017cenie zgody na udzielenie bonifikaty od op\u0142at rocznych z tytu\u0142u trwa\u0142ego zarz\u0105du.<br \/>13. Sprawozdanie finansowe Gminy Tuplice za 2015 rok \u2013 sprawozdanie W\u00f3jta.<br \/>14. Sprawozdanie z wykonania bud\u017cetu gminy za rok 2015:<br \/>1\/ sprawozdanie W\u00f3jta;<br \/>\u00a0\u00a0\u00a0\u00a0 2\/ opinia regionalnej izby obrachunkowej o sprawozdaniu w\u00f3jta;<br \/>3\/ opinie komisji sta\u0142ych, w tym rewizyjnej \u2013 jako organu kontrolnego rady gminy o wykonaniu bud\u017cetu gminy;<br \/>\u00a0 \u00a0\u00a0\u00a0 4\/ wniosek komisji rewizyjnej rady gminy w sprawie udzielenia absolutorium <br \/>w\u00f3jtowi w kontek\u015bcie jej opinii o wykonaniu bud\u017cetu gminy;<br \/>5\/ opinia sk\u0142adu orzekaj\u0105cego regionalnej izby obrachunkowej do wniosku komisji rewizyjnej rady\u00a0 gminy<br \/>\u00a0w sprawie: udzielenia absolutorium w\u00f3jtowi.<br \/>15. Podj\u0119cie uchwa\u0142y w sprawie: zatwierdzenia rocznego sprawozdania finansowego wraz ze sprawozdaniem<br \/>\u00a0z wykonania bud\u017cetu Gminy Tuplice za 2015 rok.<br \/>16. Podj\u0119cie uchwa\u0142y w sprawie: absolutorium z tytu\u0142u wykonania bud\u017cetu za 2015 r. dla W\u00f3jta Gminy Tuplice.<br \/>17. Sprawy r\u00f3\u017cne.<br \/>18. Zamkni\u0119cie obrad XVII sesji rady gminy.<\/p>\n<p style=\"text-align: right;\">Przewodnicz\u0105cy rady gminy<\/p>\n<p>Sylwester Mazurkiewicz<\/p>\n","protected":false},"excerpt":{"rendered":"<p>Zgodnie z art. 20 ust. 1 ustawy z dnia 8 marca 1990 r. o samorz\u0105dzie gminnym (Dz. U. z 2016 r., poz. 446) zwo\u0142uj\u0119 XVII Sesj\u0119 Rady Gminy Tuplice VII Kadencji w dniu\u00a0 30 maja 2016 roku (poniedzia\u0142ek)\u00a0 o godz. 900\u00a0 w Du\u017cej Sali GOK w Tuplicach, przy ul. Mickiewicza.<\/p>\n","protected":false},"author":4,"featured_media":0,"comment_status":"closed","ping_status":"closed","sticky":false,"template":"","format":"standard","meta":{"_et_pb_use_builder":"","_et_pb_old_content":"","_et_gb_content_width":"","_monsterinsights_skip_tracking":false},"categories":[82],"tags":[],"aioseo_notices":[],"aioseo_head":"\n\t\t<!-- All in One SEO 4.9.10 - aioseo.com -->\n\t<meta name=\"description\" content=\"Zgodnie z art. 20 ust. 1 ustawy z dnia 8 marca 1990 r. o samorz\u0105dzie gminnym (Dz. U. z 2016 r., poz. 446) zwo\u0142uj\u0119 XVII Sesj\u0119 Rady Gminy Tuplice VII Kadencji w dniu 30 maja 2016 roku (poniedzia\u0142ek) o godz. 900 w Du\u017cej Sali GOK w Tuplicach, przy ul. Mickiewicza. Proponowany porz\u0105dek obrad:1. Otwarcie obrad\" \/>\n\t<meta name=\"robots\" content=\"max-image-preview:large\" \/>\n\t<meta name=\"author\" content=\"admin\"\/>\n\t<link rel=\"canonical\" href=\"https:\/\/tuplice.pl\/index.php\/2016\/05\/23\/xvii-sesja-rg-tuplice\/\" \/>\n\t<meta name=\"generator\" content=\"All in One SEO (AIOSEO) 4.9.10\" \/>\n\t\t<meta property=\"og:locale\" content=\"pl_PL\" \/>\n\t\t<meta property=\"og:site_name\" content=\"Gmina Tuplice - Strona Gminy Tuplice\" \/>\n\t\t<meta property=\"og:type\" content=\"article\" \/>\n\t\t<meta property=\"og:title\" content=\"XVII Sesja RG Tuplice - Gmina Tuplice\" \/>\n\t\t<meta property=\"og:description\" content=\"Zgodnie z art. 20 ust. 1 ustawy z dnia 8 marca 1990 r. o samorz\u0105dzie gminnym (Dz. U. z 2016 r., poz. 446) zwo\u0142uj\u0119 XVII Sesj\u0119 Rady Gminy Tuplice VII Kadencji w dniu 30 maja 2016 roku (poniedzia\u0142ek) o godz. 900 w Du\u017cej Sali GOK w Tuplicach, przy ul. Mickiewicza. Proponowany porz\u0105dek obrad:1. Otwarcie obrad\" \/>\n\t\t<meta property=\"og:url\" content=\"https:\/\/tuplice.pl\/index.php\/2016\/05\/23\/xvii-sesja-rg-tuplice\/\" \/>\n\t\t<meta property=\"article:published_time\" content=\"2016-05-23T04:45:36+00:00\" \/>\n\t\t<meta property=\"article:modified_time\" content=\"2016-05-23T04:45:36+00:00\" \/>\n\t\t<meta property=\"article:publisher\" content=\"https:\/\/facebook.com\/Tuplicki Biuletyn Informacyjny\" \/>\n\t\t<meta name=\"twitter:card\" content=\"summary_large_image\" \/>\n\t\t<meta name=\"twitter:title\" content=\"XVII Sesja RG Tuplice - Gmina Tuplice\" \/>\n\t\t<meta name=\"twitter:description\" content=\"Zgodnie z art. 20 ust. 1 ustawy z dnia 8 marca 1990 r. o samorz\u0105dzie gminnym (Dz. U. z 2016 r., poz. 446) zwo\u0142uj\u0119 XVII Sesj\u0119 Rady Gminy Tuplice VII Kadencji w dniu 30 maja 2016 roku (poniedzia\u0142ek) o godz. 900 w Du\u017cej Sali GOK w Tuplicach, przy ul. Mickiewicza. Proponowany porz\u0105dek obrad:1. Otwarcie obrad\" \/>\n\t\t<script type=\"application\/ld+json\" class=\"aioseo-schema\">\n\t\t\t{\"@context\":\"https:\\\/\\\/schema.org\",\"@graph\":[{\"@type\":\"BlogPosting\",\"@id\":\"https:\\\/\\\/tuplice.pl\\\/index.php\\\/2016\\\/05\\\/23\\\/xvii-sesja-rg-tuplice\\\/#blogposting\",\"name\":\"XVII Sesja RG Tuplice - Gmina Tuplice\",\"headline\":\"XVII Sesja RG Tuplice\",\"author\":{\"@id\":\"https:\\\/\\\/tuplice.pl\\\/index.php\\\/author\\\/admin-2\\\/#author\"},\"publisher\":{\"@id\":\"https:\\\/\\\/tuplice.pl\\\/#organization\"},\"image\":{\"@type\":\"ImageObject\",\"url\":\"https:\\\/\\\/tuplice.pl\\\/wp-content\\\/uploads\\\/2025\\\/07\\\/images.png\",\"@id\":\"https:\\\/\\\/tuplice.pl\\\/#articleImage\",\"width\":282,\"height\":179},\"datePublished\":\"2016-05-23T06:45:36+02:00\",\"dateModified\":\"2016-05-23T06:45:36+02:00\",\"inLanguage\":\"pl-PL\",\"mainEntityOfPage\":{\"@id\":\"https:\\\/\\\/tuplice.pl\\\/index.php\\\/2016\\\/05\\\/23\\\/xvii-sesja-rg-tuplice\\\/#webpage\"},\"isPartOf\":{\"@id\":\"https:\\\/\\\/tuplice.pl\\\/index.php\\\/2016\\\/05\\\/23\\\/xvii-sesja-rg-tuplice\\\/#webpage\"},\"articleSection\":\"Aktualno\\u015bci\"},{\"@type\":\"BreadcrumbList\",\"@id\":\"https:\\\/\\\/tuplice.pl\\\/index.php\\\/2016\\\/05\\\/23\\\/xvii-sesja-rg-tuplice\\\/#breadcrumblist\",\"itemListElement\":[{\"@type\":\"ListItem\",\"@id\":\"https:\\\/\\\/tuplice.pl#listItem\",\"position\":1,\"name\":\"Home\",\"item\":\"https:\\\/\\\/tuplice.pl\",\"nextItem\":{\"@type\":\"ListItem\",\"@id\":\"https:\\\/\\\/tuplice.pl\\\/index.php\\\/category\\\/aktualnosci\\\/#listItem\",\"name\":\"Aktualno\\u015bci\"}},{\"@type\":\"ListItem\",\"@id\":\"https:\\\/\\\/tuplice.pl\\\/index.php\\\/category\\\/aktualnosci\\\/#listItem\",\"position\":2,\"name\":\"Aktualno\\u015bci\",\"item\":\"https:\\\/\\\/tuplice.pl\\\/index.php\\\/category\\\/aktualnosci\\\/\",\"nextItem\":{\"@type\":\"ListItem\",\"@id\":\"https:\\\/\\\/tuplice.pl\\\/index.php\\\/2016\\\/05\\\/23\\\/xvii-sesja-rg-tuplice\\\/#listItem\",\"name\":\"XVII Sesja RG Tuplice\"},\"previousItem\":{\"@type\":\"ListItem\",\"@id\":\"https:\\\/\\\/tuplice.pl#listItem\",\"name\":\"Home\"}},{\"@type\":\"ListItem\",\"@id\":\"https:\\\/\\\/tuplice.pl\\\/index.php\\\/2016\\\/05\\\/23\\\/xvii-sesja-rg-tuplice\\\/#listItem\",\"position\":3,\"name\":\"XVII Sesja RG Tuplice\",\"previousItem\":{\"@type\":\"ListItem\",\"@id\":\"https:\\\/\\\/tuplice.pl\\\/index.php\\\/category\\\/aktualnosci\\\/#listItem\",\"name\":\"Aktualno\\u015bci\"}}]},{\"@type\":\"Organization\",\"@id\":\"https:\\\/\\\/tuplice.pl\\\/#organization\",\"name\":\"Gmina Tuplice Gmina Tuplice\",\"description\":\"Strona Gminy Tuplice Strona Urz\\u0119du Gminy Tuplice\",\"url\":\"https:\\\/\\\/tuplice.pl\\\/\",\"telephone\":\"+48683625720\",\"logo\":{\"@type\":\"ImageObject\",\"url\":\"https:\\\/\\\/tuplice.pl\\\/wp-content\\\/uploads\\\/2025\\\/07\\\/images.png\",\"@id\":\"https:\\\/\\\/tuplice.pl\\\/index.php\\\/2016\\\/05\\\/23\\\/xvii-sesja-rg-tuplice\\\/#organizationLogo\",\"width\":282,\"height\":179},\"image\":{\"@id\":\"https:\\\/\\\/tuplice.pl\\\/index.php\\\/2016\\\/05\\\/23\\\/xvii-sesja-rg-tuplice\\\/#organizationLogo\"},\"sameAs\":[\"https:\\\/\\\/facebook.com\\\/Tuplicki Biuletyn Informacyjny\",\"https:\\\/\\\/pinterest.com\\\/Tuplicki Biuletyn Informacyjny\",\"https:\\\/\\\/youtube.com\\\/Tuplicki Biuletyn Informacyjny\"]},{\"@type\":\"Person\",\"@id\":\"https:\\\/\\\/tuplice.pl\\\/index.php\\\/author\\\/admin-2\\\/#author\",\"url\":\"https:\\\/\\\/tuplice.pl\\\/index.php\\\/author\\\/admin-2\\\/\",\"name\":\"admin\",\"image\":{\"@type\":\"ImageObject\",\"@id\":\"https:\\\/\\\/tuplice.pl\\\/index.php\\\/2016\\\/05\\\/23\\\/xvii-sesja-rg-tuplice\\\/#authorImage\",\"url\":\"https:\\\/\\\/secure.gravatar.com\\\/avatar\\\/8a55bb0a6c2b7d7d608f6e5c7d99e391?s=96&d=mm&r=g\",\"width\":96,\"height\":96,\"caption\":\"admin\"}},{\"@type\":\"WebPage\",\"@id\":\"https:\\\/\\\/tuplice.pl\\\/index.php\\\/2016\\\/05\\\/23\\\/xvii-sesja-rg-tuplice\\\/#webpage\",\"url\":\"https:\\\/\\\/tuplice.pl\\\/index.php\\\/2016\\\/05\\\/23\\\/xvii-sesja-rg-tuplice\\\/\",\"name\":\"XVII Sesja RG Tuplice - Gmina Tuplice\",\"description\":\"Zgodnie z art. 20 ust. 1 ustawy z dnia 8 marca 1990 r. o samorz\\u0105dzie gminnym (Dz. U. z 2016 r., poz. 446) zwo\\u0142uj\\u0119 XVII Sesj\\u0119 Rady Gminy Tuplice VII Kadencji w dniu 30 maja 2016 roku (poniedzia\\u0142ek) o godz. 900 w Du\\u017cej Sali GOK w Tuplicach, przy ul. Mickiewicza. Proponowany porz\\u0105dek obrad:1. Otwarcie obrad\",\"inLanguage\":\"pl-PL\",\"isPartOf\":{\"@id\":\"https:\\\/\\\/tuplice.pl\\\/#website\"},\"breadcrumb\":{\"@id\":\"https:\\\/\\\/tuplice.pl\\\/index.php\\\/2016\\\/05\\\/23\\\/xvii-sesja-rg-tuplice\\\/#breadcrumblist\"},\"author\":{\"@id\":\"https:\\\/\\\/tuplice.pl\\\/index.php\\\/author\\\/admin-2\\\/#author\"},\"creator\":{\"@id\":\"https:\\\/\\\/tuplice.pl\\\/index.php\\\/author\\\/admin-2\\\/#author\"},\"datePublished\":\"2016-05-23T06:45:36+02:00\",\"dateModified\":\"2016-05-23T06:45:36+02:00\"},{\"@type\":\"WebSite\",\"@id\":\"https:\\\/\\\/tuplice.pl\\\/#website\",\"url\":\"https:\\\/\\\/tuplice.pl\\\/\",\"name\":\"Gmina Tuplice\",\"description\":\"Strona Gminy Tuplice\",\"inLanguage\":\"pl-PL\",\"publisher\":{\"@id\":\"https:\\\/\\\/tuplice.pl\\\/#organization\"}}]}\n\t\t<\/script>\n\t\t<!-- All in One SEO -->\n\n","aioseo_head_json":{"title":"XVII Sesja RG Tuplice - Gmina Tuplice","description":"Zgodnie z art. 20 ust. 1 ustawy z dnia 8 marca 1990 r. o samorz\u0105dzie gminnym (Dz. U. z 2016 r., poz. 446) zwo\u0142uj\u0119 XVII Sesj\u0119 Rady Gminy Tuplice VII Kadencji w dniu 30 maja 2016 roku (poniedzia\u0142ek) o godz. 900 w Du\u017cej Sali GOK w Tuplicach, przy ul. Mickiewicza. Proponowany porz\u0105dek obrad:1. Otwarcie obrad","canonical_url":"https:\/\/tuplice.pl\/index.php\/2016\/05\/23\/xvii-sesja-rg-tuplice\/","robots":"max-image-preview:large","keywords":"","webmasterTools":{"miscellaneous":""},"schema":{"@context":"https:\/\/schema.org","@graph":[{"@type":"BlogPosting","@id":"https:\/\/tuplice.pl\/index.php\/2016\/05\/23\/xvii-sesja-rg-tuplice\/#blogposting","name":"XVII Sesja RG Tuplice - Gmina Tuplice","headline":"XVII Sesja RG Tuplice","author":{"@id":"https:\/\/tuplice.pl\/index.php\/author\/admin-2\/#author"},"publisher":{"@id":"https:\/\/tuplice.pl\/#organization"},"image":{"@type":"ImageObject","url":"https:\/\/tuplice.pl\/wp-content\/uploads\/2025\/07\/images.png","@id":"https:\/\/tuplice.pl\/#articleImage","width":282,"height":179},"datePublished":"2016-05-23T06:45:36+02:00","dateModified":"2016-05-23T06:45:36+02:00","inLanguage":"pl-PL","mainEntityOfPage":{"@id":"https:\/\/tuplice.pl\/index.php\/2016\/05\/23\/xvii-sesja-rg-tuplice\/#webpage"},"isPartOf":{"@id":"https:\/\/tuplice.pl\/index.php\/2016\/05\/23\/xvii-sesja-rg-tuplice\/#webpage"},"articleSection":"Aktualno\u015bci"},{"@type":"BreadcrumbList","@id":"https:\/\/tuplice.pl\/index.php\/2016\/05\/23\/xvii-sesja-rg-tuplice\/#breadcrumblist","itemListElement":[{"@type":"ListItem","@id":"https:\/\/tuplice.pl#listItem","position":1,"name":"Home","item":"https:\/\/tuplice.pl","nextItem":{"@type":"ListItem","@id":"https:\/\/tuplice.pl\/index.php\/category\/aktualnosci\/#listItem","name":"Aktualno\u015bci"}},{"@type":"ListItem","@id":"https:\/\/tuplice.pl\/index.php\/category\/aktualnosci\/#listItem","position":2,"name":"Aktualno\u015bci","item":"https:\/\/tuplice.pl\/index.php\/category\/aktualnosci\/","nextItem":{"@type":"ListItem","@id":"https:\/\/tuplice.pl\/index.php\/2016\/05\/23\/xvii-sesja-rg-tuplice\/#listItem","name":"XVII Sesja RG Tuplice"},"previousItem":{"@type":"ListItem","@id":"https:\/\/tuplice.pl#listItem","name":"Home"}},{"@type":"ListItem","@id":"https:\/\/tuplice.pl\/index.php\/2016\/05\/23\/xvii-sesja-rg-tuplice\/#listItem","position":3,"name":"XVII Sesja RG Tuplice","previousItem":{"@type":"ListItem","@id":"https:\/\/tuplice.pl\/index.php\/category\/aktualnosci\/#listItem","name":"Aktualno\u015bci"}}]},{"@type":"Organization","@id":"https:\/\/tuplice.pl\/#organization","name":"Gmina Tuplice Gmina Tuplice","description":"Strona Gminy Tuplice Strona Urz\u0119du Gminy Tuplice","url":"https:\/\/tuplice.pl\/","telephone":"+48683625720","logo":{"@type":"ImageObject","url":"https:\/\/tuplice.pl\/wp-content\/uploads\/2025\/07\/images.png","@id":"https:\/\/tuplice.pl\/index.php\/2016\/05\/23\/xvii-sesja-rg-tuplice\/#organizationLogo","width":282,"height":179},"image":{"@id":"https:\/\/tuplice.pl\/index.php\/2016\/05\/23\/xvii-sesja-rg-tuplice\/#organizationLogo"},"sameAs":["https:\/\/facebook.com\/Tuplicki Biuletyn Informacyjny","https:\/\/pinterest.com\/Tuplicki Biuletyn Informacyjny","https:\/\/youtube.com\/Tuplicki Biuletyn Informacyjny"]},{"@type":"Person","@id":"https:\/\/tuplice.pl\/index.php\/author\/admin-2\/#author","url":"https:\/\/tuplice.pl\/index.php\/author\/admin-2\/","name":"admin","image":{"@type":"ImageObject","@id":"https:\/\/tuplice.pl\/index.php\/2016\/05\/23\/xvii-sesja-rg-tuplice\/#authorImage","url":"https:\/\/secure.gravatar.com\/avatar\/8a55bb0a6c2b7d7d608f6e5c7d99e391?s=96&d=mm&r=g","width":96,"height":96,"caption":"admin"}},{"@type":"WebPage","@id":"https:\/\/tuplice.pl\/index.php\/2016\/05\/23\/xvii-sesja-rg-tuplice\/#webpage","url":"https:\/\/tuplice.pl\/index.php\/2016\/05\/23\/xvii-sesja-rg-tuplice\/","name":"XVII Sesja RG Tuplice - Gmina Tuplice","description":"Zgodnie z art. 20 ust. 1 ustawy z dnia 8 marca 1990 r. o samorz\u0105dzie gminnym (Dz. U. z 2016 r., poz. 446) zwo\u0142uj\u0119 XVII Sesj\u0119 Rady Gminy Tuplice VII Kadencji w dniu 30 maja 2016 roku (poniedzia\u0142ek) o godz. 900 w Du\u017cej Sali GOK w Tuplicach, przy ul. Mickiewicza. Proponowany porz\u0105dek obrad:1. Otwarcie obrad","inLanguage":"pl-PL","isPartOf":{"@id":"https:\/\/tuplice.pl\/#website"},"breadcrumb":{"@id":"https:\/\/tuplice.pl\/index.php\/2016\/05\/23\/xvii-sesja-rg-tuplice\/#breadcrumblist"},"author":{"@id":"https:\/\/tuplice.pl\/index.php\/author\/admin-2\/#author"},"creator":{"@id":"https:\/\/tuplice.pl\/index.php\/author\/admin-2\/#author"},"datePublished":"2016-05-23T06:45:36+02:00","dateModified":"2016-05-23T06:45:36+02:00"},{"@type":"WebSite","@id":"https:\/\/tuplice.pl\/#website","url":"https:\/\/tuplice.pl\/","name":"Gmina Tuplice","description":"Strona Gminy Tuplice","inLanguage":"pl-PL","publisher":{"@id":"https:\/\/tuplice.pl\/#organization"}}]},"og:locale":"pl_PL","og:site_name":"Gmina Tuplice - Strona Gminy Tuplice","og:type":"article","og:title":"XVII Sesja RG Tuplice - Gmina Tuplice","og:description":"Zgodnie z art. 20 ust. 1 ustawy z dnia 8 marca 1990 r. o samorz\u0105dzie gminnym (Dz. U. z 2016 r., poz. 446) zwo\u0142uj\u0119 XVII Sesj\u0119 Rady Gminy Tuplice VII Kadencji w dniu 30 maja 2016 roku (poniedzia\u0142ek) o godz. 900 w Du\u017cej Sali GOK w Tuplicach, przy ul. Mickiewicza. Proponowany porz\u0105dek obrad:1. Otwarcie obrad","og:url":"https:\/\/tuplice.pl\/index.php\/2016\/05\/23\/xvii-sesja-rg-tuplice\/","article:published_time":"2016-05-23T04:45:36+00:00","article:modified_time":"2016-05-23T04:45:36+00:00","article:publisher":"https:\/\/facebook.com\/Tuplicki Biuletyn Informacyjny","twitter:card":"summary_large_image","twitter:title":"XVII Sesja RG Tuplice - Gmina Tuplice","twitter:description":"Zgodnie z art. 20 ust. 1 ustawy z dnia 8 marca 1990 r. o samorz\u0105dzie gminnym (Dz. U. z 2016 r., poz. 446) zwo\u0142uj\u0119 XVII Sesj\u0119 Rady Gminy Tuplice VII Kadencji w dniu 30 maja 2016 roku (poniedzia\u0142ek) o godz. 900 w Du\u017cej Sali GOK w Tuplicach, przy ul. Mickiewicza. Proponowany porz\u0105dek obrad:1. Otwarcie obrad"},"aioseo_meta_data":{"post_id":"1370","title":null,"description":null,"keywords":null,"keyphrases":null,"primary_term":null,"canonical_url":null,"og_title":null,"og_description":null,"og_object_type":"default","og_image_type":"default","og_image_url":null,"og_image_width":null,"og_image_height":null,"og_image_custom_url":null,"og_image_custom_fields":null,"og_video":null,"og_custom_url":null,"og_article_section":null,"og_article_tags":null,"twitter_use_og":false,"twitter_card":"default","twitter_image_type":"default","twitter_image_url":null,"twitter_image_custom_url":null,"twitter_image_custom_fields":null,"twitter_title":null,"twitter_description":null,"schema":{"blockGraphs":[],"customGraphs":[],"default":{"data":{"Article":[],"Course":[],"Dataset":[],"FAQPage":[],"Movie":[],"Person":[],"Product":[],"ProductReview":[],"Car":[],"Recipe":[],"Service":[],"SoftwareApplication":[],"WebPage":[]},"graphName":"","isEnabled":true},"graphs":[]},"schema_type":"default","schema_type_options":null,"pillar_content":false,"robots_default":true,"robots_noindex":false,"robots_noarchive":false,"robots_nosnippet":false,"robots_nofollow":false,"robots_noimageindex":false,"robots_noodp":false,"robots_notranslate":false,"robots_max_snippet":null,"robots_max_videopreview":null,"robots_max_imagepreview":"large","priority":null,"frequency":null,"local_seo":null,"breadcrumb_settings":null,"limit_modified_date":false,"ai":null,"created":"2025-07-22 20:56:26","updated":"2025-07-22 20:56:26","seo_analyzer_scan_date":null},"aioseo_breadcrumb":"<div class=\"aioseo-breadcrumbs\"><span class=\"aioseo-breadcrumb\">\n\t\t\t<a href=\"https:\/\/tuplice.pl\" title=\"Home\">Home<\/a>\n\t\t<\/span><span class=\"aioseo-breadcrumb-separator\">&raquo;<\/span><span class=\"aioseo-breadcrumb\">\n\t\t\t<a href=\"https:\/\/tuplice.pl\/index.php\/category\/aktualnosci\/\" title=\"Aktualno\u015bci\">Aktualno\u015bci<\/a>\n\t\t<\/span><span class=\"aioseo-breadcrumb-separator\">&raquo;<\/span><span class=\"aioseo-breadcrumb\">\n\t\t\tXVII Sesja RG Tuplice\n\t\t<\/span><\/div>","aioseo_breadcrumb_json":[{"label":"Home","link":"https:\/\/tuplice.pl"},{"label":"Aktualno\u015bci","link":"https:\/\/tuplice.pl\/index.php\/category\/aktualnosci\/"},{"label":"XVII Sesja RG Tuplice","link":"https:\/\/tuplice.pl\/index.php\/2016\/05\/23\/xvii-sesja-rg-tuplice\/"}],"a3_pvc":{"activated":false,"total_views":0,"today_views":0},"_links":{"self":[{"href":"https:\/\/tuplice.pl\/index.php\/wp-json\/wp\/v2\/posts\/1370"}],"collection":[{"href":"https:\/\/tuplice.pl\/index.php\/wp-json\/wp\/v2\/posts"}],"about":[{"href":"https:\/\/tuplice.pl\/index.php\/wp-json\/wp\/v2\/types\/post"}],"author":[{"embeddable":true,"href":"https:\/\/tuplice.pl\/index.php\/wp-json\/wp\/v2\/users\/4"}],"replies":[{"embeddable":true,"href":"https:\/\/tuplice.pl\/index.php\/wp-json\/wp\/v2\/comments?post=1370"}],"version-history":[{"count":0,"href":"https:\/\/tuplice.pl\/index.php\/wp-json\/wp\/v2\/posts\/1370\/revisions"}],"wp:attachment":[{"href":"https:\/\/tuplice.pl\/index.php\/wp-json\/wp\/v2\/media?parent=1370"}],"wp:term":[{"taxonomy":"category","embeddable":true,"href":"https:\/\/tuplice.pl\/index.php\/wp-json\/wp\/v2\/categories?post=1370"},{"taxonomy":"post_tag","embeddable":true,"href":"https:\/\/tuplice.pl\/index.php\/wp-json\/wp\/v2\/tags?post=1370"}],"curies":[{"name":"wp","href":"https:\/\/api.w.org\/{rel}","templated":true}]}}