{"id":1423,"date":"2016-07-01T06:11:22","date_gmt":"2016-07-01T04:11:22","guid":{"rendered":"https:\/\/tuplice.pl\/wybory-soltysa-w-czernej\/"},"modified":"2016-07-01T06:11:22","modified_gmt":"2016-07-01T04:11:22","slug":"wybory-soltysa-w-czernej","status":"publish","type":"post","link":"https:\/\/tuplice.pl\/index.php\/2016\/07\/01\/wybory-soltysa-w-czernej\/","title":{"rendered":"Wybory so\u0142tysa w Czernej"},"content":{"rendered":"<p>Na podstawie \u00a7 19 Statutu So\u0142ectwa Czerna w zwi\u0105zku z powstaniem wakatu na stanowisku So\u0142tysa i konieczno\u015bci\u0105 przeprowadzenia nowego wyboru so\u0142tysa W\u00f3jt Gminy Tuplice zawiadamia mieszka\u0144c\u00f3w wsi i so\u0142ectwa Czerna po\u0142o\u017conego w Gminie Tuplice o zwo\u0142aniu:<\/p>\n<p>II Zebrania Wiejskiego w dniu 07 lipca 2016 r.o godzinie 18:00 w \u015awietlicy Wiejskiej w Czernej<\/p>\n<p>Harmonogram Zebrania:<br \/>1. Otwarcie Zebrania Wiejskiego<br \/>2. Wyb\u00f3r so\u0142tysa<br \/>4. Sprawy r\u00f3\u017cne<br \/>5. Zamkni\u0119cie zebrania<\/p>\n<p>Prawo do udzia\u0142u w Zebraniu Wiejskim maj\u0105 wszyscy mieszka\u0144cy so\u0142ectwa posiadaj\u0105cy czynne prawo wyborcze do Rady Gminy. Dla prawomocno\u015bci uchwa\u0142 Zebrania Wiejskiego \u2013 w tym powo\u0142ania nowego so\u0142tysa \u2013 niezb\u0119dna jest obecno\u015b\u0107 co najmniej 1\/5 uprawnionych mieszka\u0144c\u00f3w so\u0142ectwa. W so\u0142ectwie Czerna uprawnionych mieszka\u0144c\u00f3w jest 85, a zatem do prawomocno\u015bci uchwa\u0142 niezb\u0119dne jest uczestniczenie w Zebraniu co najmniej\u00a0 17 os\u00f3b. W przypadku braku quorum, II Zebranie wiejskie odb\u0119dzie si\u0119\u00a0\u00a0\u00a0\u00a0\u00a0\u00a0\u00a0\u00a0\u00a0\u00a0\u00a0 07\u00a0 lipca 2016 r. o godzinie 1830. Podejmowane uchwa\u0142y i wybory s\u0105 w\u00f3wczas wa\u017cne bez wzgl\u0119du na ilo\u015b\u0107 obecnych\u00a0 uprawnionych mieszka\u0144c\u00f3w So\u0142ectwa Czerna.<br \/>\u00a0\u00a0 \u00a0\u00a0\u00a0 Zebranie Wiejskie jest zwo\u0142ywane z powodu konieczno\u015bci niezw\u0142ocznego wyboru so\u0142tysa, kt\u00f3ry reprezentuje so\u0142ectwo, m.in. przygotowuje uchwa\u0142y, ma prawo sk\u0142adania wniosk\u00f3w oraz wydaje opinie we wszystkich istotnych dla mieszka\u0144c\u00f3w kwestiach.<\/p>\n<p style=\"text-align: right;\">W\u00f3jt Gminy Tuplice<br \/>\/-\/ Katarzyna Kromp<\/p>\n","protected":false},"excerpt":{"rendered":"<p>Na podstawie \u00a7 19 Statutu So\u0142ectwa Czerna w zwi\u0105zku z powstaniem wakatu na stanowisku So\u0142tysa i konieczno\u015bci\u0105 przeprowadzenia nowego wyboru so\u0142tysa W\u00f3jt Gminy Tuplice zawiadamia mieszka\u0144c\u00f3w wsi i so\u0142ectwa Czerna po\u0142o\u017conego w Gminie Tuplice o zwo\u0142aniu: II Zebrania Wiejskiego w dniu 07 lipca 2016 r.o godzinie 18:00 w \u015awietlicy Wiejskiej w Czernej Harmonogram Zebrania:1. Otwarcie [&hellip;]<\/p>\n","protected":false},"author":4,"featured_media":0,"comment_status":"closed","ping_status":"closed","sticky":false,"template":"","format":"standard","meta":{"_et_pb_use_builder":"","_et_pb_old_content":"","_et_gb_content_width":"","_monsterinsights_skip_tracking":false},"categories":[82],"tags":[],"aioseo_notices":[],"aioseo_head":"\n\t\t<!-- All in One SEO 4.9.10 - aioseo.com -->\n\t<meta name=\"description\" content=\"Na podstawie \u00a7 19 Statutu So\u0142ectwa Czerna w zwi\u0105zku z powstaniem wakatu na stanowisku So\u0142tysa i konieczno\u015bci\u0105 przeprowadzenia nowego wyboru so\u0142tysa W\u00f3jt Gminy Tuplice zawiadamia mieszka\u0144c\u00f3w wsi i so\u0142ectwa Czerna po\u0142o\u017conego w Gminie Tuplice o zwo\u0142aniu:II Zebrania Wiejskiego w dniu 07 lipca 2016 r.o godzinie 18:00 w \u015awietlicy Wiejskiej w CzernejHarmonogram Zebrania:1. Otwarcie Zebrania Wiejskiego2.\" \/>\n\t<meta name=\"robots\" content=\"max-image-preview:large\" \/>\n\t<meta name=\"author\" content=\"admin\"\/>\n\t<link rel=\"canonical\" href=\"https:\/\/tuplice.pl\/index.php\/2016\/07\/01\/wybory-soltysa-w-czernej\/\" \/>\n\t<meta name=\"generator\" content=\"All in One SEO (AIOSEO) 4.9.10\" \/>\n\t\t<meta property=\"og:locale\" content=\"pl_PL\" \/>\n\t\t<meta property=\"og:site_name\" content=\"Gmina Tuplice - Strona Gminy Tuplice\" \/>\n\t\t<meta property=\"og:type\" content=\"article\" \/>\n\t\t<meta property=\"og:title\" content=\"Wybory so\u0142tysa w Czernej - Gmina Tuplice\" \/>\n\t\t<meta property=\"og:description\" content=\"Na podstawie \u00a7 19 Statutu So\u0142ectwa Czerna w zwi\u0105zku z powstaniem wakatu na stanowisku So\u0142tysa i konieczno\u015bci\u0105 przeprowadzenia nowego wyboru so\u0142tysa W\u00f3jt Gminy Tuplice zawiadamia mieszka\u0144c\u00f3w wsi i so\u0142ectwa Czerna po\u0142o\u017conego w Gminie Tuplice o zwo\u0142aniu:II Zebrania Wiejskiego w dniu 07 lipca 2016 r.o godzinie 18:00 w \u015awietlicy Wiejskiej w CzernejHarmonogram Zebrania:1. Otwarcie Zebrania Wiejskiego2.\" \/>\n\t\t<meta property=\"og:url\" content=\"https:\/\/tuplice.pl\/index.php\/2016\/07\/01\/wybory-soltysa-w-czernej\/\" \/>\n\t\t<meta property=\"article:published_time\" content=\"2016-07-01T04:11:22+00:00\" \/>\n\t\t<meta property=\"article:modified_time\" content=\"2016-07-01T04:11:22+00:00\" \/>\n\t\t<meta property=\"article:publisher\" content=\"https:\/\/facebook.com\/Tuplicki Biuletyn Informacyjny\" \/>\n\t\t<meta name=\"twitter:card\" content=\"summary_large_image\" \/>\n\t\t<meta name=\"twitter:title\" content=\"Wybory so\u0142tysa w Czernej - Gmina Tuplice\" \/>\n\t\t<meta name=\"twitter:description\" content=\"Na podstawie \u00a7 19 Statutu So\u0142ectwa Czerna w zwi\u0105zku z powstaniem wakatu na stanowisku So\u0142tysa i konieczno\u015bci\u0105 przeprowadzenia nowego wyboru so\u0142tysa W\u00f3jt Gminy Tuplice zawiadamia mieszka\u0144c\u00f3w wsi i so\u0142ectwa Czerna po\u0142o\u017conego w Gminie Tuplice o zwo\u0142aniu:II Zebrania Wiejskiego w dniu 07 lipca 2016 r.o godzinie 18:00 w \u015awietlicy Wiejskiej w CzernejHarmonogram Zebrania:1. Otwarcie Zebrania Wiejskiego2.\" \/>\n\t\t<script type=\"application\/ld+json\" class=\"aioseo-schema\">\n\t\t\t{\"@context\":\"https:\\\/\\\/schema.org\",\"@graph\":[{\"@type\":\"BlogPosting\",\"@id\":\"https:\\\/\\\/tuplice.pl\\\/index.php\\\/2016\\\/07\\\/01\\\/wybory-soltysa-w-czernej\\\/#blogposting\",\"name\":\"Wybory so\\u0142tysa w Czernej - Gmina Tuplice\",\"headline\":\"Wybory so\\u0142tysa w Czernej\",\"author\":{\"@id\":\"https:\\\/\\\/tuplice.pl\\\/index.php\\\/author\\\/admin-2\\\/#author\"},\"publisher\":{\"@id\":\"https:\\\/\\\/tuplice.pl\\\/#organization\"},\"image\":{\"@type\":\"ImageObject\",\"url\":\"https:\\\/\\\/tuplice.pl\\\/wp-content\\\/uploads\\\/2025\\\/07\\\/images.png\",\"@id\":\"https:\\\/\\\/tuplice.pl\\\/#articleImage\",\"width\":282,\"height\":179},\"datePublished\":\"2016-07-01T06:11:22+02:00\",\"dateModified\":\"2016-07-01T06:11:22+02:00\",\"inLanguage\":\"pl-PL\",\"mainEntityOfPage\":{\"@id\":\"https:\\\/\\\/tuplice.pl\\\/index.php\\\/2016\\\/07\\\/01\\\/wybory-soltysa-w-czernej\\\/#webpage\"},\"isPartOf\":{\"@id\":\"https:\\\/\\\/tuplice.pl\\\/index.php\\\/2016\\\/07\\\/01\\\/wybory-soltysa-w-czernej\\\/#webpage\"},\"articleSection\":\"Aktualno\\u015bci\"},{\"@type\":\"BreadcrumbList\",\"@id\":\"https:\\\/\\\/tuplice.pl\\\/index.php\\\/2016\\\/07\\\/01\\\/wybory-soltysa-w-czernej\\\/#breadcrumblist\",\"itemListElement\":[{\"@type\":\"ListItem\",\"@id\":\"https:\\\/\\\/tuplice.pl#listItem\",\"position\":1,\"name\":\"Home\",\"item\":\"https:\\\/\\\/tuplice.pl\",\"nextItem\":{\"@type\":\"ListItem\",\"@id\":\"https:\\\/\\\/tuplice.pl\\\/index.php\\\/category\\\/aktualnosci\\\/#listItem\",\"name\":\"Aktualno\\u015bci\"}},{\"@type\":\"ListItem\",\"@id\":\"https:\\\/\\\/tuplice.pl\\\/index.php\\\/category\\\/aktualnosci\\\/#listItem\",\"position\":2,\"name\":\"Aktualno\\u015bci\",\"item\":\"https:\\\/\\\/tuplice.pl\\\/index.php\\\/category\\\/aktualnosci\\\/\",\"nextItem\":{\"@type\":\"ListItem\",\"@id\":\"https:\\\/\\\/tuplice.pl\\\/index.php\\\/2016\\\/07\\\/01\\\/wybory-soltysa-w-czernej\\\/#listItem\",\"name\":\"Wybory so\\u0142tysa w Czernej\"},\"previousItem\":{\"@type\":\"ListItem\",\"@id\":\"https:\\\/\\\/tuplice.pl#listItem\",\"name\":\"Home\"}},{\"@type\":\"ListItem\",\"@id\":\"https:\\\/\\\/tuplice.pl\\\/index.php\\\/2016\\\/07\\\/01\\\/wybory-soltysa-w-czernej\\\/#listItem\",\"position\":3,\"name\":\"Wybory so\\u0142tysa w Czernej\",\"previousItem\":{\"@type\":\"ListItem\",\"@id\":\"https:\\\/\\\/tuplice.pl\\\/index.php\\\/category\\\/aktualnosci\\\/#listItem\",\"name\":\"Aktualno\\u015bci\"}}]},{\"@type\":\"Organization\",\"@id\":\"https:\\\/\\\/tuplice.pl\\\/#organization\",\"name\":\"Gmina Tuplice Gmina Tuplice\",\"description\":\"Strona Gminy Tuplice Strona Urz\\u0119du Gminy Tuplice\",\"url\":\"https:\\\/\\\/tuplice.pl\\\/\",\"telephone\":\"+48683625720\",\"logo\":{\"@type\":\"ImageObject\",\"url\":\"https:\\\/\\\/tuplice.pl\\\/wp-content\\\/uploads\\\/2025\\\/07\\\/images.png\",\"@id\":\"https:\\\/\\\/tuplice.pl\\\/index.php\\\/2016\\\/07\\\/01\\\/wybory-soltysa-w-czernej\\\/#organizationLogo\",\"width\":282,\"height\":179},\"image\":{\"@id\":\"https:\\\/\\\/tuplice.pl\\\/index.php\\\/2016\\\/07\\\/01\\\/wybory-soltysa-w-czernej\\\/#organizationLogo\"},\"sameAs\":[\"https:\\\/\\\/facebook.com\\\/Tuplicki Biuletyn Informacyjny\",\"https:\\\/\\\/pinterest.com\\\/Tuplicki Biuletyn Informacyjny\",\"https:\\\/\\\/youtube.com\\\/Tuplicki Biuletyn Informacyjny\"]},{\"@type\":\"Person\",\"@id\":\"https:\\\/\\\/tuplice.pl\\\/index.php\\\/author\\\/admin-2\\\/#author\",\"url\":\"https:\\\/\\\/tuplice.pl\\\/index.php\\\/author\\\/admin-2\\\/\",\"name\":\"admin\",\"image\":{\"@type\":\"ImageObject\",\"@id\":\"https:\\\/\\\/tuplice.pl\\\/index.php\\\/2016\\\/07\\\/01\\\/wybory-soltysa-w-czernej\\\/#authorImage\",\"url\":\"https:\\\/\\\/secure.gravatar.com\\\/avatar\\\/8a55bb0a6c2b7d7d608f6e5c7d99e391?s=96&d=mm&r=g\",\"width\":96,\"height\":96,\"caption\":\"admin\"}},{\"@type\":\"WebPage\",\"@id\":\"https:\\\/\\\/tuplice.pl\\\/index.php\\\/2016\\\/07\\\/01\\\/wybory-soltysa-w-czernej\\\/#webpage\",\"url\":\"https:\\\/\\\/tuplice.pl\\\/index.php\\\/2016\\\/07\\\/01\\\/wybory-soltysa-w-czernej\\\/\",\"name\":\"Wybory so\\u0142tysa w Czernej - Gmina Tuplice\",\"description\":\"Na podstawie \\u00a7 19 Statutu So\\u0142ectwa Czerna w zwi\\u0105zku z powstaniem wakatu na stanowisku So\\u0142tysa i konieczno\\u015bci\\u0105 przeprowadzenia nowego wyboru so\\u0142tysa W\\u00f3jt Gminy Tuplice zawiadamia mieszka\\u0144c\\u00f3w wsi i so\\u0142ectwa Czerna po\\u0142o\\u017conego w Gminie Tuplice o zwo\\u0142aniu:II Zebrania Wiejskiego w dniu 07 lipca 2016 r.o godzinie 18:00 w \\u015awietlicy Wiejskiej w CzernejHarmonogram Zebrania:1. Otwarcie Zebrania Wiejskiego2.\",\"inLanguage\":\"pl-PL\",\"isPartOf\":{\"@id\":\"https:\\\/\\\/tuplice.pl\\\/#website\"},\"breadcrumb\":{\"@id\":\"https:\\\/\\\/tuplice.pl\\\/index.php\\\/2016\\\/07\\\/01\\\/wybory-soltysa-w-czernej\\\/#breadcrumblist\"},\"author\":{\"@id\":\"https:\\\/\\\/tuplice.pl\\\/index.php\\\/author\\\/admin-2\\\/#author\"},\"creator\":{\"@id\":\"https:\\\/\\\/tuplice.pl\\\/index.php\\\/author\\\/admin-2\\\/#author\"},\"datePublished\":\"2016-07-01T06:11:22+02:00\",\"dateModified\":\"2016-07-01T06:11:22+02:00\"},{\"@type\":\"WebSite\",\"@id\":\"https:\\\/\\\/tuplice.pl\\\/#website\",\"url\":\"https:\\\/\\\/tuplice.pl\\\/\",\"name\":\"Gmina Tuplice\",\"description\":\"Strona Gminy Tuplice\",\"inLanguage\":\"pl-PL\",\"publisher\":{\"@id\":\"https:\\\/\\\/tuplice.pl\\\/#organization\"}}]}\n\t\t<\/script>\n\t\t<!-- All in One SEO -->\n\n","aioseo_head_json":{"title":"Wybory so\u0142tysa w Czernej - Gmina Tuplice","description":"Na podstawie \u00a7 19 Statutu So\u0142ectwa Czerna w zwi\u0105zku z powstaniem wakatu na stanowisku So\u0142tysa i konieczno\u015bci\u0105 przeprowadzenia nowego wyboru so\u0142tysa W\u00f3jt Gminy Tuplice zawiadamia mieszka\u0144c\u00f3w wsi i so\u0142ectwa Czerna po\u0142o\u017conego w Gminie Tuplice o zwo\u0142aniu:II Zebrania Wiejskiego w dniu 07 lipca 2016 r.o godzinie 18:00 w \u015awietlicy Wiejskiej w CzernejHarmonogram Zebrania:1. Otwarcie Zebrania Wiejskiego2.","canonical_url":"https:\/\/tuplice.pl\/index.php\/2016\/07\/01\/wybory-soltysa-w-czernej\/","robots":"max-image-preview:large","keywords":"","webmasterTools":{"miscellaneous":""},"schema":{"@context":"https:\/\/schema.org","@graph":[{"@type":"BlogPosting","@id":"https:\/\/tuplice.pl\/index.php\/2016\/07\/01\/wybory-soltysa-w-czernej\/#blogposting","name":"Wybory so\u0142tysa w Czernej - Gmina Tuplice","headline":"Wybory so\u0142tysa w Czernej","author":{"@id":"https:\/\/tuplice.pl\/index.php\/author\/admin-2\/#author"},"publisher":{"@id":"https:\/\/tuplice.pl\/#organization"},"image":{"@type":"ImageObject","url":"https:\/\/tuplice.pl\/wp-content\/uploads\/2025\/07\/images.png","@id":"https:\/\/tuplice.pl\/#articleImage","width":282,"height":179},"datePublished":"2016-07-01T06:11:22+02:00","dateModified":"2016-07-01T06:11:22+02:00","inLanguage":"pl-PL","mainEntityOfPage":{"@id":"https:\/\/tuplice.pl\/index.php\/2016\/07\/01\/wybory-soltysa-w-czernej\/#webpage"},"isPartOf":{"@id":"https:\/\/tuplice.pl\/index.php\/2016\/07\/01\/wybory-soltysa-w-czernej\/#webpage"},"articleSection":"Aktualno\u015bci"},{"@type":"BreadcrumbList","@id":"https:\/\/tuplice.pl\/index.php\/2016\/07\/01\/wybory-soltysa-w-czernej\/#breadcrumblist","itemListElement":[{"@type":"ListItem","@id":"https:\/\/tuplice.pl#listItem","position":1,"name":"Home","item":"https:\/\/tuplice.pl","nextItem":{"@type":"ListItem","@id":"https:\/\/tuplice.pl\/index.php\/category\/aktualnosci\/#listItem","name":"Aktualno\u015bci"}},{"@type":"ListItem","@id":"https:\/\/tuplice.pl\/index.php\/category\/aktualnosci\/#listItem","position":2,"name":"Aktualno\u015bci","item":"https:\/\/tuplice.pl\/index.php\/category\/aktualnosci\/","nextItem":{"@type":"ListItem","@id":"https:\/\/tuplice.pl\/index.php\/2016\/07\/01\/wybory-soltysa-w-czernej\/#listItem","name":"Wybory so\u0142tysa w Czernej"},"previousItem":{"@type":"ListItem","@id":"https:\/\/tuplice.pl#listItem","name":"Home"}},{"@type":"ListItem","@id":"https:\/\/tuplice.pl\/index.php\/2016\/07\/01\/wybory-soltysa-w-czernej\/#listItem","position":3,"name":"Wybory so\u0142tysa w Czernej","previousItem":{"@type":"ListItem","@id":"https:\/\/tuplice.pl\/index.php\/category\/aktualnosci\/#listItem","name":"Aktualno\u015bci"}}]},{"@type":"Organization","@id":"https:\/\/tuplice.pl\/#organization","name":"Gmina Tuplice Gmina Tuplice","description":"Strona Gminy Tuplice Strona Urz\u0119du Gminy Tuplice","url":"https:\/\/tuplice.pl\/","telephone":"+48683625720","logo":{"@type":"ImageObject","url":"https:\/\/tuplice.pl\/wp-content\/uploads\/2025\/07\/images.png","@id":"https:\/\/tuplice.pl\/index.php\/2016\/07\/01\/wybory-soltysa-w-czernej\/#organizationLogo","width":282,"height":179},"image":{"@id":"https:\/\/tuplice.pl\/index.php\/2016\/07\/01\/wybory-soltysa-w-czernej\/#organizationLogo"},"sameAs":["https:\/\/facebook.com\/Tuplicki Biuletyn Informacyjny","https:\/\/pinterest.com\/Tuplicki Biuletyn Informacyjny","https:\/\/youtube.com\/Tuplicki Biuletyn Informacyjny"]},{"@type":"Person","@id":"https:\/\/tuplice.pl\/index.php\/author\/admin-2\/#author","url":"https:\/\/tuplice.pl\/index.php\/author\/admin-2\/","name":"admin","image":{"@type":"ImageObject","@id":"https:\/\/tuplice.pl\/index.php\/2016\/07\/01\/wybory-soltysa-w-czernej\/#authorImage","url":"https:\/\/secure.gravatar.com\/avatar\/8a55bb0a6c2b7d7d608f6e5c7d99e391?s=96&d=mm&r=g","width":96,"height":96,"caption":"admin"}},{"@type":"WebPage","@id":"https:\/\/tuplice.pl\/index.php\/2016\/07\/01\/wybory-soltysa-w-czernej\/#webpage","url":"https:\/\/tuplice.pl\/index.php\/2016\/07\/01\/wybory-soltysa-w-czernej\/","name":"Wybory so\u0142tysa w Czernej - Gmina Tuplice","description":"Na podstawie \u00a7 19 Statutu So\u0142ectwa Czerna w zwi\u0105zku z powstaniem wakatu na stanowisku So\u0142tysa i konieczno\u015bci\u0105 przeprowadzenia nowego wyboru so\u0142tysa W\u00f3jt Gminy Tuplice zawiadamia mieszka\u0144c\u00f3w wsi i so\u0142ectwa Czerna po\u0142o\u017conego w Gminie Tuplice o zwo\u0142aniu:II Zebrania Wiejskiego w dniu 07 lipca 2016 r.o godzinie 18:00 w \u015awietlicy Wiejskiej w CzernejHarmonogram Zebrania:1. Otwarcie Zebrania Wiejskiego2.","inLanguage":"pl-PL","isPartOf":{"@id":"https:\/\/tuplice.pl\/#website"},"breadcrumb":{"@id":"https:\/\/tuplice.pl\/index.php\/2016\/07\/01\/wybory-soltysa-w-czernej\/#breadcrumblist"},"author":{"@id":"https:\/\/tuplice.pl\/index.php\/author\/admin-2\/#author"},"creator":{"@id":"https:\/\/tuplice.pl\/index.php\/author\/admin-2\/#author"},"datePublished":"2016-07-01T06:11:22+02:00","dateModified":"2016-07-01T06:11:22+02:00"},{"@type":"WebSite","@id":"https:\/\/tuplice.pl\/#website","url":"https:\/\/tuplice.pl\/","name":"Gmina Tuplice","description":"Strona Gminy Tuplice","inLanguage":"pl-PL","publisher":{"@id":"https:\/\/tuplice.pl\/#organization"}}]},"og:locale":"pl_PL","og:site_name":"Gmina Tuplice - Strona Gminy Tuplice","og:type":"article","og:title":"Wybory so\u0142tysa w Czernej - Gmina Tuplice","og:description":"Na podstawie \u00a7 19 Statutu So\u0142ectwa Czerna w zwi\u0105zku z powstaniem wakatu na stanowisku So\u0142tysa i konieczno\u015bci\u0105 przeprowadzenia nowego wyboru so\u0142tysa W\u00f3jt Gminy Tuplice zawiadamia mieszka\u0144c\u00f3w wsi i so\u0142ectwa Czerna po\u0142o\u017conego w Gminie Tuplice o zwo\u0142aniu:II Zebrania Wiejskiego w dniu 07 lipca 2016 r.o godzinie 18:00 w \u015awietlicy Wiejskiej w CzernejHarmonogram Zebrania:1. Otwarcie Zebrania Wiejskiego2.","og:url":"https:\/\/tuplice.pl\/index.php\/2016\/07\/01\/wybory-soltysa-w-czernej\/","article:published_time":"2016-07-01T04:11:22+00:00","article:modified_time":"2016-07-01T04:11:22+00:00","article:publisher":"https:\/\/facebook.com\/Tuplicki Biuletyn Informacyjny","twitter:card":"summary_large_image","twitter:title":"Wybory so\u0142tysa w Czernej - Gmina Tuplice","twitter:description":"Na podstawie \u00a7 19 Statutu So\u0142ectwa Czerna w zwi\u0105zku z powstaniem wakatu na stanowisku So\u0142tysa i konieczno\u015bci\u0105 przeprowadzenia nowego wyboru so\u0142tysa W\u00f3jt Gminy Tuplice zawiadamia mieszka\u0144c\u00f3w wsi i so\u0142ectwa Czerna po\u0142o\u017conego w Gminie Tuplice o zwo\u0142aniu:II Zebrania Wiejskiego w dniu 07 lipca 2016 r.o godzinie 18:00 w \u015awietlicy Wiejskiej w CzernejHarmonogram Zebrania:1. Otwarcie Zebrania Wiejskiego2."},"aioseo_meta_data":{"post_id":"1423","title":null,"description":null,"keywords":null,"keyphrases":null,"primary_term":null,"canonical_url":null,"og_title":null,"og_description":null,"og_object_type":"default","og_image_type":"default","og_image_url":null,"og_image_width":null,"og_image_height":null,"og_image_custom_url":null,"og_image_custom_fields":null,"og_video":null,"og_custom_url":null,"og_article_section":null,"og_article_tags":null,"twitter_use_og":false,"twitter_card":"default","twitter_image_type":"default","twitter_image_url":null,"twitter_image_custom_url":null,"twitter_image_custom_fields":null,"twitter_title":null,"twitter_description":null,"schema":{"blockGraphs":[],"customGraphs":[],"default":{"data":{"Article":[],"Course":[],"Dataset":[],"FAQPage":[],"Movie":[],"Person":[],"Product":[],"ProductReview":[],"Car":[],"Recipe":[],"Service":[],"SoftwareApplication":[],"WebPage":[]},"graphName":"","isEnabled":true},"graphs":[]},"schema_type":"default","schema_type_options":null,"pillar_content":false,"robots_default":true,"robots_noindex":false,"robots_noarchive":false,"robots_nosnippet":false,"robots_nofollow":false,"robots_noimageindex":false,"robots_noodp":false,"robots_notranslate":false,"robots_max_snippet":null,"robots_max_videopreview":null,"robots_max_imagepreview":"large","priority":null,"frequency":null,"local_seo":null,"breadcrumb_settings":null,"limit_modified_date":false,"ai":null,"created":"2025-07-22 21:21:21","updated":"2025-07-22 21:21:21","seo_analyzer_scan_date":null},"aioseo_breadcrumb":"<div class=\"aioseo-breadcrumbs\"><span class=\"aioseo-breadcrumb\">\n\t\t\t<a href=\"https:\/\/tuplice.pl\" title=\"Home\">Home<\/a>\n\t\t<\/span><span class=\"aioseo-breadcrumb-separator\">&raquo;<\/span><span class=\"aioseo-breadcrumb\">\n\t\t\t<a href=\"https:\/\/tuplice.pl\/index.php\/category\/aktualnosci\/\" title=\"Aktualno\u015bci\">Aktualno\u015bci<\/a>\n\t\t<\/span><span class=\"aioseo-breadcrumb-separator\">&raquo;<\/span><span class=\"aioseo-breadcrumb\">\n\t\t\tWybory so\u0142tysa w Czernej\n\t\t<\/span><\/div>","aioseo_breadcrumb_json":[{"label":"Home","link":"https:\/\/tuplice.pl"},{"label":"Aktualno\u015bci","link":"https:\/\/tuplice.pl\/index.php\/category\/aktualnosci\/"},{"label":"Wybory so\u0142tysa w Czernej","link":"https:\/\/tuplice.pl\/index.php\/2016\/07\/01\/wybory-soltysa-w-czernej\/"}],"a3_pvc":{"activated":false,"total_views":0,"today_views":0},"_links":{"self":[{"href":"https:\/\/tuplice.pl\/index.php\/wp-json\/wp\/v2\/posts\/1423"}],"collection":[{"href":"https:\/\/tuplice.pl\/index.php\/wp-json\/wp\/v2\/posts"}],"about":[{"href":"https:\/\/tuplice.pl\/index.php\/wp-json\/wp\/v2\/types\/post"}],"author":[{"embeddable":true,"href":"https:\/\/tuplice.pl\/index.php\/wp-json\/wp\/v2\/users\/4"}],"replies":[{"embeddable":true,"href":"https:\/\/tuplice.pl\/index.php\/wp-json\/wp\/v2\/comments?post=1423"}],"version-history":[{"count":0,"href":"https:\/\/tuplice.pl\/index.php\/wp-json\/wp\/v2\/posts\/1423\/revisions"}],"wp:attachment":[{"href":"https:\/\/tuplice.pl\/index.php\/wp-json\/wp\/v2\/media?parent=1423"}],"wp:term":[{"taxonomy":"category","embeddable":true,"href":"https:\/\/tuplice.pl\/index.php\/wp-json\/wp\/v2\/categories?post=1423"},{"taxonomy":"post_tag","embeddable":true,"href":"https:\/\/tuplice.pl\/index.php\/wp-json\/wp\/v2\/tags?post=1423"}],"curies":[{"name":"wp","href":"https:\/\/api.w.org\/{rel}","templated":true}]}}