{"id":1433,"date":"2016-07-25T14:24:59","date_gmt":"2016-07-25T12:24:59","guid":{"rendered":"https:\/\/tuplice.pl\/nowy-wzor-deklaracji-o-wysokosci-oplaty-za-gospodarowanie-odpadami-komunalnymi\/"},"modified":"2016-07-25T14:24:59","modified_gmt":"2016-07-25T12:24:59","slug":"nowy-wzor-deklaracji-o-wysokosci-oplaty-za-gospodarowanie-odpadami-komunalnymi","status":"publish","type":"post","link":"https:\/\/tuplice.pl\/index.php\/2016\/07\/25\/nowy-wzor-deklaracji-o-wysokosci-oplaty-za-gospodarowanie-odpadami-komunalnymi\/","title":{"rendered":"Nowy wz\u00f3r deklaracji o wysoko\u015bci op\u0142aty za gospodarowanie odpadami komunalnymi."},"content":{"rendered":"<p>Zgodnie z uchwa\u0142\u0105 Rady Gminy Tuplice z dnia 28 czerwca 2016 r. nr XVIII\/101\/16 od 27 lipca 2016 r. obowi\u0105zuje nowy wz\u00f3r deklaracji o wysoko\u015bci op\u0142aty za gospodarowanie odpadami komunalnymi.<br \/>\u00a0 Uchwalenie nowego wzoru deklaracji o wysoko\u015bci op\u0142aty za gospodarowanie odpadami komunalnymi wynika z delegacji zawartej w ustawie z dnia 28 listopada 2014 r. o zmianie ustawy <br \/>o utrzymaniu czysto\u015bci i porz\u0105dku w gminach i niekt\u00f3rych innych ustaw.<br \/>Od 27 lipca 2016 r. w przypadku zmiany danych b\u0119d\u0105cych podstaw\u0105 okre\u015blenia innej ni\u017c w poprzednio z\u0142o\u017conej deklaracji wysoko\u015bci op\u0142aty b\u0105d\u017a w przypadku sk\u0142adania pierwszej deklaracji <br \/>o wysoko\u015bci op\u0142aty za gospodarowanie odpadami komunalnymi lub deklaracji wype\u0142nianej z powodu zmiany danych identyfikacyjnych nale\u017cy skorzysta\u0107 z nowego wzoru deklaracji.<br \/>W\u0142a\u015bcicieli nieruchomo\u015bci, kt\u00f3rzy wcze\u015bniej z\u0142o\u017cyli deklaracj\u0119 i do 27 lipca 2016 r. nie zasz\u0142y zmiany w stanie faktycznym, kt\u00f3re wymaga\u0142yby zg\u0142oszenia w formie nowego formularza (zmiany wp\u0142ywaj\u0105cej na powstanie lub ustanie obowi\u0105zku wnoszenia op\u0142aty za gospodarowanie odpadami komunalnymi, zmian\u0119 danych wskazanych w deklaracji) nie s\u0105 zobowi\u0105zani do sk\u0142adania nowej deklaracji.<\/p>\n<p><a href=\"https:\/\/tuplice.pl\/wp-content\/uploads\/2016\/07\/deklaracja2016.doc\" target=\"_blank\" rel=\"noopener noreferrer\">-wz\u00f3r deklaracji &#8211; doc<\/a><\/p>\n<p><a href=\"https:\/\/tuplice.pl\/wp-content\/uploads\/2016\/07\/deklaracja-2016.pdf\">-wz\u00f3r deklaracji &#8211; pdf<\/a><\/p>\n","protected":false},"excerpt":{"rendered":"<p>Zgodnie z uchwa\u0142\u0105 Rady Gminy Tuplice z dnia 28 czerwca 2016 r. nr XVIII\/101\/16 od 27 lipca 2016 r. obowi\u0105zuje nowy wz\u00f3r deklaracji o wysoko\u015bci op\u0142aty za gospodarowanie odpadami komunalnymi.\u00a0 Uchwalenie nowego wzoru deklaracji o wysoko\u015bci op\u0142aty za gospodarowanie odpadami komunalnymi wynika z delegacji zawartej w ustawie z dnia 28 listopada 2014 r. o zmianie [&hellip;]<\/p>\n","protected":false},"author":4,"featured_media":0,"comment_status":"closed","ping_status":"closed","sticky":false,"template":"","format":"standard","meta":{"_et_pb_use_builder":"","_et_pb_old_content":"","_et_gb_content_width":"","_monsterinsights_skip_tracking":false},"categories":[82],"tags":[],"aioseo_notices":[],"aioseo_head":"\n\t\t<!-- All in One SEO 4.9.10 - aioseo.com -->\n\t<meta name=\"description\" content=\"Zgodnie z uchwa\u0142\u0105 Rady Gminy Tuplice z dnia 28 czerwca 2016 r. nr XVIII\/101\/16 od 27 lipca 2016 r. obowi\u0105zuje nowy wz\u00f3r deklaracji o wysoko\u015bci op\u0142aty za gospodarowanie odpadami komunalnymi. Uchwalenie nowego wzoru deklaracji o wysoko\u015bci op\u0142aty za gospodarowanie odpadami komunalnymi wynika z delegacji zawartej w ustawie z dnia 28 listopada 2014 r. o zmianie\" \/>\n\t<meta name=\"robots\" content=\"max-image-preview:large\" \/>\n\t<meta name=\"author\" content=\"admin\"\/>\n\t<link rel=\"canonical\" href=\"https:\/\/tuplice.pl\/index.php\/2016\/07\/25\/nowy-wzor-deklaracji-o-wysokosci-oplaty-za-gospodarowanie-odpadami-komunalnymi\/\" \/>\n\t<meta name=\"generator\" content=\"All in One SEO (AIOSEO) 4.9.10\" \/>\n\t\t<meta property=\"og:locale\" content=\"pl_PL\" \/>\n\t\t<meta property=\"og:site_name\" content=\"Gmina Tuplice - Strona Gminy Tuplice\" \/>\n\t\t<meta property=\"og:type\" content=\"article\" \/>\n\t\t<meta property=\"og:title\" content=\"Nowy wz\u00f3r deklaracji o wysoko\u015bci op\u0142aty za gospodarowanie odpadami komunalnymi. - Gmina Tuplice\" \/>\n\t\t<meta property=\"og:description\" content=\"Zgodnie z uchwa\u0142\u0105 Rady Gminy Tuplice z dnia 28 czerwca 2016 r. nr XVIII\/101\/16 od 27 lipca 2016 r. obowi\u0105zuje nowy wz\u00f3r deklaracji o wysoko\u015bci op\u0142aty za gospodarowanie odpadami komunalnymi. Uchwalenie nowego wzoru deklaracji o wysoko\u015bci op\u0142aty za gospodarowanie odpadami komunalnymi wynika z delegacji zawartej w ustawie z dnia 28 listopada 2014 r. o zmianie\" \/>\n\t\t<meta property=\"og:url\" content=\"https:\/\/tuplice.pl\/index.php\/2016\/07\/25\/nowy-wzor-deklaracji-o-wysokosci-oplaty-za-gospodarowanie-odpadami-komunalnymi\/\" \/>\n\t\t<meta property=\"article:published_time\" content=\"2016-07-25T12:24:59+00:00\" \/>\n\t\t<meta property=\"article:modified_time\" content=\"2016-07-25T12:24:59+00:00\" \/>\n\t\t<meta property=\"article:publisher\" content=\"https:\/\/facebook.com\/Tuplicki Biuletyn Informacyjny\" \/>\n\t\t<meta name=\"twitter:card\" content=\"summary_large_image\" \/>\n\t\t<meta name=\"twitter:title\" content=\"Nowy wz\u00f3r deklaracji o wysoko\u015bci op\u0142aty za gospodarowanie odpadami komunalnymi. - Gmina Tuplice\" \/>\n\t\t<meta name=\"twitter:description\" content=\"Zgodnie z uchwa\u0142\u0105 Rady Gminy Tuplice z dnia 28 czerwca 2016 r. nr XVIII\/101\/16 od 27 lipca 2016 r. obowi\u0105zuje nowy wz\u00f3r deklaracji o wysoko\u015bci op\u0142aty za gospodarowanie odpadami komunalnymi. Uchwalenie nowego wzoru deklaracji o wysoko\u015bci op\u0142aty za gospodarowanie odpadami komunalnymi wynika z delegacji zawartej w ustawie z dnia 28 listopada 2014 r. o zmianie\" \/>\n\t\t<script type=\"application\/ld+json\" class=\"aioseo-schema\">\n\t\t\t{\"@context\":\"https:\\\/\\\/schema.org\",\"@graph\":[{\"@type\":\"BlogPosting\",\"@id\":\"https:\\\/\\\/tuplice.pl\\\/index.php\\\/2016\\\/07\\\/25\\\/nowy-wzor-deklaracji-o-wysokosci-oplaty-za-gospodarowanie-odpadami-komunalnymi\\\/#blogposting\",\"name\":\"Nowy wz\\u00f3r deklaracji o wysoko\\u015bci op\\u0142aty za gospodarowanie odpadami komunalnymi. - Gmina Tuplice\",\"headline\":\"Nowy wz\\u00f3r deklaracji o wysoko\\u015bci op\\u0142aty za gospodarowanie odpadami komunalnymi.\",\"author\":{\"@id\":\"https:\\\/\\\/tuplice.pl\\\/index.php\\\/author\\\/admin-2\\\/#author\"},\"publisher\":{\"@id\":\"https:\\\/\\\/tuplice.pl\\\/#organization\"},\"image\":{\"@type\":\"ImageObject\",\"url\":\"https:\\\/\\\/tuplice.pl\\\/wp-content\\\/uploads\\\/2025\\\/07\\\/images.png\",\"@id\":\"https:\\\/\\\/tuplice.pl\\\/#articleImage\",\"width\":282,\"height\":179},\"datePublished\":\"2016-07-25T14:24:59+02:00\",\"dateModified\":\"2016-07-25T14:24:59+02:00\",\"inLanguage\":\"pl-PL\",\"mainEntityOfPage\":{\"@id\":\"https:\\\/\\\/tuplice.pl\\\/index.php\\\/2016\\\/07\\\/25\\\/nowy-wzor-deklaracji-o-wysokosci-oplaty-za-gospodarowanie-odpadami-komunalnymi\\\/#webpage\"},\"isPartOf\":{\"@id\":\"https:\\\/\\\/tuplice.pl\\\/index.php\\\/2016\\\/07\\\/25\\\/nowy-wzor-deklaracji-o-wysokosci-oplaty-za-gospodarowanie-odpadami-komunalnymi\\\/#webpage\"},\"articleSection\":\"Aktualno\\u015bci\"},{\"@type\":\"BreadcrumbList\",\"@id\":\"https:\\\/\\\/tuplice.pl\\\/index.php\\\/2016\\\/07\\\/25\\\/nowy-wzor-deklaracji-o-wysokosci-oplaty-za-gospodarowanie-odpadami-komunalnymi\\\/#breadcrumblist\",\"itemListElement\":[{\"@type\":\"ListItem\",\"@id\":\"https:\\\/\\\/tuplice.pl#listItem\",\"position\":1,\"name\":\"Home\",\"item\":\"https:\\\/\\\/tuplice.pl\",\"nextItem\":{\"@type\":\"ListItem\",\"@id\":\"https:\\\/\\\/tuplice.pl\\\/index.php\\\/category\\\/aktualnosci\\\/#listItem\",\"name\":\"Aktualno\\u015bci\"}},{\"@type\":\"ListItem\",\"@id\":\"https:\\\/\\\/tuplice.pl\\\/index.php\\\/category\\\/aktualnosci\\\/#listItem\",\"position\":2,\"name\":\"Aktualno\\u015bci\",\"item\":\"https:\\\/\\\/tuplice.pl\\\/index.php\\\/category\\\/aktualnosci\\\/\",\"nextItem\":{\"@type\":\"ListItem\",\"@id\":\"https:\\\/\\\/tuplice.pl\\\/index.php\\\/2016\\\/07\\\/25\\\/nowy-wzor-deklaracji-o-wysokosci-oplaty-za-gospodarowanie-odpadami-komunalnymi\\\/#listItem\",\"name\":\"Nowy wz\\u00f3r deklaracji o wysoko\\u015bci op\\u0142aty za gospodarowanie odpadami komunalnymi.\"},\"previousItem\":{\"@type\":\"ListItem\",\"@id\":\"https:\\\/\\\/tuplice.pl#listItem\",\"name\":\"Home\"}},{\"@type\":\"ListItem\",\"@id\":\"https:\\\/\\\/tuplice.pl\\\/index.php\\\/2016\\\/07\\\/25\\\/nowy-wzor-deklaracji-o-wysokosci-oplaty-za-gospodarowanie-odpadami-komunalnymi\\\/#listItem\",\"position\":3,\"name\":\"Nowy wz\\u00f3r deklaracji o wysoko\\u015bci op\\u0142aty za gospodarowanie odpadami komunalnymi.\",\"previousItem\":{\"@type\":\"ListItem\",\"@id\":\"https:\\\/\\\/tuplice.pl\\\/index.php\\\/category\\\/aktualnosci\\\/#listItem\",\"name\":\"Aktualno\\u015bci\"}}]},{\"@type\":\"Organization\",\"@id\":\"https:\\\/\\\/tuplice.pl\\\/#organization\",\"name\":\"Gmina Tuplice Gmina Tuplice\",\"description\":\"Strona Gminy Tuplice Strona Urz\\u0119du Gminy Tuplice\",\"url\":\"https:\\\/\\\/tuplice.pl\\\/\",\"telephone\":\"+48683625720\",\"logo\":{\"@type\":\"ImageObject\",\"url\":\"https:\\\/\\\/tuplice.pl\\\/wp-content\\\/uploads\\\/2025\\\/07\\\/images.png\",\"@id\":\"https:\\\/\\\/tuplice.pl\\\/index.php\\\/2016\\\/07\\\/25\\\/nowy-wzor-deklaracji-o-wysokosci-oplaty-za-gospodarowanie-odpadami-komunalnymi\\\/#organizationLogo\",\"width\":282,\"height\":179},\"image\":{\"@id\":\"https:\\\/\\\/tuplice.pl\\\/index.php\\\/2016\\\/07\\\/25\\\/nowy-wzor-deklaracji-o-wysokosci-oplaty-za-gospodarowanie-odpadami-komunalnymi\\\/#organizationLogo\"},\"sameAs\":[\"https:\\\/\\\/facebook.com\\\/Tuplicki Biuletyn Informacyjny\",\"https:\\\/\\\/pinterest.com\\\/Tuplicki Biuletyn Informacyjny\",\"https:\\\/\\\/youtube.com\\\/Tuplicki Biuletyn Informacyjny\"]},{\"@type\":\"Person\",\"@id\":\"https:\\\/\\\/tuplice.pl\\\/index.php\\\/author\\\/admin-2\\\/#author\",\"url\":\"https:\\\/\\\/tuplice.pl\\\/index.php\\\/author\\\/admin-2\\\/\",\"name\":\"admin\",\"image\":{\"@type\":\"ImageObject\",\"@id\":\"https:\\\/\\\/tuplice.pl\\\/index.php\\\/2016\\\/07\\\/25\\\/nowy-wzor-deklaracji-o-wysokosci-oplaty-za-gospodarowanie-odpadami-komunalnymi\\\/#authorImage\",\"url\":\"https:\\\/\\\/secure.gravatar.com\\\/avatar\\\/8a55bb0a6c2b7d7d608f6e5c7d99e391?s=96&d=mm&r=g\",\"width\":96,\"height\":96,\"caption\":\"admin\"}},{\"@type\":\"WebPage\",\"@id\":\"https:\\\/\\\/tuplice.pl\\\/index.php\\\/2016\\\/07\\\/25\\\/nowy-wzor-deklaracji-o-wysokosci-oplaty-za-gospodarowanie-odpadami-komunalnymi\\\/#webpage\",\"url\":\"https:\\\/\\\/tuplice.pl\\\/index.php\\\/2016\\\/07\\\/25\\\/nowy-wzor-deklaracji-o-wysokosci-oplaty-za-gospodarowanie-odpadami-komunalnymi\\\/\",\"name\":\"Nowy wz\\u00f3r deklaracji o wysoko\\u015bci op\\u0142aty za gospodarowanie odpadami komunalnymi. - Gmina Tuplice\",\"description\":\"Zgodnie z uchwa\\u0142\\u0105 Rady Gminy Tuplice z dnia 28 czerwca 2016 r. nr XVIII\\\/101\\\/16 od 27 lipca 2016 r. obowi\\u0105zuje nowy wz\\u00f3r deklaracji o wysoko\\u015bci op\\u0142aty za gospodarowanie odpadami komunalnymi. Uchwalenie nowego wzoru deklaracji o wysoko\\u015bci op\\u0142aty za gospodarowanie odpadami komunalnymi wynika z delegacji zawartej w ustawie z dnia 28 listopada 2014 r. o zmianie\",\"inLanguage\":\"pl-PL\",\"isPartOf\":{\"@id\":\"https:\\\/\\\/tuplice.pl\\\/#website\"},\"breadcrumb\":{\"@id\":\"https:\\\/\\\/tuplice.pl\\\/index.php\\\/2016\\\/07\\\/25\\\/nowy-wzor-deklaracji-o-wysokosci-oplaty-za-gospodarowanie-odpadami-komunalnymi\\\/#breadcrumblist\"},\"author\":{\"@id\":\"https:\\\/\\\/tuplice.pl\\\/index.php\\\/author\\\/admin-2\\\/#author\"},\"creator\":{\"@id\":\"https:\\\/\\\/tuplice.pl\\\/index.php\\\/author\\\/admin-2\\\/#author\"},\"datePublished\":\"2016-07-25T14:24:59+02:00\",\"dateModified\":\"2016-07-25T14:24:59+02:00\"},{\"@type\":\"WebSite\",\"@id\":\"https:\\\/\\\/tuplice.pl\\\/#website\",\"url\":\"https:\\\/\\\/tuplice.pl\\\/\",\"name\":\"Gmina Tuplice\",\"description\":\"Strona Gminy Tuplice\",\"inLanguage\":\"pl-PL\",\"publisher\":{\"@id\":\"https:\\\/\\\/tuplice.pl\\\/#organization\"}}]}\n\t\t<\/script>\n\t\t<!-- All in One SEO -->\n\n","aioseo_head_json":{"title":"Nowy wz\u00f3r deklaracji o wysoko\u015bci op\u0142aty za gospodarowanie odpadami komunalnymi. - Gmina Tuplice","description":"Zgodnie z uchwa\u0142\u0105 Rady Gminy Tuplice z dnia 28 czerwca 2016 r. nr XVIII\/101\/16 od 27 lipca 2016 r. obowi\u0105zuje nowy wz\u00f3r deklaracji o wysoko\u015bci op\u0142aty za gospodarowanie odpadami komunalnymi. Uchwalenie nowego wzoru deklaracji o wysoko\u015bci op\u0142aty za gospodarowanie odpadami komunalnymi wynika z delegacji zawartej w ustawie z dnia 28 listopada 2014 r. o zmianie","canonical_url":"https:\/\/tuplice.pl\/index.php\/2016\/07\/25\/nowy-wzor-deklaracji-o-wysokosci-oplaty-za-gospodarowanie-odpadami-komunalnymi\/","robots":"max-image-preview:large","keywords":"","webmasterTools":{"miscellaneous":""},"schema":{"@context":"https:\/\/schema.org","@graph":[{"@type":"BlogPosting","@id":"https:\/\/tuplice.pl\/index.php\/2016\/07\/25\/nowy-wzor-deklaracji-o-wysokosci-oplaty-za-gospodarowanie-odpadami-komunalnymi\/#blogposting","name":"Nowy wz\u00f3r deklaracji o wysoko\u015bci op\u0142aty za gospodarowanie odpadami komunalnymi. - Gmina Tuplice","headline":"Nowy wz\u00f3r deklaracji o wysoko\u015bci op\u0142aty za gospodarowanie odpadami komunalnymi.","author":{"@id":"https:\/\/tuplice.pl\/index.php\/author\/admin-2\/#author"},"publisher":{"@id":"https:\/\/tuplice.pl\/#organization"},"image":{"@type":"ImageObject","url":"https:\/\/tuplice.pl\/wp-content\/uploads\/2025\/07\/images.png","@id":"https:\/\/tuplice.pl\/#articleImage","width":282,"height":179},"datePublished":"2016-07-25T14:24:59+02:00","dateModified":"2016-07-25T14:24:59+02:00","inLanguage":"pl-PL","mainEntityOfPage":{"@id":"https:\/\/tuplice.pl\/index.php\/2016\/07\/25\/nowy-wzor-deklaracji-o-wysokosci-oplaty-za-gospodarowanie-odpadami-komunalnymi\/#webpage"},"isPartOf":{"@id":"https:\/\/tuplice.pl\/index.php\/2016\/07\/25\/nowy-wzor-deklaracji-o-wysokosci-oplaty-za-gospodarowanie-odpadami-komunalnymi\/#webpage"},"articleSection":"Aktualno\u015bci"},{"@type":"BreadcrumbList","@id":"https:\/\/tuplice.pl\/index.php\/2016\/07\/25\/nowy-wzor-deklaracji-o-wysokosci-oplaty-za-gospodarowanie-odpadami-komunalnymi\/#breadcrumblist","itemListElement":[{"@type":"ListItem","@id":"https:\/\/tuplice.pl#listItem","position":1,"name":"Home","item":"https:\/\/tuplice.pl","nextItem":{"@type":"ListItem","@id":"https:\/\/tuplice.pl\/index.php\/category\/aktualnosci\/#listItem","name":"Aktualno\u015bci"}},{"@type":"ListItem","@id":"https:\/\/tuplice.pl\/index.php\/category\/aktualnosci\/#listItem","position":2,"name":"Aktualno\u015bci","item":"https:\/\/tuplice.pl\/index.php\/category\/aktualnosci\/","nextItem":{"@type":"ListItem","@id":"https:\/\/tuplice.pl\/index.php\/2016\/07\/25\/nowy-wzor-deklaracji-o-wysokosci-oplaty-za-gospodarowanie-odpadami-komunalnymi\/#listItem","name":"Nowy wz\u00f3r deklaracji o wysoko\u015bci op\u0142aty za gospodarowanie odpadami komunalnymi."},"previousItem":{"@type":"ListItem","@id":"https:\/\/tuplice.pl#listItem","name":"Home"}},{"@type":"ListItem","@id":"https:\/\/tuplice.pl\/index.php\/2016\/07\/25\/nowy-wzor-deklaracji-o-wysokosci-oplaty-za-gospodarowanie-odpadami-komunalnymi\/#listItem","position":3,"name":"Nowy wz\u00f3r deklaracji o wysoko\u015bci op\u0142aty za gospodarowanie odpadami komunalnymi.","previousItem":{"@type":"ListItem","@id":"https:\/\/tuplice.pl\/index.php\/category\/aktualnosci\/#listItem","name":"Aktualno\u015bci"}}]},{"@type":"Organization","@id":"https:\/\/tuplice.pl\/#organization","name":"Gmina Tuplice Gmina Tuplice","description":"Strona Gminy Tuplice Strona Urz\u0119du Gminy Tuplice","url":"https:\/\/tuplice.pl\/","telephone":"+48683625720","logo":{"@type":"ImageObject","url":"https:\/\/tuplice.pl\/wp-content\/uploads\/2025\/07\/images.png","@id":"https:\/\/tuplice.pl\/index.php\/2016\/07\/25\/nowy-wzor-deklaracji-o-wysokosci-oplaty-za-gospodarowanie-odpadami-komunalnymi\/#organizationLogo","width":282,"height":179},"image":{"@id":"https:\/\/tuplice.pl\/index.php\/2016\/07\/25\/nowy-wzor-deklaracji-o-wysokosci-oplaty-za-gospodarowanie-odpadami-komunalnymi\/#organizationLogo"},"sameAs":["https:\/\/facebook.com\/Tuplicki Biuletyn Informacyjny","https:\/\/pinterest.com\/Tuplicki Biuletyn Informacyjny","https:\/\/youtube.com\/Tuplicki Biuletyn Informacyjny"]},{"@type":"Person","@id":"https:\/\/tuplice.pl\/index.php\/author\/admin-2\/#author","url":"https:\/\/tuplice.pl\/index.php\/author\/admin-2\/","name":"admin","image":{"@type":"ImageObject","@id":"https:\/\/tuplice.pl\/index.php\/2016\/07\/25\/nowy-wzor-deklaracji-o-wysokosci-oplaty-za-gospodarowanie-odpadami-komunalnymi\/#authorImage","url":"https:\/\/secure.gravatar.com\/avatar\/8a55bb0a6c2b7d7d608f6e5c7d99e391?s=96&d=mm&r=g","width":96,"height":96,"caption":"admin"}},{"@type":"WebPage","@id":"https:\/\/tuplice.pl\/index.php\/2016\/07\/25\/nowy-wzor-deklaracji-o-wysokosci-oplaty-za-gospodarowanie-odpadami-komunalnymi\/#webpage","url":"https:\/\/tuplice.pl\/index.php\/2016\/07\/25\/nowy-wzor-deklaracji-o-wysokosci-oplaty-za-gospodarowanie-odpadami-komunalnymi\/","name":"Nowy wz\u00f3r deklaracji o wysoko\u015bci op\u0142aty za gospodarowanie odpadami komunalnymi. - Gmina Tuplice","description":"Zgodnie z uchwa\u0142\u0105 Rady Gminy Tuplice z dnia 28 czerwca 2016 r. nr XVIII\/101\/16 od 27 lipca 2016 r. obowi\u0105zuje nowy wz\u00f3r deklaracji o wysoko\u015bci op\u0142aty za gospodarowanie odpadami komunalnymi. Uchwalenie nowego wzoru deklaracji o wysoko\u015bci op\u0142aty za gospodarowanie odpadami komunalnymi wynika z delegacji zawartej w ustawie z dnia 28 listopada 2014 r. o zmianie","inLanguage":"pl-PL","isPartOf":{"@id":"https:\/\/tuplice.pl\/#website"},"breadcrumb":{"@id":"https:\/\/tuplice.pl\/index.php\/2016\/07\/25\/nowy-wzor-deklaracji-o-wysokosci-oplaty-za-gospodarowanie-odpadami-komunalnymi\/#breadcrumblist"},"author":{"@id":"https:\/\/tuplice.pl\/index.php\/author\/admin-2\/#author"},"creator":{"@id":"https:\/\/tuplice.pl\/index.php\/author\/admin-2\/#author"},"datePublished":"2016-07-25T14:24:59+02:00","dateModified":"2016-07-25T14:24:59+02:00"},{"@type":"WebSite","@id":"https:\/\/tuplice.pl\/#website","url":"https:\/\/tuplice.pl\/","name":"Gmina Tuplice","description":"Strona Gminy Tuplice","inLanguage":"pl-PL","publisher":{"@id":"https:\/\/tuplice.pl\/#organization"}}]},"og:locale":"pl_PL","og:site_name":"Gmina Tuplice - Strona Gminy Tuplice","og:type":"article","og:title":"Nowy wz\u00f3r deklaracji o wysoko\u015bci op\u0142aty za gospodarowanie odpadami komunalnymi. - Gmina Tuplice","og:description":"Zgodnie z uchwa\u0142\u0105 Rady Gminy Tuplice z dnia 28 czerwca 2016 r. nr XVIII\/101\/16 od 27 lipca 2016 r. obowi\u0105zuje nowy wz\u00f3r deklaracji o wysoko\u015bci op\u0142aty za gospodarowanie odpadami komunalnymi. Uchwalenie nowego wzoru deklaracji o wysoko\u015bci op\u0142aty za gospodarowanie odpadami komunalnymi wynika z delegacji zawartej w ustawie z dnia 28 listopada 2014 r. o zmianie","og:url":"https:\/\/tuplice.pl\/index.php\/2016\/07\/25\/nowy-wzor-deklaracji-o-wysokosci-oplaty-za-gospodarowanie-odpadami-komunalnymi\/","article:published_time":"2016-07-25T12:24:59+00:00","article:modified_time":"2016-07-25T12:24:59+00:00","article:publisher":"https:\/\/facebook.com\/Tuplicki Biuletyn Informacyjny","twitter:card":"summary_large_image","twitter:title":"Nowy wz\u00f3r deklaracji o wysoko\u015bci op\u0142aty za gospodarowanie odpadami komunalnymi. - Gmina Tuplice","twitter:description":"Zgodnie z uchwa\u0142\u0105 Rady Gminy Tuplice z dnia 28 czerwca 2016 r. nr XVIII\/101\/16 od 27 lipca 2016 r. obowi\u0105zuje nowy wz\u00f3r deklaracji o wysoko\u015bci op\u0142aty za gospodarowanie odpadami komunalnymi. Uchwalenie nowego wzoru deklaracji o wysoko\u015bci op\u0142aty za gospodarowanie odpadami komunalnymi wynika z delegacji zawartej w ustawie z dnia 28 listopada 2014 r. o zmianie"},"aioseo_meta_data":{"post_id":"1433","title":null,"description":null,"keywords":null,"keyphrases":null,"primary_term":null,"canonical_url":null,"og_title":null,"og_description":null,"og_object_type":"default","og_image_type":"default","og_image_url":null,"og_image_width":null,"og_image_height":null,"og_image_custom_url":null,"og_image_custom_fields":null,"og_video":null,"og_custom_url":null,"og_article_section":null,"og_article_tags":null,"twitter_use_og":false,"twitter_card":"default","twitter_image_type":"default","twitter_image_url":null,"twitter_image_custom_url":null,"twitter_image_custom_fields":null,"twitter_title":null,"twitter_description":null,"schema":{"blockGraphs":[],"customGraphs":[],"default":{"data":{"Article":[],"Course":[],"Dataset":[],"FAQPage":[],"Movie":[],"Person":[],"Product":[],"ProductReview":[],"Car":[],"Recipe":[],"Service":[],"SoftwareApplication":[],"WebPage":[]},"graphName":"","isEnabled":true},"graphs":[]},"schema_type":"default","schema_type_options":null,"pillar_content":false,"robots_default":true,"robots_noindex":false,"robots_noarchive":false,"robots_nosnippet":false,"robots_nofollow":false,"robots_noimageindex":false,"robots_noodp":false,"robots_notranslate":false,"robots_max_snippet":null,"robots_max_videopreview":null,"robots_max_imagepreview":"large","priority":null,"frequency":null,"local_seo":null,"breadcrumb_settings":null,"limit_modified_date":false,"ai":null,"created":"2025-07-22 21:21:21","updated":"2025-07-22 21:21:21","seo_analyzer_scan_date":null},"aioseo_breadcrumb":"<div class=\"aioseo-breadcrumbs\"><span class=\"aioseo-breadcrumb\">\n\t\t\t<a href=\"https:\/\/tuplice.pl\" title=\"Home\">Home<\/a>\n\t\t<\/span><span class=\"aioseo-breadcrumb-separator\">&raquo;<\/span><span class=\"aioseo-breadcrumb\">\n\t\t\t<a href=\"https:\/\/tuplice.pl\/index.php\/category\/aktualnosci\/\" title=\"Aktualno\u015bci\">Aktualno\u015bci<\/a>\n\t\t<\/span><span class=\"aioseo-breadcrumb-separator\">&raquo;<\/span><span class=\"aioseo-breadcrumb\">\n\t\t\tNowy wz\u00f3r deklaracji o wysoko\u015bci op\u0142aty za gospodarowanie odpadami komunalnymi.\n\t\t<\/span><\/div>","aioseo_breadcrumb_json":[{"label":"Home","link":"https:\/\/tuplice.pl"},{"label":"Aktualno\u015bci","link":"https:\/\/tuplice.pl\/index.php\/category\/aktualnosci\/"},{"label":"Nowy wz\u00f3r deklaracji o wysoko\u015bci op\u0142aty za gospodarowanie odpadami komunalnymi.","link":"https:\/\/tuplice.pl\/index.php\/2016\/07\/25\/nowy-wzor-deklaracji-o-wysokosci-oplaty-za-gospodarowanie-odpadami-komunalnymi\/"}],"a3_pvc":{"activated":false,"total_views":0,"today_views":0},"_links":{"self":[{"href":"https:\/\/tuplice.pl\/index.php\/wp-json\/wp\/v2\/posts\/1433"}],"collection":[{"href":"https:\/\/tuplice.pl\/index.php\/wp-json\/wp\/v2\/posts"}],"about":[{"href":"https:\/\/tuplice.pl\/index.php\/wp-json\/wp\/v2\/types\/post"}],"author":[{"embeddable":true,"href":"https:\/\/tuplice.pl\/index.php\/wp-json\/wp\/v2\/users\/4"}],"replies":[{"embeddable":true,"href":"https:\/\/tuplice.pl\/index.php\/wp-json\/wp\/v2\/comments?post=1433"}],"version-history":[{"count":0,"href":"https:\/\/tuplice.pl\/index.php\/wp-json\/wp\/v2\/posts\/1433\/revisions"}],"wp:attachment":[{"href":"https:\/\/tuplice.pl\/index.php\/wp-json\/wp\/v2\/media?parent=1433"}],"wp:term":[{"taxonomy":"category","embeddable":true,"href":"https:\/\/tuplice.pl\/index.php\/wp-json\/wp\/v2\/categories?post=1433"},{"taxonomy":"post_tag","embeddable":true,"href":"https:\/\/tuplice.pl\/index.php\/wp-json\/wp\/v2\/tags?post=1433"}],"curies":[{"name":"wp","href":"https:\/\/api.w.org\/{rel}","templated":true}]}}