{"id":1444,"date":"2016-07-25T06:14:17","date_gmt":"2016-07-25T04:14:17","guid":{"rendered":"https:\/\/tuplice.pl\/mpi-w-tuplicach-26-07-2016-r-2\/"},"modified":"2016-07-25T06:14:17","modified_gmt":"2016-07-25T04:14:17","slug":"mpi-w-tuplicach-26-07-2016-r-2","status":"publish","type":"post","link":"https:\/\/tuplice.pl\/index.php\/2016\/07\/25\/mpi-w-tuplicach-26-07-2016-r-2\/","title":{"rendered":"MPI w Tuplicach\u2013 26.07.2016 r."},"content":{"rendered":"<p><img decoding=\"async\" loading=\"lazy\" class=\" alignleft size-full wp-image-1443\" src=\"https:\/\/tuplice.pl\/wp-content\/uploads\/2016\/07\/punkt-informacyjny.png\" border=\"0\" width=\"246\" height=\"141\" style=\"border: 0; float: left; margin: 10px;\" \/> G\u0142\u00f3wny Punkt Informacyjny Funduszy Europejskich w\u00a0Zielonej G\u00f3rze zaprasza wszystkich zainteresowanych w\u00a0dniu 26 lipca 2016\u00a0r. na bezp\u0142atne konsultacje. Porady dotyczy\u0107 b\u0119d\u0105 mo\u017cliwo\u015bci pozyskiwania \u015brodk\u00f3w unijnych.<\/p>\n<p>B\u0119dzie to szansa do indywidualnych konsultacji ze specjalist\u0105 ds. Funduszy Europejskich z\u00a0zakresu pozyskiwania \u015brodk\u00f3w unijnych m.in. na rozpocz\u0119cie dzia\u0142alno\u015bci gospodarczej lub jej rozw\u00f3j, informacji na temat bezp\u0142atnych szkole\u0144, jak r\u00f3wnie\u017c mo\u017cliwo\u015bci dofinansowania projekt\u00f3w realizowanych przez spo\u0142eczno\u015bci lokalne. Do dyspozycji b\u0119d\u0105 r\u00f3wnie\u017c bezp\u0142atne materia\u0142y informacyjne.<\/p>\n<p>Konsultacje odb\u0119d\u0105 si\u0119 we wtorek 26 lipca 2016 r.: w godz. od 9:00 do 11:30 w Urz\u0119dzie Gminy Tuplice, ul. Mickiewicza 27 <br \/>Szczeg\u00f3\u0142owe informacje na temat konsultacji: G\u0142\u00f3wny Punkt Informacyjny\u00a0Funduszy Europejskich w Zielonej G\u00f3rze<br \/>ul. Boles\u0142awa Chrobrego 1-3-5, pok\u00f3j nr 0.3 tel. 68\u00a04565-535, -488, -480, -454, -499. e-mail: infoue@lubuskie.pl<\/p>\n<p>Serdecznie zapraszamy!<\/p>\n","protected":false},"excerpt":{"rendered":"<p>G\u0142\u00f3wny Punkt Informacyjny Funduszy Europejskich w\u00a0Zielonej G\u00f3rze zaprasza wszystkich zainteresowanych w\u00a0dniu 26 lipca 2016\u00a0r. na bezp\u0142atne konsultacje. Porady dotyczy\u0107 b\u0119d\u0105 mo\u017cliwo\u015bci pozyskiwania \u015brodk\u00f3w unijnych. B\u0119dzie to szansa do indywidualnych konsultacji ze specjalist\u0105 ds. Funduszy Europejskich z\u00a0zakresu pozyskiwania \u015brodk\u00f3w unijnych m.in. na rozpocz\u0119cie dzia\u0142alno\u015bci gospodarczej lub jej rozw\u00f3j, informacji na temat bezp\u0142atnych szkole\u0144, jak r\u00f3wnie\u017c mo\u017cliwo\u015bci [&hellip;]<\/p>\n","protected":false},"author":4,"featured_media":1442,"comment_status":"closed","ping_status":"closed","sticky":false,"template":"","format":"standard","meta":{"_et_pb_use_builder":"","_et_pb_old_content":"","_et_gb_content_width":"","_monsterinsights_skip_tracking":false},"categories":[82],"tags":[],"aioseo_notices":[],"aioseo_head":"\n\t\t<!-- All in One SEO 4.9.10 - aioseo.com -->\n\t<meta name=\"description\" content=\"G\u0142\u00f3wny Punkt Informacyjny Funduszy Europejskich w Zielonej G\u00f3rze zaprasza wszystkich zainteresowanych w dniu 26 lipca 2016 r. na bezp\u0142atne konsultacje. Porady dotyczy\u0107 b\u0119d\u0105 mo\u017cliwo\u015bci pozyskiwania \u015brodk\u00f3w unijnych.B\u0119dzie to szansa do indywidualnych konsultacji ze specjalist\u0105 ds. Funduszy Europejskich z zakresu pozyskiwania \u015brodk\u00f3w unijnych m.in. na rozpocz\u0119cie dzia\u0142alno\u015bci gospodarczej lub jej rozw\u00f3j, informacji na temat bezp\u0142atnych szkole\u0144, jak r\u00f3wnie\u017c mo\u017cliwo\u015bci dofinansowania\" \/>\n\t<meta name=\"robots\" content=\"max-image-preview:large\" \/>\n\t<meta name=\"author\" content=\"admin\"\/>\n\t<link rel=\"canonical\" href=\"https:\/\/tuplice.pl\/index.php\/2016\/07\/25\/mpi-w-tuplicach-26-07-2016-r-2\/\" \/>\n\t<meta name=\"generator\" content=\"All in One SEO (AIOSEO) 4.9.10\" \/>\n\t\t<meta property=\"og:locale\" content=\"pl_PL\" \/>\n\t\t<meta property=\"og:site_name\" content=\"Gmina Tuplice - Strona Gminy Tuplice\" \/>\n\t\t<meta property=\"og:type\" content=\"article\" \/>\n\t\t<meta property=\"og:title\" content=\"MPI w Tuplicach\u2013 26.07.2016 r. - Gmina Tuplice\" \/>\n\t\t<meta property=\"og:description\" content=\"G\u0142\u00f3wny Punkt Informacyjny Funduszy Europejskich w Zielonej G\u00f3rze zaprasza wszystkich zainteresowanych w dniu 26 lipca 2016 r. na bezp\u0142atne konsultacje. Porady dotyczy\u0107 b\u0119d\u0105 mo\u017cliwo\u015bci pozyskiwania \u015brodk\u00f3w unijnych.B\u0119dzie to szansa do indywidualnych konsultacji ze specjalist\u0105 ds. Funduszy Europejskich z zakresu pozyskiwania \u015brodk\u00f3w unijnych m.in. na rozpocz\u0119cie dzia\u0142alno\u015bci gospodarczej lub jej rozw\u00f3j, informacji na temat bezp\u0142atnych szkole\u0144, jak r\u00f3wnie\u017c mo\u017cliwo\u015bci dofinansowania\" \/>\n\t\t<meta property=\"og:url\" content=\"https:\/\/tuplice.pl\/index.php\/2016\/07\/25\/mpi-w-tuplicach-26-07-2016-r-2\/\" \/>\n\t\t<meta property=\"article:published_time\" content=\"2016-07-25T04:14:17+00:00\" \/>\n\t\t<meta property=\"article:modified_time\" content=\"2016-07-25T04:14:17+00:00\" \/>\n\t\t<meta property=\"article:publisher\" content=\"https:\/\/facebook.com\/Tuplicki Biuletyn Informacyjny\" \/>\n\t\t<meta name=\"twitter:card\" content=\"summary_large_image\" \/>\n\t\t<meta name=\"twitter:title\" content=\"MPI w Tuplicach\u2013 26.07.2016 r. - Gmina Tuplice\" \/>\n\t\t<meta name=\"twitter:description\" content=\"G\u0142\u00f3wny Punkt Informacyjny Funduszy Europejskich w Zielonej G\u00f3rze zaprasza wszystkich zainteresowanych w dniu 26 lipca 2016 r. na bezp\u0142atne konsultacje. Porady dotyczy\u0107 b\u0119d\u0105 mo\u017cliwo\u015bci pozyskiwania \u015brodk\u00f3w unijnych.B\u0119dzie to szansa do indywidualnych konsultacji ze specjalist\u0105 ds. Funduszy Europejskich z zakresu pozyskiwania \u015brodk\u00f3w unijnych m.in. na rozpocz\u0119cie dzia\u0142alno\u015bci gospodarczej lub jej rozw\u00f3j, informacji na temat bezp\u0142atnych szkole\u0144, jak r\u00f3wnie\u017c mo\u017cliwo\u015bci dofinansowania\" \/>\n\t\t<script type=\"application\/ld+json\" class=\"aioseo-schema\">\n\t\t\t{\"@context\":\"https:\\\/\\\/schema.org\",\"@graph\":[{\"@type\":\"BlogPosting\",\"@id\":\"https:\\\/\\\/tuplice.pl\\\/index.php\\\/2016\\\/07\\\/25\\\/mpi-w-tuplicach-26-07-2016-r-2\\\/#blogposting\",\"name\":\"MPI w Tuplicach\\u2013 26.07.2016 r. - Gmina Tuplice\",\"headline\":\"MPI w Tuplicach\\u2013 26.07.2016 r.\",\"author\":{\"@id\":\"https:\\\/\\\/tuplice.pl\\\/index.php\\\/author\\\/admin-2\\\/#author\"},\"publisher\":{\"@id\":\"https:\\\/\\\/tuplice.pl\\\/#organization\"},\"image\":{\"@type\":\"ImageObject\",\"url\":1442},\"datePublished\":\"2016-07-25T06:14:17+02:00\",\"dateModified\":\"2016-07-25T06:14:17+02:00\",\"inLanguage\":\"pl-PL\",\"mainEntityOfPage\":{\"@id\":\"https:\\\/\\\/tuplice.pl\\\/index.php\\\/2016\\\/07\\\/25\\\/mpi-w-tuplicach-26-07-2016-r-2\\\/#webpage\"},\"isPartOf\":{\"@id\":\"https:\\\/\\\/tuplice.pl\\\/index.php\\\/2016\\\/07\\\/25\\\/mpi-w-tuplicach-26-07-2016-r-2\\\/#webpage\"},\"articleSection\":\"Aktualno\\u015bci\"},{\"@type\":\"BreadcrumbList\",\"@id\":\"https:\\\/\\\/tuplice.pl\\\/index.php\\\/2016\\\/07\\\/25\\\/mpi-w-tuplicach-26-07-2016-r-2\\\/#breadcrumblist\",\"itemListElement\":[{\"@type\":\"ListItem\",\"@id\":\"https:\\\/\\\/tuplice.pl#listItem\",\"position\":1,\"name\":\"Home\",\"item\":\"https:\\\/\\\/tuplice.pl\",\"nextItem\":{\"@type\":\"ListItem\",\"@id\":\"https:\\\/\\\/tuplice.pl\\\/index.php\\\/category\\\/aktualnosci\\\/#listItem\",\"name\":\"Aktualno\\u015bci\"}},{\"@type\":\"ListItem\",\"@id\":\"https:\\\/\\\/tuplice.pl\\\/index.php\\\/category\\\/aktualnosci\\\/#listItem\",\"position\":2,\"name\":\"Aktualno\\u015bci\",\"item\":\"https:\\\/\\\/tuplice.pl\\\/index.php\\\/category\\\/aktualnosci\\\/\",\"nextItem\":{\"@type\":\"ListItem\",\"@id\":\"https:\\\/\\\/tuplice.pl\\\/index.php\\\/2016\\\/07\\\/25\\\/mpi-w-tuplicach-26-07-2016-r-2\\\/#listItem\",\"name\":\"MPI w Tuplicach\\u2013 26.07.2016 r.\"},\"previousItem\":{\"@type\":\"ListItem\",\"@id\":\"https:\\\/\\\/tuplice.pl#listItem\",\"name\":\"Home\"}},{\"@type\":\"ListItem\",\"@id\":\"https:\\\/\\\/tuplice.pl\\\/index.php\\\/2016\\\/07\\\/25\\\/mpi-w-tuplicach-26-07-2016-r-2\\\/#listItem\",\"position\":3,\"name\":\"MPI w Tuplicach\\u2013 26.07.2016 r.\",\"previousItem\":{\"@type\":\"ListItem\",\"@id\":\"https:\\\/\\\/tuplice.pl\\\/index.php\\\/category\\\/aktualnosci\\\/#listItem\",\"name\":\"Aktualno\\u015bci\"}}]},{\"@type\":\"Organization\",\"@id\":\"https:\\\/\\\/tuplice.pl\\\/#organization\",\"name\":\"Gmina Tuplice Gmina Tuplice\",\"description\":\"Strona Gminy Tuplice Strona Urz\\u0119du Gminy Tuplice\",\"url\":\"https:\\\/\\\/tuplice.pl\\\/\",\"telephone\":\"+48683625720\",\"logo\":{\"@type\":\"ImageObject\",\"url\":\"https:\\\/\\\/tuplice.pl\\\/wp-content\\\/uploads\\\/2025\\\/07\\\/images.png\",\"@id\":\"https:\\\/\\\/tuplice.pl\\\/index.php\\\/2016\\\/07\\\/25\\\/mpi-w-tuplicach-26-07-2016-r-2\\\/#organizationLogo\",\"width\":282,\"height\":179},\"image\":{\"@id\":\"https:\\\/\\\/tuplice.pl\\\/index.php\\\/2016\\\/07\\\/25\\\/mpi-w-tuplicach-26-07-2016-r-2\\\/#organizationLogo\"},\"sameAs\":[\"https:\\\/\\\/facebook.com\\\/Tuplicki Biuletyn Informacyjny\",\"https:\\\/\\\/pinterest.com\\\/Tuplicki Biuletyn Informacyjny\",\"https:\\\/\\\/youtube.com\\\/Tuplicki Biuletyn Informacyjny\"]},{\"@type\":\"Person\",\"@id\":\"https:\\\/\\\/tuplice.pl\\\/index.php\\\/author\\\/admin-2\\\/#author\",\"url\":\"https:\\\/\\\/tuplice.pl\\\/index.php\\\/author\\\/admin-2\\\/\",\"name\":\"admin\",\"image\":{\"@type\":\"ImageObject\",\"@id\":\"https:\\\/\\\/tuplice.pl\\\/index.php\\\/2016\\\/07\\\/25\\\/mpi-w-tuplicach-26-07-2016-r-2\\\/#authorImage\",\"url\":\"https:\\\/\\\/secure.gravatar.com\\\/avatar\\\/8a55bb0a6c2b7d7d608f6e5c7d99e391?s=96&d=mm&r=g\",\"width\":96,\"height\":96,\"caption\":\"admin\"}},{\"@type\":\"WebPage\",\"@id\":\"https:\\\/\\\/tuplice.pl\\\/index.php\\\/2016\\\/07\\\/25\\\/mpi-w-tuplicach-26-07-2016-r-2\\\/#webpage\",\"url\":\"https:\\\/\\\/tuplice.pl\\\/index.php\\\/2016\\\/07\\\/25\\\/mpi-w-tuplicach-26-07-2016-r-2\\\/\",\"name\":\"MPI w Tuplicach\\u2013 26.07.2016 r. - Gmina Tuplice\",\"description\":\"G\\u0142\\u00f3wny Punkt Informacyjny Funduszy Europejskich w Zielonej G\\u00f3rze zaprasza wszystkich zainteresowanych w dniu 26 lipca 2016 r. na bezp\\u0142atne konsultacje. Porady dotyczy\\u0107 b\\u0119d\\u0105 mo\\u017cliwo\\u015bci pozyskiwania \\u015brodk\\u00f3w unijnych.B\\u0119dzie to szansa do indywidualnych konsultacji ze specjalist\\u0105 ds. Funduszy Europejskich z zakresu pozyskiwania \\u015brodk\\u00f3w unijnych m.in. na rozpocz\\u0119cie dzia\\u0142alno\\u015bci gospodarczej lub jej rozw\\u00f3j, informacji na temat bezp\\u0142atnych szkole\\u0144, jak r\\u00f3wnie\\u017c mo\\u017cliwo\\u015bci dofinansowania\",\"inLanguage\":\"pl-PL\",\"isPartOf\":{\"@id\":\"https:\\\/\\\/tuplice.pl\\\/#website\"},\"breadcrumb\":{\"@id\":\"https:\\\/\\\/tuplice.pl\\\/index.php\\\/2016\\\/07\\\/25\\\/mpi-w-tuplicach-26-07-2016-r-2\\\/#breadcrumblist\"},\"author\":{\"@id\":\"https:\\\/\\\/tuplice.pl\\\/index.php\\\/author\\\/admin-2\\\/#author\"},\"creator\":{\"@id\":\"https:\\\/\\\/tuplice.pl\\\/index.php\\\/author\\\/admin-2\\\/#author\"},\"image\":{\"@type\":\"ImageObject\",\"url\":1442,\"@id\":\"https:\\\/\\\/tuplice.pl\\\/index.php\\\/2016\\\/07\\\/25\\\/mpi-w-tuplicach-26-07-2016-r-2\\\/#mainImage\"},\"primaryImageOfPage\":{\"@id\":\"https:\\\/\\\/tuplice.pl\\\/index.php\\\/2016\\\/07\\\/25\\\/mpi-w-tuplicach-26-07-2016-r-2\\\/#mainImage\"},\"datePublished\":\"2016-07-25T06:14:17+02:00\",\"dateModified\":\"2016-07-25T06:14:17+02:00\"},{\"@type\":\"WebSite\",\"@id\":\"https:\\\/\\\/tuplice.pl\\\/#website\",\"url\":\"https:\\\/\\\/tuplice.pl\\\/\",\"name\":\"Gmina Tuplice\",\"description\":\"Strona Gminy Tuplice\",\"inLanguage\":\"pl-PL\",\"publisher\":{\"@id\":\"https:\\\/\\\/tuplice.pl\\\/#organization\"}}]}\n\t\t<\/script>\n\t\t<!-- All in One SEO -->\n\n","aioseo_head_json":{"title":"MPI w Tuplicach\u2013 26.07.2016 r. - Gmina Tuplice","description":"G\u0142\u00f3wny Punkt Informacyjny Funduszy Europejskich w Zielonej G\u00f3rze zaprasza wszystkich zainteresowanych w dniu 26 lipca 2016 r. na bezp\u0142atne konsultacje. Porady dotyczy\u0107 b\u0119d\u0105 mo\u017cliwo\u015bci pozyskiwania \u015brodk\u00f3w unijnych.B\u0119dzie to szansa do indywidualnych konsultacji ze specjalist\u0105 ds. Funduszy Europejskich z zakresu pozyskiwania \u015brodk\u00f3w unijnych m.in. na rozpocz\u0119cie dzia\u0142alno\u015bci gospodarczej lub jej rozw\u00f3j, informacji na temat bezp\u0142atnych szkole\u0144, jak r\u00f3wnie\u017c mo\u017cliwo\u015bci dofinansowania","canonical_url":"https:\/\/tuplice.pl\/index.php\/2016\/07\/25\/mpi-w-tuplicach-26-07-2016-r-2\/","robots":"max-image-preview:large","keywords":"","webmasterTools":{"miscellaneous":""},"schema":{"@context":"https:\/\/schema.org","@graph":[{"@type":"BlogPosting","@id":"https:\/\/tuplice.pl\/index.php\/2016\/07\/25\/mpi-w-tuplicach-26-07-2016-r-2\/#blogposting","name":"MPI w Tuplicach\u2013 26.07.2016 r. - Gmina Tuplice","headline":"MPI w Tuplicach\u2013 26.07.2016 r.","author":{"@id":"https:\/\/tuplice.pl\/index.php\/author\/admin-2\/#author"},"publisher":{"@id":"https:\/\/tuplice.pl\/#organization"},"image":{"@type":"ImageObject","url":1442},"datePublished":"2016-07-25T06:14:17+02:00","dateModified":"2016-07-25T06:14:17+02:00","inLanguage":"pl-PL","mainEntityOfPage":{"@id":"https:\/\/tuplice.pl\/index.php\/2016\/07\/25\/mpi-w-tuplicach-26-07-2016-r-2\/#webpage"},"isPartOf":{"@id":"https:\/\/tuplice.pl\/index.php\/2016\/07\/25\/mpi-w-tuplicach-26-07-2016-r-2\/#webpage"},"articleSection":"Aktualno\u015bci"},{"@type":"BreadcrumbList","@id":"https:\/\/tuplice.pl\/index.php\/2016\/07\/25\/mpi-w-tuplicach-26-07-2016-r-2\/#breadcrumblist","itemListElement":[{"@type":"ListItem","@id":"https:\/\/tuplice.pl#listItem","position":1,"name":"Home","item":"https:\/\/tuplice.pl","nextItem":{"@type":"ListItem","@id":"https:\/\/tuplice.pl\/index.php\/category\/aktualnosci\/#listItem","name":"Aktualno\u015bci"}},{"@type":"ListItem","@id":"https:\/\/tuplice.pl\/index.php\/category\/aktualnosci\/#listItem","position":2,"name":"Aktualno\u015bci","item":"https:\/\/tuplice.pl\/index.php\/category\/aktualnosci\/","nextItem":{"@type":"ListItem","@id":"https:\/\/tuplice.pl\/index.php\/2016\/07\/25\/mpi-w-tuplicach-26-07-2016-r-2\/#listItem","name":"MPI w Tuplicach\u2013 26.07.2016 r."},"previousItem":{"@type":"ListItem","@id":"https:\/\/tuplice.pl#listItem","name":"Home"}},{"@type":"ListItem","@id":"https:\/\/tuplice.pl\/index.php\/2016\/07\/25\/mpi-w-tuplicach-26-07-2016-r-2\/#listItem","position":3,"name":"MPI w Tuplicach\u2013 26.07.2016 r.","previousItem":{"@type":"ListItem","@id":"https:\/\/tuplice.pl\/index.php\/category\/aktualnosci\/#listItem","name":"Aktualno\u015bci"}}]},{"@type":"Organization","@id":"https:\/\/tuplice.pl\/#organization","name":"Gmina Tuplice Gmina Tuplice","description":"Strona Gminy Tuplice Strona Urz\u0119du Gminy Tuplice","url":"https:\/\/tuplice.pl\/","telephone":"+48683625720","logo":{"@type":"ImageObject","url":"https:\/\/tuplice.pl\/wp-content\/uploads\/2025\/07\/images.png","@id":"https:\/\/tuplice.pl\/index.php\/2016\/07\/25\/mpi-w-tuplicach-26-07-2016-r-2\/#organizationLogo","width":282,"height":179},"image":{"@id":"https:\/\/tuplice.pl\/index.php\/2016\/07\/25\/mpi-w-tuplicach-26-07-2016-r-2\/#organizationLogo"},"sameAs":["https:\/\/facebook.com\/Tuplicki Biuletyn Informacyjny","https:\/\/pinterest.com\/Tuplicki Biuletyn Informacyjny","https:\/\/youtube.com\/Tuplicki Biuletyn Informacyjny"]},{"@type":"Person","@id":"https:\/\/tuplice.pl\/index.php\/author\/admin-2\/#author","url":"https:\/\/tuplice.pl\/index.php\/author\/admin-2\/","name":"admin","image":{"@type":"ImageObject","@id":"https:\/\/tuplice.pl\/index.php\/2016\/07\/25\/mpi-w-tuplicach-26-07-2016-r-2\/#authorImage","url":"https:\/\/secure.gravatar.com\/avatar\/8a55bb0a6c2b7d7d608f6e5c7d99e391?s=96&d=mm&r=g","width":96,"height":96,"caption":"admin"}},{"@type":"WebPage","@id":"https:\/\/tuplice.pl\/index.php\/2016\/07\/25\/mpi-w-tuplicach-26-07-2016-r-2\/#webpage","url":"https:\/\/tuplice.pl\/index.php\/2016\/07\/25\/mpi-w-tuplicach-26-07-2016-r-2\/","name":"MPI w Tuplicach\u2013 26.07.2016 r. - Gmina Tuplice","description":"G\u0142\u00f3wny Punkt Informacyjny Funduszy Europejskich w Zielonej G\u00f3rze zaprasza wszystkich zainteresowanych w dniu 26 lipca 2016 r. na bezp\u0142atne konsultacje. Porady dotyczy\u0107 b\u0119d\u0105 mo\u017cliwo\u015bci pozyskiwania \u015brodk\u00f3w unijnych.B\u0119dzie to szansa do indywidualnych konsultacji ze specjalist\u0105 ds. Funduszy Europejskich z zakresu pozyskiwania \u015brodk\u00f3w unijnych m.in. na rozpocz\u0119cie dzia\u0142alno\u015bci gospodarczej lub jej rozw\u00f3j, informacji na temat bezp\u0142atnych szkole\u0144, jak r\u00f3wnie\u017c mo\u017cliwo\u015bci dofinansowania","inLanguage":"pl-PL","isPartOf":{"@id":"https:\/\/tuplice.pl\/#website"},"breadcrumb":{"@id":"https:\/\/tuplice.pl\/index.php\/2016\/07\/25\/mpi-w-tuplicach-26-07-2016-r-2\/#breadcrumblist"},"author":{"@id":"https:\/\/tuplice.pl\/index.php\/author\/admin-2\/#author"},"creator":{"@id":"https:\/\/tuplice.pl\/index.php\/author\/admin-2\/#author"},"image":{"@type":"ImageObject","url":1442,"@id":"https:\/\/tuplice.pl\/index.php\/2016\/07\/25\/mpi-w-tuplicach-26-07-2016-r-2\/#mainImage"},"primaryImageOfPage":{"@id":"https:\/\/tuplice.pl\/index.php\/2016\/07\/25\/mpi-w-tuplicach-26-07-2016-r-2\/#mainImage"},"datePublished":"2016-07-25T06:14:17+02:00","dateModified":"2016-07-25T06:14:17+02:00"},{"@type":"WebSite","@id":"https:\/\/tuplice.pl\/#website","url":"https:\/\/tuplice.pl\/","name":"Gmina Tuplice","description":"Strona Gminy Tuplice","inLanguage":"pl-PL","publisher":{"@id":"https:\/\/tuplice.pl\/#organization"}}]},"og:locale":"pl_PL","og:site_name":"Gmina Tuplice - Strona Gminy Tuplice","og:type":"article","og:title":"MPI w Tuplicach\u2013 26.07.2016 r. - Gmina Tuplice","og:description":"G\u0142\u00f3wny Punkt Informacyjny Funduszy Europejskich w Zielonej G\u00f3rze zaprasza wszystkich zainteresowanych w dniu 26 lipca 2016 r. na bezp\u0142atne konsultacje. Porady dotyczy\u0107 b\u0119d\u0105 mo\u017cliwo\u015bci pozyskiwania \u015brodk\u00f3w unijnych.B\u0119dzie to szansa do indywidualnych konsultacji ze specjalist\u0105 ds. Funduszy Europejskich z zakresu pozyskiwania \u015brodk\u00f3w unijnych m.in. na rozpocz\u0119cie dzia\u0142alno\u015bci gospodarczej lub jej rozw\u00f3j, informacji na temat bezp\u0142atnych szkole\u0144, jak r\u00f3wnie\u017c mo\u017cliwo\u015bci dofinansowania","og:url":"https:\/\/tuplice.pl\/index.php\/2016\/07\/25\/mpi-w-tuplicach-26-07-2016-r-2\/","article:published_time":"2016-07-25T04:14:17+00:00","article:modified_time":"2016-07-25T04:14:17+00:00","article:publisher":"https:\/\/facebook.com\/Tuplicki Biuletyn Informacyjny","twitter:card":"summary_large_image","twitter:title":"MPI w Tuplicach\u2013 26.07.2016 r. - Gmina Tuplice","twitter:description":"G\u0142\u00f3wny Punkt Informacyjny Funduszy Europejskich w Zielonej G\u00f3rze zaprasza wszystkich zainteresowanych w dniu 26 lipca 2016 r. na bezp\u0142atne konsultacje. Porady dotyczy\u0107 b\u0119d\u0105 mo\u017cliwo\u015bci pozyskiwania \u015brodk\u00f3w unijnych.B\u0119dzie to szansa do indywidualnych konsultacji ze specjalist\u0105 ds. Funduszy Europejskich z zakresu pozyskiwania \u015brodk\u00f3w unijnych m.in. na rozpocz\u0119cie dzia\u0142alno\u015bci gospodarczej lub jej rozw\u00f3j, informacji na temat bezp\u0142atnych szkole\u0144, jak r\u00f3wnie\u017c mo\u017cliwo\u015bci dofinansowania"},"aioseo_meta_data":{"post_id":"1444","title":null,"description":null,"keywords":null,"keyphrases":null,"primary_term":null,"canonical_url":null,"og_title":null,"og_description":null,"og_object_type":"default","og_image_type":"default","og_image_url":null,"og_image_width":null,"og_image_height":null,"og_image_custom_url":null,"og_image_custom_fields":null,"og_video":null,"og_custom_url":null,"og_article_section":null,"og_article_tags":null,"twitter_use_og":false,"twitter_card":"default","twitter_image_type":"default","twitter_image_url":null,"twitter_image_custom_url":null,"twitter_image_custom_fields":null,"twitter_title":null,"twitter_description":null,"schema":{"blockGraphs":[],"customGraphs":[],"default":{"data":{"Article":[],"Course":[],"Dataset":[],"FAQPage":[],"Movie":[],"Person":[],"Product":[],"ProductReview":[],"Car":[],"Recipe":[],"Service":[],"SoftwareApplication":[],"WebPage":[]},"graphName":"","isEnabled":true},"graphs":[]},"schema_type":"default","schema_type_options":null,"pillar_content":false,"robots_default":true,"robots_noindex":false,"robots_noarchive":false,"robots_nosnippet":false,"robots_nofollow":false,"robots_noimageindex":false,"robots_noodp":false,"robots_notranslate":false,"robots_max_snippet":null,"robots_max_videopreview":null,"robots_max_imagepreview":"large","priority":null,"frequency":null,"local_seo":null,"breadcrumb_settings":null,"limit_modified_date":false,"ai":null,"created":"2025-07-22 21:21:21","updated":"2025-07-22 21:21:21","seo_analyzer_scan_date":null},"aioseo_breadcrumb":"<div class=\"aioseo-breadcrumbs\"><span class=\"aioseo-breadcrumb\">\n\t\t\t<a href=\"https:\/\/tuplice.pl\" title=\"Home\">Home<\/a>\n\t\t<\/span><span class=\"aioseo-breadcrumb-separator\">&raquo;<\/span><span class=\"aioseo-breadcrumb\">\n\t\t\t<a href=\"https:\/\/tuplice.pl\/index.php\/category\/aktualnosci\/\" title=\"Aktualno\u015bci\">Aktualno\u015bci<\/a>\n\t\t<\/span><span class=\"aioseo-breadcrumb-separator\">&raquo;<\/span><span class=\"aioseo-breadcrumb\">\n\t\t\tMPI w Tuplicach\u2013 26.07.2016 r.\n\t\t<\/span><\/div>","aioseo_breadcrumb_json":[{"label":"Home","link":"https:\/\/tuplice.pl"},{"label":"Aktualno\u015bci","link":"https:\/\/tuplice.pl\/index.php\/category\/aktualnosci\/"},{"label":"MPI w Tuplicach\u2013 26.07.2016 r.","link":"https:\/\/tuplice.pl\/index.php\/2016\/07\/25\/mpi-w-tuplicach-26-07-2016-r-2\/"}],"a3_pvc":{"activated":false,"total_views":0,"today_views":0},"_links":{"self":[{"href":"https:\/\/tuplice.pl\/index.php\/wp-json\/wp\/v2\/posts\/1444"}],"collection":[{"href":"https:\/\/tuplice.pl\/index.php\/wp-json\/wp\/v2\/posts"}],"about":[{"href":"https:\/\/tuplice.pl\/index.php\/wp-json\/wp\/v2\/types\/post"}],"author":[{"embeddable":true,"href":"https:\/\/tuplice.pl\/index.php\/wp-json\/wp\/v2\/users\/4"}],"replies":[{"embeddable":true,"href":"https:\/\/tuplice.pl\/index.php\/wp-json\/wp\/v2\/comments?post=1444"}],"version-history":[{"count":0,"href":"https:\/\/tuplice.pl\/index.php\/wp-json\/wp\/v2\/posts\/1444\/revisions"}],"wp:featuredmedia":[{"embeddable":true,"href":"https:\/\/tuplice.pl\/index.php\/wp-json\/"}],"wp:attachment":[{"href":"https:\/\/tuplice.pl\/index.php\/wp-json\/wp\/v2\/media?parent=1444"}],"wp:term":[{"taxonomy":"category","embeddable":true,"href":"https:\/\/tuplice.pl\/index.php\/wp-json\/wp\/v2\/categories?post=1444"},{"taxonomy":"post_tag","embeddable":true,"href":"https:\/\/tuplice.pl\/index.php\/wp-json\/wp\/v2\/tags?post=1444"}],"curies":[{"name":"wp","href":"https:\/\/api.w.org\/{rel}","templated":true}]}}