{"id":1474,"date":"2016-09-16T08:00:53","date_gmt":"2016-09-16T06:00:53","guid":{"rendered":"https:\/\/tuplice.pl\/komunikat-prezesa-krajowej-izby-kominiarzy-2\/"},"modified":"2016-09-16T08:00:53","modified_gmt":"2016-09-16T06:00:53","slug":"komunikat-prezesa-krajowej-izby-kominiarzy-2","status":"publish","type":"post","link":"https:\/\/tuplice.pl\/index.php\/2016\/09\/16\/komunikat-prezesa-krajowej-izby-kominiarzy-2\/","title":{"rendered":"Komunikat Prezesa Krajowej Izby Kominiarzy"},"content":{"rendered":"<p>Przypominam w\u0142a\u015bcicielom i zarz\u0105dcom budynk\u00f3w o obowi\u0105zkach zwi\u0105zanych z bezpiecznym u\u017cytkowaniem przewod\u00f3w kominowych.<br \/> Komin b\u0119d\u0105cy bardzo istotnym elementem budynku, chocia\u017c zajmuj\u0105cym tylko niewielk\u0105 jego powierzchni\u0119, mo\u017ce te\u017c by\u0107 niezwykle gro\u017any. Szczeg\u00f3lnie w przypadku po\u017caru sadzy w nieczyszczonym, \u017ale eksploatowanym kominie. Temperatura pal\u0105cej si\u0119 sadzy przekracza w\u00f3wczas nawet 1000 stopni Celsjusza! A taki stan jest wielkim zagro\u017ceniem dla mieszka\u0144c\u00f3w.<\/p>\n<p>Pa\u0144stwowa Stra\u017c Po\u017carna ka\u017cdego roku odnotowuje kilkana\u015bcie tysi\u0119cy po\u017car\u00f3w spowodowanych wadami lub nieprawid\u0142ow\u0105 eksploatacj\u0105 urz\u0105dze\u0144 ogrzewczych.<\/p>\n<p>W roku 2015 odnotowano 11.830 po\u017car\u00f3w od urz\u0105dze\u0144 ogrzewczych na paliwa sta\u0142e, 182 po\u017cary od urz\u0105dze\u0144 na paliwa ciek\u0142e i 596 po\u017car\u00f3w od urz\u0105dze\u0144 na paliwa gazowe.<\/p>\n<p>  <!--more-->  <\/p>\n<p>\u00a0<\/p>\n<p>Opr\u00f3cz po\u017car\u00f3w, nieprawid\u0142owa eksploatacja przewod\u00f3w kominowych grozi tak\u017ce zatruciem tlenkiem w\u0119gla, popularnie zwanym czadem. W sezonie ogrzewczym od 1 wrze\u015bnia 2015 do 31 marca 2016 Pa\u0144stwowa Sta\u017c Po\u017carna odnotowa\u0142a 3878 zdarze\u0144 zwi\u0105zanych z tlenkiem w\u0119gla, w tym 2229 os\u00f3b poszkodowanych<br \/> i 50 ofiar \u015bmiertelnych.<\/p>\n<p>Krajowa Izba Kominiarzy popiera kampani\u0119 prewencyjn\u0105 NIE DLA CZADU prowadzon\u0105 od kilku lat przez Pa\u0144stwow\u0105 Stra\u017c Po\u017carn\u0105.<br \/> Kominy: instalacj\u0119 dymow\u0105, spalinow\u0105 oraz wentylacyjn\u0105 nale\u017cy poddawa\u0107 okresowej kontroli, oraz czyszczeniu przez uprawnionego kominiarza. Profesjonalna kontrola kominiarska to nie tylko formalno\u015b\u0107, lecz g\u0142\u00f3wna zasada bezpiecze\u0144stwa, zapobiega zaczadzeniom, po\u017carom, spe\u0142niaj\u0105c jeden z podstawowych warunk\u00f3w ubezpieczenia domu.<\/p>\n<p>Krajowa Izba Kominiarzy prowadzi akcj\u0119 spo\u0142eczn\u0105 ZAPRO\u015a KOMINIARZA! Ustawa Prawo budowlane stanowi, \u017ce w\u0142a\u015bciciel \u2013 zarz\u0105dca budynku jest zobowi\u0105zany co najmniej 1 raz w roku zleci\u0107 przeprowadzenie kontroli okresowej kontroli stanu technicznego przewod\u00f3w kominowych (dymowych, spalinowych i wentylacyjnych) osobie posiadaj\u0105cej odpowiednie uprawnienia \u2013 mistrza kominiarskiego.<\/p>\n<p>W przypadku stwierdzenia uszkodze\u0144 lub brak\u00f3w w\u0142a\u015bciciel, zarz\u0105dca lub u\u017cytkownik budynku s\u0105 obowi\u0105zani w czasie lub bezpo\u015brednio po przeprowadzonej kontroli, usun\u0105\u0107 stwierdzone uszkodzenia oraz uzupe\u0142ni\u0107 braki, kt\u00f3re mog\u0142yby spowodowa\u0107 zagro\u017cenie \u017cycia lub zdrowia ludzi, bezpiecze\u0144stwa mienia b\u0105d\u017a \u015brodowiska, a w szczeg\u00f3lno\u015bci katastrof\u0119 budowlan\u0105, po\u017car, wybuch, pora\u017cenie pr\u0105dem elektrycznym albo zatrucie gazem.<\/p>\n<p>Regularne usuwanie zanieczyszcze\u0144 z przewod\u00f3w kominowych przez wykwalifikowanego kominiarza zabezpiecza przed powstaniem po\u017caru sadzy w kominie. Przepisy przeciwpo\u017carowe nakazuj\u0105 w obiektach lub ich cz\u0119\u015bciach, w kt\u00f3rych odbywa si\u0119 proces spalania paliwa sta\u0142ego, ciek\u0142ego lub gazowego, obowi\u0105zkowe usuwanie<br \/> zanieczyszcze\u0144 z przewod\u00f3w dymowych i spalinowych w nast\u0119puj\u0105cych terminach:<br \/> 1) od palenisk zak\u0142ad\u00f3w zbiorowego \u017cywienia i us\u0142ug gastronomicznych \u2014 co najmniej raz w miesi\u0105cu, je\u017celi przepisy miejscowe nie stanowi\u0105 inaczej;<br \/> 2) od palenisk opalanych paliwem sta\u0142ym niewymienionych w pkt 1 \u2014 co najmniej raz na 3 miesi\u0105ce;<br \/> 3) od palenisk opalanych paliwem p\u0142ynnym i gazowym niewymienionych w pkt 1 \u2014 co najmniej raz na 6 miesi\u0119cy.<br \/> 4) z przewod\u00f3w wentylacyjnych co najmniej raz w roku, je\u017celi wi\u0119ksza cz\u0119stotliwo\u015b\u0107 nie wynika z warunk\u00f3w u\u017cytkowych.<\/p>\n<p>W przypadku po\u017caru lub zaczadzenia brak dokumentacji terminowego czyszczenia i kontroli komin\u00f3w mo\u017ce stanowi\u0107 podstaw\u0119 odmowy wyp\u0142aty odszkodowania przez firm\u0119 ubezpieczeniow\u0105.<\/p>\n","protected":false},"excerpt":{"rendered":"<p>Przypominam w\u0142a\u015bcicielom i zarz\u0105dcom budynk\u00f3w o obowi\u0105zkach zwi\u0105zanych z bezpiecznym u\u017cytkowaniem przewod\u00f3w kominowych. Komin b\u0119d\u0105cy bardzo istotnym elementem budynku, chocia\u017c zajmuj\u0105cym tylko niewielk\u0105 jego powierzchni\u0119, mo\u017ce te\u017c by\u0107 niezwykle gro\u017any. Szczeg\u00f3lnie w przypadku po\u017caru sadzy w nieczyszczonym, \u017ale eksploatowanym kominie. Temperatura pal\u0105cej si\u0119 sadzy przekracza w\u00f3wczas nawet 1000 stopni Celsjusza! A taki stan jest wielkim [&hellip;]<\/p>\n","protected":false},"author":4,"featured_media":0,"comment_status":"closed","ping_status":"closed","sticky":false,"template":"","format":"standard","meta":{"_et_pb_use_builder":"","_et_pb_old_content":"","_et_gb_content_width":"","_monsterinsights_skip_tracking":false},"categories":[82],"tags":[],"aioseo_notices":[],"aioseo_head":"\n\t\t<!-- All in One SEO 4.9.10 - aioseo.com -->\n\t<meta name=\"description\" content=\"Przypominam w\u0142a\u015bcicielom i zarz\u0105dcom budynk\u00f3w o obowi\u0105zkach zwi\u0105zanych z bezpiecznym u\u017cytkowaniem przewod\u00f3w kominowych. Komin b\u0119d\u0105cy bardzo istotnym elementem budynku, chocia\u017c zajmuj\u0105cym tylko niewielk\u0105 jego powierzchni\u0119, mo\u017ce te\u017c by\u0107 niezwykle gro\u017any. Szczeg\u00f3lnie w przypadku po\u017caru sadzy w nieczyszczonym, \u017ale eksploatowanym kominie. Temperatura pal\u0105cej si\u0119 sadzy przekracza w\u00f3wczas nawet 1000 stopni Celsjusza! A taki stan jest wielkim\" \/>\n\t<meta name=\"robots\" content=\"max-image-preview:large\" \/>\n\t<meta name=\"author\" content=\"admin\"\/>\n\t<link rel=\"canonical\" href=\"https:\/\/tuplice.pl\/index.php\/2016\/09\/16\/komunikat-prezesa-krajowej-izby-kominiarzy-2\/\" \/>\n\t<meta name=\"generator\" content=\"All in One SEO (AIOSEO) 4.9.10\" \/>\n\t\t<meta property=\"og:locale\" content=\"pl_PL\" \/>\n\t\t<meta property=\"og:site_name\" content=\"Gmina Tuplice - Strona Gminy Tuplice\" \/>\n\t\t<meta property=\"og:type\" content=\"article\" \/>\n\t\t<meta property=\"og:title\" content=\"Komunikat Prezesa Krajowej Izby Kominiarzy - Gmina Tuplice\" \/>\n\t\t<meta property=\"og:description\" content=\"Przypominam w\u0142a\u015bcicielom i zarz\u0105dcom budynk\u00f3w o obowi\u0105zkach zwi\u0105zanych z bezpiecznym u\u017cytkowaniem przewod\u00f3w kominowych. Komin b\u0119d\u0105cy bardzo istotnym elementem budynku, chocia\u017c zajmuj\u0105cym tylko niewielk\u0105 jego powierzchni\u0119, mo\u017ce te\u017c by\u0107 niezwykle gro\u017any. Szczeg\u00f3lnie w przypadku po\u017caru sadzy w nieczyszczonym, \u017ale eksploatowanym kominie. Temperatura pal\u0105cej si\u0119 sadzy przekracza w\u00f3wczas nawet 1000 stopni Celsjusza! A taki stan jest wielkim\" \/>\n\t\t<meta property=\"og:url\" content=\"https:\/\/tuplice.pl\/index.php\/2016\/09\/16\/komunikat-prezesa-krajowej-izby-kominiarzy-2\/\" \/>\n\t\t<meta property=\"article:published_time\" content=\"2016-09-16T06:00:53+00:00\" \/>\n\t\t<meta property=\"article:modified_time\" content=\"2016-09-16T06:00:53+00:00\" \/>\n\t\t<meta property=\"article:publisher\" content=\"https:\/\/facebook.com\/Tuplicki Biuletyn Informacyjny\" \/>\n\t\t<meta name=\"twitter:card\" content=\"summary_large_image\" \/>\n\t\t<meta name=\"twitter:title\" content=\"Komunikat Prezesa Krajowej Izby Kominiarzy - Gmina Tuplice\" \/>\n\t\t<meta name=\"twitter:description\" content=\"Przypominam w\u0142a\u015bcicielom i zarz\u0105dcom budynk\u00f3w o obowi\u0105zkach zwi\u0105zanych z bezpiecznym u\u017cytkowaniem przewod\u00f3w kominowych. Komin b\u0119d\u0105cy bardzo istotnym elementem budynku, chocia\u017c zajmuj\u0105cym tylko niewielk\u0105 jego powierzchni\u0119, mo\u017ce te\u017c by\u0107 niezwykle gro\u017any. Szczeg\u00f3lnie w przypadku po\u017caru sadzy w nieczyszczonym, \u017ale eksploatowanym kominie. Temperatura pal\u0105cej si\u0119 sadzy przekracza w\u00f3wczas nawet 1000 stopni Celsjusza! A taki stan jest wielkim\" \/>\n\t\t<script type=\"application\/ld+json\" class=\"aioseo-schema\">\n\t\t\t{\"@context\":\"https:\\\/\\\/schema.org\",\"@graph\":[{\"@type\":\"BlogPosting\",\"@id\":\"https:\\\/\\\/tuplice.pl\\\/index.php\\\/2016\\\/09\\\/16\\\/komunikat-prezesa-krajowej-izby-kominiarzy-2\\\/#blogposting\",\"name\":\"Komunikat Prezesa Krajowej Izby Kominiarzy - Gmina Tuplice\",\"headline\":\"Komunikat Prezesa Krajowej Izby Kominiarzy\",\"author\":{\"@id\":\"https:\\\/\\\/tuplice.pl\\\/index.php\\\/author\\\/admin-2\\\/#author\"},\"publisher\":{\"@id\":\"https:\\\/\\\/tuplice.pl\\\/#organization\"},\"image\":{\"@type\":\"ImageObject\",\"url\":\"https:\\\/\\\/tuplice.pl\\\/wp-content\\\/uploads\\\/2025\\\/07\\\/images.png\",\"@id\":\"https:\\\/\\\/tuplice.pl\\\/#articleImage\",\"width\":282,\"height\":179},\"datePublished\":\"2016-09-16T08:00:53+02:00\",\"dateModified\":\"2016-09-16T08:00:53+02:00\",\"inLanguage\":\"pl-PL\",\"mainEntityOfPage\":{\"@id\":\"https:\\\/\\\/tuplice.pl\\\/index.php\\\/2016\\\/09\\\/16\\\/komunikat-prezesa-krajowej-izby-kominiarzy-2\\\/#webpage\"},\"isPartOf\":{\"@id\":\"https:\\\/\\\/tuplice.pl\\\/index.php\\\/2016\\\/09\\\/16\\\/komunikat-prezesa-krajowej-izby-kominiarzy-2\\\/#webpage\"},\"articleSection\":\"Aktualno\\u015bci\"},{\"@type\":\"BreadcrumbList\",\"@id\":\"https:\\\/\\\/tuplice.pl\\\/index.php\\\/2016\\\/09\\\/16\\\/komunikat-prezesa-krajowej-izby-kominiarzy-2\\\/#breadcrumblist\",\"itemListElement\":[{\"@type\":\"ListItem\",\"@id\":\"https:\\\/\\\/tuplice.pl#listItem\",\"position\":1,\"name\":\"Home\",\"item\":\"https:\\\/\\\/tuplice.pl\",\"nextItem\":{\"@type\":\"ListItem\",\"@id\":\"https:\\\/\\\/tuplice.pl\\\/index.php\\\/category\\\/aktualnosci\\\/#listItem\",\"name\":\"Aktualno\\u015bci\"}},{\"@type\":\"ListItem\",\"@id\":\"https:\\\/\\\/tuplice.pl\\\/index.php\\\/category\\\/aktualnosci\\\/#listItem\",\"position\":2,\"name\":\"Aktualno\\u015bci\",\"item\":\"https:\\\/\\\/tuplice.pl\\\/index.php\\\/category\\\/aktualnosci\\\/\",\"nextItem\":{\"@type\":\"ListItem\",\"@id\":\"https:\\\/\\\/tuplice.pl\\\/index.php\\\/2016\\\/09\\\/16\\\/komunikat-prezesa-krajowej-izby-kominiarzy-2\\\/#listItem\",\"name\":\"Komunikat Prezesa Krajowej Izby Kominiarzy\"},\"previousItem\":{\"@type\":\"ListItem\",\"@id\":\"https:\\\/\\\/tuplice.pl#listItem\",\"name\":\"Home\"}},{\"@type\":\"ListItem\",\"@id\":\"https:\\\/\\\/tuplice.pl\\\/index.php\\\/2016\\\/09\\\/16\\\/komunikat-prezesa-krajowej-izby-kominiarzy-2\\\/#listItem\",\"position\":3,\"name\":\"Komunikat Prezesa Krajowej Izby Kominiarzy\",\"previousItem\":{\"@type\":\"ListItem\",\"@id\":\"https:\\\/\\\/tuplice.pl\\\/index.php\\\/category\\\/aktualnosci\\\/#listItem\",\"name\":\"Aktualno\\u015bci\"}}]},{\"@type\":\"Organization\",\"@id\":\"https:\\\/\\\/tuplice.pl\\\/#organization\",\"name\":\"Gmina Tuplice Gmina Tuplice\",\"description\":\"Strona Gminy Tuplice Strona Urz\\u0119du Gminy Tuplice\",\"url\":\"https:\\\/\\\/tuplice.pl\\\/\",\"telephone\":\"+48683625720\",\"logo\":{\"@type\":\"ImageObject\",\"url\":\"https:\\\/\\\/tuplice.pl\\\/wp-content\\\/uploads\\\/2025\\\/07\\\/images.png\",\"@id\":\"https:\\\/\\\/tuplice.pl\\\/index.php\\\/2016\\\/09\\\/16\\\/komunikat-prezesa-krajowej-izby-kominiarzy-2\\\/#organizationLogo\",\"width\":282,\"height\":179},\"image\":{\"@id\":\"https:\\\/\\\/tuplice.pl\\\/index.php\\\/2016\\\/09\\\/16\\\/komunikat-prezesa-krajowej-izby-kominiarzy-2\\\/#organizationLogo\"},\"sameAs\":[\"https:\\\/\\\/facebook.com\\\/Tuplicki Biuletyn Informacyjny\",\"https:\\\/\\\/pinterest.com\\\/Tuplicki Biuletyn Informacyjny\",\"https:\\\/\\\/youtube.com\\\/Tuplicki Biuletyn Informacyjny\"]},{\"@type\":\"Person\",\"@id\":\"https:\\\/\\\/tuplice.pl\\\/index.php\\\/author\\\/admin-2\\\/#author\",\"url\":\"https:\\\/\\\/tuplice.pl\\\/index.php\\\/author\\\/admin-2\\\/\",\"name\":\"admin\",\"image\":{\"@type\":\"ImageObject\",\"@id\":\"https:\\\/\\\/tuplice.pl\\\/index.php\\\/2016\\\/09\\\/16\\\/komunikat-prezesa-krajowej-izby-kominiarzy-2\\\/#authorImage\",\"url\":\"https:\\\/\\\/secure.gravatar.com\\\/avatar\\\/8a55bb0a6c2b7d7d608f6e5c7d99e391?s=96&d=mm&r=g\",\"width\":96,\"height\":96,\"caption\":\"admin\"}},{\"@type\":\"WebPage\",\"@id\":\"https:\\\/\\\/tuplice.pl\\\/index.php\\\/2016\\\/09\\\/16\\\/komunikat-prezesa-krajowej-izby-kominiarzy-2\\\/#webpage\",\"url\":\"https:\\\/\\\/tuplice.pl\\\/index.php\\\/2016\\\/09\\\/16\\\/komunikat-prezesa-krajowej-izby-kominiarzy-2\\\/\",\"name\":\"Komunikat Prezesa Krajowej Izby Kominiarzy - Gmina Tuplice\",\"description\":\"Przypominam w\\u0142a\\u015bcicielom i zarz\\u0105dcom budynk\\u00f3w o obowi\\u0105zkach zwi\\u0105zanych z bezpiecznym u\\u017cytkowaniem przewod\\u00f3w kominowych. Komin b\\u0119d\\u0105cy bardzo istotnym elementem budynku, chocia\\u017c zajmuj\\u0105cym tylko niewielk\\u0105 jego powierzchni\\u0119, mo\\u017ce te\\u017c by\\u0107 niezwykle gro\\u017any. Szczeg\\u00f3lnie w przypadku po\\u017caru sadzy w nieczyszczonym, \\u017ale eksploatowanym kominie. Temperatura pal\\u0105cej si\\u0119 sadzy przekracza w\\u00f3wczas nawet 1000 stopni Celsjusza! A taki stan jest wielkim\",\"inLanguage\":\"pl-PL\",\"isPartOf\":{\"@id\":\"https:\\\/\\\/tuplice.pl\\\/#website\"},\"breadcrumb\":{\"@id\":\"https:\\\/\\\/tuplice.pl\\\/index.php\\\/2016\\\/09\\\/16\\\/komunikat-prezesa-krajowej-izby-kominiarzy-2\\\/#breadcrumblist\"},\"author\":{\"@id\":\"https:\\\/\\\/tuplice.pl\\\/index.php\\\/author\\\/admin-2\\\/#author\"},\"creator\":{\"@id\":\"https:\\\/\\\/tuplice.pl\\\/index.php\\\/author\\\/admin-2\\\/#author\"},\"datePublished\":\"2016-09-16T08:00:53+02:00\",\"dateModified\":\"2016-09-16T08:00:53+02:00\"},{\"@type\":\"WebSite\",\"@id\":\"https:\\\/\\\/tuplice.pl\\\/#website\",\"url\":\"https:\\\/\\\/tuplice.pl\\\/\",\"name\":\"Gmina Tuplice\",\"description\":\"Strona Gminy Tuplice\",\"inLanguage\":\"pl-PL\",\"publisher\":{\"@id\":\"https:\\\/\\\/tuplice.pl\\\/#organization\"}}]}\n\t\t<\/script>\n\t\t<!-- All in One SEO -->\n\n","aioseo_head_json":{"title":"Komunikat Prezesa Krajowej Izby Kominiarzy - Gmina Tuplice","description":"Przypominam w\u0142a\u015bcicielom i zarz\u0105dcom budynk\u00f3w o obowi\u0105zkach zwi\u0105zanych z bezpiecznym u\u017cytkowaniem przewod\u00f3w kominowych. Komin b\u0119d\u0105cy bardzo istotnym elementem budynku, chocia\u017c zajmuj\u0105cym tylko niewielk\u0105 jego powierzchni\u0119, mo\u017ce te\u017c by\u0107 niezwykle gro\u017any. Szczeg\u00f3lnie w przypadku po\u017caru sadzy w nieczyszczonym, \u017ale eksploatowanym kominie. Temperatura pal\u0105cej si\u0119 sadzy przekracza w\u00f3wczas nawet 1000 stopni Celsjusza! A taki stan jest wielkim","canonical_url":"https:\/\/tuplice.pl\/index.php\/2016\/09\/16\/komunikat-prezesa-krajowej-izby-kominiarzy-2\/","robots":"max-image-preview:large","keywords":"","webmasterTools":{"miscellaneous":""},"schema":{"@context":"https:\/\/schema.org","@graph":[{"@type":"BlogPosting","@id":"https:\/\/tuplice.pl\/index.php\/2016\/09\/16\/komunikat-prezesa-krajowej-izby-kominiarzy-2\/#blogposting","name":"Komunikat Prezesa Krajowej Izby Kominiarzy - Gmina Tuplice","headline":"Komunikat Prezesa Krajowej Izby Kominiarzy","author":{"@id":"https:\/\/tuplice.pl\/index.php\/author\/admin-2\/#author"},"publisher":{"@id":"https:\/\/tuplice.pl\/#organization"},"image":{"@type":"ImageObject","url":"https:\/\/tuplice.pl\/wp-content\/uploads\/2025\/07\/images.png","@id":"https:\/\/tuplice.pl\/#articleImage","width":282,"height":179},"datePublished":"2016-09-16T08:00:53+02:00","dateModified":"2016-09-16T08:00:53+02:00","inLanguage":"pl-PL","mainEntityOfPage":{"@id":"https:\/\/tuplice.pl\/index.php\/2016\/09\/16\/komunikat-prezesa-krajowej-izby-kominiarzy-2\/#webpage"},"isPartOf":{"@id":"https:\/\/tuplice.pl\/index.php\/2016\/09\/16\/komunikat-prezesa-krajowej-izby-kominiarzy-2\/#webpage"},"articleSection":"Aktualno\u015bci"},{"@type":"BreadcrumbList","@id":"https:\/\/tuplice.pl\/index.php\/2016\/09\/16\/komunikat-prezesa-krajowej-izby-kominiarzy-2\/#breadcrumblist","itemListElement":[{"@type":"ListItem","@id":"https:\/\/tuplice.pl#listItem","position":1,"name":"Home","item":"https:\/\/tuplice.pl","nextItem":{"@type":"ListItem","@id":"https:\/\/tuplice.pl\/index.php\/category\/aktualnosci\/#listItem","name":"Aktualno\u015bci"}},{"@type":"ListItem","@id":"https:\/\/tuplice.pl\/index.php\/category\/aktualnosci\/#listItem","position":2,"name":"Aktualno\u015bci","item":"https:\/\/tuplice.pl\/index.php\/category\/aktualnosci\/","nextItem":{"@type":"ListItem","@id":"https:\/\/tuplice.pl\/index.php\/2016\/09\/16\/komunikat-prezesa-krajowej-izby-kominiarzy-2\/#listItem","name":"Komunikat Prezesa Krajowej Izby Kominiarzy"},"previousItem":{"@type":"ListItem","@id":"https:\/\/tuplice.pl#listItem","name":"Home"}},{"@type":"ListItem","@id":"https:\/\/tuplice.pl\/index.php\/2016\/09\/16\/komunikat-prezesa-krajowej-izby-kominiarzy-2\/#listItem","position":3,"name":"Komunikat Prezesa Krajowej Izby Kominiarzy","previousItem":{"@type":"ListItem","@id":"https:\/\/tuplice.pl\/index.php\/category\/aktualnosci\/#listItem","name":"Aktualno\u015bci"}}]},{"@type":"Organization","@id":"https:\/\/tuplice.pl\/#organization","name":"Gmina Tuplice Gmina Tuplice","description":"Strona Gminy Tuplice Strona Urz\u0119du Gminy Tuplice","url":"https:\/\/tuplice.pl\/","telephone":"+48683625720","logo":{"@type":"ImageObject","url":"https:\/\/tuplice.pl\/wp-content\/uploads\/2025\/07\/images.png","@id":"https:\/\/tuplice.pl\/index.php\/2016\/09\/16\/komunikat-prezesa-krajowej-izby-kominiarzy-2\/#organizationLogo","width":282,"height":179},"image":{"@id":"https:\/\/tuplice.pl\/index.php\/2016\/09\/16\/komunikat-prezesa-krajowej-izby-kominiarzy-2\/#organizationLogo"},"sameAs":["https:\/\/facebook.com\/Tuplicki Biuletyn Informacyjny","https:\/\/pinterest.com\/Tuplicki Biuletyn Informacyjny","https:\/\/youtube.com\/Tuplicki Biuletyn Informacyjny"]},{"@type":"Person","@id":"https:\/\/tuplice.pl\/index.php\/author\/admin-2\/#author","url":"https:\/\/tuplice.pl\/index.php\/author\/admin-2\/","name":"admin","image":{"@type":"ImageObject","@id":"https:\/\/tuplice.pl\/index.php\/2016\/09\/16\/komunikat-prezesa-krajowej-izby-kominiarzy-2\/#authorImage","url":"https:\/\/secure.gravatar.com\/avatar\/8a55bb0a6c2b7d7d608f6e5c7d99e391?s=96&d=mm&r=g","width":96,"height":96,"caption":"admin"}},{"@type":"WebPage","@id":"https:\/\/tuplice.pl\/index.php\/2016\/09\/16\/komunikat-prezesa-krajowej-izby-kominiarzy-2\/#webpage","url":"https:\/\/tuplice.pl\/index.php\/2016\/09\/16\/komunikat-prezesa-krajowej-izby-kominiarzy-2\/","name":"Komunikat Prezesa Krajowej Izby Kominiarzy - Gmina Tuplice","description":"Przypominam w\u0142a\u015bcicielom i zarz\u0105dcom budynk\u00f3w o obowi\u0105zkach zwi\u0105zanych z bezpiecznym u\u017cytkowaniem przewod\u00f3w kominowych. Komin b\u0119d\u0105cy bardzo istotnym elementem budynku, chocia\u017c zajmuj\u0105cym tylko niewielk\u0105 jego powierzchni\u0119, mo\u017ce te\u017c by\u0107 niezwykle gro\u017any. Szczeg\u00f3lnie w przypadku po\u017caru sadzy w nieczyszczonym, \u017ale eksploatowanym kominie. Temperatura pal\u0105cej si\u0119 sadzy przekracza w\u00f3wczas nawet 1000 stopni Celsjusza! A taki stan jest wielkim","inLanguage":"pl-PL","isPartOf":{"@id":"https:\/\/tuplice.pl\/#website"},"breadcrumb":{"@id":"https:\/\/tuplice.pl\/index.php\/2016\/09\/16\/komunikat-prezesa-krajowej-izby-kominiarzy-2\/#breadcrumblist"},"author":{"@id":"https:\/\/tuplice.pl\/index.php\/author\/admin-2\/#author"},"creator":{"@id":"https:\/\/tuplice.pl\/index.php\/author\/admin-2\/#author"},"datePublished":"2016-09-16T08:00:53+02:00","dateModified":"2016-09-16T08:00:53+02:00"},{"@type":"WebSite","@id":"https:\/\/tuplice.pl\/#website","url":"https:\/\/tuplice.pl\/","name":"Gmina Tuplice","description":"Strona Gminy Tuplice","inLanguage":"pl-PL","publisher":{"@id":"https:\/\/tuplice.pl\/#organization"}}]},"og:locale":"pl_PL","og:site_name":"Gmina Tuplice - Strona Gminy Tuplice","og:type":"article","og:title":"Komunikat Prezesa Krajowej Izby Kominiarzy - Gmina Tuplice","og:description":"Przypominam w\u0142a\u015bcicielom i zarz\u0105dcom budynk\u00f3w o obowi\u0105zkach zwi\u0105zanych z bezpiecznym u\u017cytkowaniem przewod\u00f3w kominowych. Komin b\u0119d\u0105cy bardzo istotnym elementem budynku, chocia\u017c zajmuj\u0105cym tylko niewielk\u0105 jego powierzchni\u0119, mo\u017ce te\u017c by\u0107 niezwykle gro\u017any. Szczeg\u00f3lnie w przypadku po\u017caru sadzy w nieczyszczonym, \u017ale eksploatowanym kominie. Temperatura pal\u0105cej si\u0119 sadzy przekracza w\u00f3wczas nawet 1000 stopni Celsjusza! A taki stan jest wielkim","og:url":"https:\/\/tuplice.pl\/index.php\/2016\/09\/16\/komunikat-prezesa-krajowej-izby-kominiarzy-2\/","article:published_time":"2016-09-16T06:00:53+00:00","article:modified_time":"2016-09-16T06:00:53+00:00","article:publisher":"https:\/\/facebook.com\/Tuplicki Biuletyn Informacyjny","twitter:card":"summary_large_image","twitter:title":"Komunikat Prezesa Krajowej Izby Kominiarzy - Gmina Tuplice","twitter:description":"Przypominam w\u0142a\u015bcicielom i zarz\u0105dcom budynk\u00f3w o obowi\u0105zkach zwi\u0105zanych z bezpiecznym u\u017cytkowaniem przewod\u00f3w kominowych. Komin b\u0119d\u0105cy bardzo istotnym elementem budynku, chocia\u017c zajmuj\u0105cym tylko niewielk\u0105 jego powierzchni\u0119, mo\u017ce te\u017c by\u0107 niezwykle gro\u017any. Szczeg\u00f3lnie w przypadku po\u017caru sadzy w nieczyszczonym, \u017ale eksploatowanym kominie. Temperatura pal\u0105cej si\u0119 sadzy przekracza w\u00f3wczas nawet 1000 stopni Celsjusza! A taki stan jest wielkim"},"aioseo_meta_data":{"post_id":"1474","title":null,"description":null,"keywords":null,"keyphrases":null,"primary_term":null,"canonical_url":null,"og_title":null,"og_description":null,"og_object_type":"default","og_image_type":"default","og_image_url":null,"og_image_width":null,"og_image_height":null,"og_image_custom_url":null,"og_image_custom_fields":null,"og_video":null,"og_custom_url":null,"og_article_section":null,"og_article_tags":null,"twitter_use_og":false,"twitter_card":"default","twitter_image_type":"default","twitter_image_url":null,"twitter_image_custom_url":null,"twitter_image_custom_fields":null,"twitter_title":null,"twitter_description":null,"schema":{"blockGraphs":[],"customGraphs":[],"default":{"data":{"Article":[],"Course":[],"Dataset":[],"FAQPage":[],"Movie":[],"Person":[],"Product":[],"ProductReview":[],"Car":[],"Recipe":[],"Service":[],"SoftwareApplication":[],"WebPage":[]},"graphName":"","isEnabled":true},"graphs":[]},"schema_type":"default","schema_type_options":null,"pillar_content":false,"robots_default":true,"robots_noindex":false,"robots_noarchive":false,"robots_nosnippet":false,"robots_nofollow":false,"robots_noimageindex":false,"robots_noodp":false,"robots_notranslate":false,"robots_max_snippet":null,"robots_max_videopreview":null,"robots_max_imagepreview":"large","priority":null,"frequency":null,"local_seo":null,"breadcrumb_settings":null,"limit_modified_date":false,"ai":null,"created":"2025-07-22 21:28:30","updated":"2025-07-22 21:28:30","seo_analyzer_scan_date":null},"aioseo_breadcrumb":"<div class=\"aioseo-breadcrumbs\"><span class=\"aioseo-breadcrumb\">\n\t\t\t<a href=\"https:\/\/tuplice.pl\" title=\"Home\">Home<\/a>\n\t\t<\/span><span class=\"aioseo-breadcrumb-separator\">&raquo;<\/span><span class=\"aioseo-breadcrumb\">\n\t\t\t<a href=\"https:\/\/tuplice.pl\/index.php\/category\/aktualnosci\/\" title=\"Aktualno\u015bci\">Aktualno\u015bci<\/a>\n\t\t<\/span><span class=\"aioseo-breadcrumb-separator\">&raquo;<\/span><span class=\"aioseo-breadcrumb\">\n\t\t\tKomunikat Prezesa Krajowej Izby Kominiarzy\n\t\t<\/span><\/div>","aioseo_breadcrumb_json":[{"label":"Home","link":"https:\/\/tuplice.pl"},{"label":"Aktualno\u015bci","link":"https:\/\/tuplice.pl\/index.php\/category\/aktualnosci\/"},{"label":"Komunikat Prezesa Krajowej Izby Kominiarzy","link":"https:\/\/tuplice.pl\/index.php\/2016\/09\/16\/komunikat-prezesa-krajowej-izby-kominiarzy-2\/"}],"a3_pvc":{"activated":false,"total_views":0,"today_views":0},"_links":{"self":[{"href":"https:\/\/tuplice.pl\/index.php\/wp-json\/wp\/v2\/posts\/1474"}],"collection":[{"href":"https:\/\/tuplice.pl\/index.php\/wp-json\/wp\/v2\/posts"}],"about":[{"href":"https:\/\/tuplice.pl\/index.php\/wp-json\/wp\/v2\/types\/post"}],"author":[{"embeddable":true,"href":"https:\/\/tuplice.pl\/index.php\/wp-json\/wp\/v2\/users\/4"}],"replies":[{"embeddable":true,"href":"https:\/\/tuplice.pl\/index.php\/wp-json\/wp\/v2\/comments?post=1474"}],"version-history":[{"count":0,"href":"https:\/\/tuplice.pl\/index.php\/wp-json\/wp\/v2\/posts\/1474\/revisions"}],"wp:attachment":[{"href":"https:\/\/tuplice.pl\/index.php\/wp-json\/wp\/v2\/media?parent=1474"}],"wp:term":[{"taxonomy":"category","embeddable":true,"href":"https:\/\/tuplice.pl\/index.php\/wp-json\/wp\/v2\/categories?post=1474"},{"taxonomy":"post_tag","embeddable":true,"href":"https:\/\/tuplice.pl\/index.php\/wp-json\/wp\/v2\/tags?post=1474"}],"curies":[{"name":"wp","href":"https:\/\/api.w.org\/{rel}","templated":true}]}}