{"id":1484,"date":"2016-09-19T14:50:07","date_gmt":"2016-09-19T12:50:07","guid":{"rendered":"https:\/\/tuplice.pl\/xix-sesja-rady-gminy-tuplice-2\/"},"modified":"2016-09-19T14:50:07","modified_gmt":"2016-09-19T12:50:07","slug":"xix-sesja-rady-gminy-tuplice-2","status":"publish","type":"post","link":"https:\/\/tuplice.pl\/index.php\/2016\/09\/19\/xix-sesja-rady-gminy-tuplice-2\/","title":{"rendered":"XIX Sesja Rady Gminy Tuplice"},"content":{"rendered":"<p>Zgodnie z art. 20 ust. 1 ustawy z dnia 8 marca 1990 r. o samorz\u0105dzie gminnym (Dz. U. z 2016 r., poz. 446) zwo\u0142uj\u0119 XIX Sesj\u0119 Rady Gminy Tuplice VII Kadencji w dniu 27 wrze\u015bnia 2016 roku (wtorek) o godz. 900 w Du\u017cej Sali GOK w Tuplicach, przy ul. Mickiewicza.<\/p>\n<p>Proponowany porz\u0105dek obrad:<\/p>\n<p>  <!--more-->  <\/p>\n<p>1. Otwarcie obrad XIX sesji Rady Gminy.<br \/>2. Wnioski do porz\u0105dku obrad.<br \/>3. Przyj\u0119cie protoko\u0142u z XVIII sesji Rady Gminy.<br \/>4. Informacja nt. bie\u017c\u0105cej pracy W\u00f3jta.<br \/>5. Informacja na temat bie\u017c\u0105cej pracy Przewodnicz\u0105cego Rady w okresie mi\u0119dzysesyjnym.<br \/>6. Informacja z prac komisji sta\u0142ych w okresie mi\u0119dzysesyjnym.<br \/>7. Informacja z realizacji uchwa\u0142 Rady Gminy Tuplice przyj\u0119tych w I p\u00f3\u0142roczu 2016 r.<br \/>8. Sprawozdanie Komisji Rewizyjnej z kontroli przeprowadzonych w I p\u00f3\u0142roczu 2016 r.<br \/>9. Sprawozdanie z wykorzystania \u015brodk\u00f3w w OPS za I p\u00f3\u0142rocze 2016 r.<br \/>10. Informacja na temat o\u015bwiadcze\u0144 maj\u0105tkowych radnych i pracownik\u00f3w podleg\u0142ych w\u00f3jtowi.<br \/>11. Sprawozdanie z realizacji bud\u017cetu Gminy Tuplice za I p\u00f3\u0142rocze 2016 r. informacja skarbnika gminy; opinie komisji Rady Gminy Tuplice.<br \/>12. Interpelacje, zapytania i wnioski radnych.<br \/>13. Odpowiedzi na interpelacje, zapytania i wnioski radnych.<br \/>14. Rozpatrzenie projekt\u00f3w i podj\u0119cie uchwa\u0142:<br \/>14.1\u00a0 w sprawie:\u00a0 zmian uchwa\u0142y bud\u017cetowej na rok 2016;<br \/>14.2\u00a0 w sprawie: zmian Wieloletniej Prognozy Finansowej Gminy Tuplice na lata 2016-2023;<br \/>14.3 w sprawie: wprowadzenia \u201eRegulaminu utrzymania czysto\u015bci i porz\u0105dku na terenie Gminy Tuplice\u201d.<br \/>14.4 w sprawie: okre\u015blenia szczeg\u00f3\u0142owego sposobu i zakresu \u015bwiadczenia us\u0142ug w zakresie odbierania odpad\u00f3w komunalnych od w\u0142a\u015bcicieli i zagospodarowania tych odpad\u00f3w, w zamian za uiszczon\u0105\u00a0 przez w\u0142a\u015bciciela nieruchomo\u015bci op\u0142at\u0119 za gospodarowanie odpadami komunalnymi.<br \/>14.5 w sprawie: wprowadzenia zmian w uchwale Nr XIII\/78\/2016 Rady Gminy Tuplice z dnia 11 lutego 2016 r. w sprawie zarz\u0105dzenia poboru podatku od nieruchomo\u015bci, podatku rolnego, podatku le\u015bnego od os\u00f3b fizycznych w drodze inkasa oraz okre\u015blenia inkasent\u00f3w i wysoko\u015bci wynagrodzenia za inkaso.<br \/>14.6 w sprawie: statutu O\u015brodka Pomocy Spo\u0142ecznej w Tuplicach.<br \/>14.7 w sprawie: przyj\u0119cia Programu Aktywno\u015bci Lokalnej dla Gminy Tuplice na lata 2017-2020.<br \/>15. Sprawy r\u00f3\u017cne.<br \/>16. Zamkni\u0119cie obrad XIX sesji rady Gminy.\u00a0<\/p>\n<p style=\"text-align: right;\">Przewodnicz\u0105cy Rady<\/p>\n<p style=\"text-align: right;\">Sylwester Mazurkiewicz<\/p>\n","protected":false},"excerpt":{"rendered":"<p>Zgodnie z art. 20 ust. 1 ustawy z dnia 8 marca 1990 r. o samorz\u0105dzie gminnym (Dz. U. z 2016 r., poz. 446) zwo\u0142uj\u0119 XIX Sesj\u0119 Rady Gminy Tuplice VII Kadencji w dniu 27 wrze\u015bnia 2016 roku (wtorek) o godz. 900 w Du\u017cej Sali GOK w Tuplicach, przy ul. Mickiewicza. Proponowany porz\u0105dek obrad:<\/p>\n","protected":false},"author":4,"featured_media":0,"comment_status":"closed","ping_status":"closed","sticky":false,"template":"","format":"standard","meta":{"_et_pb_use_builder":"","_et_pb_old_content":"","_et_gb_content_width":"","_monsterinsights_skip_tracking":false},"categories":[82],"tags":[],"aioseo_notices":[],"aioseo_head":"\n\t\t<!-- All in One SEO 4.9.10 - aioseo.com -->\n\t<meta name=\"description\" content=\"Zgodnie z art. 20 ust. 1 ustawy z dnia 8 marca 1990 r. o samorz\u0105dzie gminnym (Dz. U. z 2016 r., poz. 446) zwo\u0142uj\u0119 XIX Sesj\u0119 Rady Gminy Tuplice VII Kadencji w dniu 27 wrze\u015bnia 2016 roku (wtorek) o godz. 900 w Du\u017cej Sali GOK w Tuplicach, przy ul. Mickiewicza.Proponowany porz\u0105dek obrad: 1. Otwarcie obrad\" \/>\n\t<meta name=\"robots\" content=\"max-image-preview:large\" \/>\n\t<meta name=\"author\" content=\"admin\"\/>\n\t<link rel=\"canonical\" href=\"https:\/\/tuplice.pl\/index.php\/2016\/09\/19\/xix-sesja-rady-gminy-tuplice-2\/\" \/>\n\t<meta name=\"generator\" content=\"All in One SEO (AIOSEO) 4.9.10\" \/>\n\t\t<meta property=\"og:locale\" content=\"pl_PL\" \/>\n\t\t<meta property=\"og:site_name\" content=\"Gmina Tuplice - Strona Gminy Tuplice\" \/>\n\t\t<meta property=\"og:type\" content=\"article\" \/>\n\t\t<meta property=\"og:title\" content=\"XIX Sesja Rady Gminy Tuplice - Gmina Tuplice\" \/>\n\t\t<meta property=\"og:description\" content=\"Zgodnie z art. 20 ust. 1 ustawy z dnia 8 marca 1990 r. o samorz\u0105dzie gminnym (Dz. U. z 2016 r., poz. 446) zwo\u0142uj\u0119 XIX Sesj\u0119 Rady Gminy Tuplice VII Kadencji w dniu 27 wrze\u015bnia 2016 roku (wtorek) o godz. 900 w Du\u017cej Sali GOK w Tuplicach, przy ul. Mickiewicza.Proponowany porz\u0105dek obrad: 1. Otwarcie obrad\" \/>\n\t\t<meta property=\"og:url\" content=\"https:\/\/tuplice.pl\/index.php\/2016\/09\/19\/xix-sesja-rady-gminy-tuplice-2\/\" \/>\n\t\t<meta property=\"article:published_time\" content=\"2016-09-19T12:50:07+00:00\" \/>\n\t\t<meta property=\"article:modified_time\" content=\"2016-09-19T12:50:07+00:00\" \/>\n\t\t<meta property=\"article:publisher\" content=\"https:\/\/facebook.com\/Tuplicki Biuletyn Informacyjny\" \/>\n\t\t<meta name=\"twitter:card\" content=\"summary_large_image\" \/>\n\t\t<meta name=\"twitter:title\" content=\"XIX Sesja Rady Gminy Tuplice - Gmina Tuplice\" \/>\n\t\t<meta name=\"twitter:description\" content=\"Zgodnie z art. 20 ust. 1 ustawy z dnia 8 marca 1990 r. o samorz\u0105dzie gminnym (Dz. U. z 2016 r., poz. 446) zwo\u0142uj\u0119 XIX Sesj\u0119 Rady Gminy Tuplice VII Kadencji w dniu 27 wrze\u015bnia 2016 roku (wtorek) o godz. 900 w Du\u017cej Sali GOK w Tuplicach, przy ul. Mickiewicza.Proponowany porz\u0105dek obrad: 1. Otwarcie obrad\" \/>\n\t\t<script type=\"application\/ld+json\" class=\"aioseo-schema\">\n\t\t\t{\"@context\":\"https:\\\/\\\/schema.org\",\"@graph\":[{\"@type\":\"BlogPosting\",\"@id\":\"https:\\\/\\\/tuplice.pl\\\/index.php\\\/2016\\\/09\\\/19\\\/xix-sesja-rady-gminy-tuplice-2\\\/#blogposting\",\"name\":\"XIX Sesja Rady Gminy Tuplice - Gmina Tuplice\",\"headline\":\"XIX Sesja Rady Gminy Tuplice\",\"author\":{\"@id\":\"https:\\\/\\\/tuplice.pl\\\/index.php\\\/author\\\/admin-2\\\/#author\"},\"publisher\":{\"@id\":\"https:\\\/\\\/tuplice.pl\\\/#organization\"},\"image\":{\"@type\":\"ImageObject\",\"url\":\"https:\\\/\\\/tuplice.pl\\\/wp-content\\\/uploads\\\/2025\\\/07\\\/images.png\",\"@id\":\"https:\\\/\\\/tuplice.pl\\\/#articleImage\",\"width\":282,\"height\":179},\"datePublished\":\"2016-09-19T14:50:07+02:00\",\"dateModified\":\"2016-09-19T14:50:07+02:00\",\"inLanguage\":\"pl-PL\",\"mainEntityOfPage\":{\"@id\":\"https:\\\/\\\/tuplice.pl\\\/index.php\\\/2016\\\/09\\\/19\\\/xix-sesja-rady-gminy-tuplice-2\\\/#webpage\"},\"isPartOf\":{\"@id\":\"https:\\\/\\\/tuplice.pl\\\/index.php\\\/2016\\\/09\\\/19\\\/xix-sesja-rady-gminy-tuplice-2\\\/#webpage\"},\"articleSection\":\"Aktualno\\u015bci\"},{\"@type\":\"BreadcrumbList\",\"@id\":\"https:\\\/\\\/tuplice.pl\\\/index.php\\\/2016\\\/09\\\/19\\\/xix-sesja-rady-gminy-tuplice-2\\\/#breadcrumblist\",\"itemListElement\":[{\"@type\":\"ListItem\",\"@id\":\"https:\\\/\\\/tuplice.pl#listItem\",\"position\":1,\"name\":\"Home\",\"item\":\"https:\\\/\\\/tuplice.pl\",\"nextItem\":{\"@type\":\"ListItem\",\"@id\":\"https:\\\/\\\/tuplice.pl\\\/index.php\\\/category\\\/aktualnosci\\\/#listItem\",\"name\":\"Aktualno\\u015bci\"}},{\"@type\":\"ListItem\",\"@id\":\"https:\\\/\\\/tuplice.pl\\\/index.php\\\/category\\\/aktualnosci\\\/#listItem\",\"position\":2,\"name\":\"Aktualno\\u015bci\",\"item\":\"https:\\\/\\\/tuplice.pl\\\/index.php\\\/category\\\/aktualnosci\\\/\",\"nextItem\":{\"@type\":\"ListItem\",\"@id\":\"https:\\\/\\\/tuplice.pl\\\/index.php\\\/2016\\\/09\\\/19\\\/xix-sesja-rady-gminy-tuplice-2\\\/#listItem\",\"name\":\"XIX Sesja Rady Gminy Tuplice\"},\"previousItem\":{\"@type\":\"ListItem\",\"@id\":\"https:\\\/\\\/tuplice.pl#listItem\",\"name\":\"Home\"}},{\"@type\":\"ListItem\",\"@id\":\"https:\\\/\\\/tuplice.pl\\\/index.php\\\/2016\\\/09\\\/19\\\/xix-sesja-rady-gminy-tuplice-2\\\/#listItem\",\"position\":3,\"name\":\"XIX Sesja Rady Gminy Tuplice\",\"previousItem\":{\"@type\":\"ListItem\",\"@id\":\"https:\\\/\\\/tuplice.pl\\\/index.php\\\/category\\\/aktualnosci\\\/#listItem\",\"name\":\"Aktualno\\u015bci\"}}]},{\"@type\":\"Organization\",\"@id\":\"https:\\\/\\\/tuplice.pl\\\/#organization\",\"name\":\"Gmina Tuplice Gmina Tuplice\",\"description\":\"Strona Gminy Tuplice Strona Urz\\u0119du Gminy Tuplice\",\"url\":\"https:\\\/\\\/tuplice.pl\\\/\",\"telephone\":\"+48683625720\",\"logo\":{\"@type\":\"ImageObject\",\"url\":\"https:\\\/\\\/tuplice.pl\\\/wp-content\\\/uploads\\\/2025\\\/07\\\/images.png\",\"@id\":\"https:\\\/\\\/tuplice.pl\\\/index.php\\\/2016\\\/09\\\/19\\\/xix-sesja-rady-gminy-tuplice-2\\\/#organizationLogo\",\"width\":282,\"height\":179},\"image\":{\"@id\":\"https:\\\/\\\/tuplice.pl\\\/index.php\\\/2016\\\/09\\\/19\\\/xix-sesja-rady-gminy-tuplice-2\\\/#organizationLogo\"},\"sameAs\":[\"https:\\\/\\\/facebook.com\\\/Tuplicki Biuletyn Informacyjny\",\"https:\\\/\\\/pinterest.com\\\/Tuplicki Biuletyn Informacyjny\",\"https:\\\/\\\/youtube.com\\\/Tuplicki Biuletyn Informacyjny\"]},{\"@type\":\"Person\",\"@id\":\"https:\\\/\\\/tuplice.pl\\\/index.php\\\/author\\\/admin-2\\\/#author\",\"url\":\"https:\\\/\\\/tuplice.pl\\\/index.php\\\/author\\\/admin-2\\\/\",\"name\":\"admin\",\"image\":{\"@type\":\"ImageObject\",\"@id\":\"https:\\\/\\\/tuplice.pl\\\/index.php\\\/2016\\\/09\\\/19\\\/xix-sesja-rady-gminy-tuplice-2\\\/#authorImage\",\"url\":\"https:\\\/\\\/secure.gravatar.com\\\/avatar\\\/8a55bb0a6c2b7d7d608f6e5c7d99e391?s=96&d=mm&r=g\",\"width\":96,\"height\":96,\"caption\":\"admin\"}},{\"@type\":\"WebPage\",\"@id\":\"https:\\\/\\\/tuplice.pl\\\/index.php\\\/2016\\\/09\\\/19\\\/xix-sesja-rady-gminy-tuplice-2\\\/#webpage\",\"url\":\"https:\\\/\\\/tuplice.pl\\\/index.php\\\/2016\\\/09\\\/19\\\/xix-sesja-rady-gminy-tuplice-2\\\/\",\"name\":\"XIX Sesja Rady Gminy Tuplice - Gmina Tuplice\",\"description\":\"Zgodnie z art. 20 ust. 1 ustawy z dnia 8 marca 1990 r. o samorz\\u0105dzie gminnym (Dz. U. z 2016 r., poz. 446) zwo\\u0142uj\\u0119 XIX Sesj\\u0119 Rady Gminy Tuplice VII Kadencji w dniu 27 wrze\\u015bnia 2016 roku (wtorek) o godz. 900 w Du\\u017cej Sali GOK w Tuplicach, przy ul. Mickiewicza.Proponowany porz\\u0105dek obrad: 1. Otwarcie obrad\",\"inLanguage\":\"pl-PL\",\"isPartOf\":{\"@id\":\"https:\\\/\\\/tuplice.pl\\\/#website\"},\"breadcrumb\":{\"@id\":\"https:\\\/\\\/tuplice.pl\\\/index.php\\\/2016\\\/09\\\/19\\\/xix-sesja-rady-gminy-tuplice-2\\\/#breadcrumblist\"},\"author\":{\"@id\":\"https:\\\/\\\/tuplice.pl\\\/index.php\\\/author\\\/admin-2\\\/#author\"},\"creator\":{\"@id\":\"https:\\\/\\\/tuplice.pl\\\/index.php\\\/author\\\/admin-2\\\/#author\"},\"datePublished\":\"2016-09-19T14:50:07+02:00\",\"dateModified\":\"2016-09-19T14:50:07+02:00\"},{\"@type\":\"WebSite\",\"@id\":\"https:\\\/\\\/tuplice.pl\\\/#website\",\"url\":\"https:\\\/\\\/tuplice.pl\\\/\",\"name\":\"Gmina Tuplice\",\"description\":\"Strona Gminy Tuplice\",\"inLanguage\":\"pl-PL\",\"publisher\":{\"@id\":\"https:\\\/\\\/tuplice.pl\\\/#organization\"}}]}\n\t\t<\/script>\n\t\t<!-- All in One SEO -->\n\n","aioseo_head_json":{"title":"XIX Sesja Rady Gminy Tuplice - Gmina Tuplice","description":"Zgodnie z art. 20 ust. 1 ustawy z dnia 8 marca 1990 r. o samorz\u0105dzie gminnym (Dz. U. z 2016 r., poz. 446) zwo\u0142uj\u0119 XIX Sesj\u0119 Rady Gminy Tuplice VII Kadencji w dniu 27 wrze\u015bnia 2016 roku (wtorek) o godz. 900 w Du\u017cej Sali GOK w Tuplicach, przy ul. Mickiewicza.Proponowany porz\u0105dek obrad: 1. Otwarcie obrad","canonical_url":"https:\/\/tuplice.pl\/index.php\/2016\/09\/19\/xix-sesja-rady-gminy-tuplice-2\/","robots":"max-image-preview:large","keywords":"","webmasterTools":{"miscellaneous":""},"schema":{"@context":"https:\/\/schema.org","@graph":[{"@type":"BlogPosting","@id":"https:\/\/tuplice.pl\/index.php\/2016\/09\/19\/xix-sesja-rady-gminy-tuplice-2\/#blogposting","name":"XIX Sesja Rady Gminy Tuplice - Gmina Tuplice","headline":"XIX Sesja Rady Gminy Tuplice","author":{"@id":"https:\/\/tuplice.pl\/index.php\/author\/admin-2\/#author"},"publisher":{"@id":"https:\/\/tuplice.pl\/#organization"},"image":{"@type":"ImageObject","url":"https:\/\/tuplice.pl\/wp-content\/uploads\/2025\/07\/images.png","@id":"https:\/\/tuplice.pl\/#articleImage","width":282,"height":179},"datePublished":"2016-09-19T14:50:07+02:00","dateModified":"2016-09-19T14:50:07+02:00","inLanguage":"pl-PL","mainEntityOfPage":{"@id":"https:\/\/tuplice.pl\/index.php\/2016\/09\/19\/xix-sesja-rady-gminy-tuplice-2\/#webpage"},"isPartOf":{"@id":"https:\/\/tuplice.pl\/index.php\/2016\/09\/19\/xix-sesja-rady-gminy-tuplice-2\/#webpage"},"articleSection":"Aktualno\u015bci"},{"@type":"BreadcrumbList","@id":"https:\/\/tuplice.pl\/index.php\/2016\/09\/19\/xix-sesja-rady-gminy-tuplice-2\/#breadcrumblist","itemListElement":[{"@type":"ListItem","@id":"https:\/\/tuplice.pl#listItem","position":1,"name":"Home","item":"https:\/\/tuplice.pl","nextItem":{"@type":"ListItem","@id":"https:\/\/tuplice.pl\/index.php\/category\/aktualnosci\/#listItem","name":"Aktualno\u015bci"}},{"@type":"ListItem","@id":"https:\/\/tuplice.pl\/index.php\/category\/aktualnosci\/#listItem","position":2,"name":"Aktualno\u015bci","item":"https:\/\/tuplice.pl\/index.php\/category\/aktualnosci\/","nextItem":{"@type":"ListItem","@id":"https:\/\/tuplice.pl\/index.php\/2016\/09\/19\/xix-sesja-rady-gminy-tuplice-2\/#listItem","name":"XIX Sesja Rady Gminy Tuplice"},"previousItem":{"@type":"ListItem","@id":"https:\/\/tuplice.pl#listItem","name":"Home"}},{"@type":"ListItem","@id":"https:\/\/tuplice.pl\/index.php\/2016\/09\/19\/xix-sesja-rady-gminy-tuplice-2\/#listItem","position":3,"name":"XIX Sesja Rady Gminy Tuplice","previousItem":{"@type":"ListItem","@id":"https:\/\/tuplice.pl\/index.php\/category\/aktualnosci\/#listItem","name":"Aktualno\u015bci"}}]},{"@type":"Organization","@id":"https:\/\/tuplice.pl\/#organization","name":"Gmina Tuplice Gmina Tuplice","description":"Strona Gminy Tuplice Strona Urz\u0119du Gminy Tuplice","url":"https:\/\/tuplice.pl\/","telephone":"+48683625720","logo":{"@type":"ImageObject","url":"https:\/\/tuplice.pl\/wp-content\/uploads\/2025\/07\/images.png","@id":"https:\/\/tuplice.pl\/index.php\/2016\/09\/19\/xix-sesja-rady-gminy-tuplice-2\/#organizationLogo","width":282,"height":179},"image":{"@id":"https:\/\/tuplice.pl\/index.php\/2016\/09\/19\/xix-sesja-rady-gminy-tuplice-2\/#organizationLogo"},"sameAs":["https:\/\/facebook.com\/Tuplicki Biuletyn Informacyjny","https:\/\/pinterest.com\/Tuplicki Biuletyn Informacyjny","https:\/\/youtube.com\/Tuplicki Biuletyn Informacyjny"]},{"@type":"Person","@id":"https:\/\/tuplice.pl\/index.php\/author\/admin-2\/#author","url":"https:\/\/tuplice.pl\/index.php\/author\/admin-2\/","name":"admin","image":{"@type":"ImageObject","@id":"https:\/\/tuplice.pl\/index.php\/2016\/09\/19\/xix-sesja-rady-gminy-tuplice-2\/#authorImage","url":"https:\/\/secure.gravatar.com\/avatar\/8a55bb0a6c2b7d7d608f6e5c7d99e391?s=96&d=mm&r=g","width":96,"height":96,"caption":"admin"}},{"@type":"WebPage","@id":"https:\/\/tuplice.pl\/index.php\/2016\/09\/19\/xix-sesja-rady-gminy-tuplice-2\/#webpage","url":"https:\/\/tuplice.pl\/index.php\/2016\/09\/19\/xix-sesja-rady-gminy-tuplice-2\/","name":"XIX Sesja Rady Gminy Tuplice - Gmina Tuplice","description":"Zgodnie z art. 20 ust. 1 ustawy z dnia 8 marca 1990 r. o samorz\u0105dzie gminnym (Dz. U. z 2016 r., poz. 446) zwo\u0142uj\u0119 XIX Sesj\u0119 Rady Gminy Tuplice VII Kadencji w dniu 27 wrze\u015bnia 2016 roku (wtorek) o godz. 900 w Du\u017cej Sali GOK w Tuplicach, przy ul. Mickiewicza.Proponowany porz\u0105dek obrad: 1. Otwarcie obrad","inLanguage":"pl-PL","isPartOf":{"@id":"https:\/\/tuplice.pl\/#website"},"breadcrumb":{"@id":"https:\/\/tuplice.pl\/index.php\/2016\/09\/19\/xix-sesja-rady-gminy-tuplice-2\/#breadcrumblist"},"author":{"@id":"https:\/\/tuplice.pl\/index.php\/author\/admin-2\/#author"},"creator":{"@id":"https:\/\/tuplice.pl\/index.php\/author\/admin-2\/#author"},"datePublished":"2016-09-19T14:50:07+02:00","dateModified":"2016-09-19T14:50:07+02:00"},{"@type":"WebSite","@id":"https:\/\/tuplice.pl\/#website","url":"https:\/\/tuplice.pl\/","name":"Gmina Tuplice","description":"Strona Gminy Tuplice","inLanguage":"pl-PL","publisher":{"@id":"https:\/\/tuplice.pl\/#organization"}}]},"og:locale":"pl_PL","og:site_name":"Gmina Tuplice - Strona Gminy Tuplice","og:type":"article","og:title":"XIX Sesja Rady Gminy Tuplice - Gmina Tuplice","og:description":"Zgodnie z art. 20 ust. 1 ustawy z dnia 8 marca 1990 r. o samorz\u0105dzie gminnym (Dz. U. z 2016 r., poz. 446) zwo\u0142uj\u0119 XIX Sesj\u0119 Rady Gminy Tuplice VII Kadencji w dniu 27 wrze\u015bnia 2016 roku (wtorek) o godz. 900 w Du\u017cej Sali GOK w Tuplicach, przy ul. Mickiewicza.Proponowany porz\u0105dek obrad: 1. Otwarcie obrad","og:url":"https:\/\/tuplice.pl\/index.php\/2016\/09\/19\/xix-sesja-rady-gminy-tuplice-2\/","article:published_time":"2016-09-19T12:50:07+00:00","article:modified_time":"2016-09-19T12:50:07+00:00","article:publisher":"https:\/\/facebook.com\/Tuplicki Biuletyn Informacyjny","twitter:card":"summary_large_image","twitter:title":"XIX Sesja Rady Gminy Tuplice - Gmina Tuplice","twitter:description":"Zgodnie z art. 20 ust. 1 ustawy z dnia 8 marca 1990 r. o samorz\u0105dzie gminnym (Dz. U. z 2016 r., poz. 446) zwo\u0142uj\u0119 XIX Sesj\u0119 Rady Gminy Tuplice VII Kadencji w dniu 27 wrze\u015bnia 2016 roku (wtorek) o godz. 900 w Du\u017cej Sali GOK w Tuplicach, przy ul. Mickiewicza.Proponowany porz\u0105dek obrad: 1. Otwarcie obrad"},"aioseo_meta_data":{"post_id":"1484","title":null,"description":null,"keywords":null,"keyphrases":null,"primary_term":null,"canonical_url":null,"og_title":null,"og_description":null,"og_object_type":"default","og_image_type":"default","og_image_url":null,"og_image_width":null,"og_image_height":null,"og_image_custom_url":null,"og_image_custom_fields":null,"og_video":null,"og_custom_url":null,"og_article_section":null,"og_article_tags":null,"twitter_use_og":false,"twitter_card":"default","twitter_image_type":"default","twitter_image_url":null,"twitter_image_custom_url":null,"twitter_image_custom_fields":null,"twitter_title":null,"twitter_description":null,"schema":{"blockGraphs":[],"customGraphs":[],"default":{"data":{"Article":[],"Course":[],"Dataset":[],"FAQPage":[],"Movie":[],"Person":[],"Product":[],"ProductReview":[],"Car":[],"Recipe":[],"Service":[],"SoftwareApplication":[],"WebPage":[]},"graphName":"","isEnabled":true},"graphs":[]},"schema_type":"default","schema_type_options":null,"pillar_content":false,"robots_default":true,"robots_noindex":false,"robots_noarchive":false,"robots_nosnippet":false,"robots_nofollow":false,"robots_noimageindex":false,"robots_noodp":false,"robots_notranslate":false,"robots_max_snippet":null,"robots_max_videopreview":null,"robots_max_imagepreview":"large","priority":null,"frequency":null,"local_seo":null,"breadcrumb_settings":null,"limit_modified_date":false,"ai":null,"created":"2025-07-22 21:32:40","updated":"2025-07-22 21:32:40","seo_analyzer_scan_date":null},"aioseo_breadcrumb":"<div class=\"aioseo-breadcrumbs\"><span class=\"aioseo-breadcrumb\">\n\t\t\t<a href=\"https:\/\/tuplice.pl\" title=\"Home\">Home<\/a>\n\t\t<\/span><span class=\"aioseo-breadcrumb-separator\">&raquo;<\/span><span class=\"aioseo-breadcrumb\">\n\t\t\t<a href=\"https:\/\/tuplice.pl\/index.php\/category\/aktualnosci\/\" title=\"Aktualno\u015bci\">Aktualno\u015bci<\/a>\n\t\t<\/span><span class=\"aioseo-breadcrumb-separator\">&raquo;<\/span><span class=\"aioseo-breadcrumb\">\n\t\t\tXIX Sesja Rady Gminy Tuplice\n\t\t<\/span><\/div>","aioseo_breadcrumb_json":[{"label":"Home","link":"https:\/\/tuplice.pl"},{"label":"Aktualno\u015bci","link":"https:\/\/tuplice.pl\/index.php\/category\/aktualnosci\/"},{"label":"XIX Sesja Rady Gminy Tuplice","link":"https:\/\/tuplice.pl\/index.php\/2016\/09\/19\/xix-sesja-rady-gminy-tuplice-2\/"}],"a3_pvc":{"activated":false,"total_views":0,"today_views":0},"_links":{"self":[{"href":"https:\/\/tuplice.pl\/index.php\/wp-json\/wp\/v2\/posts\/1484"}],"collection":[{"href":"https:\/\/tuplice.pl\/index.php\/wp-json\/wp\/v2\/posts"}],"about":[{"href":"https:\/\/tuplice.pl\/index.php\/wp-json\/wp\/v2\/types\/post"}],"author":[{"embeddable":true,"href":"https:\/\/tuplice.pl\/index.php\/wp-json\/wp\/v2\/users\/4"}],"replies":[{"embeddable":true,"href":"https:\/\/tuplice.pl\/index.php\/wp-json\/wp\/v2\/comments?post=1484"}],"version-history":[{"count":0,"href":"https:\/\/tuplice.pl\/index.php\/wp-json\/wp\/v2\/posts\/1484\/revisions"}],"wp:attachment":[{"href":"https:\/\/tuplice.pl\/index.php\/wp-json\/wp\/v2\/media?parent=1484"}],"wp:term":[{"taxonomy":"category","embeddable":true,"href":"https:\/\/tuplice.pl\/index.php\/wp-json\/wp\/v2\/categories?post=1484"},{"taxonomy":"post_tag","embeddable":true,"href":"https:\/\/tuplice.pl\/index.php\/wp-json\/wp\/v2\/tags?post=1484"}],"curies":[{"name":"wp","href":"https:\/\/api.w.org\/{rel}","templated":true}]}}