{"id":1554,"date":"2016-12-15T11:29:47","date_gmt":"2016-12-15T10:29:47","guid":{"rendered":"https:\/\/tuplice.pl\/z-a-w-i-a-d-o-m-i-e-n-i-e-starosty-powiatu-zarskiego\/"},"modified":"2016-12-15T11:29:47","modified_gmt":"2016-12-15T10:29:47","slug":"z-a-w-i-a-d-o-m-i-e-n-i-e-starosty-powiatu-zarskiego","status":"publish","type":"post","link":"https:\/\/tuplice.pl\/index.php\/2016\/12\/15\/z-a-w-i-a-d-o-m-i-e-n-i-e-starosty-powiatu-zarskiego\/","title":{"rendered":"ZAWIADOMIENIE STAROSTY POWIATU \u017bARSKIEGO"},"content":{"rendered":"<p>Zgodnie z art. 24a ust.1 ustawy z dnia 17 maja 1989 r. Prawo geodezyjne i kartograficzne (t.j. Dz.U. z 2016 r., poz.1629)<\/p>\n<p style=\"text-align: center;\"><strong>z a w i a d a m i a m<\/strong><br \/><strong>o wy\u0142o\u017ceniu do wgl\u0105du projektu za\u0142o\u017cenia ewidencji grunt\u00f3w i mapy ewidencyjnej dla obr\u0119b\u00f3w wiejskich gminy TUPLICE<\/strong><\/p>\n<p>Dokumentacja tego projektu sk\u0142ada si\u0119 z: rejestru grunt\u00f3w i mapy ewidencyjnej.<br \/>Projekt b\u0119dzie udost\u0119pniony do wgl\u0105du w dniach roboczych od 2 do 23 stycznia\u00a0 2017\u00a0 r. w siedzibie Starostwa Powiatowego w \u017barach \u2013 Wydzia\u0142 Geodezji i Katastru \u2013 Al. Jana Paw\u0142a II 6<\/p>\n<p><strong>Projekt b\u0119dzie wy\u0142o\u017cony w godzinach: 900 do 1400 wszystkim\u00a0 zainteresowanym osobom fizycznym, prawnym i jednostkom organizacyjnym posiadaj\u0105cym swoje nieruchomo\u015bci lokalowe i budynkowe.<\/strong><\/p>\n<p>Osoby te, po zapoznaniu si\u0119 z danymi ewidencyjnymi wykazanymi w opracowanym projekcie, mog\u0105 zg\u0142asza\u0107 swoje uwagi i zastrze\u017cenia, kt\u00f3re zostan\u0105 odnotowane w protokole og\u0142oszenia stanu w\u0142adania. Niestawienie si\u0119 w terminie i miejscu okre\u015blonym w niniejszym zawiadomieniu, nie stanowi przeszkody w kontynuowaniu post\u0119powania w sprawie za\u0142o\u017cenia ewidencji budynk\u00f3w i lokali, zatwierdzeniu operatu opisowo-kartograficznego i ujawnieniu nowych danych w ewidencji grunt\u00f3w i budynk\u00f3w.<\/p>\n<p>Prosi si\u0119 osoby zainteresowane o zabranie ze sob\u0105 dokument\u00f3w to\u017csamo\u015bci (Nr PESEL, NIP) oraz innych dokument\u00f3w potwierdzaj\u0105cych nabycie praw do nieruchomo\u015bci.<\/p>\n<p style=\"text-align: right;\">STAROSTA<br \/>Janusz Dudoj\u0107<\/p>\n","protected":false},"excerpt":{"rendered":"<p>Zgodnie z art. 24a ust.1 ustawy z dnia 17 maja 1989 r. Prawo geodezyjne i kartograficzne (t.j. Dz.U. z 2016 r., poz.1629) z a w i a d a m i a mo wy\u0142o\u017ceniu do wgl\u0105du projektu za\u0142o\u017cenia ewidencji grunt\u00f3w i mapy ewidencyjnej dla obr\u0119b\u00f3w wiejskich gminy TUPLICE Dokumentacja tego projektu sk\u0142ada si\u0119 z: rejestru [&hellip;]<\/p>\n","protected":false},"author":4,"featured_media":0,"comment_status":"closed","ping_status":"closed","sticky":false,"template":"","format":"standard","meta":{"_et_pb_use_builder":"","_et_pb_old_content":"","_et_gb_content_width":"","_monsterinsights_skip_tracking":false},"categories":[82],"tags":[],"aioseo_notices":[],"aioseo_head":"\n\t\t<!-- All in One SEO 4.9.10 - aioseo.com -->\n\t<meta name=\"description\" content=\"Zgodnie z art. 24a ust.1 ustawy z dnia 17 maja 1989 r. Prawo geodezyjne i kartograficzne (t.j. Dz.U. z 2016 r., poz.1629) z a w i a d a m i a mo wy\u0142o\u017ceniu do wgl\u0105du projektu za\u0142o\u017cenia ewidencji grunt\u00f3w i mapy ewidencyjnej dla obr\u0119b\u00f3w wiejskich gminy TUPLICE Dokumentacja tego projektu sk\u0142ada si\u0119 z: rejestru\" \/>\n\t<meta name=\"robots\" content=\"max-image-preview:large\" \/>\n\t<meta name=\"author\" content=\"admin\"\/>\n\t<link rel=\"canonical\" href=\"https:\/\/tuplice.pl\/index.php\/2016\/12\/15\/z-a-w-i-a-d-o-m-i-e-n-i-e-starosty-powiatu-zarskiego\/\" \/>\n\t<meta name=\"generator\" content=\"All in One SEO (AIOSEO) 4.9.10\" \/>\n\t\t<meta property=\"og:locale\" content=\"pl_PL\" \/>\n\t\t<meta property=\"og:site_name\" content=\"Gmina Tuplice - Strona Gminy Tuplice\" \/>\n\t\t<meta property=\"og:type\" content=\"article\" \/>\n\t\t<meta property=\"og:title\" content=\"ZAWIADOMIENIE STAROSTY POWIATU \u017bARSKIEGO - Gmina Tuplice\" \/>\n\t\t<meta property=\"og:description\" content=\"Zgodnie z art. 24a ust.1 ustawy z dnia 17 maja 1989 r. Prawo geodezyjne i kartograficzne (t.j. Dz.U. z 2016 r., poz.1629) z a w i a d a m i a mo wy\u0142o\u017ceniu do wgl\u0105du projektu za\u0142o\u017cenia ewidencji grunt\u00f3w i mapy ewidencyjnej dla obr\u0119b\u00f3w wiejskich gminy TUPLICE Dokumentacja tego projektu sk\u0142ada si\u0119 z: rejestru\" \/>\n\t\t<meta property=\"og:url\" content=\"https:\/\/tuplice.pl\/index.php\/2016\/12\/15\/z-a-w-i-a-d-o-m-i-e-n-i-e-starosty-powiatu-zarskiego\/\" \/>\n\t\t<meta property=\"article:published_time\" content=\"2016-12-15T10:29:47+00:00\" \/>\n\t\t<meta property=\"article:modified_time\" content=\"2016-12-15T10:29:47+00:00\" \/>\n\t\t<meta property=\"article:publisher\" content=\"https:\/\/facebook.com\/Tuplicki Biuletyn Informacyjny\" \/>\n\t\t<meta name=\"twitter:card\" content=\"summary_large_image\" \/>\n\t\t<meta name=\"twitter:title\" content=\"ZAWIADOMIENIE STAROSTY POWIATU \u017bARSKIEGO - Gmina Tuplice\" \/>\n\t\t<meta name=\"twitter:description\" content=\"Zgodnie z art. 24a ust.1 ustawy z dnia 17 maja 1989 r. Prawo geodezyjne i kartograficzne (t.j. Dz.U. z 2016 r., poz.1629) z a w i a d a m i a mo wy\u0142o\u017ceniu do wgl\u0105du projektu za\u0142o\u017cenia ewidencji grunt\u00f3w i mapy ewidencyjnej dla obr\u0119b\u00f3w wiejskich gminy TUPLICE Dokumentacja tego projektu sk\u0142ada si\u0119 z: rejestru\" \/>\n\t\t<script type=\"application\/ld+json\" class=\"aioseo-schema\">\n\t\t\t{\"@context\":\"https:\\\/\\\/schema.org\",\"@graph\":[{\"@type\":\"BlogPosting\",\"@id\":\"https:\\\/\\\/tuplice.pl\\\/index.php\\\/2016\\\/12\\\/15\\\/z-a-w-i-a-d-o-m-i-e-n-i-e-starosty-powiatu-zarskiego\\\/#blogposting\",\"name\":\"ZAWIADOMIENIE STAROSTY POWIATU \\u017bARSKIEGO - Gmina Tuplice\",\"headline\":\"ZAWIADOMIENIE STAROSTY POWIATU \\u017bARSKIEGO\",\"author\":{\"@id\":\"https:\\\/\\\/tuplice.pl\\\/index.php\\\/author\\\/admin-2\\\/#author\"},\"publisher\":{\"@id\":\"https:\\\/\\\/tuplice.pl\\\/#organization\"},\"image\":{\"@type\":\"ImageObject\",\"url\":\"https:\\\/\\\/tuplice.pl\\\/wp-content\\\/uploads\\\/2025\\\/07\\\/images.png\",\"@id\":\"https:\\\/\\\/tuplice.pl\\\/#articleImage\",\"width\":282,\"height\":179},\"datePublished\":\"2016-12-15T11:29:47+01:00\",\"dateModified\":\"2016-12-15T11:29:47+01:00\",\"inLanguage\":\"pl-PL\",\"mainEntityOfPage\":{\"@id\":\"https:\\\/\\\/tuplice.pl\\\/index.php\\\/2016\\\/12\\\/15\\\/z-a-w-i-a-d-o-m-i-e-n-i-e-starosty-powiatu-zarskiego\\\/#webpage\"},\"isPartOf\":{\"@id\":\"https:\\\/\\\/tuplice.pl\\\/index.php\\\/2016\\\/12\\\/15\\\/z-a-w-i-a-d-o-m-i-e-n-i-e-starosty-powiatu-zarskiego\\\/#webpage\"},\"articleSection\":\"Aktualno\\u015bci\"},{\"@type\":\"BreadcrumbList\",\"@id\":\"https:\\\/\\\/tuplice.pl\\\/index.php\\\/2016\\\/12\\\/15\\\/z-a-w-i-a-d-o-m-i-e-n-i-e-starosty-powiatu-zarskiego\\\/#breadcrumblist\",\"itemListElement\":[{\"@type\":\"ListItem\",\"@id\":\"https:\\\/\\\/tuplice.pl#listItem\",\"position\":1,\"name\":\"Home\",\"item\":\"https:\\\/\\\/tuplice.pl\",\"nextItem\":{\"@type\":\"ListItem\",\"@id\":\"https:\\\/\\\/tuplice.pl\\\/index.php\\\/category\\\/aktualnosci\\\/#listItem\",\"name\":\"Aktualno\\u015bci\"}},{\"@type\":\"ListItem\",\"@id\":\"https:\\\/\\\/tuplice.pl\\\/index.php\\\/category\\\/aktualnosci\\\/#listItem\",\"position\":2,\"name\":\"Aktualno\\u015bci\",\"item\":\"https:\\\/\\\/tuplice.pl\\\/index.php\\\/category\\\/aktualnosci\\\/\",\"nextItem\":{\"@type\":\"ListItem\",\"@id\":\"https:\\\/\\\/tuplice.pl\\\/index.php\\\/2016\\\/12\\\/15\\\/z-a-w-i-a-d-o-m-i-e-n-i-e-starosty-powiatu-zarskiego\\\/#listItem\",\"name\":\"ZAWIADOMIENIE STAROSTY POWIATU \\u017bARSKIEGO\"},\"previousItem\":{\"@type\":\"ListItem\",\"@id\":\"https:\\\/\\\/tuplice.pl#listItem\",\"name\":\"Home\"}},{\"@type\":\"ListItem\",\"@id\":\"https:\\\/\\\/tuplice.pl\\\/index.php\\\/2016\\\/12\\\/15\\\/z-a-w-i-a-d-o-m-i-e-n-i-e-starosty-powiatu-zarskiego\\\/#listItem\",\"position\":3,\"name\":\"ZAWIADOMIENIE STAROSTY POWIATU \\u017bARSKIEGO\",\"previousItem\":{\"@type\":\"ListItem\",\"@id\":\"https:\\\/\\\/tuplice.pl\\\/index.php\\\/category\\\/aktualnosci\\\/#listItem\",\"name\":\"Aktualno\\u015bci\"}}]},{\"@type\":\"Organization\",\"@id\":\"https:\\\/\\\/tuplice.pl\\\/#organization\",\"name\":\"Gmina Tuplice Gmina Tuplice\",\"description\":\"Strona Gminy Tuplice Strona Urz\\u0119du Gminy Tuplice\",\"url\":\"https:\\\/\\\/tuplice.pl\\\/\",\"telephone\":\"+48683625720\",\"logo\":{\"@type\":\"ImageObject\",\"url\":\"https:\\\/\\\/tuplice.pl\\\/wp-content\\\/uploads\\\/2025\\\/07\\\/images.png\",\"@id\":\"https:\\\/\\\/tuplice.pl\\\/index.php\\\/2016\\\/12\\\/15\\\/z-a-w-i-a-d-o-m-i-e-n-i-e-starosty-powiatu-zarskiego\\\/#organizationLogo\",\"width\":282,\"height\":179},\"image\":{\"@id\":\"https:\\\/\\\/tuplice.pl\\\/index.php\\\/2016\\\/12\\\/15\\\/z-a-w-i-a-d-o-m-i-e-n-i-e-starosty-powiatu-zarskiego\\\/#organizationLogo\"},\"sameAs\":[\"https:\\\/\\\/facebook.com\\\/Tuplicki Biuletyn Informacyjny\",\"https:\\\/\\\/pinterest.com\\\/Tuplicki Biuletyn Informacyjny\",\"https:\\\/\\\/youtube.com\\\/Tuplicki Biuletyn Informacyjny\"]},{\"@type\":\"Person\",\"@id\":\"https:\\\/\\\/tuplice.pl\\\/index.php\\\/author\\\/admin-2\\\/#author\",\"url\":\"https:\\\/\\\/tuplice.pl\\\/index.php\\\/author\\\/admin-2\\\/\",\"name\":\"admin\",\"image\":{\"@type\":\"ImageObject\",\"@id\":\"https:\\\/\\\/tuplice.pl\\\/index.php\\\/2016\\\/12\\\/15\\\/z-a-w-i-a-d-o-m-i-e-n-i-e-starosty-powiatu-zarskiego\\\/#authorImage\",\"url\":\"https:\\\/\\\/secure.gravatar.com\\\/avatar\\\/8a55bb0a6c2b7d7d608f6e5c7d99e391?s=96&d=mm&r=g\",\"width\":96,\"height\":96,\"caption\":\"admin\"}},{\"@type\":\"WebPage\",\"@id\":\"https:\\\/\\\/tuplice.pl\\\/index.php\\\/2016\\\/12\\\/15\\\/z-a-w-i-a-d-o-m-i-e-n-i-e-starosty-powiatu-zarskiego\\\/#webpage\",\"url\":\"https:\\\/\\\/tuplice.pl\\\/index.php\\\/2016\\\/12\\\/15\\\/z-a-w-i-a-d-o-m-i-e-n-i-e-starosty-powiatu-zarskiego\\\/\",\"name\":\"ZAWIADOMIENIE STAROSTY POWIATU \\u017bARSKIEGO - Gmina Tuplice\",\"description\":\"Zgodnie z art. 24a ust.1 ustawy z dnia 17 maja 1989 r. Prawo geodezyjne i kartograficzne (t.j. Dz.U. z 2016 r., poz.1629) z a w i a d a m i a mo wy\\u0142o\\u017ceniu do wgl\\u0105du projektu za\\u0142o\\u017cenia ewidencji grunt\\u00f3w i mapy ewidencyjnej dla obr\\u0119b\\u00f3w wiejskich gminy TUPLICE Dokumentacja tego projektu sk\\u0142ada si\\u0119 z: rejestru\",\"inLanguage\":\"pl-PL\",\"isPartOf\":{\"@id\":\"https:\\\/\\\/tuplice.pl\\\/#website\"},\"breadcrumb\":{\"@id\":\"https:\\\/\\\/tuplice.pl\\\/index.php\\\/2016\\\/12\\\/15\\\/z-a-w-i-a-d-o-m-i-e-n-i-e-starosty-powiatu-zarskiego\\\/#breadcrumblist\"},\"author\":{\"@id\":\"https:\\\/\\\/tuplice.pl\\\/index.php\\\/author\\\/admin-2\\\/#author\"},\"creator\":{\"@id\":\"https:\\\/\\\/tuplice.pl\\\/index.php\\\/author\\\/admin-2\\\/#author\"},\"datePublished\":\"2016-12-15T11:29:47+01:00\",\"dateModified\":\"2016-12-15T11:29:47+01:00\"},{\"@type\":\"WebSite\",\"@id\":\"https:\\\/\\\/tuplice.pl\\\/#website\",\"url\":\"https:\\\/\\\/tuplice.pl\\\/\",\"name\":\"Gmina Tuplice\",\"description\":\"Strona Gminy Tuplice\",\"inLanguage\":\"pl-PL\",\"publisher\":{\"@id\":\"https:\\\/\\\/tuplice.pl\\\/#organization\"}}]}\n\t\t<\/script>\n\t\t<!-- All in One SEO -->\n\n","aioseo_head_json":{"title":"ZAWIADOMIENIE STAROSTY POWIATU \u017bARSKIEGO - Gmina Tuplice","description":"Zgodnie z art. 24a ust.1 ustawy z dnia 17 maja 1989 r. Prawo geodezyjne i kartograficzne (t.j. Dz.U. z 2016 r., poz.1629) z a w i a d a m i a mo wy\u0142o\u017ceniu do wgl\u0105du projektu za\u0142o\u017cenia ewidencji grunt\u00f3w i mapy ewidencyjnej dla obr\u0119b\u00f3w wiejskich gminy TUPLICE Dokumentacja tego projektu sk\u0142ada si\u0119 z: rejestru","canonical_url":"https:\/\/tuplice.pl\/index.php\/2016\/12\/15\/z-a-w-i-a-d-o-m-i-e-n-i-e-starosty-powiatu-zarskiego\/","robots":"max-image-preview:large","keywords":"","webmasterTools":{"miscellaneous":""},"schema":{"@context":"https:\/\/schema.org","@graph":[{"@type":"BlogPosting","@id":"https:\/\/tuplice.pl\/index.php\/2016\/12\/15\/z-a-w-i-a-d-o-m-i-e-n-i-e-starosty-powiatu-zarskiego\/#blogposting","name":"ZAWIADOMIENIE STAROSTY POWIATU \u017bARSKIEGO - Gmina Tuplice","headline":"ZAWIADOMIENIE STAROSTY POWIATU \u017bARSKIEGO","author":{"@id":"https:\/\/tuplice.pl\/index.php\/author\/admin-2\/#author"},"publisher":{"@id":"https:\/\/tuplice.pl\/#organization"},"image":{"@type":"ImageObject","url":"https:\/\/tuplice.pl\/wp-content\/uploads\/2025\/07\/images.png","@id":"https:\/\/tuplice.pl\/#articleImage","width":282,"height":179},"datePublished":"2016-12-15T11:29:47+01:00","dateModified":"2016-12-15T11:29:47+01:00","inLanguage":"pl-PL","mainEntityOfPage":{"@id":"https:\/\/tuplice.pl\/index.php\/2016\/12\/15\/z-a-w-i-a-d-o-m-i-e-n-i-e-starosty-powiatu-zarskiego\/#webpage"},"isPartOf":{"@id":"https:\/\/tuplice.pl\/index.php\/2016\/12\/15\/z-a-w-i-a-d-o-m-i-e-n-i-e-starosty-powiatu-zarskiego\/#webpage"},"articleSection":"Aktualno\u015bci"},{"@type":"BreadcrumbList","@id":"https:\/\/tuplice.pl\/index.php\/2016\/12\/15\/z-a-w-i-a-d-o-m-i-e-n-i-e-starosty-powiatu-zarskiego\/#breadcrumblist","itemListElement":[{"@type":"ListItem","@id":"https:\/\/tuplice.pl#listItem","position":1,"name":"Home","item":"https:\/\/tuplice.pl","nextItem":{"@type":"ListItem","@id":"https:\/\/tuplice.pl\/index.php\/category\/aktualnosci\/#listItem","name":"Aktualno\u015bci"}},{"@type":"ListItem","@id":"https:\/\/tuplice.pl\/index.php\/category\/aktualnosci\/#listItem","position":2,"name":"Aktualno\u015bci","item":"https:\/\/tuplice.pl\/index.php\/category\/aktualnosci\/","nextItem":{"@type":"ListItem","@id":"https:\/\/tuplice.pl\/index.php\/2016\/12\/15\/z-a-w-i-a-d-o-m-i-e-n-i-e-starosty-powiatu-zarskiego\/#listItem","name":"ZAWIADOMIENIE STAROSTY POWIATU \u017bARSKIEGO"},"previousItem":{"@type":"ListItem","@id":"https:\/\/tuplice.pl#listItem","name":"Home"}},{"@type":"ListItem","@id":"https:\/\/tuplice.pl\/index.php\/2016\/12\/15\/z-a-w-i-a-d-o-m-i-e-n-i-e-starosty-powiatu-zarskiego\/#listItem","position":3,"name":"ZAWIADOMIENIE STAROSTY POWIATU \u017bARSKIEGO","previousItem":{"@type":"ListItem","@id":"https:\/\/tuplice.pl\/index.php\/category\/aktualnosci\/#listItem","name":"Aktualno\u015bci"}}]},{"@type":"Organization","@id":"https:\/\/tuplice.pl\/#organization","name":"Gmina Tuplice Gmina Tuplice","description":"Strona Gminy Tuplice Strona Urz\u0119du Gminy Tuplice","url":"https:\/\/tuplice.pl\/","telephone":"+48683625720","logo":{"@type":"ImageObject","url":"https:\/\/tuplice.pl\/wp-content\/uploads\/2025\/07\/images.png","@id":"https:\/\/tuplice.pl\/index.php\/2016\/12\/15\/z-a-w-i-a-d-o-m-i-e-n-i-e-starosty-powiatu-zarskiego\/#organizationLogo","width":282,"height":179},"image":{"@id":"https:\/\/tuplice.pl\/index.php\/2016\/12\/15\/z-a-w-i-a-d-o-m-i-e-n-i-e-starosty-powiatu-zarskiego\/#organizationLogo"},"sameAs":["https:\/\/facebook.com\/Tuplicki Biuletyn Informacyjny","https:\/\/pinterest.com\/Tuplicki Biuletyn Informacyjny","https:\/\/youtube.com\/Tuplicki Biuletyn Informacyjny"]},{"@type":"Person","@id":"https:\/\/tuplice.pl\/index.php\/author\/admin-2\/#author","url":"https:\/\/tuplice.pl\/index.php\/author\/admin-2\/","name":"admin","image":{"@type":"ImageObject","@id":"https:\/\/tuplice.pl\/index.php\/2016\/12\/15\/z-a-w-i-a-d-o-m-i-e-n-i-e-starosty-powiatu-zarskiego\/#authorImage","url":"https:\/\/secure.gravatar.com\/avatar\/8a55bb0a6c2b7d7d608f6e5c7d99e391?s=96&d=mm&r=g","width":96,"height":96,"caption":"admin"}},{"@type":"WebPage","@id":"https:\/\/tuplice.pl\/index.php\/2016\/12\/15\/z-a-w-i-a-d-o-m-i-e-n-i-e-starosty-powiatu-zarskiego\/#webpage","url":"https:\/\/tuplice.pl\/index.php\/2016\/12\/15\/z-a-w-i-a-d-o-m-i-e-n-i-e-starosty-powiatu-zarskiego\/","name":"ZAWIADOMIENIE STAROSTY POWIATU \u017bARSKIEGO - Gmina Tuplice","description":"Zgodnie z art. 24a ust.1 ustawy z dnia 17 maja 1989 r. Prawo geodezyjne i kartograficzne (t.j. Dz.U. z 2016 r., poz.1629) z a w i a d a m i a mo wy\u0142o\u017ceniu do wgl\u0105du projektu za\u0142o\u017cenia ewidencji grunt\u00f3w i mapy ewidencyjnej dla obr\u0119b\u00f3w wiejskich gminy TUPLICE Dokumentacja tego projektu sk\u0142ada si\u0119 z: rejestru","inLanguage":"pl-PL","isPartOf":{"@id":"https:\/\/tuplice.pl\/#website"},"breadcrumb":{"@id":"https:\/\/tuplice.pl\/index.php\/2016\/12\/15\/z-a-w-i-a-d-o-m-i-e-n-i-e-starosty-powiatu-zarskiego\/#breadcrumblist"},"author":{"@id":"https:\/\/tuplice.pl\/index.php\/author\/admin-2\/#author"},"creator":{"@id":"https:\/\/tuplice.pl\/index.php\/author\/admin-2\/#author"},"datePublished":"2016-12-15T11:29:47+01:00","dateModified":"2016-12-15T11:29:47+01:00"},{"@type":"WebSite","@id":"https:\/\/tuplice.pl\/#website","url":"https:\/\/tuplice.pl\/","name":"Gmina Tuplice","description":"Strona Gminy Tuplice","inLanguage":"pl-PL","publisher":{"@id":"https:\/\/tuplice.pl\/#organization"}}]},"og:locale":"pl_PL","og:site_name":"Gmina Tuplice - Strona Gminy Tuplice","og:type":"article","og:title":"ZAWIADOMIENIE STAROSTY POWIATU \u017bARSKIEGO - Gmina Tuplice","og:description":"Zgodnie z art. 24a ust.1 ustawy z dnia 17 maja 1989 r. Prawo geodezyjne i kartograficzne (t.j. Dz.U. z 2016 r., poz.1629) z a w i a d a m i a mo wy\u0142o\u017ceniu do wgl\u0105du projektu za\u0142o\u017cenia ewidencji grunt\u00f3w i mapy ewidencyjnej dla obr\u0119b\u00f3w wiejskich gminy TUPLICE Dokumentacja tego projektu sk\u0142ada si\u0119 z: rejestru","og:url":"https:\/\/tuplice.pl\/index.php\/2016\/12\/15\/z-a-w-i-a-d-o-m-i-e-n-i-e-starosty-powiatu-zarskiego\/","article:published_time":"2016-12-15T10:29:47+00:00","article:modified_time":"2016-12-15T10:29:47+00:00","article:publisher":"https:\/\/facebook.com\/Tuplicki Biuletyn Informacyjny","twitter:card":"summary_large_image","twitter:title":"ZAWIADOMIENIE STAROSTY POWIATU \u017bARSKIEGO - Gmina Tuplice","twitter:description":"Zgodnie z art. 24a ust.1 ustawy z dnia 17 maja 1989 r. Prawo geodezyjne i kartograficzne (t.j. Dz.U. z 2016 r., poz.1629) z a w i a d a m i a mo wy\u0142o\u017ceniu do wgl\u0105du projektu za\u0142o\u017cenia ewidencji grunt\u00f3w i mapy ewidencyjnej dla obr\u0119b\u00f3w wiejskich gminy TUPLICE Dokumentacja tego projektu sk\u0142ada si\u0119 z: rejestru"},"aioseo_meta_data":{"post_id":"1554","title":null,"description":null,"keywords":null,"keyphrases":null,"primary_term":null,"canonical_url":null,"og_title":null,"og_description":null,"og_object_type":"default","og_image_type":"default","og_image_url":null,"og_image_width":null,"og_image_height":null,"og_image_custom_url":null,"og_image_custom_fields":null,"og_video":null,"og_custom_url":null,"og_article_section":null,"og_article_tags":null,"twitter_use_og":false,"twitter_card":"default","twitter_image_type":"default","twitter_image_url":null,"twitter_image_custom_url":null,"twitter_image_custom_fields":null,"twitter_title":null,"twitter_description":null,"schema":{"blockGraphs":[],"customGraphs":[],"default":{"data":{"Article":[],"Course":[],"Dataset":[],"FAQPage":[],"Movie":[],"Person":[],"Product":[],"ProductReview":[],"Car":[],"Recipe":[],"Service":[],"SoftwareApplication":[],"WebPage":[]},"graphName":"","isEnabled":true},"graphs":[]},"schema_type":"default","schema_type_options":null,"pillar_content":false,"robots_default":true,"robots_noindex":false,"robots_noarchive":false,"robots_nosnippet":false,"robots_nofollow":false,"robots_noimageindex":false,"robots_noodp":false,"robots_notranslate":false,"robots_max_snippet":null,"robots_max_videopreview":null,"robots_max_imagepreview":"large","priority":null,"frequency":null,"local_seo":null,"breadcrumb_settings":null,"limit_modified_date":false,"ai":null,"created":"2025-07-22 21:50:37","updated":"2025-07-22 21:50:37","seo_analyzer_scan_date":null},"aioseo_breadcrumb":"<div class=\"aioseo-breadcrumbs\"><span class=\"aioseo-breadcrumb\">\n\t\t\t<a href=\"https:\/\/tuplice.pl\" title=\"Home\">Home<\/a>\n\t\t<\/span><span class=\"aioseo-breadcrumb-separator\">&raquo;<\/span><span class=\"aioseo-breadcrumb\">\n\t\t\t<a href=\"https:\/\/tuplice.pl\/index.php\/category\/aktualnosci\/\" title=\"Aktualno\u015bci\">Aktualno\u015bci<\/a>\n\t\t<\/span><span class=\"aioseo-breadcrumb-separator\">&raquo;<\/span><span class=\"aioseo-breadcrumb\">\n\t\t\tZAWIADOMIENIE STAROSTY POWIATU \u017bARSKIEGO\n\t\t<\/span><\/div>","aioseo_breadcrumb_json":[{"label":"Home","link":"https:\/\/tuplice.pl"},{"label":"Aktualno\u015bci","link":"https:\/\/tuplice.pl\/index.php\/category\/aktualnosci\/"},{"label":"ZAWIADOMIENIE STAROSTY POWIATU \u017bARSKIEGO","link":"https:\/\/tuplice.pl\/index.php\/2016\/12\/15\/z-a-w-i-a-d-o-m-i-e-n-i-e-starosty-powiatu-zarskiego\/"}],"a3_pvc":{"activated":false,"total_views":0,"today_views":0},"_links":{"self":[{"href":"https:\/\/tuplice.pl\/index.php\/wp-json\/wp\/v2\/posts\/1554"}],"collection":[{"href":"https:\/\/tuplice.pl\/index.php\/wp-json\/wp\/v2\/posts"}],"about":[{"href":"https:\/\/tuplice.pl\/index.php\/wp-json\/wp\/v2\/types\/post"}],"author":[{"embeddable":true,"href":"https:\/\/tuplice.pl\/index.php\/wp-json\/wp\/v2\/users\/4"}],"replies":[{"embeddable":true,"href":"https:\/\/tuplice.pl\/index.php\/wp-json\/wp\/v2\/comments?post=1554"}],"version-history":[{"count":0,"href":"https:\/\/tuplice.pl\/index.php\/wp-json\/wp\/v2\/posts\/1554\/revisions"}],"wp:attachment":[{"href":"https:\/\/tuplice.pl\/index.php\/wp-json\/wp\/v2\/media?parent=1554"}],"wp:term":[{"taxonomy":"category","embeddable":true,"href":"https:\/\/tuplice.pl\/index.php\/wp-json\/wp\/v2\/categories?post=1554"},{"taxonomy":"post_tag","embeddable":true,"href":"https:\/\/tuplice.pl\/index.php\/wp-json\/wp\/v2\/tags?post=1554"}],"curies":[{"name":"wp","href":"https:\/\/api.w.org\/{rel}","templated":true}]}}