{"id":1573,"date":"2016-12-28T08:09:50","date_gmt":"2016-12-28T07:09:50","guid":{"rendered":"https:\/\/tuplice.pl\/xxii-sesja-rady-gminy-tuplice\/"},"modified":"2016-12-28T08:09:50","modified_gmt":"2016-12-28T07:09:50","slug":"xxii-sesja-rady-gminy-tuplice","status":"publish","type":"post","link":"https:\/\/tuplice.pl\/index.php\/2016\/12\/28\/xxii-sesja-rady-gminy-tuplice\/","title":{"rendered":"XXII Sesja Rady Gminy Tuplice"},"content":{"rendered":"<p>Zgodnie z art. 20 ust. 1 ustawy z dnia 8 marca 1990 r. o samorz\u0105dzie gminnym (Dz. U. z 2016 r., poz. 446 ze zm.) zwo\u0142uj\u0119 XXII Sesj\u0119 Rady Gminy Tuplice VII Kadencji w dniu 29 grudnia 2016 roku (czwartek) o godz. 9:30 w Ma\u0142ej Sali GOK w Tuplicach, przy ul. Mickiewicza.<\/p>\n<p>Proponowany porz\u0105dek obrad:<\/p>\n<p>  <!--more-->  <\/p>\n<p>1. Otwarcie obrad XXII sesji rady gminy.<br \/>2. Wnioski do porz\u0105dku obrad.<br \/>3. Przyj\u0119cie protoko\u0142u z XXI sesji rady gminy.<br \/>4. Informacja nt. bie\u017c\u0105cej pracy W\u00f3jta w okresie mi\u0119dzysesyjnym.<br \/>5. Informacja na temat bie\u017c\u0105cej pracy Przewodnicz\u0105cego Rady w okresie mi\u0119dzysesyjnym.<br \/>6. Informacja z prac komisji sta\u0142ych w okresie mi\u0119dzysesyjnym.<br \/>7. Przyj\u0119cie sprawozda\u0144 Komisji Rewizyjnej z kontroli przeprowadzonych w okresie mi\u0119dzysesyjnym:<br \/>7.1\u00a0 Podj\u0119cie uchwa\u0142y w sprawie: przyj\u0119cia sprawozdania Komisji Rewizyjnej Rady Gminy Tuplice <br \/>z kontroli \u015brodk\u00f3w finansowych wydatkowanych z bud\u017cetu Gminy w 2015 r. przez OSP Tuplice, wydatk\u00f3w na podr\u00f3\u017ce s\u0142u\u017cbowe pracownik\u00f3w Urz\u0119du Gminy oraz celowo\u015bci i ekonomiki wykorzystania pojazd\u00f3w b\u0119d\u0105cych w posiadaniu Urz\u0119du;<br \/>7.2\u00a0 Podj\u0119cie uchwa\u0142y w sprawie: przyj\u0119cia sprawozdania Komisji Rewizyjnej Rady Gminy Tuplice <br \/>z rozliczenia modernizacji boiska wielofunkcyjnego przy ulicy Daszy\u0144skiego w Tuplicach.<br \/>8. Informacja na temat plan\u00f3w pracy komisji sta\u0142ych na 2017 rok.<br \/>9. Przyj\u0119cie planu pracy Rady Gminy Tuplice na 2017 rok.<br \/>\u00a0\u00a0\u00a0 9.1 Podj\u0119cie uchwa\u0142y w sprawie: Planu Pracy Rady Gminy Tuplice na 2017 rok.<br \/>10. Zatwierdzenie planu pracy Komisji Rewizyjnej na 2017 rok.<br \/>\u00a0\u00a0\u00a0\u00a0 10.1 Podj\u0119cie uchwa\u0142y w sprawie: zatwierdzenia Planu Pracy Komisji Rewizyjnej na 2017 rok.<br \/>11. Interpelacje, zapytania i wnioski radnych.<br \/>12. Odpowiedzi na interpelacje, zapytania i wnioski radnych.<br \/>13. Rozpatrzenie projekt\u00f3w i podj\u0119cie uchwa\u0142:<br \/>13.1\u00a0 w sprawie:\u00a0 zmian uchwa\u0142y bud\u017cetowej na rok 2016;<br \/>13.2\u00a0 w sprawie: zmian Wieloletniej Prognozy Finansowej Gminy Tuplice na lata 2016-2023;<br \/>\u00a0\u00a0\u00a0 13.3\u00a0 w sprawie: regulaminu wynagradzania nauczycieli zatrudnionych w o\u015bwiatowych jednostkach <br \/>\u00a0\u00a0\u00a0 organizacyjnych, dla kt\u00f3rych organem prowadz\u0105cym jest Gmina Tuplice; <br \/>\u00a0\u00a0\u00a0 13.4\u00a0 w sprawie: statutu O\u015brodka Pomocy Spo\u0142ecznej w Tuplicach; <br \/>\u00a0\u00a0\u00a0 13.5\u00a0 w sprawie: zmiany sk\u0142adu osobowego Komisji Spo\u0142ecznej;<br \/>\u00a0\u00a0\u00a0 13.6\u00a0 w sprawie: zmiany sk\u0142adu osobowego Komisji Finans\u00f3w;<br \/>\u00a0\u00a0\u00a0 13.7\u00a0 w sprawie: zmiany sk\u0142adu osobowego Komisji Rewizyjnej;<br \/>13.8\u00a0 w sprawie: Uchwa\u0142a Bud\u017cetowa na rok 2017;<br \/>13.9\u00a0 w sprawie: uchwalenia Wieloletniej Prognozy Finansowej Gminy Tuplice na lata 2017-2027;<br \/>13.10 w sprawie: wysoko\u015bci diet dla Radnych Gminy Tuplice;<br \/>14. Sprawy r\u00f3\u017cne.<br \/>15. Zamkni\u0119cie obrad XXII sesji rady gminy.<\/p>\n<p style=\"text-align: right;\">Przewodnicz\u0105cy Rady<br \/>Sylwester Mazurkiewicz<\/p>\n","protected":false},"excerpt":{"rendered":"<p>Zgodnie z art. 20 ust. 1 ustawy z dnia 8 marca 1990 r. o samorz\u0105dzie gminnym (Dz. U. z 2016 r., poz. 446 ze zm.) zwo\u0142uj\u0119 XXII Sesj\u0119 Rady Gminy Tuplice VII Kadencji w dniu 29 grudnia 2016 roku (czwartek) o godz. 9:30 w Ma\u0142ej Sali GOK w Tuplicach, przy ul. Mickiewicza. Proponowany porz\u0105dek obrad:<\/p>\n","protected":false},"author":4,"featured_media":0,"comment_status":"closed","ping_status":"closed","sticky":false,"template":"","format":"standard","meta":{"_et_pb_use_builder":"","_et_pb_old_content":"","_et_gb_content_width":"","_monsterinsights_skip_tracking":false},"categories":[82],"tags":[],"aioseo_notices":[],"aioseo_head":"\n\t\t<!-- All in One SEO 4.9.10 - aioseo.com -->\n\t<meta name=\"description\" content=\"Zgodnie z art. 20 ust. 1 ustawy z dnia 8 marca 1990 r. o samorz\u0105dzie gminnym (Dz. U. z 2016 r., poz. 446 ze zm.) zwo\u0142uj\u0119 XXII Sesj\u0119 Rady Gminy Tuplice VII Kadencji w dniu 29 grudnia 2016 roku (czwartek) o godz. 9:30 w Ma\u0142ej Sali GOK w Tuplicach, przy ul. Mickiewicza.Proponowany porz\u0105dek obrad: 1.\" \/>\n\t<meta name=\"robots\" content=\"max-image-preview:large\" \/>\n\t<meta name=\"author\" content=\"admin\"\/>\n\t<link rel=\"canonical\" href=\"https:\/\/tuplice.pl\/index.php\/2016\/12\/28\/xxii-sesja-rady-gminy-tuplice\/\" \/>\n\t<meta name=\"generator\" content=\"All in One SEO (AIOSEO) 4.9.10\" \/>\n\t\t<meta property=\"og:locale\" content=\"pl_PL\" \/>\n\t\t<meta property=\"og:site_name\" content=\"Gmina Tuplice - Strona Gminy Tuplice\" \/>\n\t\t<meta property=\"og:type\" content=\"article\" \/>\n\t\t<meta property=\"og:title\" content=\"XXII Sesja Rady Gminy Tuplice - Gmina Tuplice\" \/>\n\t\t<meta property=\"og:description\" content=\"Zgodnie z art. 20 ust. 1 ustawy z dnia 8 marca 1990 r. o samorz\u0105dzie gminnym (Dz. U. z 2016 r., poz. 446 ze zm.) zwo\u0142uj\u0119 XXII Sesj\u0119 Rady Gminy Tuplice VII Kadencji w dniu 29 grudnia 2016 roku (czwartek) o godz. 9:30 w Ma\u0142ej Sali GOK w Tuplicach, przy ul. Mickiewicza.Proponowany porz\u0105dek obrad: 1.\" \/>\n\t\t<meta property=\"og:url\" content=\"https:\/\/tuplice.pl\/index.php\/2016\/12\/28\/xxii-sesja-rady-gminy-tuplice\/\" \/>\n\t\t<meta property=\"article:published_time\" content=\"2016-12-28T07:09:50+00:00\" \/>\n\t\t<meta property=\"article:modified_time\" content=\"2016-12-28T07:09:50+00:00\" \/>\n\t\t<meta property=\"article:publisher\" content=\"https:\/\/facebook.com\/Tuplicki Biuletyn Informacyjny\" \/>\n\t\t<meta name=\"twitter:card\" content=\"summary_large_image\" \/>\n\t\t<meta name=\"twitter:title\" content=\"XXII Sesja Rady Gminy Tuplice - Gmina Tuplice\" \/>\n\t\t<meta name=\"twitter:description\" content=\"Zgodnie z art. 20 ust. 1 ustawy z dnia 8 marca 1990 r. o samorz\u0105dzie gminnym (Dz. U. z 2016 r., poz. 446 ze zm.) zwo\u0142uj\u0119 XXII Sesj\u0119 Rady Gminy Tuplice VII Kadencji w dniu 29 grudnia 2016 roku (czwartek) o godz. 9:30 w Ma\u0142ej Sali GOK w Tuplicach, przy ul. Mickiewicza.Proponowany porz\u0105dek obrad: 1.\" \/>\n\t\t<script type=\"application\/ld+json\" class=\"aioseo-schema\">\n\t\t\t{\"@context\":\"https:\\\/\\\/schema.org\",\"@graph\":[{\"@type\":\"BlogPosting\",\"@id\":\"https:\\\/\\\/tuplice.pl\\\/index.php\\\/2016\\\/12\\\/28\\\/xxii-sesja-rady-gminy-tuplice\\\/#blogposting\",\"name\":\"XXII Sesja Rady Gminy Tuplice - Gmina Tuplice\",\"headline\":\"XXII Sesja Rady Gminy Tuplice\",\"author\":{\"@id\":\"https:\\\/\\\/tuplice.pl\\\/index.php\\\/author\\\/admin-2\\\/#author\"},\"publisher\":{\"@id\":\"https:\\\/\\\/tuplice.pl\\\/#organization\"},\"image\":{\"@type\":\"ImageObject\",\"url\":\"https:\\\/\\\/tuplice.pl\\\/wp-content\\\/uploads\\\/2025\\\/07\\\/images.png\",\"@id\":\"https:\\\/\\\/tuplice.pl\\\/#articleImage\",\"width\":282,\"height\":179},\"datePublished\":\"2016-12-28T08:09:50+01:00\",\"dateModified\":\"2016-12-28T08:09:50+01:00\",\"inLanguage\":\"pl-PL\",\"mainEntityOfPage\":{\"@id\":\"https:\\\/\\\/tuplice.pl\\\/index.php\\\/2016\\\/12\\\/28\\\/xxii-sesja-rady-gminy-tuplice\\\/#webpage\"},\"isPartOf\":{\"@id\":\"https:\\\/\\\/tuplice.pl\\\/index.php\\\/2016\\\/12\\\/28\\\/xxii-sesja-rady-gminy-tuplice\\\/#webpage\"},\"articleSection\":\"Aktualno\\u015bci\"},{\"@type\":\"BreadcrumbList\",\"@id\":\"https:\\\/\\\/tuplice.pl\\\/index.php\\\/2016\\\/12\\\/28\\\/xxii-sesja-rady-gminy-tuplice\\\/#breadcrumblist\",\"itemListElement\":[{\"@type\":\"ListItem\",\"@id\":\"https:\\\/\\\/tuplice.pl#listItem\",\"position\":1,\"name\":\"Home\",\"item\":\"https:\\\/\\\/tuplice.pl\",\"nextItem\":{\"@type\":\"ListItem\",\"@id\":\"https:\\\/\\\/tuplice.pl\\\/index.php\\\/category\\\/aktualnosci\\\/#listItem\",\"name\":\"Aktualno\\u015bci\"}},{\"@type\":\"ListItem\",\"@id\":\"https:\\\/\\\/tuplice.pl\\\/index.php\\\/category\\\/aktualnosci\\\/#listItem\",\"position\":2,\"name\":\"Aktualno\\u015bci\",\"item\":\"https:\\\/\\\/tuplice.pl\\\/index.php\\\/category\\\/aktualnosci\\\/\",\"nextItem\":{\"@type\":\"ListItem\",\"@id\":\"https:\\\/\\\/tuplice.pl\\\/index.php\\\/2016\\\/12\\\/28\\\/xxii-sesja-rady-gminy-tuplice\\\/#listItem\",\"name\":\"XXII Sesja Rady Gminy Tuplice\"},\"previousItem\":{\"@type\":\"ListItem\",\"@id\":\"https:\\\/\\\/tuplice.pl#listItem\",\"name\":\"Home\"}},{\"@type\":\"ListItem\",\"@id\":\"https:\\\/\\\/tuplice.pl\\\/index.php\\\/2016\\\/12\\\/28\\\/xxii-sesja-rady-gminy-tuplice\\\/#listItem\",\"position\":3,\"name\":\"XXII Sesja Rady Gminy Tuplice\",\"previousItem\":{\"@type\":\"ListItem\",\"@id\":\"https:\\\/\\\/tuplice.pl\\\/index.php\\\/category\\\/aktualnosci\\\/#listItem\",\"name\":\"Aktualno\\u015bci\"}}]},{\"@type\":\"Organization\",\"@id\":\"https:\\\/\\\/tuplice.pl\\\/#organization\",\"name\":\"Gmina Tuplice Gmina Tuplice\",\"description\":\"Strona Gminy Tuplice Strona Urz\\u0119du Gminy Tuplice\",\"url\":\"https:\\\/\\\/tuplice.pl\\\/\",\"telephone\":\"+48683625720\",\"logo\":{\"@type\":\"ImageObject\",\"url\":\"https:\\\/\\\/tuplice.pl\\\/wp-content\\\/uploads\\\/2025\\\/07\\\/images.png\",\"@id\":\"https:\\\/\\\/tuplice.pl\\\/index.php\\\/2016\\\/12\\\/28\\\/xxii-sesja-rady-gminy-tuplice\\\/#organizationLogo\",\"width\":282,\"height\":179},\"image\":{\"@id\":\"https:\\\/\\\/tuplice.pl\\\/index.php\\\/2016\\\/12\\\/28\\\/xxii-sesja-rady-gminy-tuplice\\\/#organizationLogo\"},\"sameAs\":[\"https:\\\/\\\/facebook.com\\\/Tuplicki Biuletyn Informacyjny\",\"https:\\\/\\\/pinterest.com\\\/Tuplicki Biuletyn Informacyjny\",\"https:\\\/\\\/youtube.com\\\/Tuplicki Biuletyn Informacyjny\"]},{\"@type\":\"Person\",\"@id\":\"https:\\\/\\\/tuplice.pl\\\/index.php\\\/author\\\/admin-2\\\/#author\",\"url\":\"https:\\\/\\\/tuplice.pl\\\/index.php\\\/author\\\/admin-2\\\/\",\"name\":\"admin\",\"image\":{\"@type\":\"ImageObject\",\"@id\":\"https:\\\/\\\/tuplice.pl\\\/index.php\\\/2016\\\/12\\\/28\\\/xxii-sesja-rady-gminy-tuplice\\\/#authorImage\",\"url\":\"https:\\\/\\\/secure.gravatar.com\\\/avatar\\\/8a55bb0a6c2b7d7d608f6e5c7d99e391?s=96&d=mm&r=g\",\"width\":96,\"height\":96,\"caption\":\"admin\"}},{\"@type\":\"WebPage\",\"@id\":\"https:\\\/\\\/tuplice.pl\\\/index.php\\\/2016\\\/12\\\/28\\\/xxii-sesja-rady-gminy-tuplice\\\/#webpage\",\"url\":\"https:\\\/\\\/tuplice.pl\\\/index.php\\\/2016\\\/12\\\/28\\\/xxii-sesja-rady-gminy-tuplice\\\/\",\"name\":\"XXII Sesja Rady Gminy Tuplice - Gmina Tuplice\",\"description\":\"Zgodnie z art. 20 ust. 1 ustawy z dnia 8 marca 1990 r. o samorz\\u0105dzie gminnym (Dz. U. z 2016 r., poz. 446 ze zm.) zwo\\u0142uj\\u0119 XXII Sesj\\u0119 Rady Gminy Tuplice VII Kadencji w dniu 29 grudnia 2016 roku (czwartek) o godz. 9:30 w Ma\\u0142ej Sali GOK w Tuplicach, przy ul. Mickiewicza.Proponowany porz\\u0105dek obrad: 1.\",\"inLanguage\":\"pl-PL\",\"isPartOf\":{\"@id\":\"https:\\\/\\\/tuplice.pl\\\/#website\"},\"breadcrumb\":{\"@id\":\"https:\\\/\\\/tuplice.pl\\\/index.php\\\/2016\\\/12\\\/28\\\/xxii-sesja-rady-gminy-tuplice\\\/#breadcrumblist\"},\"author\":{\"@id\":\"https:\\\/\\\/tuplice.pl\\\/index.php\\\/author\\\/admin-2\\\/#author\"},\"creator\":{\"@id\":\"https:\\\/\\\/tuplice.pl\\\/index.php\\\/author\\\/admin-2\\\/#author\"},\"datePublished\":\"2016-12-28T08:09:50+01:00\",\"dateModified\":\"2016-12-28T08:09:50+01:00\"},{\"@type\":\"WebSite\",\"@id\":\"https:\\\/\\\/tuplice.pl\\\/#website\",\"url\":\"https:\\\/\\\/tuplice.pl\\\/\",\"name\":\"Gmina Tuplice\",\"description\":\"Strona Gminy Tuplice\",\"inLanguage\":\"pl-PL\",\"publisher\":{\"@id\":\"https:\\\/\\\/tuplice.pl\\\/#organization\"}}]}\n\t\t<\/script>\n\t\t<!-- All in One SEO -->\n\n","aioseo_head_json":{"title":"XXII Sesja Rady Gminy Tuplice - Gmina Tuplice","description":"Zgodnie z art. 20 ust. 1 ustawy z dnia 8 marca 1990 r. o samorz\u0105dzie gminnym (Dz. U. z 2016 r., poz. 446 ze zm.) zwo\u0142uj\u0119 XXII Sesj\u0119 Rady Gminy Tuplice VII Kadencji w dniu 29 grudnia 2016 roku (czwartek) o godz. 9:30 w Ma\u0142ej Sali GOK w Tuplicach, przy ul. Mickiewicza.Proponowany porz\u0105dek obrad: 1.","canonical_url":"https:\/\/tuplice.pl\/index.php\/2016\/12\/28\/xxii-sesja-rady-gminy-tuplice\/","robots":"max-image-preview:large","keywords":"","webmasterTools":{"miscellaneous":""},"schema":{"@context":"https:\/\/schema.org","@graph":[{"@type":"BlogPosting","@id":"https:\/\/tuplice.pl\/index.php\/2016\/12\/28\/xxii-sesja-rady-gminy-tuplice\/#blogposting","name":"XXII Sesja Rady Gminy Tuplice - Gmina Tuplice","headline":"XXII Sesja Rady Gminy Tuplice","author":{"@id":"https:\/\/tuplice.pl\/index.php\/author\/admin-2\/#author"},"publisher":{"@id":"https:\/\/tuplice.pl\/#organization"},"image":{"@type":"ImageObject","url":"https:\/\/tuplice.pl\/wp-content\/uploads\/2025\/07\/images.png","@id":"https:\/\/tuplice.pl\/#articleImage","width":282,"height":179},"datePublished":"2016-12-28T08:09:50+01:00","dateModified":"2016-12-28T08:09:50+01:00","inLanguage":"pl-PL","mainEntityOfPage":{"@id":"https:\/\/tuplice.pl\/index.php\/2016\/12\/28\/xxii-sesja-rady-gminy-tuplice\/#webpage"},"isPartOf":{"@id":"https:\/\/tuplice.pl\/index.php\/2016\/12\/28\/xxii-sesja-rady-gminy-tuplice\/#webpage"},"articleSection":"Aktualno\u015bci"},{"@type":"BreadcrumbList","@id":"https:\/\/tuplice.pl\/index.php\/2016\/12\/28\/xxii-sesja-rady-gminy-tuplice\/#breadcrumblist","itemListElement":[{"@type":"ListItem","@id":"https:\/\/tuplice.pl#listItem","position":1,"name":"Home","item":"https:\/\/tuplice.pl","nextItem":{"@type":"ListItem","@id":"https:\/\/tuplice.pl\/index.php\/category\/aktualnosci\/#listItem","name":"Aktualno\u015bci"}},{"@type":"ListItem","@id":"https:\/\/tuplice.pl\/index.php\/category\/aktualnosci\/#listItem","position":2,"name":"Aktualno\u015bci","item":"https:\/\/tuplice.pl\/index.php\/category\/aktualnosci\/","nextItem":{"@type":"ListItem","@id":"https:\/\/tuplice.pl\/index.php\/2016\/12\/28\/xxii-sesja-rady-gminy-tuplice\/#listItem","name":"XXII Sesja Rady Gminy Tuplice"},"previousItem":{"@type":"ListItem","@id":"https:\/\/tuplice.pl#listItem","name":"Home"}},{"@type":"ListItem","@id":"https:\/\/tuplice.pl\/index.php\/2016\/12\/28\/xxii-sesja-rady-gminy-tuplice\/#listItem","position":3,"name":"XXII Sesja Rady Gminy Tuplice","previousItem":{"@type":"ListItem","@id":"https:\/\/tuplice.pl\/index.php\/category\/aktualnosci\/#listItem","name":"Aktualno\u015bci"}}]},{"@type":"Organization","@id":"https:\/\/tuplice.pl\/#organization","name":"Gmina Tuplice Gmina Tuplice","description":"Strona Gminy Tuplice Strona Urz\u0119du Gminy Tuplice","url":"https:\/\/tuplice.pl\/","telephone":"+48683625720","logo":{"@type":"ImageObject","url":"https:\/\/tuplice.pl\/wp-content\/uploads\/2025\/07\/images.png","@id":"https:\/\/tuplice.pl\/index.php\/2016\/12\/28\/xxii-sesja-rady-gminy-tuplice\/#organizationLogo","width":282,"height":179},"image":{"@id":"https:\/\/tuplice.pl\/index.php\/2016\/12\/28\/xxii-sesja-rady-gminy-tuplice\/#organizationLogo"},"sameAs":["https:\/\/facebook.com\/Tuplicki Biuletyn Informacyjny","https:\/\/pinterest.com\/Tuplicki Biuletyn Informacyjny","https:\/\/youtube.com\/Tuplicki Biuletyn Informacyjny"]},{"@type":"Person","@id":"https:\/\/tuplice.pl\/index.php\/author\/admin-2\/#author","url":"https:\/\/tuplice.pl\/index.php\/author\/admin-2\/","name":"admin","image":{"@type":"ImageObject","@id":"https:\/\/tuplice.pl\/index.php\/2016\/12\/28\/xxii-sesja-rady-gminy-tuplice\/#authorImage","url":"https:\/\/secure.gravatar.com\/avatar\/8a55bb0a6c2b7d7d608f6e5c7d99e391?s=96&d=mm&r=g","width":96,"height":96,"caption":"admin"}},{"@type":"WebPage","@id":"https:\/\/tuplice.pl\/index.php\/2016\/12\/28\/xxii-sesja-rady-gminy-tuplice\/#webpage","url":"https:\/\/tuplice.pl\/index.php\/2016\/12\/28\/xxii-sesja-rady-gminy-tuplice\/","name":"XXII Sesja Rady Gminy Tuplice - Gmina Tuplice","description":"Zgodnie z art. 20 ust. 1 ustawy z dnia 8 marca 1990 r. o samorz\u0105dzie gminnym (Dz. U. z 2016 r., poz. 446 ze zm.) zwo\u0142uj\u0119 XXII Sesj\u0119 Rady Gminy Tuplice VII Kadencji w dniu 29 grudnia 2016 roku (czwartek) o godz. 9:30 w Ma\u0142ej Sali GOK w Tuplicach, przy ul. Mickiewicza.Proponowany porz\u0105dek obrad: 1.","inLanguage":"pl-PL","isPartOf":{"@id":"https:\/\/tuplice.pl\/#website"},"breadcrumb":{"@id":"https:\/\/tuplice.pl\/index.php\/2016\/12\/28\/xxii-sesja-rady-gminy-tuplice\/#breadcrumblist"},"author":{"@id":"https:\/\/tuplice.pl\/index.php\/author\/admin-2\/#author"},"creator":{"@id":"https:\/\/tuplice.pl\/index.php\/author\/admin-2\/#author"},"datePublished":"2016-12-28T08:09:50+01:00","dateModified":"2016-12-28T08:09:50+01:00"},{"@type":"WebSite","@id":"https:\/\/tuplice.pl\/#website","url":"https:\/\/tuplice.pl\/","name":"Gmina Tuplice","description":"Strona Gminy Tuplice","inLanguage":"pl-PL","publisher":{"@id":"https:\/\/tuplice.pl\/#organization"}}]},"og:locale":"pl_PL","og:site_name":"Gmina Tuplice - Strona Gminy Tuplice","og:type":"article","og:title":"XXII Sesja Rady Gminy Tuplice - Gmina Tuplice","og:description":"Zgodnie z art. 20 ust. 1 ustawy z dnia 8 marca 1990 r. o samorz\u0105dzie gminnym (Dz. U. z 2016 r., poz. 446 ze zm.) zwo\u0142uj\u0119 XXII Sesj\u0119 Rady Gminy Tuplice VII Kadencji w dniu 29 grudnia 2016 roku (czwartek) o godz. 9:30 w Ma\u0142ej Sali GOK w Tuplicach, przy ul. Mickiewicza.Proponowany porz\u0105dek obrad: 1.","og:url":"https:\/\/tuplice.pl\/index.php\/2016\/12\/28\/xxii-sesja-rady-gminy-tuplice\/","article:published_time":"2016-12-28T07:09:50+00:00","article:modified_time":"2016-12-28T07:09:50+00:00","article:publisher":"https:\/\/facebook.com\/Tuplicki Biuletyn Informacyjny","twitter:card":"summary_large_image","twitter:title":"XXII Sesja Rady Gminy Tuplice - Gmina Tuplice","twitter:description":"Zgodnie z art. 20 ust. 1 ustawy z dnia 8 marca 1990 r. o samorz\u0105dzie gminnym (Dz. U. z 2016 r., poz. 446 ze zm.) zwo\u0142uj\u0119 XXII Sesj\u0119 Rady Gminy Tuplice VII Kadencji w dniu 29 grudnia 2016 roku (czwartek) o godz. 9:30 w Ma\u0142ej Sali GOK w Tuplicach, przy ul. Mickiewicza.Proponowany porz\u0105dek obrad: 1."},"aioseo_meta_data":{"post_id":"1573","title":null,"description":null,"keywords":null,"keyphrases":null,"primary_term":null,"canonical_url":null,"og_title":null,"og_description":null,"og_object_type":"default","og_image_type":"default","og_image_url":null,"og_image_width":null,"og_image_height":null,"og_image_custom_url":null,"og_image_custom_fields":null,"og_video":null,"og_custom_url":null,"og_article_section":null,"og_article_tags":null,"twitter_use_og":false,"twitter_card":"default","twitter_image_type":"default","twitter_image_url":null,"twitter_image_custom_url":null,"twitter_image_custom_fields":null,"twitter_title":null,"twitter_description":null,"schema":{"blockGraphs":[],"customGraphs":[],"default":{"data":{"Article":[],"Course":[],"Dataset":[],"FAQPage":[],"Movie":[],"Person":[],"Product":[],"ProductReview":[],"Car":[],"Recipe":[],"Service":[],"SoftwareApplication":[],"WebPage":[]},"graphName":"","isEnabled":true},"graphs":[]},"schema_type":"default","schema_type_options":null,"pillar_content":false,"robots_default":true,"robots_noindex":false,"robots_noarchive":false,"robots_nosnippet":false,"robots_nofollow":false,"robots_noimageindex":false,"robots_noodp":false,"robots_notranslate":false,"robots_max_snippet":null,"robots_max_videopreview":null,"robots_max_imagepreview":"large","priority":null,"frequency":null,"local_seo":null,"breadcrumb_settings":null,"limit_modified_date":false,"ai":null,"created":"2025-07-22 21:50:37","updated":"2025-07-22 21:50:37","seo_analyzer_scan_date":null},"aioseo_breadcrumb":"<div class=\"aioseo-breadcrumbs\"><span class=\"aioseo-breadcrumb\">\n\t\t\t<a href=\"https:\/\/tuplice.pl\" title=\"Home\">Home<\/a>\n\t\t<\/span><span class=\"aioseo-breadcrumb-separator\">&raquo;<\/span><span class=\"aioseo-breadcrumb\">\n\t\t\t<a href=\"https:\/\/tuplice.pl\/index.php\/category\/aktualnosci\/\" title=\"Aktualno\u015bci\">Aktualno\u015bci<\/a>\n\t\t<\/span><span class=\"aioseo-breadcrumb-separator\">&raquo;<\/span><span class=\"aioseo-breadcrumb\">\n\t\t\tXXII Sesja Rady Gminy Tuplice\n\t\t<\/span><\/div>","aioseo_breadcrumb_json":[{"label":"Home","link":"https:\/\/tuplice.pl"},{"label":"Aktualno\u015bci","link":"https:\/\/tuplice.pl\/index.php\/category\/aktualnosci\/"},{"label":"XXII Sesja Rady Gminy Tuplice","link":"https:\/\/tuplice.pl\/index.php\/2016\/12\/28\/xxii-sesja-rady-gminy-tuplice\/"}],"a3_pvc":{"activated":false,"total_views":0,"today_views":0},"_links":{"self":[{"href":"https:\/\/tuplice.pl\/index.php\/wp-json\/wp\/v2\/posts\/1573"}],"collection":[{"href":"https:\/\/tuplice.pl\/index.php\/wp-json\/wp\/v2\/posts"}],"about":[{"href":"https:\/\/tuplice.pl\/index.php\/wp-json\/wp\/v2\/types\/post"}],"author":[{"embeddable":true,"href":"https:\/\/tuplice.pl\/index.php\/wp-json\/wp\/v2\/users\/4"}],"replies":[{"embeddable":true,"href":"https:\/\/tuplice.pl\/index.php\/wp-json\/wp\/v2\/comments?post=1573"}],"version-history":[{"count":0,"href":"https:\/\/tuplice.pl\/index.php\/wp-json\/wp\/v2\/posts\/1573\/revisions"}],"wp:attachment":[{"href":"https:\/\/tuplice.pl\/index.php\/wp-json\/wp\/v2\/media?parent=1573"}],"wp:term":[{"taxonomy":"category","embeddable":true,"href":"https:\/\/tuplice.pl\/index.php\/wp-json\/wp\/v2\/categories?post=1573"},{"taxonomy":"post_tag","embeddable":true,"href":"https:\/\/tuplice.pl\/index.php\/wp-json\/wp\/v2\/tags?post=1573"}],"curies":[{"name":"wp","href":"https:\/\/api.w.org\/{rel}","templated":true}]}}