{"id":1595,"date":"2017-01-16T06:23:10","date_gmt":"2017-01-16T05:23:10","guid":{"rendered":"https:\/\/tuplice.pl\/zabytek-zadbany-2017\/"},"modified":"2017-01-16T06:23:10","modified_gmt":"2017-01-16T05:23:10","slug":"zabytek-zadbany-2017","status":"publish","type":"post","link":"https:\/\/tuplice.pl\/index.php\/2017\/01\/16\/zabytek-zadbany-2017\/","title":{"rendered":"Zabytek Zadbany 2017"},"content":{"rendered":"<p>Informujemy, \u017ce do Wojewody Lubuskiego zwr\u00f3ci\u0142 si\u0119 Kierownik Oddzia\u0142u Terenowego Narodowego Instytutu Dziedzictwa w Olsztynie z pro\u015bb\u0105 o rozpowszechnienie informacji o rozpocz\u0119ciu edycji corocznego og\u00f3lnopolskiego konkursu \u201eZabytek Zadbany 2017\u201d.<br \/>Zg\u0142oszenia do konkursu mog\u0105 sk\u0142ada\u0107 w\u0142a\u015bciciele, posiadacze i zarz\u0105dcy obiekt\u00f3w, a tak\u017ce Wojew\u00f3dzcy Konserwatorzy Zabytk\u00f3w oraz konserwatorzy samorz\u0105dowi dzia\u0142aj\u0105cy <br \/>z ich upowa\u017cnienia. Od tego roku, w zwi\u0105zku z nowym regulaminem konkursu, zabytki mo\u017cna zg\u0142asza\u0107 w jednej z 6 kategorii:<br \/>1. Utrwalenie warto\u015bci zabytkowej obiektu<br \/>2. Rewaloryzacja przestrzeni kulturowej i krajobrazu (w tym za\u0142o\u017cenia dworskie\u00a0 pa\u0142acowe)<br \/>3. Adaptacja obiekt\u00f3w zabytkowych<br \/>4. Architektura i budownictwo drewniane<br \/>5. Architektura przemys\u0142owa i budownictwo in\u017cynieryjne<br \/>6. Kategoria specjalna: w\u0142a\u015bciwe u\u017cytkowanie i sta\u0142a opieka nad zabytkiem.<br \/>Nadz\u00f3r nad konkursem w imieniu Ministra Kultury i Dziedzictwa Narodowego sprawuje Generalny Konserwator Zabytk\u00f3w. Regulamin konkursu, kryteria oceny wniosku oraz formularz do zg\u0142oszenia obiektu dost\u0119pne s\u0105 na stronie internetowej Narodowego Instytutu Dziedzictwa (www.nid.pl). Zg\u0142oszenia konkursowe nale\u017cy przes\u0142a\u0107 do sekretariatu konkursu na adres Oddzia\u0142u Terenowego NID w Olsztynie, ul. 11 Listopada 4, 10-104 Olsztyn. Termin sk\u0142adania wniosk\u00f3w to 31 stycznia 2017 r. (decyduje data stempla pocztowego).<\/p>\n<p style=\"text-align: right;\">Z up. WOJEWODY LUBUSKIEGO<\/p>\n<p>Anna Ma\u0107kowiakDyrektor<br \/>Wydzia\u0142u Infrastruktury<\/p>\n","protected":false},"excerpt":{"rendered":"<p>Informujemy, \u017ce do Wojewody Lubuskiego zwr\u00f3ci\u0142 si\u0119 Kierownik Oddzia\u0142u Terenowego Narodowego Instytutu Dziedzictwa w Olsztynie z pro\u015bb\u0105 o rozpowszechnienie informacji o rozpocz\u0119ciu edycji corocznego og\u00f3lnopolskiego konkursu \u201eZabytek Zadbany 2017\u201d.Zg\u0142oszenia do konkursu mog\u0105 sk\u0142ada\u0107 w\u0142a\u015bciciele, posiadacze i zarz\u0105dcy obiekt\u00f3w, a tak\u017ce Wojew\u00f3dzcy Konserwatorzy Zabytk\u00f3w oraz konserwatorzy samorz\u0105dowi dzia\u0142aj\u0105cy z ich upowa\u017cnienia. Od tego roku, w zwi\u0105zku [&hellip;]<\/p>\n","protected":false},"author":4,"featured_media":0,"comment_status":"closed","ping_status":"closed","sticky":false,"template":"","format":"standard","meta":{"_et_pb_use_builder":"","_et_pb_old_content":"","_et_gb_content_width":"","_monsterinsights_skip_tracking":false},"categories":[82],"tags":[],"aioseo_notices":[],"aioseo_head":"\n\t\t<!-- All in One SEO 4.9.10 - aioseo.com -->\n\t<meta name=\"description\" content=\"Informujemy, \u017ce do Wojewody Lubuskiego zwr\u00f3ci\u0142 si\u0119 Kierownik Oddzia\u0142u Terenowego Narodowego Instytutu Dziedzictwa w Olsztynie z pro\u015bb\u0105 o rozpowszechnienie informacji o rozpocz\u0119ciu edycji corocznego og\u00f3lnopolskiego konkursu \u201eZabytek Zadbany 2017\u201d.Zg\u0142oszenia do konkursu mog\u0105 sk\u0142ada\u0107 w\u0142a\u015bciciele, posiadacze i zarz\u0105dcy obiekt\u00f3w, a tak\u017ce Wojew\u00f3dzcy Konserwatorzy Zabytk\u00f3w oraz konserwatorzy samorz\u0105dowi dzia\u0142aj\u0105cy z ich upowa\u017cnienia. Od tego roku, w zwi\u0105zku\" \/>\n\t<meta name=\"robots\" content=\"max-image-preview:large\" \/>\n\t<meta name=\"author\" content=\"admin\"\/>\n\t<link rel=\"canonical\" href=\"https:\/\/tuplice.pl\/index.php\/2017\/01\/16\/zabytek-zadbany-2017\/\" \/>\n\t<meta name=\"generator\" content=\"All in One SEO (AIOSEO) 4.9.10\" \/>\n\t\t<meta property=\"og:locale\" content=\"pl_PL\" \/>\n\t\t<meta property=\"og:site_name\" content=\"Gmina Tuplice - Strona Gminy Tuplice\" \/>\n\t\t<meta property=\"og:type\" content=\"article\" \/>\n\t\t<meta property=\"og:title\" content=\"Zabytek Zadbany 2017 - Gmina Tuplice\" \/>\n\t\t<meta property=\"og:description\" content=\"Informujemy, \u017ce do Wojewody Lubuskiego zwr\u00f3ci\u0142 si\u0119 Kierownik Oddzia\u0142u Terenowego Narodowego Instytutu Dziedzictwa w Olsztynie z pro\u015bb\u0105 o rozpowszechnienie informacji o rozpocz\u0119ciu edycji corocznego og\u00f3lnopolskiego konkursu \u201eZabytek Zadbany 2017\u201d.Zg\u0142oszenia do konkursu mog\u0105 sk\u0142ada\u0107 w\u0142a\u015bciciele, posiadacze i zarz\u0105dcy obiekt\u00f3w, a tak\u017ce Wojew\u00f3dzcy Konserwatorzy Zabytk\u00f3w oraz konserwatorzy samorz\u0105dowi dzia\u0142aj\u0105cy z ich upowa\u017cnienia. Od tego roku, w zwi\u0105zku\" \/>\n\t\t<meta property=\"og:url\" content=\"https:\/\/tuplice.pl\/index.php\/2017\/01\/16\/zabytek-zadbany-2017\/\" \/>\n\t\t<meta property=\"article:published_time\" content=\"2017-01-16T05:23:10+00:00\" \/>\n\t\t<meta property=\"article:modified_time\" content=\"2017-01-16T05:23:10+00:00\" \/>\n\t\t<meta property=\"article:publisher\" content=\"https:\/\/facebook.com\/Tuplicki Biuletyn Informacyjny\" \/>\n\t\t<meta name=\"twitter:card\" content=\"summary_large_image\" \/>\n\t\t<meta name=\"twitter:title\" content=\"Zabytek Zadbany 2017 - Gmina Tuplice\" \/>\n\t\t<meta name=\"twitter:description\" content=\"Informujemy, \u017ce do Wojewody Lubuskiego zwr\u00f3ci\u0142 si\u0119 Kierownik Oddzia\u0142u Terenowego Narodowego Instytutu Dziedzictwa w Olsztynie z pro\u015bb\u0105 o rozpowszechnienie informacji o rozpocz\u0119ciu edycji corocznego og\u00f3lnopolskiego konkursu \u201eZabytek Zadbany 2017\u201d.Zg\u0142oszenia do konkursu mog\u0105 sk\u0142ada\u0107 w\u0142a\u015bciciele, posiadacze i zarz\u0105dcy obiekt\u00f3w, a tak\u017ce Wojew\u00f3dzcy Konserwatorzy Zabytk\u00f3w oraz konserwatorzy samorz\u0105dowi dzia\u0142aj\u0105cy z ich upowa\u017cnienia. Od tego roku, w zwi\u0105zku\" \/>\n\t\t<script type=\"application\/ld+json\" class=\"aioseo-schema\">\n\t\t\t{\"@context\":\"https:\\\/\\\/schema.org\",\"@graph\":[{\"@type\":\"BlogPosting\",\"@id\":\"https:\\\/\\\/tuplice.pl\\\/index.php\\\/2017\\\/01\\\/16\\\/zabytek-zadbany-2017\\\/#blogposting\",\"name\":\"Zabytek Zadbany 2017 - Gmina Tuplice\",\"headline\":\"Zabytek Zadbany 2017\",\"author\":{\"@id\":\"https:\\\/\\\/tuplice.pl\\\/index.php\\\/author\\\/admin-2\\\/#author\"},\"publisher\":{\"@id\":\"https:\\\/\\\/tuplice.pl\\\/#organization\"},\"image\":{\"@type\":\"ImageObject\",\"url\":\"https:\\\/\\\/tuplice.pl\\\/wp-content\\\/uploads\\\/2025\\\/07\\\/images.png\",\"@id\":\"https:\\\/\\\/tuplice.pl\\\/#articleImage\",\"width\":282,\"height\":179},\"datePublished\":\"2017-01-16T06:23:10+01:00\",\"dateModified\":\"2017-01-16T06:23:10+01:00\",\"inLanguage\":\"pl-PL\",\"mainEntityOfPage\":{\"@id\":\"https:\\\/\\\/tuplice.pl\\\/index.php\\\/2017\\\/01\\\/16\\\/zabytek-zadbany-2017\\\/#webpage\"},\"isPartOf\":{\"@id\":\"https:\\\/\\\/tuplice.pl\\\/index.php\\\/2017\\\/01\\\/16\\\/zabytek-zadbany-2017\\\/#webpage\"},\"articleSection\":\"Aktualno\\u015bci\"},{\"@type\":\"BreadcrumbList\",\"@id\":\"https:\\\/\\\/tuplice.pl\\\/index.php\\\/2017\\\/01\\\/16\\\/zabytek-zadbany-2017\\\/#breadcrumblist\",\"itemListElement\":[{\"@type\":\"ListItem\",\"@id\":\"https:\\\/\\\/tuplice.pl#listItem\",\"position\":1,\"name\":\"Home\",\"item\":\"https:\\\/\\\/tuplice.pl\",\"nextItem\":{\"@type\":\"ListItem\",\"@id\":\"https:\\\/\\\/tuplice.pl\\\/index.php\\\/category\\\/aktualnosci\\\/#listItem\",\"name\":\"Aktualno\\u015bci\"}},{\"@type\":\"ListItem\",\"@id\":\"https:\\\/\\\/tuplice.pl\\\/index.php\\\/category\\\/aktualnosci\\\/#listItem\",\"position\":2,\"name\":\"Aktualno\\u015bci\",\"item\":\"https:\\\/\\\/tuplice.pl\\\/index.php\\\/category\\\/aktualnosci\\\/\",\"nextItem\":{\"@type\":\"ListItem\",\"@id\":\"https:\\\/\\\/tuplice.pl\\\/index.php\\\/2017\\\/01\\\/16\\\/zabytek-zadbany-2017\\\/#listItem\",\"name\":\"Zabytek Zadbany 2017\"},\"previousItem\":{\"@type\":\"ListItem\",\"@id\":\"https:\\\/\\\/tuplice.pl#listItem\",\"name\":\"Home\"}},{\"@type\":\"ListItem\",\"@id\":\"https:\\\/\\\/tuplice.pl\\\/index.php\\\/2017\\\/01\\\/16\\\/zabytek-zadbany-2017\\\/#listItem\",\"position\":3,\"name\":\"Zabytek Zadbany 2017\",\"previousItem\":{\"@type\":\"ListItem\",\"@id\":\"https:\\\/\\\/tuplice.pl\\\/index.php\\\/category\\\/aktualnosci\\\/#listItem\",\"name\":\"Aktualno\\u015bci\"}}]},{\"@type\":\"Organization\",\"@id\":\"https:\\\/\\\/tuplice.pl\\\/#organization\",\"name\":\"Gmina Tuplice Gmina Tuplice\",\"description\":\"Strona Gminy Tuplice Strona Urz\\u0119du Gminy Tuplice\",\"url\":\"https:\\\/\\\/tuplice.pl\\\/\",\"telephone\":\"+48683625720\",\"logo\":{\"@type\":\"ImageObject\",\"url\":\"https:\\\/\\\/tuplice.pl\\\/wp-content\\\/uploads\\\/2025\\\/07\\\/images.png\",\"@id\":\"https:\\\/\\\/tuplice.pl\\\/index.php\\\/2017\\\/01\\\/16\\\/zabytek-zadbany-2017\\\/#organizationLogo\",\"width\":282,\"height\":179},\"image\":{\"@id\":\"https:\\\/\\\/tuplice.pl\\\/index.php\\\/2017\\\/01\\\/16\\\/zabytek-zadbany-2017\\\/#organizationLogo\"},\"sameAs\":[\"https:\\\/\\\/facebook.com\\\/Tuplicki Biuletyn Informacyjny\",\"https:\\\/\\\/pinterest.com\\\/Tuplicki Biuletyn Informacyjny\",\"https:\\\/\\\/youtube.com\\\/Tuplicki Biuletyn Informacyjny\"]},{\"@type\":\"Person\",\"@id\":\"https:\\\/\\\/tuplice.pl\\\/index.php\\\/author\\\/admin-2\\\/#author\",\"url\":\"https:\\\/\\\/tuplice.pl\\\/index.php\\\/author\\\/admin-2\\\/\",\"name\":\"admin\",\"image\":{\"@type\":\"ImageObject\",\"@id\":\"https:\\\/\\\/tuplice.pl\\\/index.php\\\/2017\\\/01\\\/16\\\/zabytek-zadbany-2017\\\/#authorImage\",\"url\":\"https:\\\/\\\/secure.gravatar.com\\\/avatar\\\/8a55bb0a6c2b7d7d608f6e5c7d99e391?s=96&d=mm&r=g\",\"width\":96,\"height\":96,\"caption\":\"admin\"}},{\"@type\":\"WebPage\",\"@id\":\"https:\\\/\\\/tuplice.pl\\\/index.php\\\/2017\\\/01\\\/16\\\/zabytek-zadbany-2017\\\/#webpage\",\"url\":\"https:\\\/\\\/tuplice.pl\\\/index.php\\\/2017\\\/01\\\/16\\\/zabytek-zadbany-2017\\\/\",\"name\":\"Zabytek Zadbany 2017 - Gmina Tuplice\",\"description\":\"Informujemy, \\u017ce do Wojewody Lubuskiego zwr\\u00f3ci\\u0142 si\\u0119 Kierownik Oddzia\\u0142u Terenowego Narodowego Instytutu Dziedzictwa w Olsztynie z pro\\u015bb\\u0105 o rozpowszechnienie informacji o rozpocz\\u0119ciu edycji corocznego og\\u00f3lnopolskiego konkursu \\u201eZabytek Zadbany 2017\\u201d.Zg\\u0142oszenia do konkursu mog\\u0105 sk\\u0142ada\\u0107 w\\u0142a\\u015bciciele, posiadacze i zarz\\u0105dcy obiekt\\u00f3w, a tak\\u017ce Wojew\\u00f3dzcy Konserwatorzy Zabytk\\u00f3w oraz konserwatorzy samorz\\u0105dowi dzia\\u0142aj\\u0105cy z ich upowa\\u017cnienia. Od tego roku, w zwi\\u0105zku\",\"inLanguage\":\"pl-PL\",\"isPartOf\":{\"@id\":\"https:\\\/\\\/tuplice.pl\\\/#website\"},\"breadcrumb\":{\"@id\":\"https:\\\/\\\/tuplice.pl\\\/index.php\\\/2017\\\/01\\\/16\\\/zabytek-zadbany-2017\\\/#breadcrumblist\"},\"author\":{\"@id\":\"https:\\\/\\\/tuplice.pl\\\/index.php\\\/author\\\/admin-2\\\/#author\"},\"creator\":{\"@id\":\"https:\\\/\\\/tuplice.pl\\\/index.php\\\/author\\\/admin-2\\\/#author\"},\"datePublished\":\"2017-01-16T06:23:10+01:00\",\"dateModified\":\"2017-01-16T06:23:10+01:00\"},{\"@type\":\"WebSite\",\"@id\":\"https:\\\/\\\/tuplice.pl\\\/#website\",\"url\":\"https:\\\/\\\/tuplice.pl\\\/\",\"name\":\"Gmina Tuplice\",\"description\":\"Strona Gminy Tuplice\",\"inLanguage\":\"pl-PL\",\"publisher\":{\"@id\":\"https:\\\/\\\/tuplice.pl\\\/#organization\"}}]}\n\t\t<\/script>\n\t\t<!-- All in One SEO -->\n\n","aioseo_head_json":{"title":"Zabytek Zadbany 2017 - Gmina Tuplice","description":"Informujemy, \u017ce do Wojewody Lubuskiego zwr\u00f3ci\u0142 si\u0119 Kierownik Oddzia\u0142u Terenowego Narodowego Instytutu Dziedzictwa w Olsztynie z pro\u015bb\u0105 o rozpowszechnienie informacji o rozpocz\u0119ciu edycji corocznego og\u00f3lnopolskiego konkursu \u201eZabytek Zadbany 2017\u201d.Zg\u0142oszenia do konkursu mog\u0105 sk\u0142ada\u0107 w\u0142a\u015bciciele, posiadacze i zarz\u0105dcy obiekt\u00f3w, a tak\u017ce Wojew\u00f3dzcy Konserwatorzy Zabytk\u00f3w oraz konserwatorzy samorz\u0105dowi dzia\u0142aj\u0105cy z ich upowa\u017cnienia. Od tego roku, w zwi\u0105zku","canonical_url":"https:\/\/tuplice.pl\/index.php\/2017\/01\/16\/zabytek-zadbany-2017\/","robots":"max-image-preview:large","keywords":"","webmasterTools":{"miscellaneous":""},"schema":{"@context":"https:\/\/schema.org","@graph":[{"@type":"BlogPosting","@id":"https:\/\/tuplice.pl\/index.php\/2017\/01\/16\/zabytek-zadbany-2017\/#blogposting","name":"Zabytek Zadbany 2017 - Gmina Tuplice","headline":"Zabytek Zadbany 2017","author":{"@id":"https:\/\/tuplice.pl\/index.php\/author\/admin-2\/#author"},"publisher":{"@id":"https:\/\/tuplice.pl\/#organization"},"image":{"@type":"ImageObject","url":"https:\/\/tuplice.pl\/wp-content\/uploads\/2025\/07\/images.png","@id":"https:\/\/tuplice.pl\/#articleImage","width":282,"height":179},"datePublished":"2017-01-16T06:23:10+01:00","dateModified":"2017-01-16T06:23:10+01:00","inLanguage":"pl-PL","mainEntityOfPage":{"@id":"https:\/\/tuplice.pl\/index.php\/2017\/01\/16\/zabytek-zadbany-2017\/#webpage"},"isPartOf":{"@id":"https:\/\/tuplice.pl\/index.php\/2017\/01\/16\/zabytek-zadbany-2017\/#webpage"},"articleSection":"Aktualno\u015bci"},{"@type":"BreadcrumbList","@id":"https:\/\/tuplice.pl\/index.php\/2017\/01\/16\/zabytek-zadbany-2017\/#breadcrumblist","itemListElement":[{"@type":"ListItem","@id":"https:\/\/tuplice.pl#listItem","position":1,"name":"Home","item":"https:\/\/tuplice.pl","nextItem":{"@type":"ListItem","@id":"https:\/\/tuplice.pl\/index.php\/category\/aktualnosci\/#listItem","name":"Aktualno\u015bci"}},{"@type":"ListItem","@id":"https:\/\/tuplice.pl\/index.php\/category\/aktualnosci\/#listItem","position":2,"name":"Aktualno\u015bci","item":"https:\/\/tuplice.pl\/index.php\/category\/aktualnosci\/","nextItem":{"@type":"ListItem","@id":"https:\/\/tuplice.pl\/index.php\/2017\/01\/16\/zabytek-zadbany-2017\/#listItem","name":"Zabytek Zadbany 2017"},"previousItem":{"@type":"ListItem","@id":"https:\/\/tuplice.pl#listItem","name":"Home"}},{"@type":"ListItem","@id":"https:\/\/tuplice.pl\/index.php\/2017\/01\/16\/zabytek-zadbany-2017\/#listItem","position":3,"name":"Zabytek Zadbany 2017","previousItem":{"@type":"ListItem","@id":"https:\/\/tuplice.pl\/index.php\/category\/aktualnosci\/#listItem","name":"Aktualno\u015bci"}}]},{"@type":"Organization","@id":"https:\/\/tuplice.pl\/#organization","name":"Gmina Tuplice Gmina Tuplice","description":"Strona Gminy Tuplice Strona Urz\u0119du Gminy Tuplice","url":"https:\/\/tuplice.pl\/","telephone":"+48683625720","logo":{"@type":"ImageObject","url":"https:\/\/tuplice.pl\/wp-content\/uploads\/2025\/07\/images.png","@id":"https:\/\/tuplice.pl\/index.php\/2017\/01\/16\/zabytek-zadbany-2017\/#organizationLogo","width":282,"height":179},"image":{"@id":"https:\/\/tuplice.pl\/index.php\/2017\/01\/16\/zabytek-zadbany-2017\/#organizationLogo"},"sameAs":["https:\/\/facebook.com\/Tuplicki Biuletyn Informacyjny","https:\/\/pinterest.com\/Tuplicki Biuletyn Informacyjny","https:\/\/youtube.com\/Tuplicki Biuletyn Informacyjny"]},{"@type":"Person","@id":"https:\/\/tuplice.pl\/index.php\/author\/admin-2\/#author","url":"https:\/\/tuplice.pl\/index.php\/author\/admin-2\/","name":"admin","image":{"@type":"ImageObject","@id":"https:\/\/tuplice.pl\/index.php\/2017\/01\/16\/zabytek-zadbany-2017\/#authorImage","url":"https:\/\/secure.gravatar.com\/avatar\/8a55bb0a6c2b7d7d608f6e5c7d99e391?s=96&d=mm&r=g","width":96,"height":96,"caption":"admin"}},{"@type":"WebPage","@id":"https:\/\/tuplice.pl\/index.php\/2017\/01\/16\/zabytek-zadbany-2017\/#webpage","url":"https:\/\/tuplice.pl\/index.php\/2017\/01\/16\/zabytek-zadbany-2017\/","name":"Zabytek Zadbany 2017 - Gmina Tuplice","description":"Informujemy, \u017ce do Wojewody Lubuskiego zwr\u00f3ci\u0142 si\u0119 Kierownik Oddzia\u0142u Terenowego Narodowego Instytutu Dziedzictwa w Olsztynie z pro\u015bb\u0105 o rozpowszechnienie informacji o rozpocz\u0119ciu edycji corocznego og\u00f3lnopolskiego konkursu \u201eZabytek Zadbany 2017\u201d.Zg\u0142oszenia do konkursu mog\u0105 sk\u0142ada\u0107 w\u0142a\u015bciciele, posiadacze i zarz\u0105dcy obiekt\u00f3w, a tak\u017ce Wojew\u00f3dzcy Konserwatorzy Zabytk\u00f3w oraz konserwatorzy samorz\u0105dowi dzia\u0142aj\u0105cy z ich upowa\u017cnienia. Od tego roku, w zwi\u0105zku","inLanguage":"pl-PL","isPartOf":{"@id":"https:\/\/tuplice.pl\/#website"},"breadcrumb":{"@id":"https:\/\/tuplice.pl\/index.php\/2017\/01\/16\/zabytek-zadbany-2017\/#breadcrumblist"},"author":{"@id":"https:\/\/tuplice.pl\/index.php\/author\/admin-2\/#author"},"creator":{"@id":"https:\/\/tuplice.pl\/index.php\/author\/admin-2\/#author"},"datePublished":"2017-01-16T06:23:10+01:00","dateModified":"2017-01-16T06:23:10+01:00"},{"@type":"WebSite","@id":"https:\/\/tuplice.pl\/#website","url":"https:\/\/tuplice.pl\/","name":"Gmina Tuplice","description":"Strona Gminy Tuplice","inLanguage":"pl-PL","publisher":{"@id":"https:\/\/tuplice.pl\/#organization"}}]},"og:locale":"pl_PL","og:site_name":"Gmina Tuplice - Strona Gminy Tuplice","og:type":"article","og:title":"Zabytek Zadbany 2017 - Gmina Tuplice","og:description":"Informujemy, \u017ce do Wojewody Lubuskiego zwr\u00f3ci\u0142 si\u0119 Kierownik Oddzia\u0142u Terenowego Narodowego Instytutu Dziedzictwa w Olsztynie z pro\u015bb\u0105 o rozpowszechnienie informacji o rozpocz\u0119ciu edycji corocznego og\u00f3lnopolskiego konkursu \u201eZabytek Zadbany 2017\u201d.Zg\u0142oszenia do konkursu mog\u0105 sk\u0142ada\u0107 w\u0142a\u015bciciele, posiadacze i zarz\u0105dcy obiekt\u00f3w, a tak\u017ce Wojew\u00f3dzcy Konserwatorzy Zabytk\u00f3w oraz konserwatorzy samorz\u0105dowi dzia\u0142aj\u0105cy z ich upowa\u017cnienia. Od tego roku, w zwi\u0105zku","og:url":"https:\/\/tuplice.pl\/index.php\/2017\/01\/16\/zabytek-zadbany-2017\/","article:published_time":"2017-01-16T05:23:10+00:00","article:modified_time":"2017-01-16T05:23:10+00:00","article:publisher":"https:\/\/facebook.com\/Tuplicki Biuletyn Informacyjny","twitter:card":"summary_large_image","twitter:title":"Zabytek Zadbany 2017 - Gmina Tuplice","twitter:description":"Informujemy, \u017ce do Wojewody Lubuskiego zwr\u00f3ci\u0142 si\u0119 Kierownik Oddzia\u0142u Terenowego Narodowego Instytutu Dziedzictwa w Olsztynie z pro\u015bb\u0105 o rozpowszechnienie informacji o rozpocz\u0119ciu edycji corocznego og\u00f3lnopolskiego konkursu \u201eZabytek Zadbany 2017\u201d.Zg\u0142oszenia do konkursu mog\u0105 sk\u0142ada\u0107 w\u0142a\u015bciciele, posiadacze i zarz\u0105dcy obiekt\u00f3w, a tak\u017ce Wojew\u00f3dzcy Konserwatorzy Zabytk\u00f3w oraz konserwatorzy samorz\u0105dowi dzia\u0142aj\u0105cy z ich upowa\u017cnienia. Od tego roku, w zwi\u0105zku"},"aioseo_meta_data":{"post_id":"1595","title":null,"description":null,"keywords":null,"keyphrases":null,"primary_term":null,"canonical_url":null,"og_title":null,"og_description":null,"og_object_type":"default","og_image_type":"default","og_image_url":null,"og_image_width":null,"og_image_height":null,"og_image_custom_url":null,"og_image_custom_fields":null,"og_video":null,"og_custom_url":null,"og_article_section":null,"og_article_tags":null,"twitter_use_og":false,"twitter_card":"default","twitter_image_type":"default","twitter_image_url":null,"twitter_image_custom_url":null,"twitter_image_custom_fields":null,"twitter_title":null,"twitter_description":null,"schema":{"blockGraphs":[],"customGraphs":[],"default":{"data":{"Article":[],"Course":[],"Dataset":[],"FAQPage":[],"Movie":[],"Person":[],"Product":[],"ProductReview":[],"Car":[],"Recipe":[],"Service":[],"SoftwareApplication":[],"WebPage":[]},"graphName":"","isEnabled":true},"graphs":[]},"schema_type":"default","schema_type_options":null,"pillar_content":false,"robots_default":true,"robots_noindex":false,"robots_noarchive":false,"robots_nosnippet":false,"robots_nofollow":false,"robots_noimageindex":false,"robots_noodp":false,"robots_notranslate":false,"robots_max_snippet":null,"robots_max_videopreview":null,"robots_max_imagepreview":"large","priority":null,"frequency":null,"local_seo":null,"breadcrumb_settings":null,"limit_modified_date":false,"ai":null,"created":"2025-07-22 21:51:26","updated":"2025-07-22 21:51:26","seo_analyzer_scan_date":null},"aioseo_breadcrumb":"<div class=\"aioseo-breadcrumbs\"><span class=\"aioseo-breadcrumb\">\n\t\t\t<a href=\"https:\/\/tuplice.pl\" title=\"Home\">Home<\/a>\n\t\t<\/span><span class=\"aioseo-breadcrumb-separator\">&raquo;<\/span><span class=\"aioseo-breadcrumb\">\n\t\t\t<a href=\"https:\/\/tuplice.pl\/index.php\/category\/aktualnosci\/\" title=\"Aktualno\u015bci\">Aktualno\u015bci<\/a>\n\t\t<\/span><span class=\"aioseo-breadcrumb-separator\">&raquo;<\/span><span class=\"aioseo-breadcrumb\">\n\t\t\tZabytek Zadbany 2017\n\t\t<\/span><\/div>","aioseo_breadcrumb_json":[{"label":"Home","link":"https:\/\/tuplice.pl"},{"label":"Aktualno\u015bci","link":"https:\/\/tuplice.pl\/index.php\/category\/aktualnosci\/"},{"label":"Zabytek Zadbany 2017","link":"https:\/\/tuplice.pl\/index.php\/2017\/01\/16\/zabytek-zadbany-2017\/"}],"a3_pvc":{"activated":false,"total_views":0,"today_views":0},"_links":{"self":[{"href":"https:\/\/tuplice.pl\/index.php\/wp-json\/wp\/v2\/posts\/1595"}],"collection":[{"href":"https:\/\/tuplice.pl\/index.php\/wp-json\/wp\/v2\/posts"}],"about":[{"href":"https:\/\/tuplice.pl\/index.php\/wp-json\/wp\/v2\/types\/post"}],"author":[{"embeddable":true,"href":"https:\/\/tuplice.pl\/index.php\/wp-json\/wp\/v2\/users\/4"}],"replies":[{"embeddable":true,"href":"https:\/\/tuplice.pl\/index.php\/wp-json\/wp\/v2\/comments?post=1595"}],"version-history":[{"count":0,"href":"https:\/\/tuplice.pl\/index.php\/wp-json\/wp\/v2\/posts\/1595\/revisions"}],"wp:attachment":[{"href":"https:\/\/tuplice.pl\/index.php\/wp-json\/wp\/v2\/media?parent=1595"}],"wp:term":[{"taxonomy":"category","embeddable":true,"href":"https:\/\/tuplice.pl\/index.php\/wp-json\/wp\/v2\/categories?post=1595"},{"taxonomy":"post_tag","embeddable":true,"href":"https:\/\/tuplice.pl\/index.php\/wp-json\/wp\/v2\/tags?post=1595"}],"curies":[{"name":"wp","href":"https:\/\/api.w.org\/{rel}","templated":true}]}}