{"id":1634,"date":"2017-03-01T13:17:32","date_gmt":"2017-03-01T12:17:32","guid":{"rendered":"https:\/\/tuplice.pl\/konsultacje-spoleczne-dotyczace-zmian-nazw-ulic\/"},"modified":"2017-03-01T13:17:32","modified_gmt":"2017-03-01T12:17:32","slug":"konsultacje-spoleczne-dotyczace-zmian-nazw-ulic","status":"publish","type":"post","link":"https:\/\/tuplice.pl\/index.php\/2017\/03\/01\/konsultacje-spoleczne-dotyczace-zmian-nazw-ulic\/","title":{"rendered":"Konsultacje spo\u0142eczne dotycz\u0105ce zmian nazw ulic."},"content":{"rendered":"<p>W\u00f3jt Gminy Tuplice dzia\u0142aj\u0105c na podstawie Uchwa\u0142y Nr XXIII\/146\/17\u00a0 Rady Gminy Tuplice\u00a0 z dnia 28 lutego 2017 roku ,w sprawie przeprowadzenia konsultacji z mieszka\u0144cami dotycz\u0105cych zmiany nazw ulic \u015awierczewskiego i 9 Maja, w zwi\u0105zku z\u00a0 art. 6 ust. 1 ustawy z dnia 1 kwietnia 2016 roku o zakazie propagowania komunizmu lub innego\u00a0 ustroju totalitarnego przez nazwy budowli, obiekt\u00f3w i urz\u0105dze\u0144 u\u017cyteczno\u015bci publicznej (Dz.U. z roku 2016 poz. 744)<\/p>\n<p style=\"text-align: center;\"><strong>Og\u0142asza konsultacje dotycz\u0105ce zmiany nazw ulic po\u0142o\u017conych na terenie miejscowo\u015bci Tuplice.<\/strong><\/p>\n<p>W dniu 2 wrze\u015bnia 2016 roku wesz\u0142a w \u017cycie ustawa o zakazie propagowania komunizmu lub innego\u00a0 ustroju totalitarnego przez nazwy budowli, obiekt\u00f3w i urz\u0105dze\u0144 u\u017cyteczno\u015bci publicznej, zgodnie z kt\u00f3r\u0105 za propagowanie komunizmu uwa\u017ca si\u0119 nazwy ulic odwo\u0142uj\u0105ce si\u0119 do os\u00f3b, organizacji, wydarze\u0144 lub dat symbolizuj\u0105cych totalitarny i niesuwerenny system w\u0142adzy w Polsce w latach 1944-1989. Ustawa zobowi\u0105zuje samorz\u0105dy do zmiany obowi\u0105zuj\u0105cych nazw, upami\u0119tniaj\u0105cych komunizm lub inny ustr\u00f3j totalitarny , w ci\u0105gu 12 miesi\u0119cy od wej\u015bcia w \u017cycie nowych regulacji prawnych.<br \/>Maj\u0105c na uwadze powy\u017csze, w dniu 28 lutego br. wyda\u0142am Zarz\u0105dzenia\u00a0 Nr 12\/17 dotycz\u0105ce zmiany nazw ulic\u00a0 po\u0142o\u017conych na terenie\u00a0 miejscowo\u015bci Tuplice.<\/p>\n<p>  <!--more-->  <\/p>\n<p><strong>Przedmiotem konsultacji jest zebranie od mieszka\u0144c\u00f3w\u00a0 Tuplic propozycji nowych nazw dla obecnych ulic:<\/strong><br \/><strong>1. 9 Maja<\/strong><br \/><strong>2. \u015awierczewskiego<\/strong><br \/>Konsultacje maj\u0105 charakter gminny i mog\u0105 w nich uczestniczy\u0107\u00a0 wszystkie\u00a0 pe\u0142noletnie osoby zameldowane na terenie miejscowo\u015bci Tuplice.<br \/>Czas trwania konsultacji: 1 \u2013 15 marca 2017 r.<br \/>Forma konsultacji:\u00a0 pisemna &#8211;\u00a0 poprzez osobiste dor\u0119czenie, lub za po\u015brednictwem poczty \u2013 do sekretariatu Urz\u0119du Gminy Tuplice wype\u0142nionej ankiety z propozycj\u0105 nowych nazw ulic. Ankieta do pobrania ze strony internetowej:\u00a0 www.tuplice.pl, lub w formie papierowej z sekretariatu Urz\u0119du Gminy Tuplice<br \/>elektroniczna \u2013 poprzez stron\u0119 internetow\u0105 Urz\u0119du Gminy Tuplice :www.tuplice.pl <br \/>Propozycje nazw ulic powinny spe\u0142nia\u0107 nast\u0119puj\u0105ce kryteria:<br \/>1. By\u0107 neutralne \u015bwiatopogl\u0105dowo<br \/>2. Nie by\u0107 trudne w codziennym u\u017cyciu<br \/>3. Nie mie\u0107 charakteru o\u015bmieszaj\u0105cego, poni\u017caj\u0105cego<br \/>4. Nie upami\u0119tnia\u0107 os\u00f3b \u017cyj\u0105cych<br \/>Konsultacje b\u0119d\u0105 wa\u017cne bez wzgl\u0119du na liczb\u0119 os\u00f3b w nich uczestnicz\u0105c\u0105<\/p>\n<p style=\"text-align: right;\">W\u00f3jt Gminy Tuplice<br \/>Katarzyna Kromp<\/p>\n<p><a href=\"https:\/\/tuplice.pl\/wp-content\/uploads\/2017\/03\/ankieta_zmiana_nazwy_ulic.doc\" target=\"_blank\" rel=\"noopener noreferrer\">ankieta &#8212;&gt;&gt;&gt;<\/a><\/p>\n","protected":false},"excerpt":{"rendered":"<p>W\u00f3jt Gminy Tuplice dzia\u0142aj\u0105c na podstawie Uchwa\u0142y Nr XXIII\/146\/17\u00a0 Rady Gminy Tuplice\u00a0 z dnia 28 lutego 2017 roku ,w sprawie przeprowadzenia konsultacji z mieszka\u0144cami dotycz\u0105cych zmiany nazw ulic \u015awierczewskiego i 9 Maja, w zwi\u0105zku z\u00a0 art. 6 ust. 1 ustawy z dnia 1 kwietnia 2016 roku o zakazie propagowania komunizmu lub innego\u00a0 ustroju totalitarnego przez [&hellip;]<\/p>\n","protected":false},"author":4,"featured_media":0,"comment_status":"closed","ping_status":"closed","sticky":false,"template":"","format":"standard","meta":{"_et_pb_use_builder":"","_et_pb_old_content":"","_et_gb_content_width":"","_monsterinsights_skip_tracking":false},"categories":[82],"tags":[],"aioseo_notices":[],"aioseo_head":"\n\t\t<!-- All in One SEO 4.9.10 - aioseo.com -->\n\t<meta name=\"description\" content=\"W\u00f3jt Gminy Tuplice dzia\u0142aj\u0105c na podstawie Uchwa\u0142y Nr XXIII\/146\/17 Rady Gminy Tuplice z dnia 28 lutego 2017 roku ,w sprawie przeprowadzenia konsultacji z mieszka\u0144cami dotycz\u0105cych zmiany nazw ulic \u015awierczewskiego i 9 Maja, w zwi\u0105zku z art. 6 ust. 1 ustawy z dnia 1 kwietnia 2016 roku o zakazie propagowania komunizmu lub innego ustroju totalitarnego przez\" \/>\n\t<meta name=\"robots\" content=\"max-image-preview:large\" \/>\n\t<meta name=\"author\" content=\"admin\"\/>\n\t<link rel=\"canonical\" href=\"https:\/\/tuplice.pl\/index.php\/2017\/03\/01\/konsultacje-spoleczne-dotyczace-zmian-nazw-ulic\/\" \/>\n\t<meta name=\"generator\" content=\"All in One SEO (AIOSEO) 4.9.10\" \/>\n\t\t<meta property=\"og:locale\" content=\"pl_PL\" \/>\n\t\t<meta property=\"og:site_name\" content=\"Gmina Tuplice - Strona Gminy Tuplice\" \/>\n\t\t<meta property=\"og:type\" content=\"article\" \/>\n\t\t<meta property=\"og:title\" content=\"Konsultacje spo\u0142eczne dotycz\u0105ce zmian nazw ulic. - Gmina Tuplice\" \/>\n\t\t<meta property=\"og:description\" content=\"W\u00f3jt Gminy Tuplice dzia\u0142aj\u0105c na podstawie Uchwa\u0142y Nr XXIII\/146\/17 Rady Gminy Tuplice z dnia 28 lutego 2017 roku ,w sprawie przeprowadzenia konsultacji z mieszka\u0144cami dotycz\u0105cych zmiany nazw ulic \u015awierczewskiego i 9 Maja, w zwi\u0105zku z art. 6 ust. 1 ustawy z dnia 1 kwietnia 2016 roku o zakazie propagowania komunizmu lub innego ustroju totalitarnego przez\" \/>\n\t\t<meta property=\"og:url\" content=\"https:\/\/tuplice.pl\/index.php\/2017\/03\/01\/konsultacje-spoleczne-dotyczace-zmian-nazw-ulic\/\" \/>\n\t\t<meta property=\"article:published_time\" content=\"2017-03-01T12:17:32+00:00\" \/>\n\t\t<meta property=\"article:modified_time\" content=\"2017-03-01T12:17:32+00:00\" \/>\n\t\t<meta property=\"article:publisher\" content=\"https:\/\/facebook.com\/Tuplicki Biuletyn Informacyjny\" \/>\n\t\t<meta name=\"twitter:card\" content=\"summary_large_image\" \/>\n\t\t<meta name=\"twitter:title\" content=\"Konsultacje spo\u0142eczne dotycz\u0105ce zmian nazw ulic. - Gmina Tuplice\" \/>\n\t\t<meta name=\"twitter:description\" content=\"W\u00f3jt Gminy Tuplice dzia\u0142aj\u0105c na podstawie Uchwa\u0142y Nr XXIII\/146\/17 Rady Gminy Tuplice z dnia 28 lutego 2017 roku ,w sprawie przeprowadzenia konsultacji z mieszka\u0144cami dotycz\u0105cych zmiany nazw ulic \u015awierczewskiego i 9 Maja, w zwi\u0105zku z art. 6 ust. 1 ustawy z dnia 1 kwietnia 2016 roku o zakazie propagowania komunizmu lub innego ustroju totalitarnego przez\" \/>\n\t\t<script type=\"application\/ld+json\" class=\"aioseo-schema\">\n\t\t\t{\"@context\":\"https:\\\/\\\/schema.org\",\"@graph\":[{\"@type\":\"BlogPosting\",\"@id\":\"https:\\\/\\\/tuplice.pl\\\/index.php\\\/2017\\\/03\\\/01\\\/konsultacje-spoleczne-dotyczace-zmian-nazw-ulic\\\/#blogposting\",\"name\":\"Konsultacje spo\\u0142eczne dotycz\\u0105ce zmian nazw ulic. - Gmina Tuplice\",\"headline\":\"Konsultacje spo\\u0142eczne dotycz\\u0105ce zmian nazw ulic.\",\"author\":{\"@id\":\"https:\\\/\\\/tuplice.pl\\\/index.php\\\/author\\\/admin-2\\\/#author\"},\"publisher\":{\"@id\":\"https:\\\/\\\/tuplice.pl\\\/#organization\"},\"image\":{\"@type\":\"ImageObject\",\"url\":\"https:\\\/\\\/tuplice.pl\\\/wp-content\\\/uploads\\\/2025\\\/07\\\/images.png\",\"@id\":\"https:\\\/\\\/tuplice.pl\\\/#articleImage\",\"width\":282,\"height\":179},\"datePublished\":\"2017-03-01T13:17:32+01:00\",\"dateModified\":\"2017-03-01T13:17:32+01:00\",\"inLanguage\":\"pl-PL\",\"mainEntityOfPage\":{\"@id\":\"https:\\\/\\\/tuplice.pl\\\/index.php\\\/2017\\\/03\\\/01\\\/konsultacje-spoleczne-dotyczace-zmian-nazw-ulic\\\/#webpage\"},\"isPartOf\":{\"@id\":\"https:\\\/\\\/tuplice.pl\\\/index.php\\\/2017\\\/03\\\/01\\\/konsultacje-spoleczne-dotyczace-zmian-nazw-ulic\\\/#webpage\"},\"articleSection\":\"Aktualno\\u015bci\"},{\"@type\":\"BreadcrumbList\",\"@id\":\"https:\\\/\\\/tuplice.pl\\\/index.php\\\/2017\\\/03\\\/01\\\/konsultacje-spoleczne-dotyczace-zmian-nazw-ulic\\\/#breadcrumblist\",\"itemListElement\":[{\"@type\":\"ListItem\",\"@id\":\"https:\\\/\\\/tuplice.pl#listItem\",\"position\":1,\"name\":\"Home\",\"item\":\"https:\\\/\\\/tuplice.pl\",\"nextItem\":{\"@type\":\"ListItem\",\"@id\":\"https:\\\/\\\/tuplice.pl\\\/index.php\\\/category\\\/aktualnosci\\\/#listItem\",\"name\":\"Aktualno\\u015bci\"}},{\"@type\":\"ListItem\",\"@id\":\"https:\\\/\\\/tuplice.pl\\\/index.php\\\/category\\\/aktualnosci\\\/#listItem\",\"position\":2,\"name\":\"Aktualno\\u015bci\",\"item\":\"https:\\\/\\\/tuplice.pl\\\/index.php\\\/category\\\/aktualnosci\\\/\",\"nextItem\":{\"@type\":\"ListItem\",\"@id\":\"https:\\\/\\\/tuplice.pl\\\/index.php\\\/2017\\\/03\\\/01\\\/konsultacje-spoleczne-dotyczace-zmian-nazw-ulic\\\/#listItem\",\"name\":\"Konsultacje spo\\u0142eczne dotycz\\u0105ce zmian nazw ulic.\"},\"previousItem\":{\"@type\":\"ListItem\",\"@id\":\"https:\\\/\\\/tuplice.pl#listItem\",\"name\":\"Home\"}},{\"@type\":\"ListItem\",\"@id\":\"https:\\\/\\\/tuplice.pl\\\/index.php\\\/2017\\\/03\\\/01\\\/konsultacje-spoleczne-dotyczace-zmian-nazw-ulic\\\/#listItem\",\"position\":3,\"name\":\"Konsultacje spo\\u0142eczne dotycz\\u0105ce zmian nazw ulic.\",\"previousItem\":{\"@type\":\"ListItem\",\"@id\":\"https:\\\/\\\/tuplice.pl\\\/index.php\\\/category\\\/aktualnosci\\\/#listItem\",\"name\":\"Aktualno\\u015bci\"}}]},{\"@type\":\"Organization\",\"@id\":\"https:\\\/\\\/tuplice.pl\\\/#organization\",\"name\":\"Gmina Tuplice Gmina Tuplice\",\"description\":\"Strona Gminy Tuplice Strona Urz\\u0119du Gminy Tuplice\",\"url\":\"https:\\\/\\\/tuplice.pl\\\/\",\"telephone\":\"+48683625720\",\"logo\":{\"@type\":\"ImageObject\",\"url\":\"https:\\\/\\\/tuplice.pl\\\/wp-content\\\/uploads\\\/2025\\\/07\\\/images.png\",\"@id\":\"https:\\\/\\\/tuplice.pl\\\/index.php\\\/2017\\\/03\\\/01\\\/konsultacje-spoleczne-dotyczace-zmian-nazw-ulic\\\/#organizationLogo\",\"width\":282,\"height\":179},\"image\":{\"@id\":\"https:\\\/\\\/tuplice.pl\\\/index.php\\\/2017\\\/03\\\/01\\\/konsultacje-spoleczne-dotyczace-zmian-nazw-ulic\\\/#organizationLogo\"},\"sameAs\":[\"https:\\\/\\\/facebook.com\\\/Tuplicki Biuletyn Informacyjny\",\"https:\\\/\\\/pinterest.com\\\/Tuplicki Biuletyn Informacyjny\",\"https:\\\/\\\/youtube.com\\\/Tuplicki Biuletyn Informacyjny\"]},{\"@type\":\"Person\",\"@id\":\"https:\\\/\\\/tuplice.pl\\\/index.php\\\/author\\\/admin-2\\\/#author\",\"url\":\"https:\\\/\\\/tuplice.pl\\\/index.php\\\/author\\\/admin-2\\\/\",\"name\":\"admin\",\"image\":{\"@type\":\"ImageObject\",\"@id\":\"https:\\\/\\\/tuplice.pl\\\/index.php\\\/2017\\\/03\\\/01\\\/konsultacje-spoleczne-dotyczace-zmian-nazw-ulic\\\/#authorImage\",\"url\":\"https:\\\/\\\/secure.gravatar.com\\\/avatar\\\/8a55bb0a6c2b7d7d608f6e5c7d99e391?s=96&d=mm&r=g\",\"width\":96,\"height\":96,\"caption\":\"admin\"}},{\"@type\":\"WebPage\",\"@id\":\"https:\\\/\\\/tuplice.pl\\\/index.php\\\/2017\\\/03\\\/01\\\/konsultacje-spoleczne-dotyczace-zmian-nazw-ulic\\\/#webpage\",\"url\":\"https:\\\/\\\/tuplice.pl\\\/index.php\\\/2017\\\/03\\\/01\\\/konsultacje-spoleczne-dotyczace-zmian-nazw-ulic\\\/\",\"name\":\"Konsultacje spo\\u0142eczne dotycz\\u0105ce zmian nazw ulic. - Gmina Tuplice\",\"description\":\"W\\u00f3jt Gminy Tuplice dzia\\u0142aj\\u0105c na podstawie Uchwa\\u0142y Nr XXIII\\\/146\\\/17 Rady Gminy Tuplice z dnia 28 lutego 2017 roku ,w sprawie przeprowadzenia konsultacji z mieszka\\u0144cami dotycz\\u0105cych zmiany nazw ulic \\u015awierczewskiego i 9 Maja, w zwi\\u0105zku z art. 6 ust. 1 ustawy z dnia 1 kwietnia 2016 roku o zakazie propagowania komunizmu lub innego ustroju totalitarnego przez\",\"inLanguage\":\"pl-PL\",\"isPartOf\":{\"@id\":\"https:\\\/\\\/tuplice.pl\\\/#website\"},\"breadcrumb\":{\"@id\":\"https:\\\/\\\/tuplice.pl\\\/index.php\\\/2017\\\/03\\\/01\\\/konsultacje-spoleczne-dotyczace-zmian-nazw-ulic\\\/#breadcrumblist\"},\"author\":{\"@id\":\"https:\\\/\\\/tuplice.pl\\\/index.php\\\/author\\\/admin-2\\\/#author\"},\"creator\":{\"@id\":\"https:\\\/\\\/tuplice.pl\\\/index.php\\\/author\\\/admin-2\\\/#author\"},\"datePublished\":\"2017-03-01T13:17:32+01:00\",\"dateModified\":\"2017-03-01T13:17:32+01:00\"},{\"@type\":\"WebSite\",\"@id\":\"https:\\\/\\\/tuplice.pl\\\/#website\",\"url\":\"https:\\\/\\\/tuplice.pl\\\/\",\"name\":\"Gmina Tuplice\",\"description\":\"Strona Gminy Tuplice\",\"inLanguage\":\"pl-PL\",\"publisher\":{\"@id\":\"https:\\\/\\\/tuplice.pl\\\/#organization\"}}]}\n\t\t<\/script>\n\t\t<!-- All in One SEO -->\n\n","aioseo_head_json":{"title":"Konsultacje spo\u0142eczne dotycz\u0105ce zmian nazw ulic. - Gmina Tuplice","description":"W\u00f3jt Gminy Tuplice dzia\u0142aj\u0105c na podstawie Uchwa\u0142y Nr XXIII\/146\/17 Rady Gminy Tuplice z dnia 28 lutego 2017 roku ,w sprawie przeprowadzenia konsultacji z mieszka\u0144cami dotycz\u0105cych zmiany nazw ulic \u015awierczewskiego i 9 Maja, w zwi\u0105zku z art. 6 ust. 1 ustawy z dnia 1 kwietnia 2016 roku o zakazie propagowania komunizmu lub innego ustroju totalitarnego przez","canonical_url":"https:\/\/tuplice.pl\/index.php\/2017\/03\/01\/konsultacje-spoleczne-dotyczace-zmian-nazw-ulic\/","robots":"max-image-preview:large","keywords":"","webmasterTools":{"miscellaneous":""},"schema":{"@context":"https:\/\/schema.org","@graph":[{"@type":"BlogPosting","@id":"https:\/\/tuplice.pl\/index.php\/2017\/03\/01\/konsultacje-spoleczne-dotyczace-zmian-nazw-ulic\/#blogposting","name":"Konsultacje spo\u0142eczne dotycz\u0105ce zmian nazw ulic. - Gmina Tuplice","headline":"Konsultacje spo\u0142eczne dotycz\u0105ce zmian nazw ulic.","author":{"@id":"https:\/\/tuplice.pl\/index.php\/author\/admin-2\/#author"},"publisher":{"@id":"https:\/\/tuplice.pl\/#organization"},"image":{"@type":"ImageObject","url":"https:\/\/tuplice.pl\/wp-content\/uploads\/2025\/07\/images.png","@id":"https:\/\/tuplice.pl\/#articleImage","width":282,"height":179},"datePublished":"2017-03-01T13:17:32+01:00","dateModified":"2017-03-01T13:17:32+01:00","inLanguage":"pl-PL","mainEntityOfPage":{"@id":"https:\/\/tuplice.pl\/index.php\/2017\/03\/01\/konsultacje-spoleczne-dotyczace-zmian-nazw-ulic\/#webpage"},"isPartOf":{"@id":"https:\/\/tuplice.pl\/index.php\/2017\/03\/01\/konsultacje-spoleczne-dotyczace-zmian-nazw-ulic\/#webpage"},"articleSection":"Aktualno\u015bci"},{"@type":"BreadcrumbList","@id":"https:\/\/tuplice.pl\/index.php\/2017\/03\/01\/konsultacje-spoleczne-dotyczace-zmian-nazw-ulic\/#breadcrumblist","itemListElement":[{"@type":"ListItem","@id":"https:\/\/tuplice.pl#listItem","position":1,"name":"Home","item":"https:\/\/tuplice.pl","nextItem":{"@type":"ListItem","@id":"https:\/\/tuplice.pl\/index.php\/category\/aktualnosci\/#listItem","name":"Aktualno\u015bci"}},{"@type":"ListItem","@id":"https:\/\/tuplice.pl\/index.php\/category\/aktualnosci\/#listItem","position":2,"name":"Aktualno\u015bci","item":"https:\/\/tuplice.pl\/index.php\/category\/aktualnosci\/","nextItem":{"@type":"ListItem","@id":"https:\/\/tuplice.pl\/index.php\/2017\/03\/01\/konsultacje-spoleczne-dotyczace-zmian-nazw-ulic\/#listItem","name":"Konsultacje spo\u0142eczne dotycz\u0105ce zmian nazw ulic."},"previousItem":{"@type":"ListItem","@id":"https:\/\/tuplice.pl#listItem","name":"Home"}},{"@type":"ListItem","@id":"https:\/\/tuplice.pl\/index.php\/2017\/03\/01\/konsultacje-spoleczne-dotyczace-zmian-nazw-ulic\/#listItem","position":3,"name":"Konsultacje spo\u0142eczne dotycz\u0105ce zmian nazw ulic.","previousItem":{"@type":"ListItem","@id":"https:\/\/tuplice.pl\/index.php\/category\/aktualnosci\/#listItem","name":"Aktualno\u015bci"}}]},{"@type":"Organization","@id":"https:\/\/tuplice.pl\/#organization","name":"Gmina Tuplice Gmina Tuplice","description":"Strona Gminy Tuplice Strona Urz\u0119du Gminy Tuplice","url":"https:\/\/tuplice.pl\/","telephone":"+48683625720","logo":{"@type":"ImageObject","url":"https:\/\/tuplice.pl\/wp-content\/uploads\/2025\/07\/images.png","@id":"https:\/\/tuplice.pl\/index.php\/2017\/03\/01\/konsultacje-spoleczne-dotyczace-zmian-nazw-ulic\/#organizationLogo","width":282,"height":179},"image":{"@id":"https:\/\/tuplice.pl\/index.php\/2017\/03\/01\/konsultacje-spoleczne-dotyczace-zmian-nazw-ulic\/#organizationLogo"},"sameAs":["https:\/\/facebook.com\/Tuplicki Biuletyn Informacyjny","https:\/\/pinterest.com\/Tuplicki Biuletyn Informacyjny","https:\/\/youtube.com\/Tuplicki Biuletyn Informacyjny"]},{"@type":"Person","@id":"https:\/\/tuplice.pl\/index.php\/author\/admin-2\/#author","url":"https:\/\/tuplice.pl\/index.php\/author\/admin-2\/","name":"admin","image":{"@type":"ImageObject","@id":"https:\/\/tuplice.pl\/index.php\/2017\/03\/01\/konsultacje-spoleczne-dotyczace-zmian-nazw-ulic\/#authorImage","url":"https:\/\/secure.gravatar.com\/avatar\/8a55bb0a6c2b7d7d608f6e5c7d99e391?s=96&d=mm&r=g","width":96,"height":96,"caption":"admin"}},{"@type":"WebPage","@id":"https:\/\/tuplice.pl\/index.php\/2017\/03\/01\/konsultacje-spoleczne-dotyczace-zmian-nazw-ulic\/#webpage","url":"https:\/\/tuplice.pl\/index.php\/2017\/03\/01\/konsultacje-spoleczne-dotyczace-zmian-nazw-ulic\/","name":"Konsultacje spo\u0142eczne dotycz\u0105ce zmian nazw ulic. - Gmina Tuplice","description":"W\u00f3jt Gminy Tuplice dzia\u0142aj\u0105c na podstawie Uchwa\u0142y Nr XXIII\/146\/17 Rady Gminy Tuplice z dnia 28 lutego 2017 roku ,w sprawie przeprowadzenia konsultacji z mieszka\u0144cami dotycz\u0105cych zmiany nazw ulic \u015awierczewskiego i 9 Maja, w zwi\u0105zku z art. 6 ust. 1 ustawy z dnia 1 kwietnia 2016 roku o zakazie propagowania komunizmu lub innego ustroju totalitarnego przez","inLanguage":"pl-PL","isPartOf":{"@id":"https:\/\/tuplice.pl\/#website"},"breadcrumb":{"@id":"https:\/\/tuplice.pl\/index.php\/2017\/03\/01\/konsultacje-spoleczne-dotyczace-zmian-nazw-ulic\/#breadcrumblist"},"author":{"@id":"https:\/\/tuplice.pl\/index.php\/author\/admin-2\/#author"},"creator":{"@id":"https:\/\/tuplice.pl\/index.php\/author\/admin-2\/#author"},"datePublished":"2017-03-01T13:17:32+01:00","dateModified":"2017-03-01T13:17:32+01:00"},{"@type":"WebSite","@id":"https:\/\/tuplice.pl\/#website","url":"https:\/\/tuplice.pl\/","name":"Gmina Tuplice","description":"Strona Gminy Tuplice","inLanguage":"pl-PL","publisher":{"@id":"https:\/\/tuplice.pl\/#organization"}}]},"og:locale":"pl_PL","og:site_name":"Gmina Tuplice - Strona Gminy Tuplice","og:type":"article","og:title":"Konsultacje spo\u0142eczne dotycz\u0105ce zmian nazw ulic. - Gmina Tuplice","og:description":"W\u00f3jt Gminy Tuplice dzia\u0142aj\u0105c na podstawie Uchwa\u0142y Nr XXIII\/146\/17 Rady Gminy Tuplice z dnia 28 lutego 2017 roku ,w sprawie przeprowadzenia konsultacji z mieszka\u0144cami dotycz\u0105cych zmiany nazw ulic \u015awierczewskiego i 9 Maja, w zwi\u0105zku z art. 6 ust. 1 ustawy z dnia 1 kwietnia 2016 roku o zakazie propagowania komunizmu lub innego ustroju totalitarnego przez","og:url":"https:\/\/tuplice.pl\/index.php\/2017\/03\/01\/konsultacje-spoleczne-dotyczace-zmian-nazw-ulic\/","article:published_time":"2017-03-01T12:17:32+00:00","article:modified_time":"2017-03-01T12:17:32+00:00","article:publisher":"https:\/\/facebook.com\/Tuplicki Biuletyn Informacyjny","twitter:card":"summary_large_image","twitter:title":"Konsultacje spo\u0142eczne dotycz\u0105ce zmian nazw ulic. - Gmina Tuplice","twitter:description":"W\u00f3jt Gminy Tuplice dzia\u0142aj\u0105c na podstawie Uchwa\u0142y Nr XXIII\/146\/17 Rady Gminy Tuplice z dnia 28 lutego 2017 roku ,w sprawie przeprowadzenia konsultacji z mieszka\u0144cami dotycz\u0105cych zmiany nazw ulic \u015awierczewskiego i 9 Maja, w zwi\u0105zku z art. 6 ust. 1 ustawy z dnia 1 kwietnia 2016 roku o zakazie propagowania komunizmu lub innego ustroju totalitarnego przez"},"aioseo_meta_data":{"post_id":"1634","title":null,"description":null,"keywords":null,"keyphrases":null,"primary_term":null,"canonical_url":null,"og_title":null,"og_description":null,"og_object_type":"default","og_image_type":"default","og_image_url":null,"og_image_width":null,"og_image_height":null,"og_image_custom_url":null,"og_image_custom_fields":null,"og_video":null,"og_custom_url":null,"og_article_section":null,"og_article_tags":null,"twitter_use_og":false,"twitter_card":"default","twitter_image_type":"default","twitter_image_url":null,"twitter_image_custom_url":null,"twitter_image_custom_fields":null,"twitter_title":null,"twitter_description":null,"schema":{"blockGraphs":[],"customGraphs":[],"default":{"data":{"Article":[],"Course":[],"Dataset":[],"FAQPage":[],"Movie":[],"Person":[],"Product":[],"ProductReview":[],"Car":[],"Recipe":[],"Service":[],"SoftwareApplication":[],"WebPage":[]},"graphName":"","isEnabled":true},"graphs":[]},"schema_type":"default","schema_type_options":null,"pillar_content":false,"robots_default":true,"robots_noindex":false,"robots_noarchive":false,"robots_nosnippet":false,"robots_nofollow":false,"robots_noimageindex":false,"robots_noodp":false,"robots_notranslate":false,"robots_max_snippet":null,"robots_max_videopreview":null,"robots_max_imagepreview":"large","priority":null,"frequency":null,"local_seo":null,"breadcrumb_settings":null,"limit_modified_date":false,"ai":null,"created":"2025-07-22 22:03:12","updated":"2025-07-22 22:03:12","seo_analyzer_scan_date":null},"aioseo_breadcrumb":"<div class=\"aioseo-breadcrumbs\"><span class=\"aioseo-breadcrumb\">\n\t\t\t<a href=\"https:\/\/tuplice.pl\" title=\"Home\">Home<\/a>\n\t\t<\/span><span class=\"aioseo-breadcrumb-separator\">&raquo;<\/span><span class=\"aioseo-breadcrumb\">\n\t\t\t<a href=\"https:\/\/tuplice.pl\/index.php\/category\/aktualnosci\/\" title=\"Aktualno\u015bci\">Aktualno\u015bci<\/a>\n\t\t<\/span><span class=\"aioseo-breadcrumb-separator\">&raquo;<\/span><span class=\"aioseo-breadcrumb\">\n\t\t\tKonsultacje spo\u0142eczne dotycz\u0105ce zmian nazw ulic.\n\t\t<\/span><\/div>","aioseo_breadcrumb_json":[{"label":"Home","link":"https:\/\/tuplice.pl"},{"label":"Aktualno\u015bci","link":"https:\/\/tuplice.pl\/index.php\/category\/aktualnosci\/"},{"label":"Konsultacje spo\u0142eczne dotycz\u0105ce zmian nazw ulic.","link":"https:\/\/tuplice.pl\/index.php\/2017\/03\/01\/konsultacje-spoleczne-dotyczace-zmian-nazw-ulic\/"}],"a3_pvc":{"activated":false,"total_views":0,"today_views":0},"_links":{"self":[{"href":"https:\/\/tuplice.pl\/index.php\/wp-json\/wp\/v2\/posts\/1634"}],"collection":[{"href":"https:\/\/tuplice.pl\/index.php\/wp-json\/wp\/v2\/posts"}],"about":[{"href":"https:\/\/tuplice.pl\/index.php\/wp-json\/wp\/v2\/types\/post"}],"author":[{"embeddable":true,"href":"https:\/\/tuplice.pl\/index.php\/wp-json\/wp\/v2\/users\/4"}],"replies":[{"embeddable":true,"href":"https:\/\/tuplice.pl\/index.php\/wp-json\/wp\/v2\/comments?post=1634"}],"version-history":[{"count":0,"href":"https:\/\/tuplice.pl\/index.php\/wp-json\/wp\/v2\/posts\/1634\/revisions"}],"wp:attachment":[{"href":"https:\/\/tuplice.pl\/index.php\/wp-json\/wp\/v2\/media?parent=1634"}],"wp:term":[{"taxonomy":"category","embeddable":true,"href":"https:\/\/tuplice.pl\/index.php\/wp-json\/wp\/v2\/categories?post=1634"},{"taxonomy":"post_tag","embeddable":true,"href":"https:\/\/tuplice.pl\/index.php\/wp-json\/wp\/v2\/tags?post=1634"}],"curies":[{"name":"wp","href":"https:\/\/api.w.org\/{rel}","templated":true}]}}