{"id":1635,"date":"2017-03-02T07:01:21","date_gmt":"2017-03-02T06:01:21","guid":{"rendered":"https:\/\/tuplice.pl\/ostrzezenie-meteorologiczne-na-2-03-2017-r\/"},"modified":"2017-03-02T07:01:21","modified_gmt":"2017-03-02T06:01:21","slug":"ostrzezenie-meteorologiczne-na-2-03-2017-r","status":"publish","type":"post","link":"https:\/\/tuplice.pl\/index.php\/2017\/03\/02\/ostrzezenie-meteorologiczne-na-2-03-2017-r\/","title":{"rendered":"Ostrze\u017cenie meteorologiczne na 2.03.2017 r."},"content":{"rendered":"<p><img decoding=\"async\" loading=\"lazy\" class=\" alignleft size-full wp-image-1618\" src=\"https:\/\/tuplice.pl\/wp-content\/uploads\/2017\/02\/wiatr.jpg\" border=\"0\" width=\"175\" height=\"130\" style=\"border: 0; float: left; margin: 10px;\" \/> IMGW Biuro Prognoz Meteorologicznych Oddzia\u0142 w Poznaniu ostrzega o silnych wiatrach od godz. 09:00 2.03.2017 do godz. 18:00 dnia 2.03.2017 r. Prognozuje si\u0119 wyst\u0105pienie silnego wiatru o \u015bredniej pr\u0119dko\u015bci od 25 km\/h do 35 km\/h, z porywami do 90 km\/h, po\u0142udniowo-zachodni skr\u0119caj\u0105cy na zachodni.<\/p>\n<p>\u00a0<\/p>\n<p>\u00a0<\/p>\n","protected":false},"excerpt":{"rendered":"<p>IMGW Biuro Prognoz Meteorologicznych Oddzia\u0142 w Poznaniu ostrzega o silnych wiatrach od godz. 09:00 2.03.2017 do godz. 18:00 dnia 2.03.2017 r. Prognozuje si\u0119 wyst\u0105pienie silnego wiatru o \u015bredniej pr\u0119dko\u015bci od 25 km\/h do 35 km\/h, z porywami do 90 km\/h, po\u0142udniowo-zachodni skr\u0119caj\u0105cy na zachodni. \u00a0 \u00a0<\/p>\n","protected":false},"author":4,"featured_media":1618,"comment_status":"closed","ping_status":"closed","sticky":false,"template":"","format":"standard","meta":{"_et_pb_use_builder":"","_et_pb_old_content":"","_et_gb_content_width":"","_monsterinsights_skip_tracking":false},"categories":[82],"tags":[],"aioseo_notices":[],"aioseo_head":"\n\t\t<!-- All in One SEO 4.9.10 - aioseo.com -->\n\t<meta name=\"description\" content=\"IMGW Biuro Prognoz Meteorologicznych Oddzia\u0142 w Poznaniu ostrzega o silnych wiatrach od godz. 09:00 2.03.2017 do godz. 18:00 dnia 2.03.2017 r. Prognozuje si\u0119 wyst\u0105pienie silnego wiatru o \u015bredniej pr\u0119dko\u015bci od 25 km\/h do 35 km\/h, z porywami do 90 km\/h, po\u0142udniowo-zachodni skr\u0119caj\u0105cy na zachodni.\" \/>\n\t<meta name=\"robots\" content=\"max-image-preview:large\" \/>\n\t<meta name=\"author\" content=\"admin\"\/>\n\t<link rel=\"canonical\" href=\"https:\/\/tuplice.pl\/index.php\/2017\/03\/02\/ostrzezenie-meteorologiczne-na-2-03-2017-r\/\" \/>\n\t<meta name=\"generator\" content=\"All in One SEO (AIOSEO) 4.9.10\" \/>\n\t\t<meta property=\"og:locale\" content=\"pl_PL\" \/>\n\t\t<meta property=\"og:site_name\" content=\"Gmina Tuplice - Strona Gminy Tuplice\" \/>\n\t\t<meta property=\"og:type\" content=\"article\" \/>\n\t\t<meta property=\"og:title\" content=\"Ostrze\u017cenie meteorologiczne na 2.03.2017 r. - Gmina Tuplice\" \/>\n\t\t<meta property=\"og:description\" content=\"IMGW Biuro Prognoz Meteorologicznych Oddzia\u0142 w Poznaniu ostrzega o silnych wiatrach od godz. 09:00 2.03.2017 do godz. 18:00 dnia 2.03.2017 r. Prognozuje si\u0119 wyst\u0105pienie silnego wiatru o \u015bredniej pr\u0119dko\u015bci od 25 km\/h do 35 km\/h, z porywami do 90 km\/h, po\u0142udniowo-zachodni skr\u0119caj\u0105cy na zachodni.\" \/>\n\t\t<meta property=\"og:url\" content=\"https:\/\/tuplice.pl\/index.php\/2017\/03\/02\/ostrzezenie-meteorologiczne-na-2-03-2017-r\/\" \/>\n\t\t<meta property=\"article:published_time\" content=\"2017-03-02T06:01:21+00:00\" \/>\n\t\t<meta property=\"article:modified_time\" content=\"2017-03-02T06:01:21+00:00\" \/>\n\t\t<meta property=\"article:publisher\" content=\"https:\/\/facebook.com\/Tuplicki Biuletyn Informacyjny\" \/>\n\t\t<meta name=\"twitter:card\" content=\"summary_large_image\" \/>\n\t\t<meta name=\"twitter:title\" content=\"Ostrze\u017cenie meteorologiczne na 2.03.2017 r. - Gmina Tuplice\" \/>\n\t\t<meta name=\"twitter:description\" content=\"IMGW Biuro Prognoz Meteorologicznych Oddzia\u0142 w Poznaniu ostrzega o silnych wiatrach od godz. 09:00 2.03.2017 do godz. 18:00 dnia 2.03.2017 r. Prognozuje si\u0119 wyst\u0105pienie silnego wiatru o \u015bredniej pr\u0119dko\u015bci od 25 km\/h do 35 km\/h, z porywami do 90 km\/h, po\u0142udniowo-zachodni skr\u0119caj\u0105cy na zachodni.\" \/>\n\t\t<script type=\"application\/ld+json\" class=\"aioseo-schema\">\n\t\t\t{\"@context\":\"https:\\\/\\\/schema.org\",\"@graph\":[{\"@type\":\"BlogPosting\",\"@id\":\"https:\\\/\\\/tuplice.pl\\\/index.php\\\/2017\\\/03\\\/02\\\/ostrzezenie-meteorologiczne-na-2-03-2017-r\\\/#blogposting\",\"name\":\"Ostrze\\u017cenie meteorologiczne na 2.03.2017 r. - Gmina Tuplice\",\"headline\":\"Ostrze\\u017cenie meteorologiczne na 2.03.2017 r.\",\"author\":{\"@id\":\"https:\\\/\\\/tuplice.pl\\\/index.php\\\/author\\\/admin-2\\\/#author\"},\"publisher\":{\"@id\":\"https:\\\/\\\/tuplice.pl\\\/#organization\"},\"image\":{\"@type\":\"ImageObject\",\"url\":1618},\"datePublished\":\"2017-03-02T07:01:21+01:00\",\"dateModified\":\"2017-03-02T07:01:21+01:00\",\"inLanguage\":\"pl-PL\",\"mainEntityOfPage\":{\"@id\":\"https:\\\/\\\/tuplice.pl\\\/index.php\\\/2017\\\/03\\\/02\\\/ostrzezenie-meteorologiczne-na-2-03-2017-r\\\/#webpage\"},\"isPartOf\":{\"@id\":\"https:\\\/\\\/tuplice.pl\\\/index.php\\\/2017\\\/03\\\/02\\\/ostrzezenie-meteorologiczne-na-2-03-2017-r\\\/#webpage\"},\"articleSection\":\"Aktualno\\u015bci\"},{\"@type\":\"BreadcrumbList\",\"@id\":\"https:\\\/\\\/tuplice.pl\\\/index.php\\\/2017\\\/03\\\/02\\\/ostrzezenie-meteorologiczne-na-2-03-2017-r\\\/#breadcrumblist\",\"itemListElement\":[{\"@type\":\"ListItem\",\"@id\":\"https:\\\/\\\/tuplice.pl#listItem\",\"position\":1,\"name\":\"Home\",\"item\":\"https:\\\/\\\/tuplice.pl\",\"nextItem\":{\"@type\":\"ListItem\",\"@id\":\"https:\\\/\\\/tuplice.pl\\\/index.php\\\/category\\\/aktualnosci\\\/#listItem\",\"name\":\"Aktualno\\u015bci\"}},{\"@type\":\"ListItem\",\"@id\":\"https:\\\/\\\/tuplice.pl\\\/index.php\\\/category\\\/aktualnosci\\\/#listItem\",\"position\":2,\"name\":\"Aktualno\\u015bci\",\"item\":\"https:\\\/\\\/tuplice.pl\\\/index.php\\\/category\\\/aktualnosci\\\/\",\"nextItem\":{\"@type\":\"ListItem\",\"@id\":\"https:\\\/\\\/tuplice.pl\\\/index.php\\\/2017\\\/03\\\/02\\\/ostrzezenie-meteorologiczne-na-2-03-2017-r\\\/#listItem\",\"name\":\"Ostrze\\u017cenie meteorologiczne na 2.03.2017 r.\"},\"previousItem\":{\"@type\":\"ListItem\",\"@id\":\"https:\\\/\\\/tuplice.pl#listItem\",\"name\":\"Home\"}},{\"@type\":\"ListItem\",\"@id\":\"https:\\\/\\\/tuplice.pl\\\/index.php\\\/2017\\\/03\\\/02\\\/ostrzezenie-meteorologiczne-na-2-03-2017-r\\\/#listItem\",\"position\":3,\"name\":\"Ostrze\\u017cenie meteorologiczne na 2.03.2017 r.\",\"previousItem\":{\"@type\":\"ListItem\",\"@id\":\"https:\\\/\\\/tuplice.pl\\\/index.php\\\/category\\\/aktualnosci\\\/#listItem\",\"name\":\"Aktualno\\u015bci\"}}]},{\"@type\":\"Organization\",\"@id\":\"https:\\\/\\\/tuplice.pl\\\/#organization\",\"name\":\"Gmina Tuplice Gmina Tuplice\",\"description\":\"Strona Gminy Tuplice Strona Urz\\u0119du Gminy Tuplice\",\"url\":\"https:\\\/\\\/tuplice.pl\\\/\",\"telephone\":\"+48683625720\",\"logo\":{\"@type\":\"ImageObject\",\"url\":\"https:\\\/\\\/tuplice.pl\\\/wp-content\\\/uploads\\\/2025\\\/07\\\/images.png\",\"@id\":\"https:\\\/\\\/tuplice.pl\\\/index.php\\\/2017\\\/03\\\/02\\\/ostrzezenie-meteorologiczne-na-2-03-2017-r\\\/#organizationLogo\",\"width\":282,\"height\":179},\"image\":{\"@id\":\"https:\\\/\\\/tuplice.pl\\\/index.php\\\/2017\\\/03\\\/02\\\/ostrzezenie-meteorologiczne-na-2-03-2017-r\\\/#organizationLogo\"},\"sameAs\":[\"https:\\\/\\\/facebook.com\\\/Tuplicki Biuletyn Informacyjny\",\"https:\\\/\\\/pinterest.com\\\/Tuplicki Biuletyn Informacyjny\",\"https:\\\/\\\/youtube.com\\\/Tuplicki Biuletyn Informacyjny\"]},{\"@type\":\"Person\",\"@id\":\"https:\\\/\\\/tuplice.pl\\\/index.php\\\/author\\\/admin-2\\\/#author\",\"url\":\"https:\\\/\\\/tuplice.pl\\\/index.php\\\/author\\\/admin-2\\\/\",\"name\":\"admin\",\"image\":{\"@type\":\"ImageObject\",\"@id\":\"https:\\\/\\\/tuplice.pl\\\/index.php\\\/2017\\\/03\\\/02\\\/ostrzezenie-meteorologiczne-na-2-03-2017-r\\\/#authorImage\",\"url\":\"https:\\\/\\\/secure.gravatar.com\\\/avatar\\\/8a55bb0a6c2b7d7d608f6e5c7d99e391?s=96&d=mm&r=g\",\"width\":96,\"height\":96,\"caption\":\"admin\"}},{\"@type\":\"WebPage\",\"@id\":\"https:\\\/\\\/tuplice.pl\\\/index.php\\\/2017\\\/03\\\/02\\\/ostrzezenie-meteorologiczne-na-2-03-2017-r\\\/#webpage\",\"url\":\"https:\\\/\\\/tuplice.pl\\\/index.php\\\/2017\\\/03\\\/02\\\/ostrzezenie-meteorologiczne-na-2-03-2017-r\\\/\",\"name\":\"Ostrze\\u017cenie meteorologiczne na 2.03.2017 r. - Gmina Tuplice\",\"description\":\"IMGW Biuro Prognoz Meteorologicznych Oddzia\\u0142 w Poznaniu ostrzega o silnych wiatrach od godz. 09:00 2.03.2017 do godz. 18:00 dnia 2.03.2017 r. Prognozuje si\\u0119 wyst\\u0105pienie silnego wiatru o \\u015bredniej pr\\u0119dko\\u015bci od 25 km\\\/h do 35 km\\\/h, z porywami do 90 km\\\/h, po\\u0142udniowo-zachodni skr\\u0119caj\\u0105cy na zachodni.\",\"inLanguage\":\"pl-PL\",\"isPartOf\":{\"@id\":\"https:\\\/\\\/tuplice.pl\\\/#website\"},\"breadcrumb\":{\"@id\":\"https:\\\/\\\/tuplice.pl\\\/index.php\\\/2017\\\/03\\\/02\\\/ostrzezenie-meteorologiczne-na-2-03-2017-r\\\/#breadcrumblist\"},\"author\":{\"@id\":\"https:\\\/\\\/tuplice.pl\\\/index.php\\\/author\\\/admin-2\\\/#author\"},\"creator\":{\"@id\":\"https:\\\/\\\/tuplice.pl\\\/index.php\\\/author\\\/admin-2\\\/#author\"},\"image\":{\"@type\":\"ImageObject\",\"url\":1618,\"@id\":\"https:\\\/\\\/tuplice.pl\\\/index.php\\\/2017\\\/03\\\/02\\\/ostrzezenie-meteorologiczne-na-2-03-2017-r\\\/#mainImage\"},\"primaryImageOfPage\":{\"@id\":\"https:\\\/\\\/tuplice.pl\\\/index.php\\\/2017\\\/03\\\/02\\\/ostrzezenie-meteorologiczne-na-2-03-2017-r\\\/#mainImage\"},\"datePublished\":\"2017-03-02T07:01:21+01:00\",\"dateModified\":\"2017-03-02T07:01:21+01:00\"},{\"@type\":\"WebSite\",\"@id\":\"https:\\\/\\\/tuplice.pl\\\/#website\",\"url\":\"https:\\\/\\\/tuplice.pl\\\/\",\"name\":\"Gmina Tuplice\",\"description\":\"Strona Gminy Tuplice\",\"inLanguage\":\"pl-PL\",\"publisher\":{\"@id\":\"https:\\\/\\\/tuplice.pl\\\/#organization\"}}]}\n\t\t<\/script>\n\t\t<!-- All in One SEO -->\n\n","aioseo_head_json":{"title":"Ostrze\u017cenie meteorologiczne na 2.03.2017 r. - Gmina Tuplice","description":"IMGW Biuro Prognoz Meteorologicznych Oddzia\u0142 w Poznaniu ostrzega o silnych wiatrach od godz. 09:00 2.03.2017 do godz. 18:00 dnia 2.03.2017 r. Prognozuje si\u0119 wyst\u0105pienie silnego wiatru o \u015bredniej pr\u0119dko\u015bci od 25 km\/h do 35 km\/h, z porywami do 90 km\/h, po\u0142udniowo-zachodni skr\u0119caj\u0105cy na zachodni.","canonical_url":"https:\/\/tuplice.pl\/index.php\/2017\/03\/02\/ostrzezenie-meteorologiczne-na-2-03-2017-r\/","robots":"max-image-preview:large","keywords":"","webmasterTools":{"miscellaneous":""},"schema":{"@context":"https:\/\/schema.org","@graph":[{"@type":"BlogPosting","@id":"https:\/\/tuplice.pl\/index.php\/2017\/03\/02\/ostrzezenie-meteorologiczne-na-2-03-2017-r\/#blogposting","name":"Ostrze\u017cenie meteorologiczne na 2.03.2017 r. - Gmina Tuplice","headline":"Ostrze\u017cenie meteorologiczne na 2.03.2017 r.","author":{"@id":"https:\/\/tuplice.pl\/index.php\/author\/admin-2\/#author"},"publisher":{"@id":"https:\/\/tuplice.pl\/#organization"},"image":{"@type":"ImageObject","url":1618},"datePublished":"2017-03-02T07:01:21+01:00","dateModified":"2017-03-02T07:01:21+01:00","inLanguage":"pl-PL","mainEntityOfPage":{"@id":"https:\/\/tuplice.pl\/index.php\/2017\/03\/02\/ostrzezenie-meteorologiczne-na-2-03-2017-r\/#webpage"},"isPartOf":{"@id":"https:\/\/tuplice.pl\/index.php\/2017\/03\/02\/ostrzezenie-meteorologiczne-na-2-03-2017-r\/#webpage"},"articleSection":"Aktualno\u015bci"},{"@type":"BreadcrumbList","@id":"https:\/\/tuplice.pl\/index.php\/2017\/03\/02\/ostrzezenie-meteorologiczne-na-2-03-2017-r\/#breadcrumblist","itemListElement":[{"@type":"ListItem","@id":"https:\/\/tuplice.pl#listItem","position":1,"name":"Home","item":"https:\/\/tuplice.pl","nextItem":{"@type":"ListItem","@id":"https:\/\/tuplice.pl\/index.php\/category\/aktualnosci\/#listItem","name":"Aktualno\u015bci"}},{"@type":"ListItem","@id":"https:\/\/tuplice.pl\/index.php\/category\/aktualnosci\/#listItem","position":2,"name":"Aktualno\u015bci","item":"https:\/\/tuplice.pl\/index.php\/category\/aktualnosci\/","nextItem":{"@type":"ListItem","@id":"https:\/\/tuplice.pl\/index.php\/2017\/03\/02\/ostrzezenie-meteorologiczne-na-2-03-2017-r\/#listItem","name":"Ostrze\u017cenie meteorologiczne na 2.03.2017 r."},"previousItem":{"@type":"ListItem","@id":"https:\/\/tuplice.pl#listItem","name":"Home"}},{"@type":"ListItem","@id":"https:\/\/tuplice.pl\/index.php\/2017\/03\/02\/ostrzezenie-meteorologiczne-na-2-03-2017-r\/#listItem","position":3,"name":"Ostrze\u017cenie meteorologiczne na 2.03.2017 r.","previousItem":{"@type":"ListItem","@id":"https:\/\/tuplice.pl\/index.php\/category\/aktualnosci\/#listItem","name":"Aktualno\u015bci"}}]},{"@type":"Organization","@id":"https:\/\/tuplice.pl\/#organization","name":"Gmina Tuplice Gmina Tuplice","description":"Strona Gminy Tuplice Strona Urz\u0119du Gminy Tuplice","url":"https:\/\/tuplice.pl\/","telephone":"+48683625720","logo":{"@type":"ImageObject","url":"https:\/\/tuplice.pl\/wp-content\/uploads\/2025\/07\/images.png","@id":"https:\/\/tuplice.pl\/index.php\/2017\/03\/02\/ostrzezenie-meteorologiczne-na-2-03-2017-r\/#organizationLogo","width":282,"height":179},"image":{"@id":"https:\/\/tuplice.pl\/index.php\/2017\/03\/02\/ostrzezenie-meteorologiczne-na-2-03-2017-r\/#organizationLogo"},"sameAs":["https:\/\/facebook.com\/Tuplicki Biuletyn Informacyjny","https:\/\/pinterest.com\/Tuplicki Biuletyn Informacyjny","https:\/\/youtube.com\/Tuplicki Biuletyn Informacyjny"]},{"@type":"Person","@id":"https:\/\/tuplice.pl\/index.php\/author\/admin-2\/#author","url":"https:\/\/tuplice.pl\/index.php\/author\/admin-2\/","name":"admin","image":{"@type":"ImageObject","@id":"https:\/\/tuplice.pl\/index.php\/2017\/03\/02\/ostrzezenie-meteorologiczne-na-2-03-2017-r\/#authorImage","url":"https:\/\/secure.gravatar.com\/avatar\/8a55bb0a6c2b7d7d608f6e5c7d99e391?s=96&d=mm&r=g","width":96,"height":96,"caption":"admin"}},{"@type":"WebPage","@id":"https:\/\/tuplice.pl\/index.php\/2017\/03\/02\/ostrzezenie-meteorologiczne-na-2-03-2017-r\/#webpage","url":"https:\/\/tuplice.pl\/index.php\/2017\/03\/02\/ostrzezenie-meteorologiczne-na-2-03-2017-r\/","name":"Ostrze\u017cenie meteorologiczne na 2.03.2017 r. - Gmina Tuplice","description":"IMGW Biuro Prognoz Meteorologicznych Oddzia\u0142 w Poznaniu ostrzega o silnych wiatrach od godz. 09:00 2.03.2017 do godz. 18:00 dnia 2.03.2017 r. Prognozuje si\u0119 wyst\u0105pienie silnego wiatru o \u015bredniej pr\u0119dko\u015bci od 25 km\/h do 35 km\/h, z porywami do 90 km\/h, po\u0142udniowo-zachodni skr\u0119caj\u0105cy na zachodni.","inLanguage":"pl-PL","isPartOf":{"@id":"https:\/\/tuplice.pl\/#website"},"breadcrumb":{"@id":"https:\/\/tuplice.pl\/index.php\/2017\/03\/02\/ostrzezenie-meteorologiczne-na-2-03-2017-r\/#breadcrumblist"},"author":{"@id":"https:\/\/tuplice.pl\/index.php\/author\/admin-2\/#author"},"creator":{"@id":"https:\/\/tuplice.pl\/index.php\/author\/admin-2\/#author"},"image":{"@type":"ImageObject","url":1618,"@id":"https:\/\/tuplice.pl\/index.php\/2017\/03\/02\/ostrzezenie-meteorologiczne-na-2-03-2017-r\/#mainImage"},"primaryImageOfPage":{"@id":"https:\/\/tuplice.pl\/index.php\/2017\/03\/02\/ostrzezenie-meteorologiczne-na-2-03-2017-r\/#mainImage"},"datePublished":"2017-03-02T07:01:21+01:00","dateModified":"2017-03-02T07:01:21+01:00"},{"@type":"WebSite","@id":"https:\/\/tuplice.pl\/#website","url":"https:\/\/tuplice.pl\/","name":"Gmina Tuplice","description":"Strona Gminy Tuplice","inLanguage":"pl-PL","publisher":{"@id":"https:\/\/tuplice.pl\/#organization"}}]},"og:locale":"pl_PL","og:site_name":"Gmina Tuplice - Strona Gminy Tuplice","og:type":"article","og:title":"Ostrze\u017cenie meteorologiczne na 2.03.2017 r. - Gmina Tuplice","og:description":"IMGW Biuro Prognoz Meteorologicznych Oddzia\u0142 w Poznaniu ostrzega o silnych wiatrach od godz. 09:00 2.03.2017 do godz. 18:00 dnia 2.03.2017 r. Prognozuje si\u0119 wyst\u0105pienie silnego wiatru o \u015bredniej pr\u0119dko\u015bci od 25 km\/h do 35 km\/h, z porywami do 90 km\/h, po\u0142udniowo-zachodni skr\u0119caj\u0105cy na zachodni.","og:url":"https:\/\/tuplice.pl\/index.php\/2017\/03\/02\/ostrzezenie-meteorologiczne-na-2-03-2017-r\/","article:published_time":"2017-03-02T06:01:21+00:00","article:modified_time":"2017-03-02T06:01:21+00:00","article:publisher":"https:\/\/facebook.com\/Tuplicki Biuletyn Informacyjny","twitter:card":"summary_large_image","twitter:title":"Ostrze\u017cenie meteorologiczne na 2.03.2017 r. - Gmina Tuplice","twitter:description":"IMGW Biuro Prognoz Meteorologicznych Oddzia\u0142 w Poznaniu ostrzega o silnych wiatrach od godz. 09:00 2.03.2017 do godz. 18:00 dnia 2.03.2017 r. Prognozuje si\u0119 wyst\u0105pienie silnego wiatru o \u015bredniej pr\u0119dko\u015bci od 25 km\/h do 35 km\/h, z porywami do 90 km\/h, po\u0142udniowo-zachodni skr\u0119caj\u0105cy na zachodni."},"aioseo_meta_data":{"post_id":"1635","title":null,"description":null,"keywords":null,"keyphrases":null,"primary_term":null,"canonical_url":null,"og_title":null,"og_description":null,"og_object_type":"default","og_image_type":"default","og_image_url":null,"og_image_width":null,"og_image_height":null,"og_image_custom_url":null,"og_image_custom_fields":null,"og_video":null,"og_custom_url":null,"og_article_section":null,"og_article_tags":null,"twitter_use_og":false,"twitter_card":"default","twitter_image_type":"default","twitter_image_url":null,"twitter_image_custom_url":null,"twitter_image_custom_fields":null,"twitter_title":null,"twitter_description":null,"schema":{"blockGraphs":[],"customGraphs":[],"default":{"data":{"Article":[],"Course":[],"Dataset":[],"FAQPage":[],"Movie":[],"Person":[],"Product":[],"ProductReview":[],"Car":[],"Recipe":[],"Service":[],"SoftwareApplication":[],"WebPage":[]},"graphName":"","isEnabled":true},"graphs":[]},"schema_type":"default","schema_type_options":null,"pillar_content":false,"robots_default":true,"robots_noindex":false,"robots_noarchive":false,"robots_nosnippet":false,"robots_nofollow":false,"robots_noimageindex":false,"robots_noodp":false,"robots_notranslate":false,"robots_max_snippet":null,"robots_max_videopreview":null,"robots_max_imagepreview":"large","priority":null,"frequency":null,"local_seo":null,"breadcrumb_settings":null,"limit_modified_date":false,"ai":null,"created":"2025-07-22 22:03:12","updated":"2025-07-22 22:03:12","seo_analyzer_scan_date":null},"aioseo_breadcrumb":"<div class=\"aioseo-breadcrumbs\"><span class=\"aioseo-breadcrumb\">\n\t\t\t<a href=\"https:\/\/tuplice.pl\" title=\"Home\">Home<\/a>\n\t\t<\/span><span class=\"aioseo-breadcrumb-separator\">&raquo;<\/span><span class=\"aioseo-breadcrumb\">\n\t\t\t<a href=\"https:\/\/tuplice.pl\/index.php\/category\/aktualnosci\/\" title=\"Aktualno\u015bci\">Aktualno\u015bci<\/a>\n\t\t<\/span><span class=\"aioseo-breadcrumb-separator\">&raquo;<\/span><span class=\"aioseo-breadcrumb\">\n\t\t\tOstrze\u017cenie meteorologiczne na 2.03.2017 r.\n\t\t<\/span><\/div>","aioseo_breadcrumb_json":[{"label":"Home","link":"https:\/\/tuplice.pl"},{"label":"Aktualno\u015bci","link":"https:\/\/tuplice.pl\/index.php\/category\/aktualnosci\/"},{"label":"Ostrze\u017cenie meteorologiczne na 2.03.2017 r.","link":"https:\/\/tuplice.pl\/index.php\/2017\/03\/02\/ostrzezenie-meteorologiczne-na-2-03-2017-r\/"}],"a3_pvc":{"activated":false,"total_views":0,"today_views":0},"_links":{"self":[{"href":"https:\/\/tuplice.pl\/index.php\/wp-json\/wp\/v2\/posts\/1635"}],"collection":[{"href":"https:\/\/tuplice.pl\/index.php\/wp-json\/wp\/v2\/posts"}],"about":[{"href":"https:\/\/tuplice.pl\/index.php\/wp-json\/wp\/v2\/types\/post"}],"author":[{"embeddable":true,"href":"https:\/\/tuplice.pl\/index.php\/wp-json\/wp\/v2\/users\/4"}],"replies":[{"embeddable":true,"href":"https:\/\/tuplice.pl\/index.php\/wp-json\/wp\/v2\/comments?post=1635"}],"version-history":[{"count":0,"href":"https:\/\/tuplice.pl\/index.php\/wp-json\/wp\/v2\/posts\/1635\/revisions"}],"wp:featuredmedia":[{"embeddable":true,"href":"https:\/\/tuplice.pl\/index.php\/wp-json\/"}],"wp:attachment":[{"href":"https:\/\/tuplice.pl\/index.php\/wp-json\/wp\/v2\/media?parent=1635"}],"wp:term":[{"taxonomy":"category","embeddable":true,"href":"https:\/\/tuplice.pl\/index.php\/wp-json\/wp\/v2\/categories?post=1635"},{"taxonomy":"post_tag","embeddable":true,"href":"https:\/\/tuplice.pl\/index.php\/wp-json\/wp\/v2\/tags?post=1635"}],"curies":[{"name":"wp","href":"https:\/\/api.w.org\/{rel}","templated":true}]}}