{"id":1672,"date":"2017-04-25T09:12:58","date_gmt":"2017-04-25T07:12:58","guid":{"rendered":"https:\/\/tuplice.pl\/zebranie-soleckie-w-tuplicach\/"},"modified":"2017-04-25T09:12:58","modified_gmt":"2017-04-25T07:12:58","slug":"zebranie-soleckie-w-tuplicach","status":"publish","type":"post","link":"https:\/\/tuplice.pl\/index.php\/2017\/04\/25\/zebranie-soleckie-w-tuplicach\/","title":{"rendered":"Zebranie so\u0142eckie w Tuplicach."},"content":{"rendered":"<p>Na podstawie \u00a7 14, pkt. 1, ust. 1 Statutu So\u0142ectwa Tuplice, w zwi\u0105zku z piln\u0105 potrzeb\u0105 przedyskutowania i ustalenia w jaki spos\u00f3b wydatkowa\u0107 fundusz so\u0142ecki na rok 2017, so\u0142tys Tuplic zawiadamia mieszka\u0144c\u00f3w wsi i so\u0142ectwa Tuplice po\u0142o\u017conego w Gminie Tuplice o zwo\u0142aniu XIII Zebrania Wiejskiego w dniu 28 kwietnia 2017 r. o godzinie 18:30 w du\u017cej sali Gminnego\u00a0 O\u015brodka Kultury w Tuplicach<br \/>Harmonogram Zebrania:<br \/>1. Otwarcie Zebrania Wiejskiego.<br \/>2. Wniosek o zmian\u0119 przedsi\u0119wzi\u0119\u0107 przewidzianych do realizacji w 2017 roku w ramach funduszu so\u0142eckiego.<br \/>3. Sprawy r\u00f3\u017cne.<br \/>4. Zamkni\u0119cie zebrania.<br \/>Prawo do udzia\u0142u w Zebraniu Wiejskim maj\u0105 wszyscy mieszka\u0144cy so\u0142ectwa posiadaj\u0105cy czynne prawo wyborcze do Rady Gminy. Dla prawomocno\u015bci uchwa\u0142 Zebrania Wiejskiego \u2013 w tym uchwalenia wykorzystania funduszu so\u0142eckiego \u2013 niezb\u0119dna jest obecno\u015b\u0107 co najmniej 1\/5 uprawnionych mieszka\u0144c\u00f3w so\u0142ectwa. W so\u0142ectwie Tuplice uprawnionych mieszka\u0144c\u00f3w jest 1150, a zatem do prawomocno\u015bci uchwa\u0142 niezb\u0119dne jest uczestniczenie w Zebraniu co najmniej 230 os\u00f3b. W przypadku braku quorum kolejne Zebranie wiejskie odb\u0119dzie si\u0119 28 kwietnia 2017 r. o godzinie 1900. Podejmowane uchwa\u0142y i wybory s\u0105 w\u00f3wczas wa\u017cne bez wzgl\u0119du na ilo\u015b\u0107 obecnych uprawnionych mieszka\u0144c\u00f3w So\u0142ectwa Tuplice.<br \/>Zebranie Wiejskie jest zwo\u0142ywane z powodu konieczno\u015bci niezw\u0142ocznego uchwalenia planu wydatk\u00f3w z funduszu so\u0142eckiego na rok 2017.<\/p>\n<p style=\"text-align: right;\">So\u0142tys<br \/>Wies\u0142aw Niewczas<\/p>\n","protected":false},"excerpt":{"rendered":"<p>Na podstawie \u00a7 14, pkt. 1, ust. 1 Statutu So\u0142ectwa Tuplice, w zwi\u0105zku z piln\u0105 potrzeb\u0105 przedyskutowania i ustalenia w jaki spos\u00f3b wydatkowa\u0107 fundusz so\u0142ecki na rok 2017, so\u0142tys Tuplic zawiadamia mieszka\u0144c\u00f3w wsi i so\u0142ectwa Tuplice po\u0142o\u017conego w Gminie Tuplice o zwo\u0142aniu XIII Zebrania Wiejskiego w dniu 28 kwietnia 2017 r. o godzinie 18:30 w [&hellip;]<\/p>\n","protected":false},"author":4,"featured_media":0,"comment_status":"closed","ping_status":"closed","sticky":false,"template":"","format":"standard","meta":{"_et_pb_use_builder":"","_et_pb_old_content":"","_et_gb_content_width":"","_monsterinsights_skip_tracking":false},"categories":[82],"tags":[],"aioseo_notices":[],"aioseo_head":"\n\t\t<!-- All in One SEO 4.9.10 - aioseo.com -->\n\t<meta name=\"description\" content=\"Na podstawie \u00a7 14, pkt. 1, ust. 1 Statutu So\u0142ectwa Tuplice, w zwi\u0105zku z piln\u0105 potrzeb\u0105 przedyskutowania i ustalenia w jaki spos\u00f3b wydatkowa\u0107 fundusz so\u0142ecki na rok 2017, so\u0142tys Tuplic zawiadamia mieszka\u0144c\u00f3w wsi i so\u0142ectwa Tuplice po\u0142o\u017conego w Gminie Tuplice o zwo\u0142aniu XIII Zebrania Wiejskiego w dniu 28 kwietnia 2017 r. o godzinie 18:30 w\" \/>\n\t<meta name=\"robots\" content=\"max-image-preview:large\" \/>\n\t<meta name=\"author\" content=\"admin\"\/>\n\t<link rel=\"canonical\" href=\"https:\/\/tuplice.pl\/index.php\/2017\/04\/25\/zebranie-soleckie-w-tuplicach\/\" \/>\n\t<meta name=\"generator\" content=\"All in One SEO (AIOSEO) 4.9.10\" \/>\n\t\t<meta property=\"og:locale\" content=\"pl_PL\" \/>\n\t\t<meta property=\"og:site_name\" content=\"Gmina Tuplice - Strona Gminy Tuplice\" \/>\n\t\t<meta property=\"og:type\" content=\"article\" \/>\n\t\t<meta property=\"og:title\" content=\"Zebranie so\u0142eckie w Tuplicach. - Gmina Tuplice\" \/>\n\t\t<meta property=\"og:description\" content=\"Na podstawie \u00a7 14, pkt. 1, ust. 1 Statutu So\u0142ectwa Tuplice, w zwi\u0105zku z piln\u0105 potrzeb\u0105 przedyskutowania i ustalenia w jaki spos\u00f3b wydatkowa\u0107 fundusz so\u0142ecki na rok 2017, so\u0142tys Tuplic zawiadamia mieszka\u0144c\u00f3w wsi i so\u0142ectwa Tuplice po\u0142o\u017conego w Gminie Tuplice o zwo\u0142aniu XIII Zebrania Wiejskiego w dniu 28 kwietnia 2017 r. o godzinie 18:30 w\" \/>\n\t\t<meta property=\"og:url\" content=\"https:\/\/tuplice.pl\/index.php\/2017\/04\/25\/zebranie-soleckie-w-tuplicach\/\" \/>\n\t\t<meta property=\"article:published_time\" content=\"2017-04-25T07:12:58+00:00\" \/>\n\t\t<meta property=\"article:modified_time\" content=\"2017-04-25T07:12:58+00:00\" \/>\n\t\t<meta property=\"article:publisher\" content=\"https:\/\/facebook.com\/Tuplicki Biuletyn Informacyjny\" \/>\n\t\t<meta name=\"twitter:card\" content=\"summary_large_image\" \/>\n\t\t<meta name=\"twitter:title\" content=\"Zebranie so\u0142eckie w Tuplicach. - Gmina Tuplice\" \/>\n\t\t<meta name=\"twitter:description\" content=\"Na podstawie \u00a7 14, pkt. 1, ust. 1 Statutu So\u0142ectwa Tuplice, w zwi\u0105zku z piln\u0105 potrzeb\u0105 przedyskutowania i ustalenia w jaki spos\u00f3b wydatkowa\u0107 fundusz so\u0142ecki na rok 2017, so\u0142tys Tuplic zawiadamia mieszka\u0144c\u00f3w wsi i so\u0142ectwa Tuplice po\u0142o\u017conego w Gminie Tuplice o zwo\u0142aniu XIII Zebrania Wiejskiego w dniu 28 kwietnia 2017 r. o godzinie 18:30 w\" \/>\n\t\t<script type=\"application\/ld+json\" class=\"aioseo-schema\">\n\t\t\t{\"@context\":\"https:\\\/\\\/schema.org\",\"@graph\":[{\"@type\":\"BlogPosting\",\"@id\":\"https:\\\/\\\/tuplice.pl\\\/index.php\\\/2017\\\/04\\\/25\\\/zebranie-soleckie-w-tuplicach\\\/#blogposting\",\"name\":\"Zebranie so\\u0142eckie w Tuplicach. - Gmina Tuplice\",\"headline\":\"Zebranie so\\u0142eckie w Tuplicach.\",\"author\":{\"@id\":\"https:\\\/\\\/tuplice.pl\\\/index.php\\\/author\\\/admin-2\\\/#author\"},\"publisher\":{\"@id\":\"https:\\\/\\\/tuplice.pl\\\/#organization\"},\"image\":{\"@type\":\"ImageObject\",\"url\":\"https:\\\/\\\/tuplice.pl\\\/wp-content\\\/uploads\\\/2025\\\/07\\\/images.png\",\"@id\":\"https:\\\/\\\/tuplice.pl\\\/#articleImage\",\"width\":282,\"height\":179},\"datePublished\":\"2017-04-25T09:12:58+02:00\",\"dateModified\":\"2017-04-25T09:12:58+02:00\",\"inLanguage\":\"pl-PL\",\"mainEntityOfPage\":{\"@id\":\"https:\\\/\\\/tuplice.pl\\\/index.php\\\/2017\\\/04\\\/25\\\/zebranie-soleckie-w-tuplicach\\\/#webpage\"},\"isPartOf\":{\"@id\":\"https:\\\/\\\/tuplice.pl\\\/index.php\\\/2017\\\/04\\\/25\\\/zebranie-soleckie-w-tuplicach\\\/#webpage\"},\"articleSection\":\"Aktualno\\u015bci\"},{\"@type\":\"BreadcrumbList\",\"@id\":\"https:\\\/\\\/tuplice.pl\\\/index.php\\\/2017\\\/04\\\/25\\\/zebranie-soleckie-w-tuplicach\\\/#breadcrumblist\",\"itemListElement\":[{\"@type\":\"ListItem\",\"@id\":\"https:\\\/\\\/tuplice.pl#listItem\",\"position\":1,\"name\":\"Home\",\"item\":\"https:\\\/\\\/tuplice.pl\",\"nextItem\":{\"@type\":\"ListItem\",\"@id\":\"https:\\\/\\\/tuplice.pl\\\/index.php\\\/category\\\/aktualnosci\\\/#listItem\",\"name\":\"Aktualno\\u015bci\"}},{\"@type\":\"ListItem\",\"@id\":\"https:\\\/\\\/tuplice.pl\\\/index.php\\\/category\\\/aktualnosci\\\/#listItem\",\"position\":2,\"name\":\"Aktualno\\u015bci\",\"item\":\"https:\\\/\\\/tuplice.pl\\\/index.php\\\/category\\\/aktualnosci\\\/\",\"nextItem\":{\"@type\":\"ListItem\",\"@id\":\"https:\\\/\\\/tuplice.pl\\\/index.php\\\/2017\\\/04\\\/25\\\/zebranie-soleckie-w-tuplicach\\\/#listItem\",\"name\":\"Zebranie so\\u0142eckie w Tuplicach.\"},\"previousItem\":{\"@type\":\"ListItem\",\"@id\":\"https:\\\/\\\/tuplice.pl#listItem\",\"name\":\"Home\"}},{\"@type\":\"ListItem\",\"@id\":\"https:\\\/\\\/tuplice.pl\\\/index.php\\\/2017\\\/04\\\/25\\\/zebranie-soleckie-w-tuplicach\\\/#listItem\",\"position\":3,\"name\":\"Zebranie so\\u0142eckie w Tuplicach.\",\"previousItem\":{\"@type\":\"ListItem\",\"@id\":\"https:\\\/\\\/tuplice.pl\\\/index.php\\\/category\\\/aktualnosci\\\/#listItem\",\"name\":\"Aktualno\\u015bci\"}}]},{\"@type\":\"Organization\",\"@id\":\"https:\\\/\\\/tuplice.pl\\\/#organization\",\"name\":\"Gmina Tuplice Gmina Tuplice\",\"description\":\"Strona Gminy Tuplice Strona Urz\\u0119du Gminy Tuplice\",\"url\":\"https:\\\/\\\/tuplice.pl\\\/\",\"telephone\":\"+48683625720\",\"logo\":{\"@type\":\"ImageObject\",\"url\":\"https:\\\/\\\/tuplice.pl\\\/wp-content\\\/uploads\\\/2025\\\/07\\\/images.png\",\"@id\":\"https:\\\/\\\/tuplice.pl\\\/index.php\\\/2017\\\/04\\\/25\\\/zebranie-soleckie-w-tuplicach\\\/#organizationLogo\",\"width\":282,\"height\":179},\"image\":{\"@id\":\"https:\\\/\\\/tuplice.pl\\\/index.php\\\/2017\\\/04\\\/25\\\/zebranie-soleckie-w-tuplicach\\\/#organizationLogo\"},\"sameAs\":[\"https:\\\/\\\/facebook.com\\\/Tuplicki Biuletyn Informacyjny\",\"https:\\\/\\\/pinterest.com\\\/Tuplicki Biuletyn Informacyjny\",\"https:\\\/\\\/youtube.com\\\/Tuplicki Biuletyn Informacyjny\"]},{\"@type\":\"Person\",\"@id\":\"https:\\\/\\\/tuplice.pl\\\/index.php\\\/author\\\/admin-2\\\/#author\",\"url\":\"https:\\\/\\\/tuplice.pl\\\/index.php\\\/author\\\/admin-2\\\/\",\"name\":\"admin\",\"image\":{\"@type\":\"ImageObject\",\"@id\":\"https:\\\/\\\/tuplice.pl\\\/index.php\\\/2017\\\/04\\\/25\\\/zebranie-soleckie-w-tuplicach\\\/#authorImage\",\"url\":\"https:\\\/\\\/secure.gravatar.com\\\/avatar\\\/8a55bb0a6c2b7d7d608f6e5c7d99e391?s=96&d=mm&r=g\",\"width\":96,\"height\":96,\"caption\":\"admin\"}},{\"@type\":\"WebPage\",\"@id\":\"https:\\\/\\\/tuplice.pl\\\/index.php\\\/2017\\\/04\\\/25\\\/zebranie-soleckie-w-tuplicach\\\/#webpage\",\"url\":\"https:\\\/\\\/tuplice.pl\\\/index.php\\\/2017\\\/04\\\/25\\\/zebranie-soleckie-w-tuplicach\\\/\",\"name\":\"Zebranie so\\u0142eckie w Tuplicach. - Gmina Tuplice\",\"description\":\"Na podstawie \\u00a7 14, pkt. 1, ust. 1 Statutu So\\u0142ectwa Tuplice, w zwi\\u0105zku z piln\\u0105 potrzeb\\u0105 przedyskutowania i ustalenia w jaki spos\\u00f3b wydatkowa\\u0107 fundusz so\\u0142ecki na rok 2017, so\\u0142tys Tuplic zawiadamia mieszka\\u0144c\\u00f3w wsi i so\\u0142ectwa Tuplice po\\u0142o\\u017conego w Gminie Tuplice o zwo\\u0142aniu XIII Zebrania Wiejskiego w dniu 28 kwietnia 2017 r. o godzinie 18:30 w\",\"inLanguage\":\"pl-PL\",\"isPartOf\":{\"@id\":\"https:\\\/\\\/tuplice.pl\\\/#website\"},\"breadcrumb\":{\"@id\":\"https:\\\/\\\/tuplice.pl\\\/index.php\\\/2017\\\/04\\\/25\\\/zebranie-soleckie-w-tuplicach\\\/#breadcrumblist\"},\"author\":{\"@id\":\"https:\\\/\\\/tuplice.pl\\\/index.php\\\/author\\\/admin-2\\\/#author\"},\"creator\":{\"@id\":\"https:\\\/\\\/tuplice.pl\\\/index.php\\\/author\\\/admin-2\\\/#author\"},\"datePublished\":\"2017-04-25T09:12:58+02:00\",\"dateModified\":\"2017-04-25T09:12:58+02:00\"},{\"@type\":\"WebSite\",\"@id\":\"https:\\\/\\\/tuplice.pl\\\/#website\",\"url\":\"https:\\\/\\\/tuplice.pl\\\/\",\"name\":\"Gmina Tuplice\",\"description\":\"Strona Gminy Tuplice\",\"inLanguage\":\"pl-PL\",\"publisher\":{\"@id\":\"https:\\\/\\\/tuplice.pl\\\/#organization\"}}]}\n\t\t<\/script>\n\t\t<!-- All in One SEO -->\n\n","aioseo_head_json":{"title":"Zebranie so\u0142eckie w Tuplicach. - Gmina Tuplice","description":"Na podstawie \u00a7 14, pkt. 1, ust. 1 Statutu So\u0142ectwa Tuplice, w zwi\u0105zku z piln\u0105 potrzeb\u0105 przedyskutowania i ustalenia w jaki spos\u00f3b wydatkowa\u0107 fundusz so\u0142ecki na rok 2017, so\u0142tys Tuplic zawiadamia mieszka\u0144c\u00f3w wsi i so\u0142ectwa Tuplice po\u0142o\u017conego w Gminie Tuplice o zwo\u0142aniu XIII Zebrania Wiejskiego w dniu 28 kwietnia 2017 r. o godzinie 18:30 w","canonical_url":"https:\/\/tuplice.pl\/index.php\/2017\/04\/25\/zebranie-soleckie-w-tuplicach\/","robots":"max-image-preview:large","keywords":"","webmasterTools":{"miscellaneous":""},"schema":{"@context":"https:\/\/schema.org","@graph":[{"@type":"BlogPosting","@id":"https:\/\/tuplice.pl\/index.php\/2017\/04\/25\/zebranie-soleckie-w-tuplicach\/#blogposting","name":"Zebranie so\u0142eckie w Tuplicach. - Gmina Tuplice","headline":"Zebranie so\u0142eckie w Tuplicach.","author":{"@id":"https:\/\/tuplice.pl\/index.php\/author\/admin-2\/#author"},"publisher":{"@id":"https:\/\/tuplice.pl\/#organization"},"image":{"@type":"ImageObject","url":"https:\/\/tuplice.pl\/wp-content\/uploads\/2025\/07\/images.png","@id":"https:\/\/tuplice.pl\/#articleImage","width":282,"height":179},"datePublished":"2017-04-25T09:12:58+02:00","dateModified":"2017-04-25T09:12:58+02:00","inLanguage":"pl-PL","mainEntityOfPage":{"@id":"https:\/\/tuplice.pl\/index.php\/2017\/04\/25\/zebranie-soleckie-w-tuplicach\/#webpage"},"isPartOf":{"@id":"https:\/\/tuplice.pl\/index.php\/2017\/04\/25\/zebranie-soleckie-w-tuplicach\/#webpage"},"articleSection":"Aktualno\u015bci"},{"@type":"BreadcrumbList","@id":"https:\/\/tuplice.pl\/index.php\/2017\/04\/25\/zebranie-soleckie-w-tuplicach\/#breadcrumblist","itemListElement":[{"@type":"ListItem","@id":"https:\/\/tuplice.pl#listItem","position":1,"name":"Home","item":"https:\/\/tuplice.pl","nextItem":{"@type":"ListItem","@id":"https:\/\/tuplice.pl\/index.php\/category\/aktualnosci\/#listItem","name":"Aktualno\u015bci"}},{"@type":"ListItem","@id":"https:\/\/tuplice.pl\/index.php\/category\/aktualnosci\/#listItem","position":2,"name":"Aktualno\u015bci","item":"https:\/\/tuplice.pl\/index.php\/category\/aktualnosci\/","nextItem":{"@type":"ListItem","@id":"https:\/\/tuplice.pl\/index.php\/2017\/04\/25\/zebranie-soleckie-w-tuplicach\/#listItem","name":"Zebranie so\u0142eckie w Tuplicach."},"previousItem":{"@type":"ListItem","@id":"https:\/\/tuplice.pl#listItem","name":"Home"}},{"@type":"ListItem","@id":"https:\/\/tuplice.pl\/index.php\/2017\/04\/25\/zebranie-soleckie-w-tuplicach\/#listItem","position":3,"name":"Zebranie so\u0142eckie w Tuplicach.","previousItem":{"@type":"ListItem","@id":"https:\/\/tuplice.pl\/index.php\/category\/aktualnosci\/#listItem","name":"Aktualno\u015bci"}}]},{"@type":"Organization","@id":"https:\/\/tuplice.pl\/#organization","name":"Gmina Tuplice Gmina Tuplice","description":"Strona Gminy Tuplice Strona Urz\u0119du Gminy Tuplice","url":"https:\/\/tuplice.pl\/","telephone":"+48683625720","logo":{"@type":"ImageObject","url":"https:\/\/tuplice.pl\/wp-content\/uploads\/2025\/07\/images.png","@id":"https:\/\/tuplice.pl\/index.php\/2017\/04\/25\/zebranie-soleckie-w-tuplicach\/#organizationLogo","width":282,"height":179},"image":{"@id":"https:\/\/tuplice.pl\/index.php\/2017\/04\/25\/zebranie-soleckie-w-tuplicach\/#organizationLogo"},"sameAs":["https:\/\/facebook.com\/Tuplicki Biuletyn Informacyjny","https:\/\/pinterest.com\/Tuplicki Biuletyn Informacyjny","https:\/\/youtube.com\/Tuplicki Biuletyn Informacyjny"]},{"@type":"Person","@id":"https:\/\/tuplice.pl\/index.php\/author\/admin-2\/#author","url":"https:\/\/tuplice.pl\/index.php\/author\/admin-2\/","name":"admin","image":{"@type":"ImageObject","@id":"https:\/\/tuplice.pl\/index.php\/2017\/04\/25\/zebranie-soleckie-w-tuplicach\/#authorImage","url":"https:\/\/secure.gravatar.com\/avatar\/8a55bb0a6c2b7d7d608f6e5c7d99e391?s=96&d=mm&r=g","width":96,"height":96,"caption":"admin"}},{"@type":"WebPage","@id":"https:\/\/tuplice.pl\/index.php\/2017\/04\/25\/zebranie-soleckie-w-tuplicach\/#webpage","url":"https:\/\/tuplice.pl\/index.php\/2017\/04\/25\/zebranie-soleckie-w-tuplicach\/","name":"Zebranie so\u0142eckie w Tuplicach. - Gmina Tuplice","description":"Na podstawie \u00a7 14, pkt. 1, ust. 1 Statutu So\u0142ectwa Tuplice, w zwi\u0105zku z piln\u0105 potrzeb\u0105 przedyskutowania i ustalenia w jaki spos\u00f3b wydatkowa\u0107 fundusz so\u0142ecki na rok 2017, so\u0142tys Tuplic zawiadamia mieszka\u0144c\u00f3w wsi i so\u0142ectwa Tuplice po\u0142o\u017conego w Gminie Tuplice o zwo\u0142aniu XIII Zebrania Wiejskiego w dniu 28 kwietnia 2017 r. o godzinie 18:30 w","inLanguage":"pl-PL","isPartOf":{"@id":"https:\/\/tuplice.pl\/#website"},"breadcrumb":{"@id":"https:\/\/tuplice.pl\/index.php\/2017\/04\/25\/zebranie-soleckie-w-tuplicach\/#breadcrumblist"},"author":{"@id":"https:\/\/tuplice.pl\/index.php\/author\/admin-2\/#author"},"creator":{"@id":"https:\/\/tuplice.pl\/index.php\/author\/admin-2\/#author"},"datePublished":"2017-04-25T09:12:58+02:00","dateModified":"2017-04-25T09:12:58+02:00"},{"@type":"WebSite","@id":"https:\/\/tuplice.pl\/#website","url":"https:\/\/tuplice.pl\/","name":"Gmina Tuplice","description":"Strona Gminy Tuplice","inLanguage":"pl-PL","publisher":{"@id":"https:\/\/tuplice.pl\/#organization"}}]},"og:locale":"pl_PL","og:site_name":"Gmina Tuplice - Strona Gminy Tuplice","og:type":"article","og:title":"Zebranie so\u0142eckie w Tuplicach. - Gmina Tuplice","og:description":"Na podstawie \u00a7 14, pkt. 1, ust. 1 Statutu So\u0142ectwa Tuplice, w zwi\u0105zku z piln\u0105 potrzeb\u0105 przedyskutowania i ustalenia w jaki spos\u00f3b wydatkowa\u0107 fundusz so\u0142ecki na rok 2017, so\u0142tys Tuplic zawiadamia mieszka\u0144c\u00f3w wsi i so\u0142ectwa Tuplice po\u0142o\u017conego w Gminie Tuplice o zwo\u0142aniu XIII Zebrania Wiejskiego w dniu 28 kwietnia 2017 r. o godzinie 18:30 w","og:url":"https:\/\/tuplice.pl\/index.php\/2017\/04\/25\/zebranie-soleckie-w-tuplicach\/","article:published_time":"2017-04-25T07:12:58+00:00","article:modified_time":"2017-04-25T07:12:58+00:00","article:publisher":"https:\/\/facebook.com\/Tuplicki Biuletyn Informacyjny","twitter:card":"summary_large_image","twitter:title":"Zebranie so\u0142eckie w Tuplicach. - Gmina Tuplice","twitter:description":"Na podstawie \u00a7 14, pkt. 1, ust. 1 Statutu So\u0142ectwa Tuplice, w zwi\u0105zku z piln\u0105 potrzeb\u0105 przedyskutowania i ustalenia w jaki spos\u00f3b wydatkowa\u0107 fundusz so\u0142ecki na rok 2017, so\u0142tys Tuplic zawiadamia mieszka\u0144c\u00f3w wsi i so\u0142ectwa Tuplice po\u0142o\u017conego w Gminie Tuplice o zwo\u0142aniu XIII Zebrania Wiejskiego w dniu 28 kwietnia 2017 r. o godzinie 18:30 w"},"aioseo_meta_data":{"post_id":"1672","title":null,"description":null,"keywords":null,"keyphrases":null,"primary_term":null,"canonical_url":null,"og_title":null,"og_description":null,"og_object_type":"default","og_image_type":"default","og_image_url":null,"og_image_width":null,"og_image_height":null,"og_image_custom_url":null,"og_image_custom_fields":null,"og_video":null,"og_custom_url":null,"og_article_section":null,"og_article_tags":null,"twitter_use_og":false,"twitter_card":"default","twitter_image_type":"default","twitter_image_url":null,"twitter_image_custom_url":null,"twitter_image_custom_fields":null,"twitter_title":null,"twitter_description":null,"schema":{"blockGraphs":[],"customGraphs":[],"default":{"data":{"Article":[],"Course":[],"Dataset":[],"FAQPage":[],"Movie":[],"Person":[],"Product":[],"ProductReview":[],"Car":[],"Recipe":[],"Service":[],"SoftwareApplication":[],"WebPage":[]},"graphName":"","isEnabled":true},"graphs":[]},"schema_type":"default","schema_type_options":null,"pillar_content":false,"robots_default":true,"robots_noindex":false,"robots_noarchive":false,"robots_nosnippet":false,"robots_nofollow":false,"robots_noimageindex":false,"robots_noodp":false,"robots_notranslate":false,"robots_max_snippet":null,"robots_max_videopreview":null,"robots_max_imagepreview":"large","priority":null,"frequency":null,"local_seo":null,"breadcrumb_settings":null,"limit_modified_date":false,"ai":null,"created":"2025-07-22 22:04:06","updated":"2025-07-22 22:04:06","seo_analyzer_scan_date":null},"aioseo_breadcrumb":"<div class=\"aioseo-breadcrumbs\"><span class=\"aioseo-breadcrumb\">\n\t\t\t<a href=\"https:\/\/tuplice.pl\" title=\"Home\">Home<\/a>\n\t\t<\/span><span class=\"aioseo-breadcrumb-separator\">&raquo;<\/span><span class=\"aioseo-breadcrumb\">\n\t\t\t<a href=\"https:\/\/tuplice.pl\/index.php\/category\/aktualnosci\/\" title=\"Aktualno\u015bci\">Aktualno\u015bci<\/a>\n\t\t<\/span><span class=\"aioseo-breadcrumb-separator\">&raquo;<\/span><span class=\"aioseo-breadcrumb\">\n\t\t\tZebranie so\u0142eckie w Tuplicach.\n\t\t<\/span><\/div>","aioseo_breadcrumb_json":[{"label":"Home","link":"https:\/\/tuplice.pl"},{"label":"Aktualno\u015bci","link":"https:\/\/tuplice.pl\/index.php\/category\/aktualnosci\/"},{"label":"Zebranie so\u0142eckie w Tuplicach.","link":"https:\/\/tuplice.pl\/index.php\/2017\/04\/25\/zebranie-soleckie-w-tuplicach\/"}],"a3_pvc":{"activated":false,"total_views":0,"today_views":0},"_links":{"self":[{"href":"https:\/\/tuplice.pl\/index.php\/wp-json\/wp\/v2\/posts\/1672"}],"collection":[{"href":"https:\/\/tuplice.pl\/index.php\/wp-json\/wp\/v2\/posts"}],"about":[{"href":"https:\/\/tuplice.pl\/index.php\/wp-json\/wp\/v2\/types\/post"}],"author":[{"embeddable":true,"href":"https:\/\/tuplice.pl\/index.php\/wp-json\/wp\/v2\/users\/4"}],"replies":[{"embeddable":true,"href":"https:\/\/tuplice.pl\/index.php\/wp-json\/wp\/v2\/comments?post=1672"}],"version-history":[{"count":0,"href":"https:\/\/tuplice.pl\/index.php\/wp-json\/wp\/v2\/posts\/1672\/revisions"}],"wp:attachment":[{"href":"https:\/\/tuplice.pl\/index.php\/wp-json\/wp\/v2\/media?parent=1672"}],"wp:term":[{"taxonomy":"category","embeddable":true,"href":"https:\/\/tuplice.pl\/index.php\/wp-json\/wp\/v2\/categories?post=1672"},{"taxonomy":"post_tag","embeddable":true,"href":"https:\/\/tuplice.pl\/index.php\/wp-json\/wp\/v2\/tags?post=1672"}],"curies":[{"name":"wp","href":"https:\/\/api.w.org\/{rel}","templated":true}]}}