{"id":1742,"date":"2017-07-25T05:27:25","date_gmt":"2017-07-25T03:27:25","guid":{"rendered":"https:\/\/tuplice.pl\/zebranie-wiejskie-w-chelmicy\/"},"modified":"2017-07-25T05:27:25","modified_gmt":"2017-07-25T03:27:25","slug":"zebranie-wiejskie-w-chelmicy","status":"publish","type":"post","link":"https:\/\/tuplice.pl\/index.php\/2017\/07\/25\/zebranie-wiejskie-w-chelmicy\/","title":{"rendered":"Zebranie wiejskie w Che\u0142micy"},"content":{"rendered":"<p>Na podstawie \u00a7 23 Statutu So\u0142ectwa\u00a0 Che\u0142mica w zwi\u0105zku z powstaniem wakatu na stanowisku So\u0142tysa i konieczno\u015bci\u0105 przeprowadzenia nowego wyboru so\u0142tysa W\u00f3jt\u00a0\u00a0 Gminy\u00a0\u00a0 Tuplice\u00a0 zawiadamia\u00a0\u00a0 mieszka\u0144c\u00f3w\u00a0 wsi\u00a0\u00a0 i\u00a0\u00a0 so\u0142ectwa\u00a0\u00a0 Che\u0142mica po\u0142o\u017conego w Gminie Tuplice o zwo\u0142aniu:<br \/>\u00a0Zebrania Wiejskiego\u00a0 w dniu 3 sierpnia 2017 r.o godzinie 17:00w \u015awietlicy Wiejskiej w Che\u0142micy<\/p>\n<p>Harmonogram Zebrania:<br \/>1. Otwarcie Zebrania Wiejskiego.<br \/>2. Wyb\u00f3r so\u0142tysa.<br \/>4. Sprawy r\u00f3\u017cne.<br \/>5. Zamkni\u0119cie zebrania.<\/p>\n<p>Prawo\u00a0\u00a0 do\u00a0\u00a0 udzia\u0142u\u00a0\u00a0 w\u00a0 Zebraniu\u00a0\u00a0 Wiejskim\u00a0 maj\u0105\u00a0\u00a0 wszyscy\u00a0\u00a0 mieszka\u0144cy so\u0142ectwa posiadaj\u0105cy czynne prawo wyborcze do Rady Gminy.\u00a0 Dla\u00a0 prawomocno\u015bci\u00a0\u00a0 uchwa\u0142\u00a0\u00a0 Zebrania\u00a0 Wiejskiego\u00a0 \u2013\u00a0 w\u00a0 tym\u00a0 uchwalenia wykorzystania funduszu so\u0142eckiego \u2013 niezb\u0119dna jest obecno\u015b\u0107 co najmniej 1\/5 uprawnionych\u00a0 mieszka\u0144c\u00f3w\u00a0 so\u0142ectwa.\u00a0 W\u00a0 so\u0142ectwie\u00a0\u00a0 Che\u0142mica\u00a0\u00a0 uprawnionych mieszka\u0144c\u00f3w\u00a0 jest\u00a0\u00a0 197,\u00a0\u00a0 a\u00a0\u00a0 zatem\u00a0 do\u00a0\u00a0 prawomocno\u015bci\u00a0\u00a0 uchwa\u0142\u00a0\u00a0 niezb\u0119dne\u00a0\u00a0 jest uczestniczenie\u00a0 w\u00a0 Zebraniu\u00a0 co\u00a0 najmniej\u00a0\u00a0 40\u00a0 os\u00f3b.\u00a0 W\u00a0 przypadku\u00a0 braku\u00a0 quorum<br \/>II\u00a0\u00a0 Zebranie\u00a0\u00a0 wiejskie\u00a0\u00a0 odb\u0119dzie\u00a0\u00a0 si\u0119\u00a0\u00a0 3\u00a0\u00a0 sierpnia\u00a0\u00a0 2017\u00a0\u00a0 r.\u00a0\u00a0 o\u00a0\u00a0 godzinie\u00a0\u00a0 1730. Podejmowane\u00a0\u00a0 uchwa\u0142y\u00a0 i\u00a0\u00a0 wybory\u00a0 s\u0105\u00a0\u00a0 w\u00f3wczas\u00a0\u00a0 wa\u017cne\u00a0\u00a0 bez\u00a0\u00a0 wzgl\u0119du\u00a0 na\u00a0\u00a0 ilo\u015b\u0107<br \/>obecnych\u00a0 uprawnionych mieszka\u0144c\u00f3w So\u0142ectwa Che\u0142mica. Zebranie Wiejskie jest zwo\u0142ywane z powodu konieczno\u015bci niezw\u0142ocznego wyboru so\u0142tysa, kt\u00f3ry reprezentuje so\u0142ectwo, m.in.\u00a0 przygotowuje uchwa\u0142y, ma prawo\u00a0 sk\u0142adania\u00a0 wniosk\u00f3w\u00a0 oraz\u00a0 wydaje\u00a0 opinie\u00a0 we\u00a0 wszystkich\u00a0 istotnych\u00a0 dla mieszka\u0144c\u00f3w kwestiach.<\/p>\n<p style=\"text-align: right;\">\u00a0W\u00f3jt Gminy Tuplice<br \/>\/-\/ Katarzyna Kromp<\/p>\n","protected":false},"excerpt":{"rendered":"<p>Na podstawie \u00a7 23 Statutu So\u0142ectwa\u00a0 Che\u0142mica w zwi\u0105zku z powstaniem wakatu na stanowisku So\u0142tysa i konieczno\u015bci\u0105 przeprowadzenia nowego wyboru so\u0142tysa W\u00f3jt\u00a0\u00a0 Gminy\u00a0\u00a0 Tuplice\u00a0 zawiadamia\u00a0\u00a0 mieszka\u0144c\u00f3w\u00a0 wsi\u00a0\u00a0 i\u00a0\u00a0 so\u0142ectwa\u00a0\u00a0 Che\u0142mica po\u0142o\u017conego w Gminie Tuplice o zwo\u0142aniu:\u00a0Zebrania Wiejskiego\u00a0 w dniu 3 sierpnia 2017 r.o godzinie 17:00w \u015awietlicy Wiejskiej w Che\u0142micy Harmonogram Zebrania:1. Otwarcie Zebrania Wiejskiego.2. Wyb\u00f3r [&hellip;]<\/p>\n","protected":false},"author":4,"featured_media":0,"comment_status":"closed","ping_status":"closed","sticky":false,"template":"","format":"standard","meta":{"_et_pb_use_builder":"","_et_pb_old_content":"","_et_gb_content_width":"","_monsterinsights_skip_tracking":false},"categories":[82],"tags":[],"aioseo_notices":[],"aioseo_head":"\n\t\t<!-- All in One SEO 4.9.10 - aioseo.com -->\n\t<meta name=\"description\" content=\"Na podstawie \u00a7 23 Statutu So\u0142ectwa Che\u0142mica w zwi\u0105zku z powstaniem wakatu na stanowisku So\u0142tysa i konieczno\u015bci\u0105 przeprowadzenia nowego wyboru so\u0142tysa W\u00f3jt Gminy Tuplice zawiadamia mieszka\u0144c\u00f3w wsi i so\u0142ectwa Che\u0142mica po\u0142o\u017conego w Gminie Tuplice o zwo\u0142aniu: Zebrania Wiejskiego w dniu 3 sierpnia 2017 r.o godzinie 17:00w \u015awietlicy Wiejskiej w Che\u0142micy Harmonogram Zebrania:1. Otwarcie Zebrania Wiejskiego.2. Wyb\u00f3r\" \/>\n\t<meta name=\"robots\" content=\"max-image-preview:large\" \/>\n\t<meta name=\"author\" content=\"admin\"\/>\n\t<link rel=\"canonical\" href=\"https:\/\/tuplice.pl\/index.php\/2017\/07\/25\/zebranie-wiejskie-w-chelmicy\/\" \/>\n\t<meta name=\"generator\" content=\"All in One SEO (AIOSEO) 4.9.10\" \/>\n\t\t<meta property=\"og:locale\" content=\"pl_PL\" \/>\n\t\t<meta property=\"og:site_name\" content=\"Gmina Tuplice - Strona Gminy Tuplice\" \/>\n\t\t<meta property=\"og:type\" content=\"article\" \/>\n\t\t<meta property=\"og:title\" content=\"Zebranie wiejskie w Che\u0142micy - Gmina Tuplice\" \/>\n\t\t<meta property=\"og:description\" content=\"Na podstawie \u00a7 23 Statutu So\u0142ectwa Che\u0142mica w zwi\u0105zku z powstaniem wakatu na stanowisku So\u0142tysa i konieczno\u015bci\u0105 przeprowadzenia nowego wyboru so\u0142tysa W\u00f3jt Gminy Tuplice zawiadamia mieszka\u0144c\u00f3w wsi i so\u0142ectwa Che\u0142mica po\u0142o\u017conego w Gminie Tuplice o zwo\u0142aniu: Zebrania Wiejskiego w dniu 3 sierpnia 2017 r.o godzinie 17:00w \u015awietlicy Wiejskiej w Che\u0142micy Harmonogram Zebrania:1. Otwarcie Zebrania Wiejskiego.2. Wyb\u00f3r\" \/>\n\t\t<meta property=\"og:url\" content=\"https:\/\/tuplice.pl\/index.php\/2017\/07\/25\/zebranie-wiejskie-w-chelmicy\/\" \/>\n\t\t<meta property=\"article:published_time\" content=\"2017-07-25T03:27:25+00:00\" \/>\n\t\t<meta property=\"article:modified_time\" content=\"2017-07-25T03:27:25+00:00\" \/>\n\t\t<meta property=\"article:publisher\" content=\"https:\/\/facebook.com\/Tuplicki Biuletyn Informacyjny\" \/>\n\t\t<meta name=\"twitter:card\" content=\"summary_large_image\" \/>\n\t\t<meta name=\"twitter:title\" content=\"Zebranie wiejskie w Che\u0142micy - Gmina Tuplice\" \/>\n\t\t<meta name=\"twitter:description\" content=\"Na podstawie \u00a7 23 Statutu So\u0142ectwa Che\u0142mica w zwi\u0105zku z powstaniem wakatu na stanowisku So\u0142tysa i konieczno\u015bci\u0105 przeprowadzenia nowego wyboru so\u0142tysa W\u00f3jt Gminy Tuplice zawiadamia mieszka\u0144c\u00f3w wsi i so\u0142ectwa Che\u0142mica po\u0142o\u017conego w Gminie Tuplice o zwo\u0142aniu: Zebrania Wiejskiego w dniu 3 sierpnia 2017 r.o godzinie 17:00w \u015awietlicy Wiejskiej w Che\u0142micy Harmonogram Zebrania:1. Otwarcie Zebrania Wiejskiego.2. Wyb\u00f3r\" \/>\n\t\t<script type=\"application\/ld+json\" class=\"aioseo-schema\">\n\t\t\t{\"@context\":\"https:\\\/\\\/schema.org\",\"@graph\":[{\"@type\":\"BlogPosting\",\"@id\":\"https:\\\/\\\/tuplice.pl\\\/index.php\\\/2017\\\/07\\\/25\\\/zebranie-wiejskie-w-chelmicy\\\/#blogposting\",\"name\":\"Zebranie wiejskie w Che\\u0142micy - Gmina Tuplice\",\"headline\":\"Zebranie wiejskie w Che\\u0142micy\",\"author\":{\"@id\":\"https:\\\/\\\/tuplice.pl\\\/index.php\\\/author\\\/admin-2\\\/#author\"},\"publisher\":{\"@id\":\"https:\\\/\\\/tuplice.pl\\\/#organization\"},\"image\":{\"@type\":\"ImageObject\",\"url\":\"https:\\\/\\\/tuplice.pl\\\/wp-content\\\/uploads\\\/2025\\\/07\\\/images.png\",\"@id\":\"https:\\\/\\\/tuplice.pl\\\/#articleImage\",\"width\":282,\"height\":179},\"datePublished\":\"2017-07-25T05:27:25+02:00\",\"dateModified\":\"2017-07-25T05:27:25+02:00\",\"inLanguage\":\"pl-PL\",\"mainEntityOfPage\":{\"@id\":\"https:\\\/\\\/tuplice.pl\\\/index.php\\\/2017\\\/07\\\/25\\\/zebranie-wiejskie-w-chelmicy\\\/#webpage\"},\"isPartOf\":{\"@id\":\"https:\\\/\\\/tuplice.pl\\\/index.php\\\/2017\\\/07\\\/25\\\/zebranie-wiejskie-w-chelmicy\\\/#webpage\"},\"articleSection\":\"Aktualno\\u015bci\"},{\"@type\":\"BreadcrumbList\",\"@id\":\"https:\\\/\\\/tuplice.pl\\\/index.php\\\/2017\\\/07\\\/25\\\/zebranie-wiejskie-w-chelmicy\\\/#breadcrumblist\",\"itemListElement\":[{\"@type\":\"ListItem\",\"@id\":\"https:\\\/\\\/tuplice.pl#listItem\",\"position\":1,\"name\":\"Home\",\"item\":\"https:\\\/\\\/tuplice.pl\",\"nextItem\":{\"@type\":\"ListItem\",\"@id\":\"https:\\\/\\\/tuplice.pl\\\/index.php\\\/category\\\/aktualnosci\\\/#listItem\",\"name\":\"Aktualno\\u015bci\"}},{\"@type\":\"ListItem\",\"@id\":\"https:\\\/\\\/tuplice.pl\\\/index.php\\\/category\\\/aktualnosci\\\/#listItem\",\"position\":2,\"name\":\"Aktualno\\u015bci\",\"item\":\"https:\\\/\\\/tuplice.pl\\\/index.php\\\/category\\\/aktualnosci\\\/\",\"nextItem\":{\"@type\":\"ListItem\",\"@id\":\"https:\\\/\\\/tuplice.pl\\\/index.php\\\/2017\\\/07\\\/25\\\/zebranie-wiejskie-w-chelmicy\\\/#listItem\",\"name\":\"Zebranie wiejskie w Che\\u0142micy\"},\"previousItem\":{\"@type\":\"ListItem\",\"@id\":\"https:\\\/\\\/tuplice.pl#listItem\",\"name\":\"Home\"}},{\"@type\":\"ListItem\",\"@id\":\"https:\\\/\\\/tuplice.pl\\\/index.php\\\/2017\\\/07\\\/25\\\/zebranie-wiejskie-w-chelmicy\\\/#listItem\",\"position\":3,\"name\":\"Zebranie wiejskie w Che\\u0142micy\",\"previousItem\":{\"@type\":\"ListItem\",\"@id\":\"https:\\\/\\\/tuplice.pl\\\/index.php\\\/category\\\/aktualnosci\\\/#listItem\",\"name\":\"Aktualno\\u015bci\"}}]},{\"@type\":\"Organization\",\"@id\":\"https:\\\/\\\/tuplice.pl\\\/#organization\",\"name\":\"Gmina Tuplice Gmina Tuplice\",\"description\":\"Strona Gminy Tuplice Strona Urz\\u0119du Gminy Tuplice\",\"url\":\"https:\\\/\\\/tuplice.pl\\\/\",\"telephone\":\"+48683625720\",\"logo\":{\"@type\":\"ImageObject\",\"url\":\"https:\\\/\\\/tuplice.pl\\\/wp-content\\\/uploads\\\/2025\\\/07\\\/images.png\",\"@id\":\"https:\\\/\\\/tuplice.pl\\\/index.php\\\/2017\\\/07\\\/25\\\/zebranie-wiejskie-w-chelmicy\\\/#organizationLogo\",\"width\":282,\"height\":179},\"image\":{\"@id\":\"https:\\\/\\\/tuplice.pl\\\/index.php\\\/2017\\\/07\\\/25\\\/zebranie-wiejskie-w-chelmicy\\\/#organizationLogo\"},\"sameAs\":[\"https:\\\/\\\/facebook.com\\\/Tuplicki Biuletyn Informacyjny\",\"https:\\\/\\\/pinterest.com\\\/Tuplicki Biuletyn Informacyjny\",\"https:\\\/\\\/youtube.com\\\/Tuplicki Biuletyn Informacyjny\"]},{\"@type\":\"Person\",\"@id\":\"https:\\\/\\\/tuplice.pl\\\/index.php\\\/author\\\/admin-2\\\/#author\",\"url\":\"https:\\\/\\\/tuplice.pl\\\/index.php\\\/author\\\/admin-2\\\/\",\"name\":\"admin\",\"image\":{\"@type\":\"ImageObject\",\"@id\":\"https:\\\/\\\/tuplice.pl\\\/index.php\\\/2017\\\/07\\\/25\\\/zebranie-wiejskie-w-chelmicy\\\/#authorImage\",\"url\":\"https:\\\/\\\/secure.gravatar.com\\\/avatar\\\/8a55bb0a6c2b7d7d608f6e5c7d99e391?s=96&d=mm&r=g\",\"width\":96,\"height\":96,\"caption\":\"admin\"}},{\"@type\":\"WebPage\",\"@id\":\"https:\\\/\\\/tuplice.pl\\\/index.php\\\/2017\\\/07\\\/25\\\/zebranie-wiejskie-w-chelmicy\\\/#webpage\",\"url\":\"https:\\\/\\\/tuplice.pl\\\/index.php\\\/2017\\\/07\\\/25\\\/zebranie-wiejskie-w-chelmicy\\\/\",\"name\":\"Zebranie wiejskie w Che\\u0142micy - Gmina Tuplice\",\"description\":\"Na podstawie \\u00a7 23 Statutu So\\u0142ectwa Che\\u0142mica w zwi\\u0105zku z powstaniem wakatu na stanowisku So\\u0142tysa i konieczno\\u015bci\\u0105 przeprowadzenia nowego wyboru so\\u0142tysa W\\u00f3jt Gminy Tuplice zawiadamia mieszka\\u0144c\\u00f3w wsi i so\\u0142ectwa Che\\u0142mica po\\u0142o\\u017conego w Gminie Tuplice o zwo\\u0142aniu: Zebrania Wiejskiego w dniu 3 sierpnia 2017 r.o godzinie 17:00w \\u015awietlicy Wiejskiej w Che\\u0142micy Harmonogram Zebrania:1. Otwarcie Zebrania Wiejskiego.2. Wyb\\u00f3r\",\"inLanguage\":\"pl-PL\",\"isPartOf\":{\"@id\":\"https:\\\/\\\/tuplice.pl\\\/#website\"},\"breadcrumb\":{\"@id\":\"https:\\\/\\\/tuplice.pl\\\/index.php\\\/2017\\\/07\\\/25\\\/zebranie-wiejskie-w-chelmicy\\\/#breadcrumblist\"},\"author\":{\"@id\":\"https:\\\/\\\/tuplice.pl\\\/index.php\\\/author\\\/admin-2\\\/#author\"},\"creator\":{\"@id\":\"https:\\\/\\\/tuplice.pl\\\/index.php\\\/author\\\/admin-2\\\/#author\"},\"datePublished\":\"2017-07-25T05:27:25+02:00\",\"dateModified\":\"2017-07-25T05:27:25+02:00\"},{\"@type\":\"WebSite\",\"@id\":\"https:\\\/\\\/tuplice.pl\\\/#website\",\"url\":\"https:\\\/\\\/tuplice.pl\\\/\",\"name\":\"Gmina Tuplice\",\"description\":\"Strona Gminy Tuplice\",\"inLanguage\":\"pl-PL\",\"publisher\":{\"@id\":\"https:\\\/\\\/tuplice.pl\\\/#organization\"}}]}\n\t\t<\/script>\n\t\t<!-- All in One SEO -->\n\n","aioseo_head_json":{"title":"Zebranie wiejskie w Che\u0142micy - Gmina Tuplice","description":"Na podstawie \u00a7 23 Statutu So\u0142ectwa Che\u0142mica w zwi\u0105zku z powstaniem wakatu na stanowisku So\u0142tysa i konieczno\u015bci\u0105 przeprowadzenia nowego wyboru so\u0142tysa W\u00f3jt Gminy Tuplice zawiadamia mieszka\u0144c\u00f3w wsi i so\u0142ectwa Che\u0142mica po\u0142o\u017conego w Gminie Tuplice o zwo\u0142aniu: Zebrania Wiejskiego w dniu 3 sierpnia 2017 r.o godzinie 17:00w \u015awietlicy Wiejskiej w Che\u0142micy Harmonogram Zebrania:1. Otwarcie Zebrania Wiejskiego.2. Wyb\u00f3r","canonical_url":"https:\/\/tuplice.pl\/index.php\/2017\/07\/25\/zebranie-wiejskie-w-chelmicy\/","robots":"max-image-preview:large","keywords":"","webmasterTools":{"miscellaneous":""},"schema":{"@context":"https:\/\/schema.org","@graph":[{"@type":"BlogPosting","@id":"https:\/\/tuplice.pl\/index.php\/2017\/07\/25\/zebranie-wiejskie-w-chelmicy\/#blogposting","name":"Zebranie wiejskie w Che\u0142micy - Gmina Tuplice","headline":"Zebranie wiejskie w Che\u0142micy","author":{"@id":"https:\/\/tuplice.pl\/index.php\/author\/admin-2\/#author"},"publisher":{"@id":"https:\/\/tuplice.pl\/#organization"},"image":{"@type":"ImageObject","url":"https:\/\/tuplice.pl\/wp-content\/uploads\/2025\/07\/images.png","@id":"https:\/\/tuplice.pl\/#articleImage","width":282,"height":179},"datePublished":"2017-07-25T05:27:25+02:00","dateModified":"2017-07-25T05:27:25+02:00","inLanguage":"pl-PL","mainEntityOfPage":{"@id":"https:\/\/tuplice.pl\/index.php\/2017\/07\/25\/zebranie-wiejskie-w-chelmicy\/#webpage"},"isPartOf":{"@id":"https:\/\/tuplice.pl\/index.php\/2017\/07\/25\/zebranie-wiejskie-w-chelmicy\/#webpage"},"articleSection":"Aktualno\u015bci"},{"@type":"BreadcrumbList","@id":"https:\/\/tuplice.pl\/index.php\/2017\/07\/25\/zebranie-wiejskie-w-chelmicy\/#breadcrumblist","itemListElement":[{"@type":"ListItem","@id":"https:\/\/tuplice.pl#listItem","position":1,"name":"Home","item":"https:\/\/tuplice.pl","nextItem":{"@type":"ListItem","@id":"https:\/\/tuplice.pl\/index.php\/category\/aktualnosci\/#listItem","name":"Aktualno\u015bci"}},{"@type":"ListItem","@id":"https:\/\/tuplice.pl\/index.php\/category\/aktualnosci\/#listItem","position":2,"name":"Aktualno\u015bci","item":"https:\/\/tuplice.pl\/index.php\/category\/aktualnosci\/","nextItem":{"@type":"ListItem","@id":"https:\/\/tuplice.pl\/index.php\/2017\/07\/25\/zebranie-wiejskie-w-chelmicy\/#listItem","name":"Zebranie wiejskie w Che\u0142micy"},"previousItem":{"@type":"ListItem","@id":"https:\/\/tuplice.pl#listItem","name":"Home"}},{"@type":"ListItem","@id":"https:\/\/tuplice.pl\/index.php\/2017\/07\/25\/zebranie-wiejskie-w-chelmicy\/#listItem","position":3,"name":"Zebranie wiejskie w Che\u0142micy","previousItem":{"@type":"ListItem","@id":"https:\/\/tuplice.pl\/index.php\/category\/aktualnosci\/#listItem","name":"Aktualno\u015bci"}}]},{"@type":"Organization","@id":"https:\/\/tuplice.pl\/#organization","name":"Gmina Tuplice Gmina Tuplice","description":"Strona Gminy Tuplice Strona Urz\u0119du Gminy Tuplice","url":"https:\/\/tuplice.pl\/","telephone":"+48683625720","logo":{"@type":"ImageObject","url":"https:\/\/tuplice.pl\/wp-content\/uploads\/2025\/07\/images.png","@id":"https:\/\/tuplice.pl\/index.php\/2017\/07\/25\/zebranie-wiejskie-w-chelmicy\/#organizationLogo","width":282,"height":179},"image":{"@id":"https:\/\/tuplice.pl\/index.php\/2017\/07\/25\/zebranie-wiejskie-w-chelmicy\/#organizationLogo"},"sameAs":["https:\/\/facebook.com\/Tuplicki Biuletyn Informacyjny","https:\/\/pinterest.com\/Tuplicki Biuletyn Informacyjny","https:\/\/youtube.com\/Tuplicki Biuletyn Informacyjny"]},{"@type":"Person","@id":"https:\/\/tuplice.pl\/index.php\/author\/admin-2\/#author","url":"https:\/\/tuplice.pl\/index.php\/author\/admin-2\/","name":"admin","image":{"@type":"ImageObject","@id":"https:\/\/tuplice.pl\/index.php\/2017\/07\/25\/zebranie-wiejskie-w-chelmicy\/#authorImage","url":"https:\/\/secure.gravatar.com\/avatar\/8a55bb0a6c2b7d7d608f6e5c7d99e391?s=96&d=mm&r=g","width":96,"height":96,"caption":"admin"}},{"@type":"WebPage","@id":"https:\/\/tuplice.pl\/index.php\/2017\/07\/25\/zebranie-wiejskie-w-chelmicy\/#webpage","url":"https:\/\/tuplice.pl\/index.php\/2017\/07\/25\/zebranie-wiejskie-w-chelmicy\/","name":"Zebranie wiejskie w Che\u0142micy - Gmina Tuplice","description":"Na podstawie \u00a7 23 Statutu So\u0142ectwa Che\u0142mica w zwi\u0105zku z powstaniem wakatu na stanowisku So\u0142tysa i konieczno\u015bci\u0105 przeprowadzenia nowego wyboru so\u0142tysa W\u00f3jt Gminy Tuplice zawiadamia mieszka\u0144c\u00f3w wsi i so\u0142ectwa Che\u0142mica po\u0142o\u017conego w Gminie Tuplice o zwo\u0142aniu: Zebrania Wiejskiego w dniu 3 sierpnia 2017 r.o godzinie 17:00w \u015awietlicy Wiejskiej w Che\u0142micy Harmonogram Zebrania:1. Otwarcie Zebrania Wiejskiego.2. Wyb\u00f3r","inLanguage":"pl-PL","isPartOf":{"@id":"https:\/\/tuplice.pl\/#website"},"breadcrumb":{"@id":"https:\/\/tuplice.pl\/index.php\/2017\/07\/25\/zebranie-wiejskie-w-chelmicy\/#breadcrumblist"},"author":{"@id":"https:\/\/tuplice.pl\/index.php\/author\/admin-2\/#author"},"creator":{"@id":"https:\/\/tuplice.pl\/index.php\/author\/admin-2\/#author"},"datePublished":"2017-07-25T05:27:25+02:00","dateModified":"2017-07-25T05:27:25+02:00"},{"@type":"WebSite","@id":"https:\/\/tuplice.pl\/#website","url":"https:\/\/tuplice.pl\/","name":"Gmina Tuplice","description":"Strona Gminy Tuplice","inLanguage":"pl-PL","publisher":{"@id":"https:\/\/tuplice.pl\/#organization"}}]},"og:locale":"pl_PL","og:site_name":"Gmina Tuplice - Strona Gminy Tuplice","og:type":"article","og:title":"Zebranie wiejskie w Che\u0142micy - Gmina Tuplice","og:description":"Na podstawie \u00a7 23 Statutu So\u0142ectwa Che\u0142mica w zwi\u0105zku z powstaniem wakatu na stanowisku So\u0142tysa i konieczno\u015bci\u0105 przeprowadzenia nowego wyboru so\u0142tysa W\u00f3jt Gminy Tuplice zawiadamia mieszka\u0144c\u00f3w wsi i so\u0142ectwa Che\u0142mica po\u0142o\u017conego w Gminie Tuplice o zwo\u0142aniu: Zebrania Wiejskiego w dniu 3 sierpnia 2017 r.o godzinie 17:00w \u015awietlicy Wiejskiej w Che\u0142micy Harmonogram Zebrania:1. Otwarcie Zebrania Wiejskiego.2. Wyb\u00f3r","og:url":"https:\/\/tuplice.pl\/index.php\/2017\/07\/25\/zebranie-wiejskie-w-chelmicy\/","article:published_time":"2017-07-25T03:27:25+00:00","article:modified_time":"2017-07-25T03:27:25+00:00","article:publisher":"https:\/\/facebook.com\/Tuplicki Biuletyn Informacyjny","twitter:card":"summary_large_image","twitter:title":"Zebranie wiejskie w Che\u0142micy - Gmina Tuplice","twitter:description":"Na podstawie \u00a7 23 Statutu So\u0142ectwa Che\u0142mica w zwi\u0105zku z powstaniem wakatu na stanowisku So\u0142tysa i konieczno\u015bci\u0105 przeprowadzenia nowego wyboru so\u0142tysa W\u00f3jt Gminy Tuplice zawiadamia mieszka\u0144c\u00f3w wsi i so\u0142ectwa Che\u0142mica po\u0142o\u017conego w Gminie Tuplice o zwo\u0142aniu: Zebrania Wiejskiego w dniu 3 sierpnia 2017 r.o godzinie 17:00w \u015awietlicy Wiejskiej w Che\u0142micy Harmonogram Zebrania:1. Otwarcie Zebrania Wiejskiego.2. Wyb\u00f3r"},"aioseo_meta_data":{"post_id":"1742","title":null,"description":null,"keywords":null,"keyphrases":null,"primary_term":null,"canonical_url":null,"og_title":null,"og_description":null,"og_object_type":"default","og_image_type":"default","og_image_url":null,"og_image_width":null,"og_image_height":null,"og_image_custom_url":null,"og_image_custom_fields":null,"og_video":null,"og_custom_url":null,"og_article_section":null,"og_article_tags":null,"twitter_use_og":false,"twitter_card":"default","twitter_image_type":"default","twitter_image_url":null,"twitter_image_custom_url":null,"twitter_image_custom_fields":null,"twitter_title":null,"twitter_description":null,"schema":{"blockGraphs":[],"customGraphs":[],"default":{"data":{"Article":[],"Course":[],"Dataset":[],"FAQPage":[],"Movie":[],"Person":[],"Product":[],"ProductReview":[],"Car":[],"Recipe":[],"Service":[],"SoftwareApplication":[],"WebPage":[]},"graphName":"","isEnabled":true},"graphs":[]},"schema_type":"default","schema_type_options":null,"pillar_content":false,"robots_default":true,"robots_noindex":false,"robots_noarchive":false,"robots_nosnippet":false,"robots_nofollow":false,"robots_noimageindex":false,"robots_noodp":false,"robots_notranslate":false,"robots_max_snippet":null,"robots_max_videopreview":null,"robots_max_imagepreview":"large","priority":null,"frequency":null,"local_seo":null,"breadcrumb_settings":null,"limit_modified_date":false,"ai":null,"created":"2025-07-22 22:14:18","updated":"2025-07-22 22:14:18","seo_analyzer_scan_date":null},"aioseo_breadcrumb":"<div class=\"aioseo-breadcrumbs\"><span class=\"aioseo-breadcrumb\">\n\t\t\t<a href=\"https:\/\/tuplice.pl\" title=\"Home\">Home<\/a>\n\t\t<\/span><span class=\"aioseo-breadcrumb-separator\">&raquo;<\/span><span class=\"aioseo-breadcrumb\">\n\t\t\t<a href=\"https:\/\/tuplice.pl\/index.php\/category\/aktualnosci\/\" title=\"Aktualno\u015bci\">Aktualno\u015bci<\/a>\n\t\t<\/span><span class=\"aioseo-breadcrumb-separator\">&raquo;<\/span><span class=\"aioseo-breadcrumb\">\n\t\t\tZebranie wiejskie w Che\u0142micy\n\t\t<\/span><\/div>","aioseo_breadcrumb_json":[{"label":"Home","link":"https:\/\/tuplice.pl"},{"label":"Aktualno\u015bci","link":"https:\/\/tuplice.pl\/index.php\/category\/aktualnosci\/"},{"label":"Zebranie wiejskie w Che\u0142micy","link":"https:\/\/tuplice.pl\/index.php\/2017\/07\/25\/zebranie-wiejskie-w-chelmicy\/"}],"a3_pvc":{"activated":false,"total_views":0,"today_views":0},"_links":{"self":[{"href":"https:\/\/tuplice.pl\/index.php\/wp-json\/wp\/v2\/posts\/1742"}],"collection":[{"href":"https:\/\/tuplice.pl\/index.php\/wp-json\/wp\/v2\/posts"}],"about":[{"href":"https:\/\/tuplice.pl\/index.php\/wp-json\/wp\/v2\/types\/post"}],"author":[{"embeddable":true,"href":"https:\/\/tuplice.pl\/index.php\/wp-json\/wp\/v2\/users\/4"}],"replies":[{"embeddable":true,"href":"https:\/\/tuplice.pl\/index.php\/wp-json\/wp\/v2\/comments?post=1742"}],"version-history":[{"count":0,"href":"https:\/\/tuplice.pl\/index.php\/wp-json\/wp\/v2\/posts\/1742\/revisions"}],"wp:attachment":[{"href":"https:\/\/tuplice.pl\/index.php\/wp-json\/wp\/v2\/media?parent=1742"}],"wp:term":[{"taxonomy":"category","embeddable":true,"href":"https:\/\/tuplice.pl\/index.php\/wp-json\/wp\/v2\/categories?post=1742"},{"taxonomy":"post_tag","embeddable":true,"href":"https:\/\/tuplice.pl\/index.php\/wp-json\/wp\/v2\/tags?post=1742"}],"curies":[{"name":"wp","href":"https:\/\/api.w.org\/{rel}","templated":true}]}}