{"id":1782,"date":"2017-09-28T12:40:56","date_gmt":"2017-09-28T10:40:56","guid":{"rendered":"https:\/\/tuplice.pl\/lgd-grupa-luzycka-zmiany-w-przepisach\/"},"modified":"2017-09-28T12:40:56","modified_gmt":"2017-09-28T10:40:56","slug":"lgd-grupa-luzycka-zmiany-w-przepisach","status":"publish","type":"post","link":"https:\/\/tuplice.pl\/index.php\/2017\/09\/28\/lgd-grupa-luzycka-zmiany-w-przepisach\/","title":{"rendered":"&#8222;LGD &#8211; Grupa \u0141u\u017cycka&#8221; \u2013 zmiany w przepisach!"},"content":{"rendered":"<p><img decoding=\"async\" loading=\"lazy\" class=\" alignleft size-full wp-image-369\" src=\"https:\/\/tuplice.pl\/wp-content\/uploads\/2010\/10\/grupaluzycka.gif\" border=\"0\" style=\"border: 0; float: left; margin: 10px;\" width=\"156\" height=\"140\" \/>Z pocz\u0105tkiem wrze\u015bnia wesz\u0142y w \u017cycie zmiany do przepis\u00f3w na podstawie kt\u00f3rych Stowarzyszenia \u201eLokalna Grupa Dzia\u0142ania \u2013 Grupa \u0141u\u017cycka\u201d realizuje Lokaln\u0105 Strategi\u0119 Rozwoju na lata 2014-2020. Zmiany dotycz\u0105: Rozporz\u0105dzenia Ministra Rolnictwa i Rozwoju Wsi w z dnia 25 sierpnia 2016r. w sprawie szczeg\u00f3\u0142owych warunk\u00f3w i trybu przyznawania pomocy finansowej w ramach poddzia\u0142ania \u201eWsparcie na wdra\u017canie operacji w ramach strategii rozwoju lokalnego kierowanego przez spo\u0142eczno\u015b\u0107\u201d obj\u0119tego Programem Rozwoju Obszar\u00f3w Wiejskich na lata 2014\u20132020, Ustawy z dnia 11 lipca 2014r. zasadach realizacji program\u00f3w w zakresie polityki sp\u00f3jno\u015bci finansowanych w perspektywie finansowej 2014-2020, Ustawy z dnia 20 lutego 2015r. o rozwoju lokalnym z udzia\u0142em lokalnej spo\u0142eczno\u015bci oraz Wytycznych w zakresie monitoringu i ewaluacji strategii rozwoju lokalnego kierowanego przez spo\u0142eczno\u015b\u0107 w ramach Programu Rozwoju Obszar\u00f3w Wiejskich na lata 2014-2020. Stowarzyszenie &#8222;LGD &#8211; Grupa \u0141u\u017cycka&#8217; jest zobowi\u0105zane zaktualizowa\u0107 i dostosowa\u0107 swoje procedury do tych zmian. Projekty zmian zostan\u0105 przedstawione do konsultacji spo\u0142ecznych w p\u00f3\u017aniejszym terminie. Informujemy, \u017ce konieczno\u015b\u0107 dostosowania wewn\u0119trznych dokument\u00f3w LGD do obowi\u0105zuj\u0105cych przepis\u00f3w wstrzymuje og\u0142aszanie nabor\u00f3w wniosk\u00f3w o przyznanie pomocy.<\/p>\n","protected":false},"excerpt":{"rendered":"<p>Z pocz\u0105tkiem wrze\u015bnia wesz\u0142y w \u017cycie zmiany do przepis\u00f3w na podstawie kt\u00f3rych Stowarzyszenia \u201eLokalna Grupa Dzia\u0142ania \u2013 Grupa \u0141u\u017cycka\u201d realizuje Lokaln\u0105 Strategi\u0119 Rozwoju na lata 2014-2020. Zmiany dotycz\u0105: Rozporz\u0105dzenia Ministra Rolnictwa i Rozwoju Wsi w z dnia 25 sierpnia 2016r. w sprawie szczeg\u00f3\u0142owych warunk\u00f3w i trybu przyznawania pomocy finansowej w ramach poddzia\u0142ania \u201eWsparcie na wdra\u017canie [&hellip;]<\/p>\n","protected":false},"author":4,"featured_media":369,"comment_status":"closed","ping_status":"closed","sticky":false,"template":"","format":"standard","meta":{"_et_pb_use_builder":"","_et_pb_old_content":"","_et_gb_content_width":"","_monsterinsights_skip_tracking":false},"categories":[82],"tags":[],"aioseo_notices":[],"aioseo_head":"\n\t\t<!-- All in One SEO 4.9.10 - aioseo.com -->\n\t<meta name=\"description\" content=\"Z pocz\u0105tkiem wrze\u015bnia wesz\u0142y w \u017cycie zmiany do przepis\u00f3w na podstawie kt\u00f3rych Stowarzyszenia \u201eLokalna Grupa Dzia\u0142ania \u2013 Grupa \u0141u\u017cycka\u201d realizuje Lokaln\u0105 Strategi\u0119 Rozwoju na lata 2014-2020. Zmiany dotycz\u0105: Rozporz\u0105dzenia Ministra Rolnictwa i Rozwoju Wsi w z dnia 25 sierpnia 2016r. w sprawie szczeg\u00f3\u0142owych warunk\u00f3w i trybu przyznawania pomocy finansowej w ramach poddzia\u0142ania \u201eWsparcie na wdra\u017canie\" \/>\n\t<meta name=\"robots\" content=\"max-image-preview:large\" \/>\n\t<meta name=\"author\" content=\"admin\"\/>\n\t<link rel=\"canonical\" href=\"https:\/\/tuplice.pl\/index.php\/2017\/09\/28\/lgd-grupa-luzycka-zmiany-w-przepisach\/\" \/>\n\t<meta name=\"generator\" content=\"All in One SEO (AIOSEO) 4.9.10\" \/>\n\t\t<meta property=\"og:locale\" content=\"pl_PL\" \/>\n\t\t<meta property=\"og:site_name\" content=\"Gmina Tuplice - Strona Gminy Tuplice\" \/>\n\t\t<meta property=\"og:type\" content=\"article\" \/>\n\t\t<meta property=\"og:title\" content=\"\u201eLGD \u2013 Grupa \u0141u\u017cycka\u201d \u2013 zmiany w przepisach! - Gmina Tuplice\" \/>\n\t\t<meta property=\"og:description\" content=\"Z pocz\u0105tkiem wrze\u015bnia wesz\u0142y w \u017cycie zmiany do przepis\u00f3w na podstawie kt\u00f3rych Stowarzyszenia \u201eLokalna Grupa Dzia\u0142ania \u2013 Grupa \u0141u\u017cycka\u201d realizuje Lokaln\u0105 Strategi\u0119 Rozwoju na lata 2014-2020. Zmiany dotycz\u0105: Rozporz\u0105dzenia Ministra Rolnictwa i Rozwoju Wsi w z dnia 25 sierpnia 2016r. w sprawie szczeg\u00f3\u0142owych warunk\u00f3w i trybu przyznawania pomocy finansowej w ramach poddzia\u0142ania \u201eWsparcie na wdra\u017canie\" \/>\n\t\t<meta property=\"og:url\" content=\"https:\/\/tuplice.pl\/index.php\/2017\/09\/28\/lgd-grupa-luzycka-zmiany-w-przepisach\/\" \/>\n\t\t<meta property=\"article:published_time\" content=\"2017-09-28T10:40:56+00:00\" \/>\n\t\t<meta property=\"article:modified_time\" content=\"2017-09-28T10:40:56+00:00\" \/>\n\t\t<meta property=\"article:publisher\" content=\"https:\/\/facebook.com\/Tuplicki Biuletyn Informacyjny\" \/>\n\t\t<meta name=\"twitter:card\" content=\"summary_large_image\" \/>\n\t\t<meta name=\"twitter:title\" content=\"\u201eLGD \u2013 Grupa \u0141u\u017cycka\u201d \u2013 zmiany w przepisach! - Gmina Tuplice\" \/>\n\t\t<meta name=\"twitter:description\" content=\"Z pocz\u0105tkiem wrze\u015bnia wesz\u0142y w \u017cycie zmiany do przepis\u00f3w na podstawie kt\u00f3rych Stowarzyszenia \u201eLokalna Grupa Dzia\u0142ania \u2013 Grupa \u0141u\u017cycka\u201d realizuje Lokaln\u0105 Strategi\u0119 Rozwoju na lata 2014-2020. Zmiany dotycz\u0105: Rozporz\u0105dzenia Ministra Rolnictwa i Rozwoju Wsi w z dnia 25 sierpnia 2016r. w sprawie szczeg\u00f3\u0142owych warunk\u00f3w i trybu przyznawania pomocy finansowej w ramach poddzia\u0142ania \u201eWsparcie na wdra\u017canie\" \/>\n\t\t<script type=\"application\/ld+json\" class=\"aioseo-schema\">\n\t\t\t{\"@context\":\"https:\\\/\\\/schema.org\",\"@graph\":[{\"@type\":\"BlogPosting\",\"@id\":\"https:\\\/\\\/tuplice.pl\\\/index.php\\\/2017\\\/09\\\/28\\\/lgd-grupa-luzycka-zmiany-w-przepisach\\\/#blogposting\",\"name\":\"\\u201eLGD \\u2013 Grupa \\u0141u\\u017cycka\\u201d \\u2013 zmiany w przepisach! - Gmina Tuplice\",\"headline\":\"&#8222;LGD &#8211; Grupa \\u0141u\\u017cycka&#8221; \\u2013 zmiany w przepisach!\",\"author\":{\"@id\":\"https:\\\/\\\/tuplice.pl\\\/index.php\\\/author\\\/admin-2\\\/#author\"},\"publisher\":{\"@id\":\"https:\\\/\\\/tuplice.pl\\\/#organization\"},\"image\":{\"@type\":\"ImageObject\",\"url\":369},\"datePublished\":\"2017-09-28T12:40:56+02:00\",\"dateModified\":\"2017-09-28T12:40:56+02:00\",\"inLanguage\":\"pl-PL\",\"mainEntityOfPage\":{\"@id\":\"https:\\\/\\\/tuplice.pl\\\/index.php\\\/2017\\\/09\\\/28\\\/lgd-grupa-luzycka-zmiany-w-przepisach\\\/#webpage\"},\"isPartOf\":{\"@id\":\"https:\\\/\\\/tuplice.pl\\\/index.php\\\/2017\\\/09\\\/28\\\/lgd-grupa-luzycka-zmiany-w-przepisach\\\/#webpage\"},\"articleSection\":\"Aktualno\\u015bci\"},{\"@type\":\"BreadcrumbList\",\"@id\":\"https:\\\/\\\/tuplice.pl\\\/index.php\\\/2017\\\/09\\\/28\\\/lgd-grupa-luzycka-zmiany-w-przepisach\\\/#breadcrumblist\",\"itemListElement\":[{\"@type\":\"ListItem\",\"@id\":\"https:\\\/\\\/tuplice.pl#listItem\",\"position\":1,\"name\":\"Home\",\"item\":\"https:\\\/\\\/tuplice.pl\",\"nextItem\":{\"@type\":\"ListItem\",\"@id\":\"https:\\\/\\\/tuplice.pl\\\/index.php\\\/category\\\/aktualnosci\\\/#listItem\",\"name\":\"Aktualno\\u015bci\"}},{\"@type\":\"ListItem\",\"@id\":\"https:\\\/\\\/tuplice.pl\\\/index.php\\\/category\\\/aktualnosci\\\/#listItem\",\"position\":2,\"name\":\"Aktualno\\u015bci\",\"item\":\"https:\\\/\\\/tuplice.pl\\\/index.php\\\/category\\\/aktualnosci\\\/\",\"nextItem\":{\"@type\":\"ListItem\",\"@id\":\"https:\\\/\\\/tuplice.pl\\\/index.php\\\/2017\\\/09\\\/28\\\/lgd-grupa-luzycka-zmiany-w-przepisach\\\/#listItem\",\"name\":\"&#8222;LGD &#8211; Grupa \\u0141u\\u017cycka&#8221; \\u2013 zmiany w przepisach!\"},\"previousItem\":{\"@type\":\"ListItem\",\"@id\":\"https:\\\/\\\/tuplice.pl#listItem\",\"name\":\"Home\"}},{\"@type\":\"ListItem\",\"@id\":\"https:\\\/\\\/tuplice.pl\\\/index.php\\\/2017\\\/09\\\/28\\\/lgd-grupa-luzycka-zmiany-w-przepisach\\\/#listItem\",\"position\":3,\"name\":\"&#8222;LGD &#8211; Grupa \\u0141u\\u017cycka&#8221; \\u2013 zmiany w przepisach!\",\"previousItem\":{\"@type\":\"ListItem\",\"@id\":\"https:\\\/\\\/tuplice.pl\\\/index.php\\\/category\\\/aktualnosci\\\/#listItem\",\"name\":\"Aktualno\\u015bci\"}}]},{\"@type\":\"Organization\",\"@id\":\"https:\\\/\\\/tuplice.pl\\\/#organization\",\"name\":\"Gmina Tuplice Gmina Tuplice\",\"description\":\"Strona Gminy Tuplice Strona Urz\\u0119du Gminy Tuplice\",\"url\":\"https:\\\/\\\/tuplice.pl\\\/\",\"telephone\":\"+48683625720\",\"logo\":{\"@type\":\"ImageObject\",\"url\":\"https:\\\/\\\/tuplice.pl\\\/wp-content\\\/uploads\\\/2025\\\/07\\\/images.png\",\"@id\":\"https:\\\/\\\/tuplice.pl\\\/index.php\\\/2017\\\/09\\\/28\\\/lgd-grupa-luzycka-zmiany-w-przepisach\\\/#organizationLogo\",\"width\":282,\"height\":179},\"image\":{\"@id\":\"https:\\\/\\\/tuplice.pl\\\/index.php\\\/2017\\\/09\\\/28\\\/lgd-grupa-luzycka-zmiany-w-przepisach\\\/#organizationLogo\"},\"sameAs\":[\"https:\\\/\\\/facebook.com\\\/Tuplicki Biuletyn Informacyjny\",\"https:\\\/\\\/pinterest.com\\\/Tuplicki Biuletyn Informacyjny\",\"https:\\\/\\\/youtube.com\\\/Tuplicki Biuletyn Informacyjny\"]},{\"@type\":\"Person\",\"@id\":\"https:\\\/\\\/tuplice.pl\\\/index.php\\\/author\\\/admin-2\\\/#author\",\"url\":\"https:\\\/\\\/tuplice.pl\\\/index.php\\\/author\\\/admin-2\\\/\",\"name\":\"admin\",\"image\":{\"@type\":\"ImageObject\",\"@id\":\"https:\\\/\\\/tuplice.pl\\\/index.php\\\/2017\\\/09\\\/28\\\/lgd-grupa-luzycka-zmiany-w-przepisach\\\/#authorImage\",\"url\":\"https:\\\/\\\/secure.gravatar.com\\\/avatar\\\/8a55bb0a6c2b7d7d608f6e5c7d99e391?s=96&d=mm&r=g\",\"width\":96,\"height\":96,\"caption\":\"admin\"}},{\"@type\":\"WebPage\",\"@id\":\"https:\\\/\\\/tuplice.pl\\\/index.php\\\/2017\\\/09\\\/28\\\/lgd-grupa-luzycka-zmiany-w-przepisach\\\/#webpage\",\"url\":\"https:\\\/\\\/tuplice.pl\\\/index.php\\\/2017\\\/09\\\/28\\\/lgd-grupa-luzycka-zmiany-w-przepisach\\\/\",\"name\":\"\\u201eLGD \\u2013 Grupa \\u0141u\\u017cycka\\u201d \\u2013 zmiany w przepisach! - Gmina Tuplice\",\"description\":\"Z pocz\\u0105tkiem wrze\\u015bnia wesz\\u0142y w \\u017cycie zmiany do przepis\\u00f3w na podstawie kt\\u00f3rych Stowarzyszenia \\u201eLokalna Grupa Dzia\\u0142ania \\u2013 Grupa \\u0141u\\u017cycka\\u201d realizuje Lokaln\\u0105 Strategi\\u0119 Rozwoju na lata 2014-2020. Zmiany dotycz\\u0105: Rozporz\\u0105dzenia Ministra Rolnictwa i Rozwoju Wsi w z dnia 25 sierpnia 2016r. w sprawie szczeg\\u00f3\\u0142owych warunk\\u00f3w i trybu przyznawania pomocy finansowej w ramach poddzia\\u0142ania \\u201eWsparcie na wdra\\u017canie\",\"inLanguage\":\"pl-PL\",\"isPartOf\":{\"@id\":\"https:\\\/\\\/tuplice.pl\\\/#website\"},\"breadcrumb\":{\"@id\":\"https:\\\/\\\/tuplice.pl\\\/index.php\\\/2017\\\/09\\\/28\\\/lgd-grupa-luzycka-zmiany-w-przepisach\\\/#breadcrumblist\"},\"author\":{\"@id\":\"https:\\\/\\\/tuplice.pl\\\/index.php\\\/author\\\/admin-2\\\/#author\"},\"creator\":{\"@id\":\"https:\\\/\\\/tuplice.pl\\\/index.php\\\/author\\\/admin-2\\\/#author\"},\"image\":{\"@type\":\"ImageObject\",\"url\":369,\"@id\":\"https:\\\/\\\/tuplice.pl\\\/index.php\\\/2017\\\/09\\\/28\\\/lgd-grupa-luzycka-zmiany-w-przepisach\\\/#mainImage\"},\"primaryImageOfPage\":{\"@id\":\"https:\\\/\\\/tuplice.pl\\\/index.php\\\/2017\\\/09\\\/28\\\/lgd-grupa-luzycka-zmiany-w-przepisach\\\/#mainImage\"},\"datePublished\":\"2017-09-28T12:40:56+02:00\",\"dateModified\":\"2017-09-28T12:40:56+02:00\"},{\"@type\":\"WebSite\",\"@id\":\"https:\\\/\\\/tuplice.pl\\\/#website\",\"url\":\"https:\\\/\\\/tuplice.pl\\\/\",\"name\":\"Gmina Tuplice\",\"description\":\"Strona Gminy Tuplice\",\"inLanguage\":\"pl-PL\",\"publisher\":{\"@id\":\"https:\\\/\\\/tuplice.pl\\\/#organization\"}}]}\n\t\t<\/script>\n\t\t<!-- All in One SEO -->\n\n","aioseo_head_json":{"title":"\u201eLGD \u2013 Grupa \u0141u\u017cycka\u201d \u2013 zmiany w przepisach! - Gmina Tuplice","description":"Z pocz\u0105tkiem wrze\u015bnia wesz\u0142y w \u017cycie zmiany do przepis\u00f3w na podstawie kt\u00f3rych Stowarzyszenia \u201eLokalna Grupa Dzia\u0142ania \u2013 Grupa \u0141u\u017cycka\u201d realizuje Lokaln\u0105 Strategi\u0119 Rozwoju na lata 2014-2020. Zmiany dotycz\u0105: Rozporz\u0105dzenia Ministra Rolnictwa i Rozwoju Wsi w z dnia 25 sierpnia 2016r. w sprawie szczeg\u00f3\u0142owych warunk\u00f3w i trybu przyznawania pomocy finansowej w ramach poddzia\u0142ania \u201eWsparcie na wdra\u017canie","canonical_url":"https:\/\/tuplice.pl\/index.php\/2017\/09\/28\/lgd-grupa-luzycka-zmiany-w-przepisach\/","robots":"max-image-preview:large","keywords":"","webmasterTools":{"miscellaneous":""},"schema":{"@context":"https:\/\/schema.org","@graph":[{"@type":"BlogPosting","@id":"https:\/\/tuplice.pl\/index.php\/2017\/09\/28\/lgd-grupa-luzycka-zmiany-w-przepisach\/#blogposting","name":"\u201eLGD \u2013 Grupa \u0141u\u017cycka\u201d \u2013 zmiany w przepisach! - Gmina Tuplice","headline":"&#8222;LGD &#8211; Grupa \u0141u\u017cycka&#8221; \u2013 zmiany w przepisach!","author":{"@id":"https:\/\/tuplice.pl\/index.php\/author\/admin-2\/#author"},"publisher":{"@id":"https:\/\/tuplice.pl\/#organization"},"image":{"@type":"ImageObject","url":369},"datePublished":"2017-09-28T12:40:56+02:00","dateModified":"2017-09-28T12:40:56+02:00","inLanguage":"pl-PL","mainEntityOfPage":{"@id":"https:\/\/tuplice.pl\/index.php\/2017\/09\/28\/lgd-grupa-luzycka-zmiany-w-przepisach\/#webpage"},"isPartOf":{"@id":"https:\/\/tuplice.pl\/index.php\/2017\/09\/28\/lgd-grupa-luzycka-zmiany-w-przepisach\/#webpage"},"articleSection":"Aktualno\u015bci"},{"@type":"BreadcrumbList","@id":"https:\/\/tuplice.pl\/index.php\/2017\/09\/28\/lgd-grupa-luzycka-zmiany-w-przepisach\/#breadcrumblist","itemListElement":[{"@type":"ListItem","@id":"https:\/\/tuplice.pl#listItem","position":1,"name":"Home","item":"https:\/\/tuplice.pl","nextItem":{"@type":"ListItem","@id":"https:\/\/tuplice.pl\/index.php\/category\/aktualnosci\/#listItem","name":"Aktualno\u015bci"}},{"@type":"ListItem","@id":"https:\/\/tuplice.pl\/index.php\/category\/aktualnosci\/#listItem","position":2,"name":"Aktualno\u015bci","item":"https:\/\/tuplice.pl\/index.php\/category\/aktualnosci\/","nextItem":{"@type":"ListItem","@id":"https:\/\/tuplice.pl\/index.php\/2017\/09\/28\/lgd-grupa-luzycka-zmiany-w-przepisach\/#listItem","name":"&#8222;LGD &#8211; Grupa \u0141u\u017cycka&#8221; \u2013 zmiany w przepisach!"},"previousItem":{"@type":"ListItem","@id":"https:\/\/tuplice.pl#listItem","name":"Home"}},{"@type":"ListItem","@id":"https:\/\/tuplice.pl\/index.php\/2017\/09\/28\/lgd-grupa-luzycka-zmiany-w-przepisach\/#listItem","position":3,"name":"&#8222;LGD &#8211; Grupa \u0141u\u017cycka&#8221; \u2013 zmiany w przepisach!","previousItem":{"@type":"ListItem","@id":"https:\/\/tuplice.pl\/index.php\/category\/aktualnosci\/#listItem","name":"Aktualno\u015bci"}}]},{"@type":"Organization","@id":"https:\/\/tuplice.pl\/#organization","name":"Gmina Tuplice Gmina Tuplice","description":"Strona Gminy Tuplice Strona Urz\u0119du Gminy Tuplice","url":"https:\/\/tuplice.pl\/","telephone":"+48683625720","logo":{"@type":"ImageObject","url":"https:\/\/tuplice.pl\/wp-content\/uploads\/2025\/07\/images.png","@id":"https:\/\/tuplice.pl\/index.php\/2017\/09\/28\/lgd-grupa-luzycka-zmiany-w-przepisach\/#organizationLogo","width":282,"height":179},"image":{"@id":"https:\/\/tuplice.pl\/index.php\/2017\/09\/28\/lgd-grupa-luzycka-zmiany-w-przepisach\/#organizationLogo"},"sameAs":["https:\/\/facebook.com\/Tuplicki Biuletyn Informacyjny","https:\/\/pinterest.com\/Tuplicki Biuletyn Informacyjny","https:\/\/youtube.com\/Tuplicki Biuletyn Informacyjny"]},{"@type":"Person","@id":"https:\/\/tuplice.pl\/index.php\/author\/admin-2\/#author","url":"https:\/\/tuplice.pl\/index.php\/author\/admin-2\/","name":"admin","image":{"@type":"ImageObject","@id":"https:\/\/tuplice.pl\/index.php\/2017\/09\/28\/lgd-grupa-luzycka-zmiany-w-przepisach\/#authorImage","url":"https:\/\/secure.gravatar.com\/avatar\/8a55bb0a6c2b7d7d608f6e5c7d99e391?s=96&d=mm&r=g","width":96,"height":96,"caption":"admin"}},{"@type":"WebPage","@id":"https:\/\/tuplice.pl\/index.php\/2017\/09\/28\/lgd-grupa-luzycka-zmiany-w-przepisach\/#webpage","url":"https:\/\/tuplice.pl\/index.php\/2017\/09\/28\/lgd-grupa-luzycka-zmiany-w-przepisach\/","name":"\u201eLGD \u2013 Grupa \u0141u\u017cycka\u201d \u2013 zmiany w przepisach! - Gmina Tuplice","description":"Z pocz\u0105tkiem wrze\u015bnia wesz\u0142y w \u017cycie zmiany do przepis\u00f3w na podstawie kt\u00f3rych Stowarzyszenia \u201eLokalna Grupa Dzia\u0142ania \u2013 Grupa \u0141u\u017cycka\u201d realizuje Lokaln\u0105 Strategi\u0119 Rozwoju na lata 2014-2020. Zmiany dotycz\u0105: Rozporz\u0105dzenia Ministra Rolnictwa i Rozwoju Wsi w z dnia 25 sierpnia 2016r. w sprawie szczeg\u00f3\u0142owych warunk\u00f3w i trybu przyznawania pomocy finansowej w ramach poddzia\u0142ania \u201eWsparcie na wdra\u017canie","inLanguage":"pl-PL","isPartOf":{"@id":"https:\/\/tuplice.pl\/#website"},"breadcrumb":{"@id":"https:\/\/tuplice.pl\/index.php\/2017\/09\/28\/lgd-grupa-luzycka-zmiany-w-przepisach\/#breadcrumblist"},"author":{"@id":"https:\/\/tuplice.pl\/index.php\/author\/admin-2\/#author"},"creator":{"@id":"https:\/\/tuplice.pl\/index.php\/author\/admin-2\/#author"},"image":{"@type":"ImageObject","url":369,"@id":"https:\/\/tuplice.pl\/index.php\/2017\/09\/28\/lgd-grupa-luzycka-zmiany-w-przepisach\/#mainImage"},"primaryImageOfPage":{"@id":"https:\/\/tuplice.pl\/index.php\/2017\/09\/28\/lgd-grupa-luzycka-zmiany-w-przepisach\/#mainImage"},"datePublished":"2017-09-28T12:40:56+02:00","dateModified":"2017-09-28T12:40:56+02:00"},{"@type":"WebSite","@id":"https:\/\/tuplice.pl\/#website","url":"https:\/\/tuplice.pl\/","name":"Gmina Tuplice","description":"Strona Gminy Tuplice","inLanguage":"pl-PL","publisher":{"@id":"https:\/\/tuplice.pl\/#organization"}}]},"og:locale":"pl_PL","og:site_name":"Gmina Tuplice - Strona Gminy Tuplice","og:type":"article","og:title":"\u201eLGD \u2013 Grupa \u0141u\u017cycka\u201d \u2013 zmiany w przepisach! - Gmina Tuplice","og:description":"Z pocz\u0105tkiem wrze\u015bnia wesz\u0142y w \u017cycie zmiany do przepis\u00f3w na podstawie kt\u00f3rych Stowarzyszenia \u201eLokalna Grupa Dzia\u0142ania \u2013 Grupa \u0141u\u017cycka\u201d realizuje Lokaln\u0105 Strategi\u0119 Rozwoju na lata 2014-2020. Zmiany dotycz\u0105: Rozporz\u0105dzenia Ministra Rolnictwa i Rozwoju Wsi w z dnia 25 sierpnia 2016r. w sprawie szczeg\u00f3\u0142owych warunk\u00f3w i trybu przyznawania pomocy finansowej w ramach poddzia\u0142ania \u201eWsparcie na wdra\u017canie","og:url":"https:\/\/tuplice.pl\/index.php\/2017\/09\/28\/lgd-grupa-luzycka-zmiany-w-przepisach\/","article:published_time":"2017-09-28T10:40:56+00:00","article:modified_time":"2017-09-28T10:40:56+00:00","article:publisher":"https:\/\/facebook.com\/Tuplicki Biuletyn Informacyjny","twitter:card":"summary_large_image","twitter:title":"\u201eLGD \u2013 Grupa \u0141u\u017cycka\u201d \u2013 zmiany w przepisach! - Gmina Tuplice","twitter:description":"Z pocz\u0105tkiem wrze\u015bnia wesz\u0142y w \u017cycie zmiany do przepis\u00f3w na podstawie kt\u00f3rych Stowarzyszenia \u201eLokalna Grupa Dzia\u0142ania \u2013 Grupa \u0141u\u017cycka\u201d realizuje Lokaln\u0105 Strategi\u0119 Rozwoju na lata 2014-2020. Zmiany dotycz\u0105: Rozporz\u0105dzenia Ministra Rolnictwa i Rozwoju Wsi w z dnia 25 sierpnia 2016r. w sprawie szczeg\u00f3\u0142owych warunk\u00f3w i trybu przyznawania pomocy finansowej w ramach poddzia\u0142ania \u201eWsparcie na wdra\u017canie"},"aioseo_meta_data":{"post_id":"1782","title":null,"description":null,"keywords":null,"keyphrases":null,"primary_term":null,"canonical_url":null,"og_title":null,"og_description":null,"og_object_type":"default","og_image_type":"default","og_image_url":null,"og_image_width":null,"og_image_height":null,"og_image_custom_url":null,"og_image_custom_fields":null,"og_video":null,"og_custom_url":null,"og_article_section":null,"og_article_tags":null,"twitter_use_og":false,"twitter_card":"default","twitter_image_type":"default","twitter_image_url":null,"twitter_image_custom_url":null,"twitter_image_custom_fields":null,"twitter_title":null,"twitter_description":null,"schema":{"blockGraphs":[],"customGraphs":[],"default":{"data":{"Article":[],"Course":[],"Dataset":[],"FAQPage":[],"Movie":[],"Person":[],"Product":[],"ProductReview":[],"Car":[],"Recipe":[],"Service":[],"SoftwareApplication":[],"WebPage":[]},"graphName":"","isEnabled":true},"graphs":[]},"schema_type":"default","schema_type_options":null,"pillar_content":false,"robots_default":true,"robots_noindex":false,"robots_noarchive":false,"robots_nosnippet":false,"robots_nofollow":false,"robots_noimageindex":false,"robots_noodp":false,"robots_notranslate":false,"robots_max_snippet":null,"robots_max_videopreview":null,"robots_max_imagepreview":"large","priority":null,"frequency":null,"local_seo":null,"breadcrumb_settings":null,"limit_modified_date":false,"ai":null,"created":"2025-07-22 22:32:47","updated":"2025-07-22 22:32:47","seo_analyzer_scan_date":null},"aioseo_breadcrumb":"<div class=\"aioseo-breadcrumbs\"><span class=\"aioseo-breadcrumb\">\n\t\t\t<a href=\"https:\/\/tuplice.pl\" title=\"Home\">Home<\/a>\n\t\t<\/span><span class=\"aioseo-breadcrumb-separator\">&raquo;<\/span><span class=\"aioseo-breadcrumb\">\n\t\t\t<a href=\"https:\/\/tuplice.pl\/index.php\/category\/aktualnosci\/\" title=\"Aktualno\u015bci\">Aktualno\u015bci<\/a>\n\t\t<\/span><span class=\"aioseo-breadcrumb-separator\">&raquo;<\/span><span class=\"aioseo-breadcrumb\">\n\t\t\t\u201eLGD \u2013 Grupa \u0141u\u017cycka\u201d \u2013 zmiany w przepisach!\n\t\t<\/span><\/div>","aioseo_breadcrumb_json":[{"label":"Home","link":"https:\/\/tuplice.pl"},{"label":"Aktualno\u015bci","link":"https:\/\/tuplice.pl\/index.php\/category\/aktualnosci\/"},{"label":"&#8222;LGD &#8211; Grupa \u0141u\u017cycka&#8221; \u2013 zmiany w przepisach!","link":"https:\/\/tuplice.pl\/index.php\/2017\/09\/28\/lgd-grupa-luzycka-zmiany-w-przepisach\/"}],"a3_pvc":{"activated":false,"total_views":0,"today_views":0},"_links":{"self":[{"href":"https:\/\/tuplice.pl\/index.php\/wp-json\/wp\/v2\/posts\/1782"}],"collection":[{"href":"https:\/\/tuplice.pl\/index.php\/wp-json\/wp\/v2\/posts"}],"about":[{"href":"https:\/\/tuplice.pl\/index.php\/wp-json\/wp\/v2\/types\/post"}],"author":[{"embeddable":true,"href":"https:\/\/tuplice.pl\/index.php\/wp-json\/wp\/v2\/users\/4"}],"replies":[{"embeddable":true,"href":"https:\/\/tuplice.pl\/index.php\/wp-json\/wp\/v2\/comments?post=1782"}],"version-history":[{"count":0,"href":"https:\/\/tuplice.pl\/index.php\/wp-json\/wp\/v2\/posts\/1782\/revisions"}],"wp:featuredmedia":[{"embeddable":true,"href":"https:\/\/tuplice.pl\/index.php\/wp-json\/"}],"wp:attachment":[{"href":"https:\/\/tuplice.pl\/index.php\/wp-json\/wp\/v2\/media?parent=1782"}],"wp:term":[{"taxonomy":"category","embeddable":true,"href":"https:\/\/tuplice.pl\/index.php\/wp-json\/wp\/v2\/categories?post=1782"},{"taxonomy":"post_tag","embeddable":true,"href":"https:\/\/tuplice.pl\/index.php\/wp-json\/wp\/v2\/tags?post=1782"}],"curies":[{"name":"wp","href":"https:\/\/api.w.org\/{rel}","templated":true}]}}