{"id":1786,"date":"2017-10-02T06:34:33","date_gmt":"2017-10-02T04:34:33","guid":{"rendered":"https:\/\/tuplice.pl\/pelno-spraw-dla-niepelnosprawnych-w-gorzow-wlkp\/"},"modified":"2017-10-02T06:34:33","modified_gmt":"2017-10-02T04:34:33","slug":"pelno-spraw-dla-niepelnosprawnych-w-gorzow-wlkp","status":"publish","type":"post","link":"https:\/\/tuplice.pl\/index.php\/2017\/10\/02\/pelno-spraw-dla-niepelnosprawnych-w-gorzow-wlkp\/","title":{"rendered":"\u201ePe\u0142no spraw dla niepe\u0142nosprawnych\u201d w Gorz\u00f3w Wlkp."},"content":{"rendered":"<p><img decoding=\"async\" loading=\"lazy\" class=\" alignleft size-full wp-image-1785\" src=\"https:\/\/tuplice.pl\/wp-content\/uploads\/2017\/10\/pe%C5%82nospraw-logo_resize.jpg\" border=\"0\" width=\"201\" height=\"250\" style=\"border: 0; float: left; margin: 10px;\" \/>Lokalny Punkt Informacyjny Funduszy Europejskich w Gorzowie Wlkp., dzia\u0142aj\u0105cy w Urz\u0119dzie Marsza\u0142kowskim Wojew\u00f3dztwa Lubuskiego, zaprasza na spotkanie informacyjne z cyklu<strong> \u201ePe\u0142no spraw dla niepe\u0142nosprawnych\u201d<\/strong>, kt\u00f3re odb\u0119dzie si\u0119 11 pa\u017adziernika 2017 r. w godzinach 10:00 \u2013 13:00 w\u00a0Gorzowie Wlkp.<\/p>\n<p><strong>O spotkaniu<\/strong><\/p>\n<p>Podczas spotkania przekazane zostan\u0105 informacje dotycz\u0105ce mo\u017cliwo\u015bci pozyskania \u015brodk\u00f3w m.in. na: za\u0142o\u017cenie dzia\u0142alno\u015bci gospodarczej, odbycie sta\u017c\u00f3w, doposa\u017cenia stanowiska pracy, podniesienie kompetencji poprzez udzia\u0142 w kursach i szkoleniach. Nie zabraknie tak\u017ce informacji nt. dzia\u0142a\u0144 skierowanych do os\u00f3b niepe\u0142nosprawnych realizowanych przez Pa\u0144stwowy Fundusz Rehabilitacyjny Os\u00f3b Niepe\u0142nosprawnych. Om\u00f3wione zostan\u0105 warunki przyznania wsparcia, wskazane zostan\u0105 dokumenty, strony internetowe oraz podmioty oferuj\u0105ce unijne oraz krajowe \u015brodki.<\/p>\n<p>Spotkanie odb\u0119dzie si\u0119 11 pa\u017adziernika 2017 r. w godz. 10:00-13:00 w Wojew\u00f3dzkiej i Miejskiej Bibliotece Publicznej im. Zbigniewa Herberta w Gorzowie Wielkopolskim, ul. gen. W\u0142adys\u0142awa Sikorskiego 107 (sala 216, pi\u0119tro II).<\/p>\n<p><strong>Wi\u0119cej informacji<\/strong><\/p>\n<p>  <!--more-->  <\/p>\n<p>Osoby zainteresowane wzi\u0119ciem udzia\u0142u w spotkaniu prosimy o wype\u0142nienie formularza powy\u017cej \u201ewe\u017a udzia\u0142\u201d. Na zg\u0142oszenia czekamy do 10 pa\u017adziernika 2017 r. W przypadku pyta\u0144 prosimy o kontakt telefoniczny z Lokalnym Punktem Informacyjnym Funduszy Europejskich w Gorzowie Wlkp. pod numerami telefon\u00f3w: 95 7390377, -378, -386, -380\u00a0.<\/p>\n<p>FORMULARZ<\/p>\n<p>Istnieje r\u00f3wnie\u017c mo\u017cliwo\u015b\u0107 zg\u0142oszenia poprzez formularz elektroniczny za po\u015brednictwem strony internetowej: <a href=\"http:\/\/rpo.lubuskie.pl\/-\/spotkanie-informacyjne-z-cyklu-pelno-spraw-dla-niepelnosprawnych-w-gorzowie-wlkp-11-10-2017-r-\" target=\"_blank\" rel=\"noopener noreferrer\">http:\/\/rpo.lubuskie.pl\/-\/spotkanie-informacyjne-z-cyklu-pelno-spraw-dla-niepelnosprawnych-w-gorzowie-wlkp-11-10-2017-r-<\/a><\/p>\n<p>O udziale w spotkaniu decyduje kolejno\u015b\u0107 zg\u0142osze\u0144. Udzia\u0142 w spotkaniu jest bezp\u0142atny.<\/p>\n<p>Serdecznie zapraszamy!<\/p>\n","protected":false},"excerpt":{"rendered":"<p>Lokalny Punkt Informacyjny Funduszy Europejskich w Gorzowie Wlkp., dzia\u0142aj\u0105cy w Urz\u0119dzie Marsza\u0142kowskim Wojew\u00f3dztwa Lubuskiego, zaprasza na spotkanie informacyjne z cyklu \u201ePe\u0142no spraw dla niepe\u0142nosprawnych\u201d, kt\u00f3re odb\u0119dzie si\u0119 11 pa\u017adziernika 2017 r. w godzinach 10:00 \u2013 13:00 w\u00a0Gorzowie Wlkp. O spotkaniu Podczas spotkania przekazane zostan\u0105 informacje dotycz\u0105ce mo\u017cliwo\u015bci pozyskania \u015brodk\u00f3w m.in. na: za\u0142o\u017cenie dzia\u0142alno\u015bci gospodarczej, odbycie [&hellip;]<\/p>\n","protected":false},"author":4,"featured_media":1785,"comment_status":"closed","ping_status":"closed","sticky":false,"template":"","format":"standard","meta":{"_et_pb_use_builder":"","_et_pb_old_content":"","_et_gb_content_width":"","_monsterinsights_skip_tracking":false},"categories":[82],"tags":[],"aioseo_notices":[],"aioseo_head":"\n\t\t<!-- All in One SEO 4.9.10 - aioseo.com -->\n\t<meta name=\"description\" content=\"Lokalny Punkt Informacyjny Funduszy Europejskich w Gorzowie Wlkp., dzia\u0142aj\u0105cy w Urz\u0119dzie Marsza\u0142kowskim Wojew\u00f3dztwa Lubuskiego, zaprasza na spotkanie informacyjne z cyklu \u201ePe\u0142no spraw dla niepe\u0142nosprawnych\u201d, kt\u00f3re odb\u0119dzie si\u0119 11 pa\u017adziernika 2017 r. w godzinach 10:00 \u2013 13:00 w Gorzowie Wlkp.O spotkaniuPodczas spotkania przekazane zostan\u0105 informacje dotycz\u0105ce mo\u017cliwo\u015bci pozyskania \u015brodk\u00f3w m.in. na: za\u0142o\u017cenie dzia\u0142alno\u015bci gospodarczej, odbycie sta\u017c\u00f3w, doposa\u017cenia\" \/>\n\t<meta name=\"robots\" content=\"max-image-preview:large\" \/>\n\t<meta name=\"author\" content=\"admin\"\/>\n\t<link rel=\"canonical\" href=\"https:\/\/tuplice.pl\/index.php\/2017\/10\/02\/pelno-spraw-dla-niepelnosprawnych-w-gorzow-wlkp\/\" \/>\n\t<meta name=\"generator\" content=\"All in One SEO (AIOSEO) 4.9.10\" \/>\n\t\t<meta property=\"og:locale\" content=\"pl_PL\" \/>\n\t\t<meta property=\"og:site_name\" content=\"Gmina Tuplice - Strona Gminy Tuplice\" \/>\n\t\t<meta property=\"og:type\" content=\"article\" \/>\n\t\t<meta property=\"og:title\" content=\"\u201ePe\u0142no spraw dla niepe\u0142nosprawnych\u201d w Gorz\u00f3w Wlkp. - Gmina Tuplice\" \/>\n\t\t<meta property=\"og:description\" content=\"Lokalny Punkt Informacyjny Funduszy Europejskich w Gorzowie Wlkp., dzia\u0142aj\u0105cy w Urz\u0119dzie Marsza\u0142kowskim Wojew\u00f3dztwa Lubuskiego, zaprasza na spotkanie informacyjne z cyklu \u201ePe\u0142no spraw dla niepe\u0142nosprawnych\u201d, kt\u00f3re odb\u0119dzie si\u0119 11 pa\u017adziernika 2017 r. w godzinach 10:00 \u2013 13:00 w Gorzowie Wlkp.O spotkaniuPodczas spotkania przekazane zostan\u0105 informacje dotycz\u0105ce mo\u017cliwo\u015bci pozyskania \u015brodk\u00f3w m.in. na: za\u0142o\u017cenie dzia\u0142alno\u015bci gospodarczej, odbycie sta\u017c\u00f3w, doposa\u017cenia\" \/>\n\t\t<meta property=\"og:url\" content=\"https:\/\/tuplice.pl\/index.php\/2017\/10\/02\/pelno-spraw-dla-niepelnosprawnych-w-gorzow-wlkp\/\" \/>\n\t\t<meta property=\"article:published_time\" content=\"2017-10-02T04:34:33+00:00\" \/>\n\t\t<meta property=\"article:modified_time\" content=\"2017-10-02T04:34:33+00:00\" \/>\n\t\t<meta property=\"article:publisher\" content=\"https:\/\/facebook.com\/Tuplicki Biuletyn Informacyjny\" \/>\n\t\t<meta name=\"twitter:card\" content=\"summary_large_image\" \/>\n\t\t<meta name=\"twitter:title\" content=\"\u201ePe\u0142no spraw dla niepe\u0142nosprawnych\u201d w Gorz\u00f3w Wlkp. - Gmina Tuplice\" \/>\n\t\t<meta name=\"twitter:description\" content=\"Lokalny Punkt Informacyjny Funduszy Europejskich w Gorzowie Wlkp., dzia\u0142aj\u0105cy w Urz\u0119dzie Marsza\u0142kowskim Wojew\u00f3dztwa Lubuskiego, zaprasza na spotkanie informacyjne z cyklu \u201ePe\u0142no spraw dla niepe\u0142nosprawnych\u201d, kt\u00f3re odb\u0119dzie si\u0119 11 pa\u017adziernika 2017 r. w godzinach 10:00 \u2013 13:00 w Gorzowie Wlkp.O spotkaniuPodczas spotkania przekazane zostan\u0105 informacje dotycz\u0105ce mo\u017cliwo\u015bci pozyskania \u015brodk\u00f3w m.in. na: za\u0142o\u017cenie dzia\u0142alno\u015bci gospodarczej, odbycie sta\u017c\u00f3w, doposa\u017cenia\" \/>\n\t\t<script type=\"application\/ld+json\" class=\"aioseo-schema\">\n\t\t\t{\"@context\":\"https:\\\/\\\/schema.org\",\"@graph\":[{\"@type\":\"BlogPosting\",\"@id\":\"https:\\\/\\\/tuplice.pl\\\/index.php\\\/2017\\\/10\\\/02\\\/pelno-spraw-dla-niepelnosprawnych-w-gorzow-wlkp\\\/#blogposting\",\"name\":\"\\u201ePe\\u0142no spraw dla niepe\\u0142nosprawnych\\u201d w Gorz\\u00f3w Wlkp. - Gmina Tuplice\",\"headline\":\"\\u201ePe\\u0142no spraw dla niepe\\u0142nosprawnych\\u201d w Gorz\\u00f3w Wlkp.\",\"author\":{\"@id\":\"https:\\\/\\\/tuplice.pl\\\/index.php\\\/author\\\/admin-2\\\/#author\"},\"publisher\":{\"@id\":\"https:\\\/\\\/tuplice.pl\\\/#organization\"},\"image\":{\"@type\":\"ImageObject\",\"url\":1785},\"datePublished\":\"2017-10-02T06:34:33+02:00\",\"dateModified\":\"2017-10-02T06:34:33+02:00\",\"inLanguage\":\"pl-PL\",\"mainEntityOfPage\":{\"@id\":\"https:\\\/\\\/tuplice.pl\\\/index.php\\\/2017\\\/10\\\/02\\\/pelno-spraw-dla-niepelnosprawnych-w-gorzow-wlkp\\\/#webpage\"},\"isPartOf\":{\"@id\":\"https:\\\/\\\/tuplice.pl\\\/index.php\\\/2017\\\/10\\\/02\\\/pelno-spraw-dla-niepelnosprawnych-w-gorzow-wlkp\\\/#webpage\"},\"articleSection\":\"Aktualno\\u015bci\"},{\"@type\":\"BreadcrumbList\",\"@id\":\"https:\\\/\\\/tuplice.pl\\\/index.php\\\/2017\\\/10\\\/02\\\/pelno-spraw-dla-niepelnosprawnych-w-gorzow-wlkp\\\/#breadcrumblist\",\"itemListElement\":[{\"@type\":\"ListItem\",\"@id\":\"https:\\\/\\\/tuplice.pl#listItem\",\"position\":1,\"name\":\"Home\",\"item\":\"https:\\\/\\\/tuplice.pl\",\"nextItem\":{\"@type\":\"ListItem\",\"@id\":\"https:\\\/\\\/tuplice.pl\\\/index.php\\\/category\\\/aktualnosci\\\/#listItem\",\"name\":\"Aktualno\\u015bci\"}},{\"@type\":\"ListItem\",\"@id\":\"https:\\\/\\\/tuplice.pl\\\/index.php\\\/category\\\/aktualnosci\\\/#listItem\",\"position\":2,\"name\":\"Aktualno\\u015bci\",\"item\":\"https:\\\/\\\/tuplice.pl\\\/index.php\\\/category\\\/aktualnosci\\\/\",\"nextItem\":{\"@type\":\"ListItem\",\"@id\":\"https:\\\/\\\/tuplice.pl\\\/index.php\\\/2017\\\/10\\\/02\\\/pelno-spraw-dla-niepelnosprawnych-w-gorzow-wlkp\\\/#listItem\",\"name\":\"\\u201ePe\\u0142no spraw dla niepe\\u0142nosprawnych\\u201d w Gorz\\u00f3w Wlkp.\"},\"previousItem\":{\"@type\":\"ListItem\",\"@id\":\"https:\\\/\\\/tuplice.pl#listItem\",\"name\":\"Home\"}},{\"@type\":\"ListItem\",\"@id\":\"https:\\\/\\\/tuplice.pl\\\/index.php\\\/2017\\\/10\\\/02\\\/pelno-spraw-dla-niepelnosprawnych-w-gorzow-wlkp\\\/#listItem\",\"position\":3,\"name\":\"\\u201ePe\\u0142no spraw dla niepe\\u0142nosprawnych\\u201d w Gorz\\u00f3w Wlkp.\",\"previousItem\":{\"@type\":\"ListItem\",\"@id\":\"https:\\\/\\\/tuplice.pl\\\/index.php\\\/category\\\/aktualnosci\\\/#listItem\",\"name\":\"Aktualno\\u015bci\"}}]},{\"@type\":\"Organization\",\"@id\":\"https:\\\/\\\/tuplice.pl\\\/#organization\",\"name\":\"Gmina Tuplice Gmina Tuplice\",\"description\":\"Strona Gminy Tuplice Strona Urz\\u0119du Gminy Tuplice\",\"url\":\"https:\\\/\\\/tuplice.pl\\\/\",\"telephone\":\"+48683625720\",\"logo\":{\"@type\":\"ImageObject\",\"url\":\"https:\\\/\\\/tuplice.pl\\\/wp-content\\\/uploads\\\/2025\\\/07\\\/images.png\",\"@id\":\"https:\\\/\\\/tuplice.pl\\\/index.php\\\/2017\\\/10\\\/02\\\/pelno-spraw-dla-niepelnosprawnych-w-gorzow-wlkp\\\/#organizationLogo\",\"width\":282,\"height\":179},\"image\":{\"@id\":\"https:\\\/\\\/tuplice.pl\\\/index.php\\\/2017\\\/10\\\/02\\\/pelno-spraw-dla-niepelnosprawnych-w-gorzow-wlkp\\\/#organizationLogo\"},\"sameAs\":[\"https:\\\/\\\/facebook.com\\\/Tuplicki Biuletyn Informacyjny\",\"https:\\\/\\\/pinterest.com\\\/Tuplicki Biuletyn Informacyjny\",\"https:\\\/\\\/youtube.com\\\/Tuplicki Biuletyn Informacyjny\"]},{\"@type\":\"Person\",\"@id\":\"https:\\\/\\\/tuplice.pl\\\/index.php\\\/author\\\/admin-2\\\/#author\",\"url\":\"https:\\\/\\\/tuplice.pl\\\/index.php\\\/author\\\/admin-2\\\/\",\"name\":\"admin\",\"image\":{\"@type\":\"ImageObject\",\"@id\":\"https:\\\/\\\/tuplice.pl\\\/index.php\\\/2017\\\/10\\\/02\\\/pelno-spraw-dla-niepelnosprawnych-w-gorzow-wlkp\\\/#authorImage\",\"url\":\"https:\\\/\\\/secure.gravatar.com\\\/avatar\\\/8a55bb0a6c2b7d7d608f6e5c7d99e391?s=96&d=mm&r=g\",\"width\":96,\"height\":96,\"caption\":\"admin\"}},{\"@type\":\"WebPage\",\"@id\":\"https:\\\/\\\/tuplice.pl\\\/index.php\\\/2017\\\/10\\\/02\\\/pelno-spraw-dla-niepelnosprawnych-w-gorzow-wlkp\\\/#webpage\",\"url\":\"https:\\\/\\\/tuplice.pl\\\/index.php\\\/2017\\\/10\\\/02\\\/pelno-spraw-dla-niepelnosprawnych-w-gorzow-wlkp\\\/\",\"name\":\"\\u201ePe\\u0142no spraw dla niepe\\u0142nosprawnych\\u201d w Gorz\\u00f3w Wlkp. - Gmina Tuplice\",\"description\":\"Lokalny Punkt Informacyjny Funduszy Europejskich w Gorzowie Wlkp., dzia\\u0142aj\\u0105cy w Urz\\u0119dzie Marsza\\u0142kowskim Wojew\\u00f3dztwa Lubuskiego, zaprasza na spotkanie informacyjne z cyklu \\u201ePe\\u0142no spraw dla niepe\\u0142nosprawnych\\u201d, kt\\u00f3re odb\\u0119dzie si\\u0119 11 pa\\u017adziernika 2017 r. w godzinach 10:00 \\u2013 13:00 w Gorzowie Wlkp.O spotkaniuPodczas spotkania przekazane zostan\\u0105 informacje dotycz\\u0105ce mo\\u017cliwo\\u015bci pozyskania \\u015brodk\\u00f3w m.in. na: za\\u0142o\\u017cenie dzia\\u0142alno\\u015bci gospodarczej, odbycie sta\\u017c\\u00f3w, doposa\\u017cenia\",\"inLanguage\":\"pl-PL\",\"isPartOf\":{\"@id\":\"https:\\\/\\\/tuplice.pl\\\/#website\"},\"breadcrumb\":{\"@id\":\"https:\\\/\\\/tuplice.pl\\\/index.php\\\/2017\\\/10\\\/02\\\/pelno-spraw-dla-niepelnosprawnych-w-gorzow-wlkp\\\/#breadcrumblist\"},\"author\":{\"@id\":\"https:\\\/\\\/tuplice.pl\\\/index.php\\\/author\\\/admin-2\\\/#author\"},\"creator\":{\"@id\":\"https:\\\/\\\/tuplice.pl\\\/index.php\\\/author\\\/admin-2\\\/#author\"},\"image\":{\"@type\":\"ImageObject\",\"url\":1785,\"@id\":\"https:\\\/\\\/tuplice.pl\\\/index.php\\\/2017\\\/10\\\/02\\\/pelno-spraw-dla-niepelnosprawnych-w-gorzow-wlkp\\\/#mainImage\"},\"primaryImageOfPage\":{\"@id\":\"https:\\\/\\\/tuplice.pl\\\/index.php\\\/2017\\\/10\\\/02\\\/pelno-spraw-dla-niepelnosprawnych-w-gorzow-wlkp\\\/#mainImage\"},\"datePublished\":\"2017-10-02T06:34:33+02:00\",\"dateModified\":\"2017-10-02T06:34:33+02:00\"},{\"@type\":\"WebSite\",\"@id\":\"https:\\\/\\\/tuplice.pl\\\/#website\",\"url\":\"https:\\\/\\\/tuplice.pl\\\/\",\"name\":\"Gmina Tuplice\",\"description\":\"Strona Gminy Tuplice\",\"inLanguage\":\"pl-PL\",\"publisher\":{\"@id\":\"https:\\\/\\\/tuplice.pl\\\/#organization\"}}]}\n\t\t<\/script>\n\t\t<!-- All in One SEO -->\n\n","aioseo_head_json":{"title":"\u201ePe\u0142no spraw dla niepe\u0142nosprawnych\u201d w Gorz\u00f3w Wlkp. - Gmina Tuplice","description":"Lokalny Punkt Informacyjny Funduszy Europejskich w Gorzowie Wlkp., dzia\u0142aj\u0105cy w Urz\u0119dzie Marsza\u0142kowskim Wojew\u00f3dztwa Lubuskiego, zaprasza na spotkanie informacyjne z cyklu \u201ePe\u0142no spraw dla niepe\u0142nosprawnych\u201d, kt\u00f3re odb\u0119dzie si\u0119 11 pa\u017adziernika 2017 r. w godzinach 10:00 \u2013 13:00 w Gorzowie Wlkp.O spotkaniuPodczas spotkania przekazane zostan\u0105 informacje dotycz\u0105ce mo\u017cliwo\u015bci pozyskania \u015brodk\u00f3w m.in. na: za\u0142o\u017cenie dzia\u0142alno\u015bci gospodarczej, odbycie sta\u017c\u00f3w, doposa\u017cenia","canonical_url":"https:\/\/tuplice.pl\/index.php\/2017\/10\/02\/pelno-spraw-dla-niepelnosprawnych-w-gorzow-wlkp\/","robots":"max-image-preview:large","keywords":"","webmasterTools":{"miscellaneous":""},"schema":{"@context":"https:\/\/schema.org","@graph":[{"@type":"BlogPosting","@id":"https:\/\/tuplice.pl\/index.php\/2017\/10\/02\/pelno-spraw-dla-niepelnosprawnych-w-gorzow-wlkp\/#blogposting","name":"\u201ePe\u0142no spraw dla niepe\u0142nosprawnych\u201d w Gorz\u00f3w Wlkp. - Gmina Tuplice","headline":"\u201ePe\u0142no spraw dla niepe\u0142nosprawnych\u201d w Gorz\u00f3w Wlkp.","author":{"@id":"https:\/\/tuplice.pl\/index.php\/author\/admin-2\/#author"},"publisher":{"@id":"https:\/\/tuplice.pl\/#organization"},"image":{"@type":"ImageObject","url":1785},"datePublished":"2017-10-02T06:34:33+02:00","dateModified":"2017-10-02T06:34:33+02:00","inLanguage":"pl-PL","mainEntityOfPage":{"@id":"https:\/\/tuplice.pl\/index.php\/2017\/10\/02\/pelno-spraw-dla-niepelnosprawnych-w-gorzow-wlkp\/#webpage"},"isPartOf":{"@id":"https:\/\/tuplice.pl\/index.php\/2017\/10\/02\/pelno-spraw-dla-niepelnosprawnych-w-gorzow-wlkp\/#webpage"},"articleSection":"Aktualno\u015bci"},{"@type":"BreadcrumbList","@id":"https:\/\/tuplice.pl\/index.php\/2017\/10\/02\/pelno-spraw-dla-niepelnosprawnych-w-gorzow-wlkp\/#breadcrumblist","itemListElement":[{"@type":"ListItem","@id":"https:\/\/tuplice.pl#listItem","position":1,"name":"Home","item":"https:\/\/tuplice.pl","nextItem":{"@type":"ListItem","@id":"https:\/\/tuplice.pl\/index.php\/category\/aktualnosci\/#listItem","name":"Aktualno\u015bci"}},{"@type":"ListItem","@id":"https:\/\/tuplice.pl\/index.php\/category\/aktualnosci\/#listItem","position":2,"name":"Aktualno\u015bci","item":"https:\/\/tuplice.pl\/index.php\/category\/aktualnosci\/","nextItem":{"@type":"ListItem","@id":"https:\/\/tuplice.pl\/index.php\/2017\/10\/02\/pelno-spraw-dla-niepelnosprawnych-w-gorzow-wlkp\/#listItem","name":"\u201ePe\u0142no spraw dla niepe\u0142nosprawnych\u201d w Gorz\u00f3w Wlkp."},"previousItem":{"@type":"ListItem","@id":"https:\/\/tuplice.pl#listItem","name":"Home"}},{"@type":"ListItem","@id":"https:\/\/tuplice.pl\/index.php\/2017\/10\/02\/pelno-spraw-dla-niepelnosprawnych-w-gorzow-wlkp\/#listItem","position":3,"name":"\u201ePe\u0142no spraw dla niepe\u0142nosprawnych\u201d w Gorz\u00f3w Wlkp.","previousItem":{"@type":"ListItem","@id":"https:\/\/tuplice.pl\/index.php\/category\/aktualnosci\/#listItem","name":"Aktualno\u015bci"}}]},{"@type":"Organization","@id":"https:\/\/tuplice.pl\/#organization","name":"Gmina Tuplice Gmina Tuplice","description":"Strona Gminy Tuplice Strona Urz\u0119du Gminy Tuplice","url":"https:\/\/tuplice.pl\/","telephone":"+48683625720","logo":{"@type":"ImageObject","url":"https:\/\/tuplice.pl\/wp-content\/uploads\/2025\/07\/images.png","@id":"https:\/\/tuplice.pl\/index.php\/2017\/10\/02\/pelno-spraw-dla-niepelnosprawnych-w-gorzow-wlkp\/#organizationLogo","width":282,"height":179},"image":{"@id":"https:\/\/tuplice.pl\/index.php\/2017\/10\/02\/pelno-spraw-dla-niepelnosprawnych-w-gorzow-wlkp\/#organizationLogo"},"sameAs":["https:\/\/facebook.com\/Tuplicki Biuletyn Informacyjny","https:\/\/pinterest.com\/Tuplicki Biuletyn Informacyjny","https:\/\/youtube.com\/Tuplicki Biuletyn Informacyjny"]},{"@type":"Person","@id":"https:\/\/tuplice.pl\/index.php\/author\/admin-2\/#author","url":"https:\/\/tuplice.pl\/index.php\/author\/admin-2\/","name":"admin","image":{"@type":"ImageObject","@id":"https:\/\/tuplice.pl\/index.php\/2017\/10\/02\/pelno-spraw-dla-niepelnosprawnych-w-gorzow-wlkp\/#authorImage","url":"https:\/\/secure.gravatar.com\/avatar\/8a55bb0a6c2b7d7d608f6e5c7d99e391?s=96&d=mm&r=g","width":96,"height":96,"caption":"admin"}},{"@type":"WebPage","@id":"https:\/\/tuplice.pl\/index.php\/2017\/10\/02\/pelno-spraw-dla-niepelnosprawnych-w-gorzow-wlkp\/#webpage","url":"https:\/\/tuplice.pl\/index.php\/2017\/10\/02\/pelno-spraw-dla-niepelnosprawnych-w-gorzow-wlkp\/","name":"\u201ePe\u0142no spraw dla niepe\u0142nosprawnych\u201d w Gorz\u00f3w Wlkp. - Gmina Tuplice","description":"Lokalny Punkt Informacyjny Funduszy Europejskich w Gorzowie Wlkp., dzia\u0142aj\u0105cy w Urz\u0119dzie Marsza\u0142kowskim Wojew\u00f3dztwa Lubuskiego, zaprasza na spotkanie informacyjne z cyklu \u201ePe\u0142no spraw dla niepe\u0142nosprawnych\u201d, kt\u00f3re odb\u0119dzie si\u0119 11 pa\u017adziernika 2017 r. w godzinach 10:00 \u2013 13:00 w Gorzowie Wlkp.O spotkaniuPodczas spotkania przekazane zostan\u0105 informacje dotycz\u0105ce mo\u017cliwo\u015bci pozyskania \u015brodk\u00f3w m.in. na: za\u0142o\u017cenie dzia\u0142alno\u015bci gospodarczej, odbycie sta\u017c\u00f3w, doposa\u017cenia","inLanguage":"pl-PL","isPartOf":{"@id":"https:\/\/tuplice.pl\/#website"},"breadcrumb":{"@id":"https:\/\/tuplice.pl\/index.php\/2017\/10\/02\/pelno-spraw-dla-niepelnosprawnych-w-gorzow-wlkp\/#breadcrumblist"},"author":{"@id":"https:\/\/tuplice.pl\/index.php\/author\/admin-2\/#author"},"creator":{"@id":"https:\/\/tuplice.pl\/index.php\/author\/admin-2\/#author"},"image":{"@type":"ImageObject","url":1785,"@id":"https:\/\/tuplice.pl\/index.php\/2017\/10\/02\/pelno-spraw-dla-niepelnosprawnych-w-gorzow-wlkp\/#mainImage"},"primaryImageOfPage":{"@id":"https:\/\/tuplice.pl\/index.php\/2017\/10\/02\/pelno-spraw-dla-niepelnosprawnych-w-gorzow-wlkp\/#mainImage"},"datePublished":"2017-10-02T06:34:33+02:00","dateModified":"2017-10-02T06:34:33+02:00"},{"@type":"WebSite","@id":"https:\/\/tuplice.pl\/#website","url":"https:\/\/tuplice.pl\/","name":"Gmina Tuplice","description":"Strona Gminy Tuplice","inLanguage":"pl-PL","publisher":{"@id":"https:\/\/tuplice.pl\/#organization"}}]},"og:locale":"pl_PL","og:site_name":"Gmina Tuplice - Strona Gminy Tuplice","og:type":"article","og:title":"\u201ePe\u0142no spraw dla niepe\u0142nosprawnych\u201d w Gorz\u00f3w Wlkp. - Gmina Tuplice","og:description":"Lokalny Punkt Informacyjny Funduszy Europejskich w Gorzowie Wlkp., dzia\u0142aj\u0105cy w Urz\u0119dzie Marsza\u0142kowskim Wojew\u00f3dztwa Lubuskiego, zaprasza na spotkanie informacyjne z cyklu \u201ePe\u0142no spraw dla niepe\u0142nosprawnych\u201d, kt\u00f3re odb\u0119dzie si\u0119 11 pa\u017adziernika 2017 r. w godzinach 10:00 \u2013 13:00 w Gorzowie Wlkp.O spotkaniuPodczas spotkania przekazane zostan\u0105 informacje dotycz\u0105ce mo\u017cliwo\u015bci pozyskania \u015brodk\u00f3w m.in. na: za\u0142o\u017cenie dzia\u0142alno\u015bci gospodarczej, odbycie sta\u017c\u00f3w, doposa\u017cenia","og:url":"https:\/\/tuplice.pl\/index.php\/2017\/10\/02\/pelno-spraw-dla-niepelnosprawnych-w-gorzow-wlkp\/","article:published_time":"2017-10-02T04:34:33+00:00","article:modified_time":"2017-10-02T04:34:33+00:00","article:publisher":"https:\/\/facebook.com\/Tuplicki Biuletyn Informacyjny","twitter:card":"summary_large_image","twitter:title":"\u201ePe\u0142no spraw dla niepe\u0142nosprawnych\u201d w Gorz\u00f3w Wlkp. - Gmina Tuplice","twitter:description":"Lokalny Punkt Informacyjny Funduszy Europejskich w Gorzowie Wlkp., dzia\u0142aj\u0105cy w Urz\u0119dzie Marsza\u0142kowskim Wojew\u00f3dztwa Lubuskiego, zaprasza na spotkanie informacyjne z cyklu \u201ePe\u0142no spraw dla niepe\u0142nosprawnych\u201d, kt\u00f3re odb\u0119dzie si\u0119 11 pa\u017adziernika 2017 r. w godzinach 10:00 \u2013 13:00 w Gorzowie Wlkp.O spotkaniuPodczas spotkania przekazane zostan\u0105 informacje dotycz\u0105ce mo\u017cliwo\u015bci pozyskania \u015brodk\u00f3w m.in. na: za\u0142o\u017cenie dzia\u0142alno\u015bci gospodarczej, odbycie sta\u017c\u00f3w, doposa\u017cenia"},"aioseo_meta_data":{"post_id":"1786","title":null,"description":null,"keywords":null,"keyphrases":null,"primary_term":null,"canonical_url":null,"og_title":null,"og_description":null,"og_object_type":"default","og_image_type":"default","og_image_url":null,"og_image_width":null,"og_image_height":null,"og_image_custom_url":null,"og_image_custom_fields":null,"og_video":null,"og_custom_url":null,"og_article_section":null,"og_article_tags":null,"twitter_use_og":false,"twitter_card":"default","twitter_image_type":"default","twitter_image_url":null,"twitter_image_custom_url":null,"twitter_image_custom_fields":null,"twitter_title":null,"twitter_description":null,"schema":{"blockGraphs":[],"customGraphs":[],"default":{"data":{"Article":[],"Course":[],"Dataset":[],"FAQPage":[],"Movie":[],"Person":[],"Product":[],"ProductReview":[],"Car":[],"Recipe":[],"Service":[],"SoftwareApplication":[],"WebPage":[]},"graphName":"","isEnabled":true},"graphs":[]},"schema_type":"default","schema_type_options":null,"pillar_content":false,"robots_default":true,"robots_noindex":false,"robots_noarchive":false,"robots_nosnippet":false,"robots_nofollow":false,"robots_noimageindex":false,"robots_noodp":false,"robots_notranslate":false,"robots_max_snippet":null,"robots_max_videopreview":null,"robots_max_imagepreview":"large","priority":null,"frequency":null,"local_seo":null,"breadcrumb_settings":null,"limit_modified_date":false,"ai":null,"created":"2025-07-22 22:32:47","updated":"2025-07-22 22:32:47","seo_analyzer_scan_date":null},"aioseo_breadcrumb":"<div class=\"aioseo-breadcrumbs\"><span class=\"aioseo-breadcrumb\">\n\t\t\t<a href=\"https:\/\/tuplice.pl\" title=\"Home\">Home<\/a>\n\t\t<\/span><span class=\"aioseo-breadcrumb-separator\">&raquo;<\/span><span class=\"aioseo-breadcrumb\">\n\t\t\t<a href=\"https:\/\/tuplice.pl\/index.php\/category\/aktualnosci\/\" title=\"Aktualno\u015bci\">Aktualno\u015bci<\/a>\n\t\t<\/span><span class=\"aioseo-breadcrumb-separator\">&raquo;<\/span><span class=\"aioseo-breadcrumb\">\n\t\t\t\u201ePe\u0142no spraw dla niepe\u0142nosprawnych\u201d w Gorz\u00f3w Wlkp.\n\t\t<\/span><\/div>","aioseo_breadcrumb_json":[{"label":"Home","link":"https:\/\/tuplice.pl"},{"label":"Aktualno\u015bci","link":"https:\/\/tuplice.pl\/index.php\/category\/aktualnosci\/"},{"label":"\u201ePe\u0142no spraw dla niepe\u0142nosprawnych\u201d w Gorz\u00f3w Wlkp.","link":"https:\/\/tuplice.pl\/index.php\/2017\/10\/02\/pelno-spraw-dla-niepelnosprawnych-w-gorzow-wlkp\/"}],"a3_pvc":{"activated":false,"total_views":0,"today_views":0},"_links":{"self":[{"href":"https:\/\/tuplice.pl\/index.php\/wp-json\/wp\/v2\/posts\/1786"}],"collection":[{"href":"https:\/\/tuplice.pl\/index.php\/wp-json\/wp\/v2\/posts"}],"about":[{"href":"https:\/\/tuplice.pl\/index.php\/wp-json\/wp\/v2\/types\/post"}],"author":[{"embeddable":true,"href":"https:\/\/tuplice.pl\/index.php\/wp-json\/wp\/v2\/users\/4"}],"replies":[{"embeddable":true,"href":"https:\/\/tuplice.pl\/index.php\/wp-json\/wp\/v2\/comments?post=1786"}],"version-history":[{"count":0,"href":"https:\/\/tuplice.pl\/index.php\/wp-json\/wp\/v2\/posts\/1786\/revisions"}],"wp:featuredmedia":[{"embeddable":true,"href":"https:\/\/tuplice.pl\/index.php\/wp-json\/"}],"wp:attachment":[{"href":"https:\/\/tuplice.pl\/index.php\/wp-json\/wp\/v2\/media?parent=1786"}],"wp:term":[{"taxonomy":"category","embeddable":true,"href":"https:\/\/tuplice.pl\/index.php\/wp-json\/wp\/v2\/categories?post=1786"},{"taxonomy":"post_tag","embeddable":true,"href":"https:\/\/tuplice.pl\/index.php\/wp-json\/wp\/v2\/tags?post=1786"}],"curies":[{"name":"wp","href":"https:\/\/api.w.org\/{rel}","templated":true}]}}