{"id":1788,"date":"2017-09-11T11:27:12","date_gmt":"2017-09-11T09:27:12","guid":{"rendered":"https:\/\/tuplice.pl\/konkurs-na-tekst-prasowy-o-dzialalnosci-lgd-2\/"},"modified":"2017-09-11T11:27:12","modified_gmt":"2017-09-11T09:27:12","slug":"konkurs-na-tekst-prasowy-o-dzialalnosci-lgd-2","status":"publish","type":"post","link":"https:\/\/tuplice.pl\/index.php\/2017\/09\/11\/konkurs-na-tekst-prasowy-o-dzialalnosci-lgd-2\/","title":{"rendered":"KONKURS na tekst prasowy o dzia\u0142alno\u015bci LGD"},"content":{"rendered":"<p><a href=\"https:\/\/tuplice.pl\/wp-content\/uploads\/2017\/09\/plakat-KONKURS.jpg\" target=\"_blank\" rel=\"noopener noreferrer\"><img decoding=\"async\" loading=\"lazy\" class=\" alignleft size-full wp-image-1764\" src=\"https:\/\/tuplice.pl\/wp-content\/uploads\/2017\/09\/plakat-KONKURS.jpg\" border=\"0\" width=\"199\" height=\"282\" style=\"border: 0; float: left;\" \/><\/a> Zapraszamy do udzia\u0142u w konkursie na tekst prasowy, kt\u00f3ry b\u0119dzie promowa\u0142 dzia\u0142alno\u015b\u0107 Stowarzyszenia \u201eLokalna Grupa Dzia\u0142ania \u2013 Grupa \u0141u\u017cycka\u201d. Konkurs skierowany jest do mieszka\u0144c\u00f3w naszego obszaru, kt\u00f3rzy maj\u0105 minimum 12 lat. Prace konkursowe b\u0119d\u0105 rozpatrywane w dw\u00f3ch kategoriach wiekowych: 12 \u2013 18 lat oraz 18 +. Laureaci otrzymaj\u0105 atrakcyjne nagrody rzeczowe \ud83d\ude42 Termin sk\u0142adania prac up\u0142ywa 26 wrze\u015bnia 2017 roku o godzinie 16.00.<\/p>\n<p>regulamin konkursu oraz formularz zg\u0142oszeniowy dost\u0119pny po adresem<br \/><a href=\"http:\/\/www.grupaluzycka.pl\/\" target=\"_blank\" rel=\"noopener noreferrer\">http:\/\/www.grupaluzycka.pl\/<\/a><\/p>\n<p>\u00a0<\/p>\n","protected":false},"excerpt":{"rendered":"<p>Zapraszamy do udzia\u0142u w konkursie na tekst prasowy, kt\u00f3ry b\u0119dzie promowa\u0142 dzia\u0142alno\u015b\u0107 Stowarzyszenia \u201eLokalna Grupa Dzia\u0142ania \u2013 Grupa \u0141u\u017cycka\u201d. Konkurs skierowany jest do mieszka\u0144c\u00f3w naszego obszaru, kt\u00f3rzy maj\u0105 minimum 12 lat. Prace konkursowe b\u0119d\u0105 rozpatrywane w dw\u00f3ch kategoriach wiekowych: 12 \u2013 18 lat oraz 18 +. Laureaci otrzymaj\u0105 atrakcyjne nagrody rzeczowe \ud83d\ude42 Termin sk\u0142adania prac [&hellip;]<\/p>\n","protected":false},"author":4,"featured_media":1764,"comment_status":"closed","ping_status":"closed","sticky":false,"template":"","format":"standard","meta":{"_et_pb_use_builder":"","_et_pb_old_content":"","_et_gb_content_width":"","_monsterinsights_skip_tracking":false},"categories":[82],"tags":[],"aioseo_notices":[],"aioseo_head":"\n\t\t<!-- All in One SEO 4.9.10 - aioseo.com -->\n\t<meta name=\"description\" content=\"Zapraszamy do udzia\u0142u w konkursie na tekst prasowy, kt\u00f3ry b\u0119dzie promowa\u0142 dzia\u0142alno\u015b\u0107 Stowarzyszenia \u201eLokalna Grupa Dzia\u0142ania \u2013 Grupa \u0141u\u017cycka\u201d. Konkurs skierowany jest do mieszka\u0144c\u00f3w naszego obszaru, kt\u00f3rzy maj\u0105 minimum 12 lat. Prace konkursowe b\u0119d\u0105 rozpatrywane w dw\u00f3ch kategoriach wiekowych: 12 \u2013 18 lat oraz 18 +. Laureaci otrzymaj\u0105 atrakcyjne nagrody rzeczowe :) Termin sk\u0142adania prac\" \/>\n\t<meta name=\"robots\" content=\"max-image-preview:large\" \/>\n\t<meta name=\"author\" content=\"admin\"\/>\n\t<link rel=\"canonical\" href=\"https:\/\/tuplice.pl\/index.php\/2017\/09\/11\/konkurs-na-tekst-prasowy-o-dzialalnosci-lgd-2\/\" \/>\n\t<meta name=\"generator\" content=\"All in One SEO (AIOSEO) 4.9.10\" \/>\n\t\t<meta property=\"og:locale\" content=\"pl_PL\" \/>\n\t\t<meta property=\"og:site_name\" content=\"Gmina Tuplice - Strona Gminy Tuplice\" \/>\n\t\t<meta property=\"og:type\" content=\"article\" \/>\n\t\t<meta property=\"og:title\" content=\"KONKURS na tekst prasowy o dzia\u0142alno\u015bci LGD - Gmina Tuplice\" \/>\n\t\t<meta property=\"og:description\" content=\"Zapraszamy do udzia\u0142u w konkursie na tekst prasowy, kt\u00f3ry b\u0119dzie promowa\u0142 dzia\u0142alno\u015b\u0107 Stowarzyszenia \u201eLokalna Grupa Dzia\u0142ania \u2013 Grupa \u0141u\u017cycka\u201d. Konkurs skierowany jest do mieszka\u0144c\u00f3w naszego obszaru, kt\u00f3rzy maj\u0105 minimum 12 lat. Prace konkursowe b\u0119d\u0105 rozpatrywane w dw\u00f3ch kategoriach wiekowych: 12 \u2013 18 lat oraz 18 +. Laureaci otrzymaj\u0105 atrakcyjne nagrody rzeczowe :) Termin sk\u0142adania prac\" \/>\n\t\t<meta property=\"og:url\" content=\"https:\/\/tuplice.pl\/index.php\/2017\/09\/11\/konkurs-na-tekst-prasowy-o-dzialalnosci-lgd-2\/\" \/>\n\t\t<meta property=\"article:published_time\" content=\"2017-09-11T09:27:12+00:00\" \/>\n\t\t<meta property=\"article:modified_time\" content=\"2017-09-11T09:27:12+00:00\" \/>\n\t\t<meta property=\"article:publisher\" content=\"https:\/\/facebook.com\/Tuplicki Biuletyn Informacyjny\" \/>\n\t\t<meta name=\"twitter:card\" content=\"summary_large_image\" \/>\n\t\t<meta name=\"twitter:title\" content=\"KONKURS na tekst prasowy o dzia\u0142alno\u015bci LGD - Gmina Tuplice\" \/>\n\t\t<meta name=\"twitter:description\" content=\"Zapraszamy do udzia\u0142u w konkursie na tekst prasowy, kt\u00f3ry b\u0119dzie promowa\u0142 dzia\u0142alno\u015b\u0107 Stowarzyszenia \u201eLokalna Grupa Dzia\u0142ania \u2013 Grupa \u0141u\u017cycka\u201d. Konkurs skierowany jest do mieszka\u0144c\u00f3w naszego obszaru, kt\u00f3rzy maj\u0105 minimum 12 lat. Prace konkursowe b\u0119d\u0105 rozpatrywane w dw\u00f3ch kategoriach wiekowych: 12 \u2013 18 lat oraz 18 +. Laureaci otrzymaj\u0105 atrakcyjne nagrody rzeczowe :) Termin sk\u0142adania prac\" \/>\n\t\t<script type=\"application\/ld+json\" class=\"aioseo-schema\">\n\t\t\t{\"@context\":\"https:\\\/\\\/schema.org\",\"@graph\":[{\"@type\":\"BlogPosting\",\"@id\":\"https:\\\/\\\/tuplice.pl\\\/index.php\\\/2017\\\/09\\\/11\\\/konkurs-na-tekst-prasowy-o-dzialalnosci-lgd-2\\\/#blogposting\",\"name\":\"KONKURS na tekst prasowy o dzia\\u0142alno\\u015bci LGD - Gmina Tuplice\",\"headline\":\"KONKURS na tekst prasowy o dzia\\u0142alno\\u015bci LGD\",\"author\":{\"@id\":\"https:\\\/\\\/tuplice.pl\\\/index.php\\\/author\\\/admin-2\\\/#author\"},\"publisher\":{\"@id\":\"https:\\\/\\\/tuplice.pl\\\/#organization\"},\"image\":{\"@type\":\"ImageObject\",\"url\":1764},\"datePublished\":\"2017-09-11T11:27:12+02:00\",\"dateModified\":\"2017-09-11T11:27:12+02:00\",\"inLanguage\":\"pl-PL\",\"mainEntityOfPage\":{\"@id\":\"https:\\\/\\\/tuplice.pl\\\/index.php\\\/2017\\\/09\\\/11\\\/konkurs-na-tekst-prasowy-o-dzialalnosci-lgd-2\\\/#webpage\"},\"isPartOf\":{\"@id\":\"https:\\\/\\\/tuplice.pl\\\/index.php\\\/2017\\\/09\\\/11\\\/konkurs-na-tekst-prasowy-o-dzialalnosci-lgd-2\\\/#webpage\"},\"articleSection\":\"Aktualno\\u015bci\"},{\"@type\":\"BreadcrumbList\",\"@id\":\"https:\\\/\\\/tuplice.pl\\\/index.php\\\/2017\\\/09\\\/11\\\/konkurs-na-tekst-prasowy-o-dzialalnosci-lgd-2\\\/#breadcrumblist\",\"itemListElement\":[{\"@type\":\"ListItem\",\"@id\":\"https:\\\/\\\/tuplice.pl#listItem\",\"position\":1,\"name\":\"Home\",\"item\":\"https:\\\/\\\/tuplice.pl\",\"nextItem\":{\"@type\":\"ListItem\",\"@id\":\"https:\\\/\\\/tuplice.pl\\\/index.php\\\/category\\\/aktualnosci\\\/#listItem\",\"name\":\"Aktualno\\u015bci\"}},{\"@type\":\"ListItem\",\"@id\":\"https:\\\/\\\/tuplice.pl\\\/index.php\\\/category\\\/aktualnosci\\\/#listItem\",\"position\":2,\"name\":\"Aktualno\\u015bci\",\"item\":\"https:\\\/\\\/tuplice.pl\\\/index.php\\\/category\\\/aktualnosci\\\/\",\"nextItem\":{\"@type\":\"ListItem\",\"@id\":\"https:\\\/\\\/tuplice.pl\\\/index.php\\\/2017\\\/09\\\/11\\\/konkurs-na-tekst-prasowy-o-dzialalnosci-lgd-2\\\/#listItem\",\"name\":\"KONKURS na tekst prasowy o dzia\\u0142alno\\u015bci LGD\"},\"previousItem\":{\"@type\":\"ListItem\",\"@id\":\"https:\\\/\\\/tuplice.pl#listItem\",\"name\":\"Home\"}},{\"@type\":\"ListItem\",\"@id\":\"https:\\\/\\\/tuplice.pl\\\/index.php\\\/2017\\\/09\\\/11\\\/konkurs-na-tekst-prasowy-o-dzialalnosci-lgd-2\\\/#listItem\",\"position\":3,\"name\":\"KONKURS na tekst prasowy o dzia\\u0142alno\\u015bci LGD\",\"previousItem\":{\"@type\":\"ListItem\",\"@id\":\"https:\\\/\\\/tuplice.pl\\\/index.php\\\/category\\\/aktualnosci\\\/#listItem\",\"name\":\"Aktualno\\u015bci\"}}]},{\"@type\":\"Organization\",\"@id\":\"https:\\\/\\\/tuplice.pl\\\/#organization\",\"name\":\"Gmina Tuplice Gmina Tuplice\",\"description\":\"Strona Gminy Tuplice Strona Urz\\u0119du Gminy Tuplice\",\"url\":\"https:\\\/\\\/tuplice.pl\\\/\",\"telephone\":\"+48683625720\",\"logo\":{\"@type\":\"ImageObject\",\"url\":\"https:\\\/\\\/tuplice.pl\\\/wp-content\\\/uploads\\\/2025\\\/07\\\/images.png\",\"@id\":\"https:\\\/\\\/tuplice.pl\\\/index.php\\\/2017\\\/09\\\/11\\\/konkurs-na-tekst-prasowy-o-dzialalnosci-lgd-2\\\/#organizationLogo\",\"width\":282,\"height\":179},\"image\":{\"@id\":\"https:\\\/\\\/tuplice.pl\\\/index.php\\\/2017\\\/09\\\/11\\\/konkurs-na-tekst-prasowy-o-dzialalnosci-lgd-2\\\/#organizationLogo\"},\"sameAs\":[\"https:\\\/\\\/facebook.com\\\/Tuplicki Biuletyn Informacyjny\",\"https:\\\/\\\/pinterest.com\\\/Tuplicki Biuletyn Informacyjny\",\"https:\\\/\\\/youtube.com\\\/Tuplicki Biuletyn Informacyjny\"]},{\"@type\":\"Person\",\"@id\":\"https:\\\/\\\/tuplice.pl\\\/index.php\\\/author\\\/admin-2\\\/#author\",\"url\":\"https:\\\/\\\/tuplice.pl\\\/index.php\\\/author\\\/admin-2\\\/\",\"name\":\"admin\",\"image\":{\"@type\":\"ImageObject\",\"@id\":\"https:\\\/\\\/tuplice.pl\\\/index.php\\\/2017\\\/09\\\/11\\\/konkurs-na-tekst-prasowy-o-dzialalnosci-lgd-2\\\/#authorImage\",\"url\":\"https:\\\/\\\/secure.gravatar.com\\\/avatar\\\/8a55bb0a6c2b7d7d608f6e5c7d99e391?s=96&d=mm&r=g\",\"width\":96,\"height\":96,\"caption\":\"admin\"}},{\"@type\":\"WebPage\",\"@id\":\"https:\\\/\\\/tuplice.pl\\\/index.php\\\/2017\\\/09\\\/11\\\/konkurs-na-tekst-prasowy-o-dzialalnosci-lgd-2\\\/#webpage\",\"url\":\"https:\\\/\\\/tuplice.pl\\\/index.php\\\/2017\\\/09\\\/11\\\/konkurs-na-tekst-prasowy-o-dzialalnosci-lgd-2\\\/\",\"name\":\"KONKURS na tekst prasowy o dzia\\u0142alno\\u015bci LGD - Gmina Tuplice\",\"description\":\"Zapraszamy do udzia\\u0142u w konkursie na tekst prasowy, kt\\u00f3ry b\\u0119dzie promowa\\u0142 dzia\\u0142alno\\u015b\\u0107 Stowarzyszenia \\u201eLokalna Grupa Dzia\\u0142ania \\u2013 Grupa \\u0141u\\u017cycka\\u201d. Konkurs skierowany jest do mieszka\\u0144c\\u00f3w naszego obszaru, kt\\u00f3rzy maj\\u0105 minimum 12 lat. Prace konkursowe b\\u0119d\\u0105 rozpatrywane w dw\\u00f3ch kategoriach wiekowych: 12 \\u2013 18 lat oraz 18 +. Laureaci otrzymaj\\u0105 atrakcyjne nagrody rzeczowe :) Termin sk\\u0142adania prac\",\"inLanguage\":\"pl-PL\",\"isPartOf\":{\"@id\":\"https:\\\/\\\/tuplice.pl\\\/#website\"},\"breadcrumb\":{\"@id\":\"https:\\\/\\\/tuplice.pl\\\/index.php\\\/2017\\\/09\\\/11\\\/konkurs-na-tekst-prasowy-o-dzialalnosci-lgd-2\\\/#breadcrumblist\"},\"author\":{\"@id\":\"https:\\\/\\\/tuplice.pl\\\/index.php\\\/author\\\/admin-2\\\/#author\"},\"creator\":{\"@id\":\"https:\\\/\\\/tuplice.pl\\\/index.php\\\/author\\\/admin-2\\\/#author\"},\"image\":{\"@type\":\"ImageObject\",\"url\":1764,\"@id\":\"https:\\\/\\\/tuplice.pl\\\/index.php\\\/2017\\\/09\\\/11\\\/konkurs-na-tekst-prasowy-o-dzialalnosci-lgd-2\\\/#mainImage\"},\"primaryImageOfPage\":{\"@id\":\"https:\\\/\\\/tuplice.pl\\\/index.php\\\/2017\\\/09\\\/11\\\/konkurs-na-tekst-prasowy-o-dzialalnosci-lgd-2\\\/#mainImage\"},\"datePublished\":\"2017-09-11T11:27:12+02:00\",\"dateModified\":\"2017-09-11T11:27:12+02:00\"},{\"@type\":\"WebSite\",\"@id\":\"https:\\\/\\\/tuplice.pl\\\/#website\",\"url\":\"https:\\\/\\\/tuplice.pl\\\/\",\"name\":\"Gmina Tuplice\",\"description\":\"Strona Gminy Tuplice\",\"inLanguage\":\"pl-PL\",\"publisher\":{\"@id\":\"https:\\\/\\\/tuplice.pl\\\/#organization\"}}]}\n\t\t<\/script>\n\t\t<!-- All in One SEO -->\n\n","aioseo_head_json":{"title":"KONKURS na tekst prasowy o dzia\u0142alno\u015bci LGD - Gmina Tuplice","description":"Zapraszamy do udzia\u0142u w konkursie na tekst prasowy, kt\u00f3ry b\u0119dzie promowa\u0142 dzia\u0142alno\u015b\u0107 Stowarzyszenia \u201eLokalna Grupa Dzia\u0142ania \u2013 Grupa \u0141u\u017cycka\u201d. Konkurs skierowany jest do mieszka\u0144c\u00f3w naszego obszaru, kt\u00f3rzy maj\u0105 minimum 12 lat. Prace konkursowe b\u0119d\u0105 rozpatrywane w dw\u00f3ch kategoriach wiekowych: 12 \u2013 18 lat oraz 18 +. Laureaci otrzymaj\u0105 atrakcyjne nagrody rzeczowe :) Termin sk\u0142adania prac","canonical_url":"https:\/\/tuplice.pl\/index.php\/2017\/09\/11\/konkurs-na-tekst-prasowy-o-dzialalnosci-lgd-2\/","robots":"max-image-preview:large","keywords":"","webmasterTools":{"miscellaneous":""},"schema":{"@context":"https:\/\/schema.org","@graph":[{"@type":"BlogPosting","@id":"https:\/\/tuplice.pl\/index.php\/2017\/09\/11\/konkurs-na-tekst-prasowy-o-dzialalnosci-lgd-2\/#blogposting","name":"KONKURS na tekst prasowy o dzia\u0142alno\u015bci LGD - Gmina Tuplice","headline":"KONKURS na tekst prasowy o dzia\u0142alno\u015bci LGD","author":{"@id":"https:\/\/tuplice.pl\/index.php\/author\/admin-2\/#author"},"publisher":{"@id":"https:\/\/tuplice.pl\/#organization"},"image":{"@type":"ImageObject","url":1764},"datePublished":"2017-09-11T11:27:12+02:00","dateModified":"2017-09-11T11:27:12+02:00","inLanguage":"pl-PL","mainEntityOfPage":{"@id":"https:\/\/tuplice.pl\/index.php\/2017\/09\/11\/konkurs-na-tekst-prasowy-o-dzialalnosci-lgd-2\/#webpage"},"isPartOf":{"@id":"https:\/\/tuplice.pl\/index.php\/2017\/09\/11\/konkurs-na-tekst-prasowy-o-dzialalnosci-lgd-2\/#webpage"},"articleSection":"Aktualno\u015bci"},{"@type":"BreadcrumbList","@id":"https:\/\/tuplice.pl\/index.php\/2017\/09\/11\/konkurs-na-tekst-prasowy-o-dzialalnosci-lgd-2\/#breadcrumblist","itemListElement":[{"@type":"ListItem","@id":"https:\/\/tuplice.pl#listItem","position":1,"name":"Home","item":"https:\/\/tuplice.pl","nextItem":{"@type":"ListItem","@id":"https:\/\/tuplice.pl\/index.php\/category\/aktualnosci\/#listItem","name":"Aktualno\u015bci"}},{"@type":"ListItem","@id":"https:\/\/tuplice.pl\/index.php\/category\/aktualnosci\/#listItem","position":2,"name":"Aktualno\u015bci","item":"https:\/\/tuplice.pl\/index.php\/category\/aktualnosci\/","nextItem":{"@type":"ListItem","@id":"https:\/\/tuplice.pl\/index.php\/2017\/09\/11\/konkurs-na-tekst-prasowy-o-dzialalnosci-lgd-2\/#listItem","name":"KONKURS na tekst prasowy o dzia\u0142alno\u015bci LGD"},"previousItem":{"@type":"ListItem","@id":"https:\/\/tuplice.pl#listItem","name":"Home"}},{"@type":"ListItem","@id":"https:\/\/tuplice.pl\/index.php\/2017\/09\/11\/konkurs-na-tekst-prasowy-o-dzialalnosci-lgd-2\/#listItem","position":3,"name":"KONKURS na tekst prasowy o dzia\u0142alno\u015bci LGD","previousItem":{"@type":"ListItem","@id":"https:\/\/tuplice.pl\/index.php\/category\/aktualnosci\/#listItem","name":"Aktualno\u015bci"}}]},{"@type":"Organization","@id":"https:\/\/tuplice.pl\/#organization","name":"Gmina Tuplice Gmina Tuplice","description":"Strona Gminy Tuplice Strona Urz\u0119du Gminy Tuplice","url":"https:\/\/tuplice.pl\/","telephone":"+48683625720","logo":{"@type":"ImageObject","url":"https:\/\/tuplice.pl\/wp-content\/uploads\/2025\/07\/images.png","@id":"https:\/\/tuplice.pl\/index.php\/2017\/09\/11\/konkurs-na-tekst-prasowy-o-dzialalnosci-lgd-2\/#organizationLogo","width":282,"height":179},"image":{"@id":"https:\/\/tuplice.pl\/index.php\/2017\/09\/11\/konkurs-na-tekst-prasowy-o-dzialalnosci-lgd-2\/#organizationLogo"},"sameAs":["https:\/\/facebook.com\/Tuplicki Biuletyn Informacyjny","https:\/\/pinterest.com\/Tuplicki Biuletyn Informacyjny","https:\/\/youtube.com\/Tuplicki Biuletyn Informacyjny"]},{"@type":"Person","@id":"https:\/\/tuplice.pl\/index.php\/author\/admin-2\/#author","url":"https:\/\/tuplice.pl\/index.php\/author\/admin-2\/","name":"admin","image":{"@type":"ImageObject","@id":"https:\/\/tuplice.pl\/index.php\/2017\/09\/11\/konkurs-na-tekst-prasowy-o-dzialalnosci-lgd-2\/#authorImage","url":"https:\/\/secure.gravatar.com\/avatar\/8a55bb0a6c2b7d7d608f6e5c7d99e391?s=96&d=mm&r=g","width":96,"height":96,"caption":"admin"}},{"@type":"WebPage","@id":"https:\/\/tuplice.pl\/index.php\/2017\/09\/11\/konkurs-na-tekst-prasowy-o-dzialalnosci-lgd-2\/#webpage","url":"https:\/\/tuplice.pl\/index.php\/2017\/09\/11\/konkurs-na-tekst-prasowy-o-dzialalnosci-lgd-2\/","name":"KONKURS na tekst prasowy o dzia\u0142alno\u015bci LGD - Gmina Tuplice","description":"Zapraszamy do udzia\u0142u w konkursie na tekst prasowy, kt\u00f3ry b\u0119dzie promowa\u0142 dzia\u0142alno\u015b\u0107 Stowarzyszenia \u201eLokalna Grupa Dzia\u0142ania \u2013 Grupa \u0141u\u017cycka\u201d. Konkurs skierowany jest do mieszka\u0144c\u00f3w naszego obszaru, kt\u00f3rzy maj\u0105 minimum 12 lat. Prace konkursowe b\u0119d\u0105 rozpatrywane w dw\u00f3ch kategoriach wiekowych: 12 \u2013 18 lat oraz 18 +. Laureaci otrzymaj\u0105 atrakcyjne nagrody rzeczowe :) Termin sk\u0142adania prac","inLanguage":"pl-PL","isPartOf":{"@id":"https:\/\/tuplice.pl\/#website"},"breadcrumb":{"@id":"https:\/\/tuplice.pl\/index.php\/2017\/09\/11\/konkurs-na-tekst-prasowy-o-dzialalnosci-lgd-2\/#breadcrumblist"},"author":{"@id":"https:\/\/tuplice.pl\/index.php\/author\/admin-2\/#author"},"creator":{"@id":"https:\/\/tuplice.pl\/index.php\/author\/admin-2\/#author"},"image":{"@type":"ImageObject","url":1764,"@id":"https:\/\/tuplice.pl\/index.php\/2017\/09\/11\/konkurs-na-tekst-prasowy-o-dzialalnosci-lgd-2\/#mainImage"},"primaryImageOfPage":{"@id":"https:\/\/tuplice.pl\/index.php\/2017\/09\/11\/konkurs-na-tekst-prasowy-o-dzialalnosci-lgd-2\/#mainImage"},"datePublished":"2017-09-11T11:27:12+02:00","dateModified":"2017-09-11T11:27:12+02:00"},{"@type":"WebSite","@id":"https:\/\/tuplice.pl\/#website","url":"https:\/\/tuplice.pl\/","name":"Gmina Tuplice","description":"Strona Gminy Tuplice","inLanguage":"pl-PL","publisher":{"@id":"https:\/\/tuplice.pl\/#organization"}}]},"og:locale":"pl_PL","og:site_name":"Gmina Tuplice - Strona Gminy Tuplice","og:type":"article","og:title":"KONKURS na tekst prasowy o dzia\u0142alno\u015bci LGD - Gmina Tuplice","og:description":"Zapraszamy do udzia\u0142u w konkursie na tekst prasowy, kt\u00f3ry b\u0119dzie promowa\u0142 dzia\u0142alno\u015b\u0107 Stowarzyszenia \u201eLokalna Grupa Dzia\u0142ania \u2013 Grupa \u0141u\u017cycka\u201d. Konkurs skierowany jest do mieszka\u0144c\u00f3w naszego obszaru, kt\u00f3rzy maj\u0105 minimum 12 lat. Prace konkursowe b\u0119d\u0105 rozpatrywane w dw\u00f3ch kategoriach wiekowych: 12 \u2013 18 lat oraz 18 +. Laureaci otrzymaj\u0105 atrakcyjne nagrody rzeczowe :) Termin sk\u0142adania prac","og:url":"https:\/\/tuplice.pl\/index.php\/2017\/09\/11\/konkurs-na-tekst-prasowy-o-dzialalnosci-lgd-2\/","article:published_time":"2017-09-11T09:27:12+00:00","article:modified_time":"2017-09-11T09:27:12+00:00","article:publisher":"https:\/\/facebook.com\/Tuplicki Biuletyn Informacyjny","twitter:card":"summary_large_image","twitter:title":"KONKURS na tekst prasowy o dzia\u0142alno\u015bci LGD - Gmina Tuplice","twitter:description":"Zapraszamy do udzia\u0142u w konkursie na tekst prasowy, kt\u00f3ry b\u0119dzie promowa\u0142 dzia\u0142alno\u015b\u0107 Stowarzyszenia \u201eLokalna Grupa Dzia\u0142ania \u2013 Grupa \u0141u\u017cycka\u201d. Konkurs skierowany jest do mieszka\u0144c\u00f3w naszego obszaru, kt\u00f3rzy maj\u0105 minimum 12 lat. Prace konkursowe b\u0119d\u0105 rozpatrywane w dw\u00f3ch kategoriach wiekowych: 12 \u2013 18 lat oraz 18 +. Laureaci otrzymaj\u0105 atrakcyjne nagrody rzeczowe :) Termin sk\u0142adania prac"},"aioseo_meta_data":{"post_id":"1788","title":null,"description":null,"keywords":null,"keyphrases":null,"primary_term":null,"canonical_url":null,"og_title":null,"og_description":null,"og_object_type":"default","og_image_type":"default","og_image_url":null,"og_image_width":null,"og_image_height":null,"og_image_custom_url":null,"og_image_custom_fields":null,"og_video":null,"og_custom_url":null,"og_article_section":null,"og_article_tags":null,"twitter_use_og":false,"twitter_card":"default","twitter_image_type":"default","twitter_image_url":null,"twitter_image_custom_url":null,"twitter_image_custom_fields":null,"twitter_title":null,"twitter_description":null,"schema":{"blockGraphs":[],"customGraphs":[],"default":{"data":{"Article":[],"Course":[],"Dataset":[],"FAQPage":[],"Movie":[],"Person":[],"Product":[],"ProductReview":[],"Car":[],"Recipe":[],"Service":[],"SoftwareApplication":[],"WebPage":[]},"graphName":"","isEnabled":true},"graphs":[]},"schema_type":"default","schema_type_options":null,"pillar_content":false,"robots_default":true,"robots_noindex":false,"robots_noarchive":false,"robots_nosnippet":false,"robots_nofollow":false,"robots_noimageindex":false,"robots_noodp":false,"robots_notranslate":false,"robots_max_snippet":null,"robots_max_videopreview":null,"robots_max_imagepreview":"large","priority":null,"frequency":null,"local_seo":null,"breadcrumb_settings":null,"limit_modified_date":false,"ai":null,"created":"2025-07-22 22:21:38","updated":"2025-07-22 22:21:38","seo_analyzer_scan_date":null},"aioseo_breadcrumb":"<div class=\"aioseo-breadcrumbs\"><span class=\"aioseo-breadcrumb\">\n\t\t\t<a href=\"https:\/\/tuplice.pl\" title=\"Home\">Home<\/a>\n\t\t<\/span><span class=\"aioseo-breadcrumb-separator\">&raquo;<\/span><span class=\"aioseo-breadcrumb\">\n\t\t\t<a href=\"https:\/\/tuplice.pl\/index.php\/category\/aktualnosci\/\" title=\"Aktualno\u015bci\">Aktualno\u015bci<\/a>\n\t\t<\/span><span class=\"aioseo-breadcrumb-separator\">&raquo;<\/span><span class=\"aioseo-breadcrumb\">\n\t\t\tKONKURS na tekst prasowy o dzia\u0142alno\u015bci LGD\n\t\t<\/span><\/div>","aioseo_breadcrumb_json":[{"label":"Home","link":"https:\/\/tuplice.pl"},{"label":"Aktualno\u015bci","link":"https:\/\/tuplice.pl\/index.php\/category\/aktualnosci\/"},{"label":"KONKURS na tekst prasowy o dzia\u0142alno\u015bci LGD","link":"https:\/\/tuplice.pl\/index.php\/2017\/09\/11\/konkurs-na-tekst-prasowy-o-dzialalnosci-lgd-2\/"}],"a3_pvc":{"activated":false,"total_views":0,"today_views":0},"_links":{"self":[{"href":"https:\/\/tuplice.pl\/index.php\/wp-json\/wp\/v2\/posts\/1788"}],"collection":[{"href":"https:\/\/tuplice.pl\/index.php\/wp-json\/wp\/v2\/posts"}],"about":[{"href":"https:\/\/tuplice.pl\/index.php\/wp-json\/wp\/v2\/types\/post"}],"author":[{"embeddable":true,"href":"https:\/\/tuplice.pl\/index.php\/wp-json\/wp\/v2\/users\/4"}],"replies":[{"embeddable":true,"href":"https:\/\/tuplice.pl\/index.php\/wp-json\/wp\/v2\/comments?post=1788"}],"version-history":[{"count":0,"href":"https:\/\/tuplice.pl\/index.php\/wp-json\/wp\/v2\/posts\/1788\/revisions"}],"wp:featuredmedia":[{"embeddable":true,"href":"https:\/\/tuplice.pl\/index.php\/wp-json\/"}],"wp:attachment":[{"href":"https:\/\/tuplice.pl\/index.php\/wp-json\/wp\/v2\/media?parent=1788"}],"wp:term":[{"taxonomy":"category","embeddable":true,"href":"https:\/\/tuplice.pl\/index.php\/wp-json\/wp\/v2\/categories?post=1788"},{"taxonomy":"post_tag","embeddable":true,"href":"https:\/\/tuplice.pl\/index.php\/wp-json\/wp\/v2\/tags?post=1788"}],"curies":[{"name":"wp","href":"https:\/\/api.w.org\/{rel}","templated":true}]}}