{"id":1789,"date":"2017-10-02T14:29:40","date_gmt":"2017-10-02T12:29:40","guid":{"rendered":"https:\/\/tuplice.pl\/ix-lubuski-kongres-kobiet\/"},"modified":"2017-10-02T14:29:40","modified_gmt":"2017-10-02T12:29:40","slug":"ix-lubuski-kongres-kobiet","status":"publish","type":"post","link":"https:\/\/tuplice.pl\/index.php\/2017\/10\/02\/ix-lubuski-kongres-kobiet\/","title":{"rendered":"IX Lubuski Kongres Kobiet"},"content":{"rendered":"<p><img decoding=\"async\" loading=\"lazy\" class=\" size-full wp-image-1787\" src=\"https:\/\/tuplice.pl\/wp-content\/uploads\/2017\/10\/program_grafika.jpg\" border=\"0\" alt=\"\" width=\"557\" height=\"161\" style=\"display: block; margin-left: auto; margin-right: auto;\" \/><\/p>\n<p>El\u017cbieta Anna Polak Marsza\u0142ek Wojew\u00f3dztwa Lubuskiego\u00a0zaprasza do udzia\u0142u w IX Lubuskim Kongresie Kobiet 14 pa\u017adziernika 2017, godz. 11:00, Sala Kolumnowa Urz\u0119du Marsza\u0142kowskiego Wojew\u00f3dztwa Lubuskiego Zielona G\u00f3ra, ul. Podg\u00f3rna 7 elektroniczna rejestracja \u2013<a href=\"https:\/\/docs.google.com\/forms\/d\/e\/1FAIpQLSd6tB5xA2yPXhqSyu0FmB9c9Eb-oAEYDjROvaMV1zGDVYU-_Q\/viewform\" target=\"_blank\" rel=\"noopener noreferrer\"> kliknij tutaj<\/a><\/p>\n<p>  <!--more-->  <\/p>\n<p>Debata z udzia\u0142em specjalist\u00f3w i ambasador\u00f3w Wojew\u00f3dztwa Lubuskiego, muzyka na \u017cywo, pokaz mody, wyr\u00f3\u017cnienia dla liderek, stoiska oraz porady i wreszcie przedstawienie w gwiazdorskiej obsadzie w Lubuskim Teatrze \u2013 atrakcji podczas IX Lubuskiego Kongresu Kobiet nie zabraknie.<\/p>\n<p>Program:<\/p>\n<p>10:00 &#8211; 11:00\u00a0\u00a0\u00a0\u00a0\u00a0\u00a0 Powitalna kawa i rejestracja uczestniczek <br \/>11:00 &#8211; 11:15\u00a0\u00a0\u00a0\u00a0\u00a0\u00a0 Rozpocz\u0119cie Lubuskiego Kongresu Kobiet \u2013 DJ-ka El&#8217; Mirka \u2013 W kobiecych rytmach <br \/>11:15 &#8211; 11:30\u00a0 \u00a0\u00a0\u00a0\u00a0 Kobiety Europy \u2013 Kobiety Region\u00f3w &#8211; przem\u00f3wienie programowe \u2013 El\u017cbieta Anna Polak \u2013 marsza\u0142ek wojew\u00f3dztwa lubuskiego<br \/>11:30 &#8211; 12:30 \u00a0\u00a0\u00a0\u00a0\u00a0 Kobiety solidarne w dzia\u0142aniu \u2013 debata. Sukcesy kobiet w dzia\u0142alno\u015bci spo\u0142ecznej, opieku\u0144czej i samorz\u0105dowej. Biznes z sercem. Alert dla praw obywatelskich<br \/>12:30 &#8211; 12:45 \u00a0\u00a0\u00a0\u00a0\u00a0 Projektanci mody o kobietach z klas\u0105 \u2013 pokaz mody<br \/>12:45 &#8211; 13:00 \u00a0\u00a0\u00a0\u00a0\u00a0 Lubuskie Liderki Samorz\u0105du \u2013 wyr\u00f3\u017cnienia<br \/>13:00 &#8211; 13:15\u00a0 \u00a0\u00a0\u00a0\u00a0 Projektanci mody o kobietach z klas\u0105 \u2013 pokaz mody<br \/>13:30 &#8211; 13:45 \u00a0\u00a0\u00a0\u00a0\u00a0 DJ\u2013ka El&#8217; Mirka <br \/>14:00 Zako\u0144czenie cz\u0119\u015bci plenarnej Lubuskiego Kongresu Kobiet<br \/>14:30 &#8211; 15:30\u00a0\u00a0\u00a0\u00a0\u00a0\u00a0 Obiad \u2013 Sala Sta\u0144czyka, Lubuski Teatr w Zielonej G\u00f3rze <br \/>16:00 Przedstawienie w Lubuskim Teatrze: \u201eDi, Viv i Rose\u201d re\u017c. Maciej Kowalewski, w rolach g\u0142\u00f3wnych Daria Widawska, Joanna Brodzik, Ma\u0142gorzata Lipmann (wst\u0119p bezp\u0142atny dla uczestniczek Lubuskiego Kongresu Kobiet, ilo\u015b\u0107 miejsc ograniczona)<\/p>\n<p>Sekretariat Lubuskiego Kongresu Kobiet Fundacja Rozwoju Demokracji Lokalnej <br \/>O\u015brodek Regionalny w Zielonej G\u00f3rze<br \/>tel. 68 453 22 09<br \/>mail: kongres@frdl.org<\/p>\n","protected":false},"excerpt":{"rendered":"<p>El\u017cbieta Anna Polak Marsza\u0142ek Wojew\u00f3dztwa Lubuskiego\u00a0zaprasza do udzia\u0142u w IX Lubuskim Kongresie Kobiet 14 pa\u017adziernika 2017, godz. 11:00, Sala Kolumnowa Urz\u0119du Marsza\u0142kowskiego Wojew\u00f3dztwa Lubuskiego Zielona G\u00f3ra, ul. Podg\u00f3rna 7 elektroniczna rejestracja \u2013 kliknij tutaj<\/p>\n","protected":false},"author":4,"featured_media":1787,"comment_status":"closed","ping_status":"closed","sticky":false,"template":"","format":"standard","meta":{"_et_pb_use_builder":"","_et_pb_old_content":"","_et_gb_content_width":"","_monsterinsights_skip_tracking":false},"categories":[82],"tags":[],"aioseo_notices":[],"aioseo_head":"\n\t\t<!-- All in One SEO 4.9.10 - aioseo.com -->\n\t<meta name=\"description\" content=\"El\u017cbieta Anna Polak Marsza\u0142ek Wojew\u00f3dztwa Lubuskiego zaprasza do udzia\u0142u w IX Lubuskim Kongresie Kobiet 14 pa\u017adziernika 2017, godz. 11:00, Sala Kolumnowa Urz\u0119du Marsza\u0142kowskiego Wojew\u00f3dztwa Lubuskiego Zielona G\u00f3ra, ul. Podg\u00f3rna 7 elektroniczna rejestracja \u2013 kliknij tutaj Debata z udzia\u0142em specjalist\u00f3w i ambasador\u00f3w Wojew\u00f3dztwa Lubuskiego, muzyka na \u017cywo, pokaz mody, wyr\u00f3\u017cnienia dla liderek, stoiska oraz porady i wreszcie\" \/>\n\t<meta name=\"robots\" content=\"max-image-preview:large\" \/>\n\t<meta name=\"author\" content=\"admin\"\/>\n\t<link rel=\"canonical\" href=\"https:\/\/tuplice.pl\/index.php\/2017\/10\/02\/ix-lubuski-kongres-kobiet\/\" \/>\n\t<meta name=\"generator\" content=\"All in One SEO (AIOSEO) 4.9.10\" \/>\n\t\t<meta property=\"og:locale\" content=\"pl_PL\" \/>\n\t\t<meta property=\"og:site_name\" content=\"Gmina Tuplice - Strona Gminy Tuplice\" \/>\n\t\t<meta property=\"og:type\" content=\"article\" \/>\n\t\t<meta property=\"og:title\" content=\"IX Lubuski Kongres Kobiet - Gmina Tuplice\" \/>\n\t\t<meta property=\"og:description\" content=\"El\u017cbieta Anna Polak Marsza\u0142ek Wojew\u00f3dztwa Lubuskiego zaprasza do udzia\u0142u w IX Lubuskim Kongresie Kobiet 14 pa\u017adziernika 2017, godz. 11:00, Sala Kolumnowa Urz\u0119du Marsza\u0142kowskiego Wojew\u00f3dztwa Lubuskiego Zielona G\u00f3ra, ul. Podg\u00f3rna 7 elektroniczna rejestracja \u2013 kliknij tutaj Debata z udzia\u0142em specjalist\u00f3w i ambasador\u00f3w Wojew\u00f3dztwa Lubuskiego, muzyka na \u017cywo, pokaz mody, wyr\u00f3\u017cnienia dla liderek, stoiska oraz porady i wreszcie\" \/>\n\t\t<meta property=\"og:url\" content=\"https:\/\/tuplice.pl\/index.php\/2017\/10\/02\/ix-lubuski-kongres-kobiet\/\" \/>\n\t\t<meta property=\"article:published_time\" content=\"2017-10-02T12:29:40+00:00\" \/>\n\t\t<meta property=\"article:modified_time\" content=\"2017-10-02T12:29:40+00:00\" \/>\n\t\t<meta property=\"article:publisher\" content=\"https:\/\/facebook.com\/Tuplicki Biuletyn Informacyjny\" \/>\n\t\t<meta name=\"twitter:card\" content=\"summary_large_image\" \/>\n\t\t<meta name=\"twitter:title\" content=\"IX Lubuski Kongres Kobiet - Gmina Tuplice\" \/>\n\t\t<meta name=\"twitter:description\" content=\"El\u017cbieta Anna Polak Marsza\u0142ek Wojew\u00f3dztwa Lubuskiego zaprasza do udzia\u0142u w IX Lubuskim Kongresie Kobiet 14 pa\u017adziernika 2017, godz. 11:00, Sala Kolumnowa Urz\u0119du Marsza\u0142kowskiego Wojew\u00f3dztwa Lubuskiego Zielona G\u00f3ra, ul. Podg\u00f3rna 7 elektroniczna rejestracja \u2013 kliknij tutaj Debata z udzia\u0142em specjalist\u00f3w i ambasador\u00f3w Wojew\u00f3dztwa Lubuskiego, muzyka na \u017cywo, pokaz mody, wyr\u00f3\u017cnienia dla liderek, stoiska oraz porady i wreszcie\" \/>\n\t\t<script type=\"application\/ld+json\" class=\"aioseo-schema\">\n\t\t\t{\"@context\":\"https:\\\/\\\/schema.org\",\"@graph\":[{\"@type\":\"BlogPosting\",\"@id\":\"https:\\\/\\\/tuplice.pl\\\/index.php\\\/2017\\\/10\\\/02\\\/ix-lubuski-kongres-kobiet\\\/#blogposting\",\"name\":\"IX Lubuski Kongres Kobiet - Gmina Tuplice\",\"headline\":\"IX Lubuski Kongres Kobiet\",\"author\":{\"@id\":\"https:\\\/\\\/tuplice.pl\\\/index.php\\\/author\\\/admin-2\\\/#author\"},\"publisher\":{\"@id\":\"https:\\\/\\\/tuplice.pl\\\/#organization\"},\"image\":{\"@type\":\"ImageObject\",\"url\":1787},\"datePublished\":\"2017-10-02T14:29:40+02:00\",\"dateModified\":\"2017-10-02T14:29:40+02:00\",\"inLanguage\":\"pl-PL\",\"mainEntityOfPage\":{\"@id\":\"https:\\\/\\\/tuplice.pl\\\/index.php\\\/2017\\\/10\\\/02\\\/ix-lubuski-kongres-kobiet\\\/#webpage\"},\"isPartOf\":{\"@id\":\"https:\\\/\\\/tuplice.pl\\\/index.php\\\/2017\\\/10\\\/02\\\/ix-lubuski-kongres-kobiet\\\/#webpage\"},\"articleSection\":\"Aktualno\\u015bci\"},{\"@type\":\"BreadcrumbList\",\"@id\":\"https:\\\/\\\/tuplice.pl\\\/index.php\\\/2017\\\/10\\\/02\\\/ix-lubuski-kongres-kobiet\\\/#breadcrumblist\",\"itemListElement\":[{\"@type\":\"ListItem\",\"@id\":\"https:\\\/\\\/tuplice.pl#listItem\",\"position\":1,\"name\":\"Home\",\"item\":\"https:\\\/\\\/tuplice.pl\",\"nextItem\":{\"@type\":\"ListItem\",\"@id\":\"https:\\\/\\\/tuplice.pl\\\/index.php\\\/category\\\/aktualnosci\\\/#listItem\",\"name\":\"Aktualno\\u015bci\"}},{\"@type\":\"ListItem\",\"@id\":\"https:\\\/\\\/tuplice.pl\\\/index.php\\\/category\\\/aktualnosci\\\/#listItem\",\"position\":2,\"name\":\"Aktualno\\u015bci\",\"item\":\"https:\\\/\\\/tuplice.pl\\\/index.php\\\/category\\\/aktualnosci\\\/\",\"nextItem\":{\"@type\":\"ListItem\",\"@id\":\"https:\\\/\\\/tuplice.pl\\\/index.php\\\/2017\\\/10\\\/02\\\/ix-lubuski-kongres-kobiet\\\/#listItem\",\"name\":\"IX Lubuski Kongres Kobiet\"},\"previousItem\":{\"@type\":\"ListItem\",\"@id\":\"https:\\\/\\\/tuplice.pl#listItem\",\"name\":\"Home\"}},{\"@type\":\"ListItem\",\"@id\":\"https:\\\/\\\/tuplice.pl\\\/index.php\\\/2017\\\/10\\\/02\\\/ix-lubuski-kongres-kobiet\\\/#listItem\",\"position\":3,\"name\":\"IX Lubuski Kongres Kobiet\",\"previousItem\":{\"@type\":\"ListItem\",\"@id\":\"https:\\\/\\\/tuplice.pl\\\/index.php\\\/category\\\/aktualnosci\\\/#listItem\",\"name\":\"Aktualno\\u015bci\"}}]},{\"@type\":\"Organization\",\"@id\":\"https:\\\/\\\/tuplice.pl\\\/#organization\",\"name\":\"Gmina Tuplice Gmina Tuplice\",\"description\":\"Strona Gminy Tuplice Strona Urz\\u0119du Gminy Tuplice\",\"url\":\"https:\\\/\\\/tuplice.pl\\\/\",\"telephone\":\"+48683625720\",\"logo\":{\"@type\":\"ImageObject\",\"url\":\"https:\\\/\\\/tuplice.pl\\\/wp-content\\\/uploads\\\/2025\\\/07\\\/images.png\",\"@id\":\"https:\\\/\\\/tuplice.pl\\\/index.php\\\/2017\\\/10\\\/02\\\/ix-lubuski-kongres-kobiet\\\/#organizationLogo\",\"width\":282,\"height\":179},\"image\":{\"@id\":\"https:\\\/\\\/tuplice.pl\\\/index.php\\\/2017\\\/10\\\/02\\\/ix-lubuski-kongres-kobiet\\\/#organizationLogo\"},\"sameAs\":[\"https:\\\/\\\/facebook.com\\\/Tuplicki Biuletyn Informacyjny\",\"https:\\\/\\\/pinterest.com\\\/Tuplicki Biuletyn Informacyjny\",\"https:\\\/\\\/youtube.com\\\/Tuplicki Biuletyn Informacyjny\"]},{\"@type\":\"Person\",\"@id\":\"https:\\\/\\\/tuplice.pl\\\/index.php\\\/author\\\/admin-2\\\/#author\",\"url\":\"https:\\\/\\\/tuplice.pl\\\/index.php\\\/author\\\/admin-2\\\/\",\"name\":\"admin\",\"image\":{\"@type\":\"ImageObject\",\"@id\":\"https:\\\/\\\/tuplice.pl\\\/index.php\\\/2017\\\/10\\\/02\\\/ix-lubuski-kongres-kobiet\\\/#authorImage\",\"url\":\"https:\\\/\\\/secure.gravatar.com\\\/avatar\\\/8a55bb0a6c2b7d7d608f6e5c7d99e391?s=96&d=mm&r=g\",\"width\":96,\"height\":96,\"caption\":\"admin\"}},{\"@type\":\"WebPage\",\"@id\":\"https:\\\/\\\/tuplice.pl\\\/index.php\\\/2017\\\/10\\\/02\\\/ix-lubuski-kongres-kobiet\\\/#webpage\",\"url\":\"https:\\\/\\\/tuplice.pl\\\/index.php\\\/2017\\\/10\\\/02\\\/ix-lubuski-kongres-kobiet\\\/\",\"name\":\"IX Lubuski Kongres Kobiet - Gmina Tuplice\",\"description\":\"El\\u017cbieta Anna Polak Marsza\\u0142ek Wojew\\u00f3dztwa Lubuskiego zaprasza do udzia\\u0142u w IX Lubuskim Kongresie Kobiet 14 pa\\u017adziernika 2017, godz. 11:00, Sala Kolumnowa Urz\\u0119du Marsza\\u0142kowskiego Wojew\\u00f3dztwa Lubuskiego Zielona G\\u00f3ra, ul. Podg\\u00f3rna 7 elektroniczna rejestracja \\u2013 kliknij tutaj Debata z udzia\\u0142em specjalist\\u00f3w i ambasador\\u00f3w Wojew\\u00f3dztwa Lubuskiego, muzyka na \\u017cywo, pokaz mody, wyr\\u00f3\\u017cnienia dla liderek, stoiska oraz porady i wreszcie\",\"inLanguage\":\"pl-PL\",\"isPartOf\":{\"@id\":\"https:\\\/\\\/tuplice.pl\\\/#website\"},\"breadcrumb\":{\"@id\":\"https:\\\/\\\/tuplice.pl\\\/index.php\\\/2017\\\/10\\\/02\\\/ix-lubuski-kongres-kobiet\\\/#breadcrumblist\"},\"author\":{\"@id\":\"https:\\\/\\\/tuplice.pl\\\/index.php\\\/author\\\/admin-2\\\/#author\"},\"creator\":{\"@id\":\"https:\\\/\\\/tuplice.pl\\\/index.php\\\/author\\\/admin-2\\\/#author\"},\"image\":{\"@type\":\"ImageObject\",\"url\":1787,\"@id\":\"https:\\\/\\\/tuplice.pl\\\/index.php\\\/2017\\\/10\\\/02\\\/ix-lubuski-kongres-kobiet\\\/#mainImage\"},\"primaryImageOfPage\":{\"@id\":\"https:\\\/\\\/tuplice.pl\\\/index.php\\\/2017\\\/10\\\/02\\\/ix-lubuski-kongres-kobiet\\\/#mainImage\"},\"datePublished\":\"2017-10-02T14:29:40+02:00\",\"dateModified\":\"2017-10-02T14:29:40+02:00\"},{\"@type\":\"WebSite\",\"@id\":\"https:\\\/\\\/tuplice.pl\\\/#website\",\"url\":\"https:\\\/\\\/tuplice.pl\\\/\",\"name\":\"Gmina Tuplice\",\"description\":\"Strona Gminy Tuplice\",\"inLanguage\":\"pl-PL\",\"publisher\":{\"@id\":\"https:\\\/\\\/tuplice.pl\\\/#organization\"}}]}\n\t\t<\/script>\n\t\t<!-- All in One SEO -->\n\n","aioseo_head_json":{"title":"IX Lubuski Kongres Kobiet - Gmina Tuplice","description":"El\u017cbieta Anna Polak Marsza\u0142ek Wojew\u00f3dztwa Lubuskiego zaprasza do udzia\u0142u w IX Lubuskim Kongresie Kobiet 14 pa\u017adziernika 2017, godz. 11:00, Sala Kolumnowa Urz\u0119du Marsza\u0142kowskiego Wojew\u00f3dztwa Lubuskiego Zielona G\u00f3ra, ul. Podg\u00f3rna 7 elektroniczna rejestracja \u2013 kliknij tutaj Debata z udzia\u0142em specjalist\u00f3w i ambasador\u00f3w Wojew\u00f3dztwa Lubuskiego, muzyka na \u017cywo, pokaz mody, wyr\u00f3\u017cnienia dla liderek, stoiska oraz porady i wreszcie","canonical_url":"https:\/\/tuplice.pl\/index.php\/2017\/10\/02\/ix-lubuski-kongres-kobiet\/","robots":"max-image-preview:large","keywords":"","webmasterTools":{"miscellaneous":""},"schema":{"@context":"https:\/\/schema.org","@graph":[{"@type":"BlogPosting","@id":"https:\/\/tuplice.pl\/index.php\/2017\/10\/02\/ix-lubuski-kongres-kobiet\/#blogposting","name":"IX Lubuski Kongres Kobiet - Gmina Tuplice","headline":"IX Lubuski Kongres Kobiet","author":{"@id":"https:\/\/tuplice.pl\/index.php\/author\/admin-2\/#author"},"publisher":{"@id":"https:\/\/tuplice.pl\/#organization"},"image":{"@type":"ImageObject","url":1787},"datePublished":"2017-10-02T14:29:40+02:00","dateModified":"2017-10-02T14:29:40+02:00","inLanguage":"pl-PL","mainEntityOfPage":{"@id":"https:\/\/tuplice.pl\/index.php\/2017\/10\/02\/ix-lubuski-kongres-kobiet\/#webpage"},"isPartOf":{"@id":"https:\/\/tuplice.pl\/index.php\/2017\/10\/02\/ix-lubuski-kongres-kobiet\/#webpage"},"articleSection":"Aktualno\u015bci"},{"@type":"BreadcrumbList","@id":"https:\/\/tuplice.pl\/index.php\/2017\/10\/02\/ix-lubuski-kongres-kobiet\/#breadcrumblist","itemListElement":[{"@type":"ListItem","@id":"https:\/\/tuplice.pl#listItem","position":1,"name":"Home","item":"https:\/\/tuplice.pl","nextItem":{"@type":"ListItem","@id":"https:\/\/tuplice.pl\/index.php\/category\/aktualnosci\/#listItem","name":"Aktualno\u015bci"}},{"@type":"ListItem","@id":"https:\/\/tuplice.pl\/index.php\/category\/aktualnosci\/#listItem","position":2,"name":"Aktualno\u015bci","item":"https:\/\/tuplice.pl\/index.php\/category\/aktualnosci\/","nextItem":{"@type":"ListItem","@id":"https:\/\/tuplice.pl\/index.php\/2017\/10\/02\/ix-lubuski-kongres-kobiet\/#listItem","name":"IX Lubuski Kongres Kobiet"},"previousItem":{"@type":"ListItem","@id":"https:\/\/tuplice.pl#listItem","name":"Home"}},{"@type":"ListItem","@id":"https:\/\/tuplice.pl\/index.php\/2017\/10\/02\/ix-lubuski-kongres-kobiet\/#listItem","position":3,"name":"IX Lubuski Kongres Kobiet","previousItem":{"@type":"ListItem","@id":"https:\/\/tuplice.pl\/index.php\/category\/aktualnosci\/#listItem","name":"Aktualno\u015bci"}}]},{"@type":"Organization","@id":"https:\/\/tuplice.pl\/#organization","name":"Gmina Tuplice Gmina Tuplice","description":"Strona Gminy Tuplice Strona Urz\u0119du Gminy Tuplice","url":"https:\/\/tuplice.pl\/","telephone":"+48683625720","logo":{"@type":"ImageObject","url":"https:\/\/tuplice.pl\/wp-content\/uploads\/2025\/07\/images.png","@id":"https:\/\/tuplice.pl\/index.php\/2017\/10\/02\/ix-lubuski-kongres-kobiet\/#organizationLogo","width":282,"height":179},"image":{"@id":"https:\/\/tuplice.pl\/index.php\/2017\/10\/02\/ix-lubuski-kongres-kobiet\/#organizationLogo"},"sameAs":["https:\/\/facebook.com\/Tuplicki Biuletyn Informacyjny","https:\/\/pinterest.com\/Tuplicki Biuletyn Informacyjny","https:\/\/youtube.com\/Tuplicki Biuletyn Informacyjny"]},{"@type":"Person","@id":"https:\/\/tuplice.pl\/index.php\/author\/admin-2\/#author","url":"https:\/\/tuplice.pl\/index.php\/author\/admin-2\/","name":"admin","image":{"@type":"ImageObject","@id":"https:\/\/tuplice.pl\/index.php\/2017\/10\/02\/ix-lubuski-kongres-kobiet\/#authorImage","url":"https:\/\/secure.gravatar.com\/avatar\/8a55bb0a6c2b7d7d608f6e5c7d99e391?s=96&d=mm&r=g","width":96,"height":96,"caption":"admin"}},{"@type":"WebPage","@id":"https:\/\/tuplice.pl\/index.php\/2017\/10\/02\/ix-lubuski-kongres-kobiet\/#webpage","url":"https:\/\/tuplice.pl\/index.php\/2017\/10\/02\/ix-lubuski-kongres-kobiet\/","name":"IX Lubuski Kongres Kobiet - Gmina Tuplice","description":"El\u017cbieta Anna Polak Marsza\u0142ek Wojew\u00f3dztwa Lubuskiego zaprasza do udzia\u0142u w IX Lubuskim Kongresie Kobiet 14 pa\u017adziernika 2017, godz. 11:00, Sala Kolumnowa Urz\u0119du Marsza\u0142kowskiego Wojew\u00f3dztwa Lubuskiego Zielona G\u00f3ra, ul. Podg\u00f3rna 7 elektroniczna rejestracja \u2013 kliknij tutaj Debata z udzia\u0142em specjalist\u00f3w i ambasador\u00f3w Wojew\u00f3dztwa Lubuskiego, muzyka na \u017cywo, pokaz mody, wyr\u00f3\u017cnienia dla liderek, stoiska oraz porady i wreszcie","inLanguage":"pl-PL","isPartOf":{"@id":"https:\/\/tuplice.pl\/#website"},"breadcrumb":{"@id":"https:\/\/tuplice.pl\/index.php\/2017\/10\/02\/ix-lubuski-kongres-kobiet\/#breadcrumblist"},"author":{"@id":"https:\/\/tuplice.pl\/index.php\/author\/admin-2\/#author"},"creator":{"@id":"https:\/\/tuplice.pl\/index.php\/author\/admin-2\/#author"},"image":{"@type":"ImageObject","url":1787,"@id":"https:\/\/tuplice.pl\/index.php\/2017\/10\/02\/ix-lubuski-kongres-kobiet\/#mainImage"},"primaryImageOfPage":{"@id":"https:\/\/tuplice.pl\/index.php\/2017\/10\/02\/ix-lubuski-kongres-kobiet\/#mainImage"},"datePublished":"2017-10-02T14:29:40+02:00","dateModified":"2017-10-02T14:29:40+02:00"},{"@type":"WebSite","@id":"https:\/\/tuplice.pl\/#website","url":"https:\/\/tuplice.pl\/","name":"Gmina Tuplice","description":"Strona Gminy Tuplice","inLanguage":"pl-PL","publisher":{"@id":"https:\/\/tuplice.pl\/#organization"}}]},"og:locale":"pl_PL","og:site_name":"Gmina Tuplice - Strona Gminy Tuplice","og:type":"article","og:title":"IX Lubuski Kongres Kobiet - Gmina Tuplice","og:description":"El\u017cbieta Anna Polak Marsza\u0142ek Wojew\u00f3dztwa Lubuskiego zaprasza do udzia\u0142u w IX Lubuskim Kongresie Kobiet 14 pa\u017adziernika 2017, godz. 11:00, Sala Kolumnowa Urz\u0119du Marsza\u0142kowskiego Wojew\u00f3dztwa Lubuskiego Zielona G\u00f3ra, ul. Podg\u00f3rna 7 elektroniczna rejestracja \u2013 kliknij tutaj Debata z udzia\u0142em specjalist\u00f3w i ambasador\u00f3w Wojew\u00f3dztwa Lubuskiego, muzyka na \u017cywo, pokaz mody, wyr\u00f3\u017cnienia dla liderek, stoiska oraz porady i wreszcie","og:url":"https:\/\/tuplice.pl\/index.php\/2017\/10\/02\/ix-lubuski-kongres-kobiet\/","article:published_time":"2017-10-02T12:29:40+00:00","article:modified_time":"2017-10-02T12:29:40+00:00","article:publisher":"https:\/\/facebook.com\/Tuplicki Biuletyn Informacyjny","twitter:card":"summary_large_image","twitter:title":"IX Lubuski Kongres Kobiet - Gmina Tuplice","twitter:description":"El\u017cbieta Anna Polak Marsza\u0142ek Wojew\u00f3dztwa Lubuskiego zaprasza do udzia\u0142u w IX Lubuskim Kongresie Kobiet 14 pa\u017adziernika 2017, godz. 11:00, Sala Kolumnowa Urz\u0119du Marsza\u0142kowskiego Wojew\u00f3dztwa Lubuskiego Zielona G\u00f3ra, ul. Podg\u00f3rna 7 elektroniczna rejestracja \u2013 kliknij tutaj Debata z udzia\u0142em specjalist\u00f3w i ambasador\u00f3w Wojew\u00f3dztwa Lubuskiego, muzyka na \u017cywo, pokaz mody, wyr\u00f3\u017cnienia dla liderek, stoiska oraz porady i wreszcie"},"aioseo_meta_data":{"post_id":"1789","title":null,"description":null,"keywords":null,"keyphrases":null,"primary_term":null,"canonical_url":null,"og_title":null,"og_description":null,"og_object_type":"default","og_image_type":"default","og_image_url":null,"og_image_width":null,"og_image_height":null,"og_image_custom_url":null,"og_image_custom_fields":null,"og_video":null,"og_custom_url":null,"og_article_section":null,"og_article_tags":null,"twitter_use_og":false,"twitter_card":"default","twitter_image_type":"default","twitter_image_url":null,"twitter_image_custom_url":null,"twitter_image_custom_fields":null,"twitter_title":null,"twitter_description":null,"schema":{"blockGraphs":[],"customGraphs":[],"default":{"data":{"Article":[],"Course":[],"Dataset":[],"FAQPage":[],"Movie":[],"Person":[],"Product":[],"ProductReview":[],"Car":[],"Recipe":[],"Service":[],"SoftwareApplication":[],"WebPage":[]},"graphName":"","isEnabled":true},"graphs":[]},"schema_type":"default","schema_type_options":null,"pillar_content":false,"robots_default":true,"robots_noindex":false,"robots_noarchive":false,"robots_nosnippet":false,"robots_nofollow":false,"robots_noimageindex":false,"robots_noodp":false,"robots_notranslate":false,"robots_max_snippet":null,"robots_max_videopreview":null,"robots_max_imagepreview":"large","priority":null,"frequency":null,"local_seo":null,"breadcrumb_settings":null,"limit_modified_date":false,"ai":null,"created":"2025-07-22 22:32:47","updated":"2025-07-22 22:32:47","seo_analyzer_scan_date":null},"aioseo_breadcrumb":"<div class=\"aioseo-breadcrumbs\"><span class=\"aioseo-breadcrumb\">\n\t\t\t<a href=\"https:\/\/tuplice.pl\" title=\"Home\">Home<\/a>\n\t\t<\/span><span class=\"aioseo-breadcrumb-separator\">&raquo;<\/span><span class=\"aioseo-breadcrumb\">\n\t\t\t<a href=\"https:\/\/tuplice.pl\/index.php\/category\/aktualnosci\/\" title=\"Aktualno\u015bci\">Aktualno\u015bci<\/a>\n\t\t<\/span><span class=\"aioseo-breadcrumb-separator\">&raquo;<\/span><span class=\"aioseo-breadcrumb\">\n\t\t\tIX Lubuski Kongres Kobiet\n\t\t<\/span><\/div>","aioseo_breadcrumb_json":[{"label":"Home","link":"https:\/\/tuplice.pl"},{"label":"Aktualno\u015bci","link":"https:\/\/tuplice.pl\/index.php\/category\/aktualnosci\/"},{"label":"IX Lubuski Kongres Kobiet","link":"https:\/\/tuplice.pl\/index.php\/2017\/10\/02\/ix-lubuski-kongres-kobiet\/"}],"a3_pvc":{"activated":false,"total_views":0,"today_views":0},"_links":{"self":[{"href":"https:\/\/tuplice.pl\/index.php\/wp-json\/wp\/v2\/posts\/1789"}],"collection":[{"href":"https:\/\/tuplice.pl\/index.php\/wp-json\/wp\/v2\/posts"}],"about":[{"href":"https:\/\/tuplice.pl\/index.php\/wp-json\/wp\/v2\/types\/post"}],"author":[{"embeddable":true,"href":"https:\/\/tuplice.pl\/index.php\/wp-json\/wp\/v2\/users\/4"}],"replies":[{"embeddable":true,"href":"https:\/\/tuplice.pl\/index.php\/wp-json\/wp\/v2\/comments?post=1789"}],"version-history":[{"count":0,"href":"https:\/\/tuplice.pl\/index.php\/wp-json\/wp\/v2\/posts\/1789\/revisions"}],"wp:featuredmedia":[{"embeddable":true,"href":"https:\/\/tuplice.pl\/index.php\/wp-json\/"}],"wp:attachment":[{"href":"https:\/\/tuplice.pl\/index.php\/wp-json\/wp\/v2\/media?parent=1789"}],"wp:term":[{"taxonomy":"category","embeddable":true,"href":"https:\/\/tuplice.pl\/index.php\/wp-json\/wp\/v2\/categories?post=1789"},{"taxonomy":"post_tag","embeddable":true,"href":"https:\/\/tuplice.pl\/index.php\/wp-json\/wp\/v2\/tags?post=1789"}],"curies":[{"name":"wp","href":"https:\/\/api.w.org\/{rel}","templated":true}]}}