{"id":1794,"date":"2017-09-12T12:55:33","date_gmt":"2017-09-12T10:55:33","guid":{"rendered":"https:\/\/tuplice.pl\/komunikat-dot-zmiany-nazw-ulicy-w-tuplicach-2\/"},"modified":"2017-09-12T12:55:33","modified_gmt":"2017-09-12T10:55:33","slug":"komunikat-dot-zmiany-nazw-ulicy-w-tuplicach-2","status":"publish","type":"post","link":"https:\/\/tuplice.pl\/index.php\/2017\/09\/12\/komunikat-dot-zmiany-nazw-ulicy-w-tuplicach-2\/","title":{"rendered":"Komunikat dot. zmiany nazw ulicy w Tuplicach"},"content":{"rendered":"<p>Z uwagi na podj\u0119t\u0105 przez Rad\u0119 Gminy Tuplice, w wyniku przeprowadzonych konsultacji spo\u0142ecznych, Uchwa\u0142\u0119 nr XXVI\/163\/17 z dnia 30 czerwca 2017 r. w sprawie zmiany nazwy ulicy \u015awierczewskiego w miejscowo\u015bci Tuplice., zmieniono\u00a0 nazw\u0119:\u00a0 <br \/><strong>&#8211; ulica\u00a0 \u015awierczewskiego na\u00a0 ulica Parkowa<\/strong><\/p>\n<p>Uchwa\u0142a wesz\u0142a w \u017cycie z dniem 1 sierpnia 2017 r.<\/p>\n<p>  <!--more-->  <\/p>\n<p>1.Zmiana nazwy ulicy jest efektem wej\u015bcia w \u017cycie Ustawy z dn. 1.04.2016 r.\u00a0\u00a0 o zakazie propagowania komunizmu lub innego ustroju totalitarnego przez nazwy budowli, obiekt\u00f3w i urz\u0105dze\u0144 u\u017cyteczno\u015bci publicznej (Dz. U. z 2016 r., poz. 744)<br \/>2.Zgodnie z art.5 ustawy, pisma oraz post\u0119powania s\u0105dowe i\u00a0 administracyjne w sprawach dotycz\u0105cych ujawnienia w ksi\u0119gach wieczystych oraz uwzgl\u0119dnienia w rejestrach, ewidencjach i dokumentach urz\u0119dowych zmiany nazwy dokonane na podstawie ustawy s\u0105 wolne od op\u0142at.<br \/>3.Zmiana nazwy dokonana na podstawie ustawy nie ma wp\u0142ywu na wa\u017cno\u015b\u0107 dokument\u00f3w zawieraj\u0105cych nazw\u0119 dotychczasowa (dowody osobiste i prawo jazdy zachowuj\u0105 wa\u017cno\u015b\u0107, a wymiana ich nie jest wymagana przed up\u0142ywem terminu wa\u017cno\u015bci dokumentu)<br \/>4. W Urz\u0119dzie Skarbowym osoby fizyczne mog\u0105 wype\u0142ni\u0107 i z\u0142o\u017cy\u0107 wniosek aktualizacyjny, lub zg\u0142osi\u0107 aktualizacj\u0119 danych adresowych przy sk\u0142adaniu zeznania podatkowego za 2017 rok, w roku 2018.<br \/>5. W celu dokonania zmiany w ksi\u0119dze wieczystej nale\u017cy w S\u0105dzie Rejonowym\u00a0 w \u017barach V Wydzia\u0142 Ksi\u0105g wieczystych ul. Spokojna 22 z\u0142o\u017cy\u0107 Wniosek o wpis w ksi\u0119dze wieczystej ze wskazaniem \u017c\u0105dania: \u201esprostowanie oznaczenia nieruchomo\u015bci\u201d<br \/>6.W Centralnej Ewidencji Informacji o Dzia\u0142alno\u015bci Gospodarczej, Przedsi\u0119biorca jest zobowi\u0105zany z\u0142o\u017cy\u0107 wniosek o zmian\u0119 wpisu do CEIDG w Urz\u0119dzie Gminy Tuplice.<br \/>Zakres zmiany powinien obejmowa\u0107 rubryki, w kt\u00f3rych nale\u017cy dokona\u0107 zmiany nazwy ulicy:<br \/>&#8211; adres zamieszkania,<br \/>&#8211; adres zameldowania,<br \/>&#8211; adres g\u0142\u00f3wnego miejsca wykonywania dzia\u0142alno\u015bci gospodarczej,<br \/>&#8211; adres do dor\u0119cze\u0144,<br \/>&#8211; adres dodatkowego miejsca wykonywania dzia\u0142alno\u015bci gospodarczej<\/p>\n","protected":false},"excerpt":{"rendered":"<p>Z uwagi na podj\u0119t\u0105 przez Rad\u0119 Gminy Tuplice, w wyniku przeprowadzonych konsultacji spo\u0142ecznych, Uchwa\u0142\u0119 nr XXVI\/163\/17 z dnia 30 czerwca 2017 r. w sprawie zmiany nazwy ulicy \u015awierczewskiego w miejscowo\u015bci Tuplice., zmieniono\u00a0 nazw\u0119:\u00a0 &#8211; ulica\u00a0 \u015awierczewskiego na\u00a0 ulica Parkowa Uchwa\u0142a wesz\u0142a w \u017cycie z dniem 1 sierpnia 2017 r.<\/p>\n","protected":false},"author":4,"featured_media":0,"comment_status":"closed","ping_status":"closed","sticky":false,"template":"","format":"standard","meta":{"_et_pb_use_builder":"","_et_pb_old_content":"","_et_gb_content_width":"","_monsterinsights_skip_tracking":false},"categories":[82],"tags":[],"aioseo_notices":[],"aioseo_head":"\n\t\t<!-- All in One SEO 4.9.10 - aioseo.com -->\n\t<meta name=\"description\" content=\"Z uwagi na podj\u0119t\u0105 przez Rad\u0119 Gminy Tuplice, w wyniku przeprowadzonych konsultacji spo\u0142ecznych, Uchwa\u0142\u0119 nr XXVI\/163\/17 z dnia 30 czerwca 2017 r. w sprawie zmiany nazwy ulicy \u015awierczewskiego w miejscowo\u015bci Tuplice., zmieniono nazw\u0119: - ulica \u015awierczewskiego na ulica Parkowa Uchwa\u0142a wesz\u0142a w \u017cycie z dniem 1 sierpnia 2017 r. 1.Zmiana nazwy ulicy jest efektem wej\u015bcia\" \/>\n\t<meta name=\"robots\" content=\"max-image-preview:large\" \/>\n\t<meta name=\"author\" content=\"admin\"\/>\n\t<link rel=\"canonical\" href=\"https:\/\/tuplice.pl\/index.php\/2017\/09\/12\/komunikat-dot-zmiany-nazw-ulicy-w-tuplicach-2\/\" \/>\n\t<meta name=\"generator\" content=\"All in One SEO (AIOSEO) 4.9.10\" \/>\n\t\t<meta property=\"og:locale\" content=\"pl_PL\" \/>\n\t\t<meta property=\"og:site_name\" content=\"Gmina Tuplice - Strona Gminy Tuplice\" \/>\n\t\t<meta property=\"og:type\" content=\"article\" \/>\n\t\t<meta property=\"og:title\" content=\"Komunikat dot. zmiany nazw ulicy w Tuplicach - Gmina Tuplice\" \/>\n\t\t<meta property=\"og:description\" content=\"Z uwagi na podj\u0119t\u0105 przez Rad\u0119 Gminy Tuplice, w wyniku przeprowadzonych konsultacji spo\u0142ecznych, Uchwa\u0142\u0119 nr XXVI\/163\/17 z dnia 30 czerwca 2017 r. w sprawie zmiany nazwy ulicy \u015awierczewskiego w miejscowo\u015bci Tuplice., zmieniono nazw\u0119: - ulica \u015awierczewskiego na ulica Parkowa Uchwa\u0142a wesz\u0142a w \u017cycie z dniem 1 sierpnia 2017 r. 1.Zmiana nazwy ulicy jest efektem wej\u015bcia\" \/>\n\t\t<meta property=\"og:url\" content=\"https:\/\/tuplice.pl\/index.php\/2017\/09\/12\/komunikat-dot-zmiany-nazw-ulicy-w-tuplicach-2\/\" \/>\n\t\t<meta property=\"article:published_time\" content=\"2017-09-12T10:55:33+00:00\" \/>\n\t\t<meta property=\"article:modified_time\" content=\"2017-09-12T10:55:33+00:00\" \/>\n\t\t<meta property=\"article:publisher\" content=\"https:\/\/facebook.com\/Tuplicki Biuletyn Informacyjny\" \/>\n\t\t<meta name=\"twitter:card\" content=\"summary_large_image\" \/>\n\t\t<meta name=\"twitter:title\" content=\"Komunikat dot. zmiany nazw ulicy w Tuplicach - Gmina Tuplice\" \/>\n\t\t<meta name=\"twitter:description\" content=\"Z uwagi na podj\u0119t\u0105 przez Rad\u0119 Gminy Tuplice, w wyniku przeprowadzonych konsultacji spo\u0142ecznych, Uchwa\u0142\u0119 nr XXVI\/163\/17 z dnia 30 czerwca 2017 r. w sprawie zmiany nazwy ulicy \u015awierczewskiego w miejscowo\u015bci Tuplice., zmieniono nazw\u0119: - ulica \u015awierczewskiego na ulica Parkowa Uchwa\u0142a wesz\u0142a w \u017cycie z dniem 1 sierpnia 2017 r. 1.Zmiana nazwy ulicy jest efektem wej\u015bcia\" \/>\n\t\t<script type=\"application\/ld+json\" class=\"aioseo-schema\">\n\t\t\t{\"@context\":\"https:\\\/\\\/schema.org\",\"@graph\":[{\"@type\":\"BlogPosting\",\"@id\":\"https:\\\/\\\/tuplice.pl\\\/index.php\\\/2017\\\/09\\\/12\\\/komunikat-dot-zmiany-nazw-ulicy-w-tuplicach-2\\\/#blogposting\",\"name\":\"Komunikat dot. zmiany nazw ulicy w Tuplicach - Gmina Tuplice\",\"headline\":\"Komunikat dot. zmiany nazw ulicy w Tuplicach\",\"author\":{\"@id\":\"https:\\\/\\\/tuplice.pl\\\/index.php\\\/author\\\/admin-2\\\/#author\"},\"publisher\":{\"@id\":\"https:\\\/\\\/tuplice.pl\\\/#organization\"},\"image\":{\"@type\":\"ImageObject\",\"url\":\"https:\\\/\\\/tuplice.pl\\\/wp-content\\\/uploads\\\/2025\\\/07\\\/images.png\",\"@id\":\"https:\\\/\\\/tuplice.pl\\\/#articleImage\",\"width\":282,\"height\":179},\"datePublished\":\"2017-09-12T12:55:33+02:00\",\"dateModified\":\"2017-09-12T12:55:33+02:00\",\"inLanguage\":\"pl-PL\",\"mainEntityOfPage\":{\"@id\":\"https:\\\/\\\/tuplice.pl\\\/index.php\\\/2017\\\/09\\\/12\\\/komunikat-dot-zmiany-nazw-ulicy-w-tuplicach-2\\\/#webpage\"},\"isPartOf\":{\"@id\":\"https:\\\/\\\/tuplice.pl\\\/index.php\\\/2017\\\/09\\\/12\\\/komunikat-dot-zmiany-nazw-ulicy-w-tuplicach-2\\\/#webpage\"},\"articleSection\":\"Aktualno\\u015bci\"},{\"@type\":\"BreadcrumbList\",\"@id\":\"https:\\\/\\\/tuplice.pl\\\/index.php\\\/2017\\\/09\\\/12\\\/komunikat-dot-zmiany-nazw-ulicy-w-tuplicach-2\\\/#breadcrumblist\",\"itemListElement\":[{\"@type\":\"ListItem\",\"@id\":\"https:\\\/\\\/tuplice.pl#listItem\",\"position\":1,\"name\":\"Home\",\"item\":\"https:\\\/\\\/tuplice.pl\",\"nextItem\":{\"@type\":\"ListItem\",\"@id\":\"https:\\\/\\\/tuplice.pl\\\/index.php\\\/category\\\/aktualnosci\\\/#listItem\",\"name\":\"Aktualno\\u015bci\"}},{\"@type\":\"ListItem\",\"@id\":\"https:\\\/\\\/tuplice.pl\\\/index.php\\\/category\\\/aktualnosci\\\/#listItem\",\"position\":2,\"name\":\"Aktualno\\u015bci\",\"item\":\"https:\\\/\\\/tuplice.pl\\\/index.php\\\/category\\\/aktualnosci\\\/\",\"nextItem\":{\"@type\":\"ListItem\",\"@id\":\"https:\\\/\\\/tuplice.pl\\\/index.php\\\/2017\\\/09\\\/12\\\/komunikat-dot-zmiany-nazw-ulicy-w-tuplicach-2\\\/#listItem\",\"name\":\"Komunikat dot. zmiany nazw ulicy w Tuplicach\"},\"previousItem\":{\"@type\":\"ListItem\",\"@id\":\"https:\\\/\\\/tuplice.pl#listItem\",\"name\":\"Home\"}},{\"@type\":\"ListItem\",\"@id\":\"https:\\\/\\\/tuplice.pl\\\/index.php\\\/2017\\\/09\\\/12\\\/komunikat-dot-zmiany-nazw-ulicy-w-tuplicach-2\\\/#listItem\",\"position\":3,\"name\":\"Komunikat dot. zmiany nazw ulicy w Tuplicach\",\"previousItem\":{\"@type\":\"ListItem\",\"@id\":\"https:\\\/\\\/tuplice.pl\\\/index.php\\\/category\\\/aktualnosci\\\/#listItem\",\"name\":\"Aktualno\\u015bci\"}}]},{\"@type\":\"Organization\",\"@id\":\"https:\\\/\\\/tuplice.pl\\\/#organization\",\"name\":\"Gmina Tuplice Gmina Tuplice\",\"description\":\"Strona Gminy Tuplice Strona Urz\\u0119du Gminy Tuplice\",\"url\":\"https:\\\/\\\/tuplice.pl\\\/\",\"telephone\":\"+48683625720\",\"logo\":{\"@type\":\"ImageObject\",\"url\":\"https:\\\/\\\/tuplice.pl\\\/wp-content\\\/uploads\\\/2025\\\/07\\\/images.png\",\"@id\":\"https:\\\/\\\/tuplice.pl\\\/index.php\\\/2017\\\/09\\\/12\\\/komunikat-dot-zmiany-nazw-ulicy-w-tuplicach-2\\\/#organizationLogo\",\"width\":282,\"height\":179},\"image\":{\"@id\":\"https:\\\/\\\/tuplice.pl\\\/index.php\\\/2017\\\/09\\\/12\\\/komunikat-dot-zmiany-nazw-ulicy-w-tuplicach-2\\\/#organizationLogo\"},\"sameAs\":[\"https:\\\/\\\/facebook.com\\\/Tuplicki Biuletyn Informacyjny\",\"https:\\\/\\\/pinterest.com\\\/Tuplicki Biuletyn Informacyjny\",\"https:\\\/\\\/youtube.com\\\/Tuplicki Biuletyn Informacyjny\"]},{\"@type\":\"Person\",\"@id\":\"https:\\\/\\\/tuplice.pl\\\/index.php\\\/author\\\/admin-2\\\/#author\",\"url\":\"https:\\\/\\\/tuplice.pl\\\/index.php\\\/author\\\/admin-2\\\/\",\"name\":\"admin\",\"image\":{\"@type\":\"ImageObject\",\"@id\":\"https:\\\/\\\/tuplice.pl\\\/index.php\\\/2017\\\/09\\\/12\\\/komunikat-dot-zmiany-nazw-ulicy-w-tuplicach-2\\\/#authorImage\",\"url\":\"https:\\\/\\\/secure.gravatar.com\\\/avatar\\\/8a55bb0a6c2b7d7d608f6e5c7d99e391?s=96&d=mm&r=g\",\"width\":96,\"height\":96,\"caption\":\"admin\"}},{\"@type\":\"WebPage\",\"@id\":\"https:\\\/\\\/tuplice.pl\\\/index.php\\\/2017\\\/09\\\/12\\\/komunikat-dot-zmiany-nazw-ulicy-w-tuplicach-2\\\/#webpage\",\"url\":\"https:\\\/\\\/tuplice.pl\\\/index.php\\\/2017\\\/09\\\/12\\\/komunikat-dot-zmiany-nazw-ulicy-w-tuplicach-2\\\/\",\"name\":\"Komunikat dot. zmiany nazw ulicy w Tuplicach - Gmina Tuplice\",\"description\":\"Z uwagi na podj\\u0119t\\u0105 przez Rad\\u0119 Gminy Tuplice, w wyniku przeprowadzonych konsultacji spo\\u0142ecznych, Uchwa\\u0142\\u0119 nr XXVI\\\/163\\\/17 z dnia 30 czerwca 2017 r. w sprawie zmiany nazwy ulicy \\u015awierczewskiego w miejscowo\\u015bci Tuplice., zmieniono nazw\\u0119: - ulica \\u015awierczewskiego na ulica Parkowa Uchwa\\u0142a wesz\\u0142a w \\u017cycie z dniem 1 sierpnia 2017 r. 1.Zmiana nazwy ulicy jest efektem wej\\u015bcia\",\"inLanguage\":\"pl-PL\",\"isPartOf\":{\"@id\":\"https:\\\/\\\/tuplice.pl\\\/#website\"},\"breadcrumb\":{\"@id\":\"https:\\\/\\\/tuplice.pl\\\/index.php\\\/2017\\\/09\\\/12\\\/komunikat-dot-zmiany-nazw-ulicy-w-tuplicach-2\\\/#breadcrumblist\"},\"author\":{\"@id\":\"https:\\\/\\\/tuplice.pl\\\/index.php\\\/author\\\/admin-2\\\/#author\"},\"creator\":{\"@id\":\"https:\\\/\\\/tuplice.pl\\\/index.php\\\/author\\\/admin-2\\\/#author\"},\"datePublished\":\"2017-09-12T12:55:33+02:00\",\"dateModified\":\"2017-09-12T12:55:33+02:00\"},{\"@type\":\"WebSite\",\"@id\":\"https:\\\/\\\/tuplice.pl\\\/#website\",\"url\":\"https:\\\/\\\/tuplice.pl\\\/\",\"name\":\"Gmina Tuplice\",\"description\":\"Strona Gminy Tuplice\",\"inLanguage\":\"pl-PL\",\"publisher\":{\"@id\":\"https:\\\/\\\/tuplice.pl\\\/#organization\"}}]}\n\t\t<\/script>\n\t\t<!-- All in One SEO -->\n\n","aioseo_head_json":{"title":"Komunikat dot. zmiany nazw ulicy w Tuplicach - Gmina Tuplice","description":"Z uwagi na podj\u0119t\u0105 przez Rad\u0119 Gminy Tuplice, w wyniku przeprowadzonych konsultacji spo\u0142ecznych, Uchwa\u0142\u0119 nr XXVI\/163\/17 z dnia 30 czerwca 2017 r. w sprawie zmiany nazwy ulicy \u015awierczewskiego w miejscowo\u015bci Tuplice., zmieniono nazw\u0119: - ulica \u015awierczewskiego na ulica Parkowa Uchwa\u0142a wesz\u0142a w \u017cycie z dniem 1 sierpnia 2017 r. 1.Zmiana nazwy ulicy jest efektem wej\u015bcia","canonical_url":"https:\/\/tuplice.pl\/index.php\/2017\/09\/12\/komunikat-dot-zmiany-nazw-ulicy-w-tuplicach-2\/","robots":"max-image-preview:large","keywords":"","webmasterTools":{"miscellaneous":""},"schema":{"@context":"https:\/\/schema.org","@graph":[{"@type":"BlogPosting","@id":"https:\/\/tuplice.pl\/index.php\/2017\/09\/12\/komunikat-dot-zmiany-nazw-ulicy-w-tuplicach-2\/#blogposting","name":"Komunikat dot. zmiany nazw ulicy w Tuplicach - Gmina Tuplice","headline":"Komunikat dot. zmiany nazw ulicy w Tuplicach","author":{"@id":"https:\/\/tuplice.pl\/index.php\/author\/admin-2\/#author"},"publisher":{"@id":"https:\/\/tuplice.pl\/#organization"},"image":{"@type":"ImageObject","url":"https:\/\/tuplice.pl\/wp-content\/uploads\/2025\/07\/images.png","@id":"https:\/\/tuplice.pl\/#articleImage","width":282,"height":179},"datePublished":"2017-09-12T12:55:33+02:00","dateModified":"2017-09-12T12:55:33+02:00","inLanguage":"pl-PL","mainEntityOfPage":{"@id":"https:\/\/tuplice.pl\/index.php\/2017\/09\/12\/komunikat-dot-zmiany-nazw-ulicy-w-tuplicach-2\/#webpage"},"isPartOf":{"@id":"https:\/\/tuplice.pl\/index.php\/2017\/09\/12\/komunikat-dot-zmiany-nazw-ulicy-w-tuplicach-2\/#webpage"},"articleSection":"Aktualno\u015bci"},{"@type":"BreadcrumbList","@id":"https:\/\/tuplice.pl\/index.php\/2017\/09\/12\/komunikat-dot-zmiany-nazw-ulicy-w-tuplicach-2\/#breadcrumblist","itemListElement":[{"@type":"ListItem","@id":"https:\/\/tuplice.pl#listItem","position":1,"name":"Home","item":"https:\/\/tuplice.pl","nextItem":{"@type":"ListItem","@id":"https:\/\/tuplice.pl\/index.php\/category\/aktualnosci\/#listItem","name":"Aktualno\u015bci"}},{"@type":"ListItem","@id":"https:\/\/tuplice.pl\/index.php\/category\/aktualnosci\/#listItem","position":2,"name":"Aktualno\u015bci","item":"https:\/\/tuplice.pl\/index.php\/category\/aktualnosci\/","nextItem":{"@type":"ListItem","@id":"https:\/\/tuplice.pl\/index.php\/2017\/09\/12\/komunikat-dot-zmiany-nazw-ulicy-w-tuplicach-2\/#listItem","name":"Komunikat dot. zmiany nazw ulicy w Tuplicach"},"previousItem":{"@type":"ListItem","@id":"https:\/\/tuplice.pl#listItem","name":"Home"}},{"@type":"ListItem","@id":"https:\/\/tuplice.pl\/index.php\/2017\/09\/12\/komunikat-dot-zmiany-nazw-ulicy-w-tuplicach-2\/#listItem","position":3,"name":"Komunikat dot. zmiany nazw ulicy w Tuplicach","previousItem":{"@type":"ListItem","@id":"https:\/\/tuplice.pl\/index.php\/category\/aktualnosci\/#listItem","name":"Aktualno\u015bci"}}]},{"@type":"Organization","@id":"https:\/\/tuplice.pl\/#organization","name":"Gmina Tuplice Gmina Tuplice","description":"Strona Gminy Tuplice Strona Urz\u0119du Gminy Tuplice","url":"https:\/\/tuplice.pl\/","telephone":"+48683625720","logo":{"@type":"ImageObject","url":"https:\/\/tuplice.pl\/wp-content\/uploads\/2025\/07\/images.png","@id":"https:\/\/tuplice.pl\/index.php\/2017\/09\/12\/komunikat-dot-zmiany-nazw-ulicy-w-tuplicach-2\/#organizationLogo","width":282,"height":179},"image":{"@id":"https:\/\/tuplice.pl\/index.php\/2017\/09\/12\/komunikat-dot-zmiany-nazw-ulicy-w-tuplicach-2\/#organizationLogo"},"sameAs":["https:\/\/facebook.com\/Tuplicki Biuletyn Informacyjny","https:\/\/pinterest.com\/Tuplicki Biuletyn Informacyjny","https:\/\/youtube.com\/Tuplicki Biuletyn Informacyjny"]},{"@type":"Person","@id":"https:\/\/tuplice.pl\/index.php\/author\/admin-2\/#author","url":"https:\/\/tuplice.pl\/index.php\/author\/admin-2\/","name":"admin","image":{"@type":"ImageObject","@id":"https:\/\/tuplice.pl\/index.php\/2017\/09\/12\/komunikat-dot-zmiany-nazw-ulicy-w-tuplicach-2\/#authorImage","url":"https:\/\/secure.gravatar.com\/avatar\/8a55bb0a6c2b7d7d608f6e5c7d99e391?s=96&d=mm&r=g","width":96,"height":96,"caption":"admin"}},{"@type":"WebPage","@id":"https:\/\/tuplice.pl\/index.php\/2017\/09\/12\/komunikat-dot-zmiany-nazw-ulicy-w-tuplicach-2\/#webpage","url":"https:\/\/tuplice.pl\/index.php\/2017\/09\/12\/komunikat-dot-zmiany-nazw-ulicy-w-tuplicach-2\/","name":"Komunikat dot. zmiany nazw ulicy w Tuplicach - Gmina Tuplice","description":"Z uwagi na podj\u0119t\u0105 przez Rad\u0119 Gminy Tuplice, w wyniku przeprowadzonych konsultacji spo\u0142ecznych, Uchwa\u0142\u0119 nr XXVI\/163\/17 z dnia 30 czerwca 2017 r. w sprawie zmiany nazwy ulicy \u015awierczewskiego w miejscowo\u015bci Tuplice., zmieniono nazw\u0119: - ulica \u015awierczewskiego na ulica Parkowa Uchwa\u0142a wesz\u0142a w \u017cycie z dniem 1 sierpnia 2017 r. 1.Zmiana nazwy ulicy jest efektem wej\u015bcia","inLanguage":"pl-PL","isPartOf":{"@id":"https:\/\/tuplice.pl\/#website"},"breadcrumb":{"@id":"https:\/\/tuplice.pl\/index.php\/2017\/09\/12\/komunikat-dot-zmiany-nazw-ulicy-w-tuplicach-2\/#breadcrumblist"},"author":{"@id":"https:\/\/tuplice.pl\/index.php\/author\/admin-2\/#author"},"creator":{"@id":"https:\/\/tuplice.pl\/index.php\/author\/admin-2\/#author"},"datePublished":"2017-09-12T12:55:33+02:00","dateModified":"2017-09-12T12:55:33+02:00"},{"@type":"WebSite","@id":"https:\/\/tuplice.pl\/#website","url":"https:\/\/tuplice.pl\/","name":"Gmina Tuplice","description":"Strona Gminy Tuplice","inLanguage":"pl-PL","publisher":{"@id":"https:\/\/tuplice.pl\/#organization"}}]},"og:locale":"pl_PL","og:site_name":"Gmina Tuplice - Strona Gminy Tuplice","og:type":"article","og:title":"Komunikat dot. zmiany nazw ulicy w Tuplicach - Gmina Tuplice","og:description":"Z uwagi na podj\u0119t\u0105 przez Rad\u0119 Gminy Tuplice, w wyniku przeprowadzonych konsultacji spo\u0142ecznych, Uchwa\u0142\u0119 nr XXVI\/163\/17 z dnia 30 czerwca 2017 r. w sprawie zmiany nazwy ulicy \u015awierczewskiego w miejscowo\u015bci Tuplice., zmieniono nazw\u0119: - ulica \u015awierczewskiego na ulica Parkowa Uchwa\u0142a wesz\u0142a w \u017cycie z dniem 1 sierpnia 2017 r. 1.Zmiana nazwy ulicy jest efektem wej\u015bcia","og:url":"https:\/\/tuplice.pl\/index.php\/2017\/09\/12\/komunikat-dot-zmiany-nazw-ulicy-w-tuplicach-2\/","article:published_time":"2017-09-12T10:55:33+00:00","article:modified_time":"2017-09-12T10:55:33+00:00","article:publisher":"https:\/\/facebook.com\/Tuplicki Biuletyn Informacyjny","twitter:card":"summary_large_image","twitter:title":"Komunikat dot. zmiany nazw ulicy w Tuplicach - Gmina Tuplice","twitter:description":"Z uwagi na podj\u0119t\u0105 przez Rad\u0119 Gminy Tuplice, w wyniku przeprowadzonych konsultacji spo\u0142ecznych, Uchwa\u0142\u0119 nr XXVI\/163\/17 z dnia 30 czerwca 2017 r. w sprawie zmiany nazwy ulicy \u015awierczewskiego w miejscowo\u015bci Tuplice., zmieniono nazw\u0119: - ulica \u015awierczewskiego na ulica Parkowa Uchwa\u0142a wesz\u0142a w \u017cycie z dniem 1 sierpnia 2017 r. 1.Zmiana nazwy ulicy jest efektem wej\u015bcia"},"aioseo_meta_data":{"post_id":"1794","title":null,"description":null,"keywords":null,"keyphrases":null,"primary_term":null,"canonical_url":null,"og_title":null,"og_description":null,"og_object_type":"default","og_image_type":"default","og_image_url":null,"og_image_width":null,"og_image_height":null,"og_image_custom_url":null,"og_image_custom_fields":null,"og_video":null,"og_custom_url":null,"og_article_section":null,"og_article_tags":null,"twitter_use_og":false,"twitter_card":"default","twitter_image_type":"default","twitter_image_url":null,"twitter_image_custom_url":null,"twitter_image_custom_fields":null,"twitter_title":null,"twitter_description":null,"schema":{"blockGraphs":[],"customGraphs":[],"default":{"data":{"Article":[],"Course":[],"Dataset":[],"FAQPage":[],"Movie":[],"Person":[],"Product":[],"ProductReview":[],"Car":[],"Recipe":[],"Service":[],"SoftwareApplication":[],"WebPage":[]},"graphName":"","isEnabled":true},"graphs":[]},"schema_type":"default","schema_type_options":null,"pillar_content":false,"robots_default":true,"robots_noindex":false,"robots_noarchive":false,"robots_nosnippet":false,"robots_nofollow":false,"robots_noimageindex":false,"robots_noodp":false,"robots_notranslate":false,"robots_max_snippet":null,"robots_max_videopreview":null,"robots_max_imagepreview":"large","priority":null,"frequency":null,"local_seo":null,"breadcrumb_settings":null,"limit_modified_date":false,"ai":null,"created":"2025-07-22 22:21:38","updated":"2025-07-22 22:21:38","seo_analyzer_scan_date":null},"aioseo_breadcrumb":"<div class=\"aioseo-breadcrumbs\"><span class=\"aioseo-breadcrumb\">\n\t\t\t<a href=\"https:\/\/tuplice.pl\" title=\"Home\">Home<\/a>\n\t\t<\/span><span class=\"aioseo-breadcrumb-separator\">&raquo;<\/span><span class=\"aioseo-breadcrumb\">\n\t\t\t<a href=\"https:\/\/tuplice.pl\/index.php\/category\/aktualnosci\/\" title=\"Aktualno\u015bci\">Aktualno\u015bci<\/a>\n\t\t<\/span><span class=\"aioseo-breadcrumb-separator\">&raquo;<\/span><span class=\"aioseo-breadcrumb\">\n\t\t\tKomunikat dot. zmiany nazw ulicy w Tuplicach\n\t\t<\/span><\/div>","aioseo_breadcrumb_json":[{"label":"Home","link":"https:\/\/tuplice.pl"},{"label":"Aktualno\u015bci","link":"https:\/\/tuplice.pl\/index.php\/category\/aktualnosci\/"},{"label":"Komunikat dot. zmiany nazw ulicy w Tuplicach","link":"https:\/\/tuplice.pl\/index.php\/2017\/09\/12\/komunikat-dot-zmiany-nazw-ulicy-w-tuplicach-2\/"}],"a3_pvc":{"activated":false,"total_views":0,"today_views":0},"_links":{"self":[{"href":"https:\/\/tuplice.pl\/index.php\/wp-json\/wp\/v2\/posts\/1794"}],"collection":[{"href":"https:\/\/tuplice.pl\/index.php\/wp-json\/wp\/v2\/posts"}],"about":[{"href":"https:\/\/tuplice.pl\/index.php\/wp-json\/wp\/v2\/types\/post"}],"author":[{"embeddable":true,"href":"https:\/\/tuplice.pl\/index.php\/wp-json\/wp\/v2\/users\/4"}],"replies":[{"embeddable":true,"href":"https:\/\/tuplice.pl\/index.php\/wp-json\/wp\/v2\/comments?post=1794"}],"version-history":[{"count":0,"href":"https:\/\/tuplice.pl\/index.php\/wp-json\/wp\/v2\/posts\/1794\/revisions"}],"wp:attachment":[{"href":"https:\/\/tuplice.pl\/index.php\/wp-json\/wp\/v2\/media?parent=1794"}],"wp:term":[{"taxonomy":"category","embeddable":true,"href":"https:\/\/tuplice.pl\/index.php\/wp-json\/wp\/v2\/categories?post=1794"},{"taxonomy":"post_tag","embeddable":true,"href":"https:\/\/tuplice.pl\/index.php\/wp-json\/wp\/v2\/tags?post=1794"}],"curies":[{"name":"wp","href":"https:\/\/api.w.org\/{rel}","templated":true}]}}