{"id":1795,"date":"2017-09-13T06:26:55","date_gmt":"2017-09-13T04:26:55","guid":{"rendered":"https:\/\/tuplice.pl\/awaria-gimbusa-rozklad-jazdy-na-14-09-2017r-2\/"},"modified":"2017-09-13T06:26:55","modified_gmt":"2017-09-13T04:26:55","slug":"awaria-gimbusa-rozklad-jazdy-na-14-09-2017r-2","status":"publish","type":"post","link":"https:\/\/tuplice.pl\/index.php\/2017\/09\/13\/awaria-gimbusa-rozklad-jazdy-na-14-09-2017r-2\/","title":{"rendered":"AWARIA GIMBUSA &#8211; ROZK\u0141AD JAZDY NA 14.09.2017r."},"content":{"rendered":"<p>Z powodu awarii autobusu szkolnego (tzw. gimbusa), w dniu jutrzejszym (14 wrze\u015bnia) b\u0119dzie obowi\u0105zywa\u0142 nast\u0119puj\u0105cy rozk\u0142ad jazdy:<\/p>\n<p>DOWOZY<br \/>Grab\u00f3w &#8211; 8:20<br \/>Chlebice &#8211; 8:25<br \/>Czerna &#8211; 8:30<br \/>D\u0119binka &#8211; 8:50<br \/>Rytwiny &#8211; 8:55<br \/>Cielm\u00f3w &#8211; 9:00<\/p>\n<p>ODWOZY<br \/>Chlebice &#8211; 13:35<br \/>Rytwiny &#8211; 13:45<br \/>D\u0119binka &#8211; 13:50<br \/>Che\u0142mica &#8211; 14:10<\/p>\n<p>Za utrudnienia przepraszamy.<\/p>\n","protected":false},"excerpt":{"rendered":"<p>Z powodu awarii autobusu szkolnego (tzw. gimbusa), w dniu jutrzejszym (14 wrze\u015bnia) b\u0119dzie obowi\u0105zywa\u0142 nast\u0119puj\u0105cy rozk\u0142ad jazdy: DOWOZYGrab\u00f3w &#8211; 8:20Chlebice &#8211; 8:25Czerna &#8211; 8:30D\u0119binka &#8211; 8:50Rytwiny &#8211; 8:55Cielm\u00f3w &#8211; 9:00 ODWOZYChlebice &#8211; 13:35Rytwiny &#8211; 13:45D\u0119binka &#8211; 13:50Che\u0142mica &#8211; 14:10 Za utrudnienia przepraszamy.<\/p>\n","protected":false},"author":4,"featured_media":0,"comment_status":"closed","ping_status":"closed","sticky":false,"template":"","format":"standard","meta":{"_et_pb_use_builder":"","_et_pb_old_content":"","_et_gb_content_width":"","_monsterinsights_skip_tracking":false},"categories":[82],"tags":[],"aioseo_notices":[],"aioseo_head":"\n\t\t<!-- All in One SEO 4.9.10 - aioseo.com -->\n\t<meta name=\"description\" content=\"Z powodu awarii autobusu szkolnego (tzw. gimbusa), w dniu jutrzejszym (14 wrze\u015bnia) b\u0119dzie obowi\u0105zywa\u0142 nast\u0119puj\u0105cy rozk\u0142ad jazdy: DOWOZYGrab\u00f3w - 8:20Chlebice - 8:25Czerna - 8:30D\u0119binka - 8:50Rytwiny - 8:55Cielm\u00f3w - 9:00ODWOZYChlebice - 13:35Rytwiny - 13:45D\u0119binka - 13:50Che\u0142mica - 14:10Za utrudnienia przepraszamy.\" \/>\n\t<meta name=\"robots\" content=\"max-image-preview:large\" \/>\n\t<meta name=\"author\" content=\"admin\"\/>\n\t<link rel=\"canonical\" href=\"https:\/\/tuplice.pl\/index.php\/2017\/09\/13\/awaria-gimbusa-rozklad-jazdy-na-14-09-2017r-2\/\" \/>\n\t<meta name=\"generator\" content=\"All in One SEO (AIOSEO) 4.9.10\" \/>\n\t\t<meta property=\"og:locale\" content=\"pl_PL\" \/>\n\t\t<meta property=\"og:site_name\" content=\"Gmina Tuplice - Strona Gminy Tuplice\" \/>\n\t\t<meta property=\"og:type\" content=\"article\" \/>\n\t\t<meta property=\"og:title\" content=\"AWARIA GIMBUSA \u2013 ROZK\u0141AD JAZDY NA 14.09.2017r. - Gmina Tuplice\" \/>\n\t\t<meta property=\"og:description\" content=\"Z powodu awarii autobusu szkolnego (tzw. gimbusa), w dniu jutrzejszym (14 wrze\u015bnia) b\u0119dzie obowi\u0105zywa\u0142 nast\u0119puj\u0105cy rozk\u0142ad jazdy: DOWOZYGrab\u00f3w - 8:20Chlebice - 8:25Czerna - 8:30D\u0119binka - 8:50Rytwiny - 8:55Cielm\u00f3w - 9:00ODWOZYChlebice - 13:35Rytwiny - 13:45D\u0119binka - 13:50Che\u0142mica - 14:10Za utrudnienia przepraszamy.\" \/>\n\t\t<meta property=\"og:url\" content=\"https:\/\/tuplice.pl\/index.php\/2017\/09\/13\/awaria-gimbusa-rozklad-jazdy-na-14-09-2017r-2\/\" \/>\n\t\t<meta property=\"article:published_time\" content=\"2017-09-13T04:26:55+00:00\" \/>\n\t\t<meta property=\"article:modified_time\" content=\"2017-09-13T04:26:55+00:00\" \/>\n\t\t<meta property=\"article:publisher\" content=\"https:\/\/facebook.com\/Tuplicki Biuletyn Informacyjny\" \/>\n\t\t<meta name=\"twitter:card\" content=\"summary_large_image\" \/>\n\t\t<meta name=\"twitter:title\" content=\"AWARIA GIMBUSA \u2013 ROZK\u0141AD JAZDY NA 14.09.2017r. - Gmina Tuplice\" \/>\n\t\t<meta name=\"twitter:description\" content=\"Z powodu awarii autobusu szkolnego (tzw. gimbusa), w dniu jutrzejszym (14 wrze\u015bnia) b\u0119dzie obowi\u0105zywa\u0142 nast\u0119puj\u0105cy rozk\u0142ad jazdy: DOWOZYGrab\u00f3w - 8:20Chlebice - 8:25Czerna - 8:30D\u0119binka - 8:50Rytwiny - 8:55Cielm\u00f3w - 9:00ODWOZYChlebice - 13:35Rytwiny - 13:45D\u0119binka - 13:50Che\u0142mica - 14:10Za utrudnienia przepraszamy.\" \/>\n\t\t<script type=\"application\/ld+json\" class=\"aioseo-schema\">\n\t\t\t{\"@context\":\"https:\\\/\\\/schema.org\",\"@graph\":[{\"@type\":\"BlogPosting\",\"@id\":\"https:\\\/\\\/tuplice.pl\\\/index.php\\\/2017\\\/09\\\/13\\\/awaria-gimbusa-rozklad-jazdy-na-14-09-2017r-2\\\/#blogposting\",\"name\":\"AWARIA GIMBUSA \\u2013 ROZK\\u0141AD JAZDY NA 14.09.2017r. - Gmina Tuplice\",\"headline\":\"AWARIA GIMBUSA &#8211; ROZK\\u0141AD JAZDY NA 14.09.2017r.\",\"author\":{\"@id\":\"https:\\\/\\\/tuplice.pl\\\/index.php\\\/author\\\/admin-2\\\/#author\"},\"publisher\":{\"@id\":\"https:\\\/\\\/tuplice.pl\\\/#organization\"},\"image\":{\"@type\":\"ImageObject\",\"url\":\"https:\\\/\\\/tuplice.pl\\\/wp-content\\\/uploads\\\/2025\\\/07\\\/images.png\",\"@id\":\"https:\\\/\\\/tuplice.pl\\\/#articleImage\",\"width\":282,\"height\":179},\"datePublished\":\"2017-09-13T06:26:55+02:00\",\"dateModified\":\"2017-09-13T06:26:55+02:00\",\"inLanguage\":\"pl-PL\",\"mainEntityOfPage\":{\"@id\":\"https:\\\/\\\/tuplice.pl\\\/index.php\\\/2017\\\/09\\\/13\\\/awaria-gimbusa-rozklad-jazdy-na-14-09-2017r-2\\\/#webpage\"},\"isPartOf\":{\"@id\":\"https:\\\/\\\/tuplice.pl\\\/index.php\\\/2017\\\/09\\\/13\\\/awaria-gimbusa-rozklad-jazdy-na-14-09-2017r-2\\\/#webpage\"},\"articleSection\":\"Aktualno\\u015bci\"},{\"@type\":\"BreadcrumbList\",\"@id\":\"https:\\\/\\\/tuplice.pl\\\/index.php\\\/2017\\\/09\\\/13\\\/awaria-gimbusa-rozklad-jazdy-na-14-09-2017r-2\\\/#breadcrumblist\",\"itemListElement\":[{\"@type\":\"ListItem\",\"@id\":\"https:\\\/\\\/tuplice.pl#listItem\",\"position\":1,\"name\":\"Home\",\"item\":\"https:\\\/\\\/tuplice.pl\",\"nextItem\":{\"@type\":\"ListItem\",\"@id\":\"https:\\\/\\\/tuplice.pl\\\/index.php\\\/category\\\/aktualnosci\\\/#listItem\",\"name\":\"Aktualno\\u015bci\"}},{\"@type\":\"ListItem\",\"@id\":\"https:\\\/\\\/tuplice.pl\\\/index.php\\\/category\\\/aktualnosci\\\/#listItem\",\"position\":2,\"name\":\"Aktualno\\u015bci\",\"item\":\"https:\\\/\\\/tuplice.pl\\\/index.php\\\/category\\\/aktualnosci\\\/\",\"nextItem\":{\"@type\":\"ListItem\",\"@id\":\"https:\\\/\\\/tuplice.pl\\\/index.php\\\/2017\\\/09\\\/13\\\/awaria-gimbusa-rozklad-jazdy-na-14-09-2017r-2\\\/#listItem\",\"name\":\"AWARIA GIMBUSA &#8211; ROZK\\u0141AD JAZDY NA 14.09.2017r.\"},\"previousItem\":{\"@type\":\"ListItem\",\"@id\":\"https:\\\/\\\/tuplice.pl#listItem\",\"name\":\"Home\"}},{\"@type\":\"ListItem\",\"@id\":\"https:\\\/\\\/tuplice.pl\\\/index.php\\\/2017\\\/09\\\/13\\\/awaria-gimbusa-rozklad-jazdy-na-14-09-2017r-2\\\/#listItem\",\"position\":3,\"name\":\"AWARIA GIMBUSA &#8211; ROZK\\u0141AD JAZDY NA 14.09.2017r.\",\"previousItem\":{\"@type\":\"ListItem\",\"@id\":\"https:\\\/\\\/tuplice.pl\\\/index.php\\\/category\\\/aktualnosci\\\/#listItem\",\"name\":\"Aktualno\\u015bci\"}}]},{\"@type\":\"Organization\",\"@id\":\"https:\\\/\\\/tuplice.pl\\\/#organization\",\"name\":\"Gmina Tuplice Gmina Tuplice\",\"description\":\"Strona Gminy Tuplice Strona Urz\\u0119du Gminy Tuplice\",\"url\":\"https:\\\/\\\/tuplice.pl\\\/\",\"telephone\":\"+48683625720\",\"logo\":{\"@type\":\"ImageObject\",\"url\":\"https:\\\/\\\/tuplice.pl\\\/wp-content\\\/uploads\\\/2025\\\/07\\\/images.png\",\"@id\":\"https:\\\/\\\/tuplice.pl\\\/index.php\\\/2017\\\/09\\\/13\\\/awaria-gimbusa-rozklad-jazdy-na-14-09-2017r-2\\\/#organizationLogo\",\"width\":282,\"height\":179},\"image\":{\"@id\":\"https:\\\/\\\/tuplice.pl\\\/index.php\\\/2017\\\/09\\\/13\\\/awaria-gimbusa-rozklad-jazdy-na-14-09-2017r-2\\\/#organizationLogo\"},\"sameAs\":[\"https:\\\/\\\/facebook.com\\\/Tuplicki Biuletyn Informacyjny\",\"https:\\\/\\\/pinterest.com\\\/Tuplicki Biuletyn Informacyjny\",\"https:\\\/\\\/youtube.com\\\/Tuplicki Biuletyn Informacyjny\"]},{\"@type\":\"Person\",\"@id\":\"https:\\\/\\\/tuplice.pl\\\/index.php\\\/author\\\/admin-2\\\/#author\",\"url\":\"https:\\\/\\\/tuplice.pl\\\/index.php\\\/author\\\/admin-2\\\/\",\"name\":\"admin\",\"image\":{\"@type\":\"ImageObject\",\"@id\":\"https:\\\/\\\/tuplice.pl\\\/index.php\\\/2017\\\/09\\\/13\\\/awaria-gimbusa-rozklad-jazdy-na-14-09-2017r-2\\\/#authorImage\",\"url\":\"https:\\\/\\\/secure.gravatar.com\\\/avatar\\\/8a55bb0a6c2b7d7d608f6e5c7d99e391?s=96&d=mm&r=g\",\"width\":96,\"height\":96,\"caption\":\"admin\"}},{\"@type\":\"WebPage\",\"@id\":\"https:\\\/\\\/tuplice.pl\\\/index.php\\\/2017\\\/09\\\/13\\\/awaria-gimbusa-rozklad-jazdy-na-14-09-2017r-2\\\/#webpage\",\"url\":\"https:\\\/\\\/tuplice.pl\\\/index.php\\\/2017\\\/09\\\/13\\\/awaria-gimbusa-rozklad-jazdy-na-14-09-2017r-2\\\/\",\"name\":\"AWARIA GIMBUSA \\u2013 ROZK\\u0141AD JAZDY NA 14.09.2017r. - Gmina Tuplice\",\"description\":\"Z powodu awarii autobusu szkolnego (tzw. gimbusa), w dniu jutrzejszym (14 wrze\\u015bnia) b\\u0119dzie obowi\\u0105zywa\\u0142 nast\\u0119puj\\u0105cy rozk\\u0142ad jazdy: DOWOZYGrab\\u00f3w - 8:20Chlebice - 8:25Czerna - 8:30D\\u0119binka - 8:50Rytwiny - 8:55Cielm\\u00f3w - 9:00ODWOZYChlebice - 13:35Rytwiny - 13:45D\\u0119binka - 13:50Che\\u0142mica - 14:10Za utrudnienia przepraszamy.\",\"inLanguage\":\"pl-PL\",\"isPartOf\":{\"@id\":\"https:\\\/\\\/tuplice.pl\\\/#website\"},\"breadcrumb\":{\"@id\":\"https:\\\/\\\/tuplice.pl\\\/index.php\\\/2017\\\/09\\\/13\\\/awaria-gimbusa-rozklad-jazdy-na-14-09-2017r-2\\\/#breadcrumblist\"},\"author\":{\"@id\":\"https:\\\/\\\/tuplice.pl\\\/index.php\\\/author\\\/admin-2\\\/#author\"},\"creator\":{\"@id\":\"https:\\\/\\\/tuplice.pl\\\/index.php\\\/author\\\/admin-2\\\/#author\"},\"datePublished\":\"2017-09-13T06:26:55+02:00\",\"dateModified\":\"2017-09-13T06:26:55+02:00\"},{\"@type\":\"WebSite\",\"@id\":\"https:\\\/\\\/tuplice.pl\\\/#website\",\"url\":\"https:\\\/\\\/tuplice.pl\\\/\",\"name\":\"Gmina Tuplice\",\"description\":\"Strona Gminy Tuplice\",\"inLanguage\":\"pl-PL\",\"publisher\":{\"@id\":\"https:\\\/\\\/tuplice.pl\\\/#organization\"}}]}\n\t\t<\/script>\n\t\t<!-- All in One SEO -->\n\n","aioseo_head_json":{"title":"AWARIA GIMBUSA \u2013 ROZK\u0141AD JAZDY NA 14.09.2017r. - Gmina Tuplice","description":"Z powodu awarii autobusu szkolnego (tzw. gimbusa), w dniu jutrzejszym (14 wrze\u015bnia) b\u0119dzie obowi\u0105zywa\u0142 nast\u0119puj\u0105cy rozk\u0142ad jazdy: DOWOZYGrab\u00f3w - 8:20Chlebice - 8:25Czerna - 8:30D\u0119binka - 8:50Rytwiny - 8:55Cielm\u00f3w - 9:00ODWOZYChlebice - 13:35Rytwiny - 13:45D\u0119binka - 13:50Che\u0142mica - 14:10Za utrudnienia przepraszamy.","canonical_url":"https:\/\/tuplice.pl\/index.php\/2017\/09\/13\/awaria-gimbusa-rozklad-jazdy-na-14-09-2017r-2\/","robots":"max-image-preview:large","keywords":"","webmasterTools":{"miscellaneous":""},"schema":{"@context":"https:\/\/schema.org","@graph":[{"@type":"BlogPosting","@id":"https:\/\/tuplice.pl\/index.php\/2017\/09\/13\/awaria-gimbusa-rozklad-jazdy-na-14-09-2017r-2\/#blogposting","name":"AWARIA GIMBUSA \u2013 ROZK\u0141AD JAZDY NA 14.09.2017r. - Gmina Tuplice","headline":"AWARIA GIMBUSA &#8211; ROZK\u0141AD JAZDY NA 14.09.2017r.","author":{"@id":"https:\/\/tuplice.pl\/index.php\/author\/admin-2\/#author"},"publisher":{"@id":"https:\/\/tuplice.pl\/#organization"},"image":{"@type":"ImageObject","url":"https:\/\/tuplice.pl\/wp-content\/uploads\/2025\/07\/images.png","@id":"https:\/\/tuplice.pl\/#articleImage","width":282,"height":179},"datePublished":"2017-09-13T06:26:55+02:00","dateModified":"2017-09-13T06:26:55+02:00","inLanguage":"pl-PL","mainEntityOfPage":{"@id":"https:\/\/tuplice.pl\/index.php\/2017\/09\/13\/awaria-gimbusa-rozklad-jazdy-na-14-09-2017r-2\/#webpage"},"isPartOf":{"@id":"https:\/\/tuplice.pl\/index.php\/2017\/09\/13\/awaria-gimbusa-rozklad-jazdy-na-14-09-2017r-2\/#webpage"},"articleSection":"Aktualno\u015bci"},{"@type":"BreadcrumbList","@id":"https:\/\/tuplice.pl\/index.php\/2017\/09\/13\/awaria-gimbusa-rozklad-jazdy-na-14-09-2017r-2\/#breadcrumblist","itemListElement":[{"@type":"ListItem","@id":"https:\/\/tuplice.pl#listItem","position":1,"name":"Home","item":"https:\/\/tuplice.pl","nextItem":{"@type":"ListItem","@id":"https:\/\/tuplice.pl\/index.php\/category\/aktualnosci\/#listItem","name":"Aktualno\u015bci"}},{"@type":"ListItem","@id":"https:\/\/tuplice.pl\/index.php\/category\/aktualnosci\/#listItem","position":2,"name":"Aktualno\u015bci","item":"https:\/\/tuplice.pl\/index.php\/category\/aktualnosci\/","nextItem":{"@type":"ListItem","@id":"https:\/\/tuplice.pl\/index.php\/2017\/09\/13\/awaria-gimbusa-rozklad-jazdy-na-14-09-2017r-2\/#listItem","name":"AWARIA GIMBUSA &#8211; ROZK\u0141AD JAZDY NA 14.09.2017r."},"previousItem":{"@type":"ListItem","@id":"https:\/\/tuplice.pl#listItem","name":"Home"}},{"@type":"ListItem","@id":"https:\/\/tuplice.pl\/index.php\/2017\/09\/13\/awaria-gimbusa-rozklad-jazdy-na-14-09-2017r-2\/#listItem","position":3,"name":"AWARIA GIMBUSA &#8211; ROZK\u0141AD JAZDY NA 14.09.2017r.","previousItem":{"@type":"ListItem","@id":"https:\/\/tuplice.pl\/index.php\/category\/aktualnosci\/#listItem","name":"Aktualno\u015bci"}}]},{"@type":"Organization","@id":"https:\/\/tuplice.pl\/#organization","name":"Gmina Tuplice Gmina Tuplice","description":"Strona Gminy Tuplice Strona Urz\u0119du Gminy Tuplice","url":"https:\/\/tuplice.pl\/","telephone":"+48683625720","logo":{"@type":"ImageObject","url":"https:\/\/tuplice.pl\/wp-content\/uploads\/2025\/07\/images.png","@id":"https:\/\/tuplice.pl\/index.php\/2017\/09\/13\/awaria-gimbusa-rozklad-jazdy-na-14-09-2017r-2\/#organizationLogo","width":282,"height":179},"image":{"@id":"https:\/\/tuplice.pl\/index.php\/2017\/09\/13\/awaria-gimbusa-rozklad-jazdy-na-14-09-2017r-2\/#organizationLogo"},"sameAs":["https:\/\/facebook.com\/Tuplicki Biuletyn Informacyjny","https:\/\/pinterest.com\/Tuplicki Biuletyn Informacyjny","https:\/\/youtube.com\/Tuplicki Biuletyn Informacyjny"]},{"@type":"Person","@id":"https:\/\/tuplice.pl\/index.php\/author\/admin-2\/#author","url":"https:\/\/tuplice.pl\/index.php\/author\/admin-2\/","name":"admin","image":{"@type":"ImageObject","@id":"https:\/\/tuplice.pl\/index.php\/2017\/09\/13\/awaria-gimbusa-rozklad-jazdy-na-14-09-2017r-2\/#authorImage","url":"https:\/\/secure.gravatar.com\/avatar\/8a55bb0a6c2b7d7d608f6e5c7d99e391?s=96&d=mm&r=g","width":96,"height":96,"caption":"admin"}},{"@type":"WebPage","@id":"https:\/\/tuplice.pl\/index.php\/2017\/09\/13\/awaria-gimbusa-rozklad-jazdy-na-14-09-2017r-2\/#webpage","url":"https:\/\/tuplice.pl\/index.php\/2017\/09\/13\/awaria-gimbusa-rozklad-jazdy-na-14-09-2017r-2\/","name":"AWARIA GIMBUSA \u2013 ROZK\u0141AD JAZDY NA 14.09.2017r. - Gmina Tuplice","description":"Z powodu awarii autobusu szkolnego (tzw. gimbusa), w dniu jutrzejszym (14 wrze\u015bnia) b\u0119dzie obowi\u0105zywa\u0142 nast\u0119puj\u0105cy rozk\u0142ad jazdy: DOWOZYGrab\u00f3w - 8:20Chlebice - 8:25Czerna - 8:30D\u0119binka - 8:50Rytwiny - 8:55Cielm\u00f3w - 9:00ODWOZYChlebice - 13:35Rytwiny - 13:45D\u0119binka - 13:50Che\u0142mica - 14:10Za utrudnienia przepraszamy.","inLanguage":"pl-PL","isPartOf":{"@id":"https:\/\/tuplice.pl\/#website"},"breadcrumb":{"@id":"https:\/\/tuplice.pl\/index.php\/2017\/09\/13\/awaria-gimbusa-rozklad-jazdy-na-14-09-2017r-2\/#breadcrumblist"},"author":{"@id":"https:\/\/tuplice.pl\/index.php\/author\/admin-2\/#author"},"creator":{"@id":"https:\/\/tuplice.pl\/index.php\/author\/admin-2\/#author"},"datePublished":"2017-09-13T06:26:55+02:00","dateModified":"2017-09-13T06:26:55+02:00"},{"@type":"WebSite","@id":"https:\/\/tuplice.pl\/#website","url":"https:\/\/tuplice.pl\/","name":"Gmina Tuplice","description":"Strona Gminy Tuplice","inLanguage":"pl-PL","publisher":{"@id":"https:\/\/tuplice.pl\/#organization"}}]},"og:locale":"pl_PL","og:site_name":"Gmina Tuplice - Strona Gminy Tuplice","og:type":"article","og:title":"AWARIA GIMBUSA \u2013 ROZK\u0141AD JAZDY NA 14.09.2017r. - Gmina Tuplice","og:description":"Z powodu awarii autobusu szkolnego (tzw. gimbusa), w dniu jutrzejszym (14 wrze\u015bnia) b\u0119dzie obowi\u0105zywa\u0142 nast\u0119puj\u0105cy rozk\u0142ad jazdy: DOWOZYGrab\u00f3w - 8:20Chlebice - 8:25Czerna - 8:30D\u0119binka - 8:50Rytwiny - 8:55Cielm\u00f3w - 9:00ODWOZYChlebice - 13:35Rytwiny - 13:45D\u0119binka - 13:50Che\u0142mica - 14:10Za utrudnienia przepraszamy.","og:url":"https:\/\/tuplice.pl\/index.php\/2017\/09\/13\/awaria-gimbusa-rozklad-jazdy-na-14-09-2017r-2\/","article:published_time":"2017-09-13T04:26:55+00:00","article:modified_time":"2017-09-13T04:26:55+00:00","article:publisher":"https:\/\/facebook.com\/Tuplicki Biuletyn Informacyjny","twitter:card":"summary_large_image","twitter:title":"AWARIA GIMBUSA \u2013 ROZK\u0141AD JAZDY NA 14.09.2017r. - Gmina Tuplice","twitter:description":"Z powodu awarii autobusu szkolnego (tzw. gimbusa), w dniu jutrzejszym (14 wrze\u015bnia) b\u0119dzie obowi\u0105zywa\u0142 nast\u0119puj\u0105cy rozk\u0142ad jazdy: DOWOZYGrab\u00f3w - 8:20Chlebice - 8:25Czerna - 8:30D\u0119binka - 8:50Rytwiny - 8:55Cielm\u00f3w - 9:00ODWOZYChlebice - 13:35Rytwiny - 13:45D\u0119binka - 13:50Che\u0142mica - 14:10Za utrudnienia przepraszamy."},"aioseo_meta_data":{"post_id":"1795","title":null,"description":null,"keywords":null,"keyphrases":null,"primary_term":null,"canonical_url":null,"og_title":null,"og_description":null,"og_object_type":"default","og_image_type":"default","og_image_url":null,"og_image_width":null,"og_image_height":null,"og_image_custom_url":null,"og_image_custom_fields":null,"og_video":null,"og_custom_url":null,"og_article_section":null,"og_article_tags":null,"twitter_use_og":false,"twitter_card":"default","twitter_image_type":"default","twitter_image_url":null,"twitter_image_custom_url":null,"twitter_image_custom_fields":null,"twitter_title":null,"twitter_description":null,"schema":{"blockGraphs":[],"customGraphs":[],"default":{"data":{"Article":[],"Course":[],"Dataset":[],"FAQPage":[],"Movie":[],"Person":[],"Product":[],"ProductReview":[],"Car":[],"Recipe":[],"Service":[],"SoftwareApplication":[],"WebPage":[]},"graphName":"","isEnabled":true},"graphs":[]},"schema_type":"default","schema_type_options":null,"pillar_content":false,"robots_default":true,"robots_noindex":false,"robots_noarchive":false,"robots_nosnippet":false,"robots_nofollow":false,"robots_noimageindex":false,"robots_noodp":false,"robots_notranslate":false,"robots_max_snippet":null,"robots_max_videopreview":null,"robots_max_imagepreview":"large","priority":null,"frequency":null,"local_seo":null,"breadcrumb_settings":null,"limit_modified_date":false,"ai":null,"created":"2025-07-22 22:32:47","updated":"2025-07-22 22:32:47","seo_analyzer_scan_date":null},"aioseo_breadcrumb":"<div class=\"aioseo-breadcrumbs\"><span class=\"aioseo-breadcrumb\">\n\t\t\t<a href=\"https:\/\/tuplice.pl\" title=\"Home\">Home<\/a>\n\t\t<\/span><span class=\"aioseo-breadcrumb-separator\">&raquo;<\/span><span class=\"aioseo-breadcrumb\">\n\t\t\t<a href=\"https:\/\/tuplice.pl\/index.php\/category\/aktualnosci\/\" title=\"Aktualno\u015bci\">Aktualno\u015bci<\/a>\n\t\t<\/span><span class=\"aioseo-breadcrumb-separator\">&raquo;<\/span><span class=\"aioseo-breadcrumb\">\n\t\t\tAWARIA GIMBUSA \u2013 ROZK\u0141AD JAZDY NA 14.09.2017r.\n\t\t<\/span><\/div>","aioseo_breadcrumb_json":[{"label":"Home","link":"https:\/\/tuplice.pl"},{"label":"Aktualno\u015bci","link":"https:\/\/tuplice.pl\/index.php\/category\/aktualnosci\/"},{"label":"AWARIA GIMBUSA &#8211; ROZK\u0141AD JAZDY NA 14.09.2017r.","link":"https:\/\/tuplice.pl\/index.php\/2017\/09\/13\/awaria-gimbusa-rozklad-jazdy-na-14-09-2017r-2\/"}],"a3_pvc":{"activated":false,"total_views":0,"today_views":0},"_links":{"self":[{"href":"https:\/\/tuplice.pl\/index.php\/wp-json\/wp\/v2\/posts\/1795"}],"collection":[{"href":"https:\/\/tuplice.pl\/index.php\/wp-json\/wp\/v2\/posts"}],"about":[{"href":"https:\/\/tuplice.pl\/index.php\/wp-json\/wp\/v2\/types\/post"}],"author":[{"embeddable":true,"href":"https:\/\/tuplice.pl\/index.php\/wp-json\/wp\/v2\/users\/4"}],"replies":[{"embeddable":true,"href":"https:\/\/tuplice.pl\/index.php\/wp-json\/wp\/v2\/comments?post=1795"}],"version-history":[{"count":0,"href":"https:\/\/tuplice.pl\/index.php\/wp-json\/wp\/v2\/posts\/1795\/revisions"}],"wp:attachment":[{"href":"https:\/\/tuplice.pl\/index.php\/wp-json\/wp\/v2\/media?parent=1795"}],"wp:term":[{"taxonomy":"category","embeddable":true,"href":"https:\/\/tuplice.pl\/index.php\/wp-json\/wp\/v2\/categories?post=1795"},{"taxonomy":"post_tag","embeddable":true,"href":"https:\/\/tuplice.pl\/index.php\/wp-json\/wp\/v2\/tags?post=1795"}],"curies":[{"name":"wp","href":"https:\/\/api.w.org\/{rel}","templated":true}]}}