{"id":247,"date":"2009-09-30T06:47:18","date_gmt":"2009-09-30T04:47:18","guid":{"rendered":"https:\/\/tuplice.pl\/wacicielu-nieruchomoci-sprawd-zgodnoc-zapisu-w-ksidze-wieczystej\/"},"modified":"2009-09-30T06:47:18","modified_gmt":"2009-09-30T04:47:18","slug":"wacicielu-nieruchomoci-sprawd-zgodnoc-zapisu-w-ksidze-wieczystej","status":"publish","type":"post","link":"https:\/\/tuplice.pl\/index.php\/2009\/09\/30\/wacicielu-nieruchomoci-sprawd-zgodnoc-zapisu-w-ksidze-wieczystej\/","title":{"rendered":"W\u0142a\u015bcicielu nieruchomo\u015bci sprawd\u017a zgodno\u015b\u0107 zapisu w ksi\u0119dze wieczystej"},"content":{"rendered":"<p><a href=\"https:\/\/tuplice.pl\/wp-content\/uploads\/2009\/09\/ulotka.zip\" target=\"_blank\" rel=\"noopener noreferrer\"><img decoding=\"async\" loading=\"lazy\" class=\" alignleft size-full wp-image-245\" src=\"https:\/\/tuplice.pl\/wp-content\/uploads\/2009\/09\/ul1.gif\" border=\"0\" alt=\"Sprawd\u017a zgodno\u015b\u0107 zapisu w ksi\u0119dze wieczystej\" hspace=\"5\" vspace=\"5\" width=\"150\" height=\"307\" align=\"left\" \/><\/a> Starosta \u017carski przypomina:<\/p>\n<p><font color=\"#ff0000\">&#8222;Je\u017celi jeste\u015b w\u0142a\u015bcicielem nieruchomo\u015bci sprawd\u017a zgodno\u015b\u0107 zapisu w ksi\u0119dze wieczystej z rzeczywistym stanem prawnym&#8221;<\/font><\/p>\n<p><font color=\"#000000\">Mieszka\u0144cy powiatu \u017carskiego mog\u0105 uzyska\u0107 informacje i wyja\u015bnienia problematyki geodezyjnej\u00a0<\/font>\u00a0 i prawnej w zakresie informacji o rodzaju i sposobie\u00a0 dzia\u0142a\u0144 niezb\u0119dnych do uzyskania tytu\u0142u prawnego do zajmowanych przez nich nieruchomo\u015bci i ujawnienia ich praw w ksi\u0119gach wieczystych w S\u0105dzie Rejonowym w \u017barach, Wydzia\u0142 Ksi\u0105g Wieczystych, ul.G\u00f3rno\u015bl\u0105ska 17, tel.068 363 63 01. <\/p>\n<p>Dla mieszka\u0144c\u00f3w: miasta i gminy \u017bary, miasta \u0141\u0119knica, gminy Lipinki \u0141u\u017cyckie, gminy Przew\u00f3z oraz gminy Trzebiel w siedzibie Starostwa Powiatowego w \u017barach przy Al.Jana Paw\u0142a II 6- Wydzia\u0142 Geodezji, Katastru i Gospodarki Nieruchomo\u015bciami\u00a0 (parter budynku Urz\u0119du Gminy \u017bary) tel. 068 372 51 30, 068 479 06 21<\/p>\n<p>Dla mieszka\u0144c\u00f3w: miasta i gminy Lubsko, gminy Brody, miasta i gminy Jasie\u0144 oraz gminy Tuplice w O\u015brodku Zamiejscowym Starostwa Powiatowego w Lubsku przy ul.Pokoju 1, tel. 068 372 51 30, 068 372 51 35 <\/p>\n<p><a href=\"https:\/\/tuplice.pl\/wp-content\/uploads\/2009\/09\/ulotka.zip\" target=\"_blank\" rel=\"noopener noreferrer\">Do pobrania ulotka informacyjna<\/a> <\/p>\n","protected":false},"excerpt":{"rendered":"<p>Starosta \u017carski przypomina: &#8222;Je\u017celi jeste\u015b w\u0142a\u015bcicielem nieruchomo\u015bci sprawd\u017a zgodno\u015b\u0107 zapisu w ksi\u0119dze wieczystej z rzeczywistym stanem prawnym&#8221; Mieszka\u0144cy powiatu \u017carskiego mog\u0105 uzyska\u0107 informacje i wyja\u015bnienia problematyki geodezyjnej\u00a0\u00a0 i prawnej w zakresie informacji o rodzaju i sposobie\u00a0 dzia\u0142a\u0144 niezb\u0119dnych do uzyskania tytu\u0142u prawnego do zajmowanych przez nich nieruchomo\u015bci i ujawnienia ich praw w ksi\u0119gach wieczystych w [&hellip;]<\/p>\n","protected":false},"author":4,"featured_media":245,"comment_status":"closed","ping_status":"closed","sticky":false,"template":"","format":"standard","meta":{"_et_pb_use_builder":"","_et_pb_old_content":"","_et_gb_content_width":"","_monsterinsights_skip_tracking":false,"_monsterinsights_sitenote_active":false,"_monsterinsights_sitenote_note":"","_monsterinsights_sitenote_category":0},"categories":[82],"tags":[],"aioseo_notices":[],"_links":{"self":[{"href":"https:\/\/tuplice.pl\/index.php\/wp-json\/wp\/v2\/posts\/247"}],"collection":[{"href":"https:\/\/tuplice.pl\/index.php\/wp-json\/wp\/v2\/posts"}],"about":[{"href":"https:\/\/tuplice.pl\/index.php\/wp-json\/wp\/v2\/types\/post"}],"author":[{"embeddable":true,"href":"https:\/\/tuplice.pl\/index.php\/wp-json\/wp\/v2\/users\/4"}],"replies":[{"embeddable":true,"href":"https:\/\/tuplice.pl\/index.php\/wp-json\/wp\/v2\/comments?post=247"}],"version-history":[{"count":0,"href":"https:\/\/tuplice.pl\/index.php\/wp-json\/wp\/v2\/posts\/247\/revisions"}],"wp:featuredmedia":[{"embeddable":true,"href":"https:\/\/tuplice.pl\/index.php\/wp-json\/"}],"wp:attachment":[{"href":"https:\/\/tuplice.pl\/index.php\/wp-json\/wp\/v2\/media?parent=247"}],"wp:term":[{"taxonomy":"category","embeddable":true,"href":"https:\/\/tuplice.pl\/index.php\/wp-json\/wp\/v2\/categories?post=247"},{"taxonomy":"post_tag","embeddable":true,"href":"https:\/\/tuplice.pl\/index.php\/wp-json\/wp\/v2\/tags?post=247"}],"curies":[{"name":"wp","href":"https:\/\/api.w.org\/{rel}","templated":true}]}}