{"id":2623,"date":"2018-12-27T14:02:49","date_gmt":"2018-12-27T13:02:49","guid":{"rendered":"https:\/\/tuplice.pl\/?p=2623"},"modified":"2018-12-27T14:02:49","modified_gmt":"2018-12-27T13:02:49","slug":"w-dniu-27-grudnia-2018-roku-w-urzedzie-gminy-tuplice-odbylo-sie-uroczyste-przekazanie-dla-ochotniczej-stazy-pozarnej-w-tuplicach","status":"publish","type":"post","link":"https:\/\/tuplice.pl\/index.php\/2018\/12\/27\/w-dniu-27-grudnia-2018-roku-w-urzedzie-gminy-tuplice-odbylo-sie-uroczyste-przekazanie-dla-ochotniczej-stazy-pozarnej-w-tuplicach\/","title":{"rendered":"W dniu 27 grudnia 2018 roku w Urz\u0119dzie Gminy Tuplice odby\u0142o si\u0119 uroczyste przekazanie\u00a0 dla Ochotniczej Sta\u017cy Po\u017carnej w Tuplicach"},"content":{"rendered":"\n<p><\/p>\n\n\n\n<figure class=\"wp-block-image\"><img decoding=\"async\" src=\"https:\/\/tuplice.pl\/wp-content\/uploads\/2018\/12\/ministerstwo-1.jpg\" alt=\"\" class=\"wp-image-2625\"\/><\/figure>\n\n\n\n<p>W dniu 27 grudnia 2018 roku w Urz\u0119dzie Gminy Tuplice odby\u0142o si\u0119 uroczyste przekazanie\u00a0 dla Ochotniczej Sta\u017cy Po\u017carnej w Tuplicach wyposa\u017cenia i sprz\u0119tu ratownictwa zakupionego ze \u015brodk\u00f3w\u00a0<em>Funduszu Sprawiedliwo\u015bci \u2013 Fundusz Pomocy Pokrzywdzonym oraz Pomocy Postpenitencjarnej, kt\u00f3rego\u00a0 dysponentem jest Minister Sprawiedliwo\u015bci<\/em>.<br>Zadanie zosta\u0142o zrealizowane w ramach og\u0142oszonego Programu I priorytetu IIIB \u2013 Wsparcia i rozwoju systemu instytucjonalnego pomocy osobom pokrzywdzonym przest\u0119pstwem i \u015bwiadkom oraz realizacji przez jednostki sektora finans\u00f3w publicznych zada\u0144 ustawowych zwi\u0105zanych z ochron\u0105 interes\u00f3w os\u00f3b pokrzywdzonych przest\u0119pstwem i \u015bwiadk\u00f3w oraz likwidacj\u0105 skutk\u00f3w pokrzywdzenia przest\u0119pstwem \u2013 polega\u0142o na nabyciu wyposa\u017cenia i urz\u0105dze\u0144 ratownictwa, niezb\u0119dnych do udzielenia pomocy poszkodowanym bezpo\u015brednio na miejscu pope\u0142nienia przest\u0119pstwa.<br>Gmina Tuplice zakupi\u0142a sprz\u0119t i wyposa\u017cenie za \u0142\u0105czn\u0105 kwot\u0119 9\u00a0587,00 z\u0142 na kt\u00f3r\u0105 sk\u0142ada\u0142a si\u0119 otrzymana dotacja z\u00a0Funduszu Sprawiedliwo\u015bci w wysoko\u015bci 9\u00a0491,13 z\u0142 oraz wk\u0142ad w\u0142asny gminy w wysoko\u015bci 95,87 z\u0142.<br>Zakupiono defibrylator PHILIPS oraz Zestaw uniwersalnych podp\u00f3r i klin\u00f3w do stabilizacji pojazdu. W uroczystym przekazaniu udzia\u0142 wzi\u0119li\u00a0 W\u00f3jt Gminy Tuplice Katarzyna Kromp\u00a0oraz Prezes Ochotniczej Stra\u017cy Po\u017carnej w Tuplicach Tadeusz Rybak. Zakupione wyposa\u017cenie zwi\u0119kszy poczucie bezpiecze\u0144stwa, umo\u017cliwi jednostce OSP udzielanie profesjonalnej pomocy poszkodowanym w wyniku zdarze\u0144 komunikacyjnych i przest\u0119pstw oraz skr\u00f3ci czas dotarcia do poszkodowanych i\u00a0udzielenia im pomocy specjalistycznym sprz\u0119tem.<br>Zgodnie w\u00a0wymogami umowy dotycz\u0105cej powierzenia Gminie Tuplice \u00a0realizacji zada\u0144 z\u00a0Funduszu Sprawiedliwo\u015bci sprz\u0119t zosta\u0142 opatrzony logami Funduszu Sprawiedliwo\u015bci i\u00a0Ministerstwa Sprawiedliwo\u015bci oraz\u00a0oznaczony klauzul\u0105 \u201eWsp\u00f3\u0142finansowano ze\u00a0\u015brodk\u00f3w Funduszu Sprawiedliwo\u015bci, kt\u00f3rego\u00a0dysponentem jest Minister Sprawiedliwo\u015bci\u201d.<\/p>\n\n\n\n<p><strong>WSP\u00d3\u0141FINANSOWANO ZE \u015aRODK\u00d3W \u2013 FUNDUSZU SPRAWIEDLIWO\u015aCI, KT\u00d3REGO DYSPONENTEM JEST MINISTER SPRAWIEDLIWO\u015aCI<\/strong><\/p>\n\n\n\n<figure class=\"wp-block-image is-resized\"><img decoding=\"async\" loading=\"lazy\" src=\"https:\/\/tuplice.pl\/wp-content\/uploads\/2018\/12\/DSCN1884.jpg\" alt=\"\" class=\"wp-image-2628\" width=\"3264\" height=\"2448\"\/><\/figure>\n\n\n\n<figure class=\"wp-block-image is-resized\"><img decoding=\"async\" loading=\"lazy\" src=\"https:\/\/tuplice.pl\/wp-content\/uploads\/2018\/12\/DSCN1882.jpg\" alt=\"\" class=\"wp-image-2629\" width=\"3264\" height=\"2448\"\/><\/figure>\n\n\n\n<figure class=\"wp-block-image is-resized\"><img decoding=\"async\" loading=\"lazy\" src=\"https:\/\/tuplice.pl\/wp-content\/uploads\/2018\/12\/DSCN1890.jpg\" alt=\"\" class=\"wp-image-2630\" width=\"3264\" height=\"2448\"\/><\/figure>\n","protected":false},"excerpt":{"rendered":"<p>W dniu 27 grudnia 2018 roku w Urz\u0119dzie Gminy Tuplice odby\u0142o si\u0119 uroczyste przekazanie\u00a0 dla Ochotniczej Sta\u017cy Po\u017carnej w Tuplicach wyposa\u017cenia i sprz\u0119tu ratownictwa zakupionego ze \u015brodk\u00f3w\u00a0Funduszu Sprawiedliwo\u015bci \u2013 Fundusz Pomocy Pokrzywdzonym oraz Pomocy Postpenitencjarnej, kt\u00f3rego\u00a0 dysponentem jest Minister Sprawiedliwo\u015bci.Zadanie zosta\u0142o zrealizowane w ramach og\u0142oszonego Programu I priorytetu IIIB \u2013 Wsparcia i rozwoju systemu instytucjonalnego [&hellip;]<\/p>\n","protected":false},"author":3,"featured_media":0,"comment_status":"closed","ping_status":"closed","sticky":false,"template":"","format":"standard","meta":{"_et_pb_use_builder":"","_et_pb_old_content":"","_et_gb_content_width":"","_monsterinsights_skip_tracking":false},"categories":[82],"tags":[],"aioseo_notices":[],"aioseo_head":"\n\t\t<!-- All in One SEO 4.9.10 - aioseo.com -->\n\t<meta name=\"description\" content=\"W dniu 27 grudnia 2018 roku w Urz\u0119dzie Gminy Tuplice odby\u0142o si\u0119 uroczyste przekazanie dla Ochotniczej Sta\u017cy Po\u017carnej w Tuplicach wyposa\u017cenia i sprz\u0119tu ratownictwa zakupionego ze \u015brodk\u00f3w Funduszu Sprawiedliwo\u015bci \u2013 Fundusz Pomocy Pokrzywdzonym oraz Pomocy Postpenitencjarnej, kt\u00f3rego dysponentem jest Minister Sprawiedliwo\u015bci.Zadanie zosta\u0142o zrealizowane w ramach og\u0142oszonego Programu I priorytetu IIIB \u2013 Wsparcia i rozwoju systemu instytucjonalnego\" \/>\n\t<meta name=\"robots\" content=\"max-image-preview:large\" \/>\n\t<meta name=\"author\" content=\"Jacek Konieczy\u0144ski\"\/>\n\t<link rel=\"canonical\" href=\"https:\/\/tuplice.pl\/index.php\/2018\/12\/27\/w-dniu-27-grudnia-2018-roku-w-urzedzie-gminy-tuplice-odbylo-sie-uroczyste-przekazanie-dla-ochotniczej-stazy-pozarnej-w-tuplicach\/\" \/>\n\t<meta name=\"generator\" content=\"All in One SEO (AIOSEO) 4.9.10\" \/>\n\t\t<meta property=\"og:locale\" content=\"pl_PL\" \/>\n\t\t<meta property=\"og:site_name\" content=\"Gmina Tuplice - Strona Gminy Tuplice\" \/>\n\t\t<meta property=\"og:type\" content=\"article\" \/>\n\t\t<meta property=\"og:title\" content=\"W dniu 27 grudnia 2018 roku w Urz\u0119dzie Gminy Tuplice odby\u0142o si\u0119 uroczyste przekazanie dla Ochotniczej Sta\u017cy Po\u017carnej w Tuplicach - Gmina Tuplice\" \/>\n\t\t<meta property=\"og:description\" content=\"W dniu 27 grudnia 2018 roku w Urz\u0119dzie Gminy Tuplice odby\u0142o si\u0119 uroczyste przekazanie dla Ochotniczej Sta\u017cy Po\u017carnej w Tuplicach wyposa\u017cenia i sprz\u0119tu ratownictwa zakupionego ze \u015brodk\u00f3w Funduszu Sprawiedliwo\u015bci \u2013 Fundusz Pomocy Pokrzywdzonym oraz Pomocy Postpenitencjarnej, kt\u00f3rego dysponentem jest Minister Sprawiedliwo\u015bci.Zadanie zosta\u0142o zrealizowane w ramach og\u0142oszonego Programu I priorytetu IIIB \u2013 Wsparcia i rozwoju systemu instytucjonalnego\" \/>\n\t\t<meta property=\"og:url\" content=\"https:\/\/tuplice.pl\/index.php\/2018\/12\/27\/w-dniu-27-grudnia-2018-roku-w-urzedzie-gminy-tuplice-odbylo-sie-uroczyste-przekazanie-dla-ochotniczej-stazy-pozarnej-w-tuplicach\/\" \/>\n\t\t<meta property=\"article:published_time\" content=\"2018-12-27T13:02:49+00:00\" \/>\n\t\t<meta property=\"article:modified_time\" content=\"2018-12-27T13:02:49+00:00\" \/>\n\t\t<meta property=\"article:publisher\" content=\"https:\/\/facebook.com\/Tuplicki Biuletyn Informacyjny\" \/>\n\t\t<meta name=\"twitter:card\" content=\"summary_large_image\" \/>\n\t\t<meta name=\"twitter:title\" content=\"W dniu 27 grudnia 2018 roku w Urz\u0119dzie Gminy Tuplice odby\u0142o si\u0119 uroczyste przekazanie dla Ochotniczej Sta\u017cy Po\u017carnej w Tuplicach - Gmina Tuplice\" \/>\n\t\t<meta name=\"twitter:description\" content=\"W dniu 27 grudnia 2018 roku w Urz\u0119dzie Gminy Tuplice odby\u0142o si\u0119 uroczyste przekazanie dla Ochotniczej Sta\u017cy Po\u017carnej w Tuplicach wyposa\u017cenia i sprz\u0119tu ratownictwa zakupionego ze \u015brodk\u00f3w Funduszu Sprawiedliwo\u015bci \u2013 Fundusz Pomocy Pokrzywdzonym oraz Pomocy Postpenitencjarnej, kt\u00f3rego dysponentem jest Minister Sprawiedliwo\u015bci.Zadanie zosta\u0142o zrealizowane w ramach og\u0142oszonego Programu I priorytetu IIIB \u2013 Wsparcia i rozwoju systemu instytucjonalnego\" \/>\n\t\t<script type=\"application\/ld+json\" class=\"aioseo-schema\">\n\t\t\t{\"@context\":\"https:\\\/\\\/schema.org\",\"@graph\":[{\"@type\":\"BlogPosting\",\"@id\":\"https:\\\/\\\/tuplice.pl\\\/index.php\\\/2018\\\/12\\\/27\\\/w-dniu-27-grudnia-2018-roku-w-urzedzie-gminy-tuplice-odbylo-sie-uroczyste-przekazanie-dla-ochotniczej-stazy-pozarnej-w-tuplicach\\\/#blogposting\",\"name\":\"W dniu 27 grudnia 2018 roku w Urz\\u0119dzie Gminy Tuplice odby\\u0142o si\\u0119 uroczyste przekazanie dla Ochotniczej Sta\\u017cy Po\\u017carnej w Tuplicach - Gmina Tuplice\",\"headline\":\"W dniu 27 grudnia 2018 roku w Urz\\u0119dzie Gminy Tuplice odby\\u0142o si\\u0119 uroczyste przekazanie\\u00a0 dla Ochotniczej Sta\\u017cy Po\\u017carnej w Tuplicach\",\"author\":{\"@id\":\"https:\\\/\\\/tuplice.pl\\\/index.php\\\/author\\\/tuplice\\\/#author\"},\"publisher\":{\"@id\":\"https:\\\/\\\/tuplice.pl\\\/#organization\"},\"image\":{\"@type\":\"ImageObject\",\"url\":\"http:\\\/\\\/tuplice.pl\\\/wp-content\\\/uploads\\\/2018\\\/12\\\/ministerstwo-1.jpg\",\"@id\":\"https:\\\/\\\/tuplice.pl\\\/index.php\\\/2018\\\/12\\\/27\\\/w-dniu-27-grudnia-2018-roku-w-urzedzie-gminy-tuplice-odbylo-sie-uroczyste-przekazanie-dla-ochotniczej-stazy-pozarnej-w-tuplicach\\\/#articleImage\"},\"datePublished\":\"2018-12-27T14:02:49+01:00\",\"dateModified\":\"2018-12-27T14:02:49+01:00\",\"inLanguage\":\"pl-PL\",\"mainEntityOfPage\":{\"@id\":\"https:\\\/\\\/tuplice.pl\\\/index.php\\\/2018\\\/12\\\/27\\\/w-dniu-27-grudnia-2018-roku-w-urzedzie-gminy-tuplice-odbylo-sie-uroczyste-przekazanie-dla-ochotniczej-stazy-pozarnej-w-tuplicach\\\/#webpage\"},\"isPartOf\":{\"@id\":\"https:\\\/\\\/tuplice.pl\\\/index.php\\\/2018\\\/12\\\/27\\\/w-dniu-27-grudnia-2018-roku-w-urzedzie-gminy-tuplice-odbylo-sie-uroczyste-przekazanie-dla-ochotniczej-stazy-pozarnej-w-tuplicach\\\/#webpage\"},\"articleSection\":\"Aktualno\\u015bci\"},{\"@type\":\"BreadcrumbList\",\"@id\":\"https:\\\/\\\/tuplice.pl\\\/index.php\\\/2018\\\/12\\\/27\\\/w-dniu-27-grudnia-2018-roku-w-urzedzie-gminy-tuplice-odbylo-sie-uroczyste-przekazanie-dla-ochotniczej-stazy-pozarnej-w-tuplicach\\\/#breadcrumblist\",\"itemListElement\":[{\"@type\":\"ListItem\",\"@id\":\"https:\\\/\\\/tuplice.pl#listItem\",\"position\":1,\"name\":\"Home\",\"item\":\"https:\\\/\\\/tuplice.pl\",\"nextItem\":{\"@type\":\"ListItem\",\"@id\":\"https:\\\/\\\/tuplice.pl\\\/index.php\\\/category\\\/aktualnosci\\\/#listItem\",\"name\":\"Aktualno\\u015bci\"}},{\"@type\":\"ListItem\",\"@id\":\"https:\\\/\\\/tuplice.pl\\\/index.php\\\/category\\\/aktualnosci\\\/#listItem\",\"position\":2,\"name\":\"Aktualno\\u015bci\",\"item\":\"https:\\\/\\\/tuplice.pl\\\/index.php\\\/category\\\/aktualnosci\\\/\",\"nextItem\":{\"@type\":\"ListItem\",\"@id\":\"https:\\\/\\\/tuplice.pl\\\/index.php\\\/2018\\\/12\\\/27\\\/w-dniu-27-grudnia-2018-roku-w-urzedzie-gminy-tuplice-odbylo-sie-uroczyste-przekazanie-dla-ochotniczej-stazy-pozarnej-w-tuplicach\\\/#listItem\",\"name\":\"W dniu 27 grudnia 2018 roku w Urz\\u0119dzie Gminy Tuplice odby\\u0142o si\\u0119 uroczyste przekazanie\\u00a0 dla Ochotniczej Sta\\u017cy Po\\u017carnej w Tuplicach\"},\"previousItem\":{\"@type\":\"ListItem\",\"@id\":\"https:\\\/\\\/tuplice.pl#listItem\",\"name\":\"Home\"}},{\"@type\":\"ListItem\",\"@id\":\"https:\\\/\\\/tuplice.pl\\\/index.php\\\/2018\\\/12\\\/27\\\/w-dniu-27-grudnia-2018-roku-w-urzedzie-gminy-tuplice-odbylo-sie-uroczyste-przekazanie-dla-ochotniczej-stazy-pozarnej-w-tuplicach\\\/#listItem\",\"position\":3,\"name\":\"W dniu 27 grudnia 2018 roku w Urz\\u0119dzie Gminy Tuplice odby\\u0142o si\\u0119 uroczyste przekazanie\\u00a0 dla Ochotniczej Sta\\u017cy Po\\u017carnej w Tuplicach\",\"previousItem\":{\"@type\":\"ListItem\",\"@id\":\"https:\\\/\\\/tuplice.pl\\\/index.php\\\/category\\\/aktualnosci\\\/#listItem\",\"name\":\"Aktualno\\u015bci\"}}]},{\"@type\":\"Organization\",\"@id\":\"https:\\\/\\\/tuplice.pl\\\/#organization\",\"name\":\"Gmina Tuplice Gmina Tuplice\",\"description\":\"Strona Gminy Tuplice Strona Urz\\u0119du Gminy Tuplice\",\"url\":\"https:\\\/\\\/tuplice.pl\\\/\",\"telephone\":\"+48683625720\",\"logo\":{\"@type\":\"ImageObject\",\"url\":\"https:\\\/\\\/tuplice.pl\\\/wp-content\\\/uploads\\\/2025\\\/07\\\/images.png\",\"@id\":\"https:\\\/\\\/tuplice.pl\\\/index.php\\\/2018\\\/12\\\/27\\\/w-dniu-27-grudnia-2018-roku-w-urzedzie-gminy-tuplice-odbylo-sie-uroczyste-przekazanie-dla-ochotniczej-stazy-pozarnej-w-tuplicach\\\/#organizationLogo\",\"width\":282,\"height\":179},\"image\":{\"@id\":\"https:\\\/\\\/tuplice.pl\\\/index.php\\\/2018\\\/12\\\/27\\\/w-dniu-27-grudnia-2018-roku-w-urzedzie-gminy-tuplice-odbylo-sie-uroczyste-przekazanie-dla-ochotniczej-stazy-pozarnej-w-tuplicach\\\/#organizationLogo\"},\"sameAs\":[\"https:\\\/\\\/facebook.com\\\/Tuplicki Biuletyn Informacyjny\",\"https:\\\/\\\/pinterest.com\\\/Tuplicki Biuletyn Informacyjny\",\"https:\\\/\\\/youtube.com\\\/Tuplicki Biuletyn Informacyjny\"]},{\"@type\":\"Person\",\"@id\":\"https:\\\/\\\/tuplice.pl\\\/index.php\\\/author\\\/tuplice\\\/#author\",\"url\":\"https:\\\/\\\/tuplice.pl\\\/index.php\\\/author\\\/tuplice\\\/\",\"name\":\"Jacek Konieczy\\u0144ski\",\"image\":{\"@type\":\"ImageObject\",\"@id\":\"https:\\\/\\\/tuplice.pl\\\/index.php\\\/2018\\\/12\\\/27\\\/w-dniu-27-grudnia-2018-roku-w-urzedzie-gminy-tuplice-odbylo-sie-uroczyste-przekazanie-dla-ochotniczej-stazy-pozarnej-w-tuplicach\\\/#authorImage\",\"url\":\"https:\\\/\\\/secure.gravatar.com\\\/avatar\\\/8aa224da0ce3c7d7e2a92a582397a6f3?s=96&d=mm&r=g\",\"width\":96,\"height\":96,\"caption\":\"Jacek Konieczy\\u0144ski\"}},{\"@type\":\"WebPage\",\"@id\":\"https:\\\/\\\/tuplice.pl\\\/index.php\\\/2018\\\/12\\\/27\\\/w-dniu-27-grudnia-2018-roku-w-urzedzie-gminy-tuplice-odbylo-sie-uroczyste-przekazanie-dla-ochotniczej-stazy-pozarnej-w-tuplicach\\\/#webpage\",\"url\":\"https:\\\/\\\/tuplice.pl\\\/index.php\\\/2018\\\/12\\\/27\\\/w-dniu-27-grudnia-2018-roku-w-urzedzie-gminy-tuplice-odbylo-sie-uroczyste-przekazanie-dla-ochotniczej-stazy-pozarnej-w-tuplicach\\\/\",\"name\":\"W dniu 27 grudnia 2018 roku w Urz\\u0119dzie Gminy Tuplice odby\\u0142o si\\u0119 uroczyste przekazanie dla Ochotniczej Sta\\u017cy Po\\u017carnej w Tuplicach - Gmina Tuplice\",\"description\":\"W dniu 27 grudnia 2018 roku w Urz\\u0119dzie Gminy Tuplice odby\\u0142o si\\u0119 uroczyste przekazanie dla Ochotniczej Sta\\u017cy Po\\u017carnej w Tuplicach wyposa\\u017cenia i sprz\\u0119tu ratownictwa zakupionego ze \\u015brodk\\u00f3w Funduszu Sprawiedliwo\\u015bci \\u2013 Fundusz Pomocy Pokrzywdzonym oraz Pomocy Postpenitencjarnej, kt\\u00f3rego dysponentem jest Minister Sprawiedliwo\\u015bci.Zadanie zosta\\u0142o zrealizowane w ramach og\\u0142oszonego Programu I priorytetu IIIB \\u2013 Wsparcia i rozwoju systemu instytucjonalnego\",\"inLanguage\":\"pl-PL\",\"isPartOf\":{\"@id\":\"https:\\\/\\\/tuplice.pl\\\/#website\"},\"breadcrumb\":{\"@id\":\"https:\\\/\\\/tuplice.pl\\\/index.php\\\/2018\\\/12\\\/27\\\/w-dniu-27-grudnia-2018-roku-w-urzedzie-gminy-tuplice-odbylo-sie-uroczyste-przekazanie-dla-ochotniczej-stazy-pozarnej-w-tuplicach\\\/#breadcrumblist\"},\"author\":{\"@id\":\"https:\\\/\\\/tuplice.pl\\\/index.php\\\/author\\\/tuplice\\\/#author\"},\"creator\":{\"@id\":\"https:\\\/\\\/tuplice.pl\\\/index.php\\\/author\\\/tuplice\\\/#author\"},\"datePublished\":\"2018-12-27T14:02:49+01:00\",\"dateModified\":\"2018-12-27T14:02:49+01:00\"},{\"@type\":\"WebSite\",\"@id\":\"https:\\\/\\\/tuplice.pl\\\/#website\",\"url\":\"https:\\\/\\\/tuplice.pl\\\/\",\"name\":\"Gmina Tuplice\",\"description\":\"Strona Gminy Tuplice\",\"inLanguage\":\"pl-PL\",\"publisher\":{\"@id\":\"https:\\\/\\\/tuplice.pl\\\/#organization\"}}]}\n\t\t<\/script>\n\t\t<!-- All in One SEO -->\n\n","aioseo_head_json":{"title":"W dniu 27 grudnia 2018 roku w Urz\u0119dzie Gminy Tuplice odby\u0142o si\u0119 uroczyste przekazanie dla Ochotniczej Sta\u017cy Po\u017carnej w Tuplicach - Gmina Tuplice","description":"W dniu 27 grudnia 2018 roku w Urz\u0119dzie Gminy Tuplice odby\u0142o si\u0119 uroczyste przekazanie dla Ochotniczej Sta\u017cy Po\u017carnej w Tuplicach wyposa\u017cenia i sprz\u0119tu ratownictwa zakupionego ze \u015brodk\u00f3w Funduszu Sprawiedliwo\u015bci \u2013 Fundusz Pomocy Pokrzywdzonym oraz Pomocy Postpenitencjarnej, kt\u00f3rego dysponentem jest Minister Sprawiedliwo\u015bci.Zadanie zosta\u0142o zrealizowane w ramach og\u0142oszonego Programu I priorytetu IIIB \u2013 Wsparcia i rozwoju systemu instytucjonalnego","canonical_url":"https:\/\/tuplice.pl\/index.php\/2018\/12\/27\/w-dniu-27-grudnia-2018-roku-w-urzedzie-gminy-tuplice-odbylo-sie-uroczyste-przekazanie-dla-ochotniczej-stazy-pozarnej-w-tuplicach\/","robots":"max-image-preview:large","keywords":"","webmasterTools":{"miscellaneous":""},"schema":{"@context":"https:\/\/schema.org","@graph":[{"@type":"BlogPosting","@id":"https:\/\/tuplice.pl\/index.php\/2018\/12\/27\/w-dniu-27-grudnia-2018-roku-w-urzedzie-gminy-tuplice-odbylo-sie-uroczyste-przekazanie-dla-ochotniczej-stazy-pozarnej-w-tuplicach\/#blogposting","name":"W dniu 27 grudnia 2018 roku w Urz\u0119dzie Gminy Tuplice odby\u0142o si\u0119 uroczyste przekazanie dla Ochotniczej Sta\u017cy Po\u017carnej w Tuplicach - Gmina Tuplice","headline":"W dniu 27 grudnia 2018 roku w Urz\u0119dzie Gminy Tuplice odby\u0142o si\u0119 uroczyste przekazanie\u00a0 dla Ochotniczej Sta\u017cy Po\u017carnej w Tuplicach","author":{"@id":"https:\/\/tuplice.pl\/index.php\/author\/tuplice\/#author"},"publisher":{"@id":"https:\/\/tuplice.pl\/#organization"},"image":{"@type":"ImageObject","url":"http:\/\/tuplice.pl\/wp-content\/uploads\/2018\/12\/ministerstwo-1.jpg","@id":"https:\/\/tuplice.pl\/index.php\/2018\/12\/27\/w-dniu-27-grudnia-2018-roku-w-urzedzie-gminy-tuplice-odbylo-sie-uroczyste-przekazanie-dla-ochotniczej-stazy-pozarnej-w-tuplicach\/#articleImage"},"datePublished":"2018-12-27T14:02:49+01:00","dateModified":"2018-12-27T14:02:49+01:00","inLanguage":"pl-PL","mainEntityOfPage":{"@id":"https:\/\/tuplice.pl\/index.php\/2018\/12\/27\/w-dniu-27-grudnia-2018-roku-w-urzedzie-gminy-tuplice-odbylo-sie-uroczyste-przekazanie-dla-ochotniczej-stazy-pozarnej-w-tuplicach\/#webpage"},"isPartOf":{"@id":"https:\/\/tuplice.pl\/index.php\/2018\/12\/27\/w-dniu-27-grudnia-2018-roku-w-urzedzie-gminy-tuplice-odbylo-sie-uroczyste-przekazanie-dla-ochotniczej-stazy-pozarnej-w-tuplicach\/#webpage"},"articleSection":"Aktualno\u015bci"},{"@type":"BreadcrumbList","@id":"https:\/\/tuplice.pl\/index.php\/2018\/12\/27\/w-dniu-27-grudnia-2018-roku-w-urzedzie-gminy-tuplice-odbylo-sie-uroczyste-przekazanie-dla-ochotniczej-stazy-pozarnej-w-tuplicach\/#breadcrumblist","itemListElement":[{"@type":"ListItem","@id":"https:\/\/tuplice.pl#listItem","position":1,"name":"Home","item":"https:\/\/tuplice.pl","nextItem":{"@type":"ListItem","@id":"https:\/\/tuplice.pl\/index.php\/category\/aktualnosci\/#listItem","name":"Aktualno\u015bci"}},{"@type":"ListItem","@id":"https:\/\/tuplice.pl\/index.php\/category\/aktualnosci\/#listItem","position":2,"name":"Aktualno\u015bci","item":"https:\/\/tuplice.pl\/index.php\/category\/aktualnosci\/","nextItem":{"@type":"ListItem","@id":"https:\/\/tuplice.pl\/index.php\/2018\/12\/27\/w-dniu-27-grudnia-2018-roku-w-urzedzie-gminy-tuplice-odbylo-sie-uroczyste-przekazanie-dla-ochotniczej-stazy-pozarnej-w-tuplicach\/#listItem","name":"W dniu 27 grudnia 2018 roku w Urz\u0119dzie Gminy Tuplice odby\u0142o si\u0119 uroczyste przekazanie\u00a0 dla Ochotniczej Sta\u017cy Po\u017carnej w Tuplicach"},"previousItem":{"@type":"ListItem","@id":"https:\/\/tuplice.pl#listItem","name":"Home"}},{"@type":"ListItem","@id":"https:\/\/tuplice.pl\/index.php\/2018\/12\/27\/w-dniu-27-grudnia-2018-roku-w-urzedzie-gminy-tuplice-odbylo-sie-uroczyste-przekazanie-dla-ochotniczej-stazy-pozarnej-w-tuplicach\/#listItem","position":3,"name":"W dniu 27 grudnia 2018 roku w Urz\u0119dzie Gminy Tuplice odby\u0142o si\u0119 uroczyste przekazanie\u00a0 dla Ochotniczej Sta\u017cy Po\u017carnej w Tuplicach","previousItem":{"@type":"ListItem","@id":"https:\/\/tuplice.pl\/index.php\/category\/aktualnosci\/#listItem","name":"Aktualno\u015bci"}}]},{"@type":"Organization","@id":"https:\/\/tuplice.pl\/#organization","name":"Gmina Tuplice Gmina Tuplice","description":"Strona Gminy Tuplice Strona Urz\u0119du Gminy Tuplice","url":"https:\/\/tuplice.pl\/","telephone":"+48683625720","logo":{"@type":"ImageObject","url":"https:\/\/tuplice.pl\/wp-content\/uploads\/2025\/07\/images.png","@id":"https:\/\/tuplice.pl\/index.php\/2018\/12\/27\/w-dniu-27-grudnia-2018-roku-w-urzedzie-gminy-tuplice-odbylo-sie-uroczyste-przekazanie-dla-ochotniczej-stazy-pozarnej-w-tuplicach\/#organizationLogo","width":282,"height":179},"image":{"@id":"https:\/\/tuplice.pl\/index.php\/2018\/12\/27\/w-dniu-27-grudnia-2018-roku-w-urzedzie-gminy-tuplice-odbylo-sie-uroczyste-przekazanie-dla-ochotniczej-stazy-pozarnej-w-tuplicach\/#organizationLogo"},"sameAs":["https:\/\/facebook.com\/Tuplicki Biuletyn Informacyjny","https:\/\/pinterest.com\/Tuplicki Biuletyn Informacyjny","https:\/\/youtube.com\/Tuplicki Biuletyn Informacyjny"]},{"@type":"Person","@id":"https:\/\/tuplice.pl\/index.php\/author\/tuplice\/#author","url":"https:\/\/tuplice.pl\/index.php\/author\/tuplice\/","name":"Jacek Konieczy\u0144ski","image":{"@type":"ImageObject","@id":"https:\/\/tuplice.pl\/index.php\/2018\/12\/27\/w-dniu-27-grudnia-2018-roku-w-urzedzie-gminy-tuplice-odbylo-sie-uroczyste-przekazanie-dla-ochotniczej-stazy-pozarnej-w-tuplicach\/#authorImage","url":"https:\/\/secure.gravatar.com\/avatar\/8aa224da0ce3c7d7e2a92a582397a6f3?s=96&d=mm&r=g","width":96,"height":96,"caption":"Jacek Konieczy\u0144ski"}},{"@type":"WebPage","@id":"https:\/\/tuplice.pl\/index.php\/2018\/12\/27\/w-dniu-27-grudnia-2018-roku-w-urzedzie-gminy-tuplice-odbylo-sie-uroczyste-przekazanie-dla-ochotniczej-stazy-pozarnej-w-tuplicach\/#webpage","url":"https:\/\/tuplice.pl\/index.php\/2018\/12\/27\/w-dniu-27-grudnia-2018-roku-w-urzedzie-gminy-tuplice-odbylo-sie-uroczyste-przekazanie-dla-ochotniczej-stazy-pozarnej-w-tuplicach\/","name":"W dniu 27 grudnia 2018 roku w Urz\u0119dzie Gminy Tuplice odby\u0142o si\u0119 uroczyste przekazanie dla Ochotniczej Sta\u017cy Po\u017carnej w Tuplicach - Gmina Tuplice","description":"W dniu 27 grudnia 2018 roku w Urz\u0119dzie Gminy Tuplice odby\u0142o si\u0119 uroczyste przekazanie dla Ochotniczej Sta\u017cy Po\u017carnej w Tuplicach wyposa\u017cenia i sprz\u0119tu ratownictwa zakupionego ze \u015brodk\u00f3w Funduszu Sprawiedliwo\u015bci \u2013 Fundusz Pomocy Pokrzywdzonym oraz Pomocy Postpenitencjarnej, kt\u00f3rego dysponentem jest Minister Sprawiedliwo\u015bci.Zadanie zosta\u0142o zrealizowane w ramach og\u0142oszonego Programu I priorytetu IIIB \u2013 Wsparcia i rozwoju systemu instytucjonalnego","inLanguage":"pl-PL","isPartOf":{"@id":"https:\/\/tuplice.pl\/#website"},"breadcrumb":{"@id":"https:\/\/tuplice.pl\/index.php\/2018\/12\/27\/w-dniu-27-grudnia-2018-roku-w-urzedzie-gminy-tuplice-odbylo-sie-uroczyste-przekazanie-dla-ochotniczej-stazy-pozarnej-w-tuplicach\/#breadcrumblist"},"author":{"@id":"https:\/\/tuplice.pl\/index.php\/author\/tuplice\/#author"},"creator":{"@id":"https:\/\/tuplice.pl\/index.php\/author\/tuplice\/#author"},"datePublished":"2018-12-27T14:02:49+01:00","dateModified":"2018-12-27T14:02:49+01:00"},{"@type":"WebSite","@id":"https:\/\/tuplice.pl\/#website","url":"https:\/\/tuplice.pl\/","name":"Gmina Tuplice","description":"Strona Gminy Tuplice","inLanguage":"pl-PL","publisher":{"@id":"https:\/\/tuplice.pl\/#organization"}}]},"og:locale":"pl_PL","og:site_name":"Gmina Tuplice - Strona Gminy Tuplice","og:type":"article","og:title":"W dniu 27 grudnia 2018 roku w Urz\u0119dzie Gminy Tuplice odby\u0142o si\u0119 uroczyste przekazanie dla Ochotniczej Sta\u017cy Po\u017carnej w Tuplicach - Gmina Tuplice","og:description":"W dniu 27 grudnia 2018 roku w Urz\u0119dzie Gminy Tuplice odby\u0142o si\u0119 uroczyste przekazanie dla Ochotniczej Sta\u017cy Po\u017carnej w Tuplicach wyposa\u017cenia i sprz\u0119tu ratownictwa zakupionego ze \u015brodk\u00f3w Funduszu Sprawiedliwo\u015bci \u2013 Fundusz Pomocy Pokrzywdzonym oraz Pomocy Postpenitencjarnej, kt\u00f3rego dysponentem jest Minister Sprawiedliwo\u015bci.Zadanie zosta\u0142o zrealizowane w ramach og\u0142oszonego Programu I priorytetu IIIB \u2013 Wsparcia i rozwoju systemu instytucjonalnego","og:url":"https:\/\/tuplice.pl\/index.php\/2018\/12\/27\/w-dniu-27-grudnia-2018-roku-w-urzedzie-gminy-tuplice-odbylo-sie-uroczyste-przekazanie-dla-ochotniczej-stazy-pozarnej-w-tuplicach\/","article:published_time":"2018-12-27T13:02:49+00:00","article:modified_time":"2018-12-27T13:02:49+00:00","article:publisher":"https:\/\/facebook.com\/Tuplicki Biuletyn Informacyjny","twitter:card":"summary_large_image","twitter:title":"W dniu 27 grudnia 2018 roku w Urz\u0119dzie Gminy Tuplice odby\u0142o si\u0119 uroczyste przekazanie dla Ochotniczej Sta\u017cy Po\u017carnej w Tuplicach - Gmina Tuplice","twitter:description":"W dniu 27 grudnia 2018 roku w Urz\u0119dzie Gminy Tuplice odby\u0142o si\u0119 uroczyste przekazanie dla Ochotniczej Sta\u017cy Po\u017carnej w Tuplicach wyposa\u017cenia i sprz\u0119tu ratownictwa zakupionego ze \u015brodk\u00f3w Funduszu Sprawiedliwo\u015bci \u2013 Fundusz Pomocy Pokrzywdzonym oraz Pomocy Postpenitencjarnej, kt\u00f3rego dysponentem jest Minister Sprawiedliwo\u015bci.Zadanie zosta\u0142o zrealizowane w ramach og\u0142oszonego Programu I priorytetu IIIB \u2013 Wsparcia i rozwoju systemu instytucjonalnego"},"aioseo_meta_data":{"post_id":"2623","title":null,"description":null,"keywords":null,"keyphrases":null,"primary_term":null,"canonical_url":null,"og_title":null,"og_description":null,"og_object_type":"default","og_image_type":"default","og_image_url":null,"og_image_width":null,"og_image_height":null,"og_image_custom_url":null,"og_image_custom_fields":null,"og_video":null,"og_custom_url":null,"og_article_section":null,"og_article_tags":null,"twitter_use_og":false,"twitter_card":"default","twitter_image_type":"default","twitter_image_url":null,"twitter_image_custom_url":null,"twitter_image_custom_fields":null,"twitter_title":null,"twitter_description":null,"schema":{"blockGraphs":[],"customGraphs":[],"default":{"data":{"Article":[],"Course":[],"Dataset":[],"FAQPage":[],"Movie":[],"Person":[],"Product":[],"ProductReview":[],"Car":[],"Recipe":[],"Service":[],"SoftwareApplication":[],"WebPage":[]},"graphName":"","isEnabled":true},"graphs":[]},"schema_type":"default","schema_type_options":null,"pillar_content":false,"robots_default":true,"robots_noindex":false,"robots_noarchive":false,"robots_nosnippet":false,"robots_nofollow":false,"robots_noimageindex":false,"robots_noodp":false,"robots_notranslate":false,"robots_max_snippet":null,"robots_max_videopreview":null,"robots_max_imagepreview":"large","priority":null,"frequency":null,"local_seo":null,"breadcrumb_settings":null,"limit_modified_date":false,"ai":null,"created":"2025-07-22 23:01:26","updated":"2025-07-22 23:01:26","seo_analyzer_scan_date":null},"aioseo_breadcrumb":"<div class=\"aioseo-breadcrumbs\"><span class=\"aioseo-breadcrumb\">\n\t\t\t<a href=\"https:\/\/tuplice.pl\" title=\"Home\">Home<\/a>\n\t\t<\/span><span class=\"aioseo-breadcrumb-separator\">&raquo;<\/span><span class=\"aioseo-breadcrumb\">\n\t\t\t<a href=\"https:\/\/tuplice.pl\/index.php\/category\/aktualnosci\/\" title=\"Aktualno\u015bci\">Aktualno\u015bci<\/a>\n\t\t<\/span><span class=\"aioseo-breadcrumb-separator\">&raquo;<\/span><span class=\"aioseo-breadcrumb\">\n\t\t\tW dniu 27 grudnia 2018 roku w Urz\u0119dzie Gminy Tuplice odby\u0142o si\u0119 uroczyste przekazanie  dla Ochotniczej Sta\u017cy Po\u017carnej w Tuplicach\n\t\t<\/span><\/div>","aioseo_breadcrumb_json":[{"label":"Home","link":"https:\/\/tuplice.pl"},{"label":"Aktualno\u015bci","link":"https:\/\/tuplice.pl\/index.php\/category\/aktualnosci\/"},{"label":"W dniu 27 grudnia 2018 roku w Urz\u0119dzie Gminy Tuplice odby\u0142o si\u0119 uroczyste przekazanie\u00a0 dla Ochotniczej Sta\u017cy Po\u017carnej w Tuplicach","link":"https:\/\/tuplice.pl\/index.php\/2018\/12\/27\/w-dniu-27-grudnia-2018-roku-w-urzedzie-gminy-tuplice-odbylo-sie-uroczyste-przekazanie-dla-ochotniczej-stazy-pozarnej-w-tuplicach\/"}],"a3_pvc":{"activated":false,"total_views":0,"today_views":0},"_links":{"self":[{"href":"https:\/\/tuplice.pl\/index.php\/wp-json\/wp\/v2\/posts\/2623"}],"collection":[{"href":"https:\/\/tuplice.pl\/index.php\/wp-json\/wp\/v2\/posts"}],"about":[{"href":"https:\/\/tuplice.pl\/index.php\/wp-json\/wp\/v2\/types\/post"}],"author":[{"embeddable":true,"href":"https:\/\/tuplice.pl\/index.php\/wp-json\/wp\/v2\/users\/3"}],"replies":[{"embeddable":true,"href":"https:\/\/tuplice.pl\/index.php\/wp-json\/wp\/v2\/comments?post=2623"}],"version-history":[{"count":0,"href":"https:\/\/tuplice.pl\/index.php\/wp-json\/wp\/v2\/posts\/2623\/revisions"}],"wp:attachment":[{"href":"https:\/\/tuplice.pl\/index.php\/wp-json\/wp\/v2\/media?parent=2623"}],"wp:term":[{"taxonomy":"category","embeddable":true,"href":"https:\/\/tuplice.pl\/index.php\/wp-json\/wp\/v2\/categories?post=2623"},{"taxonomy":"post_tag","embeddable":true,"href":"https:\/\/tuplice.pl\/index.php\/wp-json\/wp\/v2\/tags?post=2623"}],"curies":[{"name":"wp","href":"https:\/\/api.w.org\/{rel}","templated":true}]}}