{"id":2733,"date":"2019-02-08T08:49:44","date_gmt":"2019-02-08T07:49:44","guid":{"rendered":"https:\/\/tuplice.pl\/?p=2733"},"modified":"2019-02-08T08:49:44","modified_gmt":"2019-02-08T07:49:44","slug":"rekrutacja-do-szkoly-inicjatyw-strazniczych","status":"publish","type":"post","link":"https:\/\/tuplice.pl\/index.php\/2019\/02\/08\/rekrutacja-do-szkoly-inicjatyw-strazniczych\/","title":{"rendered":"Rekrutacja do Szko\u0142y Inicjatyw Stra\u017cniczych"},"content":{"rendered":"\n<p>Sie\u0107 Obywatelska Watchdog Polska, stowarzyszenie dzia\u0142aj\u0105ce na rzecz prawa do informacji, og\u0142asza nab\u00f3r do Szko\u0142y Inicjatyw Stra\u017cniczych dla os\u00f3b aktywnie dzia\u0142aj\u0105cych w swojej lokalnej spo\u0142eczno\u015bci.<\/p>\n\n\n\n<p><strong>Szko\u0142a\n<\/strong><strong>Inicjatyw\nStra\u017cniczych (SIS)<\/strong>\nto cykl szkole\u0144 dla mieszka\u0144c\u00f3w gmin, kt\u00f3rzy przygl\u0105daj\u0105 si\u0119\npracy lokalnych w\u0142adz, zadaj\u0105 im pytania, zabieraj\u0105 g\u0142os w\nsprawach publicznych i dzia\u0142aj\u0105 na rzeczy zmiany w przypadku\nzdiagnozowania problem\u00f3w tam, gdzie mieszkaj\u0105. Uczestnicy i\nuczestniczki spotkaj\u0105 si\u0119 na pi\u0119ciu weekendowych zjazdach,\nw czasie kt\u00f3rych poszerz\u0105 swoj\u0105 wiedz\u0119 na temat praw cz\u0142owieka,\nwolno\u015bci s\u0142owa i prawa do informacji publicznej. Dowiedz\u0105 si\u0119\ntak\u017ce, jak planowa\u0107 dzia\u0142ania skierowane do mieszka\u0144c\u00f3w i\nkampanie na rzecz zmiany.<\/p>\n\n\n\n<p><strong>Kogo\nzapraszamy?<\/strong><\/p>\n\n\n\n<p>W\nszkoleniach mo\u017ce bra\u0107 udzia\u0142 ka\u017cda osoba, bez wzgl\u0119du na wiek,\nwykszta\u0142cenie i miejsce zamieszkania, je\u015bli tylko aktywnie\nuczestniczy w \u017cyciu swojej lokalnej spo\u0142eczno\u015bci, przygl\u0105da si\u0119\npracy samorz\u0105du i chcia\u0142by rozwija\u0107 swoj\u0105 wiedz\u0119 w tej\ndziedzinie. <em>\u017beby\ndecydowa\u0107 o tym, co si\u0119 dzieje w gminie, nie trzeba by\u0107\npolitykiem, wystarczy by\u0107 \u015bwiadomym obywatelem \u2013 <\/em>m\u00f3wi\nAlina Czy\u017cewska, absolwenta poprzedniej edycji SIS -u.Uczestnikami\nSzko\u0142y mog\u0105 by\u0107 zar\u00f3wno osoby dzia\u0142aj\u0105ce indywidualnie, jak i\ncz\u0142onkowie\/cz\u0142onkinie nieformalnych grup, organizacji spo\u0142ecznych\nczy przedstawiciele medi\u00f3w lokalnych. Wa\u017cne,\naby by\u0142y niezale\u017cne od w\u0142adz gminy, w kt\u00f3rej dzia\u0142aj\u0105. \n<\/p>\n\n\n\n<p><strong>Co\noferujemy?<\/strong><\/p>\n\n\n\n<ul><li>5\n\tszkole\u0144 z zakresu praw cz\u0142owieka, wolno\u015bci s\u0142owa, prawa do\n\tinformacji, planowania monitoringu, komunikowania swoich dzia\u0142a\u0144 i\n\tw\u0142\u0105czania w nie innych mieszka\u0144c\u00f3w, wyst\u0105pie\u0144 publicznych.\n\t<\/li><li>Kontakt\n\tz osobami z ca\u0142ej Polski, kt\u00f3re prowadz\u0105 podobne dzia\u0142ania.\n\t<\/li><li>Wsparcie\n\tmerytoryczne i prawne w prowadzonych dzia\u0142aniach (r\u00f3wnie\u017c po\n\tzako\u0144czeniu szko\u0142y).\n\t<\/li><li>Pokrycie\n\tkoszt\u00f3w szkolenia, zakwaterowania, wy\u017cywienia oraz przejazdu.\n<\/li><\/ul>\n\n\n\n<p>Szkolenia\nodb\u0119d\u0105 si\u0119 w okolicach Warszawy (dojazd komunikacj\u0105), na pierwsze\nzapraszamy ju\u017c 29\nmarca 2019 r.\nProsimy o\nzapoznanie si\u0119 z terminami ca\u0142ego cyklu &#8211; warunkiem uczestnictwa w\nSIS jest obecno\u015b\u0107 na wszystkich szkoleniach. Na\nzg\u0142oszenia czekamy do 10 marca 2019 roku. Wi\u0119cej szczeg\u00f3\u0142\u00f3w oraz\nankieta zg\u0142oszeniowa pod adresem: <strong>www.siecobywatelska.pl\/sis<\/strong><\/p>\n\n\n\n<p>Organizator\ndok\u0142ada stara\u0144, \u017ceby w SIS mog\u0142y uczestniczy\u0107 osoby, kt\u00f3rym\nsytuacja \u017cyciowa mo\u017ce utrudnia\u0107 korzystanie z tego typu\nprzedsi\u0119wzi\u0119\u0107, np. osoby z niepe\u0142nosprawno\u015bci\u0105. W uzasadnionych\nprzypadkach zapewniamy r\u00f3wnie\u017c opiek\u0119 nad dzie\u0107mi. \n<\/p>\n\n\n\n<p><strong>Kontakt<\/strong>: Agnieszka Podg\u00f3rska, <a href=\"mailto:agnieszka.podgorska@siecobywatelska.pl\">agnieszka.podgorska@siecobywatelska.pl<\/a> tel. 607859482.<\/p>\n\n\n\n<p>\nBezpo\u015bredni link do ankiety rekrutacyjnej:\n<a href=\"https:\/\/crm.siecobywatelska.pl\/civicrm\/?page=CiviCRM&amp;q=civicrm\/event\/info&amp;id=133&amp;reset=1\">https:\/\/crm.siecobywatelska.pl\/civicrm\/?page=CiviCRM&amp;q=civicrm\/event\/info&amp;id=133&amp;reset=1<\/a><\/p>\n\n\n\n<p><\/p>\n","protected":false},"excerpt":{"rendered":"<p>Sie\u0107 Obywatelska Watchdog Polska, stowarzyszenie dzia\u0142aj\u0105ce na rzecz prawa do informacji, og\u0142asza nab\u00f3r do Szko\u0142y Inicjatyw Stra\u017cniczych dla os\u00f3b aktywnie dzia\u0142aj\u0105cych w swojej lokalnej spo\u0142eczno\u015bci. Szko\u0142a Inicjatyw Stra\u017cniczych (SIS) to cykl szkole\u0144 dla mieszka\u0144c\u00f3w gmin, kt\u00f3rzy przygl\u0105daj\u0105 si\u0119 pracy lokalnych w\u0142adz, zadaj\u0105 im pytania, zabieraj\u0105 g\u0142os w sprawach publicznych i dzia\u0142aj\u0105 na rzeczy zmiany w [&hellip;]<\/p>\n","protected":false},"author":3,"featured_media":0,"comment_status":"closed","ping_status":"closed","sticky":false,"template":"","format":"standard","meta":{"_et_pb_use_builder":"","_et_pb_old_content":"","_et_gb_content_width":"","_monsterinsights_skip_tracking":false},"categories":[82],"tags":[],"aioseo_notices":[],"aioseo_head":"\n\t\t<!-- All in One SEO 4.9.10 - aioseo.com -->\n\t<meta name=\"description\" content=\"Sie\u0107 Obywatelska Watchdog Polska, stowarzyszenie dzia\u0142aj\u0105ce na rzecz prawa do informacji, og\u0142asza nab\u00f3r do Szko\u0142y Inicjatyw Stra\u017cniczych dla os\u00f3b aktywnie dzia\u0142aj\u0105cych w swojej lokalnej spo\u0142eczno\u015bci. Szko\u0142a Inicjatyw Stra\u017cniczych (SIS) to cykl szkole\u0144 dla mieszka\u0144c\u00f3w gmin, kt\u00f3rzy przygl\u0105daj\u0105 si\u0119 pracy lokalnych w\u0142adz, zadaj\u0105 im pytania, zabieraj\u0105 g\u0142os w sprawach publicznych i dzia\u0142aj\u0105 na rzeczy zmiany w\" \/>\n\t<meta name=\"robots\" content=\"max-image-preview:large\" \/>\n\t<meta name=\"author\" content=\"Jacek Konieczy\u0144ski\"\/>\n\t<link rel=\"canonical\" href=\"https:\/\/tuplice.pl\/index.php\/2019\/02\/08\/rekrutacja-do-szkoly-inicjatyw-strazniczych\/\" \/>\n\t<meta name=\"generator\" content=\"All in One SEO (AIOSEO) 4.9.10\" \/>\n\t\t<meta property=\"og:locale\" content=\"pl_PL\" \/>\n\t\t<meta property=\"og:site_name\" content=\"Gmina Tuplice - Strona Gminy Tuplice\" \/>\n\t\t<meta property=\"og:type\" content=\"article\" \/>\n\t\t<meta property=\"og:title\" content=\"Rekrutacja do Szko\u0142y Inicjatyw Stra\u017cniczych - Gmina Tuplice\" \/>\n\t\t<meta property=\"og:description\" content=\"Sie\u0107 Obywatelska Watchdog Polska, stowarzyszenie dzia\u0142aj\u0105ce na rzecz prawa do informacji, og\u0142asza nab\u00f3r do Szko\u0142y Inicjatyw Stra\u017cniczych dla os\u00f3b aktywnie dzia\u0142aj\u0105cych w swojej lokalnej spo\u0142eczno\u015bci. Szko\u0142a Inicjatyw Stra\u017cniczych (SIS) to cykl szkole\u0144 dla mieszka\u0144c\u00f3w gmin, kt\u00f3rzy przygl\u0105daj\u0105 si\u0119 pracy lokalnych w\u0142adz, zadaj\u0105 im pytania, zabieraj\u0105 g\u0142os w sprawach publicznych i dzia\u0142aj\u0105 na rzeczy zmiany w\" \/>\n\t\t<meta property=\"og:url\" content=\"https:\/\/tuplice.pl\/index.php\/2019\/02\/08\/rekrutacja-do-szkoly-inicjatyw-strazniczych\/\" \/>\n\t\t<meta property=\"article:published_time\" content=\"2019-02-08T07:49:44+00:00\" \/>\n\t\t<meta property=\"article:modified_time\" content=\"2019-02-08T07:49:44+00:00\" \/>\n\t\t<meta property=\"article:publisher\" content=\"https:\/\/facebook.com\/Tuplicki Biuletyn Informacyjny\" \/>\n\t\t<meta name=\"twitter:card\" content=\"summary_large_image\" \/>\n\t\t<meta name=\"twitter:title\" content=\"Rekrutacja do Szko\u0142y Inicjatyw Stra\u017cniczych - Gmina Tuplice\" \/>\n\t\t<meta name=\"twitter:description\" content=\"Sie\u0107 Obywatelska Watchdog Polska, stowarzyszenie dzia\u0142aj\u0105ce na rzecz prawa do informacji, og\u0142asza nab\u00f3r do Szko\u0142y Inicjatyw Stra\u017cniczych dla os\u00f3b aktywnie dzia\u0142aj\u0105cych w swojej lokalnej spo\u0142eczno\u015bci. Szko\u0142a Inicjatyw Stra\u017cniczych (SIS) to cykl szkole\u0144 dla mieszka\u0144c\u00f3w gmin, kt\u00f3rzy przygl\u0105daj\u0105 si\u0119 pracy lokalnych w\u0142adz, zadaj\u0105 im pytania, zabieraj\u0105 g\u0142os w sprawach publicznych i dzia\u0142aj\u0105 na rzeczy zmiany w\" \/>\n\t\t<script type=\"application\/ld+json\" class=\"aioseo-schema\">\n\t\t\t{\"@context\":\"https:\\\/\\\/schema.org\",\"@graph\":[{\"@type\":\"BlogPosting\",\"@id\":\"https:\\\/\\\/tuplice.pl\\\/index.php\\\/2019\\\/02\\\/08\\\/rekrutacja-do-szkoly-inicjatyw-strazniczych\\\/#blogposting\",\"name\":\"Rekrutacja do Szko\\u0142y Inicjatyw Stra\\u017cniczych - Gmina Tuplice\",\"headline\":\"Rekrutacja do Szko\\u0142y Inicjatyw Stra\\u017cniczych\",\"author\":{\"@id\":\"https:\\\/\\\/tuplice.pl\\\/index.php\\\/author\\\/tuplice\\\/#author\"},\"publisher\":{\"@id\":\"https:\\\/\\\/tuplice.pl\\\/#organization\"},\"image\":{\"@type\":\"ImageObject\",\"url\":\"https:\\\/\\\/tuplice.pl\\\/wp-content\\\/uploads\\\/2025\\\/07\\\/images.png\",\"@id\":\"https:\\\/\\\/tuplice.pl\\\/#articleImage\",\"width\":282,\"height\":179},\"datePublished\":\"2019-02-08T08:49:44+01:00\",\"dateModified\":\"2019-02-08T08:49:44+01:00\",\"inLanguage\":\"pl-PL\",\"mainEntityOfPage\":{\"@id\":\"https:\\\/\\\/tuplice.pl\\\/index.php\\\/2019\\\/02\\\/08\\\/rekrutacja-do-szkoly-inicjatyw-strazniczych\\\/#webpage\"},\"isPartOf\":{\"@id\":\"https:\\\/\\\/tuplice.pl\\\/index.php\\\/2019\\\/02\\\/08\\\/rekrutacja-do-szkoly-inicjatyw-strazniczych\\\/#webpage\"},\"articleSection\":\"Aktualno\\u015bci\"},{\"@type\":\"BreadcrumbList\",\"@id\":\"https:\\\/\\\/tuplice.pl\\\/index.php\\\/2019\\\/02\\\/08\\\/rekrutacja-do-szkoly-inicjatyw-strazniczych\\\/#breadcrumblist\",\"itemListElement\":[{\"@type\":\"ListItem\",\"@id\":\"https:\\\/\\\/tuplice.pl#listItem\",\"position\":1,\"name\":\"Home\",\"item\":\"https:\\\/\\\/tuplice.pl\",\"nextItem\":{\"@type\":\"ListItem\",\"@id\":\"https:\\\/\\\/tuplice.pl\\\/index.php\\\/category\\\/aktualnosci\\\/#listItem\",\"name\":\"Aktualno\\u015bci\"}},{\"@type\":\"ListItem\",\"@id\":\"https:\\\/\\\/tuplice.pl\\\/index.php\\\/category\\\/aktualnosci\\\/#listItem\",\"position\":2,\"name\":\"Aktualno\\u015bci\",\"item\":\"https:\\\/\\\/tuplice.pl\\\/index.php\\\/category\\\/aktualnosci\\\/\",\"nextItem\":{\"@type\":\"ListItem\",\"@id\":\"https:\\\/\\\/tuplice.pl\\\/index.php\\\/2019\\\/02\\\/08\\\/rekrutacja-do-szkoly-inicjatyw-strazniczych\\\/#listItem\",\"name\":\"Rekrutacja do Szko\\u0142y Inicjatyw Stra\\u017cniczych\"},\"previousItem\":{\"@type\":\"ListItem\",\"@id\":\"https:\\\/\\\/tuplice.pl#listItem\",\"name\":\"Home\"}},{\"@type\":\"ListItem\",\"@id\":\"https:\\\/\\\/tuplice.pl\\\/index.php\\\/2019\\\/02\\\/08\\\/rekrutacja-do-szkoly-inicjatyw-strazniczych\\\/#listItem\",\"position\":3,\"name\":\"Rekrutacja do Szko\\u0142y Inicjatyw Stra\\u017cniczych\",\"previousItem\":{\"@type\":\"ListItem\",\"@id\":\"https:\\\/\\\/tuplice.pl\\\/index.php\\\/category\\\/aktualnosci\\\/#listItem\",\"name\":\"Aktualno\\u015bci\"}}]},{\"@type\":\"Organization\",\"@id\":\"https:\\\/\\\/tuplice.pl\\\/#organization\",\"name\":\"Gmina Tuplice Gmina Tuplice\",\"description\":\"Strona Gminy Tuplice Strona Urz\\u0119du Gminy Tuplice\",\"url\":\"https:\\\/\\\/tuplice.pl\\\/\",\"telephone\":\"+48683625720\",\"logo\":{\"@type\":\"ImageObject\",\"url\":\"https:\\\/\\\/tuplice.pl\\\/wp-content\\\/uploads\\\/2025\\\/07\\\/images.png\",\"@id\":\"https:\\\/\\\/tuplice.pl\\\/index.php\\\/2019\\\/02\\\/08\\\/rekrutacja-do-szkoly-inicjatyw-strazniczych\\\/#organizationLogo\",\"width\":282,\"height\":179},\"image\":{\"@id\":\"https:\\\/\\\/tuplice.pl\\\/index.php\\\/2019\\\/02\\\/08\\\/rekrutacja-do-szkoly-inicjatyw-strazniczych\\\/#organizationLogo\"},\"sameAs\":[\"https:\\\/\\\/facebook.com\\\/Tuplicki Biuletyn Informacyjny\",\"https:\\\/\\\/pinterest.com\\\/Tuplicki Biuletyn Informacyjny\",\"https:\\\/\\\/youtube.com\\\/Tuplicki Biuletyn Informacyjny\"]},{\"@type\":\"Person\",\"@id\":\"https:\\\/\\\/tuplice.pl\\\/index.php\\\/author\\\/tuplice\\\/#author\",\"url\":\"https:\\\/\\\/tuplice.pl\\\/index.php\\\/author\\\/tuplice\\\/\",\"name\":\"Jacek Konieczy\\u0144ski\",\"image\":{\"@type\":\"ImageObject\",\"@id\":\"https:\\\/\\\/tuplice.pl\\\/index.php\\\/2019\\\/02\\\/08\\\/rekrutacja-do-szkoly-inicjatyw-strazniczych\\\/#authorImage\",\"url\":\"https:\\\/\\\/secure.gravatar.com\\\/avatar\\\/8aa224da0ce3c7d7e2a92a582397a6f3?s=96&d=mm&r=g\",\"width\":96,\"height\":96,\"caption\":\"Jacek Konieczy\\u0144ski\"}},{\"@type\":\"WebPage\",\"@id\":\"https:\\\/\\\/tuplice.pl\\\/index.php\\\/2019\\\/02\\\/08\\\/rekrutacja-do-szkoly-inicjatyw-strazniczych\\\/#webpage\",\"url\":\"https:\\\/\\\/tuplice.pl\\\/index.php\\\/2019\\\/02\\\/08\\\/rekrutacja-do-szkoly-inicjatyw-strazniczych\\\/\",\"name\":\"Rekrutacja do Szko\\u0142y Inicjatyw Stra\\u017cniczych - Gmina Tuplice\",\"description\":\"Sie\\u0107 Obywatelska Watchdog Polska, stowarzyszenie dzia\\u0142aj\\u0105ce na rzecz prawa do informacji, og\\u0142asza nab\\u00f3r do Szko\\u0142y Inicjatyw Stra\\u017cniczych dla os\\u00f3b aktywnie dzia\\u0142aj\\u0105cych w swojej lokalnej spo\\u0142eczno\\u015bci. Szko\\u0142a Inicjatyw Stra\\u017cniczych (SIS) to cykl szkole\\u0144 dla mieszka\\u0144c\\u00f3w gmin, kt\\u00f3rzy przygl\\u0105daj\\u0105 si\\u0119 pracy lokalnych w\\u0142adz, zadaj\\u0105 im pytania, zabieraj\\u0105 g\\u0142os w sprawach publicznych i dzia\\u0142aj\\u0105 na rzeczy zmiany w\",\"inLanguage\":\"pl-PL\",\"isPartOf\":{\"@id\":\"https:\\\/\\\/tuplice.pl\\\/#website\"},\"breadcrumb\":{\"@id\":\"https:\\\/\\\/tuplice.pl\\\/index.php\\\/2019\\\/02\\\/08\\\/rekrutacja-do-szkoly-inicjatyw-strazniczych\\\/#breadcrumblist\"},\"author\":{\"@id\":\"https:\\\/\\\/tuplice.pl\\\/index.php\\\/author\\\/tuplice\\\/#author\"},\"creator\":{\"@id\":\"https:\\\/\\\/tuplice.pl\\\/index.php\\\/author\\\/tuplice\\\/#author\"},\"datePublished\":\"2019-02-08T08:49:44+01:00\",\"dateModified\":\"2019-02-08T08:49:44+01:00\"},{\"@type\":\"WebSite\",\"@id\":\"https:\\\/\\\/tuplice.pl\\\/#website\",\"url\":\"https:\\\/\\\/tuplice.pl\\\/\",\"name\":\"Gmina Tuplice\",\"description\":\"Strona Gminy Tuplice\",\"inLanguage\":\"pl-PL\",\"publisher\":{\"@id\":\"https:\\\/\\\/tuplice.pl\\\/#organization\"}}]}\n\t\t<\/script>\n\t\t<!-- All in One SEO -->\n\n","aioseo_head_json":{"title":"Rekrutacja do Szko\u0142y Inicjatyw Stra\u017cniczych - Gmina Tuplice","description":"Sie\u0107 Obywatelska Watchdog Polska, stowarzyszenie dzia\u0142aj\u0105ce na rzecz prawa do informacji, og\u0142asza nab\u00f3r do Szko\u0142y Inicjatyw Stra\u017cniczych dla os\u00f3b aktywnie dzia\u0142aj\u0105cych w swojej lokalnej spo\u0142eczno\u015bci. Szko\u0142a Inicjatyw Stra\u017cniczych (SIS) to cykl szkole\u0144 dla mieszka\u0144c\u00f3w gmin, kt\u00f3rzy przygl\u0105daj\u0105 si\u0119 pracy lokalnych w\u0142adz, zadaj\u0105 im pytania, zabieraj\u0105 g\u0142os w sprawach publicznych i dzia\u0142aj\u0105 na rzeczy zmiany w","canonical_url":"https:\/\/tuplice.pl\/index.php\/2019\/02\/08\/rekrutacja-do-szkoly-inicjatyw-strazniczych\/","robots":"max-image-preview:large","keywords":"","webmasterTools":{"miscellaneous":""},"schema":{"@context":"https:\/\/schema.org","@graph":[{"@type":"BlogPosting","@id":"https:\/\/tuplice.pl\/index.php\/2019\/02\/08\/rekrutacja-do-szkoly-inicjatyw-strazniczych\/#blogposting","name":"Rekrutacja do Szko\u0142y Inicjatyw Stra\u017cniczych - Gmina Tuplice","headline":"Rekrutacja do Szko\u0142y Inicjatyw Stra\u017cniczych","author":{"@id":"https:\/\/tuplice.pl\/index.php\/author\/tuplice\/#author"},"publisher":{"@id":"https:\/\/tuplice.pl\/#organization"},"image":{"@type":"ImageObject","url":"https:\/\/tuplice.pl\/wp-content\/uploads\/2025\/07\/images.png","@id":"https:\/\/tuplice.pl\/#articleImage","width":282,"height":179},"datePublished":"2019-02-08T08:49:44+01:00","dateModified":"2019-02-08T08:49:44+01:00","inLanguage":"pl-PL","mainEntityOfPage":{"@id":"https:\/\/tuplice.pl\/index.php\/2019\/02\/08\/rekrutacja-do-szkoly-inicjatyw-strazniczych\/#webpage"},"isPartOf":{"@id":"https:\/\/tuplice.pl\/index.php\/2019\/02\/08\/rekrutacja-do-szkoly-inicjatyw-strazniczych\/#webpage"},"articleSection":"Aktualno\u015bci"},{"@type":"BreadcrumbList","@id":"https:\/\/tuplice.pl\/index.php\/2019\/02\/08\/rekrutacja-do-szkoly-inicjatyw-strazniczych\/#breadcrumblist","itemListElement":[{"@type":"ListItem","@id":"https:\/\/tuplice.pl#listItem","position":1,"name":"Home","item":"https:\/\/tuplice.pl","nextItem":{"@type":"ListItem","@id":"https:\/\/tuplice.pl\/index.php\/category\/aktualnosci\/#listItem","name":"Aktualno\u015bci"}},{"@type":"ListItem","@id":"https:\/\/tuplice.pl\/index.php\/category\/aktualnosci\/#listItem","position":2,"name":"Aktualno\u015bci","item":"https:\/\/tuplice.pl\/index.php\/category\/aktualnosci\/","nextItem":{"@type":"ListItem","@id":"https:\/\/tuplice.pl\/index.php\/2019\/02\/08\/rekrutacja-do-szkoly-inicjatyw-strazniczych\/#listItem","name":"Rekrutacja do Szko\u0142y Inicjatyw Stra\u017cniczych"},"previousItem":{"@type":"ListItem","@id":"https:\/\/tuplice.pl#listItem","name":"Home"}},{"@type":"ListItem","@id":"https:\/\/tuplice.pl\/index.php\/2019\/02\/08\/rekrutacja-do-szkoly-inicjatyw-strazniczych\/#listItem","position":3,"name":"Rekrutacja do Szko\u0142y Inicjatyw Stra\u017cniczych","previousItem":{"@type":"ListItem","@id":"https:\/\/tuplice.pl\/index.php\/category\/aktualnosci\/#listItem","name":"Aktualno\u015bci"}}]},{"@type":"Organization","@id":"https:\/\/tuplice.pl\/#organization","name":"Gmina Tuplice Gmina Tuplice","description":"Strona Gminy Tuplice Strona Urz\u0119du Gminy Tuplice","url":"https:\/\/tuplice.pl\/","telephone":"+48683625720","logo":{"@type":"ImageObject","url":"https:\/\/tuplice.pl\/wp-content\/uploads\/2025\/07\/images.png","@id":"https:\/\/tuplice.pl\/index.php\/2019\/02\/08\/rekrutacja-do-szkoly-inicjatyw-strazniczych\/#organizationLogo","width":282,"height":179},"image":{"@id":"https:\/\/tuplice.pl\/index.php\/2019\/02\/08\/rekrutacja-do-szkoly-inicjatyw-strazniczych\/#organizationLogo"},"sameAs":["https:\/\/facebook.com\/Tuplicki Biuletyn Informacyjny","https:\/\/pinterest.com\/Tuplicki Biuletyn Informacyjny","https:\/\/youtube.com\/Tuplicki Biuletyn Informacyjny"]},{"@type":"Person","@id":"https:\/\/tuplice.pl\/index.php\/author\/tuplice\/#author","url":"https:\/\/tuplice.pl\/index.php\/author\/tuplice\/","name":"Jacek Konieczy\u0144ski","image":{"@type":"ImageObject","@id":"https:\/\/tuplice.pl\/index.php\/2019\/02\/08\/rekrutacja-do-szkoly-inicjatyw-strazniczych\/#authorImage","url":"https:\/\/secure.gravatar.com\/avatar\/8aa224da0ce3c7d7e2a92a582397a6f3?s=96&d=mm&r=g","width":96,"height":96,"caption":"Jacek Konieczy\u0144ski"}},{"@type":"WebPage","@id":"https:\/\/tuplice.pl\/index.php\/2019\/02\/08\/rekrutacja-do-szkoly-inicjatyw-strazniczych\/#webpage","url":"https:\/\/tuplice.pl\/index.php\/2019\/02\/08\/rekrutacja-do-szkoly-inicjatyw-strazniczych\/","name":"Rekrutacja do Szko\u0142y Inicjatyw Stra\u017cniczych - Gmina Tuplice","description":"Sie\u0107 Obywatelska Watchdog Polska, stowarzyszenie dzia\u0142aj\u0105ce na rzecz prawa do informacji, og\u0142asza nab\u00f3r do Szko\u0142y Inicjatyw Stra\u017cniczych dla os\u00f3b aktywnie dzia\u0142aj\u0105cych w swojej lokalnej spo\u0142eczno\u015bci. Szko\u0142a Inicjatyw Stra\u017cniczych (SIS) to cykl szkole\u0144 dla mieszka\u0144c\u00f3w gmin, kt\u00f3rzy przygl\u0105daj\u0105 si\u0119 pracy lokalnych w\u0142adz, zadaj\u0105 im pytania, zabieraj\u0105 g\u0142os w sprawach publicznych i dzia\u0142aj\u0105 na rzeczy zmiany w","inLanguage":"pl-PL","isPartOf":{"@id":"https:\/\/tuplice.pl\/#website"},"breadcrumb":{"@id":"https:\/\/tuplice.pl\/index.php\/2019\/02\/08\/rekrutacja-do-szkoly-inicjatyw-strazniczych\/#breadcrumblist"},"author":{"@id":"https:\/\/tuplice.pl\/index.php\/author\/tuplice\/#author"},"creator":{"@id":"https:\/\/tuplice.pl\/index.php\/author\/tuplice\/#author"},"datePublished":"2019-02-08T08:49:44+01:00","dateModified":"2019-02-08T08:49:44+01:00"},{"@type":"WebSite","@id":"https:\/\/tuplice.pl\/#website","url":"https:\/\/tuplice.pl\/","name":"Gmina Tuplice","description":"Strona Gminy Tuplice","inLanguage":"pl-PL","publisher":{"@id":"https:\/\/tuplice.pl\/#organization"}}]},"og:locale":"pl_PL","og:site_name":"Gmina Tuplice - Strona Gminy Tuplice","og:type":"article","og:title":"Rekrutacja do Szko\u0142y Inicjatyw Stra\u017cniczych - Gmina Tuplice","og:description":"Sie\u0107 Obywatelska Watchdog Polska, stowarzyszenie dzia\u0142aj\u0105ce na rzecz prawa do informacji, og\u0142asza nab\u00f3r do Szko\u0142y Inicjatyw Stra\u017cniczych dla os\u00f3b aktywnie dzia\u0142aj\u0105cych w swojej lokalnej spo\u0142eczno\u015bci. Szko\u0142a Inicjatyw Stra\u017cniczych (SIS) to cykl szkole\u0144 dla mieszka\u0144c\u00f3w gmin, kt\u00f3rzy przygl\u0105daj\u0105 si\u0119 pracy lokalnych w\u0142adz, zadaj\u0105 im pytania, zabieraj\u0105 g\u0142os w sprawach publicznych i dzia\u0142aj\u0105 na rzeczy zmiany w","og:url":"https:\/\/tuplice.pl\/index.php\/2019\/02\/08\/rekrutacja-do-szkoly-inicjatyw-strazniczych\/","article:published_time":"2019-02-08T07:49:44+00:00","article:modified_time":"2019-02-08T07:49:44+00:00","article:publisher":"https:\/\/facebook.com\/Tuplicki Biuletyn Informacyjny","twitter:card":"summary_large_image","twitter:title":"Rekrutacja do Szko\u0142y Inicjatyw Stra\u017cniczych - Gmina Tuplice","twitter:description":"Sie\u0107 Obywatelska Watchdog Polska, stowarzyszenie dzia\u0142aj\u0105ce na rzecz prawa do informacji, og\u0142asza nab\u00f3r do Szko\u0142y Inicjatyw Stra\u017cniczych dla os\u00f3b aktywnie dzia\u0142aj\u0105cych w swojej lokalnej spo\u0142eczno\u015bci. Szko\u0142a Inicjatyw Stra\u017cniczych (SIS) to cykl szkole\u0144 dla mieszka\u0144c\u00f3w gmin, kt\u00f3rzy przygl\u0105daj\u0105 si\u0119 pracy lokalnych w\u0142adz, zadaj\u0105 im pytania, zabieraj\u0105 g\u0142os w sprawach publicznych i dzia\u0142aj\u0105 na rzeczy zmiany w"},"aioseo_meta_data":{"post_id":"2733","title":null,"description":null,"keywords":null,"keyphrases":null,"primary_term":null,"canonical_url":null,"og_title":null,"og_description":null,"og_object_type":"default","og_image_type":"default","og_image_url":null,"og_image_width":null,"og_image_height":null,"og_image_custom_url":null,"og_image_custom_fields":null,"og_video":null,"og_custom_url":null,"og_article_section":null,"og_article_tags":null,"twitter_use_og":false,"twitter_card":"default","twitter_image_type":"default","twitter_image_url":null,"twitter_image_custom_url":null,"twitter_image_custom_fields":null,"twitter_title":null,"twitter_description":null,"schema":{"blockGraphs":[],"customGraphs":[],"default":{"data":{"Article":[],"Course":[],"Dataset":[],"FAQPage":[],"Movie":[],"Person":[],"Product":[],"ProductReview":[],"Car":[],"Recipe":[],"Service":[],"SoftwareApplication":[],"WebPage":[]},"graphName":"","isEnabled":true},"graphs":[]},"schema_type":"default","schema_type_options":null,"pillar_content":false,"robots_default":true,"robots_noindex":false,"robots_noarchive":false,"robots_nosnippet":false,"robots_nofollow":false,"robots_noimageindex":false,"robots_noodp":false,"robots_notranslate":false,"robots_max_snippet":null,"robots_max_videopreview":null,"robots_max_imagepreview":"large","priority":null,"frequency":null,"local_seo":null,"breadcrumb_settings":null,"limit_modified_date":false,"ai":null,"created":"2025-07-22 23:06:04","updated":"2025-07-22 23:06:04","seo_analyzer_scan_date":null},"aioseo_breadcrumb":"<div class=\"aioseo-breadcrumbs\"><span class=\"aioseo-breadcrumb\">\n\t\t\t<a href=\"https:\/\/tuplice.pl\" title=\"Home\">Home<\/a>\n\t\t<\/span><span class=\"aioseo-breadcrumb-separator\">&raquo;<\/span><span class=\"aioseo-breadcrumb\">\n\t\t\t<a href=\"https:\/\/tuplice.pl\/index.php\/category\/aktualnosci\/\" title=\"Aktualno\u015bci\">Aktualno\u015bci<\/a>\n\t\t<\/span><span class=\"aioseo-breadcrumb-separator\">&raquo;<\/span><span class=\"aioseo-breadcrumb\">\n\t\t\tRekrutacja do Szko\u0142y Inicjatyw Stra\u017cniczych\n\t\t<\/span><\/div>","aioseo_breadcrumb_json":[{"label":"Home","link":"https:\/\/tuplice.pl"},{"label":"Aktualno\u015bci","link":"https:\/\/tuplice.pl\/index.php\/category\/aktualnosci\/"},{"label":"Rekrutacja do Szko\u0142y Inicjatyw Stra\u017cniczych","link":"https:\/\/tuplice.pl\/index.php\/2019\/02\/08\/rekrutacja-do-szkoly-inicjatyw-strazniczych\/"}],"a3_pvc":{"activated":false,"total_views":0,"today_views":0},"_links":{"self":[{"href":"https:\/\/tuplice.pl\/index.php\/wp-json\/wp\/v2\/posts\/2733"}],"collection":[{"href":"https:\/\/tuplice.pl\/index.php\/wp-json\/wp\/v2\/posts"}],"about":[{"href":"https:\/\/tuplice.pl\/index.php\/wp-json\/wp\/v2\/types\/post"}],"author":[{"embeddable":true,"href":"https:\/\/tuplice.pl\/index.php\/wp-json\/wp\/v2\/users\/3"}],"replies":[{"embeddable":true,"href":"https:\/\/tuplice.pl\/index.php\/wp-json\/wp\/v2\/comments?post=2733"}],"version-history":[{"count":0,"href":"https:\/\/tuplice.pl\/index.php\/wp-json\/wp\/v2\/posts\/2733\/revisions"}],"wp:attachment":[{"href":"https:\/\/tuplice.pl\/index.php\/wp-json\/wp\/v2\/media?parent=2733"}],"wp:term":[{"taxonomy":"category","embeddable":true,"href":"https:\/\/tuplice.pl\/index.php\/wp-json\/wp\/v2\/categories?post=2733"},{"taxonomy":"post_tag","embeddable":true,"href":"https:\/\/tuplice.pl\/index.php\/wp-json\/wp\/v2\/tags?post=2733"}],"curies":[{"name":"wp","href":"https:\/\/api.w.org\/{rel}","templated":true}]}}