{"id":3015,"date":"2019-09-11T12:27:05","date_gmt":"2019-09-11T10:27:05","guid":{"rendered":"https:\/\/tuplice.pl\/?p=3015"},"modified":"2019-09-11T12:27:05","modified_gmt":"2019-09-11T10:27:05","slug":"x-lubuski-kiermasz-ogrodniczy-w-kalsku-i-glisnie","status":"publish","type":"post","link":"https:\/\/tuplice.pl\/index.php\/2019\/09\/11\/x-lubuski-kiermasz-ogrodniczy-w-kalsku-i-glisnie\/","title":{"rendered":"X Lubuski Kiermasz Ogrodniczy w Kalsku i Gli\u015bnie"},"content":{"rendered":"\n<p>\n<strong>Program targ\u00f3w rolniczych<\/strong><\/p>\n\n\n\n<p><strong>pn.\n\u201eX Lubuski Kiermasz Ogrodniczy\u201d \u2013 <\/strong>Kalsk\ndn. 15 wrze\u015bnia 2019 r.\n<\/p>\n\n\n\n<p><strong>oraz\n\u201eJesie\u0144 w Gli\u015bnie\u201d &#8211; <\/strong>Glisno dn. 22\nwrze\u015bnia 2019 r.<\/p>\n\n\n\n<ul><li>Promocja\n\tdorobku rolnictwa wojew\u00f3dztwa lubuskiego.\n\t<\/li><li>Promocja\n\tprodukt\u00f3w tradycyjnych, regionalnych i ekologicznych. \n\t\n\t<\/li><li>Wystawa\n\t\u017cywno\u015bci wysokiej jako\u015bci. \n\t\n\t<\/li><li>Kiermasz\n\tr\u0119kodzie\u0142a ludowego i artystycznego.\n\t<\/li><li>Kiermasz\n\tprodukt\u00f3w regionalnych i tradycyjnych.\n\t<\/li><li>Kiermasz\n\twypiek\u00f3w i wyrob\u00f3w wiejskich.\n\t<\/li><li>Kiermasze\n\togrodniczo &#8211; pszczelarskie.\n\t<\/li><li>Prezentacja\n\tosi\u0105gni\u0119\u0107 K\u00f3\u0142 Gospody\u0144 Wiejskich, stowarzysze\u0144, gospodarstw\n\tagroturystycznych i so\u0142ectw.\n\t<\/li><li>\n\tWystawa sprz\u0119tu ogrodniczego, w tym prezentacja nowo\u015bci\n\ttechnologicznych                          i technicznych w produkcji\n\trolnej.\n\t<\/li><li>Wystawa\n\tdrobnego inwentarza. \n\t\n\t<\/li><li>Sprzeda\u017c\n\tmateria\u0142u szk\u00f3\u0142karskiego, ro\u015blin sadowniczych i ozdobnych,\n\twarzyw                       i owoc\u00f3w sezonowych.\n\t<\/li><li>Promocja <em>Sieci\n\tna rzecz innowacji w rolnictwie i na obszarach wiejskich<\/em> (SIR). \n\t\n\t<\/li><li>Fachowe\n\tdoradztwo specjalist\u00f3w LODR i przedstawicieli firm pracuj\u0105cych na\n\trzecz rolnictwa.\n\t<\/li><li>Konkursy dla\n\tdzieci. \n\t\n\t<\/li><li>Wyst\u0119py\n\tlubuskich zespo\u0142\u00f3w ludowych. \n\t\n<\/li><\/ul>\n\n\n\n<figure class=\"wp-block-image\"><img decoding=\"async\" src=\"https:\/\/tuplice.pl\/wp-content\/uploads\/2019\/09\/plakat-kiermasz-2019-RGB.jpg\" alt=\"\" class=\"wp-image-3016\"\/><\/figure>\n\n\n\n<figure class=\"wp-block-image\"><img decoding=\"async\" src=\"https:\/\/tuplice.pl\/wp-content\/uploads\/2019\/09\/plakat-jesie\u0144-2019-RGB.jpg\" alt=\"\" class=\"wp-image-3017\"\/><\/figure>\n","protected":false},"excerpt":{"rendered":"<p>Program targ\u00f3w rolniczych pn. \u201eX Lubuski Kiermasz Ogrodniczy\u201d \u2013 Kalsk dn. 15 wrze\u015bnia 2019 r. oraz \u201eJesie\u0144 w Gli\u015bnie\u201d &#8211; Glisno dn. 22 wrze\u015bnia 2019 r. Promocja dorobku rolnictwa wojew\u00f3dztwa lubuskiego. Promocja produkt\u00f3w tradycyjnych, regionalnych i ekologicznych. Wystawa \u017cywno\u015bci wysokiej jako\u015bci. Kiermasz r\u0119kodzie\u0142a ludowego i artystycznego. Kiermasz produkt\u00f3w regionalnych i tradycyjnych. Kiermasz wypiek\u00f3w i wyrob\u00f3w [&hellip;]<\/p>\n","protected":false},"author":3,"featured_media":0,"comment_status":"closed","ping_status":"closed","sticky":false,"template":"","format":"standard","meta":{"_et_pb_use_builder":"","_et_pb_old_content":"","_et_gb_content_width":"","_monsterinsights_skip_tracking":false},"categories":[82],"tags":[],"aioseo_notices":[],"aioseo_head":"\n\t\t<!-- All in One SEO 4.9.10 - aioseo.com -->\n\t<meta name=\"description\" content=\"Program targ\u00f3w rolniczych pn. \u201eX Lubuski Kiermasz Ogrodniczy\u201d \u2013 Kalsk dn. 15 wrze\u015bnia 2019 r. oraz \u201eJesie\u0144 w Gli\u015bnie\u201d - Glisno dn. 22 wrze\u015bnia 2019 r. Promocja dorobku rolnictwa wojew\u00f3dztwa lubuskiego. Promocja produkt\u00f3w tradycyjnych, regionalnych i ekologicznych. Wystawa \u017cywno\u015bci wysokiej jako\u015bci. Kiermasz r\u0119kodzie\u0142a ludowego i artystycznego. Kiermasz produkt\u00f3w regionalnych i tradycyjnych. Kiermasz wypiek\u00f3w i wyrob\u00f3w\" \/>\n\t<meta name=\"robots\" content=\"max-image-preview:large\" \/>\n\t<meta name=\"author\" content=\"Jacek Konieczy\u0144ski\"\/>\n\t<link rel=\"canonical\" href=\"https:\/\/tuplice.pl\/index.php\/2019\/09\/11\/x-lubuski-kiermasz-ogrodniczy-w-kalsku-i-glisnie\/\" \/>\n\t<meta name=\"generator\" content=\"All in One SEO (AIOSEO) 4.9.10\" \/>\n\t\t<meta property=\"og:locale\" content=\"pl_PL\" \/>\n\t\t<meta property=\"og:site_name\" content=\"Gmina Tuplice - Strona Gminy Tuplice\" \/>\n\t\t<meta property=\"og:type\" content=\"article\" \/>\n\t\t<meta property=\"og:title\" content=\"X Lubuski Kiermasz Ogrodniczy w Kalsku i Gli\u015bnie - Gmina Tuplice\" \/>\n\t\t<meta property=\"og:description\" content=\"Program targ\u00f3w rolniczych pn. \u201eX Lubuski Kiermasz Ogrodniczy\u201d \u2013 Kalsk dn. 15 wrze\u015bnia 2019 r. oraz \u201eJesie\u0144 w Gli\u015bnie\u201d - Glisno dn. 22 wrze\u015bnia 2019 r. Promocja dorobku rolnictwa wojew\u00f3dztwa lubuskiego. Promocja produkt\u00f3w tradycyjnych, regionalnych i ekologicznych. Wystawa \u017cywno\u015bci wysokiej jako\u015bci. Kiermasz r\u0119kodzie\u0142a ludowego i artystycznego. Kiermasz produkt\u00f3w regionalnych i tradycyjnych. Kiermasz wypiek\u00f3w i wyrob\u00f3w\" \/>\n\t\t<meta property=\"og:url\" content=\"https:\/\/tuplice.pl\/index.php\/2019\/09\/11\/x-lubuski-kiermasz-ogrodniczy-w-kalsku-i-glisnie\/\" \/>\n\t\t<meta property=\"article:published_time\" content=\"2019-09-11T10:27:05+00:00\" \/>\n\t\t<meta property=\"article:modified_time\" content=\"2019-09-11T10:27:05+00:00\" \/>\n\t\t<meta property=\"article:publisher\" content=\"https:\/\/facebook.com\/Tuplicki Biuletyn Informacyjny\" \/>\n\t\t<meta name=\"twitter:card\" content=\"summary_large_image\" \/>\n\t\t<meta name=\"twitter:title\" content=\"X Lubuski Kiermasz Ogrodniczy w Kalsku i Gli\u015bnie - Gmina Tuplice\" \/>\n\t\t<meta name=\"twitter:description\" content=\"Program targ\u00f3w rolniczych pn. \u201eX Lubuski Kiermasz Ogrodniczy\u201d \u2013 Kalsk dn. 15 wrze\u015bnia 2019 r. oraz \u201eJesie\u0144 w Gli\u015bnie\u201d - Glisno dn. 22 wrze\u015bnia 2019 r. Promocja dorobku rolnictwa wojew\u00f3dztwa lubuskiego. Promocja produkt\u00f3w tradycyjnych, regionalnych i ekologicznych. Wystawa \u017cywno\u015bci wysokiej jako\u015bci. Kiermasz r\u0119kodzie\u0142a ludowego i artystycznego. Kiermasz produkt\u00f3w regionalnych i tradycyjnych. Kiermasz wypiek\u00f3w i wyrob\u00f3w\" \/>\n\t\t<script type=\"application\/ld+json\" class=\"aioseo-schema\">\n\t\t\t{\"@context\":\"https:\\\/\\\/schema.org\",\"@graph\":[{\"@type\":\"BlogPosting\",\"@id\":\"https:\\\/\\\/tuplice.pl\\\/index.php\\\/2019\\\/09\\\/11\\\/x-lubuski-kiermasz-ogrodniczy-w-kalsku-i-glisnie\\\/#blogposting\",\"name\":\"X Lubuski Kiermasz Ogrodniczy w Kalsku i Gli\\u015bnie - Gmina Tuplice\",\"headline\":\"X Lubuski Kiermasz Ogrodniczy w Kalsku i Gli\\u015bnie\",\"author\":{\"@id\":\"https:\\\/\\\/tuplice.pl\\\/index.php\\\/author\\\/tuplice\\\/#author\"},\"publisher\":{\"@id\":\"https:\\\/\\\/tuplice.pl\\\/#organization\"},\"image\":{\"@type\":\"ImageObject\",\"url\":\"http:\\\/\\\/tuplice.pl\\\/wp-content\\\/uploads\\\/2019\\\/09\\\/plakat-kiermasz-2019-RGB.jpg\",\"@id\":\"https:\\\/\\\/tuplice.pl\\\/index.php\\\/2019\\\/09\\\/11\\\/x-lubuski-kiermasz-ogrodniczy-w-kalsku-i-glisnie\\\/#articleImage\"},\"datePublished\":\"2019-09-11T12:27:05+02:00\",\"dateModified\":\"2019-09-11T12:27:05+02:00\",\"inLanguage\":\"pl-PL\",\"mainEntityOfPage\":{\"@id\":\"https:\\\/\\\/tuplice.pl\\\/index.php\\\/2019\\\/09\\\/11\\\/x-lubuski-kiermasz-ogrodniczy-w-kalsku-i-glisnie\\\/#webpage\"},\"isPartOf\":{\"@id\":\"https:\\\/\\\/tuplice.pl\\\/index.php\\\/2019\\\/09\\\/11\\\/x-lubuski-kiermasz-ogrodniczy-w-kalsku-i-glisnie\\\/#webpage\"},\"articleSection\":\"Aktualno\\u015bci\"},{\"@type\":\"BreadcrumbList\",\"@id\":\"https:\\\/\\\/tuplice.pl\\\/index.php\\\/2019\\\/09\\\/11\\\/x-lubuski-kiermasz-ogrodniczy-w-kalsku-i-glisnie\\\/#breadcrumblist\",\"itemListElement\":[{\"@type\":\"ListItem\",\"@id\":\"https:\\\/\\\/tuplice.pl#listItem\",\"position\":1,\"name\":\"Home\",\"item\":\"https:\\\/\\\/tuplice.pl\",\"nextItem\":{\"@type\":\"ListItem\",\"@id\":\"https:\\\/\\\/tuplice.pl\\\/index.php\\\/category\\\/aktualnosci\\\/#listItem\",\"name\":\"Aktualno\\u015bci\"}},{\"@type\":\"ListItem\",\"@id\":\"https:\\\/\\\/tuplice.pl\\\/index.php\\\/category\\\/aktualnosci\\\/#listItem\",\"position\":2,\"name\":\"Aktualno\\u015bci\",\"item\":\"https:\\\/\\\/tuplice.pl\\\/index.php\\\/category\\\/aktualnosci\\\/\",\"nextItem\":{\"@type\":\"ListItem\",\"@id\":\"https:\\\/\\\/tuplice.pl\\\/index.php\\\/2019\\\/09\\\/11\\\/x-lubuski-kiermasz-ogrodniczy-w-kalsku-i-glisnie\\\/#listItem\",\"name\":\"X Lubuski Kiermasz Ogrodniczy w Kalsku i Gli\\u015bnie\"},\"previousItem\":{\"@type\":\"ListItem\",\"@id\":\"https:\\\/\\\/tuplice.pl#listItem\",\"name\":\"Home\"}},{\"@type\":\"ListItem\",\"@id\":\"https:\\\/\\\/tuplice.pl\\\/index.php\\\/2019\\\/09\\\/11\\\/x-lubuski-kiermasz-ogrodniczy-w-kalsku-i-glisnie\\\/#listItem\",\"position\":3,\"name\":\"X Lubuski Kiermasz Ogrodniczy w Kalsku i Gli\\u015bnie\",\"previousItem\":{\"@type\":\"ListItem\",\"@id\":\"https:\\\/\\\/tuplice.pl\\\/index.php\\\/category\\\/aktualnosci\\\/#listItem\",\"name\":\"Aktualno\\u015bci\"}}]},{\"@type\":\"Organization\",\"@id\":\"https:\\\/\\\/tuplice.pl\\\/#organization\",\"name\":\"Gmina Tuplice Gmina Tuplice\",\"description\":\"Strona Gminy Tuplice Strona Urz\\u0119du Gminy Tuplice\",\"url\":\"https:\\\/\\\/tuplice.pl\\\/\",\"telephone\":\"+48683625720\",\"logo\":{\"@type\":\"ImageObject\",\"url\":\"https:\\\/\\\/tuplice.pl\\\/wp-content\\\/uploads\\\/2025\\\/07\\\/images.png\",\"@id\":\"https:\\\/\\\/tuplice.pl\\\/index.php\\\/2019\\\/09\\\/11\\\/x-lubuski-kiermasz-ogrodniczy-w-kalsku-i-glisnie\\\/#organizationLogo\",\"width\":282,\"height\":179},\"image\":{\"@id\":\"https:\\\/\\\/tuplice.pl\\\/index.php\\\/2019\\\/09\\\/11\\\/x-lubuski-kiermasz-ogrodniczy-w-kalsku-i-glisnie\\\/#organizationLogo\"},\"sameAs\":[\"https:\\\/\\\/facebook.com\\\/Tuplicki Biuletyn Informacyjny\",\"https:\\\/\\\/pinterest.com\\\/Tuplicki Biuletyn Informacyjny\",\"https:\\\/\\\/youtube.com\\\/Tuplicki Biuletyn Informacyjny\"]},{\"@type\":\"Person\",\"@id\":\"https:\\\/\\\/tuplice.pl\\\/index.php\\\/author\\\/tuplice\\\/#author\",\"url\":\"https:\\\/\\\/tuplice.pl\\\/index.php\\\/author\\\/tuplice\\\/\",\"name\":\"Jacek Konieczy\\u0144ski\",\"image\":{\"@type\":\"ImageObject\",\"@id\":\"https:\\\/\\\/tuplice.pl\\\/index.php\\\/2019\\\/09\\\/11\\\/x-lubuski-kiermasz-ogrodniczy-w-kalsku-i-glisnie\\\/#authorImage\",\"url\":\"https:\\\/\\\/secure.gravatar.com\\\/avatar\\\/8aa224da0ce3c7d7e2a92a582397a6f3?s=96&d=mm&r=g\",\"width\":96,\"height\":96,\"caption\":\"Jacek Konieczy\\u0144ski\"}},{\"@type\":\"WebPage\",\"@id\":\"https:\\\/\\\/tuplice.pl\\\/index.php\\\/2019\\\/09\\\/11\\\/x-lubuski-kiermasz-ogrodniczy-w-kalsku-i-glisnie\\\/#webpage\",\"url\":\"https:\\\/\\\/tuplice.pl\\\/index.php\\\/2019\\\/09\\\/11\\\/x-lubuski-kiermasz-ogrodniczy-w-kalsku-i-glisnie\\\/\",\"name\":\"X Lubuski Kiermasz Ogrodniczy w Kalsku i Gli\\u015bnie - Gmina Tuplice\",\"description\":\"Program targ\\u00f3w rolniczych pn. \\u201eX Lubuski Kiermasz Ogrodniczy\\u201d \\u2013 Kalsk dn. 15 wrze\\u015bnia 2019 r. oraz \\u201eJesie\\u0144 w Gli\\u015bnie\\u201d - Glisno dn. 22 wrze\\u015bnia 2019 r. Promocja dorobku rolnictwa wojew\\u00f3dztwa lubuskiego. Promocja produkt\\u00f3w tradycyjnych, regionalnych i ekologicznych. Wystawa \\u017cywno\\u015bci wysokiej jako\\u015bci. Kiermasz r\\u0119kodzie\\u0142a ludowego i artystycznego. Kiermasz produkt\\u00f3w regionalnych i tradycyjnych. Kiermasz wypiek\\u00f3w i wyrob\\u00f3w\",\"inLanguage\":\"pl-PL\",\"isPartOf\":{\"@id\":\"https:\\\/\\\/tuplice.pl\\\/#website\"},\"breadcrumb\":{\"@id\":\"https:\\\/\\\/tuplice.pl\\\/index.php\\\/2019\\\/09\\\/11\\\/x-lubuski-kiermasz-ogrodniczy-w-kalsku-i-glisnie\\\/#breadcrumblist\"},\"author\":{\"@id\":\"https:\\\/\\\/tuplice.pl\\\/index.php\\\/author\\\/tuplice\\\/#author\"},\"creator\":{\"@id\":\"https:\\\/\\\/tuplice.pl\\\/index.php\\\/author\\\/tuplice\\\/#author\"},\"datePublished\":\"2019-09-11T12:27:05+02:00\",\"dateModified\":\"2019-09-11T12:27:05+02:00\"},{\"@type\":\"WebSite\",\"@id\":\"https:\\\/\\\/tuplice.pl\\\/#website\",\"url\":\"https:\\\/\\\/tuplice.pl\\\/\",\"name\":\"Gmina Tuplice\",\"description\":\"Strona Gminy Tuplice\",\"inLanguage\":\"pl-PL\",\"publisher\":{\"@id\":\"https:\\\/\\\/tuplice.pl\\\/#organization\"}}]}\n\t\t<\/script>\n\t\t<!-- All in One SEO -->\n\n","aioseo_head_json":{"title":"X Lubuski Kiermasz Ogrodniczy w Kalsku i Gli\u015bnie - Gmina Tuplice","description":"Program targ\u00f3w rolniczych pn. \u201eX Lubuski Kiermasz Ogrodniczy\u201d \u2013 Kalsk dn. 15 wrze\u015bnia 2019 r. oraz \u201eJesie\u0144 w Gli\u015bnie\u201d - Glisno dn. 22 wrze\u015bnia 2019 r. Promocja dorobku rolnictwa wojew\u00f3dztwa lubuskiego. Promocja produkt\u00f3w tradycyjnych, regionalnych i ekologicznych. Wystawa \u017cywno\u015bci wysokiej jako\u015bci. Kiermasz r\u0119kodzie\u0142a ludowego i artystycznego. Kiermasz produkt\u00f3w regionalnych i tradycyjnych. Kiermasz wypiek\u00f3w i wyrob\u00f3w","canonical_url":"https:\/\/tuplice.pl\/index.php\/2019\/09\/11\/x-lubuski-kiermasz-ogrodniczy-w-kalsku-i-glisnie\/","robots":"max-image-preview:large","keywords":"","webmasterTools":{"miscellaneous":""},"schema":{"@context":"https:\/\/schema.org","@graph":[{"@type":"BlogPosting","@id":"https:\/\/tuplice.pl\/index.php\/2019\/09\/11\/x-lubuski-kiermasz-ogrodniczy-w-kalsku-i-glisnie\/#blogposting","name":"X Lubuski Kiermasz Ogrodniczy w Kalsku i Gli\u015bnie - Gmina Tuplice","headline":"X Lubuski Kiermasz Ogrodniczy w Kalsku i Gli\u015bnie","author":{"@id":"https:\/\/tuplice.pl\/index.php\/author\/tuplice\/#author"},"publisher":{"@id":"https:\/\/tuplice.pl\/#organization"},"image":{"@type":"ImageObject","url":"http:\/\/tuplice.pl\/wp-content\/uploads\/2019\/09\/plakat-kiermasz-2019-RGB.jpg","@id":"https:\/\/tuplice.pl\/index.php\/2019\/09\/11\/x-lubuski-kiermasz-ogrodniczy-w-kalsku-i-glisnie\/#articleImage"},"datePublished":"2019-09-11T12:27:05+02:00","dateModified":"2019-09-11T12:27:05+02:00","inLanguage":"pl-PL","mainEntityOfPage":{"@id":"https:\/\/tuplice.pl\/index.php\/2019\/09\/11\/x-lubuski-kiermasz-ogrodniczy-w-kalsku-i-glisnie\/#webpage"},"isPartOf":{"@id":"https:\/\/tuplice.pl\/index.php\/2019\/09\/11\/x-lubuski-kiermasz-ogrodniczy-w-kalsku-i-glisnie\/#webpage"},"articleSection":"Aktualno\u015bci"},{"@type":"BreadcrumbList","@id":"https:\/\/tuplice.pl\/index.php\/2019\/09\/11\/x-lubuski-kiermasz-ogrodniczy-w-kalsku-i-glisnie\/#breadcrumblist","itemListElement":[{"@type":"ListItem","@id":"https:\/\/tuplice.pl#listItem","position":1,"name":"Home","item":"https:\/\/tuplice.pl","nextItem":{"@type":"ListItem","@id":"https:\/\/tuplice.pl\/index.php\/category\/aktualnosci\/#listItem","name":"Aktualno\u015bci"}},{"@type":"ListItem","@id":"https:\/\/tuplice.pl\/index.php\/category\/aktualnosci\/#listItem","position":2,"name":"Aktualno\u015bci","item":"https:\/\/tuplice.pl\/index.php\/category\/aktualnosci\/","nextItem":{"@type":"ListItem","@id":"https:\/\/tuplice.pl\/index.php\/2019\/09\/11\/x-lubuski-kiermasz-ogrodniczy-w-kalsku-i-glisnie\/#listItem","name":"X Lubuski Kiermasz Ogrodniczy w Kalsku i Gli\u015bnie"},"previousItem":{"@type":"ListItem","@id":"https:\/\/tuplice.pl#listItem","name":"Home"}},{"@type":"ListItem","@id":"https:\/\/tuplice.pl\/index.php\/2019\/09\/11\/x-lubuski-kiermasz-ogrodniczy-w-kalsku-i-glisnie\/#listItem","position":3,"name":"X Lubuski Kiermasz Ogrodniczy w Kalsku i Gli\u015bnie","previousItem":{"@type":"ListItem","@id":"https:\/\/tuplice.pl\/index.php\/category\/aktualnosci\/#listItem","name":"Aktualno\u015bci"}}]},{"@type":"Organization","@id":"https:\/\/tuplice.pl\/#organization","name":"Gmina Tuplice Gmina Tuplice","description":"Strona Gminy Tuplice Strona Urz\u0119du Gminy Tuplice","url":"https:\/\/tuplice.pl\/","telephone":"+48683625720","logo":{"@type":"ImageObject","url":"https:\/\/tuplice.pl\/wp-content\/uploads\/2025\/07\/images.png","@id":"https:\/\/tuplice.pl\/index.php\/2019\/09\/11\/x-lubuski-kiermasz-ogrodniczy-w-kalsku-i-glisnie\/#organizationLogo","width":282,"height":179},"image":{"@id":"https:\/\/tuplice.pl\/index.php\/2019\/09\/11\/x-lubuski-kiermasz-ogrodniczy-w-kalsku-i-glisnie\/#organizationLogo"},"sameAs":["https:\/\/facebook.com\/Tuplicki Biuletyn Informacyjny","https:\/\/pinterest.com\/Tuplicki Biuletyn Informacyjny","https:\/\/youtube.com\/Tuplicki Biuletyn Informacyjny"]},{"@type":"Person","@id":"https:\/\/tuplice.pl\/index.php\/author\/tuplice\/#author","url":"https:\/\/tuplice.pl\/index.php\/author\/tuplice\/","name":"Jacek Konieczy\u0144ski","image":{"@type":"ImageObject","@id":"https:\/\/tuplice.pl\/index.php\/2019\/09\/11\/x-lubuski-kiermasz-ogrodniczy-w-kalsku-i-glisnie\/#authorImage","url":"https:\/\/secure.gravatar.com\/avatar\/8aa224da0ce3c7d7e2a92a582397a6f3?s=96&d=mm&r=g","width":96,"height":96,"caption":"Jacek Konieczy\u0144ski"}},{"@type":"WebPage","@id":"https:\/\/tuplice.pl\/index.php\/2019\/09\/11\/x-lubuski-kiermasz-ogrodniczy-w-kalsku-i-glisnie\/#webpage","url":"https:\/\/tuplice.pl\/index.php\/2019\/09\/11\/x-lubuski-kiermasz-ogrodniczy-w-kalsku-i-glisnie\/","name":"X Lubuski Kiermasz Ogrodniczy w Kalsku i Gli\u015bnie - Gmina Tuplice","description":"Program targ\u00f3w rolniczych pn. \u201eX Lubuski Kiermasz Ogrodniczy\u201d \u2013 Kalsk dn. 15 wrze\u015bnia 2019 r. oraz \u201eJesie\u0144 w Gli\u015bnie\u201d - Glisno dn. 22 wrze\u015bnia 2019 r. Promocja dorobku rolnictwa wojew\u00f3dztwa lubuskiego. Promocja produkt\u00f3w tradycyjnych, regionalnych i ekologicznych. Wystawa \u017cywno\u015bci wysokiej jako\u015bci. Kiermasz r\u0119kodzie\u0142a ludowego i artystycznego. Kiermasz produkt\u00f3w regionalnych i tradycyjnych. Kiermasz wypiek\u00f3w i wyrob\u00f3w","inLanguage":"pl-PL","isPartOf":{"@id":"https:\/\/tuplice.pl\/#website"},"breadcrumb":{"@id":"https:\/\/tuplice.pl\/index.php\/2019\/09\/11\/x-lubuski-kiermasz-ogrodniczy-w-kalsku-i-glisnie\/#breadcrumblist"},"author":{"@id":"https:\/\/tuplice.pl\/index.php\/author\/tuplice\/#author"},"creator":{"@id":"https:\/\/tuplice.pl\/index.php\/author\/tuplice\/#author"},"datePublished":"2019-09-11T12:27:05+02:00","dateModified":"2019-09-11T12:27:05+02:00"},{"@type":"WebSite","@id":"https:\/\/tuplice.pl\/#website","url":"https:\/\/tuplice.pl\/","name":"Gmina Tuplice","description":"Strona Gminy Tuplice","inLanguage":"pl-PL","publisher":{"@id":"https:\/\/tuplice.pl\/#organization"}}]},"og:locale":"pl_PL","og:site_name":"Gmina Tuplice - Strona Gminy Tuplice","og:type":"article","og:title":"X Lubuski Kiermasz Ogrodniczy w Kalsku i Gli\u015bnie - Gmina Tuplice","og:description":"Program targ\u00f3w rolniczych pn. \u201eX Lubuski Kiermasz Ogrodniczy\u201d \u2013 Kalsk dn. 15 wrze\u015bnia 2019 r. oraz \u201eJesie\u0144 w Gli\u015bnie\u201d - Glisno dn. 22 wrze\u015bnia 2019 r. Promocja dorobku rolnictwa wojew\u00f3dztwa lubuskiego. Promocja produkt\u00f3w tradycyjnych, regionalnych i ekologicznych. Wystawa \u017cywno\u015bci wysokiej jako\u015bci. Kiermasz r\u0119kodzie\u0142a ludowego i artystycznego. Kiermasz produkt\u00f3w regionalnych i tradycyjnych. Kiermasz wypiek\u00f3w i wyrob\u00f3w","og:url":"https:\/\/tuplice.pl\/index.php\/2019\/09\/11\/x-lubuski-kiermasz-ogrodniczy-w-kalsku-i-glisnie\/","article:published_time":"2019-09-11T10:27:05+00:00","article:modified_time":"2019-09-11T10:27:05+00:00","article:publisher":"https:\/\/facebook.com\/Tuplicki Biuletyn Informacyjny","twitter:card":"summary_large_image","twitter:title":"X Lubuski Kiermasz Ogrodniczy w Kalsku i Gli\u015bnie - Gmina Tuplice","twitter:description":"Program targ\u00f3w rolniczych pn. \u201eX Lubuski Kiermasz Ogrodniczy\u201d \u2013 Kalsk dn. 15 wrze\u015bnia 2019 r. oraz \u201eJesie\u0144 w Gli\u015bnie\u201d - Glisno dn. 22 wrze\u015bnia 2019 r. Promocja dorobku rolnictwa wojew\u00f3dztwa lubuskiego. Promocja produkt\u00f3w tradycyjnych, regionalnych i ekologicznych. Wystawa \u017cywno\u015bci wysokiej jako\u015bci. Kiermasz r\u0119kodzie\u0142a ludowego i artystycznego. Kiermasz produkt\u00f3w regionalnych i tradycyjnych. Kiermasz wypiek\u00f3w i wyrob\u00f3w"},"aioseo_meta_data":{"post_id":"3015","title":null,"description":null,"keywords":null,"keyphrases":null,"primary_term":null,"canonical_url":null,"og_title":null,"og_description":null,"og_object_type":"default","og_image_type":"default","og_image_url":null,"og_image_width":null,"og_image_height":null,"og_image_custom_url":null,"og_image_custom_fields":null,"og_video":null,"og_custom_url":null,"og_article_section":null,"og_article_tags":null,"twitter_use_og":false,"twitter_card":"default","twitter_image_type":"default","twitter_image_url":null,"twitter_image_custom_url":null,"twitter_image_custom_fields":null,"twitter_title":null,"twitter_description":null,"schema":{"blockGraphs":[],"customGraphs":[],"default":{"data":{"Article":[],"Course":[],"Dataset":[],"FAQPage":[],"Movie":[],"Person":[],"Product":[],"ProductReview":[],"Car":[],"Recipe":[],"Service":[],"SoftwareApplication":[],"WebPage":[]},"graphName":"","isEnabled":true},"graphs":[]},"schema_type":"default","schema_type_options":null,"pillar_content":false,"robots_default":true,"robots_noindex":false,"robots_noarchive":false,"robots_nosnippet":false,"robots_nofollow":false,"robots_noimageindex":false,"robots_noodp":false,"robots_notranslate":false,"robots_max_snippet":null,"robots_max_videopreview":null,"robots_max_imagepreview":"large","priority":null,"frequency":null,"local_seo":null,"breadcrumb_settings":null,"limit_modified_date":false,"ai":null,"created":"2025-07-22 23:20:11","updated":"2025-07-22 23:20:11","seo_analyzer_scan_date":null},"aioseo_breadcrumb":"<div class=\"aioseo-breadcrumbs\"><span class=\"aioseo-breadcrumb\">\n\t\t\t<a href=\"https:\/\/tuplice.pl\" title=\"Home\">Home<\/a>\n\t\t<\/span><span class=\"aioseo-breadcrumb-separator\">&raquo;<\/span><span class=\"aioseo-breadcrumb\">\n\t\t\t<a href=\"https:\/\/tuplice.pl\/index.php\/category\/aktualnosci\/\" title=\"Aktualno\u015bci\">Aktualno\u015bci<\/a>\n\t\t<\/span><span class=\"aioseo-breadcrumb-separator\">&raquo;<\/span><span class=\"aioseo-breadcrumb\">\n\t\t\tX Lubuski Kiermasz Ogrodniczy w Kalsku i Gli\u015bnie\n\t\t<\/span><\/div>","aioseo_breadcrumb_json":[{"label":"Home","link":"https:\/\/tuplice.pl"},{"label":"Aktualno\u015bci","link":"https:\/\/tuplice.pl\/index.php\/category\/aktualnosci\/"},{"label":"X Lubuski Kiermasz Ogrodniczy w Kalsku i Gli\u015bnie","link":"https:\/\/tuplice.pl\/index.php\/2019\/09\/11\/x-lubuski-kiermasz-ogrodniczy-w-kalsku-i-glisnie\/"}],"a3_pvc":{"activated":false,"total_views":0,"today_views":0},"_links":{"self":[{"href":"https:\/\/tuplice.pl\/index.php\/wp-json\/wp\/v2\/posts\/3015"}],"collection":[{"href":"https:\/\/tuplice.pl\/index.php\/wp-json\/wp\/v2\/posts"}],"about":[{"href":"https:\/\/tuplice.pl\/index.php\/wp-json\/wp\/v2\/types\/post"}],"author":[{"embeddable":true,"href":"https:\/\/tuplice.pl\/index.php\/wp-json\/wp\/v2\/users\/3"}],"replies":[{"embeddable":true,"href":"https:\/\/tuplice.pl\/index.php\/wp-json\/wp\/v2\/comments?post=3015"}],"version-history":[{"count":0,"href":"https:\/\/tuplice.pl\/index.php\/wp-json\/wp\/v2\/posts\/3015\/revisions"}],"wp:attachment":[{"href":"https:\/\/tuplice.pl\/index.php\/wp-json\/wp\/v2\/media?parent=3015"}],"wp:term":[{"taxonomy":"category","embeddable":true,"href":"https:\/\/tuplice.pl\/index.php\/wp-json\/wp\/v2\/categories?post=3015"},{"taxonomy":"post_tag","embeddable":true,"href":"https:\/\/tuplice.pl\/index.php\/wp-json\/wp\/v2\/tags?post=3015"}],"curies":[{"name":"wp","href":"https:\/\/api.w.org\/{rel}","templated":true}]}}