{"id":3105,"date":"2019-11-19T09:29:31","date_gmt":"2019-11-19T08:29:31","guid":{"rendered":"https:\/\/tuplice.pl\/?p=3105"},"modified":"2019-11-19T09:29:31","modified_gmt":"2019-11-19T08:29:31","slug":"lgd-grupa-luzycka-szkolenie-dot-projektow-grantowych","status":"publish","type":"post","link":"https:\/\/tuplice.pl\/index.php\/2019\/11\/19\/lgd-grupa-luzycka-szkolenie-dot-projektow-grantowych\/","title":{"rendered":"\u201eLGD \u2013 GRUPA \u0141U\u017bYCKA\u201d \u2013 SZKOLENIE dot. PROJEKT\u00d3W GRANTOWYCH!!!"},"content":{"rendered":"\n<p>\nW okresie 25.11. \u2013 13.12.2019 w Stowarzyszeniu \u201eLokalna Grupa\nDzia\u0142ania \u2013 Grupa \u0141u\u017cycka\u201d b\u0119d\u0105 trwa\u0142y nabory wniosk\u00f3w w\nzakresie PROJEKT\u00d3W GRANTOWYCH:<\/p>\n\n\n\n<ul><li>\n\t\u201eAKTYWNA LGD\u201d \u2013 Nab\u00f3r nr 1\/2019\/G w zakresie&nbsp;Przedsi\u0119wzi\u0119cia\n\t1.1.1. Inicjatywy wzmacniaj\u0105ce wi\u0119zi spo\u0142eczne w tym dzia\u0142ania\n\taktywizuj\u0105ce grupy defaworyzowane;\n\t<\/li><li>\n\t\u201eW POSZUKIWANIU TO\u017bSAMO\u015aCI\u201d \u2013 Nab\u00f3r nr 2\/2019\/G w\n\tzakresie&nbsp;Przedsi\u0119wzi\u0119cia 3.2.2. Zachowanie lokalnego\n\tdziedzictwa \u2013 inicjatywy zwi\u0105zane z dziedzictwem lokalnym.\n<\/li><\/ul>\n\n\n\n<p>\n\u201e<strong>LGD \u2013 GRUPA \u0141U\u017bYCKA\u201d ZAPRASZA NA SZKOLENIE DOTYCZ\u0104CE\nPRZYGOTOWANIA<\/strong><\/p>\n\n\n\n<p>\n<strong>WNIOSKU O POWIERZENIE GRANTU:<\/strong><\/p>\n\n\n\n<p>\n<strong>21.11.2019 (czwartek), godz. 9.00 \u2013 Urz\u0105d Gminy Tuplice<\/strong><\/p>\n\n\n\n<p>\n<strong>Udzia\u0142 w szkoleniu jest punktowany w ramach lokalnych kryteri\u00f3w\nwyboru!!!<\/strong> Obowi\u0105zkiem wnioskodawcy jest z\u0142o\u017cenie podpisu na\nli\u015bcie obecno\u015bci. Potwierdzenie udzia\u0142u w szkoleniu b\u0119dzie\npo\u015bwiadczone podpisem pracownika biura LGD na li\u015bcie obecno\u015bci z\ndanego szkolenia. Udzia\u0142 w szkoleniu b\u0119dzie potwierdzany na\nzako\u0144czenie szkolenia \u2013 potwierdzenie uzyskaj\u0105 tylko te osoby,\nkt\u00f3re wezm\u0105 udzia\u0142 w ca\u0142ym szkoleniu.<\/p>\n","protected":false},"excerpt":{"rendered":"<p>W okresie 25.11. \u2013 13.12.2019 w Stowarzyszeniu \u201eLokalna Grupa Dzia\u0142ania \u2013 Grupa \u0141u\u017cycka\u201d b\u0119d\u0105 trwa\u0142y nabory wniosk\u00f3w w zakresie PROJEKT\u00d3W GRANTOWYCH: \u201eAKTYWNA LGD\u201d \u2013 Nab\u00f3r nr 1\/2019\/G w zakresie&nbsp;Przedsi\u0119wzi\u0119cia 1.1.1. Inicjatywy wzmacniaj\u0105ce wi\u0119zi spo\u0142eczne w tym dzia\u0142ania aktywizuj\u0105ce grupy defaworyzowane; \u201eW POSZUKIWANIU TO\u017bSAMO\u015aCI\u201d \u2013 Nab\u00f3r nr 2\/2019\/G w zakresie&nbsp;Przedsi\u0119wzi\u0119cia 3.2.2. Zachowanie lokalnego dziedzictwa \u2013 inicjatywy [&hellip;]<\/p>\n","protected":false},"author":3,"featured_media":0,"comment_status":"closed","ping_status":"closed","sticky":false,"template":"","format":"standard","meta":{"_et_pb_use_builder":"","_et_pb_old_content":"","_et_gb_content_width":"","_monsterinsights_skip_tracking":false},"categories":[82],"tags":[],"aioseo_notices":[],"aioseo_head":"\n\t\t<!-- All in One SEO 4.9.10 - aioseo.com -->\n\t<meta name=\"description\" content=\"W okresie 25.11. \u2013 13.12.2019 w Stowarzyszeniu \u201eLokalna Grupa Dzia\u0142ania \u2013 Grupa \u0141u\u017cycka\u201d b\u0119d\u0105 trwa\u0142y nabory wniosk\u00f3w w zakresie PROJEKT\u00d3W GRANTOWYCH: \u201eAKTYWNA LGD\u201d \u2013 Nab\u00f3r nr 1\/2019\/G w zakresie Przedsi\u0119wzi\u0119cia 1.1.1. Inicjatywy wzmacniaj\u0105ce wi\u0119zi spo\u0142eczne w tym dzia\u0142ania aktywizuj\u0105ce grupy defaworyzowane; \u201eW POSZUKIWANIU TO\u017bSAMO\u015aCI\u201d \u2013 Nab\u00f3r nr 2\/2019\/G w zakresie Przedsi\u0119wzi\u0119cia 3.2.2. Zachowanie lokalnego dziedzictwa \u2013 inicjatywy\" \/>\n\t<meta name=\"robots\" content=\"max-image-preview:large\" \/>\n\t<meta name=\"author\" content=\"Jacek Konieczy\u0144ski\"\/>\n\t<link rel=\"canonical\" href=\"https:\/\/tuplice.pl\/index.php\/2019\/11\/19\/lgd-grupa-luzycka-szkolenie-dot-projektow-grantowych\/\" \/>\n\t<meta name=\"generator\" content=\"All in One SEO (AIOSEO) 4.9.10\" \/>\n\t\t<meta property=\"og:locale\" content=\"pl_PL\" \/>\n\t\t<meta property=\"og:site_name\" content=\"Gmina Tuplice - Strona Gminy Tuplice\" \/>\n\t\t<meta property=\"og:type\" content=\"article\" \/>\n\t\t<meta property=\"og:title\" content=\"\u201eLGD \u2013 GRUPA \u0141U\u017bYCKA\u201d \u2013 SZKOLENIE dot. PROJEKT\u00d3W GRANTOWYCH!!! - Gmina Tuplice\" \/>\n\t\t<meta property=\"og:description\" content=\"W okresie 25.11. \u2013 13.12.2019 w Stowarzyszeniu \u201eLokalna Grupa Dzia\u0142ania \u2013 Grupa \u0141u\u017cycka\u201d b\u0119d\u0105 trwa\u0142y nabory wniosk\u00f3w w zakresie PROJEKT\u00d3W GRANTOWYCH: \u201eAKTYWNA LGD\u201d \u2013 Nab\u00f3r nr 1\/2019\/G w zakresie Przedsi\u0119wzi\u0119cia 1.1.1. Inicjatywy wzmacniaj\u0105ce wi\u0119zi spo\u0142eczne w tym dzia\u0142ania aktywizuj\u0105ce grupy defaworyzowane; \u201eW POSZUKIWANIU TO\u017bSAMO\u015aCI\u201d \u2013 Nab\u00f3r nr 2\/2019\/G w zakresie Przedsi\u0119wzi\u0119cia 3.2.2. Zachowanie lokalnego dziedzictwa \u2013 inicjatywy\" \/>\n\t\t<meta property=\"og:url\" content=\"https:\/\/tuplice.pl\/index.php\/2019\/11\/19\/lgd-grupa-luzycka-szkolenie-dot-projektow-grantowych\/\" \/>\n\t\t<meta property=\"article:published_time\" content=\"2019-11-19T08:29:31+00:00\" \/>\n\t\t<meta property=\"article:modified_time\" content=\"2019-11-19T08:29:31+00:00\" \/>\n\t\t<meta property=\"article:publisher\" content=\"https:\/\/facebook.com\/Tuplicki Biuletyn Informacyjny\" \/>\n\t\t<meta name=\"twitter:card\" content=\"summary_large_image\" \/>\n\t\t<meta name=\"twitter:title\" content=\"\u201eLGD \u2013 GRUPA \u0141U\u017bYCKA\u201d \u2013 SZKOLENIE dot. PROJEKT\u00d3W GRANTOWYCH!!! - Gmina Tuplice\" \/>\n\t\t<meta name=\"twitter:description\" content=\"W okresie 25.11. \u2013 13.12.2019 w Stowarzyszeniu \u201eLokalna Grupa Dzia\u0142ania \u2013 Grupa \u0141u\u017cycka\u201d b\u0119d\u0105 trwa\u0142y nabory wniosk\u00f3w w zakresie PROJEKT\u00d3W GRANTOWYCH: \u201eAKTYWNA LGD\u201d \u2013 Nab\u00f3r nr 1\/2019\/G w zakresie Przedsi\u0119wzi\u0119cia 1.1.1. Inicjatywy wzmacniaj\u0105ce wi\u0119zi spo\u0142eczne w tym dzia\u0142ania aktywizuj\u0105ce grupy defaworyzowane; \u201eW POSZUKIWANIU TO\u017bSAMO\u015aCI\u201d \u2013 Nab\u00f3r nr 2\/2019\/G w zakresie Przedsi\u0119wzi\u0119cia 3.2.2. Zachowanie lokalnego dziedzictwa \u2013 inicjatywy\" \/>\n\t\t<script type=\"application\/ld+json\" class=\"aioseo-schema\">\n\t\t\t{\"@context\":\"https:\\\/\\\/schema.org\",\"@graph\":[{\"@type\":\"BlogPosting\",\"@id\":\"https:\\\/\\\/tuplice.pl\\\/index.php\\\/2019\\\/11\\\/19\\\/lgd-grupa-luzycka-szkolenie-dot-projektow-grantowych\\\/#blogposting\",\"name\":\"\\u201eLGD \\u2013 GRUPA \\u0141U\\u017bYCKA\\u201d \\u2013 SZKOLENIE dot. PROJEKT\\u00d3W GRANTOWYCH!!! - Gmina Tuplice\",\"headline\":\"\\u201eLGD \\u2013 GRUPA \\u0141U\\u017bYCKA\\u201d \\u2013 SZKOLENIE dot. PROJEKT\\u00d3W GRANTOWYCH!!!\",\"author\":{\"@id\":\"https:\\\/\\\/tuplice.pl\\\/index.php\\\/author\\\/tuplice\\\/#author\"},\"publisher\":{\"@id\":\"https:\\\/\\\/tuplice.pl\\\/#organization\"},\"image\":{\"@type\":\"ImageObject\",\"url\":\"https:\\\/\\\/tuplice.pl\\\/wp-content\\\/uploads\\\/2025\\\/07\\\/images.png\",\"@id\":\"https:\\\/\\\/tuplice.pl\\\/#articleImage\",\"width\":282,\"height\":179},\"datePublished\":\"2019-11-19T09:29:31+01:00\",\"dateModified\":\"2019-11-19T09:29:31+01:00\",\"inLanguage\":\"pl-PL\",\"mainEntityOfPage\":{\"@id\":\"https:\\\/\\\/tuplice.pl\\\/index.php\\\/2019\\\/11\\\/19\\\/lgd-grupa-luzycka-szkolenie-dot-projektow-grantowych\\\/#webpage\"},\"isPartOf\":{\"@id\":\"https:\\\/\\\/tuplice.pl\\\/index.php\\\/2019\\\/11\\\/19\\\/lgd-grupa-luzycka-szkolenie-dot-projektow-grantowych\\\/#webpage\"},\"articleSection\":\"Aktualno\\u015bci\"},{\"@type\":\"BreadcrumbList\",\"@id\":\"https:\\\/\\\/tuplice.pl\\\/index.php\\\/2019\\\/11\\\/19\\\/lgd-grupa-luzycka-szkolenie-dot-projektow-grantowych\\\/#breadcrumblist\",\"itemListElement\":[{\"@type\":\"ListItem\",\"@id\":\"https:\\\/\\\/tuplice.pl#listItem\",\"position\":1,\"name\":\"Home\",\"item\":\"https:\\\/\\\/tuplice.pl\",\"nextItem\":{\"@type\":\"ListItem\",\"@id\":\"https:\\\/\\\/tuplice.pl\\\/index.php\\\/category\\\/aktualnosci\\\/#listItem\",\"name\":\"Aktualno\\u015bci\"}},{\"@type\":\"ListItem\",\"@id\":\"https:\\\/\\\/tuplice.pl\\\/index.php\\\/category\\\/aktualnosci\\\/#listItem\",\"position\":2,\"name\":\"Aktualno\\u015bci\",\"item\":\"https:\\\/\\\/tuplice.pl\\\/index.php\\\/category\\\/aktualnosci\\\/\",\"nextItem\":{\"@type\":\"ListItem\",\"@id\":\"https:\\\/\\\/tuplice.pl\\\/index.php\\\/2019\\\/11\\\/19\\\/lgd-grupa-luzycka-szkolenie-dot-projektow-grantowych\\\/#listItem\",\"name\":\"\\u201eLGD \\u2013 GRUPA \\u0141U\\u017bYCKA\\u201d \\u2013 SZKOLENIE dot. PROJEKT\\u00d3W GRANTOWYCH!!!\"},\"previousItem\":{\"@type\":\"ListItem\",\"@id\":\"https:\\\/\\\/tuplice.pl#listItem\",\"name\":\"Home\"}},{\"@type\":\"ListItem\",\"@id\":\"https:\\\/\\\/tuplice.pl\\\/index.php\\\/2019\\\/11\\\/19\\\/lgd-grupa-luzycka-szkolenie-dot-projektow-grantowych\\\/#listItem\",\"position\":3,\"name\":\"\\u201eLGD \\u2013 GRUPA \\u0141U\\u017bYCKA\\u201d \\u2013 SZKOLENIE dot. PROJEKT\\u00d3W GRANTOWYCH!!!\",\"previousItem\":{\"@type\":\"ListItem\",\"@id\":\"https:\\\/\\\/tuplice.pl\\\/index.php\\\/category\\\/aktualnosci\\\/#listItem\",\"name\":\"Aktualno\\u015bci\"}}]},{\"@type\":\"Organization\",\"@id\":\"https:\\\/\\\/tuplice.pl\\\/#organization\",\"name\":\"Gmina Tuplice Gmina Tuplice\",\"description\":\"Strona Gminy Tuplice Strona Urz\\u0119du Gminy Tuplice\",\"url\":\"https:\\\/\\\/tuplice.pl\\\/\",\"telephone\":\"+48683625720\",\"logo\":{\"@type\":\"ImageObject\",\"url\":\"https:\\\/\\\/tuplice.pl\\\/wp-content\\\/uploads\\\/2025\\\/07\\\/images.png\",\"@id\":\"https:\\\/\\\/tuplice.pl\\\/index.php\\\/2019\\\/11\\\/19\\\/lgd-grupa-luzycka-szkolenie-dot-projektow-grantowych\\\/#organizationLogo\",\"width\":282,\"height\":179},\"image\":{\"@id\":\"https:\\\/\\\/tuplice.pl\\\/index.php\\\/2019\\\/11\\\/19\\\/lgd-grupa-luzycka-szkolenie-dot-projektow-grantowych\\\/#organizationLogo\"},\"sameAs\":[\"https:\\\/\\\/facebook.com\\\/Tuplicki Biuletyn Informacyjny\",\"https:\\\/\\\/pinterest.com\\\/Tuplicki Biuletyn Informacyjny\",\"https:\\\/\\\/youtube.com\\\/Tuplicki Biuletyn Informacyjny\"]},{\"@type\":\"Person\",\"@id\":\"https:\\\/\\\/tuplice.pl\\\/index.php\\\/author\\\/tuplice\\\/#author\",\"url\":\"https:\\\/\\\/tuplice.pl\\\/index.php\\\/author\\\/tuplice\\\/\",\"name\":\"Jacek Konieczy\\u0144ski\",\"image\":{\"@type\":\"ImageObject\",\"@id\":\"https:\\\/\\\/tuplice.pl\\\/index.php\\\/2019\\\/11\\\/19\\\/lgd-grupa-luzycka-szkolenie-dot-projektow-grantowych\\\/#authorImage\",\"url\":\"https:\\\/\\\/secure.gravatar.com\\\/avatar\\\/8aa224da0ce3c7d7e2a92a582397a6f3?s=96&d=mm&r=g\",\"width\":96,\"height\":96,\"caption\":\"Jacek Konieczy\\u0144ski\"}},{\"@type\":\"WebPage\",\"@id\":\"https:\\\/\\\/tuplice.pl\\\/index.php\\\/2019\\\/11\\\/19\\\/lgd-grupa-luzycka-szkolenie-dot-projektow-grantowych\\\/#webpage\",\"url\":\"https:\\\/\\\/tuplice.pl\\\/index.php\\\/2019\\\/11\\\/19\\\/lgd-grupa-luzycka-szkolenie-dot-projektow-grantowych\\\/\",\"name\":\"\\u201eLGD \\u2013 GRUPA \\u0141U\\u017bYCKA\\u201d \\u2013 SZKOLENIE dot. PROJEKT\\u00d3W GRANTOWYCH!!! - Gmina Tuplice\",\"description\":\"W okresie 25.11. \\u2013 13.12.2019 w Stowarzyszeniu \\u201eLokalna Grupa Dzia\\u0142ania \\u2013 Grupa \\u0141u\\u017cycka\\u201d b\\u0119d\\u0105 trwa\\u0142y nabory wniosk\\u00f3w w zakresie PROJEKT\\u00d3W GRANTOWYCH: \\u201eAKTYWNA LGD\\u201d \\u2013 Nab\\u00f3r nr 1\\\/2019\\\/G w zakresie Przedsi\\u0119wzi\\u0119cia 1.1.1. Inicjatywy wzmacniaj\\u0105ce wi\\u0119zi spo\\u0142eczne w tym dzia\\u0142ania aktywizuj\\u0105ce grupy defaworyzowane; \\u201eW POSZUKIWANIU TO\\u017bSAMO\\u015aCI\\u201d \\u2013 Nab\\u00f3r nr 2\\\/2019\\\/G w zakresie Przedsi\\u0119wzi\\u0119cia 3.2.2. Zachowanie lokalnego dziedzictwa \\u2013 inicjatywy\",\"inLanguage\":\"pl-PL\",\"isPartOf\":{\"@id\":\"https:\\\/\\\/tuplice.pl\\\/#website\"},\"breadcrumb\":{\"@id\":\"https:\\\/\\\/tuplice.pl\\\/index.php\\\/2019\\\/11\\\/19\\\/lgd-grupa-luzycka-szkolenie-dot-projektow-grantowych\\\/#breadcrumblist\"},\"author\":{\"@id\":\"https:\\\/\\\/tuplice.pl\\\/index.php\\\/author\\\/tuplice\\\/#author\"},\"creator\":{\"@id\":\"https:\\\/\\\/tuplice.pl\\\/index.php\\\/author\\\/tuplice\\\/#author\"},\"datePublished\":\"2019-11-19T09:29:31+01:00\",\"dateModified\":\"2019-11-19T09:29:31+01:00\"},{\"@type\":\"WebSite\",\"@id\":\"https:\\\/\\\/tuplice.pl\\\/#website\",\"url\":\"https:\\\/\\\/tuplice.pl\\\/\",\"name\":\"Gmina Tuplice\",\"description\":\"Strona Gminy Tuplice\",\"inLanguage\":\"pl-PL\",\"publisher\":{\"@id\":\"https:\\\/\\\/tuplice.pl\\\/#organization\"}}]}\n\t\t<\/script>\n\t\t<!-- All in One SEO -->\n\n","aioseo_head_json":{"title":"\u201eLGD \u2013 GRUPA \u0141U\u017bYCKA\u201d \u2013 SZKOLENIE dot. PROJEKT\u00d3W GRANTOWYCH!!! - Gmina Tuplice","description":"W okresie 25.11. \u2013 13.12.2019 w Stowarzyszeniu \u201eLokalna Grupa Dzia\u0142ania \u2013 Grupa \u0141u\u017cycka\u201d b\u0119d\u0105 trwa\u0142y nabory wniosk\u00f3w w zakresie PROJEKT\u00d3W GRANTOWYCH: \u201eAKTYWNA LGD\u201d \u2013 Nab\u00f3r nr 1\/2019\/G w zakresie Przedsi\u0119wzi\u0119cia 1.1.1. Inicjatywy wzmacniaj\u0105ce wi\u0119zi spo\u0142eczne w tym dzia\u0142ania aktywizuj\u0105ce grupy defaworyzowane; \u201eW POSZUKIWANIU TO\u017bSAMO\u015aCI\u201d \u2013 Nab\u00f3r nr 2\/2019\/G w zakresie Przedsi\u0119wzi\u0119cia 3.2.2. Zachowanie lokalnego dziedzictwa \u2013 inicjatywy","canonical_url":"https:\/\/tuplice.pl\/index.php\/2019\/11\/19\/lgd-grupa-luzycka-szkolenie-dot-projektow-grantowych\/","robots":"max-image-preview:large","keywords":"","webmasterTools":{"miscellaneous":""},"schema":{"@context":"https:\/\/schema.org","@graph":[{"@type":"BlogPosting","@id":"https:\/\/tuplice.pl\/index.php\/2019\/11\/19\/lgd-grupa-luzycka-szkolenie-dot-projektow-grantowych\/#blogposting","name":"\u201eLGD \u2013 GRUPA \u0141U\u017bYCKA\u201d \u2013 SZKOLENIE dot. PROJEKT\u00d3W GRANTOWYCH!!! - Gmina Tuplice","headline":"\u201eLGD \u2013 GRUPA \u0141U\u017bYCKA\u201d \u2013 SZKOLENIE dot. PROJEKT\u00d3W GRANTOWYCH!!!","author":{"@id":"https:\/\/tuplice.pl\/index.php\/author\/tuplice\/#author"},"publisher":{"@id":"https:\/\/tuplice.pl\/#organization"},"image":{"@type":"ImageObject","url":"https:\/\/tuplice.pl\/wp-content\/uploads\/2025\/07\/images.png","@id":"https:\/\/tuplice.pl\/#articleImage","width":282,"height":179},"datePublished":"2019-11-19T09:29:31+01:00","dateModified":"2019-11-19T09:29:31+01:00","inLanguage":"pl-PL","mainEntityOfPage":{"@id":"https:\/\/tuplice.pl\/index.php\/2019\/11\/19\/lgd-grupa-luzycka-szkolenie-dot-projektow-grantowych\/#webpage"},"isPartOf":{"@id":"https:\/\/tuplice.pl\/index.php\/2019\/11\/19\/lgd-grupa-luzycka-szkolenie-dot-projektow-grantowych\/#webpage"},"articleSection":"Aktualno\u015bci"},{"@type":"BreadcrumbList","@id":"https:\/\/tuplice.pl\/index.php\/2019\/11\/19\/lgd-grupa-luzycka-szkolenie-dot-projektow-grantowych\/#breadcrumblist","itemListElement":[{"@type":"ListItem","@id":"https:\/\/tuplice.pl#listItem","position":1,"name":"Home","item":"https:\/\/tuplice.pl","nextItem":{"@type":"ListItem","@id":"https:\/\/tuplice.pl\/index.php\/category\/aktualnosci\/#listItem","name":"Aktualno\u015bci"}},{"@type":"ListItem","@id":"https:\/\/tuplice.pl\/index.php\/category\/aktualnosci\/#listItem","position":2,"name":"Aktualno\u015bci","item":"https:\/\/tuplice.pl\/index.php\/category\/aktualnosci\/","nextItem":{"@type":"ListItem","@id":"https:\/\/tuplice.pl\/index.php\/2019\/11\/19\/lgd-grupa-luzycka-szkolenie-dot-projektow-grantowych\/#listItem","name":"\u201eLGD \u2013 GRUPA \u0141U\u017bYCKA\u201d \u2013 SZKOLENIE dot. PROJEKT\u00d3W GRANTOWYCH!!!"},"previousItem":{"@type":"ListItem","@id":"https:\/\/tuplice.pl#listItem","name":"Home"}},{"@type":"ListItem","@id":"https:\/\/tuplice.pl\/index.php\/2019\/11\/19\/lgd-grupa-luzycka-szkolenie-dot-projektow-grantowych\/#listItem","position":3,"name":"\u201eLGD \u2013 GRUPA \u0141U\u017bYCKA\u201d \u2013 SZKOLENIE dot. PROJEKT\u00d3W GRANTOWYCH!!!","previousItem":{"@type":"ListItem","@id":"https:\/\/tuplice.pl\/index.php\/category\/aktualnosci\/#listItem","name":"Aktualno\u015bci"}}]},{"@type":"Organization","@id":"https:\/\/tuplice.pl\/#organization","name":"Gmina Tuplice Gmina Tuplice","description":"Strona Gminy Tuplice Strona Urz\u0119du Gminy Tuplice","url":"https:\/\/tuplice.pl\/","telephone":"+48683625720","logo":{"@type":"ImageObject","url":"https:\/\/tuplice.pl\/wp-content\/uploads\/2025\/07\/images.png","@id":"https:\/\/tuplice.pl\/index.php\/2019\/11\/19\/lgd-grupa-luzycka-szkolenie-dot-projektow-grantowych\/#organizationLogo","width":282,"height":179},"image":{"@id":"https:\/\/tuplice.pl\/index.php\/2019\/11\/19\/lgd-grupa-luzycka-szkolenie-dot-projektow-grantowych\/#organizationLogo"},"sameAs":["https:\/\/facebook.com\/Tuplicki Biuletyn Informacyjny","https:\/\/pinterest.com\/Tuplicki Biuletyn Informacyjny","https:\/\/youtube.com\/Tuplicki Biuletyn Informacyjny"]},{"@type":"Person","@id":"https:\/\/tuplice.pl\/index.php\/author\/tuplice\/#author","url":"https:\/\/tuplice.pl\/index.php\/author\/tuplice\/","name":"Jacek Konieczy\u0144ski","image":{"@type":"ImageObject","@id":"https:\/\/tuplice.pl\/index.php\/2019\/11\/19\/lgd-grupa-luzycka-szkolenie-dot-projektow-grantowych\/#authorImage","url":"https:\/\/secure.gravatar.com\/avatar\/8aa224da0ce3c7d7e2a92a582397a6f3?s=96&d=mm&r=g","width":96,"height":96,"caption":"Jacek Konieczy\u0144ski"}},{"@type":"WebPage","@id":"https:\/\/tuplice.pl\/index.php\/2019\/11\/19\/lgd-grupa-luzycka-szkolenie-dot-projektow-grantowych\/#webpage","url":"https:\/\/tuplice.pl\/index.php\/2019\/11\/19\/lgd-grupa-luzycka-szkolenie-dot-projektow-grantowych\/","name":"\u201eLGD \u2013 GRUPA \u0141U\u017bYCKA\u201d \u2013 SZKOLENIE dot. PROJEKT\u00d3W GRANTOWYCH!!! - Gmina Tuplice","description":"W okresie 25.11. \u2013 13.12.2019 w Stowarzyszeniu \u201eLokalna Grupa Dzia\u0142ania \u2013 Grupa \u0141u\u017cycka\u201d b\u0119d\u0105 trwa\u0142y nabory wniosk\u00f3w w zakresie PROJEKT\u00d3W GRANTOWYCH: \u201eAKTYWNA LGD\u201d \u2013 Nab\u00f3r nr 1\/2019\/G w zakresie Przedsi\u0119wzi\u0119cia 1.1.1. Inicjatywy wzmacniaj\u0105ce wi\u0119zi spo\u0142eczne w tym dzia\u0142ania aktywizuj\u0105ce grupy defaworyzowane; \u201eW POSZUKIWANIU TO\u017bSAMO\u015aCI\u201d \u2013 Nab\u00f3r nr 2\/2019\/G w zakresie Przedsi\u0119wzi\u0119cia 3.2.2. Zachowanie lokalnego dziedzictwa \u2013 inicjatywy","inLanguage":"pl-PL","isPartOf":{"@id":"https:\/\/tuplice.pl\/#website"},"breadcrumb":{"@id":"https:\/\/tuplice.pl\/index.php\/2019\/11\/19\/lgd-grupa-luzycka-szkolenie-dot-projektow-grantowych\/#breadcrumblist"},"author":{"@id":"https:\/\/tuplice.pl\/index.php\/author\/tuplice\/#author"},"creator":{"@id":"https:\/\/tuplice.pl\/index.php\/author\/tuplice\/#author"},"datePublished":"2019-11-19T09:29:31+01:00","dateModified":"2019-11-19T09:29:31+01:00"},{"@type":"WebSite","@id":"https:\/\/tuplice.pl\/#website","url":"https:\/\/tuplice.pl\/","name":"Gmina Tuplice","description":"Strona Gminy Tuplice","inLanguage":"pl-PL","publisher":{"@id":"https:\/\/tuplice.pl\/#organization"}}]},"og:locale":"pl_PL","og:site_name":"Gmina Tuplice - Strona Gminy Tuplice","og:type":"article","og:title":"\u201eLGD \u2013 GRUPA \u0141U\u017bYCKA\u201d \u2013 SZKOLENIE dot. PROJEKT\u00d3W GRANTOWYCH!!! - Gmina Tuplice","og:description":"W okresie 25.11. \u2013 13.12.2019 w Stowarzyszeniu \u201eLokalna Grupa Dzia\u0142ania \u2013 Grupa \u0141u\u017cycka\u201d b\u0119d\u0105 trwa\u0142y nabory wniosk\u00f3w w zakresie PROJEKT\u00d3W GRANTOWYCH: \u201eAKTYWNA LGD\u201d \u2013 Nab\u00f3r nr 1\/2019\/G w zakresie Przedsi\u0119wzi\u0119cia 1.1.1. Inicjatywy wzmacniaj\u0105ce wi\u0119zi spo\u0142eczne w tym dzia\u0142ania aktywizuj\u0105ce grupy defaworyzowane; \u201eW POSZUKIWANIU TO\u017bSAMO\u015aCI\u201d \u2013 Nab\u00f3r nr 2\/2019\/G w zakresie Przedsi\u0119wzi\u0119cia 3.2.2. Zachowanie lokalnego dziedzictwa \u2013 inicjatywy","og:url":"https:\/\/tuplice.pl\/index.php\/2019\/11\/19\/lgd-grupa-luzycka-szkolenie-dot-projektow-grantowych\/","article:published_time":"2019-11-19T08:29:31+00:00","article:modified_time":"2019-11-19T08:29:31+00:00","article:publisher":"https:\/\/facebook.com\/Tuplicki Biuletyn Informacyjny","twitter:card":"summary_large_image","twitter:title":"\u201eLGD \u2013 GRUPA \u0141U\u017bYCKA\u201d \u2013 SZKOLENIE dot. PROJEKT\u00d3W GRANTOWYCH!!! - Gmina Tuplice","twitter:description":"W okresie 25.11. \u2013 13.12.2019 w Stowarzyszeniu \u201eLokalna Grupa Dzia\u0142ania \u2013 Grupa \u0141u\u017cycka\u201d b\u0119d\u0105 trwa\u0142y nabory wniosk\u00f3w w zakresie PROJEKT\u00d3W GRANTOWYCH: \u201eAKTYWNA LGD\u201d \u2013 Nab\u00f3r nr 1\/2019\/G w zakresie Przedsi\u0119wzi\u0119cia 1.1.1. Inicjatywy wzmacniaj\u0105ce wi\u0119zi spo\u0142eczne w tym dzia\u0142ania aktywizuj\u0105ce grupy defaworyzowane; \u201eW POSZUKIWANIU TO\u017bSAMO\u015aCI\u201d \u2013 Nab\u00f3r nr 2\/2019\/G w zakresie Przedsi\u0119wzi\u0119cia 3.2.2. Zachowanie lokalnego dziedzictwa \u2013 inicjatywy"},"aioseo_meta_data":{"post_id":"3105","title":null,"description":null,"keywords":null,"keyphrases":null,"primary_term":null,"canonical_url":null,"og_title":null,"og_description":null,"og_object_type":"default","og_image_type":"default","og_image_url":null,"og_image_width":null,"og_image_height":null,"og_image_custom_url":null,"og_image_custom_fields":null,"og_video":null,"og_custom_url":null,"og_article_section":null,"og_article_tags":null,"twitter_use_og":false,"twitter_card":"default","twitter_image_type":"default","twitter_image_url":null,"twitter_image_custom_url":null,"twitter_image_custom_fields":null,"twitter_title":null,"twitter_description":null,"schema":{"blockGraphs":[],"customGraphs":[],"default":{"data":{"Article":[],"Course":[],"Dataset":[],"FAQPage":[],"Movie":[],"Person":[],"Product":[],"ProductReview":[],"Car":[],"Recipe":[],"Service":[],"SoftwareApplication":[],"WebPage":[]},"graphName":"","isEnabled":true},"graphs":[]},"schema_type":"default","schema_type_options":null,"pillar_content":false,"robots_default":true,"robots_noindex":false,"robots_noarchive":false,"robots_nosnippet":false,"robots_nofollow":false,"robots_noimageindex":false,"robots_noodp":false,"robots_notranslate":false,"robots_max_snippet":null,"robots_max_videopreview":null,"robots_max_imagepreview":"large","priority":null,"frequency":null,"local_seo":null,"breadcrumb_settings":null,"limit_modified_date":false,"ai":null,"created":"2025-07-22 23:21:18","updated":"2025-07-22 23:21:18","seo_analyzer_scan_date":null},"aioseo_breadcrumb":"<div class=\"aioseo-breadcrumbs\"><span class=\"aioseo-breadcrumb\">\n\t\t\t<a href=\"https:\/\/tuplice.pl\" title=\"Home\">Home<\/a>\n\t\t<\/span><span class=\"aioseo-breadcrumb-separator\">&raquo;<\/span><span class=\"aioseo-breadcrumb\">\n\t\t\t<a href=\"https:\/\/tuplice.pl\/index.php\/category\/aktualnosci\/\" title=\"Aktualno\u015bci\">Aktualno\u015bci<\/a>\n\t\t<\/span><span class=\"aioseo-breadcrumb-separator\">&raquo;<\/span><span class=\"aioseo-breadcrumb\">\n\t\t\t\u201eLGD \u2013 GRUPA \u0141U\u017bYCKA\u201d \u2013 SZKOLENIE dot. PROJEKT\u00d3W GRANTOWYCH!!!\n\t\t<\/span><\/div>","aioseo_breadcrumb_json":[{"label":"Home","link":"https:\/\/tuplice.pl"},{"label":"Aktualno\u015bci","link":"https:\/\/tuplice.pl\/index.php\/category\/aktualnosci\/"},{"label":"\u201eLGD \u2013 GRUPA \u0141U\u017bYCKA\u201d \u2013 SZKOLENIE dot. PROJEKT\u00d3W GRANTOWYCH!!!","link":"https:\/\/tuplice.pl\/index.php\/2019\/11\/19\/lgd-grupa-luzycka-szkolenie-dot-projektow-grantowych\/"}],"a3_pvc":{"activated":false,"total_views":0,"today_views":0},"_links":{"self":[{"href":"https:\/\/tuplice.pl\/index.php\/wp-json\/wp\/v2\/posts\/3105"}],"collection":[{"href":"https:\/\/tuplice.pl\/index.php\/wp-json\/wp\/v2\/posts"}],"about":[{"href":"https:\/\/tuplice.pl\/index.php\/wp-json\/wp\/v2\/types\/post"}],"author":[{"embeddable":true,"href":"https:\/\/tuplice.pl\/index.php\/wp-json\/wp\/v2\/users\/3"}],"replies":[{"embeddable":true,"href":"https:\/\/tuplice.pl\/index.php\/wp-json\/wp\/v2\/comments?post=3105"}],"version-history":[{"count":0,"href":"https:\/\/tuplice.pl\/index.php\/wp-json\/wp\/v2\/posts\/3105\/revisions"}],"wp:attachment":[{"href":"https:\/\/tuplice.pl\/index.php\/wp-json\/wp\/v2\/media?parent=3105"}],"wp:term":[{"taxonomy":"category","embeddable":true,"href":"https:\/\/tuplice.pl\/index.php\/wp-json\/wp\/v2\/categories?post=3105"},{"taxonomy":"post_tag","embeddable":true,"href":"https:\/\/tuplice.pl\/index.php\/wp-json\/wp\/v2\/tags?post=3105"}],"curies":[{"name":"wp","href":"https:\/\/api.w.org\/{rel}","templated":true}]}}