{"id":3164,"date":"2019-12-17T13:31:19","date_gmt":"2019-12-17T12:31:19","guid":{"rendered":"https:\/\/tuplice.pl\/?p=3164"},"modified":"2020-02-28T15:41:06","modified_gmt":"2020-02-28T14:41:06","slug":"osrodek-pomocy-spolecznej-w-tuplicach-bedzie-nieczynny-dnia-24-12-2019","status":"publish","type":"post","link":"https:\/\/tuplice.pl\/index.php\/2019\/12\/17\/osrodek-pomocy-spolecznej-w-tuplicach-bedzie-nieczynny-dnia-24-12-2019\/","title":{"rendered":"O\u015brodek Pomocy Spo\u0142ecznej w Tuplicach b\u0119dzie nieczynny dnia 24.12.2019"},"content":{"rendered":"\r\n<figure class=\"wp-block-image\"><img decoding=\"async\" src=\"https:\/\/tuplice.pl\/wp-content\/uploads\/2019\/12\/ops.png\" alt=\"\" class=\"wp-image-3165\"\/><\/figure>\r\n","protected":false},"excerpt":{"rendered":"","protected":false},"author":3,"featured_media":138,"comment_status":"closed","ping_status":"closed","sticky":false,"template":"","format":"standard","meta":{"_et_pb_use_builder":"","_et_pb_old_content":"","_et_gb_content_width":"","_monsterinsights_skip_tracking":false},"categories":[82],"tags":[],"aioseo_notices":[],"aioseo_head":"\n\t\t<!-- All in One SEO 4.9.10 - aioseo.com -->\n\t<meta name=\"robots\" content=\"max-image-preview:large\" \/>\n\t<meta name=\"author\" content=\"Jacek Konieczy\u0144ski\"\/>\n\t<link rel=\"canonical\" href=\"https:\/\/tuplice.pl\/index.php\/2019\/12\/17\/osrodek-pomocy-spolecznej-w-tuplicach-bedzie-nieczynny-dnia-24-12-2019\/\" \/>\n\t<meta name=\"generator\" content=\"All in One SEO (AIOSEO) 4.9.10\" \/>\n\t\t<meta property=\"og:locale\" content=\"pl_PL\" \/>\n\t\t<meta property=\"og:site_name\" content=\"Gmina Tuplice - Strona Gminy Tuplice\" \/>\n\t\t<meta property=\"og:type\" content=\"article\" \/>\n\t\t<meta property=\"og:title\" content=\"O\u015brodek Pomocy Spo\u0142ecznej w Tuplicach b\u0119dzie nieczynny dnia 24.12.2019 - Gmina Tuplice\" \/>\n\t\t<meta property=\"og:url\" content=\"https:\/\/tuplice.pl\/index.php\/2019\/12\/17\/osrodek-pomocy-spolecznej-w-tuplicach-bedzie-nieczynny-dnia-24-12-2019\/\" \/>\n\t\t<meta property=\"article:published_time\" content=\"2019-12-17T12:31:19+00:00\" \/>\n\t\t<meta property=\"article:modified_time\" content=\"2020-02-28T14:41:06+00:00\" \/>\n\t\t<meta property=\"article:publisher\" content=\"https:\/\/facebook.com\/Tuplicki Biuletyn Informacyjny\" \/>\n\t\t<meta name=\"twitter:card\" content=\"summary_large_image\" \/>\n\t\t<meta name=\"twitter:title\" content=\"O\u015brodek Pomocy Spo\u0142ecznej w Tuplicach b\u0119dzie nieczynny dnia 24.12.2019 - Gmina Tuplice\" \/>\n\t\t<script type=\"application\/ld+json\" class=\"aioseo-schema\">\n\t\t\t{\"@context\":\"https:\\\/\\\/schema.org\",\"@graph\":[{\"@type\":\"BlogPosting\",\"@id\":\"https:\\\/\\\/tuplice.pl\\\/index.php\\\/2019\\\/12\\\/17\\\/osrodek-pomocy-spolecznej-w-tuplicach-bedzie-nieczynny-dnia-24-12-2019\\\/#blogposting\",\"name\":\"O\\u015brodek Pomocy Spo\\u0142ecznej w Tuplicach b\\u0119dzie nieczynny dnia 24.12.2019 - Gmina Tuplice\",\"headline\":\"O\\u015brodek Pomocy Spo\\u0142ecznej w Tuplicach b\\u0119dzie nieczynny dnia 24.12.2019\",\"author\":{\"@id\":\"https:\\\/\\\/tuplice.pl\\\/index.php\\\/author\\\/tuplice\\\/#author\"},\"publisher\":{\"@id\":\"https:\\\/\\\/tuplice.pl\\\/#organization\"},\"image\":{\"@type\":\"ImageObject\",\"url\":\"https:\\\/\\\/tuplice.pl\\\/wp-content\\\/uploads\\\/2020\\\/02\\\/DSC03192m.jpg\",\"width\":1506,\"height\":1152},\"datePublished\":\"2019-12-17T13:31:19+01:00\",\"dateModified\":\"2020-02-28T15:41:06+01:00\",\"inLanguage\":\"pl-PL\",\"mainEntityOfPage\":{\"@id\":\"https:\\\/\\\/tuplice.pl\\\/index.php\\\/2019\\\/12\\\/17\\\/osrodek-pomocy-spolecznej-w-tuplicach-bedzie-nieczynny-dnia-24-12-2019\\\/#webpage\"},\"isPartOf\":{\"@id\":\"https:\\\/\\\/tuplice.pl\\\/index.php\\\/2019\\\/12\\\/17\\\/osrodek-pomocy-spolecznej-w-tuplicach-bedzie-nieczynny-dnia-24-12-2019\\\/#webpage\"},\"articleSection\":\"Aktualno\\u015bci\"},{\"@type\":\"BreadcrumbList\",\"@id\":\"https:\\\/\\\/tuplice.pl\\\/index.php\\\/2019\\\/12\\\/17\\\/osrodek-pomocy-spolecznej-w-tuplicach-bedzie-nieczynny-dnia-24-12-2019\\\/#breadcrumblist\",\"itemListElement\":[{\"@type\":\"ListItem\",\"@id\":\"https:\\\/\\\/tuplice.pl#listItem\",\"position\":1,\"name\":\"Home\",\"item\":\"https:\\\/\\\/tuplice.pl\",\"nextItem\":{\"@type\":\"ListItem\",\"@id\":\"https:\\\/\\\/tuplice.pl\\\/index.php\\\/category\\\/aktualnosci\\\/#listItem\",\"name\":\"Aktualno\\u015bci\"}},{\"@type\":\"ListItem\",\"@id\":\"https:\\\/\\\/tuplice.pl\\\/index.php\\\/category\\\/aktualnosci\\\/#listItem\",\"position\":2,\"name\":\"Aktualno\\u015bci\",\"item\":\"https:\\\/\\\/tuplice.pl\\\/index.php\\\/category\\\/aktualnosci\\\/\",\"nextItem\":{\"@type\":\"ListItem\",\"@id\":\"https:\\\/\\\/tuplice.pl\\\/index.php\\\/2019\\\/12\\\/17\\\/osrodek-pomocy-spolecznej-w-tuplicach-bedzie-nieczynny-dnia-24-12-2019\\\/#listItem\",\"name\":\"O\\u015brodek Pomocy Spo\\u0142ecznej w Tuplicach b\\u0119dzie nieczynny dnia 24.12.2019\"},\"previousItem\":{\"@type\":\"ListItem\",\"@id\":\"https:\\\/\\\/tuplice.pl#listItem\",\"name\":\"Home\"}},{\"@type\":\"ListItem\",\"@id\":\"https:\\\/\\\/tuplice.pl\\\/index.php\\\/2019\\\/12\\\/17\\\/osrodek-pomocy-spolecznej-w-tuplicach-bedzie-nieczynny-dnia-24-12-2019\\\/#listItem\",\"position\":3,\"name\":\"O\\u015brodek Pomocy Spo\\u0142ecznej w Tuplicach b\\u0119dzie nieczynny dnia 24.12.2019\",\"previousItem\":{\"@type\":\"ListItem\",\"@id\":\"https:\\\/\\\/tuplice.pl\\\/index.php\\\/category\\\/aktualnosci\\\/#listItem\",\"name\":\"Aktualno\\u015bci\"}}]},{\"@type\":\"Organization\",\"@id\":\"https:\\\/\\\/tuplice.pl\\\/#organization\",\"name\":\"Gmina Tuplice Gmina Tuplice\",\"description\":\"Strona Gminy Tuplice Strona Urz\\u0119du Gminy Tuplice\",\"url\":\"https:\\\/\\\/tuplice.pl\\\/\",\"telephone\":\"+48683625720\",\"logo\":{\"@type\":\"ImageObject\",\"url\":\"https:\\\/\\\/tuplice.pl\\\/wp-content\\\/uploads\\\/2025\\\/07\\\/images.png\",\"@id\":\"https:\\\/\\\/tuplice.pl\\\/index.php\\\/2019\\\/12\\\/17\\\/osrodek-pomocy-spolecznej-w-tuplicach-bedzie-nieczynny-dnia-24-12-2019\\\/#organizationLogo\",\"width\":282,\"height\":179},\"image\":{\"@id\":\"https:\\\/\\\/tuplice.pl\\\/index.php\\\/2019\\\/12\\\/17\\\/osrodek-pomocy-spolecznej-w-tuplicach-bedzie-nieczynny-dnia-24-12-2019\\\/#organizationLogo\"},\"sameAs\":[\"https:\\\/\\\/facebook.com\\\/Tuplicki Biuletyn Informacyjny\",\"https:\\\/\\\/pinterest.com\\\/Tuplicki Biuletyn Informacyjny\",\"https:\\\/\\\/youtube.com\\\/Tuplicki Biuletyn Informacyjny\"]},{\"@type\":\"Person\",\"@id\":\"https:\\\/\\\/tuplice.pl\\\/index.php\\\/author\\\/tuplice\\\/#author\",\"url\":\"https:\\\/\\\/tuplice.pl\\\/index.php\\\/author\\\/tuplice\\\/\",\"name\":\"Jacek Konieczy\\u0144ski\",\"image\":{\"@type\":\"ImageObject\",\"@id\":\"https:\\\/\\\/tuplice.pl\\\/index.php\\\/2019\\\/12\\\/17\\\/osrodek-pomocy-spolecznej-w-tuplicach-bedzie-nieczynny-dnia-24-12-2019\\\/#authorImage\",\"url\":\"https:\\\/\\\/secure.gravatar.com\\\/avatar\\\/8aa224da0ce3c7d7e2a92a582397a6f3?s=96&d=mm&r=g\",\"width\":96,\"height\":96,\"caption\":\"Jacek Konieczy\\u0144ski\"}},{\"@type\":\"WebPage\",\"@id\":\"https:\\\/\\\/tuplice.pl\\\/index.php\\\/2019\\\/12\\\/17\\\/osrodek-pomocy-spolecznej-w-tuplicach-bedzie-nieczynny-dnia-24-12-2019\\\/#webpage\",\"url\":\"https:\\\/\\\/tuplice.pl\\\/index.php\\\/2019\\\/12\\\/17\\\/osrodek-pomocy-spolecznej-w-tuplicach-bedzie-nieczynny-dnia-24-12-2019\\\/\",\"name\":\"O\\u015brodek Pomocy Spo\\u0142ecznej w Tuplicach b\\u0119dzie nieczynny dnia 24.12.2019 - Gmina Tuplice\",\"inLanguage\":\"pl-PL\",\"isPartOf\":{\"@id\":\"https:\\\/\\\/tuplice.pl\\\/#website\"},\"breadcrumb\":{\"@id\":\"https:\\\/\\\/tuplice.pl\\\/index.php\\\/2019\\\/12\\\/17\\\/osrodek-pomocy-spolecznej-w-tuplicach-bedzie-nieczynny-dnia-24-12-2019\\\/#breadcrumblist\"},\"author\":{\"@id\":\"https:\\\/\\\/tuplice.pl\\\/index.php\\\/author\\\/tuplice\\\/#author\"},\"creator\":{\"@id\":\"https:\\\/\\\/tuplice.pl\\\/index.php\\\/author\\\/tuplice\\\/#author\"},\"image\":{\"@type\":\"ImageObject\",\"url\":\"https:\\\/\\\/tuplice.pl\\\/wp-content\\\/uploads\\\/2020\\\/02\\\/DSC03192m.jpg\",\"@id\":\"https:\\\/\\\/tuplice.pl\\\/index.php\\\/2019\\\/12\\\/17\\\/osrodek-pomocy-spolecznej-w-tuplicach-bedzie-nieczynny-dnia-24-12-2019\\\/#mainImage\",\"width\":1506,\"height\":1152},\"primaryImageOfPage\":{\"@id\":\"https:\\\/\\\/tuplice.pl\\\/index.php\\\/2019\\\/12\\\/17\\\/osrodek-pomocy-spolecznej-w-tuplicach-bedzie-nieczynny-dnia-24-12-2019\\\/#mainImage\"},\"datePublished\":\"2019-12-17T13:31:19+01:00\",\"dateModified\":\"2020-02-28T15:41:06+01:00\"},{\"@type\":\"WebSite\",\"@id\":\"https:\\\/\\\/tuplice.pl\\\/#website\",\"url\":\"https:\\\/\\\/tuplice.pl\\\/\",\"name\":\"Gmina Tuplice\",\"description\":\"Strona Gminy Tuplice\",\"inLanguage\":\"pl-PL\",\"publisher\":{\"@id\":\"https:\\\/\\\/tuplice.pl\\\/#organization\"}}]}\n\t\t<\/script>\n\t\t<!-- All in One SEO -->\n\n","aioseo_head_json":{"title":"O\u015brodek Pomocy Spo\u0142ecznej w Tuplicach b\u0119dzie nieczynny dnia 24.12.2019 - Gmina Tuplice","description":"","canonical_url":"https:\/\/tuplice.pl\/index.php\/2019\/12\/17\/osrodek-pomocy-spolecznej-w-tuplicach-bedzie-nieczynny-dnia-24-12-2019\/","robots":"max-image-preview:large","keywords":"","webmasterTools":{"miscellaneous":""},"schema":{"@context":"https:\/\/schema.org","@graph":[{"@type":"BlogPosting","@id":"https:\/\/tuplice.pl\/index.php\/2019\/12\/17\/osrodek-pomocy-spolecznej-w-tuplicach-bedzie-nieczynny-dnia-24-12-2019\/#blogposting","name":"O\u015brodek Pomocy Spo\u0142ecznej w Tuplicach b\u0119dzie nieczynny dnia 24.12.2019 - Gmina Tuplice","headline":"O\u015brodek Pomocy Spo\u0142ecznej w Tuplicach b\u0119dzie nieczynny dnia 24.12.2019","author":{"@id":"https:\/\/tuplice.pl\/index.php\/author\/tuplice\/#author"},"publisher":{"@id":"https:\/\/tuplice.pl\/#organization"},"image":{"@type":"ImageObject","url":"https:\/\/tuplice.pl\/wp-content\/uploads\/2020\/02\/DSC03192m.jpg","width":1506,"height":1152},"datePublished":"2019-12-17T13:31:19+01:00","dateModified":"2020-02-28T15:41:06+01:00","inLanguage":"pl-PL","mainEntityOfPage":{"@id":"https:\/\/tuplice.pl\/index.php\/2019\/12\/17\/osrodek-pomocy-spolecznej-w-tuplicach-bedzie-nieczynny-dnia-24-12-2019\/#webpage"},"isPartOf":{"@id":"https:\/\/tuplice.pl\/index.php\/2019\/12\/17\/osrodek-pomocy-spolecznej-w-tuplicach-bedzie-nieczynny-dnia-24-12-2019\/#webpage"},"articleSection":"Aktualno\u015bci"},{"@type":"BreadcrumbList","@id":"https:\/\/tuplice.pl\/index.php\/2019\/12\/17\/osrodek-pomocy-spolecznej-w-tuplicach-bedzie-nieczynny-dnia-24-12-2019\/#breadcrumblist","itemListElement":[{"@type":"ListItem","@id":"https:\/\/tuplice.pl#listItem","position":1,"name":"Home","item":"https:\/\/tuplice.pl","nextItem":{"@type":"ListItem","@id":"https:\/\/tuplice.pl\/index.php\/category\/aktualnosci\/#listItem","name":"Aktualno\u015bci"}},{"@type":"ListItem","@id":"https:\/\/tuplice.pl\/index.php\/category\/aktualnosci\/#listItem","position":2,"name":"Aktualno\u015bci","item":"https:\/\/tuplice.pl\/index.php\/category\/aktualnosci\/","nextItem":{"@type":"ListItem","@id":"https:\/\/tuplice.pl\/index.php\/2019\/12\/17\/osrodek-pomocy-spolecznej-w-tuplicach-bedzie-nieczynny-dnia-24-12-2019\/#listItem","name":"O\u015brodek Pomocy Spo\u0142ecznej w Tuplicach b\u0119dzie nieczynny dnia 24.12.2019"},"previousItem":{"@type":"ListItem","@id":"https:\/\/tuplice.pl#listItem","name":"Home"}},{"@type":"ListItem","@id":"https:\/\/tuplice.pl\/index.php\/2019\/12\/17\/osrodek-pomocy-spolecznej-w-tuplicach-bedzie-nieczynny-dnia-24-12-2019\/#listItem","position":3,"name":"O\u015brodek Pomocy Spo\u0142ecznej w Tuplicach b\u0119dzie nieczynny dnia 24.12.2019","previousItem":{"@type":"ListItem","@id":"https:\/\/tuplice.pl\/index.php\/category\/aktualnosci\/#listItem","name":"Aktualno\u015bci"}}]},{"@type":"Organization","@id":"https:\/\/tuplice.pl\/#organization","name":"Gmina Tuplice Gmina Tuplice","description":"Strona Gminy Tuplice Strona Urz\u0119du Gminy Tuplice","url":"https:\/\/tuplice.pl\/","telephone":"+48683625720","logo":{"@type":"ImageObject","url":"https:\/\/tuplice.pl\/wp-content\/uploads\/2025\/07\/images.png","@id":"https:\/\/tuplice.pl\/index.php\/2019\/12\/17\/osrodek-pomocy-spolecznej-w-tuplicach-bedzie-nieczynny-dnia-24-12-2019\/#organizationLogo","width":282,"height":179},"image":{"@id":"https:\/\/tuplice.pl\/index.php\/2019\/12\/17\/osrodek-pomocy-spolecznej-w-tuplicach-bedzie-nieczynny-dnia-24-12-2019\/#organizationLogo"},"sameAs":["https:\/\/facebook.com\/Tuplicki Biuletyn Informacyjny","https:\/\/pinterest.com\/Tuplicki Biuletyn Informacyjny","https:\/\/youtube.com\/Tuplicki Biuletyn Informacyjny"]},{"@type":"Person","@id":"https:\/\/tuplice.pl\/index.php\/author\/tuplice\/#author","url":"https:\/\/tuplice.pl\/index.php\/author\/tuplice\/","name":"Jacek Konieczy\u0144ski","image":{"@type":"ImageObject","@id":"https:\/\/tuplice.pl\/index.php\/2019\/12\/17\/osrodek-pomocy-spolecznej-w-tuplicach-bedzie-nieczynny-dnia-24-12-2019\/#authorImage","url":"https:\/\/secure.gravatar.com\/avatar\/8aa224da0ce3c7d7e2a92a582397a6f3?s=96&d=mm&r=g","width":96,"height":96,"caption":"Jacek Konieczy\u0144ski"}},{"@type":"WebPage","@id":"https:\/\/tuplice.pl\/index.php\/2019\/12\/17\/osrodek-pomocy-spolecznej-w-tuplicach-bedzie-nieczynny-dnia-24-12-2019\/#webpage","url":"https:\/\/tuplice.pl\/index.php\/2019\/12\/17\/osrodek-pomocy-spolecznej-w-tuplicach-bedzie-nieczynny-dnia-24-12-2019\/","name":"O\u015brodek Pomocy Spo\u0142ecznej w Tuplicach b\u0119dzie nieczynny dnia 24.12.2019 - Gmina Tuplice","inLanguage":"pl-PL","isPartOf":{"@id":"https:\/\/tuplice.pl\/#website"},"breadcrumb":{"@id":"https:\/\/tuplice.pl\/index.php\/2019\/12\/17\/osrodek-pomocy-spolecznej-w-tuplicach-bedzie-nieczynny-dnia-24-12-2019\/#breadcrumblist"},"author":{"@id":"https:\/\/tuplice.pl\/index.php\/author\/tuplice\/#author"},"creator":{"@id":"https:\/\/tuplice.pl\/index.php\/author\/tuplice\/#author"},"image":{"@type":"ImageObject","url":"https:\/\/tuplice.pl\/wp-content\/uploads\/2020\/02\/DSC03192m.jpg","@id":"https:\/\/tuplice.pl\/index.php\/2019\/12\/17\/osrodek-pomocy-spolecznej-w-tuplicach-bedzie-nieczynny-dnia-24-12-2019\/#mainImage","width":1506,"height":1152},"primaryImageOfPage":{"@id":"https:\/\/tuplice.pl\/index.php\/2019\/12\/17\/osrodek-pomocy-spolecznej-w-tuplicach-bedzie-nieczynny-dnia-24-12-2019\/#mainImage"},"datePublished":"2019-12-17T13:31:19+01:00","dateModified":"2020-02-28T15:41:06+01:00"},{"@type":"WebSite","@id":"https:\/\/tuplice.pl\/#website","url":"https:\/\/tuplice.pl\/","name":"Gmina Tuplice","description":"Strona Gminy Tuplice","inLanguage":"pl-PL","publisher":{"@id":"https:\/\/tuplice.pl\/#organization"}}]},"og:locale":"pl_PL","og:site_name":"Gmina Tuplice - Strona Gminy Tuplice","og:type":"article","og:title":"O\u015brodek Pomocy Spo\u0142ecznej w Tuplicach b\u0119dzie nieczynny dnia 24.12.2019 - Gmina Tuplice","og:url":"https:\/\/tuplice.pl\/index.php\/2019\/12\/17\/osrodek-pomocy-spolecznej-w-tuplicach-bedzie-nieczynny-dnia-24-12-2019\/","article:published_time":"2019-12-17T12:31:19+00:00","article:modified_time":"2020-02-28T14:41:06+00:00","article:publisher":"https:\/\/facebook.com\/Tuplicki Biuletyn Informacyjny","twitter:card":"summary_large_image","twitter:title":"O\u015brodek Pomocy Spo\u0142ecznej w Tuplicach b\u0119dzie nieczynny dnia 24.12.2019 - Gmina Tuplice"},"aioseo_meta_data":{"post_id":"3164","title":null,"description":null,"keywords":null,"keyphrases":null,"primary_term":null,"canonical_url":null,"og_title":null,"og_description":null,"og_object_type":"default","og_image_type":"default","og_image_url":null,"og_image_width":null,"og_image_height":null,"og_image_custom_url":null,"og_image_custom_fields":null,"og_video":null,"og_custom_url":null,"og_article_section":null,"og_article_tags":null,"twitter_use_og":false,"twitter_card":"default","twitter_image_type":"default","twitter_image_url":null,"twitter_image_custom_url":null,"twitter_image_custom_fields":null,"twitter_title":null,"twitter_description":null,"schema":{"blockGraphs":[],"customGraphs":[],"default":{"data":{"Article":[],"Course":[],"Dataset":[],"FAQPage":[],"Movie":[],"Person":[],"Product":[],"ProductReview":[],"Car":[],"Recipe":[],"Service":[],"SoftwareApplication":[],"WebPage":[]},"graphName":"","isEnabled":true},"graphs":[]},"schema_type":"default","schema_type_options":null,"pillar_content":false,"robots_default":true,"robots_noindex":false,"robots_noarchive":false,"robots_nosnippet":false,"robots_nofollow":false,"robots_noimageindex":false,"robots_noodp":false,"robots_notranslate":false,"robots_max_snippet":null,"robots_max_videopreview":null,"robots_max_imagepreview":"large","priority":null,"frequency":null,"local_seo":null,"breadcrumb_settings":null,"limit_modified_date":false,"ai":null,"created":"2025-07-22 23:23:36","updated":"2025-07-22 23:23:36","seo_analyzer_scan_date":null},"aioseo_breadcrumb":"<div class=\"aioseo-breadcrumbs\"><span class=\"aioseo-breadcrumb\">\n\t\t\t<a href=\"https:\/\/tuplice.pl\" title=\"Home\">Home<\/a>\n\t\t<\/span><span class=\"aioseo-breadcrumb-separator\">&raquo;<\/span><span class=\"aioseo-breadcrumb\">\n\t\t\t<a href=\"https:\/\/tuplice.pl\/index.php\/category\/aktualnosci\/\" title=\"Aktualno\u015bci\">Aktualno\u015bci<\/a>\n\t\t<\/span><span class=\"aioseo-breadcrumb-separator\">&raquo;<\/span><span class=\"aioseo-breadcrumb\">\n\t\t\tO\u015brodek Pomocy Spo\u0142ecznej w Tuplicach b\u0119dzie nieczynny dnia 24.12.2019\n\t\t<\/span><\/div>","aioseo_breadcrumb_json":[{"label":"Home","link":"https:\/\/tuplice.pl"},{"label":"Aktualno\u015bci","link":"https:\/\/tuplice.pl\/index.php\/category\/aktualnosci\/"},{"label":"O\u015brodek Pomocy Spo\u0142ecznej w Tuplicach b\u0119dzie nieczynny dnia 24.12.2019","link":"https:\/\/tuplice.pl\/index.php\/2019\/12\/17\/osrodek-pomocy-spolecznej-w-tuplicach-bedzie-nieczynny-dnia-24-12-2019\/"}],"a3_pvc":{"activated":false,"total_views":0,"today_views":0},"_links":{"self":[{"href":"https:\/\/tuplice.pl\/index.php\/wp-json\/wp\/v2\/posts\/3164"}],"collection":[{"href":"https:\/\/tuplice.pl\/index.php\/wp-json\/wp\/v2\/posts"}],"about":[{"href":"https:\/\/tuplice.pl\/index.php\/wp-json\/wp\/v2\/types\/post"}],"author":[{"embeddable":true,"href":"https:\/\/tuplice.pl\/index.php\/wp-json\/wp\/v2\/users\/3"}],"replies":[{"embeddable":true,"href":"https:\/\/tuplice.pl\/index.php\/wp-json\/wp\/v2\/comments?post=3164"}],"version-history":[{"count":1,"href":"https:\/\/tuplice.pl\/index.php\/wp-json\/wp\/v2\/posts\/3164\/revisions"}],"predecessor-version":[{"id":3548,"href":"https:\/\/tuplice.pl\/index.php\/wp-json\/wp\/v2\/posts\/3164\/revisions\/3548"}],"wp:featuredmedia":[{"embeddable":true,"href":"https:\/\/tuplice.pl\/index.php\/wp-json\/wp\/v2\/media\/138"}],"wp:attachment":[{"href":"https:\/\/tuplice.pl\/index.php\/wp-json\/wp\/v2\/media?parent=3164"}],"wp:term":[{"taxonomy":"category","embeddable":true,"href":"https:\/\/tuplice.pl\/index.php\/wp-json\/wp\/v2\/categories?post=3164"},{"taxonomy":"post_tag","embeddable":true,"href":"https:\/\/tuplice.pl\/index.php\/wp-json\/wp\/v2\/tags?post=3164"}],"curies":[{"name":"wp","href":"https:\/\/api.w.org\/{rel}","templated":true}]}}