{"id":3229,"date":"2020-02-10T09:33:43","date_gmt":"2020-02-10T08:33:43","guid":{"rendered":"https:\/\/tuplice.pl\/?p=3229"},"modified":"2020-02-28T15:32:59","modified_gmt":"2020-02-28T14:32:59","slug":"spotkanie-informacyjne-dla-organizacji-pozarzadowych-zary-17-02-2020-r","status":"publish","type":"post","link":"https:\/\/tuplice.pl\/index.php\/2020\/02\/10\/spotkanie-informacyjne-dla-organizacji-pozarzadowych-zary-17-02-2020-r\/","title":{"rendered":"Spotkanie informacyjne dla organizacji pozarz\u0105dowych \u2013 \u017bary, 17.02.2020 r."},"content":{"rendered":"[et_pb_section fb_built=&#8221;1&#8243; _builder_version=&#8221;3.22&#8243;][et_pb_row _builder_version=&#8221;3.25&#8243; background_size=&#8221;initial&#8221; background_position=&#8221;top_left&#8221; background_repeat=&#8221;repeat&#8221;][et_pb_column type=&#8221;4_4&#8243; _builder_version=&#8221;3.25&#8243; custom_padding=&#8221;|||&#8221; custom_padding__hover=&#8221;|||&#8221;][et_pb_text _builder_version=&#8221;3.27.4&#8243; background_size=&#8221;initial&#8221; background_position=&#8221;top_left&#8221; background_repeat=&#8221;repeat&#8221;]\r\n<p>Pracownicy G\u0142\u00f3wnego Punktu Informacyjnego Funduszy Europejskich w Zielonej G\u00f3rze i Departamentu Infrastruktury Spo\u0142ecznej, zapraszaj\u0105 na spotkanie informacyjne dla organizacji pozarz\u0105dowych. Spotkanie odb\u0119dzie si\u0119 17 lutego 2020 r. w \u017barach.<\/p>\r\n\r\n\r\n\r\n<p>O spotkaniu<\/p>\r\n\r\n\r\n\r\n<p>Na spotkaniu dowiesz si\u0119, jak zdoby\u0107 wsparcie na dzia\u0142ania organizacji pozarz\u0105dowych. Wska\u017cemy dokumenty, strony internetowe oraz informacje o Funduszach Europejskich i innym wsparciu dla organizacji pozarz\u0105dowych. Om\u00f3wimy tak\u017ce Generator eNGO do pisania wniosk\u00f3w w ramach otwartych konkurs\u00f3w ofert og\u0142aszanych przez Samorz\u0105d Wojew\u00f3dztwa Lubuskiego.<\/p>\r\n\r\n\r\n\r\n<p>Spotkanie kierujemy do organizacji pozarz\u0105dowych oraz innych organizacji po\u017cytku publicznego. Przyjd\u017a, je\u015bli w nich dzia\u0142asz.<\/p>\r\n\r\n\r\n\r\n<p><strong>Kiedy i gdzie<\/strong><\/p>\r\n\r\n\r\n\r\n<p>Spotkanie odb\u0119dzie si\u0119 17 lutego 2020 r. od 12:00 do 14:30 w \u017barach w\u00a0siedzibie Fundacji Przedsi\u0119biorczo\u015b\u0107, ul. Mieszka I 13, 68-200 \u017bary.<\/p>\r\n\r\n\r\n\r\n<p><strong>Jak si\u0119 zg\u0142osi\u0107 <\/strong><\/p>\r\n\r\n\r\n\r\n<p>Wype\u0142nij formularz dost\u0119pny <a href=\"http:\/\/rpo.lubuskie.pl\/wez-udzial-w-szkoleniach-i-konferencjach\/szkolenie-formularz?termId=348245\">TUTAJ<\/a>. Na zg\u0142oszenia czekamy do 14 lutego 2020 r. Je\u015bli masz pytania, zadzwo\u0144 do nas \u2013 68\u00a04565-535; -499; -488; -480; -454.<\/p>\r\n\r\n\r\n\r\n<p>Szkolenie jest bezp\u0142atne. Liczba miejsc jest ograniczona \u2013 decyduje kolejno\u015b\u0107 zg\u0142osze\u0144.<\/p>\r\n\r\n\r\n\r\n<p>Serdecznie zapraszamy!<\/p>\r\n\r\n\r\n\r\n<figure class=\"wp-block-image\"><img decoding=\"async\" class=\"wp-image-3230\" src=\"https:\/\/tuplice.pl\/wp-content\/uploads\/2020\/02\/logo.jpg\" alt=\"\" \/><\/figure>\r\n\r[\/et_pb_text][\/et_pb_column][\/et_pb_row][\/et_pb_section]","protected":false},"excerpt":{"rendered":"<p>[et_pb_section fb_built=&#8221;1&#8243; _builder_version=&#8221;3.22&#8243;][et_pb_row _builder_version=&#8221;3.25&#8243; background_size=&#8221;initial&#8221; background_position=&#8221;top_left&#8221; background_repeat=&#8221;repeat&#8221;][et_pb_column type=&#8221;4_4&#8243; _builder_version=&#8221;3.25&#8243; custom_padding=&#8221;|||&#8221; custom_padding__hover=&#8221;|||&#8221;][et_pb_text _builder_version=&#8221;3.27.4&#8243; background_size=&#8221;initial&#8221; background_position=&#8221;top_left&#8221; background_repeat=&#8221;repeat&#8221;] Pracownicy G\u0142\u00f3wnego Punktu Informacyjnego Funduszy Europejskich w Zielonej G\u00f3rze i Departamentu Infrastruktury Spo\u0142ecznej, zapraszaj\u0105 na spotkanie informacyjne dla organizacji pozarz\u0105dowych. Spotkanie odb\u0119dzie si\u0119 17 lutego 2020 r. w \u017barach. O spotkaniu Na spotkaniu dowiesz si\u0119, jak zdoby\u0107 wsparcie na dzia\u0142ania [&hellip;]<\/p>\n","protected":false},"author":3,"featured_media":3534,"comment_status":"closed","ping_status":"closed","sticky":false,"template":"","format":"standard","meta":{"_et_pb_use_builder":"on","_et_pb_old_content":"<!-- wp:paragraph -->\r\n<p>Pracownicy G\u0142\u00f3wnego Punktu Informacyjnego Funduszy Europejskich w Zielonej G\u00f3rze i Departamentu Infrastruktury Spo\u0142ecznej, zapraszaj\u0105 na spotkanie informacyjne dla organizacji pozarz\u0105dowych. Spotkanie odb\u0119dzie si\u0119 17 lutego 2020 r. w \u017barach.<\/p>\r\n<!-- \/wp:paragraph --><!-- wp:paragraph -->\r\n<p>O spotkaniu<\/p>\r\n<!-- \/wp:paragraph --><!-- wp:paragraph -->\r\n<p>Na spotkaniu dowiesz si\u0119, jak zdoby\u0107 wsparcie na dzia\u0142ania organizacji pozarz\u0105dowych. Wska\u017cemy dokumenty, strony internetowe oraz informacje o Funduszach Europejskich i innym wsparciu dla organizacji pozarz\u0105dowych. Om\u00f3wimy tak\u017ce Generator eNGO do pisania wniosk\u00f3w w ramach otwartych konkurs\u00f3w ofert og\u0142aszanych przez Samorz\u0105d Wojew\u00f3dztwa Lubuskiego.<\/p>\r\n<!-- \/wp:paragraph --><!-- wp:paragraph -->\r\n<p>Spotkanie kierujemy do organizacji pozarz\u0105dowych oraz innych organizacji po\u017cytku publicznego. Przyjd\u017a, je\u015bli w nich dzia\u0142asz.<\/p>\r\n<!-- \/wp:paragraph --><!-- wp:paragraph -->\r\n<p><strong>Kiedy i gdzie<\/strong><\/p>\r\n<!-- \/wp:paragraph --><!-- wp:paragraph -->\r\n<p>Spotkanie odb\u0119dzie si\u0119 17 lutego 2020 r. od 12:00 do 14:30 w \u017barach w\u00a0siedzibie Fundacji Przedsi\u0119biorczo\u015b\u0107, ul. Mieszka I 13, 68-200 \u017bary.<\/p>\r\n<!-- \/wp:paragraph --><!-- wp:paragraph -->\r\n<p><strong>Jak si\u0119 zg\u0142osi\u0107 <\/strong><\/p>\r\n<!-- \/wp:paragraph --><!-- wp:paragraph -->\r\n<p>Wype\u0142nij formularz dost\u0119pny <a href=\"http:\/\/rpo.lubuskie.pl\/wez-udzial-w-szkoleniach-i-konferencjach\/szkolenie-formularz?termId=348245\">TUTAJ<\/a>. Na zg\u0142oszenia czekamy do 14 lutego 2020 r. Je\u015bli masz pytania, zadzwo\u0144 do nas \u2013 68\u00a04565-535; -499; -488; -480; -454.<\/p>\r\n<!-- \/wp:paragraph --><!-- wp:paragraph -->\r\n<p>Szkolenie jest bezp\u0142atne. Liczba miejsc jest ograniczona \u2013 decyduje kolejno\u015b\u0107 zg\u0142osze\u0144.<\/p>\r\n<!-- \/wp:paragraph --><!-- wp:paragraph -->\r\n<p>Serdecznie zapraszamy!<\/p>\r\n<!-- \/wp:paragraph --><!-- wp:image {\"id\":3230} -->\r\n<figure class=\"wp-block-image\"><img class=\"wp-image-3230\" src=\"http:\/\/tuplice.pl\/wp-content\/uploads\/2020\/02\/logo.jpg\" alt=\"\" \/><\/figure>\r\n<!-- \/wp:image -->","_et_gb_content_width":"","_monsterinsights_skip_tracking":false},"categories":[82],"tags":[],"aioseo_notices":[],"aioseo_head":"\n\t\t<!-- All in One SEO 4.9.10 - aioseo.com -->\n\t<meta name=\"description\" content=\"[et_pb_section fb_built=\u201d1\u2033 _builder_version=\u201d3.22\u2033][et_pb_row _builder_version=\u201d3.25\u2033 background_size=\u201dinitial\u201d background_position=\u201dtop_left\u201d background_repeat=\u201drepeat\u201d][et_pb_column type=\u201d4_4\u2033 _builder_version=\u201d3.25\u2033 custom_padding=\u201d|||\u201d custom_padding__hover=\u201d|||\u201d][et_pb_text _builder_version=\u201d3.27.4\u2033 background_size=\u201dinitial\u201d background_position=\u201dtop_left\u201d background_repeat=\u201drepeat\u201d]Pracownicy G\u0142\u00f3wnego Punktu Informacyjnego Funduszy Europejskich w Zielonej G\u00f3rze i Departamentu Infrastruktury Spo\u0142ecznej, zapraszaj\u0105 na spotkanie informacyjne dla organizacji pozarz\u0105dowych. Spotkanie odb\u0119dzie si\u0119 17 lutego 2020 r. w \u017barach. O spotkaniu Na spotkaniu dowiesz si\u0119, jak zdoby\u0107 wsparcie na dzia\u0142ania organizacji\" \/>\n\t<meta name=\"robots\" content=\"max-image-preview:large\" \/>\n\t<meta name=\"author\" content=\"Jacek Konieczy\u0144ski\"\/>\n\t<link rel=\"canonical\" href=\"https:\/\/tuplice.pl\/index.php\/2020\/02\/10\/spotkanie-informacyjne-dla-organizacji-pozarzadowych-zary-17-02-2020-r\/\" \/>\n\t<meta name=\"generator\" content=\"All in One SEO (AIOSEO) 4.9.10\" \/>\n\t\t<meta property=\"og:locale\" content=\"pl_PL\" \/>\n\t\t<meta property=\"og:site_name\" content=\"Gmina Tuplice - Strona Gminy Tuplice\" \/>\n\t\t<meta property=\"og:type\" content=\"article\" \/>\n\t\t<meta property=\"og:title\" content=\"Spotkanie informacyjne dla organizacji pozarz\u0105dowych \u2013 \u017bary, 17.02.2020 r. - Gmina Tuplice\" \/>\n\t\t<meta property=\"og:description\" content=\"[et_pb_section fb_built=\u201d1\u2033 _builder_version=\u201d3.22\u2033][et_pb_row _builder_version=\u201d3.25\u2033 background_size=\u201dinitial\u201d background_position=\u201dtop_left\u201d background_repeat=\u201drepeat\u201d][et_pb_column type=\u201d4_4\u2033 _builder_version=\u201d3.25\u2033 custom_padding=\u201d|||\u201d custom_padding__hover=\u201d|||\u201d][et_pb_text _builder_version=\u201d3.27.4\u2033 background_size=\u201dinitial\u201d background_position=\u201dtop_left\u201d background_repeat=\u201drepeat\u201d]Pracownicy G\u0142\u00f3wnego Punktu Informacyjnego Funduszy Europejskich w Zielonej G\u00f3rze i Departamentu Infrastruktury Spo\u0142ecznej, zapraszaj\u0105 na spotkanie informacyjne dla organizacji pozarz\u0105dowych. Spotkanie odb\u0119dzie si\u0119 17 lutego 2020 r. w \u017barach. O spotkaniu Na spotkaniu dowiesz si\u0119, jak zdoby\u0107 wsparcie na dzia\u0142ania organizacji\" \/>\n\t\t<meta property=\"og:url\" content=\"https:\/\/tuplice.pl\/index.php\/2020\/02\/10\/spotkanie-informacyjne-dla-organizacji-pozarzadowych-zary-17-02-2020-r\/\" \/>\n\t\t<meta property=\"article:published_time\" content=\"2020-02-10T08:33:43+00:00\" \/>\n\t\t<meta property=\"article:modified_time\" content=\"2020-02-28T14:32:59+00:00\" \/>\n\t\t<meta property=\"article:publisher\" content=\"https:\/\/facebook.com\/Tuplicki Biuletyn Informacyjny\" \/>\n\t\t<meta name=\"twitter:card\" content=\"summary_large_image\" \/>\n\t\t<meta name=\"twitter:title\" content=\"Spotkanie informacyjne dla organizacji pozarz\u0105dowych \u2013 \u017bary, 17.02.2020 r. - Gmina Tuplice\" \/>\n\t\t<meta name=\"twitter:description\" content=\"[et_pb_section fb_built=\u201d1\u2033 _builder_version=\u201d3.22\u2033][et_pb_row _builder_version=\u201d3.25\u2033 background_size=\u201dinitial\u201d background_position=\u201dtop_left\u201d background_repeat=\u201drepeat\u201d][et_pb_column type=\u201d4_4\u2033 _builder_version=\u201d3.25\u2033 custom_padding=\u201d|||\u201d custom_padding__hover=\u201d|||\u201d][et_pb_text _builder_version=\u201d3.27.4\u2033 background_size=\u201dinitial\u201d background_position=\u201dtop_left\u201d background_repeat=\u201drepeat\u201d]Pracownicy G\u0142\u00f3wnego Punktu Informacyjnego Funduszy Europejskich w Zielonej G\u00f3rze i Departamentu Infrastruktury Spo\u0142ecznej, zapraszaj\u0105 na spotkanie informacyjne dla organizacji pozarz\u0105dowych. Spotkanie odb\u0119dzie si\u0119 17 lutego 2020 r. w \u017barach. O spotkaniu Na spotkaniu dowiesz si\u0119, jak zdoby\u0107 wsparcie na dzia\u0142ania organizacji\" \/>\n\t\t<script type=\"application\/ld+json\" class=\"aioseo-schema\">\n\t\t\t{\"@context\":\"https:\\\/\\\/schema.org\",\"@graph\":[{\"@type\":\"BlogPosting\",\"@id\":\"https:\\\/\\\/tuplice.pl\\\/index.php\\\/2020\\\/02\\\/10\\\/spotkanie-informacyjne-dla-organizacji-pozarzadowych-zary-17-02-2020-r\\\/#blogposting\",\"name\":\"Spotkanie informacyjne dla organizacji pozarz\\u0105dowych \\u2013 \\u017bary, 17.02.2020 r. - Gmina Tuplice\",\"headline\":\"Spotkanie informacyjne dla organizacji pozarz\\u0105dowych \\u2013 \\u017bary, 17.02.2020 r.\",\"author\":{\"@id\":\"https:\\\/\\\/tuplice.pl\\\/index.php\\\/author\\\/tuplice\\\/#author\"},\"publisher\":{\"@id\":\"https:\\\/\\\/tuplice.pl\\\/#organization\"},\"image\":{\"@type\":\"ImageObject\",\"url\":\"https:\\\/\\\/tuplice.pl\\\/wp-content\\\/uploads\\\/2020\\\/02\\\/books-classroom-close-up-college-289737.jpg\",\"width\":640,\"height\":427},\"datePublished\":\"2020-02-10T09:33:43+01:00\",\"dateModified\":\"2020-02-28T15:32:59+01:00\",\"inLanguage\":\"pl-PL\",\"mainEntityOfPage\":{\"@id\":\"https:\\\/\\\/tuplice.pl\\\/index.php\\\/2020\\\/02\\\/10\\\/spotkanie-informacyjne-dla-organizacji-pozarzadowych-zary-17-02-2020-r\\\/#webpage\"},\"isPartOf\":{\"@id\":\"https:\\\/\\\/tuplice.pl\\\/index.php\\\/2020\\\/02\\\/10\\\/spotkanie-informacyjne-dla-organizacji-pozarzadowych-zary-17-02-2020-r\\\/#webpage\"},\"articleSection\":\"Aktualno\\u015bci\"},{\"@type\":\"BreadcrumbList\",\"@id\":\"https:\\\/\\\/tuplice.pl\\\/index.php\\\/2020\\\/02\\\/10\\\/spotkanie-informacyjne-dla-organizacji-pozarzadowych-zary-17-02-2020-r\\\/#breadcrumblist\",\"itemListElement\":[{\"@type\":\"ListItem\",\"@id\":\"https:\\\/\\\/tuplice.pl#listItem\",\"position\":1,\"name\":\"Home\",\"item\":\"https:\\\/\\\/tuplice.pl\",\"nextItem\":{\"@type\":\"ListItem\",\"@id\":\"https:\\\/\\\/tuplice.pl\\\/index.php\\\/category\\\/aktualnosci\\\/#listItem\",\"name\":\"Aktualno\\u015bci\"}},{\"@type\":\"ListItem\",\"@id\":\"https:\\\/\\\/tuplice.pl\\\/index.php\\\/category\\\/aktualnosci\\\/#listItem\",\"position\":2,\"name\":\"Aktualno\\u015bci\",\"item\":\"https:\\\/\\\/tuplice.pl\\\/index.php\\\/category\\\/aktualnosci\\\/\",\"nextItem\":{\"@type\":\"ListItem\",\"@id\":\"https:\\\/\\\/tuplice.pl\\\/index.php\\\/2020\\\/02\\\/10\\\/spotkanie-informacyjne-dla-organizacji-pozarzadowych-zary-17-02-2020-r\\\/#listItem\",\"name\":\"Spotkanie informacyjne dla organizacji pozarz\\u0105dowych \\u2013 \\u017bary, 17.02.2020 r.\"},\"previousItem\":{\"@type\":\"ListItem\",\"@id\":\"https:\\\/\\\/tuplice.pl#listItem\",\"name\":\"Home\"}},{\"@type\":\"ListItem\",\"@id\":\"https:\\\/\\\/tuplice.pl\\\/index.php\\\/2020\\\/02\\\/10\\\/spotkanie-informacyjne-dla-organizacji-pozarzadowych-zary-17-02-2020-r\\\/#listItem\",\"position\":3,\"name\":\"Spotkanie informacyjne dla organizacji pozarz\\u0105dowych \\u2013 \\u017bary, 17.02.2020 r.\",\"previousItem\":{\"@type\":\"ListItem\",\"@id\":\"https:\\\/\\\/tuplice.pl\\\/index.php\\\/category\\\/aktualnosci\\\/#listItem\",\"name\":\"Aktualno\\u015bci\"}}]},{\"@type\":\"Organization\",\"@id\":\"https:\\\/\\\/tuplice.pl\\\/#organization\",\"name\":\"Gmina Tuplice Gmina Tuplice\",\"description\":\"Strona Gminy Tuplice Strona Urz\\u0119du Gminy Tuplice\",\"url\":\"https:\\\/\\\/tuplice.pl\\\/\",\"telephone\":\"+48683625720\",\"logo\":{\"@type\":\"ImageObject\",\"url\":\"https:\\\/\\\/tuplice.pl\\\/wp-content\\\/uploads\\\/2025\\\/07\\\/images.png\",\"@id\":\"https:\\\/\\\/tuplice.pl\\\/index.php\\\/2020\\\/02\\\/10\\\/spotkanie-informacyjne-dla-organizacji-pozarzadowych-zary-17-02-2020-r\\\/#organizationLogo\",\"width\":282,\"height\":179},\"image\":{\"@id\":\"https:\\\/\\\/tuplice.pl\\\/index.php\\\/2020\\\/02\\\/10\\\/spotkanie-informacyjne-dla-organizacji-pozarzadowych-zary-17-02-2020-r\\\/#organizationLogo\"},\"sameAs\":[\"https:\\\/\\\/facebook.com\\\/Tuplicki Biuletyn Informacyjny\",\"https:\\\/\\\/pinterest.com\\\/Tuplicki Biuletyn Informacyjny\",\"https:\\\/\\\/youtube.com\\\/Tuplicki Biuletyn Informacyjny\"]},{\"@type\":\"Person\",\"@id\":\"https:\\\/\\\/tuplice.pl\\\/index.php\\\/author\\\/tuplice\\\/#author\",\"url\":\"https:\\\/\\\/tuplice.pl\\\/index.php\\\/author\\\/tuplice\\\/\",\"name\":\"Jacek Konieczy\\u0144ski\",\"image\":{\"@type\":\"ImageObject\",\"@id\":\"https:\\\/\\\/tuplice.pl\\\/index.php\\\/2020\\\/02\\\/10\\\/spotkanie-informacyjne-dla-organizacji-pozarzadowych-zary-17-02-2020-r\\\/#authorImage\",\"url\":\"https:\\\/\\\/secure.gravatar.com\\\/avatar\\\/8aa224da0ce3c7d7e2a92a582397a6f3?s=96&d=mm&r=g\",\"width\":96,\"height\":96,\"caption\":\"Jacek Konieczy\\u0144ski\"}},{\"@type\":\"WebPage\",\"@id\":\"https:\\\/\\\/tuplice.pl\\\/index.php\\\/2020\\\/02\\\/10\\\/spotkanie-informacyjne-dla-organizacji-pozarzadowych-zary-17-02-2020-r\\\/#webpage\",\"url\":\"https:\\\/\\\/tuplice.pl\\\/index.php\\\/2020\\\/02\\\/10\\\/spotkanie-informacyjne-dla-organizacji-pozarzadowych-zary-17-02-2020-r\\\/\",\"name\":\"Spotkanie informacyjne dla organizacji pozarz\\u0105dowych \\u2013 \\u017bary, 17.02.2020 r. - Gmina Tuplice\",\"description\":\"[et_pb_section fb_built=\\u201d1\\u2033 _builder_version=\\u201d3.22\\u2033][et_pb_row _builder_version=\\u201d3.25\\u2033 background_size=\\u201dinitial\\u201d background_position=\\u201dtop_left\\u201d background_repeat=\\u201drepeat\\u201d][et_pb_column type=\\u201d4_4\\u2033 _builder_version=\\u201d3.25\\u2033 custom_padding=\\u201d|||\\u201d custom_padding__hover=\\u201d|||\\u201d][et_pb_text _builder_version=\\u201d3.27.4\\u2033 background_size=\\u201dinitial\\u201d background_position=\\u201dtop_left\\u201d background_repeat=\\u201drepeat\\u201d]Pracownicy G\\u0142\\u00f3wnego Punktu Informacyjnego Funduszy Europejskich w Zielonej G\\u00f3rze i Departamentu Infrastruktury Spo\\u0142ecznej, zapraszaj\\u0105 na spotkanie informacyjne dla organizacji pozarz\\u0105dowych. Spotkanie odb\\u0119dzie si\\u0119 17 lutego 2020 r. w \\u017barach. O spotkaniu Na spotkaniu dowiesz si\\u0119, jak zdoby\\u0107 wsparcie na dzia\\u0142ania organizacji\",\"inLanguage\":\"pl-PL\",\"isPartOf\":{\"@id\":\"https:\\\/\\\/tuplice.pl\\\/#website\"},\"breadcrumb\":{\"@id\":\"https:\\\/\\\/tuplice.pl\\\/index.php\\\/2020\\\/02\\\/10\\\/spotkanie-informacyjne-dla-organizacji-pozarzadowych-zary-17-02-2020-r\\\/#breadcrumblist\"},\"author\":{\"@id\":\"https:\\\/\\\/tuplice.pl\\\/index.php\\\/author\\\/tuplice\\\/#author\"},\"creator\":{\"@id\":\"https:\\\/\\\/tuplice.pl\\\/index.php\\\/author\\\/tuplice\\\/#author\"},\"image\":{\"@type\":\"ImageObject\",\"url\":\"https:\\\/\\\/tuplice.pl\\\/wp-content\\\/uploads\\\/2020\\\/02\\\/books-classroom-close-up-college-289737.jpg\",\"@id\":\"https:\\\/\\\/tuplice.pl\\\/index.php\\\/2020\\\/02\\\/10\\\/spotkanie-informacyjne-dla-organizacji-pozarzadowych-zary-17-02-2020-r\\\/#mainImage\",\"width\":640,\"height\":427},\"primaryImageOfPage\":{\"@id\":\"https:\\\/\\\/tuplice.pl\\\/index.php\\\/2020\\\/02\\\/10\\\/spotkanie-informacyjne-dla-organizacji-pozarzadowych-zary-17-02-2020-r\\\/#mainImage\"},\"datePublished\":\"2020-02-10T09:33:43+01:00\",\"dateModified\":\"2020-02-28T15:32:59+01:00\"},{\"@type\":\"WebSite\",\"@id\":\"https:\\\/\\\/tuplice.pl\\\/#website\",\"url\":\"https:\\\/\\\/tuplice.pl\\\/\",\"name\":\"Gmina Tuplice\",\"description\":\"Strona Gminy Tuplice\",\"inLanguage\":\"pl-PL\",\"publisher\":{\"@id\":\"https:\\\/\\\/tuplice.pl\\\/#organization\"}}]}\n\t\t<\/script>\n\t\t<!-- All in One SEO -->\n\n","aioseo_head_json":{"title":"Spotkanie informacyjne dla organizacji pozarz\u0105dowych \u2013 \u017bary, 17.02.2020 r. - Gmina Tuplice","description":"[et_pb_section fb_built=\u201d1\u2033 _builder_version=\u201d3.22\u2033][et_pb_row _builder_version=\u201d3.25\u2033 background_size=\u201dinitial\u201d background_position=\u201dtop_left\u201d background_repeat=\u201drepeat\u201d][et_pb_column type=\u201d4_4\u2033 _builder_version=\u201d3.25\u2033 custom_padding=\u201d|||\u201d custom_padding__hover=\u201d|||\u201d][et_pb_text _builder_version=\u201d3.27.4\u2033 background_size=\u201dinitial\u201d background_position=\u201dtop_left\u201d background_repeat=\u201drepeat\u201d]Pracownicy G\u0142\u00f3wnego Punktu Informacyjnego Funduszy Europejskich w Zielonej G\u00f3rze i Departamentu Infrastruktury Spo\u0142ecznej, zapraszaj\u0105 na spotkanie informacyjne dla organizacji pozarz\u0105dowych. Spotkanie odb\u0119dzie si\u0119 17 lutego 2020 r. w \u017barach. O spotkaniu Na spotkaniu dowiesz si\u0119, jak zdoby\u0107 wsparcie na dzia\u0142ania organizacji","canonical_url":"https:\/\/tuplice.pl\/index.php\/2020\/02\/10\/spotkanie-informacyjne-dla-organizacji-pozarzadowych-zary-17-02-2020-r\/","robots":"max-image-preview:large","keywords":"","webmasterTools":{"miscellaneous":""},"schema":{"@context":"https:\/\/schema.org","@graph":[{"@type":"BlogPosting","@id":"https:\/\/tuplice.pl\/index.php\/2020\/02\/10\/spotkanie-informacyjne-dla-organizacji-pozarzadowych-zary-17-02-2020-r\/#blogposting","name":"Spotkanie informacyjne dla organizacji pozarz\u0105dowych \u2013 \u017bary, 17.02.2020 r. - Gmina Tuplice","headline":"Spotkanie informacyjne dla organizacji pozarz\u0105dowych \u2013 \u017bary, 17.02.2020 r.","author":{"@id":"https:\/\/tuplice.pl\/index.php\/author\/tuplice\/#author"},"publisher":{"@id":"https:\/\/tuplice.pl\/#organization"},"image":{"@type":"ImageObject","url":"https:\/\/tuplice.pl\/wp-content\/uploads\/2020\/02\/books-classroom-close-up-college-289737.jpg","width":640,"height":427},"datePublished":"2020-02-10T09:33:43+01:00","dateModified":"2020-02-28T15:32:59+01:00","inLanguage":"pl-PL","mainEntityOfPage":{"@id":"https:\/\/tuplice.pl\/index.php\/2020\/02\/10\/spotkanie-informacyjne-dla-organizacji-pozarzadowych-zary-17-02-2020-r\/#webpage"},"isPartOf":{"@id":"https:\/\/tuplice.pl\/index.php\/2020\/02\/10\/spotkanie-informacyjne-dla-organizacji-pozarzadowych-zary-17-02-2020-r\/#webpage"},"articleSection":"Aktualno\u015bci"},{"@type":"BreadcrumbList","@id":"https:\/\/tuplice.pl\/index.php\/2020\/02\/10\/spotkanie-informacyjne-dla-organizacji-pozarzadowych-zary-17-02-2020-r\/#breadcrumblist","itemListElement":[{"@type":"ListItem","@id":"https:\/\/tuplice.pl#listItem","position":1,"name":"Home","item":"https:\/\/tuplice.pl","nextItem":{"@type":"ListItem","@id":"https:\/\/tuplice.pl\/index.php\/category\/aktualnosci\/#listItem","name":"Aktualno\u015bci"}},{"@type":"ListItem","@id":"https:\/\/tuplice.pl\/index.php\/category\/aktualnosci\/#listItem","position":2,"name":"Aktualno\u015bci","item":"https:\/\/tuplice.pl\/index.php\/category\/aktualnosci\/","nextItem":{"@type":"ListItem","@id":"https:\/\/tuplice.pl\/index.php\/2020\/02\/10\/spotkanie-informacyjne-dla-organizacji-pozarzadowych-zary-17-02-2020-r\/#listItem","name":"Spotkanie informacyjne dla organizacji pozarz\u0105dowych \u2013 \u017bary, 17.02.2020 r."},"previousItem":{"@type":"ListItem","@id":"https:\/\/tuplice.pl#listItem","name":"Home"}},{"@type":"ListItem","@id":"https:\/\/tuplice.pl\/index.php\/2020\/02\/10\/spotkanie-informacyjne-dla-organizacji-pozarzadowych-zary-17-02-2020-r\/#listItem","position":3,"name":"Spotkanie informacyjne dla organizacji pozarz\u0105dowych \u2013 \u017bary, 17.02.2020 r.","previousItem":{"@type":"ListItem","@id":"https:\/\/tuplice.pl\/index.php\/category\/aktualnosci\/#listItem","name":"Aktualno\u015bci"}}]},{"@type":"Organization","@id":"https:\/\/tuplice.pl\/#organization","name":"Gmina Tuplice Gmina Tuplice","description":"Strona Gminy Tuplice Strona Urz\u0119du Gminy Tuplice","url":"https:\/\/tuplice.pl\/","telephone":"+48683625720","logo":{"@type":"ImageObject","url":"https:\/\/tuplice.pl\/wp-content\/uploads\/2025\/07\/images.png","@id":"https:\/\/tuplice.pl\/index.php\/2020\/02\/10\/spotkanie-informacyjne-dla-organizacji-pozarzadowych-zary-17-02-2020-r\/#organizationLogo","width":282,"height":179},"image":{"@id":"https:\/\/tuplice.pl\/index.php\/2020\/02\/10\/spotkanie-informacyjne-dla-organizacji-pozarzadowych-zary-17-02-2020-r\/#organizationLogo"},"sameAs":["https:\/\/facebook.com\/Tuplicki Biuletyn Informacyjny","https:\/\/pinterest.com\/Tuplicki Biuletyn Informacyjny","https:\/\/youtube.com\/Tuplicki Biuletyn Informacyjny"]},{"@type":"Person","@id":"https:\/\/tuplice.pl\/index.php\/author\/tuplice\/#author","url":"https:\/\/tuplice.pl\/index.php\/author\/tuplice\/","name":"Jacek Konieczy\u0144ski","image":{"@type":"ImageObject","@id":"https:\/\/tuplice.pl\/index.php\/2020\/02\/10\/spotkanie-informacyjne-dla-organizacji-pozarzadowych-zary-17-02-2020-r\/#authorImage","url":"https:\/\/secure.gravatar.com\/avatar\/8aa224da0ce3c7d7e2a92a582397a6f3?s=96&d=mm&r=g","width":96,"height":96,"caption":"Jacek Konieczy\u0144ski"}},{"@type":"WebPage","@id":"https:\/\/tuplice.pl\/index.php\/2020\/02\/10\/spotkanie-informacyjne-dla-organizacji-pozarzadowych-zary-17-02-2020-r\/#webpage","url":"https:\/\/tuplice.pl\/index.php\/2020\/02\/10\/spotkanie-informacyjne-dla-organizacji-pozarzadowych-zary-17-02-2020-r\/","name":"Spotkanie informacyjne dla organizacji pozarz\u0105dowych \u2013 \u017bary, 17.02.2020 r. - Gmina Tuplice","description":"[et_pb_section fb_built=\u201d1\u2033 _builder_version=\u201d3.22\u2033][et_pb_row _builder_version=\u201d3.25\u2033 background_size=\u201dinitial\u201d background_position=\u201dtop_left\u201d background_repeat=\u201drepeat\u201d][et_pb_column type=\u201d4_4\u2033 _builder_version=\u201d3.25\u2033 custom_padding=\u201d|||\u201d custom_padding__hover=\u201d|||\u201d][et_pb_text _builder_version=\u201d3.27.4\u2033 background_size=\u201dinitial\u201d background_position=\u201dtop_left\u201d background_repeat=\u201drepeat\u201d]Pracownicy G\u0142\u00f3wnego Punktu Informacyjnego Funduszy Europejskich w Zielonej G\u00f3rze i Departamentu Infrastruktury Spo\u0142ecznej, zapraszaj\u0105 na spotkanie informacyjne dla organizacji pozarz\u0105dowych. Spotkanie odb\u0119dzie si\u0119 17 lutego 2020 r. w \u017barach. O spotkaniu Na spotkaniu dowiesz si\u0119, jak zdoby\u0107 wsparcie na dzia\u0142ania organizacji","inLanguage":"pl-PL","isPartOf":{"@id":"https:\/\/tuplice.pl\/#website"},"breadcrumb":{"@id":"https:\/\/tuplice.pl\/index.php\/2020\/02\/10\/spotkanie-informacyjne-dla-organizacji-pozarzadowych-zary-17-02-2020-r\/#breadcrumblist"},"author":{"@id":"https:\/\/tuplice.pl\/index.php\/author\/tuplice\/#author"},"creator":{"@id":"https:\/\/tuplice.pl\/index.php\/author\/tuplice\/#author"},"image":{"@type":"ImageObject","url":"https:\/\/tuplice.pl\/wp-content\/uploads\/2020\/02\/books-classroom-close-up-college-289737.jpg","@id":"https:\/\/tuplice.pl\/index.php\/2020\/02\/10\/spotkanie-informacyjne-dla-organizacji-pozarzadowych-zary-17-02-2020-r\/#mainImage","width":640,"height":427},"primaryImageOfPage":{"@id":"https:\/\/tuplice.pl\/index.php\/2020\/02\/10\/spotkanie-informacyjne-dla-organizacji-pozarzadowych-zary-17-02-2020-r\/#mainImage"},"datePublished":"2020-02-10T09:33:43+01:00","dateModified":"2020-02-28T15:32:59+01:00"},{"@type":"WebSite","@id":"https:\/\/tuplice.pl\/#website","url":"https:\/\/tuplice.pl\/","name":"Gmina Tuplice","description":"Strona Gminy Tuplice","inLanguage":"pl-PL","publisher":{"@id":"https:\/\/tuplice.pl\/#organization"}}]},"og:locale":"pl_PL","og:site_name":"Gmina Tuplice - Strona Gminy Tuplice","og:type":"article","og:title":"Spotkanie informacyjne dla organizacji pozarz\u0105dowych \u2013 \u017bary, 17.02.2020 r. - Gmina Tuplice","og:description":"[et_pb_section fb_built=\u201d1\u2033 _builder_version=\u201d3.22\u2033][et_pb_row _builder_version=\u201d3.25\u2033 background_size=\u201dinitial\u201d background_position=\u201dtop_left\u201d background_repeat=\u201drepeat\u201d][et_pb_column type=\u201d4_4\u2033 _builder_version=\u201d3.25\u2033 custom_padding=\u201d|||\u201d custom_padding__hover=\u201d|||\u201d][et_pb_text _builder_version=\u201d3.27.4\u2033 background_size=\u201dinitial\u201d background_position=\u201dtop_left\u201d background_repeat=\u201drepeat\u201d]Pracownicy G\u0142\u00f3wnego Punktu Informacyjnego Funduszy Europejskich w Zielonej G\u00f3rze i Departamentu Infrastruktury Spo\u0142ecznej, zapraszaj\u0105 na spotkanie informacyjne dla organizacji pozarz\u0105dowych. Spotkanie odb\u0119dzie si\u0119 17 lutego 2020 r. w \u017barach. O spotkaniu Na spotkaniu dowiesz si\u0119, jak zdoby\u0107 wsparcie na dzia\u0142ania organizacji","og:url":"https:\/\/tuplice.pl\/index.php\/2020\/02\/10\/spotkanie-informacyjne-dla-organizacji-pozarzadowych-zary-17-02-2020-r\/","article:published_time":"2020-02-10T08:33:43+00:00","article:modified_time":"2020-02-28T14:32:59+00:00","article:publisher":"https:\/\/facebook.com\/Tuplicki Biuletyn Informacyjny","twitter:card":"summary_large_image","twitter:title":"Spotkanie informacyjne dla organizacji pozarz\u0105dowych \u2013 \u017bary, 17.02.2020 r. - Gmina Tuplice","twitter:description":"[et_pb_section fb_built=\u201d1\u2033 _builder_version=\u201d3.22\u2033][et_pb_row _builder_version=\u201d3.25\u2033 background_size=\u201dinitial\u201d background_position=\u201dtop_left\u201d background_repeat=\u201drepeat\u201d][et_pb_column type=\u201d4_4\u2033 _builder_version=\u201d3.25\u2033 custom_padding=\u201d|||\u201d custom_padding__hover=\u201d|||\u201d][et_pb_text _builder_version=\u201d3.27.4\u2033 background_size=\u201dinitial\u201d background_position=\u201dtop_left\u201d background_repeat=\u201drepeat\u201d]Pracownicy G\u0142\u00f3wnego Punktu Informacyjnego Funduszy Europejskich w Zielonej G\u00f3rze i Departamentu Infrastruktury Spo\u0142ecznej, zapraszaj\u0105 na spotkanie informacyjne dla organizacji pozarz\u0105dowych. Spotkanie odb\u0119dzie si\u0119 17 lutego 2020 r. w \u017barach. O spotkaniu Na spotkaniu dowiesz si\u0119, jak zdoby\u0107 wsparcie na dzia\u0142ania organizacji"},"aioseo_meta_data":{"post_id":"3229","title":null,"description":null,"keywords":null,"keyphrases":null,"primary_term":null,"canonical_url":null,"og_title":null,"og_description":null,"og_object_type":"default","og_image_type":"default","og_image_url":null,"og_image_width":null,"og_image_height":null,"og_image_custom_url":null,"og_image_custom_fields":null,"og_video":null,"og_custom_url":null,"og_article_section":null,"og_article_tags":null,"twitter_use_og":false,"twitter_card":"default","twitter_image_type":"default","twitter_image_url":null,"twitter_image_custom_url":null,"twitter_image_custom_fields":null,"twitter_title":null,"twitter_description":null,"schema":{"blockGraphs":[],"customGraphs":[],"default":{"data":{"Article":[],"Course":[],"Dataset":[],"FAQPage":[],"Movie":[],"Person":[],"Product":[],"ProductReview":[],"Car":[],"Recipe":[],"Service":[],"SoftwareApplication":[],"WebPage":[]},"graphName":"","isEnabled":true},"graphs":[]},"schema_type":"default","schema_type_options":null,"pillar_content":false,"robots_default":true,"robots_noindex":false,"robots_noarchive":false,"robots_nosnippet":false,"robots_nofollow":false,"robots_noimageindex":false,"robots_noodp":false,"robots_notranslate":false,"robots_max_snippet":null,"robots_max_videopreview":null,"robots_max_imagepreview":"large","priority":null,"frequency":null,"local_seo":null,"breadcrumb_settings":null,"limit_modified_date":false,"ai":null,"created":"2025-07-22 23:28:06","updated":"2025-07-22 23:28:06","seo_analyzer_scan_date":null},"aioseo_breadcrumb":"<div class=\"aioseo-breadcrumbs\"><span class=\"aioseo-breadcrumb\">\n\t\t\t<a href=\"https:\/\/tuplice.pl\" title=\"Home\">Home<\/a>\n\t\t<\/span><span class=\"aioseo-breadcrumb-separator\">&raquo;<\/span><span class=\"aioseo-breadcrumb\">\n\t\t\t<a href=\"https:\/\/tuplice.pl\/index.php\/category\/aktualnosci\/\" title=\"Aktualno\u015bci\">Aktualno\u015bci<\/a>\n\t\t<\/span><span class=\"aioseo-breadcrumb-separator\">&raquo;<\/span><span class=\"aioseo-breadcrumb\">\n\t\t\tSpotkanie informacyjne dla organizacji pozarz\u0105dowych \u2013 \u017bary, 17.02.2020 r.\n\t\t<\/span><\/div>","aioseo_breadcrumb_json":[{"label":"Home","link":"https:\/\/tuplice.pl"},{"label":"Aktualno\u015bci","link":"https:\/\/tuplice.pl\/index.php\/category\/aktualnosci\/"},{"label":"Spotkanie informacyjne dla organizacji pozarz\u0105dowych \u2013 \u017bary, 17.02.2020 r.","link":"https:\/\/tuplice.pl\/index.php\/2020\/02\/10\/spotkanie-informacyjne-dla-organizacji-pozarzadowych-zary-17-02-2020-r\/"}],"a3_pvc":{"activated":false,"total_views":0,"today_views":0},"_links":{"self":[{"href":"https:\/\/tuplice.pl\/index.php\/wp-json\/wp\/v2\/posts\/3229"}],"collection":[{"href":"https:\/\/tuplice.pl\/index.php\/wp-json\/wp\/v2\/posts"}],"about":[{"href":"https:\/\/tuplice.pl\/index.php\/wp-json\/wp\/v2\/types\/post"}],"author":[{"embeddable":true,"href":"https:\/\/tuplice.pl\/index.php\/wp-json\/wp\/v2\/users\/3"}],"replies":[{"embeddable":true,"href":"https:\/\/tuplice.pl\/index.php\/wp-json\/wp\/v2\/comments?post=3229"}],"version-history":[{"count":2,"href":"https:\/\/tuplice.pl\/index.php\/wp-json\/wp\/v2\/posts\/3229\/revisions"}],"predecessor-version":[{"id":3535,"href":"https:\/\/tuplice.pl\/index.php\/wp-json\/wp\/v2\/posts\/3229\/revisions\/3535"}],"wp:featuredmedia":[{"embeddable":true,"href":"https:\/\/tuplice.pl\/index.php\/wp-json\/wp\/v2\/media\/3534"}],"wp:attachment":[{"href":"https:\/\/tuplice.pl\/index.php\/wp-json\/wp\/v2\/media?parent=3229"}],"wp:term":[{"taxonomy":"category","embeddable":true,"href":"https:\/\/tuplice.pl\/index.php\/wp-json\/wp\/v2\/categories?post=3229"},{"taxonomy":"post_tag","embeddable":true,"href":"https:\/\/tuplice.pl\/index.php\/wp-json\/wp\/v2\/tags?post=3229"}],"curies":[{"name":"wp","href":"https:\/\/api.w.org\/{rel}","templated":true}]}}