{"id":3735,"date":"2020-03-11T14:03:59","date_gmt":"2020-03-11T13:03:59","guid":{"rendered":"http:\/\/tuplice.pl\/?p=3735"},"modified":"2020-03-11T14:14:14","modified_gmt":"2020-03-11T13:14:14","slug":"uwaga-zamkniecie-placowek-oswiatowych","status":"publish","type":"post","link":"https:\/\/tuplice.pl\/index.php\/2020\/03\/11\/uwaga-zamkniecie-placowek-oswiatowych\/","title":{"rendered":"Uwaga !!! Zamkni\u0119cie plac\u00f3wek o\u015bwiatowych"},"content":{"rendered":"<p>[et_pb_section admin_label=&#8221;section&#8221;]<br \/>\n\t\t\t[et_pb_row admin_label=&#8221;row&#8221;]<br \/>\n\t\t\t\t[et_pb_column type=&#8221;4_4&#8243;][et_pb_text admin_label=&#8221;Text&#8221;]<\/p>\n<p style=\"text-align: center;\">\n<h3 style=\"text-align: center;\">Dzia\u0142ania te wynikaj\u0105 z konieczno\u015bci zapobiegania rozprzestrzenianiu si\u0119 koronawirusa.<\/p>\n<p>W zwi\u0105zku z decyzj\u0105 Premiera Mateusza Morawieckiego zaj\u0119cia w przedszkolach i w szko\u0142ach b\u0119d\u0105 odwo\u0142ane od 12 marca, a od 16 marca do 25 marca plac\u00f3wki b\u0119d\u0105 zamkni\u0119te. W dniach 12-13 marca plac\u00f3wki b\u0119d\u0105 pe\u0142ni\u0107 funkcj\u0119 opieku\u0144cz\u0105, ale tylko w szczeg\u00f3lnych wypadkach, kiedy rodzice nie b\u0119d\u0105 mogli zapewni\u0107 opieki swoim ma\u0142ym dzieciom.<br \/>\nPami\u0119tajmy, \u017ce jest to okres kwarantanny naszego spo\u0142ecze\u0144stwa, kt\u00f3ry powinni\u015bmy sp\u0119dza\u0107 w domu. Prosimy Pa\u0144stwa o rozwag\u0119 i odpowiedzialno\u015b\u0107<\/h3>\n<p>&nbsp;<\/p>\n<p>&nbsp;[\/et_pb_text][\/et_pb_column]<br \/>\n\t\t\t[\/et_pb_row]<br \/>\n\t\t[\/et_pb_section]<\/p>\n","protected":false},"excerpt":{"rendered":"<p>[et_pb_section admin_label=&#8221;section&#8221;] [et_pb_row admin_label=&#8221;row&#8221;] [et_pb_column type=&#8221;4_4&#8243;][et_pb_text admin_label=&#8221;Text&#8221;] Dzia\u0142ania te wynikaj\u0105 z konieczno\u015bci zapobiegania rozprzestrzenianiu si\u0119 koronawirusa. W zwi\u0105zku z decyzj\u0105 Premiera Mateusza Morawieckiego zaj\u0119cia w przedszkolach i w szko\u0142ach b\u0119d\u0105 odwo\u0142ane od 12 marca, a od 16 marca do 25 marca plac\u00f3wki b\u0119d\u0105 zamkni\u0119te. W dniach 12-13 marca plac\u00f3wki b\u0119d\u0105 pe\u0142ni\u0107 funkcj\u0119 opieku\u0144cz\u0105, ale tylko [&hellip;]<\/p>\n","protected":false},"author":1,"featured_media":3736,"comment_status":"open","ping_status":"open","sticky":false,"template":"","format":"standard","meta":{"_et_pb_use_builder":"on","_et_pb_old_content":"<p style=\"text-align: center;\"><\/p>\r\n\r\n<h3 style=\"text-align: center;\">Dzia\u0142ania te wynikaj\u0105 z konieczno\u015bci zapobiegania rozprzestrzenianiu si\u0119 koronawirusa.\r\n\r\nW zwi\u0105zku z decyzj\u0105 Premiera Mateusza Morawieckiego zaj\u0119cia w przedszkolach i w szko\u0142ach b\u0119d\u0105 odwo\u0142ane od 12 marca, a od 16 marca do 25 marca plac\u00f3wki b\u0119d\u0105 zamkni\u0119te. W dniach 12-13 marca plac\u00f3wki b\u0119d\u0105 pe\u0142ni\u0107 funkcj\u0119 opieku\u0144cz\u0105, ale tylko w szczeg\u00f3lnych wypadkach, kiedy rodzice nie b\u0119d\u0105 mogli zapewni\u0107 opieki swoim ma\u0142ym dzieciom.\r\nPami\u0119tajmy, \u017ce jest to okres kwarantanny naszego spo\u0142ecze\u0144stwa, kt\u00f3ry powinni\u015bmy sp\u0119dza\u0107 w domu. Prosimy Pa\u0144stwa o rozwag\u0119 i odpowiedzialno\u015b\u0107<\/h3>\r\n&nbsp;\r\n\r\n&nbsp;","_et_gb_content_width":"","_monsterinsights_skip_tracking":false},"categories":[82],"tags":[],"aioseo_notices":[],"aioseo_head":"\n\t\t<!-- All in One SEO 4.9.10 - aioseo.com -->\n\t<meta name=\"description\" content=\"[et_pb_section admin_label=\u201dsection\u201d] [et_pb_row admin_label=\u201drow\u201d] [et_pb_column type=\u201d4_4\u2033][et_pb_text admin_label=\u201dText\u201d] Dzia\u0142ania te wynikaj\u0105 z konieczno\u015bci zapobiegania rozprzestrzenianiu si\u0119 koronawirusa. W zwi\u0105zku z decyzj\u0105 Premiera Mateusza Morawieckiego zaj\u0119cia w przedszkolach i w szko\u0142ach b\u0119d\u0105 odwo\u0142ane od 12 marca, a od 16 marca do 25 marca plac\u00f3wki b\u0119d\u0105 zamkni\u0119te. W dniach 12-13 marca plac\u00f3wki b\u0119d\u0105 pe\u0142ni\u0107 funkcj\u0119 opieku\u0144cz\u0105, ale tylko\" \/>\n\t<meta name=\"robots\" content=\"max-image-preview:large\" \/>\n\t<meta name=\"author\" content=\"koniekt\"\/>\n\t<link rel=\"canonical\" href=\"https:\/\/tuplice.pl\/index.php\/2020\/03\/11\/uwaga-zamkniecie-placowek-oswiatowych\/\" \/>\n\t<meta name=\"generator\" content=\"All in One SEO (AIOSEO) 4.9.10\" \/>\n\t\t<meta property=\"og:locale\" content=\"pl_PL\" \/>\n\t\t<meta property=\"og:site_name\" content=\"Gmina Tuplice - Strona Gminy Tuplice\" \/>\n\t\t<meta property=\"og:type\" content=\"article\" \/>\n\t\t<meta property=\"og:title\" content=\"Uwaga !!! Zamkni\u0119cie plac\u00f3wek o\u015bwiatowych - Gmina Tuplice\" \/>\n\t\t<meta property=\"og:description\" content=\"[et_pb_section admin_label=\u201dsection\u201d] [et_pb_row admin_label=\u201drow\u201d] [et_pb_column type=\u201d4_4\u2033][et_pb_text admin_label=\u201dText\u201d] Dzia\u0142ania te wynikaj\u0105 z konieczno\u015bci zapobiegania rozprzestrzenianiu si\u0119 koronawirusa. W zwi\u0105zku z decyzj\u0105 Premiera Mateusza Morawieckiego zaj\u0119cia w przedszkolach i w szko\u0142ach b\u0119d\u0105 odwo\u0142ane od 12 marca, a od 16 marca do 25 marca plac\u00f3wki b\u0119d\u0105 zamkni\u0119te. W dniach 12-13 marca plac\u00f3wki b\u0119d\u0105 pe\u0142ni\u0107 funkcj\u0119 opieku\u0144cz\u0105, ale tylko\" \/>\n\t\t<meta property=\"og:url\" content=\"https:\/\/tuplice.pl\/index.php\/2020\/03\/11\/uwaga-zamkniecie-placowek-oswiatowych\/\" \/>\n\t\t<meta property=\"article:published_time\" content=\"2020-03-11T13:03:59+00:00\" \/>\n\t\t<meta property=\"article:modified_time\" content=\"2020-03-11T13:14:14+00:00\" \/>\n\t\t<meta property=\"article:publisher\" content=\"https:\/\/facebook.com\/Tuplicki Biuletyn Informacyjny\" \/>\n\t\t<meta name=\"twitter:card\" content=\"summary_large_image\" \/>\n\t\t<meta name=\"twitter:title\" content=\"Uwaga !!! Zamkni\u0119cie plac\u00f3wek o\u015bwiatowych - Gmina Tuplice\" \/>\n\t\t<meta name=\"twitter:description\" content=\"[et_pb_section admin_label=\u201dsection\u201d] [et_pb_row admin_label=\u201drow\u201d] [et_pb_column type=\u201d4_4\u2033][et_pb_text admin_label=\u201dText\u201d] Dzia\u0142ania te wynikaj\u0105 z konieczno\u015bci zapobiegania rozprzestrzenianiu si\u0119 koronawirusa. W zwi\u0105zku z decyzj\u0105 Premiera Mateusza Morawieckiego zaj\u0119cia w przedszkolach i w szko\u0142ach b\u0119d\u0105 odwo\u0142ane od 12 marca, a od 16 marca do 25 marca plac\u00f3wki b\u0119d\u0105 zamkni\u0119te. W dniach 12-13 marca plac\u00f3wki b\u0119d\u0105 pe\u0142ni\u0107 funkcj\u0119 opieku\u0144cz\u0105, ale tylko\" \/>\n\t\t<script type=\"application\/ld+json\" class=\"aioseo-schema\">\n\t\t\t{\"@context\":\"https:\\\/\\\/schema.org\",\"@graph\":[{\"@type\":\"BlogPosting\",\"@id\":\"https:\\\/\\\/tuplice.pl\\\/index.php\\\/2020\\\/03\\\/11\\\/uwaga-zamkniecie-placowek-oswiatowych\\\/#blogposting\",\"name\":\"Uwaga !!! Zamkni\\u0119cie plac\\u00f3wek o\\u015bwiatowych - Gmina Tuplice\",\"headline\":\"Uwaga !!! Zamkni\\u0119cie plac\\u00f3wek o\\u015bwiatowych\",\"author\":{\"@id\":\"https:\\\/\\\/tuplice.pl\\\/index.php\\\/author\\\/koniekt\\\/#author\"},\"publisher\":{\"@id\":\"https:\\\/\\\/tuplice.pl\\\/#organization\"},\"image\":{\"@type\":\"ImageObject\",\"url\":\"https:\\\/\\\/tuplice.pl\\\/wp-content\\\/uploads\\\/2020\\\/03\\\/4203389-szkola.jpg\",\"width\":900,\"height\":597},\"datePublished\":\"2020-03-11T14:03:59+01:00\",\"dateModified\":\"2020-03-11T14:14:14+01:00\",\"inLanguage\":\"pl-PL\",\"mainEntityOfPage\":{\"@id\":\"https:\\\/\\\/tuplice.pl\\\/index.php\\\/2020\\\/03\\\/11\\\/uwaga-zamkniecie-placowek-oswiatowych\\\/#webpage\"},\"isPartOf\":{\"@id\":\"https:\\\/\\\/tuplice.pl\\\/index.php\\\/2020\\\/03\\\/11\\\/uwaga-zamkniecie-placowek-oswiatowych\\\/#webpage\"},\"articleSection\":\"Aktualno\\u015bci\"},{\"@type\":\"BreadcrumbList\",\"@id\":\"https:\\\/\\\/tuplice.pl\\\/index.php\\\/2020\\\/03\\\/11\\\/uwaga-zamkniecie-placowek-oswiatowych\\\/#breadcrumblist\",\"itemListElement\":[{\"@type\":\"ListItem\",\"@id\":\"https:\\\/\\\/tuplice.pl#listItem\",\"position\":1,\"name\":\"Home\",\"item\":\"https:\\\/\\\/tuplice.pl\",\"nextItem\":{\"@type\":\"ListItem\",\"@id\":\"https:\\\/\\\/tuplice.pl\\\/index.php\\\/category\\\/aktualnosci\\\/#listItem\",\"name\":\"Aktualno\\u015bci\"}},{\"@type\":\"ListItem\",\"@id\":\"https:\\\/\\\/tuplice.pl\\\/index.php\\\/category\\\/aktualnosci\\\/#listItem\",\"position\":2,\"name\":\"Aktualno\\u015bci\",\"item\":\"https:\\\/\\\/tuplice.pl\\\/index.php\\\/category\\\/aktualnosci\\\/\",\"nextItem\":{\"@type\":\"ListItem\",\"@id\":\"https:\\\/\\\/tuplice.pl\\\/index.php\\\/2020\\\/03\\\/11\\\/uwaga-zamkniecie-placowek-oswiatowych\\\/#listItem\",\"name\":\"Uwaga !!! Zamkni\\u0119cie plac\\u00f3wek o\\u015bwiatowych\"},\"previousItem\":{\"@type\":\"ListItem\",\"@id\":\"https:\\\/\\\/tuplice.pl#listItem\",\"name\":\"Home\"}},{\"@type\":\"ListItem\",\"@id\":\"https:\\\/\\\/tuplice.pl\\\/index.php\\\/2020\\\/03\\\/11\\\/uwaga-zamkniecie-placowek-oswiatowych\\\/#listItem\",\"position\":3,\"name\":\"Uwaga !!! Zamkni\\u0119cie plac\\u00f3wek o\\u015bwiatowych\",\"previousItem\":{\"@type\":\"ListItem\",\"@id\":\"https:\\\/\\\/tuplice.pl\\\/index.php\\\/category\\\/aktualnosci\\\/#listItem\",\"name\":\"Aktualno\\u015bci\"}}]},{\"@type\":\"Organization\",\"@id\":\"https:\\\/\\\/tuplice.pl\\\/#organization\",\"name\":\"Gmina Tuplice Gmina Tuplice\",\"description\":\"Strona Gminy Tuplice Strona Urz\\u0119du Gminy Tuplice\",\"url\":\"https:\\\/\\\/tuplice.pl\\\/\",\"telephone\":\"+48683625720\",\"logo\":{\"@type\":\"ImageObject\",\"url\":\"https:\\\/\\\/tuplice.pl\\\/wp-content\\\/uploads\\\/2025\\\/07\\\/images.png\",\"@id\":\"https:\\\/\\\/tuplice.pl\\\/index.php\\\/2020\\\/03\\\/11\\\/uwaga-zamkniecie-placowek-oswiatowych\\\/#organizationLogo\",\"width\":282,\"height\":179},\"image\":{\"@id\":\"https:\\\/\\\/tuplice.pl\\\/index.php\\\/2020\\\/03\\\/11\\\/uwaga-zamkniecie-placowek-oswiatowych\\\/#organizationLogo\"},\"sameAs\":[\"https:\\\/\\\/facebook.com\\\/Tuplicki Biuletyn Informacyjny\",\"https:\\\/\\\/pinterest.com\\\/Tuplicki Biuletyn Informacyjny\",\"https:\\\/\\\/youtube.com\\\/Tuplicki Biuletyn Informacyjny\"]},{\"@type\":\"Person\",\"@id\":\"https:\\\/\\\/tuplice.pl\\\/index.php\\\/author\\\/koniekt\\\/#author\",\"url\":\"https:\\\/\\\/tuplice.pl\\\/index.php\\\/author\\\/koniekt\\\/\",\"name\":\"koniekt\",\"image\":{\"@type\":\"ImageObject\",\"@id\":\"https:\\\/\\\/tuplice.pl\\\/index.php\\\/2020\\\/03\\\/11\\\/uwaga-zamkniecie-placowek-oswiatowych\\\/#authorImage\",\"url\":\"https:\\\/\\\/secure.gravatar.com\\\/avatar\\\/3f87aae64e81471e1be15c23c2d20321?s=96&d=mm&r=g\",\"width\":96,\"height\":96,\"caption\":\"koniekt\"}},{\"@type\":\"WebPage\",\"@id\":\"https:\\\/\\\/tuplice.pl\\\/index.php\\\/2020\\\/03\\\/11\\\/uwaga-zamkniecie-placowek-oswiatowych\\\/#webpage\",\"url\":\"https:\\\/\\\/tuplice.pl\\\/index.php\\\/2020\\\/03\\\/11\\\/uwaga-zamkniecie-placowek-oswiatowych\\\/\",\"name\":\"Uwaga !!! Zamkni\\u0119cie plac\\u00f3wek o\\u015bwiatowych - Gmina Tuplice\",\"description\":\"[et_pb_section admin_label=\\u201dsection\\u201d] [et_pb_row admin_label=\\u201drow\\u201d] [et_pb_column type=\\u201d4_4\\u2033][et_pb_text admin_label=\\u201dText\\u201d] Dzia\\u0142ania te wynikaj\\u0105 z konieczno\\u015bci zapobiegania rozprzestrzenianiu si\\u0119 koronawirusa. W zwi\\u0105zku z decyzj\\u0105 Premiera Mateusza Morawieckiego zaj\\u0119cia w przedszkolach i w szko\\u0142ach b\\u0119d\\u0105 odwo\\u0142ane od 12 marca, a od 16 marca do 25 marca plac\\u00f3wki b\\u0119d\\u0105 zamkni\\u0119te. W dniach 12-13 marca plac\\u00f3wki b\\u0119d\\u0105 pe\\u0142ni\\u0107 funkcj\\u0119 opieku\\u0144cz\\u0105, ale tylko\",\"inLanguage\":\"pl-PL\",\"isPartOf\":{\"@id\":\"https:\\\/\\\/tuplice.pl\\\/#website\"},\"breadcrumb\":{\"@id\":\"https:\\\/\\\/tuplice.pl\\\/index.php\\\/2020\\\/03\\\/11\\\/uwaga-zamkniecie-placowek-oswiatowych\\\/#breadcrumblist\"},\"author\":{\"@id\":\"https:\\\/\\\/tuplice.pl\\\/index.php\\\/author\\\/koniekt\\\/#author\"},\"creator\":{\"@id\":\"https:\\\/\\\/tuplice.pl\\\/index.php\\\/author\\\/koniekt\\\/#author\"},\"image\":{\"@type\":\"ImageObject\",\"url\":\"https:\\\/\\\/tuplice.pl\\\/wp-content\\\/uploads\\\/2020\\\/03\\\/4203389-szkola.jpg\",\"@id\":\"https:\\\/\\\/tuplice.pl\\\/index.php\\\/2020\\\/03\\\/11\\\/uwaga-zamkniecie-placowek-oswiatowych\\\/#mainImage\",\"width\":900,\"height\":597},\"primaryImageOfPage\":{\"@id\":\"https:\\\/\\\/tuplice.pl\\\/index.php\\\/2020\\\/03\\\/11\\\/uwaga-zamkniecie-placowek-oswiatowych\\\/#mainImage\"},\"datePublished\":\"2020-03-11T14:03:59+01:00\",\"dateModified\":\"2020-03-11T14:14:14+01:00\"},{\"@type\":\"WebSite\",\"@id\":\"https:\\\/\\\/tuplice.pl\\\/#website\",\"url\":\"https:\\\/\\\/tuplice.pl\\\/\",\"name\":\"Gmina Tuplice\",\"description\":\"Strona Gminy Tuplice\",\"inLanguage\":\"pl-PL\",\"publisher\":{\"@id\":\"https:\\\/\\\/tuplice.pl\\\/#organization\"}}]}\n\t\t<\/script>\n\t\t<!-- All in One SEO -->\n\n","aioseo_head_json":{"title":"Uwaga !!! Zamkni\u0119cie plac\u00f3wek o\u015bwiatowych - Gmina Tuplice","description":"[et_pb_section admin_label=\u201dsection\u201d] [et_pb_row admin_label=\u201drow\u201d] [et_pb_column type=\u201d4_4\u2033][et_pb_text admin_label=\u201dText\u201d] Dzia\u0142ania te wynikaj\u0105 z konieczno\u015bci zapobiegania rozprzestrzenianiu si\u0119 koronawirusa. W zwi\u0105zku z decyzj\u0105 Premiera Mateusza Morawieckiego zaj\u0119cia w przedszkolach i w szko\u0142ach b\u0119d\u0105 odwo\u0142ane od 12 marca, a od 16 marca do 25 marca plac\u00f3wki b\u0119d\u0105 zamkni\u0119te. W dniach 12-13 marca plac\u00f3wki b\u0119d\u0105 pe\u0142ni\u0107 funkcj\u0119 opieku\u0144cz\u0105, ale tylko","canonical_url":"https:\/\/tuplice.pl\/index.php\/2020\/03\/11\/uwaga-zamkniecie-placowek-oswiatowych\/","robots":"max-image-preview:large","keywords":"","webmasterTools":{"miscellaneous":""},"schema":{"@context":"https:\/\/schema.org","@graph":[{"@type":"BlogPosting","@id":"https:\/\/tuplice.pl\/index.php\/2020\/03\/11\/uwaga-zamkniecie-placowek-oswiatowych\/#blogposting","name":"Uwaga !!! Zamkni\u0119cie plac\u00f3wek o\u015bwiatowych - Gmina Tuplice","headline":"Uwaga !!! Zamkni\u0119cie plac\u00f3wek o\u015bwiatowych","author":{"@id":"https:\/\/tuplice.pl\/index.php\/author\/koniekt\/#author"},"publisher":{"@id":"https:\/\/tuplice.pl\/#organization"},"image":{"@type":"ImageObject","url":"https:\/\/tuplice.pl\/wp-content\/uploads\/2020\/03\/4203389-szkola.jpg","width":900,"height":597},"datePublished":"2020-03-11T14:03:59+01:00","dateModified":"2020-03-11T14:14:14+01:00","inLanguage":"pl-PL","mainEntityOfPage":{"@id":"https:\/\/tuplice.pl\/index.php\/2020\/03\/11\/uwaga-zamkniecie-placowek-oswiatowych\/#webpage"},"isPartOf":{"@id":"https:\/\/tuplice.pl\/index.php\/2020\/03\/11\/uwaga-zamkniecie-placowek-oswiatowych\/#webpage"},"articleSection":"Aktualno\u015bci"},{"@type":"BreadcrumbList","@id":"https:\/\/tuplice.pl\/index.php\/2020\/03\/11\/uwaga-zamkniecie-placowek-oswiatowych\/#breadcrumblist","itemListElement":[{"@type":"ListItem","@id":"https:\/\/tuplice.pl#listItem","position":1,"name":"Home","item":"https:\/\/tuplice.pl","nextItem":{"@type":"ListItem","@id":"https:\/\/tuplice.pl\/index.php\/category\/aktualnosci\/#listItem","name":"Aktualno\u015bci"}},{"@type":"ListItem","@id":"https:\/\/tuplice.pl\/index.php\/category\/aktualnosci\/#listItem","position":2,"name":"Aktualno\u015bci","item":"https:\/\/tuplice.pl\/index.php\/category\/aktualnosci\/","nextItem":{"@type":"ListItem","@id":"https:\/\/tuplice.pl\/index.php\/2020\/03\/11\/uwaga-zamkniecie-placowek-oswiatowych\/#listItem","name":"Uwaga !!! Zamkni\u0119cie plac\u00f3wek o\u015bwiatowych"},"previousItem":{"@type":"ListItem","@id":"https:\/\/tuplice.pl#listItem","name":"Home"}},{"@type":"ListItem","@id":"https:\/\/tuplice.pl\/index.php\/2020\/03\/11\/uwaga-zamkniecie-placowek-oswiatowych\/#listItem","position":3,"name":"Uwaga !!! Zamkni\u0119cie plac\u00f3wek o\u015bwiatowych","previousItem":{"@type":"ListItem","@id":"https:\/\/tuplice.pl\/index.php\/category\/aktualnosci\/#listItem","name":"Aktualno\u015bci"}}]},{"@type":"Organization","@id":"https:\/\/tuplice.pl\/#organization","name":"Gmina Tuplice Gmina Tuplice","description":"Strona Gminy Tuplice Strona Urz\u0119du Gminy Tuplice","url":"https:\/\/tuplice.pl\/","telephone":"+48683625720","logo":{"@type":"ImageObject","url":"https:\/\/tuplice.pl\/wp-content\/uploads\/2025\/07\/images.png","@id":"https:\/\/tuplice.pl\/index.php\/2020\/03\/11\/uwaga-zamkniecie-placowek-oswiatowych\/#organizationLogo","width":282,"height":179},"image":{"@id":"https:\/\/tuplice.pl\/index.php\/2020\/03\/11\/uwaga-zamkniecie-placowek-oswiatowych\/#organizationLogo"},"sameAs":["https:\/\/facebook.com\/Tuplicki Biuletyn Informacyjny","https:\/\/pinterest.com\/Tuplicki Biuletyn Informacyjny","https:\/\/youtube.com\/Tuplicki Biuletyn Informacyjny"]},{"@type":"Person","@id":"https:\/\/tuplice.pl\/index.php\/author\/koniekt\/#author","url":"https:\/\/tuplice.pl\/index.php\/author\/koniekt\/","name":"koniekt","image":{"@type":"ImageObject","@id":"https:\/\/tuplice.pl\/index.php\/2020\/03\/11\/uwaga-zamkniecie-placowek-oswiatowych\/#authorImage","url":"https:\/\/secure.gravatar.com\/avatar\/3f87aae64e81471e1be15c23c2d20321?s=96&d=mm&r=g","width":96,"height":96,"caption":"koniekt"}},{"@type":"WebPage","@id":"https:\/\/tuplice.pl\/index.php\/2020\/03\/11\/uwaga-zamkniecie-placowek-oswiatowych\/#webpage","url":"https:\/\/tuplice.pl\/index.php\/2020\/03\/11\/uwaga-zamkniecie-placowek-oswiatowych\/","name":"Uwaga !!! Zamkni\u0119cie plac\u00f3wek o\u015bwiatowych - Gmina Tuplice","description":"[et_pb_section admin_label=\u201dsection\u201d] [et_pb_row admin_label=\u201drow\u201d] [et_pb_column type=\u201d4_4\u2033][et_pb_text admin_label=\u201dText\u201d] Dzia\u0142ania te wynikaj\u0105 z konieczno\u015bci zapobiegania rozprzestrzenianiu si\u0119 koronawirusa. W zwi\u0105zku z decyzj\u0105 Premiera Mateusza Morawieckiego zaj\u0119cia w przedszkolach i w szko\u0142ach b\u0119d\u0105 odwo\u0142ane od 12 marca, a od 16 marca do 25 marca plac\u00f3wki b\u0119d\u0105 zamkni\u0119te. W dniach 12-13 marca plac\u00f3wki b\u0119d\u0105 pe\u0142ni\u0107 funkcj\u0119 opieku\u0144cz\u0105, ale tylko","inLanguage":"pl-PL","isPartOf":{"@id":"https:\/\/tuplice.pl\/#website"},"breadcrumb":{"@id":"https:\/\/tuplice.pl\/index.php\/2020\/03\/11\/uwaga-zamkniecie-placowek-oswiatowych\/#breadcrumblist"},"author":{"@id":"https:\/\/tuplice.pl\/index.php\/author\/koniekt\/#author"},"creator":{"@id":"https:\/\/tuplice.pl\/index.php\/author\/koniekt\/#author"},"image":{"@type":"ImageObject","url":"https:\/\/tuplice.pl\/wp-content\/uploads\/2020\/03\/4203389-szkola.jpg","@id":"https:\/\/tuplice.pl\/index.php\/2020\/03\/11\/uwaga-zamkniecie-placowek-oswiatowych\/#mainImage","width":900,"height":597},"primaryImageOfPage":{"@id":"https:\/\/tuplice.pl\/index.php\/2020\/03\/11\/uwaga-zamkniecie-placowek-oswiatowych\/#mainImage"},"datePublished":"2020-03-11T14:03:59+01:00","dateModified":"2020-03-11T14:14:14+01:00"},{"@type":"WebSite","@id":"https:\/\/tuplice.pl\/#website","url":"https:\/\/tuplice.pl\/","name":"Gmina Tuplice","description":"Strona Gminy Tuplice","inLanguage":"pl-PL","publisher":{"@id":"https:\/\/tuplice.pl\/#organization"}}]},"og:locale":"pl_PL","og:site_name":"Gmina Tuplice - Strona Gminy Tuplice","og:type":"article","og:title":"Uwaga !!! Zamkni\u0119cie plac\u00f3wek o\u015bwiatowych - Gmina Tuplice","og:description":"[et_pb_section admin_label=\u201dsection\u201d] [et_pb_row admin_label=\u201drow\u201d] [et_pb_column type=\u201d4_4\u2033][et_pb_text admin_label=\u201dText\u201d] Dzia\u0142ania te wynikaj\u0105 z konieczno\u015bci zapobiegania rozprzestrzenianiu si\u0119 koronawirusa. W zwi\u0105zku z decyzj\u0105 Premiera Mateusza Morawieckiego zaj\u0119cia w przedszkolach i w szko\u0142ach b\u0119d\u0105 odwo\u0142ane od 12 marca, a od 16 marca do 25 marca plac\u00f3wki b\u0119d\u0105 zamkni\u0119te. W dniach 12-13 marca plac\u00f3wki b\u0119d\u0105 pe\u0142ni\u0107 funkcj\u0119 opieku\u0144cz\u0105, ale tylko","og:url":"https:\/\/tuplice.pl\/index.php\/2020\/03\/11\/uwaga-zamkniecie-placowek-oswiatowych\/","article:published_time":"2020-03-11T13:03:59+00:00","article:modified_time":"2020-03-11T13:14:14+00:00","article:publisher":"https:\/\/facebook.com\/Tuplicki Biuletyn Informacyjny","twitter:card":"summary_large_image","twitter:title":"Uwaga !!! Zamkni\u0119cie plac\u00f3wek o\u015bwiatowych - Gmina Tuplice","twitter:description":"[et_pb_section admin_label=\u201dsection\u201d] [et_pb_row admin_label=\u201drow\u201d] [et_pb_column type=\u201d4_4\u2033][et_pb_text admin_label=\u201dText\u201d] Dzia\u0142ania te wynikaj\u0105 z konieczno\u015bci zapobiegania rozprzestrzenianiu si\u0119 koronawirusa. W zwi\u0105zku z decyzj\u0105 Premiera Mateusza Morawieckiego zaj\u0119cia w przedszkolach i w szko\u0142ach b\u0119d\u0105 odwo\u0142ane od 12 marca, a od 16 marca do 25 marca plac\u00f3wki b\u0119d\u0105 zamkni\u0119te. W dniach 12-13 marca plac\u00f3wki b\u0119d\u0105 pe\u0142ni\u0107 funkcj\u0119 opieku\u0144cz\u0105, ale tylko"},"aioseo_meta_data":{"post_id":"3735","title":null,"description":null,"keywords":null,"keyphrases":null,"primary_term":null,"canonical_url":null,"og_title":null,"og_description":null,"og_object_type":"default","og_image_type":"default","og_image_url":null,"og_image_width":null,"og_image_height":null,"og_image_custom_url":null,"og_image_custom_fields":null,"og_video":null,"og_custom_url":null,"og_article_section":null,"og_article_tags":null,"twitter_use_og":false,"twitter_card":"default","twitter_image_type":"default","twitter_image_url":null,"twitter_image_custom_url":null,"twitter_image_custom_fields":null,"twitter_title":null,"twitter_description":null,"schema":{"blockGraphs":[],"customGraphs":[],"default":{"data":{"Article":[],"Course":[],"Dataset":[],"FAQPage":[],"Movie":[],"Person":[],"Product":[],"ProductReview":[],"Car":[],"Recipe":[],"Service":[],"SoftwareApplication":[],"WebPage":[]},"graphName":"","isEnabled":true},"graphs":[]},"schema_type":"default","schema_type_options":null,"pillar_content":false,"robots_default":true,"robots_noindex":false,"robots_noarchive":false,"robots_nosnippet":false,"robots_nofollow":false,"robots_noimageindex":false,"robots_noodp":false,"robots_notranslate":false,"robots_max_snippet":null,"robots_max_videopreview":null,"robots_max_imagepreview":"large","priority":null,"frequency":null,"local_seo":null,"breadcrumb_settings":null,"limit_modified_date":false,"ai":null,"created":"2025-07-22 23:32:35","updated":"2025-07-22 23:32:35","seo_analyzer_scan_date":null},"aioseo_breadcrumb":"<div class=\"aioseo-breadcrumbs\"><span class=\"aioseo-breadcrumb\">\n\t\t\t<a href=\"https:\/\/tuplice.pl\" title=\"Home\">Home<\/a>\n\t\t<\/span><span class=\"aioseo-breadcrumb-separator\">&raquo;<\/span><span class=\"aioseo-breadcrumb\">\n\t\t\t<a href=\"https:\/\/tuplice.pl\/index.php\/category\/aktualnosci\/\" title=\"Aktualno\u015bci\">Aktualno\u015bci<\/a>\n\t\t<\/span><span class=\"aioseo-breadcrumb-separator\">&raquo;<\/span><span class=\"aioseo-breadcrumb\">\n\t\t\tUwaga !!! Zamkni\u0119cie plac\u00f3wek o\u015bwiatowych\n\t\t<\/span><\/div>","aioseo_breadcrumb_json":[{"label":"Home","link":"https:\/\/tuplice.pl"},{"label":"Aktualno\u015bci","link":"https:\/\/tuplice.pl\/index.php\/category\/aktualnosci\/"},{"label":"Uwaga !!! Zamkni\u0119cie plac\u00f3wek o\u015bwiatowych","link":"https:\/\/tuplice.pl\/index.php\/2020\/03\/11\/uwaga-zamkniecie-placowek-oswiatowych\/"}],"a3_pvc":{"activated":false,"total_views":0,"today_views":0},"_links":{"self":[{"href":"https:\/\/tuplice.pl\/index.php\/wp-json\/wp\/v2\/posts\/3735"}],"collection":[{"href":"https:\/\/tuplice.pl\/index.php\/wp-json\/wp\/v2\/posts"}],"about":[{"href":"https:\/\/tuplice.pl\/index.php\/wp-json\/wp\/v2\/types\/post"}],"author":[{"embeddable":true,"href":"https:\/\/tuplice.pl\/index.php\/wp-json\/wp\/v2\/users\/1"}],"replies":[{"embeddable":true,"href":"https:\/\/tuplice.pl\/index.php\/wp-json\/wp\/v2\/comments?post=3735"}],"version-history":[{"count":2,"href":"https:\/\/tuplice.pl\/index.php\/wp-json\/wp\/v2\/posts\/3735\/revisions"}],"predecessor-version":[{"id":3746,"href":"https:\/\/tuplice.pl\/index.php\/wp-json\/wp\/v2\/posts\/3735\/revisions\/3746"}],"wp:featuredmedia":[{"embeddable":true,"href":"https:\/\/tuplice.pl\/index.php\/wp-json\/wp\/v2\/media\/3736"}],"wp:attachment":[{"href":"https:\/\/tuplice.pl\/index.php\/wp-json\/wp\/v2\/media?parent=3735"}],"wp:term":[{"taxonomy":"category","embeddable":true,"href":"https:\/\/tuplice.pl\/index.php\/wp-json\/wp\/v2\/categories?post=3735"},{"taxonomy":"post_tag","embeddable":true,"href":"https:\/\/tuplice.pl\/index.php\/wp-json\/wp\/v2\/tags?post=3735"}],"curies":[{"name":"wp","href":"https:\/\/api.w.org\/{rel}","templated":true}]}}