{"id":3757,"date":"2020-03-12T11:51:25","date_gmt":"2020-03-12T10:51:25","guid":{"rendered":"http:\/\/tuplice.pl\/?p=3757"},"modified":"2020-03-24T13:15:14","modified_gmt":"2020-03-24T12:15:14","slug":"wazny-komunikat-wojta-gminy-tuplice","status":"publish","type":"post","link":"https:\/\/tuplice.pl\/index.php\/2020\/03\/12\/wazny-komunikat-wojta-gminy-tuplice\/","title":{"rendered":"WA\u017bNY KOMUNIKAT W\u00d3JTA GMINY TUPLICE !"},"content":{"rendered":"<p><img decoding=\"async\" loading=\"lazy\" class=\"aligncenter size-large wp-image-3760\" src=\"https:\/\/tuplice.pl\/wp-content\/uploads\/2020\/03\/KOMUNIKAT-NR-1-W\u00d3JTA-GMINY-TUPLICE-1-724x1024.jpg\" alt=\"\" width=\"724\" height=\"1024\" srcset=\"https:\/\/tuplice.pl\/wp-content\/uploads\/2020\/03\/KOMUNIKAT-NR-1-W\u00d3JTA-GMINY-TUPLICE-1-724x1024.jpg 724w, https:\/\/tuplice.pl\/wp-content\/uploads\/2020\/03\/KOMUNIKAT-NR-1-W\u00d3JTA-GMINY-TUPLICE-1-212x300.jpg 212w, https:\/\/tuplice.pl\/wp-content\/uploads\/2020\/03\/KOMUNIKAT-NR-1-W\u00d3JTA-GMINY-TUPLICE-1-768x1086.jpg 768w, https:\/\/tuplice.pl\/wp-content\/uploads\/2020\/03\/KOMUNIKAT-NR-1-W\u00d3JTA-GMINY-TUPLICE-1-1086x1536.jpg 1086w, https:\/\/tuplice.pl\/wp-content\/uploads\/2020\/03\/KOMUNIKAT-NR-1-W\u00d3JTA-GMINY-TUPLICE-1-1448x2048.jpg 1448w, https:\/\/tuplice.pl\/wp-content\/uploads\/2020\/03\/KOMUNIKAT-NR-1-W\u00d3JTA-GMINY-TUPLICE-1-1080x1527.jpg 1080w, https:\/\/tuplice.pl\/wp-content\/uploads\/2020\/03\/KOMUNIKAT-NR-1-W\u00d3JTA-GMINY-TUPLICE-1-1280x1810.jpg 1280w, https:\/\/tuplice.pl\/wp-content\/uploads\/2020\/03\/KOMUNIKAT-NR-1-W\u00d3JTA-GMINY-TUPLICE-1-980x1386.jpg 980w, https:\/\/tuplice.pl\/wp-content\/uploads\/2020\/03\/KOMUNIKAT-NR-1-W\u00d3JTA-GMINY-TUPLICE-1-480x679.jpg 480w, https:\/\/tuplice.pl\/wp-content\/uploads\/2020\/03\/KOMUNIKAT-NR-1-W\u00d3JTA-GMINY-TUPLICE-1.jpg 1654w\" sizes=\"(max-width: 724px) 100vw, 724px\" \/><\/p>\n","protected":false},"excerpt":{"rendered":"<p>Szanowni Pa\u0144stwo,<br \/>\nW zwi\u0105zku z ryzykiem epidemiologicznym wynikaj\u0105cym z faktu rozprzestrzeniania si\u0119 koronawirusa, w trosce o zdrowie Pa\u0144stwa oraz naszych pracownik\u00f3w zwracam, si\u0119 z pro\u015bb\u0105 o ograniczenie do niezb\u0119dnego minimum wizyt w naszym urz\u0119dzie.<br \/>\nOd pi\u0105tku, tj. 13 marca br. wszelkie sprawy za\u0142atwiane b\u0119d\u0105 tylko i wy\u0142\u0105cznie w okienku kasowym (wej\u015bcie bezpo\u015brednie z dworu).<\/p>\n","protected":false},"author":1,"featured_media":3758,"comment_status":"open","ping_status":"open","sticky":false,"template":"","format":"standard","meta":{"_et_pb_use_builder":"","_et_pb_old_content":"","_et_gb_content_width":"","_monsterinsights_skip_tracking":false},"categories":[82],"tags":[],"aioseo_notices":[],"aioseo_head":"\n\t\t<!-- All in One SEO 4.9.10 - aioseo.com -->\n\t<meta name=\"description\" content=\"Szanowni Pa\u0144stwo, W zwi\u0105zku z ryzykiem epidemiologicznym wynikaj\u0105cym z faktu rozprzestrzeniania si\u0119 koronawirusa, w trosce o zdrowie Pa\u0144stwa oraz naszych pracownik\u00f3w zwracam, si\u0119 z pro\u015bb\u0105 o ograniczenie do niezb\u0119dnego minimum wizyt w naszym urz\u0119dzie. Od pi\u0105tku, tj. 13 marca br. wszelkie sprawy za\u0142atwiane b\u0119d\u0105 tylko i wy\u0142\u0105cznie w okienku kasowym (wej\u015bcie bezpo\u015brednie z dworu).\" \/>\n\t<meta name=\"robots\" content=\"max-image-preview:large\" \/>\n\t<meta name=\"author\" content=\"koniekt\"\/>\n\t<link rel=\"canonical\" href=\"https:\/\/tuplice.pl\/index.php\/2020\/03\/12\/wazny-komunikat-wojta-gminy-tuplice\/\" \/>\n\t<meta name=\"generator\" content=\"All in One SEO (AIOSEO) 4.9.10\" \/>\n\t\t<meta property=\"og:locale\" content=\"pl_PL\" \/>\n\t\t<meta property=\"og:site_name\" content=\"Gmina Tuplice - Strona Gminy Tuplice\" \/>\n\t\t<meta property=\"og:type\" content=\"article\" \/>\n\t\t<meta property=\"og:title\" content=\"WA\u017bNY KOMUNIKAT W\u00d3JTA GMINY TUPLICE ! - Gmina Tuplice\" \/>\n\t\t<meta property=\"og:description\" content=\"Szanowni Pa\u0144stwo, W zwi\u0105zku z ryzykiem epidemiologicznym wynikaj\u0105cym z faktu rozprzestrzeniania si\u0119 koronawirusa, w trosce o zdrowie Pa\u0144stwa oraz naszych pracownik\u00f3w zwracam, si\u0119 z pro\u015bb\u0105 o ograniczenie do niezb\u0119dnego minimum wizyt w naszym urz\u0119dzie. Od pi\u0105tku, tj. 13 marca br. wszelkie sprawy za\u0142atwiane b\u0119d\u0105 tylko i wy\u0142\u0105cznie w okienku kasowym (wej\u015bcie bezpo\u015brednie z dworu).\" \/>\n\t\t<meta property=\"og:url\" content=\"https:\/\/tuplice.pl\/index.php\/2020\/03\/12\/wazny-komunikat-wojta-gminy-tuplice\/\" \/>\n\t\t<meta property=\"article:published_time\" content=\"2020-03-12T10:51:25+00:00\" \/>\n\t\t<meta property=\"article:modified_time\" content=\"2020-03-24T12:15:14+00:00\" \/>\n\t\t<meta property=\"article:publisher\" content=\"https:\/\/facebook.com\/Tuplicki Biuletyn Informacyjny\" \/>\n\t\t<meta name=\"twitter:card\" content=\"summary_large_image\" \/>\n\t\t<meta name=\"twitter:title\" content=\"WA\u017bNY KOMUNIKAT W\u00d3JTA GMINY TUPLICE ! - Gmina Tuplice\" \/>\n\t\t<meta name=\"twitter:description\" content=\"Szanowni Pa\u0144stwo, W zwi\u0105zku z ryzykiem epidemiologicznym wynikaj\u0105cym z faktu rozprzestrzeniania si\u0119 koronawirusa, w trosce o zdrowie Pa\u0144stwa oraz naszych pracownik\u00f3w zwracam, si\u0119 z pro\u015bb\u0105 o ograniczenie do niezb\u0119dnego minimum wizyt w naszym urz\u0119dzie. Od pi\u0105tku, tj. 13 marca br. wszelkie sprawy za\u0142atwiane b\u0119d\u0105 tylko i wy\u0142\u0105cznie w okienku kasowym (wej\u015bcie bezpo\u015brednie z dworu).\" \/>\n\t\t<script type=\"application\/ld+json\" class=\"aioseo-schema\">\n\t\t\t{\"@context\":\"https:\\\/\\\/schema.org\",\"@graph\":[{\"@type\":\"BlogPosting\",\"@id\":\"https:\\\/\\\/tuplice.pl\\\/index.php\\\/2020\\\/03\\\/12\\\/wazny-komunikat-wojta-gminy-tuplice\\\/#blogposting\",\"name\":\"WA\\u017bNY KOMUNIKAT W\\u00d3JTA GMINY TUPLICE ! - Gmina Tuplice\",\"headline\":\"WA\\u017bNY KOMUNIKAT W\\u00d3JTA GMINY TUPLICE !\",\"author\":{\"@id\":\"https:\\\/\\\/tuplice.pl\\\/index.php\\\/author\\\/koniekt\\\/#author\"},\"publisher\":{\"@id\":\"https:\\\/\\\/tuplice.pl\\\/#organization\"},\"image\":{\"@type\":\"ImageObject\",\"url\":\"https:\\\/\\\/tuplice.pl\\\/wp-content\\\/uploads\\\/2020\\\/03\\\/komunikat.jpg\",\"width\":470,\"height\":320},\"datePublished\":\"2020-03-12T11:51:25+01:00\",\"dateModified\":\"2020-03-24T13:15:14+01:00\",\"inLanguage\":\"pl-PL\",\"mainEntityOfPage\":{\"@id\":\"https:\\\/\\\/tuplice.pl\\\/index.php\\\/2020\\\/03\\\/12\\\/wazny-komunikat-wojta-gminy-tuplice\\\/#webpage\"},\"isPartOf\":{\"@id\":\"https:\\\/\\\/tuplice.pl\\\/index.php\\\/2020\\\/03\\\/12\\\/wazny-komunikat-wojta-gminy-tuplice\\\/#webpage\"},\"articleSection\":\"Aktualno\\u015bci\"},{\"@type\":\"BreadcrumbList\",\"@id\":\"https:\\\/\\\/tuplice.pl\\\/index.php\\\/2020\\\/03\\\/12\\\/wazny-komunikat-wojta-gminy-tuplice\\\/#breadcrumblist\",\"itemListElement\":[{\"@type\":\"ListItem\",\"@id\":\"https:\\\/\\\/tuplice.pl#listItem\",\"position\":1,\"name\":\"Home\",\"item\":\"https:\\\/\\\/tuplice.pl\",\"nextItem\":{\"@type\":\"ListItem\",\"@id\":\"https:\\\/\\\/tuplice.pl\\\/index.php\\\/category\\\/aktualnosci\\\/#listItem\",\"name\":\"Aktualno\\u015bci\"}},{\"@type\":\"ListItem\",\"@id\":\"https:\\\/\\\/tuplice.pl\\\/index.php\\\/category\\\/aktualnosci\\\/#listItem\",\"position\":2,\"name\":\"Aktualno\\u015bci\",\"item\":\"https:\\\/\\\/tuplice.pl\\\/index.php\\\/category\\\/aktualnosci\\\/\",\"nextItem\":{\"@type\":\"ListItem\",\"@id\":\"https:\\\/\\\/tuplice.pl\\\/index.php\\\/2020\\\/03\\\/12\\\/wazny-komunikat-wojta-gminy-tuplice\\\/#listItem\",\"name\":\"WA\\u017bNY KOMUNIKAT W\\u00d3JTA GMINY TUPLICE !\"},\"previousItem\":{\"@type\":\"ListItem\",\"@id\":\"https:\\\/\\\/tuplice.pl#listItem\",\"name\":\"Home\"}},{\"@type\":\"ListItem\",\"@id\":\"https:\\\/\\\/tuplice.pl\\\/index.php\\\/2020\\\/03\\\/12\\\/wazny-komunikat-wojta-gminy-tuplice\\\/#listItem\",\"position\":3,\"name\":\"WA\\u017bNY KOMUNIKAT W\\u00d3JTA GMINY TUPLICE !\",\"previousItem\":{\"@type\":\"ListItem\",\"@id\":\"https:\\\/\\\/tuplice.pl\\\/index.php\\\/category\\\/aktualnosci\\\/#listItem\",\"name\":\"Aktualno\\u015bci\"}}]},{\"@type\":\"Organization\",\"@id\":\"https:\\\/\\\/tuplice.pl\\\/#organization\",\"name\":\"Gmina Tuplice Gmina Tuplice\",\"description\":\"Strona Gminy Tuplice Strona Urz\\u0119du Gminy Tuplice\",\"url\":\"https:\\\/\\\/tuplice.pl\\\/\",\"telephone\":\"+48683625720\",\"logo\":{\"@type\":\"ImageObject\",\"url\":\"https:\\\/\\\/tuplice.pl\\\/wp-content\\\/uploads\\\/2025\\\/07\\\/images.png\",\"@id\":\"https:\\\/\\\/tuplice.pl\\\/index.php\\\/2020\\\/03\\\/12\\\/wazny-komunikat-wojta-gminy-tuplice\\\/#organizationLogo\",\"width\":282,\"height\":179},\"image\":{\"@id\":\"https:\\\/\\\/tuplice.pl\\\/index.php\\\/2020\\\/03\\\/12\\\/wazny-komunikat-wojta-gminy-tuplice\\\/#organizationLogo\"},\"sameAs\":[\"https:\\\/\\\/facebook.com\\\/Tuplicki Biuletyn Informacyjny\",\"https:\\\/\\\/pinterest.com\\\/Tuplicki Biuletyn Informacyjny\",\"https:\\\/\\\/youtube.com\\\/Tuplicki Biuletyn Informacyjny\"]},{\"@type\":\"Person\",\"@id\":\"https:\\\/\\\/tuplice.pl\\\/index.php\\\/author\\\/koniekt\\\/#author\",\"url\":\"https:\\\/\\\/tuplice.pl\\\/index.php\\\/author\\\/koniekt\\\/\",\"name\":\"koniekt\",\"image\":{\"@type\":\"ImageObject\",\"@id\":\"https:\\\/\\\/tuplice.pl\\\/index.php\\\/2020\\\/03\\\/12\\\/wazny-komunikat-wojta-gminy-tuplice\\\/#authorImage\",\"url\":\"https:\\\/\\\/secure.gravatar.com\\\/avatar\\\/3f87aae64e81471e1be15c23c2d20321?s=96&d=mm&r=g\",\"width\":96,\"height\":96,\"caption\":\"koniekt\"}},{\"@type\":\"WebPage\",\"@id\":\"https:\\\/\\\/tuplice.pl\\\/index.php\\\/2020\\\/03\\\/12\\\/wazny-komunikat-wojta-gminy-tuplice\\\/#webpage\",\"url\":\"https:\\\/\\\/tuplice.pl\\\/index.php\\\/2020\\\/03\\\/12\\\/wazny-komunikat-wojta-gminy-tuplice\\\/\",\"name\":\"WA\\u017bNY KOMUNIKAT W\\u00d3JTA GMINY TUPLICE ! - Gmina Tuplice\",\"description\":\"Szanowni Pa\\u0144stwo, W zwi\\u0105zku z ryzykiem epidemiologicznym wynikaj\\u0105cym z faktu rozprzestrzeniania si\\u0119 koronawirusa, w trosce o zdrowie Pa\\u0144stwa oraz naszych pracownik\\u00f3w zwracam, si\\u0119 z pro\\u015bb\\u0105 o ograniczenie do niezb\\u0119dnego minimum wizyt w naszym urz\\u0119dzie. Od pi\\u0105tku, tj. 13 marca br. wszelkie sprawy za\\u0142atwiane b\\u0119d\\u0105 tylko i wy\\u0142\\u0105cznie w okienku kasowym (wej\\u015bcie bezpo\\u015brednie z dworu).\",\"inLanguage\":\"pl-PL\",\"isPartOf\":{\"@id\":\"https:\\\/\\\/tuplice.pl\\\/#website\"},\"breadcrumb\":{\"@id\":\"https:\\\/\\\/tuplice.pl\\\/index.php\\\/2020\\\/03\\\/12\\\/wazny-komunikat-wojta-gminy-tuplice\\\/#breadcrumblist\"},\"author\":{\"@id\":\"https:\\\/\\\/tuplice.pl\\\/index.php\\\/author\\\/koniekt\\\/#author\"},\"creator\":{\"@id\":\"https:\\\/\\\/tuplice.pl\\\/index.php\\\/author\\\/koniekt\\\/#author\"},\"image\":{\"@type\":\"ImageObject\",\"url\":\"https:\\\/\\\/tuplice.pl\\\/wp-content\\\/uploads\\\/2020\\\/03\\\/komunikat.jpg\",\"@id\":\"https:\\\/\\\/tuplice.pl\\\/index.php\\\/2020\\\/03\\\/12\\\/wazny-komunikat-wojta-gminy-tuplice\\\/#mainImage\",\"width\":470,\"height\":320},\"primaryImageOfPage\":{\"@id\":\"https:\\\/\\\/tuplice.pl\\\/index.php\\\/2020\\\/03\\\/12\\\/wazny-komunikat-wojta-gminy-tuplice\\\/#mainImage\"},\"datePublished\":\"2020-03-12T11:51:25+01:00\",\"dateModified\":\"2020-03-24T13:15:14+01:00\"},{\"@type\":\"WebSite\",\"@id\":\"https:\\\/\\\/tuplice.pl\\\/#website\",\"url\":\"https:\\\/\\\/tuplice.pl\\\/\",\"name\":\"Gmina Tuplice\",\"description\":\"Strona Gminy Tuplice\",\"inLanguage\":\"pl-PL\",\"publisher\":{\"@id\":\"https:\\\/\\\/tuplice.pl\\\/#organization\"}}]}\n\t\t<\/script>\n\t\t<!-- All in One SEO -->\n\n","aioseo_head_json":{"title":"WA\u017bNY KOMUNIKAT W\u00d3JTA GMINY TUPLICE ! - Gmina Tuplice","description":"Szanowni Pa\u0144stwo, W zwi\u0105zku z ryzykiem epidemiologicznym wynikaj\u0105cym z faktu rozprzestrzeniania si\u0119 koronawirusa, w trosce o zdrowie Pa\u0144stwa oraz naszych pracownik\u00f3w zwracam, si\u0119 z pro\u015bb\u0105 o ograniczenie do niezb\u0119dnego minimum wizyt w naszym urz\u0119dzie. Od pi\u0105tku, tj. 13 marca br. wszelkie sprawy za\u0142atwiane b\u0119d\u0105 tylko i wy\u0142\u0105cznie w okienku kasowym (wej\u015bcie bezpo\u015brednie z dworu).","canonical_url":"https:\/\/tuplice.pl\/index.php\/2020\/03\/12\/wazny-komunikat-wojta-gminy-tuplice\/","robots":"max-image-preview:large","keywords":"","webmasterTools":{"miscellaneous":""},"schema":{"@context":"https:\/\/schema.org","@graph":[{"@type":"BlogPosting","@id":"https:\/\/tuplice.pl\/index.php\/2020\/03\/12\/wazny-komunikat-wojta-gminy-tuplice\/#blogposting","name":"WA\u017bNY KOMUNIKAT W\u00d3JTA GMINY TUPLICE ! - Gmina Tuplice","headline":"WA\u017bNY KOMUNIKAT W\u00d3JTA GMINY TUPLICE !","author":{"@id":"https:\/\/tuplice.pl\/index.php\/author\/koniekt\/#author"},"publisher":{"@id":"https:\/\/tuplice.pl\/#organization"},"image":{"@type":"ImageObject","url":"https:\/\/tuplice.pl\/wp-content\/uploads\/2020\/03\/komunikat.jpg","width":470,"height":320},"datePublished":"2020-03-12T11:51:25+01:00","dateModified":"2020-03-24T13:15:14+01:00","inLanguage":"pl-PL","mainEntityOfPage":{"@id":"https:\/\/tuplice.pl\/index.php\/2020\/03\/12\/wazny-komunikat-wojta-gminy-tuplice\/#webpage"},"isPartOf":{"@id":"https:\/\/tuplice.pl\/index.php\/2020\/03\/12\/wazny-komunikat-wojta-gminy-tuplice\/#webpage"},"articleSection":"Aktualno\u015bci"},{"@type":"BreadcrumbList","@id":"https:\/\/tuplice.pl\/index.php\/2020\/03\/12\/wazny-komunikat-wojta-gminy-tuplice\/#breadcrumblist","itemListElement":[{"@type":"ListItem","@id":"https:\/\/tuplice.pl#listItem","position":1,"name":"Home","item":"https:\/\/tuplice.pl","nextItem":{"@type":"ListItem","@id":"https:\/\/tuplice.pl\/index.php\/category\/aktualnosci\/#listItem","name":"Aktualno\u015bci"}},{"@type":"ListItem","@id":"https:\/\/tuplice.pl\/index.php\/category\/aktualnosci\/#listItem","position":2,"name":"Aktualno\u015bci","item":"https:\/\/tuplice.pl\/index.php\/category\/aktualnosci\/","nextItem":{"@type":"ListItem","@id":"https:\/\/tuplice.pl\/index.php\/2020\/03\/12\/wazny-komunikat-wojta-gminy-tuplice\/#listItem","name":"WA\u017bNY KOMUNIKAT W\u00d3JTA GMINY TUPLICE !"},"previousItem":{"@type":"ListItem","@id":"https:\/\/tuplice.pl#listItem","name":"Home"}},{"@type":"ListItem","@id":"https:\/\/tuplice.pl\/index.php\/2020\/03\/12\/wazny-komunikat-wojta-gminy-tuplice\/#listItem","position":3,"name":"WA\u017bNY KOMUNIKAT W\u00d3JTA GMINY TUPLICE !","previousItem":{"@type":"ListItem","@id":"https:\/\/tuplice.pl\/index.php\/category\/aktualnosci\/#listItem","name":"Aktualno\u015bci"}}]},{"@type":"Organization","@id":"https:\/\/tuplice.pl\/#organization","name":"Gmina Tuplice Gmina Tuplice","description":"Strona Gminy Tuplice Strona Urz\u0119du Gminy Tuplice","url":"https:\/\/tuplice.pl\/","telephone":"+48683625720","logo":{"@type":"ImageObject","url":"https:\/\/tuplice.pl\/wp-content\/uploads\/2025\/07\/images.png","@id":"https:\/\/tuplice.pl\/index.php\/2020\/03\/12\/wazny-komunikat-wojta-gminy-tuplice\/#organizationLogo","width":282,"height":179},"image":{"@id":"https:\/\/tuplice.pl\/index.php\/2020\/03\/12\/wazny-komunikat-wojta-gminy-tuplice\/#organizationLogo"},"sameAs":["https:\/\/facebook.com\/Tuplicki Biuletyn Informacyjny","https:\/\/pinterest.com\/Tuplicki Biuletyn Informacyjny","https:\/\/youtube.com\/Tuplicki Biuletyn Informacyjny"]},{"@type":"Person","@id":"https:\/\/tuplice.pl\/index.php\/author\/koniekt\/#author","url":"https:\/\/tuplice.pl\/index.php\/author\/koniekt\/","name":"koniekt","image":{"@type":"ImageObject","@id":"https:\/\/tuplice.pl\/index.php\/2020\/03\/12\/wazny-komunikat-wojta-gminy-tuplice\/#authorImage","url":"https:\/\/secure.gravatar.com\/avatar\/3f87aae64e81471e1be15c23c2d20321?s=96&d=mm&r=g","width":96,"height":96,"caption":"koniekt"}},{"@type":"WebPage","@id":"https:\/\/tuplice.pl\/index.php\/2020\/03\/12\/wazny-komunikat-wojta-gminy-tuplice\/#webpage","url":"https:\/\/tuplice.pl\/index.php\/2020\/03\/12\/wazny-komunikat-wojta-gminy-tuplice\/","name":"WA\u017bNY KOMUNIKAT W\u00d3JTA GMINY TUPLICE ! - Gmina Tuplice","description":"Szanowni Pa\u0144stwo, W zwi\u0105zku z ryzykiem epidemiologicznym wynikaj\u0105cym z faktu rozprzestrzeniania si\u0119 koronawirusa, w trosce o zdrowie Pa\u0144stwa oraz naszych pracownik\u00f3w zwracam, si\u0119 z pro\u015bb\u0105 o ograniczenie do niezb\u0119dnego minimum wizyt w naszym urz\u0119dzie. Od pi\u0105tku, tj. 13 marca br. wszelkie sprawy za\u0142atwiane b\u0119d\u0105 tylko i wy\u0142\u0105cznie w okienku kasowym (wej\u015bcie bezpo\u015brednie z dworu).","inLanguage":"pl-PL","isPartOf":{"@id":"https:\/\/tuplice.pl\/#website"},"breadcrumb":{"@id":"https:\/\/tuplice.pl\/index.php\/2020\/03\/12\/wazny-komunikat-wojta-gminy-tuplice\/#breadcrumblist"},"author":{"@id":"https:\/\/tuplice.pl\/index.php\/author\/koniekt\/#author"},"creator":{"@id":"https:\/\/tuplice.pl\/index.php\/author\/koniekt\/#author"},"image":{"@type":"ImageObject","url":"https:\/\/tuplice.pl\/wp-content\/uploads\/2020\/03\/komunikat.jpg","@id":"https:\/\/tuplice.pl\/index.php\/2020\/03\/12\/wazny-komunikat-wojta-gminy-tuplice\/#mainImage","width":470,"height":320},"primaryImageOfPage":{"@id":"https:\/\/tuplice.pl\/index.php\/2020\/03\/12\/wazny-komunikat-wojta-gminy-tuplice\/#mainImage"},"datePublished":"2020-03-12T11:51:25+01:00","dateModified":"2020-03-24T13:15:14+01:00"},{"@type":"WebSite","@id":"https:\/\/tuplice.pl\/#website","url":"https:\/\/tuplice.pl\/","name":"Gmina Tuplice","description":"Strona Gminy Tuplice","inLanguage":"pl-PL","publisher":{"@id":"https:\/\/tuplice.pl\/#organization"}}]},"og:locale":"pl_PL","og:site_name":"Gmina Tuplice - Strona Gminy Tuplice","og:type":"article","og:title":"WA\u017bNY KOMUNIKAT W\u00d3JTA GMINY TUPLICE ! - Gmina Tuplice","og:description":"Szanowni Pa\u0144stwo, W zwi\u0105zku z ryzykiem epidemiologicznym wynikaj\u0105cym z faktu rozprzestrzeniania si\u0119 koronawirusa, w trosce o zdrowie Pa\u0144stwa oraz naszych pracownik\u00f3w zwracam, si\u0119 z pro\u015bb\u0105 o ograniczenie do niezb\u0119dnego minimum wizyt w naszym urz\u0119dzie. Od pi\u0105tku, tj. 13 marca br. wszelkie sprawy za\u0142atwiane b\u0119d\u0105 tylko i wy\u0142\u0105cznie w okienku kasowym (wej\u015bcie bezpo\u015brednie z dworu).","og:url":"https:\/\/tuplice.pl\/index.php\/2020\/03\/12\/wazny-komunikat-wojta-gminy-tuplice\/","article:published_time":"2020-03-12T10:51:25+00:00","article:modified_time":"2020-03-24T12:15:14+00:00","article:publisher":"https:\/\/facebook.com\/Tuplicki Biuletyn Informacyjny","twitter:card":"summary_large_image","twitter:title":"WA\u017bNY KOMUNIKAT W\u00d3JTA GMINY TUPLICE ! - Gmina Tuplice","twitter:description":"Szanowni Pa\u0144stwo, W zwi\u0105zku z ryzykiem epidemiologicznym wynikaj\u0105cym z faktu rozprzestrzeniania si\u0119 koronawirusa, w trosce o zdrowie Pa\u0144stwa oraz naszych pracownik\u00f3w zwracam, si\u0119 z pro\u015bb\u0105 o ograniczenie do niezb\u0119dnego minimum wizyt w naszym urz\u0119dzie. Od pi\u0105tku, tj. 13 marca br. wszelkie sprawy za\u0142atwiane b\u0119d\u0105 tylko i wy\u0142\u0105cznie w okienku kasowym (wej\u015bcie bezpo\u015brednie z dworu)."},"aioseo_meta_data":{"post_id":"3757","title":null,"description":null,"keywords":null,"keyphrases":null,"primary_term":null,"canonical_url":null,"og_title":null,"og_description":null,"og_object_type":"default","og_image_type":"default","og_image_url":null,"og_image_width":null,"og_image_height":null,"og_image_custom_url":null,"og_image_custom_fields":null,"og_video":null,"og_custom_url":null,"og_article_section":null,"og_article_tags":null,"twitter_use_og":false,"twitter_card":"default","twitter_image_type":"default","twitter_image_url":null,"twitter_image_custom_url":null,"twitter_image_custom_fields":null,"twitter_title":null,"twitter_description":null,"schema":{"blockGraphs":[],"customGraphs":[],"default":{"data":{"Article":[],"Course":[],"Dataset":[],"FAQPage":[],"Movie":[],"Person":[],"Product":[],"ProductReview":[],"Car":[],"Recipe":[],"Service":[],"SoftwareApplication":[],"WebPage":[]},"graphName":"","isEnabled":true},"graphs":[]},"schema_type":"default","schema_type_options":null,"pillar_content":false,"robots_default":true,"robots_noindex":false,"robots_noarchive":false,"robots_nosnippet":false,"robots_nofollow":false,"robots_noimageindex":false,"robots_noodp":false,"robots_notranslate":false,"robots_max_snippet":null,"robots_max_videopreview":null,"robots_max_imagepreview":"large","priority":null,"frequency":null,"local_seo":null,"breadcrumb_settings":null,"limit_modified_date":false,"ai":null,"created":"2025-07-22 23:32:35","updated":"2025-07-22 23:32:35","seo_analyzer_scan_date":null},"aioseo_breadcrumb":"<div class=\"aioseo-breadcrumbs\"><span class=\"aioseo-breadcrumb\">\n\t\t\t<a href=\"https:\/\/tuplice.pl\" title=\"Home\">Home<\/a>\n\t\t<\/span><span class=\"aioseo-breadcrumb-separator\">&raquo;<\/span><span class=\"aioseo-breadcrumb\">\n\t\t\t<a href=\"https:\/\/tuplice.pl\/index.php\/category\/aktualnosci\/\" title=\"Aktualno\u015bci\">Aktualno\u015bci<\/a>\n\t\t<\/span><span class=\"aioseo-breadcrumb-separator\">&raquo;<\/span><span class=\"aioseo-breadcrumb\">\n\t\t\tWA\u017bNY KOMUNIKAT W\u00d3JTA GMINY TUPLICE !\n\t\t<\/span><\/div>","aioseo_breadcrumb_json":[{"label":"Home","link":"https:\/\/tuplice.pl"},{"label":"Aktualno\u015bci","link":"https:\/\/tuplice.pl\/index.php\/category\/aktualnosci\/"},{"label":"WA\u017bNY KOMUNIKAT W\u00d3JTA GMINY TUPLICE !","link":"https:\/\/tuplice.pl\/index.php\/2020\/03\/12\/wazny-komunikat-wojta-gminy-tuplice\/"}],"a3_pvc":{"activated":false,"total_views":1,"today_views":0},"_links":{"self":[{"href":"https:\/\/tuplice.pl\/index.php\/wp-json\/wp\/v2\/posts\/3757"}],"collection":[{"href":"https:\/\/tuplice.pl\/index.php\/wp-json\/wp\/v2\/posts"}],"about":[{"href":"https:\/\/tuplice.pl\/index.php\/wp-json\/wp\/v2\/types\/post"}],"author":[{"embeddable":true,"href":"https:\/\/tuplice.pl\/index.php\/wp-json\/wp\/v2\/users\/1"}],"replies":[{"embeddable":true,"href":"https:\/\/tuplice.pl\/index.php\/wp-json\/wp\/v2\/comments?post=3757"}],"version-history":[{"count":1,"href":"https:\/\/tuplice.pl\/index.php\/wp-json\/wp\/v2\/posts\/3757\/revisions"}],"predecessor-version":[{"id":3761,"href":"https:\/\/tuplice.pl\/index.php\/wp-json\/wp\/v2\/posts\/3757\/revisions\/3761"}],"wp:featuredmedia":[{"embeddable":true,"href":"https:\/\/tuplice.pl\/index.php\/wp-json\/wp\/v2\/media\/3758"}],"wp:attachment":[{"href":"https:\/\/tuplice.pl\/index.php\/wp-json\/wp\/v2\/media?parent=3757"}],"wp:term":[{"taxonomy":"category","embeddable":true,"href":"https:\/\/tuplice.pl\/index.php\/wp-json\/wp\/v2\/categories?post=3757"},{"taxonomy":"post_tag","embeddable":true,"href":"https:\/\/tuplice.pl\/index.php\/wp-json\/wp\/v2\/tags?post=3757"}],"curies":[{"name":"wp","href":"https:\/\/api.w.org\/{rel}","templated":true}]}}