{"id":3789,"date":"2020-03-27T11:20:54","date_gmt":"2020-03-27T10:20:54","guid":{"rendered":"http:\/\/tuplice.pl\/?p=3789"},"modified":"2020-03-27T12:13:14","modified_gmt":"2020-03-27T11:13:14","slug":"wybory-prezydenckie-2020-zglaszanie-kandydatow-na-czlonkow-obwodowych-komisji-wyborczych","status":"publish","type":"post","link":"https:\/\/tuplice.pl\/index.php\/2020\/03\/27\/wybory-prezydenckie-2020-zglaszanie-kandydatow-na-czlonkow-obwodowych-komisji-wyborczych\/","title":{"rendered":"Wybory prezydenckie 2020 &#8211; zg\u0142aszanie kandydat\u00f3w na cz\u0142onk\u00f3w obwodowych komisji wyborczych"},"content":{"rendered":"<h2 class=\"strona-tytul2 aktualnosci-tytul2\" style=\"text-align: center;\">Informacja w sprawie sposobu zg\u0142aszania kandydat\u00f3w na cz\u0142onk\u00f3w obwodowych komisji wyborczych<\/h2>\n<p>&nbsp;<\/p>\n<h1 style=\"text-align: center;\"><a href=\"http:\/\/bip.tuplice.pl\/?bip=2&amp;cid=132&amp;id=570\"><strong>&gt;&gt;TUTAJ&lt;&lt;<\/strong><\/a><\/h1>\n<p>&nbsp;<\/p>\n<p>&nbsp;<\/p>\n<p>&nbsp;<\/p>\n<p>&nbsp;<\/p>\n<p>&nbsp;<\/p>\n<p>&nbsp;<\/p>\n","protected":false},"excerpt":{"rendered":"<p>Informacja w sprawie sposobu zg\u0142aszania kandydat\u00f3w na cz\u0142onk\u00f3w obwodowych komisji wyborczych &nbsp; &gt;&gt;TUTAJ&lt;&lt; &nbsp; &nbsp; &nbsp; &nbsp; &nbsp; &nbsp;<\/p>\n","protected":false},"author":1,"featured_media":3798,"comment_status":"open","ping_status":"open","sticky":false,"template":"","format":"standard","meta":{"_et_pb_use_builder":"","_et_pb_old_content":"","_et_gb_content_width":"","_monsterinsights_skip_tracking":false},"categories":[82],"tags":[],"aioseo_notices":[],"aioseo_head":"\n\t\t<!-- All in One SEO 4.9.10 - aioseo.com -->\n\t<meta name=\"description\" content=\"Informacja w sprawie sposobu zg\u0142aszania kandydat\u00f3w na cz\u0142onk\u00f3w obwodowych komisji wyborczych &gt;&gt;TUTAJ\" \/>\n\t<meta name=\"robots\" content=\"max-image-preview:large\" \/>\n\t<meta name=\"author\" content=\"koniekt\"\/>\n\t<link rel=\"canonical\" href=\"https:\/\/tuplice.pl\/index.php\/2020\/03\/27\/wybory-prezydenckie-2020-zglaszanie-kandydatow-na-czlonkow-obwodowych-komisji-wyborczych\/\" \/>\n\t<meta name=\"generator\" content=\"All in One SEO (AIOSEO) 4.9.10\" \/>\n\t\t<meta property=\"og:locale\" content=\"pl_PL\" \/>\n\t\t<meta property=\"og:site_name\" content=\"Gmina Tuplice - Strona Gminy Tuplice\" \/>\n\t\t<meta property=\"og:type\" content=\"article\" \/>\n\t\t<meta property=\"og:title\" content=\"Wybory prezydenckie 2020 \u2013 zg\u0142aszanie kandydat\u00f3w na cz\u0142onk\u00f3w obwodowych komisji wyborczych - Gmina Tuplice\" \/>\n\t\t<meta property=\"og:description\" content=\"Informacja w sprawie sposobu zg\u0142aszania kandydat\u00f3w na cz\u0142onk\u00f3w obwodowych komisji wyborczych &gt;&gt;TUTAJ\" \/>\n\t\t<meta property=\"og:url\" content=\"https:\/\/tuplice.pl\/index.php\/2020\/03\/27\/wybory-prezydenckie-2020-zglaszanie-kandydatow-na-czlonkow-obwodowych-komisji-wyborczych\/\" \/>\n\t\t<meta property=\"article:published_time\" content=\"2020-03-27T10:20:54+00:00\" \/>\n\t\t<meta property=\"article:modified_time\" content=\"2020-03-27T11:13:14+00:00\" \/>\n\t\t<meta property=\"article:publisher\" content=\"https:\/\/facebook.com\/Tuplicki Biuletyn Informacyjny\" \/>\n\t\t<meta name=\"twitter:card\" content=\"summary_large_image\" \/>\n\t\t<meta name=\"twitter:title\" content=\"Wybory prezydenckie 2020 \u2013 zg\u0142aszanie kandydat\u00f3w na cz\u0142onk\u00f3w obwodowych komisji wyborczych - Gmina Tuplice\" \/>\n\t\t<meta name=\"twitter:description\" content=\"Informacja w sprawie sposobu zg\u0142aszania kandydat\u00f3w na cz\u0142onk\u00f3w obwodowych komisji wyborczych &gt;&gt;TUTAJ\" \/>\n\t\t<script type=\"application\/ld+json\" class=\"aioseo-schema\">\n\t\t\t{\"@context\":\"https:\\\/\\\/schema.org\",\"@graph\":[{\"@type\":\"BlogPosting\",\"@id\":\"https:\\\/\\\/tuplice.pl\\\/index.php\\\/2020\\\/03\\\/27\\\/wybory-prezydenckie-2020-zglaszanie-kandydatow-na-czlonkow-obwodowych-komisji-wyborczych\\\/#blogposting\",\"name\":\"Wybory prezydenckie 2020 \\u2013 zg\\u0142aszanie kandydat\\u00f3w na cz\\u0142onk\\u00f3w obwodowych komisji wyborczych - Gmina Tuplice\",\"headline\":\"Wybory prezydenckie 2020 &#8211; zg\\u0142aszanie kandydat\\u00f3w na cz\\u0142onk\\u00f3w obwodowych komisji wyborczych\",\"author\":{\"@id\":\"https:\\\/\\\/tuplice.pl\\\/index.php\\\/author\\\/koniekt\\\/#author\"},\"publisher\":{\"@id\":\"https:\\\/\\\/tuplice.pl\\\/#organization\"},\"image\":{\"@type\":\"ImageObject\",\"url\":\"https:\\\/\\\/tuplice.pl\\\/wp-content\\\/uploads\\\/2020\\\/03\\\/goreaJQrY9fF5AA7YVAHT9eq66cx4aucAolYKQD7.jpeg\",\"width\":830,\"height\":450},\"datePublished\":\"2020-03-27T11:20:54+01:00\",\"dateModified\":\"2020-03-27T12:13:14+01:00\",\"inLanguage\":\"pl-PL\",\"mainEntityOfPage\":{\"@id\":\"https:\\\/\\\/tuplice.pl\\\/index.php\\\/2020\\\/03\\\/27\\\/wybory-prezydenckie-2020-zglaszanie-kandydatow-na-czlonkow-obwodowych-komisji-wyborczych\\\/#webpage\"},\"isPartOf\":{\"@id\":\"https:\\\/\\\/tuplice.pl\\\/index.php\\\/2020\\\/03\\\/27\\\/wybory-prezydenckie-2020-zglaszanie-kandydatow-na-czlonkow-obwodowych-komisji-wyborczych\\\/#webpage\"},\"articleSection\":\"Aktualno\\u015bci\"},{\"@type\":\"BreadcrumbList\",\"@id\":\"https:\\\/\\\/tuplice.pl\\\/index.php\\\/2020\\\/03\\\/27\\\/wybory-prezydenckie-2020-zglaszanie-kandydatow-na-czlonkow-obwodowych-komisji-wyborczych\\\/#breadcrumblist\",\"itemListElement\":[{\"@type\":\"ListItem\",\"@id\":\"https:\\\/\\\/tuplice.pl#listItem\",\"position\":1,\"name\":\"Home\",\"item\":\"https:\\\/\\\/tuplice.pl\",\"nextItem\":{\"@type\":\"ListItem\",\"@id\":\"https:\\\/\\\/tuplice.pl\\\/index.php\\\/category\\\/aktualnosci\\\/#listItem\",\"name\":\"Aktualno\\u015bci\"}},{\"@type\":\"ListItem\",\"@id\":\"https:\\\/\\\/tuplice.pl\\\/index.php\\\/category\\\/aktualnosci\\\/#listItem\",\"position\":2,\"name\":\"Aktualno\\u015bci\",\"item\":\"https:\\\/\\\/tuplice.pl\\\/index.php\\\/category\\\/aktualnosci\\\/\",\"nextItem\":{\"@type\":\"ListItem\",\"@id\":\"https:\\\/\\\/tuplice.pl\\\/index.php\\\/2020\\\/03\\\/27\\\/wybory-prezydenckie-2020-zglaszanie-kandydatow-na-czlonkow-obwodowych-komisji-wyborczych\\\/#listItem\",\"name\":\"Wybory prezydenckie 2020 &#8211; zg\\u0142aszanie kandydat\\u00f3w na cz\\u0142onk\\u00f3w obwodowych komisji wyborczych\"},\"previousItem\":{\"@type\":\"ListItem\",\"@id\":\"https:\\\/\\\/tuplice.pl#listItem\",\"name\":\"Home\"}},{\"@type\":\"ListItem\",\"@id\":\"https:\\\/\\\/tuplice.pl\\\/index.php\\\/2020\\\/03\\\/27\\\/wybory-prezydenckie-2020-zglaszanie-kandydatow-na-czlonkow-obwodowych-komisji-wyborczych\\\/#listItem\",\"position\":3,\"name\":\"Wybory prezydenckie 2020 &#8211; zg\\u0142aszanie kandydat\\u00f3w na cz\\u0142onk\\u00f3w obwodowych komisji wyborczych\",\"previousItem\":{\"@type\":\"ListItem\",\"@id\":\"https:\\\/\\\/tuplice.pl\\\/index.php\\\/category\\\/aktualnosci\\\/#listItem\",\"name\":\"Aktualno\\u015bci\"}}]},{\"@type\":\"Organization\",\"@id\":\"https:\\\/\\\/tuplice.pl\\\/#organization\",\"name\":\"Gmina Tuplice Gmina Tuplice\",\"description\":\"Strona Gminy Tuplice Strona Urz\\u0119du Gminy Tuplice\",\"url\":\"https:\\\/\\\/tuplice.pl\\\/\",\"telephone\":\"+48683625720\",\"logo\":{\"@type\":\"ImageObject\",\"url\":\"https:\\\/\\\/tuplice.pl\\\/wp-content\\\/uploads\\\/2025\\\/07\\\/images.png\",\"@id\":\"https:\\\/\\\/tuplice.pl\\\/index.php\\\/2020\\\/03\\\/27\\\/wybory-prezydenckie-2020-zglaszanie-kandydatow-na-czlonkow-obwodowych-komisji-wyborczych\\\/#organizationLogo\",\"width\":282,\"height\":179},\"image\":{\"@id\":\"https:\\\/\\\/tuplice.pl\\\/index.php\\\/2020\\\/03\\\/27\\\/wybory-prezydenckie-2020-zglaszanie-kandydatow-na-czlonkow-obwodowych-komisji-wyborczych\\\/#organizationLogo\"},\"sameAs\":[\"https:\\\/\\\/facebook.com\\\/Tuplicki Biuletyn Informacyjny\",\"https:\\\/\\\/pinterest.com\\\/Tuplicki Biuletyn Informacyjny\",\"https:\\\/\\\/youtube.com\\\/Tuplicki Biuletyn Informacyjny\"]},{\"@type\":\"Person\",\"@id\":\"https:\\\/\\\/tuplice.pl\\\/index.php\\\/author\\\/koniekt\\\/#author\",\"url\":\"https:\\\/\\\/tuplice.pl\\\/index.php\\\/author\\\/koniekt\\\/\",\"name\":\"koniekt\",\"image\":{\"@type\":\"ImageObject\",\"@id\":\"https:\\\/\\\/tuplice.pl\\\/index.php\\\/2020\\\/03\\\/27\\\/wybory-prezydenckie-2020-zglaszanie-kandydatow-na-czlonkow-obwodowych-komisji-wyborczych\\\/#authorImage\",\"url\":\"https:\\\/\\\/secure.gravatar.com\\\/avatar\\\/3f87aae64e81471e1be15c23c2d20321?s=96&d=mm&r=g\",\"width\":96,\"height\":96,\"caption\":\"koniekt\"}},{\"@type\":\"WebPage\",\"@id\":\"https:\\\/\\\/tuplice.pl\\\/index.php\\\/2020\\\/03\\\/27\\\/wybory-prezydenckie-2020-zglaszanie-kandydatow-na-czlonkow-obwodowych-komisji-wyborczych\\\/#webpage\",\"url\":\"https:\\\/\\\/tuplice.pl\\\/index.php\\\/2020\\\/03\\\/27\\\/wybory-prezydenckie-2020-zglaszanie-kandydatow-na-czlonkow-obwodowych-komisji-wyborczych\\\/\",\"name\":\"Wybory prezydenckie 2020 \\u2013 zg\\u0142aszanie kandydat\\u00f3w na cz\\u0142onk\\u00f3w obwodowych komisji wyborczych - Gmina Tuplice\",\"description\":\"Informacja w sprawie sposobu zg\\u0142aszania kandydat\\u00f3w na cz\\u0142onk\\u00f3w obwodowych komisji wyborczych >>TUTAJ\",\"inLanguage\":\"pl-PL\",\"isPartOf\":{\"@id\":\"https:\\\/\\\/tuplice.pl\\\/#website\"},\"breadcrumb\":{\"@id\":\"https:\\\/\\\/tuplice.pl\\\/index.php\\\/2020\\\/03\\\/27\\\/wybory-prezydenckie-2020-zglaszanie-kandydatow-na-czlonkow-obwodowych-komisji-wyborczych\\\/#breadcrumblist\"},\"author\":{\"@id\":\"https:\\\/\\\/tuplice.pl\\\/index.php\\\/author\\\/koniekt\\\/#author\"},\"creator\":{\"@id\":\"https:\\\/\\\/tuplice.pl\\\/index.php\\\/author\\\/koniekt\\\/#author\"},\"image\":{\"@type\":\"ImageObject\",\"url\":\"https:\\\/\\\/tuplice.pl\\\/wp-content\\\/uploads\\\/2020\\\/03\\\/goreaJQrY9fF5AA7YVAHT9eq66cx4aucAolYKQD7.jpeg\",\"@id\":\"https:\\\/\\\/tuplice.pl\\\/index.php\\\/2020\\\/03\\\/27\\\/wybory-prezydenckie-2020-zglaszanie-kandydatow-na-czlonkow-obwodowych-komisji-wyborczych\\\/#mainImage\",\"width\":830,\"height\":450},\"primaryImageOfPage\":{\"@id\":\"https:\\\/\\\/tuplice.pl\\\/index.php\\\/2020\\\/03\\\/27\\\/wybory-prezydenckie-2020-zglaszanie-kandydatow-na-czlonkow-obwodowych-komisji-wyborczych\\\/#mainImage\"},\"datePublished\":\"2020-03-27T11:20:54+01:00\",\"dateModified\":\"2020-03-27T12:13:14+01:00\"},{\"@type\":\"WebSite\",\"@id\":\"https:\\\/\\\/tuplice.pl\\\/#website\",\"url\":\"https:\\\/\\\/tuplice.pl\\\/\",\"name\":\"Gmina Tuplice\",\"description\":\"Strona Gminy Tuplice\",\"inLanguage\":\"pl-PL\",\"publisher\":{\"@id\":\"https:\\\/\\\/tuplice.pl\\\/#organization\"}}]}\n\t\t<\/script>\n\t\t<!-- All in One SEO -->\n\n","aioseo_head_json":{"title":"Wybory prezydenckie 2020 \u2013 zg\u0142aszanie kandydat\u00f3w na cz\u0142onk\u00f3w obwodowych komisji wyborczych - Gmina Tuplice","description":"Informacja w sprawie sposobu zg\u0142aszania kandydat\u00f3w na cz\u0142onk\u00f3w obwodowych komisji wyborczych >>TUTAJ","canonical_url":"https:\/\/tuplice.pl\/index.php\/2020\/03\/27\/wybory-prezydenckie-2020-zglaszanie-kandydatow-na-czlonkow-obwodowych-komisji-wyborczych\/","robots":"max-image-preview:large","keywords":"","webmasterTools":{"miscellaneous":""},"schema":{"@context":"https:\/\/schema.org","@graph":[{"@type":"BlogPosting","@id":"https:\/\/tuplice.pl\/index.php\/2020\/03\/27\/wybory-prezydenckie-2020-zglaszanie-kandydatow-na-czlonkow-obwodowych-komisji-wyborczych\/#blogposting","name":"Wybory prezydenckie 2020 \u2013 zg\u0142aszanie kandydat\u00f3w na cz\u0142onk\u00f3w obwodowych komisji wyborczych - Gmina Tuplice","headline":"Wybory prezydenckie 2020 &#8211; zg\u0142aszanie kandydat\u00f3w na cz\u0142onk\u00f3w obwodowych komisji wyborczych","author":{"@id":"https:\/\/tuplice.pl\/index.php\/author\/koniekt\/#author"},"publisher":{"@id":"https:\/\/tuplice.pl\/#organization"},"image":{"@type":"ImageObject","url":"https:\/\/tuplice.pl\/wp-content\/uploads\/2020\/03\/goreaJQrY9fF5AA7YVAHT9eq66cx4aucAolYKQD7.jpeg","width":830,"height":450},"datePublished":"2020-03-27T11:20:54+01:00","dateModified":"2020-03-27T12:13:14+01:00","inLanguage":"pl-PL","mainEntityOfPage":{"@id":"https:\/\/tuplice.pl\/index.php\/2020\/03\/27\/wybory-prezydenckie-2020-zglaszanie-kandydatow-na-czlonkow-obwodowych-komisji-wyborczych\/#webpage"},"isPartOf":{"@id":"https:\/\/tuplice.pl\/index.php\/2020\/03\/27\/wybory-prezydenckie-2020-zglaszanie-kandydatow-na-czlonkow-obwodowych-komisji-wyborczych\/#webpage"},"articleSection":"Aktualno\u015bci"},{"@type":"BreadcrumbList","@id":"https:\/\/tuplice.pl\/index.php\/2020\/03\/27\/wybory-prezydenckie-2020-zglaszanie-kandydatow-na-czlonkow-obwodowych-komisji-wyborczych\/#breadcrumblist","itemListElement":[{"@type":"ListItem","@id":"https:\/\/tuplice.pl#listItem","position":1,"name":"Home","item":"https:\/\/tuplice.pl","nextItem":{"@type":"ListItem","@id":"https:\/\/tuplice.pl\/index.php\/category\/aktualnosci\/#listItem","name":"Aktualno\u015bci"}},{"@type":"ListItem","@id":"https:\/\/tuplice.pl\/index.php\/category\/aktualnosci\/#listItem","position":2,"name":"Aktualno\u015bci","item":"https:\/\/tuplice.pl\/index.php\/category\/aktualnosci\/","nextItem":{"@type":"ListItem","@id":"https:\/\/tuplice.pl\/index.php\/2020\/03\/27\/wybory-prezydenckie-2020-zglaszanie-kandydatow-na-czlonkow-obwodowych-komisji-wyborczych\/#listItem","name":"Wybory prezydenckie 2020 &#8211; zg\u0142aszanie kandydat\u00f3w na cz\u0142onk\u00f3w obwodowych komisji wyborczych"},"previousItem":{"@type":"ListItem","@id":"https:\/\/tuplice.pl#listItem","name":"Home"}},{"@type":"ListItem","@id":"https:\/\/tuplice.pl\/index.php\/2020\/03\/27\/wybory-prezydenckie-2020-zglaszanie-kandydatow-na-czlonkow-obwodowych-komisji-wyborczych\/#listItem","position":3,"name":"Wybory prezydenckie 2020 &#8211; zg\u0142aszanie kandydat\u00f3w na cz\u0142onk\u00f3w obwodowych komisji wyborczych","previousItem":{"@type":"ListItem","@id":"https:\/\/tuplice.pl\/index.php\/category\/aktualnosci\/#listItem","name":"Aktualno\u015bci"}}]},{"@type":"Organization","@id":"https:\/\/tuplice.pl\/#organization","name":"Gmina Tuplice Gmina Tuplice","description":"Strona Gminy Tuplice Strona Urz\u0119du Gminy Tuplice","url":"https:\/\/tuplice.pl\/","telephone":"+48683625720","logo":{"@type":"ImageObject","url":"https:\/\/tuplice.pl\/wp-content\/uploads\/2025\/07\/images.png","@id":"https:\/\/tuplice.pl\/index.php\/2020\/03\/27\/wybory-prezydenckie-2020-zglaszanie-kandydatow-na-czlonkow-obwodowych-komisji-wyborczych\/#organizationLogo","width":282,"height":179},"image":{"@id":"https:\/\/tuplice.pl\/index.php\/2020\/03\/27\/wybory-prezydenckie-2020-zglaszanie-kandydatow-na-czlonkow-obwodowych-komisji-wyborczych\/#organizationLogo"},"sameAs":["https:\/\/facebook.com\/Tuplicki Biuletyn Informacyjny","https:\/\/pinterest.com\/Tuplicki Biuletyn Informacyjny","https:\/\/youtube.com\/Tuplicki Biuletyn Informacyjny"]},{"@type":"Person","@id":"https:\/\/tuplice.pl\/index.php\/author\/koniekt\/#author","url":"https:\/\/tuplice.pl\/index.php\/author\/koniekt\/","name":"koniekt","image":{"@type":"ImageObject","@id":"https:\/\/tuplice.pl\/index.php\/2020\/03\/27\/wybory-prezydenckie-2020-zglaszanie-kandydatow-na-czlonkow-obwodowych-komisji-wyborczych\/#authorImage","url":"https:\/\/secure.gravatar.com\/avatar\/3f87aae64e81471e1be15c23c2d20321?s=96&d=mm&r=g","width":96,"height":96,"caption":"koniekt"}},{"@type":"WebPage","@id":"https:\/\/tuplice.pl\/index.php\/2020\/03\/27\/wybory-prezydenckie-2020-zglaszanie-kandydatow-na-czlonkow-obwodowych-komisji-wyborczych\/#webpage","url":"https:\/\/tuplice.pl\/index.php\/2020\/03\/27\/wybory-prezydenckie-2020-zglaszanie-kandydatow-na-czlonkow-obwodowych-komisji-wyborczych\/","name":"Wybory prezydenckie 2020 \u2013 zg\u0142aszanie kandydat\u00f3w na cz\u0142onk\u00f3w obwodowych komisji wyborczych - Gmina Tuplice","description":"Informacja w sprawie sposobu zg\u0142aszania kandydat\u00f3w na cz\u0142onk\u00f3w obwodowych komisji wyborczych >>TUTAJ","inLanguage":"pl-PL","isPartOf":{"@id":"https:\/\/tuplice.pl\/#website"},"breadcrumb":{"@id":"https:\/\/tuplice.pl\/index.php\/2020\/03\/27\/wybory-prezydenckie-2020-zglaszanie-kandydatow-na-czlonkow-obwodowych-komisji-wyborczych\/#breadcrumblist"},"author":{"@id":"https:\/\/tuplice.pl\/index.php\/author\/koniekt\/#author"},"creator":{"@id":"https:\/\/tuplice.pl\/index.php\/author\/koniekt\/#author"},"image":{"@type":"ImageObject","url":"https:\/\/tuplice.pl\/wp-content\/uploads\/2020\/03\/goreaJQrY9fF5AA7YVAHT9eq66cx4aucAolYKQD7.jpeg","@id":"https:\/\/tuplice.pl\/index.php\/2020\/03\/27\/wybory-prezydenckie-2020-zglaszanie-kandydatow-na-czlonkow-obwodowych-komisji-wyborczych\/#mainImage","width":830,"height":450},"primaryImageOfPage":{"@id":"https:\/\/tuplice.pl\/index.php\/2020\/03\/27\/wybory-prezydenckie-2020-zglaszanie-kandydatow-na-czlonkow-obwodowych-komisji-wyborczych\/#mainImage"},"datePublished":"2020-03-27T11:20:54+01:00","dateModified":"2020-03-27T12:13:14+01:00"},{"@type":"WebSite","@id":"https:\/\/tuplice.pl\/#website","url":"https:\/\/tuplice.pl\/","name":"Gmina Tuplice","description":"Strona Gminy Tuplice","inLanguage":"pl-PL","publisher":{"@id":"https:\/\/tuplice.pl\/#organization"}}]},"og:locale":"pl_PL","og:site_name":"Gmina Tuplice - Strona Gminy Tuplice","og:type":"article","og:title":"Wybory prezydenckie 2020 \u2013 zg\u0142aszanie kandydat\u00f3w na cz\u0142onk\u00f3w obwodowych komisji wyborczych - Gmina Tuplice","og:description":"Informacja w sprawie sposobu zg\u0142aszania kandydat\u00f3w na cz\u0142onk\u00f3w obwodowych komisji wyborczych &gt;&gt;TUTAJ","og:url":"https:\/\/tuplice.pl\/index.php\/2020\/03\/27\/wybory-prezydenckie-2020-zglaszanie-kandydatow-na-czlonkow-obwodowych-komisji-wyborczych\/","article:published_time":"2020-03-27T10:20:54+00:00","article:modified_time":"2020-03-27T11:13:14+00:00","article:publisher":"https:\/\/facebook.com\/Tuplicki Biuletyn Informacyjny","twitter:card":"summary_large_image","twitter:title":"Wybory prezydenckie 2020 \u2013 zg\u0142aszanie kandydat\u00f3w na cz\u0142onk\u00f3w obwodowych komisji wyborczych - Gmina Tuplice","twitter:description":"Informacja w sprawie sposobu zg\u0142aszania kandydat\u00f3w na cz\u0142onk\u00f3w obwodowych komisji wyborczych &gt;&gt;TUTAJ"},"aioseo_meta_data":{"post_id":"3789","title":null,"description":null,"keywords":null,"keyphrases":null,"primary_term":null,"canonical_url":null,"og_title":null,"og_description":null,"og_object_type":"default","og_image_type":"default","og_image_url":null,"og_image_width":null,"og_image_height":null,"og_image_custom_url":null,"og_image_custom_fields":null,"og_video":null,"og_custom_url":null,"og_article_section":null,"og_article_tags":null,"twitter_use_og":false,"twitter_card":"default","twitter_image_type":"default","twitter_image_url":null,"twitter_image_custom_url":null,"twitter_image_custom_fields":null,"twitter_title":null,"twitter_description":null,"schema":{"blockGraphs":[],"customGraphs":[],"default":{"data":{"Article":[],"Course":[],"Dataset":[],"FAQPage":[],"Movie":[],"Person":[],"Product":[],"ProductReview":[],"Car":[],"Recipe":[],"Service":[],"SoftwareApplication":[],"WebPage":[]},"graphName":"","isEnabled":true},"graphs":[]},"schema_type":"default","schema_type_options":null,"pillar_content":false,"robots_default":true,"robots_noindex":false,"robots_noarchive":false,"robots_nosnippet":false,"robots_nofollow":false,"robots_noimageindex":false,"robots_noodp":false,"robots_notranslate":false,"robots_max_snippet":null,"robots_max_videopreview":null,"robots_max_imagepreview":"large","priority":null,"frequency":null,"local_seo":null,"breadcrumb_settings":null,"limit_modified_date":false,"ai":null,"created":"2025-07-22 23:32:35","updated":"2025-07-22 23:32:35","seo_analyzer_scan_date":null},"aioseo_breadcrumb":"<div class=\"aioseo-breadcrumbs\"><span class=\"aioseo-breadcrumb\">\n\t\t\t<a href=\"https:\/\/tuplice.pl\" title=\"Home\">Home<\/a>\n\t\t<\/span><span class=\"aioseo-breadcrumb-separator\">&raquo;<\/span><span class=\"aioseo-breadcrumb\">\n\t\t\t<a href=\"https:\/\/tuplice.pl\/index.php\/category\/aktualnosci\/\" title=\"Aktualno\u015bci\">Aktualno\u015bci<\/a>\n\t\t<\/span><span class=\"aioseo-breadcrumb-separator\">&raquo;<\/span><span class=\"aioseo-breadcrumb\">\n\t\t\tWybory prezydenckie 2020 \u2013 zg\u0142aszanie kandydat\u00f3w na cz\u0142onk\u00f3w obwodowych komisji wyborczych\n\t\t<\/span><\/div>","aioseo_breadcrumb_json":[{"label":"Home","link":"https:\/\/tuplice.pl"},{"label":"Aktualno\u015bci","link":"https:\/\/tuplice.pl\/index.php\/category\/aktualnosci\/"},{"label":"Wybory prezydenckie 2020 &#8211; zg\u0142aszanie kandydat\u00f3w na cz\u0142onk\u00f3w obwodowych komisji wyborczych","link":"https:\/\/tuplice.pl\/index.php\/2020\/03\/27\/wybory-prezydenckie-2020-zglaszanie-kandydatow-na-czlonkow-obwodowych-komisji-wyborczych\/"}],"a3_pvc":{"activated":false,"total_views":0,"today_views":0},"_links":{"self":[{"href":"https:\/\/tuplice.pl\/index.php\/wp-json\/wp\/v2\/posts\/3789"}],"collection":[{"href":"https:\/\/tuplice.pl\/index.php\/wp-json\/wp\/v2\/posts"}],"about":[{"href":"https:\/\/tuplice.pl\/index.php\/wp-json\/wp\/v2\/types\/post"}],"author":[{"embeddable":true,"href":"https:\/\/tuplice.pl\/index.php\/wp-json\/wp\/v2\/users\/1"}],"replies":[{"embeddable":true,"href":"https:\/\/tuplice.pl\/index.php\/wp-json\/wp\/v2\/comments?post=3789"}],"version-history":[{"count":2,"href":"https:\/\/tuplice.pl\/index.php\/wp-json\/wp\/v2\/posts\/3789\/revisions"}],"predecessor-version":[{"id":3795,"href":"https:\/\/tuplice.pl\/index.php\/wp-json\/wp\/v2\/posts\/3789\/revisions\/3795"}],"wp:featuredmedia":[{"embeddable":true,"href":"https:\/\/tuplice.pl\/index.php\/wp-json\/wp\/v2\/media\/3798"}],"wp:attachment":[{"href":"https:\/\/tuplice.pl\/index.php\/wp-json\/wp\/v2\/media?parent=3789"}],"wp:term":[{"taxonomy":"category","embeddable":true,"href":"https:\/\/tuplice.pl\/index.php\/wp-json\/wp\/v2\/categories?post=3789"},{"taxonomy":"post_tag","embeddable":true,"href":"https:\/\/tuplice.pl\/index.php\/wp-json\/wp\/v2\/tags?post=3789"}],"curies":[{"name":"wp","href":"https:\/\/api.w.org\/{rel}","templated":true}]}}