{"id":3808,"date":"2020-04-01T10:22:30","date_gmt":"2020-04-01T08:22:30","guid":{"rendered":"http:\/\/tuplice.pl\/?p=3808"},"modified":"2020-04-01T10:42:37","modified_gmt":"2020-04-01T08:42:37","slug":"rozporzadzenie-rady-ministrow-z-dnia-31-marca-2020-r-w-sprawie-ustanowienia-okreslonych-ograniczen-nakazow-i-zakazow-w-zwiazku-z-wystapieniem-stanu-epidemii","status":"publish","type":"post","link":"https:\/\/tuplice.pl\/index.php\/2020\/04\/01\/rozporzadzenie-rady-ministrow-z-dnia-31-marca-2020-r-w-sprawie-ustanowienia-okreslonych-ograniczen-nakazow-i-zakazow-w-zwiazku-z-wystapieniem-stanu-epidemii\/","title":{"rendered":"Rozporz\u0105dzenie Rady Ministr\u00f3w z dnia 31 marca 2020 r. w sprawie ustanowienia okre\u015blonych ogranicze\u0144, nakaz\u00f3w i zakaz\u00f3w w zwi\u0105zku z wyst\u0105pieniem stanu epidemii"},"content":{"rendered":"<h1 style=\"text-align: center;\"><img decoding=\"async\" loading=\"lazy\" class=\"aligncenter size-large wp-image-3809\" src=\"https:\/\/tuplice.pl\/wp-content\/uploads\/2020\/04\/Rozporz\u0105dzenie-RM-z-dnia-31-marca-2020-r.-w-sprawie-ustanowienia-okre\u015blonych-ogranicze\u0144-nakaz\u00f3w-i-zakaz\u00f3w-w-zwi\u0105zku-z-wyst\u0105pieniem-stanu-epidemii-01-724x1024.jpg\" alt=\"\" width=\"724\" height=\"1024\" srcset=\"https:\/\/tuplice.pl\/wp-content\/uploads\/2020\/04\/Rozporz\u0105dzenie-RM-z-dnia-31-marca-2020-r.-w-sprawie-ustanowienia-okre\u015blonych-ogranicze\u0144-nakaz\u00f3w-i-zakaz\u00f3w-w-zwi\u0105zku-z-wyst\u0105pieniem-stanu-epidemii-01-724x1024.jpg 724w, https:\/\/tuplice.pl\/wp-content\/uploads\/2020\/04\/Rozporz\u0105dzenie-RM-z-dnia-31-marca-2020-r.-w-sprawie-ustanowienia-okre\u015blonych-ogranicze\u0144-nakaz\u00f3w-i-zakaz\u00f3w-w-zwi\u0105zku-z-wyst\u0105pieniem-stanu-epidemii-01-212x300.jpg 212w, https:\/\/tuplice.pl\/wp-content\/uploads\/2020\/04\/Rozporz\u0105dzenie-RM-z-dnia-31-marca-2020-r.-w-sprawie-ustanowienia-okre\u015blonych-ogranicze\u0144-nakaz\u00f3w-i-zakaz\u00f3w-w-zwi\u0105zku-z-wyst\u0105pieniem-stanu-epidemii-01-768x1086.jpg 768w, https:\/\/tuplice.pl\/wp-content\/uploads\/2020\/04\/Rozporz\u0105dzenie-RM-z-dnia-31-marca-2020-r.-w-sprawie-ustanowienia-okre\u015blonych-ogranicze\u0144-nakaz\u00f3w-i-zakaz\u00f3w-w-zwi\u0105zku-z-wyst\u0105pieniem-stanu-epidemii-01-1086x1536.jpg 1086w, https:\/\/tuplice.pl\/wp-content\/uploads\/2020\/04\/Rozporz\u0105dzenie-RM-z-dnia-31-marca-2020-r.-w-sprawie-ustanowienia-okre\u015blonych-ogranicze\u0144-nakaz\u00f3w-i-zakaz\u00f3w-w-zwi\u0105zku-z-wyst\u0105pieniem-stanu-epidemii-01-1448x2048.jpg 1448w, https:\/\/tuplice.pl\/wp-content\/uploads\/2020\/04\/Rozporz\u0105dzenie-RM-z-dnia-31-marca-2020-r.-w-sprawie-ustanowienia-okre\u015blonych-ogranicze\u0144-nakaz\u00f3w-i-zakaz\u00f3w-w-zwi\u0105zku-z-wyst\u0105pieniem-stanu-epidemii-01-1080x1527.jpg 1080w, https:\/\/tuplice.pl\/wp-content\/uploads\/2020\/04\/Rozporz\u0105dzenie-RM-z-dnia-31-marca-2020-r.-w-sprawie-ustanowienia-okre\u015blonych-ogranicze\u0144-nakaz\u00f3w-i-zakaz\u00f3w-w-zwi\u0105zku-z-wyst\u0105pieniem-stanu-epidemii-01-1280x1810.jpg 1280w, https:\/\/tuplice.pl\/wp-content\/uploads\/2020\/04\/Rozporz\u0105dzenie-RM-z-dnia-31-marca-2020-r.-w-sprawie-ustanowienia-okre\u015blonych-ogranicze\u0144-nakaz\u00f3w-i-zakaz\u00f3w-w-zwi\u0105zku-z-wyst\u0105pieniem-stanu-epidemii-01-980x1386.jpg 980w, https:\/\/tuplice.pl\/wp-content\/uploads\/2020\/04\/Rozporz\u0105dzenie-RM-z-dnia-31-marca-2020-r.-w-sprawie-ustanowienia-okre\u015blonych-ogranicze\u0144-nakaz\u00f3w-i-zakaz\u00f3w-w-zwi\u0105zku-z-wyst\u0105pieniem-stanu-epidemii-01-480x679.jpg 480w, https:\/\/tuplice.pl\/wp-content\/uploads\/2020\/04\/Rozporz\u0105dzenie-RM-z-dnia-31-marca-2020-r.-w-sprawie-ustanowienia-okre\u015blonych-ogranicze\u0144-nakaz\u00f3w-i-zakaz\u00f3w-w-zwi\u0105zku-z-wyst\u0105pieniem-stanu-epidemii-01.jpg 1654w\" sizes=\"(max-width: 724px) 100vw, 724px\" \/><img decoding=\"async\" loading=\"lazy\" class=\"aligncenter size-large wp-image-3810\" src=\"https:\/\/tuplice.pl\/wp-content\/uploads\/2020\/04\/Rozporz\u0105dzenie-RM-z-dnia-31-marca-2020-r.-w-sprawie-ustanowienia-okre\u015blonych-ogranicze\u0144-nakaz\u00f3w-i-zakaz\u00f3w-w-zwi\u0105zku-z-wyst\u0105pieniem-stanu-epidemii-02-724x1024.jpg\" alt=\"\" width=\"724\" height=\"1024\" srcset=\"https:\/\/tuplice.pl\/wp-content\/uploads\/2020\/04\/Rozporz\u0105dzenie-RM-z-dnia-31-marca-2020-r.-w-sprawie-ustanowienia-okre\u015blonych-ogranicze\u0144-nakaz\u00f3w-i-zakaz\u00f3w-w-zwi\u0105zku-z-wyst\u0105pieniem-stanu-epidemii-02-724x1024.jpg 724w, https:\/\/tuplice.pl\/wp-content\/uploads\/2020\/04\/Rozporz\u0105dzenie-RM-z-dnia-31-marca-2020-r.-w-sprawie-ustanowienia-okre\u015blonych-ogranicze\u0144-nakaz\u00f3w-i-zakaz\u00f3w-w-zwi\u0105zku-z-wyst\u0105pieniem-stanu-epidemii-02-212x300.jpg 212w, https:\/\/tuplice.pl\/wp-content\/uploads\/2020\/04\/Rozporz\u0105dzenie-RM-z-dnia-31-marca-2020-r.-w-sprawie-ustanowienia-okre\u015blonych-ogranicze\u0144-nakaz\u00f3w-i-zakaz\u00f3w-w-zwi\u0105zku-z-wyst\u0105pieniem-stanu-epidemii-02-768x1086.jpg 768w, https:\/\/tuplice.pl\/wp-content\/uploads\/2020\/04\/Rozporz\u0105dzenie-RM-z-dnia-31-marca-2020-r.-w-sprawie-ustanowienia-okre\u015blonych-ogranicze\u0144-nakaz\u00f3w-i-zakaz\u00f3w-w-zwi\u0105zku-z-wyst\u0105pieniem-stanu-epidemii-02-1086x1536.jpg 1086w, https:\/\/tuplice.pl\/wp-content\/uploads\/2020\/04\/Rozporz\u0105dzenie-RM-z-dnia-31-marca-2020-r.-w-sprawie-ustanowienia-okre\u015blonych-ogranicze\u0144-nakaz\u00f3w-i-zakaz\u00f3w-w-zwi\u0105zku-z-wyst\u0105pieniem-stanu-epidemii-02-1448x2048.jpg 1448w, https:\/\/tuplice.pl\/wp-content\/uploads\/2020\/04\/Rozporz\u0105dzenie-RM-z-dnia-31-marca-2020-r.-w-sprawie-ustanowienia-okre\u015blonych-ogranicze\u0144-nakaz\u00f3w-i-zakaz\u00f3w-w-zwi\u0105zku-z-wyst\u0105pieniem-stanu-epidemii-02-1080x1527.jpg 1080w, https:\/\/tuplice.pl\/wp-content\/uploads\/2020\/04\/Rozporz\u0105dzenie-RM-z-dnia-31-marca-2020-r.-w-sprawie-ustanowienia-okre\u015blonych-ogranicze\u0144-nakaz\u00f3w-i-zakaz\u00f3w-w-zwi\u0105zku-z-wyst\u0105pieniem-stanu-epidemii-02-1280x1810.jpg 1280w, https:\/\/tuplice.pl\/wp-content\/uploads\/2020\/04\/Rozporz\u0105dzenie-RM-z-dnia-31-marca-2020-r.-w-sprawie-ustanowienia-okre\u015blonych-ogranicze\u0144-nakaz\u00f3w-i-zakaz\u00f3w-w-zwi\u0105zku-z-wyst\u0105pieniem-stanu-epidemii-02-980x1386.jpg 980w, https:\/\/tuplice.pl\/wp-content\/uploads\/2020\/04\/Rozporz\u0105dzenie-RM-z-dnia-31-marca-2020-r.-w-sprawie-ustanowienia-okre\u015blonych-ogranicze\u0144-nakaz\u00f3w-i-zakaz\u00f3w-w-zwi\u0105zku-z-wyst\u0105pieniem-stanu-epidemii-02-480x679.jpg 480w, https:\/\/tuplice.pl\/wp-content\/uploads\/2020\/04\/Rozporz\u0105dzenie-RM-z-dnia-31-marca-2020-r.-w-sprawie-ustanowienia-okre\u015blonych-ogranicze\u0144-nakaz\u00f3w-i-zakaz\u00f3w-w-zwi\u0105zku-z-wyst\u0105pieniem-stanu-epidemii-02.jpg 1654w\" sizes=\"(max-width: 724px) 100vw, 724px\" \/><img decoding=\"async\" loading=\"lazy\" class=\"aligncenter size-large wp-image-3811\" src=\"https:\/\/tuplice.pl\/wp-content\/uploads\/2020\/04\/Rozporz\u0105dzenie-RM-z-dnia-31-marca-2020-r.-w-sprawie-ustanowienia-okre\u015blonych-ogranicze\u0144-nakaz\u00f3w-i-zakaz\u00f3w-w-zwi\u0105zku-z-wyst\u0105pieniem-stanu-epidemii-03-724x1024.jpg\" alt=\"\" width=\"724\" height=\"1024\" srcset=\"https:\/\/tuplice.pl\/wp-content\/uploads\/2020\/04\/Rozporz\u0105dzenie-RM-z-dnia-31-marca-2020-r.-w-sprawie-ustanowienia-okre\u015blonych-ogranicze\u0144-nakaz\u00f3w-i-zakaz\u00f3w-w-zwi\u0105zku-z-wyst\u0105pieniem-stanu-epidemii-03-724x1024.jpg 724w, https:\/\/tuplice.pl\/wp-content\/uploads\/2020\/04\/Rozporz\u0105dzenie-RM-z-dnia-31-marca-2020-r.-w-sprawie-ustanowienia-okre\u015blonych-ogranicze\u0144-nakaz\u00f3w-i-zakaz\u00f3w-w-zwi\u0105zku-z-wyst\u0105pieniem-stanu-epidemii-03-212x300.jpg 212w, https:\/\/tuplice.pl\/wp-content\/uploads\/2020\/04\/Rozporz\u0105dzenie-RM-z-dnia-31-marca-2020-r.-w-sprawie-ustanowienia-okre\u015blonych-ogranicze\u0144-nakaz\u00f3w-i-zakaz\u00f3w-w-zwi\u0105zku-z-wyst\u0105pieniem-stanu-epidemii-03-768x1086.jpg 768w, https:\/\/tuplice.pl\/wp-content\/uploads\/2020\/04\/Rozporz\u0105dzenie-RM-z-dnia-31-marca-2020-r.-w-sprawie-ustanowienia-okre\u015blonych-ogranicze\u0144-nakaz\u00f3w-i-zakaz\u00f3w-w-zwi\u0105zku-z-wyst\u0105pieniem-stanu-epidemii-03-1086x1536.jpg 1086w, https:\/\/tuplice.pl\/wp-content\/uploads\/2020\/04\/Rozporz\u0105dzenie-RM-z-dnia-31-marca-2020-r.-w-sprawie-ustanowienia-okre\u015blonych-ogranicze\u0144-nakaz\u00f3w-i-zakaz\u00f3w-w-zwi\u0105zku-z-wyst\u0105pieniem-stanu-epidemii-03-1448x2048.jpg 1448w, https:\/\/tuplice.pl\/wp-content\/uploads\/2020\/04\/Rozporz\u0105dzenie-RM-z-dnia-31-marca-2020-r.-w-sprawie-ustanowienia-okre\u015blonych-ogranicze\u0144-nakaz\u00f3w-i-zakaz\u00f3w-w-zwi\u0105zku-z-wyst\u0105pieniem-stanu-epidemii-03-1080x1527.jpg 1080w, https:\/\/tuplice.pl\/wp-content\/uploads\/2020\/04\/Rozporz\u0105dzenie-RM-z-dnia-31-marca-2020-r.-w-sprawie-ustanowienia-okre\u015blonych-ogranicze\u0144-nakaz\u00f3w-i-zakaz\u00f3w-w-zwi\u0105zku-z-wyst\u0105pieniem-stanu-epidemii-03-1280x1810.jpg 1280w, https:\/\/tuplice.pl\/wp-content\/uploads\/2020\/04\/Rozporz\u0105dzenie-RM-z-dnia-31-marca-2020-r.-w-sprawie-ustanowienia-okre\u015blonych-ogranicze\u0144-nakaz\u00f3w-i-zakaz\u00f3w-w-zwi\u0105zku-z-wyst\u0105pieniem-stanu-epidemii-03-980x1386.jpg 980w, https:\/\/tuplice.pl\/wp-content\/uploads\/2020\/04\/Rozporz\u0105dzenie-RM-z-dnia-31-marca-2020-r.-w-sprawie-ustanowienia-okre\u015blonych-ogranicze\u0144-nakaz\u00f3w-i-zakaz\u00f3w-w-zwi\u0105zku-z-wyst\u0105pieniem-stanu-epidemii-03-480x679.jpg 480w, https:\/\/tuplice.pl\/wp-content\/uploads\/2020\/04\/Rozporz\u0105dzenie-RM-z-dnia-31-marca-2020-r.-w-sprawie-ustanowienia-okre\u015blonych-ogranicze\u0144-nakaz\u00f3w-i-zakaz\u00f3w-w-zwi\u0105zku-z-wyst\u0105pieniem-stanu-epidemii-03.jpg 1654w\" sizes=\"(max-width: 724px) 100vw, 724px\" \/><img decoding=\"async\" loading=\"lazy\" class=\"aligncenter size-large wp-image-3812\" src=\"https:\/\/tuplice.pl\/wp-content\/uploads\/2020\/04\/Rozporz\u0105dzenie-RM-z-dnia-31-marca-2020-r.-w-sprawie-ustanowienia-okre\u015blonych-ogranicze\u0144-nakaz\u00f3w-i-zakaz\u00f3w-w-zwi\u0105zku-z-wyst\u0105pieniem-stanu-epidemii-04-724x1024.jpg\" alt=\"\" width=\"724\" height=\"1024\" srcset=\"https:\/\/tuplice.pl\/wp-content\/uploads\/2020\/04\/Rozporz\u0105dzenie-RM-z-dnia-31-marca-2020-r.-w-sprawie-ustanowienia-okre\u015blonych-ogranicze\u0144-nakaz\u00f3w-i-zakaz\u00f3w-w-zwi\u0105zku-z-wyst\u0105pieniem-stanu-epidemii-04-724x1024.jpg 724w, https:\/\/tuplice.pl\/wp-content\/uploads\/2020\/04\/Rozporz\u0105dzenie-RM-z-dnia-31-marca-2020-r.-w-sprawie-ustanowienia-okre\u015blonych-ogranicze\u0144-nakaz\u00f3w-i-zakaz\u00f3w-w-zwi\u0105zku-z-wyst\u0105pieniem-stanu-epidemii-04-212x300.jpg 212w, https:\/\/tuplice.pl\/wp-content\/uploads\/2020\/04\/Rozporz\u0105dzenie-RM-z-dnia-31-marca-2020-r.-w-sprawie-ustanowienia-okre\u015blonych-ogranicze\u0144-nakaz\u00f3w-i-zakaz\u00f3w-w-zwi\u0105zku-z-wyst\u0105pieniem-stanu-epidemii-04-768x1086.jpg 768w, https:\/\/tuplice.pl\/wp-content\/uploads\/2020\/04\/Rozporz\u0105dzenie-RM-z-dnia-31-marca-2020-r.-w-sprawie-ustanowienia-okre\u015blonych-ogranicze\u0144-nakaz\u00f3w-i-zakaz\u00f3w-w-zwi\u0105zku-z-wyst\u0105pieniem-stanu-epidemii-04-1086x1536.jpg 1086w, https:\/\/tuplice.pl\/wp-content\/uploads\/2020\/04\/Rozporz\u0105dzenie-RM-z-dnia-31-marca-2020-r.-w-sprawie-ustanowienia-okre\u015blonych-ogranicze\u0144-nakaz\u00f3w-i-zakaz\u00f3w-w-zwi\u0105zku-z-wyst\u0105pieniem-stanu-epidemii-04-1448x2048.jpg 1448w, https:\/\/tuplice.pl\/wp-content\/uploads\/2020\/04\/Rozporz\u0105dzenie-RM-z-dnia-31-marca-2020-r.-w-sprawie-ustanowienia-okre\u015blonych-ogranicze\u0144-nakaz\u00f3w-i-zakaz\u00f3w-w-zwi\u0105zku-z-wyst\u0105pieniem-stanu-epidemii-04-1080x1527.jpg 1080w, https:\/\/tuplice.pl\/wp-content\/uploads\/2020\/04\/Rozporz\u0105dzenie-RM-z-dnia-31-marca-2020-r.-w-sprawie-ustanowienia-okre\u015blonych-ogranicze\u0144-nakaz\u00f3w-i-zakaz\u00f3w-w-zwi\u0105zku-z-wyst\u0105pieniem-stanu-epidemii-04-1280x1810.jpg 1280w, https:\/\/tuplice.pl\/wp-content\/uploads\/2020\/04\/Rozporz\u0105dzenie-RM-z-dnia-31-marca-2020-r.-w-sprawie-ustanowienia-okre\u015blonych-ogranicze\u0144-nakaz\u00f3w-i-zakaz\u00f3w-w-zwi\u0105zku-z-wyst\u0105pieniem-stanu-epidemii-04-980x1386.jpg 980w, https:\/\/tuplice.pl\/wp-content\/uploads\/2020\/04\/Rozporz\u0105dzenie-RM-z-dnia-31-marca-2020-r.-w-sprawie-ustanowienia-okre\u015blonych-ogranicze\u0144-nakaz\u00f3w-i-zakaz\u00f3w-w-zwi\u0105zku-z-wyst\u0105pieniem-stanu-epidemii-04-480x679.jpg 480w, https:\/\/tuplice.pl\/wp-content\/uploads\/2020\/04\/Rozporz\u0105dzenie-RM-z-dnia-31-marca-2020-r.-w-sprawie-ustanowienia-okre\u015blonych-ogranicze\u0144-nakaz\u00f3w-i-zakaz\u00f3w-w-zwi\u0105zku-z-wyst\u0105pieniem-stanu-epidemii-04.jpg 1654w\" sizes=\"(max-width: 724px) 100vw, 724px\" \/> <img decoding=\"async\" loading=\"lazy\" class=\"aligncenter size-large wp-image-3813\" src=\"https:\/\/tuplice.pl\/wp-content\/uploads\/2020\/04\/Rozporz\u0105dzenie-RM-z-dnia-31-marca-2020-r.-w-sprawie-ustanowienia-okre\u015blonych-ogranicze\u0144-nakaz\u00f3w-i-zakaz\u00f3w-w-zwi\u0105zku-z-wyst\u0105pieniem-stanu-epidemii-05-724x1024.jpg\" alt=\"\" width=\"724\" height=\"1024\" srcset=\"https:\/\/tuplice.pl\/wp-content\/uploads\/2020\/04\/Rozporz\u0105dzenie-RM-z-dnia-31-marca-2020-r.-w-sprawie-ustanowienia-okre\u015blonych-ogranicze\u0144-nakaz\u00f3w-i-zakaz\u00f3w-w-zwi\u0105zku-z-wyst\u0105pieniem-stanu-epidemii-05-724x1024.jpg 724w, https:\/\/tuplice.pl\/wp-content\/uploads\/2020\/04\/Rozporz\u0105dzenie-RM-z-dnia-31-marca-2020-r.-w-sprawie-ustanowienia-okre\u015blonych-ogranicze\u0144-nakaz\u00f3w-i-zakaz\u00f3w-w-zwi\u0105zku-z-wyst\u0105pieniem-stanu-epidemii-05-212x300.jpg 212w, https:\/\/tuplice.pl\/wp-content\/uploads\/2020\/04\/Rozporz\u0105dzenie-RM-z-dnia-31-marca-2020-r.-w-sprawie-ustanowienia-okre\u015blonych-ogranicze\u0144-nakaz\u00f3w-i-zakaz\u00f3w-w-zwi\u0105zku-z-wyst\u0105pieniem-stanu-epidemii-05-768x1086.jpg 768w, https:\/\/tuplice.pl\/wp-content\/uploads\/2020\/04\/Rozporz\u0105dzenie-RM-z-dnia-31-marca-2020-r.-w-sprawie-ustanowienia-okre\u015blonych-ogranicze\u0144-nakaz\u00f3w-i-zakaz\u00f3w-w-zwi\u0105zku-z-wyst\u0105pieniem-stanu-epidemii-05-1086x1536.jpg 1086w, https:\/\/tuplice.pl\/wp-content\/uploads\/2020\/04\/Rozporz\u0105dzenie-RM-z-dnia-31-marca-2020-r.-w-sprawie-ustanowienia-okre\u015blonych-ogranicze\u0144-nakaz\u00f3w-i-zakaz\u00f3w-w-zwi\u0105zku-z-wyst\u0105pieniem-stanu-epidemii-05-1448x2048.jpg 1448w, https:\/\/tuplice.pl\/wp-content\/uploads\/2020\/04\/Rozporz\u0105dzenie-RM-z-dnia-31-marca-2020-r.-w-sprawie-ustanowienia-okre\u015blonych-ogranicze\u0144-nakaz\u00f3w-i-zakaz\u00f3w-w-zwi\u0105zku-z-wyst\u0105pieniem-stanu-epidemii-05-1080x1527.jpg 1080w, https:\/\/tuplice.pl\/wp-content\/uploads\/2020\/04\/Rozporz\u0105dzenie-RM-z-dnia-31-marca-2020-r.-w-sprawie-ustanowienia-okre\u015blonych-ogranicze\u0144-nakaz\u00f3w-i-zakaz\u00f3w-w-zwi\u0105zku-z-wyst\u0105pieniem-stanu-epidemii-05-1280x1810.jpg 1280w, https:\/\/tuplice.pl\/wp-content\/uploads\/2020\/04\/Rozporz\u0105dzenie-RM-z-dnia-31-marca-2020-r.-w-sprawie-ustanowienia-okre\u015blonych-ogranicze\u0144-nakaz\u00f3w-i-zakaz\u00f3w-w-zwi\u0105zku-z-wyst\u0105pieniem-stanu-epidemii-05-980x1386.jpg 980w, https:\/\/tuplice.pl\/wp-content\/uploads\/2020\/04\/Rozporz\u0105dzenie-RM-z-dnia-31-marca-2020-r.-w-sprawie-ustanowienia-okre\u015blonych-ogranicze\u0144-nakaz\u00f3w-i-zakaz\u00f3w-w-zwi\u0105zku-z-wyst\u0105pieniem-stanu-epidemii-05-480x679.jpg 480w, https:\/\/tuplice.pl\/wp-content\/uploads\/2020\/04\/Rozporz\u0105dzenie-RM-z-dnia-31-marca-2020-r.-w-sprawie-ustanowienia-okre\u015blonych-ogranicze\u0144-nakaz\u00f3w-i-zakaz\u00f3w-w-zwi\u0105zku-z-wyst\u0105pieniem-stanu-epidemii-05.jpg 1654w\" sizes=\"(max-width: 724px) 100vw, 724px\" \/> <img decoding=\"async\" loading=\"lazy\" class=\"aligncenter size-large wp-image-3814\" src=\"https:\/\/tuplice.pl\/wp-content\/uploads\/2020\/04\/Rozporz\u0105dzenie-RM-z-dnia-31-marca-2020-r.-w-sprawie-ustanowienia-okre\u015blonych-ogranicze\u0144-nakaz\u00f3w-i-zakaz\u00f3w-w-zwi\u0105zku-z-wyst\u0105pieniem-stanu-epidemii-06-724x1024.jpg\" alt=\"\" width=\"724\" height=\"1024\" srcset=\"https:\/\/tuplice.pl\/wp-content\/uploads\/2020\/04\/Rozporz\u0105dzenie-RM-z-dnia-31-marca-2020-r.-w-sprawie-ustanowienia-okre\u015blonych-ogranicze\u0144-nakaz\u00f3w-i-zakaz\u00f3w-w-zwi\u0105zku-z-wyst\u0105pieniem-stanu-epidemii-06-724x1024.jpg 724w, https:\/\/tuplice.pl\/wp-content\/uploads\/2020\/04\/Rozporz\u0105dzenie-RM-z-dnia-31-marca-2020-r.-w-sprawie-ustanowienia-okre\u015blonych-ogranicze\u0144-nakaz\u00f3w-i-zakaz\u00f3w-w-zwi\u0105zku-z-wyst\u0105pieniem-stanu-epidemii-06-212x300.jpg 212w, https:\/\/tuplice.pl\/wp-content\/uploads\/2020\/04\/Rozporz\u0105dzenie-RM-z-dnia-31-marca-2020-r.-w-sprawie-ustanowienia-okre\u015blonych-ogranicze\u0144-nakaz\u00f3w-i-zakaz\u00f3w-w-zwi\u0105zku-z-wyst\u0105pieniem-stanu-epidemii-06-768x1086.jpg 768w, https:\/\/tuplice.pl\/wp-content\/uploads\/2020\/04\/Rozporz\u0105dzenie-RM-z-dnia-31-marca-2020-r.-w-sprawie-ustanowienia-okre\u015blonych-ogranicze\u0144-nakaz\u00f3w-i-zakaz\u00f3w-w-zwi\u0105zku-z-wyst\u0105pieniem-stanu-epidemii-06-1086x1536.jpg 1086w, https:\/\/tuplice.pl\/wp-content\/uploads\/2020\/04\/Rozporz\u0105dzenie-RM-z-dnia-31-marca-2020-r.-w-sprawie-ustanowienia-okre\u015blonych-ogranicze\u0144-nakaz\u00f3w-i-zakaz\u00f3w-w-zwi\u0105zku-z-wyst\u0105pieniem-stanu-epidemii-06-1448x2048.jpg 1448w, https:\/\/tuplice.pl\/wp-content\/uploads\/2020\/04\/Rozporz\u0105dzenie-RM-z-dnia-31-marca-2020-r.-w-sprawie-ustanowienia-okre\u015blonych-ogranicze\u0144-nakaz\u00f3w-i-zakaz\u00f3w-w-zwi\u0105zku-z-wyst\u0105pieniem-stanu-epidemii-06-1080x1527.jpg 1080w, https:\/\/tuplice.pl\/wp-content\/uploads\/2020\/04\/Rozporz\u0105dzenie-RM-z-dnia-31-marca-2020-r.-w-sprawie-ustanowienia-okre\u015blonych-ogranicze\u0144-nakaz\u00f3w-i-zakaz\u00f3w-w-zwi\u0105zku-z-wyst\u0105pieniem-stanu-epidemii-06-1280x1810.jpg 1280w, https:\/\/tuplice.pl\/wp-content\/uploads\/2020\/04\/Rozporz\u0105dzenie-RM-z-dnia-31-marca-2020-r.-w-sprawie-ustanowienia-okre\u015blonych-ogranicze\u0144-nakaz\u00f3w-i-zakaz\u00f3w-w-zwi\u0105zku-z-wyst\u0105pieniem-stanu-epidemii-06-980x1386.jpg 980w, https:\/\/tuplice.pl\/wp-content\/uploads\/2020\/04\/Rozporz\u0105dzenie-RM-z-dnia-31-marca-2020-r.-w-sprawie-ustanowienia-okre\u015blonych-ogranicze\u0144-nakaz\u00f3w-i-zakaz\u00f3w-w-zwi\u0105zku-z-wyst\u0105pieniem-stanu-epidemii-06-480x679.jpg 480w, https:\/\/tuplice.pl\/wp-content\/uploads\/2020\/04\/Rozporz\u0105dzenie-RM-z-dnia-31-marca-2020-r.-w-sprawie-ustanowienia-okre\u015blonych-ogranicze\u0144-nakaz\u00f3w-i-zakaz\u00f3w-w-zwi\u0105zku-z-wyst\u0105pieniem-stanu-epidemii-06.jpg 1654w\" sizes=\"(max-width: 724px) 100vw, 724px\" \/> <img decoding=\"async\" loading=\"lazy\" class=\"aligncenter size-large wp-image-3815\" src=\"https:\/\/tuplice.pl\/wp-content\/uploads\/2020\/04\/Rozporz\u0105dzenie-RM-z-dnia-31-marca-2020-r.-w-sprawie-ustanowienia-okre\u015blonych-ogranicze\u0144-nakaz\u00f3w-i-zakaz\u00f3w-w-zwi\u0105zku-z-wyst\u0105pieniem-stanu-epidemii-07-724x1024.jpg\" alt=\"\" width=\"724\" height=\"1024\" srcset=\"https:\/\/tuplice.pl\/wp-content\/uploads\/2020\/04\/Rozporz\u0105dzenie-RM-z-dnia-31-marca-2020-r.-w-sprawie-ustanowienia-okre\u015blonych-ogranicze\u0144-nakaz\u00f3w-i-zakaz\u00f3w-w-zwi\u0105zku-z-wyst\u0105pieniem-stanu-epidemii-07-724x1024.jpg 724w, https:\/\/tuplice.pl\/wp-content\/uploads\/2020\/04\/Rozporz\u0105dzenie-RM-z-dnia-31-marca-2020-r.-w-sprawie-ustanowienia-okre\u015blonych-ogranicze\u0144-nakaz\u00f3w-i-zakaz\u00f3w-w-zwi\u0105zku-z-wyst\u0105pieniem-stanu-epidemii-07-212x300.jpg 212w, https:\/\/tuplice.pl\/wp-content\/uploads\/2020\/04\/Rozporz\u0105dzenie-RM-z-dnia-31-marca-2020-r.-w-sprawie-ustanowienia-okre\u015blonych-ogranicze\u0144-nakaz\u00f3w-i-zakaz\u00f3w-w-zwi\u0105zku-z-wyst\u0105pieniem-stanu-epidemii-07-768x1086.jpg 768w, https:\/\/tuplice.pl\/wp-content\/uploads\/2020\/04\/Rozporz\u0105dzenie-RM-z-dnia-31-marca-2020-r.-w-sprawie-ustanowienia-okre\u015blonych-ogranicze\u0144-nakaz\u00f3w-i-zakaz\u00f3w-w-zwi\u0105zku-z-wyst\u0105pieniem-stanu-epidemii-07-1086x1536.jpg 1086w, https:\/\/tuplice.pl\/wp-content\/uploads\/2020\/04\/Rozporz\u0105dzenie-RM-z-dnia-31-marca-2020-r.-w-sprawie-ustanowienia-okre\u015blonych-ogranicze\u0144-nakaz\u00f3w-i-zakaz\u00f3w-w-zwi\u0105zku-z-wyst\u0105pieniem-stanu-epidemii-07-1448x2048.jpg 1448w, https:\/\/tuplice.pl\/wp-content\/uploads\/2020\/04\/Rozporz\u0105dzenie-RM-z-dnia-31-marca-2020-r.-w-sprawie-ustanowienia-okre\u015blonych-ogranicze\u0144-nakaz\u00f3w-i-zakaz\u00f3w-w-zwi\u0105zku-z-wyst\u0105pieniem-stanu-epidemii-07-1080x1527.jpg 1080w, https:\/\/tuplice.pl\/wp-content\/uploads\/2020\/04\/Rozporz\u0105dzenie-RM-z-dnia-31-marca-2020-r.-w-sprawie-ustanowienia-okre\u015blonych-ogranicze\u0144-nakaz\u00f3w-i-zakaz\u00f3w-w-zwi\u0105zku-z-wyst\u0105pieniem-stanu-epidemii-07-1280x1810.jpg 1280w, https:\/\/tuplice.pl\/wp-content\/uploads\/2020\/04\/Rozporz\u0105dzenie-RM-z-dnia-31-marca-2020-r.-w-sprawie-ustanowienia-okre\u015blonych-ogranicze\u0144-nakaz\u00f3w-i-zakaz\u00f3w-w-zwi\u0105zku-z-wyst\u0105pieniem-stanu-epidemii-07-980x1386.jpg 980w, https:\/\/tuplice.pl\/wp-content\/uploads\/2020\/04\/Rozporz\u0105dzenie-RM-z-dnia-31-marca-2020-r.-w-sprawie-ustanowienia-okre\u015blonych-ogranicze\u0144-nakaz\u00f3w-i-zakaz\u00f3w-w-zwi\u0105zku-z-wyst\u0105pieniem-stanu-epidemii-07-480x679.jpg 480w, https:\/\/tuplice.pl\/wp-content\/uploads\/2020\/04\/Rozporz\u0105dzenie-RM-z-dnia-31-marca-2020-r.-w-sprawie-ustanowienia-okre\u015blonych-ogranicze\u0144-nakaz\u00f3w-i-zakaz\u00f3w-w-zwi\u0105zku-z-wyst\u0105pieniem-stanu-epidemii-07.jpg 1654w\" sizes=\"(max-width: 724px) 100vw, 724px\" \/> <img decoding=\"async\" loading=\"lazy\" class=\"aligncenter size-large wp-image-3816\" src=\"https:\/\/tuplice.pl\/wp-content\/uploads\/2020\/04\/Rozporz\u0105dzenie-RM-z-dnia-31-marca-2020-r.-w-sprawie-ustanowienia-okre\u015blonych-ogranicze\u0144-nakaz\u00f3w-i-zakaz\u00f3w-w-zwi\u0105zku-z-wyst\u0105pieniem-stanu-epidemii-08-724x1024.jpg\" alt=\"\" width=\"724\" height=\"1024\" srcset=\"https:\/\/tuplice.pl\/wp-content\/uploads\/2020\/04\/Rozporz\u0105dzenie-RM-z-dnia-31-marca-2020-r.-w-sprawie-ustanowienia-okre\u015blonych-ogranicze\u0144-nakaz\u00f3w-i-zakaz\u00f3w-w-zwi\u0105zku-z-wyst\u0105pieniem-stanu-epidemii-08-724x1024.jpg 724w, https:\/\/tuplice.pl\/wp-content\/uploads\/2020\/04\/Rozporz\u0105dzenie-RM-z-dnia-31-marca-2020-r.-w-sprawie-ustanowienia-okre\u015blonych-ogranicze\u0144-nakaz\u00f3w-i-zakaz\u00f3w-w-zwi\u0105zku-z-wyst\u0105pieniem-stanu-epidemii-08-212x300.jpg 212w, https:\/\/tuplice.pl\/wp-content\/uploads\/2020\/04\/Rozporz\u0105dzenie-RM-z-dnia-31-marca-2020-r.-w-sprawie-ustanowienia-okre\u015blonych-ogranicze\u0144-nakaz\u00f3w-i-zakaz\u00f3w-w-zwi\u0105zku-z-wyst\u0105pieniem-stanu-epidemii-08-768x1086.jpg 768w, https:\/\/tuplice.pl\/wp-content\/uploads\/2020\/04\/Rozporz\u0105dzenie-RM-z-dnia-31-marca-2020-r.-w-sprawie-ustanowienia-okre\u015blonych-ogranicze\u0144-nakaz\u00f3w-i-zakaz\u00f3w-w-zwi\u0105zku-z-wyst\u0105pieniem-stanu-epidemii-08-1086x1536.jpg 1086w, https:\/\/tuplice.pl\/wp-content\/uploads\/2020\/04\/Rozporz\u0105dzenie-RM-z-dnia-31-marca-2020-r.-w-sprawie-ustanowienia-okre\u015blonych-ogranicze\u0144-nakaz\u00f3w-i-zakaz\u00f3w-w-zwi\u0105zku-z-wyst\u0105pieniem-stanu-epidemii-08-1448x2048.jpg 1448w, https:\/\/tuplice.pl\/wp-content\/uploads\/2020\/04\/Rozporz\u0105dzenie-RM-z-dnia-31-marca-2020-r.-w-sprawie-ustanowienia-okre\u015blonych-ogranicze\u0144-nakaz\u00f3w-i-zakaz\u00f3w-w-zwi\u0105zku-z-wyst\u0105pieniem-stanu-epidemii-08-1080x1527.jpg 1080w, https:\/\/tuplice.pl\/wp-content\/uploads\/2020\/04\/Rozporz\u0105dzenie-RM-z-dnia-31-marca-2020-r.-w-sprawie-ustanowienia-okre\u015blonych-ogranicze\u0144-nakaz\u00f3w-i-zakaz\u00f3w-w-zwi\u0105zku-z-wyst\u0105pieniem-stanu-epidemii-08-1280x1810.jpg 1280w, https:\/\/tuplice.pl\/wp-content\/uploads\/2020\/04\/Rozporz\u0105dzenie-RM-z-dnia-31-marca-2020-r.-w-sprawie-ustanowienia-okre\u015blonych-ogranicze\u0144-nakaz\u00f3w-i-zakaz\u00f3w-w-zwi\u0105zku-z-wyst\u0105pieniem-stanu-epidemii-08-980x1386.jpg 980w, https:\/\/tuplice.pl\/wp-content\/uploads\/2020\/04\/Rozporz\u0105dzenie-RM-z-dnia-31-marca-2020-r.-w-sprawie-ustanowienia-okre\u015blonych-ogranicze\u0144-nakaz\u00f3w-i-zakaz\u00f3w-w-zwi\u0105zku-z-wyst\u0105pieniem-stanu-epidemii-08-480x679.jpg 480w, https:\/\/tuplice.pl\/wp-content\/uploads\/2020\/04\/Rozporz\u0105dzenie-RM-z-dnia-31-marca-2020-r.-w-sprawie-ustanowienia-okre\u015blonych-ogranicze\u0144-nakaz\u00f3w-i-zakaz\u00f3w-w-zwi\u0105zku-z-wyst\u0105pieniem-stanu-epidemii-08.jpg 1654w\" sizes=\"(max-width: 724px) 100vw, 724px\" \/> <img decoding=\"async\" loading=\"lazy\" class=\"aligncenter size-large wp-image-3817\" src=\"https:\/\/tuplice.pl\/wp-content\/uploads\/2020\/04\/Rozporz\u0105dzenie-RM-z-dnia-31-marca-2020-r.-w-sprawie-ustanowienia-okre\u015blonych-ogranicze\u0144-nakaz\u00f3w-i-zakaz\u00f3w-w-zwi\u0105zku-z-wyst\u0105pieniem-stanu-epidemii-09-724x1024.jpg\" alt=\"\" width=\"724\" height=\"1024\" srcset=\"https:\/\/tuplice.pl\/wp-content\/uploads\/2020\/04\/Rozporz\u0105dzenie-RM-z-dnia-31-marca-2020-r.-w-sprawie-ustanowienia-okre\u015blonych-ogranicze\u0144-nakaz\u00f3w-i-zakaz\u00f3w-w-zwi\u0105zku-z-wyst\u0105pieniem-stanu-epidemii-09-724x1024.jpg 724w, https:\/\/tuplice.pl\/wp-content\/uploads\/2020\/04\/Rozporz\u0105dzenie-RM-z-dnia-31-marca-2020-r.-w-sprawie-ustanowienia-okre\u015blonych-ogranicze\u0144-nakaz\u00f3w-i-zakaz\u00f3w-w-zwi\u0105zku-z-wyst\u0105pieniem-stanu-epidemii-09-212x300.jpg 212w, https:\/\/tuplice.pl\/wp-content\/uploads\/2020\/04\/Rozporz\u0105dzenie-RM-z-dnia-31-marca-2020-r.-w-sprawie-ustanowienia-okre\u015blonych-ogranicze\u0144-nakaz\u00f3w-i-zakaz\u00f3w-w-zwi\u0105zku-z-wyst\u0105pieniem-stanu-epidemii-09-768x1086.jpg 768w, https:\/\/tuplice.pl\/wp-content\/uploads\/2020\/04\/Rozporz\u0105dzenie-RM-z-dnia-31-marca-2020-r.-w-sprawie-ustanowienia-okre\u015blonych-ogranicze\u0144-nakaz\u00f3w-i-zakaz\u00f3w-w-zwi\u0105zku-z-wyst\u0105pieniem-stanu-epidemii-09-1086x1536.jpg 1086w, https:\/\/tuplice.pl\/wp-content\/uploads\/2020\/04\/Rozporz\u0105dzenie-RM-z-dnia-31-marca-2020-r.-w-sprawie-ustanowienia-okre\u015blonych-ogranicze\u0144-nakaz\u00f3w-i-zakaz\u00f3w-w-zwi\u0105zku-z-wyst\u0105pieniem-stanu-epidemii-09-1448x2048.jpg 1448w, https:\/\/tuplice.pl\/wp-content\/uploads\/2020\/04\/Rozporz\u0105dzenie-RM-z-dnia-31-marca-2020-r.-w-sprawie-ustanowienia-okre\u015blonych-ogranicze\u0144-nakaz\u00f3w-i-zakaz\u00f3w-w-zwi\u0105zku-z-wyst\u0105pieniem-stanu-epidemii-09-1080x1527.jpg 1080w, https:\/\/tuplice.pl\/wp-content\/uploads\/2020\/04\/Rozporz\u0105dzenie-RM-z-dnia-31-marca-2020-r.-w-sprawie-ustanowienia-okre\u015blonych-ogranicze\u0144-nakaz\u00f3w-i-zakaz\u00f3w-w-zwi\u0105zku-z-wyst\u0105pieniem-stanu-epidemii-09-1280x1810.jpg 1280w, https:\/\/tuplice.pl\/wp-content\/uploads\/2020\/04\/Rozporz\u0105dzenie-RM-z-dnia-31-marca-2020-r.-w-sprawie-ustanowienia-okre\u015blonych-ogranicze\u0144-nakaz\u00f3w-i-zakaz\u00f3w-w-zwi\u0105zku-z-wyst\u0105pieniem-stanu-epidemii-09-980x1386.jpg 980w, https:\/\/tuplice.pl\/wp-content\/uploads\/2020\/04\/Rozporz\u0105dzenie-RM-z-dnia-31-marca-2020-r.-w-sprawie-ustanowienia-okre\u015blonych-ogranicze\u0144-nakaz\u00f3w-i-zakaz\u00f3w-w-zwi\u0105zku-z-wyst\u0105pieniem-stanu-epidemii-09-480x679.jpg 480w, https:\/\/tuplice.pl\/wp-content\/uploads\/2020\/04\/Rozporz\u0105dzenie-RM-z-dnia-31-marca-2020-r.-w-sprawie-ustanowienia-okre\u015blonych-ogranicze\u0144-nakaz\u00f3w-i-zakaz\u00f3w-w-zwi\u0105zku-z-wyst\u0105pieniem-stanu-epidemii-09.jpg 1654w\" sizes=\"(max-width: 724px) 100vw, 724px\" \/> <img decoding=\"async\" loading=\"lazy\" class=\"aligncenter size-large wp-image-3818\" src=\"https:\/\/tuplice.pl\/wp-content\/uploads\/2020\/04\/Rozporz\u0105dzenie-RM-z-dnia-31-marca-2020-r.-w-sprawie-ustanowienia-okre\u015blonych-ogranicze\u0144-nakaz\u00f3w-i-zakaz\u00f3w-w-zwi\u0105zku-z-wyst\u0105pieniem-stanu-epidemii-10-724x1024.jpg\" alt=\"\" width=\"724\" height=\"1024\" srcset=\"https:\/\/tuplice.pl\/wp-content\/uploads\/2020\/04\/Rozporz\u0105dzenie-RM-z-dnia-31-marca-2020-r.-w-sprawie-ustanowienia-okre\u015blonych-ogranicze\u0144-nakaz\u00f3w-i-zakaz\u00f3w-w-zwi\u0105zku-z-wyst\u0105pieniem-stanu-epidemii-10-724x1024.jpg 724w, https:\/\/tuplice.pl\/wp-content\/uploads\/2020\/04\/Rozporz\u0105dzenie-RM-z-dnia-31-marca-2020-r.-w-sprawie-ustanowienia-okre\u015blonych-ogranicze\u0144-nakaz\u00f3w-i-zakaz\u00f3w-w-zwi\u0105zku-z-wyst\u0105pieniem-stanu-epidemii-10-212x300.jpg 212w, https:\/\/tuplice.pl\/wp-content\/uploads\/2020\/04\/Rozporz\u0105dzenie-RM-z-dnia-31-marca-2020-r.-w-sprawie-ustanowienia-okre\u015blonych-ogranicze\u0144-nakaz\u00f3w-i-zakaz\u00f3w-w-zwi\u0105zku-z-wyst\u0105pieniem-stanu-epidemii-10-768x1086.jpg 768w, https:\/\/tuplice.pl\/wp-content\/uploads\/2020\/04\/Rozporz\u0105dzenie-RM-z-dnia-31-marca-2020-r.-w-sprawie-ustanowienia-okre\u015blonych-ogranicze\u0144-nakaz\u00f3w-i-zakaz\u00f3w-w-zwi\u0105zku-z-wyst\u0105pieniem-stanu-epidemii-10-1086x1536.jpg 1086w, https:\/\/tuplice.pl\/wp-content\/uploads\/2020\/04\/Rozporz\u0105dzenie-RM-z-dnia-31-marca-2020-r.-w-sprawie-ustanowienia-okre\u015blonych-ogranicze\u0144-nakaz\u00f3w-i-zakaz\u00f3w-w-zwi\u0105zku-z-wyst\u0105pieniem-stanu-epidemii-10-1448x2048.jpg 1448w, https:\/\/tuplice.pl\/wp-content\/uploads\/2020\/04\/Rozporz\u0105dzenie-RM-z-dnia-31-marca-2020-r.-w-sprawie-ustanowienia-okre\u015blonych-ogranicze\u0144-nakaz\u00f3w-i-zakaz\u00f3w-w-zwi\u0105zku-z-wyst\u0105pieniem-stanu-epidemii-10-1080x1527.jpg 1080w, https:\/\/tuplice.pl\/wp-content\/uploads\/2020\/04\/Rozporz\u0105dzenie-RM-z-dnia-31-marca-2020-r.-w-sprawie-ustanowienia-okre\u015blonych-ogranicze\u0144-nakaz\u00f3w-i-zakaz\u00f3w-w-zwi\u0105zku-z-wyst\u0105pieniem-stanu-epidemii-10-1280x1810.jpg 1280w, https:\/\/tuplice.pl\/wp-content\/uploads\/2020\/04\/Rozporz\u0105dzenie-RM-z-dnia-31-marca-2020-r.-w-sprawie-ustanowienia-okre\u015blonych-ogranicze\u0144-nakaz\u00f3w-i-zakaz\u00f3w-w-zwi\u0105zku-z-wyst\u0105pieniem-stanu-epidemii-10-980x1386.jpg 980w, https:\/\/tuplice.pl\/wp-content\/uploads\/2020\/04\/Rozporz\u0105dzenie-RM-z-dnia-31-marca-2020-r.-w-sprawie-ustanowienia-okre\u015blonych-ogranicze\u0144-nakaz\u00f3w-i-zakaz\u00f3w-w-zwi\u0105zku-z-wyst\u0105pieniem-stanu-epidemii-10-480x679.jpg 480w, https:\/\/tuplice.pl\/wp-content\/uploads\/2020\/04\/Rozporz\u0105dzenie-RM-z-dnia-31-marca-2020-r.-w-sprawie-ustanowienia-okre\u015blonych-ogranicze\u0144-nakaz\u00f3w-i-zakaz\u00f3w-w-zwi\u0105zku-z-wyst\u0105pieniem-stanu-epidemii-10.jpg 1654w\" sizes=\"(max-width: 724px) 100vw, 724px\" \/>Za\u0142\u0105czniki:<\/h1>\n<h2 style=\"text-align: center;\"><a href=\"https:\/\/tuplice.pl\/wp-content\/uploads\/2020\/04\/Rozporz\u0105dzenie-RM-z-dnia-31-marca-2020-r.-w-sprawie-ustanowienia-okre\u015blonych-ogranicze\u0144-nakaz\u00f3w-i-zakaz\u00f3w-w-zwi\u0105zku-z-wyst\u0105pieniem-stanu-epidemii.pdf\">Rozporz\u0105dzenie Rady Ministr\u00f3w.pdf<\/a><\/h2>\n<p>&nbsp;<\/p>\n<p>&nbsp;<\/p>\n<p>&nbsp;<\/p>\n<p>&nbsp;<\/p>\n","protected":false},"excerpt":{"rendered":"<p>Za\u0142\u0105czniki: Rozporz\u0105dzenie Rady Ministr\u00f3w.pdf &nbsp; &nbsp; &nbsp; &nbsp;<\/p>\n","protected":false},"author":1,"featured_media":3819,"comment_status":"open","ping_status":"open","sticky":false,"template":"","format":"standard","meta":{"_et_pb_use_builder":"","_et_pb_old_content":"","_et_gb_content_width":"","_monsterinsights_skip_tracking":false},"categories":[82],"tags":[],"aioseo_notices":[],"aioseo_head":"\n\t\t<!-- All in One SEO 4.9.10 - aioseo.com -->\n\t<meta name=\"description\" content=\"Za\u0142\u0105czniki: Rozporz\u0105dzenie Rady Ministr\u00f3w.pdf\" \/>\n\t<meta name=\"robots\" content=\"max-image-preview:large\" \/>\n\t<meta name=\"author\" content=\"koniekt\"\/>\n\t<link rel=\"canonical\" href=\"https:\/\/tuplice.pl\/index.php\/2020\/04\/01\/rozporzadzenie-rady-ministrow-z-dnia-31-marca-2020-r-w-sprawie-ustanowienia-okreslonych-ograniczen-nakazow-i-zakazow-w-zwiazku-z-wystapieniem-stanu-epidemii\/\" \/>\n\t<meta name=\"generator\" content=\"All in One SEO (AIOSEO) 4.9.10\" \/>\n\t\t<meta property=\"og:locale\" content=\"pl_PL\" \/>\n\t\t<meta property=\"og:site_name\" content=\"Gmina Tuplice - Strona Gminy Tuplice\" \/>\n\t\t<meta property=\"og:type\" content=\"article\" \/>\n\t\t<meta property=\"og:title\" content=\"Rozporz\u0105dzenie Rady Ministr\u00f3w z dnia 31 marca 2020 r. w sprawie ustanowienia okre\u015blonych ogranicze\u0144, nakaz\u00f3w i zakaz\u00f3w w zwi\u0105zku z wyst\u0105pieniem stanu epidemii - Gmina Tuplice\" \/>\n\t\t<meta property=\"og:description\" content=\"Za\u0142\u0105czniki: Rozporz\u0105dzenie Rady Ministr\u00f3w.pdf\" \/>\n\t\t<meta property=\"og:url\" content=\"https:\/\/tuplice.pl\/index.php\/2020\/04\/01\/rozporzadzenie-rady-ministrow-z-dnia-31-marca-2020-r-w-sprawie-ustanowienia-okreslonych-ograniczen-nakazow-i-zakazow-w-zwiazku-z-wystapieniem-stanu-epidemii\/\" \/>\n\t\t<meta property=\"article:published_time\" content=\"2020-04-01T08:22:30+00:00\" \/>\n\t\t<meta property=\"article:modified_time\" content=\"2020-04-01T08:42:37+00:00\" \/>\n\t\t<meta property=\"article:publisher\" content=\"https:\/\/facebook.com\/Tuplicki Biuletyn Informacyjny\" \/>\n\t\t<meta name=\"twitter:card\" content=\"summary_large_image\" \/>\n\t\t<meta name=\"twitter:title\" content=\"Rozporz\u0105dzenie Rady Ministr\u00f3w z dnia 31 marca 2020 r. w sprawie ustanowienia okre\u015blonych ogranicze\u0144, nakaz\u00f3w i zakaz\u00f3w w zwi\u0105zku z wyst\u0105pieniem stanu epidemii - Gmina Tuplice\" \/>\n\t\t<meta name=\"twitter:description\" content=\"Za\u0142\u0105czniki: Rozporz\u0105dzenie Rady Ministr\u00f3w.pdf\" \/>\n\t\t<script type=\"application\/ld+json\" class=\"aioseo-schema\">\n\t\t\t{\"@context\":\"https:\\\/\\\/schema.org\",\"@graph\":[{\"@type\":\"BlogPosting\",\"@id\":\"https:\\\/\\\/tuplice.pl\\\/index.php\\\/2020\\\/04\\\/01\\\/rozporzadzenie-rady-ministrow-z-dnia-31-marca-2020-r-w-sprawie-ustanowienia-okreslonych-ograniczen-nakazow-i-zakazow-w-zwiazku-z-wystapieniem-stanu-epidemii\\\/#blogposting\",\"name\":\"Rozporz\\u0105dzenie Rady Ministr\\u00f3w z dnia 31 marca 2020 r. w sprawie ustanowienia okre\\u015blonych ogranicze\\u0144, nakaz\\u00f3w i zakaz\\u00f3w w zwi\\u0105zku z wyst\\u0105pieniem stanu epidemii - Gmina Tuplice\",\"headline\":\"Rozporz\\u0105dzenie Rady Ministr\\u00f3w z dnia 31 marca 2020 r. w sprawie ustanowienia okre\\u015blonych ogranicze\\u0144, nakaz\\u00f3w i zakaz\\u00f3w w zwi\\u0105zku z wyst\\u0105pieniem stanu epidemii\",\"author\":{\"@id\":\"https:\\\/\\\/tuplice.pl\\\/index.php\\\/author\\\/koniekt\\\/#author\"},\"publisher\":{\"@id\":\"https:\\\/\\\/tuplice.pl\\\/#organization\"},\"image\":{\"@type\":\"ImageObject\",\"url\":\"https:\\\/\\\/tuplice.pl\\\/wp-content\\\/uploads\\\/2020\\\/04\\\/unnamed.jpg\",\"width\":480,\"height\":354},\"datePublished\":\"2020-04-01T10:22:30+02:00\",\"dateModified\":\"2020-04-01T10:42:37+02:00\",\"inLanguage\":\"pl-PL\",\"mainEntityOfPage\":{\"@id\":\"https:\\\/\\\/tuplice.pl\\\/index.php\\\/2020\\\/04\\\/01\\\/rozporzadzenie-rady-ministrow-z-dnia-31-marca-2020-r-w-sprawie-ustanowienia-okreslonych-ograniczen-nakazow-i-zakazow-w-zwiazku-z-wystapieniem-stanu-epidemii\\\/#webpage\"},\"isPartOf\":{\"@id\":\"https:\\\/\\\/tuplice.pl\\\/index.php\\\/2020\\\/04\\\/01\\\/rozporzadzenie-rady-ministrow-z-dnia-31-marca-2020-r-w-sprawie-ustanowienia-okreslonych-ograniczen-nakazow-i-zakazow-w-zwiazku-z-wystapieniem-stanu-epidemii\\\/#webpage\"},\"articleSection\":\"Aktualno\\u015bci\"},{\"@type\":\"BreadcrumbList\",\"@id\":\"https:\\\/\\\/tuplice.pl\\\/index.php\\\/2020\\\/04\\\/01\\\/rozporzadzenie-rady-ministrow-z-dnia-31-marca-2020-r-w-sprawie-ustanowienia-okreslonych-ograniczen-nakazow-i-zakazow-w-zwiazku-z-wystapieniem-stanu-epidemii\\\/#breadcrumblist\",\"itemListElement\":[{\"@type\":\"ListItem\",\"@id\":\"https:\\\/\\\/tuplice.pl#listItem\",\"position\":1,\"name\":\"Home\",\"item\":\"https:\\\/\\\/tuplice.pl\",\"nextItem\":{\"@type\":\"ListItem\",\"@id\":\"https:\\\/\\\/tuplice.pl\\\/index.php\\\/category\\\/aktualnosci\\\/#listItem\",\"name\":\"Aktualno\\u015bci\"}},{\"@type\":\"ListItem\",\"@id\":\"https:\\\/\\\/tuplice.pl\\\/index.php\\\/category\\\/aktualnosci\\\/#listItem\",\"position\":2,\"name\":\"Aktualno\\u015bci\",\"item\":\"https:\\\/\\\/tuplice.pl\\\/index.php\\\/category\\\/aktualnosci\\\/\",\"nextItem\":{\"@type\":\"ListItem\",\"@id\":\"https:\\\/\\\/tuplice.pl\\\/index.php\\\/2020\\\/04\\\/01\\\/rozporzadzenie-rady-ministrow-z-dnia-31-marca-2020-r-w-sprawie-ustanowienia-okreslonych-ograniczen-nakazow-i-zakazow-w-zwiazku-z-wystapieniem-stanu-epidemii\\\/#listItem\",\"name\":\"Rozporz\\u0105dzenie Rady Ministr\\u00f3w z dnia 31 marca 2020 r. w sprawie ustanowienia okre\\u015blonych ogranicze\\u0144, nakaz\\u00f3w i zakaz\\u00f3w w zwi\\u0105zku z wyst\\u0105pieniem stanu epidemii\"},\"previousItem\":{\"@type\":\"ListItem\",\"@id\":\"https:\\\/\\\/tuplice.pl#listItem\",\"name\":\"Home\"}},{\"@type\":\"ListItem\",\"@id\":\"https:\\\/\\\/tuplice.pl\\\/index.php\\\/2020\\\/04\\\/01\\\/rozporzadzenie-rady-ministrow-z-dnia-31-marca-2020-r-w-sprawie-ustanowienia-okreslonych-ograniczen-nakazow-i-zakazow-w-zwiazku-z-wystapieniem-stanu-epidemii\\\/#listItem\",\"position\":3,\"name\":\"Rozporz\\u0105dzenie Rady Ministr\\u00f3w z dnia 31 marca 2020 r. w sprawie ustanowienia okre\\u015blonych ogranicze\\u0144, nakaz\\u00f3w i zakaz\\u00f3w w zwi\\u0105zku z wyst\\u0105pieniem stanu epidemii\",\"previousItem\":{\"@type\":\"ListItem\",\"@id\":\"https:\\\/\\\/tuplice.pl\\\/index.php\\\/category\\\/aktualnosci\\\/#listItem\",\"name\":\"Aktualno\\u015bci\"}}]},{\"@type\":\"Organization\",\"@id\":\"https:\\\/\\\/tuplice.pl\\\/#organization\",\"name\":\"Gmina Tuplice Gmina Tuplice\",\"description\":\"Strona Gminy Tuplice Strona Urz\\u0119du Gminy Tuplice\",\"url\":\"https:\\\/\\\/tuplice.pl\\\/\",\"telephone\":\"+48683625720\",\"logo\":{\"@type\":\"ImageObject\",\"url\":\"https:\\\/\\\/tuplice.pl\\\/wp-content\\\/uploads\\\/2025\\\/07\\\/images.png\",\"@id\":\"https:\\\/\\\/tuplice.pl\\\/index.php\\\/2020\\\/04\\\/01\\\/rozporzadzenie-rady-ministrow-z-dnia-31-marca-2020-r-w-sprawie-ustanowienia-okreslonych-ograniczen-nakazow-i-zakazow-w-zwiazku-z-wystapieniem-stanu-epidemii\\\/#organizationLogo\",\"width\":282,\"height\":179},\"image\":{\"@id\":\"https:\\\/\\\/tuplice.pl\\\/index.php\\\/2020\\\/04\\\/01\\\/rozporzadzenie-rady-ministrow-z-dnia-31-marca-2020-r-w-sprawie-ustanowienia-okreslonych-ograniczen-nakazow-i-zakazow-w-zwiazku-z-wystapieniem-stanu-epidemii\\\/#organizationLogo\"},\"sameAs\":[\"https:\\\/\\\/facebook.com\\\/Tuplicki Biuletyn Informacyjny\",\"https:\\\/\\\/pinterest.com\\\/Tuplicki Biuletyn Informacyjny\",\"https:\\\/\\\/youtube.com\\\/Tuplicki Biuletyn Informacyjny\"]},{\"@type\":\"Person\",\"@id\":\"https:\\\/\\\/tuplice.pl\\\/index.php\\\/author\\\/koniekt\\\/#author\",\"url\":\"https:\\\/\\\/tuplice.pl\\\/index.php\\\/author\\\/koniekt\\\/\",\"name\":\"koniekt\",\"image\":{\"@type\":\"ImageObject\",\"@id\":\"https:\\\/\\\/tuplice.pl\\\/index.php\\\/2020\\\/04\\\/01\\\/rozporzadzenie-rady-ministrow-z-dnia-31-marca-2020-r-w-sprawie-ustanowienia-okreslonych-ograniczen-nakazow-i-zakazow-w-zwiazku-z-wystapieniem-stanu-epidemii\\\/#authorImage\",\"url\":\"https:\\\/\\\/secure.gravatar.com\\\/avatar\\\/3f87aae64e81471e1be15c23c2d20321?s=96&d=mm&r=g\",\"width\":96,\"height\":96,\"caption\":\"koniekt\"}},{\"@type\":\"WebPage\",\"@id\":\"https:\\\/\\\/tuplice.pl\\\/index.php\\\/2020\\\/04\\\/01\\\/rozporzadzenie-rady-ministrow-z-dnia-31-marca-2020-r-w-sprawie-ustanowienia-okreslonych-ograniczen-nakazow-i-zakazow-w-zwiazku-z-wystapieniem-stanu-epidemii\\\/#webpage\",\"url\":\"https:\\\/\\\/tuplice.pl\\\/index.php\\\/2020\\\/04\\\/01\\\/rozporzadzenie-rady-ministrow-z-dnia-31-marca-2020-r-w-sprawie-ustanowienia-okreslonych-ograniczen-nakazow-i-zakazow-w-zwiazku-z-wystapieniem-stanu-epidemii\\\/\",\"name\":\"Rozporz\\u0105dzenie Rady Ministr\\u00f3w z dnia 31 marca 2020 r. w sprawie ustanowienia okre\\u015blonych ogranicze\\u0144, nakaz\\u00f3w i zakaz\\u00f3w w zwi\\u0105zku z wyst\\u0105pieniem stanu epidemii - Gmina Tuplice\",\"description\":\"Za\\u0142\\u0105czniki: Rozporz\\u0105dzenie Rady Ministr\\u00f3w.pdf\",\"inLanguage\":\"pl-PL\",\"isPartOf\":{\"@id\":\"https:\\\/\\\/tuplice.pl\\\/#website\"},\"breadcrumb\":{\"@id\":\"https:\\\/\\\/tuplice.pl\\\/index.php\\\/2020\\\/04\\\/01\\\/rozporzadzenie-rady-ministrow-z-dnia-31-marca-2020-r-w-sprawie-ustanowienia-okreslonych-ograniczen-nakazow-i-zakazow-w-zwiazku-z-wystapieniem-stanu-epidemii\\\/#breadcrumblist\"},\"author\":{\"@id\":\"https:\\\/\\\/tuplice.pl\\\/index.php\\\/author\\\/koniekt\\\/#author\"},\"creator\":{\"@id\":\"https:\\\/\\\/tuplice.pl\\\/index.php\\\/author\\\/koniekt\\\/#author\"},\"image\":{\"@type\":\"ImageObject\",\"url\":\"https:\\\/\\\/tuplice.pl\\\/wp-content\\\/uploads\\\/2020\\\/04\\\/unnamed.jpg\",\"@id\":\"https:\\\/\\\/tuplice.pl\\\/index.php\\\/2020\\\/04\\\/01\\\/rozporzadzenie-rady-ministrow-z-dnia-31-marca-2020-r-w-sprawie-ustanowienia-okreslonych-ograniczen-nakazow-i-zakazow-w-zwiazku-z-wystapieniem-stanu-epidemii\\\/#mainImage\",\"width\":480,\"height\":354},\"primaryImageOfPage\":{\"@id\":\"https:\\\/\\\/tuplice.pl\\\/index.php\\\/2020\\\/04\\\/01\\\/rozporzadzenie-rady-ministrow-z-dnia-31-marca-2020-r-w-sprawie-ustanowienia-okreslonych-ograniczen-nakazow-i-zakazow-w-zwiazku-z-wystapieniem-stanu-epidemii\\\/#mainImage\"},\"datePublished\":\"2020-04-01T10:22:30+02:00\",\"dateModified\":\"2020-04-01T10:42:37+02:00\"},{\"@type\":\"WebSite\",\"@id\":\"https:\\\/\\\/tuplice.pl\\\/#website\",\"url\":\"https:\\\/\\\/tuplice.pl\\\/\",\"name\":\"Gmina Tuplice\",\"description\":\"Strona Gminy Tuplice\",\"inLanguage\":\"pl-PL\",\"publisher\":{\"@id\":\"https:\\\/\\\/tuplice.pl\\\/#organization\"}}]}\n\t\t<\/script>\n\t\t<!-- All in One SEO -->\n\n","aioseo_head_json":{"title":"Rozporz\u0105dzenie Rady Ministr\u00f3w z dnia 31 marca 2020 r. w sprawie ustanowienia okre\u015blonych ogranicze\u0144, nakaz\u00f3w i zakaz\u00f3w w zwi\u0105zku z wyst\u0105pieniem stanu epidemii - Gmina Tuplice","description":"Za\u0142\u0105czniki: Rozporz\u0105dzenie Rady Ministr\u00f3w.pdf","canonical_url":"https:\/\/tuplice.pl\/index.php\/2020\/04\/01\/rozporzadzenie-rady-ministrow-z-dnia-31-marca-2020-r-w-sprawie-ustanowienia-okreslonych-ograniczen-nakazow-i-zakazow-w-zwiazku-z-wystapieniem-stanu-epidemii\/","robots":"max-image-preview:large","keywords":"","webmasterTools":{"miscellaneous":""},"schema":{"@context":"https:\/\/schema.org","@graph":[{"@type":"BlogPosting","@id":"https:\/\/tuplice.pl\/index.php\/2020\/04\/01\/rozporzadzenie-rady-ministrow-z-dnia-31-marca-2020-r-w-sprawie-ustanowienia-okreslonych-ograniczen-nakazow-i-zakazow-w-zwiazku-z-wystapieniem-stanu-epidemii\/#blogposting","name":"Rozporz\u0105dzenie Rady Ministr\u00f3w z dnia 31 marca 2020 r. w sprawie ustanowienia okre\u015blonych ogranicze\u0144, nakaz\u00f3w i zakaz\u00f3w w zwi\u0105zku z wyst\u0105pieniem stanu epidemii - Gmina Tuplice","headline":"Rozporz\u0105dzenie Rady Ministr\u00f3w z dnia 31 marca 2020 r. w sprawie ustanowienia okre\u015blonych ogranicze\u0144, nakaz\u00f3w i zakaz\u00f3w w zwi\u0105zku z wyst\u0105pieniem stanu epidemii","author":{"@id":"https:\/\/tuplice.pl\/index.php\/author\/koniekt\/#author"},"publisher":{"@id":"https:\/\/tuplice.pl\/#organization"},"image":{"@type":"ImageObject","url":"https:\/\/tuplice.pl\/wp-content\/uploads\/2020\/04\/unnamed.jpg","width":480,"height":354},"datePublished":"2020-04-01T10:22:30+02:00","dateModified":"2020-04-01T10:42:37+02:00","inLanguage":"pl-PL","mainEntityOfPage":{"@id":"https:\/\/tuplice.pl\/index.php\/2020\/04\/01\/rozporzadzenie-rady-ministrow-z-dnia-31-marca-2020-r-w-sprawie-ustanowienia-okreslonych-ograniczen-nakazow-i-zakazow-w-zwiazku-z-wystapieniem-stanu-epidemii\/#webpage"},"isPartOf":{"@id":"https:\/\/tuplice.pl\/index.php\/2020\/04\/01\/rozporzadzenie-rady-ministrow-z-dnia-31-marca-2020-r-w-sprawie-ustanowienia-okreslonych-ograniczen-nakazow-i-zakazow-w-zwiazku-z-wystapieniem-stanu-epidemii\/#webpage"},"articleSection":"Aktualno\u015bci"},{"@type":"BreadcrumbList","@id":"https:\/\/tuplice.pl\/index.php\/2020\/04\/01\/rozporzadzenie-rady-ministrow-z-dnia-31-marca-2020-r-w-sprawie-ustanowienia-okreslonych-ograniczen-nakazow-i-zakazow-w-zwiazku-z-wystapieniem-stanu-epidemii\/#breadcrumblist","itemListElement":[{"@type":"ListItem","@id":"https:\/\/tuplice.pl#listItem","position":1,"name":"Home","item":"https:\/\/tuplice.pl","nextItem":{"@type":"ListItem","@id":"https:\/\/tuplice.pl\/index.php\/category\/aktualnosci\/#listItem","name":"Aktualno\u015bci"}},{"@type":"ListItem","@id":"https:\/\/tuplice.pl\/index.php\/category\/aktualnosci\/#listItem","position":2,"name":"Aktualno\u015bci","item":"https:\/\/tuplice.pl\/index.php\/category\/aktualnosci\/","nextItem":{"@type":"ListItem","@id":"https:\/\/tuplice.pl\/index.php\/2020\/04\/01\/rozporzadzenie-rady-ministrow-z-dnia-31-marca-2020-r-w-sprawie-ustanowienia-okreslonych-ograniczen-nakazow-i-zakazow-w-zwiazku-z-wystapieniem-stanu-epidemii\/#listItem","name":"Rozporz\u0105dzenie Rady Ministr\u00f3w z dnia 31 marca 2020 r. w sprawie ustanowienia okre\u015blonych ogranicze\u0144, nakaz\u00f3w i zakaz\u00f3w w zwi\u0105zku z wyst\u0105pieniem stanu epidemii"},"previousItem":{"@type":"ListItem","@id":"https:\/\/tuplice.pl#listItem","name":"Home"}},{"@type":"ListItem","@id":"https:\/\/tuplice.pl\/index.php\/2020\/04\/01\/rozporzadzenie-rady-ministrow-z-dnia-31-marca-2020-r-w-sprawie-ustanowienia-okreslonych-ograniczen-nakazow-i-zakazow-w-zwiazku-z-wystapieniem-stanu-epidemii\/#listItem","position":3,"name":"Rozporz\u0105dzenie Rady Ministr\u00f3w z dnia 31 marca 2020 r. w sprawie ustanowienia okre\u015blonych ogranicze\u0144, nakaz\u00f3w i zakaz\u00f3w w zwi\u0105zku z wyst\u0105pieniem stanu epidemii","previousItem":{"@type":"ListItem","@id":"https:\/\/tuplice.pl\/index.php\/category\/aktualnosci\/#listItem","name":"Aktualno\u015bci"}}]},{"@type":"Organization","@id":"https:\/\/tuplice.pl\/#organization","name":"Gmina Tuplice Gmina Tuplice","description":"Strona Gminy Tuplice Strona Urz\u0119du Gminy Tuplice","url":"https:\/\/tuplice.pl\/","telephone":"+48683625720","logo":{"@type":"ImageObject","url":"https:\/\/tuplice.pl\/wp-content\/uploads\/2025\/07\/images.png","@id":"https:\/\/tuplice.pl\/index.php\/2020\/04\/01\/rozporzadzenie-rady-ministrow-z-dnia-31-marca-2020-r-w-sprawie-ustanowienia-okreslonych-ograniczen-nakazow-i-zakazow-w-zwiazku-z-wystapieniem-stanu-epidemii\/#organizationLogo","width":282,"height":179},"image":{"@id":"https:\/\/tuplice.pl\/index.php\/2020\/04\/01\/rozporzadzenie-rady-ministrow-z-dnia-31-marca-2020-r-w-sprawie-ustanowienia-okreslonych-ograniczen-nakazow-i-zakazow-w-zwiazku-z-wystapieniem-stanu-epidemii\/#organizationLogo"},"sameAs":["https:\/\/facebook.com\/Tuplicki Biuletyn Informacyjny","https:\/\/pinterest.com\/Tuplicki Biuletyn Informacyjny","https:\/\/youtube.com\/Tuplicki Biuletyn Informacyjny"]},{"@type":"Person","@id":"https:\/\/tuplice.pl\/index.php\/author\/koniekt\/#author","url":"https:\/\/tuplice.pl\/index.php\/author\/koniekt\/","name":"koniekt","image":{"@type":"ImageObject","@id":"https:\/\/tuplice.pl\/index.php\/2020\/04\/01\/rozporzadzenie-rady-ministrow-z-dnia-31-marca-2020-r-w-sprawie-ustanowienia-okreslonych-ograniczen-nakazow-i-zakazow-w-zwiazku-z-wystapieniem-stanu-epidemii\/#authorImage","url":"https:\/\/secure.gravatar.com\/avatar\/3f87aae64e81471e1be15c23c2d20321?s=96&d=mm&r=g","width":96,"height":96,"caption":"koniekt"}},{"@type":"WebPage","@id":"https:\/\/tuplice.pl\/index.php\/2020\/04\/01\/rozporzadzenie-rady-ministrow-z-dnia-31-marca-2020-r-w-sprawie-ustanowienia-okreslonych-ograniczen-nakazow-i-zakazow-w-zwiazku-z-wystapieniem-stanu-epidemii\/#webpage","url":"https:\/\/tuplice.pl\/index.php\/2020\/04\/01\/rozporzadzenie-rady-ministrow-z-dnia-31-marca-2020-r-w-sprawie-ustanowienia-okreslonych-ograniczen-nakazow-i-zakazow-w-zwiazku-z-wystapieniem-stanu-epidemii\/","name":"Rozporz\u0105dzenie Rady Ministr\u00f3w z dnia 31 marca 2020 r. w sprawie ustanowienia okre\u015blonych ogranicze\u0144, nakaz\u00f3w i zakaz\u00f3w w zwi\u0105zku z wyst\u0105pieniem stanu epidemii - Gmina Tuplice","description":"Za\u0142\u0105czniki: Rozporz\u0105dzenie Rady Ministr\u00f3w.pdf","inLanguage":"pl-PL","isPartOf":{"@id":"https:\/\/tuplice.pl\/#website"},"breadcrumb":{"@id":"https:\/\/tuplice.pl\/index.php\/2020\/04\/01\/rozporzadzenie-rady-ministrow-z-dnia-31-marca-2020-r-w-sprawie-ustanowienia-okreslonych-ograniczen-nakazow-i-zakazow-w-zwiazku-z-wystapieniem-stanu-epidemii\/#breadcrumblist"},"author":{"@id":"https:\/\/tuplice.pl\/index.php\/author\/koniekt\/#author"},"creator":{"@id":"https:\/\/tuplice.pl\/index.php\/author\/koniekt\/#author"},"image":{"@type":"ImageObject","url":"https:\/\/tuplice.pl\/wp-content\/uploads\/2020\/04\/unnamed.jpg","@id":"https:\/\/tuplice.pl\/index.php\/2020\/04\/01\/rozporzadzenie-rady-ministrow-z-dnia-31-marca-2020-r-w-sprawie-ustanowienia-okreslonych-ograniczen-nakazow-i-zakazow-w-zwiazku-z-wystapieniem-stanu-epidemii\/#mainImage","width":480,"height":354},"primaryImageOfPage":{"@id":"https:\/\/tuplice.pl\/index.php\/2020\/04\/01\/rozporzadzenie-rady-ministrow-z-dnia-31-marca-2020-r-w-sprawie-ustanowienia-okreslonych-ograniczen-nakazow-i-zakazow-w-zwiazku-z-wystapieniem-stanu-epidemii\/#mainImage"},"datePublished":"2020-04-01T10:22:30+02:00","dateModified":"2020-04-01T10:42:37+02:00"},{"@type":"WebSite","@id":"https:\/\/tuplice.pl\/#website","url":"https:\/\/tuplice.pl\/","name":"Gmina Tuplice","description":"Strona Gminy Tuplice","inLanguage":"pl-PL","publisher":{"@id":"https:\/\/tuplice.pl\/#organization"}}]},"og:locale":"pl_PL","og:site_name":"Gmina Tuplice - Strona Gminy Tuplice","og:type":"article","og:title":"Rozporz\u0105dzenie Rady Ministr\u00f3w z dnia 31 marca 2020 r. w sprawie ustanowienia okre\u015blonych ogranicze\u0144, nakaz\u00f3w i zakaz\u00f3w w zwi\u0105zku z wyst\u0105pieniem stanu epidemii - Gmina Tuplice","og:description":"Za\u0142\u0105czniki: Rozporz\u0105dzenie Rady Ministr\u00f3w.pdf","og:url":"https:\/\/tuplice.pl\/index.php\/2020\/04\/01\/rozporzadzenie-rady-ministrow-z-dnia-31-marca-2020-r-w-sprawie-ustanowienia-okreslonych-ograniczen-nakazow-i-zakazow-w-zwiazku-z-wystapieniem-stanu-epidemii\/","article:published_time":"2020-04-01T08:22:30+00:00","article:modified_time":"2020-04-01T08:42:37+00:00","article:publisher":"https:\/\/facebook.com\/Tuplicki Biuletyn Informacyjny","twitter:card":"summary_large_image","twitter:title":"Rozporz\u0105dzenie Rady Ministr\u00f3w z dnia 31 marca 2020 r. w sprawie ustanowienia okre\u015blonych ogranicze\u0144, nakaz\u00f3w i zakaz\u00f3w w zwi\u0105zku z wyst\u0105pieniem stanu epidemii - Gmina Tuplice","twitter:description":"Za\u0142\u0105czniki: Rozporz\u0105dzenie Rady Ministr\u00f3w.pdf"},"aioseo_meta_data":{"post_id":"3808","title":null,"description":null,"keywords":null,"keyphrases":null,"primary_term":null,"canonical_url":null,"og_title":null,"og_description":null,"og_object_type":"default","og_image_type":"default","og_image_url":null,"og_image_width":null,"og_image_height":null,"og_image_custom_url":null,"og_image_custom_fields":null,"og_video":null,"og_custom_url":null,"og_article_section":null,"og_article_tags":null,"twitter_use_og":false,"twitter_card":"default","twitter_image_type":"default","twitter_image_url":null,"twitter_image_custom_url":null,"twitter_image_custom_fields":null,"twitter_title":null,"twitter_description":null,"schema":{"blockGraphs":[],"customGraphs":[],"default":{"data":{"Article":[],"Course":[],"Dataset":[],"FAQPage":[],"Movie":[],"Person":[],"Product":[],"ProductReview":[],"Car":[],"Recipe":[],"Service":[],"SoftwareApplication":[],"WebPage":[]},"graphName":"","isEnabled":true},"graphs":[]},"schema_type":"default","schema_type_options":null,"pillar_content":false,"robots_default":true,"robots_noindex":false,"robots_noarchive":false,"robots_nosnippet":false,"robots_nofollow":false,"robots_noimageindex":false,"robots_noodp":false,"robots_notranslate":false,"robots_max_snippet":null,"robots_max_videopreview":null,"robots_max_imagepreview":"large","priority":null,"frequency":null,"local_seo":null,"breadcrumb_settings":null,"limit_modified_date":false,"ai":null,"created":"2025-07-22 23:32:35","updated":"2025-07-22 23:32:35","seo_analyzer_scan_date":null},"aioseo_breadcrumb":"<div class=\"aioseo-breadcrumbs\"><span class=\"aioseo-breadcrumb\">\n\t\t\t<a href=\"https:\/\/tuplice.pl\" title=\"Home\">Home<\/a>\n\t\t<\/span><span class=\"aioseo-breadcrumb-separator\">&raquo;<\/span><span class=\"aioseo-breadcrumb\">\n\t\t\t<a href=\"https:\/\/tuplice.pl\/index.php\/category\/aktualnosci\/\" title=\"Aktualno\u015bci\">Aktualno\u015bci<\/a>\n\t\t<\/span><span class=\"aioseo-breadcrumb-separator\">&raquo;<\/span><span class=\"aioseo-breadcrumb\">\n\t\t\tRozporz\u0105dzenie Rady Ministr\u00f3w z dnia 31 marca 2020 r. w sprawie ustanowienia okre\u015blonych ogranicze\u0144, nakaz\u00f3w i zakaz\u00f3w w zwi\u0105zku z wyst\u0105pieniem stanu epidemii\n\t\t<\/span><\/div>","aioseo_breadcrumb_json":[{"label":"Home","link":"https:\/\/tuplice.pl"},{"label":"Aktualno\u015bci","link":"https:\/\/tuplice.pl\/index.php\/category\/aktualnosci\/"},{"label":"Rozporz\u0105dzenie Rady Ministr\u00f3w z dnia 31 marca 2020 r. w sprawie ustanowienia okre\u015blonych ogranicze\u0144, nakaz\u00f3w i zakaz\u00f3w w zwi\u0105zku z wyst\u0105pieniem stanu epidemii","link":"https:\/\/tuplice.pl\/index.php\/2020\/04\/01\/rozporzadzenie-rady-ministrow-z-dnia-31-marca-2020-r-w-sprawie-ustanowienia-okreslonych-ograniczen-nakazow-i-zakazow-w-zwiazku-z-wystapieniem-stanu-epidemii\/"}],"a3_pvc":{"activated":false,"total_views":0,"today_views":0},"_links":{"self":[{"href":"https:\/\/tuplice.pl\/index.php\/wp-json\/wp\/v2\/posts\/3808"}],"collection":[{"href":"https:\/\/tuplice.pl\/index.php\/wp-json\/wp\/v2\/posts"}],"about":[{"href":"https:\/\/tuplice.pl\/index.php\/wp-json\/wp\/v2\/types\/post"}],"author":[{"embeddable":true,"href":"https:\/\/tuplice.pl\/index.php\/wp-json\/wp\/v2\/users\/1"}],"replies":[{"embeddable":true,"href":"https:\/\/tuplice.pl\/index.php\/wp-json\/wp\/v2\/comments?post=3808"}],"version-history":[{"count":5,"href":"https:\/\/tuplice.pl\/index.php\/wp-json\/wp\/v2\/posts\/3808\/revisions"}],"predecessor-version":[{"id":3826,"href":"https:\/\/tuplice.pl\/index.php\/wp-json\/wp\/v2\/posts\/3808\/revisions\/3826"}],"wp:featuredmedia":[{"embeddable":true,"href":"https:\/\/tuplice.pl\/index.php\/wp-json\/wp\/v2\/media\/3819"}],"wp:attachment":[{"href":"https:\/\/tuplice.pl\/index.php\/wp-json\/wp\/v2\/media?parent=3808"}],"wp:term":[{"taxonomy":"category","embeddable":true,"href":"https:\/\/tuplice.pl\/index.php\/wp-json\/wp\/v2\/categories?post=3808"},{"taxonomy":"post_tag","embeddable":true,"href":"https:\/\/tuplice.pl\/index.php\/wp-json\/wp\/v2\/tags?post=3808"}],"curies":[{"name":"wp","href":"https:\/\/api.w.org\/{rel}","templated":true}]}}