{"id":4004,"date":"2020-07-09T13:39:35","date_gmt":"2020-07-09T11:39:35","guid":{"rendered":"http:\/\/tuplice.pl\/?p=4004"},"modified":"2020-08-13T08:41:05","modified_gmt":"2020-08-13T06:41:05","slug":"publiczna-aplikacja-szacowanie-suszy","status":"publish","type":"post","link":"https:\/\/tuplice.pl\/index.php\/2020\/07\/09\/publiczna-aplikacja-szacowanie-suszy\/","title":{"rendered":"Publiczna aplikacja &#8211; szacowanie suszy"},"content":{"rendered":"<p align=\"center\"><strong>UWAGA ROLNICY<\/strong><\/p>\n<p align=\"center\"><strong>Publiczna aplikacja \u2013 szacowanie suszy<\/strong><\/p>\n<p>&nbsp;<\/p>\n<p>Informuj\u0119, \u017ce na stronie internetowej Ministerstwa Rolnictwa i\u00a0Rozwoju Wsi zosta\u0142a udost\u0119pniona aplikacja publiczna poprzez kt\u00f3r\u0105 rolnicy mog\u0105 sk\u0142ada\u0107 wnioski o\u00a0oszacowanie strat w\u00a0uprawach rolnych spowodowanych przez susz\u0119. Aplikacja wygeneruje tak\u017ce protok\u00f3\u0142 z\u00a0oszacowania strat.<\/p>\n<p>Szczeg\u00f3\u0142owe informacje dot. aplikacja znajduj\u0105 si\u0119 na stronie internetowej <a href=\"https:\/\/www.gov.pl\/web\/rolnictwo\/cyfryzacja-szacowania-strat-spowodowanych-przez-susze\">https:\/\/www.gov.pl\/web\/rolnictwo\/cyfryzacja-szacowania-strat-spowodowanych-przez-susze<\/a><\/p>\n<p>&nbsp;<\/p>\n<p>Link do aplikacji:<\/p>\n<p><a href=\"https:\/\/aplikacje.gov.pl\/app\/susza\/\">https:\/\/aplikacje.gov.pl\/app\/susza\/<\/a><\/p>\n","protected":false},"excerpt":{"rendered":"<p>UWAGA ROLNICY Publiczna aplikacja \u2013 szacowanie suszy &nbsp; Informuj\u0119, \u017ce na stronie internetowej Ministerstwa Rolnictwa i\u00a0Rozwoju Wsi zosta\u0142a udost\u0119pniona aplikacja publiczna poprzez kt\u00f3r\u0105 rolnicy mog\u0105 sk\u0142ada\u0107 wnioski o\u00a0oszacowanie strat w\u00a0uprawach rolnych spowodowanych przez susz\u0119. Aplikacja wygeneruje tak\u017ce protok\u00f3\u0142 z\u00a0oszacowania strat. Szczeg\u00f3\u0142owe informacje dot. aplikacja znajduj\u0105 si\u0119 na stronie internetowej https:\/\/www.gov.pl\/web\/rolnictwo\/cyfryzacja-szacowania-strat-spowodowanych-przez-susze &nbsp; Link do aplikacji: https:\/\/aplikacje.gov.pl\/app\/susza\/<\/p>\n","protected":false},"author":3,"featured_media":4003,"comment_status":"open","ping_status":"open","sticky":false,"template":"","format":"standard","meta":{"_et_pb_use_builder":"","_et_pb_old_content":"","_et_gb_content_width":"","_monsterinsights_skip_tracking":false},"categories":[82],"tags":[],"aioseo_notices":[],"aioseo_head":"\n\t\t<!-- All in One SEO 4.9.10 - aioseo.com -->\n\t<meta name=\"description\" content=\"UWAGA ROLNICY Publiczna aplikacja \u2013 szacowanie suszy Informuj\u0119, \u017ce na stronie internetowej Ministerstwa Rolnictwa i Rozwoju Wsi zosta\u0142a udost\u0119pniona aplikacja publiczna poprzez kt\u00f3r\u0105 rolnicy mog\u0105 sk\u0142ada\u0107 wnioski o oszacowanie strat w uprawach rolnych spowodowanych przez susz\u0119. Aplikacja wygeneruje tak\u017ce protok\u00f3\u0142 z oszacowania strat. Szczeg\u00f3\u0142owe informacje dot. aplikacja znajduj\u0105 si\u0119 na stronie internetowej https:\/\/www.gov.pl\/web\/rolnictwo\/cyfryzacja-szacowania-strat-spowodowanych-przez-susze Link do aplikacji: https:\/\/aplikacje.gov.pl\/app\/susza\/\" \/>\n\t<meta name=\"robots\" content=\"max-image-preview:large\" \/>\n\t<meta name=\"author\" content=\"Jacek Konieczy\u0144ski\"\/>\n\t<link rel=\"canonical\" href=\"https:\/\/tuplice.pl\/index.php\/2020\/07\/09\/publiczna-aplikacja-szacowanie-suszy\/\" \/>\n\t<meta name=\"generator\" content=\"All in One SEO (AIOSEO) 4.9.10\" \/>\n\t\t<meta property=\"og:locale\" content=\"pl_PL\" \/>\n\t\t<meta property=\"og:site_name\" content=\"Gmina Tuplice - Strona Gminy Tuplice\" \/>\n\t\t<meta property=\"og:type\" content=\"article\" \/>\n\t\t<meta property=\"og:title\" content=\"Publiczna aplikacja \u2013 szacowanie suszy - Gmina Tuplice\" \/>\n\t\t<meta property=\"og:description\" content=\"UWAGA ROLNICY Publiczna aplikacja \u2013 szacowanie suszy Informuj\u0119, \u017ce na stronie internetowej Ministerstwa Rolnictwa i Rozwoju Wsi zosta\u0142a udost\u0119pniona aplikacja publiczna poprzez kt\u00f3r\u0105 rolnicy mog\u0105 sk\u0142ada\u0107 wnioski o oszacowanie strat w uprawach rolnych spowodowanych przez susz\u0119. Aplikacja wygeneruje tak\u017ce protok\u00f3\u0142 z oszacowania strat. Szczeg\u00f3\u0142owe informacje dot. aplikacja znajduj\u0105 si\u0119 na stronie internetowej https:\/\/www.gov.pl\/web\/rolnictwo\/cyfryzacja-szacowania-strat-spowodowanych-przez-susze Link do aplikacji: https:\/\/aplikacje.gov.pl\/app\/susza\/\" \/>\n\t\t<meta property=\"og:url\" content=\"https:\/\/tuplice.pl\/index.php\/2020\/07\/09\/publiczna-aplikacja-szacowanie-suszy\/\" \/>\n\t\t<meta property=\"article:published_time\" content=\"2020-07-09T11:39:35+00:00\" \/>\n\t\t<meta property=\"article:modified_time\" content=\"2020-08-13T06:41:05+00:00\" \/>\n\t\t<meta property=\"article:publisher\" content=\"https:\/\/facebook.com\/Tuplicki Biuletyn Informacyjny\" \/>\n\t\t<meta name=\"twitter:card\" content=\"summary_large_image\" \/>\n\t\t<meta name=\"twitter:title\" content=\"Publiczna aplikacja \u2013 szacowanie suszy - Gmina Tuplice\" \/>\n\t\t<meta name=\"twitter:description\" content=\"UWAGA ROLNICY Publiczna aplikacja \u2013 szacowanie suszy Informuj\u0119, \u017ce na stronie internetowej Ministerstwa Rolnictwa i Rozwoju Wsi zosta\u0142a udost\u0119pniona aplikacja publiczna poprzez kt\u00f3r\u0105 rolnicy mog\u0105 sk\u0142ada\u0107 wnioski o oszacowanie strat w uprawach rolnych spowodowanych przez susz\u0119. Aplikacja wygeneruje tak\u017ce protok\u00f3\u0142 z oszacowania strat. Szczeg\u00f3\u0142owe informacje dot. aplikacja znajduj\u0105 si\u0119 na stronie internetowej https:\/\/www.gov.pl\/web\/rolnictwo\/cyfryzacja-szacowania-strat-spowodowanych-przez-susze Link do aplikacji: https:\/\/aplikacje.gov.pl\/app\/susza\/\" \/>\n\t\t<script type=\"application\/ld+json\" class=\"aioseo-schema\">\n\t\t\t{\"@context\":\"https:\\\/\\\/schema.org\",\"@graph\":[{\"@type\":\"BlogPosting\",\"@id\":\"https:\\\/\\\/tuplice.pl\\\/index.php\\\/2020\\\/07\\\/09\\\/publiczna-aplikacja-szacowanie-suszy\\\/#blogposting\",\"name\":\"Publiczna aplikacja \\u2013 szacowanie suszy - Gmina Tuplice\",\"headline\":\"Publiczna aplikacja &#8211; szacowanie suszy\",\"author\":{\"@id\":\"https:\\\/\\\/tuplice.pl\\\/index.php\\\/author\\\/tuplice\\\/#author\"},\"publisher\":{\"@id\":\"https:\\\/\\\/tuplice.pl\\\/#organization\"},\"image\":{\"@type\":\"ImageObject\",\"url\":\"https:\\\/\\\/tuplice.pl\\\/wp-content\\\/uploads\\\/2020\\\/07\\\/susza.jpg\",\"width\":260,\"height\":173},\"datePublished\":\"2020-07-09T13:39:35+02:00\",\"dateModified\":\"2020-08-13T08:41:05+02:00\",\"inLanguage\":\"pl-PL\",\"mainEntityOfPage\":{\"@id\":\"https:\\\/\\\/tuplice.pl\\\/index.php\\\/2020\\\/07\\\/09\\\/publiczna-aplikacja-szacowanie-suszy\\\/#webpage\"},\"isPartOf\":{\"@id\":\"https:\\\/\\\/tuplice.pl\\\/index.php\\\/2020\\\/07\\\/09\\\/publiczna-aplikacja-szacowanie-suszy\\\/#webpage\"},\"articleSection\":\"Aktualno\\u015bci\"},{\"@type\":\"BreadcrumbList\",\"@id\":\"https:\\\/\\\/tuplice.pl\\\/index.php\\\/2020\\\/07\\\/09\\\/publiczna-aplikacja-szacowanie-suszy\\\/#breadcrumblist\",\"itemListElement\":[{\"@type\":\"ListItem\",\"@id\":\"https:\\\/\\\/tuplice.pl#listItem\",\"position\":1,\"name\":\"Home\",\"item\":\"https:\\\/\\\/tuplice.pl\",\"nextItem\":{\"@type\":\"ListItem\",\"@id\":\"https:\\\/\\\/tuplice.pl\\\/index.php\\\/category\\\/aktualnosci\\\/#listItem\",\"name\":\"Aktualno\\u015bci\"}},{\"@type\":\"ListItem\",\"@id\":\"https:\\\/\\\/tuplice.pl\\\/index.php\\\/category\\\/aktualnosci\\\/#listItem\",\"position\":2,\"name\":\"Aktualno\\u015bci\",\"item\":\"https:\\\/\\\/tuplice.pl\\\/index.php\\\/category\\\/aktualnosci\\\/\",\"nextItem\":{\"@type\":\"ListItem\",\"@id\":\"https:\\\/\\\/tuplice.pl\\\/index.php\\\/2020\\\/07\\\/09\\\/publiczna-aplikacja-szacowanie-suszy\\\/#listItem\",\"name\":\"Publiczna aplikacja &#8211; szacowanie suszy\"},\"previousItem\":{\"@type\":\"ListItem\",\"@id\":\"https:\\\/\\\/tuplice.pl#listItem\",\"name\":\"Home\"}},{\"@type\":\"ListItem\",\"@id\":\"https:\\\/\\\/tuplice.pl\\\/index.php\\\/2020\\\/07\\\/09\\\/publiczna-aplikacja-szacowanie-suszy\\\/#listItem\",\"position\":3,\"name\":\"Publiczna aplikacja &#8211; szacowanie suszy\",\"previousItem\":{\"@type\":\"ListItem\",\"@id\":\"https:\\\/\\\/tuplice.pl\\\/index.php\\\/category\\\/aktualnosci\\\/#listItem\",\"name\":\"Aktualno\\u015bci\"}}]},{\"@type\":\"Organization\",\"@id\":\"https:\\\/\\\/tuplice.pl\\\/#organization\",\"name\":\"Gmina Tuplice Gmina Tuplice\",\"description\":\"Strona Gminy Tuplice Strona Urz\\u0119du Gminy Tuplice\",\"url\":\"https:\\\/\\\/tuplice.pl\\\/\",\"telephone\":\"+48683625720\",\"logo\":{\"@type\":\"ImageObject\",\"url\":\"https:\\\/\\\/tuplice.pl\\\/wp-content\\\/uploads\\\/2025\\\/07\\\/images.png\",\"@id\":\"https:\\\/\\\/tuplice.pl\\\/index.php\\\/2020\\\/07\\\/09\\\/publiczna-aplikacja-szacowanie-suszy\\\/#organizationLogo\",\"width\":282,\"height\":179},\"image\":{\"@id\":\"https:\\\/\\\/tuplice.pl\\\/index.php\\\/2020\\\/07\\\/09\\\/publiczna-aplikacja-szacowanie-suszy\\\/#organizationLogo\"},\"sameAs\":[\"https:\\\/\\\/facebook.com\\\/Tuplicki Biuletyn Informacyjny\",\"https:\\\/\\\/pinterest.com\\\/Tuplicki Biuletyn Informacyjny\",\"https:\\\/\\\/youtube.com\\\/Tuplicki Biuletyn Informacyjny\"]},{\"@type\":\"Person\",\"@id\":\"https:\\\/\\\/tuplice.pl\\\/index.php\\\/author\\\/tuplice\\\/#author\",\"url\":\"https:\\\/\\\/tuplice.pl\\\/index.php\\\/author\\\/tuplice\\\/\",\"name\":\"Jacek Konieczy\\u0144ski\",\"image\":{\"@type\":\"ImageObject\",\"@id\":\"https:\\\/\\\/tuplice.pl\\\/index.php\\\/2020\\\/07\\\/09\\\/publiczna-aplikacja-szacowanie-suszy\\\/#authorImage\",\"url\":\"https:\\\/\\\/secure.gravatar.com\\\/avatar\\\/8aa224da0ce3c7d7e2a92a582397a6f3?s=96&d=mm&r=g\",\"width\":96,\"height\":96,\"caption\":\"Jacek Konieczy\\u0144ski\"}},{\"@type\":\"WebPage\",\"@id\":\"https:\\\/\\\/tuplice.pl\\\/index.php\\\/2020\\\/07\\\/09\\\/publiczna-aplikacja-szacowanie-suszy\\\/#webpage\",\"url\":\"https:\\\/\\\/tuplice.pl\\\/index.php\\\/2020\\\/07\\\/09\\\/publiczna-aplikacja-szacowanie-suszy\\\/\",\"name\":\"Publiczna aplikacja \\u2013 szacowanie suszy - Gmina Tuplice\",\"description\":\"UWAGA ROLNICY Publiczna aplikacja \\u2013 szacowanie suszy Informuj\\u0119, \\u017ce na stronie internetowej Ministerstwa Rolnictwa i Rozwoju Wsi zosta\\u0142a udost\\u0119pniona aplikacja publiczna poprzez kt\\u00f3r\\u0105 rolnicy mog\\u0105 sk\\u0142ada\\u0107 wnioski o oszacowanie strat w uprawach rolnych spowodowanych przez susz\\u0119. Aplikacja wygeneruje tak\\u017ce protok\\u00f3\\u0142 z oszacowania strat. Szczeg\\u00f3\\u0142owe informacje dot. aplikacja znajduj\\u0105 si\\u0119 na stronie internetowej https:\\\/\\\/www.gov.pl\\\/web\\\/rolnictwo\\\/cyfryzacja-szacowania-strat-spowodowanych-przez-susze Link do aplikacji: https:\\\/\\\/aplikacje.gov.pl\\\/app\\\/susza\\\/\",\"inLanguage\":\"pl-PL\",\"isPartOf\":{\"@id\":\"https:\\\/\\\/tuplice.pl\\\/#website\"},\"breadcrumb\":{\"@id\":\"https:\\\/\\\/tuplice.pl\\\/index.php\\\/2020\\\/07\\\/09\\\/publiczna-aplikacja-szacowanie-suszy\\\/#breadcrumblist\"},\"author\":{\"@id\":\"https:\\\/\\\/tuplice.pl\\\/index.php\\\/author\\\/tuplice\\\/#author\"},\"creator\":{\"@id\":\"https:\\\/\\\/tuplice.pl\\\/index.php\\\/author\\\/tuplice\\\/#author\"},\"image\":{\"@type\":\"ImageObject\",\"url\":\"https:\\\/\\\/tuplice.pl\\\/wp-content\\\/uploads\\\/2020\\\/07\\\/susza.jpg\",\"@id\":\"https:\\\/\\\/tuplice.pl\\\/index.php\\\/2020\\\/07\\\/09\\\/publiczna-aplikacja-szacowanie-suszy\\\/#mainImage\",\"width\":260,\"height\":173},\"primaryImageOfPage\":{\"@id\":\"https:\\\/\\\/tuplice.pl\\\/index.php\\\/2020\\\/07\\\/09\\\/publiczna-aplikacja-szacowanie-suszy\\\/#mainImage\"},\"datePublished\":\"2020-07-09T13:39:35+02:00\",\"dateModified\":\"2020-08-13T08:41:05+02:00\"},{\"@type\":\"WebSite\",\"@id\":\"https:\\\/\\\/tuplice.pl\\\/#website\",\"url\":\"https:\\\/\\\/tuplice.pl\\\/\",\"name\":\"Gmina Tuplice\",\"description\":\"Strona Gminy Tuplice\",\"inLanguage\":\"pl-PL\",\"publisher\":{\"@id\":\"https:\\\/\\\/tuplice.pl\\\/#organization\"}}]}\n\t\t<\/script>\n\t\t<!-- All in One SEO -->\n\n","aioseo_head_json":{"title":"Publiczna aplikacja \u2013 szacowanie suszy - Gmina Tuplice","description":"UWAGA ROLNICY Publiczna aplikacja \u2013 szacowanie suszy Informuj\u0119, \u017ce na stronie internetowej Ministerstwa Rolnictwa i Rozwoju Wsi zosta\u0142a udost\u0119pniona aplikacja publiczna poprzez kt\u00f3r\u0105 rolnicy mog\u0105 sk\u0142ada\u0107 wnioski o oszacowanie strat w uprawach rolnych spowodowanych przez susz\u0119. Aplikacja wygeneruje tak\u017ce protok\u00f3\u0142 z oszacowania strat. Szczeg\u00f3\u0142owe informacje dot. aplikacja znajduj\u0105 si\u0119 na stronie internetowej https:\/\/www.gov.pl\/web\/rolnictwo\/cyfryzacja-szacowania-strat-spowodowanych-przez-susze Link do aplikacji: https:\/\/aplikacje.gov.pl\/app\/susza\/","canonical_url":"https:\/\/tuplice.pl\/index.php\/2020\/07\/09\/publiczna-aplikacja-szacowanie-suszy\/","robots":"max-image-preview:large","keywords":"","webmasterTools":{"miscellaneous":""},"schema":{"@context":"https:\/\/schema.org","@graph":[{"@type":"BlogPosting","@id":"https:\/\/tuplice.pl\/index.php\/2020\/07\/09\/publiczna-aplikacja-szacowanie-suszy\/#blogposting","name":"Publiczna aplikacja \u2013 szacowanie suszy - Gmina Tuplice","headline":"Publiczna aplikacja &#8211; szacowanie suszy","author":{"@id":"https:\/\/tuplice.pl\/index.php\/author\/tuplice\/#author"},"publisher":{"@id":"https:\/\/tuplice.pl\/#organization"},"image":{"@type":"ImageObject","url":"https:\/\/tuplice.pl\/wp-content\/uploads\/2020\/07\/susza.jpg","width":260,"height":173},"datePublished":"2020-07-09T13:39:35+02:00","dateModified":"2020-08-13T08:41:05+02:00","inLanguage":"pl-PL","mainEntityOfPage":{"@id":"https:\/\/tuplice.pl\/index.php\/2020\/07\/09\/publiczna-aplikacja-szacowanie-suszy\/#webpage"},"isPartOf":{"@id":"https:\/\/tuplice.pl\/index.php\/2020\/07\/09\/publiczna-aplikacja-szacowanie-suszy\/#webpage"},"articleSection":"Aktualno\u015bci"},{"@type":"BreadcrumbList","@id":"https:\/\/tuplice.pl\/index.php\/2020\/07\/09\/publiczna-aplikacja-szacowanie-suszy\/#breadcrumblist","itemListElement":[{"@type":"ListItem","@id":"https:\/\/tuplice.pl#listItem","position":1,"name":"Home","item":"https:\/\/tuplice.pl","nextItem":{"@type":"ListItem","@id":"https:\/\/tuplice.pl\/index.php\/category\/aktualnosci\/#listItem","name":"Aktualno\u015bci"}},{"@type":"ListItem","@id":"https:\/\/tuplice.pl\/index.php\/category\/aktualnosci\/#listItem","position":2,"name":"Aktualno\u015bci","item":"https:\/\/tuplice.pl\/index.php\/category\/aktualnosci\/","nextItem":{"@type":"ListItem","@id":"https:\/\/tuplice.pl\/index.php\/2020\/07\/09\/publiczna-aplikacja-szacowanie-suszy\/#listItem","name":"Publiczna aplikacja &#8211; szacowanie suszy"},"previousItem":{"@type":"ListItem","@id":"https:\/\/tuplice.pl#listItem","name":"Home"}},{"@type":"ListItem","@id":"https:\/\/tuplice.pl\/index.php\/2020\/07\/09\/publiczna-aplikacja-szacowanie-suszy\/#listItem","position":3,"name":"Publiczna aplikacja &#8211; szacowanie suszy","previousItem":{"@type":"ListItem","@id":"https:\/\/tuplice.pl\/index.php\/category\/aktualnosci\/#listItem","name":"Aktualno\u015bci"}}]},{"@type":"Organization","@id":"https:\/\/tuplice.pl\/#organization","name":"Gmina Tuplice Gmina Tuplice","description":"Strona Gminy Tuplice Strona Urz\u0119du Gminy Tuplice","url":"https:\/\/tuplice.pl\/","telephone":"+48683625720","logo":{"@type":"ImageObject","url":"https:\/\/tuplice.pl\/wp-content\/uploads\/2025\/07\/images.png","@id":"https:\/\/tuplice.pl\/index.php\/2020\/07\/09\/publiczna-aplikacja-szacowanie-suszy\/#organizationLogo","width":282,"height":179},"image":{"@id":"https:\/\/tuplice.pl\/index.php\/2020\/07\/09\/publiczna-aplikacja-szacowanie-suszy\/#organizationLogo"},"sameAs":["https:\/\/facebook.com\/Tuplicki Biuletyn Informacyjny","https:\/\/pinterest.com\/Tuplicki Biuletyn Informacyjny","https:\/\/youtube.com\/Tuplicki Biuletyn Informacyjny"]},{"@type":"Person","@id":"https:\/\/tuplice.pl\/index.php\/author\/tuplice\/#author","url":"https:\/\/tuplice.pl\/index.php\/author\/tuplice\/","name":"Jacek Konieczy\u0144ski","image":{"@type":"ImageObject","@id":"https:\/\/tuplice.pl\/index.php\/2020\/07\/09\/publiczna-aplikacja-szacowanie-suszy\/#authorImage","url":"https:\/\/secure.gravatar.com\/avatar\/8aa224da0ce3c7d7e2a92a582397a6f3?s=96&d=mm&r=g","width":96,"height":96,"caption":"Jacek Konieczy\u0144ski"}},{"@type":"WebPage","@id":"https:\/\/tuplice.pl\/index.php\/2020\/07\/09\/publiczna-aplikacja-szacowanie-suszy\/#webpage","url":"https:\/\/tuplice.pl\/index.php\/2020\/07\/09\/publiczna-aplikacja-szacowanie-suszy\/","name":"Publiczna aplikacja \u2013 szacowanie suszy - Gmina Tuplice","description":"UWAGA ROLNICY Publiczna aplikacja \u2013 szacowanie suszy Informuj\u0119, \u017ce na stronie internetowej Ministerstwa Rolnictwa i Rozwoju Wsi zosta\u0142a udost\u0119pniona aplikacja publiczna poprzez kt\u00f3r\u0105 rolnicy mog\u0105 sk\u0142ada\u0107 wnioski o oszacowanie strat w uprawach rolnych spowodowanych przez susz\u0119. Aplikacja wygeneruje tak\u017ce protok\u00f3\u0142 z oszacowania strat. Szczeg\u00f3\u0142owe informacje dot. aplikacja znajduj\u0105 si\u0119 na stronie internetowej https:\/\/www.gov.pl\/web\/rolnictwo\/cyfryzacja-szacowania-strat-spowodowanych-przez-susze Link do aplikacji: https:\/\/aplikacje.gov.pl\/app\/susza\/","inLanguage":"pl-PL","isPartOf":{"@id":"https:\/\/tuplice.pl\/#website"},"breadcrumb":{"@id":"https:\/\/tuplice.pl\/index.php\/2020\/07\/09\/publiczna-aplikacja-szacowanie-suszy\/#breadcrumblist"},"author":{"@id":"https:\/\/tuplice.pl\/index.php\/author\/tuplice\/#author"},"creator":{"@id":"https:\/\/tuplice.pl\/index.php\/author\/tuplice\/#author"},"image":{"@type":"ImageObject","url":"https:\/\/tuplice.pl\/wp-content\/uploads\/2020\/07\/susza.jpg","@id":"https:\/\/tuplice.pl\/index.php\/2020\/07\/09\/publiczna-aplikacja-szacowanie-suszy\/#mainImage","width":260,"height":173},"primaryImageOfPage":{"@id":"https:\/\/tuplice.pl\/index.php\/2020\/07\/09\/publiczna-aplikacja-szacowanie-suszy\/#mainImage"},"datePublished":"2020-07-09T13:39:35+02:00","dateModified":"2020-08-13T08:41:05+02:00"},{"@type":"WebSite","@id":"https:\/\/tuplice.pl\/#website","url":"https:\/\/tuplice.pl\/","name":"Gmina Tuplice","description":"Strona Gminy Tuplice","inLanguage":"pl-PL","publisher":{"@id":"https:\/\/tuplice.pl\/#organization"}}]},"og:locale":"pl_PL","og:site_name":"Gmina Tuplice - Strona Gminy Tuplice","og:type":"article","og:title":"Publiczna aplikacja \u2013 szacowanie suszy - Gmina Tuplice","og:description":"UWAGA ROLNICY Publiczna aplikacja \u2013 szacowanie suszy Informuj\u0119, \u017ce na stronie internetowej Ministerstwa Rolnictwa i Rozwoju Wsi zosta\u0142a udost\u0119pniona aplikacja publiczna poprzez kt\u00f3r\u0105 rolnicy mog\u0105 sk\u0142ada\u0107 wnioski o oszacowanie strat w uprawach rolnych spowodowanych przez susz\u0119. Aplikacja wygeneruje tak\u017ce protok\u00f3\u0142 z oszacowania strat. Szczeg\u00f3\u0142owe informacje dot. aplikacja znajduj\u0105 si\u0119 na stronie internetowej https:\/\/www.gov.pl\/web\/rolnictwo\/cyfryzacja-szacowania-strat-spowodowanych-przez-susze Link do aplikacji: https:\/\/aplikacje.gov.pl\/app\/susza\/","og:url":"https:\/\/tuplice.pl\/index.php\/2020\/07\/09\/publiczna-aplikacja-szacowanie-suszy\/","article:published_time":"2020-07-09T11:39:35+00:00","article:modified_time":"2020-08-13T06:41:05+00:00","article:publisher":"https:\/\/facebook.com\/Tuplicki Biuletyn Informacyjny","twitter:card":"summary_large_image","twitter:title":"Publiczna aplikacja \u2013 szacowanie suszy - Gmina Tuplice","twitter:description":"UWAGA ROLNICY Publiczna aplikacja \u2013 szacowanie suszy Informuj\u0119, \u017ce na stronie internetowej Ministerstwa Rolnictwa i Rozwoju Wsi zosta\u0142a udost\u0119pniona aplikacja publiczna poprzez kt\u00f3r\u0105 rolnicy mog\u0105 sk\u0142ada\u0107 wnioski o oszacowanie strat w uprawach rolnych spowodowanych przez susz\u0119. Aplikacja wygeneruje tak\u017ce protok\u00f3\u0142 z oszacowania strat. Szczeg\u00f3\u0142owe informacje dot. aplikacja znajduj\u0105 si\u0119 na stronie internetowej https:\/\/www.gov.pl\/web\/rolnictwo\/cyfryzacja-szacowania-strat-spowodowanych-przez-susze Link do aplikacji: https:\/\/aplikacje.gov.pl\/app\/susza\/"},"aioseo_meta_data":{"post_id":"4004","title":null,"description":null,"keywords":null,"keyphrases":null,"primary_term":null,"canonical_url":null,"og_title":null,"og_description":null,"og_object_type":"default","og_image_type":"default","og_image_url":null,"og_image_width":null,"og_image_height":null,"og_image_custom_url":null,"og_image_custom_fields":null,"og_video":null,"og_custom_url":null,"og_article_section":null,"og_article_tags":null,"twitter_use_og":false,"twitter_card":"default","twitter_image_type":"default","twitter_image_url":null,"twitter_image_custom_url":null,"twitter_image_custom_fields":null,"twitter_title":null,"twitter_description":null,"schema":{"blockGraphs":[],"customGraphs":[],"default":{"data":{"Article":[],"Course":[],"Dataset":[],"FAQPage":[],"Movie":[],"Person":[],"Product":[],"ProductReview":[],"Car":[],"Recipe":[],"Service":[],"SoftwareApplication":[],"WebPage":[]},"graphName":"","isEnabled":true},"graphs":[]},"schema_type":"default","schema_type_options":null,"pillar_content":false,"robots_default":true,"robots_noindex":false,"robots_noarchive":false,"robots_nosnippet":false,"robots_nofollow":false,"robots_noimageindex":false,"robots_noodp":false,"robots_notranslate":false,"robots_max_snippet":null,"robots_max_videopreview":null,"robots_max_imagepreview":"large","priority":null,"frequency":null,"local_seo":null,"breadcrumb_settings":null,"limit_modified_date":false,"ai":null,"created":"2025-07-22 23:35:08","updated":"2025-07-22 23:35:08","seo_analyzer_scan_date":null},"aioseo_breadcrumb":"<div class=\"aioseo-breadcrumbs\"><span class=\"aioseo-breadcrumb\">\n\t\t\t<a href=\"https:\/\/tuplice.pl\" title=\"Home\">Home<\/a>\n\t\t<\/span><span class=\"aioseo-breadcrumb-separator\">&raquo;<\/span><span class=\"aioseo-breadcrumb\">\n\t\t\t<a href=\"https:\/\/tuplice.pl\/index.php\/category\/aktualnosci\/\" title=\"Aktualno\u015bci\">Aktualno\u015bci<\/a>\n\t\t<\/span><span class=\"aioseo-breadcrumb-separator\">&raquo;<\/span><span class=\"aioseo-breadcrumb\">\n\t\t\tPubliczna aplikacja \u2013 szacowanie suszy\n\t\t<\/span><\/div>","aioseo_breadcrumb_json":[{"label":"Home","link":"https:\/\/tuplice.pl"},{"label":"Aktualno\u015bci","link":"https:\/\/tuplice.pl\/index.php\/category\/aktualnosci\/"},{"label":"Publiczna aplikacja &#8211; szacowanie suszy","link":"https:\/\/tuplice.pl\/index.php\/2020\/07\/09\/publiczna-aplikacja-szacowanie-suszy\/"}],"a3_pvc":{"activated":false,"total_views":0,"today_views":0},"_links":{"self":[{"href":"https:\/\/tuplice.pl\/index.php\/wp-json\/wp\/v2\/posts\/4004"}],"collection":[{"href":"https:\/\/tuplice.pl\/index.php\/wp-json\/wp\/v2\/posts"}],"about":[{"href":"https:\/\/tuplice.pl\/index.php\/wp-json\/wp\/v2\/types\/post"}],"author":[{"embeddable":true,"href":"https:\/\/tuplice.pl\/index.php\/wp-json\/wp\/v2\/users\/3"}],"replies":[{"embeddable":true,"href":"https:\/\/tuplice.pl\/index.php\/wp-json\/wp\/v2\/comments?post=4004"}],"version-history":[{"count":1,"href":"https:\/\/tuplice.pl\/index.php\/wp-json\/wp\/v2\/posts\/4004\/revisions"}],"predecessor-version":[{"id":4005,"href":"https:\/\/tuplice.pl\/index.php\/wp-json\/wp\/v2\/posts\/4004\/revisions\/4005"}],"wp:featuredmedia":[{"embeddable":true,"href":"https:\/\/tuplice.pl\/index.php\/wp-json\/wp\/v2\/media\/4003"}],"wp:attachment":[{"href":"https:\/\/tuplice.pl\/index.php\/wp-json\/wp\/v2\/media?parent=4004"}],"wp:term":[{"taxonomy":"category","embeddable":true,"href":"https:\/\/tuplice.pl\/index.php\/wp-json\/wp\/v2\/categories?post=4004"},{"taxonomy":"post_tag","embeddable":true,"href":"https:\/\/tuplice.pl\/index.php\/wp-json\/wp\/v2\/tags?post=4004"}],"curies":[{"name":"wp","href":"https:\/\/api.w.org\/{rel}","templated":true}]}}