{"id":4096,"date":"2020-09-04T11:41:30","date_gmt":"2020-09-04T09:41:30","guid":{"rendered":"http:\/\/tuplice.pl\/?p=4096"},"modified":"2020-09-04T12:39:16","modified_gmt":"2020-09-04T10:39:16","slug":"pod-bialo-czerwona-w-gminie-tuplice","status":"publish","type":"post","link":"https:\/\/tuplice.pl\/index.php\/2020\/09\/04\/pod-bialo-czerwona-w-gminie-tuplice\/","title":{"rendered":"Pod Bia\u0142o-Czerwon\u0105 w Gminie Tuplice"},"content":{"rendered":"<p><img decoding=\"async\" loading=\"lazy\" class=\"aligncenter size-full wp-image-4097\" src=\"https:\/\/tuplice.pl\/wp-content\/uploads\/2020\/09\/flaga.jpg\" alt=\"\" width=\"1460\" height=\"616\" srcset=\"https:\/\/tuplice.pl\/wp-content\/uploads\/2020\/09\/flaga.jpg 1460w, https:\/\/tuplice.pl\/wp-content\/uploads\/2020\/09\/flaga-1280x540.jpg 1280w, https:\/\/tuplice.pl\/wp-content\/uploads\/2020\/09\/flaga-980x413.jpg 980w, https:\/\/tuplice.pl\/wp-content\/uploads\/2020\/09\/flaga-480x203.jpg 480w\" sizes=\"(min-width: 0px) and (max-width: 480px) 480px, (min-width: 481px) and (max-width: 980px) 980px, (min-width: 981px) and (max-width: 1280px) 1280px, (min-width: 1281px) 1460px, 100vw\" \/><\/p>\n<p style=\"text-align: center;\">\u201cPOD BIA\u0141O-CZERWON\u0104\u201d<br \/>\nRuszy\u0142 projekt \u201ePod bia\u0142o-czerwon\u0105\u201d, kt\u00f3ry zak\u0142ada sfinansowanie przez Rz\u0105d Rzeczypospolitej Polskiej zakupu maszt\u00f3w i\u00a0flag w\u00a0ka\u017cdej z\u00a0gmin w\u00a0Polsce. Inicjatywa zakupu zale\u017ce\u0107 b\u0119dzie jednak od mieszka\u0144c\u00f3w gminy, kt\u00f3ra do\u0142\u0105czy do projektu.<br \/>\nTuplice potrzebuj\u0105 co najmniej 100 g\u0142os\u00f3w poparcia online\u00a0 za pomoc\u0105 serwisu <a href=\"https:\/\/bialoczerwona.www.gov.pl\/\" target=\"_blank\" rel=\"nofollow noopener noreferrer\" data-lynx-mode=\"hover\">https:\/\/bialoczerwona.www.gov.pl\/<\/a>, aby sfinansowano zakup masztu i\u00a0flagi, kt\u00f3ra zostanie wyeksponowana w\u00a0centralnym miejscu gminy.<br \/>\nW formularzu wystarczy wpisa\u0107:<\/p>\n<ul>\n<li>\u00a0imi\u0119;<\/li>\n<\/ul>\n<ul>\n<li>\u00a0nazwisko;<\/li>\n<\/ul>\n<ul>\n<li>wojew\u00f3dztwo;<\/li>\n<\/ul>\n<ul>\n<li>\u00a0nazw\u0119 gminy;<\/li>\n<\/ul>\n<ul>\n<li>\u00a0adres mailowy.<\/li>\n<\/ul>\n<p>&nbsp;<\/p>\n<p>&nbsp;<\/p>\n<p>&nbsp;<\/p>\n","protected":false},"excerpt":{"rendered":"<p>\u201cPOD BIA\u0141O-CZERWON\u0104\u201d Ruszy\u0142 projekt \u201ePod bia\u0142o-czerwon\u0105\u201d, kt\u00f3ry zak\u0142ada sfinansowanie przez Rz\u0105d Rzeczypospolitej Polskiej zakupu maszt\u00f3w i\u00a0flag w\u00a0ka\u017cdej z\u00a0gmin w\u00a0Polsce. Inicjatywa zakupu zale\u017ce\u0107 b\u0119dzie jednak od mieszka\u0144c\u00f3w gminy, kt\u00f3ra do\u0142\u0105czy do projektu. Tuplice potrzebuj\u0105 co najmniej 100 g\u0142os\u00f3w poparcia online\u00a0 za pomoc\u0105 serwisu https:\/\/bialoczerwona.www.gov.pl\/, aby sfinansowano zakup masztu i\u00a0flagi, kt\u00f3ra zostanie wyeksponowana w\u00a0centralnym miejscu gminy. W [&hellip;]<\/p>\n","protected":false},"author":3,"featured_media":4098,"comment_status":"open","ping_status":"open","sticky":false,"template":"","format":"standard","meta":{"_et_pb_use_builder":"","_et_pb_old_content":"","_et_gb_content_width":"","_monsterinsights_skip_tracking":false},"categories":[82],"tags":[],"aioseo_notices":[],"aioseo_head":"\n\t\t<!-- All in One SEO 4.9.10 - aioseo.com -->\n\t<meta name=\"description\" content=\"\u201cPOD BIA\u0141O-CZERWON\u0104\u201d Ruszy\u0142 projekt \u201ePod bia\u0142o-czerwon\u0105\u201d, kt\u00f3ry zak\u0142ada sfinansowanie przez Rz\u0105d Rzeczypospolitej Polskiej zakupu maszt\u00f3w i flag w ka\u017cdej z gmin w Polsce. Inicjatywa zakupu zale\u017ce\u0107 b\u0119dzie jednak od mieszka\u0144c\u00f3w gminy, kt\u00f3ra do\u0142\u0105czy do projektu. Tuplice potrzebuj\u0105 co najmniej 100 g\u0142os\u00f3w poparcia online za pomoc\u0105 serwisu https:\/\/bialoczerwona.www.gov.pl\/, aby sfinansowano zakup masztu i flagi, kt\u00f3ra zostanie wyeksponowana w centralnym miejscu gminy. W\" \/>\n\t<meta name=\"robots\" content=\"max-image-preview:large\" \/>\n\t<meta name=\"author\" content=\"Jacek Konieczy\u0144ski\"\/>\n\t<link rel=\"canonical\" href=\"https:\/\/tuplice.pl\/index.php\/2020\/09\/04\/pod-bialo-czerwona-w-gminie-tuplice\/\" \/>\n\t<meta name=\"generator\" content=\"All in One SEO (AIOSEO) 4.9.10\" \/>\n\t\t<meta property=\"og:locale\" content=\"pl_PL\" \/>\n\t\t<meta property=\"og:site_name\" content=\"Gmina Tuplice - Strona Gminy Tuplice\" \/>\n\t\t<meta property=\"og:type\" content=\"article\" \/>\n\t\t<meta property=\"og:title\" content=\"Pod Bia\u0142o-Czerwon\u0105 w Gminie Tuplice - Gmina Tuplice\" \/>\n\t\t<meta property=\"og:description\" content=\"\u201cPOD BIA\u0141O-CZERWON\u0104\u201d Ruszy\u0142 projekt \u201ePod bia\u0142o-czerwon\u0105\u201d, kt\u00f3ry zak\u0142ada sfinansowanie przez Rz\u0105d Rzeczypospolitej Polskiej zakupu maszt\u00f3w i flag w ka\u017cdej z gmin w Polsce. Inicjatywa zakupu zale\u017ce\u0107 b\u0119dzie jednak od mieszka\u0144c\u00f3w gminy, kt\u00f3ra do\u0142\u0105czy do projektu. Tuplice potrzebuj\u0105 co najmniej 100 g\u0142os\u00f3w poparcia online za pomoc\u0105 serwisu https:\/\/bialoczerwona.www.gov.pl\/, aby sfinansowano zakup masztu i flagi, kt\u00f3ra zostanie wyeksponowana w centralnym miejscu gminy. W\" \/>\n\t\t<meta property=\"og:url\" content=\"https:\/\/tuplice.pl\/index.php\/2020\/09\/04\/pod-bialo-czerwona-w-gminie-tuplice\/\" \/>\n\t\t<meta property=\"article:published_time\" content=\"2020-09-04T09:41:30+00:00\" \/>\n\t\t<meta property=\"article:modified_time\" content=\"2020-09-04T10:39:16+00:00\" \/>\n\t\t<meta property=\"article:publisher\" content=\"https:\/\/facebook.com\/Tuplicki Biuletyn Informacyjny\" \/>\n\t\t<meta name=\"twitter:card\" content=\"summary_large_image\" \/>\n\t\t<meta name=\"twitter:title\" content=\"Pod Bia\u0142o-Czerwon\u0105 w Gminie Tuplice - Gmina Tuplice\" \/>\n\t\t<meta name=\"twitter:description\" content=\"\u201cPOD BIA\u0141O-CZERWON\u0104\u201d Ruszy\u0142 projekt \u201ePod bia\u0142o-czerwon\u0105\u201d, kt\u00f3ry zak\u0142ada sfinansowanie przez Rz\u0105d Rzeczypospolitej Polskiej zakupu maszt\u00f3w i flag w ka\u017cdej z gmin w Polsce. Inicjatywa zakupu zale\u017ce\u0107 b\u0119dzie jednak od mieszka\u0144c\u00f3w gminy, kt\u00f3ra do\u0142\u0105czy do projektu. Tuplice potrzebuj\u0105 co najmniej 100 g\u0142os\u00f3w poparcia online za pomoc\u0105 serwisu https:\/\/bialoczerwona.www.gov.pl\/, aby sfinansowano zakup masztu i flagi, kt\u00f3ra zostanie wyeksponowana w centralnym miejscu gminy. W\" \/>\n\t\t<script type=\"application\/ld+json\" class=\"aioseo-schema\">\n\t\t\t{\"@context\":\"https:\\\/\\\/schema.org\",\"@graph\":[{\"@type\":\"BlogPosting\",\"@id\":\"https:\\\/\\\/tuplice.pl\\\/index.php\\\/2020\\\/09\\\/04\\\/pod-bialo-czerwona-w-gminie-tuplice\\\/#blogposting\",\"name\":\"Pod Bia\\u0142o-Czerwon\\u0105 w Gminie Tuplice - Gmina Tuplice\",\"headline\":\"Pod Bia\\u0142o-Czerwon\\u0105 w Gminie Tuplice\",\"author\":{\"@id\":\"https:\\\/\\\/tuplice.pl\\\/index.php\\\/author\\\/tuplice\\\/#author\"},\"publisher\":{\"@id\":\"https:\\\/\\\/tuplice.pl\\\/#organization\"},\"image\":{\"@type\":\"ImageObject\",\"url\":\"https:\\\/\\\/tuplice.pl\\\/wp-content\\\/uploads\\\/2020\\\/09\\\/92eaaa8e1131555d769b77c8c43a84e3.jpg\",\"width\":200,\"height\":150},\"datePublished\":\"2020-09-04T11:41:30+02:00\",\"dateModified\":\"2020-09-04T12:39:16+02:00\",\"inLanguage\":\"pl-PL\",\"mainEntityOfPage\":{\"@id\":\"https:\\\/\\\/tuplice.pl\\\/index.php\\\/2020\\\/09\\\/04\\\/pod-bialo-czerwona-w-gminie-tuplice\\\/#webpage\"},\"isPartOf\":{\"@id\":\"https:\\\/\\\/tuplice.pl\\\/index.php\\\/2020\\\/09\\\/04\\\/pod-bialo-czerwona-w-gminie-tuplice\\\/#webpage\"},\"articleSection\":\"Aktualno\\u015bci\"},{\"@type\":\"BreadcrumbList\",\"@id\":\"https:\\\/\\\/tuplice.pl\\\/index.php\\\/2020\\\/09\\\/04\\\/pod-bialo-czerwona-w-gminie-tuplice\\\/#breadcrumblist\",\"itemListElement\":[{\"@type\":\"ListItem\",\"@id\":\"https:\\\/\\\/tuplice.pl#listItem\",\"position\":1,\"name\":\"Home\",\"item\":\"https:\\\/\\\/tuplice.pl\",\"nextItem\":{\"@type\":\"ListItem\",\"@id\":\"https:\\\/\\\/tuplice.pl\\\/index.php\\\/category\\\/aktualnosci\\\/#listItem\",\"name\":\"Aktualno\\u015bci\"}},{\"@type\":\"ListItem\",\"@id\":\"https:\\\/\\\/tuplice.pl\\\/index.php\\\/category\\\/aktualnosci\\\/#listItem\",\"position\":2,\"name\":\"Aktualno\\u015bci\",\"item\":\"https:\\\/\\\/tuplice.pl\\\/index.php\\\/category\\\/aktualnosci\\\/\",\"nextItem\":{\"@type\":\"ListItem\",\"@id\":\"https:\\\/\\\/tuplice.pl\\\/index.php\\\/2020\\\/09\\\/04\\\/pod-bialo-czerwona-w-gminie-tuplice\\\/#listItem\",\"name\":\"Pod Bia\\u0142o-Czerwon\\u0105 w Gminie Tuplice\"},\"previousItem\":{\"@type\":\"ListItem\",\"@id\":\"https:\\\/\\\/tuplice.pl#listItem\",\"name\":\"Home\"}},{\"@type\":\"ListItem\",\"@id\":\"https:\\\/\\\/tuplice.pl\\\/index.php\\\/2020\\\/09\\\/04\\\/pod-bialo-czerwona-w-gminie-tuplice\\\/#listItem\",\"position\":3,\"name\":\"Pod Bia\\u0142o-Czerwon\\u0105 w Gminie Tuplice\",\"previousItem\":{\"@type\":\"ListItem\",\"@id\":\"https:\\\/\\\/tuplice.pl\\\/index.php\\\/category\\\/aktualnosci\\\/#listItem\",\"name\":\"Aktualno\\u015bci\"}}]},{\"@type\":\"Organization\",\"@id\":\"https:\\\/\\\/tuplice.pl\\\/#organization\",\"name\":\"Gmina Tuplice Gmina Tuplice\",\"description\":\"Strona Gminy Tuplice Strona Urz\\u0119du Gminy Tuplice\",\"url\":\"https:\\\/\\\/tuplice.pl\\\/\",\"telephone\":\"+48683625720\",\"logo\":{\"@type\":\"ImageObject\",\"url\":\"https:\\\/\\\/tuplice.pl\\\/wp-content\\\/uploads\\\/2025\\\/07\\\/images.png\",\"@id\":\"https:\\\/\\\/tuplice.pl\\\/index.php\\\/2020\\\/09\\\/04\\\/pod-bialo-czerwona-w-gminie-tuplice\\\/#organizationLogo\",\"width\":282,\"height\":179},\"image\":{\"@id\":\"https:\\\/\\\/tuplice.pl\\\/index.php\\\/2020\\\/09\\\/04\\\/pod-bialo-czerwona-w-gminie-tuplice\\\/#organizationLogo\"},\"sameAs\":[\"https:\\\/\\\/facebook.com\\\/Tuplicki Biuletyn Informacyjny\",\"https:\\\/\\\/pinterest.com\\\/Tuplicki Biuletyn Informacyjny\",\"https:\\\/\\\/youtube.com\\\/Tuplicki Biuletyn Informacyjny\"]},{\"@type\":\"Person\",\"@id\":\"https:\\\/\\\/tuplice.pl\\\/index.php\\\/author\\\/tuplice\\\/#author\",\"url\":\"https:\\\/\\\/tuplice.pl\\\/index.php\\\/author\\\/tuplice\\\/\",\"name\":\"Jacek Konieczy\\u0144ski\",\"image\":{\"@type\":\"ImageObject\",\"@id\":\"https:\\\/\\\/tuplice.pl\\\/index.php\\\/2020\\\/09\\\/04\\\/pod-bialo-czerwona-w-gminie-tuplice\\\/#authorImage\",\"url\":\"https:\\\/\\\/secure.gravatar.com\\\/avatar\\\/8aa224da0ce3c7d7e2a92a582397a6f3?s=96&d=mm&r=g\",\"width\":96,\"height\":96,\"caption\":\"Jacek Konieczy\\u0144ski\"}},{\"@type\":\"WebPage\",\"@id\":\"https:\\\/\\\/tuplice.pl\\\/index.php\\\/2020\\\/09\\\/04\\\/pod-bialo-czerwona-w-gminie-tuplice\\\/#webpage\",\"url\":\"https:\\\/\\\/tuplice.pl\\\/index.php\\\/2020\\\/09\\\/04\\\/pod-bialo-czerwona-w-gminie-tuplice\\\/\",\"name\":\"Pod Bia\\u0142o-Czerwon\\u0105 w Gminie Tuplice - Gmina Tuplice\",\"description\":\"\\u201cPOD BIA\\u0141O-CZERWON\\u0104\\u201d Ruszy\\u0142 projekt \\u201ePod bia\\u0142o-czerwon\\u0105\\u201d, kt\\u00f3ry zak\\u0142ada sfinansowanie przez Rz\\u0105d Rzeczypospolitej Polskiej zakupu maszt\\u00f3w i flag w ka\\u017cdej z gmin w Polsce. Inicjatywa zakupu zale\\u017ce\\u0107 b\\u0119dzie jednak od mieszka\\u0144c\\u00f3w gminy, kt\\u00f3ra do\\u0142\\u0105czy do projektu. Tuplice potrzebuj\\u0105 co najmniej 100 g\\u0142os\\u00f3w poparcia online za pomoc\\u0105 serwisu https:\\\/\\\/bialoczerwona.www.gov.pl\\\/, aby sfinansowano zakup masztu i flagi, kt\\u00f3ra zostanie wyeksponowana w centralnym miejscu gminy. W\",\"inLanguage\":\"pl-PL\",\"isPartOf\":{\"@id\":\"https:\\\/\\\/tuplice.pl\\\/#website\"},\"breadcrumb\":{\"@id\":\"https:\\\/\\\/tuplice.pl\\\/index.php\\\/2020\\\/09\\\/04\\\/pod-bialo-czerwona-w-gminie-tuplice\\\/#breadcrumblist\"},\"author\":{\"@id\":\"https:\\\/\\\/tuplice.pl\\\/index.php\\\/author\\\/tuplice\\\/#author\"},\"creator\":{\"@id\":\"https:\\\/\\\/tuplice.pl\\\/index.php\\\/author\\\/tuplice\\\/#author\"},\"image\":{\"@type\":\"ImageObject\",\"url\":\"https:\\\/\\\/tuplice.pl\\\/wp-content\\\/uploads\\\/2020\\\/09\\\/92eaaa8e1131555d769b77c8c43a84e3.jpg\",\"@id\":\"https:\\\/\\\/tuplice.pl\\\/index.php\\\/2020\\\/09\\\/04\\\/pod-bialo-czerwona-w-gminie-tuplice\\\/#mainImage\",\"width\":200,\"height\":150},\"primaryImageOfPage\":{\"@id\":\"https:\\\/\\\/tuplice.pl\\\/index.php\\\/2020\\\/09\\\/04\\\/pod-bialo-czerwona-w-gminie-tuplice\\\/#mainImage\"},\"datePublished\":\"2020-09-04T11:41:30+02:00\",\"dateModified\":\"2020-09-04T12:39:16+02:00\"},{\"@type\":\"WebSite\",\"@id\":\"https:\\\/\\\/tuplice.pl\\\/#website\",\"url\":\"https:\\\/\\\/tuplice.pl\\\/\",\"name\":\"Gmina Tuplice\",\"description\":\"Strona Gminy Tuplice\",\"inLanguage\":\"pl-PL\",\"publisher\":{\"@id\":\"https:\\\/\\\/tuplice.pl\\\/#organization\"}}]}\n\t\t<\/script>\n\t\t<!-- All in One SEO -->\n\n","aioseo_head_json":{"title":"Pod Bia\u0142o-Czerwon\u0105 w Gminie Tuplice - Gmina Tuplice","description":"\u201cPOD BIA\u0141O-CZERWON\u0104\u201d Ruszy\u0142 projekt \u201ePod bia\u0142o-czerwon\u0105\u201d, kt\u00f3ry zak\u0142ada sfinansowanie przez Rz\u0105d Rzeczypospolitej Polskiej zakupu maszt\u00f3w i flag w ka\u017cdej z gmin w Polsce. Inicjatywa zakupu zale\u017ce\u0107 b\u0119dzie jednak od mieszka\u0144c\u00f3w gminy, kt\u00f3ra do\u0142\u0105czy do projektu. Tuplice potrzebuj\u0105 co najmniej 100 g\u0142os\u00f3w poparcia online za pomoc\u0105 serwisu https:\/\/bialoczerwona.www.gov.pl\/, aby sfinansowano zakup masztu i flagi, kt\u00f3ra zostanie wyeksponowana w centralnym miejscu gminy. W","canonical_url":"https:\/\/tuplice.pl\/index.php\/2020\/09\/04\/pod-bialo-czerwona-w-gminie-tuplice\/","robots":"max-image-preview:large","keywords":"","webmasterTools":{"miscellaneous":""},"schema":{"@context":"https:\/\/schema.org","@graph":[{"@type":"BlogPosting","@id":"https:\/\/tuplice.pl\/index.php\/2020\/09\/04\/pod-bialo-czerwona-w-gminie-tuplice\/#blogposting","name":"Pod Bia\u0142o-Czerwon\u0105 w Gminie Tuplice - Gmina Tuplice","headline":"Pod Bia\u0142o-Czerwon\u0105 w Gminie Tuplice","author":{"@id":"https:\/\/tuplice.pl\/index.php\/author\/tuplice\/#author"},"publisher":{"@id":"https:\/\/tuplice.pl\/#organization"},"image":{"@type":"ImageObject","url":"https:\/\/tuplice.pl\/wp-content\/uploads\/2020\/09\/92eaaa8e1131555d769b77c8c43a84e3.jpg","width":200,"height":150},"datePublished":"2020-09-04T11:41:30+02:00","dateModified":"2020-09-04T12:39:16+02:00","inLanguage":"pl-PL","mainEntityOfPage":{"@id":"https:\/\/tuplice.pl\/index.php\/2020\/09\/04\/pod-bialo-czerwona-w-gminie-tuplice\/#webpage"},"isPartOf":{"@id":"https:\/\/tuplice.pl\/index.php\/2020\/09\/04\/pod-bialo-czerwona-w-gminie-tuplice\/#webpage"},"articleSection":"Aktualno\u015bci"},{"@type":"BreadcrumbList","@id":"https:\/\/tuplice.pl\/index.php\/2020\/09\/04\/pod-bialo-czerwona-w-gminie-tuplice\/#breadcrumblist","itemListElement":[{"@type":"ListItem","@id":"https:\/\/tuplice.pl#listItem","position":1,"name":"Home","item":"https:\/\/tuplice.pl","nextItem":{"@type":"ListItem","@id":"https:\/\/tuplice.pl\/index.php\/category\/aktualnosci\/#listItem","name":"Aktualno\u015bci"}},{"@type":"ListItem","@id":"https:\/\/tuplice.pl\/index.php\/category\/aktualnosci\/#listItem","position":2,"name":"Aktualno\u015bci","item":"https:\/\/tuplice.pl\/index.php\/category\/aktualnosci\/","nextItem":{"@type":"ListItem","@id":"https:\/\/tuplice.pl\/index.php\/2020\/09\/04\/pod-bialo-czerwona-w-gminie-tuplice\/#listItem","name":"Pod Bia\u0142o-Czerwon\u0105 w Gminie Tuplice"},"previousItem":{"@type":"ListItem","@id":"https:\/\/tuplice.pl#listItem","name":"Home"}},{"@type":"ListItem","@id":"https:\/\/tuplice.pl\/index.php\/2020\/09\/04\/pod-bialo-czerwona-w-gminie-tuplice\/#listItem","position":3,"name":"Pod Bia\u0142o-Czerwon\u0105 w Gminie Tuplice","previousItem":{"@type":"ListItem","@id":"https:\/\/tuplice.pl\/index.php\/category\/aktualnosci\/#listItem","name":"Aktualno\u015bci"}}]},{"@type":"Organization","@id":"https:\/\/tuplice.pl\/#organization","name":"Gmina Tuplice Gmina Tuplice","description":"Strona Gminy Tuplice Strona Urz\u0119du Gminy Tuplice","url":"https:\/\/tuplice.pl\/","telephone":"+48683625720","logo":{"@type":"ImageObject","url":"https:\/\/tuplice.pl\/wp-content\/uploads\/2025\/07\/images.png","@id":"https:\/\/tuplice.pl\/index.php\/2020\/09\/04\/pod-bialo-czerwona-w-gminie-tuplice\/#organizationLogo","width":282,"height":179},"image":{"@id":"https:\/\/tuplice.pl\/index.php\/2020\/09\/04\/pod-bialo-czerwona-w-gminie-tuplice\/#organizationLogo"},"sameAs":["https:\/\/facebook.com\/Tuplicki Biuletyn Informacyjny","https:\/\/pinterest.com\/Tuplicki Biuletyn Informacyjny","https:\/\/youtube.com\/Tuplicki Biuletyn Informacyjny"]},{"@type":"Person","@id":"https:\/\/tuplice.pl\/index.php\/author\/tuplice\/#author","url":"https:\/\/tuplice.pl\/index.php\/author\/tuplice\/","name":"Jacek Konieczy\u0144ski","image":{"@type":"ImageObject","@id":"https:\/\/tuplice.pl\/index.php\/2020\/09\/04\/pod-bialo-czerwona-w-gminie-tuplice\/#authorImage","url":"https:\/\/secure.gravatar.com\/avatar\/8aa224da0ce3c7d7e2a92a582397a6f3?s=96&d=mm&r=g","width":96,"height":96,"caption":"Jacek Konieczy\u0144ski"}},{"@type":"WebPage","@id":"https:\/\/tuplice.pl\/index.php\/2020\/09\/04\/pod-bialo-czerwona-w-gminie-tuplice\/#webpage","url":"https:\/\/tuplice.pl\/index.php\/2020\/09\/04\/pod-bialo-czerwona-w-gminie-tuplice\/","name":"Pod Bia\u0142o-Czerwon\u0105 w Gminie Tuplice - Gmina Tuplice","description":"\u201cPOD BIA\u0141O-CZERWON\u0104\u201d Ruszy\u0142 projekt \u201ePod bia\u0142o-czerwon\u0105\u201d, kt\u00f3ry zak\u0142ada sfinansowanie przez Rz\u0105d Rzeczypospolitej Polskiej zakupu maszt\u00f3w i flag w ka\u017cdej z gmin w Polsce. Inicjatywa zakupu zale\u017ce\u0107 b\u0119dzie jednak od mieszka\u0144c\u00f3w gminy, kt\u00f3ra do\u0142\u0105czy do projektu. Tuplice potrzebuj\u0105 co najmniej 100 g\u0142os\u00f3w poparcia online za pomoc\u0105 serwisu https:\/\/bialoczerwona.www.gov.pl\/, aby sfinansowano zakup masztu i flagi, kt\u00f3ra zostanie wyeksponowana w centralnym miejscu gminy. W","inLanguage":"pl-PL","isPartOf":{"@id":"https:\/\/tuplice.pl\/#website"},"breadcrumb":{"@id":"https:\/\/tuplice.pl\/index.php\/2020\/09\/04\/pod-bialo-czerwona-w-gminie-tuplice\/#breadcrumblist"},"author":{"@id":"https:\/\/tuplice.pl\/index.php\/author\/tuplice\/#author"},"creator":{"@id":"https:\/\/tuplice.pl\/index.php\/author\/tuplice\/#author"},"image":{"@type":"ImageObject","url":"https:\/\/tuplice.pl\/wp-content\/uploads\/2020\/09\/92eaaa8e1131555d769b77c8c43a84e3.jpg","@id":"https:\/\/tuplice.pl\/index.php\/2020\/09\/04\/pod-bialo-czerwona-w-gminie-tuplice\/#mainImage","width":200,"height":150},"primaryImageOfPage":{"@id":"https:\/\/tuplice.pl\/index.php\/2020\/09\/04\/pod-bialo-czerwona-w-gminie-tuplice\/#mainImage"},"datePublished":"2020-09-04T11:41:30+02:00","dateModified":"2020-09-04T12:39:16+02:00"},{"@type":"WebSite","@id":"https:\/\/tuplice.pl\/#website","url":"https:\/\/tuplice.pl\/","name":"Gmina Tuplice","description":"Strona Gminy Tuplice","inLanguage":"pl-PL","publisher":{"@id":"https:\/\/tuplice.pl\/#organization"}}]},"og:locale":"pl_PL","og:site_name":"Gmina Tuplice - Strona Gminy Tuplice","og:type":"article","og:title":"Pod Bia\u0142o-Czerwon\u0105 w Gminie Tuplice - Gmina Tuplice","og:description":"\u201cPOD BIA\u0141O-CZERWON\u0104\u201d Ruszy\u0142 projekt \u201ePod bia\u0142o-czerwon\u0105\u201d, kt\u00f3ry zak\u0142ada sfinansowanie przez Rz\u0105d Rzeczypospolitej Polskiej zakupu maszt\u00f3w i flag w ka\u017cdej z gmin w Polsce. Inicjatywa zakupu zale\u017ce\u0107 b\u0119dzie jednak od mieszka\u0144c\u00f3w gminy, kt\u00f3ra do\u0142\u0105czy do projektu. Tuplice potrzebuj\u0105 co najmniej 100 g\u0142os\u00f3w poparcia online za pomoc\u0105 serwisu https:\/\/bialoczerwona.www.gov.pl\/, aby sfinansowano zakup masztu i flagi, kt\u00f3ra zostanie wyeksponowana w centralnym miejscu gminy. W","og:url":"https:\/\/tuplice.pl\/index.php\/2020\/09\/04\/pod-bialo-czerwona-w-gminie-tuplice\/","article:published_time":"2020-09-04T09:41:30+00:00","article:modified_time":"2020-09-04T10:39:16+00:00","article:publisher":"https:\/\/facebook.com\/Tuplicki Biuletyn Informacyjny","twitter:card":"summary_large_image","twitter:title":"Pod Bia\u0142o-Czerwon\u0105 w Gminie Tuplice - Gmina Tuplice","twitter:description":"\u201cPOD BIA\u0141O-CZERWON\u0104\u201d Ruszy\u0142 projekt \u201ePod bia\u0142o-czerwon\u0105\u201d, kt\u00f3ry zak\u0142ada sfinansowanie przez Rz\u0105d Rzeczypospolitej Polskiej zakupu maszt\u00f3w i flag w ka\u017cdej z gmin w Polsce. Inicjatywa zakupu zale\u017ce\u0107 b\u0119dzie jednak od mieszka\u0144c\u00f3w gminy, kt\u00f3ra do\u0142\u0105czy do projektu. Tuplice potrzebuj\u0105 co najmniej 100 g\u0142os\u00f3w poparcia online za pomoc\u0105 serwisu https:\/\/bialoczerwona.www.gov.pl\/, aby sfinansowano zakup masztu i flagi, kt\u00f3ra zostanie wyeksponowana w centralnym miejscu gminy. W"},"aioseo_meta_data":{"post_id":"4096","title":null,"description":null,"keywords":null,"keyphrases":null,"primary_term":null,"canonical_url":null,"og_title":null,"og_description":null,"og_object_type":"default","og_image_type":"default","og_image_url":null,"og_image_width":null,"og_image_height":null,"og_image_custom_url":null,"og_image_custom_fields":null,"og_video":null,"og_custom_url":null,"og_article_section":null,"og_article_tags":null,"twitter_use_og":false,"twitter_card":"default","twitter_image_type":"default","twitter_image_url":null,"twitter_image_custom_url":null,"twitter_image_custom_fields":null,"twitter_title":null,"twitter_description":null,"schema":{"blockGraphs":[],"customGraphs":[],"default":{"data":{"Article":[],"Course":[],"Dataset":[],"FAQPage":[],"Movie":[],"Person":[],"Product":[],"ProductReview":[],"Car":[],"Recipe":[],"Service":[],"SoftwareApplication":[],"WebPage":[]},"graphName":"","isEnabled":true},"graphs":[]},"schema_type":"default","schema_type_options":null,"pillar_content":false,"robots_default":true,"robots_noindex":false,"robots_noarchive":false,"robots_nosnippet":false,"robots_nofollow":false,"robots_noimageindex":false,"robots_noodp":false,"robots_notranslate":false,"robots_max_snippet":null,"robots_max_videopreview":null,"robots_max_imagepreview":"large","priority":null,"frequency":null,"local_seo":null,"breadcrumb_settings":null,"limit_modified_date":false,"ai":null,"created":"2025-07-22 23:37:01","updated":"2025-07-22 23:37:01","seo_analyzer_scan_date":null},"aioseo_breadcrumb":"<div class=\"aioseo-breadcrumbs\"><span class=\"aioseo-breadcrumb\">\n\t\t\t<a href=\"https:\/\/tuplice.pl\" title=\"Home\">Home<\/a>\n\t\t<\/span><span class=\"aioseo-breadcrumb-separator\">&raquo;<\/span><span class=\"aioseo-breadcrumb\">\n\t\t\t<a href=\"https:\/\/tuplice.pl\/index.php\/category\/aktualnosci\/\" title=\"Aktualno\u015bci\">Aktualno\u015bci<\/a>\n\t\t<\/span><span class=\"aioseo-breadcrumb-separator\">&raquo;<\/span><span class=\"aioseo-breadcrumb\">\n\t\t\tPod Bia\u0142o-Czerwon\u0105 w Gminie Tuplice\n\t\t<\/span><\/div>","aioseo_breadcrumb_json":[{"label":"Home","link":"https:\/\/tuplice.pl"},{"label":"Aktualno\u015bci","link":"https:\/\/tuplice.pl\/index.php\/category\/aktualnosci\/"},{"label":"Pod Bia\u0142o-Czerwon\u0105 w Gminie Tuplice","link":"https:\/\/tuplice.pl\/index.php\/2020\/09\/04\/pod-bialo-czerwona-w-gminie-tuplice\/"}],"a3_pvc":{"activated":false,"total_views":0,"today_views":0},"_links":{"self":[{"href":"https:\/\/tuplice.pl\/index.php\/wp-json\/wp\/v2\/posts\/4096"}],"collection":[{"href":"https:\/\/tuplice.pl\/index.php\/wp-json\/wp\/v2\/posts"}],"about":[{"href":"https:\/\/tuplice.pl\/index.php\/wp-json\/wp\/v2\/types\/post"}],"author":[{"embeddable":true,"href":"https:\/\/tuplice.pl\/index.php\/wp-json\/wp\/v2\/users\/3"}],"replies":[{"embeddable":true,"href":"https:\/\/tuplice.pl\/index.php\/wp-json\/wp\/v2\/comments?post=4096"}],"version-history":[{"count":3,"href":"https:\/\/tuplice.pl\/index.php\/wp-json\/wp\/v2\/posts\/4096\/revisions"}],"predecessor-version":[{"id":4104,"href":"https:\/\/tuplice.pl\/index.php\/wp-json\/wp\/v2\/posts\/4096\/revisions\/4104"}],"wp:featuredmedia":[{"embeddable":true,"href":"https:\/\/tuplice.pl\/index.php\/wp-json\/wp\/v2\/media\/4098"}],"wp:attachment":[{"href":"https:\/\/tuplice.pl\/index.php\/wp-json\/wp\/v2\/media?parent=4096"}],"wp:term":[{"taxonomy":"category","embeddable":true,"href":"https:\/\/tuplice.pl\/index.php\/wp-json\/wp\/v2\/categories?post=4096"},{"taxonomy":"post_tag","embeddable":true,"href":"https:\/\/tuplice.pl\/index.php\/wp-json\/wp\/v2\/tags?post=4096"}],"curies":[{"name":"wp","href":"https:\/\/api.w.org\/{rel}","templated":true}]}}