{"id":4144,"date":"2020-10-26T09:17:21","date_gmt":"2020-10-26T08:17:21","guid":{"rendered":"http:\/\/tuplice.pl\/?p=4144"},"modified":"2020-10-26T09:17:21","modified_gmt":"2020-10-26T08:17:21","slug":"informacja-osrodka-opieki-spolecznej-w-tuplicach","status":"publish","type":"post","link":"https:\/\/tuplice.pl\/index.php\/2020\/10\/26\/informacja-osrodka-opieki-spolecznej-w-tuplicach\/","title":{"rendered":"Informacja O\u015brodka Opieki Spo\u0142ecznej w Tuplicach"},"content":{"rendered":"<p style=\"text-align: center;\"><strong>KOMUNIKAT<\/strong><\/p>\n<p>&nbsp;<\/p>\n<p>O\u015brodek Pomocy Spo\u0142ecznej w Tuplicach informuje, \u017ce kieruj\u0105c si\u0119 trosk\u0105 o bezpiecze\u0144stwo os\u00f3b starszych, Ministerstwo Rodziny i Polityki Spo\u0142ecznej przygotowa\u0142o na rok 2020 program wspieraj\u0105cy ochron\u0119 zdrowia i \u017cycia os\u00f3b powy\u017cej 70 roku \u017cycia pn: <strong>\u201eWspieraj Seniora\u201d<\/strong>.<\/p>\n<p>Celem programu jest zapewnienie us\u0142ugi wsparcia Senior\u00f3w w wieku 70 lat i\u00a0wi\u0119cej, kt\u00f3rzy\u00a0\u00a0\u00a0\u00a0\u00a0 w obowi\u0105zuj\u0105cym stanie epidemii zdecyduj\u0105 si\u0119 na pozostanie w domu i nie s\u0105 w stanie np. poprzez wsparcie rodziny zabezpieczy\u0107 sobie artyku\u0142\u00f3w podstawowej potrzeby. Realizacja us\u0142ugi wsparcia w postaci dostarczenia zakup\u00f3w nie przys\u0142uguje osobie, kt\u00f3ra korzysta z\u00a0 us\u0142ug opieku\u0144czych, b\u0105d\u017a specjalistycznych us\u0142ug opieku\u0144czych.<\/p>\n<p>Us\u0142uga wsparcia b\u0119dzie polega\u0142a w szczeg\u00f3lno\u015bci na dostarczeniu zakup\u00f3w obejmuj\u0105cych artyku\u0142y podstawowej potrzeby, w tym artyku\u0142y spo\u017cywcze, \u015brodki higieny osobistej.<\/p>\n<p>Program adresowany jest do:<\/p>\n<ul>\n<li>os\u00f3b w wieku 70 lat i wi\u0119cej, kt\u00f3re pozostan\u0105 w domu w zwi\u0105zku z zagro\u017ceniem zaka\u017ceniem Covid-19,<\/li>\n<li>w szczeg\u00f3lnych przypadkach osoby poni\u017cej 70 roku \u017cycia.<\/li>\n<\/ul>\n<p>Osoba starsza w wieku 70 lat i wi\u0119cej, kt\u00f3ra zdecyduje si\u0119 pozosta\u0107 w domu w zwi\u0105zku z utrzymuj\u0105cym si\u0119 stanem epidemii dzwoni na og\u00f3lnopolsk\u0105 infolini\u0119 uruchomion\u0105\u00a0 w ramach programu Solidarno\u015bciowy Korpus Wsparcia Senior\u00f3w &#8211; <strong>Numer tej infolinii to: 22\u00a0505 11\u00a011<\/strong>.<\/p>\n<p>Osoba przyjmuj\u0105ca zg\u0142oszenie przekazuje pro\u015bb\u0119 o pomoc do o\u015brodka pomocy spo\u0142ecznej w danej gminie przez system Centralnej Aplikacji Statystycznej.<\/p>\n<p>Pracownik o\u015brodka pomocy spo\u0142ecznej kontaktuje si\u0119 telefonicznie z Seniorem, weryfikuje zg\u0142oszenie i ustala us\u0142ug\u0119 wsparcia, kt\u00f3ra ma polega\u0107 w szczeg\u00f3lno\u015bci na dostarczeniu tej grupie Senior\u00f3w zakup\u00f3w, zgodnie ze wskazanym zakresem, obejmuj\u0105cych artyku\u0142y podstawowej potrzeby, w tym artyku\u0142y spo\u017cywcze, \u015brodki higieny osobistej. <strong>Koszty zakup\u00f3w pokrywa Senior.<\/strong><\/p>\n<p>&nbsp;<\/p>\n<p>&nbsp;<\/p>\n<p>&nbsp;<\/p>\n<p>&nbsp;<\/p>\n<p>&nbsp;<\/p>\n<p>&nbsp;<\/p>\n","protected":false},"excerpt":{"rendered":"<p>KOMUNIKAT &nbsp; O\u015brodek Pomocy Spo\u0142ecznej w Tuplicach informuje, \u017ce kieruj\u0105c si\u0119 trosk\u0105 o bezpiecze\u0144stwo os\u00f3b starszych, Ministerstwo Rodziny i Polityki Spo\u0142ecznej przygotowa\u0142o na rok 2020 program wspieraj\u0105cy ochron\u0119 zdrowia i \u017cycia os\u00f3b powy\u017cej 70 roku \u017cycia pn: \u201eWspieraj Seniora\u201d. Celem programu jest zapewnienie us\u0142ugi wsparcia Senior\u00f3w w wieku 70 lat i\u00a0wi\u0119cej, kt\u00f3rzy\u00a0\u00a0\u00a0\u00a0\u00a0 w obowi\u0105zuj\u0105cym stanie [&hellip;]<\/p>\n","protected":false},"author":3,"featured_media":0,"comment_status":"open","ping_status":"open","sticky":false,"template":"","format":"standard","meta":{"_et_pb_use_builder":"","_et_pb_old_content":"","_et_gb_content_width":"","_monsterinsights_skip_tracking":false},"categories":[82],"tags":[],"aioseo_notices":[],"aioseo_head":"\n\t\t<!-- All in One SEO 4.9.10 - aioseo.com -->\n\t<meta name=\"description\" content=\"KOMUNIKAT O\u015brodek Pomocy Spo\u0142ecznej w Tuplicach informuje, \u017ce kieruj\u0105c si\u0119 trosk\u0105 o bezpiecze\u0144stwo os\u00f3b starszych, Ministerstwo Rodziny i Polityki Spo\u0142ecznej przygotowa\u0142o na rok 2020 program wspieraj\u0105cy ochron\u0119 zdrowia i \u017cycia os\u00f3b powy\u017cej 70 roku \u017cycia pn: \u201eWspieraj Seniora\u201d. Celem programu jest zapewnienie us\u0142ugi wsparcia Senior\u00f3w w wieku 70 lat i wi\u0119cej, kt\u00f3rzy w obowi\u0105zuj\u0105cym stanie\" \/>\n\t<meta name=\"robots\" content=\"max-image-preview:large\" \/>\n\t<meta name=\"author\" content=\"Jacek Konieczy\u0144ski\"\/>\n\t<link rel=\"canonical\" href=\"https:\/\/tuplice.pl\/index.php\/2020\/10\/26\/informacja-osrodka-opieki-spolecznej-w-tuplicach\/\" \/>\n\t<meta name=\"generator\" content=\"All in One SEO (AIOSEO) 4.9.10\" \/>\n\t\t<meta property=\"og:locale\" content=\"pl_PL\" \/>\n\t\t<meta property=\"og:site_name\" content=\"Gmina Tuplice - Strona Gminy Tuplice\" \/>\n\t\t<meta property=\"og:type\" content=\"article\" \/>\n\t\t<meta property=\"og:title\" content=\"Informacja O\u015brodka Opieki Spo\u0142ecznej w Tuplicach - Gmina Tuplice\" \/>\n\t\t<meta property=\"og:description\" content=\"KOMUNIKAT O\u015brodek Pomocy Spo\u0142ecznej w Tuplicach informuje, \u017ce kieruj\u0105c si\u0119 trosk\u0105 o bezpiecze\u0144stwo os\u00f3b starszych, Ministerstwo Rodziny i Polityki Spo\u0142ecznej przygotowa\u0142o na rok 2020 program wspieraj\u0105cy ochron\u0119 zdrowia i \u017cycia os\u00f3b powy\u017cej 70 roku \u017cycia pn: \u201eWspieraj Seniora\u201d. Celem programu jest zapewnienie us\u0142ugi wsparcia Senior\u00f3w w wieku 70 lat i wi\u0119cej, kt\u00f3rzy w obowi\u0105zuj\u0105cym stanie\" \/>\n\t\t<meta property=\"og:url\" content=\"https:\/\/tuplice.pl\/index.php\/2020\/10\/26\/informacja-osrodka-opieki-spolecznej-w-tuplicach\/\" \/>\n\t\t<meta property=\"article:published_time\" content=\"2020-10-26T08:17:21+00:00\" \/>\n\t\t<meta property=\"article:modified_time\" content=\"2020-10-26T08:17:21+00:00\" \/>\n\t\t<meta property=\"article:publisher\" content=\"https:\/\/facebook.com\/Tuplicki Biuletyn Informacyjny\" \/>\n\t\t<meta name=\"twitter:card\" content=\"summary_large_image\" \/>\n\t\t<meta name=\"twitter:title\" content=\"Informacja O\u015brodka Opieki Spo\u0142ecznej w Tuplicach - Gmina Tuplice\" \/>\n\t\t<meta name=\"twitter:description\" content=\"KOMUNIKAT O\u015brodek Pomocy Spo\u0142ecznej w Tuplicach informuje, \u017ce kieruj\u0105c si\u0119 trosk\u0105 o bezpiecze\u0144stwo os\u00f3b starszych, Ministerstwo Rodziny i Polityki Spo\u0142ecznej przygotowa\u0142o na rok 2020 program wspieraj\u0105cy ochron\u0119 zdrowia i \u017cycia os\u00f3b powy\u017cej 70 roku \u017cycia pn: \u201eWspieraj Seniora\u201d. Celem programu jest zapewnienie us\u0142ugi wsparcia Senior\u00f3w w wieku 70 lat i wi\u0119cej, kt\u00f3rzy w obowi\u0105zuj\u0105cym stanie\" \/>\n\t\t<script type=\"application\/ld+json\" class=\"aioseo-schema\">\n\t\t\t{\"@context\":\"https:\\\/\\\/schema.org\",\"@graph\":[{\"@type\":\"BlogPosting\",\"@id\":\"https:\\\/\\\/tuplice.pl\\\/index.php\\\/2020\\\/10\\\/26\\\/informacja-osrodka-opieki-spolecznej-w-tuplicach\\\/#blogposting\",\"name\":\"Informacja O\\u015brodka Opieki Spo\\u0142ecznej w Tuplicach - Gmina Tuplice\",\"headline\":\"Informacja O\\u015brodka Opieki Spo\\u0142ecznej w Tuplicach\",\"author\":{\"@id\":\"https:\\\/\\\/tuplice.pl\\\/index.php\\\/author\\\/tuplice\\\/#author\"},\"publisher\":{\"@id\":\"https:\\\/\\\/tuplice.pl\\\/#organization\"},\"image\":{\"@type\":\"ImageObject\",\"url\":\"https:\\\/\\\/tuplice.pl\\\/wp-content\\\/uploads\\\/2025\\\/07\\\/images.png\",\"@id\":\"https:\\\/\\\/tuplice.pl\\\/#articleImage\",\"width\":282,\"height\":179},\"datePublished\":\"2020-10-26T09:17:21+01:00\",\"dateModified\":\"2020-10-26T09:17:21+01:00\",\"inLanguage\":\"pl-PL\",\"mainEntityOfPage\":{\"@id\":\"https:\\\/\\\/tuplice.pl\\\/index.php\\\/2020\\\/10\\\/26\\\/informacja-osrodka-opieki-spolecznej-w-tuplicach\\\/#webpage\"},\"isPartOf\":{\"@id\":\"https:\\\/\\\/tuplice.pl\\\/index.php\\\/2020\\\/10\\\/26\\\/informacja-osrodka-opieki-spolecznej-w-tuplicach\\\/#webpage\"},\"articleSection\":\"Aktualno\\u015bci\"},{\"@type\":\"BreadcrumbList\",\"@id\":\"https:\\\/\\\/tuplice.pl\\\/index.php\\\/2020\\\/10\\\/26\\\/informacja-osrodka-opieki-spolecznej-w-tuplicach\\\/#breadcrumblist\",\"itemListElement\":[{\"@type\":\"ListItem\",\"@id\":\"https:\\\/\\\/tuplice.pl#listItem\",\"position\":1,\"name\":\"Home\",\"item\":\"https:\\\/\\\/tuplice.pl\",\"nextItem\":{\"@type\":\"ListItem\",\"@id\":\"https:\\\/\\\/tuplice.pl\\\/index.php\\\/category\\\/aktualnosci\\\/#listItem\",\"name\":\"Aktualno\\u015bci\"}},{\"@type\":\"ListItem\",\"@id\":\"https:\\\/\\\/tuplice.pl\\\/index.php\\\/category\\\/aktualnosci\\\/#listItem\",\"position\":2,\"name\":\"Aktualno\\u015bci\",\"item\":\"https:\\\/\\\/tuplice.pl\\\/index.php\\\/category\\\/aktualnosci\\\/\",\"nextItem\":{\"@type\":\"ListItem\",\"@id\":\"https:\\\/\\\/tuplice.pl\\\/index.php\\\/2020\\\/10\\\/26\\\/informacja-osrodka-opieki-spolecznej-w-tuplicach\\\/#listItem\",\"name\":\"Informacja O\\u015brodka Opieki Spo\\u0142ecznej w Tuplicach\"},\"previousItem\":{\"@type\":\"ListItem\",\"@id\":\"https:\\\/\\\/tuplice.pl#listItem\",\"name\":\"Home\"}},{\"@type\":\"ListItem\",\"@id\":\"https:\\\/\\\/tuplice.pl\\\/index.php\\\/2020\\\/10\\\/26\\\/informacja-osrodka-opieki-spolecznej-w-tuplicach\\\/#listItem\",\"position\":3,\"name\":\"Informacja O\\u015brodka Opieki Spo\\u0142ecznej w Tuplicach\",\"previousItem\":{\"@type\":\"ListItem\",\"@id\":\"https:\\\/\\\/tuplice.pl\\\/index.php\\\/category\\\/aktualnosci\\\/#listItem\",\"name\":\"Aktualno\\u015bci\"}}]},{\"@type\":\"Organization\",\"@id\":\"https:\\\/\\\/tuplice.pl\\\/#organization\",\"name\":\"Gmina Tuplice Gmina Tuplice\",\"description\":\"Strona Gminy Tuplice Strona Urz\\u0119du Gminy Tuplice\",\"url\":\"https:\\\/\\\/tuplice.pl\\\/\",\"telephone\":\"+48683625720\",\"logo\":{\"@type\":\"ImageObject\",\"url\":\"https:\\\/\\\/tuplice.pl\\\/wp-content\\\/uploads\\\/2025\\\/07\\\/images.png\",\"@id\":\"https:\\\/\\\/tuplice.pl\\\/index.php\\\/2020\\\/10\\\/26\\\/informacja-osrodka-opieki-spolecznej-w-tuplicach\\\/#organizationLogo\",\"width\":282,\"height\":179},\"image\":{\"@id\":\"https:\\\/\\\/tuplice.pl\\\/index.php\\\/2020\\\/10\\\/26\\\/informacja-osrodka-opieki-spolecznej-w-tuplicach\\\/#organizationLogo\"},\"sameAs\":[\"https:\\\/\\\/facebook.com\\\/Tuplicki Biuletyn Informacyjny\",\"https:\\\/\\\/pinterest.com\\\/Tuplicki Biuletyn Informacyjny\",\"https:\\\/\\\/youtube.com\\\/Tuplicki Biuletyn Informacyjny\"]},{\"@type\":\"Person\",\"@id\":\"https:\\\/\\\/tuplice.pl\\\/index.php\\\/author\\\/tuplice\\\/#author\",\"url\":\"https:\\\/\\\/tuplice.pl\\\/index.php\\\/author\\\/tuplice\\\/\",\"name\":\"Jacek Konieczy\\u0144ski\",\"image\":{\"@type\":\"ImageObject\",\"@id\":\"https:\\\/\\\/tuplice.pl\\\/index.php\\\/2020\\\/10\\\/26\\\/informacja-osrodka-opieki-spolecznej-w-tuplicach\\\/#authorImage\",\"url\":\"https:\\\/\\\/secure.gravatar.com\\\/avatar\\\/8aa224da0ce3c7d7e2a92a582397a6f3?s=96&d=mm&r=g\",\"width\":96,\"height\":96,\"caption\":\"Jacek Konieczy\\u0144ski\"}},{\"@type\":\"WebPage\",\"@id\":\"https:\\\/\\\/tuplice.pl\\\/index.php\\\/2020\\\/10\\\/26\\\/informacja-osrodka-opieki-spolecznej-w-tuplicach\\\/#webpage\",\"url\":\"https:\\\/\\\/tuplice.pl\\\/index.php\\\/2020\\\/10\\\/26\\\/informacja-osrodka-opieki-spolecznej-w-tuplicach\\\/\",\"name\":\"Informacja O\\u015brodka Opieki Spo\\u0142ecznej w Tuplicach - Gmina Tuplice\",\"description\":\"KOMUNIKAT O\\u015brodek Pomocy Spo\\u0142ecznej w Tuplicach informuje, \\u017ce kieruj\\u0105c si\\u0119 trosk\\u0105 o bezpiecze\\u0144stwo os\\u00f3b starszych, Ministerstwo Rodziny i Polityki Spo\\u0142ecznej przygotowa\\u0142o na rok 2020 program wspieraj\\u0105cy ochron\\u0119 zdrowia i \\u017cycia os\\u00f3b powy\\u017cej 70 roku \\u017cycia pn: \\u201eWspieraj Seniora\\u201d. Celem programu jest zapewnienie us\\u0142ugi wsparcia Senior\\u00f3w w wieku 70 lat i wi\\u0119cej, kt\\u00f3rzy w obowi\\u0105zuj\\u0105cym stanie\",\"inLanguage\":\"pl-PL\",\"isPartOf\":{\"@id\":\"https:\\\/\\\/tuplice.pl\\\/#website\"},\"breadcrumb\":{\"@id\":\"https:\\\/\\\/tuplice.pl\\\/index.php\\\/2020\\\/10\\\/26\\\/informacja-osrodka-opieki-spolecznej-w-tuplicach\\\/#breadcrumblist\"},\"author\":{\"@id\":\"https:\\\/\\\/tuplice.pl\\\/index.php\\\/author\\\/tuplice\\\/#author\"},\"creator\":{\"@id\":\"https:\\\/\\\/tuplice.pl\\\/index.php\\\/author\\\/tuplice\\\/#author\"},\"datePublished\":\"2020-10-26T09:17:21+01:00\",\"dateModified\":\"2020-10-26T09:17:21+01:00\"},{\"@type\":\"WebSite\",\"@id\":\"https:\\\/\\\/tuplice.pl\\\/#website\",\"url\":\"https:\\\/\\\/tuplice.pl\\\/\",\"name\":\"Gmina Tuplice\",\"description\":\"Strona Gminy Tuplice\",\"inLanguage\":\"pl-PL\",\"publisher\":{\"@id\":\"https:\\\/\\\/tuplice.pl\\\/#organization\"}}]}\n\t\t<\/script>\n\t\t<!-- All in One SEO -->\n\n","aioseo_head_json":{"title":"Informacja O\u015brodka Opieki Spo\u0142ecznej w Tuplicach - Gmina Tuplice","description":"KOMUNIKAT O\u015brodek Pomocy Spo\u0142ecznej w Tuplicach informuje, \u017ce kieruj\u0105c si\u0119 trosk\u0105 o bezpiecze\u0144stwo os\u00f3b starszych, Ministerstwo Rodziny i Polityki Spo\u0142ecznej przygotowa\u0142o na rok 2020 program wspieraj\u0105cy ochron\u0119 zdrowia i \u017cycia os\u00f3b powy\u017cej 70 roku \u017cycia pn: \u201eWspieraj Seniora\u201d. Celem programu jest zapewnienie us\u0142ugi wsparcia Senior\u00f3w w wieku 70 lat i wi\u0119cej, kt\u00f3rzy w obowi\u0105zuj\u0105cym stanie","canonical_url":"https:\/\/tuplice.pl\/index.php\/2020\/10\/26\/informacja-osrodka-opieki-spolecznej-w-tuplicach\/","robots":"max-image-preview:large","keywords":"","webmasterTools":{"miscellaneous":""},"schema":{"@context":"https:\/\/schema.org","@graph":[{"@type":"BlogPosting","@id":"https:\/\/tuplice.pl\/index.php\/2020\/10\/26\/informacja-osrodka-opieki-spolecznej-w-tuplicach\/#blogposting","name":"Informacja O\u015brodka Opieki Spo\u0142ecznej w Tuplicach - Gmina Tuplice","headline":"Informacja O\u015brodka Opieki Spo\u0142ecznej w Tuplicach","author":{"@id":"https:\/\/tuplice.pl\/index.php\/author\/tuplice\/#author"},"publisher":{"@id":"https:\/\/tuplice.pl\/#organization"},"image":{"@type":"ImageObject","url":"https:\/\/tuplice.pl\/wp-content\/uploads\/2025\/07\/images.png","@id":"https:\/\/tuplice.pl\/#articleImage","width":282,"height":179},"datePublished":"2020-10-26T09:17:21+01:00","dateModified":"2020-10-26T09:17:21+01:00","inLanguage":"pl-PL","mainEntityOfPage":{"@id":"https:\/\/tuplice.pl\/index.php\/2020\/10\/26\/informacja-osrodka-opieki-spolecznej-w-tuplicach\/#webpage"},"isPartOf":{"@id":"https:\/\/tuplice.pl\/index.php\/2020\/10\/26\/informacja-osrodka-opieki-spolecznej-w-tuplicach\/#webpage"},"articleSection":"Aktualno\u015bci"},{"@type":"BreadcrumbList","@id":"https:\/\/tuplice.pl\/index.php\/2020\/10\/26\/informacja-osrodka-opieki-spolecznej-w-tuplicach\/#breadcrumblist","itemListElement":[{"@type":"ListItem","@id":"https:\/\/tuplice.pl#listItem","position":1,"name":"Home","item":"https:\/\/tuplice.pl","nextItem":{"@type":"ListItem","@id":"https:\/\/tuplice.pl\/index.php\/category\/aktualnosci\/#listItem","name":"Aktualno\u015bci"}},{"@type":"ListItem","@id":"https:\/\/tuplice.pl\/index.php\/category\/aktualnosci\/#listItem","position":2,"name":"Aktualno\u015bci","item":"https:\/\/tuplice.pl\/index.php\/category\/aktualnosci\/","nextItem":{"@type":"ListItem","@id":"https:\/\/tuplice.pl\/index.php\/2020\/10\/26\/informacja-osrodka-opieki-spolecznej-w-tuplicach\/#listItem","name":"Informacja O\u015brodka Opieki Spo\u0142ecznej w Tuplicach"},"previousItem":{"@type":"ListItem","@id":"https:\/\/tuplice.pl#listItem","name":"Home"}},{"@type":"ListItem","@id":"https:\/\/tuplice.pl\/index.php\/2020\/10\/26\/informacja-osrodka-opieki-spolecznej-w-tuplicach\/#listItem","position":3,"name":"Informacja O\u015brodka Opieki Spo\u0142ecznej w Tuplicach","previousItem":{"@type":"ListItem","@id":"https:\/\/tuplice.pl\/index.php\/category\/aktualnosci\/#listItem","name":"Aktualno\u015bci"}}]},{"@type":"Organization","@id":"https:\/\/tuplice.pl\/#organization","name":"Gmina Tuplice Gmina Tuplice","description":"Strona Gminy Tuplice Strona Urz\u0119du Gminy Tuplice","url":"https:\/\/tuplice.pl\/","telephone":"+48683625720","logo":{"@type":"ImageObject","url":"https:\/\/tuplice.pl\/wp-content\/uploads\/2025\/07\/images.png","@id":"https:\/\/tuplice.pl\/index.php\/2020\/10\/26\/informacja-osrodka-opieki-spolecznej-w-tuplicach\/#organizationLogo","width":282,"height":179},"image":{"@id":"https:\/\/tuplice.pl\/index.php\/2020\/10\/26\/informacja-osrodka-opieki-spolecznej-w-tuplicach\/#organizationLogo"},"sameAs":["https:\/\/facebook.com\/Tuplicki Biuletyn Informacyjny","https:\/\/pinterest.com\/Tuplicki Biuletyn Informacyjny","https:\/\/youtube.com\/Tuplicki Biuletyn Informacyjny"]},{"@type":"Person","@id":"https:\/\/tuplice.pl\/index.php\/author\/tuplice\/#author","url":"https:\/\/tuplice.pl\/index.php\/author\/tuplice\/","name":"Jacek Konieczy\u0144ski","image":{"@type":"ImageObject","@id":"https:\/\/tuplice.pl\/index.php\/2020\/10\/26\/informacja-osrodka-opieki-spolecznej-w-tuplicach\/#authorImage","url":"https:\/\/secure.gravatar.com\/avatar\/8aa224da0ce3c7d7e2a92a582397a6f3?s=96&d=mm&r=g","width":96,"height":96,"caption":"Jacek Konieczy\u0144ski"}},{"@type":"WebPage","@id":"https:\/\/tuplice.pl\/index.php\/2020\/10\/26\/informacja-osrodka-opieki-spolecznej-w-tuplicach\/#webpage","url":"https:\/\/tuplice.pl\/index.php\/2020\/10\/26\/informacja-osrodka-opieki-spolecznej-w-tuplicach\/","name":"Informacja O\u015brodka Opieki Spo\u0142ecznej w Tuplicach - Gmina Tuplice","description":"KOMUNIKAT O\u015brodek Pomocy Spo\u0142ecznej w Tuplicach informuje, \u017ce kieruj\u0105c si\u0119 trosk\u0105 o bezpiecze\u0144stwo os\u00f3b starszych, Ministerstwo Rodziny i Polityki Spo\u0142ecznej przygotowa\u0142o na rok 2020 program wspieraj\u0105cy ochron\u0119 zdrowia i \u017cycia os\u00f3b powy\u017cej 70 roku \u017cycia pn: \u201eWspieraj Seniora\u201d. Celem programu jest zapewnienie us\u0142ugi wsparcia Senior\u00f3w w wieku 70 lat i wi\u0119cej, kt\u00f3rzy w obowi\u0105zuj\u0105cym stanie","inLanguage":"pl-PL","isPartOf":{"@id":"https:\/\/tuplice.pl\/#website"},"breadcrumb":{"@id":"https:\/\/tuplice.pl\/index.php\/2020\/10\/26\/informacja-osrodka-opieki-spolecznej-w-tuplicach\/#breadcrumblist"},"author":{"@id":"https:\/\/tuplice.pl\/index.php\/author\/tuplice\/#author"},"creator":{"@id":"https:\/\/tuplice.pl\/index.php\/author\/tuplice\/#author"},"datePublished":"2020-10-26T09:17:21+01:00","dateModified":"2020-10-26T09:17:21+01:00"},{"@type":"WebSite","@id":"https:\/\/tuplice.pl\/#website","url":"https:\/\/tuplice.pl\/","name":"Gmina Tuplice","description":"Strona Gminy Tuplice","inLanguage":"pl-PL","publisher":{"@id":"https:\/\/tuplice.pl\/#organization"}}]},"og:locale":"pl_PL","og:site_name":"Gmina Tuplice - Strona Gminy Tuplice","og:type":"article","og:title":"Informacja O\u015brodka Opieki Spo\u0142ecznej w Tuplicach - Gmina Tuplice","og:description":"KOMUNIKAT O\u015brodek Pomocy Spo\u0142ecznej w Tuplicach informuje, \u017ce kieruj\u0105c si\u0119 trosk\u0105 o bezpiecze\u0144stwo os\u00f3b starszych, Ministerstwo Rodziny i Polityki Spo\u0142ecznej przygotowa\u0142o na rok 2020 program wspieraj\u0105cy ochron\u0119 zdrowia i \u017cycia os\u00f3b powy\u017cej 70 roku \u017cycia pn: \u201eWspieraj Seniora\u201d. Celem programu jest zapewnienie us\u0142ugi wsparcia Senior\u00f3w w wieku 70 lat i wi\u0119cej, kt\u00f3rzy w obowi\u0105zuj\u0105cym stanie","og:url":"https:\/\/tuplice.pl\/index.php\/2020\/10\/26\/informacja-osrodka-opieki-spolecznej-w-tuplicach\/","article:published_time":"2020-10-26T08:17:21+00:00","article:modified_time":"2020-10-26T08:17:21+00:00","article:publisher":"https:\/\/facebook.com\/Tuplicki Biuletyn Informacyjny","twitter:card":"summary_large_image","twitter:title":"Informacja O\u015brodka Opieki Spo\u0142ecznej w Tuplicach - Gmina Tuplice","twitter:description":"KOMUNIKAT O\u015brodek Pomocy Spo\u0142ecznej w Tuplicach informuje, \u017ce kieruj\u0105c si\u0119 trosk\u0105 o bezpiecze\u0144stwo os\u00f3b starszych, Ministerstwo Rodziny i Polityki Spo\u0142ecznej przygotowa\u0142o na rok 2020 program wspieraj\u0105cy ochron\u0119 zdrowia i \u017cycia os\u00f3b powy\u017cej 70 roku \u017cycia pn: \u201eWspieraj Seniora\u201d. Celem programu jest zapewnienie us\u0142ugi wsparcia Senior\u00f3w w wieku 70 lat i wi\u0119cej, kt\u00f3rzy w obowi\u0105zuj\u0105cym stanie"},"aioseo_meta_data":{"post_id":"4144","title":null,"description":null,"keywords":null,"keyphrases":null,"primary_term":null,"canonical_url":null,"og_title":null,"og_description":null,"og_object_type":"default","og_image_type":"default","og_image_url":null,"og_image_width":null,"og_image_height":null,"og_image_custom_url":null,"og_image_custom_fields":null,"og_video":null,"og_custom_url":null,"og_article_section":null,"og_article_tags":null,"twitter_use_og":false,"twitter_card":"default","twitter_image_type":"default","twitter_image_url":null,"twitter_image_custom_url":null,"twitter_image_custom_fields":null,"twitter_title":null,"twitter_description":null,"schema":{"blockGraphs":[],"customGraphs":[],"default":{"data":{"Article":[],"Course":[],"Dataset":[],"FAQPage":[],"Movie":[],"Person":[],"Product":[],"ProductReview":[],"Car":[],"Recipe":[],"Service":[],"SoftwareApplication":[],"WebPage":[]},"graphName":"","isEnabled":true},"graphs":[]},"schema_type":"default","schema_type_options":null,"pillar_content":false,"robots_default":true,"robots_noindex":false,"robots_noarchive":false,"robots_nosnippet":false,"robots_nofollow":false,"robots_noimageindex":false,"robots_noodp":false,"robots_notranslate":false,"robots_max_snippet":null,"robots_max_videopreview":null,"robots_max_imagepreview":"large","priority":null,"frequency":null,"local_seo":null,"breadcrumb_settings":null,"limit_modified_date":false,"ai":null,"created":"2025-07-22 23:38:28","updated":"2025-07-22 23:38:28","seo_analyzer_scan_date":null},"aioseo_breadcrumb":"<div class=\"aioseo-breadcrumbs\"><span class=\"aioseo-breadcrumb\">\n\t\t\t<a href=\"https:\/\/tuplice.pl\" title=\"Home\">Home<\/a>\n\t\t<\/span><span class=\"aioseo-breadcrumb-separator\">&raquo;<\/span><span class=\"aioseo-breadcrumb\">\n\t\t\t<a href=\"https:\/\/tuplice.pl\/index.php\/category\/aktualnosci\/\" title=\"Aktualno\u015bci\">Aktualno\u015bci<\/a>\n\t\t<\/span><span class=\"aioseo-breadcrumb-separator\">&raquo;<\/span><span class=\"aioseo-breadcrumb\">\n\t\t\tInformacja O\u015brodka Opieki Spo\u0142ecznej w Tuplicach\n\t\t<\/span><\/div>","aioseo_breadcrumb_json":[{"label":"Home","link":"https:\/\/tuplice.pl"},{"label":"Aktualno\u015bci","link":"https:\/\/tuplice.pl\/index.php\/category\/aktualnosci\/"},{"label":"Informacja O\u015brodka Opieki Spo\u0142ecznej w Tuplicach","link":"https:\/\/tuplice.pl\/index.php\/2020\/10\/26\/informacja-osrodka-opieki-spolecznej-w-tuplicach\/"}],"a3_pvc":{"activated":false,"total_views":0,"today_views":0},"_links":{"self":[{"href":"https:\/\/tuplice.pl\/index.php\/wp-json\/wp\/v2\/posts\/4144"}],"collection":[{"href":"https:\/\/tuplice.pl\/index.php\/wp-json\/wp\/v2\/posts"}],"about":[{"href":"https:\/\/tuplice.pl\/index.php\/wp-json\/wp\/v2\/types\/post"}],"author":[{"embeddable":true,"href":"https:\/\/tuplice.pl\/index.php\/wp-json\/wp\/v2\/users\/3"}],"replies":[{"embeddable":true,"href":"https:\/\/tuplice.pl\/index.php\/wp-json\/wp\/v2\/comments?post=4144"}],"version-history":[{"count":1,"href":"https:\/\/tuplice.pl\/index.php\/wp-json\/wp\/v2\/posts\/4144\/revisions"}],"predecessor-version":[{"id":4145,"href":"https:\/\/tuplice.pl\/index.php\/wp-json\/wp\/v2\/posts\/4144\/revisions\/4145"}],"wp:attachment":[{"href":"https:\/\/tuplice.pl\/index.php\/wp-json\/wp\/v2\/media?parent=4144"}],"wp:term":[{"taxonomy":"category","embeddable":true,"href":"https:\/\/tuplice.pl\/index.php\/wp-json\/wp\/v2\/categories?post=4144"},{"taxonomy":"post_tag","embeddable":true,"href":"https:\/\/tuplice.pl\/index.php\/wp-json\/wp\/v2\/tags?post=4144"}],"curies":[{"name":"wp","href":"https:\/\/api.w.org\/{rel}","templated":true}]}}