{"id":4158,"date":"2021-01-19T10:23:44","date_gmt":"2021-01-19T09:23:44","guid":{"rendered":"http:\/\/tuplice.pl\/?p=4158"},"modified":"2021-01-19T10:27:22","modified_gmt":"2021-01-19T09:27:22","slug":"szczepienia-przeciwko-covid-19","status":"publish","type":"post","link":"https:\/\/tuplice.pl\/index.php\/2021\/01\/19\/szczepienia-przeciwko-covid-19\/","title":{"rendered":"Szczepienia przeciwko COVID-19"},"content":{"rendered":"<h4 style=\"text-align: center;\"><strong>SZCZEPIENIA PRZECIWKO COVID-19<\/strong><\/h4>\n<h4 style=\"text-align: center;\"><strong>Urz\u0105d Gminy w Tuplicach <\/strong>informuje, i\u017c w zwi\u0105zku z rozpocz\u0119ciem realizacji Narodowego Programu Szczepie\u0144 Ochronnych przeciwko wirusowi SARS-CoV-2 dla mieszka\u0144c\u00f3w Gminy uruchomiona zosta\u0142a bezp\u0142atna infolinia, na kt\u00f3rej mo\u017cna b\u0119dzie zg\u0142osi\u0107 potrzeb\u0119 transportu oraz uzyska\u0107 informacje o szczepieniach.<\/h4>\n<h4 style=\"text-align: center;\"><strong><u>Infolinia czynna w dni robocze w godz. od 7.00 do 15.00 pod numerem telefonu 503\u00a0526\u00a0427 lub 503\u00a0682\u00a0225.<\/u><\/strong><\/h4>\n<h4 style=\"text-align: center;\"><strong>Osoby uprawnione do transportu do punkt\u00f3w szczepie\u0144:<\/strong><\/h4>\n<ul style=\"text-align: center;\">\n<li>\n<h4>osoby niepe\u0142nosprawne tj. posiadaj\u0105cych aktualne orzeczenie o niepe\u0142nosprawno\u015bci w stopniu znacznym o kodzie R lub N lub odpowiednio I grup\u0119 z w\/w schorzeniami;<\/h4>\n<\/li>\n<li>\n<h4>osoby maj\u0105ce obiektywne i niemo\u017cliwe do przezwyci\u0119\u017cenia we w\u0142asnym zakresie trudno\u015bci w samodzielnym dotarciu z miejsca zamieszkania do najbli\u017cszego punktu szczepie\u0144 (osoby starsze niemaj\u0105ce mo\u017cliwo\u015bci samodzielnego dojazdu do punktu szczepie\u0144).<\/h4>\n<\/li>\n<\/ul>\n<h4 style=\"text-align: center;\"><strong><u>\u00a0<\/u><\/strong><\/h4>\n<h4 style=\"text-align: center;\"><strong><u>Procedury zapis\u00f3w na transport<\/u><\/strong><\/h4>\n<h4 style=\"text-align: center;\"><\/h4>\n<h4 style=\"text-align: center;\"><strong>Us\u0142uga transportowa realizowana jest na wniosek i za zgod\u0105 osoby.<\/strong><\/h4>\n<h4 style=\"text-align: center;\"><strong>Krok 1<\/strong> \u2013 zarejestruj si\u0119 na szczepienie<\/h4>\n<h4 style=\"text-align: center;\"><strong>Krok 2<\/strong> \u2013 skontaktuj si\u0119 z infolini\u0105 w dni robocze w godz. od 7.00 do 15.00\u00a0 tel. <strong>503\u00a0526\u00a0427, 503\u00a0682\u00a0225<\/strong> lub <strong>koordynatorem gminnym<\/strong> w dni robocze w godz. od 7.00 do 18.00 &#8211; tel. <strong>690\u00a0341\u00a0975.<\/strong><\/h4>\n<h4 style=\"text-align: center;\"><strong>Krok 3<\/strong> \u2013 po ustaleniu transportu przez koordynatora otrzymasz informacj\u0119 zwrotn\u0105\u00a0 o transporcie.<\/h4>\n<h4 style=\"text-align: center;\"><\/h4>\n<h4 style=\"text-align: center;\"><strong>Z\u0142o\u017cenie o\u015bwiadczenia o potrzebie zapewnienia przez gmin\u0119 transportu\u00a0 na szczepienie. <\/strong><\/h4>\n<h4 style=\"text-align: center;\">Mieszkaniec zamawiaj\u0105c transport <strong>sk\u0142ada o\u015bwiadczenie,<\/strong> \u017ce nie ma mo\u017cliwo\u015bci samodzielnego dotarcia do punktu szczepie\u0144 lub dysponuje orzeczeniem o znacznym stopniu niepe\u0142nosprawno\u015bci (pacjent mo\u017ce zosta\u0107 poproszony przez gmin\u0119 o okazanie orzeczenia o znacznym stopniu niepe\u0142nosprawno\u015bci).<\/h4>\n<h4 style=\"text-align: center;\"><\/h4>\n<h4 style=\"text-align: center;\"><strong><u>Przypominamy<\/u><\/strong><\/h4>\n<h4 style=\"text-align: center;\"><strong>Od 15 stycznia<\/strong> ruszy\u0142a rejestracja na szczepienia przeciw SARS-CoV-2 dla senior\u00f3w, <strong>kt\u00f3rzy sko\u0144czyli 80 lat. Od 22 stycznia<\/strong> zarejestrowa\u0107 si\u0119 b\u0119d\u0105 mog\u0142y <strong>osoby powy\u017cej 70 roku. \u017cycia.<\/strong> <strong>\u00a0Szczepienia<\/strong> zarejestrowanych senior\u00f3w rozpoczynaj\u0105 si\u0119 <strong>25 stycznia 2021 roku.<\/strong><\/h4>\n<h4 style=\"text-align: center;\"><\/h4>\n<h4 style=\"text-align: center;\">W gminie Tuplice PUNKT SZCZEPIE\u0143 znajduje si\u0119 w <strong>NZOZ Praktyka Lekarza rodzinnego Grzegorz Wi\u015bniewski ul. Parkowa 3 pod numerem telefonu <u>68\u00a0375 71 17.<\/u><\/strong><\/h4>\n<h4 style=\"text-align: center;\"><strong>\u00a0<\/strong><\/h4>\n<h4 style=\"text-align: center;\"><strong>#SZCZEPIMY SI\u0118<\/strong><\/h4>\n<p>&nbsp;<\/p>\n<p>&nbsp;<\/p>\n<p>&nbsp;<\/p>\n<p>&nbsp;<\/p>\n","protected":false},"excerpt":{"rendered":"<p>SZCZEPIENIA PRZECIWKO COVID-19 Urz\u0105d Gminy w Tuplicach informuje, i\u017c w zwi\u0105zku z rozpocz\u0119ciem realizacji Narodowego Programu Szczepie\u0144 Ochronnych przeciwko wirusowi SARS-CoV-2 dla mieszka\u0144c\u00f3w Gminy uruchomiona zosta\u0142a bezp\u0142atna infolinia, na kt\u00f3rej mo\u017cna b\u0119dzie zg\u0142osi\u0107 potrzeb\u0119 transportu oraz uzyska\u0107 informacje o szczepieniach. Infolinia czynna w dni robocze w godz. od 7.00 do 15.00 pod numerem telefonu 503\u00a0526\u00a0427 [&hellip;]<\/p>\n","protected":false},"author":3,"featured_media":4159,"comment_status":"closed","ping_status":"closed","sticky":false,"template":"","format":"standard","meta":{"_et_pb_use_builder":"","_et_pb_old_content":"","_et_gb_content_width":"","_monsterinsights_skip_tracking":false},"categories":[82],"tags":[],"aioseo_notices":[],"aioseo_head":"\n\t\t<!-- All in One SEO 4.9.10 - aioseo.com -->\n\t<meta name=\"description\" content=\"SZCZEPIENIA PRZECIWKO COVID-19 Urz\u0105d Gminy w Tuplicach informuje, i\u017c w zwi\u0105zku z rozpocz\u0119ciem realizacji Narodowego Programu Szczepie\u0144 Ochronnych przeciwko wirusowi SARS-CoV-2 dla mieszka\u0144c\u00f3w Gminy uruchomiona zosta\u0142a bezp\u0142atna infolinia, na kt\u00f3rej mo\u017cna b\u0119dzie zg\u0142osi\u0107 potrzeb\u0119 transportu oraz uzyska\u0107 informacje o szczepieniach. Infolinia czynna w dni robocze w godz. od 7.00 do 15.00 pod numerem telefonu 503 526 427\" \/>\n\t<meta name=\"robots\" content=\"max-image-preview:large\" \/>\n\t<meta name=\"author\" content=\"Jacek Konieczy\u0144ski\"\/>\n\t<link rel=\"canonical\" href=\"https:\/\/tuplice.pl\/index.php\/2021\/01\/19\/szczepienia-przeciwko-covid-19\/\" \/>\n\t<meta name=\"generator\" content=\"All in One SEO (AIOSEO) 4.9.10\" \/>\n\t\t<meta property=\"og:locale\" content=\"pl_PL\" \/>\n\t\t<meta property=\"og:site_name\" content=\"Gmina Tuplice - Strona Gminy Tuplice\" \/>\n\t\t<meta property=\"og:type\" content=\"article\" \/>\n\t\t<meta property=\"og:title\" content=\"Szczepienia przeciwko COVID-19 - Gmina Tuplice\" \/>\n\t\t<meta property=\"og:description\" content=\"SZCZEPIENIA PRZECIWKO COVID-19 Urz\u0105d Gminy w Tuplicach informuje, i\u017c w zwi\u0105zku z rozpocz\u0119ciem realizacji Narodowego Programu Szczepie\u0144 Ochronnych przeciwko wirusowi SARS-CoV-2 dla mieszka\u0144c\u00f3w Gminy uruchomiona zosta\u0142a bezp\u0142atna infolinia, na kt\u00f3rej mo\u017cna b\u0119dzie zg\u0142osi\u0107 potrzeb\u0119 transportu oraz uzyska\u0107 informacje o szczepieniach. Infolinia czynna w dni robocze w godz. od 7.00 do 15.00 pod numerem telefonu 503 526 427\" \/>\n\t\t<meta property=\"og:url\" content=\"https:\/\/tuplice.pl\/index.php\/2021\/01\/19\/szczepienia-przeciwko-covid-19\/\" \/>\n\t\t<meta property=\"article:published_time\" content=\"2021-01-19T09:23:44+00:00\" \/>\n\t\t<meta property=\"article:modified_time\" content=\"2021-01-19T09:27:22+00:00\" \/>\n\t\t<meta property=\"article:publisher\" content=\"https:\/\/facebook.com\/Tuplicki Biuletyn Informacyjny\" \/>\n\t\t<meta name=\"twitter:card\" content=\"summary_large_image\" \/>\n\t\t<meta name=\"twitter:title\" content=\"Szczepienia przeciwko COVID-19 - Gmina Tuplice\" \/>\n\t\t<meta name=\"twitter:description\" content=\"SZCZEPIENIA PRZECIWKO COVID-19 Urz\u0105d Gminy w Tuplicach informuje, i\u017c w zwi\u0105zku z rozpocz\u0119ciem realizacji Narodowego Programu Szczepie\u0144 Ochronnych przeciwko wirusowi SARS-CoV-2 dla mieszka\u0144c\u00f3w Gminy uruchomiona zosta\u0142a bezp\u0142atna infolinia, na kt\u00f3rej mo\u017cna b\u0119dzie zg\u0142osi\u0107 potrzeb\u0119 transportu oraz uzyska\u0107 informacje o szczepieniach. Infolinia czynna w dni robocze w godz. od 7.00 do 15.00 pod numerem telefonu 503 526 427\" \/>\n\t\t<script type=\"application\/ld+json\" class=\"aioseo-schema\">\n\t\t\t{\"@context\":\"https:\\\/\\\/schema.org\",\"@graph\":[{\"@type\":\"BlogPosting\",\"@id\":\"https:\\\/\\\/tuplice.pl\\\/index.php\\\/2021\\\/01\\\/19\\\/szczepienia-przeciwko-covid-19\\\/#blogposting\",\"name\":\"Szczepienia przeciwko COVID-19 - Gmina Tuplice\",\"headline\":\"Szczepienia przeciwko COVID-19\",\"author\":{\"@id\":\"https:\\\/\\\/tuplice.pl\\\/index.php\\\/author\\\/tuplice\\\/#author\"},\"publisher\":{\"@id\":\"https:\\\/\\\/tuplice.pl\\\/#organization\"},\"image\":{\"@type\":\"ImageObject\",\"url\":\"https:\\\/\\\/tuplice.pl\\\/wp-content\\\/uploads\\\/2021\\\/01\\\/unnamed.png\",\"width\":448,\"height\":394},\"datePublished\":\"2021-01-19T10:23:44+01:00\",\"dateModified\":\"2021-01-19T10:27:22+01:00\",\"inLanguage\":\"pl-PL\",\"mainEntityOfPage\":{\"@id\":\"https:\\\/\\\/tuplice.pl\\\/index.php\\\/2021\\\/01\\\/19\\\/szczepienia-przeciwko-covid-19\\\/#webpage\"},\"isPartOf\":{\"@id\":\"https:\\\/\\\/tuplice.pl\\\/index.php\\\/2021\\\/01\\\/19\\\/szczepienia-przeciwko-covid-19\\\/#webpage\"},\"articleSection\":\"Aktualno\\u015bci\"},{\"@type\":\"BreadcrumbList\",\"@id\":\"https:\\\/\\\/tuplice.pl\\\/index.php\\\/2021\\\/01\\\/19\\\/szczepienia-przeciwko-covid-19\\\/#breadcrumblist\",\"itemListElement\":[{\"@type\":\"ListItem\",\"@id\":\"https:\\\/\\\/tuplice.pl#listItem\",\"position\":1,\"name\":\"Home\",\"item\":\"https:\\\/\\\/tuplice.pl\",\"nextItem\":{\"@type\":\"ListItem\",\"@id\":\"https:\\\/\\\/tuplice.pl\\\/index.php\\\/category\\\/aktualnosci\\\/#listItem\",\"name\":\"Aktualno\\u015bci\"}},{\"@type\":\"ListItem\",\"@id\":\"https:\\\/\\\/tuplice.pl\\\/index.php\\\/category\\\/aktualnosci\\\/#listItem\",\"position\":2,\"name\":\"Aktualno\\u015bci\",\"item\":\"https:\\\/\\\/tuplice.pl\\\/index.php\\\/category\\\/aktualnosci\\\/\",\"nextItem\":{\"@type\":\"ListItem\",\"@id\":\"https:\\\/\\\/tuplice.pl\\\/index.php\\\/2021\\\/01\\\/19\\\/szczepienia-przeciwko-covid-19\\\/#listItem\",\"name\":\"Szczepienia przeciwko COVID-19\"},\"previousItem\":{\"@type\":\"ListItem\",\"@id\":\"https:\\\/\\\/tuplice.pl#listItem\",\"name\":\"Home\"}},{\"@type\":\"ListItem\",\"@id\":\"https:\\\/\\\/tuplice.pl\\\/index.php\\\/2021\\\/01\\\/19\\\/szczepienia-przeciwko-covid-19\\\/#listItem\",\"position\":3,\"name\":\"Szczepienia przeciwko COVID-19\",\"previousItem\":{\"@type\":\"ListItem\",\"@id\":\"https:\\\/\\\/tuplice.pl\\\/index.php\\\/category\\\/aktualnosci\\\/#listItem\",\"name\":\"Aktualno\\u015bci\"}}]},{\"@type\":\"Organization\",\"@id\":\"https:\\\/\\\/tuplice.pl\\\/#organization\",\"name\":\"Gmina Tuplice Gmina Tuplice\",\"description\":\"Strona Gminy Tuplice Strona Urz\\u0119du Gminy Tuplice\",\"url\":\"https:\\\/\\\/tuplice.pl\\\/\",\"telephone\":\"+48683625720\",\"logo\":{\"@type\":\"ImageObject\",\"url\":\"https:\\\/\\\/tuplice.pl\\\/wp-content\\\/uploads\\\/2025\\\/07\\\/images.png\",\"@id\":\"https:\\\/\\\/tuplice.pl\\\/index.php\\\/2021\\\/01\\\/19\\\/szczepienia-przeciwko-covid-19\\\/#organizationLogo\",\"width\":282,\"height\":179},\"image\":{\"@id\":\"https:\\\/\\\/tuplice.pl\\\/index.php\\\/2021\\\/01\\\/19\\\/szczepienia-przeciwko-covid-19\\\/#organizationLogo\"},\"sameAs\":[\"https:\\\/\\\/facebook.com\\\/Tuplicki Biuletyn Informacyjny\",\"https:\\\/\\\/pinterest.com\\\/Tuplicki Biuletyn Informacyjny\",\"https:\\\/\\\/youtube.com\\\/Tuplicki Biuletyn Informacyjny\"]},{\"@type\":\"Person\",\"@id\":\"https:\\\/\\\/tuplice.pl\\\/index.php\\\/author\\\/tuplice\\\/#author\",\"url\":\"https:\\\/\\\/tuplice.pl\\\/index.php\\\/author\\\/tuplice\\\/\",\"name\":\"Jacek Konieczy\\u0144ski\",\"image\":{\"@type\":\"ImageObject\",\"@id\":\"https:\\\/\\\/tuplice.pl\\\/index.php\\\/2021\\\/01\\\/19\\\/szczepienia-przeciwko-covid-19\\\/#authorImage\",\"url\":\"https:\\\/\\\/secure.gravatar.com\\\/avatar\\\/8aa224da0ce3c7d7e2a92a582397a6f3?s=96&d=mm&r=g\",\"width\":96,\"height\":96,\"caption\":\"Jacek Konieczy\\u0144ski\"}},{\"@type\":\"WebPage\",\"@id\":\"https:\\\/\\\/tuplice.pl\\\/index.php\\\/2021\\\/01\\\/19\\\/szczepienia-przeciwko-covid-19\\\/#webpage\",\"url\":\"https:\\\/\\\/tuplice.pl\\\/index.php\\\/2021\\\/01\\\/19\\\/szczepienia-przeciwko-covid-19\\\/\",\"name\":\"Szczepienia przeciwko COVID-19 - Gmina Tuplice\",\"description\":\"SZCZEPIENIA PRZECIWKO COVID-19 Urz\\u0105d Gminy w Tuplicach informuje, i\\u017c w zwi\\u0105zku z rozpocz\\u0119ciem realizacji Narodowego Programu Szczepie\\u0144 Ochronnych przeciwko wirusowi SARS-CoV-2 dla mieszka\\u0144c\\u00f3w Gminy uruchomiona zosta\\u0142a bezp\\u0142atna infolinia, na kt\\u00f3rej mo\\u017cna b\\u0119dzie zg\\u0142osi\\u0107 potrzeb\\u0119 transportu oraz uzyska\\u0107 informacje o szczepieniach. Infolinia czynna w dni robocze w godz. od 7.00 do 15.00 pod numerem telefonu 503 526 427\",\"inLanguage\":\"pl-PL\",\"isPartOf\":{\"@id\":\"https:\\\/\\\/tuplice.pl\\\/#website\"},\"breadcrumb\":{\"@id\":\"https:\\\/\\\/tuplice.pl\\\/index.php\\\/2021\\\/01\\\/19\\\/szczepienia-przeciwko-covid-19\\\/#breadcrumblist\"},\"author\":{\"@id\":\"https:\\\/\\\/tuplice.pl\\\/index.php\\\/author\\\/tuplice\\\/#author\"},\"creator\":{\"@id\":\"https:\\\/\\\/tuplice.pl\\\/index.php\\\/author\\\/tuplice\\\/#author\"},\"image\":{\"@type\":\"ImageObject\",\"url\":\"https:\\\/\\\/tuplice.pl\\\/wp-content\\\/uploads\\\/2021\\\/01\\\/unnamed.png\",\"@id\":\"https:\\\/\\\/tuplice.pl\\\/index.php\\\/2021\\\/01\\\/19\\\/szczepienia-przeciwko-covid-19\\\/#mainImage\",\"width\":448,\"height\":394},\"primaryImageOfPage\":{\"@id\":\"https:\\\/\\\/tuplice.pl\\\/index.php\\\/2021\\\/01\\\/19\\\/szczepienia-przeciwko-covid-19\\\/#mainImage\"},\"datePublished\":\"2021-01-19T10:23:44+01:00\",\"dateModified\":\"2021-01-19T10:27:22+01:00\"},{\"@type\":\"WebSite\",\"@id\":\"https:\\\/\\\/tuplice.pl\\\/#website\",\"url\":\"https:\\\/\\\/tuplice.pl\\\/\",\"name\":\"Gmina Tuplice\",\"description\":\"Strona Gminy Tuplice\",\"inLanguage\":\"pl-PL\",\"publisher\":{\"@id\":\"https:\\\/\\\/tuplice.pl\\\/#organization\"}}]}\n\t\t<\/script>\n\t\t<!-- All in One SEO -->\n\n","aioseo_head_json":{"title":"Szczepienia przeciwko COVID-19 - Gmina Tuplice","description":"SZCZEPIENIA PRZECIWKO COVID-19 Urz\u0105d Gminy w Tuplicach informuje, i\u017c w zwi\u0105zku z rozpocz\u0119ciem realizacji Narodowego Programu Szczepie\u0144 Ochronnych przeciwko wirusowi SARS-CoV-2 dla mieszka\u0144c\u00f3w Gminy uruchomiona zosta\u0142a bezp\u0142atna infolinia, na kt\u00f3rej mo\u017cna b\u0119dzie zg\u0142osi\u0107 potrzeb\u0119 transportu oraz uzyska\u0107 informacje o szczepieniach. Infolinia czynna w dni robocze w godz. od 7.00 do 15.00 pod numerem telefonu 503 526 427","canonical_url":"https:\/\/tuplice.pl\/index.php\/2021\/01\/19\/szczepienia-przeciwko-covid-19\/","robots":"max-image-preview:large","keywords":"","webmasterTools":{"miscellaneous":""},"schema":{"@context":"https:\/\/schema.org","@graph":[{"@type":"BlogPosting","@id":"https:\/\/tuplice.pl\/index.php\/2021\/01\/19\/szczepienia-przeciwko-covid-19\/#blogposting","name":"Szczepienia przeciwko COVID-19 - Gmina Tuplice","headline":"Szczepienia przeciwko COVID-19","author":{"@id":"https:\/\/tuplice.pl\/index.php\/author\/tuplice\/#author"},"publisher":{"@id":"https:\/\/tuplice.pl\/#organization"},"image":{"@type":"ImageObject","url":"https:\/\/tuplice.pl\/wp-content\/uploads\/2021\/01\/unnamed.png","width":448,"height":394},"datePublished":"2021-01-19T10:23:44+01:00","dateModified":"2021-01-19T10:27:22+01:00","inLanguage":"pl-PL","mainEntityOfPage":{"@id":"https:\/\/tuplice.pl\/index.php\/2021\/01\/19\/szczepienia-przeciwko-covid-19\/#webpage"},"isPartOf":{"@id":"https:\/\/tuplice.pl\/index.php\/2021\/01\/19\/szczepienia-przeciwko-covid-19\/#webpage"},"articleSection":"Aktualno\u015bci"},{"@type":"BreadcrumbList","@id":"https:\/\/tuplice.pl\/index.php\/2021\/01\/19\/szczepienia-przeciwko-covid-19\/#breadcrumblist","itemListElement":[{"@type":"ListItem","@id":"https:\/\/tuplice.pl#listItem","position":1,"name":"Home","item":"https:\/\/tuplice.pl","nextItem":{"@type":"ListItem","@id":"https:\/\/tuplice.pl\/index.php\/category\/aktualnosci\/#listItem","name":"Aktualno\u015bci"}},{"@type":"ListItem","@id":"https:\/\/tuplice.pl\/index.php\/category\/aktualnosci\/#listItem","position":2,"name":"Aktualno\u015bci","item":"https:\/\/tuplice.pl\/index.php\/category\/aktualnosci\/","nextItem":{"@type":"ListItem","@id":"https:\/\/tuplice.pl\/index.php\/2021\/01\/19\/szczepienia-przeciwko-covid-19\/#listItem","name":"Szczepienia przeciwko COVID-19"},"previousItem":{"@type":"ListItem","@id":"https:\/\/tuplice.pl#listItem","name":"Home"}},{"@type":"ListItem","@id":"https:\/\/tuplice.pl\/index.php\/2021\/01\/19\/szczepienia-przeciwko-covid-19\/#listItem","position":3,"name":"Szczepienia przeciwko COVID-19","previousItem":{"@type":"ListItem","@id":"https:\/\/tuplice.pl\/index.php\/category\/aktualnosci\/#listItem","name":"Aktualno\u015bci"}}]},{"@type":"Organization","@id":"https:\/\/tuplice.pl\/#organization","name":"Gmina Tuplice Gmina Tuplice","description":"Strona Gminy Tuplice Strona Urz\u0119du Gminy Tuplice","url":"https:\/\/tuplice.pl\/","telephone":"+48683625720","logo":{"@type":"ImageObject","url":"https:\/\/tuplice.pl\/wp-content\/uploads\/2025\/07\/images.png","@id":"https:\/\/tuplice.pl\/index.php\/2021\/01\/19\/szczepienia-przeciwko-covid-19\/#organizationLogo","width":282,"height":179},"image":{"@id":"https:\/\/tuplice.pl\/index.php\/2021\/01\/19\/szczepienia-przeciwko-covid-19\/#organizationLogo"},"sameAs":["https:\/\/facebook.com\/Tuplicki Biuletyn Informacyjny","https:\/\/pinterest.com\/Tuplicki Biuletyn Informacyjny","https:\/\/youtube.com\/Tuplicki Biuletyn Informacyjny"]},{"@type":"Person","@id":"https:\/\/tuplice.pl\/index.php\/author\/tuplice\/#author","url":"https:\/\/tuplice.pl\/index.php\/author\/tuplice\/","name":"Jacek Konieczy\u0144ski","image":{"@type":"ImageObject","@id":"https:\/\/tuplice.pl\/index.php\/2021\/01\/19\/szczepienia-przeciwko-covid-19\/#authorImage","url":"https:\/\/secure.gravatar.com\/avatar\/8aa224da0ce3c7d7e2a92a582397a6f3?s=96&d=mm&r=g","width":96,"height":96,"caption":"Jacek Konieczy\u0144ski"}},{"@type":"WebPage","@id":"https:\/\/tuplice.pl\/index.php\/2021\/01\/19\/szczepienia-przeciwko-covid-19\/#webpage","url":"https:\/\/tuplice.pl\/index.php\/2021\/01\/19\/szczepienia-przeciwko-covid-19\/","name":"Szczepienia przeciwko COVID-19 - Gmina Tuplice","description":"SZCZEPIENIA PRZECIWKO COVID-19 Urz\u0105d Gminy w Tuplicach informuje, i\u017c w zwi\u0105zku z rozpocz\u0119ciem realizacji Narodowego Programu Szczepie\u0144 Ochronnych przeciwko wirusowi SARS-CoV-2 dla mieszka\u0144c\u00f3w Gminy uruchomiona zosta\u0142a bezp\u0142atna infolinia, na kt\u00f3rej mo\u017cna b\u0119dzie zg\u0142osi\u0107 potrzeb\u0119 transportu oraz uzyska\u0107 informacje o szczepieniach. Infolinia czynna w dni robocze w godz. od 7.00 do 15.00 pod numerem telefonu 503 526 427","inLanguage":"pl-PL","isPartOf":{"@id":"https:\/\/tuplice.pl\/#website"},"breadcrumb":{"@id":"https:\/\/tuplice.pl\/index.php\/2021\/01\/19\/szczepienia-przeciwko-covid-19\/#breadcrumblist"},"author":{"@id":"https:\/\/tuplice.pl\/index.php\/author\/tuplice\/#author"},"creator":{"@id":"https:\/\/tuplice.pl\/index.php\/author\/tuplice\/#author"},"image":{"@type":"ImageObject","url":"https:\/\/tuplice.pl\/wp-content\/uploads\/2021\/01\/unnamed.png","@id":"https:\/\/tuplice.pl\/index.php\/2021\/01\/19\/szczepienia-przeciwko-covid-19\/#mainImage","width":448,"height":394},"primaryImageOfPage":{"@id":"https:\/\/tuplice.pl\/index.php\/2021\/01\/19\/szczepienia-przeciwko-covid-19\/#mainImage"},"datePublished":"2021-01-19T10:23:44+01:00","dateModified":"2021-01-19T10:27:22+01:00"},{"@type":"WebSite","@id":"https:\/\/tuplice.pl\/#website","url":"https:\/\/tuplice.pl\/","name":"Gmina Tuplice","description":"Strona Gminy Tuplice","inLanguage":"pl-PL","publisher":{"@id":"https:\/\/tuplice.pl\/#organization"}}]},"og:locale":"pl_PL","og:site_name":"Gmina Tuplice - Strona Gminy Tuplice","og:type":"article","og:title":"Szczepienia przeciwko COVID-19 - Gmina Tuplice","og:description":"SZCZEPIENIA PRZECIWKO COVID-19 Urz\u0105d Gminy w Tuplicach informuje, i\u017c w zwi\u0105zku z rozpocz\u0119ciem realizacji Narodowego Programu Szczepie\u0144 Ochronnych przeciwko wirusowi SARS-CoV-2 dla mieszka\u0144c\u00f3w Gminy uruchomiona zosta\u0142a bezp\u0142atna infolinia, na kt\u00f3rej mo\u017cna b\u0119dzie zg\u0142osi\u0107 potrzeb\u0119 transportu oraz uzyska\u0107 informacje o szczepieniach. Infolinia czynna w dni robocze w godz. od 7.00 do 15.00 pod numerem telefonu 503 526 427","og:url":"https:\/\/tuplice.pl\/index.php\/2021\/01\/19\/szczepienia-przeciwko-covid-19\/","article:published_time":"2021-01-19T09:23:44+00:00","article:modified_time":"2021-01-19T09:27:22+00:00","article:publisher":"https:\/\/facebook.com\/Tuplicki Biuletyn Informacyjny","twitter:card":"summary_large_image","twitter:title":"Szczepienia przeciwko COVID-19 - Gmina Tuplice","twitter:description":"SZCZEPIENIA PRZECIWKO COVID-19 Urz\u0105d Gminy w Tuplicach informuje, i\u017c w zwi\u0105zku z rozpocz\u0119ciem realizacji Narodowego Programu Szczepie\u0144 Ochronnych przeciwko wirusowi SARS-CoV-2 dla mieszka\u0144c\u00f3w Gminy uruchomiona zosta\u0142a bezp\u0142atna infolinia, na kt\u00f3rej mo\u017cna b\u0119dzie zg\u0142osi\u0107 potrzeb\u0119 transportu oraz uzyska\u0107 informacje o szczepieniach. Infolinia czynna w dni robocze w godz. od 7.00 do 15.00 pod numerem telefonu 503 526 427"},"aioseo_meta_data":{"post_id":"4158","title":null,"description":null,"keywords":null,"keyphrases":null,"primary_term":null,"canonical_url":null,"og_title":null,"og_description":null,"og_object_type":"default","og_image_type":"default","og_image_url":null,"og_image_width":null,"og_image_height":null,"og_image_custom_url":null,"og_image_custom_fields":null,"og_video":null,"og_custom_url":null,"og_article_section":null,"og_article_tags":null,"twitter_use_og":false,"twitter_card":"default","twitter_image_type":"default","twitter_image_url":null,"twitter_image_custom_url":null,"twitter_image_custom_fields":null,"twitter_title":null,"twitter_description":null,"schema":{"blockGraphs":[],"customGraphs":[],"default":{"data":{"Article":[],"Course":[],"Dataset":[],"FAQPage":[],"Movie":[],"Person":[],"Product":[],"ProductReview":[],"Car":[],"Recipe":[],"Service":[],"SoftwareApplication":[],"WebPage":[]},"graphName":"","isEnabled":true},"graphs":[]},"schema_type":"default","schema_type_options":null,"pillar_content":false,"robots_default":true,"robots_noindex":false,"robots_noarchive":false,"robots_nosnippet":false,"robots_nofollow":false,"robots_noimageindex":false,"robots_noodp":false,"robots_notranslate":false,"robots_max_snippet":null,"robots_max_videopreview":null,"robots_max_imagepreview":"large","priority":null,"frequency":null,"local_seo":null,"breadcrumb_settings":null,"limit_modified_date":false,"ai":null,"created":"2025-07-22 23:38:28","updated":"2025-07-22 23:38:28","seo_analyzer_scan_date":null},"aioseo_breadcrumb":"<div class=\"aioseo-breadcrumbs\"><span class=\"aioseo-breadcrumb\">\n\t\t\t<a href=\"https:\/\/tuplice.pl\" title=\"Home\">Home<\/a>\n\t\t<\/span><span class=\"aioseo-breadcrumb-separator\">&raquo;<\/span><span class=\"aioseo-breadcrumb\">\n\t\t\t<a href=\"https:\/\/tuplice.pl\/index.php\/category\/aktualnosci\/\" title=\"Aktualno\u015bci\">Aktualno\u015bci<\/a>\n\t\t<\/span><span class=\"aioseo-breadcrumb-separator\">&raquo;<\/span><span class=\"aioseo-breadcrumb\">\n\t\t\tSzczepienia przeciwko COVID-19\n\t\t<\/span><\/div>","aioseo_breadcrumb_json":[{"label":"Home","link":"https:\/\/tuplice.pl"},{"label":"Aktualno\u015bci","link":"https:\/\/tuplice.pl\/index.php\/category\/aktualnosci\/"},{"label":"Szczepienia przeciwko COVID-19","link":"https:\/\/tuplice.pl\/index.php\/2021\/01\/19\/szczepienia-przeciwko-covid-19\/"}],"a3_pvc":{"activated":false,"total_views":0,"today_views":0},"_links":{"self":[{"href":"https:\/\/tuplice.pl\/index.php\/wp-json\/wp\/v2\/posts\/4158"}],"collection":[{"href":"https:\/\/tuplice.pl\/index.php\/wp-json\/wp\/v2\/posts"}],"about":[{"href":"https:\/\/tuplice.pl\/index.php\/wp-json\/wp\/v2\/types\/post"}],"author":[{"embeddable":true,"href":"https:\/\/tuplice.pl\/index.php\/wp-json\/wp\/v2\/users\/3"}],"replies":[{"embeddable":true,"href":"https:\/\/tuplice.pl\/index.php\/wp-json\/wp\/v2\/comments?post=4158"}],"version-history":[{"count":3,"href":"https:\/\/tuplice.pl\/index.php\/wp-json\/wp\/v2\/posts\/4158\/revisions"}],"predecessor-version":[{"id":4162,"href":"https:\/\/tuplice.pl\/index.php\/wp-json\/wp\/v2\/posts\/4158\/revisions\/4162"}],"wp:featuredmedia":[{"embeddable":true,"href":"https:\/\/tuplice.pl\/index.php\/wp-json\/wp\/v2\/media\/4159"}],"wp:attachment":[{"href":"https:\/\/tuplice.pl\/index.php\/wp-json\/wp\/v2\/media?parent=4158"}],"wp:term":[{"taxonomy":"category","embeddable":true,"href":"https:\/\/tuplice.pl\/index.php\/wp-json\/wp\/v2\/categories?post=4158"},{"taxonomy":"post_tag","embeddable":true,"href":"https:\/\/tuplice.pl\/index.php\/wp-json\/wp\/v2\/tags?post=4158"}],"curies":[{"name":"wp","href":"https:\/\/api.w.org\/{rel}","templated":true}]}}