{"id":4229,"date":"2021-03-31T12:11:55","date_gmt":"2021-03-31T10:11:55","guid":{"rendered":"http:\/\/tuplice.pl\/?p=4229"},"modified":"2021-03-31T12:11:55","modified_gmt":"2021-03-31T10:11:55","slug":"komunikat-rzadowego-zespolu-zarzadzania-kryzysowego-nt-organizacji-pracy-urzedow","status":"publish","type":"post","link":"https:\/\/tuplice.pl\/index.php\/2021\/03\/31\/komunikat-rzadowego-zespolu-zarzadzania-kryzysowego-nt-organizacji-pracy-urzedow\/","title":{"rendered":"Komunikat Rz\u0105dowego Zespo\u0142u Zarz\u0105dzania Kryzysowego nt. organizacji pracy urz\u0119d\u00f3w"},"content":{"rendered":"<div class=\"editor-content\">\n<div>\n<p>W ostatnim czasie obserwujemy znaczny wzrost zaka\u017ce\u0144 koronawirusem, kt\u00f3rego skutkiem jest coraz wi\u0119ksza liczba zaj\u0119tych \u0142\u00f3\u017cek oraz respirator\u00f3w w szpitalach, a tak\u017ce wzrost liczby zgon\u00f3w. Obecna sytuacja w Polsce wymaga zdecydowanych dzia\u0142a\u0144, dlatego od 27 marca obowi\u0105zuj\u0105 nowe zasady bezpiecze\u0144stwa. Ich celem jest ograniczenie do minimum kontakt\u00f3w spo\u0142ecznych. Dotyczy to tak\u017ce pracy administracji publicznej, w tym samorz\u0105dowych urz\u0119d\u00f3w i jednostek organizacyjnych. W tych podmiotach wszyscy pracownicy, kt\u00f3rzy nie musz\u0105 wykonywa\u0107 pracy stacjonarnie, co najmniej do 9 kwietnia powinni pracowa\u0107 zdalnie.<\/p>\n<p>Przypominamy, \u017ce rozporz\u0105dzeniem Rady Ministr\u00f3w z dnia 19 marca 2021 r. w sprawie ustanowienia okre\u015blonych ogranicze\u0144, nakaz\u00f3w i zakaz\u00f3w w zwi\u0105zku z wyst\u0105pieniem stanu epidemii (Dz. U. poz. 512 z p\u00f3\u017an. zm.) na\u0142o\u017cono na kierownik\u00f3w urz\u0119d\u00f3w samorz\u0105dowych oraz innych samorz\u0105dowych jednostek organizacyjnych wykonuj\u0105cych zadania publiczne obowi\u0105zek polecenia pracownikom wykonywania pracy zdalnej. Do decyzji kierownika danej jednostki lub urz\u0119du pozostawiono, kt\u00f3re zadania b\u0119d\u0105 wykonywane stacjonarnie. Mo\u017ce on wy\u0142\u0105czy\u0107 z zakresu pracy zdalnej pracownik\u00f3w realizuj\u0105cych zadania niezb\u0119dne do zapewnienia pomocy obywatelom lub inne zadania niezb\u0119dne ze wzgl\u0119du na przepisy prawa lub potrzeby urz\u0119du lub jednostki, je\u017celi nie jest mo\u017cliwe ich wykonywanie w ramach pracy zdalnej (\u00a7 22 rozporz\u0105dzenia).<\/p>\n<p>\u017ar\u00f3d\u0142o: https:\/\/www.gov.pl\/web\/premier\/komunikat-rzadowego-zespolu-zarzadzania-kryzysowego<\/p>\n<\/div>\n<\/div>\n<p>&nbsp;<\/p>\n<p>&nbsp;<\/p>\n","protected":false},"excerpt":{"rendered":"<p>W ostatnim czasie obserwujemy znaczny wzrost zaka\u017ce\u0144 koronawirusem, kt\u00f3rego skutkiem jest coraz wi\u0119ksza liczba zaj\u0119tych \u0142\u00f3\u017cek oraz respirator\u00f3w w szpitalach, a tak\u017ce wzrost liczby zgon\u00f3w. Obecna sytuacja w Polsce wymaga zdecydowanych dzia\u0142a\u0144, dlatego od 27 marca obowi\u0105zuj\u0105 nowe zasady bezpiecze\u0144stwa. Ich celem jest ograniczenie do minimum kontakt\u00f3w spo\u0142ecznych. Dotyczy to tak\u017ce pracy administracji publicznej, w [&hellip;]<\/p>\n","protected":false},"author":3,"featured_media":4230,"comment_status":"closed","ping_status":"closed","sticky":false,"template":"","format":"standard","meta":{"_et_pb_use_builder":"","_et_pb_old_content":"","_et_gb_content_width":"","_monsterinsights_skip_tracking":false},"categories":[82],"tags":[],"aioseo_notices":[],"aioseo_head":"\n\t\t<!-- All in One SEO 4.9.10 - aioseo.com -->\n\t<meta name=\"description\" content=\"W ostatnim czasie obserwujemy znaczny wzrost zaka\u017ce\u0144 koronawirusem, kt\u00f3rego skutkiem jest coraz wi\u0119ksza liczba zaj\u0119tych \u0142\u00f3\u017cek oraz respirator\u00f3w w szpitalach, a tak\u017ce wzrost liczby zgon\u00f3w. Obecna sytuacja w Polsce wymaga zdecydowanych dzia\u0142a\u0144, dlatego od 27 marca obowi\u0105zuj\u0105 nowe zasady bezpiecze\u0144stwa. Ich celem jest ograniczenie do minimum kontakt\u00f3w spo\u0142ecznych. Dotyczy to tak\u017ce pracy administracji publicznej, w\" \/>\n\t<meta name=\"robots\" content=\"max-image-preview:large\" \/>\n\t<meta name=\"author\" content=\"Jacek Konieczy\u0144ski\"\/>\n\t<link rel=\"canonical\" href=\"https:\/\/tuplice.pl\/index.php\/2021\/03\/31\/komunikat-rzadowego-zespolu-zarzadzania-kryzysowego-nt-organizacji-pracy-urzedow\/\" \/>\n\t<meta name=\"generator\" content=\"All in One SEO (AIOSEO) 4.9.10\" \/>\n\t\t<meta property=\"og:locale\" content=\"pl_PL\" \/>\n\t\t<meta property=\"og:site_name\" content=\"Gmina Tuplice - Strona Gminy Tuplice\" \/>\n\t\t<meta property=\"og:type\" content=\"article\" \/>\n\t\t<meta property=\"og:title\" content=\"Komunikat Rz\u0105dowego Zespo\u0142u Zarz\u0105dzania Kryzysowego nt. organizacji pracy urz\u0119d\u00f3w - Gmina Tuplice\" \/>\n\t\t<meta property=\"og:description\" content=\"W ostatnim czasie obserwujemy znaczny wzrost zaka\u017ce\u0144 koronawirusem, kt\u00f3rego skutkiem jest coraz wi\u0119ksza liczba zaj\u0119tych \u0142\u00f3\u017cek oraz respirator\u00f3w w szpitalach, a tak\u017ce wzrost liczby zgon\u00f3w. Obecna sytuacja w Polsce wymaga zdecydowanych dzia\u0142a\u0144, dlatego od 27 marca obowi\u0105zuj\u0105 nowe zasady bezpiecze\u0144stwa. Ich celem jest ograniczenie do minimum kontakt\u00f3w spo\u0142ecznych. Dotyczy to tak\u017ce pracy administracji publicznej, w\" \/>\n\t\t<meta property=\"og:url\" content=\"https:\/\/tuplice.pl\/index.php\/2021\/03\/31\/komunikat-rzadowego-zespolu-zarzadzania-kryzysowego-nt-organizacji-pracy-urzedow\/\" \/>\n\t\t<meta property=\"article:published_time\" content=\"2021-03-31T10:11:55+00:00\" \/>\n\t\t<meta property=\"article:modified_time\" content=\"2021-03-31T10:11:55+00:00\" \/>\n\t\t<meta property=\"article:publisher\" content=\"https:\/\/facebook.com\/Tuplicki Biuletyn Informacyjny\" \/>\n\t\t<meta name=\"twitter:card\" content=\"summary_large_image\" \/>\n\t\t<meta name=\"twitter:title\" content=\"Komunikat Rz\u0105dowego Zespo\u0142u Zarz\u0105dzania Kryzysowego nt. organizacji pracy urz\u0119d\u00f3w - Gmina Tuplice\" \/>\n\t\t<meta name=\"twitter:description\" content=\"W ostatnim czasie obserwujemy znaczny wzrost zaka\u017ce\u0144 koronawirusem, kt\u00f3rego skutkiem jest coraz wi\u0119ksza liczba zaj\u0119tych \u0142\u00f3\u017cek oraz respirator\u00f3w w szpitalach, a tak\u017ce wzrost liczby zgon\u00f3w. Obecna sytuacja w Polsce wymaga zdecydowanych dzia\u0142a\u0144, dlatego od 27 marca obowi\u0105zuj\u0105 nowe zasady bezpiecze\u0144stwa. Ich celem jest ograniczenie do minimum kontakt\u00f3w spo\u0142ecznych. Dotyczy to tak\u017ce pracy administracji publicznej, w\" \/>\n\t\t<script type=\"application\/ld+json\" class=\"aioseo-schema\">\n\t\t\t{\"@context\":\"https:\\\/\\\/schema.org\",\"@graph\":[{\"@type\":\"BlogPosting\",\"@id\":\"https:\\\/\\\/tuplice.pl\\\/index.php\\\/2021\\\/03\\\/31\\\/komunikat-rzadowego-zespolu-zarzadzania-kryzysowego-nt-organizacji-pracy-urzedow\\\/#blogposting\",\"name\":\"Komunikat Rz\\u0105dowego Zespo\\u0142u Zarz\\u0105dzania Kryzysowego nt. organizacji pracy urz\\u0119d\\u00f3w - Gmina Tuplice\",\"headline\":\"Komunikat Rz\\u0105dowego Zespo\\u0142u Zarz\\u0105dzania Kryzysowego nt. organizacji pracy urz\\u0119d\\u00f3w\",\"author\":{\"@id\":\"https:\\\/\\\/tuplice.pl\\\/index.php\\\/author\\\/tuplice\\\/#author\"},\"publisher\":{\"@id\":\"https:\\\/\\\/tuplice.pl\\\/#organization\"},\"image\":{\"@type\":\"ImageObject\",\"url\":\"https:\\\/\\\/tuplice.pl\\\/wp-content\\\/uploads\\\/2021\\\/03\\\/1460x616.jpg\",\"width\":1460,\"height\":616},\"datePublished\":\"2021-03-31T12:11:55+02:00\",\"dateModified\":\"2021-03-31T12:11:55+02:00\",\"inLanguage\":\"pl-PL\",\"mainEntityOfPage\":{\"@id\":\"https:\\\/\\\/tuplice.pl\\\/index.php\\\/2021\\\/03\\\/31\\\/komunikat-rzadowego-zespolu-zarzadzania-kryzysowego-nt-organizacji-pracy-urzedow\\\/#webpage\"},\"isPartOf\":{\"@id\":\"https:\\\/\\\/tuplice.pl\\\/index.php\\\/2021\\\/03\\\/31\\\/komunikat-rzadowego-zespolu-zarzadzania-kryzysowego-nt-organizacji-pracy-urzedow\\\/#webpage\"},\"articleSection\":\"Aktualno\\u015bci\"},{\"@type\":\"BreadcrumbList\",\"@id\":\"https:\\\/\\\/tuplice.pl\\\/index.php\\\/2021\\\/03\\\/31\\\/komunikat-rzadowego-zespolu-zarzadzania-kryzysowego-nt-organizacji-pracy-urzedow\\\/#breadcrumblist\",\"itemListElement\":[{\"@type\":\"ListItem\",\"@id\":\"https:\\\/\\\/tuplice.pl#listItem\",\"position\":1,\"name\":\"Home\",\"item\":\"https:\\\/\\\/tuplice.pl\",\"nextItem\":{\"@type\":\"ListItem\",\"@id\":\"https:\\\/\\\/tuplice.pl\\\/index.php\\\/category\\\/aktualnosci\\\/#listItem\",\"name\":\"Aktualno\\u015bci\"}},{\"@type\":\"ListItem\",\"@id\":\"https:\\\/\\\/tuplice.pl\\\/index.php\\\/category\\\/aktualnosci\\\/#listItem\",\"position\":2,\"name\":\"Aktualno\\u015bci\",\"item\":\"https:\\\/\\\/tuplice.pl\\\/index.php\\\/category\\\/aktualnosci\\\/\",\"nextItem\":{\"@type\":\"ListItem\",\"@id\":\"https:\\\/\\\/tuplice.pl\\\/index.php\\\/2021\\\/03\\\/31\\\/komunikat-rzadowego-zespolu-zarzadzania-kryzysowego-nt-organizacji-pracy-urzedow\\\/#listItem\",\"name\":\"Komunikat Rz\\u0105dowego Zespo\\u0142u Zarz\\u0105dzania Kryzysowego nt. organizacji pracy urz\\u0119d\\u00f3w\"},\"previousItem\":{\"@type\":\"ListItem\",\"@id\":\"https:\\\/\\\/tuplice.pl#listItem\",\"name\":\"Home\"}},{\"@type\":\"ListItem\",\"@id\":\"https:\\\/\\\/tuplice.pl\\\/index.php\\\/2021\\\/03\\\/31\\\/komunikat-rzadowego-zespolu-zarzadzania-kryzysowego-nt-organizacji-pracy-urzedow\\\/#listItem\",\"position\":3,\"name\":\"Komunikat Rz\\u0105dowego Zespo\\u0142u Zarz\\u0105dzania Kryzysowego nt. organizacji pracy urz\\u0119d\\u00f3w\",\"previousItem\":{\"@type\":\"ListItem\",\"@id\":\"https:\\\/\\\/tuplice.pl\\\/index.php\\\/category\\\/aktualnosci\\\/#listItem\",\"name\":\"Aktualno\\u015bci\"}}]},{\"@type\":\"Organization\",\"@id\":\"https:\\\/\\\/tuplice.pl\\\/#organization\",\"name\":\"Gmina Tuplice Gmina Tuplice\",\"description\":\"Strona Gminy Tuplice Strona Urz\\u0119du Gminy Tuplice\",\"url\":\"https:\\\/\\\/tuplice.pl\\\/\",\"telephone\":\"+48683625720\",\"logo\":{\"@type\":\"ImageObject\",\"url\":\"https:\\\/\\\/tuplice.pl\\\/wp-content\\\/uploads\\\/2025\\\/07\\\/images.png\",\"@id\":\"https:\\\/\\\/tuplice.pl\\\/index.php\\\/2021\\\/03\\\/31\\\/komunikat-rzadowego-zespolu-zarzadzania-kryzysowego-nt-organizacji-pracy-urzedow\\\/#organizationLogo\",\"width\":282,\"height\":179},\"image\":{\"@id\":\"https:\\\/\\\/tuplice.pl\\\/index.php\\\/2021\\\/03\\\/31\\\/komunikat-rzadowego-zespolu-zarzadzania-kryzysowego-nt-organizacji-pracy-urzedow\\\/#organizationLogo\"},\"sameAs\":[\"https:\\\/\\\/facebook.com\\\/Tuplicki Biuletyn Informacyjny\",\"https:\\\/\\\/pinterest.com\\\/Tuplicki Biuletyn Informacyjny\",\"https:\\\/\\\/youtube.com\\\/Tuplicki Biuletyn Informacyjny\"]},{\"@type\":\"Person\",\"@id\":\"https:\\\/\\\/tuplice.pl\\\/index.php\\\/author\\\/tuplice\\\/#author\",\"url\":\"https:\\\/\\\/tuplice.pl\\\/index.php\\\/author\\\/tuplice\\\/\",\"name\":\"Jacek Konieczy\\u0144ski\",\"image\":{\"@type\":\"ImageObject\",\"@id\":\"https:\\\/\\\/tuplice.pl\\\/index.php\\\/2021\\\/03\\\/31\\\/komunikat-rzadowego-zespolu-zarzadzania-kryzysowego-nt-organizacji-pracy-urzedow\\\/#authorImage\",\"url\":\"https:\\\/\\\/secure.gravatar.com\\\/avatar\\\/8aa224da0ce3c7d7e2a92a582397a6f3?s=96&d=mm&r=g\",\"width\":96,\"height\":96,\"caption\":\"Jacek Konieczy\\u0144ski\"}},{\"@type\":\"WebPage\",\"@id\":\"https:\\\/\\\/tuplice.pl\\\/index.php\\\/2021\\\/03\\\/31\\\/komunikat-rzadowego-zespolu-zarzadzania-kryzysowego-nt-organizacji-pracy-urzedow\\\/#webpage\",\"url\":\"https:\\\/\\\/tuplice.pl\\\/index.php\\\/2021\\\/03\\\/31\\\/komunikat-rzadowego-zespolu-zarzadzania-kryzysowego-nt-organizacji-pracy-urzedow\\\/\",\"name\":\"Komunikat Rz\\u0105dowego Zespo\\u0142u Zarz\\u0105dzania Kryzysowego nt. organizacji pracy urz\\u0119d\\u00f3w - Gmina Tuplice\",\"description\":\"W ostatnim czasie obserwujemy znaczny wzrost zaka\\u017ce\\u0144 koronawirusem, kt\\u00f3rego skutkiem jest coraz wi\\u0119ksza liczba zaj\\u0119tych \\u0142\\u00f3\\u017cek oraz respirator\\u00f3w w szpitalach, a tak\\u017ce wzrost liczby zgon\\u00f3w. Obecna sytuacja w Polsce wymaga zdecydowanych dzia\\u0142a\\u0144, dlatego od 27 marca obowi\\u0105zuj\\u0105 nowe zasady bezpiecze\\u0144stwa. Ich celem jest ograniczenie do minimum kontakt\\u00f3w spo\\u0142ecznych. Dotyczy to tak\\u017ce pracy administracji publicznej, w\",\"inLanguage\":\"pl-PL\",\"isPartOf\":{\"@id\":\"https:\\\/\\\/tuplice.pl\\\/#website\"},\"breadcrumb\":{\"@id\":\"https:\\\/\\\/tuplice.pl\\\/index.php\\\/2021\\\/03\\\/31\\\/komunikat-rzadowego-zespolu-zarzadzania-kryzysowego-nt-organizacji-pracy-urzedow\\\/#breadcrumblist\"},\"author\":{\"@id\":\"https:\\\/\\\/tuplice.pl\\\/index.php\\\/author\\\/tuplice\\\/#author\"},\"creator\":{\"@id\":\"https:\\\/\\\/tuplice.pl\\\/index.php\\\/author\\\/tuplice\\\/#author\"},\"image\":{\"@type\":\"ImageObject\",\"url\":\"https:\\\/\\\/tuplice.pl\\\/wp-content\\\/uploads\\\/2021\\\/03\\\/1460x616.jpg\",\"@id\":\"https:\\\/\\\/tuplice.pl\\\/index.php\\\/2021\\\/03\\\/31\\\/komunikat-rzadowego-zespolu-zarzadzania-kryzysowego-nt-organizacji-pracy-urzedow\\\/#mainImage\",\"width\":1460,\"height\":616},\"primaryImageOfPage\":{\"@id\":\"https:\\\/\\\/tuplice.pl\\\/index.php\\\/2021\\\/03\\\/31\\\/komunikat-rzadowego-zespolu-zarzadzania-kryzysowego-nt-organizacji-pracy-urzedow\\\/#mainImage\"},\"datePublished\":\"2021-03-31T12:11:55+02:00\",\"dateModified\":\"2021-03-31T12:11:55+02:00\"},{\"@type\":\"WebSite\",\"@id\":\"https:\\\/\\\/tuplice.pl\\\/#website\",\"url\":\"https:\\\/\\\/tuplice.pl\\\/\",\"name\":\"Gmina Tuplice\",\"description\":\"Strona Gminy Tuplice\",\"inLanguage\":\"pl-PL\",\"publisher\":{\"@id\":\"https:\\\/\\\/tuplice.pl\\\/#organization\"}}]}\n\t\t<\/script>\n\t\t<!-- All in One SEO -->\n\n","aioseo_head_json":{"title":"Komunikat Rz\u0105dowego Zespo\u0142u Zarz\u0105dzania Kryzysowego nt. organizacji pracy urz\u0119d\u00f3w - Gmina Tuplice","description":"W ostatnim czasie obserwujemy znaczny wzrost zaka\u017ce\u0144 koronawirusem, kt\u00f3rego skutkiem jest coraz wi\u0119ksza liczba zaj\u0119tych \u0142\u00f3\u017cek oraz respirator\u00f3w w szpitalach, a tak\u017ce wzrost liczby zgon\u00f3w. Obecna sytuacja w Polsce wymaga zdecydowanych dzia\u0142a\u0144, dlatego od 27 marca obowi\u0105zuj\u0105 nowe zasady bezpiecze\u0144stwa. Ich celem jest ograniczenie do minimum kontakt\u00f3w spo\u0142ecznych. Dotyczy to tak\u017ce pracy administracji publicznej, w","canonical_url":"https:\/\/tuplice.pl\/index.php\/2021\/03\/31\/komunikat-rzadowego-zespolu-zarzadzania-kryzysowego-nt-organizacji-pracy-urzedow\/","robots":"max-image-preview:large","keywords":"","webmasterTools":{"miscellaneous":""},"schema":{"@context":"https:\/\/schema.org","@graph":[{"@type":"BlogPosting","@id":"https:\/\/tuplice.pl\/index.php\/2021\/03\/31\/komunikat-rzadowego-zespolu-zarzadzania-kryzysowego-nt-organizacji-pracy-urzedow\/#blogposting","name":"Komunikat Rz\u0105dowego Zespo\u0142u Zarz\u0105dzania Kryzysowego nt. organizacji pracy urz\u0119d\u00f3w - Gmina Tuplice","headline":"Komunikat Rz\u0105dowego Zespo\u0142u Zarz\u0105dzania Kryzysowego nt. organizacji pracy urz\u0119d\u00f3w","author":{"@id":"https:\/\/tuplice.pl\/index.php\/author\/tuplice\/#author"},"publisher":{"@id":"https:\/\/tuplice.pl\/#organization"},"image":{"@type":"ImageObject","url":"https:\/\/tuplice.pl\/wp-content\/uploads\/2021\/03\/1460x616.jpg","width":1460,"height":616},"datePublished":"2021-03-31T12:11:55+02:00","dateModified":"2021-03-31T12:11:55+02:00","inLanguage":"pl-PL","mainEntityOfPage":{"@id":"https:\/\/tuplice.pl\/index.php\/2021\/03\/31\/komunikat-rzadowego-zespolu-zarzadzania-kryzysowego-nt-organizacji-pracy-urzedow\/#webpage"},"isPartOf":{"@id":"https:\/\/tuplice.pl\/index.php\/2021\/03\/31\/komunikat-rzadowego-zespolu-zarzadzania-kryzysowego-nt-organizacji-pracy-urzedow\/#webpage"},"articleSection":"Aktualno\u015bci"},{"@type":"BreadcrumbList","@id":"https:\/\/tuplice.pl\/index.php\/2021\/03\/31\/komunikat-rzadowego-zespolu-zarzadzania-kryzysowego-nt-organizacji-pracy-urzedow\/#breadcrumblist","itemListElement":[{"@type":"ListItem","@id":"https:\/\/tuplice.pl#listItem","position":1,"name":"Home","item":"https:\/\/tuplice.pl","nextItem":{"@type":"ListItem","@id":"https:\/\/tuplice.pl\/index.php\/category\/aktualnosci\/#listItem","name":"Aktualno\u015bci"}},{"@type":"ListItem","@id":"https:\/\/tuplice.pl\/index.php\/category\/aktualnosci\/#listItem","position":2,"name":"Aktualno\u015bci","item":"https:\/\/tuplice.pl\/index.php\/category\/aktualnosci\/","nextItem":{"@type":"ListItem","@id":"https:\/\/tuplice.pl\/index.php\/2021\/03\/31\/komunikat-rzadowego-zespolu-zarzadzania-kryzysowego-nt-organizacji-pracy-urzedow\/#listItem","name":"Komunikat Rz\u0105dowego Zespo\u0142u Zarz\u0105dzania Kryzysowego nt. organizacji pracy urz\u0119d\u00f3w"},"previousItem":{"@type":"ListItem","@id":"https:\/\/tuplice.pl#listItem","name":"Home"}},{"@type":"ListItem","@id":"https:\/\/tuplice.pl\/index.php\/2021\/03\/31\/komunikat-rzadowego-zespolu-zarzadzania-kryzysowego-nt-organizacji-pracy-urzedow\/#listItem","position":3,"name":"Komunikat Rz\u0105dowego Zespo\u0142u Zarz\u0105dzania Kryzysowego nt. organizacji pracy urz\u0119d\u00f3w","previousItem":{"@type":"ListItem","@id":"https:\/\/tuplice.pl\/index.php\/category\/aktualnosci\/#listItem","name":"Aktualno\u015bci"}}]},{"@type":"Organization","@id":"https:\/\/tuplice.pl\/#organization","name":"Gmina Tuplice Gmina Tuplice","description":"Strona Gminy Tuplice Strona Urz\u0119du Gminy Tuplice","url":"https:\/\/tuplice.pl\/","telephone":"+48683625720","logo":{"@type":"ImageObject","url":"https:\/\/tuplice.pl\/wp-content\/uploads\/2025\/07\/images.png","@id":"https:\/\/tuplice.pl\/index.php\/2021\/03\/31\/komunikat-rzadowego-zespolu-zarzadzania-kryzysowego-nt-organizacji-pracy-urzedow\/#organizationLogo","width":282,"height":179},"image":{"@id":"https:\/\/tuplice.pl\/index.php\/2021\/03\/31\/komunikat-rzadowego-zespolu-zarzadzania-kryzysowego-nt-organizacji-pracy-urzedow\/#organizationLogo"},"sameAs":["https:\/\/facebook.com\/Tuplicki Biuletyn Informacyjny","https:\/\/pinterest.com\/Tuplicki Biuletyn Informacyjny","https:\/\/youtube.com\/Tuplicki Biuletyn Informacyjny"]},{"@type":"Person","@id":"https:\/\/tuplice.pl\/index.php\/author\/tuplice\/#author","url":"https:\/\/tuplice.pl\/index.php\/author\/tuplice\/","name":"Jacek Konieczy\u0144ski","image":{"@type":"ImageObject","@id":"https:\/\/tuplice.pl\/index.php\/2021\/03\/31\/komunikat-rzadowego-zespolu-zarzadzania-kryzysowego-nt-organizacji-pracy-urzedow\/#authorImage","url":"https:\/\/secure.gravatar.com\/avatar\/8aa224da0ce3c7d7e2a92a582397a6f3?s=96&d=mm&r=g","width":96,"height":96,"caption":"Jacek Konieczy\u0144ski"}},{"@type":"WebPage","@id":"https:\/\/tuplice.pl\/index.php\/2021\/03\/31\/komunikat-rzadowego-zespolu-zarzadzania-kryzysowego-nt-organizacji-pracy-urzedow\/#webpage","url":"https:\/\/tuplice.pl\/index.php\/2021\/03\/31\/komunikat-rzadowego-zespolu-zarzadzania-kryzysowego-nt-organizacji-pracy-urzedow\/","name":"Komunikat Rz\u0105dowego Zespo\u0142u Zarz\u0105dzania Kryzysowego nt. organizacji pracy urz\u0119d\u00f3w - Gmina Tuplice","description":"W ostatnim czasie obserwujemy znaczny wzrost zaka\u017ce\u0144 koronawirusem, kt\u00f3rego skutkiem jest coraz wi\u0119ksza liczba zaj\u0119tych \u0142\u00f3\u017cek oraz respirator\u00f3w w szpitalach, a tak\u017ce wzrost liczby zgon\u00f3w. Obecna sytuacja w Polsce wymaga zdecydowanych dzia\u0142a\u0144, dlatego od 27 marca obowi\u0105zuj\u0105 nowe zasady bezpiecze\u0144stwa. Ich celem jest ograniczenie do minimum kontakt\u00f3w spo\u0142ecznych. Dotyczy to tak\u017ce pracy administracji publicznej, w","inLanguage":"pl-PL","isPartOf":{"@id":"https:\/\/tuplice.pl\/#website"},"breadcrumb":{"@id":"https:\/\/tuplice.pl\/index.php\/2021\/03\/31\/komunikat-rzadowego-zespolu-zarzadzania-kryzysowego-nt-organizacji-pracy-urzedow\/#breadcrumblist"},"author":{"@id":"https:\/\/tuplice.pl\/index.php\/author\/tuplice\/#author"},"creator":{"@id":"https:\/\/tuplice.pl\/index.php\/author\/tuplice\/#author"},"image":{"@type":"ImageObject","url":"https:\/\/tuplice.pl\/wp-content\/uploads\/2021\/03\/1460x616.jpg","@id":"https:\/\/tuplice.pl\/index.php\/2021\/03\/31\/komunikat-rzadowego-zespolu-zarzadzania-kryzysowego-nt-organizacji-pracy-urzedow\/#mainImage","width":1460,"height":616},"primaryImageOfPage":{"@id":"https:\/\/tuplice.pl\/index.php\/2021\/03\/31\/komunikat-rzadowego-zespolu-zarzadzania-kryzysowego-nt-organizacji-pracy-urzedow\/#mainImage"},"datePublished":"2021-03-31T12:11:55+02:00","dateModified":"2021-03-31T12:11:55+02:00"},{"@type":"WebSite","@id":"https:\/\/tuplice.pl\/#website","url":"https:\/\/tuplice.pl\/","name":"Gmina Tuplice","description":"Strona Gminy Tuplice","inLanguage":"pl-PL","publisher":{"@id":"https:\/\/tuplice.pl\/#organization"}}]},"og:locale":"pl_PL","og:site_name":"Gmina Tuplice - Strona Gminy Tuplice","og:type":"article","og:title":"Komunikat Rz\u0105dowego Zespo\u0142u Zarz\u0105dzania Kryzysowego nt. organizacji pracy urz\u0119d\u00f3w - Gmina Tuplice","og:description":"W ostatnim czasie obserwujemy znaczny wzrost zaka\u017ce\u0144 koronawirusem, kt\u00f3rego skutkiem jest coraz wi\u0119ksza liczba zaj\u0119tych \u0142\u00f3\u017cek oraz respirator\u00f3w w szpitalach, a tak\u017ce wzrost liczby zgon\u00f3w. Obecna sytuacja w Polsce wymaga zdecydowanych dzia\u0142a\u0144, dlatego od 27 marca obowi\u0105zuj\u0105 nowe zasady bezpiecze\u0144stwa. Ich celem jest ograniczenie do minimum kontakt\u00f3w spo\u0142ecznych. Dotyczy to tak\u017ce pracy administracji publicznej, w","og:url":"https:\/\/tuplice.pl\/index.php\/2021\/03\/31\/komunikat-rzadowego-zespolu-zarzadzania-kryzysowego-nt-organizacji-pracy-urzedow\/","article:published_time":"2021-03-31T10:11:55+00:00","article:modified_time":"2021-03-31T10:11:55+00:00","article:publisher":"https:\/\/facebook.com\/Tuplicki Biuletyn Informacyjny","twitter:card":"summary_large_image","twitter:title":"Komunikat Rz\u0105dowego Zespo\u0142u Zarz\u0105dzania Kryzysowego nt. organizacji pracy urz\u0119d\u00f3w - Gmina Tuplice","twitter:description":"W ostatnim czasie obserwujemy znaczny wzrost zaka\u017ce\u0144 koronawirusem, kt\u00f3rego skutkiem jest coraz wi\u0119ksza liczba zaj\u0119tych \u0142\u00f3\u017cek oraz respirator\u00f3w w szpitalach, a tak\u017ce wzrost liczby zgon\u00f3w. Obecna sytuacja w Polsce wymaga zdecydowanych dzia\u0142a\u0144, dlatego od 27 marca obowi\u0105zuj\u0105 nowe zasady bezpiecze\u0144stwa. Ich celem jest ograniczenie do minimum kontakt\u00f3w spo\u0142ecznych. Dotyczy to tak\u017ce pracy administracji publicznej, w"},"aioseo_meta_data":{"post_id":"4229","title":null,"description":null,"keywords":null,"keyphrases":null,"primary_term":null,"canonical_url":null,"og_title":null,"og_description":null,"og_object_type":"default","og_image_type":"default","og_image_url":null,"og_image_width":null,"og_image_height":null,"og_image_custom_url":null,"og_image_custom_fields":null,"og_video":null,"og_custom_url":null,"og_article_section":null,"og_article_tags":null,"twitter_use_og":false,"twitter_card":"default","twitter_image_type":"default","twitter_image_url":null,"twitter_image_custom_url":null,"twitter_image_custom_fields":null,"twitter_title":null,"twitter_description":null,"schema":{"blockGraphs":[],"customGraphs":[],"default":{"data":{"Article":[],"Course":[],"Dataset":[],"FAQPage":[],"Movie":[],"Person":[],"Product":[],"ProductReview":[],"Car":[],"Recipe":[],"Service":[],"SoftwareApplication":[],"WebPage":[]},"graphName":"","isEnabled":true},"graphs":[]},"schema_type":"default","schema_type_options":null,"pillar_content":false,"robots_default":true,"robots_noindex":false,"robots_noarchive":false,"robots_nosnippet":false,"robots_nofollow":false,"robots_noimageindex":false,"robots_noodp":false,"robots_notranslate":false,"robots_max_snippet":null,"robots_max_videopreview":null,"robots_max_imagepreview":"large","priority":null,"frequency":null,"local_seo":null,"breadcrumb_settings":null,"limit_modified_date":false,"ai":null,"created":"2025-07-22 23:40:40","updated":"2025-07-22 23:40:40","seo_analyzer_scan_date":null},"aioseo_breadcrumb":"<div class=\"aioseo-breadcrumbs\"><span class=\"aioseo-breadcrumb\">\n\t\t\t<a href=\"https:\/\/tuplice.pl\" title=\"Home\">Home<\/a>\n\t\t<\/span><span class=\"aioseo-breadcrumb-separator\">&raquo;<\/span><span class=\"aioseo-breadcrumb\">\n\t\t\t<a href=\"https:\/\/tuplice.pl\/index.php\/category\/aktualnosci\/\" title=\"Aktualno\u015bci\">Aktualno\u015bci<\/a>\n\t\t<\/span><span class=\"aioseo-breadcrumb-separator\">&raquo;<\/span><span class=\"aioseo-breadcrumb\">\n\t\t\tKomunikat Rz\u0105dowego Zespo\u0142u Zarz\u0105dzania Kryzysowego nt. organizacji pracy urz\u0119d\u00f3w\n\t\t<\/span><\/div>","aioseo_breadcrumb_json":[{"label":"Home","link":"https:\/\/tuplice.pl"},{"label":"Aktualno\u015bci","link":"https:\/\/tuplice.pl\/index.php\/category\/aktualnosci\/"},{"label":"Komunikat Rz\u0105dowego Zespo\u0142u Zarz\u0105dzania Kryzysowego nt. organizacji pracy urz\u0119d\u00f3w","link":"https:\/\/tuplice.pl\/index.php\/2021\/03\/31\/komunikat-rzadowego-zespolu-zarzadzania-kryzysowego-nt-organizacji-pracy-urzedow\/"}],"a3_pvc":{"activated":false,"total_views":0,"today_views":0},"_links":{"self":[{"href":"https:\/\/tuplice.pl\/index.php\/wp-json\/wp\/v2\/posts\/4229"}],"collection":[{"href":"https:\/\/tuplice.pl\/index.php\/wp-json\/wp\/v2\/posts"}],"about":[{"href":"https:\/\/tuplice.pl\/index.php\/wp-json\/wp\/v2\/types\/post"}],"author":[{"embeddable":true,"href":"https:\/\/tuplice.pl\/index.php\/wp-json\/wp\/v2\/users\/3"}],"replies":[{"embeddable":true,"href":"https:\/\/tuplice.pl\/index.php\/wp-json\/wp\/v2\/comments?post=4229"}],"version-history":[{"count":1,"href":"https:\/\/tuplice.pl\/index.php\/wp-json\/wp\/v2\/posts\/4229\/revisions"}],"predecessor-version":[{"id":4231,"href":"https:\/\/tuplice.pl\/index.php\/wp-json\/wp\/v2\/posts\/4229\/revisions\/4231"}],"wp:featuredmedia":[{"embeddable":true,"href":"https:\/\/tuplice.pl\/index.php\/wp-json\/wp\/v2\/media\/4230"}],"wp:attachment":[{"href":"https:\/\/tuplice.pl\/index.php\/wp-json\/wp\/v2\/media?parent=4229"}],"wp:term":[{"taxonomy":"category","embeddable":true,"href":"https:\/\/tuplice.pl\/index.php\/wp-json\/wp\/v2\/categories?post=4229"},{"taxonomy":"post_tag","embeddable":true,"href":"https:\/\/tuplice.pl\/index.php\/wp-json\/wp\/v2\/tags?post=4229"}],"curies":[{"name":"wp","href":"https:\/\/api.w.org\/{rel}","templated":true}]}}