{"id":4245,"date":"2021-04-06T12:50:09","date_gmt":"2021-04-06T10:50:09","guid":{"rendered":"http:\/\/tuplice.pl\/?p=4245"},"modified":"2021-04-06T12:50:09","modified_gmt":"2021-04-06T10:50:09","slug":"wysluchania-publiczne-w-sprawie-koncepcji-nowego-budzetu-ue-w-polsce-daj-sie-wysluchac","status":"publish","type":"post","link":"https:\/\/tuplice.pl\/index.php\/2021\/04\/06\/wysluchania-publiczne-w-sprawie-koncepcji-nowego-budzetu-ue-w-polsce-daj-sie-wysluchac\/","title":{"rendered":"Wys\u0142uchania publiczne w sprawie koncepcji nowego bud\u017cetu UE w Polsce! Daj si\u0119 wys\u0142ucha\u0107!"},"content":{"rendered":"<p>Ruszy\u0142y zapisy na seri\u0119 wys\u0142ucha\u0144 publicznych dot. <strong>projektu Umowy Partnerstwa i poszczeg\u00f3lnych program\u00f3w krajowych przewidzianych w ramach nowego bud\u017cetu UE na lata 2021-2027<\/strong>. Pierwsze takie wys\u0142uchanie odb\u0119dzie si\u0119 <strong>ju\u017c w \u015brod\u0119 7 kwietnia br. <\/strong><\/p>\n<p>Umowa Partnerstwa to docelowo uzgodniona z Komisj\u0105 Europejsk\u0105 strategia wykorzystania funduszy europejskich w Polsce na lata 2021-2027. Dokument okre\u015bla cele i spos\u00f3b inwestowania funduszy unijnych z polityki sp\u00f3jno\u015bci, na kt\u00f3r\u0105 w przysz\u0142ej perspektywie b\u0119dziemy mieli \u0142\u0105cznie oko\u0142o 76 miliard\u00f3w euro. Projekt Umowy Partnerstwa zosta\u0142 przed\u0142o\u017cony do publicznych konsultacji w po\u0142owie stycznia 2021 r. Do 22 lutego br. do Ministerstwa Funduszy i Polityki Regionalnej wp\u0142yn\u0119\u0142o poprzez formularz ponad 5 tys. uwag ze strony wielu \u015brodowisk &#8211; administracji, przedsi\u0119biorc\u00f3w, przedstawicieli organizacji pozarz\u0105dowych, jak r\u00f3wnie\u017c indywidualnych os\u00f3b.<br \/>\nWi\u0119cej na stronie:<br \/>\nhttps:\/\/www.funduszeeuropejskie.gov.pl\/strony\/o-funduszach\/fundusze-na-lata-2021-2027\/konsultacje-up\/o-funduszach\/<\/p>\n<p>Opr\u00f3cz projektu Umowy Partnerstwa wyznaczone s\u0105 ju\u017c te\u017c terminy dotycz\u0105ce dw\u00f3ch program\u00f3w krajowych:<\/p>\n<ul>\n<li>Fundusze Europejskie dla Polski Wschodniej, 16 kwietnia (pi\u0105tek)<\/li>\n<li>Fundusze Europejskie dla Nowoczesnej Gospodarki, 21 kwietnia (\u015broda)<\/li>\n<li>Program Pomoc Techniczna dla Funduszy Unii<\/li>\n<li>Program Fundusze Europejskie na Rozw\u00f3j Cyfrowy<\/li>\n<li>Program Fundusze Europejskie dla Rozwoju Spo\u0142ecznego<\/li>\n<li>Program Fundusze Europejskie na Infrastruktur\u0119, Klimat, \u015arodowisko<\/li>\n<li>Program Funduszu na rzecz Sprawiedliwej Transformacji<\/li>\n<li>Program Ryby<\/li>\n<li>Program Pomoc \u017bywno\u015bciowa<\/li>\n<\/ul>\n<p>Istota wys\u0142uchania polega na tym, \u017ce przedstawiciele rz\u0105du, kt\u00f3rzy odpowiadaj\u0105 ostatecznie za kszta\u0142t dokumentu, us\u0142ysz\u0105 opinie na temat dotychczasowej propozycji Umowy Partnerstwa.<br \/>\nPatronem tego przedsi\u0119wzi\u0119cia jest Podkomitet do spraw Rozwoju Partnerstwa &#8211; jedno z cia\u0142, w kt\u00f3rym zasiadaj\u0105 przedstawiciele zar\u00f3wno rz\u0105du, samorz\u0105du, partner\u00f3w spo\u0142ecznych i gospodarczych, a tak\u017ce przedstawiciele spo\u0142ecze\u0144stwa obywatelskiego. Organizacyjnie zadania podj\u0119\u0142y si\u0119 Og\u00f3lnopolska Federacja Organizacji Pozarz\u0105dowych (OFOP) i Fundacja Stocznia we wsp\u00f3\u0142pracy z Ministerstwem Funduszy i Polityki Regionalnej. Wydarzenie zorganizowane b\u0119dzie w formule on-line (z wykorzystaniem aplikacji ZOOM Webinar), kt\u00f3re uzupe\u0142ni inne formy konsultacji prowadzone dotychczas przez rz\u0105d. B\u0119dzie r\u00f3wnie\u017c mo\u017cliwo\u015b\u0107 ogl\u0105dania wys\u0142ucha\u0144 bezpo\u015brednio z wykorzystaniem kana\u0142\u00f3w YouTube i medi\u00f3w spo\u0142eczno\u015bciowych. Ca\u0142e spotkanie na bie\u017c\u0105co t\u0142umaczone jest na Polski J\u0119zyk Migowy.<\/p>\n<p>Poniewa\u017c zakres tematyczny i terytorialny interwencji w poszczeg\u00f3lnych celach polityki b\u0119dzie omawiany przy okazji kolejnych wys\u0142ucha\u0144 po\u015bwi\u0119conych programom krajowym realizuj\u0105cym Umow\u0119 Partnerstwa, to w czasie wys\u0142uchania dla Umowy Partnerstwa organizatorzy chcieliby us\u0142ysze\u0107 wypowiedzi na tematy horyzontalne, w szczeg\u00f3lno\u015bci:<\/p>\n<ul>\n<li>Zasady horyzontalne: r\u00f3wne szanse, partnerstwo, zr\u00f3wnowa\u017cony rozw\u00f3j\/zasada nieszkodzenia w nadmierny spos\u00f3b \u015brodowisku (ang. do not significant harm)<\/li>\n<li>Wymiar terytorialny planowanych interwencji \u2013 jak terytorialnie koncentrowa\u0107 dzia\u0142ania<\/li>\n<li>Jak uzyska\u0107 efekt synergii wydatkuj\u0105c \u015brodki unijne?<\/li>\n<li>Formy wsparcia finansowego &#8211; dotacje i instrumenty finansowe.<\/li>\n<\/ul>\n<p>Wys\u0142uchanie odwo\u0142uje si\u0119 do tzw. siedmiu zasad konsultacji publicznych, jakie zosta\u0142y wypracowane wsp\u00f3lnie przez \u015brodowiska rz\u0105dowe, obywatelskie i eksperckie w 2012 roku, takie jak: dobra wiara, powszechno\u015b\u0107, przejrzysto\u015b\u0107, responsywno\u015b\u0107, koordynacja, przewidywalno\u015b\u0107, poszanowanie interesu og\u00f3lnego. Wys\u0142uchanie jest otwarte na wszystkie sektory (w tym samorz\u0105d, partner\u00f3w spo\u0142ecznych i gospodarczych), ka\u017cd\u0105 instytucj\u0119 i osob\u0119 prywatn\u0105, kt\u00f3ra chce w nim uczestniczy\u0107, jako widz lub m\u00f3wca. Realizacja wys\u0142ucha\u0144 ze strony organizacji spo\u0142ecznych prowadzone jest w oparciu o ich w\u0142asne \u015brodki. W \u017cadnym wypadku nie jest prowadzona na zlecenie rz\u0105du, tylko we wsp\u00f3\u0142pracy z rz\u0105dem (a precyzyjniej z odpowiednim Ministerstwem, odpowiedzialnym za dany program). W oczywisty spos\u00f3b adresatem uwag jest bowiem w\u0142a\u015bnie rz\u0105d.<\/p>\n<p>Dok\u0142adne terminy i zasady udzia\u0142u w wys\u0142uchaniach dost\u0119pne s\u0105 na stronie: https:\/\/www.wysluchania-nowaperspektywa.pl\/<br \/>\nUwaga! Zg\u0142oszenia udzia\u0142u w wys\u0142uchaniach publicznych dotycz\u0105 zar\u00f3wno ch\u0119tnych do zabrania g\u0142osu (M\u00f3wc\u00f3w), jak i obserwator\u00f3w (Widz\u00f3w).<\/p>\n<p style=\"text-align: left;\">\nDaj si\u0119 wys\u0142ucha\u0107!<\/p>\n<p>&nbsp;<\/p>\n<p>&nbsp;<\/p>\n<p>&nbsp;<\/p>\n<p>&nbsp;<\/p>\n","protected":false},"excerpt":{"rendered":"<p>Ruszy\u0142y zapisy na seri\u0119 wys\u0142ucha\u0144 publicznych dot. projektu Umowy Partnerstwa i poszczeg\u00f3lnych program\u00f3w krajowych przewidzianych w ramach nowego bud\u017cetu UE na lata 2021-2027. Pierwsze takie wys\u0142uchanie odb\u0119dzie si\u0119 ju\u017c w \u015brod\u0119 7 kwietnia br. Umowa Partnerstwa to docelowo uzgodniona z Komisj\u0105 Europejsk\u0105 strategia wykorzystania funduszy europejskich w Polsce na lata 2021-2027. Dokument okre\u015bla cele i [&hellip;]<\/p>\n","protected":false},"author":3,"featured_media":4246,"comment_status":"closed","ping_status":"closed","sticky":false,"template":"","format":"standard","meta":{"_et_pb_use_builder":"","_et_pb_old_content":"","_et_gb_content_width":"","_monsterinsights_skip_tracking":false},"categories":[82],"tags":[],"aioseo_notices":[],"aioseo_head":"\n\t\t<!-- All in One SEO 4.9.10 - aioseo.com -->\n\t<meta name=\"description\" content=\"Ruszy\u0142y zapisy na seri\u0119 wys\u0142ucha\u0144 publicznych dot. projektu Umowy Partnerstwa i poszczeg\u00f3lnych program\u00f3w krajowych przewidzianych w ramach nowego bud\u017cetu UE na lata 2021-2027. Pierwsze takie wys\u0142uchanie odb\u0119dzie si\u0119 ju\u017c w \u015brod\u0119 7 kwietnia br. Umowa Partnerstwa to docelowo uzgodniona z Komisj\u0105 Europejsk\u0105 strategia wykorzystania funduszy europejskich w Polsce na lata 2021-2027. Dokument okre\u015bla cele i\" \/>\n\t<meta name=\"robots\" content=\"max-image-preview:large\" \/>\n\t<meta name=\"author\" content=\"Jacek Konieczy\u0144ski\"\/>\n\t<link rel=\"canonical\" href=\"https:\/\/tuplice.pl\/index.php\/2021\/04\/06\/wysluchania-publiczne-w-sprawie-koncepcji-nowego-budzetu-ue-w-polsce-daj-sie-wysluchac\/\" \/>\n\t<meta name=\"generator\" content=\"All in One SEO (AIOSEO) 4.9.10\" \/>\n\t\t<meta property=\"og:locale\" content=\"pl_PL\" \/>\n\t\t<meta property=\"og:site_name\" content=\"Gmina Tuplice - Strona Gminy Tuplice\" \/>\n\t\t<meta property=\"og:type\" content=\"article\" \/>\n\t\t<meta property=\"og:title\" content=\"Wys\u0142uchania publiczne w sprawie koncepcji nowego bud\u017cetu UE w Polsce! Daj si\u0119 wys\u0142ucha\u0107! - Gmina Tuplice\" \/>\n\t\t<meta property=\"og:description\" content=\"Ruszy\u0142y zapisy na seri\u0119 wys\u0142ucha\u0144 publicznych dot. projektu Umowy Partnerstwa i poszczeg\u00f3lnych program\u00f3w krajowych przewidzianych w ramach nowego bud\u017cetu UE na lata 2021-2027. Pierwsze takie wys\u0142uchanie odb\u0119dzie si\u0119 ju\u017c w \u015brod\u0119 7 kwietnia br. Umowa Partnerstwa to docelowo uzgodniona z Komisj\u0105 Europejsk\u0105 strategia wykorzystania funduszy europejskich w Polsce na lata 2021-2027. Dokument okre\u015bla cele i\" \/>\n\t\t<meta property=\"og:url\" content=\"https:\/\/tuplice.pl\/index.php\/2021\/04\/06\/wysluchania-publiczne-w-sprawie-koncepcji-nowego-budzetu-ue-w-polsce-daj-sie-wysluchac\/\" \/>\n\t\t<meta property=\"article:published_time\" content=\"2021-04-06T10:50:09+00:00\" \/>\n\t\t<meta property=\"article:modified_time\" content=\"2021-04-06T10:50:09+00:00\" \/>\n\t\t<meta property=\"article:publisher\" content=\"https:\/\/facebook.com\/Tuplicki Biuletyn Informacyjny\" \/>\n\t\t<meta name=\"twitter:card\" content=\"summary_large_image\" \/>\n\t\t<meta name=\"twitter:title\" content=\"Wys\u0142uchania publiczne w sprawie koncepcji nowego bud\u017cetu UE w Polsce! Daj si\u0119 wys\u0142ucha\u0107! - Gmina Tuplice\" \/>\n\t\t<meta name=\"twitter:description\" content=\"Ruszy\u0142y zapisy na seri\u0119 wys\u0142ucha\u0144 publicznych dot. projektu Umowy Partnerstwa i poszczeg\u00f3lnych program\u00f3w krajowych przewidzianych w ramach nowego bud\u017cetu UE na lata 2021-2027. Pierwsze takie wys\u0142uchanie odb\u0119dzie si\u0119 ju\u017c w \u015brod\u0119 7 kwietnia br. Umowa Partnerstwa to docelowo uzgodniona z Komisj\u0105 Europejsk\u0105 strategia wykorzystania funduszy europejskich w Polsce na lata 2021-2027. Dokument okre\u015bla cele i\" \/>\n\t\t<script type=\"application\/ld+json\" class=\"aioseo-schema\">\n\t\t\t{\"@context\":\"https:\\\/\\\/schema.org\",\"@graph\":[{\"@type\":\"BlogPosting\",\"@id\":\"https:\\\/\\\/tuplice.pl\\\/index.php\\\/2021\\\/04\\\/06\\\/wysluchania-publiczne-w-sprawie-koncepcji-nowego-budzetu-ue-w-polsce-daj-sie-wysluchac\\\/#blogposting\",\"name\":\"Wys\\u0142uchania publiczne w sprawie koncepcji nowego bud\\u017cetu UE w Polsce! Daj si\\u0119 wys\\u0142ucha\\u0107! - Gmina Tuplice\",\"headline\":\"Wys\\u0142uchania publiczne w sprawie koncepcji nowego bud\\u017cetu UE w Polsce! Daj si\\u0119 wys\\u0142ucha\\u0107!\",\"author\":{\"@id\":\"https:\\\/\\\/tuplice.pl\\\/index.php\\\/author\\\/tuplice\\\/#author\"},\"publisher\":{\"@id\":\"https:\\\/\\\/tuplice.pl\\\/#organization\"},\"image\":{\"@type\":\"ImageObject\",\"url\":\"https:\\\/\\\/tuplice.pl\\\/wp-content\\\/uploads\\\/2021\\\/04\\\/mikrofon.png\",\"width\":1080,\"height\":715},\"datePublished\":\"2021-04-06T12:50:09+02:00\",\"dateModified\":\"2021-04-06T12:50:09+02:00\",\"inLanguage\":\"pl-PL\",\"mainEntityOfPage\":{\"@id\":\"https:\\\/\\\/tuplice.pl\\\/index.php\\\/2021\\\/04\\\/06\\\/wysluchania-publiczne-w-sprawie-koncepcji-nowego-budzetu-ue-w-polsce-daj-sie-wysluchac\\\/#webpage\"},\"isPartOf\":{\"@id\":\"https:\\\/\\\/tuplice.pl\\\/index.php\\\/2021\\\/04\\\/06\\\/wysluchania-publiczne-w-sprawie-koncepcji-nowego-budzetu-ue-w-polsce-daj-sie-wysluchac\\\/#webpage\"},\"articleSection\":\"Aktualno\\u015bci\"},{\"@type\":\"BreadcrumbList\",\"@id\":\"https:\\\/\\\/tuplice.pl\\\/index.php\\\/2021\\\/04\\\/06\\\/wysluchania-publiczne-w-sprawie-koncepcji-nowego-budzetu-ue-w-polsce-daj-sie-wysluchac\\\/#breadcrumblist\",\"itemListElement\":[{\"@type\":\"ListItem\",\"@id\":\"https:\\\/\\\/tuplice.pl#listItem\",\"position\":1,\"name\":\"Home\",\"item\":\"https:\\\/\\\/tuplice.pl\",\"nextItem\":{\"@type\":\"ListItem\",\"@id\":\"https:\\\/\\\/tuplice.pl\\\/index.php\\\/category\\\/aktualnosci\\\/#listItem\",\"name\":\"Aktualno\\u015bci\"}},{\"@type\":\"ListItem\",\"@id\":\"https:\\\/\\\/tuplice.pl\\\/index.php\\\/category\\\/aktualnosci\\\/#listItem\",\"position\":2,\"name\":\"Aktualno\\u015bci\",\"item\":\"https:\\\/\\\/tuplice.pl\\\/index.php\\\/category\\\/aktualnosci\\\/\",\"nextItem\":{\"@type\":\"ListItem\",\"@id\":\"https:\\\/\\\/tuplice.pl\\\/index.php\\\/2021\\\/04\\\/06\\\/wysluchania-publiczne-w-sprawie-koncepcji-nowego-budzetu-ue-w-polsce-daj-sie-wysluchac\\\/#listItem\",\"name\":\"Wys\\u0142uchania publiczne w sprawie koncepcji nowego bud\\u017cetu UE w Polsce! Daj si\\u0119 wys\\u0142ucha\\u0107!\"},\"previousItem\":{\"@type\":\"ListItem\",\"@id\":\"https:\\\/\\\/tuplice.pl#listItem\",\"name\":\"Home\"}},{\"@type\":\"ListItem\",\"@id\":\"https:\\\/\\\/tuplice.pl\\\/index.php\\\/2021\\\/04\\\/06\\\/wysluchania-publiczne-w-sprawie-koncepcji-nowego-budzetu-ue-w-polsce-daj-sie-wysluchac\\\/#listItem\",\"position\":3,\"name\":\"Wys\\u0142uchania publiczne w sprawie koncepcji nowego bud\\u017cetu UE w Polsce! Daj si\\u0119 wys\\u0142ucha\\u0107!\",\"previousItem\":{\"@type\":\"ListItem\",\"@id\":\"https:\\\/\\\/tuplice.pl\\\/index.php\\\/category\\\/aktualnosci\\\/#listItem\",\"name\":\"Aktualno\\u015bci\"}}]},{\"@type\":\"Organization\",\"@id\":\"https:\\\/\\\/tuplice.pl\\\/#organization\",\"name\":\"Gmina Tuplice Gmina Tuplice\",\"description\":\"Strona Gminy Tuplice Strona Urz\\u0119du Gminy Tuplice\",\"url\":\"https:\\\/\\\/tuplice.pl\\\/\",\"telephone\":\"+48683625720\",\"logo\":{\"@type\":\"ImageObject\",\"url\":\"https:\\\/\\\/tuplice.pl\\\/wp-content\\\/uploads\\\/2025\\\/07\\\/images.png\",\"@id\":\"https:\\\/\\\/tuplice.pl\\\/index.php\\\/2021\\\/04\\\/06\\\/wysluchania-publiczne-w-sprawie-koncepcji-nowego-budzetu-ue-w-polsce-daj-sie-wysluchac\\\/#organizationLogo\",\"width\":282,\"height\":179},\"image\":{\"@id\":\"https:\\\/\\\/tuplice.pl\\\/index.php\\\/2021\\\/04\\\/06\\\/wysluchania-publiczne-w-sprawie-koncepcji-nowego-budzetu-ue-w-polsce-daj-sie-wysluchac\\\/#organizationLogo\"},\"sameAs\":[\"https:\\\/\\\/facebook.com\\\/Tuplicki Biuletyn Informacyjny\",\"https:\\\/\\\/pinterest.com\\\/Tuplicki Biuletyn Informacyjny\",\"https:\\\/\\\/youtube.com\\\/Tuplicki Biuletyn Informacyjny\"]},{\"@type\":\"Person\",\"@id\":\"https:\\\/\\\/tuplice.pl\\\/index.php\\\/author\\\/tuplice\\\/#author\",\"url\":\"https:\\\/\\\/tuplice.pl\\\/index.php\\\/author\\\/tuplice\\\/\",\"name\":\"Jacek Konieczy\\u0144ski\",\"image\":{\"@type\":\"ImageObject\",\"@id\":\"https:\\\/\\\/tuplice.pl\\\/index.php\\\/2021\\\/04\\\/06\\\/wysluchania-publiczne-w-sprawie-koncepcji-nowego-budzetu-ue-w-polsce-daj-sie-wysluchac\\\/#authorImage\",\"url\":\"https:\\\/\\\/secure.gravatar.com\\\/avatar\\\/8aa224da0ce3c7d7e2a92a582397a6f3?s=96&d=mm&r=g\",\"width\":96,\"height\":96,\"caption\":\"Jacek Konieczy\\u0144ski\"}},{\"@type\":\"WebPage\",\"@id\":\"https:\\\/\\\/tuplice.pl\\\/index.php\\\/2021\\\/04\\\/06\\\/wysluchania-publiczne-w-sprawie-koncepcji-nowego-budzetu-ue-w-polsce-daj-sie-wysluchac\\\/#webpage\",\"url\":\"https:\\\/\\\/tuplice.pl\\\/index.php\\\/2021\\\/04\\\/06\\\/wysluchania-publiczne-w-sprawie-koncepcji-nowego-budzetu-ue-w-polsce-daj-sie-wysluchac\\\/\",\"name\":\"Wys\\u0142uchania publiczne w sprawie koncepcji nowego bud\\u017cetu UE w Polsce! Daj si\\u0119 wys\\u0142ucha\\u0107! - Gmina Tuplice\",\"description\":\"Ruszy\\u0142y zapisy na seri\\u0119 wys\\u0142ucha\\u0144 publicznych dot. projektu Umowy Partnerstwa i poszczeg\\u00f3lnych program\\u00f3w krajowych przewidzianych w ramach nowego bud\\u017cetu UE na lata 2021-2027. Pierwsze takie wys\\u0142uchanie odb\\u0119dzie si\\u0119 ju\\u017c w \\u015brod\\u0119 7 kwietnia br. Umowa Partnerstwa to docelowo uzgodniona z Komisj\\u0105 Europejsk\\u0105 strategia wykorzystania funduszy europejskich w Polsce na lata 2021-2027. Dokument okre\\u015bla cele i\",\"inLanguage\":\"pl-PL\",\"isPartOf\":{\"@id\":\"https:\\\/\\\/tuplice.pl\\\/#website\"},\"breadcrumb\":{\"@id\":\"https:\\\/\\\/tuplice.pl\\\/index.php\\\/2021\\\/04\\\/06\\\/wysluchania-publiczne-w-sprawie-koncepcji-nowego-budzetu-ue-w-polsce-daj-sie-wysluchac\\\/#breadcrumblist\"},\"author\":{\"@id\":\"https:\\\/\\\/tuplice.pl\\\/index.php\\\/author\\\/tuplice\\\/#author\"},\"creator\":{\"@id\":\"https:\\\/\\\/tuplice.pl\\\/index.php\\\/author\\\/tuplice\\\/#author\"},\"image\":{\"@type\":\"ImageObject\",\"url\":\"https:\\\/\\\/tuplice.pl\\\/wp-content\\\/uploads\\\/2021\\\/04\\\/mikrofon.png\",\"@id\":\"https:\\\/\\\/tuplice.pl\\\/index.php\\\/2021\\\/04\\\/06\\\/wysluchania-publiczne-w-sprawie-koncepcji-nowego-budzetu-ue-w-polsce-daj-sie-wysluchac\\\/#mainImage\",\"width\":1080,\"height\":715},\"primaryImageOfPage\":{\"@id\":\"https:\\\/\\\/tuplice.pl\\\/index.php\\\/2021\\\/04\\\/06\\\/wysluchania-publiczne-w-sprawie-koncepcji-nowego-budzetu-ue-w-polsce-daj-sie-wysluchac\\\/#mainImage\"},\"datePublished\":\"2021-04-06T12:50:09+02:00\",\"dateModified\":\"2021-04-06T12:50:09+02:00\"},{\"@type\":\"WebSite\",\"@id\":\"https:\\\/\\\/tuplice.pl\\\/#website\",\"url\":\"https:\\\/\\\/tuplice.pl\\\/\",\"name\":\"Gmina Tuplice\",\"description\":\"Strona Gminy Tuplice\",\"inLanguage\":\"pl-PL\",\"publisher\":{\"@id\":\"https:\\\/\\\/tuplice.pl\\\/#organization\"}}]}\n\t\t<\/script>\n\t\t<!-- All in One SEO -->\n\n","aioseo_head_json":{"title":"Wys\u0142uchania publiczne w sprawie koncepcji nowego bud\u017cetu UE w Polsce! Daj si\u0119 wys\u0142ucha\u0107! - Gmina Tuplice","description":"Ruszy\u0142y zapisy na seri\u0119 wys\u0142ucha\u0144 publicznych dot. projektu Umowy Partnerstwa i poszczeg\u00f3lnych program\u00f3w krajowych przewidzianych w ramach nowego bud\u017cetu UE na lata 2021-2027. Pierwsze takie wys\u0142uchanie odb\u0119dzie si\u0119 ju\u017c w \u015brod\u0119 7 kwietnia br. Umowa Partnerstwa to docelowo uzgodniona z Komisj\u0105 Europejsk\u0105 strategia wykorzystania funduszy europejskich w Polsce na lata 2021-2027. Dokument okre\u015bla cele i","canonical_url":"https:\/\/tuplice.pl\/index.php\/2021\/04\/06\/wysluchania-publiczne-w-sprawie-koncepcji-nowego-budzetu-ue-w-polsce-daj-sie-wysluchac\/","robots":"max-image-preview:large","keywords":"","webmasterTools":{"miscellaneous":""},"schema":{"@context":"https:\/\/schema.org","@graph":[{"@type":"BlogPosting","@id":"https:\/\/tuplice.pl\/index.php\/2021\/04\/06\/wysluchania-publiczne-w-sprawie-koncepcji-nowego-budzetu-ue-w-polsce-daj-sie-wysluchac\/#blogposting","name":"Wys\u0142uchania publiczne w sprawie koncepcji nowego bud\u017cetu UE w Polsce! Daj si\u0119 wys\u0142ucha\u0107! - Gmina Tuplice","headline":"Wys\u0142uchania publiczne w sprawie koncepcji nowego bud\u017cetu UE w Polsce! Daj si\u0119 wys\u0142ucha\u0107!","author":{"@id":"https:\/\/tuplice.pl\/index.php\/author\/tuplice\/#author"},"publisher":{"@id":"https:\/\/tuplice.pl\/#organization"},"image":{"@type":"ImageObject","url":"https:\/\/tuplice.pl\/wp-content\/uploads\/2021\/04\/mikrofon.png","width":1080,"height":715},"datePublished":"2021-04-06T12:50:09+02:00","dateModified":"2021-04-06T12:50:09+02:00","inLanguage":"pl-PL","mainEntityOfPage":{"@id":"https:\/\/tuplice.pl\/index.php\/2021\/04\/06\/wysluchania-publiczne-w-sprawie-koncepcji-nowego-budzetu-ue-w-polsce-daj-sie-wysluchac\/#webpage"},"isPartOf":{"@id":"https:\/\/tuplice.pl\/index.php\/2021\/04\/06\/wysluchania-publiczne-w-sprawie-koncepcji-nowego-budzetu-ue-w-polsce-daj-sie-wysluchac\/#webpage"},"articleSection":"Aktualno\u015bci"},{"@type":"BreadcrumbList","@id":"https:\/\/tuplice.pl\/index.php\/2021\/04\/06\/wysluchania-publiczne-w-sprawie-koncepcji-nowego-budzetu-ue-w-polsce-daj-sie-wysluchac\/#breadcrumblist","itemListElement":[{"@type":"ListItem","@id":"https:\/\/tuplice.pl#listItem","position":1,"name":"Home","item":"https:\/\/tuplice.pl","nextItem":{"@type":"ListItem","@id":"https:\/\/tuplice.pl\/index.php\/category\/aktualnosci\/#listItem","name":"Aktualno\u015bci"}},{"@type":"ListItem","@id":"https:\/\/tuplice.pl\/index.php\/category\/aktualnosci\/#listItem","position":2,"name":"Aktualno\u015bci","item":"https:\/\/tuplice.pl\/index.php\/category\/aktualnosci\/","nextItem":{"@type":"ListItem","@id":"https:\/\/tuplice.pl\/index.php\/2021\/04\/06\/wysluchania-publiczne-w-sprawie-koncepcji-nowego-budzetu-ue-w-polsce-daj-sie-wysluchac\/#listItem","name":"Wys\u0142uchania publiczne w sprawie koncepcji nowego bud\u017cetu UE w Polsce! Daj si\u0119 wys\u0142ucha\u0107!"},"previousItem":{"@type":"ListItem","@id":"https:\/\/tuplice.pl#listItem","name":"Home"}},{"@type":"ListItem","@id":"https:\/\/tuplice.pl\/index.php\/2021\/04\/06\/wysluchania-publiczne-w-sprawie-koncepcji-nowego-budzetu-ue-w-polsce-daj-sie-wysluchac\/#listItem","position":3,"name":"Wys\u0142uchania publiczne w sprawie koncepcji nowego bud\u017cetu UE w Polsce! Daj si\u0119 wys\u0142ucha\u0107!","previousItem":{"@type":"ListItem","@id":"https:\/\/tuplice.pl\/index.php\/category\/aktualnosci\/#listItem","name":"Aktualno\u015bci"}}]},{"@type":"Organization","@id":"https:\/\/tuplice.pl\/#organization","name":"Gmina Tuplice Gmina Tuplice","description":"Strona Gminy Tuplice Strona Urz\u0119du Gminy Tuplice","url":"https:\/\/tuplice.pl\/","telephone":"+48683625720","logo":{"@type":"ImageObject","url":"https:\/\/tuplice.pl\/wp-content\/uploads\/2025\/07\/images.png","@id":"https:\/\/tuplice.pl\/index.php\/2021\/04\/06\/wysluchania-publiczne-w-sprawie-koncepcji-nowego-budzetu-ue-w-polsce-daj-sie-wysluchac\/#organizationLogo","width":282,"height":179},"image":{"@id":"https:\/\/tuplice.pl\/index.php\/2021\/04\/06\/wysluchania-publiczne-w-sprawie-koncepcji-nowego-budzetu-ue-w-polsce-daj-sie-wysluchac\/#organizationLogo"},"sameAs":["https:\/\/facebook.com\/Tuplicki Biuletyn Informacyjny","https:\/\/pinterest.com\/Tuplicki Biuletyn Informacyjny","https:\/\/youtube.com\/Tuplicki Biuletyn Informacyjny"]},{"@type":"Person","@id":"https:\/\/tuplice.pl\/index.php\/author\/tuplice\/#author","url":"https:\/\/tuplice.pl\/index.php\/author\/tuplice\/","name":"Jacek Konieczy\u0144ski","image":{"@type":"ImageObject","@id":"https:\/\/tuplice.pl\/index.php\/2021\/04\/06\/wysluchania-publiczne-w-sprawie-koncepcji-nowego-budzetu-ue-w-polsce-daj-sie-wysluchac\/#authorImage","url":"https:\/\/secure.gravatar.com\/avatar\/8aa224da0ce3c7d7e2a92a582397a6f3?s=96&d=mm&r=g","width":96,"height":96,"caption":"Jacek Konieczy\u0144ski"}},{"@type":"WebPage","@id":"https:\/\/tuplice.pl\/index.php\/2021\/04\/06\/wysluchania-publiczne-w-sprawie-koncepcji-nowego-budzetu-ue-w-polsce-daj-sie-wysluchac\/#webpage","url":"https:\/\/tuplice.pl\/index.php\/2021\/04\/06\/wysluchania-publiczne-w-sprawie-koncepcji-nowego-budzetu-ue-w-polsce-daj-sie-wysluchac\/","name":"Wys\u0142uchania publiczne w sprawie koncepcji nowego bud\u017cetu UE w Polsce! Daj si\u0119 wys\u0142ucha\u0107! - Gmina Tuplice","description":"Ruszy\u0142y zapisy na seri\u0119 wys\u0142ucha\u0144 publicznych dot. projektu Umowy Partnerstwa i poszczeg\u00f3lnych program\u00f3w krajowych przewidzianych w ramach nowego bud\u017cetu UE na lata 2021-2027. Pierwsze takie wys\u0142uchanie odb\u0119dzie si\u0119 ju\u017c w \u015brod\u0119 7 kwietnia br. Umowa Partnerstwa to docelowo uzgodniona z Komisj\u0105 Europejsk\u0105 strategia wykorzystania funduszy europejskich w Polsce na lata 2021-2027. Dokument okre\u015bla cele i","inLanguage":"pl-PL","isPartOf":{"@id":"https:\/\/tuplice.pl\/#website"},"breadcrumb":{"@id":"https:\/\/tuplice.pl\/index.php\/2021\/04\/06\/wysluchania-publiczne-w-sprawie-koncepcji-nowego-budzetu-ue-w-polsce-daj-sie-wysluchac\/#breadcrumblist"},"author":{"@id":"https:\/\/tuplice.pl\/index.php\/author\/tuplice\/#author"},"creator":{"@id":"https:\/\/tuplice.pl\/index.php\/author\/tuplice\/#author"},"image":{"@type":"ImageObject","url":"https:\/\/tuplice.pl\/wp-content\/uploads\/2021\/04\/mikrofon.png","@id":"https:\/\/tuplice.pl\/index.php\/2021\/04\/06\/wysluchania-publiczne-w-sprawie-koncepcji-nowego-budzetu-ue-w-polsce-daj-sie-wysluchac\/#mainImage","width":1080,"height":715},"primaryImageOfPage":{"@id":"https:\/\/tuplice.pl\/index.php\/2021\/04\/06\/wysluchania-publiczne-w-sprawie-koncepcji-nowego-budzetu-ue-w-polsce-daj-sie-wysluchac\/#mainImage"},"datePublished":"2021-04-06T12:50:09+02:00","dateModified":"2021-04-06T12:50:09+02:00"},{"@type":"WebSite","@id":"https:\/\/tuplice.pl\/#website","url":"https:\/\/tuplice.pl\/","name":"Gmina Tuplice","description":"Strona Gminy Tuplice","inLanguage":"pl-PL","publisher":{"@id":"https:\/\/tuplice.pl\/#organization"}}]},"og:locale":"pl_PL","og:site_name":"Gmina Tuplice - Strona Gminy Tuplice","og:type":"article","og:title":"Wys\u0142uchania publiczne w sprawie koncepcji nowego bud\u017cetu UE w Polsce! Daj si\u0119 wys\u0142ucha\u0107! - Gmina Tuplice","og:description":"Ruszy\u0142y zapisy na seri\u0119 wys\u0142ucha\u0144 publicznych dot. projektu Umowy Partnerstwa i poszczeg\u00f3lnych program\u00f3w krajowych przewidzianych w ramach nowego bud\u017cetu UE na lata 2021-2027. Pierwsze takie wys\u0142uchanie odb\u0119dzie si\u0119 ju\u017c w \u015brod\u0119 7 kwietnia br. Umowa Partnerstwa to docelowo uzgodniona z Komisj\u0105 Europejsk\u0105 strategia wykorzystania funduszy europejskich w Polsce na lata 2021-2027. Dokument okre\u015bla cele i","og:url":"https:\/\/tuplice.pl\/index.php\/2021\/04\/06\/wysluchania-publiczne-w-sprawie-koncepcji-nowego-budzetu-ue-w-polsce-daj-sie-wysluchac\/","article:published_time":"2021-04-06T10:50:09+00:00","article:modified_time":"2021-04-06T10:50:09+00:00","article:publisher":"https:\/\/facebook.com\/Tuplicki Biuletyn Informacyjny","twitter:card":"summary_large_image","twitter:title":"Wys\u0142uchania publiczne w sprawie koncepcji nowego bud\u017cetu UE w Polsce! Daj si\u0119 wys\u0142ucha\u0107! - Gmina Tuplice","twitter:description":"Ruszy\u0142y zapisy na seri\u0119 wys\u0142ucha\u0144 publicznych dot. projektu Umowy Partnerstwa i poszczeg\u00f3lnych program\u00f3w krajowych przewidzianych w ramach nowego bud\u017cetu UE na lata 2021-2027. Pierwsze takie wys\u0142uchanie odb\u0119dzie si\u0119 ju\u017c w \u015brod\u0119 7 kwietnia br. Umowa Partnerstwa to docelowo uzgodniona z Komisj\u0105 Europejsk\u0105 strategia wykorzystania funduszy europejskich w Polsce na lata 2021-2027. Dokument okre\u015bla cele i"},"aioseo_meta_data":{"post_id":"4245","title":null,"description":null,"keywords":null,"keyphrases":null,"primary_term":null,"canonical_url":null,"og_title":null,"og_description":null,"og_object_type":"default","og_image_type":"default","og_image_url":null,"og_image_width":null,"og_image_height":null,"og_image_custom_url":null,"og_image_custom_fields":null,"og_video":null,"og_custom_url":null,"og_article_section":null,"og_article_tags":null,"twitter_use_og":false,"twitter_card":"default","twitter_image_type":"default","twitter_image_url":null,"twitter_image_custom_url":null,"twitter_image_custom_fields":null,"twitter_title":null,"twitter_description":null,"schema":{"blockGraphs":[],"customGraphs":[],"default":{"data":{"Article":[],"Course":[],"Dataset":[],"FAQPage":[],"Movie":[],"Person":[],"Product":[],"ProductReview":[],"Car":[],"Recipe":[],"Service":[],"SoftwareApplication":[],"WebPage":[]},"graphName":"","isEnabled":true},"graphs":[]},"schema_type":"default","schema_type_options":null,"pillar_content":false,"robots_default":true,"robots_noindex":false,"robots_noarchive":false,"robots_nosnippet":false,"robots_nofollow":false,"robots_noimageindex":false,"robots_noodp":false,"robots_notranslate":false,"robots_max_snippet":null,"robots_max_videopreview":null,"robots_max_imagepreview":"large","priority":null,"frequency":null,"local_seo":null,"breadcrumb_settings":null,"limit_modified_date":false,"ai":null,"created":"2025-07-22 23:41:31","updated":"2025-07-22 23:41:31","seo_analyzer_scan_date":null},"aioseo_breadcrumb":"<div class=\"aioseo-breadcrumbs\"><span class=\"aioseo-breadcrumb\">\n\t\t\t<a href=\"https:\/\/tuplice.pl\" title=\"Home\">Home<\/a>\n\t\t<\/span><span class=\"aioseo-breadcrumb-separator\">&raquo;<\/span><span class=\"aioseo-breadcrumb\">\n\t\t\t<a href=\"https:\/\/tuplice.pl\/index.php\/category\/aktualnosci\/\" title=\"Aktualno\u015bci\">Aktualno\u015bci<\/a>\n\t\t<\/span><span class=\"aioseo-breadcrumb-separator\">&raquo;<\/span><span class=\"aioseo-breadcrumb\">\n\t\t\tWys\u0142uchania publiczne w sprawie koncepcji nowego bud\u017cetu UE w Polsce! Daj si\u0119 wys\u0142ucha\u0107!\n\t\t<\/span><\/div>","aioseo_breadcrumb_json":[{"label":"Home","link":"https:\/\/tuplice.pl"},{"label":"Aktualno\u015bci","link":"https:\/\/tuplice.pl\/index.php\/category\/aktualnosci\/"},{"label":"Wys\u0142uchania publiczne w sprawie koncepcji nowego bud\u017cetu UE w Polsce! Daj si\u0119 wys\u0142ucha\u0107!","link":"https:\/\/tuplice.pl\/index.php\/2021\/04\/06\/wysluchania-publiczne-w-sprawie-koncepcji-nowego-budzetu-ue-w-polsce-daj-sie-wysluchac\/"}],"a3_pvc":{"activated":false,"total_views":0,"today_views":0},"_links":{"self":[{"href":"https:\/\/tuplice.pl\/index.php\/wp-json\/wp\/v2\/posts\/4245"}],"collection":[{"href":"https:\/\/tuplice.pl\/index.php\/wp-json\/wp\/v2\/posts"}],"about":[{"href":"https:\/\/tuplice.pl\/index.php\/wp-json\/wp\/v2\/types\/post"}],"author":[{"embeddable":true,"href":"https:\/\/tuplice.pl\/index.php\/wp-json\/wp\/v2\/users\/3"}],"replies":[{"embeddable":true,"href":"https:\/\/tuplice.pl\/index.php\/wp-json\/wp\/v2\/comments?post=4245"}],"version-history":[{"count":1,"href":"https:\/\/tuplice.pl\/index.php\/wp-json\/wp\/v2\/posts\/4245\/revisions"}],"predecessor-version":[{"id":4247,"href":"https:\/\/tuplice.pl\/index.php\/wp-json\/wp\/v2\/posts\/4245\/revisions\/4247"}],"wp:featuredmedia":[{"embeddable":true,"href":"https:\/\/tuplice.pl\/index.php\/wp-json\/wp\/v2\/media\/4246"}],"wp:attachment":[{"href":"https:\/\/tuplice.pl\/index.php\/wp-json\/wp\/v2\/media?parent=4245"}],"wp:term":[{"taxonomy":"category","embeddable":true,"href":"https:\/\/tuplice.pl\/index.php\/wp-json\/wp\/v2\/categories?post=4245"},{"taxonomy":"post_tag","embeddable":true,"href":"https:\/\/tuplice.pl\/index.php\/wp-json\/wp\/v2\/tags?post=4245"}],"curies":[{"name":"wp","href":"https:\/\/api.w.org\/{rel}","templated":true}]}}