{"id":4292,"date":"2021-05-27T14:47:06","date_gmt":"2021-05-27T12:47:06","guid":{"rendered":"http:\/\/tuplice.pl\/?p=4292"},"modified":"2021-05-27T14:47:06","modified_gmt":"2021-05-27T12:47:06","slug":"szczepienia-przeciwko-covid-19-2","status":"publish","type":"post","link":"https:\/\/tuplice.pl\/index.php\/2021\/05\/27\/szczepienia-przeciwko-covid-19-2\/","title":{"rendered":"SZCZEPIENIA PRZECIWKO COVID-19"},"content":{"rendered":"<h5 style=\"text-align: center;\"><strong>Urz\u0105d Gminy w Tuplicach <\/strong>przypomina, \u017ce w zwi\u0105zku z realizacj\u0105 Narodowego Programu Szczepie\u0144 Ochronnych przeciwko wirusowi SARS-CoV-2 mieszka\u0144cy Gminy Tuplice maj\u0105cy problem z dotarciem na szczepienia mog\u0105 skorzysta\u0107 z bezp\u0142atnego transportu.<\/h5>\n<h5><strong>\u00a0<\/strong><\/h5>\n<h5 style=\"text-align: center;\"><strong>Osoby uprawnione do transportu do punkt\u00f3w szczepie\u0144:<\/strong><\/h5>\n<ul>\n<li>\n<h5>osoby niepe\u0142nosprawne tj. posiadaj\u0105ce aktualne orzeczenie o niepe\u0142nosprawno\u015bci w stopniu znacznym o kodzie R lub N lub odpowiednio I grup\u0119 ze schorzeniami neurologicznymi lub narz\u0105du ruchu;<\/h5>\n<\/li>\n<li>\n<h5>osoby maj\u0105ce obiektywne i niemo\u017cliwe do przezwyci\u0119\u017cenia we w\u0142asnym zakresie trudno\u015bci w samodzielnym dotarciu z miejsca zamieszkania do najbli\u017cszego punktu szczepie\u0144.<\/h5>\n<\/li>\n<\/ul>\n<h5><\/h5>\n<h5><strong><u>Procedury zapis\u00f3w na transport<\/u><\/strong><\/h5>\n<h5><strong>Osoby, kt\u00f3re zarejestrowa\u0142y si\u0119 na szczepienie i chc\u0105 skorzysta\u0107 z transportu organizowanego przez gmin\u0119 powinny zg\u0142osi\u0107 tak\u0105 potrzeb\u0119 <\/strong><strong>koordynatorowi gminnemu <\/strong>w dni robocze w godz. od 7.00 do 18.00\u00a0 pod numerem\u00a0 telefonu<strong> \u00a0<\/strong><strong>690\u00a0341\u00a0975 .<\/strong><strong>\u00a0 <\/strong><\/h5>\n<h5><strong>Us\u0142uga transportowa realizowana jest na wniosek i za zgod\u0105 osoby.<\/strong><\/h5>\n<h6><strong>Krok 1 \u2013 zarejestruj si\u0119 na szczepienie<\/strong><\/p>\n<p><strong>Krok 2 \u2013 skontaktuj si\u0119 z koordynatorem gminnym w dni robocze w godz. od 7.00 do 18.00 &#8211; tel. 690\u00a0341\u00a0975.<\/strong><\/p>\n<p><strong>Krok 3 \u2013 po ustaleniu transportu przez koordynatora otrzymasz informacj\u0119 zwrotn\u0105\u00a0 o transporcie.<\/strong><\/h6>\n<h5><strong>Z\u0142o\u017cenie o\u015bwiadczenia o potrzebie zapewnienia przez gmin\u0119 transportu\u00a0 na szczepienie. <\/strong><\/h5>\n<h5>Mieszkaniec zamawiaj\u0105c transport <strong>sk\u0142ada o\u015bwiadczenie,<\/strong> \u017ce nie ma mo\u017cliwo\u015bci samodzielnego dotarcia do punktu szczepie\u0144 lub dysponuje orzeczeniem o znacznym stopniu niepe\u0142nosprawno\u015bci (gmina mo\u017ce poprosi\u0107 o okazanie dokumentu potwierdzaj\u0105cego niepe\u0142nosprawno\u015b\u0107).<\/h5>\n<h5>W gminie Tuplice PUNKT SZCZEPIE\u0143 znajduje si\u0119 w <strong>NZOZ Praktyka Lekarza rodzinnego Grzegorz Wi\u015bniewski ul. Parkowa 3 pod numerem telefonu <u>68\u00a0375 71 17.<\/u><\/strong><\/h5>\n<h5><strong>\u00a0<\/strong><\/h5>\n<h5><strong>#SZCZEPIMY SI\u0118<\/strong><\/h5>\n","protected":false},"excerpt":{"rendered":"<p>Urz\u0105d Gminy w Tuplicach przypomina, \u017ce w zwi\u0105zku z realizacj\u0105 Narodowego Programu Szczepie\u0144 Ochronnych przeciwko wirusowi SARS-CoV-2 mieszka\u0144cy Gminy Tuplice maj\u0105cy problem z dotarciem na szczepienia mog\u0105 skorzysta\u0107 z bezp\u0142atnego transportu. \u00a0 Osoby uprawnione do transportu do punkt\u00f3w szczepie\u0144: osoby niepe\u0142nosprawne tj. posiadaj\u0105ce aktualne orzeczenie o niepe\u0142nosprawno\u015bci w stopniu znacznym o kodzie R lub N [&hellip;]<\/p>\n","protected":false},"author":3,"featured_media":4293,"comment_status":"closed","ping_status":"closed","sticky":false,"template":"","format":"standard","meta":{"_et_pb_use_builder":"","_et_pb_old_content":"","_et_gb_content_width":"","_monsterinsights_skip_tracking":false},"categories":[82],"tags":[],"aioseo_notices":[],"aioseo_head":"\n\t\t<!-- All in One SEO 4.9.10 - aioseo.com -->\n\t<meta name=\"description\" content=\"Urz\u0105d Gminy w Tuplicach przypomina, \u017ce w zwi\u0105zku z realizacj\u0105 Narodowego Programu Szczepie\u0144 Ochronnych przeciwko wirusowi SARS-CoV-2 mieszka\u0144cy Gminy Tuplice maj\u0105cy problem z dotarciem na szczepienia mog\u0105 skorzysta\u0107 z bezp\u0142atnego transportu. Osoby uprawnione do transportu do punkt\u00f3w szczepie\u0144: osoby niepe\u0142nosprawne tj. posiadaj\u0105ce aktualne orzeczenie o niepe\u0142nosprawno\u015bci w stopniu znacznym o kodzie R lub N\" \/>\n\t<meta name=\"robots\" content=\"max-image-preview:large\" \/>\n\t<meta name=\"author\" content=\"Jacek Konieczy\u0144ski\"\/>\n\t<link rel=\"canonical\" href=\"https:\/\/tuplice.pl\/index.php\/2021\/05\/27\/szczepienia-przeciwko-covid-19-2\/\" \/>\n\t<meta name=\"generator\" content=\"All in One SEO (AIOSEO) 4.9.10\" \/>\n\t\t<meta property=\"og:locale\" content=\"pl_PL\" \/>\n\t\t<meta property=\"og:site_name\" content=\"Gmina Tuplice - Strona Gminy Tuplice\" \/>\n\t\t<meta property=\"og:type\" content=\"article\" \/>\n\t\t<meta property=\"og:title\" content=\"SZCZEPIENIA PRZECIWKO COVID-19 - Gmina Tuplice\" \/>\n\t\t<meta property=\"og:description\" content=\"Urz\u0105d Gminy w Tuplicach przypomina, \u017ce w zwi\u0105zku z realizacj\u0105 Narodowego Programu Szczepie\u0144 Ochronnych przeciwko wirusowi SARS-CoV-2 mieszka\u0144cy Gminy Tuplice maj\u0105cy problem z dotarciem na szczepienia mog\u0105 skorzysta\u0107 z bezp\u0142atnego transportu. Osoby uprawnione do transportu do punkt\u00f3w szczepie\u0144: osoby niepe\u0142nosprawne tj. posiadaj\u0105ce aktualne orzeczenie o niepe\u0142nosprawno\u015bci w stopniu znacznym o kodzie R lub N\" \/>\n\t\t<meta property=\"og:url\" content=\"https:\/\/tuplice.pl\/index.php\/2021\/05\/27\/szczepienia-przeciwko-covid-19-2\/\" \/>\n\t\t<meta property=\"article:published_time\" content=\"2021-05-27T12:47:06+00:00\" \/>\n\t\t<meta property=\"article:modified_time\" content=\"2021-05-27T12:47:06+00:00\" \/>\n\t\t<meta property=\"article:publisher\" content=\"https:\/\/facebook.com\/Tuplicki Biuletyn Informacyjny\" \/>\n\t\t<meta name=\"twitter:card\" content=\"summary_large_image\" \/>\n\t\t<meta name=\"twitter:title\" content=\"SZCZEPIENIA PRZECIWKO COVID-19 - Gmina Tuplice\" \/>\n\t\t<meta name=\"twitter:description\" content=\"Urz\u0105d Gminy w Tuplicach przypomina, \u017ce w zwi\u0105zku z realizacj\u0105 Narodowego Programu Szczepie\u0144 Ochronnych przeciwko wirusowi SARS-CoV-2 mieszka\u0144cy Gminy Tuplice maj\u0105cy problem z dotarciem na szczepienia mog\u0105 skorzysta\u0107 z bezp\u0142atnego transportu. Osoby uprawnione do transportu do punkt\u00f3w szczepie\u0144: osoby niepe\u0142nosprawne tj. posiadaj\u0105ce aktualne orzeczenie o niepe\u0142nosprawno\u015bci w stopniu znacznym o kodzie R lub N\" \/>\n\t\t<script type=\"application\/ld+json\" class=\"aioseo-schema\">\n\t\t\t{\"@context\":\"https:\\\/\\\/schema.org\",\"@graph\":[{\"@type\":\"BlogPosting\",\"@id\":\"https:\\\/\\\/tuplice.pl\\\/index.php\\\/2021\\\/05\\\/27\\\/szczepienia-przeciwko-covid-19-2\\\/#blogposting\",\"name\":\"SZCZEPIENIA PRZECIWKO COVID-19 - Gmina Tuplice\",\"headline\":\"SZCZEPIENIA PRZECIWKO COVID-19\",\"author\":{\"@id\":\"https:\\\/\\\/tuplice.pl\\\/index.php\\\/author\\\/tuplice\\\/#author\"},\"publisher\":{\"@id\":\"https:\\\/\\\/tuplice.pl\\\/#organization\"},\"image\":{\"@type\":\"ImageObject\",\"url\":\"https:\\\/\\\/tuplice.pl\\\/wp-content\\\/uploads\\\/2021\\\/05\\\/maxresdefault.jpg\",\"width\":1280,\"height\":720},\"datePublished\":\"2021-05-27T14:47:06+02:00\",\"dateModified\":\"2021-05-27T14:47:06+02:00\",\"inLanguage\":\"pl-PL\",\"mainEntityOfPage\":{\"@id\":\"https:\\\/\\\/tuplice.pl\\\/index.php\\\/2021\\\/05\\\/27\\\/szczepienia-przeciwko-covid-19-2\\\/#webpage\"},\"isPartOf\":{\"@id\":\"https:\\\/\\\/tuplice.pl\\\/index.php\\\/2021\\\/05\\\/27\\\/szczepienia-przeciwko-covid-19-2\\\/#webpage\"},\"articleSection\":\"Aktualno\\u015bci\"},{\"@type\":\"BreadcrumbList\",\"@id\":\"https:\\\/\\\/tuplice.pl\\\/index.php\\\/2021\\\/05\\\/27\\\/szczepienia-przeciwko-covid-19-2\\\/#breadcrumblist\",\"itemListElement\":[{\"@type\":\"ListItem\",\"@id\":\"https:\\\/\\\/tuplice.pl#listItem\",\"position\":1,\"name\":\"Home\",\"item\":\"https:\\\/\\\/tuplice.pl\",\"nextItem\":{\"@type\":\"ListItem\",\"@id\":\"https:\\\/\\\/tuplice.pl\\\/index.php\\\/category\\\/aktualnosci\\\/#listItem\",\"name\":\"Aktualno\\u015bci\"}},{\"@type\":\"ListItem\",\"@id\":\"https:\\\/\\\/tuplice.pl\\\/index.php\\\/category\\\/aktualnosci\\\/#listItem\",\"position\":2,\"name\":\"Aktualno\\u015bci\",\"item\":\"https:\\\/\\\/tuplice.pl\\\/index.php\\\/category\\\/aktualnosci\\\/\",\"nextItem\":{\"@type\":\"ListItem\",\"@id\":\"https:\\\/\\\/tuplice.pl\\\/index.php\\\/2021\\\/05\\\/27\\\/szczepienia-przeciwko-covid-19-2\\\/#listItem\",\"name\":\"SZCZEPIENIA PRZECIWKO COVID-19\"},\"previousItem\":{\"@type\":\"ListItem\",\"@id\":\"https:\\\/\\\/tuplice.pl#listItem\",\"name\":\"Home\"}},{\"@type\":\"ListItem\",\"@id\":\"https:\\\/\\\/tuplice.pl\\\/index.php\\\/2021\\\/05\\\/27\\\/szczepienia-przeciwko-covid-19-2\\\/#listItem\",\"position\":3,\"name\":\"SZCZEPIENIA PRZECIWKO COVID-19\",\"previousItem\":{\"@type\":\"ListItem\",\"@id\":\"https:\\\/\\\/tuplice.pl\\\/index.php\\\/category\\\/aktualnosci\\\/#listItem\",\"name\":\"Aktualno\\u015bci\"}}]},{\"@type\":\"Organization\",\"@id\":\"https:\\\/\\\/tuplice.pl\\\/#organization\",\"name\":\"Gmina Tuplice Gmina Tuplice\",\"description\":\"Strona Gminy Tuplice Strona Urz\\u0119du Gminy Tuplice\",\"url\":\"https:\\\/\\\/tuplice.pl\\\/\",\"telephone\":\"+48683625720\",\"logo\":{\"@type\":\"ImageObject\",\"url\":\"https:\\\/\\\/tuplice.pl\\\/wp-content\\\/uploads\\\/2025\\\/07\\\/images.png\",\"@id\":\"https:\\\/\\\/tuplice.pl\\\/index.php\\\/2021\\\/05\\\/27\\\/szczepienia-przeciwko-covid-19-2\\\/#organizationLogo\",\"width\":282,\"height\":179},\"image\":{\"@id\":\"https:\\\/\\\/tuplice.pl\\\/index.php\\\/2021\\\/05\\\/27\\\/szczepienia-przeciwko-covid-19-2\\\/#organizationLogo\"},\"sameAs\":[\"https:\\\/\\\/facebook.com\\\/Tuplicki Biuletyn Informacyjny\",\"https:\\\/\\\/pinterest.com\\\/Tuplicki Biuletyn Informacyjny\",\"https:\\\/\\\/youtube.com\\\/Tuplicki Biuletyn Informacyjny\"]},{\"@type\":\"Person\",\"@id\":\"https:\\\/\\\/tuplice.pl\\\/index.php\\\/author\\\/tuplice\\\/#author\",\"url\":\"https:\\\/\\\/tuplice.pl\\\/index.php\\\/author\\\/tuplice\\\/\",\"name\":\"Jacek Konieczy\\u0144ski\",\"image\":{\"@type\":\"ImageObject\",\"@id\":\"https:\\\/\\\/tuplice.pl\\\/index.php\\\/2021\\\/05\\\/27\\\/szczepienia-przeciwko-covid-19-2\\\/#authorImage\",\"url\":\"https:\\\/\\\/secure.gravatar.com\\\/avatar\\\/8aa224da0ce3c7d7e2a92a582397a6f3?s=96&d=mm&r=g\",\"width\":96,\"height\":96,\"caption\":\"Jacek Konieczy\\u0144ski\"}},{\"@type\":\"WebPage\",\"@id\":\"https:\\\/\\\/tuplice.pl\\\/index.php\\\/2021\\\/05\\\/27\\\/szczepienia-przeciwko-covid-19-2\\\/#webpage\",\"url\":\"https:\\\/\\\/tuplice.pl\\\/index.php\\\/2021\\\/05\\\/27\\\/szczepienia-przeciwko-covid-19-2\\\/\",\"name\":\"SZCZEPIENIA PRZECIWKO COVID-19 - Gmina Tuplice\",\"description\":\"Urz\\u0105d Gminy w Tuplicach przypomina, \\u017ce w zwi\\u0105zku z realizacj\\u0105 Narodowego Programu Szczepie\\u0144 Ochronnych przeciwko wirusowi SARS-CoV-2 mieszka\\u0144cy Gminy Tuplice maj\\u0105cy problem z dotarciem na szczepienia mog\\u0105 skorzysta\\u0107 z bezp\\u0142atnego transportu. Osoby uprawnione do transportu do punkt\\u00f3w szczepie\\u0144: osoby niepe\\u0142nosprawne tj. posiadaj\\u0105ce aktualne orzeczenie o niepe\\u0142nosprawno\\u015bci w stopniu znacznym o kodzie R lub N\",\"inLanguage\":\"pl-PL\",\"isPartOf\":{\"@id\":\"https:\\\/\\\/tuplice.pl\\\/#website\"},\"breadcrumb\":{\"@id\":\"https:\\\/\\\/tuplice.pl\\\/index.php\\\/2021\\\/05\\\/27\\\/szczepienia-przeciwko-covid-19-2\\\/#breadcrumblist\"},\"author\":{\"@id\":\"https:\\\/\\\/tuplice.pl\\\/index.php\\\/author\\\/tuplice\\\/#author\"},\"creator\":{\"@id\":\"https:\\\/\\\/tuplice.pl\\\/index.php\\\/author\\\/tuplice\\\/#author\"},\"image\":{\"@type\":\"ImageObject\",\"url\":\"https:\\\/\\\/tuplice.pl\\\/wp-content\\\/uploads\\\/2021\\\/05\\\/maxresdefault.jpg\",\"@id\":\"https:\\\/\\\/tuplice.pl\\\/index.php\\\/2021\\\/05\\\/27\\\/szczepienia-przeciwko-covid-19-2\\\/#mainImage\",\"width\":1280,\"height\":720},\"primaryImageOfPage\":{\"@id\":\"https:\\\/\\\/tuplice.pl\\\/index.php\\\/2021\\\/05\\\/27\\\/szczepienia-przeciwko-covid-19-2\\\/#mainImage\"},\"datePublished\":\"2021-05-27T14:47:06+02:00\",\"dateModified\":\"2021-05-27T14:47:06+02:00\"},{\"@type\":\"WebSite\",\"@id\":\"https:\\\/\\\/tuplice.pl\\\/#website\",\"url\":\"https:\\\/\\\/tuplice.pl\\\/\",\"name\":\"Gmina Tuplice\",\"description\":\"Strona Gminy Tuplice\",\"inLanguage\":\"pl-PL\",\"publisher\":{\"@id\":\"https:\\\/\\\/tuplice.pl\\\/#organization\"}}]}\n\t\t<\/script>\n\t\t<!-- All in One SEO -->\n\n","aioseo_head_json":{"title":"SZCZEPIENIA PRZECIWKO COVID-19 - Gmina Tuplice","description":"Urz\u0105d Gminy w Tuplicach przypomina, \u017ce w zwi\u0105zku z realizacj\u0105 Narodowego Programu Szczepie\u0144 Ochronnych przeciwko wirusowi SARS-CoV-2 mieszka\u0144cy Gminy Tuplice maj\u0105cy problem z dotarciem na szczepienia mog\u0105 skorzysta\u0107 z bezp\u0142atnego transportu. Osoby uprawnione do transportu do punkt\u00f3w szczepie\u0144: osoby niepe\u0142nosprawne tj. posiadaj\u0105ce aktualne orzeczenie o niepe\u0142nosprawno\u015bci w stopniu znacznym o kodzie R lub N","canonical_url":"https:\/\/tuplice.pl\/index.php\/2021\/05\/27\/szczepienia-przeciwko-covid-19-2\/","robots":"max-image-preview:large","keywords":"","webmasterTools":{"miscellaneous":""},"schema":{"@context":"https:\/\/schema.org","@graph":[{"@type":"BlogPosting","@id":"https:\/\/tuplice.pl\/index.php\/2021\/05\/27\/szczepienia-przeciwko-covid-19-2\/#blogposting","name":"SZCZEPIENIA PRZECIWKO COVID-19 - Gmina Tuplice","headline":"SZCZEPIENIA PRZECIWKO COVID-19","author":{"@id":"https:\/\/tuplice.pl\/index.php\/author\/tuplice\/#author"},"publisher":{"@id":"https:\/\/tuplice.pl\/#organization"},"image":{"@type":"ImageObject","url":"https:\/\/tuplice.pl\/wp-content\/uploads\/2021\/05\/maxresdefault.jpg","width":1280,"height":720},"datePublished":"2021-05-27T14:47:06+02:00","dateModified":"2021-05-27T14:47:06+02:00","inLanguage":"pl-PL","mainEntityOfPage":{"@id":"https:\/\/tuplice.pl\/index.php\/2021\/05\/27\/szczepienia-przeciwko-covid-19-2\/#webpage"},"isPartOf":{"@id":"https:\/\/tuplice.pl\/index.php\/2021\/05\/27\/szczepienia-przeciwko-covid-19-2\/#webpage"},"articleSection":"Aktualno\u015bci"},{"@type":"BreadcrumbList","@id":"https:\/\/tuplice.pl\/index.php\/2021\/05\/27\/szczepienia-przeciwko-covid-19-2\/#breadcrumblist","itemListElement":[{"@type":"ListItem","@id":"https:\/\/tuplice.pl#listItem","position":1,"name":"Home","item":"https:\/\/tuplice.pl","nextItem":{"@type":"ListItem","@id":"https:\/\/tuplice.pl\/index.php\/category\/aktualnosci\/#listItem","name":"Aktualno\u015bci"}},{"@type":"ListItem","@id":"https:\/\/tuplice.pl\/index.php\/category\/aktualnosci\/#listItem","position":2,"name":"Aktualno\u015bci","item":"https:\/\/tuplice.pl\/index.php\/category\/aktualnosci\/","nextItem":{"@type":"ListItem","@id":"https:\/\/tuplice.pl\/index.php\/2021\/05\/27\/szczepienia-przeciwko-covid-19-2\/#listItem","name":"SZCZEPIENIA PRZECIWKO COVID-19"},"previousItem":{"@type":"ListItem","@id":"https:\/\/tuplice.pl#listItem","name":"Home"}},{"@type":"ListItem","@id":"https:\/\/tuplice.pl\/index.php\/2021\/05\/27\/szczepienia-przeciwko-covid-19-2\/#listItem","position":3,"name":"SZCZEPIENIA PRZECIWKO COVID-19","previousItem":{"@type":"ListItem","@id":"https:\/\/tuplice.pl\/index.php\/category\/aktualnosci\/#listItem","name":"Aktualno\u015bci"}}]},{"@type":"Organization","@id":"https:\/\/tuplice.pl\/#organization","name":"Gmina Tuplice Gmina Tuplice","description":"Strona Gminy Tuplice Strona Urz\u0119du Gminy Tuplice","url":"https:\/\/tuplice.pl\/","telephone":"+48683625720","logo":{"@type":"ImageObject","url":"https:\/\/tuplice.pl\/wp-content\/uploads\/2025\/07\/images.png","@id":"https:\/\/tuplice.pl\/index.php\/2021\/05\/27\/szczepienia-przeciwko-covid-19-2\/#organizationLogo","width":282,"height":179},"image":{"@id":"https:\/\/tuplice.pl\/index.php\/2021\/05\/27\/szczepienia-przeciwko-covid-19-2\/#organizationLogo"},"sameAs":["https:\/\/facebook.com\/Tuplicki Biuletyn Informacyjny","https:\/\/pinterest.com\/Tuplicki Biuletyn Informacyjny","https:\/\/youtube.com\/Tuplicki Biuletyn Informacyjny"]},{"@type":"Person","@id":"https:\/\/tuplice.pl\/index.php\/author\/tuplice\/#author","url":"https:\/\/tuplice.pl\/index.php\/author\/tuplice\/","name":"Jacek Konieczy\u0144ski","image":{"@type":"ImageObject","@id":"https:\/\/tuplice.pl\/index.php\/2021\/05\/27\/szczepienia-przeciwko-covid-19-2\/#authorImage","url":"https:\/\/secure.gravatar.com\/avatar\/8aa224da0ce3c7d7e2a92a582397a6f3?s=96&d=mm&r=g","width":96,"height":96,"caption":"Jacek Konieczy\u0144ski"}},{"@type":"WebPage","@id":"https:\/\/tuplice.pl\/index.php\/2021\/05\/27\/szczepienia-przeciwko-covid-19-2\/#webpage","url":"https:\/\/tuplice.pl\/index.php\/2021\/05\/27\/szczepienia-przeciwko-covid-19-2\/","name":"SZCZEPIENIA PRZECIWKO COVID-19 - Gmina Tuplice","description":"Urz\u0105d Gminy w Tuplicach przypomina, \u017ce w zwi\u0105zku z realizacj\u0105 Narodowego Programu Szczepie\u0144 Ochronnych przeciwko wirusowi SARS-CoV-2 mieszka\u0144cy Gminy Tuplice maj\u0105cy problem z dotarciem na szczepienia mog\u0105 skorzysta\u0107 z bezp\u0142atnego transportu. Osoby uprawnione do transportu do punkt\u00f3w szczepie\u0144: osoby niepe\u0142nosprawne tj. posiadaj\u0105ce aktualne orzeczenie o niepe\u0142nosprawno\u015bci w stopniu znacznym o kodzie R lub N","inLanguage":"pl-PL","isPartOf":{"@id":"https:\/\/tuplice.pl\/#website"},"breadcrumb":{"@id":"https:\/\/tuplice.pl\/index.php\/2021\/05\/27\/szczepienia-przeciwko-covid-19-2\/#breadcrumblist"},"author":{"@id":"https:\/\/tuplice.pl\/index.php\/author\/tuplice\/#author"},"creator":{"@id":"https:\/\/tuplice.pl\/index.php\/author\/tuplice\/#author"},"image":{"@type":"ImageObject","url":"https:\/\/tuplice.pl\/wp-content\/uploads\/2021\/05\/maxresdefault.jpg","@id":"https:\/\/tuplice.pl\/index.php\/2021\/05\/27\/szczepienia-przeciwko-covid-19-2\/#mainImage","width":1280,"height":720},"primaryImageOfPage":{"@id":"https:\/\/tuplice.pl\/index.php\/2021\/05\/27\/szczepienia-przeciwko-covid-19-2\/#mainImage"},"datePublished":"2021-05-27T14:47:06+02:00","dateModified":"2021-05-27T14:47:06+02:00"},{"@type":"WebSite","@id":"https:\/\/tuplice.pl\/#website","url":"https:\/\/tuplice.pl\/","name":"Gmina Tuplice","description":"Strona Gminy Tuplice","inLanguage":"pl-PL","publisher":{"@id":"https:\/\/tuplice.pl\/#organization"}}]},"og:locale":"pl_PL","og:site_name":"Gmina Tuplice - Strona Gminy Tuplice","og:type":"article","og:title":"SZCZEPIENIA PRZECIWKO COVID-19 - Gmina Tuplice","og:description":"Urz\u0105d Gminy w Tuplicach przypomina, \u017ce w zwi\u0105zku z realizacj\u0105 Narodowego Programu Szczepie\u0144 Ochronnych przeciwko wirusowi SARS-CoV-2 mieszka\u0144cy Gminy Tuplice maj\u0105cy problem z dotarciem na szczepienia mog\u0105 skorzysta\u0107 z bezp\u0142atnego transportu. Osoby uprawnione do transportu do punkt\u00f3w szczepie\u0144: osoby niepe\u0142nosprawne tj. posiadaj\u0105ce aktualne orzeczenie o niepe\u0142nosprawno\u015bci w stopniu znacznym o kodzie R lub N","og:url":"https:\/\/tuplice.pl\/index.php\/2021\/05\/27\/szczepienia-przeciwko-covid-19-2\/","article:published_time":"2021-05-27T12:47:06+00:00","article:modified_time":"2021-05-27T12:47:06+00:00","article:publisher":"https:\/\/facebook.com\/Tuplicki Biuletyn Informacyjny","twitter:card":"summary_large_image","twitter:title":"SZCZEPIENIA PRZECIWKO COVID-19 - Gmina Tuplice","twitter:description":"Urz\u0105d Gminy w Tuplicach przypomina, \u017ce w zwi\u0105zku z realizacj\u0105 Narodowego Programu Szczepie\u0144 Ochronnych przeciwko wirusowi SARS-CoV-2 mieszka\u0144cy Gminy Tuplice maj\u0105cy problem z dotarciem na szczepienia mog\u0105 skorzysta\u0107 z bezp\u0142atnego transportu. Osoby uprawnione do transportu do punkt\u00f3w szczepie\u0144: osoby niepe\u0142nosprawne tj. posiadaj\u0105ce aktualne orzeczenie o niepe\u0142nosprawno\u015bci w stopniu znacznym o kodzie R lub N"},"aioseo_meta_data":{"post_id":"4292","title":null,"description":null,"keywords":null,"keyphrases":null,"primary_term":null,"canonical_url":null,"og_title":null,"og_description":null,"og_object_type":"default","og_image_type":"default","og_image_url":null,"og_image_width":null,"og_image_height":null,"og_image_custom_url":null,"og_image_custom_fields":null,"og_video":null,"og_custom_url":null,"og_article_section":null,"og_article_tags":null,"twitter_use_og":false,"twitter_card":"default","twitter_image_type":"default","twitter_image_url":null,"twitter_image_custom_url":null,"twitter_image_custom_fields":null,"twitter_title":null,"twitter_description":null,"schema":{"blockGraphs":[],"customGraphs":[],"default":{"data":{"Article":[],"Course":[],"Dataset":[],"FAQPage":[],"Movie":[],"Person":[],"Product":[],"ProductReview":[],"Car":[],"Recipe":[],"Service":[],"SoftwareApplication":[],"WebPage":[]},"graphName":"","isEnabled":true},"graphs":[]},"schema_type":"default","schema_type_options":null,"pillar_content":false,"robots_default":true,"robots_noindex":false,"robots_noarchive":false,"robots_nosnippet":false,"robots_nofollow":false,"robots_noimageindex":false,"robots_noodp":false,"robots_notranslate":false,"robots_max_snippet":null,"robots_max_videopreview":null,"robots_max_imagepreview":"large","priority":null,"frequency":null,"local_seo":null,"breadcrumb_settings":null,"limit_modified_date":false,"ai":null,"created":"2025-07-22 23:45:04","updated":"2025-07-22 23:45:04","seo_analyzer_scan_date":null},"aioseo_breadcrumb":"<div class=\"aioseo-breadcrumbs\"><span class=\"aioseo-breadcrumb\">\n\t\t\t<a href=\"https:\/\/tuplice.pl\" title=\"Home\">Home<\/a>\n\t\t<\/span><span class=\"aioseo-breadcrumb-separator\">&raquo;<\/span><span class=\"aioseo-breadcrumb\">\n\t\t\t<a href=\"https:\/\/tuplice.pl\/index.php\/category\/aktualnosci\/\" title=\"Aktualno\u015bci\">Aktualno\u015bci<\/a>\n\t\t<\/span><span class=\"aioseo-breadcrumb-separator\">&raquo;<\/span><span class=\"aioseo-breadcrumb\">\n\t\t\tSZCZEPIENIA PRZECIWKO COVID-19\n\t\t<\/span><\/div>","aioseo_breadcrumb_json":[{"label":"Home","link":"https:\/\/tuplice.pl"},{"label":"Aktualno\u015bci","link":"https:\/\/tuplice.pl\/index.php\/category\/aktualnosci\/"},{"label":"SZCZEPIENIA PRZECIWKO COVID-19","link":"https:\/\/tuplice.pl\/index.php\/2021\/05\/27\/szczepienia-przeciwko-covid-19-2\/"}],"a3_pvc":{"activated":false,"total_views":0,"today_views":0},"_links":{"self":[{"href":"https:\/\/tuplice.pl\/index.php\/wp-json\/wp\/v2\/posts\/4292"}],"collection":[{"href":"https:\/\/tuplice.pl\/index.php\/wp-json\/wp\/v2\/posts"}],"about":[{"href":"https:\/\/tuplice.pl\/index.php\/wp-json\/wp\/v2\/types\/post"}],"author":[{"embeddable":true,"href":"https:\/\/tuplice.pl\/index.php\/wp-json\/wp\/v2\/users\/3"}],"replies":[{"embeddable":true,"href":"https:\/\/tuplice.pl\/index.php\/wp-json\/wp\/v2\/comments?post=4292"}],"version-history":[{"count":1,"href":"https:\/\/tuplice.pl\/index.php\/wp-json\/wp\/v2\/posts\/4292\/revisions"}],"predecessor-version":[{"id":4294,"href":"https:\/\/tuplice.pl\/index.php\/wp-json\/wp\/v2\/posts\/4292\/revisions\/4294"}],"wp:featuredmedia":[{"embeddable":true,"href":"https:\/\/tuplice.pl\/index.php\/wp-json\/wp\/v2\/media\/4293"}],"wp:attachment":[{"href":"https:\/\/tuplice.pl\/index.php\/wp-json\/wp\/v2\/media?parent=4292"}],"wp:term":[{"taxonomy":"category","embeddable":true,"href":"https:\/\/tuplice.pl\/index.php\/wp-json\/wp\/v2\/categories?post=4292"},{"taxonomy":"post_tag","embeddable":true,"href":"https:\/\/tuplice.pl\/index.php\/wp-json\/wp\/v2\/tags?post=4292"}],"curies":[{"name":"wp","href":"https:\/\/api.w.org\/{rel}","templated":true}]}}