{"id":4396,"date":"2021-12-17T07:33:05","date_gmt":"2021-12-17T06:33:05","guid":{"rendered":"http:\/\/tuplice.pl\/?p=4396"},"modified":"2021-12-17T07:33:05","modified_gmt":"2021-12-17T06:33:05","slug":"komunikat-dla-wlascicieli-psow-o-obowiazku-szczepienia-psow-przeciwko-wsciekliznie","status":"publish","type":"post","link":"https:\/\/tuplice.pl\/index.php\/2021\/12\/17\/komunikat-dla-wlascicieli-psow-o-obowiazku-szczepienia-psow-przeciwko-wsciekliznie\/","title":{"rendered":"KOMUNIKAT DLA W\u0141A\u015aCICIELI PS\u00d3W O OBOWI\u0104ZKU SZCZEPIENIA PS\u00d3W PRZECIWKO W\u015aCIEKLI\u0179NIE"},"content":{"rendered":"<h5 style=\"text-align: center;\"><strong>KOMUNIKAT DLA W\u0141A\u015aCICIELI PS\u00d3W<\/strong><\/p>\n<p><strong>O OBOWI\u0104ZKU SZCZEPIENIA PS\u00d3W PRZECIWKO W\u015aCIEKLI\u0179NIE<\/strong><\/p>\n<p>Maj\u0105c na wzgl\u0119dzie pismo Lubuskiego Wojew\u00f3dzkiego Lekarza Weterynarii z siedzib\u0105 w Zielonej G\u00f3rze, przypominamy o obowi\u0105zku szczepienia ps\u00f3w przeciwko w\u015bciekli\u017anie.<\/p>\n<p><strong>Posiadacze ps\u00f3w s\u0105 zobowi\u0105zani zaszczepi\u0107 psy przeciwko w\u015bciekli\u017anie<\/strong> w terminie 30 dni od dnia uko\u0144czenia przez psa trzeciego miesi\u0105ca \u017cycia, a nast\u0119pnie nie rzadziej ni\u017c co 12 miesi\u0119cy od dnia ostatniego szczepienia.<\/p>\n<p>Szczepie\u0144 ps\u00f3w przeciwko w\u015bciekli\u017anie dokonuj\u0105 lekarze weterynarii \u015bwiadcz\u0105cy us\u0142ugi weterynaryjne w ramach dzia\u0142alno\u015bci zak\u0142adu leczniczego dla zwierz\u0105t. Po przeprowadzeniu szczepienia posiadaczowi psa wydaje si\u0119 za\u015bwiadczenie lub dokonuje si\u0119 wpisu w <a href=\"https:\/\/www.wetgiw.gov.pl\/nadzor-weterynaryjny\/dokumenty-identyfikacyjne\">paszporcie<\/a>.<\/p>\n<p>Obowi\u0105zek szczepienia ps\u00f3w wynika z art. 56 ust. 1, 2 ustawy z dnia 11 marca 2004 r. o ochronie zdrowia zwierz\u0105t oraz zwalczaniu chor\u00f3b zaka\u017anych zwierz\u0105t (t.j. Dz. U. z 2020 r. poz. 1421).<\/p>\n<p>Za uchylanie si\u0119 od obowi\u0105zku szczepienia ps\u00f3w przeciwko w\u015bciekli\u017anie <strong>grozi kara grzywny<\/strong>, o czym stanowi art. 85 ust. 1a ustawy z dnia 11 marca 2004 r. o ochronie zdrowia zwierz\u0105t oraz zwalczaniu chor\u00f3b zaka\u017anych zwierz\u0105t<\/p>\n<p>Maj\u0105c na uwadze ostatnie przypadki wyst\u0105pienia choroby w Polsce, G\u0142\u00f3wny Inspektorat Weterynarii zaleca szczepienia kot\u00f3w przeciwko w\u015bciekli\u017anie.<\/p>\n<p>Tuplice, dnia 16 grudnia 2021 r.<\/h5>\n","protected":false},"excerpt":{"rendered":"<p>KOMUNIKAT DLA W\u0141A\u015aCICIELI PS\u00d3W O OBOWI\u0104ZKU SZCZEPIENIA PS\u00d3W PRZECIWKO W\u015aCIEKLI\u0179NIE Maj\u0105c na wzgl\u0119dzie pismo Lubuskiego Wojew\u00f3dzkiego Lekarza Weterynarii z siedzib\u0105 w Zielonej G\u00f3rze, przypominamy o obowi\u0105zku szczepienia ps\u00f3w przeciwko w\u015bciekli\u017anie. Posiadacze ps\u00f3w s\u0105 zobowi\u0105zani zaszczepi\u0107 psy przeciwko w\u015bciekli\u017anie w terminie 30 dni od dnia uko\u0144czenia przez psa trzeciego miesi\u0105ca \u017cycia, a nast\u0119pnie nie rzadziej ni\u017c [&hellip;]<\/p>\n","protected":false},"author":3,"featured_media":4379,"comment_status":"closed","ping_status":"closed","sticky":false,"template":"","format":"standard","meta":{"_et_pb_use_builder":"","_et_pb_old_content":"","_et_gb_content_width":"","_monsterinsights_skip_tracking":false},"categories":[1],"tags":[],"aioseo_notices":[],"aioseo_head":"\n\t\t<!-- All in One SEO 4.9.10 - aioseo.com -->\n\t<meta name=\"description\" content=\"KOMUNIKAT DLA W\u0141A\u015aCICIELI PS\u00d3W O OBOWI\u0104ZKU SZCZEPIENIA PS\u00d3W PRZECIWKO W\u015aCIEKLI\u0179NIE Maj\u0105c na wzgl\u0119dzie pismo Lubuskiego Wojew\u00f3dzkiego Lekarza Weterynarii z siedzib\u0105 w Zielonej G\u00f3rze, przypominamy o obowi\u0105zku szczepienia ps\u00f3w przeciwko w\u015bciekli\u017anie. Posiadacze ps\u00f3w s\u0105 zobowi\u0105zani zaszczepi\u0107 psy przeciwko w\u015bciekli\u017anie w terminie 30 dni od dnia uko\u0144czenia przez psa trzeciego miesi\u0105ca \u017cycia, a nast\u0119pnie nie rzadziej ni\u017c\" \/>\n\t<meta name=\"robots\" content=\"max-image-preview:large\" \/>\n\t<meta name=\"author\" content=\"Jacek Konieczy\u0144ski\"\/>\n\t<link rel=\"canonical\" href=\"https:\/\/tuplice.pl\/index.php\/2021\/12\/17\/komunikat-dla-wlascicieli-psow-o-obowiazku-szczepienia-psow-przeciwko-wsciekliznie\/\" \/>\n\t<meta name=\"generator\" content=\"All in One SEO (AIOSEO) 4.9.10\" \/>\n\t\t<meta property=\"og:locale\" content=\"pl_PL\" \/>\n\t\t<meta property=\"og:site_name\" content=\"Gmina Tuplice - Strona Gminy Tuplice\" \/>\n\t\t<meta property=\"og:type\" content=\"article\" \/>\n\t\t<meta property=\"og:title\" content=\"KOMUNIKAT DLA W\u0141A\u015aCICIELI PS\u00d3W O OBOWI\u0104ZKU SZCZEPIENIA PS\u00d3W PRZECIWKO W\u015aCIEKLI\u0179NIE - Gmina Tuplice\" \/>\n\t\t<meta property=\"og:description\" content=\"KOMUNIKAT DLA W\u0141A\u015aCICIELI PS\u00d3W O OBOWI\u0104ZKU SZCZEPIENIA PS\u00d3W PRZECIWKO W\u015aCIEKLI\u0179NIE Maj\u0105c na wzgl\u0119dzie pismo Lubuskiego Wojew\u00f3dzkiego Lekarza Weterynarii z siedzib\u0105 w Zielonej G\u00f3rze, przypominamy o obowi\u0105zku szczepienia ps\u00f3w przeciwko w\u015bciekli\u017anie. Posiadacze ps\u00f3w s\u0105 zobowi\u0105zani zaszczepi\u0107 psy przeciwko w\u015bciekli\u017anie w terminie 30 dni od dnia uko\u0144czenia przez psa trzeciego miesi\u0105ca \u017cycia, a nast\u0119pnie nie rzadziej ni\u017c\" \/>\n\t\t<meta property=\"og:url\" content=\"https:\/\/tuplice.pl\/index.php\/2021\/12\/17\/komunikat-dla-wlascicieli-psow-o-obowiazku-szczepienia-psow-przeciwko-wsciekliznie\/\" \/>\n\t\t<meta property=\"article:published_time\" content=\"2021-12-17T06:33:05+00:00\" \/>\n\t\t<meta property=\"article:modified_time\" content=\"2021-12-17T06:33:05+00:00\" \/>\n\t\t<meta property=\"article:publisher\" content=\"https:\/\/facebook.com\/Tuplicki Biuletyn Informacyjny\" \/>\n\t\t<meta name=\"twitter:card\" content=\"summary_large_image\" \/>\n\t\t<meta name=\"twitter:title\" content=\"KOMUNIKAT DLA W\u0141A\u015aCICIELI PS\u00d3W O OBOWI\u0104ZKU SZCZEPIENIA PS\u00d3W PRZECIWKO W\u015aCIEKLI\u0179NIE - Gmina Tuplice\" \/>\n\t\t<meta name=\"twitter:description\" content=\"KOMUNIKAT DLA W\u0141A\u015aCICIELI PS\u00d3W O OBOWI\u0104ZKU SZCZEPIENIA PS\u00d3W PRZECIWKO W\u015aCIEKLI\u0179NIE Maj\u0105c na wzgl\u0119dzie pismo Lubuskiego Wojew\u00f3dzkiego Lekarza Weterynarii z siedzib\u0105 w Zielonej G\u00f3rze, przypominamy o obowi\u0105zku szczepienia ps\u00f3w przeciwko w\u015bciekli\u017anie. Posiadacze ps\u00f3w s\u0105 zobowi\u0105zani zaszczepi\u0107 psy przeciwko w\u015bciekli\u017anie w terminie 30 dni od dnia uko\u0144czenia przez psa trzeciego miesi\u0105ca \u017cycia, a nast\u0119pnie nie rzadziej ni\u017c\" \/>\n\t\t<script type=\"application\/ld+json\" class=\"aioseo-schema\">\n\t\t\t{\"@context\":\"https:\\\/\\\/schema.org\",\"@graph\":[{\"@type\":\"BlogPosting\",\"@id\":\"https:\\\/\\\/tuplice.pl\\\/index.php\\\/2021\\\/12\\\/17\\\/komunikat-dla-wlascicieli-psow-o-obowiazku-szczepienia-psow-przeciwko-wsciekliznie\\\/#blogposting\",\"name\":\"KOMUNIKAT DLA W\\u0141A\\u015aCICIELI PS\\u00d3W O OBOWI\\u0104ZKU SZCZEPIENIA PS\\u00d3W PRZECIWKO W\\u015aCIEKLI\\u0179NIE - Gmina Tuplice\",\"headline\":\"KOMUNIKAT DLA W\\u0141A\\u015aCICIELI PS\\u00d3W O OBOWI\\u0104ZKU SZCZEPIENIA PS\\u00d3W PRZECIWKO W\\u015aCIEKLI\\u0179NIE\",\"author\":{\"@id\":\"https:\\\/\\\/tuplice.pl\\\/index.php\\\/author\\\/tuplice\\\/#author\"},\"publisher\":{\"@id\":\"https:\\\/\\\/tuplice.pl\\\/#organization\"},\"image\":{\"@type\":\"ImageObject\",\"url\":\"https:\\\/\\\/tuplice.pl\\\/wp-content\\\/uploads\\\/2021\\\/11\\\/FmmAjqC6_400x400.jpg\",\"width\":400,\"height\":400},\"datePublished\":\"2021-12-17T07:33:05+01:00\",\"dateModified\":\"2021-12-17T07:33:05+01:00\",\"inLanguage\":\"pl-PL\",\"mainEntityOfPage\":{\"@id\":\"https:\\\/\\\/tuplice.pl\\\/index.php\\\/2021\\\/12\\\/17\\\/komunikat-dla-wlascicieli-psow-o-obowiazku-szczepienia-psow-przeciwko-wsciekliznie\\\/#webpage\"},\"isPartOf\":{\"@id\":\"https:\\\/\\\/tuplice.pl\\\/index.php\\\/2021\\\/12\\\/17\\\/komunikat-dla-wlascicieli-psow-o-obowiazku-szczepienia-psow-przeciwko-wsciekliznie\\\/#webpage\"},\"articleSection\":\"Bez kategorii\"},{\"@type\":\"BreadcrumbList\",\"@id\":\"https:\\\/\\\/tuplice.pl\\\/index.php\\\/2021\\\/12\\\/17\\\/komunikat-dla-wlascicieli-psow-o-obowiazku-szczepienia-psow-przeciwko-wsciekliznie\\\/#breadcrumblist\",\"itemListElement\":[{\"@type\":\"ListItem\",\"@id\":\"https:\\\/\\\/tuplice.pl#listItem\",\"position\":1,\"name\":\"Home\",\"item\":\"https:\\\/\\\/tuplice.pl\",\"nextItem\":{\"@type\":\"ListItem\",\"@id\":\"https:\\\/\\\/tuplice.pl\\\/index.php\\\/category\\\/bez-kategorii\\\/#listItem\",\"name\":\"Bez kategorii\"}},{\"@type\":\"ListItem\",\"@id\":\"https:\\\/\\\/tuplice.pl\\\/index.php\\\/category\\\/bez-kategorii\\\/#listItem\",\"position\":2,\"name\":\"Bez kategorii\",\"item\":\"https:\\\/\\\/tuplice.pl\\\/index.php\\\/category\\\/bez-kategorii\\\/\",\"nextItem\":{\"@type\":\"ListItem\",\"@id\":\"https:\\\/\\\/tuplice.pl\\\/index.php\\\/2021\\\/12\\\/17\\\/komunikat-dla-wlascicieli-psow-o-obowiazku-szczepienia-psow-przeciwko-wsciekliznie\\\/#listItem\",\"name\":\"KOMUNIKAT DLA W\\u0141A\\u015aCICIELI PS\\u00d3W O OBOWI\\u0104ZKU SZCZEPIENIA PS\\u00d3W PRZECIWKO W\\u015aCIEKLI\\u0179NIE\"},\"previousItem\":{\"@type\":\"ListItem\",\"@id\":\"https:\\\/\\\/tuplice.pl#listItem\",\"name\":\"Home\"}},{\"@type\":\"ListItem\",\"@id\":\"https:\\\/\\\/tuplice.pl\\\/index.php\\\/2021\\\/12\\\/17\\\/komunikat-dla-wlascicieli-psow-o-obowiazku-szczepienia-psow-przeciwko-wsciekliznie\\\/#listItem\",\"position\":3,\"name\":\"KOMUNIKAT DLA W\\u0141A\\u015aCICIELI PS\\u00d3W O OBOWI\\u0104ZKU SZCZEPIENIA PS\\u00d3W PRZECIWKO W\\u015aCIEKLI\\u0179NIE\",\"previousItem\":{\"@type\":\"ListItem\",\"@id\":\"https:\\\/\\\/tuplice.pl\\\/index.php\\\/category\\\/bez-kategorii\\\/#listItem\",\"name\":\"Bez kategorii\"}}]},{\"@type\":\"Organization\",\"@id\":\"https:\\\/\\\/tuplice.pl\\\/#organization\",\"name\":\"Gmina Tuplice Gmina Tuplice\",\"description\":\"Strona Gminy Tuplice Strona Urz\\u0119du Gminy Tuplice\",\"url\":\"https:\\\/\\\/tuplice.pl\\\/\",\"telephone\":\"+48683625720\",\"logo\":{\"@type\":\"ImageObject\",\"url\":\"https:\\\/\\\/tuplice.pl\\\/wp-content\\\/uploads\\\/2025\\\/07\\\/images.png\",\"@id\":\"https:\\\/\\\/tuplice.pl\\\/index.php\\\/2021\\\/12\\\/17\\\/komunikat-dla-wlascicieli-psow-o-obowiazku-szczepienia-psow-przeciwko-wsciekliznie\\\/#organizationLogo\",\"width\":282,\"height\":179},\"image\":{\"@id\":\"https:\\\/\\\/tuplice.pl\\\/index.php\\\/2021\\\/12\\\/17\\\/komunikat-dla-wlascicieli-psow-o-obowiazku-szczepienia-psow-przeciwko-wsciekliznie\\\/#organizationLogo\"},\"sameAs\":[\"https:\\\/\\\/facebook.com\\\/Tuplicki Biuletyn Informacyjny\",\"https:\\\/\\\/pinterest.com\\\/Tuplicki Biuletyn Informacyjny\",\"https:\\\/\\\/youtube.com\\\/Tuplicki Biuletyn Informacyjny\"]},{\"@type\":\"Person\",\"@id\":\"https:\\\/\\\/tuplice.pl\\\/index.php\\\/author\\\/tuplice\\\/#author\",\"url\":\"https:\\\/\\\/tuplice.pl\\\/index.php\\\/author\\\/tuplice\\\/\",\"name\":\"Jacek Konieczy\\u0144ski\",\"image\":{\"@type\":\"ImageObject\",\"@id\":\"https:\\\/\\\/tuplice.pl\\\/index.php\\\/2021\\\/12\\\/17\\\/komunikat-dla-wlascicieli-psow-o-obowiazku-szczepienia-psow-przeciwko-wsciekliznie\\\/#authorImage\",\"url\":\"https:\\\/\\\/secure.gravatar.com\\\/avatar\\\/8aa224da0ce3c7d7e2a92a582397a6f3?s=96&d=mm&r=g\",\"width\":96,\"height\":96,\"caption\":\"Jacek Konieczy\\u0144ski\"}},{\"@type\":\"WebPage\",\"@id\":\"https:\\\/\\\/tuplice.pl\\\/index.php\\\/2021\\\/12\\\/17\\\/komunikat-dla-wlascicieli-psow-o-obowiazku-szczepienia-psow-przeciwko-wsciekliznie\\\/#webpage\",\"url\":\"https:\\\/\\\/tuplice.pl\\\/index.php\\\/2021\\\/12\\\/17\\\/komunikat-dla-wlascicieli-psow-o-obowiazku-szczepienia-psow-przeciwko-wsciekliznie\\\/\",\"name\":\"KOMUNIKAT DLA W\\u0141A\\u015aCICIELI PS\\u00d3W O OBOWI\\u0104ZKU SZCZEPIENIA PS\\u00d3W PRZECIWKO W\\u015aCIEKLI\\u0179NIE - Gmina Tuplice\",\"description\":\"KOMUNIKAT DLA W\\u0141A\\u015aCICIELI PS\\u00d3W O OBOWI\\u0104ZKU SZCZEPIENIA PS\\u00d3W PRZECIWKO W\\u015aCIEKLI\\u0179NIE Maj\\u0105c na wzgl\\u0119dzie pismo Lubuskiego Wojew\\u00f3dzkiego Lekarza Weterynarii z siedzib\\u0105 w Zielonej G\\u00f3rze, przypominamy o obowi\\u0105zku szczepienia ps\\u00f3w przeciwko w\\u015bciekli\\u017anie. Posiadacze ps\\u00f3w s\\u0105 zobowi\\u0105zani zaszczepi\\u0107 psy przeciwko w\\u015bciekli\\u017anie w terminie 30 dni od dnia uko\\u0144czenia przez psa trzeciego miesi\\u0105ca \\u017cycia, a nast\\u0119pnie nie rzadziej ni\\u017c\",\"inLanguage\":\"pl-PL\",\"isPartOf\":{\"@id\":\"https:\\\/\\\/tuplice.pl\\\/#website\"},\"breadcrumb\":{\"@id\":\"https:\\\/\\\/tuplice.pl\\\/index.php\\\/2021\\\/12\\\/17\\\/komunikat-dla-wlascicieli-psow-o-obowiazku-szczepienia-psow-przeciwko-wsciekliznie\\\/#breadcrumblist\"},\"author\":{\"@id\":\"https:\\\/\\\/tuplice.pl\\\/index.php\\\/author\\\/tuplice\\\/#author\"},\"creator\":{\"@id\":\"https:\\\/\\\/tuplice.pl\\\/index.php\\\/author\\\/tuplice\\\/#author\"},\"image\":{\"@type\":\"ImageObject\",\"url\":\"https:\\\/\\\/tuplice.pl\\\/wp-content\\\/uploads\\\/2021\\\/11\\\/FmmAjqC6_400x400.jpg\",\"@id\":\"https:\\\/\\\/tuplice.pl\\\/index.php\\\/2021\\\/12\\\/17\\\/komunikat-dla-wlascicieli-psow-o-obowiazku-szczepienia-psow-przeciwko-wsciekliznie\\\/#mainImage\",\"width\":400,\"height\":400},\"primaryImageOfPage\":{\"@id\":\"https:\\\/\\\/tuplice.pl\\\/index.php\\\/2021\\\/12\\\/17\\\/komunikat-dla-wlascicieli-psow-o-obowiazku-szczepienia-psow-przeciwko-wsciekliznie\\\/#mainImage\"},\"datePublished\":\"2021-12-17T07:33:05+01:00\",\"dateModified\":\"2021-12-17T07:33:05+01:00\"},{\"@type\":\"WebSite\",\"@id\":\"https:\\\/\\\/tuplice.pl\\\/#website\",\"url\":\"https:\\\/\\\/tuplice.pl\\\/\",\"name\":\"Gmina Tuplice\",\"description\":\"Strona Gminy Tuplice\",\"inLanguage\":\"pl-PL\",\"publisher\":{\"@id\":\"https:\\\/\\\/tuplice.pl\\\/#organization\"}}]}\n\t\t<\/script>\n\t\t<!-- All in One SEO -->\n\n","aioseo_head_json":{"title":"KOMUNIKAT DLA W\u0141A\u015aCICIELI PS\u00d3W O OBOWI\u0104ZKU SZCZEPIENIA PS\u00d3W PRZECIWKO W\u015aCIEKLI\u0179NIE - Gmina Tuplice","description":"KOMUNIKAT DLA W\u0141A\u015aCICIELI PS\u00d3W O OBOWI\u0104ZKU SZCZEPIENIA PS\u00d3W PRZECIWKO W\u015aCIEKLI\u0179NIE Maj\u0105c na wzgl\u0119dzie pismo Lubuskiego Wojew\u00f3dzkiego Lekarza Weterynarii z siedzib\u0105 w Zielonej G\u00f3rze, przypominamy o obowi\u0105zku szczepienia ps\u00f3w przeciwko w\u015bciekli\u017anie. Posiadacze ps\u00f3w s\u0105 zobowi\u0105zani zaszczepi\u0107 psy przeciwko w\u015bciekli\u017anie w terminie 30 dni od dnia uko\u0144czenia przez psa trzeciego miesi\u0105ca \u017cycia, a nast\u0119pnie nie rzadziej ni\u017c","canonical_url":"https:\/\/tuplice.pl\/index.php\/2021\/12\/17\/komunikat-dla-wlascicieli-psow-o-obowiazku-szczepienia-psow-przeciwko-wsciekliznie\/","robots":"max-image-preview:large","keywords":"","webmasterTools":{"miscellaneous":""},"schema":{"@context":"https:\/\/schema.org","@graph":[{"@type":"BlogPosting","@id":"https:\/\/tuplice.pl\/index.php\/2021\/12\/17\/komunikat-dla-wlascicieli-psow-o-obowiazku-szczepienia-psow-przeciwko-wsciekliznie\/#blogposting","name":"KOMUNIKAT DLA W\u0141A\u015aCICIELI PS\u00d3W O OBOWI\u0104ZKU SZCZEPIENIA PS\u00d3W PRZECIWKO W\u015aCIEKLI\u0179NIE - Gmina Tuplice","headline":"KOMUNIKAT DLA W\u0141A\u015aCICIELI PS\u00d3W O OBOWI\u0104ZKU SZCZEPIENIA PS\u00d3W PRZECIWKO W\u015aCIEKLI\u0179NIE","author":{"@id":"https:\/\/tuplice.pl\/index.php\/author\/tuplice\/#author"},"publisher":{"@id":"https:\/\/tuplice.pl\/#organization"},"image":{"@type":"ImageObject","url":"https:\/\/tuplice.pl\/wp-content\/uploads\/2021\/11\/FmmAjqC6_400x400.jpg","width":400,"height":400},"datePublished":"2021-12-17T07:33:05+01:00","dateModified":"2021-12-17T07:33:05+01:00","inLanguage":"pl-PL","mainEntityOfPage":{"@id":"https:\/\/tuplice.pl\/index.php\/2021\/12\/17\/komunikat-dla-wlascicieli-psow-o-obowiazku-szczepienia-psow-przeciwko-wsciekliznie\/#webpage"},"isPartOf":{"@id":"https:\/\/tuplice.pl\/index.php\/2021\/12\/17\/komunikat-dla-wlascicieli-psow-o-obowiazku-szczepienia-psow-przeciwko-wsciekliznie\/#webpage"},"articleSection":"Bez kategorii"},{"@type":"BreadcrumbList","@id":"https:\/\/tuplice.pl\/index.php\/2021\/12\/17\/komunikat-dla-wlascicieli-psow-o-obowiazku-szczepienia-psow-przeciwko-wsciekliznie\/#breadcrumblist","itemListElement":[{"@type":"ListItem","@id":"https:\/\/tuplice.pl#listItem","position":1,"name":"Home","item":"https:\/\/tuplice.pl","nextItem":{"@type":"ListItem","@id":"https:\/\/tuplice.pl\/index.php\/category\/bez-kategorii\/#listItem","name":"Bez kategorii"}},{"@type":"ListItem","@id":"https:\/\/tuplice.pl\/index.php\/category\/bez-kategorii\/#listItem","position":2,"name":"Bez kategorii","item":"https:\/\/tuplice.pl\/index.php\/category\/bez-kategorii\/","nextItem":{"@type":"ListItem","@id":"https:\/\/tuplice.pl\/index.php\/2021\/12\/17\/komunikat-dla-wlascicieli-psow-o-obowiazku-szczepienia-psow-przeciwko-wsciekliznie\/#listItem","name":"KOMUNIKAT DLA W\u0141A\u015aCICIELI PS\u00d3W O OBOWI\u0104ZKU SZCZEPIENIA PS\u00d3W PRZECIWKO W\u015aCIEKLI\u0179NIE"},"previousItem":{"@type":"ListItem","@id":"https:\/\/tuplice.pl#listItem","name":"Home"}},{"@type":"ListItem","@id":"https:\/\/tuplice.pl\/index.php\/2021\/12\/17\/komunikat-dla-wlascicieli-psow-o-obowiazku-szczepienia-psow-przeciwko-wsciekliznie\/#listItem","position":3,"name":"KOMUNIKAT DLA W\u0141A\u015aCICIELI PS\u00d3W O OBOWI\u0104ZKU SZCZEPIENIA PS\u00d3W PRZECIWKO W\u015aCIEKLI\u0179NIE","previousItem":{"@type":"ListItem","@id":"https:\/\/tuplice.pl\/index.php\/category\/bez-kategorii\/#listItem","name":"Bez kategorii"}}]},{"@type":"Organization","@id":"https:\/\/tuplice.pl\/#organization","name":"Gmina Tuplice Gmina Tuplice","description":"Strona Gminy Tuplice Strona Urz\u0119du Gminy Tuplice","url":"https:\/\/tuplice.pl\/","telephone":"+48683625720","logo":{"@type":"ImageObject","url":"https:\/\/tuplice.pl\/wp-content\/uploads\/2025\/07\/images.png","@id":"https:\/\/tuplice.pl\/index.php\/2021\/12\/17\/komunikat-dla-wlascicieli-psow-o-obowiazku-szczepienia-psow-przeciwko-wsciekliznie\/#organizationLogo","width":282,"height":179},"image":{"@id":"https:\/\/tuplice.pl\/index.php\/2021\/12\/17\/komunikat-dla-wlascicieli-psow-o-obowiazku-szczepienia-psow-przeciwko-wsciekliznie\/#organizationLogo"},"sameAs":["https:\/\/facebook.com\/Tuplicki Biuletyn Informacyjny","https:\/\/pinterest.com\/Tuplicki Biuletyn Informacyjny","https:\/\/youtube.com\/Tuplicki Biuletyn Informacyjny"]},{"@type":"Person","@id":"https:\/\/tuplice.pl\/index.php\/author\/tuplice\/#author","url":"https:\/\/tuplice.pl\/index.php\/author\/tuplice\/","name":"Jacek Konieczy\u0144ski","image":{"@type":"ImageObject","@id":"https:\/\/tuplice.pl\/index.php\/2021\/12\/17\/komunikat-dla-wlascicieli-psow-o-obowiazku-szczepienia-psow-przeciwko-wsciekliznie\/#authorImage","url":"https:\/\/secure.gravatar.com\/avatar\/8aa224da0ce3c7d7e2a92a582397a6f3?s=96&d=mm&r=g","width":96,"height":96,"caption":"Jacek Konieczy\u0144ski"}},{"@type":"WebPage","@id":"https:\/\/tuplice.pl\/index.php\/2021\/12\/17\/komunikat-dla-wlascicieli-psow-o-obowiazku-szczepienia-psow-przeciwko-wsciekliznie\/#webpage","url":"https:\/\/tuplice.pl\/index.php\/2021\/12\/17\/komunikat-dla-wlascicieli-psow-o-obowiazku-szczepienia-psow-przeciwko-wsciekliznie\/","name":"KOMUNIKAT DLA W\u0141A\u015aCICIELI PS\u00d3W O OBOWI\u0104ZKU SZCZEPIENIA PS\u00d3W PRZECIWKO W\u015aCIEKLI\u0179NIE - Gmina Tuplice","description":"KOMUNIKAT DLA W\u0141A\u015aCICIELI PS\u00d3W O OBOWI\u0104ZKU SZCZEPIENIA PS\u00d3W PRZECIWKO W\u015aCIEKLI\u0179NIE Maj\u0105c na wzgl\u0119dzie pismo Lubuskiego Wojew\u00f3dzkiego Lekarza Weterynarii z siedzib\u0105 w Zielonej G\u00f3rze, przypominamy o obowi\u0105zku szczepienia ps\u00f3w przeciwko w\u015bciekli\u017anie. Posiadacze ps\u00f3w s\u0105 zobowi\u0105zani zaszczepi\u0107 psy przeciwko w\u015bciekli\u017anie w terminie 30 dni od dnia uko\u0144czenia przez psa trzeciego miesi\u0105ca \u017cycia, a nast\u0119pnie nie rzadziej ni\u017c","inLanguage":"pl-PL","isPartOf":{"@id":"https:\/\/tuplice.pl\/#website"},"breadcrumb":{"@id":"https:\/\/tuplice.pl\/index.php\/2021\/12\/17\/komunikat-dla-wlascicieli-psow-o-obowiazku-szczepienia-psow-przeciwko-wsciekliznie\/#breadcrumblist"},"author":{"@id":"https:\/\/tuplice.pl\/index.php\/author\/tuplice\/#author"},"creator":{"@id":"https:\/\/tuplice.pl\/index.php\/author\/tuplice\/#author"},"image":{"@type":"ImageObject","url":"https:\/\/tuplice.pl\/wp-content\/uploads\/2021\/11\/FmmAjqC6_400x400.jpg","@id":"https:\/\/tuplice.pl\/index.php\/2021\/12\/17\/komunikat-dla-wlascicieli-psow-o-obowiazku-szczepienia-psow-przeciwko-wsciekliznie\/#mainImage","width":400,"height":400},"primaryImageOfPage":{"@id":"https:\/\/tuplice.pl\/index.php\/2021\/12\/17\/komunikat-dla-wlascicieli-psow-o-obowiazku-szczepienia-psow-przeciwko-wsciekliznie\/#mainImage"},"datePublished":"2021-12-17T07:33:05+01:00","dateModified":"2021-12-17T07:33:05+01:00"},{"@type":"WebSite","@id":"https:\/\/tuplice.pl\/#website","url":"https:\/\/tuplice.pl\/","name":"Gmina Tuplice","description":"Strona Gminy Tuplice","inLanguage":"pl-PL","publisher":{"@id":"https:\/\/tuplice.pl\/#organization"}}]},"og:locale":"pl_PL","og:site_name":"Gmina Tuplice - Strona Gminy Tuplice","og:type":"article","og:title":"KOMUNIKAT DLA W\u0141A\u015aCICIELI PS\u00d3W O OBOWI\u0104ZKU SZCZEPIENIA PS\u00d3W PRZECIWKO W\u015aCIEKLI\u0179NIE - Gmina Tuplice","og:description":"KOMUNIKAT DLA W\u0141A\u015aCICIELI PS\u00d3W O OBOWI\u0104ZKU SZCZEPIENIA PS\u00d3W PRZECIWKO W\u015aCIEKLI\u0179NIE Maj\u0105c na wzgl\u0119dzie pismo Lubuskiego Wojew\u00f3dzkiego Lekarza Weterynarii z siedzib\u0105 w Zielonej G\u00f3rze, przypominamy o obowi\u0105zku szczepienia ps\u00f3w przeciwko w\u015bciekli\u017anie. Posiadacze ps\u00f3w s\u0105 zobowi\u0105zani zaszczepi\u0107 psy przeciwko w\u015bciekli\u017anie w terminie 30 dni od dnia uko\u0144czenia przez psa trzeciego miesi\u0105ca \u017cycia, a nast\u0119pnie nie rzadziej ni\u017c","og:url":"https:\/\/tuplice.pl\/index.php\/2021\/12\/17\/komunikat-dla-wlascicieli-psow-o-obowiazku-szczepienia-psow-przeciwko-wsciekliznie\/","article:published_time":"2021-12-17T06:33:05+00:00","article:modified_time":"2021-12-17T06:33:05+00:00","article:publisher":"https:\/\/facebook.com\/Tuplicki Biuletyn Informacyjny","twitter:card":"summary_large_image","twitter:title":"KOMUNIKAT DLA W\u0141A\u015aCICIELI PS\u00d3W O OBOWI\u0104ZKU SZCZEPIENIA PS\u00d3W PRZECIWKO W\u015aCIEKLI\u0179NIE - Gmina Tuplice","twitter:description":"KOMUNIKAT DLA W\u0141A\u015aCICIELI PS\u00d3W O OBOWI\u0104ZKU SZCZEPIENIA PS\u00d3W PRZECIWKO W\u015aCIEKLI\u0179NIE Maj\u0105c na wzgl\u0119dzie pismo Lubuskiego Wojew\u00f3dzkiego Lekarza Weterynarii z siedzib\u0105 w Zielonej G\u00f3rze, przypominamy o obowi\u0105zku szczepienia ps\u00f3w przeciwko w\u015bciekli\u017anie. Posiadacze ps\u00f3w s\u0105 zobowi\u0105zani zaszczepi\u0107 psy przeciwko w\u015bciekli\u017anie w terminie 30 dni od dnia uko\u0144czenia przez psa trzeciego miesi\u0105ca \u017cycia, a nast\u0119pnie nie rzadziej ni\u017c"},"aioseo_meta_data":{"post_id":"4396","title":null,"description":null,"keywords":null,"keyphrases":null,"primary_term":null,"canonical_url":null,"og_title":null,"og_description":null,"og_object_type":"default","og_image_type":"default","og_image_url":null,"og_image_width":null,"og_image_height":null,"og_image_custom_url":null,"og_image_custom_fields":null,"og_video":null,"og_custom_url":null,"og_article_section":null,"og_article_tags":null,"twitter_use_og":false,"twitter_card":"default","twitter_image_type":"default","twitter_image_url":null,"twitter_image_custom_url":null,"twitter_image_custom_fields":null,"twitter_title":null,"twitter_description":null,"schema":{"blockGraphs":[],"customGraphs":[],"default":{"data":{"Article":[],"Course":[],"Dataset":[],"FAQPage":[],"Movie":[],"Person":[],"Product":[],"ProductReview":[],"Car":[],"Recipe":[],"Service":[],"SoftwareApplication":[],"WebPage":[]},"graphName":"","isEnabled":true},"graphs":[]},"schema_type":"default","schema_type_options":null,"pillar_content":false,"robots_default":true,"robots_noindex":false,"robots_noarchive":false,"robots_nosnippet":false,"robots_nofollow":false,"robots_noimageindex":false,"robots_noodp":false,"robots_notranslate":false,"robots_max_snippet":null,"robots_max_videopreview":null,"robots_max_imagepreview":"large","priority":null,"frequency":null,"local_seo":null,"breadcrumb_settings":null,"limit_modified_date":false,"ai":null,"created":"2025-07-22 23:46:04","updated":"2025-07-22 23:46:04","seo_analyzer_scan_date":null},"aioseo_breadcrumb":"<div class=\"aioseo-breadcrumbs\"><span class=\"aioseo-breadcrumb\">\n\t\t\t<a href=\"https:\/\/tuplice.pl\" title=\"Home\">Home<\/a>\n\t\t<\/span><span class=\"aioseo-breadcrumb-separator\">&raquo;<\/span><span class=\"aioseo-breadcrumb\">\n\t\t\t<a href=\"https:\/\/tuplice.pl\/index.php\/category\/bez-kategorii\/\" title=\"Bez kategorii\">Bez kategorii<\/a>\n\t\t<\/span><span class=\"aioseo-breadcrumb-separator\">&raquo;<\/span><span class=\"aioseo-breadcrumb\">\n\t\t\tKOMUNIKAT DLA W\u0141A\u015aCICIELI PS\u00d3W O OBOWI\u0104ZKU SZCZEPIENIA PS\u00d3W PRZECIWKO W\u015aCIEKLI\u0179NIE\n\t\t<\/span><\/div>","aioseo_breadcrumb_json":[{"label":"Home","link":"https:\/\/tuplice.pl"},{"label":"Bez kategorii","link":"https:\/\/tuplice.pl\/index.php\/category\/bez-kategorii\/"},{"label":"KOMUNIKAT DLA W\u0141A\u015aCICIELI PS\u00d3W O OBOWI\u0104ZKU SZCZEPIENIA PS\u00d3W PRZECIWKO W\u015aCIEKLI\u0179NIE","link":"https:\/\/tuplice.pl\/index.php\/2021\/12\/17\/komunikat-dla-wlascicieli-psow-o-obowiazku-szczepienia-psow-przeciwko-wsciekliznie\/"}],"a3_pvc":{"activated":false,"total_views":0,"today_views":0},"_links":{"self":[{"href":"https:\/\/tuplice.pl\/index.php\/wp-json\/wp\/v2\/posts\/4396"}],"collection":[{"href":"https:\/\/tuplice.pl\/index.php\/wp-json\/wp\/v2\/posts"}],"about":[{"href":"https:\/\/tuplice.pl\/index.php\/wp-json\/wp\/v2\/types\/post"}],"author":[{"embeddable":true,"href":"https:\/\/tuplice.pl\/index.php\/wp-json\/wp\/v2\/users\/3"}],"replies":[{"embeddable":true,"href":"https:\/\/tuplice.pl\/index.php\/wp-json\/wp\/v2\/comments?post=4396"}],"version-history":[{"count":1,"href":"https:\/\/tuplice.pl\/index.php\/wp-json\/wp\/v2\/posts\/4396\/revisions"}],"predecessor-version":[{"id":4397,"href":"https:\/\/tuplice.pl\/index.php\/wp-json\/wp\/v2\/posts\/4396\/revisions\/4397"}],"wp:featuredmedia":[{"embeddable":true,"href":"https:\/\/tuplice.pl\/index.php\/wp-json\/wp\/v2\/media\/4379"}],"wp:attachment":[{"href":"https:\/\/tuplice.pl\/index.php\/wp-json\/wp\/v2\/media?parent=4396"}],"wp:term":[{"taxonomy":"category","embeddable":true,"href":"https:\/\/tuplice.pl\/index.php\/wp-json\/wp\/v2\/categories?post=4396"},{"taxonomy":"post_tag","embeddable":true,"href":"https:\/\/tuplice.pl\/index.php\/wp-json\/wp\/v2\/tags?post=4396"}],"curies":[{"name":"wp","href":"https:\/\/api.w.org\/{rel}","templated":true}]}}