{"id":4412,"date":"2022-01-26T07:51:20","date_gmt":"2022-01-26T06:51:20","guid":{"rendered":"http:\/\/tuplice.pl\/?p=4412"},"modified":"2022-01-26T07:51:20","modified_gmt":"2022-01-26T06:51:20","slug":"szklolenia-zus-i-kas-w-ramach-polskiego-ladu","status":"publish","type":"post","link":"https:\/\/tuplice.pl\/index.php\/2022\/01\/26\/szklolenia-zus-i-kas-w-ramach-polskiego-ladu\/","title":{"rendered":"Szklolenia ZUS i KAS w ramach Polskiego \u0141adu"},"content":{"rendered":"<p><strong>\u00a0<\/strong>Zbli\u017ca si\u0119 termin rozliczenia sk\u0142adek na ubezpieczenia spo\u0142eczne i zdrowotne za stycze\u0144 2022 r. Polski \u0141ad wprowadzi\u0142 m.in. zmiany w zakresie sk\u0142adki zdrowotnej oraz podatk\u00f3w.Dlatego Zak\u0142ad Ubezpiecze\u0144 Spo\u0142ecznych (ZUS) wsp\u00f3lnie z Krajow\u0105 Administracj\u0105 Skarbow\u0105 (KAS) przygotowa\u0142 pakiet wsparcia dla przedsi\u0119biorc\u00f3w.<\/p>\n<p>Organizujemy dla Pa\u0144stwa szkolenia przez Internet (webinaria).<\/p>\n<p>Najbli\u017csze terminy webinari\u00f3w w ramach Polskiego \u0141adu, godz. 10.00<em>:<\/em><\/p>\n<ul>\n<li>01.2022 r.<\/li>\n<li>02.2022 r.<\/li>\n<li>02.2022 r.<\/li>\n<li>02.2022 r.<\/li>\n<li>02.2022 r.<\/li>\n<li>02.2022 r.<\/li>\n<li>02.2022 r.<\/li>\n<\/ul>\n<p>&nbsp;<\/p>\n<p>Je\u015bli chc\u0105 Pa\u0144stwo wzi\u0105\u0107 w nich udzia\u0142, prosimy o przes\u0142anie informacji na adres: <a href=\"mailto:zus_zielonagora_wsparcie@zus.pl\">zus_zielonagora_wsparcie@zus.pl<\/a> :<\/p>\n<ul>\n<li><strong>imienia i nazwiska <\/strong><\/li>\n<li><strong>adresu e-mail, na kt\u00f3ry ma zosta\u0107 wys\u0142ane zaproszenie na webinarium<\/strong><\/li>\n<li><strong>wybranego terminu webinarium<\/strong><\/li>\n<li><strong>o\u015bwiadczenia o tre\u015bci:<\/strong><\/li>\n<\/ul>\n<p>\u201eNa podstawie art. 6 ust. 1 lit. a) rozporz\u0105dzenia Parlamentu Europejskiego i Rady (UE) 2016\/679 z dnia 27 kwietnia 2016 r. w sprawie ochrony os\u00f3b fizycznych w zwi\u0105zku z przetwarzaniem danych osobowych i w sprawie swobodnego przep\u0142ywu takich danych oraz uchylenia dyrektywy 95\/46\/WE (dalej: \u201eRODO&#8221;) wyra\u017cam zgod\u0119 na przetwarzanie moich danych osobowych (imi\u0119, nazwisko, adres mailowy) przez Zak\u0142ad Ubezpiecze\u0144 Spo\u0142ecznych.<\/p>\n<p>Podane przeze mnie dane osobowe b\u0119d\u0105 przetwarzane wy\u0142\u0105cznie w celu udzia\u0142u w webinarium Polski \u0141ad.<\/p>\n<p>Wiem, \u017ce:<\/p>\n<ul>\n<li>posiadam prawo do wycofania w dowolnym momencie zgody na przetwarzanie moich danych osobowych,<\/li>\n<li>wycofanie przeze mnie zgody nie ma wp\u0142ywu na to, czy przetwarzanie, kt\u00f3re zosta\u0142o przeprowadzone na podstawie mojej zgody, zanim j\u0105 wycofa\u0142em\/am, by\u0142o zgodne z prawem.\u201d<\/li>\n<\/ul>\n<p>&nbsp;<\/p>\n<p>Oferujemy te\u017c indywidualn\u0105 opiek\u0119 dla przedsi\u0119biorc\u00f3w w plac\u00f3wkach ZUS i KAS:<\/p>\n<p>&nbsp;<\/p>\n<p>Najbli\u017csze terminy dy\u017cur\u00f3w pracownik\u00f3w <strong><u>KAS w ZUS<\/u>:<\/strong><\/p>\n<ul>\n<li>01 oraz 7 i 14.02.2022 r. Oddzia\u0142 ZUS w Zielonej G\u00f3rze ul. Kupiecka 65,<br \/>\ngodzina 11.00 do 13.00.<\/li>\n<\/ul>\n<p>Najbli\u017csze terminy dy\u017cur\u00f3w pracownik\u00f3w <strong><u>ZUS w KAS<\/u>:<\/strong><\/p>\n<ul>\n<li>01 oraz 2,9,16.02.2022 r. Pierwszy Urz\u0105d Skarbowy w Zielonej G\u00f3rze Centrum Obs\u0142ugi Klienta ul. Doktora Pieni\u0119\u017cnego 24, godzina 11.00 do 13.00<\/li>\n<\/ul>\n<p>&nbsp;<\/p>\n<p>W przypadku pyta\u0144 merytorycznych, maile prosz\u0119 kierowa\u0107 na adres: <a href=\"mailto:cot@zus.pl\">cot@zus.pl<\/a> .<\/p>\n<p>&nbsp;<\/p>\n<p>&nbsp;<\/p>\n","protected":false},"excerpt":{"rendered":"<p>\u00a0Zbli\u017ca si\u0119 termin rozliczenia sk\u0142adek na ubezpieczenia spo\u0142eczne i zdrowotne za stycze\u0144 2022 r. Polski \u0141ad wprowadzi\u0142 m.in. zmiany w zakresie sk\u0142adki zdrowotnej oraz podatk\u00f3w.Dlatego Zak\u0142ad Ubezpiecze\u0144 Spo\u0142ecznych (ZUS) wsp\u00f3lnie z Krajow\u0105 Administracj\u0105 Skarbow\u0105 (KAS) przygotowa\u0142 pakiet wsparcia dla przedsi\u0119biorc\u00f3w. Organizujemy dla Pa\u0144stwa szkolenia przez Internet (webinaria). Najbli\u017csze terminy webinari\u00f3w w ramach Polskiego \u0141adu, godz. [&hellip;]<\/p>\n","protected":false},"author":3,"featured_media":4414,"comment_status":"closed","ping_status":"closed","sticky":false,"template":"","format":"standard","meta":{"_et_pb_use_builder":"","_et_pb_old_content":"","_et_gb_content_width":"","_monsterinsights_skip_tracking":false},"categories":[82],"tags":[],"aioseo_notices":[],"aioseo_head":"\n\t\t<!-- All in One SEO 4.9.10 - aioseo.com -->\n\t<meta name=\"description\" content=\"Zbli\u017ca si\u0119 termin rozliczenia sk\u0142adek na ubezpieczenia spo\u0142eczne i zdrowotne za stycze\u0144 2022 r. Polski \u0141ad wprowadzi\u0142 m.in. zmiany w zakresie sk\u0142adki zdrowotnej oraz podatk\u00f3w.Dlatego Zak\u0142ad Ubezpiecze\u0144 Spo\u0142ecznych (ZUS) wsp\u00f3lnie z Krajow\u0105 Administracj\u0105 Skarbow\u0105 (KAS) przygotowa\u0142 pakiet wsparcia dla przedsi\u0119biorc\u00f3w. Organizujemy dla Pa\u0144stwa szkolenia przez Internet (webinaria). Najbli\u017csze terminy webinari\u00f3w w ramach Polskiego \u0141adu, godz.\" \/>\n\t<meta name=\"robots\" content=\"max-image-preview:large\" \/>\n\t<meta name=\"author\" content=\"Jacek Konieczy\u0144ski\"\/>\n\t<link rel=\"canonical\" href=\"https:\/\/tuplice.pl\/index.php\/2022\/01\/26\/szklolenia-zus-i-kas-w-ramach-polskiego-ladu\/\" \/>\n\t<meta name=\"generator\" content=\"All in One SEO (AIOSEO) 4.9.10\" \/>\n\t\t<meta property=\"og:locale\" content=\"pl_PL\" \/>\n\t\t<meta property=\"og:site_name\" content=\"Gmina Tuplice - Strona Gminy Tuplice\" \/>\n\t\t<meta property=\"og:type\" content=\"article\" \/>\n\t\t<meta property=\"og:title\" content=\"Szklolenia ZUS i KAS w ramach Polskiego \u0141adu - Gmina Tuplice\" \/>\n\t\t<meta property=\"og:description\" content=\"Zbli\u017ca si\u0119 termin rozliczenia sk\u0142adek na ubezpieczenia spo\u0142eczne i zdrowotne za stycze\u0144 2022 r. Polski \u0141ad wprowadzi\u0142 m.in. zmiany w zakresie sk\u0142adki zdrowotnej oraz podatk\u00f3w.Dlatego Zak\u0142ad Ubezpiecze\u0144 Spo\u0142ecznych (ZUS) wsp\u00f3lnie z Krajow\u0105 Administracj\u0105 Skarbow\u0105 (KAS) przygotowa\u0142 pakiet wsparcia dla przedsi\u0119biorc\u00f3w. Organizujemy dla Pa\u0144stwa szkolenia przez Internet (webinaria). Najbli\u017csze terminy webinari\u00f3w w ramach Polskiego \u0141adu, godz.\" \/>\n\t\t<meta property=\"og:url\" content=\"https:\/\/tuplice.pl\/index.php\/2022\/01\/26\/szklolenia-zus-i-kas-w-ramach-polskiego-ladu\/\" \/>\n\t\t<meta property=\"article:published_time\" content=\"2022-01-26T06:51:20+00:00\" \/>\n\t\t<meta property=\"article:modified_time\" content=\"2022-01-26T06:51:20+00:00\" \/>\n\t\t<meta property=\"article:publisher\" content=\"https:\/\/facebook.com\/Tuplicki Biuletyn Informacyjny\" \/>\n\t\t<meta name=\"twitter:card\" content=\"summary_large_image\" \/>\n\t\t<meta name=\"twitter:title\" content=\"Szklolenia ZUS i KAS w ramach Polskiego \u0141adu - Gmina Tuplice\" \/>\n\t\t<meta name=\"twitter:description\" content=\"Zbli\u017ca si\u0119 termin rozliczenia sk\u0142adek na ubezpieczenia spo\u0142eczne i zdrowotne za stycze\u0144 2022 r. Polski \u0141ad wprowadzi\u0142 m.in. zmiany w zakresie sk\u0142adki zdrowotnej oraz podatk\u00f3w.Dlatego Zak\u0142ad Ubezpiecze\u0144 Spo\u0142ecznych (ZUS) wsp\u00f3lnie z Krajow\u0105 Administracj\u0105 Skarbow\u0105 (KAS) przygotowa\u0142 pakiet wsparcia dla przedsi\u0119biorc\u00f3w. Organizujemy dla Pa\u0144stwa szkolenia przez Internet (webinaria). Najbli\u017csze terminy webinari\u00f3w w ramach Polskiego \u0141adu, godz.\" \/>\n\t\t<script type=\"application\/ld+json\" class=\"aioseo-schema\">\n\t\t\t{\"@context\":\"https:\\\/\\\/schema.org\",\"@graph\":[{\"@type\":\"BlogPosting\",\"@id\":\"https:\\\/\\\/tuplice.pl\\\/index.php\\\/2022\\\/01\\\/26\\\/szklolenia-zus-i-kas-w-ramach-polskiego-ladu\\\/#blogposting\",\"name\":\"Szklolenia ZUS i KAS w ramach Polskiego \\u0141adu - Gmina Tuplice\",\"headline\":\"Szklolenia ZUS i KAS w ramach Polskiego \\u0141adu\",\"author\":{\"@id\":\"https:\\\/\\\/tuplice.pl\\\/index.php\\\/author\\\/tuplice\\\/#author\"},\"publisher\":{\"@id\":\"https:\\\/\\\/tuplice.pl\\\/#organization\"},\"image\":{\"@type\":\"ImageObject\",\"url\":\"https:\\\/\\\/tuplice.pl\\\/wp-content\\\/uploads\\\/2022\\\/01\\\/Logo_zus.png\",\"width\":200,\"height\":200},\"datePublished\":\"2022-01-26T07:51:20+01:00\",\"dateModified\":\"2022-01-26T07:51:20+01:00\",\"inLanguage\":\"pl-PL\",\"mainEntityOfPage\":{\"@id\":\"https:\\\/\\\/tuplice.pl\\\/index.php\\\/2022\\\/01\\\/26\\\/szklolenia-zus-i-kas-w-ramach-polskiego-ladu\\\/#webpage\"},\"isPartOf\":{\"@id\":\"https:\\\/\\\/tuplice.pl\\\/index.php\\\/2022\\\/01\\\/26\\\/szklolenia-zus-i-kas-w-ramach-polskiego-ladu\\\/#webpage\"},\"articleSection\":\"Aktualno\\u015bci\"},{\"@type\":\"BreadcrumbList\",\"@id\":\"https:\\\/\\\/tuplice.pl\\\/index.php\\\/2022\\\/01\\\/26\\\/szklolenia-zus-i-kas-w-ramach-polskiego-ladu\\\/#breadcrumblist\",\"itemListElement\":[{\"@type\":\"ListItem\",\"@id\":\"https:\\\/\\\/tuplice.pl#listItem\",\"position\":1,\"name\":\"Home\",\"item\":\"https:\\\/\\\/tuplice.pl\",\"nextItem\":{\"@type\":\"ListItem\",\"@id\":\"https:\\\/\\\/tuplice.pl\\\/index.php\\\/category\\\/aktualnosci\\\/#listItem\",\"name\":\"Aktualno\\u015bci\"}},{\"@type\":\"ListItem\",\"@id\":\"https:\\\/\\\/tuplice.pl\\\/index.php\\\/category\\\/aktualnosci\\\/#listItem\",\"position\":2,\"name\":\"Aktualno\\u015bci\",\"item\":\"https:\\\/\\\/tuplice.pl\\\/index.php\\\/category\\\/aktualnosci\\\/\",\"nextItem\":{\"@type\":\"ListItem\",\"@id\":\"https:\\\/\\\/tuplice.pl\\\/index.php\\\/2022\\\/01\\\/26\\\/szklolenia-zus-i-kas-w-ramach-polskiego-ladu\\\/#listItem\",\"name\":\"Szklolenia ZUS i KAS w ramach Polskiego \\u0141adu\"},\"previousItem\":{\"@type\":\"ListItem\",\"@id\":\"https:\\\/\\\/tuplice.pl#listItem\",\"name\":\"Home\"}},{\"@type\":\"ListItem\",\"@id\":\"https:\\\/\\\/tuplice.pl\\\/index.php\\\/2022\\\/01\\\/26\\\/szklolenia-zus-i-kas-w-ramach-polskiego-ladu\\\/#listItem\",\"position\":3,\"name\":\"Szklolenia ZUS i KAS w ramach Polskiego \\u0141adu\",\"previousItem\":{\"@type\":\"ListItem\",\"@id\":\"https:\\\/\\\/tuplice.pl\\\/index.php\\\/category\\\/aktualnosci\\\/#listItem\",\"name\":\"Aktualno\\u015bci\"}}]},{\"@type\":\"Organization\",\"@id\":\"https:\\\/\\\/tuplice.pl\\\/#organization\",\"name\":\"Gmina Tuplice Gmina Tuplice\",\"description\":\"Strona Gminy Tuplice Strona Urz\\u0119du Gminy Tuplice\",\"url\":\"https:\\\/\\\/tuplice.pl\\\/\",\"telephone\":\"+48683625720\",\"logo\":{\"@type\":\"ImageObject\",\"url\":\"https:\\\/\\\/tuplice.pl\\\/wp-content\\\/uploads\\\/2025\\\/07\\\/images.png\",\"@id\":\"https:\\\/\\\/tuplice.pl\\\/index.php\\\/2022\\\/01\\\/26\\\/szklolenia-zus-i-kas-w-ramach-polskiego-ladu\\\/#organizationLogo\",\"width\":282,\"height\":179},\"image\":{\"@id\":\"https:\\\/\\\/tuplice.pl\\\/index.php\\\/2022\\\/01\\\/26\\\/szklolenia-zus-i-kas-w-ramach-polskiego-ladu\\\/#organizationLogo\"},\"sameAs\":[\"https:\\\/\\\/facebook.com\\\/Tuplicki Biuletyn Informacyjny\",\"https:\\\/\\\/pinterest.com\\\/Tuplicki Biuletyn Informacyjny\",\"https:\\\/\\\/youtube.com\\\/Tuplicki Biuletyn Informacyjny\"]},{\"@type\":\"Person\",\"@id\":\"https:\\\/\\\/tuplice.pl\\\/index.php\\\/author\\\/tuplice\\\/#author\",\"url\":\"https:\\\/\\\/tuplice.pl\\\/index.php\\\/author\\\/tuplice\\\/\",\"name\":\"Jacek Konieczy\\u0144ski\",\"image\":{\"@type\":\"ImageObject\",\"@id\":\"https:\\\/\\\/tuplice.pl\\\/index.php\\\/2022\\\/01\\\/26\\\/szklolenia-zus-i-kas-w-ramach-polskiego-ladu\\\/#authorImage\",\"url\":\"https:\\\/\\\/secure.gravatar.com\\\/avatar\\\/8aa224da0ce3c7d7e2a92a582397a6f3?s=96&d=mm&r=g\",\"width\":96,\"height\":96,\"caption\":\"Jacek Konieczy\\u0144ski\"}},{\"@type\":\"WebPage\",\"@id\":\"https:\\\/\\\/tuplice.pl\\\/index.php\\\/2022\\\/01\\\/26\\\/szklolenia-zus-i-kas-w-ramach-polskiego-ladu\\\/#webpage\",\"url\":\"https:\\\/\\\/tuplice.pl\\\/index.php\\\/2022\\\/01\\\/26\\\/szklolenia-zus-i-kas-w-ramach-polskiego-ladu\\\/\",\"name\":\"Szklolenia ZUS i KAS w ramach Polskiego \\u0141adu - Gmina Tuplice\",\"description\":\"Zbli\\u017ca si\\u0119 termin rozliczenia sk\\u0142adek na ubezpieczenia spo\\u0142eczne i zdrowotne za stycze\\u0144 2022 r. Polski \\u0141ad wprowadzi\\u0142 m.in. zmiany w zakresie sk\\u0142adki zdrowotnej oraz podatk\\u00f3w.Dlatego Zak\\u0142ad Ubezpiecze\\u0144 Spo\\u0142ecznych (ZUS) wsp\\u00f3lnie z Krajow\\u0105 Administracj\\u0105 Skarbow\\u0105 (KAS) przygotowa\\u0142 pakiet wsparcia dla przedsi\\u0119biorc\\u00f3w. Organizujemy dla Pa\\u0144stwa szkolenia przez Internet (webinaria). Najbli\\u017csze terminy webinari\\u00f3w w ramach Polskiego \\u0141adu, godz.\",\"inLanguage\":\"pl-PL\",\"isPartOf\":{\"@id\":\"https:\\\/\\\/tuplice.pl\\\/#website\"},\"breadcrumb\":{\"@id\":\"https:\\\/\\\/tuplice.pl\\\/index.php\\\/2022\\\/01\\\/26\\\/szklolenia-zus-i-kas-w-ramach-polskiego-ladu\\\/#breadcrumblist\"},\"author\":{\"@id\":\"https:\\\/\\\/tuplice.pl\\\/index.php\\\/author\\\/tuplice\\\/#author\"},\"creator\":{\"@id\":\"https:\\\/\\\/tuplice.pl\\\/index.php\\\/author\\\/tuplice\\\/#author\"},\"image\":{\"@type\":\"ImageObject\",\"url\":\"https:\\\/\\\/tuplice.pl\\\/wp-content\\\/uploads\\\/2022\\\/01\\\/Logo_zus.png\",\"@id\":\"https:\\\/\\\/tuplice.pl\\\/index.php\\\/2022\\\/01\\\/26\\\/szklolenia-zus-i-kas-w-ramach-polskiego-ladu\\\/#mainImage\",\"width\":200,\"height\":200},\"primaryImageOfPage\":{\"@id\":\"https:\\\/\\\/tuplice.pl\\\/index.php\\\/2022\\\/01\\\/26\\\/szklolenia-zus-i-kas-w-ramach-polskiego-ladu\\\/#mainImage\"},\"datePublished\":\"2022-01-26T07:51:20+01:00\",\"dateModified\":\"2022-01-26T07:51:20+01:00\"},{\"@type\":\"WebSite\",\"@id\":\"https:\\\/\\\/tuplice.pl\\\/#website\",\"url\":\"https:\\\/\\\/tuplice.pl\\\/\",\"name\":\"Gmina Tuplice\",\"description\":\"Strona Gminy Tuplice\",\"inLanguage\":\"pl-PL\",\"publisher\":{\"@id\":\"https:\\\/\\\/tuplice.pl\\\/#organization\"}}]}\n\t\t<\/script>\n\t\t<!-- All in One SEO -->\n\n","aioseo_head_json":{"title":"Szklolenia ZUS i KAS w ramach Polskiego \u0141adu - Gmina Tuplice","description":"Zbli\u017ca si\u0119 termin rozliczenia sk\u0142adek na ubezpieczenia spo\u0142eczne i zdrowotne za stycze\u0144 2022 r. Polski \u0141ad wprowadzi\u0142 m.in. zmiany w zakresie sk\u0142adki zdrowotnej oraz podatk\u00f3w.Dlatego Zak\u0142ad Ubezpiecze\u0144 Spo\u0142ecznych (ZUS) wsp\u00f3lnie z Krajow\u0105 Administracj\u0105 Skarbow\u0105 (KAS) przygotowa\u0142 pakiet wsparcia dla przedsi\u0119biorc\u00f3w. Organizujemy dla Pa\u0144stwa szkolenia przez Internet (webinaria). Najbli\u017csze terminy webinari\u00f3w w ramach Polskiego \u0141adu, godz.","canonical_url":"https:\/\/tuplice.pl\/index.php\/2022\/01\/26\/szklolenia-zus-i-kas-w-ramach-polskiego-ladu\/","robots":"max-image-preview:large","keywords":"","webmasterTools":{"miscellaneous":""},"schema":{"@context":"https:\/\/schema.org","@graph":[{"@type":"BlogPosting","@id":"https:\/\/tuplice.pl\/index.php\/2022\/01\/26\/szklolenia-zus-i-kas-w-ramach-polskiego-ladu\/#blogposting","name":"Szklolenia ZUS i KAS w ramach Polskiego \u0141adu - Gmina Tuplice","headline":"Szklolenia ZUS i KAS w ramach Polskiego \u0141adu","author":{"@id":"https:\/\/tuplice.pl\/index.php\/author\/tuplice\/#author"},"publisher":{"@id":"https:\/\/tuplice.pl\/#organization"},"image":{"@type":"ImageObject","url":"https:\/\/tuplice.pl\/wp-content\/uploads\/2022\/01\/Logo_zus.png","width":200,"height":200},"datePublished":"2022-01-26T07:51:20+01:00","dateModified":"2022-01-26T07:51:20+01:00","inLanguage":"pl-PL","mainEntityOfPage":{"@id":"https:\/\/tuplice.pl\/index.php\/2022\/01\/26\/szklolenia-zus-i-kas-w-ramach-polskiego-ladu\/#webpage"},"isPartOf":{"@id":"https:\/\/tuplice.pl\/index.php\/2022\/01\/26\/szklolenia-zus-i-kas-w-ramach-polskiego-ladu\/#webpage"},"articleSection":"Aktualno\u015bci"},{"@type":"BreadcrumbList","@id":"https:\/\/tuplice.pl\/index.php\/2022\/01\/26\/szklolenia-zus-i-kas-w-ramach-polskiego-ladu\/#breadcrumblist","itemListElement":[{"@type":"ListItem","@id":"https:\/\/tuplice.pl#listItem","position":1,"name":"Home","item":"https:\/\/tuplice.pl","nextItem":{"@type":"ListItem","@id":"https:\/\/tuplice.pl\/index.php\/category\/aktualnosci\/#listItem","name":"Aktualno\u015bci"}},{"@type":"ListItem","@id":"https:\/\/tuplice.pl\/index.php\/category\/aktualnosci\/#listItem","position":2,"name":"Aktualno\u015bci","item":"https:\/\/tuplice.pl\/index.php\/category\/aktualnosci\/","nextItem":{"@type":"ListItem","@id":"https:\/\/tuplice.pl\/index.php\/2022\/01\/26\/szklolenia-zus-i-kas-w-ramach-polskiego-ladu\/#listItem","name":"Szklolenia ZUS i KAS w ramach Polskiego \u0141adu"},"previousItem":{"@type":"ListItem","@id":"https:\/\/tuplice.pl#listItem","name":"Home"}},{"@type":"ListItem","@id":"https:\/\/tuplice.pl\/index.php\/2022\/01\/26\/szklolenia-zus-i-kas-w-ramach-polskiego-ladu\/#listItem","position":3,"name":"Szklolenia ZUS i KAS w ramach Polskiego \u0141adu","previousItem":{"@type":"ListItem","@id":"https:\/\/tuplice.pl\/index.php\/category\/aktualnosci\/#listItem","name":"Aktualno\u015bci"}}]},{"@type":"Organization","@id":"https:\/\/tuplice.pl\/#organization","name":"Gmina Tuplice Gmina Tuplice","description":"Strona Gminy Tuplice Strona Urz\u0119du Gminy Tuplice","url":"https:\/\/tuplice.pl\/","telephone":"+48683625720","logo":{"@type":"ImageObject","url":"https:\/\/tuplice.pl\/wp-content\/uploads\/2025\/07\/images.png","@id":"https:\/\/tuplice.pl\/index.php\/2022\/01\/26\/szklolenia-zus-i-kas-w-ramach-polskiego-ladu\/#organizationLogo","width":282,"height":179},"image":{"@id":"https:\/\/tuplice.pl\/index.php\/2022\/01\/26\/szklolenia-zus-i-kas-w-ramach-polskiego-ladu\/#organizationLogo"},"sameAs":["https:\/\/facebook.com\/Tuplicki Biuletyn Informacyjny","https:\/\/pinterest.com\/Tuplicki Biuletyn Informacyjny","https:\/\/youtube.com\/Tuplicki Biuletyn Informacyjny"]},{"@type":"Person","@id":"https:\/\/tuplice.pl\/index.php\/author\/tuplice\/#author","url":"https:\/\/tuplice.pl\/index.php\/author\/tuplice\/","name":"Jacek Konieczy\u0144ski","image":{"@type":"ImageObject","@id":"https:\/\/tuplice.pl\/index.php\/2022\/01\/26\/szklolenia-zus-i-kas-w-ramach-polskiego-ladu\/#authorImage","url":"https:\/\/secure.gravatar.com\/avatar\/8aa224da0ce3c7d7e2a92a582397a6f3?s=96&d=mm&r=g","width":96,"height":96,"caption":"Jacek Konieczy\u0144ski"}},{"@type":"WebPage","@id":"https:\/\/tuplice.pl\/index.php\/2022\/01\/26\/szklolenia-zus-i-kas-w-ramach-polskiego-ladu\/#webpage","url":"https:\/\/tuplice.pl\/index.php\/2022\/01\/26\/szklolenia-zus-i-kas-w-ramach-polskiego-ladu\/","name":"Szklolenia ZUS i KAS w ramach Polskiego \u0141adu - Gmina Tuplice","description":"Zbli\u017ca si\u0119 termin rozliczenia sk\u0142adek na ubezpieczenia spo\u0142eczne i zdrowotne za stycze\u0144 2022 r. Polski \u0141ad wprowadzi\u0142 m.in. zmiany w zakresie sk\u0142adki zdrowotnej oraz podatk\u00f3w.Dlatego Zak\u0142ad Ubezpiecze\u0144 Spo\u0142ecznych (ZUS) wsp\u00f3lnie z Krajow\u0105 Administracj\u0105 Skarbow\u0105 (KAS) przygotowa\u0142 pakiet wsparcia dla przedsi\u0119biorc\u00f3w. Organizujemy dla Pa\u0144stwa szkolenia przez Internet (webinaria). Najbli\u017csze terminy webinari\u00f3w w ramach Polskiego \u0141adu, godz.","inLanguage":"pl-PL","isPartOf":{"@id":"https:\/\/tuplice.pl\/#website"},"breadcrumb":{"@id":"https:\/\/tuplice.pl\/index.php\/2022\/01\/26\/szklolenia-zus-i-kas-w-ramach-polskiego-ladu\/#breadcrumblist"},"author":{"@id":"https:\/\/tuplice.pl\/index.php\/author\/tuplice\/#author"},"creator":{"@id":"https:\/\/tuplice.pl\/index.php\/author\/tuplice\/#author"},"image":{"@type":"ImageObject","url":"https:\/\/tuplice.pl\/wp-content\/uploads\/2022\/01\/Logo_zus.png","@id":"https:\/\/tuplice.pl\/index.php\/2022\/01\/26\/szklolenia-zus-i-kas-w-ramach-polskiego-ladu\/#mainImage","width":200,"height":200},"primaryImageOfPage":{"@id":"https:\/\/tuplice.pl\/index.php\/2022\/01\/26\/szklolenia-zus-i-kas-w-ramach-polskiego-ladu\/#mainImage"},"datePublished":"2022-01-26T07:51:20+01:00","dateModified":"2022-01-26T07:51:20+01:00"},{"@type":"WebSite","@id":"https:\/\/tuplice.pl\/#website","url":"https:\/\/tuplice.pl\/","name":"Gmina Tuplice","description":"Strona Gminy Tuplice","inLanguage":"pl-PL","publisher":{"@id":"https:\/\/tuplice.pl\/#organization"}}]},"og:locale":"pl_PL","og:site_name":"Gmina Tuplice - Strona Gminy Tuplice","og:type":"article","og:title":"Szklolenia ZUS i KAS w ramach Polskiego \u0141adu - Gmina Tuplice","og:description":"Zbli\u017ca si\u0119 termin rozliczenia sk\u0142adek na ubezpieczenia spo\u0142eczne i zdrowotne za stycze\u0144 2022 r. Polski \u0141ad wprowadzi\u0142 m.in. zmiany w zakresie sk\u0142adki zdrowotnej oraz podatk\u00f3w.Dlatego Zak\u0142ad Ubezpiecze\u0144 Spo\u0142ecznych (ZUS) wsp\u00f3lnie z Krajow\u0105 Administracj\u0105 Skarbow\u0105 (KAS) przygotowa\u0142 pakiet wsparcia dla przedsi\u0119biorc\u00f3w. Organizujemy dla Pa\u0144stwa szkolenia przez Internet (webinaria). Najbli\u017csze terminy webinari\u00f3w w ramach Polskiego \u0141adu, godz.","og:url":"https:\/\/tuplice.pl\/index.php\/2022\/01\/26\/szklolenia-zus-i-kas-w-ramach-polskiego-ladu\/","article:published_time":"2022-01-26T06:51:20+00:00","article:modified_time":"2022-01-26T06:51:20+00:00","article:publisher":"https:\/\/facebook.com\/Tuplicki Biuletyn Informacyjny","twitter:card":"summary_large_image","twitter:title":"Szklolenia ZUS i KAS w ramach Polskiego \u0141adu - Gmina Tuplice","twitter:description":"Zbli\u017ca si\u0119 termin rozliczenia sk\u0142adek na ubezpieczenia spo\u0142eczne i zdrowotne za stycze\u0144 2022 r. Polski \u0141ad wprowadzi\u0142 m.in. zmiany w zakresie sk\u0142adki zdrowotnej oraz podatk\u00f3w.Dlatego Zak\u0142ad Ubezpiecze\u0144 Spo\u0142ecznych (ZUS) wsp\u00f3lnie z Krajow\u0105 Administracj\u0105 Skarbow\u0105 (KAS) przygotowa\u0142 pakiet wsparcia dla przedsi\u0119biorc\u00f3w. Organizujemy dla Pa\u0144stwa szkolenia przez Internet (webinaria). Najbli\u017csze terminy webinari\u00f3w w ramach Polskiego \u0141adu, godz."},"aioseo_meta_data":{"post_id":"4412","title":null,"description":null,"keywords":null,"keyphrases":null,"primary_term":null,"canonical_url":null,"og_title":null,"og_description":null,"og_object_type":"default","og_image_type":"default","og_image_url":null,"og_image_width":null,"og_image_height":null,"og_image_custom_url":null,"og_image_custom_fields":null,"og_video":null,"og_custom_url":null,"og_article_section":null,"og_article_tags":null,"twitter_use_og":false,"twitter_card":"default","twitter_image_type":"default","twitter_image_url":null,"twitter_image_custom_url":null,"twitter_image_custom_fields":null,"twitter_title":null,"twitter_description":null,"schema":{"blockGraphs":[],"customGraphs":[],"default":{"data":{"Article":[],"Course":[],"Dataset":[],"FAQPage":[],"Movie":[],"Person":[],"Product":[],"ProductReview":[],"Car":[],"Recipe":[],"Service":[],"SoftwareApplication":[],"WebPage":[]},"graphName":"","isEnabled":true},"graphs":[]},"schema_type":"default","schema_type_options":null,"pillar_content":false,"robots_default":true,"robots_noindex":false,"robots_noarchive":false,"robots_nosnippet":false,"robots_nofollow":false,"robots_noimageindex":false,"robots_noodp":false,"robots_notranslate":false,"robots_max_snippet":null,"robots_max_videopreview":null,"robots_max_imagepreview":"large","priority":null,"frequency":null,"local_seo":null,"breadcrumb_settings":null,"limit_modified_date":false,"ai":null,"created":"2025-07-22 23:46:04","updated":"2025-07-22 23:46:04","seo_analyzer_scan_date":null},"aioseo_breadcrumb":"<div class=\"aioseo-breadcrumbs\"><span class=\"aioseo-breadcrumb\">\n\t\t\t<a href=\"https:\/\/tuplice.pl\" title=\"Home\">Home<\/a>\n\t\t<\/span><span class=\"aioseo-breadcrumb-separator\">&raquo;<\/span><span class=\"aioseo-breadcrumb\">\n\t\t\t<a href=\"https:\/\/tuplice.pl\/index.php\/category\/aktualnosci\/\" title=\"Aktualno\u015bci\">Aktualno\u015bci<\/a>\n\t\t<\/span><span class=\"aioseo-breadcrumb-separator\">&raquo;<\/span><span class=\"aioseo-breadcrumb\">\n\t\t\tSzklolenia ZUS i KAS w ramach Polskiego \u0141adu\n\t\t<\/span><\/div>","aioseo_breadcrumb_json":[{"label":"Home","link":"https:\/\/tuplice.pl"},{"label":"Aktualno\u015bci","link":"https:\/\/tuplice.pl\/index.php\/category\/aktualnosci\/"},{"label":"Szklolenia ZUS i KAS w ramach Polskiego \u0141adu","link":"https:\/\/tuplice.pl\/index.php\/2022\/01\/26\/szklolenia-zus-i-kas-w-ramach-polskiego-ladu\/"}],"a3_pvc":{"activated":false,"total_views":0,"today_views":0},"_links":{"self":[{"href":"https:\/\/tuplice.pl\/index.php\/wp-json\/wp\/v2\/posts\/4412"}],"collection":[{"href":"https:\/\/tuplice.pl\/index.php\/wp-json\/wp\/v2\/posts"}],"about":[{"href":"https:\/\/tuplice.pl\/index.php\/wp-json\/wp\/v2\/types\/post"}],"author":[{"embeddable":true,"href":"https:\/\/tuplice.pl\/index.php\/wp-json\/wp\/v2\/users\/3"}],"replies":[{"embeddable":true,"href":"https:\/\/tuplice.pl\/index.php\/wp-json\/wp\/v2\/comments?post=4412"}],"version-history":[{"count":1,"href":"https:\/\/tuplice.pl\/index.php\/wp-json\/wp\/v2\/posts\/4412\/revisions"}],"predecessor-version":[{"id":4415,"href":"https:\/\/tuplice.pl\/index.php\/wp-json\/wp\/v2\/posts\/4412\/revisions\/4415"}],"wp:featuredmedia":[{"embeddable":true,"href":"https:\/\/tuplice.pl\/index.php\/wp-json\/wp\/v2\/media\/4414"}],"wp:attachment":[{"href":"https:\/\/tuplice.pl\/index.php\/wp-json\/wp\/v2\/media?parent=4412"}],"wp:term":[{"taxonomy":"category","embeddable":true,"href":"https:\/\/tuplice.pl\/index.php\/wp-json\/wp\/v2\/categories?post=4412"},{"taxonomy":"post_tag","embeddable":true,"href":"https:\/\/tuplice.pl\/index.php\/wp-json\/wp\/v2\/tags?post=4412"}],"curies":[{"name":"wp","href":"https:\/\/api.w.org\/{rel}","templated":true}]}}