{"id":4437,"date":"2022-04-29T12:40:21","date_gmt":"2022-04-29T10:40:21","guid":{"rendered":"http:\/\/tuplice.pl\/?p=4437"},"modified":"2022-04-29T12:40:21","modified_gmt":"2022-04-29T10:40:21","slug":"utrudnienia-w-ruchu-wzmozony-ruch-pojazdow-wojskowych-na-drogach","status":"publish","type":"post","link":"https:\/\/tuplice.pl\/index.php\/2022\/04\/29\/utrudnienia-w-ruchu-wzmozony-ruch-pojazdow-wojskowych-na-drogach\/","title":{"rendered":"Utrudnienia w ruchu &#8211; Wzmo\u017cony ruch pojazd\u00f3w wojskowych na drogach !!!"},"content":{"rendered":"<p style=\"text-align: center;\"><strong><em>Szanowni Pa\u0144stwo,<\/em><\/strong><\/p>\n<p>Informujemy, \u017ce od niedzieli, 1 maja, na drogach niemal ca\u0142ego kraju, b\u0119dzie odbywa\u0142 si\u0119 ruch kolumn pojazd\u00f3w wojskowych w zwi\u0105zku z wojskowymi \u00a0\u0107wiczeniami , kt\u00f3re odb\u0119d\u0105 si\u0119 zgodnie z tegorocznym programem szkolenia Si\u0142 Zbrojnych RP.<\/p>\n<p>W ramach \u0107wiczenia, od 1 maja do ko\u0144ca miesi\u0105ca, po drogach wojew\u00f3dztw: zachodniopomorskiego, lubuskiego, wielkopolskiego, kujawsko-pomorskiego, \u0142\u00f3dzkiego, mazowieckiego, lubelskiego i warmi\u0144sko-mazurskiego\u00a0 b\u0119dzie odbywa\u0142 si\u0119 ruch kolumn pojazd\u00f3w wojskowych. Pojazdy wojskowe b\u0119dzie mo\u017cna spotka\u0107 na autostradach, drogach ekspresowych oraz drogach krajowych.<\/p>\n<p>Przybycie i przejazd kolumn b\u0119d\u0105 r\u00f3wnie\u017c wykorzystane przez uczestnik\u00f3w \u0107wicze\u0144 m.in. do przetrenowania przyj\u0119cia i przerzutu sojuszniczych si\u0142, koordynacji dzia\u0142a\u0144 transgranicznych oraz wsp\u00f3\u0142pracy z pa\u0144stwami gospodarzami.<\/p>\n<p>Pojazdy bior\u0105ce udzia\u0142 w \u0107wiczeniach najcz\u0119\u015bciej porusza\u0107 si\u0119 b\u0119d\u0105 w godzinach nocnych, aby ich przejazd w jak najmniejszym stopniu powodowa\u0142 utrudnienia w ruchu. Jednak niekt\u00f3re przejazdy b\u0119d\u0105 odbywa\u0107 si\u0119 w ci\u0105gu dnia, a nawet w godzinach szczyt\u00f3w nat\u0119\u017cenia ruchu. B\u0119d\u0105 one eskortowane i zabezpieczone przez \u017bandarmeri\u0119 Wojskow\u0105 i poddzia\u0142y regulacji ruchu Wojska Polskiego we wsp\u00f3\u0142pracy z Policj\u0105. Przegrupowania zosta\u0142y skoordynowane z w\u0142a\u015bciwymi w\u0142adzami, w tym lokalnymi.<\/p>\n<p>&nbsp;<\/p>\n<p><strong>Zwracamy si\u0119 r\u00f3wnie\u017c z\u00a0 apelem do spo\u0142ecze\u0144stwa \u2013 chro\u0144my dane, zw\u0142aszcza w obecnej sytuacji. <\/strong><strong>Prosimy wszystkich aby nie publikowa\u0107 informacji i zdj\u0119\u0107 obrazuj\u0105cych ruchy wojsk i ich lokalizacj\u0119, dat i godzin przejazd\u00f3w kolumn wojskowych danych dotycz\u0105cych wylot\u00f3w i l\u0105dowa\u0144 wojskowych statk\u00f3w powietrznych. B\u0105d\u017amy \u015bwiadomi zagro\u017ce\u0144! <\/strong>Ka\u017cde nieprzemy\u015blane dzia\u0142anie w sieci, publikowanie zdj\u0119\u0107 przedstawiaj\u0105cych wa\u017cne wojskowe obiekty, instalacje, urz\u0105dzenia mo\u017ce mie\u0107 negatywne konsekwencje dla systemu bezpiecze\u0144stwa i obronno\u015bci.<\/p>\n<p>&nbsp;<\/p>\n","protected":false},"excerpt":{"rendered":"<p>Szanowni Pa\u0144stwo, Informujemy, \u017ce od niedzieli, 1 maja, na drogach niemal ca\u0142ego kraju, b\u0119dzie odbywa\u0142 si\u0119 ruch kolumn pojazd\u00f3w wojskowych w zwi\u0105zku z wojskowymi \u00a0\u0107wiczeniami , kt\u00f3re odb\u0119d\u0105 si\u0119 zgodnie z tegorocznym programem szkolenia Si\u0142 Zbrojnych RP. W ramach \u0107wiczenia, od 1 maja do ko\u0144ca miesi\u0105ca, po drogach wojew\u00f3dztw: zachodniopomorskiego, lubuskiego, wielkopolskiego, kujawsko-pomorskiego, \u0142\u00f3dzkiego, mazowieckiego, [&hellip;]<\/p>\n","protected":false},"author":3,"featured_media":4439,"comment_status":"closed","ping_status":"closed","sticky":false,"template":"","format":"standard","meta":{"_et_pb_use_builder":"","_et_pb_old_content":"","_et_gb_content_width":"","_monsterinsights_skip_tracking":false},"categories":[82],"tags":[],"aioseo_notices":[],"aioseo_head":"\n\t\t<!-- All in One SEO 4.9.10 - aioseo.com -->\n\t<meta name=\"description\" content=\"Szanowni Pa\u0144stwo, Informujemy, \u017ce od niedzieli, 1 maja, na drogach niemal ca\u0142ego kraju, b\u0119dzie odbywa\u0142 si\u0119 ruch kolumn pojazd\u00f3w wojskowych w zwi\u0105zku z wojskowymi \u0107wiczeniami , kt\u00f3re odb\u0119d\u0105 si\u0119 zgodnie z tegorocznym programem szkolenia Si\u0142 Zbrojnych RP. W ramach \u0107wiczenia, od 1 maja do ko\u0144ca miesi\u0105ca, po drogach wojew\u00f3dztw: zachodniopomorskiego, lubuskiego, wielkopolskiego, kujawsko-pomorskiego, \u0142\u00f3dzkiego, mazowieckiego,\" \/>\n\t<meta name=\"robots\" content=\"max-image-preview:large\" \/>\n\t<meta name=\"author\" content=\"Jacek Konieczy\u0144ski\"\/>\n\t<link rel=\"canonical\" href=\"https:\/\/tuplice.pl\/index.php\/2022\/04\/29\/utrudnienia-w-ruchu-wzmozony-ruch-pojazdow-wojskowych-na-drogach\/\" \/>\n\t<meta name=\"generator\" content=\"All in One SEO (AIOSEO) 4.9.10\" \/>\n\t\t<meta property=\"og:locale\" content=\"pl_PL\" \/>\n\t\t<meta property=\"og:site_name\" content=\"Gmina Tuplice - Strona Gminy Tuplice\" \/>\n\t\t<meta property=\"og:type\" content=\"article\" \/>\n\t\t<meta property=\"og:title\" content=\"Utrudnienia w ruchu \u2013 Wzmo\u017cony ruch pojazd\u00f3w wojskowych na drogach !!! - Gmina Tuplice\" \/>\n\t\t<meta property=\"og:description\" content=\"Szanowni Pa\u0144stwo, Informujemy, \u017ce od niedzieli, 1 maja, na drogach niemal ca\u0142ego kraju, b\u0119dzie odbywa\u0142 si\u0119 ruch kolumn pojazd\u00f3w wojskowych w zwi\u0105zku z wojskowymi \u0107wiczeniami , kt\u00f3re odb\u0119d\u0105 si\u0119 zgodnie z tegorocznym programem szkolenia Si\u0142 Zbrojnych RP. W ramach \u0107wiczenia, od 1 maja do ko\u0144ca miesi\u0105ca, po drogach wojew\u00f3dztw: zachodniopomorskiego, lubuskiego, wielkopolskiego, kujawsko-pomorskiego, \u0142\u00f3dzkiego, mazowieckiego,\" \/>\n\t\t<meta property=\"og:url\" content=\"https:\/\/tuplice.pl\/index.php\/2022\/04\/29\/utrudnienia-w-ruchu-wzmozony-ruch-pojazdow-wojskowych-na-drogach\/\" \/>\n\t\t<meta property=\"article:published_time\" content=\"2022-04-29T10:40:21+00:00\" \/>\n\t\t<meta property=\"article:modified_time\" content=\"2022-04-29T10:40:21+00:00\" \/>\n\t\t<meta property=\"article:publisher\" content=\"https:\/\/facebook.com\/Tuplicki Biuletyn Informacyjny\" \/>\n\t\t<meta name=\"twitter:card\" content=\"summary_large_image\" \/>\n\t\t<meta name=\"twitter:title\" content=\"Utrudnienia w ruchu \u2013 Wzmo\u017cony ruch pojazd\u00f3w wojskowych na drogach !!! - Gmina Tuplice\" \/>\n\t\t<meta name=\"twitter:description\" content=\"Szanowni Pa\u0144stwo, Informujemy, \u017ce od niedzieli, 1 maja, na drogach niemal ca\u0142ego kraju, b\u0119dzie odbywa\u0142 si\u0119 ruch kolumn pojazd\u00f3w wojskowych w zwi\u0105zku z wojskowymi \u0107wiczeniami , kt\u00f3re odb\u0119d\u0105 si\u0119 zgodnie z tegorocznym programem szkolenia Si\u0142 Zbrojnych RP. W ramach \u0107wiczenia, od 1 maja do ko\u0144ca miesi\u0105ca, po drogach wojew\u00f3dztw: zachodniopomorskiego, lubuskiego, wielkopolskiego, kujawsko-pomorskiego, \u0142\u00f3dzkiego, mazowieckiego,\" \/>\n\t\t<script type=\"application\/ld+json\" class=\"aioseo-schema\">\n\t\t\t{\"@context\":\"https:\\\/\\\/schema.org\",\"@graph\":[{\"@type\":\"BlogPosting\",\"@id\":\"https:\\\/\\\/tuplice.pl\\\/index.php\\\/2022\\\/04\\\/29\\\/utrudnienia-w-ruchu-wzmozony-ruch-pojazdow-wojskowych-na-drogach\\\/#blogposting\",\"name\":\"Utrudnienia w ruchu \\u2013 Wzmo\\u017cony ruch pojazd\\u00f3w wojskowych na drogach !!! - Gmina Tuplice\",\"headline\":\"Utrudnienia w ruchu &#8211; Wzmo\\u017cony ruch pojazd\\u00f3w wojskowych na drogach !!!\",\"author\":{\"@id\":\"https:\\\/\\\/tuplice.pl\\\/index.php\\\/author\\\/tuplice\\\/#author\"},\"publisher\":{\"@id\":\"https:\\\/\\\/tuplice.pl\\\/#organization\"},\"image\":{\"@type\":\"ImageObject\",\"url\":\"https:\\\/\\\/tuplice.pl\\\/wp-content\\\/uploads\\\/2022\\\/04\\\/baner_utrudnienia_info.jpg\",\"width\":960,\"height\":960},\"datePublished\":\"2022-04-29T12:40:21+02:00\",\"dateModified\":\"2022-04-29T12:40:21+02:00\",\"inLanguage\":\"pl-PL\",\"mainEntityOfPage\":{\"@id\":\"https:\\\/\\\/tuplice.pl\\\/index.php\\\/2022\\\/04\\\/29\\\/utrudnienia-w-ruchu-wzmozony-ruch-pojazdow-wojskowych-na-drogach\\\/#webpage\"},\"isPartOf\":{\"@id\":\"https:\\\/\\\/tuplice.pl\\\/index.php\\\/2022\\\/04\\\/29\\\/utrudnienia-w-ruchu-wzmozony-ruch-pojazdow-wojskowych-na-drogach\\\/#webpage\"},\"articleSection\":\"Aktualno\\u015bci\"},{\"@type\":\"BreadcrumbList\",\"@id\":\"https:\\\/\\\/tuplice.pl\\\/index.php\\\/2022\\\/04\\\/29\\\/utrudnienia-w-ruchu-wzmozony-ruch-pojazdow-wojskowych-na-drogach\\\/#breadcrumblist\",\"itemListElement\":[{\"@type\":\"ListItem\",\"@id\":\"https:\\\/\\\/tuplice.pl#listItem\",\"position\":1,\"name\":\"Home\",\"item\":\"https:\\\/\\\/tuplice.pl\",\"nextItem\":{\"@type\":\"ListItem\",\"@id\":\"https:\\\/\\\/tuplice.pl\\\/index.php\\\/category\\\/aktualnosci\\\/#listItem\",\"name\":\"Aktualno\\u015bci\"}},{\"@type\":\"ListItem\",\"@id\":\"https:\\\/\\\/tuplice.pl\\\/index.php\\\/category\\\/aktualnosci\\\/#listItem\",\"position\":2,\"name\":\"Aktualno\\u015bci\",\"item\":\"https:\\\/\\\/tuplice.pl\\\/index.php\\\/category\\\/aktualnosci\\\/\",\"nextItem\":{\"@type\":\"ListItem\",\"@id\":\"https:\\\/\\\/tuplice.pl\\\/index.php\\\/2022\\\/04\\\/29\\\/utrudnienia-w-ruchu-wzmozony-ruch-pojazdow-wojskowych-na-drogach\\\/#listItem\",\"name\":\"Utrudnienia w ruchu &#8211; Wzmo\\u017cony ruch pojazd\\u00f3w wojskowych na drogach !!!\"},\"previousItem\":{\"@type\":\"ListItem\",\"@id\":\"https:\\\/\\\/tuplice.pl#listItem\",\"name\":\"Home\"}},{\"@type\":\"ListItem\",\"@id\":\"https:\\\/\\\/tuplice.pl\\\/index.php\\\/2022\\\/04\\\/29\\\/utrudnienia-w-ruchu-wzmozony-ruch-pojazdow-wojskowych-na-drogach\\\/#listItem\",\"position\":3,\"name\":\"Utrudnienia w ruchu &#8211; Wzmo\\u017cony ruch pojazd\\u00f3w wojskowych na drogach !!!\",\"previousItem\":{\"@type\":\"ListItem\",\"@id\":\"https:\\\/\\\/tuplice.pl\\\/index.php\\\/category\\\/aktualnosci\\\/#listItem\",\"name\":\"Aktualno\\u015bci\"}}]},{\"@type\":\"Organization\",\"@id\":\"https:\\\/\\\/tuplice.pl\\\/#organization\",\"name\":\"Gmina Tuplice Gmina Tuplice\",\"description\":\"Strona Gminy Tuplice Strona Urz\\u0119du Gminy Tuplice\",\"url\":\"https:\\\/\\\/tuplice.pl\\\/\",\"telephone\":\"+48683625720\",\"logo\":{\"@type\":\"ImageObject\",\"url\":\"https:\\\/\\\/tuplice.pl\\\/wp-content\\\/uploads\\\/2025\\\/07\\\/images.png\",\"@id\":\"https:\\\/\\\/tuplice.pl\\\/index.php\\\/2022\\\/04\\\/29\\\/utrudnienia-w-ruchu-wzmozony-ruch-pojazdow-wojskowych-na-drogach\\\/#organizationLogo\",\"width\":282,\"height\":179},\"image\":{\"@id\":\"https:\\\/\\\/tuplice.pl\\\/index.php\\\/2022\\\/04\\\/29\\\/utrudnienia-w-ruchu-wzmozony-ruch-pojazdow-wojskowych-na-drogach\\\/#organizationLogo\"},\"sameAs\":[\"https:\\\/\\\/facebook.com\\\/Tuplicki Biuletyn Informacyjny\",\"https:\\\/\\\/pinterest.com\\\/Tuplicki Biuletyn Informacyjny\",\"https:\\\/\\\/youtube.com\\\/Tuplicki Biuletyn Informacyjny\"]},{\"@type\":\"Person\",\"@id\":\"https:\\\/\\\/tuplice.pl\\\/index.php\\\/author\\\/tuplice\\\/#author\",\"url\":\"https:\\\/\\\/tuplice.pl\\\/index.php\\\/author\\\/tuplice\\\/\",\"name\":\"Jacek Konieczy\\u0144ski\",\"image\":{\"@type\":\"ImageObject\",\"@id\":\"https:\\\/\\\/tuplice.pl\\\/index.php\\\/2022\\\/04\\\/29\\\/utrudnienia-w-ruchu-wzmozony-ruch-pojazdow-wojskowych-na-drogach\\\/#authorImage\",\"url\":\"https:\\\/\\\/secure.gravatar.com\\\/avatar\\\/8aa224da0ce3c7d7e2a92a582397a6f3?s=96&d=mm&r=g\",\"width\":96,\"height\":96,\"caption\":\"Jacek Konieczy\\u0144ski\"}},{\"@type\":\"WebPage\",\"@id\":\"https:\\\/\\\/tuplice.pl\\\/index.php\\\/2022\\\/04\\\/29\\\/utrudnienia-w-ruchu-wzmozony-ruch-pojazdow-wojskowych-na-drogach\\\/#webpage\",\"url\":\"https:\\\/\\\/tuplice.pl\\\/index.php\\\/2022\\\/04\\\/29\\\/utrudnienia-w-ruchu-wzmozony-ruch-pojazdow-wojskowych-na-drogach\\\/\",\"name\":\"Utrudnienia w ruchu \\u2013 Wzmo\\u017cony ruch pojazd\\u00f3w wojskowych na drogach !!! - Gmina Tuplice\",\"description\":\"Szanowni Pa\\u0144stwo, Informujemy, \\u017ce od niedzieli, 1 maja, na drogach niemal ca\\u0142ego kraju, b\\u0119dzie odbywa\\u0142 si\\u0119 ruch kolumn pojazd\\u00f3w wojskowych w zwi\\u0105zku z wojskowymi \\u0107wiczeniami , kt\\u00f3re odb\\u0119d\\u0105 si\\u0119 zgodnie z tegorocznym programem szkolenia Si\\u0142 Zbrojnych RP. W ramach \\u0107wiczenia, od 1 maja do ko\\u0144ca miesi\\u0105ca, po drogach wojew\\u00f3dztw: zachodniopomorskiego, lubuskiego, wielkopolskiego, kujawsko-pomorskiego, \\u0142\\u00f3dzkiego, mazowieckiego,\",\"inLanguage\":\"pl-PL\",\"isPartOf\":{\"@id\":\"https:\\\/\\\/tuplice.pl\\\/#website\"},\"breadcrumb\":{\"@id\":\"https:\\\/\\\/tuplice.pl\\\/index.php\\\/2022\\\/04\\\/29\\\/utrudnienia-w-ruchu-wzmozony-ruch-pojazdow-wojskowych-na-drogach\\\/#breadcrumblist\"},\"author\":{\"@id\":\"https:\\\/\\\/tuplice.pl\\\/index.php\\\/author\\\/tuplice\\\/#author\"},\"creator\":{\"@id\":\"https:\\\/\\\/tuplice.pl\\\/index.php\\\/author\\\/tuplice\\\/#author\"},\"image\":{\"@type\":\"ImageObject\",\"url\":\"https:\\\/\\\/tuplice.pl\\\/wp-content\\\/uploads\\\/2022\\\/04\\\/baner_utrudnienia_info.jpg\",\"@id\":\"https:\\\/\\\/tuplice.pl\\\/index.php\\\/2022\\\/04\\\/29\\\/utrudnienia-w-ruchu-wzmozony-ruch-pojazdow-wojskowych-na-drogach\\\/#mainImage\",\"width\":960,\"height\":960},\"primaryImageOfPage\":{\"@id\":\"https:\\\/\\\/tuplice.pl\\\/index.php\\\/2022\\\/04\\\/29\\\/utrudnienia-w-ruchu-wzmozony-ruch-pojazdow-wojskowych-na-drogach\\\/#mainImage\"},\"datePublished\":\"2022-04-29T12:40:21+02:00\",\"dateModified\":\"2022-04-29T12:40:21+02:00\"},{\"@type\":\"WebSite\",\"@id\":\"https:\\\/\\\/tuplice.pl\\\/#website\",\"url\":\"https:\\\/\\\/tuplice.pl\\\/\",\"name\":\"Gmina Tuplice\",\"description\":\"Strona Gminy Tuplice\",\"inLanguage\":\"pl-PL\",\"publisher\":{\"@id\":\"https:\\\/\\\/tuplice.pl\\\/#organization\"}}]}\n\t\t<\/script>\n\t\t<!-- All in One SEO -->\n\n","aioseo_head_json":{"title":"Utrudnienia w ruchu \u2013 Wzmo\u017cony ruch pojazd\u00f3w wojskowych na drogach !!! - Gmina Tuplice","description":"Szanowni Pa\u0144stwo, Informujemy, \u017ce od niedzieli, 1 maja, na drogach niemal ca\u0142ego kraju, b\u0119dzie odbywa\u0142 si\u0119 ruch kolumn pojazd\u00f3w wojskowych w zwi\u0105zku z wojskowymi \u0107wiczeniami , kt\u00f3re odb\u0119d\u0105 si\u0119 zgodnie z tegorocznym programem szkolenia Si\u0142 Zbrojnych RP. W ramach \u0107wiczenia, od 1 maja do ko\u0144ca miesi\u0105ca, po drogach wojew\u00f3dztw: zachodniopomorskiego, lubuskiego, wielkopolskiego, kujawsko-pomorskiego, \u0142\u00f3dzkiego, mazowieckiego,","canonical_url":"https:\/\/tuplice.pl\/index.php\/2022\/04\/29\/utrudnienia-w-ruchu-wzmozony-ruch-pojazdow-wojskowych-na-drogach\/","robots":"max-image-preview:large","keywords":"","webmasterTools":{"miscellaneous":""},"schema":{"@context":"https:\/\/schema.org","@graph":[{"@type":"BlogPosting","@id":"https:\/\/tuplice.pl\/index.php\/2022\/04\/29\/utrudnienia-w-ruchu-wzmozony-ruch-pojazdow-wojskowych-na-drogach\/#blogposting","name":"Utrudnienia w ruchu \u2013 Wzmo\u017cony ruch pojazd\u00f3w wojskowych na drogach !!! - Gmina Tuplice","headline":"Utrudnienia w ruchu &#8211; Wzmo\u017cony ruch pojazd\u00f3w wojskowych na drogach !!!","author":{"@id":"https:\/\/tuplice.pl\/index.php\/author\/tuplice\/#author"},"publisher":{"@id":"https:\/\/tuplice.pl\/#organization"},"image":{"@type":"ImageObject","url":"https:\/\/tuplice.pl\/wp-content\/uploads\/2022\/04\/baner_utrudnienia_info.jpg","width":960,"height":960},"datePublished":"2022-04-29T12:40:21+02:00","dateModified":"2022-04-29T12:40:21+02:00","inLanguage":"pl-PL","mainEntityOfPage":{"@id":"https:\/\/tuplice.pl\/index.php\/2022\/04\/29\/utrudnienia-w-ruchu-wzmozony-ruch-pojazdow-wojskowych-na-drogach\/#webpage"},"isPartOf":{"@id":"https:\/\/tuplice.pl\/index.php\/2022\/04\/29\/utrudnienia-w-ruchu-wzmozony-ruch-pojazdow-wojskowych-na-drogach\/#webpage"},"articleSection":"Aktualno\u015bci"},{"@type":"BreadcrumbList","@id":"https:\/\/tuplice.pl\/index.php\/2022\/04\/29\/utrudnienia-w-ruchu-wzmozony-ruch-pojazdow-wojskowych-na-drogach\/#breadcrumblist","itemListElement":[{"@type":"ListItem","@id":"https:\/\/tuplice.pl#listItem","position":1,"name":"Home","item":"https:\/\/tuplice.pl","nextItem":{"@type":"ListItem","@id":"https:\/\/tuplice.pl\/index.php\/category\/aktualnosci\/#listItem","name":"Aktualno\u015bci"}},{"@type":"ListItem","@id":"https:\/\/tuplice.pl\/index.php\/category\/aktualnosci\/#listItem","position":2,"name":"Aktualno\u015bci","item":"https:\/\/tuplice.pl\/index.php\/category\/aktualnosci\/","nextItem":{"@type":"ListItem","@id":"https:\/\/tuplice.pl\/index.php\/2022\/04\/29\/utrudnienia-w-ruchu-wzmozony-ruch-pojazdow-wojskowych-na-drogach\/#listItem","name":"Utrudnienia w ruchu &#8211; Wzmo\u017cony ruch pojazd\u00f3w wojskowych na drogach !!!"},"previousItem":{"@type":"ListItem","@id":"https:\/\/tuplice.pl#listItem","name":"Home"}},{"@type":"ListItem","@id":"https:\/\/tuplice.pl\/index.php\/2022\/04\/29\/utrudnienia-w-ruchu-wzmozony-ruch-pojazdow-wojskowych-na-drogach\/#listItem","position":3,"name":"Utrudnienia w ruchu &#8211; Wzmo\u017cony ruch pojazd\u00f3w wojskowych na drogach !!!","previousItem":{"@type":"ListItem","@id":"https:\/\/tuplice.pl\/index.php\/category\/aktualnosci\/#listItem","name":"Aktualno\u015bci"}}]},{"@type":"Organization","@id":"https:\/\/tuplice.pl\/#organization","name":"Gmina Tuplice Gmina Tuplice","description":"Strona Gminy Tuplice Strona Urz\u0119du Gminy Tuplice","url":"https:\/\/tuplice.pl\/","telephone":"+48683625720","logo":{"@type":"ImageObject","url":"https:\/\/tuplice.pl\/wp-content\/uploads\/2025\/07\/images.png","@id":"https:\/\/tuplice.pl\/index.php\/2022\/04\/29\/utrudnienia-w-ruchu-wzmozony-ruch-pojazdow-wojskowych-na-drogach\/#organizationLogo","width":282,"height":179},"image":{"@id":"https:\/\/tuplice.pl\/index.php\/2022\/04\/29\/utrudnienia-w-ruchu-wzmozony-ruch-pojazdow-wojskowych-na-drogach\/#organizationLogo"},"sameAs":["https:\/\/facebook.com\/Tuplicki Biuletyn Informacyjny","https:\/\/pinterest.com\/Tuplicki Biuletyn Informacyjny","https:\/\/youtube.com\/Tuplicki Biuletyn Informacyjny"]},{"@type":"Person","@id":"https:\/\/tuplice.pl\/index.php\/author\/tuplice\/#author","url":"https:\/\/tuplice.pl\/index.php\/author\/tuplice\/","name":"Jacek Konieczy\u0144ski","image":{"@type":"ImageObject","@id":"https:\/\/tuplice.pl\/index.php\/2022\/04\/29\/utrudnienia-w-ruchu-wzmozony-ruch-pojazdow-wojskowych-na-drogach\/#authorImage","url":"https:\/\/secure.gravatar.com\/avatar\/8aa224da0ce3c7d7e2a92a582397a6f3?s=96&d=mm&r=g","width":96,"height":96,"caption":"Jacek Konieczy\u0144ski"}},{"@type":"WebPage","@id":"https:\/\/tuplice.pl\/index.php\/2022\/04\/29\/utrudnienia-w-ruchu-wzmozony-ruch-pojazdow-wojskowych-na-drogach\/#webpage","url":"https:\/\/tuplice.pl\/index.php\/2022\/04\/29\/utrudnienia-w-ruchu-wzmozony-ruch-pojazdow-wojskowych-na-drogach\/","name":"Utrudnienia w ruchu \u2013 Wzmo\u017cony ruch pojazd\u00f3w wojskowych na drogach !!! - Gmina Tuplice","description":"Szanowni Pa\u0144stwo, Informujemy, \u017ce od niedzieli, 1 maja, na drogach niemal ca\u0142ego kraju, b\u0119dzie odbywa\u0142 si\u0119 ruch kolumn pojazd\u00f3w wojskowych w zwi\u0105zku z wojskowymi \u0107wiczeniami , kt\u00f3re odb\u0119d\u0105 si\u0119 zgodnie z tegorocznym programem szkolenia Si\u0142 Zbrojnych RP. W ramach \u0107wiczenia, od 1 maja do ko\u0144ca miesi\u0105ca, po drogach wojew\u00f3dztw: zachodniopomorskiego, lubuskiego, wielkopolskiego, kujawsko-pomorskiego, \u0142\u00f3dzkiego, mazowieckiego,","inLanguage":"pl-PL","isPartOf":{"@id":"https:\/\/tuplice.pl\/#website"},"breadcrumb":{"@id":"https:\/\/tuplice.pl\/index.php\/2022\/04\/29\/utrudnienia-w-ruchu-wzmozony-ruch-pojazdow-wojskowych-na-drogach\/#breadcrumblist"},"author":{"@id":"https:\/\/tuplice.pl\/index.php\/author\/tuplice\/#author"},"creator":{"@id":"https:\/\/tuplice.pl\/index.php\/author\/tuplice\/#author"},"image":{"@type":"ImageObject","url":"https:\/\/tuplice.pl\/wp-content\/uploads\/2022\/04\/baner_utrudnienia_info.jpg","@id":"https:\/\/tuplice.pl\/index.php\/2022\/04\/29\/utrudnienia-w-ruchu-wzmozony-ruch-pojazdow-wojskowych-na-drogach\/#mainImage","width":960,"height":960},"primaryImageOfPage":{"@id":"https:\/\/tuplice.pl\/index.php\/2022\/04\/29\/utrudnienia-w-ruchu-wzmozony-ruch-pojazdow-wojskowych-na-drogach\/#mainImage"},"datePublished":"2022-04-29T12:40:21+02:00","dateModified":"2022-04-29T12:40:21+02:00"},{"@type":"WebSite","@id":"https:\/\/tuplice.pl\/#website","url":"https:\/\/tuplice.pl\/","name":"Gmina Tuplice","description":"Strona Gminy Tuplice","inLanguage":"pl-PL","publisher":{"@id":"https:\/\/tuplice.pl\/#organization"}}]},"og:locale":"pl_PL","og:site_name":"Gmina Tuplice - Strona Gminy Tuplice","og:type":"article","og:title":"Utrudnienia w ruchu \u2013 Wzmo\u017cony ruch pojazd\u00f3w wojskowych na drogach !!! - Gmina Tuplice","og:description":"Szanowni Pa\u0144stwo, Informujemy, \u017ce od niedzieli, 1 maja, na drogach niemal ca\u0142ego kraju, b\u0119dzie odbywa\u0142 si\u0119 ruch kolumn pojazd\u00f3w wojskowych w zwi\u0105zku z wojskowymi \u0107wiczeniami , kt\u00f3re odb\u0119d\u0105 si\u0119 zgodnie z tegorocznym programem szkolenia Si\u0142 Zbrojnych RP. W ramach \u0107wiczenia, od 1 maja do ko\u0144ca miesi\u0105ca, po drogach wojew\u00f3dztw: zachodniopomorskiego, lubuskiego, wielkopolskiego, kujawsko-pomorskiego, \u0142\u00f3dzkiego, mazowieckiego,","og:url":"https:\/\/tuplice.pl\/index.php\/2022\/04\/29\/utrudnienia-w-ruchu-wzmozony-ruch-pojazdow-wojskowych-na-drogach\/","article:published_time":"2022-04-29T10:40:21+00:00","article:modified_time":"2022-04-29T10:40:21+00:00","article:publisher":"https:\/\/facebook.com\/Tuplicki Biuletyn Informacyjny","twitter:card":"summary_large_image","twitter:title":"Utrudnienia w ruchu \u2013 Wzmo\u017cony ruch pojazd\u00f3w wojskowych na drogach !!! - Gmina Tuplice","twitter:description":"Szanowni Pa\u0144stwo, Informujemy, \u017ce od niedzieli, 1 maja, na drogach niemal ca\u0142ego kraju, b\u0119dzie odbywa\u0142 si\u0119 ruch kolumn pojazd\u00f3w wojskowych w zwi\u0105zku z wojskowymi \u0107wiczeniami , kt\u00f3re odb\u0119d\u0105 si\u0119 zgodnie z tegorocznym programem szkolenia Si\u0142 Zbrojnych RP. W ramach \u0107wiczenia, od 1 maja do ko\u0144ca miesi\u0105ca, po drogach wojew\u00f3dztw: zachodniopomorskiego, lubuskiego, wielkopolskiego, kujawsko-pomorskiego, \u0142\u00f3dzkiego, mazowieckiego,"},"aioseo_meta_data":{"post_id":"4437","title":null,"description":null,"keywords":null,"keyphrases":null,"primary_term":null,"canonical_url":null,"og_title":null,"og_description":null,"og_object_type":"default","og_image_type":"default","og_image_url":null,"og_image_width":null,"og_image_height":null,"og_image_custom_url":null,"og_image_custom_fields":null,"og_video":null,"og_custom_url":null,"og_article_section":null,"og_article_tags":null,"twitter_use_og":false,"twitter_card":"default","twitter_image_type":"default","twitter_image_url":null,"twitter_image_custom_url":null,"twitter_image_custom_fields":null,"twitter_title":null,"twitter_description":null,"schema":{"blockGraphs":[],"customGraphs":[],"default":{"data":{"Article":[],"Course":[],"Dataset":[],"FAQPage":[],"Movie":[],"Person":[],"Product":[],"ProductReview":[],"Car":[],"Recipe":[],"Service":[],"SoftwareApplication":[],"WebPage":[]},"graphName":"","isEnabled":true},"graphs":[]},"schema_type":"default","schema_type_options":null,"pillar_content":false,"robots_default":true,"robots_noindex":false,"robots_noarchive":false,"robots_nosnippet":false,"robots_nofollow":false,"robots_noimageindex":false,"robots_noodp":false,"robots_notranslate":false,"robots_max_snippet":null,"robots_max_videopreview":null,"robots_max_imagepreview":"large","priority":null,"frequency":null,"local_seo":null,"breadcrumb_settings":null,"limit_modified_date":false,"ai":null,"created":"2025-07-22 23:50:32","updated":"2025-07-22 23:50:32","seo_analyzer_scan_date":null},"aioseo_breadcrumb":"<div class=\"aioseo-breadcrumbs\"><span class=\"aioseo-breadcrumb\">\n\t\t\t<a href=\"https:\/\/tuplice.pl\" title=\"Home\">Home<\/a>\n\t\t<\/span><span class=\"aioseo-breadcrumb-separator\">&raquo;<\/span><span class=\"aioseo-breadcrumb\">\n\t\t\t<a href=\"https:\/\/tuplice.pl\/index.php\/category\/aktualnosci\/\" title=\"Aktualno\u015bci\">Aktualno\u015bci<\/a>\n\t\t<\/span><span class=\"aioseo-breadcrumb-separator\">&raquo;<\/span><span class=\"aioseo-breadcrumb\">\n\t\t\tUtrudnienia w ruchu \u2013 Wzmo\u017cony ruch pojazd\u00f3w wojskowych na drogach !!!\n\t\t<\/span><\/div>","aioseo_breadcrumb_json":[{"label":"Home","link":"https:\/\/tuplice.pl"},{"label":"Aktualno\u015bci","link":"https:\/\/tuplice.pl\/index.php\/category\/aktualnosci\/"},{"label":"Utrudnienia w ruchu &#8211; Wzmo\u017cony ruch pojazd\u00f3w wojskowych na drogach !!!","link":"https:\/\/tuplice.pl\/index.php\/2022\/04\/29\/utrudnienia-w-ruchu-wzmozony-ruch-pojazdow-wojskowych-na-drogach\/"}],"a3_pvc":{"activated":false,"total_views":0,"today_views":0},"_links":{"self":[{"href":"https:\/\/tuplice.pl\/index.php\/wp-json\/wp\/v2\/posts\/4437"}],"collection":[{"href":"https:\/\/tuplice.pl\/index.php\/wp-json\/wp\/v2\/posts"}],"about":[{"href":"https:\/\/tuplice.pl\/index.php\/wp-json\/wp\/v2\/types\/post"}],"author":[{"embeddable":true,"href":"https:\/\/tuplice.pl\/index.php\/wp-json\/wp\/v2\/users\/3"}],"replies":[{"embeddable":true,"href":"https:\/\/tuplice.pl\/index.php\/wp-json\/wp\/v2\/comments?post=4437"}],"version-history":[{"count":1,"href":"https:\/\/tuplice.pl\/index.php\/wp-json\/wp\/v2\/posts\/4437\/revisions"}],"predecessor-version":[{"id":4440,"href":"https:\/\/tuplice.pl\/index.php\/wp-json\/wp\/v2\/posts\/4437\/revisions\/4440"}],"wp:featuredmedia":[{"embeddable":true,"href":"https:\/\/tuplice.pl\/index.php\/wp-json\/wp\/v2\/media\/4439"}],"wp:attachment":[{"href":"https:\/\/tuplice.pl\/index.php\/wp-json\/wp\/v2\/media?parent=4437"}],"wp:term":[{"taxonomy":"category","embeddable":true,"href":"https:\/\/tuplice.pl\/index.php\/wp-json\/wp\/v2\/categories?post=4437"},{"taxonomy":"post_tag","embeddable":true,"href":"https:\/\/tuplice.pl\/index.php\/wp-json\/wp\/v2\/tags?post=4437"}],"curies":[{"name":"wp","href":"https:\/\/api.w.org\/{rel}","templated":true}]}}