{"id":4467,"date":"2022-05-20T09:14:31","date_gmt":"2022-05-20T07:14:31","guid":{"rendered":"http:\/\/tuplice.pl\/?p=4467"},"modified":"2022-05-20T09:14:31","modified_gmt":"2022-05-20T07:14:31","slug":"informacja-regionalnnej-dyrekcja-lasow-panstwowych-w-szczecinie","status":"publish","type":"post","link":"https:\/\/tuplice.pl\/index.php\/2022\/05\/20\/informacja-regionalnnej-dyrekcja-lasow-panstwowych-w-szczecinie\/","title":{"rendered":"Informacja Regionalnnej Dyrekcja Las\u00f3w Pa\u0144stwowych w Szczecinie"},"content":{"rendered":"<div class=\"\" dir=\"auto\">\n<div id=\"jsc_c_kk\" class=\"ecm0bbzt hv4rvrfc ihqw7lf3 dati1w0a\" data-ad-comet-preview=\"message\" data-ad-preview=\"message\">\n<div class=\"j83agx80 cbu4d94t ew0dbk1b irj2b8pg\">\n<div class=\"qzhwtbm6 knvmm38d\">\n<div class=\"kvgmc6g5 cxmmr5t8 oygrvhab hcukyx3x c1et5uql\n                ii04i59q\"><\/p>\n<div dir=\"auto\"><\/div>\n<div dir=\"auto\"><\/div>\n<div dir=\"auto\" style=\"text-align: center;\">Regionalna Dyrekcja Las\u00f3w Pa\u0144stwowych w Szczecinie wyda\u0142a komunikat o wprowadzeniu od 19.05.2022 r. na terenach le\u015bnych woj. lubuskiego III (najwy\u017cszego) stopnia zagro\u017cenia po\u017carowego.<\/div>\n<div dir=\"auto\" style=\"text-align: center;\">Apeluje si\u0119 o zachowanie szczeg\u00f3lnej ostro\u017cno\u015bci podczas przebywania na terenach le\u015bnych.<\/div>\n<div dir=\"auto\" style=\"text-align: center;\">W przypadku zauwa\u017cenia po\u017caru nale\u017cy niezw\u0142ocznie skontaktowa\u0107 si\u0119 z nr alarmowym Pa\u0144stwowej Stra\u017cy Po\u017carnej 998 lub z nr alarmowym 112.<\/div>\n<\/div>\n<\/div>\n<\/div>\n<\/div>\n<\/div>\n","protected":false},"excerpt":{"rendered":"<p>Regionalna Dyrekcja Las\u00f3w Pa\u0144stwowych w Szczecinie wyda\u0142a komunikat o wprowadzeniu od 19.05.2022 r. na terenach le\u015bnych woj. lubuskiego III (najwy\u017cszego) stopnia zagro\u017cenia po\u017carowego. Apeluje si\u0119 o zachowanie szczeg\u00f3lnej ostro\u017cno\u015bci podczas przebywania na terenach le\u015bnych. W przypadku zauwa\u017cenia po\u017caru nale\u017cy niezw\u0142ocznie skontaktowa\u0107 si\u0119 z nr alarmowym Pa\u0144stwowej Stra\u017cy Po\u017carnej 998 lub z nr alarmowym 112.<\/p>\n","protected":false},"author":3,"featured_media":4468,"comment_status":"closed","ping_status":"closed","sticky":false,"template":"","format":"standard","meta":{"_et_pb_use_builder":"","_et_pb_old_content":"","_et_gb_content_width":"","_monsterinsights_skip_tracking":false},"categories":[1],"tags":[],"aioseo_notices":[],"aioseo_head":"\n\t\t<!-- All in One SEO 4.9.10 - aioseo.com -->\n\t<meta name=\"description\" content=\"Regionalna Dyrekcja Las\u00f3w Pa\u0144stwowych w Szczecinie wyda\u0142a komunikat o wprowadzeniu od 19.05.2022 r. na terenach le\u015bnych woj. lubuskiego III (najwy\u017cszego) stopnia zagro\u017cenia po\u017carowego. Apeluje si\u0119 o zachowanie szczeg\u00f3lnej ostro\u017cno\u015bci podczas przebywania na terenach le\u015bnych. W przypadku zauwa\u017cenia po\u017caru nale\u017cy niezw\u0142ocznie skontaktowa\u0107 si\u0119 z nr alarmowym Pa\u0144stwowej Stra\u017cy Po\u017carnej 998 lub z nr alarmowym 112.\" \/>\n\t<meta name=\"robots\" content=\"max-image-preview:large\" \/>\n\t<meta name=\"author\" content=\"Jacek Konieczy\u0144ski\"\/>\n\t<link rel=\"canonical\" href=\"https:\/\/tuplice.pl\/index.php\/2022\/05\/20\/informacja-regionalnnej-dyrekcja-lasow-panstwowych-w-szczecinie\/\" \/>\n\t<meta name=\"generator\" content=\"All in One SEO (AIOSEO) 4.9.10\" \/>\n\t\t<meta property=\"og:locale\" content=\"pl_PL\" \/>\n\t\t<meta property=\"og:site_name\" content=\"Gmina Tuplice - Strona Gminy Tuplice\" \/>\n\t\t<meta property=\"og:type\" content=\"article\" \/>\n\t\t<meta property=\"og:title\" content=\"Informacja Regionalnnej Dyrekcja Las\u00f3w Pa\u0144stwowych w Szczecinie - Gmina Tuplice\" \/>\n\t\t<meta property=\"og:description\" content=\"Regionalna Dyrekcja Las\u00f3w Pa\u0144stwowych w Szczecinie wyda\u0142a komunikat o wprowadzeniu od 19.05.2022 r. na terenach le\u015bnych woj. lubuskiego III (najwy\u017cszego) stopnia zagro\u017cenia po\u017carowego. Apeluje si\u0119 o zachowanie szczeg\u00f3lnej ostro\u017cno\u015bci podczas przebywania na terenach le\u015bnych. W przypadku zauwa\u017cenia po\u017caru nale\u017cy niezw\u0142ocznie skontaktowa\u0107 si\u0119 z nr alarmowym Pa\u0144stwowej Stra\u017cy Po\u017carnej 998 lub z nr alarmowym 112.\" \/>\n\t\t<meta property=\"og:url\" content=\"https:\/\/tuplice.pl\/index.php\/2022\/05\/20\/informacja-regionalnnej-dyrekcja-lasow-panstwowych-w-szczecinie\/\" \/>\n\t\t<meta property=\"article:published_time\" content=\"2022-05-20T07:14:31+00:00\" \/>\n\t\t<meta property=\"article:modified_time\" content=\"2022-05-20T07:14:31+00:00\" \/>\n\t\t<meta property=\"article:publisher\" content=\"https:\/\/facebook.com\/Tuplicki Biuletyn Informacyjny\" \/>\n\t\t<meta name=\"twitter:card\" content=\"summary_large_image\" \/>\n\t\t<meta name=\"twitter:title\" content=\"Informacja Regionalnnej Dyrekcja Las\u00f3w Pa\u0144stwowych w Szczecinie - Gmina Tuplice\" \/>\n\t\t<meta name=\"twitter:description\" content=\"Regionalna Dyrekcja Las\u00f3w Pa\u0144stwowych w Szczecinie wyda\u0142a komunikat o wprowadzeniu od 19.05.2022 r. na terenach le\u015bnych woj. lubuskiego III (najwy\u017cszego) stopnia zagro\u017cenia po\u017carowego. Apeluje si\u0119 o zachowanie szczeg\u00f3lnej ostro\u017cno\u015bci podczas przebywania na terenach le\u015bnych. W przypadku zauwa\u017cenia po\u017caru nale\u017cy niezw\u0142ocznie skontaktowa\u0107 si\u0119 z nr alarmowym Pa\u0144stwowej Stra\u017cy Po\u017carnej 998 lub z nr alarmowym 112.\" \/>\n\t\t<script type=\"application\/ld+json\" class=\"aioseo-schema\">\n\t\t\t{\"@context\":\"https:\\\/\\\/schema.org\",\"@graph\":[{\"@type\":\"BlogPosting\",\"@id\":\"https:\\\/\\\/tuplice.pl\\\/index.php\\\/2022\\\/05\\\/20\\\/informacja-regionalnnej-dyrekcja-lasow-panstwowych-w-szczecinie\\\/#blogposting\",\"name\":\"Informacja Regionalnnej Dyrekcja Las\\u00f3w Pa\\u0144stwowych w Szczecinie - Gmina Tuplice\",\"headline\":\"Informacja Regionalnnej Dyrekcja Las\\u00f3w Pa\\u0144stwowych w Szczecinie\",\"author\":{\"@id\":\"https:\\\/\\\/tuplice.pl\\\/index.php\\\/author\\\/tuplice\\\/#author\"},\"publisher\":{\"@id\":\"https:\\\/\\\/tuplice.pl\\\/#organization\"},\"image\":{\"@type\":\"ImageObject\",\"url\":\"https:\\\/\\\/tuplice.pl\\\/wp-content\\\/uploads\\\/2022\\\/05\\\/278635412_2755196931443341_6924445872867761968_n.jpg\",\"width\":560,\"height\":478},\"datePublished\":\"2022-05-20T09:14:31+02:00\",\"dateModified\":\"2022-05-20T09:14:31+02:00\",\"inLanguage\":\"pl-PL\",\"mainEntityOfPage\":{\"@id\":\"https:\\\/\\\/tuplice.pl\\\/index.php\\\/2022\\\/05\\\/20\\\/informacja-regionalnnej-dyrekcja-lasow-panstwowych-w-szczecinie\\\/#webpage\"},\"isPartOf\":{\"@id\":\"https:\\\/\\\/tuplice.pl\\\/index.php\\\/2022\\\/05\\\/20\\\/informacja-regionalnnej-dyrekcja-lasow-panstwowych-w-szczecinie\\\/#webpage\"},\"articleSection\":\"Bez kategorii\"},{\"@type\":\"BreadcrumbList\",\"@id\":\"https:\\\/\\\/tuplice.pl\\\/index.php\\\/2022\\\/05\\\/20\\\/informacja-regionalnnej-dyrekcja-lasow-panstwowych-w-szczecinie\\\/#breadcrumblist\",\"itemListElement\":[{\"@type\":\"ListItem\",\"@id\":\"https:\\\/\\\/tuplice.pl#listItem\",\"position\":1,\"name\":\"Home\",\"item\":\"https:\\\/\\\/tuplice.pl\",\"nextItem\":{\"@type\":\"ListItem\",\"@id\":\"https:\\\/\\\/tuplice.pl\\\/index.php\\\/category\\\/bez-kategorii\\\/#listItem\",\"name\":\"Bez kategorii\"}},{\"@type\":\"ListItem\",\"@id\":\"https:\\\/\\\/tuplice.pl\\\/index.php\\\/category\\\/bez-kategorii\\\/#listItem\",\"position\":2,\"name\":\"Bez kategorii\",\"item\":\"https:\\\/\\\/tuplice.pl\\\/index.php\\\/category\\\/bez-kategorii\\\/\",\"nextItem\":{\"@type\":\"ListItem\",\"@id\":\"https:\\\/\\\/tuplice.pl\\\/index.php\\\/2022\\\/05\\\/20\\\/informacja-regionalnnej-dyrekcja-lasow-panstwowych-w-szczecinie\\\/#listItem\",\"name\":\"Informacja Regionalnnej Dyrekcja Las\\u00f3w Pa\\u0144stwowych w Szczecinie\"},\"previousItem\":{\"@type\":\"ListItem\",\"@id\":\"https:\\\/\\\/tuplice.pl#listItem\",\"name\":\"Home\"}},{\"@type\":\"ListItem\",\"@id\":\"https:\\\/\\\/tuplice.pl\\\/index.php\\\/2022\\\/05\\\/20\\\/informacja-regionalnnej-dyrekcja-lasow-panstwowych-w-szczecinie\\\/#listItem\",\"position\":3,\"name\":\"Informacja Regionalnnej Dyrekcja Las\\u00f3w Pa\\u0144stwowych w Szczecinie\",\"previousItem\":{\"@type\":\"ListItem\",\"@id\":\"https:\\\/\\\/tuplice.pl\\\/index.php\\\/category\\\/bez-kategorii\\\/#listItem\",\"name\":\"Bez kategorii\"}}]},{\"@type\":\"Organization\",\"@id\":\"https:\\\/\\\/tuplice.pl\\\/#organization\",\"name\":\"Gmina Tuplice Gmina Tuplice\",\"description\":\"Strona Gminy Tuplice Strona Urz\\u0119du Gminy Tuplice\",\"url\":\"https:\\\/\\\/tuplice.pl\\\/\",\"telephone\":\"+48683625720\",\"logo\":{\"@type\":\"ImageObject\",\"url\":\"https:\\\/\\\/tuplice.pl\\\/wp-content\\\/uploads\\\/2025\\\/07\\\/images.png\",\"@id\":\"https:\\\/\\\/tuplice.pl\\\/index.php\\\/2022\\\/05\\\/20\\\/informacja-regionalnnej-dyrekcja-lasow-panstwowych-w-szczecinie\\\/#organizationLogo\",\"width\":282,\"height\":179},\"image\":{\"@id\":\"https:\\\/\\\/tuplice.pl\\\/index.php\\\/2022\\\/05\\\/20\\\/informacja-regionalnnej-dyrekcja-lasow-panstwowych-w-szczecinie\\\/#organizationLogo\"},\"sameAs\":[\"https:\\\/\\\/facebook.com\\\/Tuplicki Biuletyn Informacyjny\",\"https:\\\/\\\/pinterest.com\\\/Tuplicki Biuletyn Informacyjny\",\"https:\\\/\\\/youtube.com\\\/Tuplicki Biuletyn Informacyjny\"]},{\"@type\":\"Person\",\"@id\":\"https:\\\/\\\/tuplice.pl\\\/index.php\\\/author\\\/tuplice\\\/#author\",\"url\":\"https:\\\/\\\/tuplice.pl\\\/index.php\\\/author\\\/tuplice\\\/\",\"name\":\"Jacek Konieczy\\u0144ski\",\"image\":{\"@type\":\"ImageObject\",\"@id\":\"https:\\\/\\\/tuplice.pl\\\/index.php\\\/2022\\\/05\\\/20\\\/informacja-regionalnnej-dyrekcja-lasow-panstwowych-w-szczecinie\\\/#authorImage\",\"url\":\"https:\\\/\\\/secure.gravatar.com\\\/avatar\\\/8aa224da0ce3c7d7e2a92a582397a6f3?s=96&d=mm&r=g\",\"width\":96,\"height\":96,\"caption\":\"Jacek Konieczy\\u0144ski\"}},{\"@type\":\"WebPage\",\"@id\":\"https:\\\/\\\/tuplice.pl\\\/index.php\\\/2022\\\/05\\\/20\\\/informacja-regionalnnej-dyrekcja-lasow-panstwowych-w-szczecinie\\\/#webpage\",\"url\":\"https:\\\/\\\/tuplice.pl\\\/index.php\\\/2022\\\/05\\\/20\\\/informacja-regionalnnej-dyrekcja-lasow-panstwowych-w-szczecinie\\\/\",\"name\":\"Informacja Regionalnnej Dyrekcja Las\\u00f3w Pa\\u0144stwowych w Szczecinie - Gmina Tuplice\",\"description\":\"Regionalna Dyrekcja Las\\u00f3w Pa\\u0144stwowych w Szczecinie wyda\\u0142a komunikat o wprowadzeniu od 19.05.2022 r. na terenach le\\u015bnych woj. lubuskiego III (najwy\\u017cszego) stopnia zagro\\u017cenia po\\u017carowego. Apeluje si\\u0119 o zachowanie szczeg\\u00f3lnej ostro\\u017cno\\u015bci podczas przebywania na terenach le\\u015bnych. W przypadku zauwa\\u017cenia po\\u017caru nale\\u017cy niezw\\u0142ocznie skontaktowa\\u0107 si\\u0119 z nr alarmowym Pa\\u0144stwowej Stra\\u017cy Po\\u017carnej 998 lub z nr alarmowym 112.\",\"inLanguage\":\"pl-PL\",\"isPartOf\":{\"@id\":\"https:\\\/\\\/tuplice.pl\\\/#website\"},\"breadcrumb\":{\"@id\":\"https:\\\/\\\/tuplice.pl\\\/index.php\\\/2022\\\/05\\\/20\\\/informacja-regionalnnej-dyrekcja-lasow-panstwowych-w-szczecinie\\\/#breadcrumblist\"},\"author\":{\"@id\":\"https:\\\/\\\/tuplice.pl\\\/index.php\\\/author\\\/tuplice\\\/#author\"},\"creator\":{\"@id\":\"https:\\\/\\\/tuplice.pl\\\/index.php\\\/author\\\/tuplice\\\/#author\"},\"image\":{\"@type\":\"ImageObject\",\"url\":\"https:\\\/\\\/tuplice.pl\\\/wp-content\\\/uploads\\\/2022\\\/05\\\/278635412_2755196931443341_6924445872867761968_n.jpg\",\"@id\":\"https:\\\/\\\/tuplice.pl\\\/index.php\\\/2022\\\/05\\\/20\\\/informacja-regionalnnej-dyrekcja-lasow-panstwowych-w-szczecinie\\\/#mainImage\",\"width\":560,\"height\":478},\"primaryImageOfPage\":{\"@id\":\"https:\\\/\\\/tuplice.pl\\\/index.php\\\/2022\\\/05\\\/20\\\/informacja-regionalnnej-dyrekcja-lasow-panstwowych-w-szczecinie\\\/#mainImage\"},\"datePublished\":\"2022-05-20T09:14:31+02:00\",\"dateModified\":\"2022-05-20T09:14:31+02:00\"},{\"@type\":\"WebSite\",\"@id\":\"https:\\\/\\\/tuplice.pl\\\/#website\",\"url\":\"https:\\\/\\\/tuplice.pl\\\/\",\"name\":\"Gmina Tuplice\",\"description\":\"Strona Gminy Tuplice\",\"inLanguage\":\"pl-PL\",\"publisher\":{\"@id\":\"https:\\\/\\\/tuplice.pl\\\/#organization\"}}]}\n\t\t<\/script>\n\t\t<!-- All in One SEO -->\n\n","aioseo_head_json":{"title":"Informacja Regionalnnej Dyrekcja Las\u00f3w Pa\u0144stwowych w Szczecinie - Gmina Tuplice","description":"Regionalna Dyrekcja Las\u00f3w Pa\u0144stwowych w Szczecinie wyda\u0142a komunikat o wprowadzeniu od 19.05.2022 r. na terenach le\u015bnych woj. lubuskiego III (najwy\u017cszego) stopnia zagro\u017cenia po\u017carowego. Apeluje si\u0119 o zachowanie szczeg\u00f3lnej ostro\u017cno\u015bci podczas przebywania na terenach le\u015bnych. W przypadku zauwa\u017cenia po\u017caru nale\u017cy niezw\u0142ocznie skontaktowa\u0107 si\u0119 z nr alarmowym Pa\u0144stwowej Stra\u017cy Po\u017carnej 998 lub z nr alarmowym 112.","canonical_url":"https:\/\/tuplice.pl\/index.php\/2022\/05\/20\/informacja-regionalnnej-dyrekcja-lasow-panstwowych-w-szczecinie\/","robots":"max-image-preview:large","keywords":"","webmasterTools":{"miscellaneous":""},"schema":{"@context":"https:\/\/schema.org","@graph":[{"@type":"BlogPosting","@id":"https:\/\/tuplice.pl\/index.php\/2022\/05\/20\/informacja-regionalnnej-dyrekcja-lasow-panstwowych-w-szczecinie\/#blogposting","name":"Informacja Regionalnnej Dyrekcja Las\u00f3w Pa\u0144stwowych w Szczecinie - Gmina Tuplice","headline":"Informacja Regionalnnej Dyrekcja Las\u00f3w Pa\u0144stwowych w Szczecinie","author":{"@id":"https:\/\/tuplice.pl\/index.php\/author\/tuplice\/#author"},"publisher":{"@id":"https:\/\/tuplice.pl\/#organization"},"image":{"@type":"ImageObject","url":"https:\/\/tuplice.pl\/wp-content\/uploads\/2022\/05\/278635412_2755196931443341_6924445872867761968_n.jpg","width":560,"height":478},"datePublished":"2022-05-20T09:14:31+02:00","dateModified":"2022-05-20T09:14:31+02:00","inLanguage":"pl-PL","mainEntityOfPage":{"@id":"https:\/\/tuplice.pl\/index.php\/2022\/05\/20\/informacja-regionalnnej-dyrekcja-lasow-panstwowych-w-szczecinie\/#webpage"},"isPartOf":{"@id":"https:\/\/tuplice.pl\/index.php\/2022\/05\/20\/informacja-regionalnnej-dyrekcja-lasow-panstwowych-w-szczecinie\/#webpage"},"articleSection":"Bez kategorii"},{"@type":"BreadcrumbList","@id":"https:\/\/tuplice.pl\/index.php\/2022\/05\/20\/informacja-regionalnnej-dyrekcja-lasow-panstwowych-w-szczecinie\/#breadcrumblist","itemListElement":[{"@type":"ListItem","@id":"https:\/\/tuplice.pl#listItem","position":1,"name":"Home","item":"https:\/\/tuplice.pl","nextItem":{"@type":"ListItem","@id":"https:\/\/tuplice.pl\/index.php\/category\/bez-kategorii\/#listItem","name":"Bez kategorii"}},{"@type":"ListItem","@id":"https:\/\/tuplice.pl\/index.php\/category\/bez-kategorii\/#listItem","position":2,"name":"Bez kategorii","item":"https:\/\/tuplice.pl\/index.php\/category\/bez-kategorii\/","nextItem":{"@type":"ListItem","@id":"https:\/\/tuplice.pl\/index.php\/2022\/05\/20\/informacja-regionalnnej-dyrekcja-lasow-panstwowych-w-szczecinie\/#listItem","name":"Informacja Regionalnnej Dyrekcja Las\u00f3w Pa\u0144stwowych w Szczecinie"},"previousItem":{"@type":"ListItem","@id":"https:\/\/tuplice.pl#listItem","name":"Home"}},{"@type":"ListItem","@id":"https:\/\/tuplice.pl\/index.php\/2022\/05\/20\/informacja-regionalnnej-dyrekcja-lasow-panstwowych-w-szczecinie\/#listItem","position":3,"name":"Informacja Regionalnnej Dyrekcja Las\u00f3w Pa\u0144stwowych w Szczecinie","previousItem":{"@type":"ListItem","@id":"https:\/\/tuplice.pl\/index.php\/category\/bez-kategorii\/#listItem","name":"Bez kategorii"}}]},{"@type":"Organization","@id":"https:\/\/tuplice.pl\/#organization","name":"Gmina Tuplice Gmina Tuplice","description":"Strona Gminy Tuplice Strona Urz\u0119du Gminy Tuplice","url":"https:\/\/tuplice.pl\/","telephone":"+48683625720","logo":{"@type":"ImageObject","url":"https:\/\/tuplice.pl\/wp-content\/uploads\/2025\/07\/images.png","@id":"https:\/\/tuplice.pl\/index.php\/2022\/05\/20\/informacja-regionalnnej-dyrekcja-lasow-panstwowych-w-szczecinie\/#organizationLogo","width":282,"height":179},"image":{"@id":"https:\/\/tuplice.pl\/index.php\/2022\/05\/20\/informacja-regionalnnej-dyrekcja-lasow-panstwowych-w-szczecinie\/#organizationLogo"},"sameAs":["https:\/\/facebook.com\/Tuplicki Biuletyn Informacyjny","https:\/\/pinterest.com\/Tuplicki Biuletyn Informacyjny","https:\/\/youtube.com\/Tuplicki Biuletyn Informacyjny"]},{"@type":"Person","@id":"https:\/\/tuplice.pl\/index.php\/author\/tuplice\/#author","url":"https:\/\/tuplice.pl\/index.php\/author\/tuplice\/","name":"Jacek Konieczy\u0144ski","image":{"@type":"ImageObject","@id":"https:\/\/tuplice.pl\/index.php\/2022\/05\/20\/informacja-regionalnnej-dyrekcja-lasow-panstwowych-w-szczecinie\/#authorImage","url":"https:\/\/secure.gravatar.com\/avatar\/8aa224da0ce3c7d7e2a92a582397a6f3?s=96&d=mm&r=g","width":96,"height":96,"caption":"Jacek Konieczy\u0144ski"}},{"@type":"WebPage","@id":"https:\/\/tuplice.pl\/index.php\/2022\/05\/20\/informacja-regionalnnej-dyrekcja-lasow-panstwowych-w-szczecinie\/#webpage","url":"https:\/\/tuplice.pl\/index.php\/2022\/05\/20\/informacja-regionalnnej-dyrekcja-lasow-panstwowych-w-szczecinie\/","name":"Informacja Regionalnnej Dyrekcja Las\u00f3w Pa\u0144stwowych w Szczecinie - Gmina Tuplice","description":"Regionalna Dyrekcja Las\u00f3w Pa\u0144stwowych w Szczecinie wyda\u0142a komunikat o wprowadzeniu od 19.05.2022 r. na terenach le\u015bnych woj. lubuskiego III (najwy\u017cszego) stopnia zagro\u017cenia po\u017carowego. Apeluje si\u0119 o zachowanie szczeg\u00f3lnej ostro\u017cno\u015bci podczas przebywania na terenach le\u015bnych. W przypadku zauwa\u017cenia po\u017caru nale\u017cy niezw\u0142ocznie skontaktowa\u0107 si\u0119 z nr alarmowym Pa\u0144stwowej Stra\u017cy Po\u017carnej 998 lub z nr alarmowym 112.","inLanguage":"pl-PL","isPartOf":{"@id":"https:\/\/tuplice.pl\/#website"},"breadcrumb":{"@id":"https:\/\/tuplice.pl\/index.php\/2022\/05\/20\/informacja-regionalnnej-dyrekcja-lasow-panstwowych-w-szczecinie\/#breadcrumblist"},"author":{"@id":"https:\/\/tuplice.pl\/index.php\/author\/tuplice\/#author"},"creator":{"@id":"https:\/\/tuplice.pl\/index.php\/author\/tuplice\/#author"},"image":{"@type":"ImageObject","url":"https:\/\/tuplice.pl\/wp-content\/uploads\/2022\/05\/278635412_2755196931443341_6924445872867761968_n.jpg","@id":"https:\/\/tuplice.pl\/index.php\/2022\/05\/20\/informacja-regionalnnej-dyrekcja-lasow-panstwowych-w-szczecinie\/#mainImage","width":560,"height":478},"primaryImageOfPage":{"@id":"https:\/\/tuplice.pl\/index.php\/2022\/05\/20\/informacja-regionalnnej-dyrekcja-lasow-panstwowych-w-szczecinie\/#mainImage"},"datePublished":"2022-05-20T09:14:31+02:00","dateModified":"2022-05-20T09:14:31+02:00"},{"@type":"WebSite","@id":"https:\/\/tuplice.pl\/#website","url":"https:\/\/tuplice.pl\/","name":"Gmina Tuplice","description":"Strona Gminy Tuplice","inLanguage":"pl-PL","publisher":{"@id":"https:\/\/tuplice.pl\/#organization"}}]},"og:locale":"pl_PL","og:site_name":"Gmina Tuplice - Strona Gminy Tuplice","og:type":"article","og:title":"Informacja Regionalnnej Dyrekcja Las\u00f3w Pa\u0144stwowych w Szczecinie - Gmina Tuplice","og:description":"Regionalna Dyrekcja Las\u00f3w Pa\u0144stwowych w Szczecinie wyda\u0142a komunikat o wprowadzeniu od 19.05.2022 r. na terenach le\u015bnych woj. lubuskiego III (najwy\u017cszego) stopnia zagro\u017cenia po\u017carowego. Apeluje si\u0119 o zachowanie szczeg\u00f3lnej ostro\u017cno\u015bci podczas przebywania na terenach le\u015bnych. W przypadku zauwa\u017cenia po\u017caru nale\u017cy niezw\u0142ocznie skontaktowa\u0107 si\u0119 z nr alarmowym Pa\u0144stwowej Stra\u017cy Po\u017carnej 998 lub z nr alarmowym 112.","og:url":"https:\/\/tuplice.pl\/index.php\/2022\/05\/20\/informacja-regionalnnej-dyrekcja-lasow-panstwowych-w-szczecinie\/","article:published_time":"2022-05-20T07:14:31+00:00","article:modified_time":"2022-05-20T07:14:31+00:00","article:publisher":"https:\/\/facebook.com\/Tuplicki Biuletyn Informacyjny","twitter:card":"summary_large_image","twitter:title":"Informacja Regionalnnej Dyrekcja Las\u00f3w Pa\u0144stwowych w Szczecinie - Gmina Tuplice","twitter:description":"Regionalna Dyrekcja Las\u00f3w Pa\u0144stwowych w Szczecinie wyda\u0142a komunikat o wprowadzeniu od 19.05.2022 r. na terenach le\u015bnych woj. lubuskiego III (najwy\u017cszego) stopnia zagro\u017cenia po\u017carowego. Apeluje si\u0119 o zachowanie szczeg\u00f3lnej ostro\u017cno\u015bci podczas przebywania na terenach le\u015bnych. W przypadku zauwa\u017cenia po\u017caru nale\u017cy niezw\u0142ocznie skontaktowa\u0107 si\u0119 z nr alarmowym Pa\u0144stwowej Stra\u017cy Po\u017carnej 998 lub z nr alarmowym 112."},"aioseo_meta_data":{"post_id":"4467","title":null,"description":null,"keywords":null,"keyphrases":null,"primary_term":null,"canonical_url":null,"og_title":null,"og_description":null,"og_object_type":"default","og_image_type":"default","og_image_url":null,"og_image_width":null,"og_image_height":null,"og_image_custom_url":null,"og_image_custom_fields":null,"og_video":null,"og_custom_url":null,"og_article_section":null,"og_article_tags":null,"twitter_use_og":false,"twitter_card":"default","twitter_image_type":"default","twitter_image_url":null,"twitter_image_custom_url":null,"twitter_image_custom_fields":null,"twitter_title":null,"twitter_description":null,"schema":{"blockGraphs":[],"customGraphs":[],"default":{"data":{"Article":[],"Course":[],"Dataset":[],"FAQPage":[],"Movie":[],"Person":[],"Product":[],"ProductReview":[],"Car":[],"Recipe":[],"Service":[],"SoftwareApplication":[],"WebPage":[]},"graphName":"","isEnabled":true},"graphs":[]},"schema_type":"default","schema_type_options":null,"pillar_content":false,"robots_default":true,"robots_noindex":false,"robots_noarchive":false,"robots_nosnippet":false,"robots_nofollow":false,"robots_noimageindex":false,"robots_noodp":false,"robots_notranslate":false,"robots_max_snippet":null,"robots_max_videopreview":null,"robots_max_imagepreview":"large","priority":null,"frequency":null,"local_seo":null,"breadcrumb_settings":null,"limit_modified_date":false,"ai":null,"created":"2025-07-22 23:50:32","updated":"2025-07-22 23:50:32","seo_analyzer_scan_date":null},"aioseo_breadcrumb":"<div class=\"aioseo-breadcrumbs\"><span class=\"aioseo-breadcrumb\">\n\t\t\t<a href=\"https:\/\/tuplice.pl\" title=\"Home\">Home<\/a>\n\t\t<\/span><span class=\"aioseo-breadcrumb-separator\">&raquo;<\/span><span class=\"aioseo-breadcrumb\">\n\t\t\t<a href=\"https:\/\/tuplice.pl\/index.php\/category\/bez-kategorii\/\" title=\"Bez kategorii\">Bez kategorii<\/a>\n\t\t<\/span><span class=\"aioseo-breadcrumb-separator\">&raquo;<\/span><span class=\"aioseo-breadcrumb\">\n\t\t\tInformacja Regionalnnej Dyrekcja Las\u00f3w Pa\u0144stwowych w Szczecinie\n\t\t<\/span><\/div>","aioseo_breadcrumb_json":[{"label":"Home","link":"https:\/\/tuplice.pl"},{"label":"Bez kategorii","link":"https:\/\/tuplice.pl\/index.php\/category\/bez-kategorii\/"},{"label":"Informacja Regionalnnej Dyrekcja Las\u00f3w Pa\u0144stwowych w Szczecinie","link":"https:\/\/tuplice.pl\/index.php\/2022\/05\/20\/informacja-regionalnnej-dyrekcja-lasow-panstwowych-w-szczecinie\/"}],"a3_pvc":{"activated":false,"total_views":0,"today_views":0},"_links":{"self":[{"href":"https:\/\/tuplice.pl\/index.php\/wp-json\/wp\/v2\/posts\/4467"}],"collection":[{"href":"https:\/\/tuplice.pl\/index.php\/wp-json\/wp\/v2\/posts"}],"about":[{"href":"https:\/\/tuplice.pl\/index.php\/wp-json\/wp\/v2\/types\/post"}],"author":[{"embeddable":true,"href":"https:\/\/tuplice.pl\/index.php\/wp-json\/wp\/v2\/users\/3"}],"replies":[{"embeddable":true,"href":"https:\/\/tuplice.pl\/index.php\/wp-json\/wp\/v2\/comments?post=4467"}],"version-history":[{"count":1,"href":"https:\/\/tuplice.pl\/index.php\/wp-json\/wp\/v2\/posts\/4467\/revisions"}],"predecessor-version":[{"id":4469,"href":"https:\/\/tuplice.pl\/index.php\/wp-json\/wp\/v2\/posts\/4467\/revisions\/4469"}],"wp:featuredmedia":[{"embeddable":true,"href":"https:\/\/tuplice.pl\/index.php\/wp-json\/wp\/v2\/media\/4468"}],"wp:attachment":[{"href":"https:\/\/tuplice.pl\/index.php\/wp-json\/wp\/v2\/media?parent=4467"}],"wp:term":[{"taxonomy":"category","embeddable":true,"href":"https:\/\/tuplice.pl\/index.php\/wp-json\/wp\/v2\/categories?post=4467"},{"taxonomy":"post_tag","embeddable":true,"href":"https:\/\/tuplice.pl\/index.php\/wp-json\/wp\/v2\/tags?post=4467"}],"curies":[{"name":"wp","href":"https:\/\/api.w.org\/{rel}","templated":true}]}}