{"id":4470,"date":"2022-05-20T09:26:20","date_gmt":"2022-05-20T07:26:20","guid":{"rendered":"http:\/\/tuplice.pl\/?p=4470"},"modified":"2022-05-20T09:26:20","modified_gmt":"2022-05-20T07:26:20","slug":"ministerstwo-obrony-narodowej-zaprasza-do-udzialu-w-ii-edycji-konkursu-murale-historia-wojska-polskiego","status":"publish","type":"post","link":"https:\/\/tuplice.pl\/index.php\/2022\/05\/20\/ministerstwo-obrony-narodowej-zaprasza-do-udzialu-w-ii-edycji-konkursu-murale-historia-wojska-polskiego\/","title":{"rendered":"Ministerstwo Obrony Narodowej zaprasza do udzia\u0142u w II edycji konkursu &#8222;MUR,ALE HISTORIA WOJSKA POLSKIEGO&#8221;"},"content":{"rendered":"<div class=\"\" dir=\"auto\">\n<div id=\"jsc_c_lv\" class=\"ecm0bbzt hv4rvrfc ihqw7lf3 dati1w0a\" data-ad-comet-preview=\"message\" data-ad-preview=\"message\">\n<div class=\"j83agx80 cbu4d94t ew0dbk1b irj2b8pg\">\n<div class=\"qzhwtbm6 knvmm38d\">\n<div class=\"kvgmc6g5 cxmmr5t8 oygrvhab hcukyx3x c1et5uql\n                ii04i59q\"><\/p>\n<div dir=\"auto\"><img decoding=\"async\" loading=\"lazy\" class=\"aligncenter size-full wp-image-4471\" src=\"https:\/\/tuplice.pl\/wp-content\/uploads\/2022\/05\/729x308.jpg\" alt=\"\" width=\"729\" height=\"308\" srcset=\"https:\/\/tuplice.pl\/wp-content\/uploads\/2022\/05\/729x308.jpg 729w, https:\/\/tuplice.pl\/wp-content\/uploads\/2022\/05\/729x308-480x203.jpg 480w\" sizes=\"(min-width: 0px) and (max-width: 480px) 480px, (min-width: 481px) 729px, 100vw\" \/><\/div>\n<div dir=\"auto\"><\/div>\n<div dir=\"auto\">Ministerstwo Obrony Narodowej zaprasza do udzia\u0142u w II edycji konkursu &#8222;MUR,ALE HISTORIA WOJSKA POLSKIEGO&#8221;. Zach\u0119camy do tworzenia murali opowiadaj\u0105cych o Wojsku Polskim i walkach o suwerenno\u015b\u0107 Polski, od \u015bredniowiecza po wsp\u00f3\u0142czesno\u015b\u0107. Prace mog\u0105 tak\u017ce upami\u0119tnia\u0107 wa\u017cne dla regionu wydarzenia historyczne lub przypomina\u0107 o lokalnych bohaterach walk o niepodleg\u0142o\u015b\u0107. Na realizacj\u0119 zada\u0144 MON zaplanowa\u0142o w sumie 3.000.000 z\u0142.<\/div>\n<\/div>\n<div class=\"cxmmr5t8 oygrvhab hcukyx3x c1et5uql o9v6fnle\n                ii04i59q\"><\/p>\n<div dir=\"auto\">Mural, nie mniejszy ni\u017c 3 metry szeroko\u015bci i 3 metry wysoko\u015bci, powinien zosta\u0107 wykonany technik\u0105 zapewniaj\u0105c\u0105 5-letni\u0105 trwa\u0142o\u015b\u0107 i odporno\u015b\u0107 na zmywanie. Miejsce w przestrzeni publicznej musi by\u0107 godne dla upami\u0119tnienia bohater\u00f3w i wydarze\u0144. Na muralu powinno by\u0107 widoczne logo Ministerstwa Obrony Narodowej. Wnioski o dofinansowanie powinny zawiera\u0107 m.in. opis planowanych dzia\u0142a\u0144 patriotyczno-edukacyjnych, takich jak np. uroczysto\u015b\u0107 ods\u0142oni\u0119cia muralu po\u0142\u0105czona z prelekcj\u0105 historyczn\u0105, okoliczno\u015bciow\u0105 wystaw\u0105, koncertem itp.<\/div>\n<\/div>\n<div class=\"cxmmr5t8 oygrvhab hcukyx3x c1et5uql o9v6fnle\n                ii04i59q\"><\/p>\n<div dir=\"auto\">Konkurs adresowany jest do organizacji pozarz\u0105dowych oraz podmiot\u00f3w, o kt\u00f3rych mowa w art. 3 ust. 3 ustawy o dzia\u0142alno\u015bci po\u017cytku publicznego i o wolontariacie. Ka\u017cdy z nich mo\u017ce z\u0142o\u017cy\u0107 wy\u0142\u0105cznie 1 ofert\u0119.<\/div>\n<\/div>\n<div class=\"cxmmr5t8 oygrvhab hcukyx3x c1et5uql o9v6fnle\n                ii04i59q\"><\/p>\n<div dir=\"auto\">Wnioski nale\u017cy sk\u0142ada\u0107 do 8 czerwca 2022 r.<\/div>\n<\/div>\n<div class=\"cxmmr5t8 oygrvhab hcukyx3x c1et5uql o9v6fnle\n                ii04i59q\"><\/p>\n<div dir=\"auto\">Wi\u0119cej informacji na stronie: <a href=\"https:\/\/www.gov.pl\/web\/obrona-narodowa\/mur-ale-historia-wojska-polskiego3\">https:\/\/www.gov.pl\/<\/a><\/div>\n<\/div>\n<\/div>\n<\/div>\n<\/div>\n<\/div>\n","protected":false},"excerpt":{"rendered":"<p>Ministerstwo Obrony Narodowej zaprasza do udzia\u0142u w II edycji konkursu &#8222;MUR,ALE HISTORIA WOJSKA POLSKIEGO&#8221;. Zach\u0119camy do tworzenia murali opowiadaj\u0105cych o Wojsku Polskim i walkach o suwerenno\u015b\u0107 Polski, od \u015bredniowiecza po wsp\u00f3\u0142czesno\u015b\u0107. Prace mog\u0105 tak\u017ce upami\u0119tnia\u0107 wa\u017cne dla regionu wydarzenia historyczne lub przypomina\u0107 o lokalnych bohaterach walk o niepodleg\u0142o\u015b\u0107. Na realizacj\u0119 zada\u0144 MON zaplanowa\u0142o w sumie [&hellip;]<\/p>\n","protected":false},"author":3,"featured_media":4472,"comment_status":"closed","ping_status":"closed","sticky":false,"template":"","format":"standard","meta":{"_et_pb_use_builder":"","_et_pb_old_content":"","_et_gb_content_width":"","_monsterinsights_skip_tracking":false},"categories":[82],"tags":[],"aioseo_notices":[],"aioseo_head":"\n\t\t<!-- All in One SEO 4.9.10 - aioseo.com -->\n\t<meta name=\"description\" content=\"Ministerstwo Obrony Narodowej zaprasza do udzia\u0142u w II edycji konkursu &quot;MUR,ALE HISTORIA WOJSKA POLSKIEGO&quot;. Zach\u0119camy do tworzenia murali opowiadaj\u0105cych o Wojsku Polskim i walkach o suwerenno\u015b\u0107 Polski, od \u015bredniowiecza po wsp\u00f3\u0142czesno\u015b\u0107. Prace mog\u0105 tak\u017ce upami\u0119tnia\u0107 wa\u017cne dla regionu wydarzenia historyczne lub przypomina\u0107 o lokalnych bohaterach walk o niepodleg\u0142o\u015b\u0107. Na realizacj\u0119 zada\u0144 MON zaplanowa\u0142o w sumie\" \/>\n\t<meta name=\"robots\" content=\"max-image-preview:large\" \/>\n\t<meta name=\"author\" content=\"Jacek Konieczy\u0144ski\"\/>\n\t<link rel=\"canonical\" href=\"https:\/\/tuplice.pl\/index.php\/2022\/05\/20\/ministerstwo-obrony-narodowej-zaprasza-do-udzialu-w-ii-edycji-konkursu-murale-historia-wojska-polskiego\/\" \/>\n\t<meta name=\"generator\" content=\"All in One SEO (AIOSEO) 4.9.10\" \/>\n\t\t<meta property=\"og:locale\" content=\"pl_PL\" \/>\n\t\t<meta property=\"og:site_name\" content=\"Gmina Tuplice - Strona Gminy Tuplice\" \/>\n\t\t<meta property=\"og:type\" content=\"article\" \/>\n\t\t<meta property=\"og:title\" content=\"Ministerstwo Obrony Narodowej zaprasza do udzia\u0142u w II edycji konkursu \u201eMUR,ALE HISTORIA WOJSKA POLSKIEGO\u201d - Gmina Tuplice\" \/>\n\t\t<meta property=\"og:description\" content=\"Ministerstwo Obrony Narodowej zaprasza do udzia\u0142u w II edycji konkursu &quot;MUR,ALE HISTORIA WOJSKA POLSKIEGO&quot;. Zach\u0119camy do tworzenia murali opowiadaj\u0105cych o Wojsku Polskim i walkach o suwerenno\u015b\u0107 Polski, od \u015bredniowiecza po wsp\u00f3\u0142czesno\u015b\u0107. Prace mog\u0105 tak\u017ce upami\u0119tnia\u0107 wa\u017cne dla regionu wydarzenia historyczne lub przypomina\u0107 o lokalnych bohaterach walk o niepodleg\u0142o\u015b\u0107. Na realizacj\u0119 zada\u0144 MON zaplanowa\u0142o w sumie\" \/>\n\t\t<meta property=\"og:url\" content=\"https:\/\/tuplice.pl\/index.php\/2022\/05\/20\/ministerstwo-obrony-narodowej-zaprasza-do-udzialu-w-ii-edycji-konkursu-murale-historia-wojska-polskiego\/\" \/>\n\t\t<meta property=\"article:published_time\" content=\"2022-05-20T07:26:20+00:00\" \/>\n\t\t<meta property=\"article:modified_time\" content=\"2022-05-20T07:26:20+00:00\" \/>\n\t\t<meta property=\"article:publisher\" content=\"https:\/\/facebook.com\/Tuplicki Biuletyn Informacyjny\" \/>\n\t\t<meta name=\"twitter:card\" content=\"summary_large_image\" \/>\n\t\t<meta name=\"twitter:title\" content=\"Ministerstwo Obrony Narodowej zaprasza do udzia\u0142u w II edycji konkursu \u201eMUR,ALE HISTORIA WOJSKA POLSKIEGO\u201d - Gmina Tuplice\" \/>\n\t\t<meta name=\"twitter:description\" content=\"Ministerstwo Obrony Narodowej zaprasza do udzia\u0142u w II edycji konkursu &quot;MUR,ALE HISTORIA WOJSKA POLSKIEGO&quot;. Zach\u0119camy do tworzenia murali opowiadaj\u0105cych o Wojsku Polskim i walkach o suwerenno\u015b\u0107 Polski, od \u015bredniowiecza po wsp\u00f3\u0142czesno\u015b\u0107. Prace mog\u0105 tak\u017ce upami\u0119tnia\u0107 wa\u017cne dla regionu wydarzenia historyczne lub przypomina\u0107 o lokalnych bohaterach walk o niepodleg\u0142o\u015b\u0107. Na realizacj\u0119 zada\u0144 MON zaplanowa\u0142o w sumie\" \/>\n\t\t<script type=\"application\/ld+json\" class=\"aioseo-schema\">\n\t\t\t{\"@context\":\"https:\\\/\\\/schema.org\",\"@graph\":[{\"@type\":\"BlogPosting\",\"@id\":\"https:\\\/\\\/tuplice.pl\\\/index.php\\\/2022\\\/05\\\/20\\\/ministerstwo-obrony-narodowej-zaprasza-do-udzialu-w-ii-edycji-konkursu-murale-historia-wojska-polskiego\\\/#blogposting\",\"name\":\"Ministerstwo Obrony Narodowej zaprasza do udzia\\u0142u w II edycji konkursu \\u201eMUR,ALE HISTORIA WOJSKA POLSKIEGO\\u201d - Gmina Tuplice\",\"headline\":\"Ministerstwo Obrony Narodowej zaprasza do udzia\\u0142u w II edycji konkursu &#8222;MUR,ALE HISTORIA WOJSKA POLSKIEGO&#8221;\",\"author\":{\"@id\":\"https:\\\/\\\/tuplice.pl\\\/index.php\\\/author\\\/tuplice\\\/#author\"},\"publisher\":{\"@id\":\"https:\\\/\\\/tuplice.pl\\\/#organization\"},\"image\":{\"@type\":\"ImageObject\",\"url\":\"https:\\\/\\\/tuplice.pl\\\/wp-content\\\/uploads\\\/2022\\\/05\\\/Logo_MON.png\",\"width\":640,\"height\":649},\"datePublished\":\"2022-05-20T09:26:20+02:00\",\"dateModified\":\"2022-05-20T09:26:20+02:00\",\"inLanguage\":\"pl-PL\",\"mainEntityOfPage\":{\"@id\":\"https:\\\/\\\/tuplice.pl\\\/index.php\\\/2022\\\/05\\\/20\\\/ministerstwo-obrony-narodowej-zaprasza-do-udzialu-w-ii-edycji-konkursu-murale-historia-wojska-polskiego\\\/#webpage\"},\"isPartOf\":{\"@id\":\"https:\\\/\\\/tuplice.pl\\\/index.php\\\/2022\\\/05\\\/20\\\/ministerstwo-obrony-narodowej-zaprasza-do-udzialu-w-ii-edycji-konkursu-murale-historia-wojska-polskiego\\\/#webpage\"},\"articleSection\":\"Aktualno\\u015bci\"},{\"@type\":\"BreadcrumbList\",\"@id\":\"https:\\\/\\\/tuplice.pl\\\/index.php\\\/2022\\\/05\\\/20\\\/ministerstwo-obrony-narodowej-zaprasza-do-udzialu-w-ii-edycji-konkursu-murale-historia-wojska-polskiego\\\/#breadcrumblist\",\"itemListElement\":[{\"@type\":\"ListItem\",\"@id\":\"https:\\\/\\\/tuplice.pl#listItem\",\"position\":1,\"name\":\"Home\",\"item\":\"https:\\\/\\\/tuplice.pl\",\"nextItem\":{\"@type\":\"ListItem\",\"@id\":\"https:\\\/\\\/tuplice.pl\\\/index.php\\\/category\\\/aktualnosci\\\/#listItem\",\"name\":\"Aktualno\\u015bci\"}},{\"@type\":\"ListItem\",\"@id\":\"https:\\\/\\\/tuplice.pl\\\/index.php\\\/category\\\/aktualnosci\\\/#listItem\",\"position\":2,\"name\":\"Aktualno\\u015bci\",\"item\":\"https:\\\/\\\/tuplice.pl\\\/index.php\\\/category\\\/aktualnosci\\\/\",\"nextItem\":{\"@type\":\"ListItem\",\"@id\":\"https:\\\/\\\/tuplice.pl\\\/index.php\\\/2022\\\/05\\\/20\\\/ministerstwo-obrony-narodowej-zaprasza-do-udzialu-w-ii-edycji-konkursu-murale-historia-wojska-polskiego\\\/#listItem\",\"name\":\"Ministerstwo Obrony Narodowej zaprasza do udzia\\u0142u w II edycji konkursu &#8222;MUR,ALE HISTORIA WOJSKA POLSKIEGO&#8221;\"},\"previousItem\":{\"@type\":\"ListItem\",\"@id\":\"https:\\\/\\\/tuplice.pl#listItem\",\"name\":\"Home\"}},{\"@type\":\"ListItem\",\"@id\":\"https:\\\/\\\/tuplice.pl\\\/index.php\\\/2022\\\/05\\\/20\\\/ministerstwo-obrony-narodowej-zaprasza-do-udzialu-w-ii-edycji-konkursu-murale-historia-wojska-polskiego\\\/#listItem\",\"position\":3,\"name\":\"Ministerstwo Obrony Narodowej zaprasza do udzia\\u0142u w II edycji konkursu &#8222;MUR,ALE HISTORIA WOJSKA POLSKIEGO&#8221;\",\"previousItem\":{\"@type\":\"ListItem\",\"@id\":\"https:\\\/\\\/tuplice.pl\\\/index.php\\\/category\\\/aktualnosci\\\/#listItem\",\"name\":\"Aktualno\\u015bci\"}}]},{\"@type\":\"Organization\",\"@id\":\"https:\\\/\\\/tuplice.pl\\\/#organization\",\"name\":\"Gmina Tuplice Gmina Tuplice\",\"description\":\"Strona Gminy Tuplice Strona Urz\\u0119du Gminy Tuplice\",\"url\":\"https:\\\/\\\/tuplice.pl\\\/\",\"telephone\":\"+48683625720\",\"logo\":{\"@type\":\"ImageObject\",\"url\":\"https:\\\/\\\/tuplice.pl\\\/wp-content\\\/uploads\\\/2025\\\/07\\\/images.png\",\"@id\":\"https:\\\/\\\/tuplice.pl\\\/index.php\\\/2022\\\/05\\\/20\\\/ministerstwo-obrony-narodowej-zaprasza-do-udzialu-w-ii-edycji-konkursu-murale-historia-wojska-polskiego\\\/#organizationLogo\",\"width\":282,\"height\":179},\"image\":{\"@id\":\"https:\\\/\\\/tuplice.pl\\\/index.php\\\/2022\\\/05\\\/20\\\/ministerstwo-obrony-narodowej-zaprasza-do-udzialu-w-ii-edycji-konkursu-murale-historia-wojska-polskiego\\\/#organizationLogo\"},\"sameAs\":[\"https:\\\/\\\/facebook.com\\\/Tuplicki Biuletyn Informacyjny\",\"https:\\\/\\\/pinterest.com\\\/Tuplicki Biuletyn Informacyjny\",\"https:\\\/\\\/youtube.com\\\/Tuplicki Biuletyn Informacyjny\"]},{\"@type\":\"Person\",\"@id\":\"https:\\\/\\\/tuplice.pl\\\/index.php\\\/author\\\/tuplice\\\/#author\",\"url\":\"https:\\\/\\\/tuplice.pl\\\/index.php\\\/author\\\/tuplice\\\/\",\"name\":\"Jacek Konieczy\\u0144ski\",\"image\":{\"@type\":\"ImageObject\",\"@id\":\"https:\\\/\\\/tuplice.pl\\\/index.php\\\/2022\\\/05\\\/20\\\/ministerstwo-obrony-narodowej-zaprasza-do-udzialu-w-ii-edycji-konkursu-murale-historia-wojska-polskiego\\\/#authorImage\",\"url\":\"https:\\\/\\\/secure.gravatar.com\\\/avatar\\\/8aa224da0ce3c7d7e2a92a582397a6f3?s=96&d=mm&r=g\",\"width\":96,\"height\":96,\"caption\":\"Jacek Konieczy\\u0144ski\"}},{\"@type\":\"WebPage\",\"@id\":\"https:\\\/\\\/tuplice.pl\\\/index.php\\\/2022\\\/05\\\/20\\\/ministerstwo-obrony-narodowej-zaprasza-do-udzialu-w-ii-edycji-konkursu-murale-historia-wojska-polskiego\\\/#webpage\",\"url\":\"https:\\\/\\\/tuplice.pl\\\/index.php\\\/2022\\\/05\\\/20\\\/ministerstwo-obrony-narodowej-zaprasza-do-udzialu-w-ii-edycji-konkursu-murale-historia-wojska-polskiego\\\/\",\"name\":\"Ministerstwo Obrony Narodowej zaprasza do udzia\\u0142u w II edycji konkursu \\u201eMUR,ALE HISTORIA WOJSKA POLSKIEGO\\u201d - Gmina Tuplice\",\"description\":\"Ministerstwo Obrony Narodowej zaprasza do udzia\\u0142u w II edycji konkursu \\\"MUR,ALE HISTORIA WOJSKA POLSKIEGO\\\". Zach\\u0119camy do tworzenia murali opowiadaj\\u0105cych o Wojsku Polskim i walkach o suwerenno\\u015b\\u0107 Polski, od \\u015bredniowiecza po wsp\\u00f3\\u0142czesno\\u015b\\u0107. Prace mog\\u0105 tak\\u017ce upami\\u0119tnia\\u0107 wa\\u017cne dla regionu wydarzenia historyczne lub przypomina\\u0107 o lokalnych bohaterach walk o niepodleg\\u0142o\\u015b\\u0107. Na realizacj\\u0119 zada\\u0144 MON zaplanowa\\u0142o w sumie\",\"inLanguage\":\"pl-PL\",\"isPartOf\":{\"@id\":\"https:\\\/\\\/tuplice.pl\\\/#website\"},\"breadcrumb\":{\"@id\":\"https:\\\/\\\/tuplice.pl\\\/index.php\\\/2022\\\/05\\\/20\\\/ministerstwo-obrony-narodowej-zaprasza-do-udzialu-w-ii-edycji-konkursu-murale-historia-wojska-polskiego\\\/#breadcrumblist\"},\"author\":{\"@id\":\"https:\\\/\\\/tuplice.pl\\\/index.php\\\/author\\\/tuplice\\\/#author\"},\"creator\":{\"@id\":\"https:\\\/\\\/tuplice.pl\\\/index.php\\\/author\\\/tuplice\\\/#author\"},\"image\":{\"@type\":\"ImageObject\",\"url\":\"https:\\\/\\\/tuplice.pl\\\/wp-content\\\/uploads\\\/2022\\\/05\\\/Logo_MON.png\",\"@id\":\"https:\\\/\\\/tuplice.pl\\\/index.php\\\/2022\\\/05\\\/20\\\/ministerstwo-obrony-narodowej-zaprasza-do-udzialu-w-ii-edycji-konkursu-murale-historia-wojska-polskiego\\\/#mainImage\",\"width\":640,\"height\":649},\"primaryImageOfPage\":{\"@id\":\"https:\\\/\\\/tuplice.pl\\\/index.php\\\/2022\\\/05\\\/20\\\/ministerstwo-obrony-narodowej-zaprasza-do-udzialu-w-ii-edycji-konkursu-murale-historia-wojska-polskiego\\\/#mainImage\"},\"datePublished\":\"2022-05-20T09:26:20+02:00\",\"dateModified\":\"2022-05-20T09:26:20+02:00\"},{\"@type\":\"WebSite\",\"@id\":\"https:\\\/\\\/tuplice.pl\\\/#website\",\"url\":\"https:\\\/\\\/tuplice.pl\\\/\",\"name\":\"Gmina Tuplice\",\"description\":\"Strona Gminy Tuplice\",\"inLanguage\":\"pl-PL\",\"publisher\":{\"@id\":\"https:\\\/\\\/tuplice.pl\\\/#organization\"}}]}\n\t\t<\/script>\n\t\t<!-- All in One SEO -->\n\n","aioseo_head_json":{"title":"Ministerstwo Obrony Narodowej zaprasza do udzia\u0142u w II edycji konkursu \u201eMUR,ALE HISTORIA WOJSKA POLSKIEGO\u201d - Gmina Tuplice","description":"Ministerstwo Obrony Narodowej zaprasza do udzia\u0142u w II edycji konkursu \"MUR,ALE HISTORIA WOJSKA POLSKIEGO\". Zach\u0119camy do tworzenia murali opowiadaj\u0105cych o Wojsku Polskim i walkach o suwerenno\u015b\u0107 Polski, od \u015bredniowiecza po wsp\u00f3\u0142czesno\u015b\u0107. Prace mog\u0105 tak\u017ce upami\u0119tnia\u0107 wa\u017cne dla regionu wydarzenia historyczne lub przypomina\u0107 o lokalnych bohaterach walk o niepodleg\u0142o\u015b\u0107. Na realizacj\u0119 zada\u0144 MON zaplanowa\u0142o w sumie","canonical_url":"https:\/\/tuplice.pl\/index.php\/2022\/05\/20\/ministerstwo-obrony-narodowej-zaprasza-do-udzialu-w-ii-edycji-konkursu-murale-historia-wojska-polskiego\/","robots":"max-image-preview:large","keywords":"","webmasterTools":{"miscellaneous":""},"schema":{"@context":"https:\/\/schema.org","@graph":[{"@type":"BlogPosting","@id":"https:\/\/tuplice.pl\/index.php\/2022\/05\/20\/ministerstwo-obrony-narodowej-zaprasza-do-udzialu-w-ii-edycji-konkursu-murale-historia-wojska-polskiego\/#blogposting","name":"Ministerstwo Obrony Narodowej zaprasza do udzia\u0142u w II edycji konkursu \u201eMUR,ALE HISTORIA WOJSKA POLSKIEGO\u201d - Gmina Tuplice","headline":"Ministerstwo Obrony Narodowej zaprasza do udzia\u0142u w II edycji konkursu &#8222;MUR,ALE HISTORIA WOJSKA POLSKIEGO&#8221;","author":{"@id":"https:\/\/tuplice.pl\/index.php\/author\/tuplice\/#author"},"publisher":{"@id":"https:\/\/tuplice.pl\/#organization"},"image":{"@type":"ImageObject","url":"https:\/\/tuplice.pl\/wp-content\/uploads\/2022\/05\/Logo_MON.png","width":640,"height":649},"datePublished":"2022-05-20T09:26:20+02:00","dateModified":"2022-05-20T09:26:20+02:00","inLanguage":"pl-PL","mainEntityOfPage":{"@id":"https:\/\/tuplice.pl\/index.php\/2022\/05\/20\/ministerstwo-obrony-narodowej-zaprasza-do-udzialu-w-ii-edycji-konkursu-murale-historia-wojska-polskiego\/#webpage"},"isPartOf":{"@id":"https:\/\/tuplice.pl\/index.php\/2022\/05\/20\/ministerstwo-obrony-narodowej-zaprasza-do-udzialu-w-ii-edycji-konkursu-murale-historia-wojska-polskiego\/#webpage"},"articleSection":"Aktualno\u015bci"},{"@type":"BreadcrumbList","@id":"https:\/\/tuplice.pl\/index.php\/2022\/05\/20\/ministerstwo-obrony-narodowej-zaprasza-do-udzialu-w-ii-edycji-konkursu-murale-historia-wojska-polskiego\/#breadcrumblist","itemListElement":[{"@type":"ListItem","@id":"https:\/\/tuplice.pl#listItem","position":1,"name":"Home","item":"https:\/\/tuplice.pl","nextItem":{"@type":"ListItem","@id":"https:\/\/tuplice.pl\/index.php\/category\/aktualnosci\/#listItem","name":"Aktualno\u015bci"}},{"@type":"ListItem","@id":"https:\/\/tuplice.pl\/index.php\/category\/aktualnosci\/#listItem","position":2,"name":"Aktualno\u015bci","item":"https:\/\/tuplice.pl\/index.php\/category\/aktualnosci\/","nextItem":{"@type":"ListItem","@id":"https:\/\/tuplice.pl\/index.php\/2022\/05\/20\/ministerstwo-obrony-narodowej-zaprasza-do-udzialu-w-ii-edycji-konkursu-murale-historia-wojska-polskiego\/#listItem","name":"Ministerstwo Obrony Narodowej zaprasza do udzia\u0142u w II edycji konkursu &#8222;MUR,ALE HISTORIA WOJSKA POLSKIEGO&#8221;"},"previousItem":{"@type":"ListItem","@id":"https:\/\/tuplice.pl#listItem","name":"Home"}},{"@type":"ListItem","@id":"https:\/\/tuplice.pl\/index.php\/2022\/05\/20\/ministerstwo-obrony-narodowej-zaprasza-do-udzialu-w-ii-edycji-konkursu-murale-historia-wojska-polskiego\/#listItem","position":3,"name":"Ministerstwo Obrony Narodowej zaprasza do udzia\u0142u w II edycji konkursu &#8222;MUR,ALE HISTORIA WOJSKA POLSKIEGO&#8221;","previousItem":{"@type":"ListItem","@id":"https:\/\/tuplice.pl\/index.php\/category\/aktualnosci\/#listItem","name":"Aktualno\u015bci"}}]},{"@type":"Organization","@id":"https:\/\/tuplice.pl\/#organization","name":"Gmina Tuplice Gmina Tuplice","description":"Strona Gminy Tuplice Strona Urz\u0119du Gminy Tuplice","url":"https:\/\/tuplice.pl\/","telephone":"+48683625720","logo":{"@type":"ImageObject","url":"https:\/\/tuplice.pl\/wp-content\/uploads\/2025\/07\/images.png","@id":"https:\/\/tuplice.pl\/index.php\/2022\/05\/20\/ministerstwo-obrony-narodowej-zaprasza-do-udzialu-w-ii-edycji-konkursu-murale-historia-wojska-polskiego\/#organizationLogo","width":282,"height":179},"image":{"@id":"https:\/\/tuplice.pl\/index.php\/2022\/05\/20\/ministerstwo-obrony-narodowej-zaprasza-do-udzialu-w-ii-edycji-konkursu-murale-historia-wojska-polskiego\/#organizationLogo"},"sameAs":["https:\/\/facebook.com\/Tuplicki Biuletyn Informacyjny","https:\/\/pinterest.com\/Tuplicki Biuletyn Informacyjny","https:\/\/youtube.com\/Tuplicki Biuletyn Informacyjny"]},{"@type":"Person","@id":"https:\/\/tuplice.pl\/index.php\/author\/tuplice\/#author","url":"https:\/\/tuplice.pl\/index.php\/author\/tuplice\/","name":"Jacek Konieczy\u0144ski","image":{"@type":"ImageObject","@id":"https:\/\/tuplice.pl\/index.php\/2022\/05\/20\/ministerstwo-obrony-narodowej-zaprasza-do-udzialu-w-ii-edycji-konkursu-murale-historia-wojska-polskiego\/#authorImage","url":"https:\/\/secure.gravatar.com\/avatar\/8aa224da0ce3c7d7e2a92a582397a6f3?s=96&d=mm&r=g","width":96,"height":96,"caption":"Jacek Konieczy\u0144ski"}},{"@type":"WebPage","@id":"https:\/\/tuplice.pl\/index.php\/2022\/05\/20\/ministerstwo-obrony-narodowej-zaprasza-do-udzialu-w-ii-edycji-konkursu-murale-historia-wojska-polskiego\/#webpage","url":"https:\/\/tuplice.pl\/index.php\/2022\/05\/20\/ministerstwo-obrony-narodowej-zaprasza-do-udzialu-w-ii-edycji-konkursu-murale-historia-wojska-polskiego\/","name":"Ministerstwo Obrony Narodowej zaprasza do udzia\u0142u w II edycji konkursu \u201eMUR,ALE HISTORIA WOJSKA POLSKIEGO\u201d - Gmina Tuplice","description":"Ministerstwo Obrony Narodowej zaprasza do udzia\u0142u w II edycji konkursu \"MUR,ALE HISTORIA WOJSKA POLSKIEGO\". Zach\u0119camy do tworzenia murali opowiadaj\u0105cych o Wojsku Polskim i walkach o suwerenno\u015b\u0107 Polski, od \u015bredniowiecza po wsp\u00f3\u0142czesno\u015b\u0107. Prace mog\u0105 tak\u017ce upami\u0119tnia\u0107 wa\u017cne dla regionu wydarzenia historyczne lub przypomina\u0107 o lokalnych bohaterach walk o niepodleg\u0142o\u015b\u0107. Na realizacj\u0119 zada\u0144 MON zaplanowa\u0142o w sumie","inLanguage":"pl-PL","isPartOf":{"@id":"https:\/\/tuplice.pl\/#website"},"breadcrumb":{"@id":"https:\/\/tuplice.pl\/index.php\/2022\/05\/20\/ministerstwo-obrony-narodowej-zaprasza-do-udzialu-w-ii-edycji-konkursu-murale-historia-wojska-polskiego\/#breadcrumblist"},"author":{"@id":"https:\/\/tuplice.pl\/index.php\/author\/tuplice\/#author"},"creator":{"@id":"https:\/\/tuplice.pl\/index.php\/author\/tuplice\/#author"},"image":{"@type":"ImageObject","url":"https:\/\/tuplice.pl\/wp-content\/uploads\/2022\/05\/Logo_MON.png","@id":"https:\/\/tuplice.pl\/index.php\/2022\/05\/20\/ministerstwo-obrony-narodowej-zaprasza-do-udzialu-w-ii-edycji-konkursu-murale-historia-wojska-polskiego\/#mainImage","width":640,"height":649},"primaryImageOfPage":{"@id":"https:\/\/tuplice.pl\/index.php\/2022\/05\/20\/ministerstwo-obrony-narodowej-zaprasza-do-udzialu-w-ii-edycji-konkursu-murale-historia-wojska-polskiego\/#mainImage"},"datePublished":"2022-05-20T09:26:20+02:00","dateModified":"2022-05-20T09:26:20+02:00"},{"@type":"WebSite","@id":"https:\/\/tuplice.pl\/#website","url":"https:\/\/tuplice.pl\/","name":"Gmina Tuplice","description":"Strona Gminy Tuplice","inLanguage":"pl-PL","publisher":{"@id":"https:\/\/tuplice.pl\/#organization"}}]},"og:locale":"pl_PL","og:site_name":"Gmina Tuplice - Strona Gminy Tuplice","og:type":"article","og:title":"Ministerstwo Obrony Narodowej zaprasza do udzia\u0142u w II edycji konkursu \u201eMUR,ALE HISTORIA WOJSKA POLSKIEGO\u201d - Gmina Tuplice","og:description":"Ministerstwo Obrony Narodowej zaprasza do udzia\u0142u w II edycji konkursu &quot;MUR,ALE HISTORIA WOJSKA POLSKIEGO&quot;. Zach\u0119camy do tworzenia murali opowiadaj\u0105cych o Wojsku Polskim i walkach o suwerenno\u015b\u0107 Polski, od \u015bredniowiecza po wsp\u00f3\u0142czesno\u015b\u0107. Prace mog\u0105 tak\u017ce upami\u0119tnia\u0107 wa\u017cne dla regionu wydarzenia historyczne lub przypomina\u0107 o lokalnych bohaterach walk o niepodleg\u0142o\u015b\u0107. Na realizacj\u0119 zada\u0144 MON zaplanowa\u0142o w sumie","og:url":"https:\/\/tuplice.pl\/index.php\/2022\/05\/20\/ministerstwo-obrony-narodowej-zaprasza-do-udzialu-w-ii-edycji-konkursu-murale-historia-wojska-polskiego\/","article:published_time":"2022-05-20T07:26:20+00:00","article:modified_time":"2022-05-20T07:26:20+00:00","article:publisher":"https:\/\/facebook.com\/Tuplicki Biuletyn Informacyjny","twitter:card":"summary_large_image","twitter:title":"Ministerstwo Obrony Narodowej zaprasza do udzia\u0142u w II edycji konkursu \u201eMUR,ALE HISTORIA WOJSKA POLSKIEGO\u201d - Gmina Tuplice","twitter:description":"Ministerstwo Obrony Narodowej zaprasza do udzia\u0142u w II edycji konkursu &quot;MUR,ALE HISTORIA WOJSKA POLSKIEGO&quot;. Zach\u0119camy do tworzenia murali opowiadaj\u0105cych o Wojsku Polskim i walkach o suwerenno\u015b\u0107 Polski, od \u015bredniowiecza po wsp\u00f3\u0142czesno\u015b\u0107. Prace mog\u0105 tak\u017ce upami\u0119tnia\u0107 wa\u017cne dla regionu wydarzenia historyczne lub przypomina\u0107 o lokalnych bohaterach walk o niepodleg\u0142o\u015b\u0107. Na realizacj\u0119 zada\u0144 MON zaplanowa\u0142o w sumie"},"aioseo_meta_data":{"post_id":"4470","title":null,"description":null,"keywords":null,"keyphrases":null,"primary_term":null,"canonical_url":null,"og_title":null,"og_description":null,"og_object_type":"default","og_image_type":"default","og_image_url":null,"og_image_width":null,"og_image_height":null,"og_image_custom_url":null,"og_image_custom_fields":null,"og_video":null,"og_custom_url":null,"og_article_section":null,"og_article_tags":null,"twitter_use_og":false,"twitter_card":"default","twitter_image_type":"default","twitter_image_url":null,"twitter_image_custom_url":null,"twitter_image_custom_fields":null,"twitter_title":null,"twitter_description":null,"schema":{"blockGraphs":[],"customGraphs":[],"default":{"data":{"Article":[],"Course":[],"Dataset":[],"FAQPage":[],"Movie":[],"Person":[],"Product":[],"ProductReview":[],"Car":[],"Recipe":[],"Service":[],"SoftwareApplication":[],"WebPage":[]},"graphName":"","isEnabled":true},"graphs":[]},"schema_type":"default","schema_type_options":null,"pillar_content":false,"robots_default":true,"robots_noindex":false,"robots_noarchive":false,"robots_nosnippet":false,"robots_nofollow":false,"robots_noimageindex":false,"robots_noodp":false,"robots_notranslate":false,"robots_max_snippet":null,"robots_max_videopreview":null,"robots_max_imagepreview":"large","priority":null,"frequency":null,"local_seo":null,"breadcrumb_settings":null,"limit_modified_date":false,"ai":null,"created":"2025-07-22 23:50:32","updated":"2025-07-22 23:50:32","seo_analyzer_scan_date":null},"aioseo_breadcrumb":"<div class=\"aioseo-breadcrumbs\"><span class=\"aioseo-breadcrumb\">\n\t\t\t<a href=\"https:\/\/tuplice.pl\" title=\"Home\">Home<\/a>\n\t\t<\/span><span class=\"aioseo-breadcrumb-separator\">&raquo;<\/span><span class=\"aioseo-breadcrumb\">\n\t\t\t<a href=\"https:\/\/tuplice.pl\/index.php\/category\/aktualnosci\/\" title=\"Aktualno\u015bci\">Aktualno\u015bci<\/a>\n\t\t<\/span><span class=\"aioseo-breadcrumb-separator\">&raquo;<\/span><span class=\"aioseo-breadcrumb\">\n\t\t\tMinisterstwo Obrony Narodowej zaprasza do udzia\u0142u w II edycji konkursu \u201eMUR,ALE HISTORIA WOJSKA POLSKIEGO\u201d\n\t\t<\/span><\/div>","aioseo_breadcrumb_json":[{"label":"Home","link":"https:\/\/tuplice.pl"},{"label":"Aktualno\u015bci","link":"https:\/\/tuplice.pl\/index.php\/category\/aktualnosci\/"},{"label":"Ministerstwo Obrony Narodowej zaprasza do udzia\u0142u w II edycji konkursu &#8222;MUR,ALE HISTORIA WOJSKA POLSKIEGO&#8221;","link":"https:\/\/tuplice.pl\/index.php\/2022\/05\/20\/ministerstwo-obrony-narodowej-zaprasza-do-udzialu-w-ii-edycji-konkursu-murale-historia-wojska-polskiego\/"}],"a3_pvc":{"activated":false,"total_views":0,"today_views":0},"_links":{"self":[{"href":"https:\/\/tuplice.pl\/index.php\/wp-json\/wp\/v2\/posts\/4470"}],"collection":[{"href":"https:\/\/tuplice.pl\/index.php\/wp-json\/wp\/v2\/posts"}],"about":[{"href":"https:\/\/tuplice.pl\/index.php\/wp-json\/wp\/v2\/types\/post"}],"author":[{"embeddable":true,"href":"https:\/\/tuplice.pl\/index.php\/wp-json\/wp\/v2\/users\/3"}],"replies":[{"embeddable":true,"href":"https:\/\/tuplice.pl\/index.php\/wp-json\/wp\/v2\/comments?post=4470"}],"version-history":[{"count":1,"href":"https:\/\/tuplice.pl\/index.php\/wp-json\/wp\/v2\/posts\/4470\/revisions"}],"predecessor-version":[{"id":4473,"href":"https:\/\/tuplice.pl\/index.php\/wp-json\/wp\/v2\/posts\/4470\/revisions\/4473"}],"wp:featuredmedia":[{"embeddable":true,"href":"https:\/\/tuplice.pl\/index.php\/wp-json\/wp\/v2\/media\/4472"}],"wp:attachment":[{"href":"https:\/\/tuplice.pl\/index.php\/wp-json\/wp\/v2\/media?parent=4470"}],"wp:term":[{"taxonomy":"category","embeddable":true,"href":"https:\/\/tuplice.pl\/index.php\/wp-json\/wp\/v2\/categories?post=4470"},{"taxonomy":"post_tag","embeddable":true,"href":"https:\/\/tuplice.pl\/index.php\/wp-json\/wp\/v2\/tags?post=4470"}],"curies":[{"name":"wp","href":"https:\/\/api.w.org\/{rel}","templated":true}]}}