{"id":4567,"date":"2022-09-30T11:05:58","date_gmt":"2022-09-30T09:05:58","guid":{"rendered":"https:\/\/tuplice.pl\/?p=4567"},"modified":"2022-09-30T11:05:58","modified_gmt":"2022-09-30T09:05:58","slug":"zus-dzien-seniora","status":"publish","type":"post","link":"https:\/\/tuplice.pl\/index.php\/2022\/09\/30\/zus-dzien-seniora\/","title":{"rendered":"ZUS &#8211; Dzie\u0144 seniora"},"content":{"rendered":"<p><strong>Dzie\u0144 Seniora w ZUS!<\/strong><\/p>\n<p><strong>Ju\u017c po raz kolejny ZUS oraz Polski Zwi\u0105zek Emeryt\u00f3w, Rencist\u00f3w i Inwalid\u00f3w organizuj\u0105 Dzie\u0144 Seniora. W ca\u0142ym kraju, pod has\u0142em \u201eBezpiecznie, zdrowo, bezgot\u00f3wkowo\u201d, odb\u0119d\u0105 si\u0119 r\u00f3\u017cne wydarzenia dla os\u00f3b starszych. Uczestnicy b\u0119d\u0105 mogli skorzysta\u0107 z porad ekspert\u00f3w ZUS i specjalist\u00f3w z innych instytucji. Wszystkie wydarzenia s\u0105 otwarte, a udzia\u0142 w nich \u2013 bezp\u0142atny.<\/strong><\/p>\n<p>Dzie\u0144 Seniora w ZUS to cykl r\u00f3\u017cnych wydarze\u0144 \u2013 prelekcji i konsultacji \u2013 kt\u00f3re odb\u0119d\u0105 si\u0119 w pa\u017adzierniku w ca\u0142ej Polsce. Celem akcji jest upowszechnienie wiedzy o ubezpieczeniach spo\u0142ecznych i \u015bwiadczeniach z ZUS, ale r\u00f3wnie\u017c zach\u0119cenie senior\u00f3w do wyj\u015bcia z domu. Podczas Dnia Seniora osoby starsze b\u0119d\u0105 mog\u0142y skorzysta\u0107 z porad ekspert\u00f3w ZUS o waloryzacji, zasadach zatrudniania na emeryturze czy wyliczania emerytury.<\/p>\n<p>Dzi\u0119ki wsp\u00f3\u0142pracy z partnerami wydarzenia na senior\u00f3w b\u0119d\u0105 czekali specjali\u015bci z:<\/p>\n<ul>\n<li>Narodowego Funduszu Zdrowia,<\/li>\n<li>Policji,<\/li>\n<li>Urz\u0119du Ochrony Konkurencji i Konsument\u00f3w,<\/li>\n<li>Pa\u0144stwowego Funduszu Rehabilitacji Os\u00f3b Niepe\u0142nosprawnych,<\/li>\n<li>Biura Rzecznika Praw Obywatelskich,<\/li>\n<li>Biura Rzecznika Praw Pacjenta,<\/li>\n<li>Fundacji Polska Bezgot\u00f3wkowa,<\/li>\n<li>Warszawskiego Instytutu Bankowo\u015bci.<\/li>\n<\/ul>\n<p>Udziel\u0105 oni informacji na temat profilaktyki zdrowotnej, dost\u0119pno\u015bci, zasad kupowania na prezentacjach, bezpiecznych zakup\u00f3w online czy zalet bankowo\u015bci elektronicznej. Opr\u00f3cz tego seniorzy b\u0119d\u0105 mogli si\u0119 po prostu spotka\u0107 z innymi i sp\u0119dzi\u0107 mi\u0142o czas.<\/p>\n<p>Na potrzeby akcji zosta\u0142 wydany kolejny numer <a href=\"https:\/\/www.zus.pl\/documents\/10182\/1667848\/ZUS+dla+Seniora+1_2022.pdf\/678739af-1dce-2647-3294-fbe4687121a3?t=1663766447774\">publikacji \u201eZUS dla Seniora\u201d<\/a>, kt\u00f3ra zawiera wa\u017cne informacje dla os\u00f3b starszych. Gazetka jest dost\u0119pna na stronie internetowej ZUS.<\/p>\n<p>Sprawd\u017a, co si\u0119 b\u0119dzie dzia\u0142o w Twojej okolicy \u2013 <a href=\"http:\/\/www.zus.pl\/senior\">harmonogram wydarze\u0144 jest na stronie <strong>zus.pl<\/strong>\/senior<\/a>.<\/p>\n<p>Serdecznie zapraszamy!<\/p>\n<p><strong>Organizatorzy:<\/strong> ZUS i PZERiI<\/p>\n<p><strong>Partnerzy:<\/strong> NFZ, PFRON, UOKiK, Policja, RPO, RPP, FPB, WIB<\/p>\n<p><strong>Patron medialny: <\/strong>\u00a0G\u0142os Seniora<\/p>\n<p><img decoding=\"async\" loading=\"lazy\" class=\"aligncenter size-full wp-image-4568\" src=\"https:\/\/tuplice.pl\/wp-content\/uploads\/2022\/09\/Plakat_Dzie\u0144-Seniora_2022-akcept-1-scaled.jpg\" alt=\"\" width=\"1810\" height=\"2560\" srcset=\"https:\/\/tuplice.pl\/wp-content\/uploads\/2022\/09\/Plakat_Dzie\u0144-Seniora_2022-akcept-1-scaled.jpg 1810w, https:\/\/tuplice.pl\/wp-content\/uploads\/2022\/09\/Plakat_Dzie\u0144-Seniora_2022-akcept-1-212x300.jpg 212w, https:\/\/tuplice.pl\/wp-content\/uploads\/2022\/09\/Plakat_Dzie\u0144-Seniora_2022-akcept-1-724x1024.jpg 724w, https:\/\/tuplice.pl\/wp-content\/uploads\/2022\/09\/Plakat_Dzie\u0144-Seniora_2022-akcept-1-768x1086.jpg 768w, https:\/\/tuplice.pl\/wp-content\/uploads\/2022\/09\/Plakat_Dzie\u0144-Seniora_2022-akcept-1-1086x1536.jpg 1086w, https:\/\/tuplice.pl\/wp-content\/uploads\/2022\/09\/Plakat_Dzie\u0144-Seniora_2022-akcept-1-1448x2048.jpg 1448w, https:\/\/tuplice.pl\/wp-content\/uploads\/2022\/09\/Plakat_Dzie\u0144-Seniora_2022-akcept-1-1080x1527.jpg 1080w, https:\/\/tuplice.pl\/wp-content\/uploads\/2022\/09\/Plakat_Dzie\u0144-Seniora_2022-akcept-1-1280x1810.jpg 1280w, https:\/\/tuplice.pl\/wp-content\/uploads\/2022\/09\/Plakat_Dzie\u0144-Seniora_2022-akcept-1-980x1386.jpg 980w, https:\/\/tuplice.pl\/wp-content\/uploads\/2022\/09\/Plakat_Dzie\u0144-Seniora_2022-akcept-1-480x679.jpg 480w\" sizes=\"(max-width: 1810px) 100vw, 1810px\" \/><\/p>\n","protected":false},"excerpt":{"rendered":"<p>Dzie\u0144 Seniora w ZUS! Ju\u017c po raz kolejny ZUS oraz Polski Zwi\u0105zek Emeryt\u00f3w, Rencist\u00f3w i Inwalid\u00f3w organizuj\u0105 Dzie\u0144 Seniora. W ca\u0142ym kraju, pod has\u0142em \u201eBezpiecznie, zdrowo, bezgot\u00f3wkowo\u201d, odb\u0119d\u0105 si\u0119 r\u00f3\u017cne wydarzenia dla os\u00f3b starszych. Uczestnicy b\u0119d\u0105 mogli skorzysta\u0107 z porad ekspert\u00f3w ZUS i specjalist\u00f3w z innych instytucji. Wszystkie wydarzenia s\u0105 otwarte, a udzia\u0142 w nich [&hellip;]<\/p>\n","protected":false},"author":3,"featured_media":4569,"comment_status":"closed","ping_status":"closed","sticky":false,"template":"","format":"standard","meta":{"_et_pb_use_builder":"","_et_pb_old_content":"","_et_gb_content_width":"","_monsterinsights_skip_tracking":false},"categories":[82],"tags":[],"aioseo_notices":[],"aioseo_head":"\n\t\t<!-- All in One SEO 4.9.10 - aioseo.com -->\n\t<meta name=\"description\" content=\"Dzie\u0144 Seniora w ZUS! Ju\u017c po raz kolejny ZUS oraz Polski Zwi\u0105zek Emeryt\u00f3w, Rencist\u00f3w i Inwalid\u00f3w organizuj\u0105 Dzie\u0144 Seniora. W ca\u0142ym kraju, pod has\u0142em \u201eBezpiecznie, zdrowo, bezgot\u00f3wkowo\u201d, odb\u0119d\u0105 si\u0119 r\u00f3\u017cne wydarzenia dla os\u00f3b starszych. Uczestnicy b\u0119d\u0105 mogli skorzysta\u0107 z porad ekspert\u00f3w ZUS i specjalist\u00f3w z innych instytucji. Wszystkie wydarzenia s\u0105 otwarte, a udzia\u0142 w nich\" \/>\n\t<meta name=\"robots\" content=\"max-image-preview:large\" \/>\n\t<meta name=\"author\" content=\"Jacek Konieczy\u0144ski\"\/>\n\t<link rel=\"canonical\" href=\"https:\/\/tuplice.pl\/index.php\/2022\/09\/30\/zus-dzien-seniora\/\" \/>\n\t<meta name=\"generator\" content=\"All in One SEO (AIOSEO) 4.9.10\" \/>\n\t\t<meta property=\"og:locale\" content=\"pl_PL\" \/>\n\t\t<meta property=\"og:site_name\" content=\"Gmina Tuplice - Strona Gminy Tuplice\" \/>\n\t\t<meta property=\"og:type\" content=\"article\" \/>\n\t\t<meta property=\"og:title\" content=\"ZUS \u2013 Dzie\u0144 seniora - Gmina Tuplice\" \/>\n\t\t<meta property=\"og:description\" content=\"Dzie\u0144 Seniora w ZUS! Ju\u017c po raz kolejny ZUS oraz Polski Zwi\u0105zek Emeryt\u00f3w, Rencist\u00f3w i Inwalid\u00f3w organizuj\u0105 Dzie\u0144 Seniora. W ca\u0142ym kraju, pod has\u0142em \u201eBezpiecznie, zdrowo, bezgot\u00f3wkowo\u201d, odb\u0119d\u0105 si\u0119 r\u00f3\u017cne wydarzenia dla os\u00f3b starszych. Uczestnicy b\u0119d\u0105 mogli skorzysta\u0107 z porad ekspert\u00f3w ZUS i specjalist\u00f3w z innych instytucji. Wszystkie wydarzenia s\u0105 otwarte, a udzia\u0142 w nich\" \/>\n\t\t<meta property=\"og:url\" content=\"https:\/\/tuplice.pl\/index.php\/2022\/09\/30\/zus-dzien-seniora\/\" \/>\n\t\t<meta property=\"article:published_time\" content=\"2022-09-30T09:05:58+00:00\" \/>\n\t\t<meta property=\"article:modified_time\" content=\"2022-09-30T09:05:58+00:00\" \/>\n\t\t<meta property=\"article:publisher\" content=\"https:\/\/facebook.com\/Tuplicki Biuletyn Informacyjny\" \/>\n\t\t<meta name=\"twitter:card\" content=\"summary_large_image\" \/>\n\t\t<meta name=\"twitter:title\" content=\"ZUS \u2013 Dzie\u0144 seniora - Gmina Tuplice\" \/>\n\t\t<meta name=\"twitter:description\" content=\"Dzie\u0144 Seniora w ZUS! Ju\u017c po raz kolejny ZUS oraz Polski Zwi\u0105zek Emeryt\u00f3w, Rencist\u00f3w i Inwalid\u00f3w organizuj\u0105 Dzie\u0144 Seniora. W ca\u0142ym kraju, pod has\u0142em \u201eBezpiecznie, zdrowo, bezgot\u00f3wkowo\u201d, odb\u0119d\u0105 si\u0119 r\u00f3\u017cne wydarzenia dla os\u00f3b starszych. Uczestnicy b\u0119d\u0105 mogli skorzysta\u0107 z porad ekspert\u00f3w ZUS i specjalist\u00f3w z innych instytucji. Wszystkie wydarzenia s\u0105 otwarte, a udzia\u0142 w nich\" \/>\n\t\t<script type=\"application\/ld+json\" class=\"aioseo-schema\">\n\t\t\t{\"@context\":\"https:\\\/\\\/schema.org\",\"@graph\":[{\"@type\":\"BlogPosting\",\"@id\":\"https:\\\/\\\/tuplice.pl\\\/index.php\\\/2022\\\/09\\\/30\\\/zus-dzien-seniora\\\/#blogposting\",\"name\":\"ZUS \\u2013 Dzie\\u0144 seniora - Gmina Tuplice\",\"headline\":\"ZUS &#8211; Dzie\\u0144 seniora\",\"author\":{\"@id\":\"https:\\\/\\\/tuplice.pl\\\/index.php\\\/author\\\/tuplice\\\/#author\"},\"publisher\":{\"@id\":\"https:\\\/\\\/tuplice.pl\\\/#organization\"},\"image\":{\"@type\":\"ImageObject\",\"url\":\"https:\\\/\\\/tuplice.pl\\\/wp-content\\\/uploads\\\/2022\\\/09\\\/indeks.jpg\",\"width\":237,\"height\":212},\"datePublished\":\"2022-09-30T11:05:58+02:00\",\"dateModified\":\"2022-09-30T11:05:58+02:00\",\"inLanguage\":\"pl-PL\",\"mainEntityOfPage\":{\"@id\":\"https:\\\/\\\/tuplice.pl\\\/index.php\\\/2022\\\/09\\\/30\\\/zus-dzien-seniora\\\/#webpage\"},\"isPartOf\":{\"@id\":\"https:\\\/\\\/tuplice.pl\\\/index.php\\\/2022\\\/09\\\/30\\\/zus-dzien-seniora\\\/#webpage\"},\"articleSection\":\"Aktualno\\u015bci\"},{\"@type\":\"BreadcrumbList\",\"@id\":\"https:\\\/\\\/tuplice.pl\\\/index.php\\\/2022\\\/09\\\/30\\\/zus-dzien-seniora\\\/#breadcrumblist\",\"itemListElement\":[{\"@type\":\"ListItem\",\"@id\":\"https:\\\/\\\/tuplice.pl#listItem\",\"position\":1,\"name\":\"Home\",\"item\":\"https:\\\/\\\/tuplice.pl\",\"nextItem\":{\"@type\":\"ListItem\",\"@id\":\"https:\\\/\\\/tuplice.pl\\\/index.php\\\/category\\\/aktualnosci\\\/#listItem\",\"name\":\"Aktualno\\u015bci\"}},{\"@type\":\"ListItem\",\"@id\":\"https:\\\/\\\/tuplice.pl\\\/index.php\\\/category\\\/aktualnosci\\\/#listItem\",\"position\":2,\"name\":\"Aktualno\\u015bci\",\"item\":\"https:\\\/\\\/tuplice.pl\\\/index.php\\\/category\\\/aktualnosci\\\/\",\"nextItem\":{\"@type\":\"ListItem\",\"@id\":\"https:\\\/\\\/tuplice.pl\\\/index.php\\\/2022\\\/09\\\/30\\\/zus-dzien-seniora\\\/#listItem\",\"name\":\"ZUS &#8211; Dzie\\u0144 seniora\"},\"previousItem\":{\"@type\":\"ListItem\",\"@id\":\"https:\\\/\\\/tuplice.pl#listItem\",\"name\":\"Home\"}},{\"@type\":\"ListItem\",\"@id\":\"https:\\\/\\\/tuplice.pl\\\/index.php\\\/2022\\\/09\\\/30\\\/zus-dzien-seniora\\\/#listItem\",\"position\":3,\"name\":\"ZUS &#8211; Dzie\\u0144 seniora\",\"previousItem\":{\"@type\":\"ListItem\",\"@id\":\"https:\\\/\\\/tuplice.pl\\\/index.php\\\/category\\\/aktualnosci\\\/#listItem\",\"name\":\"Aktualno\\u015bci\"}}]},{\"@type\":\"Organization\",\"@id\":\"https:\\\/\\\/tuplice.pl\\\/#organization\",\"name\":\"Gmina Tuplice Gmina Tuplice\",\"description\":\"Strona Gminy Tuplice Strona Urz\\u0119du Gminy Tuplice\",\"url\":\"https:\\\/\\\/tuplice.pl\\\/\",\"telephone\":\"+48683625720\",\"logo\":{\"@type\":\"ImageObject\",\"url\":\"https:\\\/\\\/tuplice.pl\\\/wp-content\\\/uploads\\\/2025\\\/07\\\/images.png\",\"@id\":\"https:\\\/\\\/tuplice.pl\\\/index.php\\\/2022\\\/09\\\/30\\\/zus-dzien-seniora\\\/#organizationLogo\",\"width\":282,\"height\":179},\"image\":{\"@id\":\"https:\\\/\\\/tuplice.pl\\\/index.php\\\/2022\\\/09\\\/30\\\/zus-dzien-seniora\\\/#organizationLogo\"},\"sameAs\":[\"https:\\\/\\\/facebook.com\\\/Tuplicki Biuletyn Informacyjny\",\"https:\\\/\\\/pinterest.com\\\/Tuplicki Biuletyn Informacyjny\",\"https:\\\/\\\/youtube.com\\\/Tuplicki Biuletyn Informacyjny\"]},{\"@type\":\"Person\",\"@id\":\"https:\\\/\\\/tuplice.pl\\\/index.php\\\/author\\\/tuplice\\\/#author\",\"url\":\"https:\\\/\\\/tuplice.pl\\\/index.php\\\/author\\\/tuplice\\\/\",\"name\":\"Jacek Konieczy\\u0144ski\",\"image\":{\"@type\":\"ImageObject\",\"@id\":\"https:\\\/\\\/tuplice.pl\\\/index.php\\\/2022\\\/09\\\/30\\\/zus-dzien-seniora\\\/#authorImage\",\"url\":\"https:\\\/\\\/secure.gravatar.com\\\/avatar\\\/8aa224da0ce3c7d7e2a92a582397a6f3?s=96&d=mm&r=g\",\"width\":96,\"height\":96,\"caption\":\"Jacek Konieczy\\u0144ski\"}},{\"@type\":\"WebPage\",\"@id\":\"https:\\\/\\\/tuplice.pl\\\/index.php\\\/2022\\\/09\\\/30\\\/zus-dzien-seniora\\\/#webpage\",\"url\":\"https:\\\/\\\/tuplice.pl\\\/index.php\\\/2022\\\/09\\\/30\\\/zus-dzien-seniora\\\/\",\"name\":\"ZUS \\u2013 Dzie\\u0144 seniora - Gmina Tuplice\",\"description\":\"Dzie\\u0144 Seniora w ZUS! Ju\\u017c po raz kolejny ZUS oraz Polski Zwi\\u0105zek Emeryt\\u00f3w, Rencist\\u00f3w i Inwalid\\u00f3w organizuj\\u0105 Dzie\\u0144 Seniora. W ca\\u0142ym kraju, pod has\\u0142em \\u201eBezpiecznie, zdrowo, bezgot\\u00f3wkowo\\u201d, odb\\u0119d\\u0105 si\\u0119 r\\u00f3\\u017cne wydarzenia dla os\\u00f3b starszych. Uczestnicy b\\u0119d\\u0105 mogli skorzysta\\u0107 z porad ekspert\\u00f3w ZUS i specjalist\\u00f3w z innych instytucji. Wszystkie wydarzenia s\\u0105 otwarte, a udzia\\u0142 w nich\",\"inLanguage\":\"pl-PL\",\"isPartOf\":{\"@id\":\"https:\\\/\\\/tuplice.pl\\\/#website\"},\"breadcrumb\":{\"@id\":\"https:\\\/\\\/tuplice.pl\\\/index.php\\\/2022\\\/09\\\/30\\\/zus-dzien-seniora\\\/#breadcrumblist\"},\"author\":{\"@id\":\"https:\\\/\\\/tuplice.pl\\\/index.php\\\/author\\\/tuplice\\\/#author\"},\"creator\":{\"@id\":\"https:\\\/\\\/tuplice.pl\\\/index.php\\\/author\\\/tuplice\\\/#author\"},\"image\":{\"@type\":\"ImageObject\",\"url\":\"https:\\\/\\\/tuplice.pl\\\/wp-content\\\/uploads\\\/2022\\\/09\\\/indeks.jpg\",\"@id\":\"https:\\\/\\\/tuplice.pl\\\/index.php\\\/2022\\\/09\\\/30\\\/zus-dzien-seniora\\\/#mainImage\",\"width\":237,\"height\":212},\"primaryImageOfPage\":{\"@id\":\"https:\\\/\\\/tuplice.pl\\\/index.php\\\/2022\\\/09\\\/30\\\/zus-dzien-seniora\\\/#mainImage\"},\"datePublished\":\"2022-09-30T11:05:58+02:00\",\"dateModified\":\"2022-09-30T11:05:58+02:00\"},{\"@type\":\"WebSite\",\"@id\":\"https:\\\/\\\/tuplice.pl\\\/#website\",\"url\":\"https:\\\/\\\/tuplice.pl\\\/\",\"name\":\"Gmina Tuplice\",\"description\":\"Strona Gminy Tuplice\",\"inLanguage\":\"pl-PL\",\"publisher\":{\"@id\":\"https:\\\/\\\/tuplice.pl\\\/#organization\"}}]}\n\t\t<\/script>\n\t\t<!-- All in One SEO -->\n\n","aioseo_head_json":{"title":"ZUS \u2013 Dzie\u0144 seniora - Gmina Tuplice","description":"Dzie\u0144 Seniora w ZUS! Ju\u017c po raz kolejny ZUS oraz Polski Zwi\u0105zek Emeryt\u00f3w, Rencist\u00f3w i Inwalid\u00f3w organizuj\u0105 Dzie\u0144 Seniora. W ca\u0142ym kraju, pod has\u0142em \u201eBezpiecznie, zdrowo, bezgot\u00f3wkowo\u201d, odb\u0119d\u0105 si\u0119 r\u00f3\u017cne wydarzenia dla os\u00f3b starszych. Uczestnicy b\u0119d\u0105 mogli skorzysta\u0107 z porad ekspert\u00f3w ZUS i specjalist\u00f3w z innych instytucji. Wszystkie wydarzenia s\u0105 otwarte, a udzia\u0142 w nich","canonical_url":"https:\/\/tuplice.pl\/index.php\/2022\/09\/30\/zus-dzien-seniora\/","robots":"max-image-preview:large","keywords":"","webmasterTools":{"miscellaneous":""},"schema":{"@context":"https:\/\/schema.org","@graph":[{"@type":"BlogPosting","@id":"https:\/\/tuplice.pl\/index.php\/2022\/09\/30\/zus-dzien-seniora\/#blogposting","name":"ZUS \u2013 Dzie\u0144 seniora - Gmina Tuplice","headline":"ZUS &#8211; Dzie\u0144 seniora","author":{"@id":"https:\/\/tuplice.pl\/index.php\/author\/tuplice\/#author"},"publisher":{"@id":"https:\/\/tuplice.pl\/#organization"},"image":{"@type":"ImageObject","url":"https:\/\/tuplice.pl\/wp-content\/uploads\/2022\/09\/indeks.jpg","width":237,"height":212},"datePublished":"2022-09-30T11:05:58+02:00","dateModified":"2022-09-30T11:05:58+02:00","inLanguage":"pl-PL","mainEntityOfPage":{"@id":"https:\/\/tuplice.pl\/index.php\/2022\/09\/30\/zus-dzien-seniora\/#webpage"},"isPartOf":{"@id":"https:\/\/tuplice.pl\/index.php\/2022\/09\/30\/zus-dzien-seniora\/#webpage"},"articleSection":"Aktualno\u015bci"},{"@type":"BreadcrumbList","@id":"https:\/\/tuplice.pl\/index.php\/2022\/09\/30\/zus-dzien-seniora\/#breadcrumblist","itemListElement":[{"@type":"ListItem","@id":"https:\/\/tuplice.pl#listItem","position":1,"name":"Home","item":"https:\/\/tuplice.pl","nextItem":{"@type":"ListItem","@id":"https:\/\/tuplice.pl\/index.php\/category\/aktualnosci\/#listItem","name":"Aktualno\u015bci"}},{"@type":"ListItem","@id":"https:\/\/tuplice.pl\/index.php\/category\/aktualnosci\/#listItem","position":2,"name":"Aktualno\u015bci","item":"https:\/\/tuplice.pl\/index.php\/category\/aktualnosci\/","nextItem":{"@type":"ListItem","@id":"https:\/\/tuplice.pl\/index.php\/2022\/09\/30\/zus-dzien-seniora\/#listItem","name":"ZUS &#8211; Dzie\u0144 seniora"},"previousItem":{"@type":"ListItem","@id":"https:\/\/tuplice.pl#listItem","name":"Home"}},{"@type":"ListItem","@id":"https:\/\/tuplice.pl\/index.php\/2022\/09\/30\/zus-dzien-seniora\/#listItem","position":3,"name":"ZUS &#8211; Dzie\u0144 seniora","previousItem":{"@type":"ListItem","@id":"https:\/\/tuplice.pl\/index.php\/category\/aktualnosci\/#listItem","name":"Aktualno\u015bci"}}]},{"@type":"Organization","@id":"https:\/\/tuplice.pl\/#organization","name":"Gmina Tuplice Gmina Tuplice","description":"Strona Gminy Tuplice Strona Urz\u0119du Gminy Tuplice","url":"https:\/\/tuplice.pl\/","telephone":"+48683625720","logo":{"@type":"ImageObject","url":"https:\/\/tuplice.pl\/wp-content\/uploads\/2025\/07\/images.png","@id":"https:\/\/tuplice.pl\/index.php\/2022\/09\/30\/zus-dzien-seniora\/#organizationLogo","width":282,"height":179},"image":{"@id":"https:\/\/tuplice.pl\/index.php\/2022\/09\/30\/zus-dzien-seniora\/#organizationLogo"},"sameAs":["https:\/\/facebook.com\/Tuplicki Biuletyn Informacyjny","https:\/\/pinterest.com\/Tuplicki Biuletyn Informacyjny","https:\/\/youtube.com\/Tuplicki Biuletyn Informacyjny"]},{"@type":"Person","@id":"https:\/\/tuplice.pl\/index.php\/author\/tuplice\/#author","url":"https:\/\/tuplice.pl\/index.php\/author\/tuplice\/","name":"Jacek Konieczy\u0144ski","image":{"@type":"ImageObject","@id":"https:\/\/tuplice.pl\/index.php\/2022\/09\/30\/zus-dzien-seniora\/#authorImage","url":"https:\/\/secure.gravatar.com\/avatar\/8aa224da0ce3c7d7e2a92a582397a6f3?s=96&d=mm&r=g","width":96,"height":96,"caption":"Jacek Konieczy\u0144ski"}},{"@type":"WebPage","@id":"https:\/\/tuplice.pl\/index.php\/2022\/09\/30\/zus-dzien-seniora\/#webpage","url":"https:\/\/tuplice.pl\/index.php\/2022\/09\/30\/zus-dzien-seniora\/","name":"ZUS \u2013 Dzie\u0144 seniora - Gmina Tuplice","description":"Dzie\u0144 Seniora w ZUS! Ju\u017c po raz kolejny ZUS oraz Polski Zwi\u0105zek Emeryt\u00f3w, Rencist\u00f3w i Inwalid\u00f3w organizuj\u0105 Dzie\u0144 Seniora. W ca\u0142ym kraju, pod has\u0142em \u201eBezpiecznie, zdrowo, bezgot\u00f3wkowo\u201d, odb\u0119d\u0105 si\u0119 r\u00f3\u017cne wydarzenia dla os\u00f3b starszych. Uczestnicy b\u0119d\u0105 mogli skorzysta\u0107 z porad ekspert\u00f3w ZUS i specjalist\u00f3w z innych instytucji. Wszystkie wydarzenia s\u0105 otwarte, a udzia\u0142 w nich","inLanguage":"pl-PL","isPartOf":{"@id":"https:\/\/tuplice.pl\/#website"},"breadcrumb":{"@id":"https:\/\/tuplice.pl\/index.php\/2022\/09\/30\/zus-dzien-seniora\/#breadcrumblist"},"author":{"@id":"https:\/\/tuplice.pl\/index.php\/author\/tuplice\/#author"},"creator":{"@id":"https:\/\/tuplice.pl\/index.php\/author\/tuplice\/#author"},"image":{"@type":"ImageObject","url":"https:\/\/tuplice.pl\/wp-content\/uploads\/2022\/09\/indeks.jpg","@id":"https:\/\/tuplice.pl\/index.php\/2022\/09\/30\/zus-dzien-seniora\/#mainImage","width":237,"height":212},"primaryImageOfPage":{"@id":"https:\/\/tuplice.pl\/index.php\/2022\/09\/30\/zus-dzien-seniora\/#mainImage"},"datePublished":"2022-09-30T11:05:58+02:00","dateModified":"2022-09-30T11:05:58+02:00"},{"@type":"WebSite","@id":"https:\/\/tuplice.pl\/#website","url":"https:\/\/tuplice.pl\/","name":"Gmina Tuplice","description":"Strona Gminy Tuplice","inLanguage":"pl-PL","publisher":{"@id":"https:\/\/tuplice.pl\/#organization"}}]},"og:locale":"pl_PL","og:site_name":"Gmina Tuplice - Strona Gminy Tuplice","og:type":"article","og:title":"ZUS \u2013 Dzie\u0144 seniora - Gmina Tuplice","og:description":"Dzie\u0144 Seniora w ZUS! Ju\u017c po raz kolejny ZUS oraz Polski Zwi\u0105zek Emeryt\u00f3w, Rencist\u00f3w i Inwalid\u00f3w organizuj\u0105 Dzie\u0144 Seniora. W ca\u0142ym kraju, pod has\u0142em \u201eBezpiecznie, zdrowo, bezgot\u00f3wkowo\u201d, odb\u0119d\u0105 si\u0119 r\u00f3\u017cne wydarzenia dla os\u00f3b starszych. Uczestnicy b\u0119d\u0105 mogli skorzysta\u0107 z porad ekspert\u00f3w ZUS i specjalist\u00f3w z innych instytucji. Wszystkie wydarzenia s\u0105 otwarte, a udzia\u0142 w nich","og:url":"https:\/\/tuplice.pl\/index.php\/2022\/09\/30\/zus-dzien-seniora\/","article:published_time":"2022-09-30T09:05:58+00:00","article:modified_time":"2022-09-30T09:05:58+00:00","article:publisher":"https:\/\/facebook.com\/Tuplicki Biuletyn Informacyjny","twitter:card":"summary_large_image","twitter:title":"ZUS \u2013 Dzie\u0144 seniora - Gmina Tuplice","twitter:description":"Dzie\u0144 Seniora w ZUS! Ju\u017c po raz kolejny ZUS oraz Polski Zwi\u0105zek Emeryt\u00f3w, Rencist\u00f3w i Inwalid\u00f3w organizuj\u0105 Dzie\u0144 Seniora. W ca\u0142ym kraju, pod has\u0142em \u201eBezpiecznie, zdrowo, bezgot\u00f3wkowo\u201d, odb\u0119d\u0105 si\u0119 r\u00f3\u017cne wydarzenia dla os\u00f3b starszych. Uczestnicy b\u0119d\u0105 mogli skorzysta\u0107 z porad ekspert\u00f3w ZUS i specjalist\u00f3w z innych instytucji. Wszystkie wydarzenia s\u0105 otwarte, a udzia\u0142 w nich"},"aioseo_meta_data":{"post_id":"4567","title":null,"description":null,"keywords":null,"keyphrases":null,"primary_term":null,"canonical_url":null,"og_title":null,"og_description":null,"og_object_type":"default","og_image_type":"default","og_image_url":null,"og_image_width":null,"og_image_height":null,"og_image_custom_url":null,"og_image_custom_fields":null,"og_video":null,"og_custom_url":null,"og_article_section":null,"og_article_tags":null,"twitter_use_og":false,"twitter_card":"default","twitter_image_type":"default","twitter_image_url":null,"twitter_image_custom_url":null,"twitter_image_custom_fields":null,"twitter_title":null,"twitter_description":null,"schema":{"blockGraphs":[],"customGraphs":[],"default":{"data":{"Article":[],"Course":[],"Dataset":[],"FAQPage":[],"Movie":[],"Person":[],"Product":[],"ProductReview":[],"Car":[],"Recipe":[],"Service":[],"SoftwareApplication":[],"WebPage":[]},"graphName":"","isEnabled":true},"graphs":[]},"schema_type":"default","schema_type_options":null,"pillar_content":false,"robots_default":true,"robots_noindex":false,"robots_noarchive":false,"robots_nosnippet":false,"robots_nofollow":false,"robots_noimageindex":false,"robots_noodp":false,"robots_notranslate":false,"robots_max_snippet":null,"robots_max_videopreview":null,"robots_max_imagepreview":"large","priority":null,"frequency":null,"local_seo":null,"breadcrumb_settings":null,"limit_modified_date":false,"ai":null,"created":"2025-07-22 23:54:55","updated":"2025-07-22 23:54:55","seo_analyzer_scan_date":null},"aioseo_breadcrumb":"<div class=\"aioseo-breadcrumbs\"><span class=\"aioseo-breadcrumb\">\n\t\t\t<a href=\"https:\/\/tuplice.pl\" title=\"Home\">Home<\/a>\n\t\t<\/span><span class=\"aioseo-breadcrumb-separator\">&raquo;<\/span><span class=\"aioseo-breadcrumb\">\n\t\t\t<a href=\"https:\/\/tuplice.pl\/index.php\/category\/aktualnosci\/\" title=\"Aktualno\u015bci\">Aktualno\u015bci<\/a>\n\t\t<\/span><span class=\"aioseo-breadcrumb-separator\">&raquo;<\/span><span class=\"aioseo-breadcrumb\">\n\t\t\tZUS \u2013 Dzie\u0144 seniora\n\t\t<\/span><\/div>","aioseo_breadcrumb_json":[{"label":"Home","link":"https:\/\/tuplice.pl"},{"label":"Aktualno\u015bci","link":"https:\/\/tuplice.pl\/index.php\/category\/aktualnosci\/"},{"label":"ZUS &#8211; Dzie\u0144 seniora","link":"https:\/\/tuplice.pl\/index.php\/2022\/09\/30\/zus-dzien-seniora\/"}],"a3_pvc":{"activated":false,"total_views":0,"today_views":0},"_links":{"self":[{"href":"https:\/\/tuplice.pl\/index.php\/wp-json\/wp\/v2\/posts\/4567"}],"collection":[{"href":"https:\/\/tuplice.pl\/index.php\/wp-json\/wp\/v2\/posts"}],"about":[{"href":"https:\/\/tuplice.pl\/index.php\/wp-json\/wp\/v2\/types\/post"}],"author":[{"embeddable":true,"href":"https:\/\/tuplice.pl\/index.php\/wp-json\/wp\/v2\/users\/3"}],"replies":[{"embeddable":true,"href":"https:\/\/tuplice.pl\/index.php\/wp-json\/wp\/v2\/comments?post=4567"}],"version-history":[{"count":1,"href":"https:\/\/tuplice.pl\/index.php\/wp-json\/wp\/v2\/posts\/4567\/revisions"}],"predecessor-version":[{"id":4570,"href":"https:\/\/tuplice.pl\/index.php\/wp-json\/wp\/v2\/posts\/4567\/revisions\/4570"}],"wp:featuredmedia":[{"embeddable":true,"href":"https:\/\/tuplice.pl\/index.php\/wp-json\/wp\/v2\/media\/4569"}],"wp:attachment":[{"href":"https:\/\/tuplice.pl\/index.php\/wp-json\/wp\/v2\/media?parent=4567"}],"wp:term":[{"taxonomy":"category","embeddable":true,"href":"https:\/\/tuplice.pl\/index.php\/wp-json\/wp\/v2\/categories?post=4567"},{"taxonomy":"post_tag","embeddable":true,"href":"https:\/\/tuplice.pl\/index.php\/wp-json\/wp\/v2\/tags?post=4567"}],"curies":[{"name":"wp","href":"https:\/\/api.w.org\/{rel}","templated":true}]}}