{"id":4594,"date":"2022-11-07T16:25:33","date_gmt":"2022-11-07T15:25:33","guid":{"rendered":"https:\/\/tuplice.pl\/?p=4594"},"modified":"2022-11-08T10:39:49","modified_gmt":"2022-11-08T09:39:49","slug":"informacja-w-sprawie-przystapienia-gminy-tuplice-do-zakupu-i-dystrybucji-wegla","status":"publish","type":"post","link":"https:\/\/tuplice.pl\/index.php\/2022\/11\/07\/informacja-w-sprawie-przystapienia-gminy-tuplice-do-zakupu-i-dystrybucji-wegla\/","title":{"rendered":"Informacja w sprawie przyst\u0105pienia Gminy Tuplice do zakupu i dystrybucji w\u0119gla."},"content":{"rendered":"<div class=\"aktualnosci-tresc\">\n<p>W zwi\u0105zku z\u00a0podpisaniem przez prezydenta RP ustawy z\u00a0dnia 27 pa\u017adziernika 2022 r. reguluj\u0105cej dystrybucj\u0119 i\u00a0sprzeda\u017c w\u0119gla przez jednostki samorz\u0105du terytorialnego, W\u00f3jt Gminy Tuplice informuje, \u017ce Gmina przyst\u0105pi\u0142a do zakupu w\u0119gla.<\/p>\n<p>Wed\u0142ug ustawy, w\u0119giel po preferencyjnych cenach, przys\u0142uguje osobom, kt\u00f3re spe\u0142niaj\u0105 warunki uprawniaj\u0105ce do przyznania tzw. dodatku w\u0119glowego.<\/p>\n<p>Warunki zakupu preferencyjnego okre\u015blone w\u00a0ustawie przedstawiaj\u0105 si\u0119 nast\u0119puj\u0105co:<\/p>\n<ol>\n<li>Proponowane asortymenty to groszek oraz orzech;<\/li>\n<li>Ilo\u015bci mo\u017cliwe do zakupienia przez gospodarstwo domowe w\u00a0ramach zakupu preferencyjnego \u2013 <strong>1,5 tony do 31 grudnia 2022 r. i\u00a01,5 tony od 1 stycznia 2023 r.;<\/strong><\/li>\n<li>Cena zakupu 1 tony w\u0119gla przez Gmin\u0119 to 1\u00a0500,00 z\u0142 brutto;<\/li>\n<li>Gmina sprzedaje paliwo sta\u0142e \u2013 w\u0119giel w\u00a0ramach zakupu preferencyjnego po <strong>cenie nie wy\u017cszej ni\u017c 2000 z\u0142 brutto;<\/strong><\/li>\n<li><strong>Do ceny wskazanej w\u00a0punkcie 4 nie jest wliczony koszt transportu paliwa sta\u0142ego z\u00a0miejsca sk\u0142adowania w\u00a0gminie do gospodarstwa domowego \u2013 b\u0119dzie to stanowi\u0142o dodatkowy koszt zakupu w\u0119gla przez gospodarstwo domowe. <\/strong><\/li>\n<\/ol>\n<p>O terminach i\u00a0szczeg\u00f3\u0142ach b\u0119dziemy informowa\u0107 Pa\u0144stwa na bie\u017c\u0105co.<\/p>\n<p>Wnioski mieszka\u0144c\u00f3w zainteresowanych zakupem w\u0119gla z przeznaczeniem dla gospodarstw domowych po cenie preferencyjnej mo\u017cna sk\u0142ada\u0107 od 08.11.2022 r. w Urz\u0119dzie Gminy w Tuplicach, ul. Mickiewicza 27.<\/p>\n<p>Kontakt pod numerem telefonu: 510 523 152.<\/p>\n<p>&nbsp;<\/p>\n<p>Za\u0142\u0105czniki:<\/p>\n<ul>\n<li><a href=\"https:\/\/tuplice.biuletyn.net\/fls\/bip_pliki\/2022_11\/BIPF5ECE1A1A9CA6CZ\/wzor_wniosku_-_zakup_wegla-gotowy.pdf\">Wz\u00f3r wniosku_zakup w\u0119gla.pdf<\/a><\/li>\n<\/ul>\n<\/div>\n","protected":false},"excerpt":{"rendered":"<p>W zwi\u0105zku z\u00a0podpisaniem przez prezydenta RP ustawy z\u00a0dnia 27 pa\u017adziernika 2022 r. reguluj\u0105cej dystrybucj\u0119 i\u00a0sprzeda\u017c w\u0119gla przez jednostki samorz\u0105du terytorialnego, W\u00f3jt Gminy Tuplice informuje, \u017ce Gmina przyst\u0105pi\u0142a do zakupu w\u0119gla. Wed\u0142ug ustawy, w\u0119giel po preferencyjnych cenach, przys\u0142uguje osobom, kt\u00f3re spe\u0142niaj\u0105 warunki uprawniaj\u0105ce do przyznania tzw. dodatku w\u0119glowego. Warunki zakupu preferencyjnego okre\u015blone w\u00a0ustawie przedstawiaj\u0105 si\u0119 nast\u0119puj\u0105co: [&hellip;]<\/p>\n","protected":false},"author":3,"featured_media":4595,"comment_status":"closed","ping_status":"closed","sticky":false,"template":"","format":"standard","meta":{"_et_pb_use_builder":"","_et_pb_old_content":"","_et_gb_content_width":"","_monsterinsights_skip_tracking":false},"categories":[82],"tags":[],"aioseo_notices":[],"aioseo_head":"\n\t\t<!-- All in One SEO 4.9.10 - aioseo.com -->\n\t<meta name=\"description\" content=\"W zwi\u0105zku z podpisaniem przez prezydenta RP ustawy z dnia 27 pa\u017adziernika 2022 r. reguluj\u0105cej dystrybucj\u0119 i sprzeda\u017c w\u0119gla przez jednostki samorz\u0105du terytorialnego, W\u00f3jt Gminy Tuplice informuje, \u017ce Gmina przyst\u0105pi\u0142a do zakupu w\u0119gla. Wed\u0142ug ustawy, w\u0119giel po preferencyjnych cenach, przys\u0142uguje osobom, kt\u00f3re spe\u0142niaj\u0105 warunki uprawniaj\u0105ce do przyznania tzw. dodatku w\u0119glowego. Warunki zakupu preferencyjnego okre\u015blone w ustawie przedstawiaj\u0105 si\u0119 nast\u0119puj\u0105co:\" \/>\n\t<meta name=\"robots\" content=\"max-image-preview:large\" \/>\n\t<meta name=\"author\" content=\"Jacek Konieczy\u0144ski\"\/>\n\t<link rel=\"canonical\" href=\"https:\/\/tuplice.pl\/index.php\/2022\/11\/07\/informacja-w-sprawie-przystapienia-gminy-tuplice-do-zakupu-i-dystrybucji-wegla\/\" \/>\n\t<meta name=\"generator\" content=\"All in One SEO (AIOSEO) 4.9.10\" \/>\n\t\t<meta property=\"og:locale\" content=\"pl_PL\" \/>\n\t\t<meta property=\"og:site_name\" content=\"Gmina Tuplice - Strona Gminy Tuplice\" \/>\n\t\t<meta property=\"og:type\" content=\"article\" \/>\n\t\t<meta property=\"og:title\" content=\"Informacja w sprawie przyst\u0105pienia Gminy Tuplice do zakupu i dystrybucji w\u0119gla. - Gmina Tuplice\" \/>\n\t\t<meta property=\"og:description\" content=\"W zwi\u0105zku z podpisaniem przez prezydenta RP ustawy z dnia 27 pa\u017adziernika 2022 r. reguluj\u0105cej dystrybucj\u0119 i sprzeda\u017c w\u0119gla przez jednostki samorz\u0105du terytorialnego, W\u00f3jt Gminy Tuplice informuje, \u017ce Gmina przyst\u0105pi\u0142a do zakupu w\u0119gla. Wed\u0142ug ustawy, w\u0119giel po preferencyjnych cenach, przys\u0142uguje osobom, kt\u00f3re spe\u0142niaj\u0105 warunki uprawniaj\u0105ce do przyznania tzw. dodatku w\u0119glowego. Warunki zakupu preferencyjnego okre\u015blone w ustawie przedstawiaj\u0105 si\u0119 nast\u0119puj\u0105co:\" \/>\n\t\t<meta property=\"og:url\" content=\"https:\/\/tuplice.pl\/index.php\/2022\/11\/07\/informacja-w-sprawie-przystapienia-gminy-tuplice-do-zakupu-i-dystrybucji-wegla\/\" \/>\n\t\t<meta property=\"article:published_time\" content=\"2022-11-07T15:25:33+00:00\" \/>\n\t\t<meta property=\"article:modified_time\" content=\"2022-11-08T09:39:49+00:00\" \/>\n\t\t<meta property=\"article:publisher\" content=\"https:\/\/facebook.com\/Tuplicki Biuletyn Informacyjny\" \/>\n\t\t<meta name=\"twitter:card\" content=\"summary_large_image\" \/>\n\t\t<meta name=\"twitter:title\" content=\"Informacja w sprawie przyst\u0105pienia Gminy Tuplice do zakupu i dystrybucji w\u0119gla. - Gmina Tuplice\" \/>\n\t\t<meta name=\"twitter:description\" content=\"W zwi\u0105zku z podpisaniem przez prezydenta RP ustawy z dnia 27 pa\u017adziernika 2022 r. reguluj\u0105cej dystrybucj\u0119 i sprzeda\u017c w\u0119gla przez jednostki samorz\u0105du terytorialnego, W\u00f3jt Gminy Tuplice informuje, \u017ce Gmina przyst\u0105pi\u0142a do zakupu w\u0119gla. Wed\u0142ug ustawy, w\u0119giel po preferencyjnych cenach, przys\u0142uguje osobom, kt\u00f3re spe\u0142niaj\u0105 warunki uprawniaj\u0105ce do przyznania tzw. dodatku w\u0119glowego. Warunki zakupu preferencyjnego okre\u015blone w ustawie przedstawiaj\u0105 si\u0119 nast\u0119puj\u0105co:\" \/>\n\t\t<script type=\"application\/ld+json\" class=\"aioseo-schema\">\n\t\t\t{\"@context\":\"https:\\\/\\\/schema.org\",\"@graph\":[{\"@type\":\"BlogPosting\",\"@id\":\"https:\\\/\\\/tuplice.pl\\\/index.php\\\/2022\\\/11\\\/07\\\/informacja-w-sprawie-przystapienia-gminy-tuplice-do-zakupu-i-dystrybucji-wegla\\\/#blogposting\",\"name\":\"Informacja w sprawie przyst\\u0105pienia Gminy Tuplice do zakupu i dystrybucji w\\u0119gla. - Gmina Tuplice\",\"headline\":\"Informacja w sprawie przyst\\u0105pienia Gminy Tuplice do zakupu i dystrybucji w\\u0119gla.\",\"author\":{\"@id\":\"https:\\\/\\\/tuplice.pl\\\/index.php\\\/author\\\/tuplice\\\/#author\"},\"publisher\":{\"@id\":\"https:\\\/\\\/tuplice.pl\\\/#organization\"},\"image\":{\"@type\":\"ImageObject\",\"url\":\"https:\\\/\\\/tuplice.pl\\\/wp-content\\\/uploads\\\/2022\\\/11\\\/piec-w\\u0119glowy-w-pacewicz.jpg\",\"width\":680,\"height\":383},\"datePublished\":\"2022-11-07T16:25:33+01:00\",\"dateModified\":\"2022-11-08T10:39:49+01:00\",\"inLanguage\":\"pl-PL\",\"mainEntityOfPage\":{\"@id\":\"https:\\\/\\\/tuplice.pl\\\/index.php\\\/2022\\\/11\\\/07\\\/informacja-w-sprawie-przystapienia-gminy-tuplice-do-zakupu-i-dystrybucji-wegla\\\/#webpage\"},\"isPartOf\":{\"@id\":\"https:\\\/\\\/tuplice.pl\\\/index.php\\\/2022\\\/11\\\/07\\\/informacja-w-sprawie-przystapienia-gminy-tuplice-do-zakupu-i-dystrybucji-wegla\\\/#webpage\"},\"articleSection\":\"Aktualno\\u015bci\"},{\"@type\":\"BreadcrumbList\",\"@id\":\"https:\\\/\\\/tuplice.pl\\\/index.php\\\/2022\\\/11\\\/07\\\/informacja-w-sprawie-przystapienia-gminy-tuplice-do-zakupu-i-dystrybucji-wegla\\\/#breadcrumblist\",\"itemListElement\":[{\"@type\":\"ListItem\",\"@id\":\"https:\\\/\\\/tuplice.pl#listItem\",\"position\":1,\"name\":\"Home\",\"item\":\"https:\\\/\\\/tuplice.pl\",\"nextItem\":{\"@type\":\"ListItem\",\"@id\":\"https:\\\/\\\/tuplice.pl\\\/index.php\\\/category\\\/aktualnosci\\\/#listItem\",\"name\":\"Aktualno\\u015bci\"}},{\"@type\":\"ListItem\",\"@id\":\"https:\\\/\\\/tuplice.pl\\\/index.php\\\/category\\\/aktualnosci\\\/#listItem\",\"position\":2,\"name\":\"Aktualno\\u015bci\",\"item\":\"https:\\\/\\\/tuplice.pl\\\/index.php\\\/category\\\/aktualnosci\\\/\",\"nextItem\":{\"@type\":\"ListItem\",\"@id\":\"https:\\\/\\\/tuplice.pl\\\/index.php\\\/2022\\\/11\\\/07\\\/informacja-w-sprawie-przystapienia-gminy-tuplice-do-zakupu-i-dystrybucji-wegla\\\/#listItem\",\"name\":\"Informacja w sprawie przyst\\u0105pienia Gminy Tuplice do zakupu i dystrybucji w\\u0119gla.\"},\"previousItem\":{\"@type\":\"ListItem\",\"@id\":\"https:\\\/\\\/tuplice.pl#listItem\",\"name\":\"Home\"}},{\"@type\":\"ListItem\",\"@id\":\"https:\\\/\\\/tuplice.pl\\\/index.php\\\/2022\\\/11\\\/07\\\/informacja-w-sprawie-przystapienia-gminy-tuplice-do-zakupu-i-dystrybucji-wegla\\\/#listItem\",\"position\":3,\"name\":\"Informacja w sprawie przyst\\u0105pienia Gminy Tuplice do zakupu i dystrybucji w\\u0119gla.\",\"previousItem\":{\"@type\":\"ListItem\",\"@id\":\"https:\\\/\\\/tuplice.pl\\\/index.php\\\/category\\\/aktualnosci\\\/#listItem\",\"name\":\"Aktualno\\u015bci\"}}]},{\"@type\":\"Organization\",\"@id\":\"https:\\\/\\\/tuplice.pl\\\/#organization\",\"name\":\"Gmina Tuplice Gmina Tuplice\",\"description\":\"Strona Gminy Tuplice Strona Urz\\u0119du Gminy Tuplice\",\"url\":\"https:\\\/\\\/tuplice.pl\\\/\",\"telephone\":\"+48683625720\",\"logo\":{\"@type\":\"ImageObject\",\"url\":\"https:\\\/\\\/tuplice.pl\\\/wp-content\\\/uploads\\\/2025\\\/07\\\/images.png\",\"@id\":\"https:\\\/\\\/tuplice.pl\\\/index.php\\\/2022\\\/11\\\/07\\\/informacja-w-sprawie-przystapienia-gminy-tuplice-do-zakupu-i-dystrybucji-wegla\\\/#organizationLogo\",\"width\":282,\"height\":179},\"image\":{\"@id\":\"https:\\\/\\\/tuplice.pl\\\/index.php\\\/2022\\\/11\\\/07\\\/informacja-w-sprawie-przystapienia-gminy-tuplice-do-zakupu-i-dystrybucji-wegla\\\/#organizationLogo\"},\"sameAs\":[\"https:\\\/\\\/facebook.com\\\/Tuplicki Biuletyn Informacyjny\",\"https:\\\/\\\/pinterest.com\\\/Tuplicki Biuletyn Informacyjny\",\"https:\\\/\\\/youtube.com\\\/Tuplicki Biuletyn Informacyjny\"]},{\"@type\":\"Person\",\"@id\":\"https:\\\/\\\/tuplice.pl\\\/index.php\\\/author\\\/tuplice\\\/#author\",\"url\":\"https:\\\/\\\/tuplice.pl\\\/index.php\\\/author\\\/tuplice\\\/\",\"name\":\"Jacek Konieczy\\u0144ski\",\"image\":{\"@type\":\"ImageObject\",\"@id\":\"https:\\\/\\\/tuplice.pl\\\/index.php\\\/2022\\\/11\\\/07\\\/informacja-w-sprawie-przystapienia-gminy-tuplice-do-zakupu-i-dystrybucji-wegla\\\/#authorImage\",\"url\":\"https:\\\/\\\/secure.gravatar.com\\\/avatar\\\/8aa224da0ce3c7d7e2a92a582397a6f3?s=96&d=mm&r=g\",\"width\":96,\"height\":96,\"caption\":\"Jacek Konieczy\\u0144ski\"}},{\"@type\":\"WebPage\",\"@id\":\"https:\\\/\\\/tuplice.pl\\\/index.php\\\/2022\\\/11\\\/07\\\/informacja-w-sprawie-przystapienia-gminy-tuplice-do-zakupu-i-dystrybucji-wegla\\\/#webpage\",\"url\":\"https:\\\/\\\/tuplice.pl\\\/index.php\\\/2022\\\/11\\\/07\\\/informacja-w-sprawie-przystapienia-gminy-tuplice-do-zakupu-i-dystrybucji-wegla\\\/\",\"name\":\"Informacja w sprawie przyst\\u0105pienia Gminy Tuplice do zakupu i dystrybucji w\\u0119gla. - Gmina Tuplice\",\"description\":\"W zwi\\u0105zku z podpisaniem przez prezydenta RP ustawy z dnia 27 pa\\u017adziernika 2022 r. reguluj\\u0105cej dystrybucj\\u0119 i sprzeda\\u017c w\\u0119gla przez jednostki samorz\\u0105du terytorialnego, W\\u00f3jt Gminy Tuplice informuje, \\u017ce Gmina przyst\\u0105pi\\u0142a do zakupu w\\u0119gla. Wed\\u0142ug ustawy, w\\u0119giel po preferencyjnych cenach, przys\\u0142uguje osobom, kt\\u00f3re spe\\u0142niaj\\u0105 warunki uprawniaj\\u0105ce do przyznania tzw. dodatku w\\u0119glowego. Warunki zakupu preferencyjnego okre\\u015blone w ustawie przedstawiaj\\u0105 si\\u0119 nast\\u0119puj\\u0105co:\",\"inLanguage\":\"pl-PL\",\"isPartOf\":{\"@id\":\"https:\\\/\\\/tuplice.pl\\\/#website\"},\"breadcrumb\":{\"@id\":\"https:\\\/\\\/tuplice.pl\\\/index.php\\\/2022\\\/11\\\/07\\\/informacja-w-sprawie-przystapienia-gminy-tuplice-do-zakupu-i-dystrybucji-wegla\\\/#breadcrumblist\"},\"author\":{\"@id\":\"https:\\\/\\\/tuplice.pl\\\/index.php\\\/author\\\/tuplice\\\/#author\"},\"creator\":{\"@id\":\"https:\\\/\\\/tuplice.pl\\\/index.php\\\/author\\\/tuplice\\\/#author\"},\"image\":{\"@type\":\"ImageObject\",\"url\":\"https:\\\/\\\/tuplice.pl\\\/wp-content\\\/uploads\\\/2022\\\/11\\\/piec-w\\u0119glowy-w-pacewicz.jpg\",\"@id\":\"https:\\\/\\\/tuplice.pl\\\/index.php\\\/2022\\\/11\\\/07\\\/informacja-w-sprawie-przystapienia-gminy-tuplice-do-zakupu-i-dystrybucji-wegla\\\/#mainImage\",\"width\":680,\"height\":383},\"primaryImageOfPage\":{\"@id\":\"https:\\\/\\\/tuplice.pl\\\/index.php\\\/2022\\\/11\\\/07\\\/informacja-w-sprawie-przystapienia-gminy-tuplice-do-zakupu-i-dystrybucji-wegla\\\/#mainImage\"},\"datePublished\":\"2022-11-07T16:25:33+01:00\",\"dateModified\":\"2022-11-08T10:39:49+01:00\"},{\"@type\":\"WebSite\",\"@id\":\"https:\\\/\\\/tuplice.pl\\\/#website\",\"url\":\"https:\\\/\\\/tuplice.pl\\\/\",\"name\":\"Gmina Tuplice\",\"description\":\"Strona Gminy Tuplice\",\"inLanguage\":\"pl-PL\",\"publisher\":{\"@id\":\"https:\\\/\\\/tuplice.pl\\\/#organization\"}}]}\n\t\t<\/script>\n\t\t<!-- All in One SEO -->\n\n","aioseo_head_json":{"title":"Informacja w sprawie przyst\u0105pienia Gminy Tuplice do zakupu i dystrybucji w\u0119gla. - Gmina Tuplice","description":"W zwi\u0105zku z podpisaniem przez prezydenta RP ustawy z dnia 27 pa\u017adziernika 2022 r. reguluj\u0105cej dystrybucj\u0119 i sprzeda\u017c w\u0119gla przez jednostki samorz\u0105du terytorialnego, W\u00f3jt Gminy Tuplice informuje, \u017ce Gmina przyst\u0105pi\u0142a do zakupu w\u0119gla. Wed\u0142ug ustawy, w\u0119giel po preferencyjnych cenach, przys\u0142uguje osobom, kt\u00f3re spe\u0142niaj\u0105 warunki uprawniaj\u0105ce do przyznania tzw. dodatku w\u0119glowego. Warunki zakupu preferencyjnego okre\u015blone w ustawie przedstawiaj\u0105 si\u0119 nast\u0119puj\u0105co:","canonical_url":"https:\/\/tuplice.pl\/index.php\/2022\/11\/07\/informacja-w-sprawie-przystapienia-gminy-tuplice-do-zakupu-i-dystrybucji-wegla\/","robots":"max-image-preview:large","keywords":"","webmasterTools":{"miscellaneous":""},"schema":{"@context":"https:\/\/schema.org","@graph":[{"@type":"BlogPosting","@id":"https:\/\/tuplice.pl\/index.php\/2022\/11\/07\/informacja-w-sprawie-przystapienia-gminy-tuplice-do-zakupu-i-dystrybucji-wegla\/#blogposting","name":"Informacja w sprawie przyst\u0105pienia Gminy Tuplice do zakupu i dystrybucji w\u0119gla. - Gmina Tuplice","headline":"Informacja w sprawie przyst\u0105pienia Gminy Tuplice do zakupu i dystrybucji w\u0119gla.","author":{"@id":"https:\/\/tuplice.pl\/index.php\/author\/tuplice\/#author"},"publisher":{"@id":"https:\/\/tuplice.pl\/#organization"},"image":{"@type":"ImageObject","url":"https:\/\/tuplice.pl\/wp-content\/uploads\/2022\/11\/piec-w\u0119glowy-w-pacewicz.jpg","width":680,"height":383},"datePublished":"2022-11-07T16:25:33+01:00","dateModified":"2022-11-08T10:39:49+01:00","inLanguage":"pl-PL","mainEntityOfPage":{"@id":"https:\/\/tuplice.pl\/index.php\/2022\/11\/07\/informacja-w-sprawie-przystapienia-gminy-tuplice-do-zakupu-i-dystrybucji-wegla\/#webpage"},"isPartOf":{"@id":"https:\/\/tuplice.pl\/index.php\/2022\/11\/07\/informacja-w-sprawie-przystapienia-gminy-tuplice-do-zakupu-i-dystrybucji-wegla\/#webpage"},"articleSection":"Aktualno\u015bci"},{"@type":"BreadcrumbList","@id":"https:\/\/tuplice.pl\/index.php\/2022\/11\/07\/informacja-w-sprawie-przystapienia-gminy-tuplice-do-zakupu-i-dystrybucji-wegla\/#breadcrumblist","itemListElement":[{"@type":"ListItem","@id":"https:\/\/tuplice.pl#listItem","position":1,"name":"Home","item":"https:\/\/tuplice.pl","nextItem":{"@type":"ListItem","@id":"https:\/\/tuplice.pl\/index.php\/category\/aktualnosci\/#listItem","name":"Aktualno\u015bci"}},{"@type":"ListItem","@id":"https:\/\/tuplice.pl\/index.php\/category\/aktualnosci\/#listItem","position":2,"name":"Aktualno\u015bci","item":"https:\/\/tuplice.pl\/index.php\/category\/aktualnosci\/","nextItem":{"@type":"ListItem","@id":"https:\/\/tuplice.pl\/index.php\/2022\/11\/07\/informacja-w-sprawie-przystapienia-gminy-tuplice-do-zakupu-i-dystrybucji-wegla\/#listItem","name":"Informacja w sprawie przyst\u0105pienia Gminy Tuplice do zakupu i dystrybucji w\u0119gla."},"previousItem":{"@type":"ListItem","@id":"https:\/\/tuplice.pl#listItem","name":"Home"}},{"@type":"ListItem","@id":"https:\/\/tuplice.pl\/index.php\/2022\/11\/07\/informacja-w-sprawie-przystapienia-gminy-tuplice-do-zakupu-i-dystrybucji-wegla\/#listItem","position":3,"name":"Informacja w sprawie przyst\u0105pienia Gminy Tuplice do zakupu i dystrybucji w\u0119gla.","previousItem":{"@type":"ListItem","@id":"https:\/\/tuplice.pl\/index.php\/category\/aktualnosci\/#listItem","name":"Aktualno\u015bci"}}]},{"@type":"Organization","@id":"https:\/\/tuplice.pl\/#organization","name":"Gmina Tuplice Gmina Tuplice","description":"Strona Gminy Tuplice Strona Urz\u0119du Gminy Tuplice","url":"https:\/\/tuplice.pl\/","telephone":"+48683625720","logo":{"@type":"ImageObject","url":"https:\/\/tuplice.pl\/wp-content\/uploads\/2025\/07\/images.png","@id":"https:\/\/tuplice.pl\/index.php\/2022\/11\/07\/informacja-w-sprawie-przystapienia-gminy-tuplice-do-zakupu-i-dystrybucji-wegla\/#organizationLogo","width":282,"height":179},"image":{"@id":"https:\/\/tuplice.pl\/index.php\/2022\/11\/07\/informacja-w-sprawie-przystapienia-gminy-tuplice-do-zakupu-i-dystrybucji-wegla\/#organizationLogo"},"sameAs":["https:\/\/facebook.com\/Tuplicki Biuletyn Informacyjny","https:\/\/pinterest.com\/Tuplicki Biuletyn Informacyjny","https:\/\/youtube.com\/Tuplicki Biuletyn Informacyjny"]},{"@type":"Person","@id":"https:\/\/tuplice.pl\/index.php\/author\/tuplice\/#author","url":"https:\/\/tuplice.pl\/index.php\/author\/tuplice\/","name":"Jacek Konieczy\u0144ski","image":{"@type":"ImageObject","@id":"https:\/\/tuplice.pl\/index.php\/2022\/11\/07\/informacja-w-sprawie-przystapienia-gminy-tuplice-do-zakupu-i-dystrybucji-wegla\/#authorImage","url":"https:\/\/secure.gravatar.com\/avatar\/8aa224da0ce3c7d7e2a92a582397a6f3?s=96&d=mm&r=g","width":96,"height":96,"caption":"Jacek Konieczy\u0144ski"}},{"@type":"WebPage","@id":"https:\/\/tuplice.pl\/index.php\/2022\/11\/07\/informacja-w-sprawie-przystapienia-gminy-tuplice-do-zakupu-i-dystrybucji-wegla\/#webpage","url":"https:\/\/tuplice.pl\/index.php\/2022\/11\/07\/informacja-w-sprawie-przystapienia-gminy-tuplice-do-zakupu-i-dystrybucji-wegla\/","name":"Informacja w sprawie przyst\u0105pienia Gminy Tuplice do zakupu i dystrybucji w\u0119gla. - Gmina Tuplice","description":"W zwi\u0105zku z podpisaniem przez prezydenta RP ustawy z dnia 27 pa\u017adziernika 2022 r. reguluj\u0105cej dystrybucj\u0119 i sprzeda\u017c w\u0119gla przez jednostki samorz\u0105du terytorialnego, W\u00f3jt Gminy Tuplice informuje, \u017ce Gmina przyst\u0105pi\u0142a do zakupu w\u0119gla. Wed\u0142ug ustawy, w\u0119giel po preferencyjnych cenach, przys\u0142uguje osobom, kt\u00f3re spe\u0142niaj\u0105 warunki uprawniaj\u0105ce do przyznania tzw. dodatku w\u0119glowego. Warunki zakupu preferencyjnego okre\u015blone w ustawie przedstawiaj\u0105 si\u0119 nast\u0119puj\u0105co:","inLanguage":"pl-PL","isPartOf":{"@id":"https:\/\/tuplice.pl\/#website"},"breadcrumb":{"@id":"https:\/\/tuplice.pl\/index.php\/2022\/11\/07\/informacja-w-sprawie-przystapienia-gminy-tuplice-do-zakupu-i-dystrybucji-wegla\/#breadcrumblist"},"author":{"@id":"https:\/\/tuplice.pl\/index.php\/author\/tuplice\/#author"},"creator":{"@id":"https:\/\/tuplice.pl\/index.php\/author\/tuplice\/#author"},"image":{"@type":"ImageObject","url":"https:\/\/tuplice.pl\/wp-content\/uploads\/2022\/11\/piec-w\u0119glowy-w-pacewicz.jpg","@id":"https:\/\/tuplice.pl\/index.php\/2022\/11\/07\/informacja-w-sprawie-przystapienia-gminy-tuplice-do-zakupu-i-dystrybucji-wegla\/#mainImage","width":680,"height":383},"primaryImageOfPage":{"@id":"https:\/\/tuplice.pl\/index.php\/2022\/11\/07\/informacja-w-sprawie-przystapienia-gminy-tuplice-do-zakupu-i-dystrybucji-wegla\/#mainImage"},"datePublished":"2022-11-07T16:25:33+01:00","dateModified":"2022-11-08T10:39:49+01:00"},{"@type":"WebSite","@id":"https:\/\/tuplice.pl\/#website","url":"https:\/\/tuplice.pl\/","name":"Gmina Tuplice","description":"Strona Gminy Tuplice","inLanguage":"pl-PL","publisher":{"@id":"https:\/\/tuplice.pl\/#organization"}}]},"og:locale":"pl_PL","og:site_name":"Gmina Tuplice - Strona Gminy Tuplice","og:type":"article","og:title":"Informacja w sprawie przyst\u0105pienia Gminy Tuplice do zakupu i dystrybucji w\u0119gla. - Gmina Tuplice","og:description":"W zwi\u0105zku z podpisaniem przez prezydenta RP ustawy z dnia 27 pa\u017adziernika 2022 r. reguluj\u0105cej dystrybucj\u0119 i sprzeda\u017c w\u0119gla przez jednostki samorz\u0105du terytorialnego, W\u00f3jt Gminy Tuplice informuje, \u017ce Gmina przyst\u0105pi\u0142a do zakupu w\u0119gla. Wed\u0142ug ustawy, w\u0119giel po preferencyjnych cenach, przys\u0142uguje osobom, kt\u00f3re spe\u0142niaj\u0105 warunki uprawniaj\u0105ce do przyznania tzw. dodatku w\u0119glowego. Warunki zakupu preferencyjnego okre\u015blone w ustawie przedstawiaj\u0105 si\u0119 nast\u0119puj\u0105co:","og:url":"https:\/\/tuplice.pl\/index.php\/2022\/11\/07\/informacja-w-sprawie-przystapienia-gminy-tuplice-do-zakupu-i-dystrybucji-wegla\/","article:published_time":"2022-11-07T15:25:33+00:00","article:modified_time":"2022-11-08T09:39:49+00:00","article:publisher":"https:\/\/facebook.com\/Tuplicki Biuletyn Informacyjny","twitter:card":"summary_large_image","twitter:title":"Informacja w sprawie przyst\u0105pienia Gminy Tuplice do zakupu i dystrybucji w\u0119gla. - Gmina Tuplice","twitter:description":"W zwi\u0105zku z podpisaniem przez prezydenta RP ustawy z dnia 27 pa\u017adziernika 2022 r. reguluj\u0105cej dystrybucj\u0119 i sprzeda\u017c w\u0119gla przez jednostki samorz\u0105du terytorialnego, W\u00f3jt Gminy Tuplice informuje, \u017ce Gmina przyst\u0105pi\u0142a do zakupu w\u0119gla. Wed\u0142ug ustawy, w\u0119giel po preferencyjnych cenach, przys\u0142uguje osobom, kt\u00f3re spe\u0142niaj\u0105 warunki uprawniaj\u0105ce do przyznania tzw. dodatku w\u0119glowego. Warunki zakupu preferencyjnego okre\u015blone w ustawie przedstawiaj\u0105 si\u0119 nast\u0119puj\u0105co:"},"aioseo_meta_data":{"post_id":"4594","title":null,"description":null,"keywords":null,"keyphrases":null,"primary_term":null,"canonical_url":null,"og_title":null,"og_description":null,"og_object_type":"default","og_image_type":"default","og_image_url":null,"og_image_width":null,"og_image_height":null,"og_image_custom_url":null,"og_image_custom_fields":null,"og_video":null,"og_custom_url":null,"og_article_section":null,"og_article_tags":null,"twitter_use_og":false,"twitter_card":"default","twitter_image_type":"default","twitter_image_url":null,"twitter_image_custom_url":null,"twitter_image_custom_fields":null,"twitter_title":null,"twitter_description":null,"schema":{"blockGraphs":[],"customGraphs":[],"default":{"data":{"Article":[],"Course":[],"Dataset":[],"FAQPage":[],"Movie":[],"Person":[],"Product":[],"ProductReview":[],"Car":[],"Recipe":[],"Service":[],"SoftwareApplication":[],"WebPage":[]},"graphName":"","isEnabled":true},"graphs":[]},"schema_type":"default","schema_type_options":null,"pillar_content":false,"robots_default":true,"robots_noindex":false,"robots_noarchive":false,"robots_nosnippet":false,"robots_nofollow":false,"robots_noimageindex":false,"robots_noodp":false,"robots_notranslate":false,"robots_max_snippet":null,"robots_max_videopreview":null,"robots_max_imagepreview":"large","priority":null,"frequency":null,"local_seo":null,"breadcrumb_settings":null,"limit_modified_date":false,"ai":null,"created":"2025-07-22 23:54:55","updated":"2025-07-22 23:54:55","seo_analyzer_scan_date":null},"aioseo_breadcrumb":"<div class=\"aioseo-breadcrumbs\"><span class=\"aioseo-breadcrumb\">\n\t\t\t<a href=\"https:\/\/tuplice.pl\" title=\"Home\">Home<\/a>\n\t\t<\/span><span class=\"aioseo-breadcrumb-separator\">&raquo;<\/span><span class=\"aioseo-breadcrumb\">\n\t\t\t<a href=\"https:\/\/tuplice.pl\/index.php\/category\/aktualnosci\/\" title=\"Aktualno\u015bci\">Aktualno\u015bci<\/a>\n\t\t<\/span><span class=\"aioseo-breadcrumb-separator\">&raquo;<\/span><span class=\"aioseo-breadcrumb\">\n\t\t\tInformacja w sprawie przyst\u0105pienia Gminy Tuplice do zakupu i dystrybucji w\u0119gla.\n\t\t<\/span><\/div>","aioseo_breadcrumb_json":[{"label":"Home","link":"https:\/\/tuplice.pl"},{"label":"Aktualno\u015bci","link":"https:\/\/tuplice.pl\/index.php\/category\/aktualnosci\/"},{"label":"Informacja w sprawie przyst\u0105pienia Gminy Tuplice do zakupu i dystrybucji w\u0119gla.","link":"https:\/\/tuplice.pl\/index.php\/2022\/11\/07\/informacja-w-sprawie-przystapienia-gminy-tuplice-do-zakupu-i-dystrybucji-wegla\/"}],"a3_pvc":{"activated":false,"total_views":0,"today_views":0},"_links":{"self":[{"href":"https:\/\/tuplice.pl\/index.php\/wp-json\/wp\/v2\/posts\/4594"}],"collection":[{"href":"https:\/\/tuplice.pl\/index.php\/wp-json\/wp\/v2\/posts"}],"about":[{"href":"https:\/\/tuplice.pl\/index.php\/wp-json\/wp\/v2\/types\/post"}],"author":[{"embeddable":true,"href":"https:\/\/tuplice.pl\/index.php\/wp-json\/wp\/v2\/users\/3"}],"replies":[{"embeddable":true,"href":"https:\/\/tuplice.pl\/index.php\/wp-json\/wp\/v2\/comments?post=4594"}],"version-history":[{"count":2,"href":"https:\/\/tuplice.pl\/index.php\/wp-json\/wp\/v2\/posts\/4594\/revisions"}],"predecessor-version":[{"id":4597,"href":"https:\/\/tuplice.pl\/index.php\/wp-json\/wp\/v2\/posts\/4594\/revisions\/4597"}],"wp:featuredmedia":[{"embeddable":true,"href":"https:\/\/tuplice.pl\/index.php\/wp-json\/wp\/v2\/media\/4595"}],"wp:attachment":[{"href":"https:\/\/tuplice.pl\/index.php\/wp-json\/wp\/v2\/media?parent=4594"}],"wp:term":[{"taxonomy":"category","embeddable":true,"href":"https:\/\/tuplice.pl\/index.php\/wp-json\/wp\/v2\/categories?post=4594"},{"taxonomy":"post_tag","embeddable":true,"href":"https:\/\/tuplice.pl\/index.php\/wp-json\/wp\/v2\/tags?post=4594"}],"curies":[{"name":"wp","href":"https:\/\/api.w.org\/{rel}","templated":true}]}}